{"id":13293,"date":"2021-04-11T18:14:32","date_gmt":"2021-04-11T23:14:32","guid":{"rendered":"https:\/\/contadoreshoy.com\/?p=13293"},"modified":"2021-04-11T18:26:09","modified_gmt":"2021-04-11T23:26:09","slug":"decreto-376-abril-9-de-2021-pago-cotizacion-pension-meses-abril-y-mayo-de-2020","status":"publish","type":"post","link":"https:\/\/contadoreshoy.com\/?p=13293","title":{"rendered":"Decreto 376 abril 9 de 2021 Pago cotizaci\u00f3n pensi\u00f3n meses abril y mayo de 2020"},"content":{"rendered":"\n<p><img loading=\"lazy\" decoding=\"async\" class=\"aligncenter wp-image-13299 size-large\" src=\"https:\/\/contadoreshoy.com\/wp-content\/uploads\/2021\/04\/JUEZ-1240x683.png\" alt=\"\" width=\"1240\" height=\"683\" srcset=\"https:\/\/contadoreshoy.com\/wp-content\/uploads\/2021\/04\/JUEZ-1240x683.png 1240w, https:\/\/contadoreshoy.com\/wp-content\/uploads\/2021\/04\/JUEZ-600x331.png 600w, https:\/\/contadoreshoy.com\/wp-content\/uploads\/2021\/04\/JUEZ-768x423.png 768w, https:\/\/contadoreshoy.com\/wp-content\/uploads\/2021\/04\/JUEZ-1536x846.png 1536w, https:\/\/contadoreshoy.com\/wp-content\/uploads\/2021\/04\/JUEZ.png 2000w\" sizes=\"auto, (max-width: 1240px) 100vw, 1240px\" \/><\/p>\n<p style=\"text-align: center;\"><span style=\"color: #000000;\"><strong>MINISTERIO DEL TRABAJO<\/strong><\/span><\/p>\n<p style=\"text-align: center;\"><span style=\"color: #000000;\"><strong><a style=\"color: #000000;\" href=\"https:\/\/contadoreshoy.com\/wp-content\/uploads\/2021\/04\/DECRETO-376-DEL-9-DE-ABRIL-DE-2021-PAGO-APORTES-PENSION-ABRIL-MAY-2020.pdf\" target=\"_blank\" rel=\"noopener\">DECRETO 376<\/a><\/strong><\/span><\/p>\n<p style=\"text-align: center;\"><span style=\"color: #000000;\"><strong>9 ABRIL 2021<\/strong><\/span><\/p>\n<p style=\"text-align: center;\"><span style=\"color: #000000;\"><strong>Por el cual se adiciona el Cap\u00edtulo 5 al T\u00edtulo 3 de la Parte 2 del Libro 2 del Decreto 1833 de 2016, a efectos de implementar medidas para realizar el pago de las cotizaciones al Sistema General de Pensiones por los periodos correspondientes a abril y mayo de 2020, de los que fueron exonerados los empleadores y trabajadores independientes a trav\u00e9s del Decreto Legislativo 558 de 2020 y en cumplimiento de lo ordenado en la Sentencia C-258 de 2020 de la Honorable Corte Constitucional.<\/strong><\/span><\/p>\n<p style=\"text-align: center;\"><span style=\"color: #000000;\"><strong>EL PRESIDENTE DE LA REP\u00daBLICA DE COLOMBIA<\/strong><\/span><\/p>\n<p style=\"text-align: center;\"><span style=\"color: #000000;\"><strong>DECRETA<\/strong><\/span><\/p>\n<p style=\"text-align: justify;\"><span style=\"color: #000000;\"><strong>Art\u00edculo 1. Adici\u00f3nese el Cap\u00edtulo 5 al T\u00edtulo 3 de la Parte 2 del Libro 2 del Decreto 1833 de 2016. por el cual se compilan las normas del Sistema General de Pensiones, con el siguiente texto:<\/strong><\/span><\/p>\n<p style=\"text-align: center;\"><span style=\"color: #000000;\"><strong>\u00abCAPITULO 5<\/strong><\/span><\/p>\n<p style=\"text-align: center;\"><span style=\"color: #000000;\"><strong>COTIZACIONES PARCIALES DE LOS MESES DE ABRIL Y MAYO DE 2020<\/strong><\/span><\/p>\n<p style=\"text-align: justify;\"><span style=\"color: #000000;\"><strong>Art\u00edculo 2.2.3.5.1. Objeto. El presente Cap\u00edtulo tiene como objeto adoptar e implementar los mecanismos que sean necesarios para que, en un plazo no superior a 36 meses, contado a partir del 1 de junio de 2021, los empleadores del sector p\u00fablico y privado y los trabajadores dependientes e independientes aporten los montos faltantes de las cotizaciones al Sistema General de Pensiones correspondientes a los per\u00edodos de abril y mayo de 2020, cuyos pagos se hicieron parcialmente en virtud de lo dispuesto en el art\u00edculo 3 del Decreto Legislativo 5.58 de 2020, declarado inexequible por la Corte Constitucional.<\/strong><\/span><\/p>\n<p style=\"text-align: justify;\"><span style=\"color: #000000;\"><strong>Art\u00edculo 2.2.3.5.2. Pago faltante del aporte al Sistema General de Pensiones para los periodos de abril y mayo de 2020. Los empleadores del sector p\u00fablico y privado, y los trabajadores dependientes e independientes que hayan hecho uso del mecanismo contemplado en el Cap\u00edtulo I del Decreto Legislativo 558 de 2020, y por ello s\u00f3lo hayan aportado el 3% de la cotizaci\u00f3n al Sistema General de Pensiones correspondiente a la comisi\u00f3n de administraci\u00f3n y a la cobertura de aseguramiento de invalidez y sobrevivencia, contar\u00e1n con 36 meses contados a partir del 1 de junio de 2021 para efectuar el aporte de la cotizaci\u00f3n faltante, sin que haya lugar a la causaci\u00f3n de intereses de mora dentro de dicho plazo, tal como lo establece la sentencia C-258 de 2020, proferida por la Corte Constitucional.<\/strong><\/span><\/p>\n<p style=\"text-align: justify;\"><span style=\"color: #000000;\"><strong>Par\u00e1grafo 1. La cotizaci\u00f3n de que trata el presente art\u00edculo, deber\u00e1 efectuarse de la siguiente manera: i) El 75% por el empleador, exclusivamente, y el 25% restante por el trabajador; sin perjuicio de lo anterior, el empleador o el trabajador podr\u00e1n efectuar la totalidad de pago de la cotizaci\u00f3n faltante y posteriormente efectuar el cobro al empleador o al trabajador seg\u00fan corresponda.<\/strong><\/span><\/p>\n<p style=\"text-align: justify;\"><span style=\"color: #000000;\"><strong>Para el caso de los trabajadores independientes, estos pagar\u00e1n el 100% del aporte de la cotizaci\u00f3n al Sistema General de Pensiones faltante.<\/strong><\/span><\/p>\n<p style=\"text-align: justify;\"><span style=\"color: #000000;\"><strong>Par\u00e1grafo 2. A partir de la publicaci\u00f3n del presente decreto, los empleadores estar\u00e1n facultados para descontar del salario y\/o la liquidaci\u00f3n de prestaciones sociales de los trabajadores, el valor correspondiente al 25% de cotizaci\u00f3n en pensiones de la que trata este art\u00edculo. En todo caso los empleadores no deber\u00e1n solicitar autorizaci\u00f3n del trabajador para descontar el porcentaje a cargo del trabajador, y deber\u00e1n informarle de tal descuento de su salario y\/o liquidaci\u00f3n de prestaciones sociales.<\/strong><\/span><\/p>\n<p style=\"text-align: justify;\"><span style=\"color: #000000;\"><strong>Par\u00e1grafo 3. El pago total de los aportes faltantes a las cotizaciones de los meses de abril y mayo de 2020 podr\u00e1 hacerse en diferentes meses, sin que en ning\u00fan caso se supere el plazo de 36 meses establecido en el presente art\u00edculo. En todo caso no se aceptar\u00e1n pagos parciales para ninguno de los dos periodos.<\/strong><\/span><\/p>\n<p style=\"text-align: justify;\"><span style=\"color: #000000;\"><strong>Art\u00edculo 2.2.3.5.3. Pago faltante del aporte al Sistema General de Pensiones en Casos Especiales. Si la empresa empleadora llegare a entrar en liquidaci\u00f3n o el empleador se declarase en cesaci\u00f3n de pagos, deber\u00e1n realizar prioritariamente en favor de sus trabajadores, el pago de la cotizaci\u00f3n faltante al Sistema General de Pensiones, en los t\u00e9rminos del art\u00edculo 2.2.3.5. del presente decreto.<\/strong><\/span><\/p>\n<p style=\"text-align: justify;\"><span style=\"color: #000000;\"><strong>En el evento en que un trabajador se retire o sea retirado de su cargo, la entidad empleadora deber\u00e1 retener de los salarios o emolumentos pendientes de pago, el valor del aporte correspondiente al 25% a cargo del trabajador con el fin de efectuar la cotizaci\u00f3n faltante al Sistema General de Pensiones, en los t\u00e9rminos del articulo 2.2.3.5.2 del presente decreto.<\/strong><\/span><\/p>\n<p style=\"text-align: justify;\"><span style=\"color: #000000;\"><strong>Si el trabajador dependiente se retir\u00f3 de la empresa, fue despedido o la empresa fue liquidada y por tal raz\u00f3n s\u00f3lo se efectu\u00f3 el pago de la cotizaci\u00f3n a cargo del empleador, las Administradoras de Pensiones deber\u00e1n acreditar en la historia laboral del afiliado, las semanas correspondientes a175% de la cotizaci\u00f3n realizada.<\/strong><\/span><\/p>\n<p style=\"text-align: justify;\"><span style=\"color: #000000;\"><strong>En todo caso el trabajador podr\u00e1 en cualquier momento efectuar el pago del porcentaje faltante, es decir el 25% de la cotizaci\u00f3n faltante al Sistema General de Pensiones, para lo cual, en caso de efectuar dicho pago despu\u00e9s de transcurrido el plazo de 36 meses establecido en el presente decreto aplicar\u00e1 la causaci\u00f3n de los intereses de mora contenida en el art\u00edculo 2.2.3.5.5 del presente decreto.<\/strong><\/span><br><span style=\"color: #000000;\"><strong>El trabajador tambi\u00e9n podr\u00e1 pagar la totalidad del aporte faltante, caso en el cual podr\u00e1 repetir contra el empleador directamente o hacerse acreedor en el proceso liquidatario, si a \u00e9l hubiere lugar.<\/strong><\/span><\/p>\n<p style=\"text-align: justify;\"><span style=\"color: #000000;\"><strong>Par\u00e1grafo. Una vez recibido el pago de la cotizaci\u00f3n faltante al Sistema General de Pensiones, las Administradoras de Pensiones deber\u00e1n trasladar el porcentaje que corresponda al Fondo de Solidaridad Pensional y al Fondo de Garant\u00eda de Pensi\u00f3n M\u00ednima, si a ello hubiere lugar.<\/strong><\/span><\/p>\n<p style=\"text-align: justify;\"><span style=\"color: #000000;\"><strong>Art\u00edculo 2.2.3.5.4. Ingreso Base de Cotizaci\u00f3n. El ingreso base para efectuar la cotizaci\u00f3n faltante de que trata el art\u00edculo anterior deber\u00e1 corresponder con el reportado para efectuar el pago al Sistema General de Seguridad Social en Pensiones para los periodos de abril y mayo de 2020.<\/strong><\/span><\/p>\n<p style=\"text-align: justify;\"><span style=\"color: #000000;\"><strong>Par\u00e1grafo. El Ingreso Base de Cotizaci\u00f3n no podr\u00e1 ser inferior a 1 Salario M\u00ednimo Legal Mensual Vigente ni superior a 25 Salarios M\u00ednimos Legales Mensuales Vigentes.<\/strong><\/span><\/p>\n<p style=\"text-align: justify;\"><span style=\"color: #000000;\"><strong>Art\u00edculo 2.2.3.5.5. Intereses de mora. El pago de los aportes faltantes a la cotizaci\u00f3n al Sistema General de Pensiones que no se haya efectuado antes del 1 de junio de 2024, generar\u00e1 un inter\u00e9s moratorio de que trata el art\u00edculo 23 de la Ley 100 de 1993, a partir de esa fecha.<\/strong><\/span><\/p>\n<p style=\"text-align: justify;\"><span style=\"color: #000000;\"><strong>Art\u00edculo 2.2.3.5.6. Actualizaci\u00f3n de la historia laboral. La historia laboral deber\u00e1 reflejar en cualquier caso, el 3% de cotizaci\u00f3n previamente aportado en cumplimiento del Decreto Legislativo 558 de 2020 para la cobertura de aseguramiento de invalidez y sobrevivencia.<\/strong><\/span><\/p>\n<p style=\"text-align: justify;\"><span style=\"color: #000000;\"><strong>Para efectos de una prestaci\u00f3n de vejez,. la historia laboral ser\u00e1 actualizada una vez los aportantes paguen la totalidad del valor faltante de la cotizaci\u00f3n al Sistema General de Pensiones.<\/strong><\/span><\/p>\n<p style=\"text-align: justify;\"><span style=\"color: #000000;\"><strong>Una vez efectuado el pago de que trata este Cap\u00edtulo, la administradora de pensiones correspondiente deber\u00e1 actualizar el recaudo y la historia laboral del afiliado.<\/strong><\/span><\/p>\n<p style=\"text-align: justify;\"><span style=\"color: #000000;\"><strong>Art\u00edculo 2.2.3.5.7. Garant\u00eda de pensi\u00f3n. Los afiliados a quienes se les haya reconocido una prestaci\u00f3n econ\u00f3mica del Sistema General de Pensiones en las condiciones establecidas en el Cap\u00edtulo I del Decreto Legislativo 558 de 2020, tendr\u00e1n derecho a continuar disfrutando de dicha prestaci\u00f3n.<\/strong><\/span><\/p>\n<p style=\"text-align: justify;\"><span style=\"color: #000000;\"><strong>Los afiliados a quienes se les haya efectuado el tres por ciento (3%) de la cotizaci\u00f3n tendr\u00e1n derecho a que las Administradoras del Sistema General de Pensiones contabilicen a su favor, las semanas correspondientes a los meses de abril y mayo de 2020, para acreditar el cumplimiento del requisito de semanas con el fin de acceder a las prestaciones de invalidez y sobrevivencia en Colpensiones y la cobertura del seguro previsional en el R\u00e9gimen de Ahorro Individual, en cualquier momento.<\/strong><\/span><\/p>\n<p style=\"text-align: justify;\"><span style=\"color: #000000;\"><strong>Para el caso de las solicitudes de prestaciones econ\u00f3micas relacionadas con el riesgo de vejez que se hayan presentado ante las administradoras de pensiones en cumplimento de lo establecido en el Cap\u00edtulo I del Decreto Legislativo 558 de 2020, que no hayan sido resueltas, no se podr\u00e1n contabilizar las ocho (8) semanas de cotizaci\u00f3n de los periodos correspondientes a abril y mayo de 2020, hasta tanto se efectu\u00e9 el pago faltante del aporte.<\/strong><\/span><\/p>\n<p style=\"text-align: justify;\"><span style=\"color: #000000;\"><strong>Art\u00edculo 2.2.3.5.8. Efectos tributarios. Los empleadores del sector privado y los trabajadores dependientes e independientes que hicieron uso del pago parcial a la cotizaci\u00f3n al Sistema General de Pensiones dispuesto por el Decreto Legislativo 558 de 2020, podr\u00e1n deducir en el impuesto sobre la renta y complementarios del a\u00f1o gravable 2020 los salarios, prestaciones sociales, aportes a seguridad social y aportes parafiscales que hayan sido efectivamente pagados.<\/strong><\/span><\/p>\n<p style=\"text-align: justify;\"><span style=\"color: #000000;\"><strong>As\u00ed mismo, una vez se haga el pago faltante de que trata este cap\u00edtulo, el valor pagado podr\u00e1 ser deducido del impuesto sobre la renta y complementarios del a\u00f1o gravable en que se efect\u00fae dicho pago.<\/strong><\/span><\/p>\n<p style=\"text-align: justify;\"><span style=\"color: #000000;\"><strong>Lo anterior, sin perjuicio de que se cumplan los dem\u00e1s requisitos exigidos por la normativa en materia tributaria para la procedencia de dichos pagos.<\/strong><\/span><\/p>\n<p style=\"text-align: justify;\"><span style=\"color: #000000;\"><strong>Art\u00edculo 2.2.3.5.9. Ajustes en la Planilla Integrada de Liquidaci\u00f3n de Aportes PILA. El Ministerio de Salud y Protecci\u00f3n Social realizar\u00e1 las modificaciones temporales que correspondan a la Planilla Integrada de Liquidaci\u00f3n de Aportes PILA, antes del primero de junio junio de 2021, para dar cumplimiento a lo establecido en el presente Decreto.<\/strong><\/span><\/p>\n<p style=\"text-align: justify;\"><span style=\"color: #000000;\"><strong>La reglamentaci\u00f3n que deber\u00e1 expedir el Ministerio de Salud y Protecci\u00f3n Social, conforme a lo se\u00f1alado en el inciso anterior, deber\u00e1 contener, los controles necesarios para el cumplimiento de lo dispuesto en este cap\u00edtulo, en especial los relacionados con los art\u00edculos 2.2.3.5.2.,2.2.3.5.3,2.2.3.5.4,2.2.3.5.5 del presente Decreto.<\/strong><\/span><\/p>\n<p style=\"text-align: justify;\"><span style=\"color: #000000;\"><strong>Art\u00edculo 2.2.3.5.10. Obligaci\u00f3n especial de los empleadores. El plazo para que los empleadores efect\u00faen el pago de la cotizaci\u00f3n faltante de aquellos trabajadores que est\u00e9n a menos de tres a\u00f1os para cumplir la edad de pensi\u00f3n, no deber\u00e1 exceder de dicha fecha, con el fin de no afectar los derechos de sus trabajadores.<\/strong><\/span><\/p>\n<p style=\"text-align: justify;\"><span style=\"color: #000000;\"><strong>En todo caso, las semanas no podr\u00e1n ser tenidas en cuenta para las prestaciones de vejez, a menos que efectivamente se haya efectuado el aporte faltante.\u00bb<\/strong><\/span><\/p>\n<p style=\"text-align: justify;\"><span style=\"color: #000000;\"><strong>Art\u00edculo 2. Vigencia. El presente Decreto rige a partir de la fecha de su publicaci\u00f3n.<\/strong><\/span><\/p>\n<p style=\"text-align: justify;\"><span style=\"color: #000000;\"><strong>PUBL\u00cdQUESE y C\u00daMPLASE<\/strong><\/span><\/p>\n<p style=\"text-align: justify;\"><span style=\"color: #000000;\"><strong>ABRIL 9 DE 2021<\/strong><\/span><\/p>\n<p style=\"text-align: justify;\"><span style=\"color: #000000;\"><strong><a style=\"color: #000000;\" href=\"https:\/\/contadoreshoy.com\/wp-content\/uploads\/2021\/04\/DECRETO-376-DEL-9-DE-ABRIL-DE-2021-PAGO-APORTES-PENSION-ABRIL-MAY-2020.pdf\" target=\"_blank\" rel=\"noopener\">Para descargar el Decreto 376 de abril 9 de 2021, dar clic en este enlace<\/a><\/strong><\/span><\/p>\n<p>&nbsp;<\/p>\n","protected":false},"excerpt":{"rendered":"","protected":false},"author":1,"featured_media":13299,"comment_status":"open","ping_status":"open","sticky":false,"template":"","format":"standard","meta":{"_monsterinsights_skip_tracking":false,"ngg_post_thumbnail":0,"footnotes":"","_links_to":"","_links_to_target":""},"categories":[454,458,1],"tags":[],"class_list":["post-13293","post","type-post","status-publish","format-standard","has-post-thumbnail","hentry","category-sin-categoria","category-ultimas","category-uncategorized"],"aioseo_notices":[],"aioseo_head":"\n\t\t<!-- All in One SEO 5.0.1.1 - aioseo.com -->\n\t<meta name=\"description\" content=\"MINISTERIO DEL TRABAJO DECRETO 376 9 ABRIL 2021 Por el cual se adiciona el Cap\u00edtulo 5 al T\u00edtulo 3 de la Parte 2 del Libro 2 del Decreto 1833 de 2016, a efectos de implementar medidas para realizar el pago de las cotizaciones al Sistema General de Pensiones por los periodos correspondientes a abril y\" \/>\n\t<meta name=\"robots\" content=\"max-image-preview:large\" \/>\n\t<meta name=\"author\" content=\"Miguel Antonio M\u00e1rquez Monta\u00f1ez\"\/>\n\t<link rel=\"canonical\" href=\"https:\/\/contadoreshoy.com\/?p=13293\" \/>\n\t<meta name=\"generator\" content=\"All in One SEO (AIOSEO) 5.0.1.1\" \/>\n\t\t<meta property=\"og:locale\" content=\"es_ES\" \/>\n\t\t<meta property=\"og:site_name\" content=\"Contadores P\u00fablicos - Portal para Contadores P\u00fablicos y empresarios\" \/>\n\t\t<meta property=\"og:type\" content=\"article\" \/>\n\t\t<meta property=\"og:title\" content=\"Decreto 376 abril 9 de 2021 Pago cotizaci\u00f3n pensi\u00f3n meses abril y mayo de 2020 - Contadores P\u00fablicos\" \/>\n\t\t<meta property=\"og:description\" content=\"MINISTERIO DEL TRABAJO DECRETO 376 9 ABRIL 2021 Por el cual se adiciona el Cap\u00edtulo 5 al T\u00edtulo 3 de la Parte 2 del Libro 2 del Decreto 1833 de 2016, a efectos de implementar medidas para realizar el pago de las cotizaciones al Sistema General de Pensiones por los periodos correspondientes a abril y\" \/>\n\t\t<meta property=\"og:url\" content=\"https:\/\/contadoreshoy.com\/?p=13293\" \/>\n\t\t<meta property=\"og:image\" content=\"https:\/\/contadoreshoy.com\/wp-content\/uploads\/2024\/01\/cropped-cropped-cropped-Copia-de-M.jpg\" \/>\n\t\t<meta property=\"og:image:secure_url\" content=\"https:\/\/contadoreshoy.com\/wp-content\/uploads\/2024\/01\/cropped-cropped-cropped-Copia-de-M.jpg\" \/>\n\t\t<meta property=\"og:image:width\" content=\"512\" \/>\n\t\t<meta property=\"og:image:height\" content=\"371\" \/>\n\t\t<meta property=\"article:published_time\" content=\"2021-04-11T23:14:32+00:00\" \/>\n\t\t<meta property=\"article:modified_time\" content=\"2021-04-11T23:26:09+00:00\" \/>\n\t\t<meta name=\"twitter:card\" content=\"summary_large_image\" \/>\n\t\t<meta name=\"twitter:title\" content=\"Decreto 376 abril 9 de 2021 Pago cotizaci\u00f3n pensi\u00f3n meses abril y mayo de 2020 - Contadores P\u00fablicos\" \/>\n\t\t<meta name=\"twitter:description\" content=\"MINISTERIO DEL TRABAJO DECRETO 376 9 ABRIL 2021 Por el cual se adiciona el Cap\u00edtulo 5 al T\u00edtulo 3 de la Parte 2 del Libro 2 del Decreto 1833 de 2016, a efectos de implementar medidas para realizar el pago de las cotizaciones al Sistema General de Pensiones por los periodos correspondientes a abril y\" \/>\n\t\t<meta name=\"twitter:image\" content=\"https:\/\/contadoreshoy.com\/wp-content\/uploads\/2024\/01\/cropped-cropped-cropped-Copia-de-M.jpg\" \/>\n\t\t<script type=\"application\/ld+json\" class=\"aioseo-schema\">\n\t\t\t{\"@context\":\"https:\\\/\\\/schema.org\",\"@graph\":[{\"@type\":\"BlogPosting\",\"@id\":\"https:\\\/\\\/contadoreshoy.com\\\/?p=13293#blogposting\",\"name\":\"Decreto 376 abril 9 de 2021 Pago cotizaci\\u00f3n pensi\\u00f3n meses abril y mayo de 2020 - Contadores P\\u00fablicos\",\"headline\":\"Decreto 376 abril 9 de 2021 Pago cotizaci\\u00f3n pensi\\u00f3n meses abril y mayo de 2020\",\"author\":{\"@id\":\"https:\\\/\\\/contadoreshoy.com\\\/?author=1#author\"},\"publisher\":{\"@id\":\"https:\\\/\\\/contadoreshoy.com\\\/#organization\"},\"image\":{\"@type\":\"ImageObject\",\"url\":\"https:\\\/\\\/contadoreshoy.com\\\/wp-content\\\/uploads\\\/2021\\\/04\\\/JUEZ.png\",\"width\":2000,\"height\":1102},\"datePublished\":\"2021-04-11T18:14:32-05:00\",\"dateModified\":\"2021-04-11T18:26:09-05:00\",\"inLanguage\":\"es-ES\",\"mainEntityOfPage\":{\"@id\":\"https:\\\/\\\/contadoreshoy.com\\\/?p=13293#webpage\"},\"isPartOf\":{\"@id\":\"https:\\\/\\\/contadoreshoy.com\\\/?p=13293#webpage\"},\"articleSection\":\"Sin categor\\u00eda, Ultimas Noticias, Uncategorized\"},{\"@type\":\"BreadcrumbList\",\"@id\":\"https:\\\/\\\/contadoreshoy.com\\\/?p=13293#breadcrumblist\",\"itemListElement\":[{\"@type\":\"ListItem\",\"@id\":\"https:\\\/\\\/contadoreshoy.com#listItem\",\"position\":1,\"name\":\"Home\",\"item\":\"https:\\\/\\\/contadoreshoy.com\",\"nextItem\":{\"@type\":\"ListItem\",\"@id\":\"https:\\\/\\\/contadoreshoy.com\\\/?cat=1#listItem\",\"name\":\"Uncategorized\"}},{\"@type\":\"ListItem\",\"@id\":\"https:\\\/\\\/contadoreshoy.com\\\/?cat=1#listItem\",\"position\":2,\"name\":\"Uncategorized\",\"item\":\"https:\\\/\\\/contadoreshoy.com\\\/?cat=1\",\"nextItem\":{\"@type\":\"ListItem\",\"@id\":\"https:\\\/\\\/contadoreshoy.com\\\/?p=13293#listItem\",\"name\":\"Decreto 376 abril 9 de 2021 Pago cotizaci\\u00f3n pensi\\u00f3n meses abril y mayo de 2020\"},\"previousItem\":{\"@type\":\"ListItem\",\"@id\":\"https:\\\/\\\/contadoreshoy.com#listItem\",\"name\":\"Home\"}},{\"@type\":\"ListItem\",\"@id\":\"https:\\\/\\\/contadoreshoy.com\\\/?p=13293#listItem\",\"position\":3,\"name\":\"Decreto 376 abril 9 de 2021 Pago cotizaci\\u00f3n pensi\\u00f3n meses abril y mayo de 2020\",\"previousItem\":{\"@type\":\"ListItem\",\"@id\":\"https:\\\/\\\/contadoreshoy.com\\\/?cat=1#listItem\",\"name\":\"Uncategorized\"}}]},{\"@type\":\"Organization\",\"@id\":\"https:\\\/\\\/contadoreshoy.com\\\/#organization\",\"name\":\"Contadores P\\u00fablicos\",\"description\":\"Portal para Contadores P\\u00fablicos y empresarios\",\"url\":\"https:\\\/\\\/contadoreshoy.com\\\/\",\"logo\":{\"@type\":\"ImageObject\",\"url\":\"https:\\\/\\\/contadoreshoy.com\\\/wp-content\\\/uploads\\\/2024\\\/01\\\/cropped-cropped-Copia-de-M-1.jpg\",\"@id\":\"https:\\\/\\\/contadoreshoy.com\\\/?p=13293\\\/#organizationLogo\",\"width\":499,\"height\":500},\"image\":{\"@id\":\"https:\\\/\\\/contadoreshoy.com\\\/?p=13293\\\/#organizationLogo\"}},{\"@type\":\"Person\",\"@id\":\"https:\\\/\\\/contadoreshoy.com\\\/?author=1#author\",\"url\":\"https:\\\/\\\/contadoreshoy.com\\\/?author=1\",\"name\":\"Miguel Antonio M\\u00e1rquez Monta\\u00f1ez\"},{\"@type\":\"WebPage\",\"@id\":\"https:\\\/\\\/contadoreshoy.com\\\/?p=13293#webpage\",\"url\":\"https:\\\/\\\/contadoreshoy.com\\\/?p=13293\",\"name\":\"Decreto 376 abril 9 de 2021 Pago cotizaci\\u00f3n pensi\\u00f3n meses abril y mayo de 2020 - Contadores P\\u00fablicos\",\"description\":\"MINISTERIO DEL TRABAJO DECRETO 376 9 ABRIL 2021 Por el cual se adiciona el Cap\\u00edtulo 5 al T\\u00edtulo 3 de la Parte 2 del Libro 2 del Decreto 1833 de 2016, a efectos de implementar medidas para realizar el pago de las cotizaciones al Sistema General de Pensiones por los periodos correspondientes a abril y\",\"inLanguage\":\"es-ES\",\"isPartOf\":{\"@id\":\"https:\\\/\\\/contadoreshoy.com\\\/#website\"},\"breadcrumb\":{\"@id\":\"https:\\\/\\\/contadoreshoy.com\\\/?p=13293#breadcrumblist\"},\"author\":{\"@id\":\"https:\\\/\\\/contadoreshoy.com\\\/?author=1#author\"},\"creator\":{\"@id\":\"https:\\\/\\\/contadoreshoy.com\\\/?author=1#author\"},\"image\":{\"@type\":\"ImageObject\",\"url\":\"https:\\\/\\\/contadoreshoy.com\\\/wp-content\\\/uploads\\\/2021\\\/04\\\/JUEZ.png\",\"@id\":\"https:\\\/\\\/contadoreshoy.com\\\/?p=13293\\\/#mainImage\",\"width\":2000,\"height\":1102},\"primaryImageOfPage\":{\"@id\":\"https:\\\/\\\/contadoreshoy.com\\\/?p=13293#mainImage\"},\"datePublished\":\"2021-04-11T18:14:32-05:00\",\"dateModified\":\"2021-04-11T18:26:09-05:00\"},{\"@type\":\"WebSite\",\"@id\":\"https:\\\/\\\/contadoreshoy.com\\\/#website\",\"url\":\"https:\\\/\\\/contadoreshoy.com\\\/\",\"name\":\"Contadores P\\u00fablicos\",\"description\":\"Portal para Contadores P\\u00fablicos y empresarios\",\"inLanguage\":\"es-ES\",\"publisher\":{\"@id\":\"https:\\\/\\\/contadoreshoy.com\\\/#organization\"}}]}\n\t\t<\/script>\n\t\t<!-- All in One SEO -->\n\n","aioseo_head_json":{"title":"Decreto 376 abril 9 de 2021 Pago cotizaci\u00f3n pensi\u00f3n meses abril y mayo de 2020 - Contadores P\u00fablicos","description":"MINISTERIO DEL TRABAJO DECRETO 376 9 ABRIL 2021 Por el cual se adiciona el Cap\u00edtulo 5 al T\u00edtulo 3 de la Parte 2 del Libro 2 del Decreto 1833 de 2016, a efectos de implementar medidas para realizar el pago de las cotizaciones al Sistema General de Pensiones por los periodos correspondientes a abril y","canonical_url":"https:\/\/contadoreshoy.com\/?p=13293","robots":"max-image-preview:large","keywords":"","webmasterTools":{"miscellaneous":""},"schema":{"@context":"https:\/\/schema.org","@graph":[{"@type":"BlogPosting","@id":"https:\/\/contadoreshoy.com\/?p=13293#blogposting","name":"Decreto 376 abril 9 de 2021 Pago cotizaci\u00f3n pensi\u00f3n meses abril y mayo de 2020 - Contadores P\u00fablicos","headline":"Decreto 376 abril 9 de 2021 Pago cotizaci\u00f3n pensi\u00f3n meses abril y mayo de 2020","author":{"@id":"https:\/\/contadoreshoy.com\/?author=1#author"},"publisher":{"@id":"https:\/\/contadoreshoy.com\/#organization"},"image":{"@type":"ImageObject","url":"https:\/\/contadoreshoy.com\/wp-content\/uploads\/2021\/04\/JUEZ.png","width":2000,"height":1102},"datePublished":"2021-04-11T18:14:32-05:00","dateModified":"2021-04-11T18:26:09-05:00","inLanguage":"es-ES","mainEntityOfPage":{"@id":"https:\/\/contadoreshoy.com\/?p=13293#webpage"},"isPartOf":{"@id":"https:\/\/contadoreshoy.com\/?p=13293#webpage"},"articleSection":"Sin categor\u00eda, Ultimas Noticias, Uncategorized"},{"@type":"BreadcrumbList","@id":"https:\/\/contadoreshoy.com\/?p=13293#breadcrumblist","itemListElement":[{"@type":"ListItem","@id":"https:\/\/contadoreshoy.com#listItem","position":1,"name":"Home","item":"https:\/\/contadoreshoy.com","nextItem":{"@type":"ListItem","@id":"https:\/\/contadoreshoy.com\/?cat=1#listItem","name":"Uncategorized"}},{"@type":"ListItem","@id":"https:\/\/contadoreshoy.com\/?cat=1#listItem","position":2,"name":"Uncategorized","item":"https:\/\/contadoreshoy.com\/?cat=1","nextItem":{"@type":"ListItem","@id":"https:\/\/contadoreshoy.com\/?p=13293#listItem","name":"Decreto 376 abril 9 de 2021 Pago cotizaci\u00f3n pensi\u00f3n meses abril y mayo de 2020"},"previousItem":{"@type":"ListItem","@id":"https:\/\/contadoreshoy.com#listItem","name":"Home"}},{"@type":"ListItem","@id":"https:\/\/contadoreshoy.com\/?p=13293#listItem","position":3,"name":"Decreto 376 abril 9 de 2021 Pago cotizaci\u00f3n pensi\u00f3n meses abril y mayo de 2020","previousItem":{"@type":"ListItem","@id":"https:\/\/contadoreshoy.com\/?cat=1#listItem","name":"Uncategorized"}}]},{"@type":"Organization","@id":"https:\/\/contadoreshoy.com\/#organization","name":"Contadores P\u00fablicos","description":"Portal para Contadores P\u00fablicos y empresarios","url":"https:\/\/contadoreshoy.com\/","logo":{"@type":"ImageObject","url":"https:\/\/contadoreshoy.com\/wp-content\/uploads\/2024\/01\/cropped-cropped-Copia-de-M-1.jpg","@id":"https:\/\/contadoreshoy.com\/?p=13293\/#organizationLogo","width":499,"height":500},"image":{"@id":"https:\/\/contadoreshoy.com\/?p=13293\/#organizationLogo"}},{"@type":"Person","@id":"https:\/\/contadoreshoy.com\/?author=1#author","url":"https:\/\/contadoreshoy.com\/?author=1","name":"Miguel Antonio M\u00e1rquez Monta\u00f1ez"},{"@type":"WebPage","@id":"https:\/\/contadoreshoy.com\/?p=13293#webpage","url":"https:\/\/contadoreshoy.com\/?p=13293","name":"Decreto 376 abril 9 de 2021 Pago cotizaci\u00f3n pensi\u00f3n meses abril y mayo de 2020 - Contadores P\u00fablicos","description":"MINISTERIO DEL TRABAJO DECRETO 376 9 ABRIL 2021 Por el cual se adiciona el Cap\u00edtulo 5 al T\u00edtulo 3 de la Parte 2 del Libro 2 del Decreto 1833 de 2016, a efectos de implementar medidas para realizar el pago de las cotizaciones al Sistema General de Pensiones por los periodos correspondientes a abril y","inLanguage":"es-ES","isPartOf":{"@id":"https:\/\/contadoreshoy.com\/#website"},"breadcrumb":{"@id":"https:\/\/contadoreshoy.com\/?p=13293#breadcrumblist"},"author":{"@id":"https:\/\/contadoreshoy.com\/?author=1#author"},"creator":{"@id":"https:\/\/contadoreshoy.com\/?author=1#author"},"image":{"@type":"ImageObject","url":"https:\/\/contadoreshoy.com\/wp-content\/uploads\/2021\/04\/JUEZ.png","@id":"https:\/\/contadoreshoy.com\/?p=13293\/#mainImage","width":2000,"height":1102},"primaryImageOfPage":{"@id":"https:\/\/contadoreshoy.com\/?p=13293#mainImage"},"datePublished":"2021-04-11T18:14:32-05:00","dateModified":"2021-04-11T18:26:09-05:00"},{"@type":"WebSite","@id":"https:\/\/contadoreshoy.com\/#website","url":"https:\/\/contadoreshoy.com\/","name":"Contadores P\u00fablicos","description":"Portal para Contadores P\u00fablicos y empresarios","inLanguage":"es-ES","publisher":{"@id":"https:\/\/contadoreshoy.com\/#organization"}}]},"og:locale":"es_ES","og:site_name":"Contadores P\u00fablicos - Portal para Contadores P\u00fablicos y empresarios","og:type":"article","og:title":"Decreto 376 abril 9 de 2021 Pago cotizaci\u00f3n pensi\u00f3n meses abril y mayo de 2020 - Contadores P\u00fablicos","og:description":"MINISTERIO DEL TRABAJO DECRETO 376 9 ABRIL 2021 Por el cual se adiciona el Cap\u00edtulo 5 al T\u00edtulo 3 de la Parte 2 del Libro 2 del Decreto 1833 de 2016, a efectos de implementar medidas para realizar el pago de las cotizaciones al Sistema General de Pensiones por los periodos correspondientes a abril y","og:url":"https:\/\/contadoreshoy.com\/?p=13293","og:image":"https:\/\/contadoreshoy.com\/wp-content\/uploads\/2024\/01\/cropped-cropped-cropped-Copia-de-M.jpg","og:image:secure_url":"https:\/\/contadoreshoy.com\/wp-content\/uploads\/2024\/01\/cropped-cropped-cropped-Copia-de-M.jpg","og:image:width":512,"og:image:height":371,"article:published_time":"2021-04-11T23:14:32+00:00","article:modified_time":"2021-04-11T23:26:09+00:00","twitter:card":"summary_large_image","twitter:title":"Decreto 376 abril 9 de 2021 Pago cotizaci\u00f3n pensi\u00f3n meses abril y mayo de 2020 - Contadores P\u00fablicos","twitter:description":"MINISTERIO DEL TRABAJO DECRETO 376 9 ABRIL 2021 Por el cual se adiciona el Cap\u00edtulo 5 al T\u00edtulo 3 de la Parte 2 del Libro 2 del Decreto 1833 de 2016, a efectos de implementar medidas para realizar el pago de las cotizaciones al Sistema General de Pensiones por los periodos correspondientes a abril y","twitter:image":"https:\/\/contadoreshoy.com\/wp-content\/uploads\/2024\/01\/cropped-cropped-cropped-Copia-de-M.jpg"},"aioseo_meta_data":{"post_id":"13293","title":null,"description":null,"keywords":null,"keyphrases":null,"primary_term":null,"canonical_url":null,"og_title":null,"og_description":null,"og_object_type":"default","og_image_type":"default","og_image_url":null,"og_image_width":null,"og_image_height":null,"og_image_custom_url":null,"og_image_custom_fields":null,"og_video":null,"og_custom_url":null,"og_article_section":null,"og_article_tags":null,"twitter_use_og":false,"twitter_card":"default","twitter_image_type":"default","twitter_image_url":null,"twitter_image_custom_url":null,"twitter_image_custom_fields":null,"twitter_title":null,"twitter_description":null,"schema":{"blockGraphs":[],"customGraphs":[],"default":{"data":{"Article":[],"Course":[],"Dataset":[],"FAQPage":[],"Movie":[],"Person":[],"Product":[],"ProductReview":[],"Car":[],"Recipe":[],"Service":[],"SoftwareApplication":[],"WebPage":[]},"graphName":"","isEnabled":true},"graphs":[]},"schema_type":"default","schema_type_options":null,"pillar_content":false,"robots_default":true,"robots_noindex":false,"robots_noarchive":false,"robots_nosnippet":false,"robots_nofollow":false,"robots_noimageindex":false,"robots_noodp":false,"robots_notranslate":false,"robots_max_snippet":null,"robots_max_videopreview":null,"robots_max_imagepreview":"large","priority":null,"frequency":null,"local_seo":null,"breadcrumb_settings":null,"limit_modified_date":false,"ai":null,"created":"2024-03-05 02:31:26","updated":"2026-03-03 05:35:42","seo_analyzer_scan_date":null,"focus_keyword":null,"additional_keywords":null,"truseo_locale":null},"aioseo_breadcrumb":"<div class=\"aioseo-breadcrumbs\"><span class=\"aioseo-breadcrumb\">\n\t\t\t<a href=\"https:\/\/contadoreshoy.com\" title=\"Home\">Home<\/a>\n\t\t<\/span><span class=\"aioseo-breadcrumb-separator\">&raquo;<\/span><span class=\"aioseo-breadcrumb\">\n\t\t\t<a href=\"https:\/\/contadoreshoy.com\/?cat=1\" title=\"Uncategorized\">Uncategorized<\/a>\n\t\t<\/span><span class=\"aioseo-breadcrumb-separator\">&raquo;<\/span><span class=\"aioseo-breadcrumb\">\n\t\t\tDecreto 376 abril 9 de 2021 Pago cotizaci\u00f3n pensi\u00f3n meses abril y mayo de 2020\n\t\t<\/span><\/div>","aioseo_breadcrumb_json":[{"label":"Home","link":"https:\/\/contadoreshoy.com"},{"label":"Uncategorized","link":"https:\/\/contadoreshoy.com\/?cat=1"},{"label":"Decreto 376 abril 9 de 2021 Pago cotizaci\u00f3n pensi\u00f3n meses abril y mayo de 2020","link":"https:\/\/contadoreshoy.com\/?p=13293"}],"yoast_head":"<!-- This site is optimized with the Yoast SEO plugin v28.4 - https:\/\/yoast.com\/product\/yoast-seo-wordpress\/ -->\n<title>Decreto 376 abril 9 de 2021 Pago cotizaci\u00f3n pensi\u00f3n meses abril y mayo de 2020 - Contadores P\u00fablicos<\/title>\n<meta name=\"description\" content=\"Pago cotizaciones parciales de los meses de abril y mayo de 2020 Pensi\u00f3n\" \/>\n<meta name=\"robots\" content=\"index, follow, max-snippet:-1, max-image-preview:large, max-video-preview:-1\" \/>\n<link rel=\"canonical\" href=\"https:\/\/contadoreshoy.com\/?p=13293\" \/>\n<meta property=\"og:locale\" content=\"es_ES\" \/>\n<meta property=\"og:type\" content=\"article\" \/>\n<meta property=\"og:title\" content=\"Decreto 376 abril 9 de 2021 Pago cotizaci\u00f3n pensi\u00f3n meses abril y mayo de 2020 - Contadores P\u00fablicos\" \/>\n<meta property=\"og:description\" content=\"Pago cotizaciones parciales de los meses de abril y mayo de 2020 Pensi\u00f3n\" \/>\n<meta property=\"og:url\" content=\"https:\/\/contadoreshoy.com\/?p=13293\" \/>\n<meta property=\"og:site_name\" content=\"Contadores P\u00fablicos\" \/>\n<meta property=\"article:publisher\" content=\"https:\/\/www.facebook.com\/CCCPBucaramanga\/\" \/>\n<meta property=\"article:published_time\" content=\"2021-04-11T23:14:32+00:00\" \/>\n<meta property=\"article:modified_time\" content=\"2021-04-11T23:26:09+00:00\" \/>\n<meta property=\"og:image\" content=\"https:\/\/contadoreshoy.com\/wp-content\/uploads\/2021\/04\/JUEZ.png\" \/>\n\t<meta property=\"og:image:width\" content=\"2000\" \/>\n\t<meta property=\"og:image:height\" content=\"1102\" \/>\n\t<meta property=\"og:image:type\" content=\"image\/png\" \/>\n<meta name=\"author\" content=\"Miguel Antonio M\u00e1rquez Monta\u00f1ez\" \/>\n<meta name=\"twitter:card\" content=\"summary_large_image\" \/>\n<meta name=\"twitter:label1\" content=\"Escrito por\" \/>\n\t<meta name=\"twitter:data1\" content=\"Miguel Antonio M\u00e1rquez Monta\u00f1ez\" \/>\n\t<meta name=\"twitter:label2\" content=\"Tiempo de lectura\" \/>\n\t<meta name=\"twitter:data2\" content=\"8 minutos\" \/>\n<script type=\"application\/ld+json\" class=\"yoast-schema-graph\">{\"@context\":\"https:\\\/\\\/schema.org\",\"@graph\":[{\"@type\":\"Article\",\"@id\":\"https:\\\/\\\/contadoreshoy.com\\\/?p=13293#article\",\"isPartOf\":{\"@id\":\"https:\\\/\\\/contadoreshoy.com\\\/?p=13293\"},\"author\":{\"name\":\"Miguel Antonio M\u00e1rquez Monta\u00f1ez\",\"@id\":\"https:\\\/\\\/contadoreshoy.com\\\/#\\\/schema\\\/person\\\/96d8979cb865537c5dc9345e40089fc5\"},\"headline\":\"Decreto 376 abril 9 de 2021 Pago cotizaci\u00f3n pensi\u00f3n meses abril y mayo de 2020\",\"datePublished\":\"2021-04-11T23:14:32+00:00\",\"dateModified\":\"2021-04-11T23:26:09+00:00\",\"mainEntityOfPage\":{\"@id\":\"https:\\\/\\\/contadoreshoy.com\\\/?p=13293\"},\"wordCount\":1719,\"commentCount\":0,\"publisher\":{\"@id\":\"https:\\\/\\\/contadoreshoy.com\\\/#organization\"},\"image\":{\"@id\":\"https:\\\/\\\/contadoreshoy.com\\\/?p=13293#primaryimage\"},\"thumbnailUrl\":\"https:\\\/\\\/contadoreshoy.com\\\/wp-content\\\/uploads\\\/2021\\\/04\\\/JUEZ.png\",\"articleSection\":{\"1\":\"Ultimas Noticias\",\"2\":\"Uncategorized\"},\"inLanguage\":\"es\",\"potentialAction\":[{\"@type\":\"CommentAction\",\"name\":\"Comment\",\"target\":[\"https:\\\/\\\/contadoreshoy.com\\\/?p=13293#respond\"]}]},{\"@type\":\"WebPage\",\"@id\":\"https:\\\/\\\/contadoreshoy.com\\\/?p=13293\",\"url\":\"https:\\\/\\\/contadoreshoy.com\\\/?p=13293\",\"name\":\"Decreto 376 abril 9 de 2021 Pago cotizaci\u00f3n pensi\u00f3n meses abril y mayo de 2020 - Contadores P\u00fablicos\",\"isPartOf\":{\"@id\":\"https:\\\/\\\/contadoreshoy.com\\\/#website\"},\"primaryImageOfPage\":{\"@id\":\"https:\\\/\\\/contadoreshoy.com\\\/?p=13293#primaryimage\"},\"image\":{\"@id\":\"https:\\\/\\\/contadoreshoy.com\\\/?p=13293#primaryimage\"},\"thumbnailUrl\":\"https:\\\/\\\/contadoreshoy.com\\\/wp-content\\\/uploads\\\/2021\\\/04\\\/JUEZ.png\",\"datePublished\":\"2021-04-11T23:14:32+00:00\",\"dateModified\":\"2021-04-11T23:26:09+00:00\",\"description\":\"Pago cotizaciones parciales de los meses de abril y mayo de 2020 Pensi\u00f3n\",\"breadcrumb\":{\"@id\":\"https:\\\/\\\/contadoreshoy.com\\\/?p=13293#breadcrumb\"},\"inLanguage\":\"es\",\"potentialAction\":[{\"@type\":\"ReadAction\",\"target\":[\"https:\\\/\\\/contadoreshoy.com\\\/?p=13293\"]}]},{\"@type\":\"ImageObject\",\"inLanguage\":\"es\",\"@id\":\"https:\\\/\\\/contadoreshoy.com\\\/?p=13293#primaryimage\",\"url\":\"https:\\\/\\\/contadoreshoy.com\\\/wp-content\\\/uploads\\\/2021\\\/04\\\/JUEZ.png\",\"contentUrl\":\"https:\\\/\\\/contadoreshoy.com\\\/wp-content\\\/uploads\\\/2021\\\/04\\\/JUEZ.png\",\"width\":2000,\"height\":1102},{\"@type\":\"BreadcrumbList\",\"@id\":\"https:\\\/\\\/contadoreshoy.com\\\/?p=13293#breadcrumb\",\"itemListElement\":[{\"@type\":\"ListItem\",\"position\":1,\"name\":\"Portada\",\"item\":\"https:\\\/\\\/contadoreshoy.com\\\/\"},{\"@type\":\"ListItem\",\"position\":2,\"name\":\"Decreto 376 abril 9 de 2021 Pago cotizaci\u00f3n pensi\u00f3n meses abril y mayo de 2020\"}]},{\"@type\":\"WebSite\",\"@id\":\"https:\\\/\\\/contadoreshoy.com\\\/#website\",\"url\":\"https:\\\/\\\/contadoreshoy.com\\\/\",\"name\":\"Contadorespublicossantander\",\"description\":\"Portal para Contadores P\u00fablicos y empresarios\",\"publisher\":{\"@id\":\"https:\\\/\\\/contadoreshoy.com\\\/#organization\"},\"potentialAction\":[{\"@type\":\"SearchAction\",\"target\":{\"@type\":\"EntryPoint\",\"urlTemplate\":\"https:\\\/\\\/contadoreshoy.com\\\/?s={search_term_string}\"},\"query-input\":{\"@type\":\"PropertyValueSpecification\",\"valueRequired\":true,\"valueName\":\"search_term_string\"}}],\"inLanguage\":\"es\"},{\"@type\":\"Organization\",\"@id\":\"https:\\\/\\\/contadoreshoy.com\\\/#organization\",\"name\":\"Contadores P\u00fablicos de Santander\",\"url\":\"https:\\\/\\\/contadoreshoy.com\\\/\",\"logo\":{\"@type\":\"ImageObject\",\"inLanguage\":\"es\",\"@id\":\"https:\\\/\\\/contadoreshoy.com\\\/#\\\/schema\\\/logo\\\/image\\\/\",\"url\":\"https:\\\/\\\/contadoreshoy.com\\\/wp-content\\\/uploads\\\/2024\\\/01\\\/cropped-cropped-Copia-de-M-1.jpg\",\"contentUrl\":\"https:\\\/\\\/contadoreshoy.com\\\/wp-content\\\/uploads\\\/2024\\\/01\\\/cropped-cropped-Copia-de-M-1.jpg\",\"width\":499,\"height\":500,\"caption\":\"Contadores P\u00fablicos de Santander\"},\"image\":{\"@id\":\"https:\\\/\\\/contadoreshoy.com\\\/#\\\/schema\\\/logo\\\/image\\\/\"},\"sameAs\":[\"https:\\\/\\\/www.facebook.com\\\/CCCPBucaramanga\\\/\"]},{\"@type\":\"Person\",\"@id\":\"https:\\\/\\\/contadoreshoy.com\\\/#\\\/schema\\\/person\\\/96d8979cb865537c5dc9345e40089fc5\",\"name\":\"Miguel Antonio M\u00e1rquez Monta\u00f1ez\",\"description\":\"Contador P\u00fablico egresado de la Universidad Aut\u00f3noma de Bucaramanga - Asesor contable tributario con m\u00e1s de 25 a\u00f1os de experiencia - Conferencista en temas contables y tributarios - T\u00e9cnico en Hardware y Dise\u00f1o Web - Creador y director Grupo de Estudio Colegio Colombiano de Contadores P\u00fablicos de Bucaramanga - Creador y Master Web p\u00e1gina www.contadoresp\u00fablicossantander.com - Expresidente Colegio Colombiano de Contadores P\u00fablicos Bucaramanga\",\"url\":\"https:\\\/\\\/contadoreshoy.com\\\/?author=1\"}]}<\/script>\n<!-- \/ Yoast SEO plugin. -->","yoast_head_json":{"title":"Decreto 376 abril 9 de 2021 Pago cotizaci\u00f3n pensi\u00f3n meses abril y mayo de 2020 - Contadores P\u00fablicos","description":"Pago cotizaciones parciales de los meses de abril y mayo de 2020 Pensi\u00f3n","robots":{"index":"index","follow":"follow","max-snippet":"max-snippet:-1","max-image-preview":"max-image-preview:large","max-video-preview":"max-video-preview:-1"},"canonical":"https:\/\/contadoreshoy.com\/?p=13293","og_locale":"es_ES","og_type":"article","og_title":"Decreto 376 abril 9 de 2021 Pago cotizaci\u00f3n pensi\u00f3n meses abril y mayo de 2020 - Contadores P\u00fablicos","og_description":"Pago cotizaciones parciales de los meses de abril y mayo de 2020 Pensi\u00f3n","og_url":"https:\/\/contadoreshoy.com\/?p=13293","og_site_name":"Contadores P\u00fablicos","article_publisher":"https:\/\/www.facebook.com\/CCCPBucaramanga\/","article_published_time":"2021-04-11T23:14:32+00:00","article_modified_time":"2021-04-11T23:26:09+00:00","og_image":[{"width":2000,"height":1102,"url":"https:\/\/contadoreshoy.com\/wp-content\/uploads\/2021\/04\/JUEZ.png","type":"image\/png"}],"author":"Miguel Antonio M\u00e1rquez Monta\u00f1ez","twitter_card":"summary_large_image","twitter_misc":{"Escrito por":"Miguel Antonio M\u00e1rquez Monta\u00f1ez","Tiempo de lectura":"8 minutos"},"schema":{"@context":"https:\/\/schema.org","@graph":[{"@type":"Article","@id":"https:\/\/contadoreshoy.com\/?p=13293#article","isPartOf":{"@id":"https:\/\/contadoreshoy.com\/?p=13293"},"author":{"name":"Miguel Antonio M\u00e1rquez Monta\u00f1ez","@id":"https:\/\/contadoreshoy.com\/#\/schema\/person\/96d8979cb865537c5dc9345e40089fc5"},"headline":"Decreto 376 abril 9 de 2021 Pago cotizaci\u00f3n pensi\u00f3n meses abril y mayo de 2020","datePublished":"2021-04-11T23:14:32+00:00","dateModified":"2021-04-11T23:26:09+00:00","mainEntityOfPage":{"@id":"https:\/\/contadoreshoy.com\/?p=13293"},"wordCount":1719,"commentCount":0,"publisher":{"@id":"https:\/\/contadoreshoy.com\/#organization"},"image":{"@id":"https:\/\/contadoreshoy.com\/?p=13293#primaryimage"},"thumbnailUrl":"https:\/\/contadoreshoy.com\/wp-content\/uploads\/2021\/04\/JUEZ.png","articleSection":{"1":"Ultimas Noticias","2":"Uncategorized"},"inLanguage":"es","potentialAction":[{"@type":"CommentAction","name":"Comment","target":["https:\/\/contadoreshoy.com\/?p=13293#respond"]}]},{"@type":"WebPage","@id":"https:\/\/contadoreshoy.com\/?p=13293","url":"https:\/\/contadoreshoy.com\/?p=13293","name":"Decreto 376 abril 9 de 2021 Pago cotizaci\u00f3n pensi\u00f3n meses abril y mayo de 2020 - Contadores P\u00fablicos","isPartOf":{"@id":"https:\/\/contadoreshoy.com\/#website"},"primaryImageOfPage":{"@id":"https:\/\/contadoreshoy.com\/?p=13293#primaryimage"},"image":{"@id":"https:\/\/contadoreshoy.com\/?p=13293#primaryimage"},"thumbnailUrl":"https:\/\/contadoreshoy.com\/wp-content\/uploads\/2021\/04\/JUEZ.png","datePublished":"2021-04-11T23:14:32+00:00","dateModified":"2021-04-11T23:26:09+00:00","description":"Pago cotizaciones parciales de los meses de abril y mayo de 2020 Pensi\u00f3n","breadcrumb":{"@id":"https:\/\/contadoreshoy.com\/?p=13293#breadcrumb"},"inLanguage":"es","potentialAction":[{"@type":"ReadAction","target":["https:\/\/contadoreshoy.com\/?p=13293"]}]},{"@type":"ImageObject","inLanguage":"es","@id":"https:\/\/contadoreshoy.com\/?p=13293#primaryimage","url":"https:\/\/contadoreshoy.com\/wp-content\/uploads\/2021\/04\/JUEZ.png","contentUrl":"https:\/\/contadoreshoy.com\/wp-content\/uploads\/2021\/04\/JUEZ.png","width":2000,"height":1102},{"@type":"BreadcrumbList","@id":"https:\/\/contadoreshoy.com\/?p=13293#breadcrumb","itemListElement":[{"@type":"ListItem","position":1,"name":"Portada","item":"https:\/\/contadoreshoy.com\/"},{"@type":"ListItem","position":2,"name":"Decreto 376 abril 9 de 2021 Pago cotizaci\u00f3n pensi\u00f3n meses abril y mayo de 2020"}]},{"@type":"WebSite","@id":"https:\/\/contadoreshoy.com\/#website","url":"https:\/\/contadoreshoy.com\/","name":"Contadorespublicossantander","description":"Portal para Contadores P\u00fablicos y empresarios","publisher":{"@id":"https:\/\/contadoreshoy.com\/#organization"},"potentialAction":[{"@type":"SearchAction","target":{"@type":"EntryPoint","urlTemplate":"https:\/\/contadoreshoy.com\/?s={search_term_string}"},"query-input":{"@type":"PropertyValueSpecification","valueRequired":true,"valueName":"search_term_string"}}],"inLanguage":"es"},{"@type":"Organization","@id":"https:\/\/contadoreshoy.com\/#organization","name":"Contadores P\u00fablicos de Santander","url":"https:\/\/contadoreshoy.com\/","logo":{"@type":"ImageObject","inLanguage":"es","@id":"https:\/\/contadoreshoy.com\/#\/schema\/logo\/image\/","url":"https:\/\/contadoreshoy.com\/wp-content\/uploads\/2024\/01\/cropped-cropped-Copia-de-M-1.jpg","contentUrl":"https:\/\/contadoreshoy.com\/wp-content\/uploads\/2024\/01\/cropped-cropped-Copia-de-M-1.jpg","width":499,"height":500,"caption":"Contadores P\u00fablicos de Santander"},"image":{"@id":"https:\/\/contadoreshoy.com\/#\/schema\/logo\/image\/"},"sameAs":["https:\/\/www.facebook.com\/CCCPBucaramanga\/"]},{"@type":"Person","@id":"https:\/\/contadoreshoy.com\/#\/schema\/person\/96d8979cb865537c5dc9345e40089fc5","name":"Miguel Antonio M\u00e1rquez Monta\u00f1ez","description":"Contador P\u00fablico egresado de la Universidad Aut\u00f3noma de Bucaramanga - Asesor contable tributario con m\u00e1s de 25 a\u00f1os de experiencia - Conferencista en temas contables y tributarios - T\u00e9cnico en Hardware y Dise\u00f1o Web - Creador y director Grupo de Estudio Colegio Colombiano de Contadores P\u00fablicos de Bucaramanga - Creador y Master Web p\u00e1gina www.contadoresp\u00fablicossantander.com - Expresidente Colegio Colombiano de Contadores P\u00fablicos Bucaramanga","url":"https:\/\/contadoreshoy.com\/?author=1"}]}},"_links":{"self":[{"href":"https:\/\/contadoreshoy.com\/index.php?rest_route=\/wp\/v2\/posts\/13293","targetHints":{"allow":["GET"]}}],"collection":[{"href":"https:\/\/contadoreshoy.com\/index.php?rest_route=\/wp\/v2\/posts"}],"about":[{"href":"https:\/\/contadoreshoy.com\/index.php?rest_route=\/wp\/v2\/types\/post"}],"author":[{"embeddable":true,"href":"https:\/\/contadoreshoy.com\/index.php?rest_route=\/wp\/v2\/users\/1"}],"replies":[{"embeddable":true,"href":"https:\/\/contadoreshoy.com\/index.php?rest_route=%2Fwp%2Fv2%2Fcomments&post=13293"}],"version-history":[{"count":5,"href":"https:\/\/contadoreshoy.com\/index.php?rest_route=\/wp\/v2\/posts\/13293\/revisions"}],"predecessor-version":[{"id":13300,"href":"https:\/\/contadoreshoy.com\/index.php?rest_route=\/wp\/v2\/posts\/13293\/revisions\/13300"}],"wp:featuredmedia":[{"embeddable":true,"href":"https:\/\/contadoreshoy.com\/index.php?rest_route=\/wp\/v2\/media\/13299"}],"wp:attachment":[{"href":"https:\/\/contadoreshoy.com\/index.php?rest_route=%2Fwp%2Fv2%2Fmedia&parent=13293"}],"wp:term":[{"taxonomy":"category","embeddable":true,"href":"https:\/\/contadoreshoy.com\/index.php?rest_route=%2Fwp%2Fv2%2Fcategories&post=13293"},{"taxonomy":"post_tag","embeddable":true,"href":"https:\/\/contadoreshoy.com\/index.php?rest_route=%2Fwp%2Fv2%2Ftags&post=13293"}],"curies":[{"name":"wp","href":"https:\/\/api.w.org\/{rel}","templated":true}]}}