{"id":13304,"date":"2021-04-19T20:04:42","date_gmt":"2021-04-20T01:04:42","guid":{"rendered":"https:\/\/contadoreshoy.com\/?p=13304"},"modified":"2021-04-20T11:53:58","modified_gmt":"2021-04-20T16:53:58","slug":"en-donde-estan-los-gremios-de-bucaramanga","status":"publish","type":"post","link":"https:\/\/contadoreshoy.com\/?p=13304","title":{"rendered":"\u00bfY en donde est\u00e1n los gremios de Bucaramanga?"},"content":{"rendered":"\n<p><img loading=\"lazy\" decoding=\"async\" class=\"aligncenter wp-image-13305 size-large\" src=\"https:\/\/contadoreshoy.com\/wp-content\/uploads\/2021\/04\/CHULOS-BUCARAMANGA-1240x698.png\" alt=\"\" width=\"1240\" height=\"698\" srcset=\"https:\/\/contadoreshoy.com\/wp-content\/uploads\/2021\/04\/CHULOS-BUCARAMANGA-1240x698.png 1240w, https:\/\/contadoreshoy.com\/wp-content\/uploads\/2021\/04\/CHULOS-BUCARAMANGA-600x338.png 600w, https:\/\/contadoreshoy.com\/wp-content\/uploads\/2021\/04\/CHULOS-BUCARAMANGA-768x432.png 768w, https:\/\/contadoreshoy.com\/wp-content\/uploads\/2021\/04\/CHULOS-BUCARAMANGA-1536x865.png 1536w, https:\/\/contadoreshoy.com\/wp-content\/uploads\/2021\/04\/CHULOS-BUCARAMANGA-2000x1126.png 2000w, https:\/\/contadoreshoy.com\/wp-content\/uploads\/2021\/04\/CHULOS-BUCARAMANGA.png 2002w\" sizes=\"auto, (max-width: 1240px) 100vw, 1240px\" \/><\/p>\n<p style=\"text-align: justify;\"><strong><span style=\"color: #000000;\">Y como siempre nos preguntamos en d\u00f3nde est\u00e1n los representantes de los gremios de Bucaramanga, cuando no se han dado por enterado del regalito que el Alcalde y el concejo de la ciudad bonita le dieron a los contribuyentes, el acuerdo 33 de diciembre de 2020, y el decreto reglamentario 38 de marzo de 2021, una reforma en la cual a algunas actividades econ\u00f3micas se les duplic\u00f3 la tarifa de impuesto de industria y comercio, se defini\u00f3 como autorretenedores a casi todos los contribuyentes (con ingreso brutos superiores a $10.682.100 &#8211; a\u00f1o 2020), y se aprob\u00f3 la retenci\u00f3n a autorretenedores, entre otras medidas tomadas.<\/span><\/strong><\/p>\n<p style=\"text-align: justify;\"><strong><span style=\"color: #000000;\">Establecieron como autorretenedores a los contribuyentes que hayan obtenido en el a\u00f1o anterior ingresos brutos superiores a 300 UVT ($10.682.100), con el agravante de que a los autorretenedores se les debe aplicar retenci\u00f3n en la fuente.<\/span><\/strong><\/p>\n<p style=\"text-align: justify;\"><strong><span style=\"color: #000000;\">Hasta un comerciante de ventas ambulantes ser\u00eda autorretenedor, y nos preguntamos, ser\u00e1 que estos peque\u00f1os empresarios tendr\u00e1n la capacidad econ\u00f3mica de tener contabilidad, de pagar un auxiliar contable y de pagar un contador? de l\u00f3gico que no, lo cual significa que muchos peque\u00f1os comerciantes van a ser sancionados por no presentar las declaraciones trimestrales o mensuales, lo cual indica que ser\u00edan m\u00ednimo cuatro sanciones por a\u00f1o, o 12.<\/span><\/strong><\/p>\n<p style=\"text-align: justify;\"><strong><span style=\"color: #000000;\">Para los que no tienen conocimiento tributario, estas son algunas de las implicaciones de ser retenedores y autorretenedores:<\/span><\/strong><\/p>\n<ul style=\"text-align: justify;\">\n<li><strong><span style=\"color: #000000;\">Se deben presentar declaraciones mensuales o trimestrales, dependiendo del caso;<\/span><\/strong><\/li>\n<li><strong><span style=\"color: #000000;\">Estas declaraciones se deben presentar con pago, de lo contrario se dan como no presentadas y esto conlleva a sanciones por extemporaneidad e intereses de mora confiscatorios, que van creciendo mes a mes;<\/span><\/strong><\/li>\n<li><strong><span style=\"color: #000000;\">En caso de que una declaraci\u00f3n de retenci\u00f3n en la fuente presente error, o se haya liquidado mal el impuesto o los intereses, conllevar\u00e1 a que se de como no presentada, y esto significa sanci\u00f3n de extemporaneidad la cual va creciendo cada mes, aparte de la sanci\u00f3n de correcci\u00f3n, y estamos hablando de 12 declaraciones por a\u00f1o (en la mayor\u00eda de casos).<\/span> <\/strong><\/li>\n<\/ul>\n<p style=\"text-align: justify;\"><strong><span style=\"color: #000000;\">Uno de los objetivos principales de convertir en retenedores y autorretenedores a casi todos los contribuyentes, es el de obtener altos ingresos por sanciones e intereses de mora. Si el contribuyente no tiene c\u00f3mo pagar, debe empezar a contar sanciones que van creciendo mensualmente, al igual que los intereses; se debe recordar que la declaraci\u00f3n de retenci\u00f3n en la fuente se debe presentar con pago para que sea v\u00e1lida.<\/span><\/strong><\/p>\n<p style=\"text-align: justify;\"><strong><span style=\"color: #000000;\">\u00bfY porqu\u00e9 se estableci\u00f3 el absurdo de efectuar retenci\u00f3n a los autorretenedores?<\/span><\/strong><\/p>\n<p style=\"text-align: justify;\"><strong><span style=\"color: #000000;\">Porque la Secretar\u00eda de Hacienda de Bucaramanga y el Concejo de Bucaramanga saben que el contribuyente terminar\u00e1 asumiendo mayores impuestos, debido a que para poder descontar de su declaraci\u00f3n de autorretenci\u00f3n lo que le retuvieron, debe tener los certificados de retenci\u00f3n, y ah\u00ed est\u00e1 el problema porque la mayor\u00eda de retenedores no entregan el certificado en forma oportuna.<br><\/span><\/strong><\/p>\n<p style=\"text-align: justify;\"><strong><span style=\"color: #000000;\">Es un desgaste administrativo para los comerciantes el tener que certificar retenciones todos los meses, y m\u00e1s el tener que solicitar el certificado mes a mes de lo que supuestamente le retuvieron.<\/span><\/strong><\/p>\n<p style=\"text-align: justify;\"><strong><span style=\"color: #000000;\">El d\u00eda 16 de abril del presente a\u00f1o, en la secretar\u00eda de Hacienda de Bucaramanga estaban de fiesta porque por el primer d\u00eda de los vencimientos de las retenciones y autorretenciones (15 de abril), recibieron m\u00e1s de 25.000 millones, a costa de la sangre de los contribuyentes.<\/span><\/strong><\/p>\n<p style=\"text-align: justify;\"><strong><span style=\"color: #000000;\">Y vuelvo y me pregunto, en donde est\u00e1n los representantes de los gremios de Bucaramanga que se han dejado meter tremendo paquete tributario lesivo para los contribuyentes, y m\u00e1s en \u00e9poca de crisis econ\u00f3mica. El da\u00f1o est\u00e1 hecho porque la norma ya fue aprobada, pero se puede corregir con otra norma, entonces esperamos que la comunidad de Bucaramanga se organice y presione para que se corrija tremendo atropello por parte de los concejales y el alcalde de la ciudad bonita.<br><\/span><\/strong><\/p>\n<p style=\"text-align: justify;\"><strong><span style=\"color: #000000;\">Ya nos pusieron la soga al cuello, debido a que a los funcionarios de impuestos de la ciudad de Bucaramanga les qued\u00f3 el camino libre para imponer multas a placer. No esperen a que les aprieten la soga para darse cuenta de lo aqu\u00ed denunciado, y que no suceda algo parecido con lo que hizo la UGPP con las personas naturales comerciantes, que aplicando una norma no reglamentada, saque\u00f3 los recursos de muchos ciudadanos, inclusive dejando a algunos en la quiebra. <\/span><\/strong><\/p>\n<p style=\"text-align: justify;\"><strong><span style=\"color: #000000;\">No se equivoquen se\u00f1ores empresarios, que esto no es solo problema de contadores, a pesar de que es otra carga de trabajo para estos profesionales (mal remunerados en muchos casos), es el contribuyente el que tiene que pagar los impuestos, sanciones e intereses, y el que responde con su patrimonio por las cargas fiscales, as\u00ed que a reaccionar antes de que lo ahorquen.<\/span><\/strong><\/p>\n<p style=\"text-align: justify;\"><strong><span style=\"color: #000000;\">Otro regalito para los abogados?<\/span><\/strong><\/p>\n<p style=\"text-align: justify;\"><strong><span style=\"color: #000000;\">\u00a1NO HAY DERECHO\u00a1<\/span><\/strong><\/p>\n<p><a href=\"https:\/\/contadoreshoy.com\/wp-content\/uploads\/2020\/12\/Acuerdo_033_2020.pdf\" target=\"_blank\" rel=\"noopener\">Para descargar Acuerdo 33 de 2020 dar clic en este enlace<\/a><\/p>\n<p><a href=\"https:\/\/contadoreshoy.com\/wp-content\/uploads\/2021\/03\/DECRETO-0038-DE-2021.pdf\" target=\"_blank\" rel=\"noopener\">Para descargar Decreto 38 de 2021 dar clic en este enlace<\/a><\/p>\n<p><img loading=\"lazy\" decoding=\"async\" class=\"aligncenter wp-image-13273 size-large\" src=\"https:\/\/contadoreshoy.com\/wp-content\/uploads\/2021\/04\/Retencion-a-autorretenedores-1240x688.png\" alt=\"\" width=\"1240\" height=\"688\" srcset=\"https:\/\/contadoreshoy.com\/wp-content\/uploads\/2021\/04\/Retencion-a-autorretenedores-1240x688.png 1240w, https:\/\/contadoreshoy.com\/wp-content\/uploads\/2021\/04\/Retencion-a-autorretenedores-600x333.png 600w, https:\/\/contadoreshoy.com\/wp-content\/uploads\/2021\/04\/Retencion-a-autorretenedores-768x426.png 768w, https:\/\/contadoreshoy.com\/wp-content\/uploads\/2021\/04\/Retencion-a-autorretenedores-1536x852.png 1536w, https:\/\/contadoreshoy.com\/wp-content\/uploads\/2021\/04\/Retencion-a-autorretenedores.png 1875w\" sizes=\"auto, (max-width: 1240px) 100vw, 1240px\" \/><\/p>\n","protected":false},"excerpt":{"rendered":"","protected":false},"author":1,"featured_media":13305,"comment_status":"open","ping_status":"open","sticky":false,"template":"","format":"standard","meta":{"_monsterinsights_skip_tracking":false,"ngg_post_thumbnail":0,"footnotes":"","_links_to":"","_links_to_target":""},"categories":[454,458,1],"tags":[],"class_list":["post-13304","post","type-post","status-publish","format-standard","has-post-thumbnail","hentry","category-sin-categoria","category-ultimas","category-uncategorized"],"aioseo_notices":[],"aioseo_head":"\n\t\t<!-- All in One SEO 5.0.1.1 - aioseo.com -->\n\t<meta name=\"description\" content=\"Y como siempre nos preguntamos en d\u00f3nde est\u00e1n los representantes de los gremios de Bucaramanga, cuando no se han dado por enterado del regalito que el Alcalde y el concejo de la ciudad bonita le dieron a los contribuyentes, el acuerdo 33 de diciembre de 2020, y el decreto reglamentario 38 de marzo de 2021,\" \/>\n\t<meta name=\"robots\" content=\"max-image-preview:large\" \/>\n\t<meta name=\"author\" content=\"Miguel Antonio M\u00e1rquez Monta\u00f1ez\"\/>\n\t<link rel=\"canonical\" href=\"https:\/\/contadoreshoy.com\/?p=13304\" \/>\n\t<meta name=\"generator\" content=\"All in One SEO (AIOSEO) 5.0.1.1\" \/>\n\t\t<meta property=\"og:locale\" content=\"es_ES\" \/>\n\t\t<meta property=\"og:site_name\" content=\"Contadores P\u00fablicos - Portal para Contadores P\u00fablicos y empresarios\" \/>\n\t\t<meta property=\"og:type\" content=\"article\" \/>\n\t\t<meta property=\"og:title\" content=\"\u00bfY en donde est\u00e1n los gremios de Bucaramanga? - Contadores P\u00fablicos\" \/>\n\t\t<meta property=\"og:description\" content=\"Y como siempre nos preguntamos en d\u00f3nde est\u00e1n los representantes de los gremios de Bucaramanga, cuando no se han dado por enterado del regalito que el Alcalde y el concejo de la ciudad bonita le dieron a los contribuyentes, el acuerdo 33 de diciembre de 2020, y el decreto reglamentario 38 de marzo de 2021,\" \/>\n\t\t<meta property=\"og:url\" content=\"https:\/\/contadoreshoy.com\/?p=13304\" \/>\n\t\t<meta property=\"og:image\" content=\"https:\/\/contadoreshoy.com\/wp-content\/uploads\/2024\/01\/cropped-cropped-cropped-Copia-de-M.jpg\" \/>\n\t\t<meta property=\"og:image:secure_url\" content=\"https:\/\/contadoreshoy.com\/wp-content\/uploads\/2024\/01\/cropped-cropped-cropped-Copia-de-M.jpg\" \/>\n\t\t<meta property=\"og:image:width\" content=\"512\" \/>\n\t\t<meta property=\"og:image:height\" content=\"371\" \/>\n\t\t<meta property=\"article:published_time\" content=\"2021-04-20T01:04:42+00:00\" \/>\n\t\t<meta property=\"article:modified_time\" content=\"2021-04-20T16:53:58+00:00\" \/>\n\t\t<meta name=\"twitter:card\" content=\"summary_large_image\" \/>\n\t\t<meta name=\"twitter:title\" content=\"\u00bfY en donde est\u00e1n los gremios de Bucaramanga? - Contadores P\u00fablicos\" \/>\n\t\t<meta name=\"twitter:description\" content=\"Y como siempre nos preguntamos en d\u00f3nde est\u00e1n los representantes de los gremios de Bucaramanga, cuando no se han dado por enterado del regalito que el Alcalde y el concejo de la ciudad bonita le dieron a los contribuyentes, el acuerdo 33 de diciembre de 2020, y el decreto reglamentario 38 de marzo de 2021,\" \/>\n\t\t<meta name=\"twitter:image\" content=\"https:\/\/contadoreshoy.com\/wp-content\/uploads\/2024\/01\/cropped-cropped-cropped-Copia-de-M.jpg\" \/>\n\t\t<script type=\"application\/ld+json\" class=\"aioseo-schema\">\n\t\t\t{\"@context\":\"https:\\\/\\\/schema.org\",\"@graph\":[{\"@type\":\"BlogPosting\",\"@id\":\"https:\\\/\\\/contadoreshoy.com\\\/?p=13304#blogposting\",\"name\":\"\\u00bfY en donde est\\u00e1n los gremios de Bucaramanga? - Contadores P\\u00fablicos\",\"headline\":\"\\u00bfY en donde est\\u00e1n los gremios de Bucaramanga?\",\"author\":{\"@id\":\"https:\\\/\\\/contadoreshoy.com\\\/?author=1#author\"},\"publisher\":{\"@id\":\"https:\\\/\\\/contadoreshoy.com\\\/#organization\"},\"image\":{\"@type\":\"ImageObject\",\"url\":\"https:\\\/\\\/contadoreshoy.com\\\/wp-content\\\/uploads\\\/2021\\\/04\\\/CHULOS-BUCARAMANGA.png\",\"width\":2002,\"height\":1127},\"datePublished\":\"2021-04-19T20:04:42-05:00\",\"dateModified\":\"2021-04-20T11:53:58-05:00\",\"inLanguage\":\"es-ES\",\"mainEntityOfPage\":{\"@id\":\"https:\\\/\\\/contadoreshoy.com\\\/?p=13304#webpage\"},\"isPartOf\":{\"@id\":\"https:\\\/\\\/contadoreshoy.com\\\/?p=13304#webpage\"},\"articleSection\":\"Sin categor\\u00eda, Ultimas Noticias, Uncategorized\"},{\"@type\":\"BreadcrumbList\",\"@id\":\"https:\\\/\\\/contadoreshoy.com\\\/?p=13304#breadcrumblist\",\"itemListElement\":[{\"@type\":\"ListItem\",\"@id\":\"https:\\\/\\\/contadoreshoy.com#listItem\",\"position\":1,\"name\":\"Home\",\"item\":\"https:\\\/\\\/contadoreshoy.com\",\"nextItem\":{\"@type\":\"ListItem\",\"@id\":\"https:\\\/\\\/contadoreshoy.com\\\/?cat=1#listItem\",\"name\":\"Uncategorized\"}},{\"@type\":\"ListItem\",\"@id\":\"https:\\\/\\\/contadoreshoy.com\\\/?cat=1#listItem\",\"position\":2,\"name\":\"Uncategorized\",\"item\":\"https:\\\/\\\/contadoreshoy.com\\\/?cat=1\",\"nextItem\":{\"@type\":\"ListItem\",\"@id\":\"https:\\\/\\\/contadoreshoy.com\\\/?p=13304#listItem\",\"name\":\"\\u00bfY en donde est\\u00e1n los gremios de Bucaramanga?\"},\"previousItem\":{\"@type\":\"ListItem\",\"@id\":\"https:\\\/\\\/contadoreshoy.com#listItem\",\"name\":\"Home\"}},{\"@type\":\"ListItem\",\"@id\":\"https:\\\/\\\/contadoreshoy.com\\\/?p=13304#listItem\",\"position\":3,\"name\":\"\\u00bfY en donde est\\u00e1n los gremios de Bucaramanga?\",\"previousItem\":{\"@type\":\"ListItem\",\"@id\":\"https:\\\/\\\/contadoreshoy.com\\\/?cat=1#listItem\",\"name\":\"Uncategorized\"}}]},{\"@type\":\"Organization\",\"@id\":\"https:\\\/\\\/contadoreshoy.com\\\/#organization\",\"name\":\"Contadores P\\u00fablicos\",\"description\":\"Portal para Contadores P\\u00fablicos y empresarios\",\"url\":\"https:\\\/\\\/contadoreshoy.com\\\/\",\"logo\":{\"@type\":\"ImageObject\",\"url\":\"https:\\\/\\\/contadoreshoy.com\\\/wp-content\\\/uploads\\\/2024\\\/01\\\/cropped-cropped-Copia-de-M-1.jpg\",\"@id\":\"https:\\\/\\\/contadoreshoy.com\\\/?p=13304\\\/#organizationLogo\",\"width\":499,\"height\":500},\"image\":{\"@id\":\"https:\\\/\\\/contadoreshoy.com\\\/?p=13304\\\/#organizationLogo\"}},{\"@type\":\"Person\",\"@id\":\"https:\\\/\\\/contadoreshoy.com\\\/?author=1#author\",\"url\":\"https:\\\/\\\/contadoreshoy.com\\\/?author=1\",\"name\":\"Miguel Antonio M\\u00e1rquez Monta\\u00f1ez\"},{\"@type\":\"WebPage\",\"@id\":\"https:\\\/\\\/contadoreshoy.com\\\/?p=13304#webpage\",\"url\":\"https:\\\/\\\/contadoreshoy.com\\\/?p=13304\",\"name\":\"\\u00bfY en donde est\\u00e1n los gremios de Bucaramanga? - Contadores P\\u00fablicos\",\"description\":\"Y como siempre nos preguntamos en d\\u00f3nde est\\u00e1n los representantes de los gremios de Bucaramanga, cuando no se han dado por enterado del regalito que el Alcalde y el concejo de la ciudad bonita le dieron a los contribuyentes, el acuerdo 33 de diciembre de 2020, y el decreto reglamentario 38 de marzo de 2021,\",\"inLanguage\":\"es-ES\",\"isPartOf\":{\"@id\":\"https:\\\/\\\/contadoreshoy.com\\\/#website\"},\"breadcrumb\":{\"@id\":\"https:\\\/\\\/contadoreshoy.com\\\/?p=13304#breadcrumblist\"},\"author\":{\"@id\":\"https:\\\/\\\/contadoreshoy.com\\\/?author=1#author\"},\"creator\":{\"@id\":\"https:\\\/\\\/contadoreshoy.com\\\/?author=1#author\"},\"image\":{\"@type\":\"ImageObject\",\"url\":\"https:\\\/\\\/contadoreshoy.com\\\/wp-content\\\/uploads\\\/2021\\\/04\\\/CHULOS-BUCARAMANGA.png\",\"@id\":\"https:\\\/\\\/contadoreshoy.com\\\/?p=13304\\\/#mainImage\",\"width\":2002,\"height\":1127},\"primaryImageOfPage\":{\"@id\":\"https:\\\/\\\/contadoreshoy.com\\\/?p=13304#mainImage\"},\"datePublished\":\"2021-04-19T20:04:42-05:00\",\"dateModified\":\"2021-04-20T11:53:58-05:00\"},{\"@type\":\"WebSite\",\"@id\":\"https:\\\/\\\/contadoreshoy.com\\\/#website\",\"url\":\"https:\\\/\\\/contadoreshoy.com\\\/\",\"name\":\"Contadores P\\u00fablicos\",\"description\":\"Portal para Contadores P\\u00fablicos y empresarios\",\"inLanguage\":\"es-ES\",\"publisher\":{\"@id\":\"https:\\\/\\\/contadoreshoy.com\\\/#organization\"}}]}\n\t\t<\/script>\n\t\t<!-- All in One SEO -->\n\n","aioseo_head_json":{"title":"\u00bfY en donde est\u00e1n los gremios de Bucaramanga? - Contadores P\u00fablicos","description":"Y como siempre nos preguntamos en d\u00f3nde est\u00e1n los representantes de los gremios de Bucaramanga, cuando no se han dado por enterado del regalito que el Alcalde y el concejo de la ciudad bonita le dieron a los contribuyentes, el acuerdo 33 de diciembre de 2020, y el decreto reglamentario 38 de marzo de 2021,","canonical_url":"https:\/\/contadoreshoy.com\/?p=13304","robots":"max-image-preview:large","keywords":"","webmasterTools":{"miscellaneous":""},"schema":{"@context":"https:\/\/schema.org","@graph":[{"@type":"BlogPosting","@id":"https:\/\/contadoreshoy.com\/?p=13304#blogposting","name":"\u00bfY en donde est\u00e1n los gremios de Bucaramanga? - Contadores P\u00fablicos","headline":"\u00bfY en donde est\u00e1n los gremios de Bucaramanga?","author":{"@id":"https:\/\/contadoreshoy.com\/?author=1#author"},"publisher":{"@id":"https:\/\/contadoreshoy.com\/#organization"},"image":{"@type":"ImageObject","url":"https:\/\/contadoreshoy.com\/wp-content\/uploads\/2021\/04\/CHULOS-BUCARAMANGA.png","width":2002,"height":1127},"datePublished":"2021-04-19T20:04:42-05:00","dateModified":"2021-04-20T11:53:58-05:00","inLanguage":"es-ES","mainEntityOfPage":{"@id":"https:\/\/contadoreshoy.com\/?p=13304#webpage"},"isPartOf":{"@id":"https:\/\/contadoreshoy.com\/?p=13304#webpage"},"articleSection":"Sin categor\u00eda, Ultimas Noticias, Uncategorized"},{"@type":"BreadcrumbList","@id":"https:\/\/contadoreshoy.com\/?p=13304#breadcrumblist","itemListElement":[{"@type":"ListItem","@id":"https:\/\/contadoreshoy.com#listItem","position":1,"name":"Home","item":"https:\/\/contadoreshoy.com","nextItem":{"@type":"ListItem","@id":"https:\/\/contadoreshoy.com\/?cat=1#listItem","name":"Uncategorized"}},{"@type":"ListItem","@id":"https:\/\/contadoreshoy.com\/?cat=1#listItem","position":2,"name":"Uncategorized","item":"https:\/\/contadoreshoy.com\/?cat=1","nextItem":{"@type":"ListItem","@id":"https:\/\/contadoreshoy.com\/?p=13304#listItem","name":"\u00bfY en donde est\u00e1n los gremios de Bucaramanga?"},"previousItem":{"@type":"ListItem","@id":"https:\/\/contadoreshoy.com#listItem","name":"Home"}},{"@type":"ListItem","@id":"https:\/\/contadoreshoy.com\/?p=13304#listItem","position":3,"name":"\u00bfY en donde est\u00e1n los gremios de Bucaramanga?","previousItem":{"@type":"ListItem","@id":"https:\/\/contadoreshoy.com\/?cat=1#listItem","name":"Uncategorized"}}]},{"@type":"Organization","@id":"https:\/\/contadoreshoy.com\/#organization","name":"Contadores P\u00fablicos","description":"Portal para Contadores P\u00fablicos y empresarios","url":"https:\/\/contadoreshoy.com\/","logo":{"@type":"ImageObject","url":"https:\/\/contadoreshoy.com\/wp-content\/uploads\/2024\/01\/cropped-cropped-Copia-de-M-1.jpg","@id":"https:\/\/contadoreshoy.com\/?p=13304\/#organizationLogo","width":499,"height":500},"image":{"@id":"https:\/\/contadoreshoy.com\/?p=13304\/#organizationLogo"}},{"@type":"Person","@id":"https:\/\/contadoreshoy.com\/?author=1#author","url":"https:\/\/contadoreshoy.com\/?author=1","name":"Miguel Antonio M\u00e1rquez Monta\u00f1ez"},{"@type":"WebPage","@id":"https:\/\/contadoreshoy.com\/?p=13304#webpage","url":"https:\/\/contadoreshoy.com\/?p=13304","name":"\u00bfY en donde est\u00e1n los gremios de Bucaramanga? - Contadores P\u00fablicos","description":"Y como siempre nos preguntamos en d\u00f3nde est\u00e1n los representantes de los gremios de Bucaramanga, cuando no se han dado por enterado del regalito que el Alcalde y el concejo de la ciudad bonita le dieron a los contribuyentes, el acuerdo 33 de diciembre de 2020, y el decreto reglamentario 38 de marzo de 2021,","inLanguage":"es-ES","isPartOf":{"@id":"https:\/\/contadoreshoy.com\/#website"},"breadcrumb":{"@id":"https:\/\/contadoreshoy.com\/?p=13304#breadcrumblist"},"author":{"@id":"https:\/\/contadoreshoy.com\/?author=1#author"},"creator":{"@id":"https:\/\/contadoreshoy.com\/?author=1#author"},"image":{"@type":"ImageObject","url":"https:\/\/contadoreshoy.com\/wp-content\/uploads\/2021\/04\/CHULOS-BUCARAMANGA.png","@id":"https:\/\/contadoreshoy.com\/?p=13304\/#mainImage","width":2002,"height":1127},"primaryImageOfPage":{"@id":"https:\/\/contadoreshoy.com\/?p=13304#mainImage"},"datePublished":"2021-04-19T20:04:42-05:00","dateModified":"2021-04-20T11:53:58-05:00"},{"@type":"WebSite","@id":"https:\/\/contadoreshoy.com\/#website","url":"https:\/\/contadoreshoy.com\/","name":"Contadores P\u00fablicos","description":"Portal para Contadores P\u00fablicos y empresarios","inLanguage":"es-ES","publisher":{"@id":"https:\/\/contadoreshoy.com\/#organization"}}]},"og:locale":"es_ES","og:site_name":"Contadores P\u00fablicos - Portal para Contadores P\u00fablicos y empresarios","og:type":"article","og:title":"\u00bfY en donde est\u00e1n los gremios de Bucaramanga? - Contadores P\u00fablicos","og:description":"Y como siempre nos preguntamos en d\u00f3nde est\u00e1n los representantes de los gremios de Bucaramanga, cuando no se han dado por enterado del regalito que el Alcalde y el concejo de la ciudad bonita le dieron a los contribuyentes, el acuerdo 33 de diciembre de 2020, y el decreto reglamentario 38 de marzo de 2021,","og:url":"https:\/\/contadoreshoy.com\/?p=13304","og:image":"https:\/\/contadoreshoy.com\/wp-content\/uploads\/2024\/01\/cropped-cropped-cropped-Copia-de-M.jpg","og:image:secure_url":"https:\/\/contadoreshoy.com\/wp-content\/uploads\/2024\/01\/cropped-cropped-cropped-Copia-de-M.jpg","og:image:width":512,"og:image:height":371,"article:published_time":"2021-04-20T01:04:42+00:00","article:modified_time":"2021-04-20T16:53:58+00:00","twitter:card":"summary_large_image","twitter:title":"\u00bfY en donde est\u00e1n los gremios de Bucaramanga? - Contadores P\u00fablicos","twitter:description":"Y como siempre nos preguntamos en d\u00f3nde est\u00e1n los representantes de los gremios de Bucaramanga, cuando no se han dado por enterado del regalito que el Alcalde y el concejo de la ciudad bonita le dieron a los contribuyentes, el acuerdo 33 de diciembre de 2020, y el decreto reglamentario 38 de marzo de 2021,","twitter:image":"https:\/\/contadoreshoy.com\/wp-content\/uploads\/2024\/01\/cropped-cropped-cropped-Copia-de-M.jpg"},"aioseo_meta_data":{"post_id":"13304","title":null,"description":null,"keywords":null,"keyphrases":null,"primary_term":null,"canonical_url":null,"og_title":null,"og_description":null,"og_object_type":"default","og_image_type":"default","og_image_url":null,"og_image_width":null,"og_image_height":null,"og_image_custom_url":null,"og_image_custom_fields":null,"og_video":null,"og_custom_url":null,"og_article_section":null,"og_article_tags":null,"twitter_use_og":false,"twitter_card":"default","twitter_image_type":"default","twitter_image_url":null,"twitter_image_custom_url":null,"twitter_image_custom_fields":null,"twitter_title":null,"twitter_description":null,"schema":{"blockGraphs":[],"customGraphs":[],"default":{"data":{"Article":[],"Course":[],"Dataset":[],"FAQPage":[],"Movie":[],"Person":[],"Product":[],"ProductReview":[],"Car":[],"Recipe":[],"Service":[],"SoftwareApplication":[],"WebPage":[]},"graphName":"","isEnabled":true},"graphs":[]},"schema_type":"default","schema_type_options":null,"pillar_content":false,"robots_default":true,"robots_noindex":false,"robots_noarchive":false,"robots_nosnippet":false,"robots_nofollow":false,"robots_noimageindex":false,"robots_noodp":false,"robots_notranslate":false,"robots_max_snippet":null,"robots_max_videopreview":null,"robots_max_imagepreview":"large","priority":null,"frequency":null,"local_seo":null,"breadcrumb_settings":null,"limit_modified_date":false,"ai":null,"created":"2024-03-05 02:31:26","updated":"2026-03-03 05:35:42","seo_analyzer_scan_date":null,"focus_keyword":null,"additional_keywords":null,"truseo_locale":null},"aioseo_breadcrumb":"<div class=\"aioseo-breadcrumbs\"><span class=\"aioseo-breadcrumb\">\n\t\t\t<a href=\"https:\/\/contadoreshoy.com\" title=\"Home\">Home<\/a>\n\t\t<\/span><span class=\"aioseo-breadcrumb-separator\">&raquo;<\/span><span class=\"aioseo-breadcrumb\">\n\t\t\t<a href=\"https:\/\/contadoreshoy.com\/?cat=1\" title=\"Uncategorized\">Uncategorized<\/a>\n\t\t<\/span><span class=\"aioseo-breadcrumb-separator\">&raquo;<\/span><span class=\"aioseo-breadcrumb\">\n\t\t\t\u00bfY en donde est\u00e1n los gremios de Bucaramanga?\n\t\t<\/span><\/div>","aioseo_breadcrumb_json":[{"label":"Home","link":"https:\/\/contadoreshoy.com"},{"label":"Uncategorized","link":"https:\/\/contadoreshoy.com\/?cat=1"},{"label":"\u00bfY en donde est\u00e1n los gremios de Bucaramanga?","link":"https:\/\/contadoreshoy.com\/?p=13304"}],"yoast_head":"<!-- This site is optimized with the Yoast SEO plugin v28.4 - https:\/\/yoast.com\/product\/yoast-seo-wordpress\/ -->\n<title>\u00bfY en donde est\u00e1n los gremios de Bucaramanga? - Contadores P\u00fablicos<\/title>\n<meta name=\"robots\" content=\"index, follow, max-snippet:-1, max-image-preview:large, max-video-preview:-1\" \/>\n<link rel=\"canonical\" href=\"https:\/\/contadoreshoy.com\/?p=13304\" \/>\n<meta property=\"og:locale\" content=\"es_ES\" \/>\n<meta property=\"og:type\" content=\"article\" \/>\n<meta property=\"og:title\" content=\"\u00bfY en donde est\u00e1n los gremios de Bucaramanga? - Contadores P\u00fablicos\" \/>\n<meta property=\"og:url\" content=\"https:\/\/contadoreshoy.com\/?p=13304\" \/>\n<meta property=\"og:site_name\" content=\"Contadores P\u00fablicos\" \/>\n<meta property=\"article:publisher\" content=\"https:\/\/www.facebook.com\/CCCPBucaramanga\/\" \/>\n<meta property=\"article:published_time\" content=\"2021-04-20T01:04:42+00:00\" \/>\n<meta property=\"article:modified_time\" content=\"2021-04-20T16:53:58+00:00\" \/>\n<meta property=\"og:image\" content=\"https:\/\/contadoreshoy.com\/wp-content\/uploads\/2021\/04\/CHULOS-BUCARAMANGA.png\" \/>\n\t<meta property=\"og:image:width\" content=\"2002\" \/>\n\t<meta property=\"og:image:height\" content=\"1127\" \/>\n\t<meta property=\"og:image:type\" content=\"image\/png\" \/>\n<meta name=\"author\" content=\"Miguel Antonio M\u00e1rquez Monta\u00f1ez\" \/>\n<meta name=\"twitter:card\" content=\"summary_large_image\" \/>\n<meta name=\"twitter:label1\" content=\"Escrito por\" \/>\n\t<meta name=\"twitter:data1\" content=\"Miguel Antonio M\u00e1rquez Monta\u00f1ez\" \/>\n\t<meta name=\"twitter:label2\" content=\"Tiempo de lectura\" \/>\n\t<meta name=\"twitter:data2\" content=\"4 minutos\" \/>\n<script type=\"application\/ld+json\" class=\"yoast-schema-graph\">{\"@context\":\"https:\\\/\\\/schema.org\",\"@graph\":[{\"@type\":\"Article\",\"@id\":\"https:\\\/\\\/contadoreshoy.com\\\/?p=13304#article\",\"isPartOf\":{\"@id\":\"https:\\\/\\\/contadoreshoy.com\\\/?p=13304\"},\"author\":{\"name\":\"Miguel Antonio M\u00e1rquez Monta\u00f1ez\",\"@id\":\"https:\\\/\\\/contadoreshoy.com\\\/#\\\/schema\\\/person\\\/96d8979cb865537c5dc9345e40089fc5\"},\"headline\":\"\u00bfY en donde est\u00e1n los gremios de Bucaramanga?\",\"datePublished\":\"2021-04-20T01:04:42+00:00\",\"dateModified\":\"2021-04-20T16:53:58+00:00\",\"mainEntityOfPage\":{\"@id\":\"https:\\\/\\\/contadoreshoy.com\\\/?p=13304\"},\"wordCount\":839,\"commentCount\":0,\"publisher\":{\"@id\":\"https:\\\/\\\/contadoreshoy.com\\\/#organization\"},\"image\":{\"@id\":\"https:\\\/\\\/contadoreshoy.com\\\/?p=13304#primaryimage\"},\"thumbnailUrl\":\"https:\\\/\\\/contadoreshoy.com\\\/wp-content\\\/uploads\\\/2021\\\/04\\\/CHULOS-BUCARAMANGA.png\",\"articleSection\":{\"1\":\"Ultimas Noticias\",\"2\":\"Uncategorized\"},\"inLanguage\":\"es\",\"potentialAction\":[{\"@type\":\"CommentAction\",\"name\":\"Comment\",\"target\":[\"https:\\\/\\\/contadoreshoy.com\\\/?p=13304#respond\"]}]},{\"@type\":\"WebPage\",\"@id\":\"https:\\\/\\\/contadoreshoy.com\\\/?p=13304\",\"url\":\"https:\\\/\\\/contadoreshoy.com\\\/?p=13304\",\"name\":\"\u00bfY en donde est\u00e1n los gremios de Bucaramanga? - Contadores P\u00fablicos\",\"isPartOf\":{\"@id\":\"https:\\\/\\\/contadoreshoy.com\\\/#website\"},\"primaryImageOfPage\":{\"@id\":\"https:\\\/\\\/contadoreshoy.com\\\/?p=13304#primaryimage\"},\"image\":{\"@id\":\"https:\\\/\\\/contadoreshoy.com\\\/?p=13304#primaryimage\"},\"thumbnailUrl\":\"https:\\\/\\\/contadoreshoy.com\\\/wp-content\\\/uploads\\\/2021\\\/04\\\/CHULOS-BUCARAMANGA.png\",\"datePublished\":\"2021-04-20T01:04:42+00:00\",\"dateModified\":\"2021-04-20T16:53:58+00:00\",\"breadcrumb\":{\"@id\":\"https:\\\/\\\/contadoreshoy.com\\\/?p=13304#breadcrumb\"},\"inLanguage\":\"es\",\"potentialAction\":[{\"@type\":\"ReadAction\",\"target\":[\"https:\\\/\\\/contadoreshoy.com\\\/?p=13304\"]}]},{\"@type\":\"ImageObject\",\"inLanguage\":\"es\",\"@id\":\"https:\\\/\\\/contadoreshoy.com\\\/?p=13304#primaryimage\",\"url\":\"https:\\\/\\\/contadoreshoy.com\\\/wp-content\\\/uploads\\\/2021\\\/04\\\/CHULOS-BUCARAMANGA.png\",\"contentUrl\":\"https:\\\/\\\/contadoreshoy.com\\\/wp-content\\\/uploads\\\/2021\\\/04\\\/CHULOS-BUCARAMANGA.png\",\"width\":2002,\"height\":1127},{\"@type\":\"BreadcrumbList\",\"@id\":\"https:\\\/\\\/contadoreshoy.com\\\/?p=13304#breadcrumb\",\"itemListElement\":[{\"@type\":\"ListItem\",\"position\":1,\"name\":\"Portada\",\"item\":\"https:\\\/\\\/contadoreshoy.com\\\/\"},{\"@type\":\"ListItem\",\"position\":2,\"name\":\"\u00bfY en donde est\u00e1n los gremios de Bucaramanga?\"}]},{\"@type\":\"WebSite\",\"@id\":\"https:\\\/\\\/contadoreshoy.com\\\/#website\",\"url\":\"https:\\\/\\\/contadoreshoy.com\\\/\",\"name\":\"Contadorespublicossantander\",\"description\":\"Portal para Contadores P\u00fablicos y empresarios\",\"publisher\":{\"@id\":\"https:\\\/\\\/contadoreshoy.com\\\/#organization\"},\"potentialAction\":[{\"@type\":\"SearchAction\",\"target\":{\"@type\":\"EntryPoint\",\"urlTemplate\":\"https:\\\/\\\/contadoreshoy.com\\\/?s={search_term_string}\"},\"query-input\":{\"@type\":\"PropertyValueSpecification\",\"valueRequired\":true,\"valueName\":\"search_term_string\"}}],\"inLanguage\":\"es\"},{\"@type\":\"Organization\",\"@id\":\"https:\\\/\\\/contadoreshoy.com\\\/#organization\",\"name\":\"Contadores P\u00fablicos de Santander\",\"url\":\"https:\\\/\\\/contadoreshoy.com\\\/\",\"logo\":{\"@type\":\"ImageObject\",\"inLanguage\":\"es\",\"@id\":\"https:\\\/\\\/contadoreshoy.com\\\/#\\\/schema\\\/logo\\\/image\\\/\",\"url\":\"https:\\\/\\\/contadoreshoy.com\\\/wp-content\\\/uploads\\\/2024\\\/01\\\/cropped-cropped-Copia-de-M-1.jpg\",\"contentUrl\":\"https:\\\/\\\/contadoreshoy.com\\\/wp-content\\\/uploads\\\/2024\\\/01\\\/cropped-cropped-Copia-de-M-1.jpg\",\"width\":499,\"height\":500,\"caption\":\"Contadores P\u00fablicos de Santander\"},\"image\":{\"@id\":\"https:\\\/\\\/contadoreshoy.com\\\/#\\\/schema\\\/logo\\\/image\\\/\"},\"sameAs\":[\"https:\\\/\\\/www.facebook.com\\\/CCCPBucaramanga\\\/\"]},{\"@type\":\"Person\",\"@id\":\"https:\\\/\\\/contadoreshoy.com\\\/#\\\/schema\\\/person\\\/96d8979cb865537c5dc9345e40089fc5\",\"name\":\"Miguel Antonio M\u00e1rquez Monta\u00f1ez\",\"description\":\"Contador P\u00fablico egresado de la Universidad Aut\u00f3noma de Bucaramanga - Asesor contable tributario con m\u00e1s de 25 a\u00f1os de experiencia - Conferencista en temas contables y tributarios - T\u00e9cnico en Hardware y Dise\u00f1o Web - Creador y director Grupo de Estudio Colegio Colombiano de Contadores P\u00fablicos de Bucaramanga - Creador y Master Web p\u00e1gina www.contadoresp\u00fablicossantander.com - Expresidente Colegio Colombiano de Contadores P\u00fablicos Bucaramanga\",\"url\":\"https:\\\/\\\/contadoreshoy.com\\\/?author=1\"}]}<\/script>\n<!-- \/ Yoast SEO plugin. -->","yoast_head_json":{"title":"\u00bfY en donde est\u00e1n los gremios de Bucaramanga? - Contadores P\u00fablicos","robots":{"index":"index","follow":"follow","max-snippet":"max-snippet:-1","max-image-preview":"max-image-preview:large","max-video-preview":"max-video-preview:-1"},"canonical":"https:\/\/contadoreshoy.com\/?p=13304","og_locale":"es_ES","og_type":"article","og_title":"\u00bfY en donde est\u00e1n los gremios de Bucaramanga? - Contadores P\u00fablicos","og_url":"https:\/\/contadoreshoy.com\/?p=13304","og_site_name":"Contadores P\u00fablicos","article_publisher":"https:\/\/www.facebook.com\/CCCPBucaramanga\/","article_published_time":"2021-04-20T01:04:42+00:00","article_modified_time":"2021-04-20T16:53:58+00:00","og_image":[{"width":2002,"height":1127,"url":"https:\/\/contadoreshoy.com\/wp-content\/uploads\/2021\/04\/CHULOS-BUCARAMANGA.png","type":"image\/png"}],"author":"Miguel Antonio M\u00e1rquez Monta\u00f1ez","twitter_card":"summary_large_image","twitter_misc":{"Escrito por":"Miguel Antonio M\u00e1rquez Monta\u00f1ez","Tiempo de lectura":"4 minutos"},"schema":{"@context":"https:\/\/schema.org","@graph":[{"@type":"Article","@id":"https:\/\/contadoreshoy.com\/?p=13304#article","isPartOf":{"@id":"https:\/\/contadoreshoy.com\/?p=13304"},"author":{"name":"Miguel Antonio M\u00e1rquez Monta\u00f1ez","@id":"https:\/\/contadoreshoy.com\/#\/schema\/person\/96d8979cb865537c5dc9345e40089fc5"},"headline":"\u00bfY en donde est\u00e1n los gremios de Bucaramanga?","datePublished":"2021-04-20T01:04:42+00:00","dateModified":"2021-04-20T16:53:58+00:00","mainEntityOfPage":{"@id":"https:\/\/contadoreshoy.com\/?p=13304"},"wordCount":839,"commentCount":0,"publisher":{"@id":"https:\/\/contadoreshoy.com\/#organization"},"image":{"@id":"https:\/\/contadoreshoy.com\/?p=13304#primaryimage"},"thumbnailUrl":"https:\/\/contadoreshoy.com\/wp-content\/uploads\/2021\/04\/CHULOS-BUCARAMANGA.png","articleSection":{"1":"Ultimas Noticias","2":"Uncategorized"},"inLanguage":"es","potentialAction":[{"@type":"CommentAction","name":"Comment","target":["https:\/\/contadoreshoy.com\/?p=13304#respond"]}]},{"@type":"WebPage","@id":"https:\/\/contadoreshoy.com\/?p=13304","url":"https:\/\/contadoreshoy.com\/?p=13304","name":"\u00bfY en donde est\u00e1n los gremios de Bucaramanga? - Contadores P\u00fablicos","isPartOf":{"@id":"https:\/\/contadoreshoy.com\/#website"},"primaryImageOfPage":{"@id":"https:\/\/contadoreshoy.com\/?p=13304#primaryimage"},"image":{"@id":"https:\/\/contadoreshoy.com\/?p=13304#primaryimage"},"thumbnailUrl":"https:\/\/contadoreshoy.com\/wp-content\/uploads\/2021\/04\/CHULOS-BUCARAMANGA.png","datePublished":"2021-04-20T01:04:42+00:00","dateModified":"2021-04-20T16:53:58+00:00","breadcrumb":{"@id":"https:\/\/contadoreshoy.com\/?p=13304#breadcrumb"},"inLanguage":"es","potentialAction":[{"@type":"ReadAction","target":["https:\/\/contadoreshoy.com\/?p=13304"]}]},{"@type":"ImageObject","inLanguage":"es","@id":"https:\/\/contadoreshoy.com\/?p=13304#primaryimage","url":"https:\/\/contadoreshoy.com\/wp-content\/uploads\/2021\/04\/CHULOS-BUCARAMANGA.png","contentUrl":"https:\/\/contadoreshoy.com\/wp-content\/uploads\/2021\/04\/CHULOS-BUCARAMANGA.png","width":2002,"height":1127},{"@type":"BreadcrumbList","@id":"https:\/\/contadoreshoy.com\/?p=13304#breadcrumb","itemListElement":[{"@type":"ListItem","position":1,"name":"Portada","item":"https:\/\/contadoreshoy.com\/"},{"@type":"ListItem","position":2,"name":"\u00bfY en donde est\u00e1n los gremios de Bucaramanga?"}]},{"@type":"WebSite","@id":"https:\/\/contadoreshoy.com\/#website","url":"https:\/\/contadoreshoy.com\/","name":"Contadorespublicossantander","description":"Portal para Contadores P\u00fablicos y empresarios","publisher":{"@id":"https:\/\/contadoreshoy.com\/#organization"},"potentialAction":[{"@type":"SearchAction","target":{"@type":"EntryPoint","urlTemplate":"https:\/\/contadoreshoy.com\/?s={search_term_string}"},"query-input":{"@type":"PropertyValueSpecification","valueRequired":true,"valueName":"search_term_string"}}],"inLanguage":"es"},{"@type":"Organization","@id":"https:\/\/contadoreshoy.com\/#organization","name":"Contadores P\u00fablicos de Santander","url":"https:\/\/contadoreshoy.com\/","logo":{"@type":"ImageObject","inLanguage":"es","@id":"https:\/\/contadoreshoy.com\/#\/schema\/logo\/image\/","url":"https:\/\/contadoreshoy.com\/wp-content\/uploads\/2024\/01\/cropped-cropped-Copia-de-M-1.jpg","contentUrl":"https:\/\/contadoreshoy.com\/wp-content\/uploads\/2024\/01\/cropped-cropped-Copia-de-M-1.jpg","width":499,"height":500,"caption":"Contadores P\u00fablicos de Santander"},"image":{"@id":"https:\/\/contadoreshoy.com\/#\/schema\/logo\/image\/"},"sameAs":["https:\/\/www.facebook.com\/CCCPBucaramanga\/"]},{"@type":"Person","@id":"https:\/\/contadoreshoy.com\/#\/schema\/person\/96d8979cb865537c5dc9345e40089fc5","name":"Miguel Antonio M\u00e1rquez Monta\u00f1ez","description":"Contador P\u00fablico egresado de la Universidad Aut\u00f3noma de Bucaramanga - Asesor contable tributario con m\u00e1s de 25 a\u00f1os de experiencia - Conferencista en temas contables y tributarios - T\u00e9cnico en Hardware y Dise\u00f1o Web - Creador y director Grupo de Estudio Colegio Colombiano de Contadores P\u00fablicos de Bucaramanga - Creador y Master Web p\u00e1gina www.contadoresp\u00fablicossantander.com - Expresidente Colegio Colombiano de Contadores P\u00fablicos Bucaramanga","url":"https:\/\/contadoreshoy.com\/?author=1"}]}},"_links":{"self":[{"href":"https:\/\/contadoreshoy.com\/index.php?rest_route=\/wp\/v2\/posts\/13304","targetHints":{"allow":["GET"]}}],"collection":[{"href":"https:\/\/contadoreshoy.com\/index.php?rest_route=\/wp\/v2\/posts"}],"about":[{"href":"https:\/\/contadoreshoy.com\/index.php?rest_route=\/wp\/v2\/types\/post"}],"author":[{"embeddable":true,"href":"https:\/\/contadoreshoy.com\/index.php?rest_route=\/wp\/v2\/users\/1"}],"replies":[{"embeddable":true,"href":"https:\/\/contadoreshoy.com\/index.php?rest_route=%2Fwp%2Fv2%2Fcomments&post=13304"}],"version-history":[{"count":8,"href":"https:\/\/contadoreshoy.com\/index.php?rest_route=\/wp\/v2\/posts\/13304\/revisions"}],"predecessor-version":[{"id":13317,"href":"https:\/\/contadoreshoy.com\/index.php?rest_route=\/wp\/v2\/posts\/13304\/revisions\/13317"}],"wp:featuredmedia":[{"embeddable":true,"href":"https:\/\/contadoreshoy.com\/index.php?rest_route=\/wp\/v2\/media\/13305"}],"wp:attachment":[{"href":"https:\/\/contadoreshoy.com\/index.php?rest_route=%2Fwp%2Fv2%2Fmedia&parent=13304"}],"wp:term":[{"taxonomy":"category","embeddable":true,"href":"https:\/\/contadoreshoy.com\/index.php?rest_route=%2Fwp%2Fv2%2Fcategories&post=13304"},{"taxonomy":"post_tag","embeddable":true,"href":"https:\/\/contadoreshoy.com\/index.php?rest_route=%2Fwp%2Fv2%2Ftags&post=13304"}],"curies":[{"name":"wp","href":"https:\/\/api.w.org\/{rel}","templated":true}]}}