{"id":13360,"date":"2021-06-12T20:41:56","date_gmt":"2021-06-13T01:41:56","guid":{"rendered":"https:\/\/contadoreshoy.com\/?p=13360"},"modified":"2021-06-12T20:45:09","modified_gmt":"2021-06-13T01:45:09","slug":"decreto-616-junio-4-de-2021-equivalencia-experiencia-profesional-previa","status":"publish","type":"post","link":"https:\/\/contadoreshoy.com\/?p=13360","title":{"rendered":"Decreto 616 Junio 4 de 2021 Equivalencia experiencia profesional previa"},"content":{"rendered":"\n<p><img loading=\"lazy\" decoding=\"async\" class=\"aligncenter wp-image-13361 size-full\" src=\"https:\/\/contadoreshoy.com\/wp-content\/uploads\/2021\/06\/Experiencia.jpg\" alt=\"\" width=\"1200\" height=\"753\" srcset=\"https:\/\/contadoreshoy.com\/wp-content\/uploads\/2021\/06\/Experiencia.jpg 1200w, https:\/\/contadoreshoy.com\/wp-content\/uploads\/2021\/06\/Experiencia-600x377.jpg 600w, https:\/\/contadoreshoy.com\/wp-content\/uploads\/2021\/06\/Experiencia-768x482.jpg 768w\" sizes=\"auto, (max-width: 1200px) 100vw, 1200px\" \/><\/p>\n<p style=\"text-align: justify;\"><strong><a href=\"https:\/\/dapre.presidencia.gov.co\/normativa\/normativa\/DECRETO%20616%20DEL%204%20DE%20JUNIO%20DE%202021.pdf\" target=\"_blank\" rel=\"noopener\">Decreto 616 de junio 4 de 2021<\/a>, por el cual se reglamenta lo relacionado con la equivalencia de experiencia profesional previa de estudiantes, para que sea acreditable y v\u00e1lida en sus procesos de inserci\u00f3n laboral en el sector privado, obtenida en la realizaci\u00f3n de pr\u00e1cticas laborales, contratos de aprendizaje, judicaturas, monitorias, contratos laborales, contratos de prestaci\u00f3n de servicios o grupos de investigaci\u00f3n, sobre temas relacionados directamente con el programa acad\u00e9mico o formativo cursado.<\/strong><\/p>\n<p style=\"text-align: justify;\"><strong>\u00bfQu\u00e9 se entiende como pr\u00e1ctica laboral?<\/strong><\/p>\n<p style=\"text-align: justify;\"><strong>Enti\u00e9ndase como pr\u00e1ctica laboral todas aquellas actividades formativas desarrolladas por un estudiante de educaci\u00f3n superior de pregrado y posgrado, en sus niveles t\u00e9cnico profesional, tecnol\u00f3gico y universitario; estudiantes de educaci\u00f3n para el trabajo y desarrollo humano; estudiantes de formaci\u00f3n profesional integral del Servicio Nacional de Aprendizaje &#8211; SENA; estudiantes de escuelas normales superiores; o estudiantes de la oferta de formaci\u00f3n por competencias, en el cual aplica y desarrolla actitudes, habilidades y competencias necesarias para desempe\u00f1arse en el entorno laboral sobre los asuntos relacionados con el programa acad\u00e9mico o plan de estudios que cursa, y que sirve como opci\u00f3n para culminar el proceso educativo y obtener un t\u00edtulo que lo acreditar\u00e1 para el desempe\u00f1o laboral. De esta manera, en el concepto de pr\u00e1ctica laboral se encuentran incluidas las pasant\u00edas y las dem\u00e1s alternativas de etapa productiva de la formaci\u00f3n profesional integral del SENA, y la educaci\u00f3n para el trabajo y desarrollo humano, siempre y cuando se trate de temas relacionados directamente con el programa formativo cursado.<\/strong><\/p>\n<p style=\"text-align: justify;\"><strong>\u00bfC\u00f3mo se acredita la equivalencia de experiencia profesional?<\/strong><\/p>\n<p style=\"text-align: justify;\"><strong>Para acreditar la equivalencia de experiencia profesional previa adquirida mediante pr\u00e1cticas laborales, contrato de aprendizaje, judicatura, contrato laboral o contrato de prestaci\u00f3n de servicios, se deber\u00e1 adelantar el siguiente procedimiento:<\/strong><\/p>\n<ol style=\"text-align: justify;\">\n<li><strong>El escenario de pr\u00e1ctica en la pr\u00e1ctica laboral o judicatura, empresa patrocinadora en el contrato de aprendizaje, el empleador en el contrato laboral y contratante en el contrato de prestaci\u00f3n de servicios, seg\u00fan corresponda, deber\u00e1 emitir una certificaci\u00f3n sobre la actividad adelantada por el estudiante, la cual como m\u00ednimo deber\u00e1 contemplar:<\/strong>\n<ul>\n<li><strong>Nombre e identificaci\u00f3n de las partes;<\/strong><\/li>\n<li><strong>Fecha de inicio;<\/strong><\/li>\n<li><strong>Fecha de terminaci\u00f3n;<\/strong><\/li>\n<li><strong>Actividades adelantadas; horario en el que realiz\u00f3 dichas actividades;<\/strong><\/li>\n<li><strong>Modalidad de vinculaci\u00f3n o contrataci\u00f3n realizada<\/strong><\/li>\n<\/ul>\n<\/li>\n<li><strong>La instituci\u00f3n educativa a la que se encuentre adscrito el estudiante, deber\u00e1 realizar una verificaci\u00f3n de la certificaci\u00f3n a la que se refiere el literal anterior, a efectos de establecer: i) si la persona que solicita el certificado de equivalencia de experiencia profesional previa era estudiante para la fecha de realizaci\u00f3n de la actividad objeto de&nbsp; la validaci\u00f3n, ii) si las actividades contenidas en la certificaci\u00f3n corresponden a temas relacionados directamente con el programa acad\u00e9mico cursado, y iii) si el estudiante termin\u00f3 acad\u00e9micamente o es graduado. Si la instituci\u00f3n educativa encuentra acreditados todos los requisitos se\u00f1alados en este art\u00edculo, deber\u00e1 emitir una certificaci\u00f3n de equivalencia de experiencia profesional previa en la cual deber\u00e1 se\u00f1alar:<\/strong>\n<ul>\n<li><strong>Nombre e identificaci\u00f3n de las partes;<\/strong><\/li>\n<li><strong>Fecha de inicio;<\/strong><\/li>\n<li><strong>Fecha de terminaci\u00f3n;<\/strong><\/li>\n<li><strong>Actividades adelantadas;<\/strong><\/li>\n<li><strong>Horario en el que realiz\u00f3 dichas actividades;<\/strong><\/li>\n<li><strong>Modalidad de vinculaci\u00f3n o contrataci\u00f3n realizada.<\/strong><\/li>\n<\/ul>\n<\/li>\n<\/ol>\n<p style=\"text-align: justify;\"><strong>La solicitud a la que se refiere el presente literal deber\u00e1 ser resuelta dentro de los quince (15) d\u00edas h\u00e1biles siguientes de su recepci\u00f3n.<\/strong><\/p>\n<p style=\"text-align: justify;\"><strong>\u00bfCu\u00e1l es el porcentaje de equivalencia de experiencia profesional previa?<\/strong><\/p>\n<p style=\"text-align: justify;\"><strong>Los certificados de equivalencia de experiencia profesional previa, reconocer\u00e1n el 80% de la intensidad horaria dedicada a la actividad reconocida como experiencia profesional v\u00e1lida.<\/strong><\/p>\n<p style=\"text-align: justify;\"><strong><a href=\"https:\/\/dapre.presidencia.gov.co\/normativa\/normativa\/DECRETO%20616%20DEL%204%20DE%20JUNIO%20DE%202021.pdf\" target=\"_blank\" rel=\"noopener\">Para descargar Decreto 616 de junio 4 de 2021, dar clic en este enlace<\/a><\/strong><\/p>\n","protected":false},"excerpt":{"rendered":"","protected":false},"author":1,"featured_media":13361,"comment_status":"open","ping_status":"open","sticky":false,"template":"","format":"standard","meta":{"_monsterinsights_skip_tracking":false,"ngg_post_thumbnail":0,"footnotes":"","_links_to":"","_links_to_target":""},"categories":[454,458,1],"tags":[],"class_list":["post-13360","post","type-post","status-publish","format-standard","has-post-thumbnail","hentry","category-sin-categoria","category-ultimas","category-uncategorized"],"aioseo_notices":[],"aioseo_head":"\n\t\t<!-- All in One SEO 5.0.1.1 - aioseo.com -->\n\t<meta name=\"description\" content=\"Decreto 616 de junio 4 de 2021, por el cual se reglamenta lo relacionado con la equivalencia de experiencia profesional previa de estudiantes, para que sea acreditable y v\u00e1lida en sus procesos de inserci\u00f3n laboral en el sector privado, obtenida en la realizaci\u00f3n de pr\u00e1cticas laborales, contratos de aprendizaje, judicaturas, monitorias, contratos laborales, contratos de\" \/>\n\t<meta name=\"robots\" content=\"max-image-preview:large\" \/>\n\t<meta name=\"author\" content=\"Miguel Antonio M\u00e1rquez Monta\u00f1ez\"\/>\n\t<link rel=\"canonical\" href=\"https:\/\/contadoreshoy.com\/?p=13360\" \/>\n\t<meta name=\"generator\" content=\"All in One SEO (AIOSEO) 5.0.1.1\" \/>\n\t\t<meta property=\"og:locale\" content=\"es_ES\" \/>\n\t\t<meta property=\"og:site_name\" content=\"Contadores P\u00fablicos - Portal para Contadores P\u00fablicos y empresarios\" \/>\n\t\t<meta property=\"og:type\" content=\"article\" \/>\n\t\t<meta property=\"og:title\" content=\"Decreto 616 Junio 4 de 2021 Equivalencia experiencia profesional previa - Contadores P\u00fablicos\" \/>\n\t\t<meta property=\"og:description\" content=\"Decreto 616 de junio 4 de 2021, por el cual se reglamenta lo relacionado con la equivalencia de experiencia profesional previa de estudiantes, para que sea acreditable y v\u00e1lida en sus procesos de inserci\u00f3n laboral en el sector privado, obtenida en la realizaci\u00f3n de pr\u00e1cticas laborales, contratos de aprendizaje, judicaturas, monitorias, contratos laborales, contratos de\" \/>\n\t\t<meta property=\"og:url\" content=\"https:\/\/contadoreshoy.com\/?p=13360\" \/>\n\t\t<meta property=\"og:image\" content=\"https:\/\/contadoreshoy.com\/wp-content\/uploads\/2024\/01\/cropped-cropped-cropped-Copia-de-M.jpg\" \/>\n\t\t<meta property=\"og:image:secure_url\" content=\"https:\/\/contadoreshoy.com\/wp-content\/uploads\/2024\/01\/cropped-cropped-cropped-Copia-de-M.jpg\" \/>\n\t\t<meta property=\"og:image:width\" content=\"512\" \/>\n\t\t<meta property=\"og:image:height\" content=\"371\" \/>\n\t\t<meta property=\"article:published_time\" content=\"2021-06-13T01:41:56+00:00\" \/>\n\t\t<meta property=\"article:modified_time\" content=\"2021-06-13T01:45:09+00:00\" \/>\n\t\t<meta name=\"twitter:card\" content=\"summary_large_image\" \/>\n\t\t<meta name=\"twitter:title\" content=\"Decreto 616 Junio 4 de 2021 Equivalencia experiencia profesional previa - Contadores P\u00fablicos\" \/>\n\t\t<meta name=\"twitter:description\" content=\"Decreto 616 de junio 4 de 2021, por el cual se reglamenta lo relacionado con la equivalencia de experiencia profesional previa de estudiantes, para que sea acreditable y v\u00e1lida en sus procesos de inserci\u00f3n laboral en el sector privado, obtenida en la realizaci\u00f3n de pr\u00e1cticas laborales, contratos de aprendizaje, judicaturas, monitorias, contratos laborales, contratos de\" \/>\n\t\t<meta name=\"twitter:image\" content=\"https:\/\/contadoreshoy.com\/wp-content\/uploads\/2024\/01\/cropped-cropped-cropped-Copia-de-M.jpg\" \/>\n\t\t<script type=\"application\/ld+json\" class=\"aioseo-schema\">\n\t\t\t{\"@context\":\"https:\\\/\\\/schema.org\",\"@graph\":[{\"@type\":\"BlogPosting\",\"@id\":\"https:\\\/\\\/contadoreshoy.com\\\/?p=13360#blogposting\",\"name\":\"Decreto 616 Junio 4 de 2021 Equivalencia experiencia profesional previa - Contadores P\\u00fablicos\",\"headline\":\"Decreto 616 Junio 4 de 2021 Equivalencia experiencia profesional previa\",\"author\":{\"@id\":\"https:\\\/\\\/contadoreshoy.com\\\/?author=1#author\"},\"publisher\":{\"@id\":\"https:\\\/\\\/contadoreshoy.com\\\/#organization\"},\"image\":{\"@type\":\"ImageObject\",\"url\":\"https:\\\/\\\/contadoreshoy.com\\\/wp-content\\\/uploads\\\/2021\\\/06\\\/Experiencia.jpg\",\"width\":1200,\"height\":753},\"datePublished\":\"2021-06-12T20:41:56-05:00\",\"dateModified\":\"2021-06-12T20:45:09-05:00\",\"inLanguage\":\"es-ES\",\"mainEntityOfPage\":{\"@id\":\"https:\\\/\\\/contadoreshoy.com\\\/?p=13360#webpage\"},\"isPartOf\":{\"@id\":\"https:\\\/\\\/contadoreshoy.com\\\/?p=13360#webpage\"},\"articleSection\":\"Sin categor\\u00eda, Ultimas Noticias, Uncategorized\"},{\"@type\":\"BreadcrumbList\",\"@id\":\"https:\\\/\\\/contadoreshoy.com\\\/?p=13360#breadcrumblist\",\"itemListElement\":[{\"@type\":\"ListItem\",\"@id\":\"https:\\\/\\\/contadoreshoy.com#listItem\",\"position\":1,\"name\":\"Home\",\"item\":\"https:\\\/\\\/contadoreshoy.com\",\"nextItem\":{\"@type\":\"ListItem\",\"@id\":\"https:\\\/\\\/contadoreshoy.com\\\/?cat=1#listItem\",\"name\":\"Uncategorized\"}},{\"@type\":\"ListItem\",\"@id\":\"https:\\\/\\\/contadoreshoy.com\\\/?cat=1#listItem\",\"position\":2,\"name\":\"Uncategorized\",\"item\":\"https:\\\/\\\/contadoreshoy.com\\\/?cat=1\",\"nextItem\":{\"@type\":\"ListItem\",\"@id\":\"https:\\\/\\\/contadoreshoy.com\\\/?p=13360#listItem\",\"name\":\"Decreto 616 Junio 4 de 2021 Equivalencia experiencia profesional previa\"},\"previousItem\":{\"@type\":\"ListItem\",\"@id\":\"https:\\\/\\\/contadoreshoy.com#listItem\",\"name\":\"Home\"}},{\"@type\":\"ListItem\",\"@id\":\"https:\\\/\\\/contadoreshoy.com\\\/?p=13360#listItem\",\"position\":3,\"name\":\"Decreto 616 Junio 4 de 2021 Equivalencia experiencia profesional previa\",\"previousItem\":{\"@type\":\"ListItem\",\"@id\":\"https:\\\/\\\/contadoreshoy.com\\\/?cat=1#listItem\",\"name\":\"Uncategorized\"}}]},{\"@type\":\"Organization\",\"@id\":\"https:\\\/\\\/contadoreshoy.com\\\/#organization\",\"name\":\"Contadores P\\u00fablicos\",\"description\":\"Portal para Contadores P\\u00fablicos y empresarios\",\"url\":\"https:\\\/\\\/contadoreshoy.com\\\/\",\"logo\":{\"@type\":\"ImageObject\",\"url\":\"https:\\\/\\\/contadoreshoy.com\\\/wp-content\\\/uploads\\\/2024\\\/01\\\/cropped-cropped-Copia-de-M-1.jpg\",\"@id\":\"https:\\\/\\\/contadoreshoy.com\\\/?p=13360\\\/#organizationLogo\",\"width\":499,\"height\":500},\"image\":{\"@id\":\"https:\\\/\\\/contadoreshoy.com\\\/?p=13360\\\/#organizationLogo\"}},{\"@type\":\"Person\",\"@id\":\"https:\\\/\\\/contadoreshoy.com\\\/?author=1#author\",\"url\":\"https:\\\/\\\/contadoreshoy.com\\\/?author=1\",\"name\":\"Miguel Antonio M\\u00e1rquez Monta\\u00f1ez\"},{\"@type\":\"WebPage\",\"@id\":\"https:\\\/\\\/contadoreshoy.com\\\/?p=13360#webpage\",\"url\":\"https:\\\/\\\/contadoreshoy.com\\\/?p=13360\",\"name\":\"Decreto 616 Junio 4 de 2021 Equivalencia experiencia profesional previa - Contadores P\\u00fablicos\",\"description\":\"Decreto 616 de junio 4 de 2021, por el cual se reglamenta lo relacionado con la equivalencia de experiencia profesional previa de estudiantes, para que sea acreditable y v\\u00e1lida en sus procesos de inserci\\u00f3n laboral en el sector privado, obtenida en la realizaci\\u00f3n de pr\\u00e1cticas laborales, contratos de aprendizaje, judicaturas, monitorias, contratos laborales, contratos de\",\"inLanguage\":\"es-ES\",\"isPartOf\":{\"@id\":\"https:\\\/\\\/contadoreshoy.com\\\/#website\"},\"breadcrumb\":{\"@id\":\"https:\\\/\\\/contadoreshoy.com\\\/?p=13360#breadcrumblist\"},\"author\":{\"@id\":\"https:\\\/\\\/contadoreshoy.com\\\/?author=1#author\"},\"creator\":{\"@id\":\"https:\\\/\\\/contadoreshoy.com\\\/?author=1#author\"},\"image\":{\"@type\":\"ImageObject\",\"url\":\"https:\\\/\\\/contadoreshoy.com\\\/wp-content\\\/uploads\\\/2021\\\/06\\\/Experiencia.jpg\",\"@id\":\"https:\\\/\\\/contadoreshoy.com\\\/?p=13360\\\/#mainImage\",\"width\":1200,\"height\":753},\"primaryImageOfPage\":{\"@id\":\"https:\\\/\\\/contadoreshoy.com\\\/?p=13360#mainImage\"},\"datePublished\":\"2021-06-12T20:41:56-05:00\",\"dateModified\":\"2021-06-12T20:45:09-05:00\"},{\"@type\":\"WebSite\",\"@id\":\"https:\\\/\\\/contadoreshoy.com\\\/#website\",\"url\":\"https:\\\/\\\/contadoreshoy.com\\\/\",\"name\":\"Contadores P\\u00fablicos\",\"description\":\"Portal para Contadores P\\u00fablicos y empresarios\",\"inLanguage\":\"es-ES\",\"publisher\":{\"@id\":\"https:\\\/\\\/contadoreshoy.com\\\/#organization\"}}]}\n\t\t<\/script>\n\t\t<!-- All in One SEO -->\n\n","aioseo_head_json":{"title":"Decreto 616 Junio 4 de 2021 Equivalencia experiencia profesional previa - Contadores P\u00fablicos","description":"Decreto 616 de junio 4 de 2021, por el cual se reglamenta lo relacionado con la equivalencia de experiencia profesional previa de estudiantes, para que sea acreditable y v\u00e1lida en sus procesos de inserci\u00f3n laboral en el sector privado, obtenida en la realizaci\u00f3n de pr\u00e1cticas laborales, contratos de aprendizaje, judicaturas, monitorias, contratos laborales, contratos de","canonical_url":"https:\/\/contadoreshoy.com\/?p=13360","robots":"max-image-preview:large","keywords":"","webmasterTools":{"miscellaneous":""},"schema":{"@context":"https:\/\/schema.org","@graph":[{"@type":"BlogPosting","@id":"https:\/\/contadoreshoy.com\/?p=13360#blogposting","name":"Decreto 616 Junio 4 de 2021 Equivalencia experiencia profesional previa - Contadores P\u00fablicos","headline":"Decreto 616 Junio 4 de 2021 Equivalencia experiencia profesional previa","author":{"@id":"https:\/\/contadoreshoy.com\/?author=1#author"},"publisher":{"@id":"https:\/\/contadoreshoy.com\/#organization"},"image":{"@type":"ImageObject","url":"https:\/\/contadoreshoy.com\/wp-content\/uploads\/2021\/06\/Experiencia.jpg","width":1200,"height":753},"datePublished":"2021-06-12T20:41:56-05:00","dateModified":"2021-06-12T20:45:09-05:00","inLanguage":"es-ES","mainEntityOfPage":{"@id":"https:\/\/contadoreshoy.com\/?p=13360#webpage"},"isPartOf":{"@id":"https:\/\/contadoreshoy.com\/?p=13360#webpage"},"articleSection":"Sin categor\u00eda, Ultimas Noticias, Uncategorized"},{"@type":"BreadcrumbList","@id":"https:\/\/contadoreshoy.com\/?p=13360#breadcrumblist","itemListElement":[{"@type":"ListItem","@id":"https:\/\/contadoreshoy.com#listItem","position":1,"name":"Home","item":"https:\/\/contadoreshoy.com","nextItem":{"@type":"ListItem","@id":"https:\/\/contadoreshoy.com\/?cat=1#listItem","name":"Uncategorized"}},{"@type":"ListItem","@id":"https:\/\/contadoreshoy.com\/?cat=1#listItem","position":2,"name":"Uncategorized","item":"https:\/\/contadoreshoy.com\/?cat=1","nextItem":{"@type":"ListItem","@id":"https:\/\/contadoreshoy.com\/?p=13360#listItem","name":"Decreto 616 Junio 4 de 2021 Equivalencia experiencia profesional previa"},"previousItem":{"@type":"ListItem","@id":"https:\/\/contadoreshoy.com#listItem","name":"Home"}},{"@type":"ListItem","@id":"https:\/\/contadoreshoy.com\/?p=13360#listItem","position":3,"name":"Decreto 616 Junio 4 de 2021 Equivalencia experiencia profesional previa","previousItem":{"@type":"ListItem","@id":"https:\/\/contadoreshoy.com\/?cat=1#listItem","name":"Uncategorized"}}]},{"@type":"Organization","@id":"https:\/\/contadoreshoy.com\/#organization","name":"Contadores P\u00fablicos","description":"Portal para Contadores P\u00fablicos y empresarios","url":"https:\/\/contadoreshoy.com\/","logo":{"@type":"ImageObject","url":"https:\/\/contadoreshoy.com\/wp-content\/uploads\/2024\/01\/cropped-cropped-Copia-de-M-1.jpg","@id":"https:\/\/contadoreshoy.com\/?p=13360\/#organizationLogo","width":499,"height":500},"image":{"@id":"https:\/\/contadoreshoy.com\/?p=13360\/#organizationLogo"}},{"@type":"Person","@id":"https:\/\/contadoreshoy.com\/?author=1#author","url":"https:\/\/contadoreshoy.com\/?author=1","name":"Miguel Antonio M\u00e1rquez Monta\u00f1ez"},{"@type":"WebPage","@id":"https:\/\/contadoreshoy.com\/?p=13360#webpage","url":"https:\/\/contadoreshoy.com\/?p=13360","name":"Decreto 616 Junio 4 de 2021 Equivalencia experiencia profesional previa - Contadores P\u00fablicos","description":"Decreto 616 de junio 4 de 2021, por el cual se reglamenta lo relacionado con la equivalencia de experiencia profesional previa de estudiantes, para que sea acreditable y v\u00e1lida en sus procesos de inserci\u00f3n laboral en el sector privado, obtenida en la realizaci\u00f3n de pr\u00e1cticas laborales, contratos de aprendizaje, judicaturas, monitorias, contratos laborales, contratos de","inLanguage":"es-ES","isPartOf":{"@id":"https:\/\/contadoreshoy.com\/#website"},"breadcrumb":{"@id":"https:\/\/contadoreshoy.com\/?p=13360#breadcrumblist"},"author":{"@id":"https:\/\/contadoreshoy.com\/?author=1#author"},"creator":{"@id":"https:\/\/contadoreshoy.com\/?author=1#author"},"image":{"@type":"ImageObject","url":"https:\/\/contadoreshoy.com\/wp-content\/uploads\/2021\/06\/Experiencia.jpg","@id":"https:\/\/contadoreshoy.com\/?p=13360\/#mainImage","width":1200,"height":753},"primaryImageOfPage":{"@id":"https:\/\/contadoreshoy.com\/?p=13360#mainImage"},"datePublished":"2021-06-12T20:41:56-05:00","dateModified":"2021-06-12T20:45:09-05:00"},{"@type":"WebSite","@id":"https:\/\/contadoreshoy.com\/#website","url":"https:\/\/contadoreshoy.com\/","name":"Contadores P\u00fablicos","description":"Portal para Contadores P\u00fablicos y empresarios","inLanguage":"es-ES","publisher":{"@id":"https:\/\/contadoreshoy.com\/#organization"}}]},"og:locale":"es_ES","og:site_name":"Contadores P\u00fablicos - Portal para Contadores P\u00fablicos y empresarios","og:type":"article","og:title":"Decreto 616 Junio 4 de 2021 Equivalencia experiencia profesional previa - Contadores P\u00fablicos","og:description":"Decreto 616 de junio 4 de 2021, por el cual se reglamenta lo relacionado con la equivalencia de experiencia profesional previa de estudiantes, para que sea acreditable y v\u00e1lida en sus procesos de inserci\u00f3n laboral en el sector privado, obtenida en la realizaci\u00f3n de pr\u00e1cticas laborales, contratos de aprendizaje, judicaturas, monitorias, contratos laborales, contratos de","og:url":"https:\/\/contadoreshoy.com\/?p=13360","og:image":"https:\/\/contadoreshoy.com\/wp-content\/uploads\/2024\/01\/cropped-cropped-cropped-Copia-de-M.jpg","og:image:secure_url":"https:\/\/contadoreshoy.com\/wp-content\/uploads\/2024\/01\/cropped-cropped-cropped-Copia-de-M.jpg","og:image:width":512,"og:image:height":371,"article:published_time":"2021-06-13T01:41:56+00:00","article:modified_time":"2021-06-13T01:45:09+00:00","twitter:card":"summary_large_image","twitter:title":"Decreto 616 Junio 4 de 2021 Equivalencia experiencia profesional previa - Contadores P\u00fablicos","twitter:description":"Decreto 616 de junio 4 de 2021, por el cual se reglamenta lo relacionado con la equivalencia de experiencia profesional previa de estudiantes, para que sea acreditable y v\u00e1lida en sus procesos de inserci\u00f3n laboral en el sector privado, obtenida en la realizaci\u00f3n de pr\u00e1cticas laborales, contratos de aprendizaje, judicaturas, monitorias, contratos laborales, contratos de","twitter:image":"https:\/\/contadoreshoy.com\/wp-content\/uploads\/2024\/01\/cropped-cropped-cropped-Copia-de-M.jpg"},"aioseo_meta_data":{"post_id":"13360","title":null,"description":null,"keywords":null,"keyphrases":null,"primary_term":null,"canonical_url":null,"og_title":null,"og_description":null,"og_object_type":"default","og_image_type":"default","og_image_url":null,"og_image_width":null,"og_image_height":null,"og_image_custom_url":null,"og_image_custom_fields":null,"og_video":null,"og_custom_url":null,"og_article_section":null,"og_article_tags":null,"twitter_use_og":false,"twitter_card":"default","twitter_image_type":"default","twitter_image_url":null,"twitter_image_custom_url":null,"twitter_image_custom_fields":null,"twitter_title":null,"twitter_description":null,"schema":{"blockGraphs":[],"customGraphs":[],"default":{"data":{"Article":[],"Course":[],"Dataset":[],"FAQPage":[],"Movie":[],"Person":[],"Product":[],"ProductReview":[],"Car":[],"Recipe":[],"Service":[],"SoftwareApplication":[],"WebPage":[]},"graphName":"","isEnabled":true},"graphs":[]},"schema_type":"default","schema_type_options":null,"pillar_content":false,"robots_default":true,"robots_noindex":false,"robots_noarchive":false,"robots_nosnippet":false,"robots_nofollow":false,"robots_noimageindex":false,"robots_noodp":false,"robots_notranslate":false,"robots_max_snippet":null,"robots_max_videopreview":null,"robots_max_imagepreview":"large","priority":null,"frequency":null,"local_seo":null,"breadcrumb_settings":null,"limit_modified_date":false,"ai":null,"created":"2024-03-05 02:32:37","updated":"2026-03-03 05:36:42","seo_analyzer_scan_date":null,"focus_keyword":null,"additional_keywords":null,"truseo_locale":null},"aioseo_breadcrumb":"<div class=\"aioseo-breadcrumbs\"><span class=\"aioseo-breadcrumb\">\n\t\t\t<a href=\"https:\/\/contadoreshoy.com\" title=\"Home\">Home<\/a>\n\t\t<\/span><span class=\"aioseo-breadcrumb-separator\">&raquo;<\/span><span class=\"aioseo-breadcrumb\">\n\t\t\t<a href=\"https:\/\/contadoreshoy.com\/?cat=1\" title=\"Uncategorized\">Uncategorized<\/a>\n\t\t<\/span><span class=\"aioseo-breadcrumb-separator\">&raquo;<\/span><span class=\"aioseo-breadcrumb\">\n\t\t\tDecreto 616 Junio 4 de 2021 Equivalencia experiencia profesional previa\n\t\t<\/span><\/div>","aioseo_breadcrumb_json":[{"label":"Home","link":"https:\/\/contadoreshoy.com"},{"label":"Uncategorized","link":"https:\/\/contadoreshoy.com\/?cat=1"},{"label":"Decreto 616 Junio 4 de 2021 Equivalencia experiencia profesional previa","link":"https:\/\/contadoreshoy.com\/?p=13360"}],"yoast_head":"<!-- This site is optimized with the Yoast SEO plugin v28.4 - https:\/\/yoast.com\/product\/yoast-seo-wordpress\/ -->\n<title>Decreto 616 Junio 4 de 2021 Equivalencia experiencia profesional previa - Contadores P\u00fablicos<\/title>\n<meta name=\"robots\" content=\"index, follow, max-snippet:-1, max-image-preview:large, max-video-preview:-1\" \/>\n<link rel=\"canonical\" href=\"https:\/\/contadoreshoy.com\/?p=13360\" \/>\n<meta property=\"og:locale\" content=\"es_ES\" \/>\n<meta property=\"og:type\" content=\"article\" \/>\n<meta property=\"og:title\" content=\"Decreto 616 Junio 4 de 2021 Equivalencia experiencia profesional previa - Contadores P\u00fablicos\" \/>\n<meta property=\"og:url\" content=\"https:\/\/contadoreshoy.com\/?p=13360\" \/>\n<meta property=\"og:site_name\" content=\"Contadores P\u00fablicos\" \/>\n<meta property=\"article:publisher\" content=\"https:\/\/www.facebook.com\/CCCPBucaramanga\/\" \/>\n<meta property=\"article:published_time\" content=\"2021-06-13T01:41:56+00:00\" \/>\n<meta property=\"article:modified_time\" content=\"2021-06-13T01:45:09+00:00\" \/>\n<meta property=\"og:image\" content=\"https:\/\/contadoreshoy.com\/wp-content\/uploads\/2021\/06\/Experiencia.jpg\" \/>\n\t<meta property=\"og:image:width\" content=\"1200\" \/>\n\t<meta property=\"og:image:height\" content=\"753\" \/>\n\t<meta property=\"og:image:type\" content=\"image\/jpeg\" \/>\n<meta name=\"author\" content=\"Miguel Antonio M\u00e1rquez Monta\u00f1ez\" \/>\n<meta name=\"twitter:card\" content=\"summary_large_image\" \/>\n<meta name=\"twitter:label1\" content=\"Escrito por\" \/>\n\t<meta name=\"twitter:data1\" content=\"Miguel Antonio M\u00e1rquez Monta\u00f1ez\" \/>\n\t<meta name=\"twitter:label2\" content=\"Tiempo de lectura\" \/>\n\t<meta name=\"twitter:data2\" content=\"3 minutos\" \/>\n<script type=\"application\/ld+json\" class=\"yoast-schema-graph\">{\"@context\":\"https:\\\/\\\/schema.org\",\"@graph\":[{\"@type\":\"Article\",\"@id\":\"https:\\\/\\\/contadoreshoy.com\\\/?p=13360#article\",\"isPartOf\":{\"@id\":\"https:\\\/\\\/contadoreshoy.com\\\/?p=13360\"},\"author\":{\"name\":\"Miguel Antonio M\u00e1rquez Monta\u00f1ez\",\"@id\":\"https:\\\/\\\/contadoreshoy.com\\\/#\\\/schema\\\/person\\\/96d8979cb865537c5dc9345e40089fc5\"},\"headline\":\"Decreto 616 Junio 4 de 2021 Equivalencia experiencia profesional previa\",\"datePublished\":\"2021-06-13T01:41:56+00:00\",\"dateModified\":\"2021-06-13T01:45:09+00:00\",\"mainEntityOfPage\":{\"@id\":\"https:\\\/\\\/contadoreshoy.com\\\/?p=13360\"},\"wordCount\":635,\"commentCount\":0,\"publisher\":{\"@id\":\"https:\\\/\\\/contadoreshoy.com\\\/#organization\"},\"image\":{\"@id\":\"https:\\\/\\\/contadoreshoy.com\\\/?p=13360#primaryimage\"},\"thumbnailUrl\":\"https:\\\/\\\/contadoreshoy.com\\\/wp-content\\\/uploads\\\/2021\\\/06\\\/Experiencia.jpg\",\"articleSection\":{\"1\":\"Ultimas Noticias\",\"2\":\"Uncategorized\"},\"inLanguage\":\"es\",\"potentialAction\":[{\"@type\":\"CommentAction\",\"name\":\"Comment\",\"target\":[\"https:\\\/\\\/contadoreshoy.com\\\/?p=13360#respond\"]}]},{\"@type\":\"WebPage\",\"@id\":\"https:\\\/\\\/contadoreshoy.com\\\/?p=13360\",\"url\":\"https:\\\/\\\/contadoreshoy.com\\\/?p=13360\",\"name\":\"Decreto 616 Junio 4 de 2021 Equivalencia experiencia profesional previa - Contadores P\u00fablicos\",\"isPartOf\":{\"@id\":\"https:\\\/\\\/contadoreshoy.com\\\/#website\"},\"primaryImageOfPage\":{\"@id\":\"https:\\\/\\\/contadoreshoy.com\\\/?p=13360#primaryimage\"},\"image\":{\"@id\":\"https:\\\/\\\/contadoreshoy.com\\\/?p=13360#primaryimage\"},\"thumbnailUrl\":\"https:\\\/\\\/contadoreshoy.com\\\/wp-content\\\/uploads\\\/2021\\\/06\\\/Experiencia.jpg\",\"datePublished\":\"2021-06-13T01:41:56+00:00\",\"dateModified\":\"2021-06-13T01:45:09+00:00\",\"breadcrumb\":{\"@id\":\"https:\\\/\\\/contadoreshoy.com\\\/?p=13360#breadcrumb\"},\"inLanguage\":\"es\",\"potentialAction\":[{\"@type\":\"ReadAction\",\"target\":[\"https:\\\/\\\/contadoreshoy.com\\\/?p=13360\"]}]},{\"@type\":\"ImageObject\",\"inLanguage\":\"es\",\"@id\":\"https:\\\/\\\/contadoreshoy.com\\\/?p=13360#primaryimage\",\"url\":\"https:\\\/\\\/contadoreshoy.com\\\/wp-content\\\/uploads\\\/2021\\\/06\\\/Experiencia.jpg\",\"contentUrl\":\"https:\\\/\\\/contadoreshoy.com\\\/wp-content\\\/uploads\\\/2021\\\/06\\\/Experiencia.jpg\",\"width\":1200,\"height\":753},{\"@type\":\"BreadcrumbList\",\"@id\":\"https:\\\/\\\/contadoreshoy.com\\\/?p=13360#breadcrumb\",\"itemListElement\":[{\"@type\":\"ListItem\",\"position\":1,\"name\":\"Portada\",\"item\":\"https:\\\/\\\/contadoreshoy.com\\\/\"},{\"@type\":\"ListItem\",\"position\":2,\"name\":\"Decreto 616 Junio 4 de 2021 Equivalencia experiencia profesional previa\"}]},{\"@type\":\"WebSite\",\"@id\":\"https:\\\/\\\/contadoreshoy.com\\\/#website\",\"url\":\"https:\\\/\\\/contadoreshoy.com\\\/\",\"name\":\"Contadorespublicossantander\",\"description\":\"Portal para Contadores P\u00fablicos y empresarios\",\"publisher\":{\"@id\":\"https:\\\/\\\/contadoreshoy.com\\\/#organization\"},\"potentialAction\":[{\"@type\":\"SearchAction\",\"target\":{\"@type\":\"EntryPoint\",\"urlTemplate\":\"https:\\\/\\\/contadoreshoy.com\\\/?s={search_term_string}\"},\"query-input\":{\"@type\":\"PropertyValueSpecification\",\"valueRequired\":true,\"valueName\":\"search_term_string\"}}],\"inLanguage\":\"es\"},{\"@type\":\"Organization\",\"@id\":\"https:\\\/\\\/contadoreshoy.com\\\/#organization\",\"name\":\"Contadores P\u00fablicos de Santander\",\"url\":\"https:\\\/\\\/contadoreshoy.com\\\/\",\"logo\":{\"@type\":\"ImageObject\",\"inLanguage\":\"es\",\"@id\":\"https:\\\/\\\/contadoreshoy.com\\\/#\\\/schema\\\/logo\\\/image\\\/\",\"url\":\"https:\\\/\\\/contadoreshoy.com\\\/wp-content\\\/uploads\\\/2024\\\/01\\\/cropped-cropped-Copia-de-M-1.jpg\",\"contentUrl\":\"https:\\\/\\\/contadoreshoy.com\\\/wp-content\\\/uploads\\\/2024\\\/01\\\/cropped-cropped-Copia-de-M-1.jpg\",\"width\":499,\"height\":500,\"caption\":\"Contadores P\u00fablicos de Santander\"},\"image\":{\"@id\":\"https:\\\/\\\/contadoreshoy.com\\\/#\\\/schema\\\/logo\\\/image\\\/\"},\"sameAs\":[\"https:\\\/\\\/www.facebook.com\\\/CCCPBucaramanga\\\/\"]},{\"@type\":\"Person\",\"@id\":\"https:\\\/\\\/contadoreshoy.com\\\/#\\\/schema\\\/person\\\/96d8979cb865537c5dc9345e40089fc5\",\"name\":\"Miguel Antonio M\u00e1rquez Monta\u00f1ez\",\"description\":\"Contador P\u00fablico egresado de la Universidad Aut\u00f3noma de Bucaramanga - Asesor contable tributario con m\u00e1s de 25 a\u00f1os de experiencia - Conferencista en temas contables y tributarios - T\u00e9cnico en Hardware y Dise\u00f1o Web - Creador y director Grupo de Estudio Colegio Colombiano de Contadores P\u00fablicos de Bucaramanga - Creador y Master Web p\u00e1gina www.contadoresp\u00fablicossantander.com - Expresidente Colegio Colombiano de Contadores P\u00fablicos Bucaramanga\",\"url\":\"https:\\\/\\\/contadoreshoy.com\\\/?author=1\"}]}<\/script>\n<!-- \/ Yoast SEO plugin. -->","yoast_head_json":{"title":"Decreto 616 Junio 4 de 2021 Equivalencia experiencia profesional previa - Contadores P\u00fablicos","robots":{"index":"index","follow":"follow","max-snippet":"max-snippet:-1","max-image-preview":"max-image-preview:large","max-video-preview":"max-video-preview:-1"},"canonical":"https:\/\/contadoreshoy.com\/?p=13360","og_locale":"es_ES","og_type":"article","og_title":"Decreto 616 Junio 4 de 2021 Equivalencia experiencia profesional previa - Contadores P\u00fablicos","og_url":"https:\/\/contadoreshoy.com\/?p=13360","og_site_name":"Contadores P\u00fablicos","article_publisher":"https:\/\/www.facebook.com\/CCCPBucaramanga\/","article_published_time":"2021-06-13T01:41:56+00:00","article_modified_time":"2021-06-13T01:45:09+00:00","og_image":[{"width":1200,"height":753,"url":"https:\/\/contadoreshoy.com\/wp-content\/uploads\/2021\/06\/Experiencia.jpg","type":"image\/jpeg"}],"author":"Miguel Antonio M\u00e1rquez Monta\u00f1ez","twitter_card":"summary_large_image","twitter_misc":{"Escrito por":"Miguel Antonio M\u00e1rquez Monta\u00f1ez","Tiempo de lectura":"3 minutos"},"schema":{"@context":"https:\/\/schema.org","@graph":[{"@type":"Article","@id":"https:\/\/contadoreshoy.com\/?p=13360#article","isPartOf":{"@id":"https:\/\/contadoreshoy.com\/?p=13360"},"author":{"name":"Miguel Antonio M\u00e1rquez Monta\u00f1ez","@id":"https:\/\/contadoreshoy.com\/#\/schema\/person\/96d8979cb865537c5dc9345e40089fc5"},"headline":"Decreto 616 Junio 4 de 2021 Equivalencia experiencia profesional previa","datePublished":"2021-06-13T01:41:56+00:00","dateModified":"2021-06-13T01:45:09+00:00","mainEntityOfPage":{"@id":"https:\/\/contadoreshoy.com\/?p=13360"},"wordCount":635,"commentCount":0,"publisher":{"@id":"https:\/\/contadoreshoy.com\/#organization"},"image":{"@id":"https:\/\/contadoreshoy.com\/?p=13360#primaryimage"},"thumbnailUrl":"https:\/\/contadoreshoy.com\/wp-content\/uploads\/2021\/06\/Experiencia.jpg","articleSection":{"1":"Ultimas Noticias","2":"Uncategorized"},"inLanguage":"es","potentialAction":[{"@type":"CommentAction","name":"Comment","target":["https:\/\/contadoreshoy.com\/?p=13360#respond"]}]},{"@type":"WebPage","@id":"https:\/\/contadoreshoy.com\/?p=13360","url":"https:\/\/contadoreshoy.com\/?p=13360","name":"Decreto 616 Junio 4 de 2021 Equivalencia experiencia profesional previa - Contadores P\u00fablicos","isPartOf":{"@id":"https:\/\/contadoreshoy.com\/#website"},"primaryImageOfPage":{"@id":"https:\/\/contadoreshoy.com\/?p=13360#primaryimage"},"image":{"@id":"https:\/\/contadoreshoy.com\/?p=13360#primaryimage"},"thumbnailUrl":"https:\/\/contadoreshoy.com\/wp-content\/uploads\/2021\/06\/Experiencia.jpg","datePublished":"2021-06-13T01:41:56+00:00","dateModified":"2021-06-13T01:45:09+00:00","breadcrumb":{"@id":"https:\/\/contadoreshoy.com\/?p=13360#breadcrumb"},"inLanguage":"es","potentialAction":[{"@type":"ReadAction","target":["https:\/\/contadoreshoy.com\/?p=13360"]}]},{"@type":"ImageObject","inLanguage":"es","@id":"https:\/\/contadoreshoy.com\/?p=13360#primaryimage","url":"https:\/\/contadoreshoy.com\/wp-content\/uploads\/2021\/06\/Experiencia.jpg","contentUrl":"https:\/\/contadoreshoy.com\/wp-content\/uploads\/2021\/06\/Experiencia.jpg","width":1200,"height":753},{"@type":"BreadcrumbList","@id":"https:\/\/contadoreshoy.com\/?p=13360#breadcrumb","itemListElement":[{"@type":"ListItem","position":1,"name":"Portada","item":"https:\/\/contadoreshoy.com\/"},{"@type":"ListItem","position":2,"name":"Decreto 616 Junio 4 de 2021 Equivalencia experiencia profesional previa"}]},{"@type":"WebSite","@id":"https:\/\/contadoreshoy.com\/#website","url":"https:\/\/contadoreshoy.com\/","name":"Contadorespublicossantander","description":"Portal para Contadores P\u00fablicos y empresarios","publisher":{"@id":"https:\/\/contadoreshoy.com\/#organization"},"potentialAction":[{"@type":"SearchAction","target":{"@type":"EntryPoint","urlTemplate":"https:\/\/contadoreshoy.com\/?s={search_term_string}"},"query-input":{"@type":"PropertyValueSpecification","valueRequired":true,"valueName":"search_term_string"}}],"inLanguage":"es"},{"@type":"Organization","@id":"https:\/\/contadoreshoy.com\/#organization","name":"Contadores P\u00fablicos de Santander","url":"https:\/\/contadoreshoy.com\/","logo":{"@type":"ImageObject","inLanguage":"es","@id":"https:\/\/contadoreshoy.com\/#\/schema\/logo\/image\/","url":"https:\/\/contadoreshoy.com\/wp-content\/uploads\/2024\/01\/cropped-cropped-Copia-de-M-1.jpg","contentUrl":"https:\/\/contadoreshoy.com\/wp-content\/uploads\/2024\/01\/cropped-cropped-Copia-de-M-1.jpg","width":499,"height":500,"caption":"Contadores P\u00fablicos de Santander"},"image":{"@id":"https:\/\/contadoreshoy.com\/#\/schema\/logo\/image\/"},"sameAs":["https:\/\/www.facebook.com\/CCCPBucaramanga\/"]},{"@type":"Person","@id":"https:\/\/contadoreshoy.com\/#\/schema\/person\/96d8979cb865537c5dc9345e40089fc5","name":"Miguel Antonio M\u00e1rquez Monta\u00f1ez","description":"Contador P\u00fablico egresado de la Universidad Aut\u00f3noma de Bucaramanga - Asesor contable tributario con m\u00e1s de 25 a\u00f1os de experiencia - Conferencista en temas contables y tributarios - T\u00e9cnico en Hardware y Dise\u00f1o Web - Creador y director Grupo de Estudio Colegio Colombiano de Contadores P\u00fablicos de Bucaramanga - Creador y Master Web p\u00e1gina www.contadoresp\u00fablicossantander.com - Expresidente Colegio Colombiano de Contadores P\u00fablicos Bucaramanga","url":"https:\/\/contadoreshoy.com\/?author=1"}]}},"_links":{"self":[{"href":"https:\/\/contadoreshoy.com\/index.php?rest_route=\/wp\/v2\/posts\/13360","targetHints":{"allow":["GET"]}}],"collection":[{"href":"https:\/\/contadoreshoy.com\/index.php?rest_route=\/wp\/v2\/posts"}],"about":[{"href":"https:\/\/contadoreshoy.com\/index.php?rest_route=\/wp\/v2\/types\/post"}],"author":[{"embeddable":true,"href":"https:\/\/contadoreshoy.com\/index.php?rest_route=\/wp\/v2\/users\/1"}],"replies":[{"embeddable":true,"href":"https:\/\/contadoreshoy.com\/index.php?rest_route=%2Fwp%2Fv2%2Fcomments&post=13360"}],"version-history":[{"count":2,"href":"https:\/\/contadoreshoy.com\/index.php?rest_route=\/wp\/v2\/posts\/13360\/revisions"}],"predecessor-version":[{"id":13364,"href":"https:\/\/contadoreshoy.com\/index.php?rest_route=\/wp\/v2\/posts\/13360\/revisions\/13364"}],"wp:featuredmedia":[{"embeddable":true,"href":"https:\/\/contadoreshoy.com\/index.php?rest_route=\/wp\/v2\/media\/13361"}],"wp:attachment":[{"href":"https:\/\/contadoreshoy.com\/index.php?rest_route=%2Fwp%2Fv2%2Fmedia&parent=13360"}],"wp:term":[{"taxonomy":"category","embeddable":true,"href":"https:\/\/contadoreshoy.com\/index.php?rest_route=%2Fwp%2Fv2%2Fcategories&post=13360"},{"taxonomy":"post_tag","embeddable":true,"href":"https:\/\/contadoreshoy.com\/index.php?rest_route=%2Fwp%2Fv2%2Ftags&post=13360"}],"curies":[{"name":"wp","href":"https:\/\/api.w.org\/{rel}","templated":true}]}}