{"id":13383,"date":"2021-07-01T09:50:08","date_gmt":"2021-07-01T14:50:08","guid":{"rendered":"https:\/\/contadoreshoy.com\/?p=13383"},"modified":"2021-07-01T09:53:19","modified_gmt":"2021-07-01T14:53:19","slug":"resolucion-1208-junio-30-de-2021-alcaldia-de-bucaramanga","status":"publish","type":"post","link":"https:\/\/contadoreshoy.com\/?p=13383","title":{"rendered":"Resoluci\u00f3n 1208 junio 30 de 2021 Alcald\u00eda de Bucaramanga"},"content":{"rendered":"\n<p><img loading=\"lazy\" decoding=\"async\" class=\"aligncenter wp-image-13384 size-large\" src=\"https:\/\/contadoreshoy.com\/wp-content\/uploads\/2021\/07\/Informacion-tributaria-Bucaramanga-1240x679.png\" alt=\"\" width=\"1240\" height=\"679\" srcset=\"https:\/\/contadoreshoy.com\/wp-content\/uploads\/2021\/07\/Informacion-tributaria-Bucaramanga-1240x679.png 1240w, https:\/\/contadoreshoy.com\/wp-content\/uploads\/2021\/07\/Informacion-tributaria-Bucaramanga-600x329.png 600w, https:\/\/contadoreshoy.com\/wp-content\/uploads\/2021\/07\/Informacion-tributaria-Bucaramanga-768x420.png 768w, https:\/\/contadoreshoy.com\/wp-content\/uploads\/2021\/07\/Informacion-tributaria-Bucaramanga-1536x841.png 1536w, https:\/\/contadoreshoy.com\/wp-content\/uploads\/2021\/07\/Informacion-tributaria-Bucaramanga.png 2000w\" sizes=\"auto, (max-width: 1240px) 100vw, 1240px\" \/><\/p>\n<p style=\"text-align: center;\"><span style=\"color: #000000;\"><strong>ALCALD\u00cdA DE BUCARAMANGA<\/strong><\/span><\/p>\n<p style=\"text-align: center;\"><span style=\"color: #000000;\"><strong>RESOLUCI\u00d3N 1208 DE JUNIO 30 DE 2021<\/strong><\/span><\/p>\n<p style=\"text-align: center;\"><span style=\"color: #000000;\"><strong>POR EL CUAL SE AMPLIA EL PLAZO PARA PRESENTACI\u00d3N Y PAGO DE LAS DECLARACIONES MENSUALES DE RETENCI\u00d3N Y AUTORETENCI\u00d3N POR AJUSTE A LOS SISTEMAS<\/strong><\/span><\/p>\n<p style=\"text-align: center;\"><span style=\"color: #000000;\"><strong>LA SECRETARIA DE HACIENDA DEL MUNICIPIO DE BUCARAMANGA<\/strong><\/span><\/p>\n<p style=\"text-align: center;\"><span style=\"color: #000000;\"><strong>RESUELVE:<\/strong><\/span><\/p>\n<p style=\"text-align: justify;\"><span style=\"color: #000000;\"><strong>ART\u00cdCULO PRIMERO: Ampliar hasta julio 31 de 2021, el plazo referido en el ART\u00cdCULO SEGUNDO de la resoluci\u00f3n 805 de abril 26 de 2021, para los agentes de retenci\u00f3n y auto retenci\u00f3n del impuesto de industria y comercio que a\u00fan no han podido cumplir con la presentaci\u00f3n y pago de las citadas declaraciones de retenci\u00f3n y auto retenci\u00f3n.<\/strong><\/span><\/p>\n<p style=\"text-align: justify;\"><span style=\"color: #000000;\"><strong>ART\u00cdCULO SEGUNDO: Los dem\u00e1s aspectos relativos al lugar, canales y dispositivos dispuestos por la Secretar\u00eda de Hacienda para el cumplimiento de la obligaci\u00f3n tributaria de declarar y pagar ser\u00e1n los se\u00f1alados en las resoluciones 3171 de diciembre 30 de 2020 y 047 de enero 29 de 2021.<\/strong><\/span><\/p>\n<p style=\"text-align: justify;\"><span style=\"color: #000000;\"><strong>COMUN\u00cdQUESE Y C\u00daMPLASE;<\/strong><\/span><\/p>\n<p style=\"text-align: justify;\"><span style=\"color: #000000;\"><strong>La Secretaria de Hacienda.<\/strong><\/span><\/p>\n<p style=\"text-align: justify;\"><span style=\"color: #000000;\"><strong>NAYARIN SAHARAY ROJAS TELLEZ<\/strong><\/span><\/p>\n<p style=\"text-align: justify;\"><span style=\"color: #000000;\"><strong>Secretaria de Hacienda<\/strong><\/span><\/p>\n","protected":false},"excerpt":{"rendered":"","protected":false},"author":1,"featured_media":13384,"comment_status":"open","ping_status":"open","sticky":false,"template":"","format":"standard","meta":{"_monsterinsights_skip_tracking":false,"ngg_post_thumbnail":0,"footnotes":"","_links_to":"","_links_to_target":""},"categories":[454,458,1],"tags":[],"class_list":["post-13383","post","type-post","status-publish","format-standard","has-post-thumbnail","hentry","category-sin-categoria","category-ultimas","category-uncategorized"],"aioseo_notices":[],"aioseo_head":"\n\t\t<!-- All in One SEO 5.0.1.1 - aioseo.com -->\n\t<meta name=\"description\" content=\"ALCALD\u00cdA DE BUCARAMANGA RESOLUCI\u00d3N 1208 DE JUNIO 30 DE 2021 POR EL CUAL SE AMPLIA EL PLAZO PARA PRESENTACI\u00d3N Y PAGO DE LAS DECLARACIONES MENSUALES DE RETENCI\u00d3N Y AUTORETENCI\u00d3N POR AJUSTE A LOS SISTEMAS LA SECRETARIA DE HACIENDA DEL MUNICIPIO DE BUCARAMANGA RESUELVE: ART\u00cdCULO PRIMERO: Ampliar hasta julio 31 de 2021, el plazo referido en\" \/>\n\t<meta name=\"robots\" content=\"max-image-preview:large\" \/>\n\t<meta name=\"author\" content=\"Miguel Antonio M\u00e1rquez Monta\u00f1ez\"\/>\n\t<link rel=\"canonical\" href=\"https:\/\/contadoreshoy.com\/?p=13383\" \/>\n\t<meta name=\"generator\" content=\"All in One SEO (AIOSEO) 5.0.1.1\" \/>\n\t\t<meta property=\"og:locale\" content=\"es_ES\" \/>\n\t\t<meta property=\"og:site_name\" content=\"Contadores P\u00fablicos - Portal para Contadores P\u00fablicos y empresarios\" \/>\n\t\t<meta property=\"og:type\" content=\"article\" \/>\n\t\t<meta property=\"og:title\" content=\"Resoluci\u00f3n 1208 junio 30 de 2021 Alcald\u00eda de Bucaramanga - Contadores P\u00fablicos\" \/>\n\t\t<meta property=\"og:description\" content=\"ALCALD\u00cdA DE BUCARAMANGA RESOLUCI\u00d3N 1208 DE JUNIO 30 DE 2021 POR EL CUAL SE AMPLIA EL PLAZO PARA PRESENTACI\u00d3N Y PAGO DE LAS DECLARACIONES MENSUALES DE RETENCI\u00d3N Y AUTORETENCI\u00d3N POR AJUSTE A LOS SISTEMAS LA SECRETARIA DE HACIENDA DEL MUNICIPIO DE BUCARAMANGA RESUELVE: ART\u00cdCULO PRIMERO: Ampliar hasta julio 31 de 2021, el plazo referido en\" \/>\n\t\t<meta property=\"og:url\" content=\"https:\/\/contadoreshoy.com\/?p=13383\" \/>\n\t\t<meta property=\"og:image\" content=\"https:\/\/contadoreshoy.com\/wp-content\/uploads\/2024\/01\/cropped-cropped-cropped-Copia-de-M.jpg\" \/>\n\t\t<meta property=\"og:image:secure_url\" content=\"https:\/\/contadoreshoy.com\/wp-content\/uploads\/2024\/01\/cropped-cropped-cropped-Copia-de-M.jpg\" \/>\n\t\t<meta property=\"og:image:width\" content=\"512\" \/>\n\t\t<meta property=\"og:image:height\" content=\"371\" \/>\n\t\t<meta property=\"article:published_time\" content=\"2021-07-01T14:50:08+00:00\" \/>\n\t\t<meta property=\"article:modified_time\" content=\"2021-07-01T14:53:19+00:00\" \/>\n\t\t<meta name=\"twitter:card\" content=\"summary_large_image\" \/>\n\t\t<meta name=\"twitter:title\" content=\"Resoluci\u00f3n 1208 junio 30 de 2021 Alcald\u00eda de Bucaramanga - Contadores P\u00fablicos\" \/>\n\t\t<meta name=\"twitter:description\" content=\"ALCALD\u00cdA DE BUCARAMANGA RESOLUCI\u00d3N 1208 DE JUNIO 30 DE 2021 POR EL CUAL SE AMPLIA EL PLAZO PARA PRESENTACI\u00d3N Y PAGO DE LAS DECLARACIONES MENSUALES DE RETENCI\u00d3N Y AUTORETENCI\u00d3N POR AJUSTE A LOS SISTEMAS LA SECRETARIA DE HACIENDA DEL MUNICIPIO DE BUCARAMANGA RESUELVE: ART\u00cdCULO PRIMERO: Ampliar hasta julio 31 de 2021, el plazo referido en\" \/>\n\t\t<meta name=\"twitter:image\" content=\"https:\/\/contadoreshoy.com\/wp-content\/uploads\/2024\/01\/cropped-cropped-cropped-Copia-de-M.jpg\" \/>\n\t\t<script type=\"application\/ld+json\" class=\"aioseo-schema\">\n\t\t\t{\"@context\":\"https:\\\/\\\/schema.org\",\"@graph\":[{\"@type\":\"BlogPosting\",\"@id\":\"https:\\\/\\\/contadoreshoy.com\\\/?p=13383#blogposting\",\"name\":\"Resoluci\\u00f3n 1208 junio 30 de 2021 Alcald\\u00eda de Bucaramanga - Contadores P\\u00fablicos\",\"headline\":\"Resoluci\\u00f3n 1208 junio 30 de 2021 Alcald\\u00eda de Bucaramanga\",\"author\":{\"@id\":\"https:\\\/\\\/contadoreshoy.com\\\/?author=1#author\"},\"publisher\":{\"@id\":\"https:\\\/\\\/contadoreshoy.com\\\/#organization\"},\"image\":{\"@type\":\"ImageObject\",\"url\":\"https:\\\/\\\/contadoreshoy.com\\\/wp-content\\\/uploads\\\/2021\\\/07\\\/Informacion-tributaria-Bucaramanga.png\",\"width\":2000,\"height\":1095},\"datePublished\":\"2021-07-01T09:50:08-05:00\",\"dateModified\":\"2021-07-01T09:53:19-05:00\",\"inLanguage\":\"es-ES\",\"mainEntityOfPage\":{\"@id\":\"https:\\\/\\\/contadoreshoy.com\\\/?p=13383#webpage\"},\"isPartOf\":{\"@id\":\"https:\\\/\\\/contadoreshoy.com\\\/?p=13383#webpage\"},\"articleSection\":\"Sin categor\\u00eda, Ultimas Noticias, Uncategorized\"},{\"@type\":\"BreadcrumbList\",\"@id\":\"https:\\\/\\\/contadoreshoy.com\\\/?p=13383#breadcrumblist\",\"itemListElement\":[{\"@type\":\"ListItem\",\"@id\":\"https:\\\/\\\/contadoreshoy.com#listItem\",\"position\":1,\"name\":\"Home\",\"item\":\"https:\\\/\\\/contadoreshoy.com\",\"nextItem\":{\"@type\":\"ListItem\",\"@id\":\"https:\\\/\\\/contadoreshoy.com\\\/?cat=1#listItem\",\"name\":\"Uncategorized\"}},{\"@type\":\"ListItem\",\"@id\":\"https:\\\/\\\/contadoreshoy.com\\\/?cat=1#listItem\",\"position\":2,\"name\":\"Uncategorized\",\"item\":\"https:\\\/\\\/contadoreshoy.com\\\/?cat=1\",\"nextItem\":{\"@type\":\"ListItem\",\"@id\":\"https:\\\/\\\/contadoreshoy.com\\\/?p=13383#listItem\",\"name\":\"Resoluci\\u00f3n 1208 junio 30 de 2021 Alcald\\u00eda de Bucaramanga\"},\"previousItem\":{\"@type\":\"ListItem\",\"@id\":\"https:\\\/\\\/contadoreshoy.com#listItem\",\"name\":\"Home\"}},{\"@type\":\"ListItem\",\"@id\":\"https:\\\/\\\/contadoreshoy.com\\\/?p=13383#listItem\",\"position\":3,\"name\":\"Resoluci\\u00f3n 1208 junio 30 de 2021 Alcald\\u00eda de Bucaramanga\",\"previousItem\":{\"@type\":\"ListItem\",\"@id\":\"https:\\\/\\\/contadoreshoy.com\\\/?cat=1#listItem\",\"name\":\"Uncategorized\"}}]},{\"@type\":\"Organization\",\"@id\":\"https:\\\/\\\/contadoreshoy.com\\\/#organization\",\"name\":\"Contadores P\\u00fablicos\",\"description\":\"Portal para Contadores P\\u00fablicos y empresarios\",\"url\":\"https:\\\/\\\/contadoreshoy.com\\\/\",\"logo\":{\"@type\":\"ImageObject\",\"url\":\"https:\\\/\\\/contadoreshoy.com\\\/wp-content\\\/uploads\\\/2024\\\/01\\\/cropped-cropped-Copia-de-M-1.jpg\",\"@id\":\"https:\\\/\\\/contadoreshoy.com\\\/?p=13383\\\/#organizationLogo\",\"width\":499,\"height\":500},\"image\":{\"@id\":\"https:\\\/\\\/contadoreshoy.com\\\/?p=13383\\\/#organizationLogo\"}},{\"@type\":\"Person\",\"@id\":\"https:\\\/\\\/contadoreshoy.com\\\/?author=1#author\",\"url\":\"https:\\\/\\\/contadoreshoy.com\\\/?author=1\",\"name\":\"Miguel Antonio M\\u00e1rquez Monta\\u00f1ez\"},{\"@type\":\"WebPage\",\"@id\":\"https:\\\/\\\/contadoreshoy.com\\\/?p=13383#webpage\",\"url\":\"https:\\\/\\\/contadoreshoy.com\\\/?p=13383\",\"name\":\"Resoluci\\u00f3n 1208 junio 30 de 2021 Alcald\\u00eda de Bucaramanga - Contadores P\\u00fablicos\",\"description\":\"ALCALD\\u00cdA DE BUCARAMANGA RESOLUCI\\u00d3N 1208 DE JUNIO 30 DE 2021 POR EL CUAL SE AMPLIA EL PLAZO PARA PRESENTACI\\u00d3N Y PAGO DE LAS DECLARACIONES MENSUALES DE RETENCI\\u00d3N Y AUTORETENCI\\u00d3N POR AJUSTE A LOS SISTEMAS LA SECRETARIA DE HACIENDA DEL MUNICIPIO DE BUCARAMANGA RESUELVE: ART\\u00cdCULO PRIMERO: Ampliar hasta julio 31 de 2021, el plazo referido en\",\"inLanguage\":\"es-ES\",\"isPartOf\":{\"@id\":\"https:\\\/\\\/contadoreshoy.com\\\/#website\"},\"breadcrumb\":{\"@id\":\"https:\\\/\\\/contadoreshoy.com\\\/?p=13383#breadcrumblist\"},\"author\":{\"@id\":\"https:\\\/\\\/contadoreshoy.com\\\/?author=1#author\"},\"creator\":{\"@id\":\"https:\\\/\\\/contadoreshoy.com\\\/?author=1#author\"},\"image\":{\"@type\":\"ImageObject\",\"url\":\"https:\\\/\\\/contadoreshoy.com\\\/wp-content\\\/uploads\\\/2021\\\/07\\\/Informacion-tributaria-Bucaramanga.png\",\"@id\":\"https:\\\/\\\/contadoreshoy.com\\\/?p=13383\\\/#mainImage\",\"width\":2000,\"height\":1095},\"primaryImageOfPage\":{\"@id\":\"https:\\\/\\\/contadoreshoy.com\\\/?p=13383#mainImage\"},\"datePublished\":\"2021-07-01T09:50:08-05:00\",\"dateModified\":\"2021-07-01T09:53:19-05:00\"},{\"@type\":\"WebSite\",\"@id\":\"https:\\\/\\\/contadoreshoy.com\\\/#website\",\"url\":\"https:\\\/\\\/contadoreshoy.com\\\/\",\"name\":\"Contadores P\\u00fablicos\",\"description\":\"Portal para Contadores P\\u00fablicos y empresarios\",\"inLanguage\":\"es-ES\",\"publisher\":{\"@id\":\"https:\\\/\\\/contadoreshoy.com\\\/#organization\"}}]}\n\t\t<\/script>\n\t\t<!-- All in One SEO -->\n\n","aioseo_head_json":{"title":"Resoluci\u00f3n 1208 junio 30 de 2021 Alcald\u00eda de Bucaramanga - Contadores P\u00fablicos","description":"ALCALD\u00cdA DE BUCARAMANGA RESOLUCI\u00d3N 1208 DE JUNIO 30 DE 2021 POR EL CUAL SE AMPLIA EL PLAZO PARA PRESENTACI\u00d3N Y PAGO DE LAS DECLARACIONES MENSUALES DE RETENCI\u00d3N Y AUTORETENCI\u00d3N POR AJUSTE A LOS SISTEMAS LA SECRETARIA DE HACIENDA DEL MUNICIPIO DE BUCARAMANGA RESUELVE: ART\u00cdCULO PRIMERO: Ampliar hasta julio 31 de 2021, el plazo referido en","canonical_url":"https:\/\/contadoreshoy.com\/?p=13383","robots":"max-image-preview:large","keywords":"","webmasterTools":{"miscellaneous":""},"schema":{"@context":"https:\/\/schema.org","@graph":[{"@type":"BlogPosting","@id":"https:\/\/contadoreshoy.com\/?p=13383#blogposting","name":"Resoluci\u00f3n 1208 junio 30 de 2021 Alcald\u00eda de Bucaramanga - Contadores P\u00fablicos","headline":"Resoluci\u00f3n 1208 junio 30 de 2021 Alcald\u00eda de Bucaramanga","author":{"@id":"https:\/\/contadoreshoy.com\/?author=1#author"},"publisher":{"@id":"https:\/\/contadoreshoy.com\/#organization"},"image":{"@type":"ImageObject","url":"https:\/\/contadoreshoy.com\/wp-content\/uploads\/2021\/07\/Informacion-tributaria-Bucaramanga.png","width":2000,"height":1095},"datePublished":"2021-07-01T09:50:08-05:00","dateModified":"2021-07-01T09:53:19-05:00","inLanguage":"es-ES","mainEntityOfPage":{"@id":"https:\/\/contadoreshoy.com\/?p=13383#webpage"},"isPartOf":{"@id":"https:\/\/contadoreshoy.com\/?p=13383#webpage"},"articleSection":"Sin categor\u00eda, Ultimas Noticias, Uncategorized"},{"@type":"BreadcrumbList","@id":"https:\/\/contadoreshoy.com\/?p=13383#breadcrumblist","itemListElement":[{"@type":"ListItem","@id":"https:\/\/contadoreshoy.com#listItem","position":1,"name":"Home","item":"https:\/\/contadoreshoy.com","nextItem":{"@type":"ListItem","@id":"https:\/\/contadoreshoy.com\/?cat=1#listItem","name":"Uncategorized"}},{"@type":"ListItem","@id":"https:\/\/contadoreshoy.com\/?cat=1#listItem","position":2,"name":"Uncategorized","item":"https:\/\/contadoreshoy.com\/?cat=1","nextItem":{"@type":"ListItem","@id":"https:\/\/contadoreshoy.com\/?p=13383#listItem","name":"Resoluci\u00f3n 1208 junio 30 de 2021 Alcald\u00eda de Bucaramanga"},"previousItem":{"@type":"ListItem","@id":"https:\/\/contadoreshoy.com#listItem","name":"Home"}},{"@type":"ListItem","@id":"https:\/\/contadoreshoy.com\/?p=13383#listItem","position":3,"name":"Resoluci\u00f3n 1208 junio 30 de 2021 Alcald\u00eda de Bucaramanga","previousItem":{"@type":"ListItem","@id":"https:\/\/contadoreshoy.com\/?cat=1#listItem","name":"Uncategorized"}}]},{"@type":"Organization","@id":"https:\/\/contadoreshoy.com\/#organization","name":"Contadores P\u00fablicos","description":"Portal para Contadores P\u00fablicos y empresarios","url":"https:\/\/contadoreshoy.com\/","logo":{"@type":"ImageObject","url":"https:\/\/contadoreshoy.com\/wp-content\/uploads\/2024\/01\/cropped-cropped-Copia-de-M-1.jpg","@id":"https:\/\/contadoreshoy.com\/?p=13383\/#organizationLogo","width":499,"height":500},"image":{"@id":"https:\/\/contadoreshoy.com\/?p=13383\/#organizationLogo"}},{"@type":"Person","@id":"https:\/\/contadoreshoy.com\/?author=1#author","url":"https:\/\/contadoreshoy.com\/?author=1","name":"Miguel Antonio M\u00e1rquez Monta\u00f1ez"},{"@type":"WebPage","@id":"https:\/\/contadoreshoy.com\/?p=13383#webpage","url":"https:\/\/contadoreshoy.com\/?p=13383","name":"Resoluci\u00f3n 1208 junio 30 de 2021 Alcald\u00eda de Bucaramanga - Contadores P\u00fablicos","description":"ALCALD\u00cdA DE BUCARAMANGA RESOLUCI\u00d3N 1208 DE JUNIO 30 DE 2021 POR EL CUAL SE AMPLIA EL PLAZO PARA PRESENTACI\u00d3N Y PAGO DE LAS DECLARACIONES MENSUALES DE RETENCI\u00d3N Y AUTORETENCI\u00d3N POR AJUSTE A LOS SISTEMAS LA SECRETARIA DE HACIENDA DEL MUNICIPIO DE BUCARAMANGA RESUELVE: ART\u00cdCULO PRIMERO: Ampliar hasta julio 31 de 2021, el plazo referido en","inLanguage":"es-ES","isPartOf":{"@id":"https:\/\/contadoreshoy.com\/#website"},"breadcrumb":{"@id":"https:\/\/contadoreshoy.com\/?p=13383#breadcrumblist"},"author":{"@id":"https:\/\/contadoreshoy.com\/?author=1#author"},"creator":{"@id":"https:\/\/contadoreshoy.com\/?author=1#author"},"image":{"@type":"ImageObject","url":"https:\/\/contadoreshoy.com\/wp-content\/uploads\/2021\/07\/Informacion-tributaria-Bucaramanga.png","@id":"https:\/\/contadoreshoy.com\/?p=13383\/#mainImage","width":2000,"height":1095},"primaryImageOfPage":{"@id":"https:\/\/contadoreshoy.com\/?p=13383#mainImage"},"datePublished":"2021-07-01T09:50:08-05:00","dateModified":"2021-07-01T09:53:19-05:00"},{"@type":"WebSite","@id":"https:\/\/contadoreshoy.com\/#website","url":"https:\/\/contadoreshoy.com\/","name":"Contadores P\u00fablicos","description":"Portal para Contadores P\u00fablicos y empresarios","inLanguage":"es-ES","publisher":{"@id":"https:\/\/contadoreshoy.com\/#organization"}}]},"og:locale":"es_ES","og:site_name":"Contadores P\u00fablicos - Portal para Contadores P\u00fablicos y empresarios","og:type":"article","og:title":"Resoluci\u00f3n 1208 junio 30 de 2021 Alcald\u00eda de Bucaramanga - Contadores P\u00fablicos","og:description":"ALCALD\u00cdA DE BUCARAMANGA RESOLUCI\u00d3N 1208 DE JUNIO 30 DE 2021 POR EL CUAL SE AMPLIA EL PLAZO PARA PRESENTACI\u00d3N Y PAGO DE LAS DECLARACIONES MENSUALES DE RETENCI\u00d3N Y AUTORETENCI\u00d3N POR AJUSTE A LOS SISTEMAS LA SECRETARIA DE HACIENDA DEL MUNICIPIO DE BUCARAMANGA RESUELVE: ART\u00cdCULO PRIMERO: Ampliar hasta julio 31 de 2021, el plazo referido en","og:url":"https:\/\/contadoreshoy.com\/?p=13383","og:image":"https:\/\/contadoreshoy.com\/wp-content\/uploads\/2024\/01\/cropped-cropped-cropped-Copia-de-M.jpg","og:image:secure_url":"https:\/\/contadoreshoy.com\/wp-content\/uploads\/2024\/01\/cropped-cropped-cropped-Copia-de-M.jpg","og:image:width":512,"og:image:height":371,"article:published_time":"2021-07-01T14:50:08+00:00","article:modified_time":"2021-07-01T14:53:19+00:00","twitter:card":"summary_large_image","twitter:title":"Resoluci\u00f3n 1208 junio 30 de 2021 Alcald\u00eda de Bucaramanga - Contadores P\u00fablicos","twitter:description":"ALCALD\u00cdA DE BUCARAMANGA RESOLUCI\u00d3N 1208 DE JUNIO 30 DE 2021 POR EL CUAL SE AMPLIA EL PLAZO PARA PRESENTACI\u00d3N Y PAGO DE LAS DECLARACIONES MENSUALES DE RETENCI\u00d3N Y AUTORETENCI\u00d3N POR AJUSTE A LOS SISTEMAS LA SECRETARIA DE HACIENDA DEL MUNICIPIO DE BUCARAMANGA RESUELVE: ART\u00cdCULO PRIMERO: Ampliar hasta julio 31 de 2021, el plazo referido en","twitter:image":"https:\/\/contadoreshoy.com\/wp-content\/uploads\/2024\/01\/cropped-cropped-cropped-Copia-de-M.jpg"},"aioseo_meta_data":{"post_id":"13383","title":null,"description":null,"keywords":null,"keyphrases":null,"primary_term":null,"canonical_url":null,"og_title":null,"og_description":null,"og_object_type":"default","og_image_type":"default","og_image_url":null,"og_image_width":null,"og_image_height":null,"og_image_custom_url":null,"og_image_custom_fields":null,"og_video":null,"og_custom_url":null,"og_article_section":null,"og_article_tags":null,"twitter_use_og":false,"twitter_card":"default","twitter_image_type":"default","twitter_image_url":null,"twitter_image_custom_url":null,"twitter_image_custom_fields":null,"twitter_title":null,"twitter_description":null,"schema":{"blockGraphs":[],"customGraphs":[],"default":{"data":{"Article":[],"Course":[],"Dataset":[],"FAQPage":[],"Movie":[],"Person":[],"Product":[],"ProductReview":[],"Car":[],"Recipe":[],"Service":[],"SoftwareApplication":[],"WebPage":[]},"graphName":"","isEnabled":true},"graphs":[]},"schema_type":"default","schema_type_options":null,"pillar_content":false,"robots_default":true,"robots_noindex":false,"robots_noarchive":false,"robots_nosnippet":false,"robots_nofollow":false,"robots_noimageindex":false,"robots_noodp":false,"robots_notranslate":false,"robots_max_snippet":null,"robots_max_videopreview":null,"robots_max_imagepreview":"large","priority":null,"frequency":null,"local_seo":null,"breadcrumb_settings":null,"limit_modified_date":false,"ai":null,"created":"2024-03-05 02:32:37","updated":"2026-03-03 05:36:42","seo_analyzer_scan_date":null,"focus_keyword":null,"additional_keywords":null,"truseo_locale":null},"aioseo_breadcrumb":"<div class=\"aioseo-breadcrumbs\"><span class=\"aioseo-breadcrumb\">\n\t\t\t<a href=\"https:\/\/contadoreshoy.com\" title=\"Home\">Home<\/a>\n\t\t<\/span><span class=\"aioseo-breadcrumb-separator\">&raquo;<\/span><span class=\"aioseo-breadcrumb\">\n\t\t\t<a href=\"https:\/\/contadoreshoy.com\/?cat=1\" title=\"Uncategorized\">Uncategorized<\/a>\n\t\t<\/span><span class=\"aioseo-breadcrumb-separator\">&raquo;<\/span><span class=\"aioseo-breadcrumb\">\n\t\t\tResoluci\u00f3n 1208 junio 30 de 2021 Alcald\u00eda de Bucaramanga\n\t\t<\/span><\/div>","aioseo_breadcrumb_json":[{"label":"Home","link":"https:\/\/contadoreshoy.com"},{"label":"Uncategorized","link":"https:\/\/contadoreshoy.com\/?cat=1"},{"label":"Resoluci\u00f3n 1208 junio 30 de 2021 Alcald\u00eda de Bucaramanga","link":"https:\/\/contadoreshoy.com\/?p=13383"}],"yoast_head":"<!-- This site is optimized with the Yoast SEO plugin v28.4 - https:\/\/yoast.com\/product\/yoast-seo-wordpress\/ -->\n<title>Resoluci\u00f3n 1208 junio 30 de 2021 Alcald\u00eda de Bucaramanga - Contadores P\u00fablicos<\/title>\n<meta name=\"robots\" content=\"index, follow, max-snippet:-1, max-image-preview:large, max-video-preview:-1\" \/>\n<link rel=\"canonical\" href=\"https:\/\/contadoreshoy.com\/?p=13383\" \/>\n<meta property=\"og:locale\" content=\"es_ES\" \/>\n<meta property=\"og:type\" content=\"article\" \/>\n<meta property=\"og:title\" content=\"Resoluci\u00f3n 1208 junio 30 de 2021 Alcald\u00eda de Bucaramanga - Contadores P\u00fablicos\" \/>\n<meta property=\"og:url\" content=\"https:\/\/contadoreshoy.com\/?p=13383\" \/>\n<meta property=\"og:site_name\" content=\"Contadores P\u00fablicos\" \/>\n<meta property=\"article:publisher\" content=\"https:\/\/www.facebook.com\/CCCPBucaramanga\/\" \/>\n<meta property=\"article:published_time\" content=\"2021-07-01T14:50:08+00:00\" \/>\n<meta property=\"article:modified_time\" content=\"2021-07-01T14:53:19+00:00\" \/>\n<meta property=\"og:image\" content=\"https:\/\/contadoreshoy.com\/wp-content\/uploads\/2021\/07\/Informacion-tributaria-Bucaramanga.png\" \/>\n\t<meta property=\"og:image:width\" content=\"2000\" \/>\n\t<meta property=\"og:image:height\" content=\"1095\" \/>\n\t<meta property=\"og:image:type\" content=\"image\/png\" \/>\n<meta name=\"author\" content=\"Miguel Antonio M\u00e1rquez Monta\u00f1ez\" \/>\n<meta name=\"twitter:card\" content=\"summary_large_image\" \/>\n<meta name=\"twitter:label1\" content=\"Escrito por\" \/>\n\t<meta name=\"twitter:data1\" content=\"Miguel Antonio M\u00e1rquez Monta\u00f1ez\" \/>\n\t<meta name=\"twitter:label2\" content=\"Tiempo de lectura\" \/>\n\t<meta name=\"twitter:data2\" content=\"1 minuto\" \/>\n<script type=\"application\/ld+json\" class=\"yoast-schema-graph\">{\"@context\":\"https:\\\/\\\/schema.org\",\"@graph\":[{\"@type\":\"Article\",\"@id\":\"https:\\\/\\\/contadoreshoy.com\\\/?p=13383#article\",\"isPartOf\":{\"@id\":\"https:\\\/\\\/contadoreshoy.com\\\/?p=13383\"},\"author\":{\"name\":\"Miguel Antonio M\u00e1rquez Monta\u00f1ez\",\"@id\":\"https:\\\/\\\/contadoreshoy.com\\\/#\\\/schema\\\/person\\\/96d8979cb865537c5dc9345e40089fc5\"},\"headline\":\"Resoluci\u00f3n 1208 junio 30 de 2021 Alcald\u00eda de Bucaramanga\",\"datePublished\":\"2021-07-01T14:50:08+00:00\",\"dateModified\":\"2021-07-01T14:53:19+00:00\",\"mainEntityOfPage\":{\"@id\":\"https:\\\/\\\/contadoreshoy.com\\\/?p=13383\"},\"wordCount\":178,\"commentCount\":0,\"publisher\":{\"@id\":\"https:\\\/\\\/contadoreshoy.com\\\/#organization\"},\"image\":{\"@id\":\"https:\\\/\\\/contadoreshoy.com\\\/?p=13383#primaryimage\"},\"thumbnailUrl\":\"https:\\\/\\\/contadoreshoy.com\\\/wp-content\\\/uploads\\\/2021\\\/07\\\/Informacion-tributaria-Bucaramanga.png\",\"articleSection\":{\"1\":\"Ultimas Noticias\",\"2\":\"Uncategorized\"},\"inLanguage\":\"es\",\"potentialAction\":[{\"@type\":\"CommentAction\",\"name\":\"Comment\",\"target\":[\"https:\\\/\\\/contadoreshoy.com\\\/?p=13383#respond\"]}]},{\"@type\":\"WebPage\",\"@id\":\"https:\\\/\\\/contadoreshoy.com\\\/?p=13383\",\"url\":\"https:\\\/\\\/contadoreshoy.com\\\/?p=13383\",\"name\":\"Resoluci\u00f3n 1208 junio 30 de 2021 Alcald\u00eda de Bucaramanga - Contadores P\u00fablicos\",\"isPartOf\":{\"@id\":\"https:\\\/\\\/contadoreshoy.com\\\/#website\"},\"primaryImageOfPage\":{\"@id\":\"https:\\\/\\\/contadoreshoy.com\\\/?p=13383#primaryimage\"},\"image\":{\"@id\":\"https:\\\/\\\/contadoreshoy.com\\\/?p=13383#primaryimage\"},\"thumbnailUrl\":\"https:\\\/\\\/contadoreshoy.com\\\/wp-content\\\/uploads\\\/2021\\\/07\\\/Informacion-tributaria-Bucaramanga.png\",\"datePublished\":\"2021-07-01T14:50:08+00:00\",\"dateModified\":\"2021-07-01T14:53:19+00:00\",\"breadcrumb\":{\"@id\":\"https:\\\/\\\/contadoreshoy.com\\\/?p=13383#breadcrumb\"},\"inLanguage\":\"es\",\"potentialAction\":[{\"@type\":\"ReadAction\",\"target\":[\"https:\\\/\\\/contadoreshoy.com\\\/?p=13383\"]}]},{\"@type\":\"ImageObject\",\"inLanguage\":\"es\",\"@id\":\"https:\\\/\\\/contadoreshoy.com\\\/?p=13383#primaryimage\",\"url\":\"https:\\\/\\\/contadoreshoy.com\\\/wp-content\\\/uploads\\\/2021\\\/07\\\/Informacion-tributaria-Bucaramanga.png\",\"contentUrl\":\"https:\\\/\\\/contadoreshoy.com\\\/wp-content\\\/uploads\\\/2021\\\/07\\\/Informacion-tributaria-Bucaramanga.png\",\"width\":2000,\"height\":1095},{\"@type\":\"BreadcrumbList\",\"@id\":\"https:\\\/\\\/contadoreshoy.com\\\/?p=13383#breadcrumb\",\"itemListElement\":[{\"@type\":\"ListItem\",\"position\":1,\"name\":\"Portada\",\"item\":\"https:\\\/\\\/contadoreshoy.com\\\/\"},{\"@type\":\"ListItem\",\"position\":2,\"name\":\"Resoluci\u00f3n 1208 junio 30 de 2021 Alcald\u00eda de Bucaramanga\"}]},{\"@type\":\"WebSite\",\"@id\":\"https:\\\/\\\/contadoreshoy.com\\\/#website\",\"url\":\"https:\\\/\\\/contadoreshoy.com\\\/\",\"name\":\"Contadorespublicossantander\",\"description\":\"Portal para Contadores P\u00fablicos y empresarios\",\"publisher\":{\"@id\":\"https:\\\/\\\/contadoreshoy.com\\\/#organization\"},\"potentialAction\":[{\"@type\":\"SearchAction\",\"target\":{\"@type\":\"EntryPoint\",\"urlTemplate\":\"https:\\\/\\\/contadoreshoy.com\\\/?s={search_term_string}\"},\"query-input\":{\"@type\":\"PropertyValueSpecification\",\"valueRequired\":true,\"valueName\":\"search_term_string\"}}],\"inLanguage\":\"es\"},{\"@type\":\"Organization\",\"@id\":\"https:\\\/\\\/contadoreshoy.com\\\/#organization\",\"name\":\"Contadores P\u00fablicos de Santander\",\"url\":\"https:\\\/\\\/contadoreshoy.com\\\/\",\"logo\":{\"@type\":\"ImageObject\",\"inLanguage\":\"es\",\"@id\":\"https:\\\/\\\/contadoreshoy.com\\\/#\\\/schema\\\/logo\\\/image\\\/\",\"url\":\"https:\\\/\\\/contadoreshoy.com\\\/wp-content\\\/uploads\\\/2024\\\/01\\\/cropped-cropped-Copia-de-M-1.jpg\",\"contentUrl\":\"https:\\\/\\\/contadoreshoy.com\\\/wp-content\\\/uploads\\\/2024\\\/01\\\/cropped-cropped-Copia-de-M-1.jpg\",\"width\":499,\"height\":500,\"caption\":\"Contadores P\u00fablicos de Santander\"},\"image\":{\"@id\":\"https:\\\/\\\/contadoreshoy.com\\\/#\\\/schema\\\/logo\\\/image\\\/\"},\"sameAs\":[\"https:\\\/\\\/www.facebook.com\\\/CCCPBucaramanga\\\/\"]},{\"@type\":\"Person\",\"@id\":\"https:\\\/\\\/contadoreshoy.com\\\/#\\\/schema\\\/person\\\/96d8979cb865537c5dc9345e40089fc5\",\"name\":\"Miguel Antonio M\u00e1rquez Monta\u00f1ez\",\"description\":\"Contador P\u00fablico egresado de la Universidad Aut\u00f3noma de Bucaramanga - Asesor contable tributario con m\u00e1s de 25 a\u00f1os de experiencia - Conferencista en temas contables y tributarios - T\u00e9cnico en Hardware y Dise\u00f1o Web - Creador y director Grupo de Estudio Colegio Colombiano de Contadores P\u00fablicos de Bucaramanga - Creador y Master Web p\u00e1gina www.contadoresp\u00fablicossantander.com - Expresidente Colegio Colombiano de Contadores P\u00fablicos Bucaramanga\",\"url\":\"https:\\\/\\\/contadoreshoy.com\\\/?author=1\"}]}<\/script>\n<!-- \/ Yoast SEO plugin. -->","yoast_head_json":{"title":"Resoluci\u00f3n 1208 junio 30 de 2021 Alcald\u00eda de Bucaramanga - Contadores P\u00fablicos","robots":{"index":"index","follow":"follow","max-snippet":"max-snippet:-1","max-image-preview":"max-image-preview:large","max-video-preview":"max-video-preview:-1"},"canonical":"https:\/\/contadoreshoy.com\/?p=13383","og_locale":"es_ES","og_type":"article","og_title":"Resoluci\u00f3n 1208 junio 30 de 2021 Alcald\u00eda de Bucaramanga - Contadores P\u00fablicos","og_url":"https:\/\/contadoreshoy.com\/?p=13383","og_site_name":"Contadores P\u00fablicos","article_publisher":"https:\/\/www.facebook.com\/CCCPBucaramanga\/","article_published_time":"2021-07-01T14:50:08+00:00","article_modified_time":"2021-07-01T14:53:19+00:00","og_image":[{"width":2000,"height":1095,"url":"https:\/\/contadoreshoy.com\/wp-content\/uploads\/2021\/07\/Informacion-tributaria-Bucaramanga.png","type":"image\/png"}],"author":"Miguel Antonio M\u00e1rquez Monta\u00f1ez","twitter_card":"summary_large_image","twitter_misc":{"Escrito por":"Miguel Antonio M\u00e1rquez Monta\u00f1ez","Tiempo de lectura":"1 minuto"},"schema":{"@context":"https:\/\/schema.org","@graph":[{"@type":"Article","@id":"https:\/\/contadoreshoy.com\/?p=13383#article","isPartOf":{"@id":"https:\/\/contadoreshoy.com\/?p=13383"},"author":{"name":"Miguel Antonio M\u00e1rquez Monta\u00f1ez","@id":"https:\/\/contadoreshoy.com\/#\/schema\/person\/96d8979cb865537c5dc9345e40089fc5"},"headline":"Resoluci\u00f3n 1208 junio 30 de 2021 Alcald\u00eda de Bucaramanga","datePublished":"2021-07-01T14:50:08+00:00","dateModified":"2021-07-01T14:53:19+00:00","mainEntityOfPage":{"@id":"https:\/\/contadoreshoy.com\/?p=13383"},"wordCount":178,"commentCount":0,"publisher":{"@id":"https:\/\/contadoreshoy.com\/#organization"},"image":{"@id":"https:\/\/contadoreshoy.com\/?p=13383#primaryimage"},"thumbnailUrl":"https:\/\/contadoreshoy.com\/wp-content\/uploads\/2021\/07\/Informacion-tributaria-Bucaramanga.png","articleSection":{"1":"Ultimas Noticias","2":"Uncategorized"},"inLanguage":"es","potentialAction":[{"@type":"CommentAction","name":"Comment","target":["https:\/\/contadoreshoy.com\/?p=13383#respond"]}]},{"@type":"WebPage","@id":"https:\/\/contadoreshoy.com\/?p=13383","url":"https:\/\/contadoreshoy.com\/?p=13383","name":"Resoluci\u00f3n 1208 junio 30 de 2021 Alcald\u00eda de Bucaramanga - Contadores P\u00fablicos","isPartOf":{"@id":"https:\/\/contadoreshoy.com\/#website"},"primaryImageOfPage":{"@id":"https:\/\/contadoreshoy.com\/?p=13383#primaryimage"},"image":{"@id":"https:\/\/contadoreshoy.com\/?p=13383#primaryimage"},"thumbnailUrl":"https:\/\/contadoreshoy.com\/wp-content\/uploads\/2021\/07\/Informacion-tributaria-Bucaramanga.png","datePublished":"2021-07-01T14:50:08+00:00","dateModified":"2021-07-01T14:53:19+00:00","breadcrumb":{"@id":"https:\/\/contadoreshoy.com\/?p=13383#breadcrumb"},"inLanguage":"es","potentialAction":[{"@type":"ReadAction","target":["https:\/\/contadoreshoy.com\/?p=13383"]}]},{"@type":"ImageObject","inLanguage":"es","@id":"https:\/\/contadoreshoy.com\/?p=13383#primaryimage","url":"https:\/\/contadoreshoy.com\/wp-content\/uploads\/2021\/07\/Informacion-tributaria-Bucaramanga.png","contentUrl":"https:\/\/contadoreshoy.com\/wp-content\/uploads\/2021\/07\/Informacion-tributaria-Bucaramanga.png","width":2000,"height":1095},{"@type":"BreadcrumbList","@id":"https:\/\/contadoreshoy.com\/?p=13383#breadcrumb","itemListElement":[{"@type":"ListItem","position":1,"name":"Portada","item":"https:\/\/contadoreshoy.com\/"},{"@type":"ListItem","position":2,"name":"Resoluci\u00f3n 1208 junio 30 de 2021 Alcald\u00eda de Bucaramanga"}]},{"@type":"WebSite","@id":"https:\/\/contadoreshoy.com\/#website","url":"https:\/\/contadoreshoy.com\/","name":"Contadorespublicossantander","description":"Portal para Contadores P\u00fablicos y empresarios","publisher":{"@id":"https:\/\/contadoreshoy.com\/#organization"},"potentialAction":[{"@type":"SearchAction","target":{"@type":"EntryPoint","urlTemplate":"https:\/\/contadoreshoy.com\/?s={search_term_string}"},"query-input":{"@type":"PropertyValueSpecification","valueRequired":true,"valueName":"search_term_string"}}],"inLanguage":"es"},{"@type":"Organization","@id":"https:\/\/contadoreshoy.com\/#organization","name":"Contadores P\u00fablicos de Santander","url":"https:\/\/contadoreshoy.com\/","logo":{"@type":"ImageObject","inLanguage":"es","@id":"https:\/\/contadoreshoy.com\/#\/schema\/logo\/image\/","url":"https:\/\/contadoreshoy.com\/wp-content\/uploads\/2024\/01\/cropped-cropped-Copia-de-M-1.jpg","contentUrl":"https:\/\/contadoreshoy.com\/wp-content\/uploads\/2024\/01\/cropped-cropped-Copia-de-M-1.jpg","width":499,"height":500,"caption":"Contadores P\u00fablicos de Santander"},"image":{"@id":"https:\/\/contadoreshoy.com\/#\/schema\/logo\/image\/"},"sameAs":["https:\/\/www.facebook.com\/CCCPBucaramanga\/"]},{"@type":"Person","@id":"https:\/\/contadoreshoy.com\/#\/schema\/person\/96d8979cb865537c5dc9345e40089fc5","name":"Miguel Antonio M\u00e1rquez Monta\u00f1ez","description":"Contador P\u00fablico egresado de la Universidad Aut\u00f3noma de Bucaramanga - Asesor contable tributario con m\u00e1s de 25 a\u00f1os de experiencia - Conferencista en temas contables y tributarios - T\u00e9cnico en Hardware y Dise\u00f1o Web - Creador y director Grupo de Estudio Colegio Colombiano de Contadores P\u00fablicos de Bucaramanga - Creador y Master Web p\u00e1gina www.contadoresp\u00fablicossantander.com - Expresidente Colegio Colombiano de Contadores P\u00fablicos Bucaramanga","url":"https:\/\/contadoreshoy.com\/?author=1"}]}},"_links":{"self":[{"href":"https:\/\/contadoreshoy.com\/index.php?rest_route=\/wp\/v2\/posts\/13383","targetHints":{"allow":["GET"]}}],"collection":[{"href":"https:\/\/contadoreshoy.com\/index.php?rest_route=\/wp\/v2\/posts"}],"about":[{"href":"https:\/\/contadoreshoy.com\/index.php?rest_route=\/wp\/v2\/types\/post"}],"author":[{"embeddable":true,"href":"https:\/\/contadoreshoy.com\/index.php?rest_route=\/wp\/v2\/users\/1"}],"replies":[{"embeddable":true,"href":"https:\/\/contadoreshoy.com\/index.php?rest_route=%2Fwp%2Fv2%2Fcomments&post=13383"}],"version-history":[{"count":5,"href":"https:\/\/contadoreshoy.com\/index.php?rest_route=\/wp\/v2\/posts\/13383\/revisions"}],"predecessor-version":[{"id":13389,"href":"https:\/\/contadoreshoy.com\/index.php?rest_route=\/wp\/v2\/posts\/13383\/revisions\/13389"}],"wp:featuredmedia":[{"embeddable":true,"href":"https:\/\/contadoreshoy.com\/index.php?rest_route=\/wp\/v2\/media\/13384"}],"wp:attachment":[{"href":"https:\/\/contadoreshoy.com\/index.php?rest_route=%2Fwp%2Fv2%2Fmedia&parent=13383"}],"wp:term":[{"taxonomy":"category","embeddable":true,"href":"https:\/\/contadoreshoy.com\/index.php?rest_route=%2Fwp%2Fv2%2Fcategories&post=13383"},{"taxonomy":"post_tag","embeddable":true,"href":"https:\/\/contadoreshoy.com\/index.php?rest_route=%2Fwp%2Fv2%2Ftags&post=13383"}],"curies":[{"name":"wp","href":"https:\/\/api.w.org\/{rel}","templated":true}]}}