{"id":13404,"date":"2021-08-01T22:06:37","date_gmt":"2021-08-02T03:06:37","guid":{"rendered":"https:\/\/contadoreshoy.com\/?p=13404"},"modified":"2021-08-01T22:13:03","modified_gmt":"2021-08-02T03:13:03","slug":"resolucion-63-julio-30-2021-dian","status":"publish","type":"post","link":"https:\/\/contadoreshoy.com\/?p=13404","title":{"rendered":"Resoluci\u00f3n 63 julio 30 2021 DIAN"},"content":{"rendered":"\n<p><img loading=\"lazy\" decoding=\"async\" class=\"aligncenter wp-image-13405 size-large\" src=\"https:\/\/contadoreshoy.com\/wp-content\/uploads\/2021\/08\/Aplazamiento-calendario-DIAN-1240x597.png\" alt=\"\" width=\"1240\" height=\"597\" srcset=\"https:\/\/contadoreshoy.com\/wp-content\/uploads\/2021\/08\/Aplazamiento-calendario-DIAN-1240x597.png 1240w, https:\/\/contadoreshoy.com\/wp-content\/uploads\/2021\/08\/Aplazamiento-calendario-DIAN-600x289.png 600w, https:\/\/contadoreshoy.com\/wp-content\/uploads\/2021\/08\/Aplazamiento-calendario-DIAN-768x369.png 768w, https:\/\/contadoreshoy.com\/wp-content\/uploads\/2021\/08\/Aplazamiento-calendario-DIAN-1536x739.png 1536w, https:\/\/contadoreshoy.com\/wp-content\/uploads\/2021\/08\/Aplazamiento-calendario-DIAN-2048x985.png 2048w, https:\/\/contadoreshoy.com\/wp-content\/uploads\/2021\/08\/Aplazamiento-calendario-DIAN-2000x962.png 2000w\" sizes=\"auto, (max-width: 1240px) 100vw, 1240px\" \/><\/p>\n<p style=\"text-align: justify;\"><span style=\"background-color: #ffffff; color: #000000;\"><span style=\"color: #0000ff;\"><a style=\"background-color: #ffffff; color: #0000ff;\" href=\"https:\/\/www.dian.gov.co\/normatividad\/Normatividad\/Resoluci%C3%B3n%20000063%20de%2030-07-2021.pdf\" target=\"_blank\" rel=\"noopener\"><strong>Resoluci\u00f3n 63 julio 30 de 2021 DIAN<\/strong><\/a><\/span><strong><span style=\"color: #0000ff;\">,<\/span> por la cual se modifican las fechas en la que estar\u00e1n disponibles las funcionalidades del sistema de facturaci\u00f3n electr\u00f3nica para la implementaci\u00f3n del anexo t\u00e9cnico de factura electr\u00f3nica de venta &#8211; versi\u00f3n 1.8, anexo t\u00e9cnico documento soporte de pago de n\u00f3mina electr\u00f3nica de venta &#8211; versi\u00f3n 1.0, y anexo t\u00e9cnico RADIAN &#8211; versi\u00f3n 1.0.<\/strong><\/span><\/p>\n<p style=\"text-align: justify;\"><span style=\"background-color: #ffffff; color: #000000;\"><strong>El sistema de facturaci\u00f3n electr\u00f3nica quedar\u00e1 disponible para la habilitaci\u00f3n, generaci\u00f3n, transmisi\u00f3n, validaci\u00f3n, expedici\u00f3n, entrega y registro, seg\u00fan corresponda, el dieciocho (18) de agosto de 2021, para que los anexos t\u00e9cnicos que forman parte integral de las resoluciones 012 del 9 de febrero de 2021, 013 del 11 de febrero de 2021 y 015 del 11 de febrero de 2021, puedan ser implementados seg\u00fan corresponda.<\/strong><\/span><\/p>\n<p style=\"text-align: justify;\"><span style=\"background-color: #ffffff; color: #000000;\"><strong>El calendario de implementaci\u00f3n para sujetos de acuerdo con el n\u00famero de empleados ser\u00e1 el siguiente:<\/strong><\/span><\/p>\n<table style=\"border-collapse: collapse; width: 100%; height: 264px;\">\n<tbody>\n<tr style=\"height: 96px;\">\n<td style=\"width: 6.1458%; text-align: center; height: 192px;\" rowspan=\"2\"><strong><span style=\"color: #000000;\">Grupo<\/span><\/strong><\/td>\n<td style=\"width: 25.7292%; text-align: center; height: 192px;\" rowspan=\"2\"><strong><span style=\"color: #000000;\">Fecha de inicio habilitaci\u00f3n en el servicio inform\u00e1tico electr\u00f3nico n\u00f3mina electr\u00f3nica<\/span><\/strong><\/td>\n<td style=\"width: 40.625%; text-align: center; height: 192px;\" rowspan=\"2\"><strong><span style=\"color: #000000;\">Fecha m\u00e1xima para iniciar con la generaci\u00f3n, transmisi\u00f3n del documento soporte de pago de n\u00f3mina electr\u00f3nica y de las notas de ajuste del documento soporte de pago de n\u00f3mina electr\u00f3nica<\/span><\/strong><\/td>\n<td style=\"width: 27.5%; text-align: center; height: 96px;\" colspan=\"2\"><strong><span style=\"color: #000000;\">Intervalo en relaci\u00f3n con el n\u00famero de empleados<\/span><\/strong><\/td>\n<\/tr>\n<tr style=\"height: 96px;\">\n<td style=\"width: 13.75%; text-align: center; height: 96px;\"><strong><span style=\"color: #000000;\">Desde<\/span><\/strong><\/td>\n<td style=\"width: 13.75%; text-align: center; height: 96px;\"><strong><span style=\"color: #000000;\">Hasta<\/span><\/strong><\/td>\n<\/tr>\n<tr style=\"height: 24px;\">\n<td style=\"width: 6.1458%; height: 24px; text-align: center;\"><strong><span style=\"color: #000000;\">1<\/span><\/strong><\/td>\n<td style=\"width: 25.7292%; height: 24px; text-align: center;\" rowspan=\"4\"><strong><span style=\"color: #000000;\">18\/08\/2021<\/span><\/strong><\/td>\n<td style=\"width: 40.625%; height: 24px; text-align: center;\"><strong><span style=\"color: #000000;\">1\/09\/2021<\/span><\/strong><\/td>\n<td style=\"width: 27.5%; height: 24px; text-align: center;\" colspan=\"2\"><strong><span style=\"color: #000000;\">M\u00e1s de 250<\/span><\/strong><\/td>\n<\/tr>\n<tr style=\"height: 24px;\">\n<td style=\"width: 6.1458%; height: 24px; text-align: center;\"><strong><span style=\"color: #000000;\">2<\/span><\/strong><\/td>\n<td style=\"width: 40.625%; height: 24px; text-align: center;\"><strong><span style=\"color: #000000;\">1\/10\/2021<\/span><\/strong><\/td>\n<td style=\"width: 13.75%; height: 24px; text-align: center;\"><strong><span style=\"color: #000000;\">101<\/span><\/strong><\/td>\n<td style=\"width: 13.75%; height: 24px; text-align: center;\"><strong><span style=\"color: #000000;\">250<\/span><\/strong><\/td>\n<\/tr>\n<tr style=\"height: 24px;\">\n<td style=\"width: 6.1458%; height: 24px; text-align: center;\"><strong><span style=\"color: #000000;\">3<\/span><\/strong><\/td>\n<td style=\"width: 40.625%; height: 24px; text-align: center;\"><strong><span style=\"color: #000000;\">1\/11\/2021<\/span><\/strong><\/td>\n<td style=\"width: 13.75%; height: 24px; text-align: center;\"><strong><span style=\"color: #000000;\">11<\/span><\/strong><\/td>\n<td style=\"width: 13.75%; height: 24px; text-align: center;\"><strong><span style=\"color: #000000;\">100<\/span><\/strong><\/td>\n<\/tr>\n<tr>\n<td style=\"width: 6.1458%; text-align: center;\"><strong><span style=\"color: #000000;\">4<\/span><\/strong><\/td>\n<td style=\"width: 40.625%; text-align: center;\"><strong><span style=\"color: #000000;\">1\/12\/2021<\/span><\/strong><\/td>\n<td style=\"width: 13.75%; text-align: center;\"><strong><span style=\"color: #000000;\">1<\/span><\/strong><\/td>\n<td style=\"width: 13.75%; text-align: center;\"><strong><span style=\"color: #000000;\">10<\/span><\/strong><\/td>\n<\/tr>\n<\/tbody>\n<\/table>\n<p style=\"text-align: justify;\"><strong><span style=\"color: #000000;\">Los sujetos del grupo 1, podr\u00e1n generar y transmitir el documento soporte de pago de n\u00f3mina electr\u00f3nica, y las notas de ajuste del citado documento, correspondiente al mes de septiembre de 2021, a m\u00e1s tardar el d\u00eda veintinueve (29) de octubre de 2021.<\/span><\/strong><\/p>\n<p style=\"text-align: justify;\"><strong><span style=\"color: #000000;\">La generaci\u00f3n, transmisi\u00f3n y validaci\u00f3n electr\u00f3nica del documento soporte en adquisiciones efectuadas a sujetos no obligados a expedir factura de venta o documento equivalente, se deber\u00e1 adoptar a partir del treinta y uno (31) de enero de 2022.<\/span><\/strong><\/p>\n<p style=\"text-align: justify;\"><a href=\"https:\/\/www.dian.gov.co\/normatividad\/Normatividad\/Resoluci%C3%B3n%20000063%20de%2030-07-2021.pdf\" target=\"_blank\" rel=\"noopener\"><strong>Para descargar Resoluci\u00f3n 63 de julio 30 de 2021 DIAN, dar clic en este enlace<\/strong><\/a><\/p>\n","protected":false},"excerpt":{"rendered":"","protected":false},"author":1,"featured_media":13405,"comment_status":"open","ping_status":"open","sticky":false,"template":"","format":"standard","meta":{"_monsterinsights_skip_tracking":false,"ngg_post_thumbnail":0,"footnotes":"","_links_to":"","_links_to_target":""},"categories":[454,458,1],"tags":[],"class_list":["post-13404","post","type-post","status-publish","format-standard","has-post-thumbnail","hentry","category-sin-categoria","category-ultimas","category-uncategorized"],"aioseo_notices":[],"aioseo_head":"\n\t\t<!-- All in One SEO 5.0.1.1 - aioseo.com -->\n\t<meta name=\"description\" content=\"Resoluci\u00f3n 63 julio 30 de 2021 DIAN, por la cual se modifican las fechas en la que estar\u00e1n disponibles las funcionalidades del sistema de facturaci\u00f3n electr\u00f3nica para la implementaci\u00f3n del anexo t\u00e9cnico de factura electr\u00f3nica de venta - versi\u00f3n 1.8, anexo t\u00e9cnico documento soporte de pago de n\u00f3mina electr\u00f3nica de venta - versi\u00f3n 1.0, y\" \/>\n\t<meta name=\"robots\" content=\"max-image-preview:large\" \/>\n\t<meta name=\"author\" content=\"Miguel Antonio M\u00e1rquez Monta\u00f1ez\"\/>\n\t<link rel=\"canonical\" href=\"https:\/\/contadoreshoy.com\/?p=13404\" \/>\n\t<meta name=\"generator\" content=\"All in One SEO (AIOSEO) 5.0.1.1\" \/>\n\t\t<meta property=\"og:locale\" content=\"es_ES\" \/>\n\t\t<meta property=\"og:site_name\" content=\"Contadores P\u00fablicos - Portal para Contadores P\u00fablicos y empresarios\" \/>\n\t\t<meta property=\"og:type\" content=\"article\" \/>\n\t\t<meta property=\"og:title\" content=\"Resoluci\u00f3n 63 julio 30 2021 DIAN - Contadores P\u00fablicos\" \/>\n\t\t<meta property=\"og:description\" content=\"Resoluci\u00f3n 63 julio 30 de 2021 DIAN, por la cual se modifican las fechas en la que estar\u00e1n disponibles las funcionalidades del sistema de facturaci\u00f3n electr\u00f3nica para la implementaci\u00f3n del anexo t\u00e9cnico de factura electr\u00f3nica de venta - versi\u00f3n 1.8, anexo t\u00e9cnico documento soporte de pago de n\u00f3mina electr\u00f3nica de venta - versi\u00f3n 1.0, y\" \/>\n\t\t<meta property=\"og:url\" content=\"https:\/\/contadoreshoy.com\/?p=13404\" \/>\n\t\t<meta property=\"og:image\" content=\"https:\/\/contadoreshoy.com\/wp-content\/uploads\/2024\/01\/cropped-cropped-cropped-Copia-de-M.jpg\" \/>\n\t\t<meta property=\"og:image:secure_url\" content=\"https:\/\/contadoreshoy.com\/wp-content\/uploads\/2024\/01\/cropped-cropped-cropped-Copia-de-M.jpg\" \/>\n\t\t<meta property=\"og:image:width\" content=\"512\" \/>\n\t\t<meta property=\"og:image:height\" content=\"371\" \/>\n\t\t<meta property=\"article:published_time\" content=\"2021-08-02T03:06:37+00:00\" \/>\n\t\t<meta property=\"article:modified_time\" content=\"2021-08-02T03:13:03+00:00\" \/>\n\t\t<meta name=\"twitter:card\" content=\"summary_large_image\" \/>\n\t\t<meta name=\"twitter:title\" content=\"Resoluci\u00f3n 63 julio 30 2021 DIAN - Contadores P\u00fablicos\" \/>\n\t\t<meta name=\"twitter:description\" content=\"Resoluci\u00f3n 63 julio 30 de 2021 DIAN, por la cual se modifican las fechas en la que estar\u00e1n disponibles las funcionalidades del sistema de facturaci\u00f3n electr\u00f3nica para la implementaci\u00f3n del anexo t\u00e9cnico de factura electr\u00f3nica de venta - versi\u00f3n 1.8, anexo t\u00e9cnico documento soporte de pago de n\u00f3mina electr\u00f3nica de venta - versi\u00f3n 1.0, y\" \/>\n\t\t<meta name=\"twitter:image\" content=\"https:\/\/contadoreshoy.com\/wp-content\/uploads\/2024\/01\/cropped-cropped-cropped-Copia-de-M.jpg\" \/>\n\t\t<script type=\"application\/ld+json\" class=\"aioseo-schema\">\n\t\t\t{\"@context\":\"https:\\\/\\\/schema.org\",\"@graph\":[{\"@type\":\"BlogPosting\",\"@id\":\"https:\\\/\\\/contadoreshoy.com\\\/?p=13404#blogposting\",\"name\":\"Resoluci\\u00f3n 63 julio 30 2021 DIAN - Contadores P\\u00fablicos\",\"headline\":\"Resoluci\\u00f3n 63 julio 30 2021 DIAN\",\"author\":{\"@id\":\"https:\\\/\\\/contadoreshoy.com\\\/?author=1#author\"},\"publisher\":{\"@id\":\"https:\\\/\\\/contadoreshoy.com\\\/#organization\"},\"image\":{\"@type\":\"ImageObject\",\"url\":\"https:\\\/\\\/contadoreshoy.com\\\/wp-content\\\/uploads\\\/2021\\\/08\\\/Aplazamiento-calendario-DIAN-scaled.png\",\"width\":2560,\"height\":1231},\"datePublished\":\"2021-08-01T22:06:37-05:00\",\"dateModified\":\"2021-08-01T22:13:03-05:00\",\"inLanguage\":\"es-ES\",\"mainEntityOfPage\":{\"@id\":\"https:\\\/\\\/contadoreshoy.com\\\/?p=13404#webpage\"},\"isPartOf\":{\"@id\":\"https:\\\/\\\/contadoreshoy.com\\\/?p=13404#webpage\"},\"articleSection\":\"Sin categor\\u00eda, Ultimas Noticias, Uncategorized\"},{\"@type\":\"BreadcrumbList\",\"@id\":\"https:\\\/\\\/contadoreshoy.com\\\/?p=13404#breadcrumblist\",\"itemListElement\":[{\"@type\":\"ListItem\",\"@id\":\"https:\\\/\\\/contadoreshoy.com#listItem\",\"position\":1,\"name\":\"Home\",\"item\":\"https:\\\/\\\/contadoreshoy.com\",\"nextItem\":{\"@type\":\"ListItem\",\"@id\":\"https:\\\/\\\/contadoreshoy.com\\\/?cat=1#listItem\",\"name\":\"Uncategorized\"}},{\"@type\":\"ListItem\",\"@id\":\"https:\\\/\\\/contadoreshoy.com\\\/?cat=1#listItem\",\"position\":2,\"name\":\"Uncategorized\",\"item\":\"https:\\\/\\\/contadoreshoy.com\\\/?cat=1\",\"nextItem\":{\"@type\":\"ListItem\",\"@id\":\"https:\\\/\\\/contadoreshoy.com\\\/?p=13404#listItem\",\"name\":\"Resoluci\\u00f3n 63 julio 30 2021 DIAN\"},\"previousItem\":{\"@type\":\"ListItem\",\"@id\":\"https:\\\/\\\/contadoreshoy.com#listItem\",\"name\":\"Home\"}},{\"@type\":\"ListItem\",\"@id\":\"https:\\\/\\\/contadoreshoy.com\\\/?p=13404#listItem\",\"position\":3,\"name\":\"Resoluci\\u00f3n 63 julio 30 2021 DIAN\",\"previousItem\":{\"@type\":\"ListItem\",\"@id\":\"https:\\\/\\\/contadoreshoy.com\\\/?cat=1#listItem\",\"name\":\"Uncategorized\"}}]},{\"@type\":\"Organization\",\"@id\":\"https:\\\/\\\/contadoreshoy.com\\\/#organization\",\"name\":\"Contadores P\\u00fablicos\",\"description\":\"Portal para Contadores P\\u00fablicos y empresarios\",\"url\":\"https:\\\/\\\/contadoreshoy.com\\\/\",\"logo\":{\"@type\":\"ImageObject\",\"url\":\"https:\\\/\\\/contadoreshoy.com\\\/wp-content\\\/uploads\\\/2024\\\/01\\\/cropped-cropped-Copia-de-M-1.jpg\",\"@id\":\"https:\\\/\\\/contadoreshoy.com\\\/?p=13404\\\/#organizationLogo\",\"width\":499,\"height\":500},\"image\":{\"@id\":\"https:\\\/\\\/contadoreshoy.com\\\/?p=13404\\\/#organizationLogo\"}},{\"@type\":\"Person\",\"@id\":\"https:\\\/\\\/contadoreshoy.com\\\/?author=1#author\",\"url\":\"https:\\\/\\\/contadoreshoy.com\\\/?author=1\",\"name\":\"Miguel Antonio M\\u00e1rquez Monta\\u00f1ez\"},{\"@type\":\"WebPage\",\"@id\":\"https:\\\/\\\/contadoreshoy.com\\\/?p=13404#webpage\",\"url\":\"https:\\\/\\\/contadoreshoy.com\\\/?p=13404\",\"name\":\"Resoluci\\u00f3n 63 julio 30 2021 DIAN - Contadores P\\u00fablicos\",\"description\":\"Resoluci\\u00f3n 63 julio 30 de 2021 DIAN, por la cual se modifican las fechas en la que estar\\u00e1n disponibles las funcionalidades del sistema de facturaci\\u00f3n electr\\u00f3nica para la implementaci\\u00f3n del anexo t\\u00e9cnico de factura electr\\u00f3nica de venta - versi\\u00f3n 1.8, anexo t\\u00e9cnico documento soporte de pago de n\\u00f3mina electr\\u00f3nica de venta - versi\\u00f3n 1.0, y\",\"inLanguage\":\"es-ES\",\"isPartOf\":{\"@id\":\"https:\\\/\\\/contadoreshoy.com\\\/#website\"},\"breadcrumb\":{\"@id\":\"https:\\\/\\\/contadoreshoy.com\\\/?p=13404#breadcrumblist\"},\"author\":{\"@id\":\"https:\\\/\\\/contadoreshoy.com\\\/?author=1#author\"},\"creator\":{\"@id\":\"https:\\\/\\\/contadoreshoy.com\\\/?author=1#author\"},\"image\":{\"@type\":\"ImageObject\",\"url\":\"https:\\\/\\\/contadoreshoy.com\\\/wp-content\\\/uploads\\\/2021\\\/08\\\/Aplazamiento-calendario-DIAN-scaled.png\",\"@id\":\"https:\\\/\\\/contadoreshoy.com\\\/?p=13404\\\/#mainImage\",\"width\":2560,\"height\":1231},\"primaryImageOfPage\":{\"@id\":\"https:\\\/\\\/contadoreshoy.com\\\/?p=13404#mainImage\"},\"datePublished\":\"2021-08-01T22:06:37-05:00\",\"dateModified\":\"2021-08-01T22:13:03-05:00\"},{\"@type\":\"WebSite\",\"@id\":\"https:\\\/\\\/contadoreshoy.com\\\/#website\",\"url\":\"https:\\\/\\\/contadoreshoy.com\\\/\",\"name\":\"Contadores P\\u00fablicos\",\"description\":\"Portal para Contadores P\\u00fablicos y empresarios\",\"inLanguage\":\"es-ES\",\"publisher\":{\"@id\":\"https:\\\/\\\/contadoreshoy.com\\\/#organization\"}}]}\n\t\t<\/script>\n\t\t<!-- All in One SEO -->\n\n","aioseo_head_json":{"title":"Resoluci\u00f3n 63 julio 30 2021 DIAN - Contadores P\u00fablicos","description":"Resoluci\u00f3n 63 julio 30 de 2021 DIAN, por la cual se modifican las fechas en la que estar\u00e1n disponibles las funcionalidades del sistema de facturaci\u00f3n electr\u00f3nica para la implementaci\u00f3n del anexo t\u00e9cnico de factura electr\u00f3nica de venta - versi\u00f3n 1.8, anexo t\u00e9cnico documento soporte de pago de n\u00f3mina electr\u00f3nica de venta - versi\u00f3n 1.0, y","canonical_url":"https:\/\/contadoreshoy.com\/?p=13404","robots":"max-image-preview:large","keywords":"","webmasterTools":{"miscellaneous":""},"schema":{"@context":"https:\/\/schema.org","@graph":[{"@type":"BlogPosting","@id":"https:\/\/contadoreshoy.com\/?p=13404#blogposting","name":"Resoluci\u00f3n 63 julio 30 2021 DIAN - Contadores P\u00fablicos","headline":"Resoluci\u00f3n 63 julio 30 2021 DIAN","author":{"@id":"https:\/\/contadoreshoy.com\/?author=1#author"},"publisher":{"@id":"https:\/\/contadoreshoy.com\/#organization"},"image":{"@type":"ImageObject","url":"https:\/\/contadoreshoy.com\/wp-content\/uploads\/2021\/08\/Aplazamiento-calendario-DIAN-scaled.png","width":2560,"height":1231},"datePublished":"2021-08-01T22:06:37-05:00","dateModified":"2021-08-01T22:13:03-05:00","inLanguage":"es-ES","mainEntityOfPage":{"@id":"https:\/\/contadoreshoy.com\/?p=13404#webpage"},"isPartOf":{"@id":"https:\/\/contadoreshoy.com\/?p=13404#webpage"},"articleSection":"Sin categor\u00eda, Ultimas Noticias, Uncategorized"},{"@type":"BreadcrumbList","@id":"https:\/\/contadoreshoy.com\/?p=13404#breadcrumblist","itemListElement":[{"@type":"ListItem","@id":"https:\/\/contadoreshoy.com#listItem","position":1,"name":"Home","item":"https:\/\/contadoreshoy.com","nextItem":{"@type":"ListItem","@id":"https:\/\/contadoreshoy.com\/?cat=1#listItem","name":"Uncategorized"}},{"@type":"ListItem","@id":"https:\/\/contadoreshoy.com\/?cat=1#listItem","position":2,"name":"Uncategorized","item":"https:\/\/contadoreshoy.com\/?cat=1","nextItem":{"@type":"ListItem","@id":"https:\/\/contadoreshoy.com\/?p=13404#listItem","name":"Resoluci\u00f3n 63 julio 30 2021 DIAN"},"previousItem":{"@type":"ListItem","@id":"https:\/\/contadoreshoy.com#listItem","name":"Home"}},{"@type":"ListItem","@id":"https:\/\/contadoreshoy.com\/?p=13404#listItem","position":3,"name":"Resoluci\u00f3n 63 julio 30 2021 DIAN","previousItem":{"@type":"ListItem","@id":"https:\/\/contadoreshoy.com\/?cat=1#listItem","name":"Uncategorized"}}]},{"@type":"Organization","@id":"https:\/\/contadoreshoy.com\/#organization","name":"Contadores P\u00fablicos","description":"Portal para Contadores P\u00fablicos y empresarios","url":"https:\/\/contadoreshoy.com\/","logo":{"@type":"ImageObject","url":"https:\/\/contadoreshoy.com\/wp-content\/uploads\/2024\/01\/cropped-cropped-Copia-de-M-1.jpg","@id":"https:\/\/contadoreshoy.com\/?p=13404\/#organizationLogo","width":499,"height":500},"image":{"@id":"https:\/\/contadoreshoy.com\/?p=13404\/#organizationLogo"}},{"@type":"Person","@id":"https:\/\/contadoreshoy.com\/?author=1#author","url":"https:\/\/contadoreshoy.com\/?author=1","name":"Miguel Antonio M\u00e1rquez Monta\u00f1ez"},{"@type":"WebPage","@id":"https:\/\/contadoreshoy.com\/?p=13404#webpage","url":"https:\/\/contadoreshoy.com\/?p=13404","name":"Resoluci\u00f3n 63 julio 30 2021 DIAN - Contadores P\u00fablicos","description":"Resoluci\u00f3n 63 julio 30 de 2021 DIAN, por la cual se modifican las fechas en la que estar\u00e1n disponibles las funcionalidades del sistema de facturaci\u00f3n electr\u00f3nica para la implementaci\u00f3n del anexo t\u00e9cnico de factura electr\u00f3nica de venta - versi\u00f3n 1.8, anexo t\u00e9cnico documento soporte de pago de n\u00f3mina electr\u00f3nica de venta - versi\u00f3n 1.0, y","inLanguage":"es-ES","isPartOf":{"@id":"https:\/\/contadoreshoy.com\/#website"},"breadcrumb":{"@id":"https:\/\/contadoreshoy.com\/?p=13404#breadcrumblist"},"author":{"@id":"https:\/\/contadoreshoy.com\/?author=1#author"},"creator":{"@id":"https:\/\/contadoreshoy.com\/?author=1#author"},"image":{"@type":"ImageObject","url":"https:\/\/contadoreshoy.com\/wp-content\/uploads\/2021\/08\/Aplazamiento-calendario-DIAN-scaled.png","@id":"https:\/\/contadoreshoy.com\/?p=13404\/#mainImage","width":2560,"height":1231},"primaryImageOfPage":{"@id":"https:\/\/contadoreshoy.com\/?p=13404#mainImage"},"datePublished":"2021-08-01T22:06:37-05:00","dateModified":"2021-08-01T22:13:03-05:00"},{"@type":"WebSite","@id":"https:\/\/contadoreshoy.com\/#website","url":"https:\/\/contadoreshoy.com\/","name":"Contadores P\u00fablicos","description":"Portal para Contadores P\u00fablicos y empresarios","inLanguage":"es-ES","publisher":{"@id":"https:\/\/contadoreshoy.com\/#organization"}}]},"og:locale":"es_ES","og:site_name":"Contadores P\u00fablicos - Portal para Contadores P\u00fablicos y empresarios","og:type":"article","og:title":"Resoluci\u00f3n 63 julio 30 2021 DIAN - Contadores P\u00fablicos","og:description":"Resoluci\u00f3n 63 julio 30 de 2021 DIAN, por la cual se modifican las fechas en la que estar\u00e1n disponibles las funcionalidades del sistema de facturaci\u00f3n electr\u00f3nica para la implementaci\u00f3n del anexo t\u00e9cnico de factura electr\u00f3nica de venta - versi\u00f3n 1.8, anexo t\u00e9cnico documento soporte de pago de n\u00f3mina electr\u00f3nica de venta - versi\u00f3n 1.0, y","og:url":"https:\/\/contadoreshoy.com\/?p=13404","og:image":"https:\/\/contadoreshoy.com\/wp-content\/uploads\/2024\/01\/cropped-cropped-cropped-Copia-de-M.jpg","og:image:secure_url":"https:\/\/contadoreshoy.com\/wp-content\/uploads\/2024\/01\/cropped-cropped-cropped-Copia-de-M.jpg","og:image:width":512,"og:image:height":371,"article:published_time":"2021-08-02T03:06:37+00:00","article:modified_time":"2021-08-02T03:13:03+00:00","twitter:card":"summary_large_image","twitter:title":"Resoluci\u00f3n 63 julio 30 2021 DIAN - Contadores P\u00fablicos","twitter:description":"Resoluci\u00f3n 63 julio 30 de 2021 DIAN, por la cual se modifican las fechas en la que estar\u00e1n disponibles las funcionalidades del sistema de facturaci\u00f3n electr\u00f3nica para la implementaci\u00f3n del anexo t\u00e9cnico de factura electr\u00f3nica de venta - versi\u00f3n 1.8, anexo t\u00e9cnico documento soporte de pago de n\u00f3mina electr\u00f3nica de venta - versi\u00f3n 1.0, y","twitter:image":"https:\/\/contadoreshoy.com\/wp-content\/uploads\/2024\/01\/cropped-cropped-cropped-Copia-de-M.jpg"},"aioseo_meta_data":{"post_id":"13404","title":null,"description":null,"keywords":null,"keyphrases":null,"primary_term":null,"canonical_url":null,"og_title":null,"og_description":null,"og_object_type":"default","og_image_type":"default","og_image_url":null,"og_image_width":null,"og_image_height":null,"og_image_custom_url":null,"og_image_custom_fields":null,"og_video":null,"og_custom_url":null,"og_article_section":null,"og_article_tags":null,"twitter_use_og":false,"twitter_card":"default","twitter_image_type":"default","twitter_image_url":null,"twitter_image_custom_url":null,"twitter_image_custom_fields":null,"twitter_title":null,"twitter_description":null,"schema":{"blockGraphs":[],"customGraphs":[],"default":{"data":{"Article":[],"Course":[],"Dataset":[],"FAQPage":[],"Movie":[],"Person":[],"Product":[],"ProductReview":[],"Car":[],"Recipe":[],"Service":[],"SoftwareApplication":[],"WebPage":[]},"graphName":"","isEnabled":true},"graphs":[]},"schema_type":"default","schema_type_options":null,"pillar_content":false,"robots_default":true,"robots_noindex":false,"robots_noarchive":false,"robots_nosnippet":false,"robots_nofollow":false,"robots_noimageindex":false,"robots_noodp":false,"robots_notranslate":false,"robots_max_snippet":null,"robots_max_videopreview":null,"robots_max_imagepreview":"large","priority":null,"frequency":null,"local_seo":null,"breadcrumb_settings":null,"limit_modified_date":false,"ai":null,"created":"2024-03-05 02:32:38","updated":"2026-03-03 05:36:42","seo_analyzer_scan_date":null,"focus_keyword":null,"additional_keywords":null,"truseo_locale":null},"aioseo_breadcrumb":"<div class=\"aioseo-breadcrumbs\"><span class=\"aioseo-breadcrumb\">\n\t\t\t<a href=\"https:\/\/contadoreshoy.com\" title=\"Home\">Home<\/a>\n\t\t<\/span><span class=\"aioseo-breadcrumb-separator\">&raquo;<\/span><span class=\"aioseo-breadcrumb\">\n\t\t\t<a href=\"https:\/\/contadoreshoy.com\/?cat=1\" title=\"Uncategorized\">Uncategorized<\/a>\n\t\t<\/span><span class=\"aioseo-breadcrumb-separator\">&raquo;<\/span><span class=\"aioseo-breadcrumb\">\n\t\t\tResoluci\u00f3n 63 julio 30 2021 DIAN\n\t\t<\/span><\/div>","aioseo_breadcrumb_json":[{"label":"Home","link":"https:\/\/contadoreshoy.com"},{"label":"Uncategorized","link":"https:\/\/contadoreshoy.com\/?cat=1"},{"label":"Resoluci\u00f3n 63 julio 30 2021 DIAN","link":"https:\/\/contadoreshoy.com\/?p=13404"}],"yoast_head":"<!-- This site is optimized with the Yoast SEO plugin v28.4 - https:\/\/yoast.com\/product\/yoast-seo-wordpress\/ -->\n<title>Resoluci\u00f3n 63 julio 30 2021 DIAN - Contadores P\u00fablicos<\/title>\n<meta name=\"robots\" content=\"index, follow, max-snippet:-1, max-image-preview:large, max-video-preview:-1\" \/>\n<link rel=\"canonical\" href=\"https:\/\/contadoreshoy.com\/?p=13404\" \/>\n<meta property=\"og:locale\" content=\"es_ES\" \/>\n<meta property=\"og:type\" content=\"article\" \/>\n<meta property=\"og:title\" content=\"Resoluci\u00f3n 63 julio 30 2021 DIAN - Contadores P\u00fablicos\" \/>\n<meta property=\"og:url\" content=\"https:\/\/contadoreshoy.com\/?p=13404\" \/>\n<meta property=\"og:site_name\" content=\"Contadores P\u00fablicos\" \/>\n<meta property=\"article:publisher\" content=\"https:\/\/www.facebook.com\/CCCPBucaramanga\/\" \/>\n<meta property=\"article:published_time\" content=\"2021-08-02T03:06:37+00:00\" \/>\n<meta property=\"article:modified_time\" content=\"2021-08-02T03:13:03+00:00\" \/>\n<meta property=\"og:image\" content=\"https:\/\/contadoreshoy.com\/wp-content\/uploads\/2021\/08\/Aplazamiento-calendario-DIAN-1240x597.png\" \/>\n\t<meta property=\"og:image:width\" content=\"1240\" \/>\n\t<meta property=\"og:image:height\" content=\"597\" \/>\n\t<meta property=\"og:image:type\" content=\"image\/png\" \/>\n<meta name=\"author\" content=\"Miguel Antonio M\u00e1rquez Monta\u00f1ez\" \/>\n<meta name=\"twitter:card\" content=\"summary_large_image\" \/>\n<meta name=\"twitter:label1\" content=\"Escrito por\" \/>\n\t<meta name=\"twitter:data1\" content=\"Miguel Antonio M\u00e1rquez Monta\u00f1ez\" \/>\n\t<meta name=\"twitter:label2\" content=\"Tiempo de lectura\" \/>\n\t<meta name=\"twitter:data2\" content=\"2 minutos\" \/>\n<script type=\"application\/ld+json\" class=\"yoast-schema-graph\">{\"@context\":\"https:\\\/\\\/schema.org\",\"@graph\":[{\"@type\":\"Article\",\"@id\":\"https:\\\/\\\/contadoreshoy.com\\\/?p=13404#article\",\"isPartOf\":{\"@id\":\"https:\\\/\\\/contadoreshoy.com\\\/?p=13404\"},\"author\":{\"name\":\"Miguel Antonio M\u00e1rquez Monta\u00f1ez\",\"@id\":\"https:\\\/\\\/contadoreshoy.com\\\/#\\\/schema\\\/person\\\/96d8979cb865537c5dc9345e40089fc5\"},\"headline\":\"Resoluci\u00f3n 63 julio 30 2021 DIAN\",\"datePublished\":\"2021-08-02T03:06:37+00:00\",\"dateModified\":\"2021-08-02T03:13:03+00:00\",\"mainEntityOfPage\":{\"@id\":\"https:\\\/\\\/contadoreshoy.com\\\/?p=13404\"},\"wordCount\":321,\"commentCount\":0,\"publisher\":{\"@id\":\"https:\\\/\\\/contadoreshoy.com\\\/#organization\"},\"image\":{\"@id\":\"https:\\\/\\\/contadoreshoy.com\\\/?p=13404#primaryimage\"},\"thumbnailUrl\":\"https:\\\/\\\/contadoreshoy.com\\\/wp-content\\\/uploads\\\/2021\\\/08\\\/Aplazamiento-calendario-DIAN-scaled.png\",\"articleSection\":{\"1\":\"Ultimas Noticias\",\"2\":\"Uncategorized\"},\"inLanguage\":\"es\",\"potentialAction\":[{\"@type\":\"CommentAction\",\"name\":\"Comment\",\"target\":[\"https:\\\/\\\/contadoreshoy.com\\\/?p=13404#respond\"]}]},{\"@type\":\"WebPage\",\"@id\":\"https:\\\/\\\/contadoreshoy.com\\\/?p=13404\",\"url\":\"https:\\\/\\\/contadoreshoy.com\\\/?p=13404\",\"name\":\"Resoluci\u00f3n 63 julio 30 2021 DIAN - Contadores P\u00fablicos\",\"isPartOf\":{\"@id\":\"https:\\\/\\\/contadoreshoy.com\\\/#website\"},\"primaryImageOfPage\":{\"@id\":\"https:\\\/\\\/contadoreshoy.com\\\/?p=13404#primaryimage\"},\"image\":{\"@id\":\"https:\\\/\\\/contadoreshoy.com\\\/?p=13404#primaryimage\"},\"thumbnailUrl\":\"https:\\\/\\\/contadoreshoy.com\\\/wp-content\\\/uploads\\\/2021\\\/08\\\/Aplazamiento-calendario-DIAN-scaled.png\",\"datePublished\":\"2021-08-02T03:06:37+00:00\",\"dateModified\":\"2021-08-02T03:13:03+00:00\",\"breadcrumb\":{\"@id\":\"https:\\\/\\\/contadoreshoy.com\\\/?p=13404#breadcrumb\"},\"inLanguage\":\"es\",\"potentialAction\":[{\"@type\":\"ReadAction\",\"target\":[\"https:\\\/\\\/contadoreshoy.com\\\/?p=13404\"]}]},{\"@type\":\"ImageObject\",\"inLanguage\":\"es\",\"@id\":\"https:\\\/\\\/contadoreshoy.com\\\/?p=13404#primaryimage\",\"url\":\"https:\\\/\\\/contadoreshoy.com\\\/wp-content\\\/uploads\\\/2021\\\/08\\\/Aplazamiento-calendario-DIAN-scaled.png\",\"contentUrl\":\"https:\\\/\\\/contadoreshoy.com\\\/wp-content\\\/uploads\\\/2021\\\/08\\\/Aplazamiento-calendario-DIAN-scaled.png\",\"width\":2560,\"height\":1231},{\"@type\":\"BreadcrumbList\",\"@id\":\"https:\\\/\\\/contadoreshoy.com\\\/?p=13404#breadcrumb\",\"itemListElement\":[{\"@type\":\"ListItem\",\"position\":1,\"name\":\"Portada\",\"item\":\"https:\\\/\\\/contadoreshoy.com\\\/\"},{\"@type\":\"ListItem\",\"position\":2,\"name\":\"Resoluci\u00f3n 63 julio 30 2021 DIAN\"}]},{\"@type\":\"WebSite\",\"@id\":\"https:\\\/\\\/contadoreshoy.com\\\/#website\",\"url\":\"https:\\\/\\\/contadoreshoy.com\\\/\",\"name\":\"Contadorespublicossantander\",\"description\":\"Portal para Contadores P\u00fablicos y empresarios\",\"publisher\":{\"@id\":\"https:\\\/\\\/contadoreshoy.com\\\/#organization\"},\"potentialAction\":[{\"@type\":\"SearchAction\",\"target\":{\"@type\":\"EntryPoint\",\"urlTemplate\":\"https:\\\/\\\/contadoreshoy.com\\\/?s={search_term_string}\"},\"query-input\":{\"@type\":\"PropertyValueSpecification\",\"valueRequired\":true,\"valueName\":\"search_term_string\"}}],\"inLanguage\":\"es\"},{\"@type\":\"Organization\",\"@id\":\"https:\\\/\\\/contadoreshoy.com\\\/#organization\",\"name\":\"Contadores P\u00fablicos de Santander\",\"url\":\"https:\\\/\\\/contadoreshoy.com\\\/\",\"logo\":{\"@type\":\"ImageObject\",\"inLanguage\":\"es\",\"@id\":\"https:\\\/\\\/contadoreshoy.com\\\/#\\\/schema\\\/logo\\\/image\\\/\",\"url\":\"https:\\\/\\\/contadoreshoy.com\\\/wp-content\\\/uploads\\\/2024\\\/01\\\/cropped-cropped-Copia-de-M-1.jpg\",\"contentUrl\":\"https:\\\/\\\/contadoreshoy.com\\\/wp-content\\\/uploads\\\/2024\\\/01\\\/cropped-cropped-Copia-de-M-1.jpg\",\"width\":499,\"height\":500,\"caption\":\"Contadores P\u00fablicos de Santander\"},\"image\":{\"@id\":\"https:\\\/\\\/contadoreshoy.com\\\/#\\\/schema\\\/logo\\\/image\\\/\"},\"sameAs\":[\"https:\\\/\\\/www.facebook.com\\\/CCCPBucaramanga\\\/\"]},{\"@type\":\"Person\",\"@id\":\"https:\\\/\\\/contadoreshoy.com\\\/#\\\/schema\\\/person\\\/96d8979cb865537c5dc9345e40089fc5\",\"name\":\"Miguel Antonio M\u00e1rquez Monta\u00f1ez\",\"description\":\"Contador P\u00fablico egresado de la Universidad Aut\u00f3noma de Bucaramanga - Asesor contable tributario con m\u00e1s de 25 a\u00f1os de experiencia - Conferencista en temas contables y tributarios - T\u00e9cnico en Hardware y Dise\u00f1o Web - Creador y director Grupo de Estudio Colegio Colombiano de Contadores P\u00fablicos de Bucaramanga - Creador y Master Web p\u00e1gina www.contadoresp\u00fablicossantander.com - Expresidente Colegio Colombiano de Contadores P\u00fablicos Bucaramanga\",\"url\":\"https:\\\/\\\/contadoreshoy.com\\\/?author=1\"}]}<\/script>\n<!-- \/ Yoast SEO plugin. -->","yoast_head_json":{"title":"Resoluci\u00f3n 63 julio 30 2021 DIAN - Contadores P\u00fablicos","robots":{"index":"index","follow":"follow","max-snippet":"max-snippet:-1","max-image-preview":"max-image-preview:large","max-video-preview":"max-video-preview:-1"},"canonical":"https:\/\/contadoreshoy.com\/?p=13404","og_locale":"es_ES","og_type":"article","og_title":"Resoluci\u00f3n 63 julio 30 2021 DIAN - Contadores P\u00fablicos","og_url":"https:\/\/contadoreshoy.com\/?p=13404","og_site_name":"Contadores P\u00fablicos","article_publisher":"https:\/\/www.facebook.com\/CCCPBucaramanga\/","article_published_time":"2021-08-02T03:06:37+00:00","article_modified_time":"2021-08-02T03:13:03+00:00","og_image":[{"width":1240,"height":597,"url":"https:\/\/contadoreshoy.com\/wp-content\/uploads\/2021\/08\/Aplazamiento-calendario-DIAN-1240x597.png","type":"image\/png"}],"author":"Miguel Antonio M\u00e1rquez Monta\u00f1ez","twitter_card":"summary_large_image","twitter_misc":{"Escrito por":"Miguel Antonio M\u00e1rquez Monta\u00f1ez","Tiempo de lectura":"2 minutos"},"schema":{"@context":"https:\/\/schema.org","@graph":[{"@type":"Article","@id":"https:\/\/contadoreshoy.com\/?p=13404#article","isPartOf":{"@id":"https:\/\/contadoreshoy.com\/?p=13404"},"author":{"name":"Miguel Antonio M\u00e1rquez Monta\u00f1ez","@id":"https:\/\/contadoreshoy.com\/#\/schema\/person\/96d8979cb865537c5dc9345e40089fc5"},"headline":"Resoluci\u00f3n 63 julio 30 2021 DIAN","datePublished":"2021-08-02T03:06:37+00:00","dateModified":"2021-08-02T03:13:03+00:00","mainEntityOfPage":{"@id":"https:\/\/contadoreshoy.com\/?p=13404"},"wordCount":321,"commentCount":0,"publisher":{"@id":"https:\/\/contadoreshoy.com\/#organization"},"image":{"@id":"https:\/\/contadoreshoy.com\/?p=13404#primaryimage"},"thumbnailUrl":"https:\/\/contadoreshoy.com\/wp-content\/uploads\/2021\/08\/Aplazamiento-calendario-DIAN-scaled.png","articleSection":{"1":"Ultimas Noticias","2":"Uncategorized"},"inLanguage":"es","potentialAction":[{"@type":"CommentAction","name":"Comment","target":["https:\/\/contadoreshoy.com\/?p=13404#respond"]}]},{"@type":"WebPage","@id":"https:\/\/contadoreshoy.com\/?p=13404","url":"https:\/\/contadoreshoy.com\/?p=13404","name":"Resoluci\u00f3n 63 julio 30 2021 DIAN - Contadores P\u00fablicos","isPartOf":{"@id":"https:\/\/contadoreshoy.com\/#website"},"primaryImageOfPage":{"@id":"https:\/\/contadoreshoy.com\/?p=13404#primaryimage"},"image":{"@id":"https:\/\/contadoreshoy.com\/?p=13404#primaryimage"},"thumbnailUrl":"https:\/\/contadoreshoy.com\/wp-content\/uploads\/2021\/08\/Aplazamiento-calendario-DIAN-scaled.png","datePublished":"2021-08-02T03:06:37+00:00","dateModified":"2021-08-02T03:13:03+00:00","breadcrumb":{"@id":"https:\/\/contadoreshoy.com\/?p=13404#breadcrumb"},"inLanguage":"es","potentialAction":[{"@type":"ReadAction","target":["https:\/\/contadoreshoy.com\/?p=13404"]}]},{"@type":"ImageObject","inLanguage":"es","@id":"https:\/\/contadoreshoy.com\/?p=13404#primaryimage","url":"https:\/\/contadoreshoy.com\/wp-content\/uploads\/2021\/08\/Aplazamiento-calendario-DIAN-scaled.png","contentUrl":"https:\/\/contadoreshoy.com\/wp-content\/uploads\/2021\/08\/Aplazamiento-calendario-DIAN-scaled.png","width":2560,"height":1231},{"@type":"BreadcrumbList","@id":"https:\/\/contadoreshoy.com\/?p=13404#breadcrumb","itemListElement":[{"@type":"ListItem","position":1,"name":"Portada","item":"https:\/\/contadoreshoy.com\/"},{"@type":"ListItem","position":2,"name":"Resoluci\u00f3n 63 julio 30 2021 DIAN"}]},{"@type":"WebSite","@id":"https:\/\/contadoreshoy.com\/#website","url":"https:\/\/contadoreshoy.com\/","name":"Contadorespublicossantander","description":"Portal para Contadores P\u00fablicos y empresarios","publisher":{"@id":"https:\/\/contadoreshoy.com\/#organization"},"potentialAction":[{"@type":"SearchAction","target":{"@type":"EntryPoint","urlTemplate":"https:\/\/contadoreshoy.com\/?s={search_term_string}"},"query-input":{"@type":"PropertyValueSpecification","valueRequired":true,"valueName":"search_term_string"}}],"inLanguage":"es"},{"@type":"Organization","@id":"https:\/\/contadoreshoy.com\/#organization","name":"Contadores P\u00fablicos de Santander","url":"https:\/\/contadoreshoy.com\/","logo":{"@type":"ImageObject","inLanguage":"es","@id":"https:\/\/contadoreshoy.com\/#\/schema\/logo\/image\/","url":"https:\/\/contadoreshoy.com\/wp-content\/uploads\/2024\/01\/cropped-cropped-Copia-de-M-1.jpg","contentUrl":"https:\/\/contadoreshoy.com\/wp-content\/uploads\/2024\/01\/cropped-cropped-Copia-de-M-1.jpg","width":499,"height":500,"caption":"Contadores P\u00fablicos de Santander"},"image":{"@id":"https:\/\/contadoreshoy.com\/#\/schema\/logo\/image\/"},"sameAs":["https:\/\/www.facebook.com\/CCCPBucaramanga\/"]},{"@type":"Person","@id":"https:\/\/contadoreshoy.com\/#\/schema\/person\/96d8979cb865537c5dc9345e40089fc5","name":"Miguel Antonio M\u00e1rquez Monta\u00f1ez","description":"Contador P\u00fablico egresado de la Universidad Aut\u00f3noma de Bucaramanga - Asesor contable tributario con m\u00e1s de 25 a\u00f1os de experiencia - Conferencista en temas contables y tributarios - T\u00e9cnico en Hardware y Dise\u00f1o Web - Creador y director Grupo de Estudio Colegio Colombiano de Contadores P\u00fablicos de Bucaramanga - Creador y Master Web p\u00e1gina www.contadoresp\u00fablicossantander.com - Expresidente Colegio Colombiano de Contadores P\u00fablicos Bucaramanga","url":"https:\/\/contadoreshoy.com\/?author=1"}]}},"_links":{"self":[{"href":"https:\/\/contadoreshoy.com\/index.php?rest_route=\/wp\/v2\/posts\/13404","targetHints":{"allow":["GET"]}}],"collection":[{"href":"https:\/\/contadoreshoy.com\/index.php?rest_route=\/wp\/v2\/posts"}],"about":[{"href":"https:\/\/contadoreshoy.com\/index.php?rest_route=\/wp\/v2\/types\/post"}],"author":[{"embeddable":true,"href":"https:\/\/contadoreshoy.com\/index.php?rest_route=\/wp\/v2\/users\/1"}],"replies":[{"embeddable":true,"href":"https:\/\/contadoreshoy.com\/index.php?rest_route=%2Fwp%2Fv2%2Fcomments&post=13404"}],"version-history":[{"count":2,"href":"https:\/\/contadoreshoy.com\/index.php?rest_route=\/wp\/v2\/posts\/13404\/revisions"}],"predecessor-version":[{"id":13408,"href":"https:\/\/contadoreshoy.com\/index.php?rest_route=\/wp\/v2\/posts\/13404\/revisions\/13408"}],"wp:featuredmedia":[{"embeddable":true,"href":"https:\/\/contadoreshoy.com\/index.php?rest_route=\/wp\/v2\/media\/13405"}],"wp:attachment":[{"href":"https:\/\/contadoreshoy.com\/index.php?rest_route=%2Fwp%2Fv2%2Fmedia&parent=13404"}],"wp:term":[{"taxonomy":"category","embeddable":true,"href":"https:\/\/contadoreshoy.com\/index.php?rest_route=%2Fwp%2Fv2%2Fcategories&post=13404"},{"taxonomy":"post_tag","embeddable":true,"href":"https:\/\/contadoreshoy.com\/index.php?rest_route=%2Fwp%2Fv2%2Ftags&post=13404"}],"curies":[{"name":"wp","href":"https:\/\/api.w.org\/{rel}","templated":true}]}}