{"id":13411,"date":"2021-08-05T23:20:01","date_gmt":"2021-08-06T04:20:01","guid":{"rendered":"https:\/\/contadoreshoy.com\/?p=13411"},"modified":"2021-08-05T23:44:08","modified_gmt":"2021-08-06T04:44:08","slug":"ley-2114-julio-29-de-2021-amplia-licencia-de-paternidad","status":"publish","type":"post","link":"https:\/\/contadoreshoy.com\/?p=13411","title":{"rendered":"Ley 2114 julio 29 de 2021 Ampl\u00eda licencia de paternidad"},"content":{"rendered":"\n<h4><img loading=\"lazy\" decoding=\"async\" class=\"aligncenter wp-image-13421 size-large\" src=\"https:\/\/contadoreshoy.com\/wp-content\/uploads\/2021\/08\/Imagen2-1240x696.png\" alt=\"\" width=\"1240\" height=\"696\" srcset=\"https:\/\/contadoreshoy.com\/wp-content\/uploads\/2021\/08\/Imagen2-1240x696.png 1240w, https:\/\/contadoreshoy.com\/wp-content\/uploads\/2021\/08\/Imagen2-600x337.png 600w, https:\/\/contadoreshoy.com\/wp-content\/uploads\/2021\/08\/Imagen2-768x431.png 768w, https:\/\/contadoreshoy.com\/wp-content\/uploads\/2021\/08\/Imagen2-1536x862.png 1536w, https:\/\/contadoreshoy.com\/wp-content\/uploads\/2021\/08\/Imagen2-2048x1149.png 2048w, https:\/\/contadoreshoy.com\/wp-content\/uploads\/2021\/08\/Imagen2-2000x1122.png 2000w\" sizes=\"auto, (max-width: 1240px) 100vw, 1240px\" \/><\/h4>\n<h4 style=\"text-align: justify;\"><span style=\"color: #000000;\"><a href=\"https:\/\/contadoreshoy.com\/wp-content\/uploads\/2021\/08\/LEY-2114-DEL-29-DE-JULIO-DE-2021-AMPLIA-LICENCIA-DE-PATERNIDAD.pdf\" target=\"_blank\" rel=\"noopener\">Ley 2114 julio 29 de 2021<\/a>,<\/span><strong><span style=\"color: #000000;\">&nbsp; &nbsp;por medio de la cual se ampl\u00eda la licencia de paternidad, se crea la licencia parental compartida, se crea la licencia parental flexible de tiempo parcial, se modifica el art\u00edculo 236 y se adiciona el art\u00edculo 241 al C\u00f3digo Sustantivo del Trabajo, y dictar otras disposiciones.<\/span><\/strong><\/h4>\n<h2 style=\"text-align: justify;\"><strong><span style=\"color: #000000;\">Aspectos relevantes.<\/span><\/strong><\/h2>\n<ol style=\"text-align: justify;\">\n<li><strong><span style=\"color: #000000;\"><span style=\"background-color: #999999;\">Se aumenta la licencia de paternidad de 8 d\u00edas h\u00e1biles a 2 semanas<\/span> de licencia remunerada, con posibilidad de aumentar hasta 5 semanas, por cada punto porcentual de disminuci\u00f3n de la tasa de desempleo publicada en el mes de diciembre de cada a\u00f1o.<\/span><\/strong><\/li>\n<li><strong><span style=\"color: #000000;\">La licencia remunerada de paternidad estar\u00e1 a cargo de la EPS, y ser\u00e1 reconocida proporcionalmente a las semanas cotizadas por el padre durante el per\u00edodo de gestaci\u00f3n.<\/span><\/strong><\/li>\n<li><strong><span style=\"color: #000000;\"><span style=\"background-color: #ffffff;\"><span style=\"background-color: #999999;\">Se crea la licencia paternal compartida<\/span>,<\/span> en la cual los padres podr\u00e1n distribuir libremente entre s\u00ed las \u00faltimas 6 semanas de la licencia de la madre.<\/span><\/strong><\/li>\n<li><strong><span style=\"color: #000000;\">La licencia parental compartida ser\u00e1 remunerada con base en el salario de quien disfrute de la licencia por el per\u00edodo correspondiente.&nbsp;El pago de la misma estar\u00e1 a cargo del respectivo empleador o EPS, acorde con la normatividad vigente.<\/span><\/strong><\/li>\n<li><strong><span style=\"color: #000000;\"><span style=\"background-color: #999999;\">Se crea la licencia parental flexible de tiempo parcial.<\/span> La madre y\/o padre podr\u00e1n optar por una licencia parental flexible de tiempo parcial, en la cual, podr\u00e1n cambiar un periodo determinado de su licencia de maternidad o de paternidad por un per\u00edodo de trabajo de medio tiempo, equivalente al doble del tiempo correspondiente al per\u00edodo de tiempo seleccionado.<\/span><\/strong><\/li>\n<li><strong><span style=\"color: #000000;\">Los padres podr\u00e1n usar la licencia parental flexible de tiempo parcial antes de la semana dos (2) de su licencia de paternidad; las madres, a no antes de la semana trece (13) de su licencia de maternidad.<\/span><\/strong><\/li>\n<li><strong><span style=\"color: #000000;\"><span style=\"background-color: #999999;\">La exigencia de la pr\u00e1ctica de pruebas de embarazo queda prohibida<\/span> como requisito obligatorio para el acceso o permanencia en cualquier actividad laboral.<\/span><\/strong><\/li>\n<li><strong><span style=\"color: #000000;\">La prueba de embarazo solo podr\u00e1 solicitarse, con consentimiento previo de la trabajadora, en los casos en los que el trabajo a desempe\u00f1ar implique riesgos reales o potenciales que puedan incidir negativamente en el desarrollo normal del embarazo.<\/span><\/strong><\/li>\n<li><strong><span style=\"color: #000000;\">Se presume que toda exigencia de ordenar la pr\u00e1ctica de una prueba de embarazo para acceso o permanencia en cualquier actividad laboral tiene car\u00e1cter discriminatorio.<\/span><\/strong><\/li>\n<li><strong><span style=\"color: #000000;\"><span style=\"background-color: #999999;\">El empleador que ordene la realizaci\u00f3n de una prueba de embarazo<\/span> en contra de lo establecido en el presente art\u00edculo, <span style=\"background-color: #999999;\">se le impondr\u00e1 una multa de hasta dos mil cuatrocientos cincuenta y cinco (2455) Unidades de Valor Tributario (UVT) ($89.136.140 a\u00f1o 2021)<\/span>.<!--EndFragment --><\/span><\/strong><\/li>\n<li><strong><span style=\"color: #000000;\">Entrevistas de trabajo. <span style=\"background-color: #999999;\">La realizaci\u00f3n de preguntas relacionadas con planes reproductivos queda prohibida en las entrevistas laborales<\/span> y se presumir\u00e1 como una pr\u00e1ctica discriminatoria.<\/span><\/strong><\/li>\n<li><strong><span style=\"color: #000000;\">El empleador que realice preguntas discriminatorias en contra de lo establecido en el presente art\u00edculo, se le impondr\u00e1 una multa de hasta dos mil cuatrocientos cincuenta y cinco (2455) Unidades de Valor Tributario (UVT).<\/span><\/strong><\/li>\n<li><strong><span style=\"color: #000000;\">Para las afiliadas del r\u00e9gimen subsidiado cabeza del n\u00facleo familiar que contribuyan solidariamente al SGSSS, de conformidad con el art\u00edculo 242 de la Ley 1955 de 2019 0 la norma que haga sus veces, se les reconocer\u00e1 una compensaci\u00f3n de maternidad proporcional a la tarifa de la contribuci\u00f3n realizada. Para tal efecto, el Gobierno nacional reglamentar\u00e1 los t\u00e9rminos y condiciones en los que operar\u00e1 este reconocimiento.<\/span><\/strong><\/li>\n<\/ol>\n<p style=\"text-align: justify;\"><span style=\"color: #0000ff;\"><a style=\"color: #0000ff;\" href=\"https:\/\/contadoreshoy.com\/wp-content\/uploads\/2021\/08\/LEY-2114-DEL-29-DE-JULIO-DE-2021-AMPLIA-LICENCIA-DE-PATERNIDAD.pdf\" target=\"_blank\" rel=\"noopener\"><strong>Para descargar Ley 2114 del 29 de julio de 2021, dar clic en este enlace<\/strong><\/a><\/span><\/p>\n","protected":false},"excerpt":{"rendered":"","protected":false},"author":1,"featured_media":13421,"comment_status":"open","ping_status":"open","sticky":false,"template":"","format":"standard","meta":{"_monsterinsights_skip_tracking":false,"ngg_post_thumbnail":0,"footnotes":"","_links_to":"","_links_to_target":""},"categories":[454,458,1],"tags":[],"class_list":["post-13411","post","type-post","status-publish","format-standard","has-post-thumbnail","hentry","category-sin-categoria","category-ultimas","category-uncategorized"],"aioseo_notices":[],"aioseo_head":"\n\t\t<!-- All in One SEO 5.0.1.1 - aioseo.com -->\n\t<meta name=\"description\" content=\"Ley 2114 julio 29 de 2021, por medio de la cual se ampl\u00eda la licencia de paternidad, se crea la licencia parental compartida, se crea la licencia parental flexible de tiempo parcial, se modifica el art\u00edculo 236 y se adiciona el art\u00edculo 241 al C\u00f3digo Sustantivo del Trabajo, y dictar otras disposiciones. Aspectos relevantes. Se\" \/>\n\t<meta name=\"robots\" content=\"max-image-preview:large\" \/>\n\t<meta name=\"author\" content=\"Miguel Antonio M\u00e1rquez Monta\u00f1ez\"\/>\n\t<link rel=\"canonical\" href=\"https:\/\/contadoreshoy.com\/?p=13411\" \/>\n\t<meta name=\"generator\" content=\"All in One SEO (AIOSEO) 5.0.1.1\" \/>\n\t\t<meta property=\"og:locale\" content=\"es_ES\" \/>\n\t\t<meta property=\"og:site_name\" content=\"Contadores P\u00fablicos - Portal para Contadores P\u00fablicos y empresarios\" \/>\n\t\t<meta property=\"og:type\" content=\"article\" \/>\n\t\t<meta property=\"og:title\" content=\"Ley 2114 julio 29 de 2021 Ampl\u00eda licencia de paternidad - Contadores P\u00fablicos\" \/>\n\t\t<meta property=\"og:description\" content=\"Ley 2114 julio 29 de 2021, por medio de la cual se ampl\u00eda la licencia de paternidad, se crea la licencia parental compartida, se crea la licencia parental flexible de tiempo parcial, se modifica el art\u00edculo 236 y se adiciona el art\u00edculo 241 al C\u00f3digo Sustantivo del Trabajo, y dictar otras disposiciones. Aspectos relevantes. Se\" \/>\n\t\t<meta property=\"og:url\" content=\"https:\/\/contadoreshoy.com\/?p=13411\" \/>\n\t\t<meta property=\"og:image\" content=\"https:\/\/contadoreshoy.com\/wp-content\/uploads\/2024\/01\/cropped-cropped-cropped-Copia-de-M.jpg\" \/>\n\t\t<meta property=\"og:image:secure_url\" content=\"https:\/\/contadoreshoy.com\/wp-content\/uploads\/2024\/01\/cropped-cropped-cropped-Copia-de-M.jpg\" \/>\n\t\t<meta property=\"og:image:width\" content=\"512\" \/>\n\t\t<meta property=\"og:image:height\" content=\"371\" \/>\n\t\t<meta property=\"article:published_time\" content=\"2021-08-06T04:20:01+00:00\" \/>\n\t\t<meta property=\"article:modified_time\" content=\"2021-08-06T04:44:08+00:00\" \/>\n\t\t<meta name=\"twitter:card\" content=\"summary_large_image\" \/>\n\t\t<meta name=\"twitter:title\" content=\"Ley 2114 julio 29 de 2021 Ampl\u00eda licencia de paternidad - Contadores P\u00fablicos\" \/>\n\t\t<meta name=\"twitter:description\" content=\"Ley 2114 julio 29 de 2021, por medio de la cual se ampl\u00eda la licencia de paternidad, se crea la licencia parental compartida, se crea la licencia parental flexible de tiempo parcial, se modifica el art\u00edculo 236 y se adiciona el art\u00edculo 241 al C\u00f3digo Sustantivo del Trabajo, y dictar otras disposiciones. Aspectos relevantes. Se\" \/>\n\t\t<meta name=\"twitter:image\" content=\"https:\/\/contadoreshoy.com\/wp-content\/uploads\/2024\/01\/cropped-cropped-cropped-Copia-de-M.jpg\" \/>\n\t\t<script type=\"application\/ld+json\" class=\"aioseo-schema\">\n\t\t\t{\"@context\":\"https:\\\/\\\/schema.org\",\"@graph\":[{\"@type\":\"BlogPosting\",\"@id\":\"https:\\\/\\\/contadoreshoy.com\\\/?p=13411#blogposting\",\"name\":\"Ley 2114 julio 29 de 2021 Ampl\\u00eda licencia de paternidad - Contadores P\\u00fablicos\",\"headline\":\"Ley 2114 julio 29 de 2021 Ampl\\u00eda licencia de paternidad\",\"author\":{\"@id\":\"https:\\\/\\\/contadoreshoy.com\\\/?author=1#author\"},\"publisher\":{\"@id\":\"https:\\\/\\\/contadoreshoy.com\\\/#organization\"},\"image\":{\"@type\":\"ImageObject\",\"url\":\"https:\\\/\\\/contadoreshoy.com\\\/wp-content\\\/uploads\\\/2021\\\/08\\\/Imagen2-scaled.png\",\"width\":2560,\"height\":1437},\"datePublished\":\"2021-08-05T23:20:01-05:00\",\"dateModified\":\"2021-08-05T23:44:08-05:00\",\"inLanguage\":\"es-ES\",\"mainEntityOfPage\":{\"@id\":\"https:\\\/\\\/contadoreshoy.com\\\/?p=13411#webpage\"},\"isPartOf\":{\"@id\":\"https:\\\/\\\/contadoreshoy.com\\\/?p=13411#webpage\"},\"articleSection\":\"Sin categor\\u00eda, Ultimas Noticias, Uncategorized\"},{\"@type\":\"BreadcrumbList\",\"@id\":\"https:\\\/\\\/contadoreshoy.com\\\/?p=13411#breadcrumblist\",\"itemListElement\":[{\"@type\":\"ListItem\",\"@id\":\"https:\\\/\\\/contadoreshoy.com#listItem\",\"position\":1,\"name\":\"Home\",\"item\":\"https:\\\/\\\/contadoreshoy.com\",\"nextItem\":{\"@type\":\"ListItem\",\"@id\":\"https:\\\/\\\/contadoreshoy.com\\\/?cat=1#listItem\",\"name\":\"Uncategorized\"}},{\"@type\":\"ListItem\",\"@id\":\"https:\\\/\\\/contadoreshoy.com\\\/?cat=1#listItem\",\"position\":2,\"name\":\"Uncategorized\",\"item\":\"https:\\\/\\\/contadoreshoy.com\\\/?cat=1\",\"nextItem\":{\"@type\":\"ListItem\",\"@id\":\"https:\\\/\\\/contadoreshoy.com\\\/?p=13411#listItem\",\"name\":\"Ley 2114 julio 29 de 2021 Ampl\\u00eda licencia de paternidad\"},\"previousItem\":{\"@type\":\"ListItem\",\"@id\":\"https:\\\/\\\/contadoreshoy.com#listItem\",\"name\":\"Home\"}},{\"@type\":\"ListItem\",\"@id\":\"https:\\\/\\\/contadoreshoy.com\\\/?p=13411#listItem\",\"position\":3,\"name\":\"Ley 2114 julio 29 de 2021 Ampl\\u00eda licencia de paternidad\",\"previousItem\":{\"@type\":\"ListItem\",\"@id\":\"https:\\\/\\\/contadoreshoy.com\\\/?cat=1#listItem\",\"name\":\"Uncategorized\"}}]},{\"@type\":\"Organization\",\"@id\":\"https:\\\/\\\/contadoreshoy.com\\\/#organization\",\"name\":\"Contadores P\\u00fablicos\",\"description\":\"Portal para Contadores P\\u00fablicos y empresarios\",\"url\":\"https:\\\/\\\/contadoreshoy.com\\\/\",\"logo\":{\"@type\":\"ImageObject\",\"url\":\"https:\\\/\\\/contadoreshoy.com\\\/wp-content\\\/uploads\\\/2024\\\/01\\\/cropped-cropped-Copia-de-M-1.jpg\",\"@id\":\"https:\\\/\\\/contadoreshoy.com\\\/?p=13411\\\/#organizationLogo\",\"width\":499,\"height\":500},\"image\":{\"@id\":\"https:\\\/\\\/contadoreshoy.com\\\/?p=13411\\\/#organizationLogo\"}},{\"@type\":\"Person\",\"@id\":\"https:\\\/\\\/contadoreshoy.com\\\/?author=1#author\",\"url\":\"https:\\\/\\\/contadoreshoy.com\\\/?author=1\",\"name\":\"Miguel Antonio M\\u00e1rquez Monta\\u00f1ez\"},{\"@type\":\"WebPage\",\"@id\":\"https:\\\/\\\/contadoreshoy.com\\\/?p=13411#webpage\",\"url\":\"https:\\\/\\\/contadoreshoy.com\\\/?p=13411\",\"name\":\"Ley 2114 julio 29 de 2021 Ampl\\u00eda licencia de paternidad - Contadores P\\u00fablicos\",\"description\":\"Ley 2114 julio 29 de 2021, por medio de la cual se ampl\\u00eda la licencia de paternidad, se crea la licencia parental compartida, se crea la licencia parental flexible de tiempo parcial, se modifica el art\\u00edculo 236 y se adiciona el art\\u00edculo 241 al C\\u00f3digo Sustantivo del Trabajo, y dictar otras disposiciones. Aspectos relevantes. Se\",\"inLanguage\":\"es-ES\",\"isPartOf\":{\"@id\":\"https:\\\/\\\/contadoreshoy.com\\\/#website\"},\"breadcrumb\":{\"@id\":\"https:\\\/\\\/contadoreshoy.com\\\/?p=13411#breadcrumblist\"},\"author\":{\"@id\":\"https:\\\/\\\/contadoreshoy.com\\\/?author=1#author\"},\"creator\":{\"@id\":\"https:\\\/\\\/contadoreshoy.com\\\/?author=1#author\"},\"image\":{\"@type\":\"ImageObject\",\"url\":\"https:\\\/\\\/contadoreshoy.com\\\/wp-content\\\/uploads\\\/2021\\\/08\\\/Imagen2-scaled.png\",\"@id\":\"https:\\\/\\\/contadoreshoy.com\\\/?p=13411\\\/#mainImage\",\"width\":2560,\"height\":1437},\"primaryImageOfPage\":{\"@id\":\"https:\\\/\\\/contadoreshoy.com\\\/?p=13411#mainImage\"},\"datePublished\":\"2021-08-05T23:20:01-05:00\",\"dateModified\":\"2021-08-05T23:44:08-05:00\"},{\"@type\":\"WebSite\",\"@id\":\"https:\\\/\\\/contadoreshoy.com\\\/#website\",\"url\":\"https:\\\/\\\/contadoreshoy.com\\\/\",\"name\":\"Contadores P\\u00fablicos\",\"description\":\"Portal para Contadores P\\u00fablicos y empresarios\",\"inLanguage\":\"es-ES\",\"publisher\":{\"@id\":\"https:\\\/\\\/contadoreshoy.com\\\/#organization\"}}]}\n\t\t<\/script>\n\t\t<!-- All in One SEO -->\n\n","aioseo_head_json":{"title":"Ley 2114 julio 29 de 2021 Ampl\u00eda licencia de paternidad - Contadores P\u00fablicos","description":"Ley 2114 julio 29 de 2021, por medio de la cual se ampl\u00eda la licencia de paternidad, se crea la licencia parental compartida, se crea la licencia parental flexible de tiempo parcial, se modifica el art\u00edculo 236 y se adiciona el art\u00edculo 241 al C\u00f3digo Sustantivo del Trabajo, y dictar otras disposiciones. Aspectos relevantes. Se","canonical_url":"https:\/\/contadoreshoy.com\/?p=13411","robots":"max-image-preview:large","keywords":"","webmasterTools":{"miscellaneous":""},"schema":{"@context":"https:\/\/schema.org","@graph":[{"@type":"BlogPosting","@id":"https:\/\/contadoreshoy.com\/?p=13411#blogposting","name":"Ley 2114 julio 29 de 2021 Ampl\u00eda licencia de paternidad - Contadores P\u00fablicos","headline":"Ley 2114 julio 29 de 2021 Ampl\u00eda licencia de paternidad","author":{"@id":"https:\/\/contadoreshoy.com\/?author=1#author"},"publisher":{"@id":"https:\/\/contadoreshoy.com\/#organization"},"image":{"@type":"ImageObject","url":"https:\/\/contadoreshoy.com\/wp-content\/uploads\/2021\/08\/Imagen2-scaled.png","width":2560,"height":1437},"datePublished":"2021-08-05T23:20:01-05:00","dateModified":"2021-08-05T23:44:08-05:00","inLanguage":"es-ES","mainEntityOfPage":{"@id":"https:\/\/contadoreshoy.com\/?p=13411#webpage"},"isPartOf":{"@id":"https:\/\/contadoreshoy.com\/?p=13411#webpage"},"articleSection":"Sin categor\u00eda, Ultimas Noticias, Uncategorized"},{"@type":"BreadcrumbList","@id":"https:\/\/contadoreshoy.com\/?p=13411#breadcrumblist","itemListElement":[{"@type":"ListItem","@id":"https:\/\/contadoreshoy.com#listItem","position":1,"name":"Home","item":"https:\/\/contadoreshoy.com","nextItem":{"@type":"ListItem","@id":"https:\/\/contadoreshoy.com\/?cat=1#listItem","name":"Uncategorized"}},{"@type":"ListItem","@id":"https:\/\/contadoreshoy.com\/?cat=1#listItem","position":2,"name":"Uncategorized","item":"https:\/\/contadoreshoy.com\/?cat=1","nextItem":{"@type":"ListItem","@id":"https:\/\/contadoreshoy.com\/?p=13411#listItem","name":"Ley 2114 julio 29 de 2021 Ampl\u00eda licencia de paternidad"},"previousItem":{"@type":"ListItem","@id":"https:\/\/contadoreshoy.com#listItem","name":"Home"}},{"@type":"ListItem","@id":"https:\/\/contadoreshoy.com\/?p=13411#listItem","position":3,"name":"Ley 2114 julio 29 de 2021 Ampl\u00eda licencia de paternidad","previousItem":{"@type":"ListItem","@id":"https:\/\/contadoreshoy.com\/?cat=1#listItem","name":"Uncategorized"}}]},{"@type":"Organization","@id":"https:\/\/contadoreshoy.com\/#organization","name":"Contadores P\u00fablicos","description":"Portal para Contadores P\u00fablicos y empresarios","url":"https:\/\/contadoreshoy.com\/","logo":{"@type":"ImageObject","url":"https:\/\/contadoreshoy.com\/wp-content\/uploads\/2024\/01\/cropped-cropped-Copia-de-M-1.jpg","@id":"https:\/\/contadoreshoy.com\/?p=13411\/#organizationLogo","width":499,"height":500},"image":{"@id":"https:\/\/contadoreshoy.com\/?p=13411\/#organizationLogo"}},{"@type":"Person","@id":"https:\/\/contadoreshoy.com\/?author=1#author","url":"https:\/\/contadoreshoy.com\/?author=1","name":"Miguel Antonio M\u00e1rquez Monta\u00f1ez"},{"@type":"WebPage","@id":"https:\/\/contadoreshoy.com\/?p=13411#webpage","url":"https:\/\/contadoreshoy.com\/?p=13411","name":"Ley 2114 julio 29 de 2021 Ampl\u00eda licencia de paternidad - Contadores P\u00fablicos","description":"Ley 2114 julio 29 de 2021, por medio de la cual se ampl\u00eda la licencia de paternidad, se crea la licencia parental compartida, se crea la licencia parental flexible de tiempo parcial, se modifica el art\u00edculo 236 y se adiciona el art\u00edculo 241 al C\u00f3digo Sustantivo del Trabajo, y dictar otras disposiciones. Aspectos relevantes. Se","inLanguage":"es-ES","isPartOf":{"@id":"https:\/\/contadoreshoy.com\/#website"},"breadcrumb":{"@id":"https:\/\/contadoreshoy.com\/?p=13411#breadcrumblist"},"author":{"@id":"https:\/\/contadoreshoy.com\/?author=1#author"},"creator":{"@id":"https:\/\/contadoreshoy.com\/?author=1#author"},"image":{"@type":"ImageObject","url":"https:\/\/contadoreshoy.com\/wp-content\/uploads\/2021\/08\/Imagen2-scaled.png","@id":"https:\/\/contadoreshoy.com\/?p=13411\/#mainImage","width":2560,"height":1437},"primaryImageOfPage":{"@id":"https:\/\/contadoreshoy.com\/?p=13411#mainImage"},"datePublished":"2021-08-05T23:20:01-05:00","dateModified":"2021-08-05T23:44:08-05:00"},{"@type":"WebSite","@id":"https:\/\/contadoreshoy.com\/#website","url":"https:\/\/contadoreshoy.com\/","name":"Contadores P\u00fablicos","description":"Portal para Contadores P\u00fablicos y empresarios","inLanguage":"es-ES","publisher":{"@id":"https:\/\/contadoreshoy.com\/#organization"}}]},"og:locale":"es_ES","og:site_name":"Contadores P\u00fablicos - Portal para Contadores P\u00fablicos y empresarios","og:type":"article","og:title":"Ley 2114 julio 29 de 2021 Ampl\u00eda licencia de paternidad - Contadores P\u00fablicos","og:description":"Ley 2114 julio 29 de 2021, por medio de la cual se ampl\u00eda la licencia de paternidad, se crea la licencia parental compartida, se crea la licencia parental flexible de tiempo parcial, se modifica el art\u00edculo 236 y se adiciona el art\u00edculo 241 al C\u00f3digo Sustantivo del Trabajo, y dictar otras disposiciones. Aspectos relevantes. Se","og:url":"https:\/\/contadoreshoy.com\/?p=13411","og:image":"https:\/\/contadoreshoy.com\/wp-content\/uploads\/2024\/01\/cropped-cropped-cropped-Copia-de-M.jpg","og:image:secure_url":"https:\/\/contadoreshoy.com\/wp-content\/uploads\/2024\/01\/cropped-cropped-cropped-Copia-de-M.jpg","og:image:width":512,"og:image:height":371,"article:published_time":"2021-08-06T04:20:01+00:00","article:modified_time":"2021-08-06T04:44:08+00:00","twitter:card":"summary_large_image","twitter:title":"Ley 2114 julio 29 de 2021 Ampl\u00eda licencia de paternidad - Contadores P\u00fablicos","twitter:description":"Ley 2114 julio 29 de 2021, por medio de la cual se ampl\u00eda la licencia de paternidad, se crea la licencia parental compartida, se crea la licencia parental flexible de tiempo parcial, se modifica el art\u00edculo 236 y se adiciona el art\u00edculo 241 al C\u00f3digo Sustantivo del Trabajo, y dictar otras disposiciones. Aspectos relevantes. Se","twitter:image":"https:\/\/contadoreshoy.com\/wp-content\/uploads\/2024\/01\/cropped-cropped-cropped-Copia-de-M.jpg"},"aioseo_meta_data":{"post_id":"13411","title":null,"description":null,"keywords":null,"keyphrases":null,"primary_term":null,"canonical_url":null,"og_title":null,"og_description":null,"og_object_type":"default","og_image_type":"default","og_image_url":null,"og_image_width":null,"og_image_height":null,"og_image_custom_url":null,"og_image_custom_fields":null,"og_video":null,"og_custom_url":null,"og_article_section":null,"og_article_tags":null,"twitter_use_og":false,"twitter_card":"default","twitter_image_type":"default","twitter_image_url":null,"twitter_image_custom_url":null,"twitter_image_custom_fields":null,"twitter_title":null,"twitter_description":null,"schema":{"blockGraphs":[],"customGraphs":[],"default":{"data":{"Article":[],"Course":[],"Dataset":[],"FAQPage":[],"Movie":[],"Person":[],"Product":[],"ProductReview":[],"Car":[],"Recipe":[],"Service":[],"SoftwareApplication":[],"WebPage":[]},"graphName":"","isEnabled":true},"graphs":[]},"schema_type":"default","schema_type_options":null,"pillar_content":false,"robots_default":true,"robots_noindex":false,"robots_noarchive":false,"robots_nosnippet":false,"robots_nofollow":false,"robots_noimageindex":false,"robots_noodp":false,"robots_notranslate":false,"robots_max_snippet":null,"robots_max_videopreview":null,"robots_max_imagepreview":"large","priority":null,"frequency":null,"local_seo":null,"breadcrumb_settings":null,"limit_modified_date":false,"ai":null,"created":"2024-03-05 02:32:38","updated":"2026-03-03 05:36:42","seo_analyzer_scan_date":null,"focus_keyword":null,"additional_keywords":null,"truseo_locale":null},"aioseo_breadcrumb":"<div class=\"aioseo-breadcrumbs\"><span class=\"aioseo-breadcrumb\">\n\t\t\t<a href=\"https:\/\/contadoreshoy.com\" title=\"Home\">Home<\/a>\n\t\t<\/span><span class=\"aioseo-breadcrumb-separator\">&raquo;<\/span><span class=\"aioseo-breadcrumb\">\n\t\t\t<a href=\"https:\/\/contadoreshoy.com\/?cat=1\" title=\"Uncategorized\">Uncategorized<\/a>\n\t\t<\/span><span class=\"aioseo-breadcrumb-separator\">&raquo;<\/span><span class=\"aioseo-breadcrumb\">\n\t\t\tLey 2114 julio 29 de 2021 Ampl\u00eda licencia de paternidad\n\t\t<\/span><\/div>","aioseo_breadcrumb_json":[{"label":"Home","link":"https:\/\/contadoreshoy.com"},{"label":"Uncategorized","link":"https:\/\/contadoreshoy.com\/?cat=1"},{"label":"Ley 2114 julio 29 de 2021 Ampl\u00eda licencia de paternidad","link":"https:\/\/contadoreshoy.com\/?p=13411"}],"yoast_head":"<!-- This site is optimized with the Yoast SEO plugin v28.4 - https:\/\/yoast.com\/product\/yoast-seo-wordpress\/ -->\n<title>Ley 2114 julio 29 de 2021 Ampl\u00eda licencia de paternidad - Contadores P\u00fablicos<\/title>\n<meta name=\"robots\" content=\"index, follow, max-snippet:-1, max-image-preview:large, max-video-preview:-1\" \/>\n<link rel=\"canonical\" href=\"https:\/\/contadoreshoy.com\/?p=13411\" \/>\n<meta property=\"og:locale\" content=\"es_ES\" \/>\n<meta property=\"og:type\" content=\"article\" \/>\n<meta property=\"og:title\" content=\"Ley 2114 julio 29 de 2021 Ampl\u00eda licencia de paternidad - Contadores P\u00fablicos\" \/>\n<meta property=\"og:url\" content=\"https:\/\/contadoreshoy.com\/?p=13411\" \/>\n<meta property=\"og:site_name\" content=\"Contadores P\u00fablicos\" \/>\n<meta property=\"article:publisher\" content=\"https:\/\/www.facebook.com\/CCCPBucaramanga\/\" \/>\n<meta property=\"article:published_time\" content=\"2021-08-06T04:20:01+00:00\" \/>\n<meta property=\"article:modified_time\" content=\"2021-08-06T04:44:08+00:00\" \/>\n<meta property=\"og:image\" content=\"https:\/\/contadoreshoy.com\/wp-content\/uploads\/2021\/08\/Imagen2-1240x696.png\" \/>\n\t<meta property=\"og:image:width\" content=\"1240\" \/>\n\t<meta property=\"og:image:height\" content=\"696\" \/>\n\t<meta property=\"og:image:type\" content=\"image\/png\" \/>\n<meta name=\"author\" content=\"Miguel Antonio M\u00e1rquez Monta\u00f1ez\" \/>\n<meta name=\"twitter:card\" content=\"summary_large_image\" \/>\n<meta name=\"twitter:label1\" content=\"Escrito por\" \/>\n\t<meta name=\"twitter:data1\" content=\"Miguel Antonio M\u00e1rquez Monta\u00f1ez\" \/>\n\t<meta name=\"twitter:label2\" content=\"Tiempo de lectura\" \/>\n\t<meta name=\"twitter:data2\" content=\"3 minutos\" \/>\n<script type=\"application\/ld+json\" class=\"yoast-schema-graph\">{\"@context\":\"https:\\\/\\\/schema.org\",\"@graph\":[{\"@type\":\"Article\",\"@id\":\"https:\\\/\\\/contadoreshoy.com\\\/?p=13411#article\",\"isPartOf\":{\"@id\":\"https:\\\/\\\/contadoreshoy.com\\\/?p=13411\"},\"author\":{\"name\":\"Miguel Antonio M\u00e1rquez Monta\u00f1ez\",\"@id\":\"https:\\\/\\\/contadoreshoy.com\\\/#\\\/schema\\\/person\\\/96d8979cb865537c5dc9345e40089fc5\"},\"headline\":\"Ley 2114 julio 29 de 2021 Ampl\u00eda licencia de paternidad\",\"datePublished\":\"2021-08-06T04:20:01+00:00\",\"dateModified\":\"2021-08-06T04:44:08+00:00\",\"mainEntityOfPage\":{\"@id\":\"https:\\\/\\\/contadoreshoy.com\\\/?p=13411\"},\"wordCount\":574,\"commentCount\":0,\"publisher\":{\"@id\":\"https:\\\/\\\/contadoreshoy.com\\\/#organization\"},\"image\":{\"@id\":\"https:\\\/\\\/contadoreshoy.com\\\/?p=13411#primaryimage\"},\"thumbnailUrl\":\"https:\\\/\\\/contadoreshoy.com\\\/wp-content\\\/uploads\\\/2021\\\/08\\\/Imagen2-scaled.png\",\"articleSection\":{\"1\":\"Ultimas Noticias\",\"2\":\"Uncategorized\"},\"inLanguage\":\"es\",\"potentialAction\":[{\"@type\":\"CommentAction\",\"name\":\"Comment\",\"target\":[\"https:\\\/\\\/contadoreshoy.com\\\/?p=13411#respond\"]}]},{\"@type\":\"WebPage\",\"@id\":\"https:\\\/\\\/contadoreshoy.com\\\/?p=13411\",\"url\":\"https:\\\/\\\/contadoreshoy.com\\\/?p=13411\",\"name\":\"Ley 2114 julio 29 de 2021 Ampl\u00eda licencia de paternidad - Contadores P\u00fablicos\",\"isPartOf\":{\"@id\":\"https:\\\/\\\/contadoreshoy.com\\\/#website\"},\"primaryImageOfPage\":{\"@id\":\"https:\\\/\\\/contadoreshoy.com\\\/?p=13411#primaryimage\"},\"image\":{\"@id\":\"https:\\\/\\\/contadoreshoy.com\\\/?p=13411#primaryimage\"},\"thumbnailUrl\":\"https:\\\/\\\/contadoreshoy.com\\\/wp-content\\\/uploads\\\/2021\\\/08\\\/Imagen2-scaled.png\",\"datePublished\":\"2021-08-06T04:20:01+00:00\",\"dateModified\":\"2021-08-06T04:44:08+00:00\",\"breadcrumb\":{\"@id\":\"https:\\\/\\\/contadoreshoy.com\\\/?p=13411#breadcrumb\"},\"inLanguage\":\"es\",\"potentialAction\":[{\"@type\":\"ReadAction\",\"target\":[\"https:\\\/\\\/contadoreshoy.com\\\/?p=13411\"]}]},{\"@type\":\"ImageObject\",\"inLanguage\":\"es\",\"@id\":\"https:\\\/\\\/contadoreshoy.com\\\/?p=13411#primaryimage\",\"url\":\"https:\\\/\\\/contadoreshoy.com\\\/wp-content\\\/uploads\\\/2021\\\/08\\\/Imagen2-scaled.png\",\"contentUrl\":\"https:\\\/\\\/contadoreshoy.com\\\/wp-content\\\/uploads\\\/2021\\\/08\\\/Imagen2-scaled.png\",\"width\":2560,\"height\":1437},{\"@type\":\"BreadcrumbList\",\"@id\":\"https:\\\/\\\/contadoreshoy.com\\\/?p=13411#breadcrumb\",\"itemListElement\":[{\"@type\":\"ListItem\",\"position\":1,\"name\":\"Portada\",\"item\":\"https:\\\/\\\/contadoreshoy.com\\\/\"},{\"@type\":\"ListItem\",\"position\":2,\"name\":\"Ley 2114 julio 29 de 2021 Ampl\u00eda licencia de paternidad\"}]},{\"@type\":\"WebSite\",\"@id\":\"https:\\\/\\\/contadoreshoy.com\\\/#website\",\"url\":\"https:\\\/\\\/contadoreshoy.com\\\/\",\"name\":\"Contadorespublicossantander\",\"description\":\"Portal para Contadores P\u00fablicos y empresarios\",\"publisher\":{\"@id\":\"https:\\\/\\\/contadoreshoy.com\\\/#organization\"},\"potentialAction\":[{\"@type\":\"SearchAction\",\"target\":{\"@type\":\"EntryPoint\",\"urlTemplate\":\"https:\\\/\\\/contadoreshoy.com\\\/?s={search_term_string}\"},\"query-input\":{\"@type\":\"PropertyValueSpecification\",\"valueRequired\":true,\"valueName\":\"search_term_string\"}}],\"inLanguage\":\"es\"},{\"@type\":\"Organization\",\"@id\":\"https:\\\/\\\/contadoreshoy.com\\\/#organization\",\"name\":\"Contadores P\u00fablicos de Santander\",\"url\":\"https:\\\/\\\/contadoreshoy.com\\\/\",\"logo\":{\"@type\":\"ImageObject\",\"inLanguage\":\"es\",\"@id\":\"https:\\\/\\\/contadoreshoy.com\\\/#\\\/schema\\\/logo\\\/image\\\/\",\"url\":\"https:\\\/\\\/contadoreshoy.com\\\/wp-content\\\/uploads\\\/2024\\\/01\\\/cropped-cropped-Copia-de-M-1.jpg\",\"contentUrl\":\"https:\\\/\\\/contadoreshoy.com\\\/wp-content\\\/uploads\\\/2024\\\/01\\\/cropped-cropped-Copia-de-M-1.jpg\",\"width\":499,\"height\":500,\"caption\":\"Contadores P\u00fablicos de Santander\"},\"image\":{\"@id\":\"https:\\\/\\\/contadoreshoy.com\\\/#\\\/schema\\\/logo\\\/image\\\/\"},\"sameAs\":[\"https:\\\/\\\/www.facebook.com\\\/CCCPBucaramanga\\\/\"]},{\"@type\":\"Person\",\"@id\":\"https:\\\/\\\/contadoreshoy.com\\\/#\\\/schema\\\/person\\\/96d8979cb865537c5dc9345e40089fc5\",\"name\":\"Miguel Antonio M\u00e1rquez Monta\u00f1ez\",\"description\":\"Contador P\u00fablico egresado de la Universidad Aut\u00f3noma de Bucaramanga - Asesor contable tributario con m\u00e1s de 25 a\u00f1os de experiencia - Conferencista en temas contables y tributarios - T\u00e9cnico en Hardware y Dise\u00f1o Web - Creador y director Grupo de Estudio Colegio Colombiano de Contadores P\u00fablicos de Bucaramanga - Creador y Master Web p\u00e1gina www.contadoresp\u00fablicossantander.com - Expresidente Colegio Colombiano de Contadores P\u00fablicos Bucaramanga\",\"url\":\"https:\\\/\\\/contadoreshoy.com\\\/?author=1\"}]}<\/script>\n<!-- \/ Yoast SEO plugin. -->","yoast_head_json":{"title":"Ley 2114 julio 29 de 2021 Ampl\u00eda licencia de paternidad - Contadores P\u00fablicos","robots":{"index":"index","follow":"follow","max-snippet":"max-snippet:-1","max-image-preview":"max-image-preview:large","max-video-preview":"max-video-preview:-1"},"canonical":"https:\/\/contadoreshoy.com\/?p=13411","og_locale":"es_ES","og_type":"article","og_title":"Ley 2114 julio 29 de 2021 Ampl\u00eda licencia de paternidad - Contadores P\u00fablicos","og_url":"https:\/\/contadoreshoy.com\/?p=13411","og_site_name":"Contadores P\u00fablicos","article_publisher":"https:\/\/www.facebook.com\/CCCPBucaramanga\/","article_published_time":"2021-08-06T04:20:01+00:00","article_modified_time":"2021-08-06T04:44:08+00:00","og_image":[{"width":1240,"height":696,"url":"https:\/\/contadoreshoy.com\/wp-content\/uploads\/2021\/08\/Imagen2-1240x696.png","type":"image\/png"}],"author":"Miguel Antonio M\u00e1rquez Monta\u00f1ez","twitter_card":"summary_large_image","twitter_misc":{"Escrito por":"Miguel Antonio M\u00e1rquez Monta\u00f1ez","Tiempo de lectura":"3 minutos"},"schema":{"@context":"https:\/\/schema.org","@graph":[{"@type":"Article","@id":"https:\/\/contadoreshoy.com\/?p=13411#article","isPartOf":{"@id":"https:\/\/contadoreshoy.com\/?p=13411"},"author":{"name":"Miguel Antonio M\u00e1rquez Monta\u00f1ez","@id":"https:\/\/contadoreshoy.com\/#\/schema\/person\/96d8979cb865537c5dc9345e40089fc5"},"headline":"Ley 2114 julio 29 de 2021 Ampl\u00eda licencia de paternidad","datePublished":"2021-08-06T04:20:01+00:00","dateModified":"2021-08-06T04:44:08+00:00","mainEntityOfPage":{"@id":"https:\/\/contadoreshoy.com\/?p=13411"},"wordCount":574,"commentCount":0,"publisher":{"@id":"https:\/\/contadoreshoy.com\/#organization"},"image":{"@id":"https:\/\/contadoreshoy.com\/?p=13411#primaryimage"},"thumbnailUrl":"https:\/\/contadoreshoy.com\/wp-content\/uploads\/2021\/08\/Imagen2-scaled.png","articleSection":{"1":"Ultimas Noticias","2":"Uncategorized"},"inLanguage":"es","potentialAction":[{"@type":"CommentAction","name":"Comment","target":["https:\/\/contadoreshoy.com\/?p=13411#respond"]}]},{"@type":"WebPage","@id":"https:\/\/contadoreshoy.com\/?p=13411","url":"https:\/\/contadoreshoy.com\/?p=13411","name":"Ley 2114 julio 29 de 2021 Ampl\u00eda licencia de paternidad - Contadores P\u00fablicos","isPartOf":{"@id":"https:\/\/contadoreshoy.com\/#website"},"primaryImageOfPage":{"@id":"https:\/\/contadoreshoy.com\/?p=13411#primaryimage"},"image":{"@id":"https:\/\/contadoreshoy.com\/?p=13411#primaryimage"},"thumbnailUrl":"https:\/\/contadoreshoy.com\/wp-content\/uploads\/2021\/08\/Imagen2-scaled.png","datePublished":"2021-08-06T04:20:01+00:00","dateModified":"2021-08-06T04:44:08+00:00","breadcrumb":{"@id":"https:\/\/contadoreshoy.com\/?p=13411#breadcrumb"},"inLanguage":"es","potentialAction":[{"@type":"ReadAction","target":["https:\/\/contadoreshoy.com\/?p=13411"]}]},{"@type":"ImageObject","inLanguage":"es","@id":"https:\/\/contadoreshoy.com\/?p=13411#primaryimage","url":"https:\/\/contadoreshoy.com\/wp-content\/uploads\/2021\/08\/Imagen2-scaled.png","contentUrl":"https:\/\/contadoreshoy.com\/wp-content\/uploads\/2021\/08\/Imagen2-scaled.png","width":2560,"height":1437},{"@type":"BreadcrumbList","@id":"https:\/\/contadoreshoy.com\/?p=13411#breadcrumb","itemListElement":[{"@type":"ListItem","position":1,"name":"Portada","item":"https:\/\/contadoreshoy.com\/"},{"@type":"ListItem","position":2,"name":"Ley 2114 julio 29 de 2021 Ampl\u00eda licencia de paternidad"}]},{"@type":"WebSite","@id":"https:\/\/contadoreshoy.com\/#website","url":"https:\/\/contadoreshoy.com\/","name":"Contadorespublicossantander","description":"Portal para Contadores P\u00fablicos y empresarios","publisher":{"@id":"https:\/\/contadoreshoy.com\/#organization"},"potentialAction":[{"@type":"SearchAction","target":{"@type":"EntryPoint","urlTemplate":"https:\/\/contadoreshoy.com\/?s={search_term_string}"},"query-input":{"@type":"PropertyValueSpecification","valueRequired":true,"valueName":"search_term_string"}}],"inLanguage":"es"},{"@type":"Organization","@id":"https:\/\/contadoreshoy.com\/#organization","name":"Contadores P\u00fablicos de Santander","url":"https:\/\/contadoreshoy.com\/","logo":{"@type":"ImageObject","inLanguage":"es","@id":"https:\/\/contadoreshoy.com\/#\/schema\/logo\/image\/","url":"https:\/\/contadoreshoy.com\/wp-content\/uploads\/2024\/01\/cropped-cropped-Copia-de-M-1.jpg","contentUrl":"https:\/\/contadoreshoy.com\/wp-content\/uploads\/2024\/01\/cropped-cropped-Copia-de-M-1.jpg","width":499,"height":500,"caption":"Contadores P\u00fablicos de Santander"},"image":{"@id":"https:\/\/contadoreshoy.com\/#\/schema\/logo\/image\/"},"sameAs":["https:\/\/www.facebook.com\/CCCPBucaramanga\/"]},{"@type":"Person","@id":"https:\/\/contadoreshoy.com\/#\/schema\/person\/96d8979cb865537c5dc9345e40089fc5","name":"Miguel Antonio M\u00e1rquez Monta\u00f1ez","description":"Contador P\u00fablico egresado de la Universidad Aut\u00f3noma de Bucaramanga - Asesor contable tributario con m\u00e1s de 25 a\u00f1os de experiencia - Conferencista en temas contables y tributarios - T\u00e9cnico en Hardware y Dise\u00f1o Web - Creador y director Grupo de Estudio Colegio Colombiano de Contadores P\u00fablicos de Bucaramanga - Creador y Master Web p\u00e1gina www.contadoresp\u00fablicossantander.com - Expresidente Colegio Colombiano de Contadores P\u00fablicos Bucaramanga","url":"https:\/\/contadoreshoy.com\/?author=1"}]}},"_links":{"self":[{"href":"https:\/\/contadoreshoy.com\/index.php?rest_route=\/wp\/v2\/posts\/13411","targetHints":{"allow":["GET"]}}],"collection":[{"href":"https:\/\/contadoreshoy.com\/index.php?rest_route=\/wp\/v2\/posts"}],"about":[{"href":"https:\/\/contadoreshoy.com\/index.php?rest_route=\/wp\/v2\/types\/post"}],"author":[{"embeddable":true,"href":"https:\/\/contadoreshoy.com\/index.php?rest_route=\/wp\/v2\/users\/1"}],"replies":[{"embeddable":true,"href":"https:\/\/contadoreshoy.com\/index.php?rest_route=%2Fwp%2Fv2%2Fcomments&post=13411"}],"version-history":[{"count":12,"href":"https:\/\/contadoreshoy.com\/index.php?rest_route=\/wp\/v2\/posts\/13411\/revisions"}],"predecessor-version":[{"id":13427,"href":"https:\/\/contadoreshoy.com\/index.php?rest_route=\/wp\/v2\/posts\/13411\/revisions\/13427"}],"wp:featuredmedia":[{"embeddable":true,"href":"https:\/\/contadoreshoy.com\/index.php?rest_route=\/wp\/v2\/media\/13421"}],"wp:attachment":[{"href":"https:\/\/contadoreshoy.com\/index.php?rest_route=%2Fwp%2Fv2%2Fmedia&parent=13411"}],"wp:term":[{"taxonomy":"category","embeddable":true,"href":"https:\/\/contadoreshoy.com\/index.php?rest_route=%2Fwp%2Fv2%2Fcategories&post=13411"},{"taxonomy":"post_tag","embeddable":true,"href":"https:\/\/contadoreshoy.com\/index.php?rest_route=%2Fwp%2Fv2%2Ftags&post=13411"}],"curies":[{"name":"wp","href":"https:\/\/api.w.org\/{rel}","templated":true}]}}