{"id":13591,"date":"2021-09-30T23:34:55","date_gmt":"2021-10-01T04:34:55","guid":{"rendered":"https:\/\/contadoreshoy.com\/?p=13591"},"modified":"2021-09-30T23:42:17","modified_gmt":"2021-10-01T04:42:17","slug":"acuerdo-31-septiembre-28-de-2021-concejo-de-bucaramanga-reforma-al-estatuto-tributario-municipal","status":"publish","type":"post","link":"https:\/\/contadoreshoy.com\/?p=13591","title":{"rendered":"Acuerdo 31 septiembre 28 de 2021 Concejo de Bucaramanga &#8211; Reforma al Estatuto Tributario Municipal"},"content":{"rendered":"\n<p><img loading=\"lazy\" decoding=\"async\" class=\"aligncenter wp-image-13594 size-large\" src=\"https:\/\/contadoreshoy.com\/wp-content\/uploads\/2021\/09\/Acuerdo-31-de-2021-1240x698.png\" alt=\"\" width=\"1240\" height=\"698\"><\/p>\n<p style=\"text-align: justify;\"><span style=\"background-color: #ffffff; color: #000000;\"><strong><a href=\"https:\/\/contadoreshoy.com\/wp-content\/uploads\/2021\/09\/Acuerdo_031_2021-1.pdf\" target=\"_blank\" rel=\"noopener\">Acuerdo 031 de septiembre 28 de 2021<\/a>, por medio del cual se actualiza el r\u00e9gimen procedimental y sancionatorio establecido en el acuerdo 44 de 2008, se modifica parcialmente el acuerdo 33 de 2020, se adoptan medidas para la reactivaci\u00f3n econ\u00f3mica y se dictan otras disposiciones en materia tributaria.<\/strong><\/span><\/p>\n<p style=\"text-align: justify;\"><span style=\"background-color: #ffffff; color: #000000;\"><strong>Aspectos relevantes del Acuerdo 031 de septiembre 28 de 2021:<\/strong><\/span><\/p>\n<ul style=\"text-align: justify;\">\n<li><span style=\"background-color: #ffffff; color: #000000;\"><strong>R\u00e9gimen preferencial de industria y comercio para personas naturales que en el a\u00f1o anterior hayan obtenido ingresos brutos totales provenientes de la actividad, inferiores a 1.500 UVT. Estos contribuyentes no presentan declaraci\u00f3n de industria y comercio, son sujetos de retenci\u00f3n de industria y comercio y pagar\u00e1n impuesto de industria y comercio desde 5 UVT hasta 10 UVT, dependiendo del rango de ingresos. El pertenecer a \u00e9ste r\u00e9gimen es opcional.<\/strong><\/span><\/li>\n<li><span style=\"background-color: #ffffff; color: #000000;\"><strong>Entre otros son retenedores del impuesto de industria y comercio los contribuyentes del r\u00e9gimen com\u00fan (Ingresos brutos a\u00f1o anterior entre 1.500 UVT y 20.000 UVT), que sean responsables del impuesto sobre las ventas.<\/strong><\/span><\/li>\n<li><span style=\"background-color: #ffffff; color: #000000;\"><strong>Los requerimientos, autos que ordenen inspecciones o verificaciones tributarias, emplazamientos, citaciones, resoluciones en que se impongan sanciones, liquidaciones oficiales y dem\u00e1s actuaciones administrativas, deben notificarse de manera electr\u00f3nica, personalmente o a trav\u00e9s de la red oficial de correos o de cualquier servicio de&nbsp; mensajer\u00eda especializada debidamente autorizada por la autoridad competente.<\/strong><\/span><\/li>\n<li><span style=\"background-color: #ffffff; color: #000000;\"><strong>Las declaraciones del impuesto de industria y comercio, y de retenci\u00f3n de este impuesto, deber\u00e1n ser firmadas por Revisor Fiscal, cuando el contribuyente est\u00e9 obligado a tenerlo, y por contador p\u00fablico cuando el monto de sus ingresos brutos del a\u00f1o inmediatamente anterior, o el patrimonio bruto en el \u00faltimo d\u00eda de dicho a\u00f1o, sean superiores a la suma de 100.000 UVT.<\/strong><\/span><\/li>\n<li><span style=\"background-color: #ffffff; color: #000000;\"><strong>Los valores diligenciados por los contribuyentes en las declaraciones de los impuestos Municipales, deber\u00e1n aproximarse al m\u00faltiplo de mil (1000) m\u00e1s cercano.<\/strong><\/span><\/li>\n<li><span style=\"background-color: #ffffff; color: #000000;\"><strong>Los propietarios poseedores podr\u00e1n presentar para efectos catastrales, en cualquier momento, solicitud de revisi\u00f3n catastral, cuando considere que el valor no se ajusta a las caracter\u00edsticas y condiciones del predio, para ello deber\u00e1n presentar las pruebas que justifiquen su solicitud. La autoridad catastral deber\u00e1 resolver dicha solicitud dentro de los 3 meses siguientes a la radicaci\u00f3n.<\/strong><\/span><\/li>\n<li><span style=\"background-color: #ffffff; color: #000000;\"><strong>Los responsables del r\u00e9gimen preferencial del impuesto de industria y comercio, deber\u00e1n llevar un sistema de contabilidad simplificada, o el libro fiscal de operaciones diarias.<\/strong><\/span><\/li>\n<li><span style=\"background-color: #ffffff; color: #000000;\"><strong>Los contribuyentes del impuesto de industria y comercio y complementarios, que no sean del r\u00e9gimen preferencial, deben llevar un sistema de contabilidad seg\u00fan corresponda (grupo 1, 2 o 3).<\/strong><\/span><\/li>\n<li><span style=\"background-color: #ffffff; color: #000000;\"><strong>Los contribuyentes y no contribuyentes, y los declarantes y no declarantes, est\u00e1n obligados a suministrar la informaci\u00f3n que requiera el secretario de Hacienda Municipal.<\/strong><\/span><\/li>\n<li><span style=\"background-color: #ffffff; color: #000000;\"><strong>Sanci\u00f3n de extemporaneidad equivalente al 1,5% del total del impuesto a cargo y\/o retenciones practicadas, por mes o fracci\u00f3n de mes de retardo, sin exceder del 100% del impuesto y\/o retenci\u00f3n seg\u00fan el caso.<\/strong><\/span><\/li>\n<li><span style=\"background-color: #ffffff; color: #000000;\"><strong>Los contribuyentes, responsables, agentes retenedores y dem\u00e1s responsables del pago de impuestos, tasas, contribuciones y multas Municipales pendientes de pago al 31 de diciembre de 2019, podr\u00e1n cancelar desde la vigencia del presente acuerdo y hasta el 31 de diciembre de 2021 el 100% del capital, sin intereses ni sanciones.<\/strong><\/span><\/li>\n<li><span style=\"background-color: #ffffff; color: #000000;\"><strong>Los contribuyentes, responsables, agentes retenedores y dem\u00e1s responsables del pago de impuestos, tasas, contribuciones y multas Municipales vencidas en el transcurso del a\u00f1o 2020, podr\u00e1n cancelar desde la vigencia del presente acuerdo y hasta el 31 de diciembre de 2021, el 80% del&nbsp; capital sin intereses ni sanciones.<\/strong><\/span><\/li>\n<\/ul>\n<p style=\"text-align: justify;\"><span style=\"color: #0000ff;\"><a style=\"color: #0000ff;\" href=\"https:\/\/contadoreshoy.com\/wp-content\/uploads\/2021\/09\/Acuerdo_031_2021-1.pdf\" target=\"_blank\" rel=\"noopener\"><span style=\"background-color: #ffffff;\"><strong>Para descargar Acuerdo 031 de septiembre 28 de 2021, dar clic en este enlace<\/strong><\/span><\/a><\/span><\/p>\n","protected":false},"excerpt":{"rendered":"","protected":false},"author":1,"featured_media":13594,"comment_status":"open","ping_status":"open","sticky":false,"template":"","format":"standard","meta":{"_monsterinsights_skip_tracking":false,"ngg_post_thumbnail":0,"footnotes":"","_links_to":"","_links_to_target":""},"categories":[454,458,1],"tags":[],"class_list":["post-13591","post","type-post","status-publish","format-standard","has-post-thumbnail","hentry","category-sin-categoria","category-ultimas","category-uncategorized"],"aioseo_notices":[],"aioseo_head":"\n\t\t<!-- All in One SEO 5.0.1.1 - aioseo.com -->\n\t<meta name=\"description\" content=\"Acuerdo 031 de septiembre 28 de 2021, por medio del cual se actualiza el r\u00e9gimen procedimental y sancionatorio establecido en el acuerdo 44 de 2008, se modifica parcialmente el acuerdo 33 de 2020, se adoptan medidas para la reactivaci\u00f3n econ\u00f3mica y se dictan otras disposiciones en materia tributaria. Aspectos relevantes del Acuerdo 031 de septiembre\" \/>\n\t<meta name=\"robots\" content=\"max-image-preview:large\" \/>\n\t<meta name=\"author\" content=\"Miguel Antonio M\u00e1rquez Monta\u00f1ez\"\/>\n\t<link rel=\"canonical\" href=\"https:\/\/contadoreshoy.com\/?p=13591\" \/>\n\t<meta name=\"generator\" content=\"All in One SEO (AIOSEO) 5.0.1.1\" \/>\n\t\t<meta property=\"og:locale\" content=\"es_ES\" \/>\n\t\t<meta property=\"og:site_name\" content=\"Contadores P\u00fablicos - Portal para Contadores P\u00fablicos y empresarios\" \/>\n\t\t<meta property=\"og:type\" content=\"article\" \/>\n\t\t<meta property=\"og:title\" content=\"Acuerdo 31 septiembre 28 de 2021 Concejo de Bucaramanga \u2013 Reforma al Estatuto Tributario Municipal - Contadores P\u00fablicos\" \/>\n\t\t<meta property=\"og:description\" content=\"Acuerdo 031 de septiembre 28 de 2021, por medio del cual se actualiza el r\u00e9gimen procedimental y sancionatorio establecido en el acuerdo 44 de 2008, se modifica parcialmente el acuerdo 33 de 2020, se adoptan medidas para la reactivaci\u00f3n econ\u00f3mica y se dictan otras disposiciones en materia tributaria. Aspectos relevantes del Acuerdo 031 de septiembre\" \/>\n\t\t<meta property=\"og:url\" content=\"https:\/\/contadoreshoy.com\/?p=13591\" \/>\n\t\t<meta property=\"og:image\" content=\"https:\/\/contadoreshoy.com\/wp-content\/uploads\/2024\/01\/cropped-cropped-cropped-Copia-de-M.jpg\" \/>\n\t\t<meta property=\"og:image:secure_url\" content=\"https:\/\/contadoreshoy.com\/wp-content\/uploads\/2024\/01\/cropped-cropped-cropped-Copia-de-M.jpg\" \/>\n\t\t<meta property=\"og:image:width\" content=\"512\" \/>\n\t\t<meta property=\"og:image:height\" content=\"371\" \/>\n\t\t<meta property=\"article:published_time\" content=\"2021-10-01T04:34:55+00:00\" \/>\n\t\t<meta property=\"article:modified_time\" content=\"2021-10-01T04:42:17+00:00\" \/>\n\t\t<meta name=\"twitter:card\" content=\"summary_large_image\" \/>\n\t\t<meta name=\"twitter:title\" content=\"Acuerdo 31 septiembre 28 de 2021 Concejo de Bucaramanga \u2013 Reforma al Estatuto Tributario Municipal - Contadores P\u00fablicos\" \/>\n\t\t<meta name=\"twitter:description\" content=\"Acuerdo 031 de septiembre 28 de 2021, por medio del cual se actualiza el r\u00e9gimen procedimental y sancionatorio establecido en el acuerdo 44 de 2008, se modifica parcialmente el acuerdo 33 de 2020, se adoptan medidas para la reactivaci\u00f3n econ\u00f3mica y se dictan otras disposiciones en materia tributaria. Aspectos relevantes del Acuerdo 031 de septiembre\" \/>\n\t\t<meta name=\"twitter:image\" content=\"https:\/\/contadoreshoy.com\/wp-content\/uploads\/2024\/01\/cropped-cropped-cropped-Copia-de-M.jpg\" \/>\n\t\t<script type=\"application\/ld+json\" class=\"aioseo-schema\">\n\t\t\t{\"@context\":\"https:\\\/\\\/schema.org\",\"@graph\":[{\"@type\":\"BlogPosting\",\"@id\":\"https:\\\/\\\/contadoreshoy.com\\\/?p=13591#blogposting\",\"name\":\"Acuerdo 31 septiembre 28 de 2021 Concejo de Bucaramanga \\u2013 Reforma al Estatuto Tributario Municipal - Contadores P\\u00fablicos\",\"headline\":\"Acuerdo 31 septiembre 28 de 2021 Concejo de Bucaramanga &#8211; Reforma al Estatuto Tributario Municipal\",\"author\":{\"@id\":\"https:\\\/\\\/contadoreshoy.com\\\/?author=1#author\"},\"publisher\":{\"@id\":\"https:\\\/\\\/contadoreshoy.com\\\/#organization\"},\"image\":{\"@type\":\"ImageObject\",\"url\":\"https:\\\/\\\/contadoreshoy.com\\\/wp-content\\\/uploads\\\/2021\\\/09\\\/Acuerdo-31-de-2021-scaled.png\",\"width\":2560,\"height\":1440},\"datePublished\":\"2021-09-30T23:34:55-05:00\",\"dateModified\":\"2021-09-30T23:42:17-05:00\",\"inLanguage\":\"es-ES\",\"mainEntityOfPage\":{\"@id\":\"https:\\\/\\\/contadoreshoy.com\\\/?p=13591#webpage\"},\"isPartOf\":{\"@id\":\"https:\\\/\\\/contadoreshoy.com\\\/?p=13591#webpage\"},\"articleSection\":\"Sin categor\\u00eda, Ultimas Noticias, Uncategorized\"},{\"@type\":\"BreadcrumbList\",\"@id\":\"https:\\\/\\\/contadoreshoy.com\\\/?p=13591#breadcrumblist\",\"itemListElement\":[{\"@type\":\"ListItem\",\"@id\":\"https:\\\/\\\/contadoreshoy.com#listItem\",\"position\":1,\"name\":\"Home\",\"item\":\"https:\\\/\\\/contadoreshoy.com\",\"nextItem\":{\"@type\":\"ListItem\",\"@id\":\"https:\\\/\\\/contadoreshoy.com\\\/?cat=1#listItem\",\"name\":\"Uncategorized\"}},{\"@type\":\"ListItem\",\"@id\":\"https:\\\/\\\/contadoreshoy.com\\\/?cat=1#listItem\",\"position\":2,\"name\":\"Uncategorized\",\"item\":\"https:\\\/\\\/contadoreshoy.com\\\/?cat=1\",\"nextItem\":{\"@type\":\"ListItem\",\"@id\":\"https:\\\/\\\/contadoreshoy.com\\\/?p=13591#listItem\",\"name\":\"Acuerdo 31 septiembre 28 de 2021 Concejo de Bucaramanga &#8211; Reforma al Estatuto Tributario Municipal\"},\"previousItem\":{\"@type\":\"ListItem\",\"@id\":\"https:\\\/\\\/contadoreshoy.com#listItem\",\"name\":\"Home\"}},{\"@type\":\"ListItem\",\"@id\":\"https:\\\/\\\/contadoreshoy.com\\\/?p=13591#listItem\",\"position\":3,\"name\":\"Acuerdo 31 septiembre 28 de 2021 Concejo de Bucaramanga &#8211; Reforma al Estatuto Tributario Municipal\",\"previousItem\":{\"@type\":\"ListItem\",\"@id\":\"https:\\\/\\\/contadoreshoy.com\\\/?cat=1#listItem\",\"name\":\"Uncategorized\"}}]},{\"@type\":\"Organization\",\"@id\":\"https:\\\/\\\/contadoreshoy.com\\\/#organization\",\"name\":\"Contadores P\\u00fablicos\",\"description\":\"Portal para Contadores P\\u00fablicos y empresarios\",\"url\":\"https:\\\/\\\/contadoreshoy.com\\\/\",\"logo\":{\"@type\":\"ImageObject\",\"url\":\"https:\\\/\\\/contadoreshoy.com\\\/wp-content\\\/uploads\\\/2024\\\/01\\\/cropped-cropped-Copia-de-M-1.jpg\",\"@id\":\"https:\\\/\\\/contadoreshoy.com\\\/?p=13591\\\/#organizationLogo\",\"width\":499,\"height\":500},\"image\":{\"@id\":\"https:\\\/\\\/contadoreshoy.com\\\/?p=13591\\\/#organizationLogo\"}},{\"@type\":\"Person\",\"@id\":\"https:\\\/\\\/contadoreshoy.com\\\/?author=1#author\",\"url\":\"https:\\\/\\\/contadoreshoy.com\\\/?author=1\",\"name\":\"Miguel Antonio M\\u00e1rquez Monta\\u00f1ez\"},{\"@type\":\"WebPage\",\"@id\":\"https:\\\/\\\/contadoreshoy.com\\\/?p=13591#webpage\",\"url\":\"https:\\\/\\\/contadoreshoy.com\\\/?p=13591\",\"name\":\"Acuerdo 31 septiembre 28 de 2021 Concejo de Bucaramanga \\u2013 Reforma al Estatuto Tributario Municipal - Contadores P\\u00fablicos\",\"description\":\"Acuerdo 031 de septiembre 28 de 2021, por medio del cual se actualiza el r\\u00e9gimen procedimental y sancionatorio establecido en el acuerdo 44 de 2008, se modifica parcialmente el acuerdo 33 de 2020, se adoptan medidas para la reactivaci\\u00f3n econ\\u00f3mica y se dictan otras disposiciones en materia tributaria. Aspectos relevantes del Acuerdo 031 de septiembre\",\"inLanguage\":\"es-ES\",\"isPartOf\":{\"@id\":\"https:\\\/\\\/contadoreshoy.com\\\/#website\"},\"breadcrumb\":{\"@id\":\"https:\\\/\\\/contadoreshoy.com\\\/?p=13591#breadcrumblist\"},\"author\":{\"@id\":\"https:\\\/\\\/contadoreshoy.com\\\/?author=1#author\"},\"creator\":{\"@id\":\"https:\\\/\\\/contadoreshoy.com\\\/?author=1#author\"},\"image\":{\"@type\":\"ImageObject\",\"url\":\"https:\\\/\\\/contadoreshoy.com\\\/wp-content\\\/uploads\\\/2021\\\/09\\\/Acuerdo-31-de-2021-scaled.png\",\"@id\":\"https:\\\/\\\/contadoreshoy.com\\\/?p=13591\\\/#mainImage\",\"width\":2560,\"height\":1440},\"primaryImageOfPage\":{\"@id\":\"https:\\\/\\\/contadoreshoy.com\\\/?p=13591#mainImage\"},\"datePublished\":\"2021-09-30T23:34:55-05:00\",\"dateModified\":\"2021-09-30T23:42:17-05:00\"},{\"@type\":\"WebSite\",\"@id\":\"https:\\\/\\\/contadoreshoy.com\\\/#website\",\"url\":\"https:\\\/\\\/contadoreshoy.com\\\/\",\"name\":\"Contadores P\\u00fablicos\",\"description\":\"Portal para Contadores P\\u00fablicos y empresarios\",\"inLanguage\":\"es-ES\",\"publisher\":{\"@id\":\"https:\\\/\\\/contadoreshoy.com\\\/#organization\"}}]}\n\t\t<\/script>\n\t\t<!-- All in One SEO -->\n\n","aioseo_head_json":{"title":"Acuerdo 31 septiembre 28 de 2021 Concejo de Bucaramanga \u2013 Reforma al Estatuto Tributario Municipal - Contadores P\u00fablicos","description":"Acuerdo 031 de septiembre 28 de 2021, por medio del cual se actualiza el r\u00e9gimen procedimental y sancionatorio establecido en el acuerdo 44 de 2008, se modifica parcialmente el acuerdo 33 de 2020, se adoptan medidas para la reactivaci\u00f3n econ\u00f3mica y se dictan otras disposiciones en materia tributaria. Aspectos relevantes del Acuerdo 031 de septiembre","canonical_url":"https:\/\/contadoreshoy.com\/?p=13591","robots":"max-image-preview:large","keywords":"","webmasterTools":{"miscellaneous":""},"schema":{"@context":"https:\/\/schema.org","@graph":[{"@type":"BlogPosting","@id":"https:\/\/contadoreshoy.com\/?p=13591#blogposting","name":"Acuerdo 31 septiembre 28 de 2021 Concejo de Bucaramanga \u2013 Reforma al Estatuto Tributario Municipal - Contadores P\u00fablicos","headline":"Acuerdo 31 septiembre 28 de 2021 Concejo de Bucaramanga &#8211; Reforma al Estatuto Tributario Municipal","author":{"@id":"https:\/\/contadoreshoy.com\/?author=1#author"},"publisher":{"@id":"https:\/\/contadoreshoy.com\/#organization"},"image":{"@type":"ImageObject","url":"https:\/\/contadoreshoy.com\/wp-content\/uploads\/2021\/09\/Acuerdo-31-de-2021-scaled.png","width":2560,"height":1440},"datePublished":"2021-09-30T23:34:55-05:00","dateModified":"2021-09-30T23:42:17-05:00","inLanguage":"es-ES","mainEntityOfPage":{"@id":"https:\/\/contadoreshoy.com\/?p=13591#webpage"},"isPartOf":{"@id":"https:\/\/contadoreshoy.com\/?p=13591#webpage"},"articleSection":"Sin categor\u00eda, Ultimas Noticias, Uncategorized"},{"@type":"BreadcrumbList","@id":"https:\/\/contadoreshoy.com\/?p=13591#breadcrumblist","itemListElement":[{"@type":"ListItem","@id":"https:\/\/contadoreshoy.com#listItem","position":1,"name":"Home","item":"https:\/\/contadoreshoy.com","nextItem":{"@type":"ListItem","@id":"https:\/\/contadoreshoy.com\/?cat=1#listItem","name":"Uncategorized"}},{"@type":"ListItem","@id":"https:\/\/contadoreshoy.com\/?cat=1#listItem","position":2,"name":"Uncategorized","item":"https:\/\/contadoreshoy.com\/?cat=1","nextItem":{"@type":"ListItem","@id":"https:\/\/contadoreshoy.com\/?p=13591#listItem","name":"Acuerdo 31 septiembre 28 de 2021 Concejo de Bucaramanga &#8211; Reforma al Estatuto Tributario Municipal"},"previousItem":{"@type":"ListItem","@id":"https:\/\/contadoreshoy.com#listItem","name":"Home"}},{"@type":"ListItem","@id":"https:\/\/contadoreshoy.com\/?p=13591#listItem","position":3,"name":"Acuerdo 31 septiembre 28 de 2021 Concejo de Bucaramanga &#8211; Reforma al Estatuto Tributario Municipal","previousItem":{"@type":"ListItem","@id":"https:\/\/contadoreshoy.com\/?cat=1#listItem","name":"Uncategorized"}}]},{"@type":"Organization","@id":"https:\/\/contadoreshoy.com\/#organization","name":"Contadores P\u00fablicos","description":"Portal para Contadores P\u00fablicos y empresarios","url":"https:\/\/contadoreshoy.com\/","logo":{"@type":"ImageObject","url":"https:\/\/contadoreshoy.com\/wp-content\/uploads\/2024\/01\/cropped-cropped-Copia-de-M-1.jpg","@id":"https:\/\/contadoreshoy.com\/?p=13591\/#organizationLogo","width":499,"height":500},"image":{"@id":"https:\/\/contadoreshoy.com\/?p=13591\/#organizationLogo"}},{"@type":"Person","@id":"https:\/\/contadoreshoy.com\/?author=1#author","url":"https:\/\/contadoreshoy.com\/?author=1","name":"Miguel Antonio M\u00e1rquez Monta\u00f1ez"},{"@type":"WebPage","@id":"https:\/\/contadoreshoy.com\/?p=13591#webpage","url":"https:\/\/contadoreshoy.com\/?p=13591","name":"Acuerdo 31 septiembre 28 de 2021 Concejo de Bucaramanga \u2013 Reforma al Estatuto Tributario Municipal - Contadores P\u00fablicos","description":"Acuerdo 031 de septiembre 28 de 2021, por medio del cual se actualiza el r\u00e9gimen procedimental y sancionatorio establecido en el acuerdo 44 de 2008, se modifica parcialmente el acuerdo 33 de 2020, se adoptan medidas para la reactivaci\u00f3n econ\u00f3mica y se dictan otras disposiciones en materia tributaria. Aspectos relevantes del Acuerdo 031 de septiembre","inLanguage":"es-ES","isPartOf":{"@id":"https:\/\/contadoreshoy.com\/#website"},"breadcrumb":{"@id":"https:\/\/contadoreshoy.com\/?p=13591#breadcrumblist"},"author":{"@id":"https:\/\/contadoreshoy.com\/?author=1#author"},"creator":{"@id":"https:\/\/contadoreshoy.com\/?author=1#author"},"image":{"@type":"ImageObject","url":"https:\/\/contadoreshoy.com\/wp-content\/uploads\/2021\/09\/Acuerdo-31-de-2021-scaled.png","@id":"https:\/\/contadoreshoy.com\/?p=13591\/#mainImage","width":2560,"height":1440},"primaryImageOfPage":{"@id":"https:\/\/contadoreshoy.com\/?p=13591#mainImage"},"datePublished":"2021-09-30T23:34:55-05:00","dateModified":"2021-09-30T23:42:17-05:00"},{"@type":"WebSite","@id":"https:\/\/contadoreshoy.com\/#website","url":"https:\/\/contadoreshoy.com\/","name":"Contadores P\u00fablicos","description":"Portal para Contadores P\u00fablicos y empresarios","inLanguage":"es-ES","publisher":{"@id":"https:\/\/contadoreshoy.com\/#organization"}}]},"og:locale":"es_ES","og:site_name":"Contadores P\u00fablicos - Portal para Contadores P\u00fablicos y empresarios","og:type":"article","og:title":"Acuerdo 31 septiembre 28 de 2021 Concejo de Bucaramanga \u2013 Reforma al Estatuto Tributario Municipal - Contadores P\u00fablicos","og:description":"Acuerdo 031 de septiembre 28 de 2021, por medio del cual se actualiza el r\u00e9gimen procedimental y sancionatorio establecido en el acuerdo 44 de 2008, se modifica parcialmente el acuerdo 33 de 2020, se adoptan medidas para la reactivaci\u00f3n econ\u00f3mica y se dictan otras disposiciones en materia tributaria. Aspectos relevantes del Acuerdo 031 de septiembre","og:url":"https:\/\/contadoreshoy.com\/?p=13591","og:image":"https:\/\/contadoreshoy.com\/wp-content\/uploads\/2024\/01\/cropped-cropped-cropped-Copia-de-M.jpg","og:image:secure_url":"https:\/\/contadoreshoy.com\/wp-content\/uploads\/2024\/01\/cropped-cropped-cropped-Copia-de-M.jpg","og:image:width":512,"og:image:height":371,"article:published_time":"2021-10-01T04:34:55+00:00","article:modified_time":"2021-10-01T04:42:17+00:00","twitter:card":"summary_large_image","twitter:title":"Acuerdo 31 septiembre 28 de 2021 Concejo de Bucaramanga \u2013 Reforma al Estatuto Tributario Municipal - Contadores P\u00fablicos","twitter:description":"Acuerdo 031 de septiembre 28 de 2021, por medio del cual se actualiza el r\u00e9gimen procedimental y sancionatorio establecido en el acuerdo 44 de 2008, se modifica parcialmente el acuerdo 33 de 2020, se adoptan medidas para la reactivaci\u00f3n econ\u00f3mica y se dictan otras disposiciones en materia tributaria. Aspectos relevantes del Acuerdo 031 de septiembre","twitter:image":"https:\/\/contadoreshoy.com\/wp-content\/uploads\/2024\/01\/cropped-cropped-cropped-Copia-de-M.jpg"},"aioseo_meta_data":{"post_id":"13591","title":null,"description":null,"keywords":null,"keyphrases":null,"primary_term":null,"canonical_url":null,"og_title":null,"og_description":null,"og_object_type":"default","og_image_type":"default","og_image_url":null,"og_image_width":null,"og_image_height":null,"og_image_custom_url":null,"og_image_custom_fields":null,"og_video":null,"og_custom_url":null,"og_article_section":null,"og_article_tags":null,"twitter_use_og":false,"twitter_card":"default","twitter_image_type":"default","twitter_image_url":null,"twitter_image_custom_url":null,"twitter_image_custom_fields":null,"twitter_title":null,"twitter_description":null,"schema":{"blockGraphs":[],"customGraphs":[],"default":{"data":{"Article":[],"Course":[],"Dataset":[],"FAQPage":[],"Movie":[],"Person":[],"Product":[],"ProductReview":[],"Car":[],"Recipe":[],"Service":[],"SoftwareApplication":[],"WebPage":[]},"graphName":"","isEnabled":true},"graphs":[]},"schema_type":"default","schema_type_options":null,"pillar_content":false,"robots_default":true,"robots_noindex":false,"robots_noarchive":false,"robots_nosnippet":false,"robots_nofollow":false,"robots_noimageindex":false,"robots_noodp":false,"robots_notranslate":false,"robots_max_snippet":null,"robots_max_videopreview":null,"robots_max_imagepreview":"large","priority":null,"frequency":null,"local_seo":null,"breadcrumb_settings":null,"limit_modified_date":false,"ai":null,"created":"2024-03-05 02:33:26","updated":"2026-03-03 05:37:43","seo_analyzer_scan_date":null,"focus_keyword":null,"additional_keywords":null,"truseo_locale":null},"aioseo_breadcrumb":"<div class=\"aioseo-breadcrumbs\"><span class=\"aioseo-breadcrumb\">\n\t\t\t<a href=\"https:\/\/contadoreshoy.com\" title=\"Home\">Home<\/a>\n\t\t<\/span><span class=\"aioseo-breadcrumb-separator\">&raquo;<\/span><span class=\"aioseo-breadcrumb\">\n\t\t\t<a href=\"https:\/\/contadoreshoy.com\/?cat=1\" title=\"Uncategorized\">Uncategorized<\/a>\n\t\t<\/span><span class=\"aioseo-breadcrumb-separator\">&raquo;<\/span><span class=\"aioseo-breadcrumb\">\n\t\t\tAcuerdo 31 septiembre 28 de 2021 Concejo de Bucaramanga \u2013 Reforma al Estatuto Tributario Municipal\n\t\t<\/span><\/div>","aioseo_breadcrumb_json":[{"label":"Home","link":"https:\/\/contadoreshoy.com"},{"label":"Uncategorized","link":"https:\/\/contadoreshoy.com\/?cat=1"},{"label":"Acuerdo 31 septiembre 28 de 2021 Concejo de Bucaramanga &#8211; Reforma al Estatuto Tributario Municipal","link":"https:\/\/contadoreshoy.com\/?p=13591"}],"yoast_head":"<!-- This site is optimized with the Yoast SEO plugin v28.4 - https:\/\/yoast.com\/product\/yoast-seo-wordpress\/ -->\n<title>Acuerdo 31 septiembre 28 de 2021 Concejo de Bucaramanga - Reforma al Estatuto Tributario Municipal - Contadores P\u00fablicos<\/title>\n<meta name=\"robots\" content=\"index, follow, max-snippet:-1, max-image-preview:large, max-video-preview:-1\" \/>\n<link rel=\"canonical\" href=\"https:\/\/contadoreshoy.com\/?p=13591\" \/>\n<meta property=\"og:locale\" content=\"es_ES\" \/>\n<meta property=\"og:type\" content=\"article\" \/>\n<meta property=\"og:title\" content=\"Acuerdo 31 septiembre 28 de 2021 Concejo de Bucaramanga - Reforma al Estatuto Tributario Municipal - Contadores P\u00fablicos\" \/>\n<meta property=\"og:url\" content=\"https:\/\/contadoreshoy.com\/?p=13591\" \/>\n<meta property=\"og:site_name\" content=\"Contadores P\u00fablicos\" \/>\n<meta property=\"article:publisher\" content=\"https:\/\/www.facebook.com\/CCCPBucaramanga\/\" \/>\n<meta property=\"article:published_time\" content=\"2021-10-01T04:34:55+00:00\" \/>\n<meta property=\"article:modified_time\" content=\"2021-10-01T04:42:17+00:00\" \/>\n<meta property=\"og:image\" content=\"https:\/\/contadoreshoy.com\/wp-content\/uploads\/2021\/09\/Acuerdo-31-de-2021-1240x698.png\" \/>\n\t<meta property=\"og:image:width\" content=\"1240\" \/>\n\t<meta property=\"og:image:height\" content=\"698\" \/>\n\t<meta property=\"og:image:type\" content=\"image\/png\" \/>\n<meta name=\"author\" content=\"Miguel Antonio M\u00e1rquez Monta\u00f1ez\" \/>\n<meta name=\"twitter:card\" content=\"summary_large_image\" \/>\n<meta name=\"twitter:label1\" content=\"Escrito por\" \/>\n\t<meta name=\"twitter:data1\" content=\"Miguel Antonio M\u00e1rquez Monta\u00f1ez\" \/>\n\t<meta name=\"twitter:label2\" content=\"Tiempo de lectura\" \/>\n\t<meta name=\"twitter:data2\" content=\"3 minutos\" \/>\n<script type=\"application\/ld+json\" class=\"yoast-schema-graph\">{\"@context\":\"https:\\\/\\\/schema.org\",\"@graph\":[{\"@type\":\"Article\",\"@id\":\"https:\\\/\\\/contadoreshoy.com\\\/?p=13591#article\",\"isPartOf\":{\"@id\":\"https:\\\/\\\/contadoreshoy.com\\\/?p=13591\"},\"author\":{\"name\":\"Miguel Antonio M\u00e1rquez Monta\u00f1ez\",\"@id\":\"https:\\\/\\\/contadoreshoy.com\\\/#\\\/schema\\\/person\\\/96d8979cb865537c5dc9345e40089fc5\"},\"headline\":\"Acuerdo 31 septiembre 28 de 2021 Concejo de Bucaramanga &#8211; Reforma al Estatuto Tributario Municipal\",\"datePublished\":\"2021-10-01T04:34:55+00:00\",\"dateModified\":\"2021-10-01T04:42:17+00:00\",\"mainEntityOfPage\":{\"@id\":\"https:\\\/\\\/contadoreshoy.com\\\/?p=13591\"},\"wordCount\":600,\"commentCount\":0,\"publisher\":{\"@id\":\"https:\\\/\\\/contadoreshoy.com\\\/#organization\"},\"image\":{\"@id\":\"https:\\\/\\\/contadoreshoy.com\\\/?p=13591#primaryimage\"},\"thumbnailUrl\":\"https:\\\/\\\/contadoreshoy.com\\\/wp-content\\\/uploads\\\/2021\\\/09\\\/Acuerdo-31-de-2021-scaled.png\",\"articleSection\":{\"1\":\"Ultimas Noticias\",\"2\":\"Uncategorized\"},\"inLanguage\":\"es\",\"potentialAction\":[{\"@type\":\"CommentAction\",\"name\":\"Comment\",\"target\":[\"https:\\\/\\\/contadoreshoy.com\\\/?p=13591#respond\"]}]},{\"@type\":\"WebPage\",\"@id\":\"https:\\\/\\\/contadoreshoy.com\\\/?p=13591\",\"url\":\"https:\\\/\\\/contadoreshoy.com\\\/?p=13591\",\"name\":\"Acuerdo 31 septiembre 28 de 2021 Concejo de Bucaramanga - Reforma al Estatuto Tributario Municipal - Contadores P\u00fablicos\",\"isPartOf\":{\"@id\":\"https:\\\/\\\/contadoreshoy.com\\\/#website\"},\"primaryImageOfPage\":{\"@id\":\"https:\\\/\\\/contadoreshoy.com\\\/?p=13591#primaryimage\"},\"image\":{\"@id\":\"https:\\\/\\\/contadoreshoy.com\\\/?p=13591#primaryimage\"},\"thumbnailUrl\":\"https:\\\/\\\/contadoreshoy.com\\\/wp-content\\\/uploads\\\/2021\\\/09\\\/Acuerdo-31-de-2021-scaled.png\",\"datePublished\":\"2021-10-01T04:34:55+00:00\",\"dateModified\":\"2021-10-01T04:42:17+00:00\",\"breadcrumb\":{\"@id\":\"https:\\\/\\\/contadoreshoy.com\\\/?p=13591#breadcrumb\"},\"inLanguage\":\"es\",\"potentialAction\":[{\"@type\":\"ReadAction\",\"target\":[\"https:\\\/\\\/contadoreshoy.com\\\/?p=13591\"]}]},{\"@type\":\"ImageObject\",\"inLanguage\":\"es\",\"@id\":\"https:\\\/\\\/contadoreshoy.com\\\/?p=13591#primaryimage\",\"url\":\"https:\\\/\\\/contadoreshoy.com\\\/wp-content\\\/uploads\\\/2021\\\/09\\\/Acuerdo-31-de-2021-scaled.png\",\"contentUrl\":\"https:\\\/\\\/contadoreshoy.com\\\/wp-content\\\/uploads\\\/2021\\\/09\\\/Acuerdo-31-de-2021-scaled.png\",\"width\":2560,\"height\":1440},{\"@type\":\"BreadcrumbList\",\"@id\":\"https:\\\/\\\/contadoreshoy.com\\\/?p=13591#breadcrumb\",\"itemListElement\":[{\"@type\":\"ListItem\",\"position\":1,\"name\":\"Portada\",\"item\":\"https:\\\/\\\/contadoreshoy.com\\\/\"},{\"@type\":\"ListItem\",\"position\":2,\"name\":\"Acuerdo 31 septiembre 28 de 2021 Concejo de Bucaramanga &#8211; Reforma al Estatuto Tributario Municipal\"}]},{\"@type\":\"WebSite\",\"@id\":\"https:\\\/\\\/contadoreshoy.com\\\/#website\",\"url\":\"https:\\\/\\\/contadoreshoy.com\\\/\",\"name\":\"Contadorespublicossantander\",\"description\":\"Portal para Contadores P\u00fablicos y empresarios\",\"publisher\":{\"@id\":\"https:\\\/\\\/contadoreshoy.com\\\/#organization\"},\"potentialAction\":[{\"@type\":\"SearchAction\",\"target\":{\"@type\":\"EntryPoint\",\"urlTemplate\":\"https:\\\/\\\/contadoreshoy.com\\\/?s={search_term_string}\"},\"query-input\":{\"@type\":\"PropertyValueSpecification\",\"valueRequired\":true,\"valueName\":\"search_term_string\"}}],\"inLanguage\":\"es\"},{\"@type\":\"Organization\",\"@id\":\"https:\\\/\\\/contadoreshoy.com\\\/#organization\",\"name\":\"Contadores P\u00fablicos de Santander\",\"url\":\"https:\\\/\\\/contadoreshoy.com\\\/\",\"logo\":{\"@type\":\"ImageObject\",\"inLanguage\":\"es\",\"@id\":\"https:\\\/\\\/contadoreshoy.com\\\/#\\\/schema\\\/logo\\\/image\\\/\",\"url\":\"https:\\\/\\\/contadoreshoy.com\\\/wp-content\\\/uploads\\\/2024\\\/01\\\/cropped-cropped-Copia-de-M-1.jpg\",\"contentUrl\":\"https:\\\/\\\/contadoreshoy.com\\\/wp-content\\\/uploads\\\/2024\\\/01\\\/cropped-cropped-Copia-de-M-1.jpg\",\"width\":499,\"height\":500,\"caption\":\"Contadores P\u00fablicos de Santander\"},\"image\":{\"@id\":\"https:\\\/\\\/contadoreshoy.com\\\/#\\\/schema\\\/logo\\\/image\\\/\"},\"sameAs\":[\"https:\\\/\\\/www.facebook.com\\\/CCCPBucaramanga\\\/\"]},{\"@type\":\"Person\",\"@id\":\"https:\\\/\\\/contadoreshoy.com\\\/#\\\/schema\\\/person\\\/96d8979cb865537c5dc9345e40089fc5\",\"name\":\"Miguel Antonio M\u00e1rquez Monta\u00f1ez\",\"description\":\"Contador P\u00fablico egresado de la Universidad Aut\u00f3noma de Bucaramanga - Asesor contable tributario con m\u00e1s de 25 a\u00f1os de experiencia - Conferencista en temas contables y tributarios - T\u00e9cnico en Hardware y Dise\u00f1o Web - Creador y director Grupo de Estudio Colegio Colombiano de Contadores P\u00fablicos de Bucaramanga - Creador y Master Web p\u00e1gina www.contadoresp\u00fablicossantander.com - Expresidente Colegio Colombiano de Contadores P\u00fablicos Bucaramanga\",\"url\":\"https:\\\/\\\/contadoreshoy.com\\\/?author=1\"}]}<\/script>\n<!-- \/ Yoast SEO plugin. -->","yoast_head_json":{"title":"Acuerdo 31 septiembre 28 de 2021 Concejo de Bucaramanga - Reforma al Estatuto Tributario Municipal - Contadores P\u00fablicos","robots":{"index":"index","follow":"follow","max-snippet":"max-snippet:-1","max-image-preview":"max-image-preview:large","max-video-preview":"max-video-preview:-1"},"canonical":"https:\/\/contadoreshoy.com\/?p=13591","og_locale":"es_ES","og_type":"article","og_title":"Acuerdo 31 septiembre 28 de 2021 Concejo de Bucaramanga - Reforma al Estatuto Tributario Municipal - Contadores P\u00fablicos","og_url":"https:\/\/contadoreshoy.com\/?p=13591","og_site_name":"Contadores P\u00fablicos","article_publisher":"https:\/\/www.facebook.com\/CCCPBucaramanga\/","article_published_time":"2021-10-01T04:34:55+00:00","article_modified_time":"2021-10-01T04:42:17+00:00","og_image":[{"width":1240,"height":698,"url":"https:\/\/contadoreshoy.com\/wp-content\/uploads\/2021\/09\/Acuerdo-31-de-2021-1240x698.png","type":"image\/png"}],"author":"Miguel Antonio M\u00e1rquez Monta\u00f1ez","twitter_card":"summary_large_image","twitter_misc":{"Escrito por":"Miguel Antonio M\u00e1rquez Monta\u00f1ez","Tiempo de lectura":"3 minutos"},"schema":{"@context":"https:\/\/schema.org","@graph":[{"@type":"Article","@id":"https:\/\/contadoreshoy.com\/?p=13591#article","isPartOf":{"@id":"https:\/\/contadoreshoy.com\/?p=13591"},"author":{"name":"Miguel Antonio M\u00e1rquez Monta\u00f1ez","@id":"https:\/\/contadoreshoy.com\/#\/schema\/person\/96d8979cb865537c5dc9345e40089fc5"},"headline":"Acuerdo 31 septiembre 28 de 2021 Concejo de Bucaramanga &#8211; Reforma al Estatuto Tributario Municipal","datePublished":"2021-10-01T04:34:55+00:00","dateModified":"2021-10-01T04:42:17+00:00","mainEntityOfPage":{"@id":"https:\/\/contadoreshoy.com\/?p=13591"},"wordCount":600,"commentCount":0,"publisher":{"@id":"https:\/\/contadoreshoy.com\/#organization"},"image":{"@id":"https:\/\/contadoreshoy.com\/?p=13591#primaryimage"},"thumbnailUrl":"https:\/\/contadoreshoy.com\/wp-content\/uploads\/2021\/09\/Acuerdo-31-de-2021-scaled.png","articleSection":{"1":"Ultimas Noticias","2":"Uncategorized"},"inLanguage":"es","potentialAction":[{"@type":"CommentAction","name":"Comment","target":["https:\/\/contadoreshoy.com\/?p=13591#respond"]}]},{"@type":"WebPage","@id":"https:\/\/contadoreshoy.com\/?p=13591","url":"https:\/\/contadoreshoy.com\/?p=13591","name":"Acuerdo 31 septiembre 28 de 2021 Concejo de Bucaramanga - Reforma al Estatuto Tributario Municipal - Contadores P\u00fablicos","isPartOf":{"@id":"https:\/\/contadoreshoy.com\/#website"},"primaryImageOfPage":{"@id":"https:\/\/contadoreshoy.com\/?p=13591#primaryimage"},"image":{"@id":"https:\/\/contadoreshoy.com\/?p=13591#primaryimage"},"thumbnailUrl":"https:\/\/contadoreshoy.com\/wp-content\/uploads\/2021\/09\/Acuerdo-31-de-2021-scaled.png","datePublished":"2021-10-01T04:34:55+00:00","dateModified":"2021-10-01T04:42:17+00:00","breadcrumb":{"@id":"https:\/\/contadoreshoy.com\/?p=13591#breadcrumb"},"inLanguage":"es","potentialAction":[{"@type":"ReadAction","target":["https:\/\/contadoreshoy.com\/?p=13591"]}]},{"@type":"ImageObject","inLanguage":"es","@id":"https:\/\/contadoreshoy.com\/?p=13591#primaryimage","url":"https:\/\/contadoreshoy.com\/wp-content\/uploads\/2021\/09\/Acuerdo-31-de-2021-scaled.png","contentUrl":"https:\/\/contadoreshoy.com\/wp-content\/uploads\/2021\/09\/Acuerdo-31-de-2021-scaled.png","width":2560,"height":1440},{"@type":"BreadcrumbList","@id":"https:\/\/contadoreshoy.com\/?p=13591#breadcrumb","itemListElement":[{"@type":"ListItem","position":1,"name":"Portada","item":"https:\/\/contadoreshoy.com\/"},{"@type":"ListItem","position":2,"name":"Acuerdo 31 septiembre 28 de 2021 Concejo de Bucaramanga &#8211; Reforma al Estatuto Tributario Municipal"}]},{"@type":"WebSite","@id":"https:\/\/contadoreshoy.com\/#website","url":"https:\/\/contadoreshoy.com\/","name":"Contadorespublicossantander","description":"Portal para Contadores P\u00fablicos y empresarios","publisher":{"@id":"https:\/\/contadoreshoy.com\/#organization"},"potentialAction":[{"@type":"SearchAction","target":{"@type":"EntryPoint","urlTemplate":"https:\/\/contadoreshoy.com\/?s={search_term_string}"},"query-input":{"@type":"PropertyValueSpecification","valueRequired":true,"valueName":"search_term_string"}}],"inLanguage":"es"},{"@type":"Organization","@id":"https:\/\/contadoreshoy.com\/#organization","name":"Contadores P\u00fablicos de Santander","url":"https:\/\/contadoreshoy.com\/","logo":{"@type":"ImageObject","inLanguage":"es","@id":"https:\/\/contadoreshoy.com\/#\/schema\/logo\/image\/","url":"https:\/\/contadoreshoy.com\/wp-content\/uploads\/2024\/01\/cropped-cropped-Copia-de-M-1.jpg","contentUrl":"https:\/\/contadoreshoy.com\/wp-content\/uploads\/2024\/01\/cropped-cropped-Copia-de-M-1.jpg","width":499,"height":500,"caption":"Contadores P\u00fablicos de Santander"},"image":{"@id":"https:\/\/contadoreshoy.com\/#\/schema\/logo\/image\/"},"sameAs":["https:\/\/www.facebook.com\/CCCPBucaramanga\/"]},{"@type":"Person","@id":"https:\/\/contadoreshoy.com\/#\/schema\/person\/96d8979cb865537c5dc9345e40089fc5","name":"Miguel Antonio M\u00e1rquez Monta\u00f1ez","description":"Contador P\u00fablico egresado de la Universidad Aut\u00f3noma de Bucaramanga - Asesor contable tributario con m\u00e1s de 25 a\u00f1os de experiencia - Conferencista en temas contables y tributarios - T\u00e9cnico en Hardware y Dise\u00f1o Web - Creador y director Grupo de Estudio Colegio Colombiano de Contadores P\u00fablicos de Bucaramanga - Creador y Master Web p\u00e1gina www.contadoresp\u00fablicossantander.com - Expresidente Colegio Colombiano de Contadores P\u00fablicos Bucaramanga","url":"https:\/\/contadoreshoy.com\/?author=1"}]}},"_links":{"self":[{"href":"https:\/\/contadoreshoy.com\/index.php?rest_route=\/wp\/v2\/posts\/13591","targetHints":{"allow":["GET"]}}],"collection":[{"href":"https:\/\/contadoreshoy.com\/index.php?rest_route=\/wp\/v2\/posts"}],"about":[{"href":"https:\/\/contadoreshoy.com\/index.php?rest_route=\/wp\/v2\/types\/post"}],"author":[{"embeddable":true,"href":"https:\/\/contadoreshoy.com\/index.php?rest_route=\/wp\/v2\/users\/1"}],"replies":[{"embeddable":true,"href":"https:\/\/contadoreshoy.com\/index.php?rest_route=%2Fwp%2Fv2%2Fcomments&post=13591"}],"version-history":[{"count":2,"href":"https:\/\/contadoreshoy.com\/index.php?rest_route=\/wp\/v2\/posts\/13591\/revisions"}],"predecessor-version":[{"id":13595,"href":"https:\/\/contadoreshoy.com\/index.php?rest_route=\/wp\/v2\/posts\/13591\/revisions\/13595"}],"wp:featuredmedia":[{"embeddable":true,"href":"https:\/\/contadoreshoy.com\/index.php?rest_route=\/wp\/v2\/media\/13594"}],"wp:attachment":[{"href":"https:\/\/contadoreshoy.com\/index.php?rest_route=%2Fwp%2Fv2%2Fmedia&parent=13591"}],"wp:term":[{"taxonomy":"category","embeddable":true,"href":"https:\/\/contadoreshoy.com\/index.php?rest_route=%2Fwp%2Fv2%2Fcategories&post=13591"},{"taxonomy":"post_tag","embeddable":true,"href":"https:\/\/contadoreshoy.com\/index.php?rest_route=%2Fwp%2Fv2%2Ftags&post=13591"}],"curies":[{"name":"wp","href":"https:\/\/api.w.org\/{rel}","templated":true}]}}