{"id":13983,"date":"2022-07-07T16:29:28","date_gmt":"2022-07-07T21:29:28","guid":{"rendered":"https:\/\/contadoreshoy.com\/?p=13983"},"modified":"2022-07-07T16:48:02","modified_gmt":"2022-07-07T21:48:02","slug":"resolucion-1092-julio-01-de-2022-dian-calendario-implementacion-limite-de-5-uvt-facturacion-con-sistema-p-o-s","status":"publish","type":"post","link":"https:\/\/contadoreshoy.com\/?p=13983","title":{"rendered":"Resoluci\u00f3n 1092 julio 01 de 2022 DIAN &#8211; Calendario implementaci\u00f3n l\u00edmite de 5 UVT facturaci\u00f3n con sistema P.O.S."},"content":{"rendered":"\n<p><img loading=\"lazy\" decoding=\"async\" class=\"aligncenter wp-image-13987 size-large\" src=\"https:\/\/contadoreshoy.com\/wp-content\/uploads\/2022\/07\/SISTEMA-POS-1240x1009.png\" alt=\"\" width=\"1240\" height=\"1009\" srcset=\"https:\/\/contadoreshoy.com\/wp-content\/uploads\/2022\/07\/SISTEMA-POS-1240x1009.png 1240w, https:\/\/contadoreshoy.com\/wp-content\/uploads\/2022\/07\/SISTEMA-POS-600x488.png 600w, https:\/\/contadoreshoy.com\/wp-content\/uploads\/2022\/07\/SISTEMA-POS-491x400.png 491w, https:\/\/contadoreshoy.com\/wp-content\/uploads\/2022\/07\/SISTEMA-POS-768x625.png 768w, https:\/\/contadoreshoy.com\/wp-content\/uploads\/2022\/07\/SISTEMA-POS-1536x1250.png 1536w, https:\/\/contadoreshoy.com\/wp-content\/uploads\/2022\/07\/SISTEMA-POS-2048x1667.png 2048w, https:\/\/contadoreshoy.com\/wp-content\/uploads\/2022\/07\/SISTEMA-POS-1720x1400.png 1720w\" sizes=\"auto, (max-width: 1240px) 100vw, 1240px\" \/><\/p>\n<p style=\"text-align: justify;\"><strong><a href=\"https:\/\/contadoreshoy.com\/wp-content\/uploads\/2022\/07\/Resolucion-001092-de-01-07-2022-MAXIMO-VENTA-POS.pdf\" target=\"_blank\" rel=\"noopener\">Resoluci\u00f3n 1092 de julio 01 de 2022 DIAN<\/a>, por la cual se establece el calendario para la implementaci\u00f3n del l\u00edmite de las cinco (5) UVT, como monto m\u00e1ximo para la expedici\u00f3n de los documentos equivalentes generados por m\u00e1quina registradora con sistema P.O.S.<\/strong><\/p>\n<p style=\"text-align: justify;\"><strong>A partir de la entrada en vigencia del calendario establecido de la presente resoluci\u00f3n, la expedici\u00f3n del documento equivalente tiquete de m\u00e1quina registradora con sistema P.O.S. no podr\u00e1 superar el monto m\u00e1ximo de cinco (5) UVT, sin incluir el importe de ning\u00fan impuesto, por cada operaci\u00f3n de venta y\/o prestaci\u00f3n de servicio.<\/strong><\/p>\n<p style=\"text-align: justify;\"><strong>Lo anterior, sin perjuicio de que el adquirente del bien y\/o del servicio exija la expedici\u00f3n de la factura electr\u00f3nica de venta, al respectivo sujeto obligado a expedir factura de venta y\/o documento equivalente.<\/strong><\/p>\n<p style=\"text-align: justify;\"><strong>Calendario para la exigibilidad del l\u00edmite m\u00e1ximo de UVT para la expedici\u00f3n del tiquete de m\u00e1quina registradora con sistema P.O.S.:<\/strong><\/p>\n<table style=\"height: 267px; width: 71.8736%; border-collapse: collapse; border-color: #000000; border-style: solid;\">\n<tbody>\n<tr style=\"height: 66px;\">\n<td style=\"width: 6.35414%; text-align: center; height: 66px;\"><strong>Grupo<\/strong><\/td>\n<td style=\"width: 21.4582%; text-align: center; height: 66px;\"><strong>Fecha m\u00e1xima para aplicaci\u00f3n del l\u00edmite de 5 UVT<\/strong><\/td>\n<td style=\"width: 47.4551%; text-align: center; height: 66px;\"><strong>Calidad de los sujetos obligados a expedir factura de venta y\/o documento equivalente<\/strong><\/td>\n<\/tr>\n<tr style=\"height: 24px;\">\n<td style=\"width: 6.35414%; height: 24px; text-align: center;\">1<\/td>\n<td style=\"width: 21.4582%; height: 24px; text-align: center;\">1 de febrero de 2023<\/td>\n<td style=\"width: 47.4551%; height: 24px;\">Grandes contribuyentes<\/td>\n<\/tr>\n<tr style=\"height: 87px;\">\n<td style=\"width: 6.35414%; height: 87px; text-align: center;\">2<\/td>\n<td style=\"width: 21.4582%; height: 87px; text-align: center;\">1 de abril de 2023<\/td>\n<td style=\"width: 47.4551%; height: 87px; text-align: justify;\">Declarantes del impuesto sobre la renta y complementarios o declarante de ingresos y patrimonio, que no tengan calidad de grandes contribuyentes<\/td>\n<\/tr>\n<tr style=\"height: 45px;\">\n<td style=\"width: 6.35414%; height: 45px; text-align: center;\">3<\/td>\n<td style=\"width: 21.4582%; height: 45px; text-align: center;\">1 de mayo de 2023<\/td>\n<td style=\"width: 47.4551%; height: 45px; text-align: justify;\">No declarantes del impuesto sobre la renta y complementarios.<\/td>\n<\/tr>\n<tr style=\"height: 45px;\">\n<td style=\"width: 6.35414%; height: 45px; text-align: center;\">4<\/td>\n<td style=\"width: 21.4582%; height: 45px; text-align: center;\">1 de junio de 2023<\/td>\n<td style=\"width: 47.4551%; height: 45px; text-align: justify;\">Dem\u00e1s sujetos que no tengan ninguna de las calidades mencionadas.<\/td>\n<\/tr>\n<\/tbody>\n<\/table>\n<p style=\"text-align: justify;\"><strong>En los casos en que la operaci\u00f3n de venta y\/o prestaci\u00f3n de servicios supere las cinco (5) UVT, el sujeto obligado a facturar deber\u00e1 expedir la factura electr\u00f3nica de venta atendiendo las disposiciones especiales que regulan la materia.<\/strong><\/p>\n<p style=\"text-align: justify;\"><a href=\"https:\/\/contadoreshoy.com\/wp-content\/uploads\/2022\/07\/Resolucion-001092-de-01-07-2022-MAXIMO-VENTA-POS.pdf\" target=\"_blank\" rel=\"noopener\"><strong>Para descargar Resoluci\u00f3n 1092 de julio 01 de 2022 DIAN, dar clic en este enlace<\/strong><\/a><\/p>\n","protected":false},"excerpt":{"rendered":"","protected":false},"author":1,"featured_media":13987,"comment_status":"open","ping_status":"open","sticky":false,"template":"","format":"standard","meta":{"_monsterinsights_skip_tracking":false,"ngg_post_thumbnail":0,"footnotes":"","_links_to":"","_links_to_target":""},"categories":[454,458,1],"tags":[],"class_list":["post-13983","post","type-post","status-publish","format-standard","has-post-thumbnail","hentry","category-sin-categoria","category-ultimas","category-uncategorized"],"aioseo_notices":[],"aioseo_head":"\n\t\t<!-- All in One SEO 5.0.1.1 - aioseo.com -->\n\t<meta name=\"description\" content=\"Resoluci\u00f3n 1092 de julio 01 de 2022 DIAN, por la cual se establece el calendario para la implementaci\u00f3n del l\u00edmite de las cinco (5) UVT, como monto m\u00e1ximo para la expedici\u00f3n de los documentos equivalentes generados por m\u00e1quina registradora con sistema P.O.S. A partir de la entrada en vigencia del calendario establecido de la presente\" \/>\n\t<meta name=\"robots\" content=\"max-image-preview:large\" \/>\n\t<meta name=\"author\" content=\"Miguel Antonio M\u00e1rquez Monta\u00f1ez\"\/>\n\t<link rel=\"canonical\" href=\"https:\/\/contadoreshoy.com\/?p=13983\" \/>\n\t<meta name=\"generator\" content=\"All in One SEO (AIOSEO) 5.0.1.1\" \/>\n\t\t<meta property=\"og:locale\" content=\"es_ES\" \/>\n\t\t<meta property=\"og:site_name\" content=\"Contadores P\u00fablicos - Portal para Contadores P\u00fablicos y empresarios\" \/>\n\t\t<meta property=\"og:type\" content=\"article\" \/>\n\t\t<meta property=\"og:title\" content=\"Resoluci\u00f3n 1092 julio 01 de 2022 DIAN \u2013 Calendario implementaci\u00f3n l\u00edmite de 5 UVT facturaci\u00f3n con sistema P.O.S. - Contadores P\u00fablicos\" \/>\n\t\t<meta property=\"og:description\" content=\"Resoluci\u00f3n 1092 de julio 01 de 2022 DIAN, por la cual se establece el calendario para la implementaci\u00f3n del l\u00edmite de las cinco (5) UVT, como monto m\u00e1ximo para la expedici\u00f3n de los documentos equivalentes generados por m\u00e1quina registradora con sistema P.O.S. A partir de la entrada en vigencia del calendario establecido de la presente\" \/>\n\t\t<meta property=\"og:url\" content=\"https:\/\/contadoreshoy.com\/?p=13983\" \/>\n\t\t<meta property=\"og:image\" content=\"https:\/\/contadoreshoy.com\/wp-content\/uploads\/2024\/01\/cropped-cropped-cropped-Copia-de-M.jpg\" \/>\n\t\t<meta property=\"og:image:secure_url\" content=\"https:\/\/contadoreshoy.com\/wp-content\/uploads\/2024\/01\/cropped-cropped-cropped-Copia-de-M.jpg\" \/>\n\t\t<meta property=\"og:image:width\" content=\"512\" \/>\n\t\t<meta property=\"og:image:height\" content=\"371\" \/>\n\t\t<meta property=\"article:published_time\" content=\"2022-07-07T21:29:28+00:00\" \/>\n\t\t<meta property=\"article:modified_time\" content=\"2022-07-07T21:48:02+00:00\" \/>\n\t\t<meta name=\"twitter:card\" content=\"summary_large_image\" \/>\n\t\t<meta name=\"twitter:title\" content=\"Resoluci\u00f3n 1092 julio 01 de 2022 DIAN \u2013 Calendario implementaci\u00f3n l\u00edmite de 5 UVT facturaci\u00f3n con sistema P.O.S. - Contadores P\u00fablicos\" \/>\n\t\t<meta name=\"twitter:description\" content=\"Resoluci\u00f3n 1092 de julio 01 de 2022 DIAN, por la cual se establece el calendario para la implementaci\u00f3n del l\u00edmite de las cinco (5) UVT, como monto m\u00e1ximo para la expedici\u00f3n de los documentos equivalentes generados por m\u00e1quina registradora con sistema P.O.S. A partir de la entrada en vigencia del calendario establecido de la presente\" \/>\n\t\t<meta name=\"twitter:image\" content=\"https:\/\/contadoreshoy.com\/wp-content\/uploads\/2024\/01\/cropped-cropped-cropped-Copia-de-M.jpg\" \/>\n\t\t<script type=\"application\/ld+json\" class=\"aioseo-schema\">\n\t\t\t{\"@context\":\"https:\\\/\\\/schema.org\",\"@graph\":[{\"@type\":\"BlogPosting\",\"@id\":\"https:\\\/\\\/contadoreshoy.com\\\/?p=13983#blogposting\",\"name\":\"Resoluci\\u00f3n 1092 julio 01 de 2022 DIAN \\u2013 Calendario implementaci\\u00f3n l\\u00edmite de 5 UVT facturaci\\u00f3n con sistema P.O.S. - Contadores P\\u00fablicos\",\"headline\":\"Resoluci\\u00f3n 1092 julio 01 de 2022 DIAN &#8211; Calendario implementaci\\u00f3n l\\u00edmite de 5 UVT facturaci\\u00f3n con sistema P.O.S.\",\"author\":{\"@id\":\"https:\\\/\\\/contadoreshoy.com\\\/?author=1#author\"},\"publisher\":{\"@id\":\"https:\\\/\\\/contadoreshoy.com\\\/#organization\"},\"image\":{\"@type\":\"ImageObject\",\"url\":\"https:\\\/\\\/contadoreshoy.com\\\/wp-content\\\/uploads\\\/2022\\\/07\\\/SISTEMA-POS-scaled.png\",\"width\":2560,\"height\":2084},\"datePublished\":\"2022-07-07T16:29:28-05:00\",\"dateModified\":\"2022-07-07T16:48:02-05:00\",\"inLanguage\":\"es-ES\",\"mainEntityOfPage\":{\"@id\":\"https:\\\/\\\/contadoreshoy.com\\\/?p=13983#webpage\"},\"isPartOf\":{\"@id\":\"https:\\\/\\\/contadoreshoy.com\\\/?p=13983#webpage\"},\"articleSection\":\"Sin categor\\u00eda, Ultimas Noticias, Uncategorized\"},{\"@type\":\"BreadcrumbList\",\"@id\":\"https:\\\/\\\/contadoreshoy.com\\\/?p=13983#breadcrumblist\",\"itemListElement\":[{\"@type\":\"ListItem\",\"@id\":\"https:\\\/\\\/contadoreshoy.com#listItem\",\"position\":1,\"name\":\"Home\",\"item\":\"https:\\\/\\\/contadoreshoy.com\",\"nextItem\":{\"@type\":\"ListItem\",\"@id\":\"https:\\\/\\\/contadoreshoy.com\\\/?cat=1#listItem\",\"name\":\"Uncategorized\"}},{\"@type\":\"ListItem\",\"@id\":\"https:\\\/\\\/contadoreshoy.com\\\/?cat=1#listItem\",\"position\":2,\"name\":\"Uncategorized\",\"item\":\"https:\\\/\\\/contadoreshoy.com\\\/?cat=1\",\"nextItem\":{\"@type\":\"ListItem\",\"@id\":\"https:\\\/\\\/contadoreshoy.com\\\/?p=13983#listItem\",\"name\":\"Resoluci\\u00f3n 1092 julio 01 de 2022 DIAN &#8211; Calendario implementaci\\u00f3n l\\u00edmite de 5 UVT facturaci\\u00f3n con sistema P.O.S.\"},\"previousItem\":{\"@type\":\"ListItem\",\"@id\":\"https:\\\/\\\/contadoreshoy.com#listItem\",\"name\":\"Home\"}},{\"@type\":\"ListItem\",\"@id\":\"https:\\\/\\\/contadoreshoy.com\\\/?p=13983#listItem\",\"position\":3,\"name\":\"Resoluci\\u00f3n 1092 julio 01 de 2022 DIAN &#8211; Calendario implementaci\\u00f3n l\\u00edmite de 5 UVT facturaci\\u00f3n con sistema P.O.S.\",\"previousItem\":{\"@type\":\"ListItem\",\"@id\":\"https:\\\/\\\/contadoreshoy.com\\\/?cat=1#listItem\",\"name\":\"Uncategorized\"}}]},{\"@type\":\"Organization\",\"@id\":\"https:\\\/\\\/contadoreshoy.com\\\/#organization\",\"name\":\"Contadores P\\u00fablicos\",\"description\":\"Portal para Contadores P\\u00fablicos y empresarios\",\"url\":\"https:\\\/\\\/contadoreshoy.com\\\/\",\"logo\":{\"@type\":\"ImageObject\",\"url\":\"https:\\\/\\\/contadoreshoy.com\\\/wp-content\\\/uploads\\\/2024\\\/01\\\/cropped-cropped-Copia-de-M-1.jpg\",\"@id\":\"https:\\\/\\\/contadoreshoy.com\\\/?p=13983\\\/#organizationLogo\",\"width\":499,\"height\":500},\"image\":{\"@id\":\"https:\\\/\\\/contadoreshoy.com\\\/?p=13983\\\/#organizationLogo\"}},{\"@type\":\"Person\",\"@id\":\"https:\\\/\\\/contadoreshoy.com\\\/?author=1#author\",\"url\":\"https:\\\/\\\/contadoreshoy.com\\\/?author=1\",\"name\":\"Miguel Antonio M\\u00e1rquez Monta\\u00f1ez\"},{\"@type\":\"WebPage\",\"@id\":\"https:\\\/\\\/contadoreshoy.com\\\/?p=13983#webpage\",\"url\":\"https:\\\/\\\/contadoreshoy.com\\\/?p=13983\",\"name\":\"Resoluci\\u00f3n 1092 julio 01 de 2022 DIAN \\u2013 Calendario implementaci\\u00f3n l\\u00edmite de 5 UVT facturaci\\u00f3n con sistema P.O.S. - Contadores P\\u00fablicos\",\"description\":\"Resoluci\\u00f3n 1092 de julio 01 de 2022 DIAN, por la cual se establece el calendario para la implementaci\\u00f3n del l\\u00edmite de las cinco (5) UVT, como monto m\\u00e1ximo para la expedici\\u00f3n de los documentos equivalentes generados por m\\u00e1quina registradora con sistema P.O.S. A partir de la entrada en vigencia del calendario establecido de la presente\",\"inLanguage\":\"es-ES\",\"isPartOf\":{\"@id\":\"https:\\\/\\\/contadoreshoy.com\\\/#website\"},\"breadcrumb\":{\"@id\":\"https:\\\/\\\/contadoreshoy.com\\\/?p=13983#breadcrumblist\"},\"author\":{\"@id\":\"https:\\\/\\\/contadoreshoy.com\\\/?author=1#author\"},\"creator\":{\"@id\":\"https:\\\/\\\/contadoreshoy.com\\\/?author=1#author\"},\"image\":{\"@type\":\"ImageObject\",\"url\":\"https:\\\/\\\/contadoreshoy.com\\\/wp-content\\\/uploads\\\/2022\\\/07\\\/SISTEMA-POS-scaled.png\",\"@id\":\"https:\\\/\\\/contadoreshoy.com\\\/?p=13983\\\/#mainImage\",\"width\":2560,\"height\":2084},\"primaryImageOfPage\":{\"@id\":\"https:\\\/\\\/contadoreshoy.com\\\/?p=13983#mainImage\"},\"datePublished\":\"2022-07-07T16:29:28-05:00\",\"dateModified\":\"2022-07-07T16:48:02-05:00\"},{\"@type\":\"WebSite\",\"@id\":\"https:\\\/\\\/contadoreshoy.com\\\/#website\",\"url\":\"https:\\\/\\\/contadoreshoy.com\\\/\",\"name\":\"Contadores P\\u00fablicos\",\"description\":\"Portal para Contadores P\\u00fablicos y empresarios\",\"inLanguage\":\"es-ES\",\"publisher\":{\"@id\":\"https:\\\/\\\/contadoreshoy.com\\\/#organization\"}}]}\n\t\t<\/script>\n\t\t<!-- All in One SEO -->\n\n","aioseo_head_json":{"title":"Resoluci\u00f3n 1092 julio 01 de 2022 DIAN \u2013 Calendario implementaci\u00f3n l\u00edmite de 5 UVT facturaci\u00f3n con sistema P.O.S. - Contadores P\u00fablicos","description":"Resoluci\u00f3n 1092 de julio 01 de 2022 DIAN, por la cual se establece el calendario para la implementaci\u00f3n del l\u00edmite de las cinco (5) UVT, como monto m\u00e1ximo para la expedici\u00f3n de los documentos equivalentes generados por m\u00e1quina registradora con sistema P.O.S. A partir de la entrada en vigencia del calendario establecido de la presente","canonical_url":"https:\/\/contadoreshoy.com\/?p=13983","robots":"max-image-preview:large","keywords":"","webmasterTools":{"miscellaneous":""},"schema":{"@context":"https:\/\/schema.org","@graph":[{"@type":"BlogPosting","@id":"https:\/\/contadoreshoy.com\/?p=13983#blogposting","name":"Resoluci\u00f3n 1092 julio 01 de 2022 DIAN \u2013 Calendario implementaci\u00f3n l\u00edmite de 5 UVT facturaci\u00f3n con sistema P.O.S. - Contadores P\u00fablicos","headline":"Resoluci\u00f3n 1092 julio 01 de 2022 DIAN &#8211; Calendario implementaci\u00f3n l\u00edmite de 5 UVT facturaci\u00f3n con sistema P.O.S.","author":{"@id":"https:\/\/contadoreshoy.com\/?author=1#author"},"publisher":{"@id":"https:\/\/contadoreshoy.com\/#organization"},"image":{"@type":"ImageObject","url":"https:\/\/contadoreshoy.com\/wp-content\/uploads\/2022\/07\/SISTEMA-POS-scaled.png","width":2560,"height":2084},"datePublished":"2022-07-07T16:29:28-05:00","dateModified":"2022-07-07T16:48:02-05:00","inLanguage":"es-ES","mainEntityOfPage":{"@id":"https:\/\/contadoreshoy.com\/?p=13983#webpage"},"isPartOf":{"@id":"https:\/\/contadoreshoy.com\/?p=13983#webpage"},"articleSection":"Sin categor\u00eda, Ultimas Noticias, Uncategorized"},{"@type":"BreadcrumbList","@id":"https:\/\/contadoreshoy.com\/?p=13983#breadcrumblist","itemListElement":[{"@type":"ListItem","@id":"https:\/\/contadoreshoy.com#listItem","position":1,"name":"Home","item":"https:\/\/contadoreshoy.com","nextItem":{"@type":"ListItem","@id":"https:\/\/contadoreshoy.com\/?cat=1#listItem","name":"Uncategorized"}},{"@type":"ListItem","@id":"https:\/\/contadoreshoy.com\/?cat=1#listItem","position":2,"name":"Uncategorized","item":"https:\/\/contadoreshoy.com\/?cat=1","nextItem":{"@type":"ListItem","@id":"https:\/\/contadoreshoy.com\/?p=13983#listItem","name":"Resoluci\u00f3n 1092 julio 01 de 2022 DIAN &#8211; Calendario implementaci\u00f3n l\u00edmite de 5 UVT facturaci\u00f3n con sistema P.O.S."},"previousItem":{"@type":"ListItem","@id":"https:\/\/contadoreshoy.com#listItem","name":"Home"}},{"@type":"ListItem","@id":"https:\/\/contadoreshoy.com\/?p=13983#listItem","position":3,"name":"Resoluci\u00f3n 1092 julio 01 de 2022 DIAN &#8211; Calendario implementaci\u00f3n l\u00edmite de 5 UVT facturaci\u00f3n con sistema P.O.S.","previousItem":{"@type":"ListItem","@id":"https:\/\/contadoreshoy.com\/?cat=1#listItem","name":"Uncategorized"}}]},{"@type":"Organization","@id":"https:\/\/contadoreshoy.com\/#organization","name":"Contadores P\u00fablicos","description":"Portal para Contadores P\u00fablicos y empresarios","url":"https:\/\/contadoreshoy.com\/","logo":{"@type":"ImageObject","url":"https:\/\/contadoreshoy.com\/wp-content\/uploads\/2024\/01\/cropped-cropped-Copia-de-M-1.jpg","@id":"https:\/\/contadoreshoy.com\/?p=13983\/#organizationLogo","width":499,"height":500},"image":{"@id":"https:\/\/contadoreshoy.com\/?p=13983\/#organizationLogo"}},{"@type":"Person","@id":"https:\/\/contadoreshoy.com\/?author=1#author","url":"https:\/\/contadoreshoy.com\/?author=1","name":"Miguel Antonio M\u00e1rquez Monta\u00f1ez"},{"@type":"WebPage","@id":"https:\/\/contadoreshoy.com\/?p=13983#webpage","url":"https:\/\/contadoreshoy.com\/?p=13983","name":"Resoluci\u00f3n 1092 julio 01 de 2022 DIAN \u2013 Calendario implementaci\u00f3n l\u00edmite de 5 UVT facturaci\u00f3n con sistema P.O.S. - Contadores P\u00fablicos","description":"Resoluci\u00f3n 1092 de julio 01 de 2022 DIAN, por la cual se establece el calendario para la implementaci\u00f3n del l\u00edmite de las cinco (5) UVT, como monto m\u00e1ximo para la expedici\u00f3n de los documentos equivalentes generados por m\u00e1quina registradora con sistema P.O.S. A partir de la entrada en vigencia del calendario establecido de la presente","inLanguage":"es-ES","isPartOf":{"@id":"https:\/\/contadoreshoy.com\/#website"},"breadcrumb":{"@id":"https:\/\/contadoreshoy.com\/?p=13983#breadcrumblist"},"author":{"@id":"https:\/\/contadoreshoy.com\/?author=1#author"},"creator":{"@id":"https:\/\/contadoreshoy.com\/?author=1#author"},"image":{"@type":"ImageObject","url":"https:\/\/contadoreshoy.com\/wp-content\/uploads\/2022\/07\/SISTEMA-POS-scaled.png","@id":"https:\/\/contadoreshoy.com\/?p=13983\/#mainImage","width":2560,"height":2084},"primaryImageOfPage":{"@id":"https:\/\/contadoreshoy.com\/?p=13983#mainImage"},"datePublished":"2022-07-07T16:29:28-05:00","dateModified":"2022-07-07T16:48:02-05:00"},{"@type":"WebSite","@id":"https:\/\/contadoreshoy.com\/#website","url":"https:\/\/contadoreshoy.com\/","name":"Contadores P\u00fablicos","description":"Portal para Contadores P\u00fablicos y empresarios","inLanguage":"es-ES","publisher":{"@id":"https:\/\/contadoreshoy.com\/#organization"}}]},"og:locale":"es_ES","og:site_name":"Contadores P\u00fablicos - Portal para Contadores P\u00fablicos y empresarios","og:type":"article","og:title":"Resoluci\u00f3n 1092 julio 01 de 2022 DIAN \u2013 Calendario implementaci\u00f3n l\u00edmite de 5 UVT facturaci\u00f3n con sistema P.O.S. - Contadores P\u00fablicos","og:description":"Resoluci\u00f3n 1092 de julio 01 de 2022 DIAN, por la cual se establece el calendario para la implementaci\u00f3n del l\u00edmite de las cinco (5) UVT, como monto m\u00e1ximo para la expedici\u00f3n de los documentos equivalentes generados por m\u00e1quina registradora con sistema P.O.S. A partir de la entrada en vigencia del calendario establecido de la presente","og:url":"https:\/\/contadoreshoy.com\/?p=13983","og:image":"https:\/\/contadoreshoy.com\/wp-content\/uploads\/2024\/01\/cropped-cropped-cropped-Copia-de-M.jpg","og:image:secure_url":"https:\/\/contadoreshoy.com\/wp-content\/uploads\/2024\/01\/cropped-cropped-cropped-Copia-de-M.jpg","og:image:width":512,"og:image:height":371,"article:published_time":"2022-07-07T21:29:28+00:00","article:modified_time":"2022-07-07T21:48:02+00:00","twitter:card":"summary_large_image","twitter:title":"Resoluci\u00f3n 1092 julio 01 de 2022 DIAN \u2013 Calendario implementaci\u00f3n l\u00edmite de 5 UVT facturaci\u00f3n con sistema P.O.S. - Contadores P\u00fablicos","twitter:description":"Resoluci\u00f3n 1092 de julio 01 de 2022 DIAN, por la cual se establece el calendario para la implementaci\u00f3n del l\u00edmite de las cinco (5) UVT, como monto m\u00e1ximo para la expedici\u00f3n de los documentos equivalentes generados por m\u00e1quina registradora con sistema P.O.S. A partir de la entrada en vigencia del calendario establecido de la presente","twitter:image":"https:\/\/contadoreshoy.com\/wp-content\/uploads\/2024\/01\/cropped-cropped-cropped-Copia-de-M.jpg"},"aioseo_meta_data":{"post_id":"13983","title":null,"description":null,"keywords":null,"keyphrases":null,"primary_term":null,"canonical_url":null,"og_title":null,"og_description":null,"og_object_type":"default","og_image_type":"default","og_image_url":null,"og_image_width":null,"og_image_height":null,"og_image_custom_url":null,"og_image_custom_fields":null,"og_video":null,"og_custom_url":null,"og_article_section":null,"og_article_tags":null,"twitter_use_og":false,"twitter_card":"default","twitter_image_type":"default","twitter_image_url":null,"twitter_image_custom_url":null,"twitter_image_custom_fields":null,"twitter_title":null,"twitter_description":null,"schema":{"blockGraphs":[],"customGraphs":[],"default":{"data":{"Article":[],"Course":[],"Dataset":[],"FAQPage":[],"Movie":[],"Person":[],"Product":[],"ProductReview":[],"Car":[],"Recipe":[],"Service":[],"SoftwareApplication":[],"WebPage":[]},"graphName":"","isEnabled":true},"graphs":[]},"schema_type":"default","schema_type_options":null,"pillar_content":false,"robots_default":true,"robots_noindex":false,"robots_noarchive":false,"robots_nosnippet":false,"robots_nofollow":false,"robots_noimageindex":false,"robots_noodp":false,"robots_notranslate":false,"robots_max_snippet":null,"robots_max_videopreview":null,"robots_max_imagepreview":"large","priority":null,"frequency":null,"local_seo":null,"breadcrumb_settings":null,"limit_modified_date":false,"ai":null,"created":"2024-03-05 02:40:39","updated":"2026-03-03 05:43:24","seo_analyzer_scan_date":null,"focus_keyword":null,"additional_keywords":null,"truseo_locale":null},"aioseo_breadcrumb":"<div class=\"aioseo-breadcrumbs\"><span class=\"aioseo-breadcrumb\">\n\t\t\t<a href=\"https:\/\/contadoreshoy.com\" title=\"Home\">Home<\/a>\n\t\t<\/span><span class=\"aioseo-breadcrumb-separator\">&raquo;<\/span><span class=\"aioseo-breadcrumb\">\n\t\t\t<a href=\"https:\/\/contadoreshoy.com\/?cat=1\" title=\"Uncategorized\">Uncategorized<\/a>\n\t\t<\/span><span class=\"aioseo-breadcrumb-separator\">&raquo;<\/span><span class=\"aioseo-breadcrumb\">\n\t\t\tResoluci\u00f3n 1092 julio 01 de 2022 DIAN \u2013 Calendario implementaci\u00f3n l\u00edmite de 5 UVT facturaci\u00f3n con sistema P.O.S.\n\t\t<\/span><\/div>","aioseo_breadcrumb_json":[{"label":"Home","link":"https:\/\/contadoreshoy.com"},{"label":"Uncategorized","link":"https:\/\/contadoreshoy.com\/?cat=1"},{"label":"Resoluci\u00f3n 1092 julio 01 de 2022 DIAN &#8211; Calendario implementaci\u00f3n l\u00edmite de 5 UVT facturaci\u00f3n con sistema P.O.S.","link":"https:\/\/contadoreshoy.com\/?p=13983"}],"yoast_head":"<!-- This site is optimized with the Yoast SEO plugin v28.4 - https:\/\/yoast.com\/product\/yoast-seo-wordpress\/ -->\n<title>Resoluci\u00f3n 1092 julio 01 de 2022 DIAN - Calendario implementaci\u00f3n l\u00edmite de 5 UVT facturaci\u00f3n con sistema P.O.S. - Contadores P\u00fablicos<\/title>\n<meta name=\"robots\" content=\"index, follow, max-snippet:-1, max-image-preview:large, max-video-preview:-1\" \/>\n<link rel=\"canonical\" href=\"https:\/\/contadoreshoy.com\/?p=13983\" \/>\n<meta property=\"og:locale\" content=\"es_ES\" \/>\n<meta property=\"og:type\" content=\"article\" \/>\n<meta property=\"og:title\" content=\"Resoluci\u00f3n 1092 julio 01 de 2022 DIAN - Calendario implementaci\u00f3n l\u00edmite de 5 UVT facturaci\u00f3n con sistema P.O.S. - Contadores P\u00fablicos\" \/>\n<meta property=\"og:url\" content=\"https:\/\/contadoreshoy.com\/?p=13983\" \/>\n<meta property=\"og:site_name\" content=\"Contadores P\u00fablicos\" \/>\n<meta property=\"article:publisher\" content=\"https:\/\/www.facebook.com\/CCCPBucaramanga\/\" \/>\n<meta property=\"article:published_time\" content=\"2022-07-07T21:29:28+00:00\" \/>\n<meta property=\"article:modified_time\" content=\"2022-07-07T21:48:02+00:00\" \/>\n<meta property=\"og:image\" content=\"https:\/\/contadoreshoy.com\/wp-content\/uploads\/2022\/07\/SISTEMA-POS-1240x1009.png\" \/>\n\t<meta property=\"og:image:width\" content=\"1240\" \/>\n\t<meta property=\"og:image:height\" content=\"1009\" \/>\n\t<meta property=\"og:image:type\" content=\"image\/png\" \/>\n<meta name=\"author\" content=\"Miguel Antonio M\u00e1rquez Monta\u00f1ez\" \/>\n<meta name=\"twitter:card\" content=\"summary_large_image\" \/>\n<meta name=\"twitter:label1\" content=\"Escrito por\" \/>\n\t<meta name=\"twitter:data1\" content=\"Miguel Antonio M\u00e1rquez Monta\u00f1ez\" \/>\n\t<meta name=\"twitter:label2\" content=\"Tiempo de lectura\" \/>\n\t<meta name=\"twitter:data2\" content=\"2 minutos\" \/>\n<script type=\"application\/ld+json\" class=\"yoast-schema-graph\">{\"@context\":\"https:\\\/\\\/schema.org\",\"@graph\":[{\"@type\":\"Article\",\"@id\":\"https:\\\/\\\/contadoreshoy.com\\\/?p=13983#article\",\"isPartOf\":{\"@id\":\"https:\\\/\\\/contadoreshoy.com\\\/?p=13983\"},\"author\":{\"name\":\"Miguel Antonio M\u00e1rquez Monta\u00f1ez\",\"@id\":\"https:\\\/\\\/contadoreshoy.com\\\/#\\\/schema\\\/person\\\/96d8979cb865537c5dc9345e40089fc5\"},\"headline\":\"Resoluci\u00f3n 1092 julio 01 de 2022 DIAN &#8211; Calendario implementaci\u00f3n l\u00edmite de 5 UVT facturaci\u00f3n con sistema P.O.S.\",\"datePublished\":\"2022-07-07T21:29:28+00:00\",\"dateModified\":\"2022-07-07T21:48:02+00:00\",\"mainEntityOfPage\":{\"@id\":\"https:\\\/\\\/contadoreshoy.com\\\/?p=13983\"},\"wordCount\":326,\"commentCount\":0,\"publisher\":{\"@id\":\"https:\\\/\\\/contadoreshoy.com\\\/#organization\"},\"image\":{\"@id\":\"https:\\\/\\\/contadoreshoy.com\\\/?p=13983#primaryimage\"},\"thumbnailUrl\":\"https:\\\/\\\/contadoreshoy.com\\\/wp-content\\\/uploads\\\/2022\\\/07\\\/SISTEMA-POS-scaled.png\",\"articleSection\":{\"1\":\"Ultimas Noticias\",\"2\":\"Uncategorized\"},\"inLanguage\":\"es\",\"potentialAction\":[{\"@type\":\"CommentAction\",\"name\":\"Comment\",\"target\":[\"https:\\\/\\\/contadoreshoy.com\\\/?p=13983#respond\"]}]},{\"@type\":\"WebPage\",\"@id\":\"https:\\\/\\\/contadoreshoy.com\\\/?p=13983\",\"url\":\"https:\\\/\\\/contadoreshoy.com\\\/?p=13983\",\"name\":\"Resoluci\u00f3n 1092 julio 01 de 2022 DIAN - Calendario implementaci\u00f3n l\u00edmite de 5 UVT facturaci\u00f3n con sistema P.O.S. - Contadores P\u00fablicos\",\"isPartOf\":{\"@id\":\"https:\\\/\\\/contadoreshoy.com\\\/#website\"},\"primaryImageOfPage\":{\"@id\":\"https:\\\/\\\/contadoreshoy.com\\\/?p=13983#primaryimage\"},\"image\":{\"@id\":\"https:\\\/\\\/contadoreshoy.com\\\/?p=13983#primaryimage\"},\"thumbnailUrl\":\"https:\\\/\\\/contadoreshoy.com\\\/wp-content\\\/uploads\\\/2022\\\/07\\\/SISTEMA-POS-scaled.png\",\"datePublished\":\"2022-07-07T21:29:28+00:00\",\"dateModified\":\"2022-07-07T21:48:02+00:00\",\"breadcrumb\":{\"@id\":\"https:\\\/\\\/contadoreshoy.com\\\/?p=13983#breadcrumb\"},\"inLanguage\":\"es\",\"potentialAction\":[{\"@type\":\"ReadAction\",\"target\":[\"https:\\\/\\\/contadoreshoy.com\\\/?p=13983\"]}]},{\"@type\":\"ImageObject\",\"inLanguage\":\"es\",\"@id\":\"https:\\\/\\\/contadoreshoy.com\\\/?p=13983#primaryimage\",\"url\":\"https:\\\/\\\/contadoreshoy.com\\\/wp-content\\\/uploads\\\/2022\\\/07\\\/SISTEMA-POS-scaled.png\",\"contentUrl\":\"https:\\\/\\\/contadoreshoy.com\\\/wp-content\\\/uploads\\\/2022\\\/07\\\/SISTEMA-POS-scaled.png\",\"width\":2560,\"height\":2084},{\"@type\":\"BreadcrumbList\",\"@id\":\"https:\\\/\\\/contadoreshoy.com\\\/?p=13983#breadcrumb\",\"itemListElement\":[{\"@type\":\"ListItem\",\"position\":1,\"name\":\"Portada\",\"item\":\"https:\\\/\\\/contadoreshoy.com\\\/\"},{\"@type\":\"ListItem\",\"position\":2,\"name\":\"Resoluci\u00f3n 1092 julio 01 de 2022 DIAN &#8211; Calendario implementaci\u00f3n l\u00edmite de 5 UVT facturaci\u00f3n con sistema P.O.S.\"}]},{\"@type\":\"WebSite\",\"@id\":\"https:\\\/\\\/contadoreshoy.com\\\/#website\",\"url\":\"https:\\\/\\\/contadoreshoy.com\\\/\",\"name\":\"Contadorespublicossantander\",\"description\":\"Portal para Contadores P\u00fablicos y empresarios\",\"publisher\":{\"@id\":\"https:\\\/\\\/contadoreshoy.com\\\/#organization\"},\"potentialAction\":[{\"@type\":\"SearchAction\",\"target\":{\"@type\":\"EntryPoint\",\"urlTemplate\":\"https:\\\/\\\/contadoreshoy.com\\\/?s={search_term_string}\"},\"query-input\":{\"@type\":\"PropertyValueSpecification\",\"valueRequired\":true,\"valueName\":\"search_term_string\"}}],\"inLanguage\":\"es\"},{\"@type\":\"Organization\",\"@id\":\"https:\\\/\\\/contadoreshoy.com\\\/#organization\",\"name\":\"Contadores P\u00fablicos de Santander\",\"url\":\"https:\\\/\\\/contadoreshoy.com\\\/\",\"logo\":{\"@type\":\"ImageObject\",\"inLanguage\":\"es\",\"@id\":\"https:\\\/\\\/contadoreshoy.com\\\/#\\\/schema\\\/logo\\\/image\\\/\",\"url\":\"https:\\\/\\\/contadoreshoy.com\\\/wp-content\\\/uploads\\\/2024\\\/01\\\/cropped-cropped-Copia-de-M-1.jpg\",\"contentUrl\":\"https:\\\/\\\/contadoreshoy.com\\\/wp-content\\\/uploads\\\/2024\\\/01\\\/cropped-cropped-Copia-de-M-1.jpg\",\"width\":499,\"height\":500,\"caption\":\"Contadores P\u00fablicos de Santander\"},\"image\":{\"@id\":\"https:\\\/\\\/contadoreshoy.com\\\/#\\\/schema\\\/logo\\\/image\\\/\"},\"sameAs\":[\"https:\\\/\\\/www.facebook.com\\\/CCCPBucaramanga\\\/\"]},{\"@type\":\"Person\",\"@id\":\"https:\\\/\\\/contadoreshoy.com\\\/#\\\/schema\\\/person\\\/96d8979cb865537c5dc9345e40089fc5\",\"name\":\"Miguel Antonio M\u00e1rquez Monta\u00f1ez\",\"description\":\"Contador P\u00fablico egresado de la Universidad Aut\u00f3noma de Bucaramanga - Asesor contable tributario con m\u00e1s de 25 a\u00f1os de experiencia - Conferencista en temas contables y tributarios - T\u00e9cnico en Hardware y Dise\u00f1o Web - Creador y director Grupo de Estudio Colegio Colombiano de Contadores P\u00fablicos de Bucaramanga - Creador y Master Web p\u00e1gina www.contadoresp\u00fablicossantander.com - Expresidente Colegio Colombiano de Contadores P\u00fablicos Bucaramanga\",\"url\":\"https:\\\/\\\/contadoreshoy.com\\\/?author=1\"}]}<\/script>\n<!-- \/ Yoast SEO plugin. -->","yoast_head_json":{"title":"Resoluci\u00f3n 1092 julio 01 de 2022 DIAN - Calendario implementaci\u00f3n l\u00edmite de 5 UVT facturaci\u00f3n con sistema P.O.S. - Contadores P\u00fablicos","robots":{"index":"index","follow":"follow","max-snippet":"max-snippet:-1","max-image-preview":"max-image-preview:large","max-video-preview":"max-video-preview:-1"},"canonical":"https:\/\/contadoreshoy.com\/?p=13983","og_locale":"es_ES","og_type":"article","og_title":"Resoluci\u00f3n 1092 julio 01 de 2022 DIAN - Calendario implementaci\u00f3n l\u00edmite de 5 UVT facturaci\u00f3n con sistema P.O.S. - Contadores P\u00fablicos","og_url":"https:\/\/contadoreshoy.com\/?p=13983","og_site_name":"Contadores P\u00fablicos","article_publisher":"https:\/\/www.facebook.com\/CCCPBucaramanga\/","article_published_time":"2022-07-07T21:29:28+00:00","article_modified_time":"2022-07-07T21:48:02+00:00","og_image":[{"width":1240,"height":1009,"url":"https:\/\/contadoreshoy.com\/wp-content\/uploads\/2022\/07\/SISTEMA-POS-1240x1009.png","type":"image\/png"}],"author":"Miguel Antonio M\u00e1rquez Monta\u00f1ez","twitter_card":"summary_large_image","twitter_misc":{"Escrito por":"Miguel Antonio M\u00e1rquez Monta\u00f1ez","Tiempo de lectura":"2 minutos"},"schema":{"@context":"https:\/\/schema.org","@graph":[{"@type":"Article","@id":"https:\/\/contadoreshoy.com\/?p=13983#article","isPartOf":{"@id":"https:\/\/contadoreshoy.com\/?p=13983"},"author":{"name":"Miguel Antonio M\u00e1rquez Monta\u00f1ez","@id":"https:\/\/contadoreshoy.com\/#\/schema\/person\/96d8979cb865537c5dc9345e40089fc5"},"headline":"Resoluci\u00f3n 1092 julio 01 de 2022 DIAN &#8211; Calendario implementaci\u00f3n l\u00edmite de 5 UVT facturaci\u00f3n con sistema P.O.S.","datePublished":"2022-07-07T21:29:28+00:00","dateModified":"2022-07-07T21:48:02+00:00","mainEntityOfPage":{"@id":"https:\/\/contadoreshoy.com\/?p=13983"},"wordCount":326,"commentCount":0,"publisher":{"@id":"https:\/\/contadoreshoy.com\/#organization"},"image":{"@id":"https:\/\/contadoreshoy.com\/?p=13983#primaryimage"},"thumbnailUrl":"https:\/\/contadoreshoy.com\/wp-content\/uploads\/2022\/07\/SISTEMA-POS-scaled.png","articleSection":{"1":"Ultimas Noticias","2":"Uncategorized"},"inLanguage":"es","potentialAction":[{"@type":"CommentAction","name":"Comment","target":["https:\/\/contadoreshoy.com\/?p=13983#respond"]}]},{"@type":"WebPage","@id":"https:\/\/contadoreshoy.com\/?p=13983","url":"https:\/\/contadoreshoy.com\/?p=13983","name":"Resoluci\u00f3n 1092 julio 01 de 2022 DIAN - Calendario implementaci\u00f3n l\u00edmite de 5 UVT facturaci\u00f3n con sistema P.O.S. - Contadores P\u00fablicos","isPartOf":{"@id":"https:\/\/contadoreshoy.com\/#website"},"primaryImageOfPage":{"@id":"https:\/\/contadoreshoy.com\/?p=13983#primaryimage"},"image":{"@id":"https:\/\/contadoreshoy.com\/?p=13983#primaryimage"},"thumbnailUrl":"https:\/\/contadoreshoy.com\/wp-content\/uploads\/2022\/07\/SISTEMA-POS-scaled.png","datePublished":"2022-07-07T21:29:28+00:00","dateModified":"2022-07-07T21:48:02+00:00","breadcrumb":{"@id":"https:\/\/contadoreshoy.com\/?p=13983#breadcrumb"},"inLanguage":"es","potentialAction":[{"@type":"ReadAction","target":["https:\/\/contadoreshoy.com\/?p=13983"]}]},{"@type":"ImageObject","inLanguage":"es","@id":"https:\/\/contadoreshoy.com\/?p=13983#primaryimage","url":"https:\/\/contadoreshoy.com\/wp-content\/uploads\/2022\/07\/SISTEMA-POS-scaled.png","contentUrl":"https:\/\/contadoreshoy.com\/wp-content\/uploads\/2022\/07\/SISTEMA-POS-scaled.png","width":2560,"height":2084},{"@type":"BreadcrumbList","@id":"https:\/\/contadoreshoy.com\/?p=13983#breadcrumb","itemListElement":[{"@type":"ListItem","position":1,"name":"Portada","item":"https:\/\/contadoreshoy.com\/"},{"@type":"ListItem","position":2,"name":"Resoluci\u00f3n 1092 julio 01 de 2022 DIAN &#8211; Calendario implementaci\u00f3n l\u00edmite de 5 UVT facturaci\u00f3n con sistema P.O.S."}]},{"@type":"WebSite","@id":"https:\/\/contadoreshoy.com\/#website","url":"https:\/\/contadoreshoy.com\/","name":"Contadorespublicossantander","description":"Portal para Contadores P\u00fablicos y empresarios","publisher":{"@id":"https:\/\/contadoreshoy.com\/#organization"},"potentialAction":[{"@type":"SearchAction","target":{"@type":"EntryPoint","urlTemplate":"https:\/\/contadoreshoy.com\/?s={search_term_string}"},"query-input":{"@type":"PropertyValueSpecification","valueRequired":true,"valueName":"search_term_string"}}],"inLanguage":"es"},{"@type":"Organization","@id":"https:\/\/contadoreshoy.com\/#organization","name":"Contadores P\u00fablicos de Santander","url":"https:\/\/contadoreshoy.com\/","logo":{"@type":"ImageObject","inLanguage":"es","@id":"https:\/\/contadoreshoy.com\/#\/schema\/logo\/image\/","url":"https:\/\/contadoreshoy.com\/wp-content\/uploads\/2024\/01\/cropped-cropped-Copia-de-M-1.jpg","contentUrl":"https:\/\/contadoreshoy.com\/wp-content\/uploads\/2024\/01\/cropped-cropped-Copia-de-M-1.jpg","width":499,"height":500,"caption":"Contadores P\u00fablicos de Santander"},"image":{"@id":"https:\/\/contadoreshoy.com\/#\/schema\/logo\/image\/"},"sameAs":["https:\/\/www.facebook.com\/CCCPBucaramanga\/"]},{"@type":"Person","@id":"https:\/\/contadoreshoy.com\/#\/schema\/person\/96d8979cb865537c5dc9345e40089fc5","name":"Miguel Antonio M\u00e1rquez Monta\u00f1ez","description":"Contador P\u00fablico egresado de la Universidad Aut\u00f3noma de Bucaramanga - Asesor contable tributario con m\u00e1s de 25 a\u00f1os de experiencia - Conferencista en temas contables y tributarios - T\u00e9cnico en Hardware y Dise\u00f1o Web - Creador y director Grupo de Estudio Colegio Colombiano de Contadores P\u00fablicos de Bucaramanga - Creador y Master Web p\u00e1gina www.contadoresp\u00fablicossantander.com - Expresidente Colegio Colombiano de Contadores P\u00fablicos Bucaramanga","url":"https:\/\/contadoreshoy.com\/?author=1"}]}},"_links":{"self":[{"href":"https:\/\/contadoreshoy.com\/index.php?rest_route=\/wp\/v2\/posts\/13983","targetHints":{"allow":["GET"]}}],"collection":[{"href":"https:\/\/contadoreshoy.com\/index.php?rest_route=\/wp\/v2\/posts"}],"about":[{"href":"https:\/\/contadoreshoy.com\/index.php?rest_route=\/wp\/v2\/types\/post"}],"author":[{"embeddable":true,"href":"https:\/\/contadoreshoy.com\/index.php?rest_route=\/wp\/v2\/users\/1"}],"replies":[{"embeddable":true,"href":"https:\/\/contadoreshoy.com\/index.php?rest_route=%2Fwp%2Fv2%2Fcomments&post=13983"}],"version-history":[{"count":5,"href":"https:\/\/contadoreshoy.com\/index.php?rest_route=\/wp\/v2\/posts\/13983\/revisions"}],"predecessor-version":[{"id":13991,"href":"https:\/\/contadoreshoy.com\/index.php?rest_route=\/wp\/v2\/posts\/13983\/revisions\/13991"}],"wp:featuredmedia":[{"embeddable":true,"href":"https:\/\/contadoreshoy.com\/index.php?rest_route=\/wp\/v2\/media\/13987"}],"wp:attachment":[{"href":"https:\/\/contadoreshoy.com\/index.php?rest_route=%2Fwp%2Fv2%2Fmedia&parent=13983"}],"wp:term":[{"taxonomy":"category","embeddable":true,"href":"https:\/\/contadoreshoy.com\/index.php?rest_route=%2Fwp%2Fv2%2Fcategories&post=13983"},{"taxonomy":"post_tag","embeddable":true,"href":"https:\/\/contadoreshoy.com\/index.php?rest_route=%2Fwp%2Fv2%2Ftags&post=13983"}],"curies":[{"name":"wp","href":"https:\/\/api.w.org\/{rel}","templated":true}]}}