{"id":14011,"date":"2022-08-21T21:38:47","date_gmt":"2022-08-22T02:38:47","guid":{"rendered":"https:\/\/contadoreshoy.com\/?p=14011"},"modified":"2022-08-21T22:34:50","modified_gmt":"2022-08-22T03:34:50","slug":"implementacion-de-la-factura-del-impuesto-sobre-la-renta-y-complementarios-resolucion-1212-agosto-05-2022-dian","status":"publish","type":"post","link":"https:\/\/contadoreshoy.com\/?p=14011","title":{"rendered":"Implementaci\u00f3n de la factura del impuesto sobre la renta y complementarios &#8211; Resoluci\u00f3n 1212 agosto 05 2022 DIAN"},"content":{"rendered":"\n<p><img loading=\"lazy\" decoding=\"async\" class=\"aligncenter wp-image-14009 size-large\" src=\"https:\/\/contadoreshoy.com\/wp-content\/uploads\/2022\/08\/FACTURACION-IMPTO-RENTA-DIAN-1240x353.png\" alt=\"\" width=\"1240\" height=\"353\" srcset=\"https:\/\/contadoreshoy.com\/wp-content\/uploads\/2022\/08\/FACTURACION-IMPTO-RENTA-DIAN-1240x353.png 1240w, https:\/\/contadoreshoy.com\/wp-content\/uploads\/2022\/08\/FACTURACION-IMPTO-RENTA-DIAN-600x171.png 600w, https:\/\/contadoreshoy.com\/wp-content\/uploads\/2022\/08\/FACTURACION-IMPTO-RENTA-DIAN-768x219.png 768w, https:\/\/contadoreshoy.com\/wp-content\/uploads\/2022\/08\/FACTURACION-IMPTO-RENTA-DIAN-1536x437.png 1536w, https:\/\/contadoreshoy.com\/wp-content\/uploads\/2022\/08\/FACTURACION-IMPTO-RENTA-DIAN-2048x583.png 2048w, https:\/\/contadoreshoy.com\/wp-content\/uploads\/2022\/08\/FACTURACION-IMPTO-RENTA-DIAN-2000x570.png 2000w\" sizes=\"auto, (max-width: 1240px) 100vw, 1240px\" \/><\/p>\n<p style=\"text-align: justify;\"><strong><a href=\"https:\/\/contadoreshoy.com\/wp-content\/uploads\/2022\/08\/Resolucion-001212-de-05-08-2022-FACTURACION-IMPTO-RENTA-DIAN.pdf\" target=\"_blank\" rel=\"noopener\">Resoluci\u00f3n 1212 de agosto 05 de 2022 DIAN<\/a>, por la cual se reglamenta la determinaci\u00f3n oficial del impuesto sobre la renta y complementarios mediante facturaci\u00f3n.<\/strong><\/p>\n<h4 style=\"text-align: justify;\"><strong>\u00bfQu\u00e9 es la factura del impuesto sobre la renta y complementarios?<\/strong><\/h4>\n<p style=\"text-align: justify;\"><strong>La factura del impuesto sobre la renta y complementarios de que trata el art\u00edculo 616-5 del Estatuto Tributario, corresponde a un acto administrativo de determinaci\u00f3n oficial del impuesto, proferido por la DIAN, el cual, una vez quedan en firme, al contener una obligaci\u00f3n clara, expresa y exigible a cargo del contribuyente, constituye un t\u00edtulo que presta m\u00e9rito ejecutivo en el proceso de cobro coactivo del impuesto sobre la renta y complementarios.<\/strong><\/p>\n<h4 style=\"text-align: justify;\"><strong>\u00bfA partir de cuando entra en vigencia?<\/strong><\/h4>\n<p style=\"text-align: justify;\"><strong>La implementaci\u00f3n del mecanismo de facturaci\u00f3n del impuesto sobre la renta y complementarios se llevar\u00e1 a cabo a partir de la entrada en vigencia de la presente resoluci\u00f3n (agosto 05 de 2022), por lo tanto, las facturas del impuesto sobre la renta y complementarios que se env\u00eden podr\u00e1n comprender el a\u00f1o gravable 2021.<\/strong><\/p>\n<h4 style=\"text-align: justify;\"><strong>\u00bfCu\u00e1les son los sujetos receptores de la facturaci\u00f3n?<\/strong><\/h4>\n<p style=\"text-align: justify;\"><strong>Para el a\u00f1o gravable 2021, la factura del impuesto sobre la renta y complementarios se remitir\u00e1 a las personas naturales y asimiladas identificadas como omisas.&nbsp;<\/strong><\/p>\n<p style=\"text-align: justify;\"><strong>A partir del a\u00f1o gravable 2022, se podr\u00e1 extender progresivamente a los dem\u00e1s sujetos pasivos obligados a declarar el impuesto sobre la renta y complementarios.<\/strong><\/p>\n<h4 style=\"text-align: justify;\"><strong>\u00bfC\u00f3mo se notificar\u00e1 la factura del impuesto sobre la renta y complementario?<\/strong><\/h4>\n<p style=\"text-align: justify;\"><strong>La DIAN notificar\u00e1 la factura del impuesto sobre la renta y complementarios de la siguiente manera:<\/strong><\/p>\n<ul style=\"text-align: justify;\">\n<li><strong>A trav\u00e9s de su inserci\u00f3n en la p\u00e1gina WEB de la DIAN<\/strong><\/li>\n<li><strong>Trat\u00e1ndose de contribuyentes inscritos en el RUT, la notificaci\u00f3n se entender\u00e1 surtida a partir del d\u00eda siguiente a la fecha de env\u00edo del correo electr\u00f3nico.<\/strong><\/li>\n<\/ul>\n<p style=\"text-align: justify;\"><strong>La notificaci\u00f3n de la factura deber\u00e1 efectuarse con posterioridad al vencimiento del plazo para presentar la declaraci\u00f3n del impuesto sobre la renta y complementarios.<\/strong><\/p>\n<h4 style=\"text-align: justify;\"><strong>\u00bfCu\u00e1l es el procedimiento en caso de estar de acuerdo con la factura del impuesto sobre la renta y complementarios?<\/strong><\/h4>\n<p style=\"text-align: justify;\"><strong>Despu\u00e9s de notificada la factura y antes de que \u00e9sta adquiera firmeza, cuando el contribuyente est\u00e9 de acuerdo, deber\u00e1 acceder a los sistemas inform\u00e1ticos de la DIAN, a trav\u00e9s del servicio de diligenciamiento, y presentar la factura, sin ninguna modificaci\u00f3n, siguiendo los procedimientos establecidos para la presentaci\u00f3n virtual de las declaraciones tributarias, sin que por ello pueda entenderse que se trata de una declaraci\u00f3n del impuesto, as\u00ed mismo el contribuyente deber\u00e1 pagar los respectivos valores a cargo.<\/strong><\/p>\n<h4 style=\"text-align: justify;\"><strong>\u00bfCu\u00e1l es el procedimiento en caso de no estar de acuerdo con la factura del impuesto sobre la renta y complementarios?<\/strong><\/h4>\n<p style=\"text-align: justify;\"><strong>Despu\u00e9s de notificada la factura y antes de que esta adquiera firmeza, en los casos en que el contribuyente no est\u00e9 de acuerdo con los valores determinados en la factura, deber\u00e1 acceder a los sistemas inform\u00e1ticos de la DIAN y, a trav\u00e9s del servicio de diligenciamiento, presentar la declaraci\u00f3n de este impuesto incluyendo all\u00ed los valores que correspondan a su realidad jur\u00eddica, econ\u00f3mica y financiera para la correspondiente vigencia fiscal.<\/strong><\/p>\n<p style=\"text-align: justify;\"><strong>La declaraci\u00f3n del impuesto sobre la renta y complementarios deber\u00e1 presentarse y pagarse, incluyendo la sanci\u00f3n por extemporaneidad procedente, dentro de los dos (2) meses siguientes contados a partir de la fecha de notificaci\u00f3n de la factura.<\/strong><\/p>\n<p style=\"text-align: justify;\"><a href=\"https:\/\/contadoreshoy.com\/wp-content\/uploads\/2022\/08\/Resolucion-001212-de-05-08-2022-FACTURACION-IMPTO-RENTA-DIAN.pdf\" target=\"_blank\" rel=\"noopener\"><strong>Para descargar Resoluci\u00f3n 1212 de agosto 05 de 2022, dar clic en este enlace<\/strong><\/a><\/p>\n<p>&nbsp;<\/p>\n","protected":false},"excerpt":{"rendered":"","protected":false},"author":1,"featured_media":14017,"comment_status":"open","ping_status":"open","sticky":false,"template":"","format":"standard","meta":{"_monsterinsights_skip_tracking":false,"ngg_post_thumbnail":0,"footnotes":"","_links_to":"","_links_to_target":""},"categories":[454,458,1],"tags":[],"class_list":["post-14011","post","type-post","status-publish","format-standard","has-post-thumbnail","hentry","category-sin-categoria","category-ultimas","category-uncategorized"],"aioseo_notices":[],"aioseo_head":"\n\t\t<!-- All in One SEO 5.0.1.1 - aioseo.com -->\n\t<meta name=\"description\" content=\"Resoluci\u00f3n 1212 de agosto 05 de 2022 DIAN, por la cual se reglamenta la determinaci\u00f3n oficial del impuesto sobre la renta y complementarios mediante facturaci\u00f3n. \u00bfQu\u00e9 es la factura del impuesto sobre la renta y complementarios? La factura del impuesto sobre la renta y complementarios de que trata el art\u00edculo 616-5 del Estatuto Tributario, corresponde\" \/>\n\t<meta name=\"robots\" content=\"max-image-preview:large\" \/>\n\t<meta name=\"author\" content=\"Miguel Antonio M\u00e1rquez Monta\u00f1ez\"\/>\n\t<link rel=\"canonical\" href=\"https:\/\/contadoreshoy.com\/?p=14011\" \/>\n\t<meta name=\"generator\" content=\"All in One SEO (AIOSEO) 5.0.1.1\" \/>\n\t\t<meta property=\"og:locale\" content=\"es_ES\" \/>\n\t\t<meta property=\"og:site_name\" content=\"Contadores P\u00fablicos - Portal para Contadores P\u00fablicos y empresarios\" \/>\n\t\t<meta property=\"og:type\" content=\"article\" \/>\n\t\t<meta property=\"og:title\" content=\"Implementaci\u00f3n de la factura del impuesto sobre la renta y complementarios \u2013 Resoluci\u00f3n 1212 agosto 05 2022 DIAN - Contadores P\u00fablicos\" \/>\n\t\t<meta property=\"og:description\" content=\"Resoluci\u00f3n 1212 de agosto 05 de 2022 DIAN, por la cual se reglamenta la determinaci\u00f3n oficial del impuesto sobre la renta y complementarios mediante facturaci\u00f3n. \u00bfQu\u00e9 es la factura del impuesto sobre la renta y complementarios? La factura del impuesto sobre la renta y complementarios de que trata el art\u00edculo 616-5 del Estatuto Tributario, corresponde\" \/>\n\t\t<meta property=\"og:url\" content=\"https:\/\/contadoreshoy.com\/?p=14011\" \/>\n\t\t<meta property=\"og:image\" content=\"https:\/\/contadoreshoy.com\/wp-content\/uploads\/2024\/01\/cropped-cropped-cropped-Copia-de-M.jpg\" \/>\n\t\t<meta property=\"og:image:secure_url\" content=\"https:\/\/contadoreshoy.com\/wp-content\/uploads\/2024\/01\/cropped-cropped-cropped-Copia-de-M.jpg\" \/>\n\t\t<meta property=\"og:image:width\" content=\"512\" \/>\n\t\t<meta property=\"og:image:height\" content=\"371\" \/>\n\t\t<meta property=\"article:published_time\" content=\"2022-08-22T02:38:47+00:00\" \/>\n\t\t<meta property=\"article:modified_time\" content=\"2022-08-22T03:34:50+00:00\" \/>\n\t\t<meta name=\"twitter:card\" content=\"summary_large_image\" \/>\n\t\t<meta name=\"twitter:title\" content=\"Implementaci\u00f3n de la factura del impuesto sobre la renta y complementarios \u2013 Resoluci\u00f3n 1212 agosto 05 2022 DIAN - Contadores P\u00fablicos\" \/>\n\t\t<meta name=\"twitter:description\" content=\"Resoluci\u00f3n 1212 de agosto 05 de 2022 DIAN, por la cual se reglamenta la determinaci\u00f3n oficial del impuesto sobre la renta y complementarios mediante facturaci\u00f3n. \u00bfQu\u00e9 es la factura del impuesto sobre la renta y complementarios? La factura del impuesto sobre la renta y complementarios de que trata el art\u00edculo 616-5 del Estatuto Tributario, corresponde\" \/>\n\t\t<meta name=\"twitter:image\" content=\"https:\/\/contadoreshoy.com\/wp-content\/uploads\/2024\/01\/cropped-cropped-cropped-Copia-de-M.jpg\" \/>\n\t\t<script type=\"application\/ld+json\" class=\"aioseo-schema\">\n\t\t\t{\"@context\":\"https:\\\/\\\/schema.org\",\"@graph\":[{\"@type\":\"BlogPosting\",\"@id\":\"https:\\\/\\\/contadoreshoy.com\\\/?p=14011#blogposting\",\"name\":\"Implementaci\\u00f3n de la factura del impuesto sobre la renta y complementarios \\u2013 Resoluci\\u00f3n 1212 agosto 05 2022 DIAN - Contadores P\\u00fablicos\",\"headline\":\"Implementaci\\u00f3n de la factura del impuesto sobre la renta y complementarios &#8211; Resoluci\\u00f3n 1212 agosto 05 2022 DIAN\",\"author\":{\"@id\":\"https:\\\/\\\/contadoreshoy.com\\\/?author=1#author\"},\"publisher\":{\"@id\":\"https:\\\/\\\/contadoreshoy.com\\\/#organization\"},\"image\":{\"@type\":\"ImageObject\",\"url\":\"https:\\\/\\\/contadoreshoy.com\\\/wp-content\\\/uploads\\\/2022\\\/08\\\/FACTURACION-DIAN-2-scaled.png\",\"width\":2560,\"height\":1045},\"datePublished\":\"2022-08-21T21:38:47-05:00\",\"dateModified\":\"2022-08-21T22:34:50-05:00\",\"inLanguage\":\"es-ES\",\"mainEntityOfPage\":{\"@id\":\"https:\\\/\\\/contadoreshoy.com\\\/?p=14011#webpage\"},\"isPartOf\":{\"@id\":\"https:\\\/\\\/contadoreshoy.com\\\/?p=14011#webpage\"},\"articleSection\":\"Sin categor\\u00eda, Ultimas Noticias, Uncategorized\"},{\"@type\":\"BreadcrumbList\",\"@id\":\"https:\\\/\\\/contadoreshoy.com\\\/?p=14011#breadcrumblist\",\"itemListElement\":[{\"@type\":\"ListItem\",\"@id\":\"https:\\\/\\\/contadoreshoy.com#listItem\",\"position\":1,\"name\":\"Home\",\"item\":\"https:\\\/\\\/contadoreshoy.com\",\"nextItem\":{\"@type\":\"ListItem\",\"@id\":\"https:\\\/\\\/contadoreshoy.com\\\/?cat=1#listItem\",\"name\":\"Uncategorized\"}},{\"@type\":\"ListItem\",\"@id\":\"https:\\\/\\\/contadoreshoy.com\\\/?cat=1#listItem\",\"position\":2,\"name\":\"Uncategorized\",\"item\":\"https:\\\/\\\/contadoreshoy.com\\\/?cat=1\",\"nextItem\":{\"@type\":\"ListItem\",\"@id\":\"https:\\\/\\\/contadoreshoy.com\\\/?p=14011#listItem\",\"name\":\"Implementaci\\u00f3n de la factura del impuesto sobre la renta y complementarios &#8211; Resoluci\\u00f3n 1212 agosto 05 2022 DIAN\"},\"previousItem\":{\"@type\":\"ListItem\",\"@id\":\"https:\\\/\\\/contadoreshoy.com#listItem\",\"name\":\"Home\"}},{\"@type\":\"ListItem\",\"@id\":\"https:\\\/\\\/contadoreshoy.com\\\/?p=14011#listItem\",\"position\":3,\"name\":\"Implementaci\\u00f3n de la factura del impuesto sobre la renta y complementarios &#8211; Resoluci\\u00f3n 1212 agosto 05 2022 DIAN\",\"previousItem\":{\"@type\":\"ListItem\",\"@id\":\"https:\\\/\\\/contadoreshoy.com\\\/?cat=1#listItem\",\"name\":\"Uncategorized\"}}]},{\"@type\":\"Organization\",\"@id\":\"https:\\\/\\\/contadoreshoy.com\\\/#organization\",\"name\":\"Contadores P\\u00fablicos\",\"description\":\"Portal para Contadores P\\u00fablicos y empresarios\",\"url\":\"https:\\\/\\\/contadoreshoy.com\\\/\",\"logo\":{\"@type\":\"ImageObject\",\"url\":\"https:\\\/\\\/contadoreshoy.com\\\/wp-content\\\/uploads\\\/2024\\\/01\\\/cropped-cropped-Copia-de-M-1.jpg\",\"@id\":\"https:\\\/\\\/contadoreshoy.com\\\/?p=14011\\\/#organizationLogo\",\"width\":499,\"height\":500},\"image\":{\"@id\":\"https:\\\/\\\/contadoreshoy.com\\\/?p=14011\\\/#organizationLogo\"}},{\"@type\":\"Person\",\"@id\":\"https:\\\/\\\/contadoreshoy.com\\\/?author=1#author\",\"url\":\"https:\\\/\\\/contadoreshoy.com\\\/?author=1\",\"name\":\"Miguel Antonio M\\u00e1rquez Monta\\u00f1ez\"},{\"@type\":\"WebPage\",\"@id\":\"https:\\\/\\\/contadoreshoy.com\\\/?p=14011#webpage\",\"url\":\"https:\\\/\\\/contadoreshoy.com\\\/?p=14011\",\"name\":\"Implementaci\\u00f3n de la factura del impuesto sobre la renta y complementarios \\u2013 Resoluci\\u00f3n 1212 agosto 05 2022 DIAN - Contadores P\\u00fablicos\",\"description\":\"Resoluci\\u00f3n 1212 de agosto 05 de 2022 DIAN, por la cual se reglamenta la determinaci\\u00f3n oficial del impuesto sobre la renta y complementarios mediante facturaci\\u00f3n. \\u00bfQu\\u00e9 es la factura del impuesto sobre la renta y complementarios? La factura del impuesto sobre la renta y complementarios de que trata el art\\u00edculo 616-5 del Estatuto Tributario, corresponde\",\"inLanguage\":\"es-ES\",\"isPartOf\":{\"@id\":\"https:\\\/\\\/contadoreshoy.com\\\/#website\"},\"breadcrumb\":{\"@id\":\"https:\\\/\\\/contadoreshoy.com\\\/?p=14011#breadcrumblist\"},\"author\":{\"@id\":\"https:\\\/\\\/contadoreshoy.com\\\/?author=1#author\"},\"creator\":{\"@id\":\"https:\\\/\\\/contadoreshoy.com\\\/?author=1#author\"},\"image\":{\"@type\":\"ImageObject\",\"url\":\"https:\\\/\\\/contadoreshoy.com\\\/wp-content\\\/uploads\\\/2022\\\/08\\\/FACTURACION-DIAN-2-scaled.png\",\"@id\":\"https:\\\/\\\/contadoreshoy.com\\\/?p=14011\\\/#mainImage\",\"width\":2560,\"height\":1045},\"primaryImageOfPage\":{\"@id\":\"https:\\\/\\\/contadoreshoy.com\\\/?p=14011#mainImage\"},\"datePublished\":\"2022-08-21T21:38:47-05:00\",\"dateModified\":\"2022-08-21T22:34:50-05:00\"},{\"@type\":\"WebSite\",\"@id\":\"https:\\\/\\\/contadoreshoy.com\\\/#website\",\"url\":\"https:\\\/\\\/contadoreshoy.com\\\/\",\"name\":\"Contadores P\\u00fablicos\",\"description\":\"Portal para Contadores P\\u00fablicos y empresarios\",\"inLanguage\":\"es-ES\",\"publisher\":{\"@id\":\"https:\\\/\\\/contadoreshoy.com\\\/#organization\"}}]}\n\t\t<\/script>\n\t\t<!-- All in One SEO -->\n\n","aioseo_head_json":{"title":"Implementaci\u00f3n de la factura del impuesto sobre la renta y complementarios \u2013 Resoluci\u00f3n 1212 agosto 05 2022 DIAN - Contadores P\u00fablicos","description":"Resoluci\u00f3n 1212 de agosto 05 de 2022 DIAN, por la cual se reglamenta la determinaci\u00f3n oficial del impuesto sobre la renta y complementarios mediante facturaci\u00f3n. \u00bfQu\u00e9 es la factura del impuesto sobre la renta y complementarios? La factura del impuesto sobre la renta y complementarios de que trata el art\u00edculo 616-5 del Estatuto Tributario, corresponde","canonical_url":"https:\/\/contadoreshoy.com\/?p=14011","robots":"max-image-preview:large","keywords":"","webmasterTools":{"miscellaneous":""},"schema":{"@context":"https:\/\/schema.org","@graph":[{"@type":"BlogPosting","@id":"https:\/\/contadoreshoy.com\/?p=14011#blogposting","name":"Implementaci\u00f3n de la factura del impuesto sobre la renta y complementarios \u2013 Resoluci\u00f3n 1212 agosto 05 2022 DIAN - Contadores P\u00fablicos","headline":"Implementaci\u00f3n de la factura del impuesto sobre la renta y complementarios &#8211; Resoluci\u00f3n 1212 agosto 05 2022 DIAN","author":{"@id":"https:\/\/contadoreshoy.com\/?author=1#author"},"publisher":{"@id":"https:\/\/contadoreshoy.com\/#organization"},"image":{"@type":"ImageObject","url":"https:\/\/contadoreshoy.com\/wp-content\/uploads\/2022\/08\/FACTURACION-DIAN-2-scaled.png","width":2560,"height":1045},"datePublished":"2022-08-21T21:38:47-05:00","dateModified":"2022-08-21T22:34:50-05:00","inLanguage":"es-ES","mainEntityOfPage":{"@id":"https:\/\/contadoreshoy.com\/?p=14011#webpage"},"isPartOf":{"@id":"https:\/\/contadoreshoy.com\/?p=14011#webpage"},"articleSection":"Sin categor\u00eda, Ultimas Noticias, Uncategorized"},{"@type":"BreadcrumbList","@id":"https:\/\/contadoreshoy.com\/?p=14011#breadcrumblist","itemListElement":[{"@type":"ListItem","@id":"https:\/\/contadoreshoy.com#listItem","position":1,"name":"Home","item":"https:\/\/contadoreshoy.com","nextItem":{"@type":"ListItem","@id":"https:\/\/contadoreshoy.com\/?cat=1#listItem","name":"Uncategorized"}},{"@type":"ListItem","@id":"https:\/\/contadoreshoy.com\/?cat=1#listItem","position":2,"name":"Uncategorized","item":"https:\/\/contadoreshoy.com\/?cat=1","nextItem":{"@type":"ListItem","@id":"https:\/\/contadoreshoy.com\/?p=14011#listItem","name":"Implementaci\u00f3n de la factura del impuesto sobre la renta y complementarios &#8211; Resoluci\u00f3n 1212 agosto 05 2022 DIAN"},"previousItem":{"@type":"ListItem","@id":"https:\/\/contadoreshoy.com#listItem","name":"Home"}},{"@type":"ListItem","@id":"https:\/\/contadoreshoy.com\/?p=14011#listItem","position":3,"name":"Implementaci\u00f3n de la factura del impuesto sobre la renta y complementarios &#8211; Resoluci\u00f3n 1212 agosto 05 2022 DIAN","previousItem":{"@type":"ListItem","@id":"https:\/\/contadoreshoy.com\/?cat=1#listItem","name":"Uncategorized"}}]},{"@type":"Organization","@id":"https:\/\/contadoreshoy.com\/#organization","name":"Contadores P\u00fablicos","description":"Portal para Contadores P\u00fablicos y empresarios","url":"https:\/\/contadoreshoy.com\/","logo":{"@type":"ImageObject","url":"https:\/\/contadoreshoy.com\/wp-content\/uploads\/2024\/01\/cropped-cropped-Copia-de-M-1.jpg","@id":"https:\/\/contadoreshoy.com\/?p=14011\/#organizationLogo","width":499,"height":500},"image":{"@id":"https:\/\/contadoreshoy.com\/?p=14011\/#organizationLogo"}},{"@type":"Person","@id":"https:\/\/contadoreshoy.com\/?author=1#author","url":"https:\/\/contadoreshoy.com\/?author=1","name":"Miguel Antonio M\u00e1rquez Monta\u00f1ez"},{"@type":"WebPage","@id":"https:\/\/contadoreshoy.com\/?p=14011#webpage","url":"https:\/\/contadoreshoy.com\/?p=14011","name":"Implementaci\u00f3n de la factura del impuesto sobre la renta y complementarios \u2013 Resoluci\u00f3n 1212 agosto 05 2022 DIAN - Contadores P\u00fablicos","description":"Resoluci\u00f3n 1212 de agosto 05 de 2022 DIAN, por la cual se reglamenta la determinaci\u00f3n oficial del impuesto sobre la renta y complementarios mediante facturaci\u00f3n. \u00bfQu\u00e9 es la factura del impuesto sobre la renta y complementarios? La factura del impuesto sobre la renta y complementarios de que trata el art\u00edculo 616-5 del Estatuto Tributario, corresponde","inLanguage":"es-ES","isPartOf":{"@id":"https:\/\/contadoreshoy.com\/#website"},"breadcrumb":{"@id":"https:\/\/contadoreshoy.com\/?p=14011#breadcrumblist"},"author":{"@id":"https:\/\/contadoreshoy.com\/?author=1#author"},"creator":{"@id":"https:\/\/contadoreshoy.com\/?author=1#author"},"image":{"@type":"ImageObject","url":"https:\/\/contadoreshoy.com\/wp-content\/uploads\/2022\/08\/FACTURACION-DIAN-2-scaled.png","@id":"https:\/\/contadoreshoy.com\/?p=14011\/#mainImage","width":2560,"height":1045},"primaryImageOfPage":{"@id":"https:\/\/contadoreshoy.com\/?p=14011#mainImage"},"datePublished":"2022-08-21T21:38:47-05:00","dateModified":"2022-08-21T22:34:50-05:00"},{"@type":"WebSite","@id":"https:\/\/contadoreshoy.com\/#website","url":"https:\/\/contadoreshoy.com\/","name":"Contadores P\u00fablicos","description":"Portal para Contadores P\u00fablicos y empresarios","inLanguage":"es-ES","publisher":{"@id":"https:\/\/contadoreshoy.com\/#organization"}}]},"og:locale":"es_ES","og:site_name":"Contadores P\u00fablicos - Portal para Contadores P\u00fablicos y empresarios","og:type":"article","og:title":"Implementaci\u00f3n de la factura del impuesto sobre la renta y complementarios \u2013 Resoluci\u00f3n 1212 agosto 05 2022 DIAN - Contadores P\u00fablicos","og:description":"Resoluci\u00f3n 1212 de agosto 05 de 2022 DIAN, por la cual se reglamenta la determinaci\u00f3n oficial del impuesto sobre la renta y complementarios mediante facturaci\u00f3n. \u00bfQu\u00e9 es la factura del impuesto sobre la renta y complementarios? La factura del impuesto sobre la renta y complementarios de que trata el art\u00edculo 616-5 del Estatuto Tributario, corresponde","og:url":"https:\/\/contadoreshoy.com\/?p=14011","og:image":"https:\/\/contadoreshoy.com\/wp-content\/uploads\/2024\/01\/cropped-cropped-cropped-Copia-de-M.jpg","og:image:secure_url":"https:\/\/contadoreshoy.com\/wp-content\/uploads\/2024\/01\/cropped-cropped-cropped-Copia-de-M.jpg","og:image:width":512,"og:image:height":371,"article:published_time":"2022-08-22T02:38:47+00:00","article:modified_time":"2022-08-22T03:34:50+00:00","twitter:card":"summary_large_image","twitter:title":"Implementaci\u00f3n de la factura del impuesto sobre la renta y complementarios \u2013 Resoluci\u00f3n 1212 agosto 05 2022 DIAN - Contadores P\u00fablicos","twitter:description":"Resoluci\u00f3n 1212 de agosto 05 de 2022 DIAN, por la cual se reglamenta la determinaci\u00f3n oficial del impuesto sobre la renta y complementarios mediante facturaci\u00f3n. \u00bfQu\u00e9 es la factura del impuesto sobre la renta y complementarios? La factura del impuesto sobre la renta y complementarios de que trata el art\u00edculo 616-5 del Estatuto Tributario, corresponde","twitter:image":"https:\/\/contadoreshoy.com\/wp-content\/uploads\/2024\/01\/cropped-cropped-cropped-Copia-de-M.jpg"},"aioseo_meta_data":{"post_id":"14011","title":null,"description":null,"keywords":null,"keyphrases":null,"primary_term":null,"canonical_url":null,"og_title":null,"og_description":null,"og_object_type":"default","og_image_type":"default","og_image_url":null,"og_image_width":null,"og_image_height":null,"og_image_custom_url":null,"og_image_custom_fields":null,"og_video":null,"og_custom_url":null,"og_article_section":null,"og_article_tags":null,"twitter_use_og":false,"twitter_card":"default","twitter_image_type":"default","twitter_image_url":null,"twitter_image_custom_url":null,"twitter_image_custom_fields":null,"twitter_title":null,"twitter_description":null,"schema":{"blockGraphs":[],"customGraphs":[],"default":{"data":{"Article":[],"Course":[],"Dataset":[],"FAQPage":[],"Movie":[],"Person":[],"Product":[],"ProductReview":[],"Car":[],"Recipe":[],"Service":[],"SoftwareApplication":[],"WebPage":[]},"graphName":"","isEnabled":true},"graphs":[]},"schema_type":"default","schema_type_options":null,"pillar_content":false,"robots_default":true,"robots_noindex":false,"robots_noarchive":false,"robots_nosnippet":false,"robots_nofollow":false,"robots_noimageindex":false,"robots_noodp":false,"robots_notranslate":false,"robots_max_snippet":null,"robots_max_videopreview":null,"robots_max_imagepreview":"large","priority":null,"frequency":null,"local_seo":null,"breadcrumb_settings":null,"limit_modified_date":false,"ai":null,"created":"2024-03-05 02:40:39","updated":"2026-03-03 05:43:24","seo_analyzer_scan_date":null,"focus_keyword":null,"additional_keywords":null,"truseo_locale":null},"aioseo_breadcrumb":"<div class=\"aioseo-breadcrumbs\"><span class=\"aioseo-breadcrumb\">\n\t\t\t<a href=\"https:\/\/contadoreshoy.com\" title=\"Home\">Home<\/a>\n\t\t<\/span><span class=\"aioseo-breadcrumb-separator\">&raquo;<\/span><span class=\"aioseo-breadcrumb\">\n\t\t\t<a href=\"https:\/\/contadoreshoy.com\/?cat=1\" title=\"Uncategorized\">Uncategorized<\/a>\n\t\t<\/span><span class=\"aioseo-breadcrumb-separator\">&raquo;<\/span><span class=\"aioseo-breadcrumb\">\n\t\t\tImplementaci\u00f3n de la factura del impuesto sobre la renta y complementarios \u2013 Resoluci\u00f3n 1212 agosto 05 2022 DIAN\n\t\t<\/span><\/div>","aioseo_breadcrumb_json":[{"label":"Home","link":"https:\/\/contadoreshoy.com"},{"label":"Uncategorized","link":"https:\/\/contadoreshoy.com\/?cat=1"},{"label":"Implementaci\u00f3n de la factura del impuesto sobre la renta y complementarios &#8211; Resoluci\u00f3n 1212 agosto 05 2022 DIAN","link":"https:\/\/contadoreshoy.com\/?p=14011"}],"yoast_head":"<!-- This site is optimized with the Yoast SEO plugin v28.4 - https:\/\/yoast.com\/product\/yoast-seo-wordpress\/ -->\n<title>Implementaci\u00f3n de la factura del impuesto sobre la renta y complementarios - Resoluci\u00f3n 1212 agosto 05 2022 DIAN - Contadores P\u00fablicos<\/title>\n<meta name=\"robots\" content=\"index, follow, max-snippet:-1, max-image-preview:large, max-video-preview:-1\" \/>\n<link rel=\"canonical\" href=\"https:\/\/contadoreshoy.com\/?p=14011\" \/>\n<meta property=\"og:locale\" content=\"es_ES\" \/>\n<meta property=\"og:type\" content=\"article\" \/>\n<meta property=\"og:title\" content=\"Implementaci\u00f3n de la factura del impuesto sobre la renta y complementarios - Resoluci\u00f3n 1212 agosto 05 2022 DIAN - Contadores P\u00fablicos\" \/>\n<meta property=\"og:url\" content=\"https:\/\/contadoreshoy.com\/?p=14011\" \/>\n<meta property=\"og:site_name\" content=\"Contadores P\u00fablicos\" \/>\n<meta property=\"article:publisher\" content=\"https:\/\/www.facebook.com\/CCCPBucaramanga\/\" \/>\n<meta property=\"article:published_time\" content=\"2022-08-22T02:38:47+00:00\" \/>\n<meta property=\"article:modified_time\" content=\"2022-08-22T03:34:50+00:00\" \/>\n<meta property=\"og:image\" content=\"https:\/\/contadoreshoy.com\/wp-content\/uploads\/2022\/08\/FACTURACION-DIAN-2.png\" \/>\n\t<meta property=\"og:image:width\" content=\"2997\" \/>\n\t<meta property=\"og:image:height\" content=\"1223\" \/>\n\t<meta property=\"og:image:type\" content=\"image\/png\" \/>\n<meta name=\"author\" content=\"Miguel Antonio M\u00e1rquez Monta\u00f1ez\" \/>\n<meta name=\"twitter:card\" content=\"summary_large_image\" \/>\n<meta name=\"twitter:label1\" content=\"Escrito por\" \/>\n\t<meta name=\"twitter:data1\" content=\"Miguel Antonio M\u00e1rquez Monta\u00f1ez\" \/>\n\t<meta name=\"twitter:label2\" content=\"Tiempo de lectura\" \/>\n\t<meta name=\"twitter:data2\" content=\"3 minutos\" \/>\n<script type=\"application\/ld+json\" class=\"yoast-schema-graph\">{\"@context\":\"https:\\\/\\\/schema.org\",\"@graph\":[{\"@type\":\"Article\",\"@id\":\"https:\\\/\\\/contadoreshoy.com\\\/?p=14011#article\",\"isPartOf\":{\"@id\":\"https:\\\/\\\/contadoreshoy.com\\\/?p=14011\"},\"author\":{\"name\":\"Miguel Antonio M\u00e1rquez Monta\u00f1ez\",\"@id\":\"https:\\\/\\\/contadoreshoy.com\\\/#\\\/schema\\\/person\\\/96d8979cb865537c5dc9345e40089fc5\"},\"headline\":\"Implementaci\u00f3n de la factura del impuesto sobre la renta y complementarios &#8211; Resoluci\u00f3n 1212 agosto 05 2022 DIAN\",\"datePublished\":\"2022-08-22T02:38:47+00:00\",\"dateModified\":\"2022-08-22T03:34:50+00:00\",\"mainEntityOfPage\":{\"@id\":\"https:\\\/\\\/contadoreshoy.com\\\/?p=14011\"},\"wordCount\":608,\"commentCount\":0,\"publisher\":{\"@id\":\"https:\\\/\\\/contadoreshoy.com\\\/#organization\"},\"image\":{\"@id\":\"https:\\\/\\\/contadoreshoy.com\\\/?p=14011#primaryimage\"},\"thumbnailUrl\":\"https:\\\/\\\/contadoreshoy.com\\\/wp-content\\\/uploads\\\/2022\\\/08\\\/FACTURACION-DIAN-2-scaled.png\",\"articleSection\":{\"1\":\"Ultimas Noticias\",\"2\":\"Uncategorized\"},\"inLanguage\":\"es\",\"potentialAction\":[{\"@type\":\"CommentAction\",\"name\":\"Comment\",\"target\":[\"https:\\\/\\\/contadoreshoy.com\\\/?p=14011#respond\"]}]},{\"@type\":\"WebPage\",\"@id\":\"https:\\\/\\\/contadoreshoy.com\\\/?p=14011\",\"url\":\"https:\\\/\\\/contadoreshoy.com\\\/?p=14011\",\"name\":\"Implementaci\u00f3n de la factura del impuesto sobre la renta y complementarios - Resoluci\u00f3n 1212 agosto 05 2022 DIAN - Contadores P\u00fablicos\",\"isPartOf\":{\"@id\":\"https:\\\/\\\/contadoreshoy.com\\\/#website\"},\"primaryImageOfPage\":{\"@id\":\"https:\\\/\\\/contadoreshoy.com\\\/?p=14011#primaryimage\"},\"image\":{\"@id\":\"https:\\\/\\\/contadoreshoy.com\\\/?p=14011#primaryimage\"},\"thumbnailUrl\":\"https:\\\/\\\/contadoreshoy.com\\\/wp-content\\\/uploads\\\/2022\\\/08\\\/FACTURACION-DIAN-2-scaled.png\",\"datePublished\":\"2022-08-22T02:38:47+00:00\",\"dateModified\":\"2022-08-22T03:34:50+00:00\",\"breadcrumb\":{\"@id\":\"https:\\\/\\\/contadoreshoy.com\\\/?p=14011#breadcrumb\"},\"inLanguage\":\"es\",\"potentialAction\":[{\"@type\":\"ReadAction\",\"target\":[\"https:\\\/\\\/contadoreshoy.com\\\/?p=14011\"]}]},{\"@type\":\"ImageObject\",\"inLanguage\":\"es\",\"@id\":\"https:\\\/\\\/contadoreshoy.com\\\/?p=14011#primaryimage\",\"url\":\"https:\\\/\\\/contadoreshoy.com\\\/wp-content\\\/uploads\\\/2022\\\/08\\\/FACTURACION-DIAN-2-scaled.png\",\"contentUrl\":\"https:\\\/\\\/contadoreshoy.com\\\/wp-content\\\/uploads\\\/2022\\\/08\\\/FACTURACION-DIAN-2-scaled.png\",\"width\":2560,\"height\":1045},{\"@type\":\"BreadcrumbList\",\"@id\":\"https:\\\/\\\/contadoreshoy.com\\\/?p=14011#breadcrumb\",\"itemListElement\":[{\"@type\":\"ListItem\",\"position\":1,\"name\":\"Portada\",\"item\":\"https:\\\/\\\/contadoreshoy.com\\\/\"},{\"@type\":\"ListItem\",\"position\":2,\"name\":\"Implementaci\u00f3n de la factura del impuesto sobre la renta y complementarios &#8211; Resoluci\u00f3n 1212 agosto 05 2022 DIAN\"}]},{\"@type\":\"WebSite\",\"@id\":\"https:\\\/\\\/contadoreshoy.com\\\/#website\",\"url\":\"https:\\\/\\\/contadoreshoy.com\\\/\",\"name\":\"Contadorespublicossantander\",\"description\":\"Portal para Contadores P\u00fablicos y empresarios\",\"publisher\":{\"@id\":\"https:\\\/\\\/contadoreshoy.com\\\/#organization\"},\"potentialAction\":[{\"@type\":\"SearchAction\",\"target\":{\"@type\":\"EntryPoint\",\"urlTemplate\":\"https:\\\/\\\/contadoreshoy.com\\\/?s={search_term_string}\"},\"query-input\":{\"@type\":\"PropertyValueSpecification\",\"valueRequired\":true,\"valueName\":\"search_term_string\"}}],\"inLanguage\":\"es\"},{\"@type\":\"Organization\",\"@id\":\"https:\\\/\\\/contadoreshoy.com\\\/#organization\",\"name\":\"Contadores P\u00fablicos de Santander\",\"url\":\"https:\\\/\\\/contadoreshoy.com\\\/\",\"logo\":{\"@type\":\"ImageObject\",\"inLanguage\":\"es\",\"@id\":\"https:\\\/\\\/contadoreshoy.com\\\/#\\\/schema\\\/logo\\\/image\\\/\",\"url\":\"https:\\\/\\\/contadoreshoy.com\\\/wp-content\\\/uploads\\\/2024\\\/01\\\/cropped-cropped-Copia-de-M-1.jpg\",\"contentUrl\":\"https:\\\/\\\/contadoreshoy.com\\\/wp-content\\\/uploads\\\/2024\\\/01\\\/cropped-cropped-Copia-de-M-1.jpg\",\"width\":499,\"height\":500,\"caption\":\"Contadores P\u00fablicos de Santander\"},\"image\":{\"@id\":\"https:\\\/\\\/contadoreshoy.com\\\/#\\\/schema\\\/logo\\\/image\\\/\"},\"sameAs\":[\"https:\\\/\\\/www.facebook.com\\\/CCCPBucaramanga\\\/\"]},{\"@type\":\"Person\",\"@id\":\"https:\\\/\\\/contadoreshoy.com\\\/#\\\/schema\\\/person\\\/96d8979cb865537c5dc9345e40089fc5\",\"name\":\"Miguel Antonio M\u00e1rquez Monta\u00f1ez\",\"description\":\"Contador P\u00fablico egresado de la Universidad Aut\u00f3noma de Bucaramanga - Asesor contable tributario con m\u00e1s de 25 a\u00f1os de experiencia - Conferencista en temas contables y tributarios - T\u00e9cnico en Hardware y Dise\u00f1o Web - Creador y director Grupo de Estudio Colegio Colombiano de Contadores P\u00fablicos de Bucaramanga - Creador y Master Web p\u00e1gina www.contadoresp\u00fablicossantander.com - Expresidente Colegio Colombiano de Contadores P\u00fablicos Bucaramanga\",\"url\":\"https:\\\/\\\/contadoreshoy.com\\\/?author=1\"}]}<\/script>\n<!-- \/ Yoast SEO plugin. -->","yoast_head_json":{"title":"Implementaci\u00f3n de la factura del impuesto sobre la renta y complementarios - Resoluci\u00f3n 1212 agosto 05 2022 DIAN - Contadores P\u00fablicos","robots":{"index":"index","follow":"follow","max-snippet":"max-snippet:-1","max-image-preview":"max-image-preview:large","max-video-preview":"max-video-preview:-1"},"canonical":"https:\/\/contadoreshoy.com\/?p=14011","og_locale":"es_ES","og_type":"article","og_title":"Implementaci\u00f3n de la factura del impuesto sobre la renta y complementarios - Resoluci\u00f3n 1212 agosto 05 2022 DIAN - Contadores P\u00fablicos","og_url":"https:\/\/contadoreshoy.com\/?p=14011","og_site_name":"Contadores P\u00fablicos","article_publisher":"https:\/\/www.facebook.com\/CCCPBucaramanga\/","article_published_time":"2022-08-22T02:38:47+00:00","article_modified_time":"2022-08-22T03:34:50+00:00","og_image":[{"width":2997,"height":1223,"url":"https:\/\/contadoreshoy.com\/wp-content\/uploads\/2022\/08\/FACTURACION-DIAN-2.png","type":"image\/png"}],"author":"Miguel Antonio M\u00e1rquez Monta\u00f1ez","twitter_card":"summary_large_image","twitter_misc":{"Escrito por":"Miguel Antonio M\u00e1rquez Monta\u00f1ez","Tiempo de lectura":"3 minutos"},"schema":{"@context":"https:\/\/schema.org","@graph":[{"@type":"Article","@id":"https:\/\/contadoreshoy.com\/?p=14011#article","isPartOf":{"@id":"https:\/\/contadoreshoy.com\/?p=14011"},"author":{"name":"Miguel Antonio M\u00e1rquez Monta\u00f1ez","@id":"https:\/\/contadoreshoy.com\/#\/schema\/person\/96d8979cb865537c5dc9345e40089fc5"},"headline":"Implementaci\u00f3n de la factura del impuesto sobre la renta y complementarios &#8211; Resoluci\u00f3n 1212 agosto 05 2022 DIAN","datePublished":"2022-08-22T02:38:47+00:00","dateModified":"2022-08-22T03:34:50+00:00","mainEntityOfPage":{"@id":"https:\/\/contadoreshoy.com\/?p=14011"},"wordCount":608,"commentCount":0,"publisher":{"@id":"https:\/\/contadoreshoy.com\/#organization"},"image":{"@id":"https:\/\/contadoreshoy.com\/?p=14011#primaryimage"},"thumbnailUrl":"https:\/\/contadoreshoy.com\/wp-content\/uploads\/2022\/08\/FACTURACION-DIAN-2-scaled.png","articleSection":{"1":"Ultimas Noticias","2":"Uncategorized"},"inLanguage":"es","potentialAction":[{"@type":"CommentAction","name":"Comment","target":["https:\/\/contadoreshoy.com\/?p=14011#respond"]}]},{"@type":"WebPage","@id":"https:\/\/contadoreshoy.com\/?p=14011","url":"https:\/\/contadoreshoy.com\/?p=14011","name":"Implementaci\u00f3n de la factura del impuesto sobre la renta y complementarios - Resoluci\u00f3n 1212 agosto 05 2022 DIAN - Contadores P\u00fablicos","isPartOf":{"@id":"https:\/\/contadoreshoy.com\/#website"},"primaryImageOfPage":{"@id":"https:\/\/contadoreshoy.com\/?p=14011#primaryimage"},"image":{"@id":"https:\/\/contadoreshoy.com\/?p=14011#primaryimage"},"thumbnailUrl":"https:\/\/contadoreshoy.com\/wp-content\/uploads\/2022\/08\/FACTURACION-DIAN-2-scaled.png","datePublished":"2022-08-22T02:38:47+00:00","dateModified":"2022-08-22T03:34:50+00:00","breadcrumb":{"@id":"https:\/\/contadoreshoy.com\/?p=14011#breadcrumb"},"inLanguage":"es","potentialAction":[{"@type":"ReadAction","target":["https:\/\/contadoreshoy.com\/?p=14011"]}]},{"@type":"ImageObject","inLanguage":"es","@id":"https:\/\/contadoreshoy.com\/?p=14011#primaryimage","url":"https:\/\/contadoreshoy.com\/wp-content\/uploads\/2022\/08\/FACTURACION-DIAN-2-scaled.png","contentUrl":"https:\/\/contadoreshoy.com\/wp-content\/uploads\/2022\/08\/FACTURACION-DIAN-2-scaled.png","width":2560,"height":1045},{"@type":"BreadcrumbList","@id":"https:\/\/contadoreshoy.com\/?p=14011#breadcrumb","itemListElement":[{"@type":"ListItem","position":1,"name":"Portada","item":"https:\/\/contadoreshoy.com\/"},{"@type":"ListItem","position":2,"name":"Implementaci\u00f3n de la factura del impuesto sobre la renta y complementarios &#8211; Resoluci\u00f3n 1212 agosto 05 2022 DIAN"}]},{"@type":"WebSite","@id":"https:\/\/contadoreshoy.com\/#website","url":"https:\/\/contadoreshoy.com\/","name":"Contadorespublicossantander","description":"Portal para Contadores P\u00fablicos y empresarios","publisher":{"@id":"https:\/\/contadoreshoy.com\/#organization"},"potentialAction":[{"@type":"SearchAction","target":{"@type":"EntryPoint","urlTemplate":"https:\/\/contadoreshoy.com\/?s={search_term_string}"},"query-input":{"@type":"PropertyValueSpecification","valueRequired":true,"valueName":"search_term_string"}}],"inLanguage":"es"},{"@type":"Organization","@id":"https:\/\/contadoreshoy.com\/#organization","name":"Contadores P\u00fablicos de Santander","url":"https:\/\/contadoreshoy.com\/","logo":{"@type":"ImageObject","inLanguage":"es","@id":"https:\/\/contadoreshoy.com\/#\/schema\/logo\/image\/","url":"https:\/\/contadoreshoy.com\/wp-content\/uploads\/2024\/01\/cropped-cropped-Copia-de-M-1.jpg","contentUrl":"https:\/\/contadoreshoy.com\/wp-content\/uploads\/2024\/01\/cropped-cropped-Copia-de-M-1.jpg","width":499,"height":500,"caption":"Contadores P\u00fablicos de Santander"},"image":{"@id":"https:\/\/contadoreshoy.com\/#\/schema\/logo\/image\/"},"sameAs":["https:\/\/www.facebook.com\/CCCPBucaramanga\/"]},{"@type":"Person","@id":"https:\/\/contadoreshoy.com\/#\/schema\/person\/96d8979cb865537c5dc9345e40089fc5","name":"Miguel Antonio M\u00e1rquez Monta\u00f1ez","description":"Contador P\u00fablico egresado de la Universidad Aut\u00f3noma de Bucaramanga - Asesor contable tributario con m\u00e1s de 25 a\u00f1os de experiencia - Conferencista en temas contables y tributarios - T\u00e9cnico en Hardware y Dise\u00f1o Web - Creador y director Grupo de Estudio Colegio Colombiano de Contadores P\u00fablicos de Bucaramanga - Creador y Master Web p\u00e1gina www.contadoresp\u00fablicossantander.com - Expresidente Colegio Colombiano de Contadores P\u00fablicos Bucaramanga","url":"https:\/\/contadoreshoy.com\/?author=1"}]}},"_links":{"self":[{"href":"https:\/\/contadoreshoy.com\/index.php?rest_route=\/wp\/v2\/posts\/14011","targetHints":{"allow":["GET"]}}],"collection":[{"href":"https:\/\/contadoreshoy.com\/index.php?rest_route=\/wp\/v2\/posts"}],"about":[{"href":"https:\/\/contadoreshoy.com\/index.php?rest_route=\/wp\/v2\/types\/post"}],"author":[{"embeddable":true,"href":"https:\/\/contadoreshoy.com\/index.php?rest_route=\/wp\/v2\/users\/1"}],"replies":[{"embeddable":true,"href":"https:\/\/contadoreshoy.com\/index.php?rest_route=%2Fwp%2Fv2%2Fcomments&post=14011"}],"version-history":[{"count":3,"href":"https:\/\/contadoreshoy.com\/index.php?rest_route=\/wp\/v2\/posts\/14011\/revisions"}],"predecessor-version":[{"id":14016,"href":"https:\/\/contadoreshoy.com\/index.php?rest_route=\/wp\/v2\/posts\/14011\/revisions\/14016"}],"wp:featuredmedia":[{"embeddable":true,"href":"https:\/\/contadoreshoy.com\/index.php?rest_route=\/wp\/v2\/media\/14017"}],"wp:attachment":[{"href":"https:\/\/contadoreshoy.com\/index.php?rest_route=%2Fwp%2Fv2%2Fmedia&parent=14011"}],"wp:term":[{"taxonomy":"category","embeddable":true,"href":"https:\/\/contadoreshoy.com\/index.php?rest_route=%2Fwp%2Fv2%2Fcategories&post=14011"},{"taxonomy":"post_tag","embeddable":true,"href":"https:\/\/contadoreshoy.com\/index.php?rest_route=%2Fwp%2Fv2%2Ftags&post=14011"}],"curies":[{"name":"wp","href":"https:\/\/api.w.org\/{rel}","templated":true}]}}