{"id":14066,"date":"2022-12-15T23:11:31","date_gmt":"2022-12-16T04:11:31","guid":{"rendered":"https:\/\/contadoreshoy.com\/?p=14066"},"modified":"2023-01-01T19:50:00","modified_gmt":"2023-01-02T00:50:00","slug":"salario-minimo-y-auxilio-de-transporte-ano-2023","status":"publish","type":"post","link":"https:\/\/contadoreshoy.com\/?p=14066","title":{"rendered":"Salario m\u00ednimo y auxilio de transporte a\u00f1o 2023"},"content":{"rendered":"\n<p><img loading=\"lazy\" decoding=\"async\" class=\"aligncenter wp-image-12962 size-large\" src=\"https:\/\/contadoreshoy.com\/wp-content\/uploads\/2020\/12\/Salario-m\u00ednimo-legal-mensual-1240x698.png\" alt=\"\" width=\"1240\" height=\"698\" srcset=\"https:\/\/contadoreshoy.com\/wp-content\/uploads\/2020\/12\/Salario-m\u00ednimo-legal-mensual-1240x698.png 1240w, https:\/\/contadoreshoy.com\/wp-content\/uploads\/2020\/12\/Salario-m\u00ednimo-legal-mensual-600x338.png 600w, https:\/\/contadoreshoy.com\/wp-content\/uploads\/2020\/12\/Salario-m\u00ednimo-legal-mensual-768x432.png 768w, https:\/\/contadoreshoy.com\/wp-content\/uploads\/2020\/12\/Salario-m\u00ednimo-legal-mensual.png 2000w\" sizes=\"auto, (max-width: 1240px) 100vw, 1240px\" \/><\/p>\n<p style=\"text-align: justify;\"><strong>El <a href=\"https:\/\/contadoreshoy.com\/wp-content\/uploads\/2023\/01\/DECRETO-2613-DEL-28-DE-DICIEMBRE-DE-2022.pd-SALARIO-MINIMO-2023.pdf\" target=\"_blank\" rel=\"noopener\">Decreto 2613 de diciembre 28 de 2023<\/a>, establece el salario m\u00ednimo para el a\u00f1o 2023 en $1.160.000 (incremento del 16%), y el <a href=\"https:\/\/contadoreshoy.com\/wp-content\/uploads\/2023\/01\/DECRETO-2614-DEL-28-DE-DICIEMBRE-DE-2022.pd-AUXILIO-TRANSPORTE-2023.pdf\" target=\"_blank\" rel=\"noopener\">Decreto 2614 de diciembre 28 de 2023<\/a>, fija el subsidio de transporte para el a\u00f1o 2023 en $140.606 (incremento del 20%).<\/strong><\/p>\n<p style=\"text-align: justify;\"><strong>Salario m\u00ednimo legal&nbsp; a\u00f1o 2023&nbsp; &nbsp; &nbsp; &nbsp; &nbsp; &nbsp; &nbsp; &nbsp; &nbsp; &nbsp; &nbsp; &nbsp; &nbsp; &nbsp; &nbsp; &nbsp; &nbsp; $1.160.000<\/strong><\/p>\n<p style=\"text-align: justify;\"><strong>Subsidio de transporte a\u00f1o 2023&nbsp; &nbsp; &nbsp; &nbsp; &nbsp; &nbsp; &nbsp; &nbsp; &nbsp; &nbsp; &nbsp; &nbsp; &nbsp; &nbsp; &nbsp; $&nbsp; &nbsp;140.606<\/strong><\/p>\n<p style=\"text-align: justify;\"><strong><a href=\"https:\/\/contadoreshoy.com\/wp-content\/uploads\/2023\/01\/DECRETO-2613-DEL-28-DE-DICIEMBRE-DE-2022.pd-SALARIO-MINIMO-2023.pdf\" target=\"_blank\" rel=\"noopener\">Para descargar Decreto 2613 de diciembre 28 de 2022, dar clic en este enlace<\/a><\/strong><\/p>\n<p style=\"text-align: justify;\"><a href=\"https:\/\/contadoreshoy.com\/wp-content\/uploads\/2023\/01\/DECRETO-2614-DEL-28-DE-DICIEMBRE-DE-2022.pd-AUXILIO-TRANSPORTE-2023.pdf\" target=\"_blank\" rel=\"noopener\"><strong>Para descargar Decreto 2614 de diciembre 28 de 2022, dar clic en este enlace&nbsp;<\/strong><\/a><\/p>\n","protected":false},"excerpt":{"rendered":"","protected":false},"author":1,"featured_media":12962,"comment_status":"open","ping_status":"open","sticky":false,"template":"","format":"standard","meta":{"_monsterinsights_skip_tracking":false,"ngg_post_thumbnail":0,"footnotes":"","_links_to":"","_links_to_target":""},"categories":[454,458,1],"tags":[],"class_list":["post-14066","post","type-post","status-publish","format-standard","has-post-thumbnail","hentry","category-sin-categoria","category-ultimas","category-uncategorized"],"aioseo_notices":[],"aioseo_head":"\n\t\t<!-- All in One SEO 5.0.1.1 - aioseo.com -->\n\t<meta name=\"description\" content=\"El Decreto 2613 de diciembre 28 de 2023, establece el salario m\u00ednimo para el a\u00f1o 2023 en $1.160.000 (incremento del 16%), y el Decreto 2614 de diciembre 28 de 2023, fija el subsidio de transporte para el a\u00f1o 2023 en $140.606 (incremento del 20%). Salario m\u00ednimo legal a\u00f1o 2023\" \/>\n\t<meta name=\"robots\" content=\"max-image-preview:large\" \/>\n\t<meta name=\"author\" content=\"Miguel Antonio M\u00e1rquez Monta\u00f1ez\"\/>\n\t<link rel=\"canonical\" href=\"https:\/\/contadoreshoy.com\/?p=14066\" \/>\n\t<meta name=\"generator\" content=\"All in One SEO (AIOSEO) 5.0.1.1\" \/>\n\t\t<meta property=\"og:locale\" content=\"es_ES\" \/>\n\t\t<meta property=\"og:site_name\" content=\"Contadores P\u00fablicos - Portal para Contadores P\u00fablicos y empresarios\" \/>\n\t\t<meta property=\"og:type\" content=\"article\" \/>\n\t\t<meta property=\"og:title\" content=\"Salario m\u00ednimo y auxilio de transporte a\u00f1o 2023 - Contadores P\u00fablicos\" \/>\n\t\t<meta property=\"og:description\" content=\"El Decreto 2613 de diciembre 28 de 2023, establece el salario m\u00ednimo para el a\u00f1o 2023 en $1.160.000 (incremento del 16%), y el Decreto 2614 de diciembre 28 de 2023, fija el subsidio de transporte para el a\u00f1o 2023 en $140.606 (incremento del 20%). Salario m\u00ednimo legal a\u00f1o 2023\" \/>\n\t\t<meta property=\"og:url\" content=\"https:\/\/contadoreshoy.com\/?p=14066\" \/>\n\t\t<meta property=\"og:image\" content=\"https:\/\/contadoreshoy.com\/wp-content\/uploads\/2024\/01\/cropped-cropped-cropped-Copia-de-M.jpg\" \/>\n\t\t<meta property=\"og:image:secure_url\" content=\"https:\/\/contadoreshoy.com\/wp-content\/uploads\/2024\/01\/cropped-cropped-cropped-Copia-de-M.jpg\" \/>\n\t\t<meta property=\"og:image:width\" content=\"512\" \/>\n\t\t<meta property=\"og:image:height\" content=\"371\" \/>\n\t\t<meta property=\"article:published_time\" content=\"2022-12-16T04:11:31+00:00\" \/>\n\t\t<meta property=\"article:modified_time\" content=\"2023-01-02T00:50:00+00:00\" \/>\n\t\t<meta name=\"twitter:card\" content=\"summary_large_image\" \/>\n\t\t<meta name=\"twitter:title\" content=\"Salario m\u00ednimo y auxilio de transporte a\u00f1o 2023 - Contadores P\u00fablicos\" \/>\n\t\t<meta name=\"twitter:description\" content=\"El Decreto 2613 de diciembre 28 de 2023, establece el salario m\u00ednimo para el a\u00f1o 2023 en $1.160.000 (incremento del 16%), y el Decreto 2614 de diciembre 28 de 2023, fija el subsidio de transporte para el a\u00f1o 2023 en $140.606 (incremento del 20%). Salario m\u00ednimo legal a\u00f1o 2023\" \/>\n\t\t<meta name=\"twitter:image\" content=\"https:\/\/contadoreshoy.com\/wp-content\/uploads\/2024\/01\/cropped-cropped-cropped-Copia-de-M.jpg\" \/>\n\t\t<script type=\"application\/ld+json\" class=\"aioseo-schema\">\n\t\t\t{\"@context\":\"https:\\\/\\\/schema.org\",\"@graph\":[{\"@type\":\"BlogPosting\",\"@id\":\"https:\\\/\\\/contadoreshoy.com\\\/?p=14066#blogposting\",\"name\":\"Salario m\\u00ednimo y auxilio de transporte a\\u00f1o 2023 - Contadores P\\u00fablicos\",\"headline\":\"Salario m\\u00ednimo y auxilio de transporte a\\u00f1o 2023\",\"author\":{\"@id\":\"https:\\\/\\\/contadoreshoy.com\\\/?author=1#author\"},\"publisher\":{\"@id\":\"https:\\\/\\\/contadoreshoy.com\\\/#organization\"},\"image\":{\"@type\":\"ImageObject\",\"url\":\"https:\\\/\\\/contadoreshoy.com\\\/wp-content\\\/uploads\\\/2020\\\/12\\\/Salario-m\\u00ednimo-legal-mensual.png\",\"width\":2000,\"height\":1125},\"datePublished\":\"2022-12-15T23:11:31-05:00\",\"dateModified\":\"2023-01-01T19:50:00-05:00\",\"inLanguage\":\"es-ES\",\"mainEntityOfPage\":{\"@id\":\"https:\\\/\\\/contadoreshoy.com\\\/?p=14066#webpage\"},\"isPartOf\":{\"@id\":\"https:\\\/\\\/contadoreshoy.com\\\/?p=14066#webpage\"},\"articleSection\":\"Sin categor\\u00eda, Ultimas Noticias, Uncategorized\"},{\"@type\":\"BreadcrumbList\",\"@id\":\"https:\\\/\\\/contadoreshoy.com\\\/?p=14066#breadcrumblist\",\"itemListElement\":[{\"@type\":\"ListItem\",\"@id\":\"https:\\\/\\\/contadoreshoy.com#listItem\",\"position\":1,\"name\":\"Home\",\"item\":\"https:\\\/\\\/contadoreshoy.com\",\"nextItem\":{\"@type\":\"ListItem\",\"@id\":\"https:\\\/\\\/contadoreshoy.com\\\/?cat=1#listItem\",\"name\":\"Uncategorized\"}},{\"@type\":\"ListItem\",\"@id\":\"https:\\\/\\\/contadoreshoy.com\\\/?cat=1#listItem\",\"position\":2,\"name\":\"Uncategorized\",\"item\":\"https:\\\/\\\/contadoreshoy.com\\\/?cat=1\",\"nextItem\":{\"@type\":\"ListItem\",\"@id\":\"https:\\\/\\\/contadoreshoy.com\\\/?p=14066#listItem\",\"name\":\"Salario m\\u00ednimo y auxilio de transporte a\\u00f1o 2023\"},\"previousItem\":{\"@type\":\"ListItem\",\"@id\":\"https:\\\/\\\/contadoreshoy.com#listItem\",\"name\":\"Home\"}},{\"@type\":\"ListItem\",\"@id\":\"https:\\\/\\\/contadoreshoy.com\\\/?p=14066#listItem\",\"position\":3,\"name\":\"Salario m\\u00ednimo y auxilio de transporte a\\u00f1o 2023\",\"previousItem\":{\"@type\":\"ListItem\",\"@id\":\"https:\\\/\\\/contadoreshoy.com\\\/?cat=1#listItem\",\"name\":\"Uncategorized\"}}]},{\"@type\":\"Organization\",\"@id\":\"https:\\\/\\\/contadoreshoy.com\\\/#organization\",\"name\":\"Contadores P\\u00fablicos\",\"description\":\"Portal para Contadores P\\u00fablicos y empresarios\",\"url\":\"https:\\\/\\\/contadoreshoy.com\\\/\",\"logo\":{\"@type\":\"ImageObject\",\"url\":\"https:\\\/\\\/contadoreshoy.com\\\/wp-content\\\/uploads\\\/2024\\\/01\\\/cropped-cropped-Copia-de-M-1.jpg\",\"@id\":\"https:\\\/\\\/contadoreshoy.com\\\/?p=14066\\\/#organizationLogo\",\"width\":499,\"height\":500},\"image\":{\"@id\":\"https:\\\/\\\/contadoreshoy.com\\\/?p=14066\\\/#organizationLogo\"}},{\"@type\":\"Person\",\"@id\":\"https:\\\/\\\/contadoreshoy.com\\\/?author=1#author\",\"url\":\"https:\\\/\\\/contadoreshoy.com\\\/?author=1\",\"name\":\"Miguel Antonio M\\u00e1rquez Monta\\u00f1ez\"},{\"@type\":\"WebPage\",\"@id\":\"https:\\\/\\\/contadoreshoy.com\\\/?p=14066#webpage\",\"url\":\"https:\\\/\\\/contadoreshoy.com\\\/?p=14066\",\"name\":\"Salario m\\u00ednimo y auxilio de transporte a\\u00f1o 2023 - Contadores P\\u00fablicos\",\"description\":\"El Decreto 2613 de diciembre 28 de 2023, establece el salario m\\u00ednimo para el a\\u00f1o 2023 en $1.160.000 (incremento del 16%), y el Decreto 2614 de diciembre 28 de 2023, fija el subsidio de transporte para el a\\u00f1o 2023 en $140.606 (incremento del 20%). Salario m\\u00ednimo legal a\\u00f1o 2023\",\"inLanguage\":\"es-ES\",\"isPartOf\":{\"@id\":\"https:\\\/\\\/contadoreshoy.com\\\/#website\"},\"breadcrumb\":{\"@id\":\"https:\\\/\\\/contadoreshoy.com\\\/?p=14066#breadcrumblist\"},\"author\":{\"@id\":\"https:\\\/\\\/contadoreshoy.com\\\/?author=1#author\"},\"creator\":{\"@id\":\"https:\\\/\\\/contadoreshoy.com\\\/?author=1#author\"},\"image\":{\"@type\":\"ImageObject\",\"url\":\"https:\\\/\\\/contadoreshoy.com\\\/wp-content\\\/uploads\\\/2020\\\/12\\\/Salario-m\\u00ednimo-legal-mensual.png\",\"@id\":\"https:\\\/\\\/contadoreshoy.com\\\/?p=14066\\\/#mainImage\",\"width\":2000,\"height\":1125},\"primaryImageOfPage\":{\"@id\":\"https:\\\/\\\/contadoreshoy.com\\\/?p=14066#mainImage\"},\"datePublished\":\"2022-12-15T23:11:31-05:00\",\"dateModified\":\"2023-01-01T19:50:00-05:00\"},{\"@type\":\"WebSite\",\"@id\":\"https:\\\/\\\/contadoreshoy.com\\\/#website\",\"url\":\"https:\\\/\\\/contadoreshoy.com\\\/\",\"name\":\"Contadores P\\u00fablicos\",\"description\":\"Portal para Contadores P\\u00fablicos y empresarios\",\"inLanguage\":\"es-ES\",\"publisher\":{\"@id\":\"https:\\\/\\\/contadoreshoy.com\\\/#organization\"}}]}\n\t\t<\/script>\n\t\t<!-- All in One SEO -->\n\n","aioseo_head_json":{"title":"Salario m\u00ednimo y auxilio de transporte a\u00f1o 2023 - Contadores P\u00fablicos","description":"El Decreto 2613 de diciembre 28 de 2023, establece el salario m\u00ednimo para el a\u00f1o 2023 en $1.160.000 (incremento del 16%), y el Decreto 2614 de diciembre 28 de 2023, fija el subsidio de transporte para el a\u00f1o 2023 en $140.606 (incremento del 20%). Salario m\u00ednimo legal a\u00f1o 2023","canonical_url":"https:\/\/contadoreshoy.com\/?p=14066","robots":"max-image-preview:large","keywords":"","webmasterTools":{"miscellaneous":""},"schema":{"@context":"https:\/\/schema.org","@graph":[{"@type":"BlogPosting","@id":"https:\/\/contadoreshoy.com\/?p=14066#blogposting","name":"Salario m\u00ednimo y auxilio de transporte a\u00f1o 2023 - Contadores P\u00fablicos","headline":"Salario m\u00ednimo y auxilio de transporte a\u00f1o 2023","author":{"@id":"https:\/\/contadoreshoy.com\/?author=1#author"},"publisher":{"@id":"https:\/\/contadoreshoy.com\/#organization"},"image":{"@type":"ImageObject","url":"https:\/\/contadoreshoy.com\/wp-content\/uploads\/2020\/12\/Salario-m\u00ednimo-legal-mensual.png","width":2000,"height":1125},"datePublished":"2022-12-15T23:11:31-05:00","dateModified":"2023-01-01T19:50:00-05:00","inLanguage":"es-ES","mainEntityOfPage":{"@id":"https:\/\/contadoreshoy.com\/?p=14066#webpage"},"isPartOf":{"@id":"https:\/\/contadoreshoy.com\/?p=14066#webpage"},"articleSection":"Sin categor\u00eda, Ultimas Noticias, Uncategorized"},{"@type":"BreadcrumbList","@id":"https:\/\/contadoreshoy.com\/?p=14066#breadcrumblist","itemListElement":[{"@type":"ListItem","@id":"https:\/\/contadoreshoy.com#listItem","position":1,"name":"Home","item":"https:\/\/contadoreshoy.com","nextItem":{"@type":"ListItem","@id":"https:\/\/contadoreshoy.com\/?cat=1#listItem","name":"Uncategorized"}},{"@type":"ListItem","@id":"https:\/\/contadoreshoy.com\/?cat=1#listItem","position":2,"name":"Uncategorized","item":"https:\/\/contadoreshoy.com\/?cat=1","nextItem":{"@type":"ListItem","@id":"https:\/\/contadoreshoy.com\/?p=14066#listItem","name":"Salario m\u00ednimo y auxilio de transporte a\u00f1o 2023"},"previousItem":{"@type":"ListItem","@id":"https:\/\/contadoreshoy.com#listItem","name":"Home"}},{"@type":"ListItem","@id":"https:\/\/contadoreshoy.com\/?p=14066#listItem","position":3,"name":"Salario m\u00ednimo y auxilio de transporte a\u00f1o 2023","previousItem":{"@type":"ListItem","@id":"https:\/\/contadoreshoy.com\/?cat=1#listItem","name":"Uncategorized"}}]},{"@type":"Organization","@id":"https:\/\/contadoreshoy.com\/#organization","name":"Contadores P\u00fablicos","description":"Portal para Contadores P\u00fablicos y empresarios","url":"https:\/\/contadoreshoy.com\/","logo":{"@type":"ImageObject","url":"https:\/\/contadoreshoy.com\/wp-content\/uploads\/2024\/01\/cropped-cropped-Copia-de-M-1.jpg","@id":"https:\/\/contadoreshoy.com\/?p=14066\/#organizationLogo","width":499,"height":500},"image":{"@id":"https:\/\/contadoreshoy.com\/?p=14066\/#organizationLogo"}},{"@type":"Person","@id":"https:\/\/contadoreshoy.com\/?author=1#author","url":"https:\/\/contadoreshoy.com\/?author=1","name":"Miguel Antonio M\u00e1rquez Monta\u00f1ez"},{"@type":"WebPage","@id":"https:\/\/contadoreshoy.com\/?p=14066#webpage","url":"https:\/\/contadoreshoy.com\/?p=14066","name":"Salario m\u00ednimo y auxilio de transporte a\u00f1o 2023 - Contadores P\u00fablicos","description":"El Decreto 2613 de diciembre 28 de 2023, establece el salario m\u00ednimo para el a\u00f1o 2023 en $1.160.000 (incremento del 16%), y el Decreto 2614 de diciembre 28 de 2023, fija el subsidio de transporte para el a\u00f1o 2023 en $140.606 (incremento del 20%). Salario m\u00ednimo legal a\u00f1o 2023","inLanguage":"es-ES","isPartOf":{"@id":"https:\/\/contadoreshoy.com\/#website"},"breadcrumb":{"@id":"https:\/\/contadoreshoy.com\/?p=14066#breadcrumblist"},"author":{"@id":"https:\/\/contadoreshoy.com\/?author=1#author"},"creator":{"@id":"https:\/\/contadoreshoy.com\/?author=1#author"},"image":{"@type":"ImageObject","url":"https:\/\/contadoreshoy.com\/wp-content\/uploads\/2020\/12\/Salario-m\u00ednimo-legal-mensual.png","@id":"https:\/\/contadoreshoy.com\/?p=14066\/#mainImage","width":2000,"height":1125},"primaryImageOfPage":{"@id":"https:\/\/contadoreshoy.com\/?p=14066#mainImage"},"datePublished":"2022-12-15T23:11:31-05:00","dateModified":"2023-01-01T19:50:00-05:00"},{"@type":"WebSite","@id":"https:\/\/contadoreshoy.com\/#website","url":"https:\/\/contadoreshoy.com\/","name":"Contadores P\u00fablicos","description":"Portal para Contadores P\u00fablicos y empresarios","inLanguage":"es-ES","publisher":{"@id":"https:\/\/contadoreshoy.com\/#organization"}}]},"og:locale":"es_ES","og:site_name":"Contadores P\u00fablicos - Portal para Contadores P\u00fablicos y empresarios","og:type":"article","og:title":"Salario m\u00ednimo y auxilio de transporte a\u00f1o 2023 - Contadores P\u00fablicos","og:description":"El Decreto 2613 de diciembre 28 de 2023, establece el salario m\u00ednimo para el a\u00f1o 2023 en $1.160.000 (incremento del 16%), y el Decreto 2614 de diciembre 28 de 2023, fija el subsidio de transporte para el a\u00f1o 2023 en $140.606 (incremento del 20%). Salario m\u00ednimo legal a\u00f1o 2023","og:url":"https:\/\/contadoreshoy.com\/?p=14066","og:image":"https:\/\/contadoreshoy.com\/wp-content\/uploads\/2024\/01\/cropped-cropped-cropped-Copia-de-M.jpg","og:image:secure_url":"https:\/\/contadoreshoy.com\/wp-content\/uploads\/2024\/01\/cropped-cropped-cropped-Copia-de-M.jpg","og:image:width":512,"og:image:height":371,"article:published_time":"2022-12-16T04:11:31+00:00","article:modified_time":"2023-01-02T00:50:00+00:00","twitter:card":"summary_large_image","twitter:title":"Salario m\u00ednimo y auxilio de transporte a\u00f1o 2023 - Contadores P\u00fablicos","twitter:description":"El Decreto 2613 de diciembre 28 de 2023, establece el salario m\u00ednimo para el a\u00f1o 2023 en $1.160.000 (incremento del 16%), y el Decreto 2614 de diciembre 28 de 2023, fija el subsidio de transporte para el a\u00f1o 2023 en $140.606 (incremento del 20%). Salario m\u00ednimo legal a\u00f1o 2023","twitter:image":"https:\/\/contadoreshoy.com\/wp-content\/uploads\/2024\/01\/cropped-cropped-cropped-Copia-de-M.jpg"},"aioseo_meta_data":{"post_id":"14066","title":null,"description":null,"keywords":null,"keyphrases":null,"primary_term":null,"canonical_url":null,"og_title":null,"og_description":null,"og_object_type":"default","og_image_type":"default","og_image_url":null,"og_image_width":null,"og_image_height":null,"og_image_custom_url":null,"og_image_custom_fields":null,"og_video":null,"og_custom_url":null,"og_article_section":null,"og_article_tags":null,"twitter_use_og":false,"twitter_card":"default","twitter_image_type":"default","twitter_image_url":null,"twitter_image_custom_url":null,"twitter_image_custom_fields":null,"twitter_title":null,"twitter_description":null,"schema":{"blockGraphs":[],"customGraphs":[],"default":{"data":{"Article":[],"Course":[],"Dataset":[],"FAQPage":[],"Movie":[],"Person":[],"Product":[],"ProductReview":[],"Car":[],"Recipe":[],"Service":[],"SoftwareApplication":[],"WebPage":[]},"graphName":"","isEnabled":true},"graphs":[]},"schema_type":"default","schema_type_options":null,"pillar_content":false,"robots_default":true,"robots_noindex":false,"robots_noarchive":false,"robots_nosnippet":false,"robots_nofollow":false,"robots_noimageindex":false,"robots_noodp":false,"robots_notranslate":false,"robots_max_snippet":null,"robots_max_videopreview":null,"robots_max_imagepreview":"large","priority":null,"frequency":null,"local_seo":null,"breadcrumb_settings":null,"limit_modified_date":false,"ai":null,"created":"2024-03-05 02:42:59","updated":"2026-03-03 05:44:24","seo_analyzer_scan_date":null,"focus_keyword":null,"additional_keywords":null,"truseo_locale":null},"aioseo_breadcrumb":"<div class=\"aioseo-breadcrumbs\"><span class=\"aioseo-breadcrumb\">\n\t\t\t<a href=\"https:\/\/contadoreshoy.com\" title=\"Home\">Home<\/a>\n\t\t<\/span><span class=\"aioseo-breadcrumb-separator\">&raquo;<\/span><span class=\"aioseo-breadcrumb\">\n\t\t\t<a href=\"https:\/\/contadoreshoy.com\/?cat=1\" title=\"Uncategorized\">Uncategorized<\/a>\n\t\t<\/span><span class=\"aioseo-breadcrumb-separator\">&raquo;<\/span><span class=\"aioseo-breadcrumb\">\n\t\t\tSalario m\u00ednimo y auxilio de transporte a\u00f1o 2023\n\t\t<\/span><\/div>","aioseo_breadcrumb_json":[{"label":"Home","link":"https:\/\/contadoreshoy.com"},{"label":"Uncategorized","link":"https:\/\/contadoreshoy.com\/?cat=1"},{"label":"Salario m\u00ednimo y auxilio de transporte a\u00f1o 2023","link":"https:\/\/contadoreshoy.com\/?p=14066"}],"yoast_head":"<!-- This site is optimized with the Yoast SEO plugin v28.4 - https:\/\/yoast.com\/product\/yoast-seo-wordpress\/ -->\n<title>Salario m\u00ednimo y auxilio de transporte a\u00f1o 2023 - Contadores P\u00fablicos<\/title>\n<meta name=\"robots\" content=\"index, follow, max-snippet:-1, max-image-preview:large, max-video-preview:-1\" \/>\n<link rel=\"canonical\" href=\"https:\/\/contadoreshoy.com\/?p=14066\" \/>\n<meta property=\"og:locale\" content=\"es_ES\" \/>\n<meta property=\"og:type\" content=\"article\" \/>\n<meta property=\"og:title\" content=\"Salario m\u00ednimo y auxilio de transporte a\u00f1o 2023 - Contadores P\u00fablicos\" \/>\n<meta property=\"og:url\" content=\"https:\/\/contadoreshoy.com\/?p=14066\" \/>\n<meta property=\"og:site_name\" content=\"Contadores P\u00fablicos\" \/>\n<meta property=\"article:publisher\" content=\"https:\/\/www.facebook.com\/CCCPBucaramanga\/\" \/>\n<meta property=\"article:published_time\" content=\"2022-12-16T04:11:31+00:00\" \/>\n<meta property=\"article:modified_time\" content=\"2023-01-02T00:50:00+00:00\" \/>\n<meta property=\"og:image\" content=\"https:\/\/contadoreshoy.com\/wp-content\/uploads\/2020\/12\/Salario-m\u00ednimo-legal-mensual-1240x698.png\" \/>\n\t<meta property=\"og:image:width\" content=\"1240\" \/>\n\t<meta property=\"og:image:height\" content=\"698\" \/>\n\t<meta property=\"og:image:type\" content=\"image\/png\" \/>\n<meta name=\"author\" content=\"Miguel Antonio M\u00e1rquez Monta\u00f1ez\" \/>\n<meta name=\"twitter:card\" content=\"summary_large_image\" \/>\n<meta name=\"twitter:label1\" content=\"Escrito por\" \/>\n\t<meta name=\"twitter:data1\" content=\"Miguel Antonio M\u00e1rquez Monta\u00f1ez\" \/>\n\t<meta name=\"twitter:label2\" content=\"Tiempo de lectura\" \/>\n\t<meta name=\"twitter:data2\" content=\"1 minuto\" \/>\n<script type=\"application\/ld+json\" class=\"yoast-schema-graph\">{\"@context\":\"https:\\\/\\\/schema.org\",\"@graph\":[{\"@type\":\"Article\",\"@id\":\"https:\\\/\\\/contadoreshoy.com\\\/?p=14066#article\",\"isPartOf\":{\"@id\":\"https:\\\/\\\/contadoreshoy.com\\\/?p=14066\"},\"author\":{\"name\":\"Miguel Antonio M\u00e1rquez Monta\u00f1ez\",\"@id\":\"https:\\\/\\\/contadoreshoy.com\\\/#\\\/schema\\\/person\\\/96d8979cb865537c5dc9345e40089fc5\"},\"headline\":\"Salario m\u00ednimo y auxilio de transporte a\u00f1o 2023\",\"datePublished\":\"2022-12-16T04:11:31+00:00\",\"dateModified\":\"2023-01-02T00:50:00+00:00\",\"mainEntityOfPage\":{\"@id\":\"https:\\\/\\\/contadoreshoy.com\\\/?p=14066\"},\"wordCount\":113,\"commentCount\":0,\"publisher\":{\"@id\":\"https:\\\/\\\/contadoreshoy.com\\\/#organization\"},\"image\":{\"@id\":\"https:\\\/\\\/contadoreshoy.com\\\/?p=14066#primaryimage\"},\"thumbnailUrl\":\"https:\\\/\\\/contadoreshoy.com\\\/wp-content\\\/uploads\\\/2020\\\/12\\\/Salario-m\u00ednimo-legal-mensual.png\",\"articleSection\":{\"1\":\"Ultimas Noticias\",\"2\":\"Uncategorized\"},\"inLanguage\":\"es\",\"potentialAction\":[{\"@type\":\"CommentAction\",\"name\":\"Comment\",\"target\":[\"https:\\\/\\\/contadoreshoy.com\\\/?p=14066#respond\"]}]},{\"@type\":\"WebPage\",\"@id\":\"https:\\\/\\\/contadoreshoy.com\\\/?p=14066\",\"url\":\"https:\\\/\\\/contadoreshoy.com\\\/?p=14066\",\"name\":\"Salario m\u00ednimo y auxilio de transporte a\u00f1o 2023 - Contadores P\u00fablicos\",\"isPartOf\":{\"@id\":\"https:\\\/\\\/contadoreshoy.com\\\/#website\"},\"primaryImageOfPage\":{\"@id\":\"https:\\\/\\\/contadoreshoy.com\\\/?p=14066#primaryimage\"},\"image\":{\"@id\":\"https:\\\/\\\/contadoreshoy.com\\\/?p=14066#primaryimage\"},\"thumbnailUrl\":\"https:\\\/\\\/contadoreshoy.com\\\/wp-content\\\/uploads\\\/2020\\\/12\\\/Salario-m\u00ednimo-legal-mensual.png\",\"datePublished\":\"2022-12-16T04:11:31+00:00\",\"dateModified\":\"2023-01-02T00:50:00+00:00\",\"breadcrumb\":{\"@id\":\"https:\\\/\\\/contadoreshoy.com\\\/?p=14066#breadcrumb\"},\"inLanguage\":\"es\",\"potentialAction\":[{\"@type\":\"ReadAction\",\"target\":[\"https:\\\/\\\/contadoreshoy.com\\\/?p=14066\"]}]},{\"@type\":\"ImageObject\",\"inLanguage\":\"es\",\"@id\":\"https:\\\/\\\/contadoreshoy.com\\\/?p=14066#primaryimage\",\"url\":\"https:\\\/\\\/contadoreshoy.com\\\/wp-content\\\/uploads\\\/2020\\\/12\\\/Salario-m\u00ednimo-legal-mensual.png\",\"contentUrl\":\"https:\\\/\\\/contadoreshoy.com\\\/wp-content\\\/uploads\\\/2020\\\/12\\\/Salario-m\u00ednimo-legal-mensual.png\",\"width\":2000,\"height\":1125},{\"@type\":\"BreadcrumbList\",\"@id\":\"https:\\\/\\\/contadoreshoy.com\\\/?p=14066#breadcrumb\",\"itemListElement\":[{\"@type\":\"ListItem\",\"position\":1,\"name\":\"Portada\",\"item\":\"https:\\\/\\\/contadoreshoy.com\\\/\"},{\"@type\":\"ListItem\",\"position\":2,\"name\":\"Salario m\u00ednimo y auxilio de transporte a\u00f1o 2023\"}]},{\"@type\":\"WebSite\",\"@id\":\"https:\\\/\\\/contadoreshoy.com\\\/#website\",\"url\":\"https:\\\/\\\/contadoreshoy.com\\\/\",\"name\":\"Contadorespublicossantander\",\"description\":\"Portal para Contadores P\u00fablicos y empresarios\",\"publisher\":{\"@id\":\"https:\\\/\\\/contadoreshoy.com\\\/#organization\"},\"potentialAction\":[{\"@type\":\"SearchAction\",\"target\":{\"@type\":\"EntryPoint\",\"urlTemplate\":\"https:\\\/\\\/contadoreshoy.com\\\/?s={search_term_string}\"},\"query-input\":{\"@type\":\"PropertyValueSpecification\",\"valueRequired\":true,\"valueName\":\"search_term_string\"}}],\"inLanguage\":\"es\"},{\"@type\":\"Organization\",\"@id\":\"https:\\\/\\\/contadoreshoy.com\\\/#organization\",\"name\":\"Contadores P\u00fablicos de Santander\",\"url\":\"https:\\\/\\\/contadoreshoy.com\\\/\",\"logo\":{\"@type\":\"ImageObject\",\"inLanguage\":\"es\",\"@id\":\"https:\\\/\\\/contadoreshoy.com\\\/#\\\/schema\\\/logo\\\/image\\\/\",\"url\":\"https:\\\/\\\/contadoreshoy.com\\\/wp-content\\\/uploads\\\/2024\\\/01\\\/cropped-cropped-Copia-de-M-1.jpg\",\"contentUrl\":\"https:\\\/\\\/contadoreshoy.com\\\/wp-content\\\/uploads\\\/2024\\\/01\\\/cropped-cropped-Copia-de-M-1.jpg\",\"width\":499,\"height\":500,\"caption\":\"Contadores P\u00fablicos de Santander\"},\"image\":{\"@id\":\"https:\\\/\\\/contadoreshoy.com\\\/#\\\/schema\\\/logo\\\/image\\\/\"},\"sameAs\":[\"https:\\\/\\\/www.facebook.com\\\/CCCPBucaramanga\\\/\"]},{\"@type\":\"Person\",\"@id\":\"https:\\\/\\\/contadoreshoy.com\\\/#\\\/schema\\\/person\\\/96d8979cb865537c5dc9345e40089fc5\",\"name\":\"Miguel Antonio M\u00e1rquez Monta\u00f1ez\",\"description\":\"Contador P\u00fablico egresado de la Universidad Aut\u00f3noma de Bucaramanga - Asesor contable tributario con m\u00e1s de 25 a\u00f1os de experiencia - Conferencista en temas contables y tributarios - T\u00e9cnico en Hardware y Dise\u00f1o Web - Creador y director Grupo de Estudio Colegio Colombiano de Contadores P\u00fablicos de Bucaramanga - Creador y Master Web p\u00e1gina www.contadoresp\u00fablicossantander.com - Expresidente Colegio Colombiano de Contadores P\u00fablicos Bucaramanga\",\"url\":\"https:\\\/\\\/contadoreshoy.com\\\/?author=1\"}]}<\/script>\n<!-- \/ Yoast SEO plugin. -->","yoast_head_json":{"title":"Salario m\u00ednimo y auxilio de transporte a\u00f1o 2023 - Contadores P\u00fablicos","robots":{"index":"index","follow":"follow","max-snippet":"max-snippet:-1","max-image-preview":"max-image-preview:large","max-video-preview":"max-video-preview:-1"},"canonical":"https:\/\/contadoreshoy.com\/?p=14066","og_locale":"es_ES","og_type":"article","og_title":"Salario m\u00ednimo y auxilio de transporte a\u00f1o 2023 - Contadores P\u00fablicos","og_url":"https:\/\/contadoreshoy.com\/?p=14066","og_site_name":"Contadores P\u00fablicos","article_publisher":"https:\/\/www.facebook.com\/CCCPBucaramanga\/","article_published_time":"2022-12-16T04:11:31+00:00","article_modified_time":"2023-01-02T00:50:00+00:00","og_image":[{"width":1240,"height":698,"url":"https:\/\/contadoreshoy.com\/wp-content\/uploads\/2020\/12\/Salario-m\u00ednimo-legal-mensual-1240x698.png","type":"image\/png"}],"author":"Miguel Antonio M\u00e1rquez Monta\u00f1ez","twitter_card":"summary_large_image","twitter_misc":{"Escrito por":"Miguel Antonio M\u00e1rquez Monta\u00f1ez","Tiempo de lectura":"1 minuto"},"schema":{"@context":"https:\/\/schema.org","@graph":[{"@type":"Article","@id":"https:\/\/contadoreshoy.com\/?p=14066#article","isPartOf":{"@id":"https:\/\/contadoreshoy.com\/?p=14066"},"author":{"name":"Miguel Antonio M\u00e1rquez Monta\u00f1ez","@id":"https:\/\/contadoreshoy.com\/#\/schema\/person\/96d8979cb865537c5dc9345e40089fc5"},"headline":"Salario m\u00ednimo y auxilio de transporte a\u00f1o 2023","datePublished":"2022-12-16T04:11:31+00:00","dateModified":"2023-01-02T00:50:00+00:00","mainEntityOfPage":{"@id":"https:\/\/contadoreshoy.com\/?p=14066"},"wordCount":113,"commentCount":0,"publisher":{"@id":"https:\/\/contadoreshoy.com\/#organization"},"image":{"@id":"https:\/\/contadoreshoy.com\/?p=14066#primaryimage"},"thumbnailUrl":"https:\/\/contadoreshoy.com\/wp-content\/uploads\/2020\/12\/Salario-m\u00ednimo-legal-mensual.png","articleSection":{"1":"Ultimas Noticias","2":"Uncategorized"},"inLanguage":"es","potentialAction":[{"@type":"CommentAction","name":"Comment","target":["https:\/\/contadoreshoy.com\/?p=14066#respond"]}]},{"@type":"WebPage","@id":"https:\/\/contadoreshoy.com\/?p=14066","url":"https:\/\/contadoreshoy.com\/?p=14066","name":"Salario m\u00ednimo y auxilio de transporte a\u00f1o 2023 - Contadores P\u00fablicos","isPartOf":{"@id":"https:\/\/contadoreshoy.com\/#website"},"primaryImageOfPage":{"@id":"https:\/\/contadoreshoy.com\/?p=14066#primaryimage"},"image":{"@id":"https:\/\/contadoreshoy.com\/?p=14066#primaryimage"},"thumbnailUrl":"https:\/\/contadoreshoy.com\/wp-content\/uploads\/2020\/12\/Salario-m\u00ednimo-legal-mensual.png","datePublished":"2022-12-16T04:11:31+00:00","dateModified":"2023-01-02T00:50:00+00:00","breadcrumb":{"@id":"https:\/\/contadoreshoy.com\/?p=14066#breadcrumb"},"inLanguage":"es","potentialAction":[{"@type":"ReadAction","target":["https:\/\/contadoreshoy.com\/?p=14066"]}]},{"@type":"ImageObject","inLanguage":"es","@id":"https:\/\/contadoreshoy.com\/?p=14066#primaryimage","url":"https:\/\/contadoreshoy.com\/wp-content\/uploads\/2020\/12\/Salario-m\u00ednimo-legal-mensual.png","contentUrl":"https:\/\/contadoreshoy.com\/wp-content\/uploads\/2020\/12\/Salario-m\u00ednimo-legal-mensual.png","width":2000,"height":1125},{"@type":"BreadcrumbList","@id":"https:\/\/contadoreshoy.com\/?p=14066#breadcrumb","itemListElement":[{"@type":"ListItem","position":1,"name":"Portada","item":"https:\/\/contadoreshoy.com\/"},{"@type":"ListItem","position":2,"name":"Salario m\u00ednimo y auxilio de transporte a\u00f1o 2023"}]},{"@type":"WebSite","@id":"https:\/\/contadoreshoy.com\/#website","url":"https:\/\/contadoreshoy.com\/","name":"Contadorespublicossantander","description":"Portal para Contadores P\u00fablicos y empresarios","publisher":{"@id":"https:\/\/contadoreshoy.com\/#organization"},"potentialAction":[{"@type":"SearchAction","target":{"@type":"EntryPoint","urlTemplate":"https:\/\/contadoreshoy.com\/?s={search_term_string}"},"query-input":{"@type":"PropertyValueSpecification","valueRequired":true,"valueName":"search_term_string"}}],"inLanguage":"es"},{"@type":"Organization","@id":"https:\/\/contadoreshoy.com\/#organization","name":"Contadores P\u00fablicos de Santander","url":"https:\/\/contadoreshoy.com\/","logo":{"@type":"ImageObject","inLanguage":"es","@id":"https:\/\/contadoreshoy.com\/#\/schema\/logo\/image\/","url":"https:\/\/contadoreshoy.com\/wp-content\/uploads\/2024\/01\/cropped-cropped-Copia-de-M-1.jpg","contentUrl":"https:\/\/contadoreshoy.com\/wp-content\/uploads\/2024\/01\/cropped-cropped-Copia-de-M-1.jpg","width":499,"height":500,"caption":"Contadores P\u00fablicos de Santander"},"image":{"@id":"https:\/\/contadoreshoy.com\/#\/schema\/logo\/image\/"},"sameAs":["https:\/\/www.facebook.com\/CCCPBucaramanga\/"]},{"@type":"Person","@id":"https:\/\/contadoreshoy.com\/#\/schema\/person\/96d8979cb865537c5dc9345e40089fc5","name":"Miguel Antonio M\u00e1rquez Monta\u00f1ez","description":"Contador P\u00fablico egresado de la Universidad Aut\u00f3noma de Bucaramanga - Asesor contable tributario con m\u00e1s de 25 a\u00f1os de experiencia - Conferencista en temas contables y tributarios - T\u00e9cnico en Hardware y Dise\u00f1o Web - Creador y director Grupo de Estudio Colegio Colombiano de Contadores P\u00fablicos de Bucaramanga - Creador y Master Web p\u00e1gina www.contadoresp\u00fablicossantander.com - Expresidente Colegio Colombiano de Contadores P\u00fablicos Bucaramanga","url":"https:\/\/contadoreshoy.com\/?author=1"}]}},"_links":{"self":[{"href":"https:\/\/contadoreshoy.com\/index.php?rest_route=\/wp\/v2\/posts\/14066","targetHints":{"allow":["GET"]}}],"collection":[{"href":"https:\/\/contadoreshoy.com\/index.php?rest_route=\/wp\/v2\/posts"}],"about":[{"href":"https:\/\/contadoreshoy.com\/index.php?rest_route=\/wp\/v2\/types\/post"}],"author":[{"embeddable":true,"href":"https:\/\/contadoreshoy.com\/index.php?rest_route=\/wp\/v2\/users\/1"}],"replies":[{"embeddable":true,"href":"https:\/\/contadoreshoy.com\/index.php?rest_route=%2Fwp%2Fv2%2Fcomments&post=14066"}],"version-history":[{"count":4,"href":"https:\/\/contadoreshoy.com\/index.php?rest_route=\/wp\/v2\/posts\/14066\/revisions"}],"predecessor-version":[{"id":14089,"href":"https:\/\/contadoreshoy.com\/index.php?rest_route=\/wp\/v2\/posts\/14066\/revisions\/14089"}],"wp:featuredmedia":[{"embeddable":true,"href":"https:\/\/contadoreshoy.com\/index.php?rest_route=\/wp\/v2\/media\/12962"}],"wp:attachment":[{"href":"https:\/\/contadoreshoy.com\/index.php?rest_route=%2Fwp%2Fv2%2Fmedia&parent=14066"}],"wp:term":[{"taxonomy":"category","embeddable":true,"href":"https:\/\/contadoreshoy.com\/index.php?rest_route=%2Fwp%2Fv2%2Fcategories&post=14066"},{"taxonomy":"post_tag","embeddable":true,"href":"https:\/\/contadoreshoy.com\/index.php?rest_route=%2Fwp%2Fv2%2Ftags&post=14066"}],"curies":[{"name":"wp","href":"https:\/\/api.w.org\/{rel}","templated":true}]}}