{"id":14158,"date":"2023-01-24T23:02:48","date_gmt":"2023-01-25T04:02:48","guid":{"rendered":"https:\/\/contadoreshoy.com\/?p=14158"},"modified":"2023-01-24T23:15:09","modified_gmt":"2023-01-25T04:15:09","slug":"resolucion-1527-de-2022-calendario-retencion-industria-y-comercio-giron","status":"publish","type":"post","link":"https:\/\/contadoreshoy.com\/?p=14158","title":{"rendered":"Resoluci\u00f3n 1527 de 2022 Calendario 2023 retenci\u00f3n industria y comercio Gir\u00f3n"},"content":{"rendered":"\n<div class=\"wp-block-image\"><figure class=\"aligncenter size-large\"><img loading=\"lazy\" decoding=\"async\" width=\"1240\" height=\"722\" src=\"https:\/\/contadoreshoy.com\/wp-content\/uploads\/2021\/01\/Gir\u00f3n-Calendario-retenci\u00f3n-y-autorretenci\u00f3n-1240x722.png\" alt=\"\" class=\"wp-image-13018\" srcset=\"https:\/\/contadoreshoy.com\/wp-content\/uploads\/2021\/01\/Gir\u00f3n-Calendario-retenci\u00f3n-y-autorretenci\u00f3n-1240x722.png 1240w, https:\/\/contadoreshoy.com\/wp-content\/uploads\/2021\/01\/Gir\u00f3n-Calendario-retenci\u00f3n-y-autorretenci\u00f3n-600x350.png 600w, https:\/\/contadoreshoy.com\/wp-content\/uploads\/2021\/01\/Gir\u00f3n-Calendario-retenci\u00f3n-y-autorretenci\u00f3n-768x447.png 768w, https:\/\/contadoreshoy.com\/wp-content\/uploads\/2021\/01\/Gir\u00f3n-Calendario-retenci\u00f3n-y-autorretenci\u00f3n-2000x1165.png 2000w, https:\/\/contadoreshoy.com\/wp-content\/uploads\/2021\/01\/Gir\u00f3n-Calendario-retenci\u00f3n-y-autorretenci\u00f3n.png 2003w\" sizes=\"auto, (max-width: 1240px) 100vw, 1240px\" \/><\/figure><\/div>\n\n\n\n<p class=\"has-text-align-justify wp-block-paragraph\"><strong><a rel=\"noreferrer noopener\" href=\"https:\/\/contadoreshoy.com\/wp-content\/uploads\/2023\/01\/RESOLUCION-No-1527-DE-2022-PLAZOS-RETEICA-Y-AUTORRETENCION-GIRON.pdf\" target=\"_blank\">Resoluci\u00f3n 1527 de octubre 21 de 2022<\/a>, por medio de la cual se fija el plazo para la presentaci\u00f3n y pago de la declaraci\u00f3n y liquidaci\u00f3n privada de autorretenci\u00f3n, y retenci\u00f3n del impuesto de industria y comercio correspondiente a los periodos de enero a diciembre de 2023, y se dictan otras disposiciones.<\/strong><\/p>\n\n\n\n<p class=\"wp-block-paragraph\"><a href=\"https:\/\/contadoreshoy.com\/wp-content\/uploads\/2023\/01\/RESOLUCION-No-1527-DE-2022-PLAZOS-RETEICA-Y-AUTORRETENCION-GIRON.pdf\" target=\"_blank\" rel=\"noreferrer noopener\">Para descargar Resoluci\u00f3n 1527 de 2022, dar clic en este enlace.<\/a><\/p>\n","protected":false},"excerpt":{"rendered":"<p>Resoluci\u00f3n 1527 de octubre 21 de 2022, por medio de la cual se fija el plazo para la presentaci\u00f3n y pago de la declaraci\u00f3n y liquidaci\u00f3n privada de autorretenci\u00f3n, y&#46;&#46;&#46;<\/p>\n","protected":false},"author":1,"featured_media":13018,"comment_status":"open","ping_status":"open","sticky":false,"template":"","format":"standard","meta":{"_monsterinsights_skip_tracking":false,"ngg_post_thumbnail":0,"footnotes":"","_links_to":"","_links_to_target":""},"categories":[465,454,458,1],"tags":[],"class_list":["post-14158","post","type-post","status-publish","format-standard","has-post-thumbnail","hentry","category-giron","category-sin-categoria","category-ultimas","category-uncategorized"],"aioseo_notices":[],"aioseo_head":"\n\t\t<!-- All in One SEO 5.0.1.1 - aioseo.com -->\n\t<meta name=\"description\" content=\"Resoluci\u00f3n 1527 de octubre 21 de 2022, por medio de la cual se fija el plazo para la presentaci\u00f3n y pago de la declaraci\u00f3n y liquidaci\u00f3n privada de autorretenci\u00f3n, y retenci\u00f3n del impuesto de industria y comercio correspondiente a los periodos de enero a diciembre de 2023, y se dictan otras disposiciones. Para descargar Resoluci\u00f3n\" \/>\n\t<meta name=\"robots\" content=\"max-image-preview:large\" \/>\n\t<meta name=\"author\" content=\"Miguel Antonio M\u00e1rquez Monta\u00f1ez\"\/>\n\t<link rel=\"canonical\" href=\"https:\/\/contadoreshoy.com\/?p=14158\" \/>\n\t<meta name=\"generator\" content=\"All in One SEO (AIOSEO) 5.0.1.1\" \/>\n\t\t<meta property=\"og:locale\" content=\"es_ES\" \/>\n\t\t<meta property=\"og:site_name\" content=\"Contadores P\u00fablicos - Portal para Contadores P\u00fablicos y empresarios\" \/>\n\t\t<meta property=\"og:type\" content=\"article\" \/>\n\t\t<meta property=\"og:title\" content=\"Resoluci\u00f3n 1527 de 2022 Calendario 2023 retenci\u00f3n industria y comercio Gir\u00f3n - Contadores P\u00fablicos\" \/>\n\t\t<meta property=\"og:description\" content=\"Resoluci\u00f3n 1527 de octubre 21 de 2022, por medio de la cual se fija el plazo para la presentaci\u00f3n y pago de la declaraci\u00f3n y liquidaci\u00f3n privada de autorretenci\u00f3n, y retenci\u00f3n del impuesto de industria y comercio correspondiente a los periodos de enero a diciembre de 2023, y se dictan otras disposiciones. Para descargar Resoluci\u00f3n\" \/>\n\t\t<meta property=\"og:url\" content=\"https:\/\/contadoreshoy.com\/?p=14158\" \/>\n\t\t<meta property=\"og:image\" content=\"https:\/\/contadoreshoy.com\/wp-content\/uploads\/2024\/01\/cropped-cropped-cropped-Copia-de-M.jpg\" \/>\n\t\t<meta property=\"og:image:secure_url\" content=\"https:\/\/contadoreshoy.com\/wp-content\/uploads\/2024\/01\/cropped-cropped-cropped-Copia-de-M.jpg\" \/>\n\t\t<meta property=\"og:image:width\" content=\"512\" \/>\n\t\t<meta property=\"og:image:height\" content=\"371\" \/>\n\t\t<meta property=\"article:published_time\" content=\"2023-01-25T04:02:48+00:00\" \/>\n\t\t<meta property=\"article:modified_time\" content=\"2023-01-25T04:15:09+00:00\" \/>\n\t\t<meta name=\"twitter:card\" content=\"summary_large_image\" \/>\n\t\t<meta name=\"twitter:title\" content=\"Resoluci\u00f3n 1527 de 2022 Calendario 2023 retenci\u00f3n industria y comercio Gir\u00f3n - Contadores P\u00fablicos\" \/>\n\t\t<meta name=\"twitter:description\" content=\"Resoluci\u00f3n 1527 de octubre 21 de 2022, por medio de la cual se fija el plazo para la presentaci\u00f3n y pago de la declaraci\u00f3n y liquidaci\u00f3n privada de autorretenci\u00f3n, y retenci\u00f3n del impuesto de industria y comercio correspondiente a los periodos de enero a diciembre de 2023, y se dictan otras disposiciones. Para descargar Resoluci\u00f3n\" \/>\n\t\t<meta name=\"twitter:image\" content=\"https:\/\/contadoreshoy.com\/wp-content\/uploads\/2024\/01\/cropped-cropped-cropped-Copia-de-M.jpg\" \/>\n\t\t<script type=\"application\/ld+json\" class=\"aioseo-schema\">\n\t\t\t{\"@context\":\"https:\\\/\\\/schema.org\",\"@graph\":[{\"@type\":\"BlogPosting\",\"@id\":\"https:\\\/\\\/contadoreshoy.com\\\/?p=14158#blogposting\",\"name\":\"Resoluci\\u00f3n 1527 de 2022 Calendario 2023 retenci\\u00f3n industria y comercio Gir\\u00f3n - Contadores P\\u00fablicos\",\"headline\":\"Resoluci\\u00f3n 1527 de 2022 Calendario 2023 retenci\\u00f3n industria y comercio Gir\\u00f3n\",\"author\":{\"@id\":\"https:\\\/\\\/contadoreshoy.com\\\/?author=1#author\"},\"publisher\":{\"@id\":\"https:\\\/\\\/contadoreshoy.com\\\/#organization\"},\"image\":{\"@type\":\"ImageObject\",\"url\":\"https:\\\/\\\/contadoreshoy.com\\\/wp-content\\\/uploads\\\/2021\\\/01\\\/Gir\\u00f3n-Calendario-retenci\\u00f3n-y-autorretenci\\u00f3n.png\",\"width\":2003,\"height\":1167},\"datePublished\":\"2023-01-24T23:02:48-05:00\",\"dateModified\":\"2023-01-24T23:15:09-05:00\",\"inLanguage\":\"es-ES\",\"mainEntityOfPage\":{\"@id\":\"https:\\\/\\\/contadoreshoy.com\\\/?p=14158#webpage\"},\"isPartOf\":{\"@id\":\"https:\\\/\\\/contadoreshoy.com\\\/?p=14158#webpage\"},\"articleSection\":\"Gir\\u00f3n, Sin categor\\u00eda, Ultimas Noticias, Uncategorized\"},{\"@type\":\"BreadcrumbList\",\"@id\":\"https:\\\/\\\/contadoreshoy.com\\\/?p=14158#breadcrumblist\",\"itemListElement\":[{\"@type\":\"ListItem\",\"@id\":\"https:\\\/\\\/contadoreshoy.com#listItem\",\"position\":1,\"name\":\"Home\",\"item\":\"https:\\\/\\\/contadoreshoy.com\",\"nextItem\":{\"@type\":\"ListItem\",\"@id\":\"https:\\\/\\\/contadoreshoy.com\\\/?cat=446#listItem\",\"name\":\"Calendarios\"}},{\"@type\":\"ListItem\",\"@id\":\"https:\\\/\\\/contadoreshoy.com\\\/?cat=446#listItem\",\"position\":2,\"name\":\"Calendarios\",\"item\":\"https:\\\/\\\/contadoreshoy.com\\\/?cat=446\",\"nextItem\":{\"@type\":\"ListItem\",\"@id\":\"https:\\\/\\\/contadoreshoy.com\\\/?cat=449#listItem\",\"name\":\"Municipales\"},\"previousItem\":{\"@type\":\"ListItem\",\"@id\":\"https:\\\/\\\/contadoreshoy.com#listItem\",\"name\":\"Home\"}},{\"@type\":\"ListItem\",\"@id\":\"https:\\\/\\\/contadoreshoy.com\\\/?cat=449#listItem\",\"position\":3,\"name\":\"Municipales\",\"item\":\"https:\\\/\\\/contadoreshoy.com\\\/?cat=449\",\"nextItem\":{\"@type\":\"ListItem\",\"@id\":\"https:\\\/\\\/contadoreshoy.com\\\/?cat=465#listItem\",\"name\":\"Gir\\u00f3n\"},\"previousItem\":{\"@type\":\"ListItem\",\"@id\":\"https:\\\/\\\/contadoreshoy.com\\\/?cat=446#listItem\",\"name\":\"Calendarios\"}},{\"@type\":\"ListItem\",\"@id\":\"https:\\\/\\\/contadoreshoy.com\\\/?cat=465#listItem\",\"position\":4,\"name\":\"Gir\\u00f3n\",\"item\":\"https:\\\/\\\/contadoreshoy.com\\\/?cat=465\",\"nextItem\":{\"@type\":\"ListItem\",\"@id\":\"https:\\\/\\\/contadoreshoy.com\\\/?p=14158#listItem\",\"name\":\"Resoluci\\u00f3n 1527 de 2022 Calendario 2023 retenci\\u00f3n industria y comercio Gir\\u00f3n\"},\"previousItem\":{\"@type\":\"ListItem\",\"@id\":\"https:\\\/\\\/contadoreshoy.com\\\/?cat=449#listItem\",\"name\":\"Municipales\"}},{\"@type\":\"ListItem\",\"@id\":\"https:\\\/\\\/contadoreshoy.com\\\/?p=14158#listItem\",\"position\":5,\"name\":\"Resoluci\\u00f3n 1527 de 2022 Calendario 2023 retenci\\u00f3n industria y comercio Gir\\u00f3n\",\"previousItem\":{\"@type\":\"ListItem\",\"@id\":\"https:\\\/\\\/contadoreshoy.com\\\/?cat=465#listItem\",\"name\":\"Gir\\u00f3n\"}}]},{\"@type\":\"Organization\",\"@id\":\"https:\\\/\\\/contadoreshoy.com\\\/#organization\",\"name\":\"Contadores P\\u00fablicos\",\"description\":\"Portal para Contadores P\\u00fablicos y empresarios\",\"url\":\"https:\\\/\\\/contadoreshoy.com\\\/\",\"logo\":{\"@type\":\"ImageObject\",\"url\":\"https:\\\/\\\/contadoreshoy.com\\\/wp-content\\\/uploads\\\/2024\\\/01\\\/cropped-cropped-Copia-de-M-1.jpg\",\"@id\":\"https:\\\/\\\/contadoreshoy.com\\\/?p=14158\\\/#organizationLogo\",\"width\":499,\"height\":500},\"image\":{\"@id\":\"https:\\\/\\\/contadoreshoy.com\\\/?p=14158\\\/#organizationLogo\"}},{\"@type\":\"Person\",\"@id\":\"https:\\\/\\\/contadoreshoy.com\\\/?author=1#author\",\"url\":\"https:\\\/\\\/contadoreshoy.com\\\/?author=1\",\"name\":\"Miguel Antonio M\\u00e1rquez Monta\\u00f1ez\"},{\"@type\":\"WebPage\",\"@id\":\"https:\\\/\\\/contadoreshoy.com\\\/?p=14158#webpage\",\"url\":\"https:\\\/\\\/contadoreshoy.com\\\/?p=14158\",\"name\":\"Resoluci\\u00f3n 1527 de 2022 Calendario 2023 retenci\\u00f3n industria y comercio Gir\\u00f3n - Contadores P\\u00fablicos\",\"description\":\"Resoluci\\u00f3n 1527 de octubre 21 de 2022, por medio de la cual se fija el plazo para la presentaci\\u00f3n y pago de la declaraci\\u00f3n y liquidaci\\u00f3n privada de autorretenci\\u00f3n, y retenci\\u00f3n del impuesto de industria y comercio correspondiente a los periodos de enero a diciembre de 2023, y se dictan otras disposiciones. Para descargar Resoluci\\u00f3n\",\"inLanguage\":\"es-ES\",\"isPartOf\":{\"@id\":\"https:\\\/\\\/contadoreshoy.com\\\/#website\"},\"breadcrumb\":{\"@id\":\"https:\\\/\\\/contadoreshoy.com\\\/?p=14158#breadcrumblist\"},\"author\":{\"@id\":\"https:\\\/\\\/contadoreshoy.com\\\/?author=1#author\"},\"creator\":{\"@id\":\"https:\\\/\\\/contadoreshoy.com\\\/?author=1#author\"},\"image\":{\"@type\":\"ImageObject\",\"url\":\"https:\\\/\\\/contadoreshoy.com\\\/wp-content\\\/uploads\\\/2021\\\/01\\\/Gir\\u00f3n-Calendario-retenci\\u00f3n-y-autorretenci\\u00f3n.png\",\"@id\":\"https:\\\/\\\/contadoreshoy.com\\\/?p=14158\\\/#mainImage\",\"width\":2003,\"height\":1167},\"primaryImageOfPage\":{\"@id\":\"https:\\\/\\\/contadoreshoy.com\\\/?p=14158#mainImage\"},\"datePublished\":\"2023-01-24T23:02:48-05:00\",\"dateModified\":\"2023-01-24T23:15:09-05:00\"},{\"@type\":\"WebSite\",\"@id\":\"https:\\\/\\\/contadoreshoy.com\\\/#website\",\"url\":\"https:\\\/\\\/contadoreshoy.com\\\/\",\"name\":\"Contadores P\\u00fablicos\",\"description\":\"Portal para Contadores P\\u00fablicos y empresarios\",\"inLanguage\":\"es-ES\",\"publisher\":{\"@id\":\"https:\\\/\\\/contadoreshoy.com\\\/#organization\"}}]}\n\t\t<\/script>\n\t\t<!-- All in One SEO -->\n\n","aioseo_head_json":{"title":"Resoluci\u00f3n 1527 de 2022 Calendario 2023 retenci\u00f3n industria y comercio Gir\u00f3n - Contadores P\u00fablicos","description":"Resoluci\u00f3n 1527 de octubre 21 de 2022, por medio de la cual se fija el plazo para la presentaci\u00f3n y pago de la declaraci\u00f3n y liquidaci\u00f3n privada de autorretenci\u00f3n, y retenci\u00f3n del impuesto de industria y comercio correspondiente a los periodos de enero a diciembre de 2023, y se dictan otras disposiciones. Para descargar Resoluci\u00f3n","canonical_url":"https:\/\/contadoreshoy.com\/?p=14158","robots":"max-image-preview:large","keywords":"","webmasterTools":{"miscellaneous":""},"schema":{"@context":"https:\/\/schema.org","@graph":[{"@type":"BlogPosting","@id":"https:\/\/contadoreshoy.com\/?p=14158#blogposting","name":"Resoluci\u00f3n 1527 de 2022 Calendario 2023 retenci\u00f3n industria y comercio Gir\u00f3n - Contadores P\u00fablicos","headline":"Resoluci\u00f3n 1527 de 2022 Calendario 2023 retenci\u00f3n industria y comercio Gir\u00f3n","author":{"@id":"https:\/\/contadoreshoy.com\/?author=1#author"},"publisher":{"@id":"https:\/\/contadoreshoy.com\/#organization"},"image":{"@type":"ImageObject","url":"https:\/\/contadoreshoy.com\/wp-content\/uploads\/2021\/01\/Gir\u00f3n-Calendario-retenci\u00f3n-y-autorretenci\u00f3n.png","width":2003,"height":1167},"datePublished":"2023-01-24T23:02:48-05:00","dateModified":"2023-01-24T23:15:09-05:00","inLanguage":"es-ES","mainEntityOfPage":{"@id":"https:\/\/contadoreshoy.com\/?p=14158#webpage"},"isPartOf":{"@id":"https:\/\/contadoreshoy.com\/?p=14158#webpage"},"articleSection":"Gir\u00f3n, Sin categor\u00eda, Ultimas Noticias, Uncategorized"},{"@type":"BreadcrumbList","@id":"https:\/\/contadoreshoy.com\/?p=14158#breadcrumblist","itemListElement":[{"@type":"ListItem","@id":"https:\/\/contadoreshoy.com#listItem","position":1,"name":"Home","item":"https:\/\/contadoreshoy.com","nextItem":{"@type":"ListItem","@id":"https:\/\/contadoreshoy.com\/?cat=446#listItem","name":"Calendarios"}},{"@type":"ListItem","@id":"https:\/\/contadoreshoy.com\/?cat=446#listItem","position":2,"name":"Calendarios","item":"https:\/\/contadoreshoy.com\/?cat=446","nextItem":{"@type":"ListItem","@id":"https:\/\/contadoreshoy.com\/?cat=449#listItem","name":"Municipales"},"previousItem":{"@type":"ListItem","@id":"https:\/\/contadoreshoy.com#listItem","name":"Home"}},{"@type":"ListItem","@id":"https:\/\/contadoreshoy.com\/?cat=449#listItem","position":3,"name":"Municipales","item":"https:\/\/contadoreshoy.com\/?cat=449","nextItem":{"@type":"ListItem","@id":"https:\/\/contadoreshoy.com\/?cat=465#listItem","name":"Gir\u00f3n"},"previousItem":{"@type":"ListItem","@id":"https:\/\/contadoreshoy.com\/?cat=446#listItem","name":"Calendarios"}},{"@type":"ListItem","@id":"https:\/\/contadoreshoy.com\/?cat=465#listItem","position":4,"name":"Gir\u00f3n","item":"https:\/\/contadoreshoy.com\/?cat=465","nextItem":{"@type":"ListItem","@id":"https:\/\/contadoreshoy.com\/?p=14158#listItem","name":"Resoluci\u00f3n 1527 de 2022 Calendario 2023 retenci\u00f3n industria y comercio Gir\u00f3n"},"previousItem":{"@type":"ListItem","@id":"https:\/\/contadoreshoy.com\/?cat=449#listItem","name":"Municipales"}},{"@type":"ListItem","@id":"https:\/\/contadoreshoy.com\/?p=14158#listItem","position":5,"name":"Resoluci\u00f3n 1527 de 2022 Calendario 2023 retenci\u00f3n industria y comercio Gir\u00f3n","previousItem":{"@type":"ListItem","@id":"https:\/\/contadoreshoy.com\/?cat=465#listItem","name":"Gir\u00f3n"}}]},{"@type":"Organization","@id":"https:\/\/contadoreshoy.com\/#organization","name":"Contadores P\u00fablicos","description":"Portal para Contadores P\u00fablicos y empresarios","url":"https:\/\/contadoreshoy.com\/","logo":{"@type":"ImageObject","url":"https:\/\/contadoreshoy.com\/wp-content\/uploads\/2024\/01\/cropped-cropped-Copia-de-M-1.jpg","@id":"https:\/\/contadoreshoy.com\/?p=14158\/#organizationLogo","width":499,"height":500},"image":{"@id":"https:\/\/contadoreshoy.com\/?p=14158\/#organizationLogo"}},{"@type":"Person","@id":"https:\/\/contadoreshoy.com\/?author=1#author","url":"https:\/\/contadoreshoy.com\/?author=1","name":"Miguel Antonio M\u00e1rquez Monta\u00f1ez"},{"@type":"WebPage","@id":"https:\/\/contadoreshoy.com\/?p=14158#webpage","url":"https:\/\/contadoreshoy.com\/?p=14158","name":"Resoluci\u00f3n 1527 de 2022 Calendario 2023 retenci\u00f3n industria y comercio Gir\u00f3n - Contadores P\u00fablicos","description":"Resoluci\u00f3n 1527 de octubre 21 de 2022, por medio de la cual se fija el plazo para la presentaci\u00f3n y pago de la declaraci\u00f3n y liquidaci\u00f3n privada de autorretenci\u00f3n, y retenci\u00f3n del impuesto de industria y comercio correspondiente a los periodos de enero a diciembre de 2023, y se dictan otras disposiciones. Para descargar Resoluci\u00f3n","inLanguage":"es-ES","isPartOf":{"@id":"https:\/\/contadoreshoy.com\/#website"},"breadcrumb":{"@id":"https:\/\/contadoreshoy.com\/?p=14158#breadcrumblist"},"author":{"@id":"https:\/\/contadoreshoy.com\/?author=1#author"},"creator":{"@id":"https:\/\/contadoreshoy.com\/?author=1#author"},"image":{"@type":"ImageObject","url":"https:\/\/contadoreshoy.com\/wp-content\/uploads\/2021\/01\/Gir\u00f3n-Calendario-retenci\u00f3n-y-autorretenci\u00f3n.png","@id":"https:\/\/contadoreshoy.com\/?p=14158\/#mainImage","width":2003,"height":1167},"primaryImageOfPage":{"@id":"https:\/\/contadoreshoy.com\/?p=14158#mainImage"},"datePublished":"2023-01-24T23:02:48-05:00","dateModified":"2023-01-24T23:15:09-05:00"},{"@type":"WebSite","@id":"https:\/\/contadoreshoy.com\/#website","url":"https:\/\/contadoreshoy.com\/","name":"Contadores P\u00fablicos","description":"Portal para Contadores P\u00fablicos y empresarios","inLanguage":"es-ES","publisher":{"@id":"https:\/\/contadoreshoy.com\/#organization"}}]},"og:locale":"es_ES","og:site_name":"Contadores P\u00fablicos - Portal para Contadores P\u00fablicos y empresarios","og:type":"article","og:title":"Resoluci\u00f3n 1527 de 2022 Calendario 2023 retenci\u00f3n industria y comercio Gir\u00f3n - Contadores P\u00fablicos","og:description":"Resoluci\u00f3n 1527 de octubre 21 de 2022, por medio de la cual se fija el plazo para la presentaci\u00f3n y pago de la declaraci\u00f3n y liquidaci\u00f3n privada de autorretenci\u00f3n, y retenci\u00f3n del impuesto de industria y comercio correspondiente a los periodos de enero a diciembre de 2023, y se dictan otras disposiciones. Para descargar Resoluci\u00f3n","og:url":"https:\/\/contadoreshoy.com\/?p=14158","og:image":"https:\/\/contadoreshoy.com\/wp-content\/uploads\/2024\/01\/cropped-cropped-cropped-Copia-de-M.jpg","og:image:secure_url":"https:\/\/contadoreshoy.com\/wp-content\/uploads\/2024\/01\/cropped-cropped-cropped-Copia-de-M.jpg","og:image:width":512,"og:image:height":371,"article:published_time":"2023-01-25T04:02:48+00:00","article:modified_time":"2023-01-25T04:15:09+00:00","twitter:card":"summary_large_image","twitter:title":"Resoluci\u00f3n 1527 de 2022 Calendario 2023 retenci\u00f3n industria y comercio Gir\u00f3n - Contadores P\u00fablicos","twitter:description":"Resoluci\u00f3n 1527 de octubre 21 de 2022, por medio de la cual se fija el plazo para la presentaci\u00f3n y pago de la declaraci\u00f3n y liquidaci\u00f3n privada de autorretenci\u00f3n, y retenci\u00f3n del impuesto de industria y comercio correspondiente a los periodos de enero a diciembre de 2023, y se dictan otras disposiciones. Para descargar Resoluci\u00f3n","twitter:image":"https:\/\/contadoreshoy.com\/wp-content\/uploads\/2024\/01\/cropped-cropped-cropped-Copia-de-M.jpg"},"aioseo_meta_data":{"post_id":"14158","title":null,"description":null,"keywords":null,"keyphrases":null,"primary_term":null,"canonical_url":null,"og_title":null,"og_description":null,"og_object_type":"default","og_image_type":"default","og_image_url":null,"og_image_width":null,"og_image_height":null,"og_image_custom_url":null,"og_image_custom_fields":null,"og_video":null,"og_custom_url":null,"og_article_section":null,"og_article_tags":null,"twitter_use_og":false,"twitter_card":"default","twitter_image_type":"default","twitter_image_url":null,"twitter_image_custom_url":null,"twitter_image_custom_fields":null,"twitter_title":null,"twitter_description":null,"schema":{"blockGraphs":[],"customGraphs":[],"default":{"data":{"Article":[],"Course":[],"Dataset":[],"FAQPage":[],"Movie":[],"Person":[],"Product":[],"ProductReview":[],"Car":[],"Recipe":[],"Service":[],"SoftwareApplication":[],"WebPage":[]},"graphName":"","isEnabled":true},"graphs":[]},"schema_type":"default","schema_type_options":null,"pillar_content":false,"robots_default":true,"robots_noindex":false,"robots_noarchive":false,"robots_nosnippet":false,"robots_nofollow":false,"robots_noimageindex":false,"robots_noodp":false,"robots_notranslate":false,"robots_max_snippet":null,"robots_max_videopreview":null,"robots_max_imagepreview":"large","priority":null,"frequency":null,"local_seo":null,"breadcrumb_settings":null,"limit_modified_date":false,"ai":null,"created":"2024-03-05 02:42:59","updated":"2026-03-03 05:46:05","seo_analyzer_scan_date":null,"focus_keyword":null,"additional_keywords":null,"truseo_locale":null},"aioseo_breadcrumb":"<div class=\"aioseo-breadcrumbs\"><span class=\"aioseo-breadcrumb\">\n\t\t\t<a href=\"https:\/\/contadoreshoy.com\" title=\"Home\">Home<\/a>\n\t\t<\/span><span class=\"aioseo-breadcrumb-separator\">&raquo;<\/span><span class=\"aioseo-breadcrumb\">\n\t\t\t<a href=\"https:\/\/contadoreshoy.com\/?cat=446\" title=\"Calendarios\">Calendarios<\/a>\n\t\t<\/span><span class=\"aioseo-breadcrumb-separator\">&raquo;<\/span><span class=\"aioseo-breadcrumb\">\n\t\t\t<a href=\"https:\/\/contadoreshoy.com\/?cat=449\" title=\"Municipales\">Municipales<\/a>\n\t\t<\/span><span class=\"aioseo-breadcrumb-separator\">&raquo;<\/span><span class=\"aioseo-breadcrumb\">\n\t\t\t<a href=\"https:\/\/contadoreshoy.com\/?cat=465\" title=\"Gir\u00f3n\">Gir\u00f3n<\/a>\n\t\t<\/span><span class=\"aioseo-breadcrumb-separator\">&raquo;<\/span><span class=\"aioseo-breadcrumb\">\n\t\t\tResoluci\u00f3n 1527 de 2022 Calendario 2023 retenci\u00f3n industria y comercio Gir\u00f3n\n\t\t<\/span><\/div>","aioseo_breadcrumb_json":[{"label":"Home","link":"https:\/\/contadoreshoy.com"},{"label":"Calendarios","link":"https:\/\/contadoreshoy.com\/?cat=446"},{"label":"Municipales","link":"https:\/\/contadoreshoy.com\/?cat=449"},{"label":"Gir\u00f3n","link":"https:\/\/contadoreshoy.com\/?cat=465"},{"label":"Resoluci\u00f3n 1527 de 2022 Calendario 2023 retenci\u00f3n industria y comercio Gir\u00f3n","link":"https:\/\/contadoreshoy.com\/?p=14158"}],"yoast_head":"<!-- This site is optimized with the Yoast SEO plugin v28.4 - https:\/\/yoast.com\/product\/yoast-seo-wordpress\/ -->\n<title>Resoluci\u00f3n 1527 de 2022 Calendario 2023 retenci\u00f3n industria y comercio Gir\u00f3n - Contadores P\u00fablicos<\/title>\n<meta name=\"robots\" content=\"index, follow, max-snippet:-1, max-image-preview:large, max-video-preview:-1\" \/>\n<link rel=\"canonical\" href=\"https:\/\/contadoreshoy.com\/?p=14158\" \/>\n<meta property=\"og:locale\" content=\"es_ES\" \/>\n<meta property=\"og:type\" content=\"article\" \/>\n<meta property=\"og:title\" content=\"Resoluci\u00f3n 1527 de 2022 Calendario 2023 retenci\u00f3n industria y comercio Gir\u00f3n - Contadores P\u00fablicos\" \/>\n<meta property=\"og:description\" content=\"Resoluci\u00f3n 1527 de octubre 21 de 2022, por medio de la cual se fija el plazo para la presentaci\u00f3n y pago de la declaraci\u00f3n y liquidaci\u00f3n privada de autorretenci\u00f3n, y&#046;&#046;&#046;\" \/>\n<meta property=\"og:url\" content=\"https:\/\/contadoreshoy.com\/?p=14158\" \/>\n<meta property=\"og:site_name\" content=\"Contadores P\u00fablicos\" \/>\n<meta property=\"article:publisher\" content=\"https:\/\/www.facebook.com\/CCCPBucaramanga\/\" \/>\n<meta property=\"article:published_time\" content=\"2023-01-25T04:02:48+00:00\" \/>\n<meta property=\"article:modified_time\" content=\"2023-01-25T04:15:09+00:00\" \/>\n<meta property=\"og:image\" content=\"https:\/\/contadoreshoy.com\/wp-content\/uploads\/2021\/01\/Gir\u00f3n-Calendario-retenci\u00f3n-y-autorretenci\u00f3n.png\" \/>\n\t<meta property=\"og:image:width\" content=\"2003\" \/>\n\t<meta property=\"og:image:height\" content=\"1167\" \/>\n\t<meta property=\"og:image:type\" content=\"image\/png\" \/>\n<meta name=\"author\" content=\"Miguel Antonio M\u00e1rquez Monta\u00f1ez\" \/>\n<meta name=\"twitter:card\" content=\"summary_large_image\" \/>\n<meta name=\"twitter:label1\" content=\"Escrito por\" \/>\n\t<meta name=\"twitter:data1\" content=\"Miguel Antonio M\u00e1rquez Monta\u00f1ez\" \/>\n<script type=\"application\/ld+json\" class=\"yoast-schema-graph\">{\"@context\":\"https:\\\/\\\/schema.org\",\"@graph\":[{\"@type\":\"Article\",\"@id\":\"https:\\\/\\\/contadoreshoy.com\\\/?p=14158#article\",\"isPartOf\":{\"@id\":\"https:\\\/\\\/contadoreshoy.com\\\/?p=14158\"},\"author\":{\"name\":\"Miguel Antonio M\u00e1rquez Monta\u00f1ez\",\"@id\":\"https:\\\/\\\/contadoreshoy.com\\\/#\\\/schema\\\/person\\\/96d8979cb865537c5dc9345e40089fc5\"},\"headline\":\"Resoluci\u00f3n 1527 de 2022 Calendario 2023 retenci\u00f3n industria y comercio Gir\u00f3n\",\"datePublished\":\"2023-01-25T04:02:48+00:00\",\"dateModified\":\"2023-01-25T04:15:09+00:00\",\"mainEntityOfPage\":{\"@id\":\"https:\\\/\\\/contadoreshoy.com\\\/?p=14158\"},\"wordCount\":75,\"commentCount\":0,\"publisher\":{\"@id\":\"https:\\\/\\\/contadoreshoy.com\\\/#organization\"},\"image\":{\"@id\":\"https:\\\/\\\/contadoreshoy.com\\\/?p=14158#primaryimage\"},\"thumbnailUrl\":\"https:\\\/\\\/contadoreshoy.com\\\/wp-content\\\/uploads\\\/2021\\\/01\\\/Gir\u00f3n-Calendario-retenci\u00f3n-y-autorretenci\u00f3n.png\",\"articleSection\":{\"0\":\"Gir\u00f3n\",\"2\":\"Ultimas Noticias\",\"3\":\"Uncategorized\"},\"inLanguage\":\"es\",\"potentialAction\":[{\"@type\":\"CommentAction\",\"name\":\"Comment\",\"target\":[\"https:\\\/\\\/contadoreshoy.com\\\/?p=14158#respond\"]}]},{\"@type\":\"WebPage\",\"@id\":\"https:\\\/\\\/contadoreshoy.com\\\/?p=14158\",\"url\":\"https:\\\/\\\/contadoreshoy.com\\\/?p=14158\",\"name\":\"Resoluci\u00f3n 1527 de 2022 Calendario 2023 retenci\u00f3n industria y comercio Gir\u00f3n - Contadores P\u00fablicos\",\"isPartOf\":{\"@id\":\"https:\\\/\\\/contadoreshoy.com\\\/#website\"},\"primaryImageOfPage\":{\"@id\":\"https:\\\/\\\/contadoreshoy.com\\\/?p=14158#primaryimage\"},\"image\":{\"@id\":\"https:\\\/\\\/contadoreshoy.com\\\/?p=14158#primaryimage\"},\"thumbnailUrl\":\"https:\\\/\\\/contadoreshoy.com\\\/wp-content\\\/uploads\\\/2021\\\/01\\\/Gir\u00f3n-Calendario-retenci\u00f3n-y-autorretenci\u00f3n.png\",\"datePublished\":\"2023-01-25T04:02:48+00:00\",\"dateModified\":\"2023-01-25T04:15:09+00:00\",\"breadcrumb\":{\"@id\":\"https:\\\/\\\/contadoreshoy.com\\\/?p=14158#breadcrumb\"},\"inLanguage\":\"es\",\"potentialAction\":[{\"@type\":\"ReadAction\",\"target\":[\"https:\\\/\\\/contadoreshoy.com\\\/?p=14158\"]}]},{\"@type\":\"ImageObject\",\"inLanguage\":\"es\",\"@id\":\"https:\\\/\\\/contadoreshoy.com\\\/?p=14158#primaryimage\",\"url\":\"https:\\\/\\\/contadoreshoy.com\\\/wp-content\\\/uploads\\\/2021\\\/01\\\/Gir\u00f3n-Calendario-retenci\u00f3n-y-autorretenci\u00f3n.png\",\"contentUrl\":\"https:\\\/\\\/contadoreshoy.com\\\/wp-content\\\/uploads\\\/2021\\\/01\\\/Gir\u00f3n-Calendario-retenci\u00f3n-y-autorretenci\u00f3n.png\",\"width\":2003,\"height\":1167},{\"@type\":\"BreadcrumbList\",\"@id\":\"https:\\\/\\\/contadoreshoy.com\\\/?p=14158#breadcrumb\",\"itemListElement\":[{\"@type\":\"ListItem\",\"position\":1,\"name\":\"Portada\",\"item\":\"https:\\\/\\\/contadoreshoy.com\\\/\"},{\"@type\":\"ListItem\",\"position\":2,\"name\":\"Resoluci\u00f3n 1527 de 2022 Calendario 2023 retenci\u00f3n industria y comercio Gir\u00f3n\"}]},{\"@type\":\"WebSite\",\"@id\":\"https:\\\/\\\/contadoreshoy.com\\\/#website\",\"url\":\"https:\\\/\\\/contadoreshoy.com\\\/\",\"name\":\"Contadorespublicossantander\",\"description\":\"Portal para Contadores P\u00fablicos y empresarios\",\"publisher\":{\"@id\":\"https:\\\/\\\/contadoreshoy.com\\\/#organization\"},\"potentialAction\":[{\"@type\":\"SearchAction\",\"target\":{\"@type\":\"EntryPoint\",\"urlTemplate\":\"https:\\\/\\\/contadoreshoy.com\\\/?s={search_term_string}\"},\"query-input\":{\"@type\":\"PropertyValueSpecification\",\"valueRequired\":true,\"valueName\":\"search_term_string\"}}],\"inLanguage\":\"es\"},{\"@type\":\"Organization\",\"@id\":\"https:\\\/\\\/contadoreshoy.com\\\/#organization\",\"name\":\"Contadores P\u00fablicos de Santander\",\"url\":\"https:\\\/\\\/contadoreshoy.com\\\/\",\"logo\":{\"@type\":\"ImageObject\",\"inLanguage\":\"es\",\"@id\":\"https:\\\/\\\/contadoreshoy.com\\\/#\\\/schema\\\/logo\\\/image\\\/\",\"url\":\"https:\\\/\\\/contadoreshoy.com\\\/wp-content\\\/uploads\\\/2024\\\/01\\\/cropped-cropped-Copia-de-M-1.jpg\",\"contentUrl\":\"https:\\\/\\\/contadoreshoy.com\\\/wp-content\\\/uploads\\\/2024\\\/01\\\/cropped-cropped-Copia-de-M-1.jpg\",\"width\":499,\"height\":500,\"caption\":\"Contadores P\u00fablicos de Santander\"},\"image\":{\"@id\":\"https:\\\/\\\/contadoreshoy.com\\\/#\\\/schema\\\/logo\\\/image\\\/\"},\"sameAs\":[\"https:\\\/\\\/www.facebook.com\\\/CCCPBucaramanga\\\/\"]},{\"@type\":\"Person\",\"@id\":\"https:\\\/\\\/contadoreshoy.com\\\/#\\\/schema\\\/person\\\/96d8979cb865537c5dc9345e40089fc5\",\"name\":\"Miguel Antonio M\u00e1rquez Monta\u00f1ez\",\"description\":\"Contador P\u00fablico egresado de la Universidad Aut\u00f3noma de Bucaramanga - Asesor contable tributario con m\u00e1s de 25 a\u00f1os de experiencia - Conferencista en temas contables y tributarios - T\u00e9cnico en Hardware y Dise\u00f1o Web - Creador y director Grupo de Estudio Colegio Colombiano de Contadores P\u00fablicos de Bucaramanga - Creador y Master Web p\u00e1gina www.contadoresp\u00fablicossantander.com - Expresidente Colegio Colombiano de Contadores P\u00fablicos Bucaramanga\",\"url\":\"https:\\\/\\\/contadoreshoy.com\\\/?author=1\"}]}<\/script>\n<!-- \/ Yoast SEO plugin. -->","yoast_head_json":{"title":"Resoluci\u00f3n 1527 de 2022 Calendario 2023 retenci\u00f3n industria y comercio Gir\u00f3n - Contadores P\u00fablicos","robots":{"index":"index","follow":"follow","max-snippet":"max-snippet:-1","max-image-preview":"max-image-preview:large","max-video-preview":"max-video-preview:-1"},"canonical":"https:\/\/contadoreshoy.com\/?p=14158","og_locale":"es_ES","og_type":"article","og_title":"Resoluci\u00f3n 1527 de 2022 Calendario 2023 retenci\u00f3n industria y comercio Gir\u00f3n - Contadores P\u00fablicos","og_description":"Resoluci\u00f3n 1527 de octubre 21 de 2022, por medio de la cual se fija el plazo para la presentaci\u00f3n y pago de la declaraci\u00f3n y liquidaci\u00f3n privada de autorretenci\u00f3n, y&#46;&#46;&#46;","og_url":"https:\/\/contadoreshoy.com\/?p=14158","og_site_name":"Contadores P\u00fablicos","article_publisher":"https:\/\/www.facebook.com\/CCCPBucaramanga\/","article_published_time":"2023-01-25T04:02:48+00:00","article_modified_time":"2023-01-25T04:15:09+00:00","og_image":[{"width":2003,"height":1167,"url":"https:\/\/contadoreshoy.com\/wp-content\/uploads\/2021\/01\/Gir\u00f3n-Calendario-retenci\u00f3n-y-autorretenci\u00f3n.png","type":"image\/png"}],"author":"Miguel Antonio M\u00e1rquez Monta\u00f1ez","twitter_card":"summary_large_image","twitter_misc":{"Escrito por":"Miguel Antonio M\u00e1rquez Monta\u00f1ez"},"schema":{"@context":"https:\/\/schema.org","@graph":[{"@type":"Article","@id":"https:\/\/contadoreshoy.com\/?p=14158#article","isPartOf":{"@id":"https:\/\/contadoreshoy.com\/?p=14158"},"author":{"name":"Miguel Antonio M\u00e1rquez Monta\u00f1ez","@id":"https:\/\/contadoreshoy.com\/#\/schema\/person\/96d8979cb865537c5dc9345e40089fc5"},"headline":"Resoluci\u00f3n 1527 de 2022 Calendario 2023 retenci\u00f3n industria y comercio Gir\u00f3n","datePublished":"2023-01-25T04:02:48+00:00","dateModified":"2023-01-25T04:15:09+00:00","mainEntityOfPage":{"@id":"https:\/\/contadoreshoy.com\/?p=14158"},"wordCount":75,"commentCount":0,"publisher":{"@id":"https:\/\/contadoreshoy.com\/#organization"},"image":{"@id":"https:\/\/contadoreshoy.com\/?p=14158#primaryimage"},"thumbnailUrl":"https:\/\/contadoreshoy.com\/wp-content\/uploads\/2021\/01\/Gir\u00f3n-Calendario-retenci\u00f3n-y-autorretenci\u00f3n.png","articleSection":{"0":"Gir\u00f3n","2":"Ultimas Noticias","3":"Uncategorized"},"inLanguage":"es","potentialAction":[{"@type":"CommentAction","name":"Comment","target":["https:\/\/contadoreshoy.com\/?p=14158#respond"]}]},{"@type":"WebPage","@id":"https:\/\/contadoreshoy.com\/?p=14158","url":"https:\/\/contadoreshoy.com\/?p=14158","name":"Resoluci\u00f3n 1527 de 2022 Calendario 2023 retenci\u00f3n industria y comercio Gir\u00f3n - Contadores P\u00fablicos","isPartOf":{"@id":"https:\/\/contadoreshoy.com\/#website"},"primaryImageOfPage":{"@id":"https:\/\/contadoreshoy.com\/?p=14158#primaryimage"},"image":{"@id":"https:\/\/contadoreshoy.com\/?p=14158#primaryimage"},"thumbnailUrl":"https:\/\/contadoreshoy.com\/wp-content\/uploads\/2021\/01\/Gir\u00f3n-Calendario-retenci\u00f3n-y-autorretenci\u00f3n.png","datePublished":"2023-01-25T04:02:48+00:00","dateModified":"2023-01-25T04:15:09+00:00","breadcrumb":{"@id":"https:\/\/contadoreshoy.com\/?p=14158#breadcrumb"},"inLanguage":"es","potentialAction":[{"@type":"ReadAction","target":["https:\/\/contadoreshoy.com\/?p=14158"]}]},{"@type":"ImageObject","inLanguage":"es","@id":"https:\/\/contadoreshoy.com\/?p=14158#primaryimage","url":"https:\/\/contadoreshoy.com\/wp-content\/uploads\/2021\/01\/Gir\u00f3n-Calendario-retenci\u00f3n-y-autorretenci\u00f3n.png","contentUrl":"https:\/\/contadoreshoy.com\/wp-content\/uploads\/2021\/01\/Gir\u00f3n-Calendario-retenci\u00f3n-y-autorretenci\u00f3n.png","width":2003,"height":1167},{"@type":"BreadcrumbList","@id":"https:\/\/contadoreshoy.com\/?p=14158#breadcrumb","itemListElement":[{"@type":"ListItem","position":1,"name":"Portada","item":"https:\/\/contadoreshoy.com\/"},{"@type":"ListItem","position":2,"name":"Resoluci\u00f3n 1527 de 2022 Calendario 2023 retenci\u00f3n industria y comercio Gir\u00f3n"}]},{"@type":"WebSite","@id":"https:\/\/contadoreshoy.com\/#website","url":"https:\/\/contadoreshoy.com\/","name":"Contadorespublicossantander","description":"Portal para Contadores P\u00fablicos y empresarios","publisher":{"@id":"https:\/\/contadoreshoy.com\/#organization"},"potentialAction":[{"@type":"SearchAction","target":{"@type":"EntryPoint","urlTemplate":"https:\/\/contadoreshoy.com\/?s={search_term_string}"},"query-input":{"@type":"PropertyValueSpecification","valueRequired":true,"valueName":"search_term_string"}}],"inLanguage":"es"},{"@type":"Organization","@id":"https:\/\/contadoreshoy.com\/#organization","name":"Contadores P\u00fablicos de Santander","url":"https:\/\/contadoreshoy.com\/","logo":{"@type":"ImageObject","inLanguage":"es","@id":"https:\/\/contadoreshoy.com\/#\/schema\/logo\/image\/","url":"https:\/\/contadoreshoy.com\/wp-content\/uploads\/2024\/01\/cropped-cropped-Copia-de-M-1.jpg","contentUrl":"https:\/\/contadoreshoy.com\/wp-content\/uploads\/2024\/01\/cropped-cropped-Copia-de-M-1.jpg","width":499,"height":500,"caption":"Contadores P\u00fablicos de Santander"},"image":{"@id":"https:\/\/contadoreshoy.com\/#\/schema\/logo\/image\/"},"sameAs":["https:\/\/www.facebook.com\/CCCPBucaramanga\/"]},{"@type":"Person","@id":"https:\/\/contadoreshoy.com\/#\/schema\/person\/96d8979cb865537c5dc9345e40089fc5","name":"Miguel Antonio M\u00e1rquez Monta\u00f1ez","description":"Contador P\u00fablico egresado de la Universidad Aut\u00f3noma de Bucaramanga - Asesor contable tributario con m\u00e1s de 25 a\u00f1os de experiencia - Conferencista en temas contables y tributarios - T\u00e9cnico en Hardware y Dise\u00f1o Web - Creador y director Grupo de Estudio Colegio Colombiano de Contadores P\u00fablicos de Bucaramanga - Creador y Master Web p\u00e1gina www.contadoresp\u00fablicossantander.com - Expresidente Colegio Colombiano de Contadores P\u00fablicos Bucaramanga","url":"https:\/\/contadoreshoy.com\/?author=1"}]}},"_links":{"self":[{"href":"https:\/\/contadoreshoy.com\/index.php?rest_route=\/wp\/v2\/posts\/14158","targetHints":{"allow":["GET"]}}],"collection":[{"href":"https:\/\/contadoreshoy.com\/index.php?rest_route=\/wp\/v2\/posts"}],"about":[{"href":"https:\/\/contadoreshoy.com\/index.php?rest_route=\/wp\/v2\/types\/post"}],"author":[{"embeddable":true,"href":"https:\/\/contadoreshoy.com\/index.php?rest_route=\/wp\/v2\/users\/1"}],"replies":[{"embeddable":true,"href":"https:\/\/contadoreshoy.com\/index.php?rest_route=%2Fwp%2Fv2%2Fcomments&post=14158"}],"version-history":[{"count":2,"href":"https:\/\/contadoreshoy.com\/index.php?rest_route=\/wp\/v2\/posts\/14158\/revisions"}],"predecessor-version":[{"id":14165,"href":"https:\/\/contadoreshoy.com\/index.php?rest_route=\/wp\/v2\/posts\/14158\/revisions\/14165"}],"wp:featuredmedia":[{"embeddable":true,"href":"https:\/\/contadoreshoy.com\/index.php?rest_route=\/wp\/v2\/media\/13018"}],"wp:attachment":[{"href":"https:\/\/contadoreshoy.com\/index.php?rest_route=%2Fwp%2Fv2%2Fmedia&parent=14158"}],"wp:term":[{"taxonomy":"category","embeddable":true,"href":"https:\/\/contadoreshoy.com\/index.php?rest_route=%2Fwp%2Fv2%2Fcategories&post=14158"},{"taxonomy":"post_tag","embeddable":true,"href":"https:\/\/contadoreshoy.com\/index.php?rest_route=%2Fwp%2Fv2%2Ftags&post=14158"}],"curies":[{"name":"wp","href":"https:\/\/api.w.org\/{rel}","templated":true}]}}