{"id":14313,"date":"2023-08-01T11:15:57","date_gmt":"2023-08-01T16:15:57","guid":{"rendered":"https:\/\/contadoreshoy.com\/?p=14313"},"modified":"2023-08-01T11:21:58","modified_gmt":"2023-08-01T16:21:58","slug":"consejo-de-estado-declara-nulo-limite-mensual-a-rentas-exentas-y-deducibles-en-aplicacion-de-retencion-en-la-fuente","status":"publish","type":"post","link":"https:\/\/contadoreshoy.com\/?p=14313","title":{"rendered":"Consejo de Estado declara nulo l\u00edmite mensual a rentas exentas y deducibles en aplicaci\u00f3n de retenci\u00f3n en la fuente"},"content":{"rendered":"\n<h2 class=\"wp-block-heading\">Consejo de Estado declara nulo l\u00edmite mensual a rentas exentas y deducibles en aplicaci\u00f3n de retenci\u00f3n de la fuente<\/h2>\n\n\n\n<p class=\"has-text-align-justify wp-block-paragraph\">Eso significa que ya no estar\u00e1 vigente en el ordenamiento jur\u00eddico el tope de 420 unidades de valor tributario (UVT) como valor m\u00e1ximo sujeto al beneficio, en los t\u00e9rminos del par\u00e1grafo 3 del art\u00edculo 1.2.4.1.6. del Decreto 1625 del 2016, expedido por la cartera econ\u00f3mica (para calcular el l\u00edmite mensual de las rentas exentas o deducibles del impuesto, se debe tener en cuenta el valor que la Direcci\u00f3n de Impuestos y Aduanas Nacionales, DIAN, fije para el respectivo a\u00f1o y multiplicarlo por 420).<\/p>\n\n\n\n<p class=\"has-text-align-justify wp-block-paragraph\">El Consejo de Estado declar\u00f3 nulo el l\u00edmite mensual que el Ministerio de Hacienda impuso para aplicar la retenci\u00f3n en la fuente a exenciones y deducciones de renta de personas naturales de la reforma tributaria del 2016.<\/p>\n\n\n\n<p class=\"wp-block-paragraph\"><\/p>\n\n\n\n<p class=\"has-text-align-justify wp-block-paragraph\">La norma que conten\u00eda este mandato fue objeto de una demanda de nulidad a instancias del Consejo de Estado. Seg\u00fan el accionante, el decreto establece que, para efectos de exenciones y deducciones, el l\u00edmite anual era de 5.040 UVT y de 420 por mes. Agreg\u00f3 que los aportes a fondos de pensiones o los aportes a cuentas AFC, que generalmente se hacen en junio y diciembre, se hacen por montos superiores al l\u00edmite de esos 420 UVT. Para \u00e9l, ello evidencia que, si se aplica el tope mensual, los contribuyentes perder\u00edan el beneficio para ese tipo de aportes, aun cuando cumpliesen el l\u00edmite anual previsto en el decreto y por la misma ley.<\/p>\n\n\n\n<p class=\"has-text-align-justify wp-block-paragraph\">El Consejo de Estado declar\u00f3 nulo el aparte demandado. Como lo se\u00f1al\u00f3 el demandante, sostuvo que ser\u00eda inequitativo aplicar el l\u00edmite mensual all\u00ed referido (420 UVT), cuando retenciones en la fuente sobre aportes a cuentas AFC y Fondos de Pensiones superiores al valor tope mensual de UVT no puede ser objeto del beneficio que est\u00e1 previsto en la ley, siempre que se cumpla el l\u00edmite anual (5.020 UVT) de deducciones exenciones en el impuesto de renta.<\/p>\n\n\n\n<p class=\"wp-block-paragraph\"><a href=\"https:\/\/consejodeestado.gov.co\/news\/15.2-Mar-2022.htm\" target=\"_blank\" rel=\"noreferrer noopener\">Para descargar sentencia dar clic en este enlace<\/a><\/p>\n","protected":false},"excerpt":{"rendered":"<p>Consejo de Estado declara nulo l\u00edmite mensual a rentas exentas y deducibles en aplicaci\u00f3n de retenci\u00f3n de la fuente Eso significa que ya no estar\u00e1 vigente en el ordenamiento jur\u00eddico&#46;&#46;&#46;<\/p>\n","protected":false},"author":1,"featured_media":14315,"comment_status":"open","ping_status":"open","sticky":false,"template":"","format":"standard","meta":{"_monsterinsights_skip_tracking":false,"ngg_post_thumbnail":0,"footnotes":"","_links_to":"","_links_to_target":""},"categories":[454,458,1],"tags":[],"class_list":["post-14313","post","type-post","status-publish","format-standard","has-post-thumbnail","hentry","category-sin-categoria","category-ultimas","category-uncategorized"],"aioseo_notices":[],"aioseo_head":"\n\t\t<!-- All in One SEO 5.0.1.1 - aioseo.com -->\n\t<meta name=\"description\" content=\"Consejo de Estado declara nulo l\u00edmite mensual a rentas exentas y deducibles en aplicaci\u00f3n de retenci\u00f3n de la fuente Eso significa que ya no estar\u00e1 vigente en el ordenamiento jur\u00eddico el tope de 420 unidades de valor tributario (UVT) como valor m\u00e1ximo sujeto al beneficio, en los t\u00e9rminos del par\u00e1grafo 3 del art\u00edculo 1.2.4.1.6. del\" \/>\n\t<meta name=\"robots\" content=\"max-image-preview:large\" \/>\n\t<meta name=\"author\" content=\"Miguel Antonio M\u00e1rquez Monta\u00f1ez\"\/>\n\t<link rel=\"canonical\" href=\"https:\/\/contadoreshoy.com\/?p=14313\" \/>\n\t<meta name=\"generator\" content=\"All in One SEO (AIOSEO) 5.0.1.1\" \/>\n\t\t<meta property=\"og:locale\" content=\"es_ES\" \/>\n\t\t<meta property=\"og:site_name\" content=\"Contadores P\u00fablicos - Portal para Contadores P\u00fablicos y empresarios\" \/>\n\t\t<meta property=\"og:type\" content=\"article\" \/>\n\t\t<meta property=\"og:title\" content=\"Consejo de Estado declara nulo l\u00edmite mensual a rentas exentas y deducibles en aplicaci\u00f3n de retenci\u00f3n en la fuente - Contadores P\u00fablicos\" \/>\n\t\t<meta property=\"og:description\" content=\"Consejo de Estado declara nulo l\u00edmite mensual a rentas exentas y deducibles en aplicaci\u00f3n de retenci\u00f3n de la fuente Eso significa que ya no estar\u00e1 vigente en el ordenamiento jur\u00eddico el tope de 420 unidades de valor tributario (UVT) como valor m\u00e1ximo sujeto al beneficio, en los t\u00e9rminos del par\u00e1grafo 3 del art\u00edculo 1.2.4.1.6. del\" \/>\n\t\t<meta property=\"og:url\" content=\"https:\/\/contadoreshoy.com\/?p=14313\" \/>\n\t\t<meta property=\"og:image\" content=\"https:\/\/contadoreshoy.com\/wp-content\/uploads\/2024\/01\/cropped-cropped-cropped-Copia-de-M.jpg\" \/>\n\t\t<meta property=\"og:image:secure_url\" content=\"https:\/\/contadoreshoy.com\/wp-content\/uploads\/2024\/01\/cropped-cropped-cropped-Copia-de-M.jpg\" \/>\n\t\t<meta property=\"og:image:width\" content=\"512\" \/>\n\t\t<meta property=\"og:image:height\" content=\"371\" \/>\n\t\t<meta property=\"article:published_time\" content=\"2023-08-01T16:15:57+00:00\" \/>\n\t\t<meta property=\"article:modified_time\" content=\"2023-08-01T16:21:58+00:00\" \/>\n\t\t<meta name=\"twitter:card\" content=\"summary_large_image\" \/>\n\t\t<meta name=\"twitter:title\" content=\"Consejo de Estado declara nulo l\u00edmite mensual a rentas exentas y deducibles en aplicaci\u00f3n de retenci\u00f3n en la fuente - Contadores P\u00fablicos\" \/>\n\t\t<meta name=\"twitter:description\" content=\"Consejo de Estado declara nulo l\u00edmite mensual a rentas exentas y deducibles en aplicaci\u00f3n de retenci\u00f3n de la fuente Eso significa que ya no estar\u00e1 vigente en el ordenamiento jur\u00eddico el tope de 420 unidades de valor tributario (UVT) como valor m\u00e1ximo sujeto al beneficio, en los t\u00e9rminos del par\u00e1grafo 3 del art\u00edculo 1.2.4.1.6. del\" \/>\n\t\t<meta name=\"twitter:image\" content=\"https:\/\/contadoreshoy.com\/wp-content\/uploads\/2024\/01\/cropped-cropped-cropped-Copia-de-M.jpg\" \/>\n\t\t<script type=\"application\/ld+json\" class=\"aioseo-schema\">\n\t\t\t{\"@context\":\"https:\\\/\\\/schema.org\",\"@graph\":[{\"@type\":\"BlogPosting\",\"@id\":\"https:\\\/\\\/contadoreshoy.com\\\/?p=14313#blogposting\",\"name\":\"Consejo de Estado declara nulo l\\u00edmite mensual a rentas exentas y deducibles en aplicaci\\u00f3n de retenci\\u00f3n en la fuente - Contadores P\\u00fablicos\",\"headline\":\"Consejo de Estado declara nulo l\\u00edmite mensual a rentas exentas y deducibles en aplicaci\\u00f3n de retenci\\u00f3n en la fuente\",\"author\":{\"@id\":\"https:\\\/\\\/contadoreshoy.com\\\/?author=1#author\"},\"publisher\":{\"@id\":\"https:\\\/\\\/contadoreshoy.com\\\/#organization\"},\"image\":{\"@type\":\"ImageObject\",\"url\":\"https:\\\/\\\/contadoreshoy.com\\\/wp-content\\\/uploads\\\/2023\\\/08\\\/consejo-estado-cartel-toga-libardo-espitia.jpg\",\"width\":700,\"height\":300},\"datePublished\":\"2023-08-01T11:15:57-05:00\",\"dateModified\":\"2023-08-01T11:21:58-05:00\",\"inLanguage\":\"es-ES\",\"mainEntityOfPage\":{\"@id\":\"https:\\\/\\\/contadoreshoy.com\\\/?p=14313#webpage\"},\"isPartOf\":{\"@id\":\"https:\\\/\\\/contadoreshoy.com\\\/?p=14313#webpage\"},\"articleSection\":\"Sin categor\\u00eda, Ultimas Noticias, Uncategorized\"},{\"@type\":\"BreadcrumbList\",\"@id\":\"https:\\\/\\\/contadoreshoy.com\\\/?p=14313#breadcrumblist\",\"itemListElement\":[{\"@type\":\"ListItem\",\"@id\":\"https:\\\/\\\/contadoreshoy.com#listItem\",\"position\":1,\"name\":\"Home\",\"item\":\"https:\\\/\\\/contadoreshoy.com\",\"nextItem\":{\"@type\":\"ListItem\",\"@id\":\"https:\\\/\\\/contadoreshoy.com\\\/?cat=1#listItem\",\"name\":\"Uncategorized\"}},{\"@type\":\"ListItem\",\"@id\":\"https:\\\/\\\/contadoreshoy.com\\\/?cat=1#listItem\",\"position\":2,\"name\":\"Uncategorized\",\"item\":\"https:\\\/\\\/contadoreshoy.com\\\/?cat=1\",\"nextItem\":{\"@type\":\"ListItem\",\"@id\":\"https:\\\/\\\/contadoreshoy.com\\\/?p=14313#listItem\",\"name\":\"Consejo de Estado declara nulo l\\u00edmite mensual a rentas exentas y deducibles en aplicaci\\u00f3n de retenci\\u00f3n en la fuente\"},\"previousItem\":{\"@type\":\"ListItem\",\"@id\":\"https:\\\/\\\/contadoreshoy.com#listItem\",\"name\":\"Home\"}},{\"@type\":\"ListItem\",\"@id\":\"https:\\\/\\\/contadoreshoy.com\\\/?p=14313#listItem\",\"position\":3,\"name\":\"Consejo de Estado declara nulo l\\u00edmite mensual a rentas exentas y deducibles en aplicaci\\u00f3n de retenci\\u00f3n en la fuente\",\"previousItem\":{\"@type\":\"ListItem\",\"@id\":\"https:\\\/\\\/contadoreshoy.com\\\/?cat=1#listItem\",\"name\":\"Uncategorized\"}}]},{\"@type\":\"Organization\",\"@id\":\"https:\\\/\\\/contadoreshoy.com\\\/#organization\",\"name\":\"Contadores P\\u00fablicos\",\"description\":\"Portal para Contadores P\\u00fablicos y empresarios\",\"url\":\"https:\\\/\\\/contadoreshoy.com\\\/\",\"logo\":{\"@type\":\"ImageObject\",\"url\":\"https:\\\/\\\/contadoreshoy.com\\\/wp-content\\\/uploads\\\/2024\\\/01\\\/cropped-cropped-Copia-de-M-1.jpg\",\"@id\":\"https:\\\/\\\/contadoreshoy.com\\\/?p=14313\\\/#organizationLogo\",\"width\":499,\"height\":500},\"image\":{\"@id\":\"https:\\\/\\\/contadoreshoy.com\\\/?p=14313\\\/#organizationLogo\"}},{\"@type\":\"Person\",\"@id\":\"https:\\\/\\\/contadoreshoy.com\\\/?author=1#author\",\"url\":\"https:\\\/\\\/contadoreshoy.com\\\/?author=1\",\"name\":\"Miguel Antonio M\\u00e1rquez Monta\\u00f1ez\"},{\"@type\":\"WebPage\",\"@id\":\"https:\\\/\\\/contadoreshoy.com\\\/?p=14313#webpage\",\"url\":\"https:\\\/\\\/contadoreshoy.com\\\/?p=14313\",\"name\":\"Consejo de Estado declara nulo l\\u00edmite mensual a rentas exentas y deducibles en aplicaci\\u00f3n de retenci\\u00f3n en la fuente - Contadores P\\u00fablicos\",\"description\":\"Consejo de Estado declara nulo l\\u00edmite mensual a rentas exentas y deducibles en aplicaci\\u00f3n de retenci\\u00f3n de la fuente Eso significa que ya no estar\\u00e1 vigente en el ordenamiento jur\\u00eddico el tope de 420 unidades de valor tributario (UVT) como valor m\\u00e1ximo sujeto al beneficio, en los t\\u00e9rminos del par\\u00e1grafo 3 del art\\u00edculo 1.2.4.1.6. del\",\"inLanguage\":\"es-ES\",\"isPartOf\":{\"@id\":\"https:\\\/\\\/contadoreshoy.com\\\/#website\"},\"breadcrumb\":{\"@id\":\"https:\\\/\\\/contadoreshoy.com\\\/?p=14313#breadcrumblist\"},\"author\":{\"@id\":\"https:\\\/\\\/contadoreshoy.com\\\/?author=1#author\"},\"creator\":{\"@id\":\"https:\\\/\\\/contadoreshoy.com\\\/?author=1#author\"},\"image\":{\"@type\":\"ImageObject\",\"url\":\"https:\\\/\\\/contadoreshoy.com\\\/wp-content\\\/uploads\\\/2023\\\/08\\\/consejo-estado-cartel-toga-libardo-espitia.jpg\",\"@id\":\"https:\\\/\\\/contadoreshoy.com\\\/?p=14313\\\/#mainImage\",\"width\":700,\"height\":300},\"primaryImageOfPage\":{\"@id\":\"https:\\\/\\\/contadoreshoy.com\\\/?p=14313#mainImage\"},\"datePublished\":\"2023-08-01T11:15:57-05:00\",\"dateModified\":\"2023-08-01T11:21:58-05:00\"},{\"@type\":\"WebSite\",\"@id\":\"https:\\\/\\\/contadoreshoy.com\\\/#website\",\"url\":\"https:\\\/\\\/contadoreshoy.com\\\/\",\"name\":\"Contadores P\\u00fablicos\",\"description\":\"Portal para Contadores P\\u00fablicos y empresarios\",\"inLanguage\":\"es-ES\",\"publisher\":{\"@id\":\"https:\\\/\\\/contadoreshoy.com\\\/#organization\"}}]}\n\t\t<\/script>\n\t\t<!-- All in One SEO -->\n\n","aioseo_head_json":{"title":"Consejo de Estado declara nulo l\u00edmite mensual a rentas exentas y deducibles en aplicaci\u00f3n de retenci\u00f3n en la fuente - Contadores P\u00fablicos","description":"Consejo de Estado declara nulo l\u00edmite mensual a rentas exentas y deducibles en aplicaci\u00f3n de retenci\u00f3n de la fuente Eso significa que ya no estar\u00e1 vigente en el ordenamiento jur\u00eddico el tope de 420 unidades de valor tributario (UVT) como valor m\u00e1ximo sujeto al beneficio, en los t\u00e9rminos del par\u00e1grafo 3 del art\u00edculo 1.2.4.1.6. del","canonical_url":"https:\/\/contadoreshoy.com\/?p=14313","robots":"max-image-preview:large","keywords":"","webmasterTools":{"miscellaneous":""},"schema":{"@context":"https:\/\/schema.org","@graph":[{"@type":"BlogPosting","@id":"https:\/\/contadoreshoy.com\/?p=14313#blogposting","name":"Consejo de Estado declara nulo l\u00edmite mensual a rentas exentas y deducibles en aplicaci\u00f3n de retenci\u00f3n en la fuente - Contadores P\u00fablicos","headline":"Consejo de Estado declara nulo l\u00edmite mensual a rentas exentas y deducibles en aplicaci\u00f3n de retenci\u00f3n en la fuente","author":{"@id":"https:\/\/contadoreshoy.com\/?author=1#author"},"publisher":{"@id":"https:\/\/contadoreshoy.com\/#organization"},"image":{"@type":"ImageObject","url":"https:\/\/contadoreshoy.com\/wp-content\/uploads\/2023\/08\/consejo-estado-cartel-toga-libardo-espitia.jpg","width":700,"height":300},"datePublished":"2023-08-01T11:15:57-05:00","dateModified":"2023-08-01T11:21:58-05:00","inLanguage":"es-ES","mainEntityOfPage":{"@id":"https:\/\/contadoreshoy.com\/?p=14313#webpage"},"isPartOf":{"@id":"https:\/\/contadoreshoy.com\/?p=14313#webpage"},"articleSection":"Sin categor\u00eda, Ultimas Noticias, Uncategorized"},{"@type":"BreadcrumbList","@id":"https:\/\/contadoreshoy.com\/?p=14313#breadcrumblist","itemListElement":[{"@type":"ListItem","@id":"https:\/\/contadoreshoy.com#listItem","position":1,"name":"Home","item":"https:\/\/contadoreshoy.com","nextItem":{"@type":"ListItem","@id":"https:\/\/contadoreshoy.com\/?cat=1#listItem","name":"Uncategorized"}},{"@type":"ListItem","@id":"https:\/\/contadoreshoy.com\/?cat=1#listItem","position":2,"name":"Uncategorized","item":"https:\/\/contadoreshoy.com\/?cat=1","nextItem":{"@type":"ListItem","@id":"https:\/\/contadoreshoy.com\/?p=14313#listItem","name":"Consejo de Estado declara nulo l\u00edmite mensual a rentas exentas y deducibles en aplicaci\u00f3n de retenci\u00f3n en la fuente"},"previousItem":{"@type":"ListItem","@id":"https:\/\/contadoreshoy.com#listItem","name":"Home"}},{"@type":"ListItem","@id":"https:\/\/contadoreshoy.com\/?p=14313#listItem","position":3,"name":"Consejo de Estado declara nulo l\u00edmite mensual a rentas exentas y deducibles en aplicaci\u00f3n de retenci\u00f3n en la fuente","previousItem":{"@type":"ListItem","@id":"https:\/\/contadoreshoy.com\/?cat=1#listItem","name":"Uncategorized"}}]},{"@type":"Organization","@id":"https:\/\/contadoreshoy.com\/#organization","name":"Contadores P\u00fablicos","description":"Portal para Contadores P\u00fablicos y empresarios","url":"https:\/\/contadoreshoy.com\/","logo":{"@type":"ImageObject","url":"https:\/\/contadoreshoy.com\/wp-content\/uploads\/2024\/01\/cropped-cropped-Copia-de-M-1.jpg","@id":"https:\/\/contadoreshoy.com\/?p=14313\/#organizationLogo","width":499,"height":500},"image":{"@id":"https:\/\/contadoreshoy.com\/?p=14313\/#organizationLogo"}},{"@type":"Person","@id":"https:\/\/contadoreshoy.com\/?author=1#author","url":"https:\/\/contadoreshoy.com\/?author=1","name":"Miguel Antonio M\u00e1rquez Monta\u00f1ez"},{"@type":"WebPage","@id":"https:\/\/contadoreshoy.com\/?p=14313#webpage","url":"https:\/\/contadoreshoy.com\/?p=14313","name":"Consejo de Estado declara nulo l\u00edmite mensual a rentas exentas y deducibles en aplicaci\u00f3n de retenci\u00f3n en la fuente - Contadores P\u00fablicos","description":"Consejo de Estado declara nulo l\u00edmite mensual a rentas exentas y deducibles en aplicaci\u00f3n de retenci\u00f3n de la fuente Eso significa que ya no estar\u00e1 vigente en el ordenamiento jur\u00eddico el tope de 420 unidades de valor tributario (UVT) como valor m\u00e1ximo sujeto al beneficio, en los t\u00e9rminos del par\u00e1grafo 3 del art\u00edculo 1.2.4.1.6. del","inLanguage":"es-ES","isPartOf":{"@id":"https:\/\/contadoreshoy.com\/#website"},"breadcrumb":{"@id":"https:\/\/contadoreshoy.com\/?p=14313#breadcrumblist"},"author":{"@id":"https:\/\/contadoreshoy.com\/?author=1#author"},"creator":{"@id":"https:\/\/contadoreshoy.com\/?author=1#author"},"image":{"@type":"ImageObject","url":"https:\/\/contadoreshoy.com\/wp-content\/uploads\/2023\/08\/consejo-estado-cartel-toga-libardo-espitia.jpg","@id":"https:\/\/contadoreshoy.com\/?p=14313\/#mainImage","width":700,"height":300},"primaryImageOfPage":{"@id":"https:\/\/contadoreshoy.com\/?p=14313#mainImage"},"datePublished":"2023-08-01T11:15:57-05:00","dateModified":"2023-08-01T11:21:58-05:00"},{"@type":"WebSite","@id":"https:\/\/contadoreshoy.com\/#website","url":"https:\/\/contadoreshoy.com\/","name":"Contadores P\u00fablicos","description":"Portal para Contadores P\u00fablicos y empresarios","inLanguage":"es-ES","publisher":{"@id":"https:\/\/contadoreshoy.com\/#organization"}}]},"og:locale":"es_ES","og:site_name":"Contadores P\u00fablicos - Portal para Contadores P\u00fablicos y empresarios","og:type":"article","og:title":"Consejo de Estado declara nulo l\u00edmite mensual a rentas exentas y deducibles en aplicaci\u00f3n de retenci\u00f3n en la fuente - Contadores P\u00fablicos","og:description":"Consejo de Estado declara nulo l\u00edmite mensual a rentas exentas y deducibles en aplicaci\u00f3n de retenci\u00f3n de la fuente Eso significa que ya no estar\u00e1 vigente en el ordenamiento jur\u00eddico el tope de 420 unidades de valor tributario (UVT) como valor m\u00e1ximo sujeto al beneficio, en los t\u00e9rminos del par\u00e1grafo 3 del art\u00edculo 1.2.4.1.6. del","og:url":"https:\/\/contadoreshoy.com\/?p=14313","og:image":"https:\/\/contadoreshoy.com\/wp-content\/uploads\/2024\/01\/cropped-cropped-cropped-Copia-de-M.jpg","og:image:secure_url":"https:\/\/contadoreshoy.com\/wp-content\/uploads\/2024\/01\/cropped-cropped-cropped-Copia-de-M.jpg","og:image:width":512,"og:image:height":371,"article:published_time":"2023-08-01T16:15:57+00:00","article:modified_time":"2023-08-01T16:21:58+00:00","twitter:card":"summary_large_image","twitter:title":"Consejo de Estado declara nulo l\u00edmite mensual a rentas exentas y deducibles en aplicaci\u00f3n de retenci\u00f3n en la fuente - Contadores P\u00fablicos","twitter:description":"Consejo de Estado declara nulo l\u00edmite mensual a rentas exentas y deducibles en aplicaci\u00f3n de retenci\u00f3n de la fuente Eso significa que ya no estar\u00e1 vigente en el ordenamiento jur\u00eddico el tope de 420 unidades de valor tributario (UVT) como valor m\u00e1ximo sujeto al beneficio, en los t\u00e9rminos del par\u00e1grafo 3 del art\u00edculo 1.2.4.1.6. del","twitter:image":"https:\/\/contadoreshoy.com\/wp-content\/uploads\/2024\/01\/cropped-cropped-cropped-Copia-de-M.jpg"},"aioseo_meta_data":{"post_id":"14313","title":null,"description":null,"keywords":null,"keyphrases":null,"primary_term":null,"canonical_url":null,"og_title":null,"og_description":null,"og_object_type":"default","og_image_type":"default","og_image_url":null,"og_image_width":null,"og_image_height":null,"og_image_custom_url":null,"og_image_custom_fields":null,"og_video":null,"og_custom_url":null,"og_article_section":null,"og_article_tags":null,"twitter_use_og":false,"twitter_card":"default","twitter_image_type":"default","twitter_image_url":null,"twitter_image_custom_url":null,"twitter_image_custom_fields":null,"twitter_title":null,"twitter_description":null,"schema":{"blockGraphs":[],"customGraphs":[],"default":{"data":{"Article":[],"Course":[],"Dataset":[],"FAQPage":[],"Movie":[],"Person":[],"Product":[],"ProductReview":[],"Car":[],"Recipe":[],"Service":[],"SoftwareApplication":[],"WebPage":[]},"graphName":"","isEnabled":true},"graphs":[]},"schema_type":"default","schema_type_options":null,"pillar_content":false,"robots_default":true,"robots_noindex":false,"robots_noarchive":false,"robots_nosnippet":false,"robots_nofollow":false,"robots_noimageindex":false,"robots_noodp":false,"robots_notranslate":false,"robots_max_snippet":null,"robots_max_videopreview":null,"robots_max_imagepreview":"large","priority":null,"frequency":null,"local_seo":null,"breadcrumb_settings":null,"limit_modified_date":false,"ai":null,"created":"2024-03-05 02:45:32","updated":"2026-03-03 05:47:14","seo_analyzer_scan_date":null,"focus_keyword":null,"additional_keywords":null,"truseo_locale":null},"aioseo_breadcrumb":"<div class=\"aioseo-breadcrumbs\"><span class=\"aioseo-breadcrumb\">\n\t\t\t<a href=\"https:\/\/contadoreshoy.com\" title=\"Home\">Home<\/a>\n\t\t<\/span><span class=\"aioseo-breadcrumb-separator\">&raquo;<\/span><span class=\"aioseo-breadcrumb\">\n\t\t\t<a href=\"https:\/\/contadoreshoy.com\/?cat=1\" title=\"Uncategorized\">Uncategorized<\/a>\n\t\t<\/span><span class=\"aioseo-breadcrumb-separator\">&raquo;<\/span><span class=\"aioseo-breadcrumb\">\n\t\t\tConsejo de Estado declara nulo l\u00edmite mensual a rentas exentas y deducibles en aplicaci\u00f3n de retenci\u00f3n en la fuente\n\t\t<\/span><\/div>","aioseo_breadcrumb_json":[{"label":"Home","link":"https:\/\/contadoreshoy.com"},{"label":"Uncategorized","link":"https:\/\/contadoreshoy.com\/?cat=1"},{"label":"Consejo de Estado declara nulo l\u00edmite mensual a rentas exentas y deducibles en aplicaci\u00f3n de retenci\u00f3n en la fuente","link":"https:\/\/contadoreshoy.com\/?p=14313"}],"yoast_head":"<!-- This site is optimized with the Yoast SEO plugin v28.4 - https:\/\/yoast.com\/product\/yoast-seo-wordpress\/ -->\n<title>Consejo de Estado declara nulo l\u00edmite mensual a rentas exentas y deducibles en aplicaci\u00f3n de retenci\u00f3n en la fuente - Contadores P\u00fablicos<\/title>\n<meta name=\"robots\" content=\"index, follow, max-snippet:-1, max-image-preview:large, max-video-preview:-1\" \/>\n<link rel=\"canonical\" href=\"https:\/\/contadoreshoy.com\/?p=14313\" \/>\n<meta property=\"og:locale\" content=\"es_ES\" \/>\n<meta property=\"og:type\" content=\"article\" \/>\n<meta property=\"og:title\" content=\"Consejo de Estado declara nulo l\u00edmite mensual a rentas exentas y deducibles en aplicaci\u00f3n de retenci\u00f3n en la fuente - Contadores P\u00fablicos\" \/>\n<meta property=\"og:description\" content=\"Consejo de Estado declara nulo l\u00edmite mensual a rentas exentas y deducibles en aplicaci\u00f3n de retenci\u00f3n de la fuente Eso significa que ya no estar\u00e1 vigente en el ordenamiento jur\u00eddico&#046;&#046;&#046;\" \/>\n<meta property=\"og:url\" content=\"https:\/\/contadoreshoy.com\/?p=14313\" \/>\n<meta property=\"og:site_name\" content=\"Contadores P\u00fablicos\" \/>\n<meta property=\"article:publisher\" content=\"https:\/\/www.facebook.com\/CCCPBucaramanga\/\" \/>\n<meta property=\"article:published_time\" content=\"2023-08-01T16:15:57+00:00\" \/>\n<meta property=\"article:modified_time\" content=\"2023-08-01T16:21:58+00:00\" \/>\n<meta property=\"og:image\" content=\"https:\/\/contadoreshoy.com\/wp-content\/uploads\/2023\/08\/consejo-estado-cartel-toga-libardo-espitia.jpg\" \/>\n\t<meta property=\"og:image:width\" content=\"700\" \/>\n\t<meta property=\"og:image:height\" content=\"300\" \/>\n\t<meta property=\"og:image:type\" content=\"image\/jpeg\" \/>\n<meta name=\"author\" content=\"Miguel Antonio M\u00e1rquez Monta\u00f1ez\" \/>\n<meta name=\"twitter:card\" content=\"summary_large_image\" \/>\n<meta name=\"twitter:label1\" content=\"Escrito por\" \/>\n\t<meta name=\"twitter:data1\" content=\"Miguel Antonio M\u00e1rquez Monta\u00f1ez\" \/>\n\t<meta name=\"twitter:label2\" content=\"Tiempo de lectura\" \/>\n\t<meta name=\"twitter:data2\" content=\"2 minutos\" \/>\n<script type=\"application\/ld+json\" class=\"yoast-schema-graph\">{\"@context\":\"https:\\\/\\\/schema.org\",\"@graph\":[{\"@type\":\"Article\",\"@id\":\"https:\\\/\\\/contadoreshoy.com\\\/?p=14313#article\",\"isPartOf\":{\"@id\":\"https:\\\/\\\/contadoreshoy.com\\\/?p=14313\"},\"author\":{\"name\":\"Miguel Antonio M\u00e1rquez Monta\u00f1ez\",\"@id\":\"https:\\\/\\\/contadoreshoy.com\\\/#\\\/schema\\\/person\\\/96d8979cb865537c5dc9345e40089fc5\"},\"headline\":\"Consejo de Estado declara nulo l\u00edmite mensual a rentas exentas y deducibles en aplicaci\u00f3n de retenci\u00f3n en la fuente\",\"datePublished\":\"2023-08-01T16:15:57+00:00\",\"dateModified\":\"2023-08-01T16:21:58+00:00\",\"mainEntityOfPage\":{\"@id\":\"https:\\\/\\\/contadoreshoy.com\\\/?p=14313\"},\"wordCount\":370,\"commentCount\":0,\"publisher\":{\"@id\":\"https:\\\/\\\/contadoreshoy.com\\\/#organization\"},\"image\":{\"@id\":\"https:\\\/\\\/contadoreshoy.com\\\/?p=14313#primaryimage\"},\"thumbnailUrl\":\"https:\\\/\\\/contadoreshoy.com\\\/wp-content\\\/uploads\\\/2023\\\/08\\\/consejo-estado-cartel-toga-libardo-espitia.jpg\",\"articleSection\":{\"1\":\"Ultimas Noticias\",\"2\":\"Uncategorized\"},\"inLanguage\":\"es\",\"potentialAction\":[{\"@type\":\"CommentAction\",\"name\":\"Comment\",\"target\":[\"https:\\\/\\\/contadoreshoy.com\\\/?p=14313#respond\"]}]},{\"@type\":\"WebPage\",\"@id\":\"https:\\\/\\\/contadoreshoy.com\\\/?p=14313\",\"url\":\"https:\\\/\\\/contadoreshoy.com\\\/?p=14313\",\"name\":\"Consejo de Estado declara nulo l\u00edmite mensual a rentas exentas y deducibles en aplicaci\u00f3n de retenci\u00f3n en la fuente - Contadores P\u00fablicos\",\"isPartOf\":{\"@id\":\"https:\\\/\\\/contadoreshoy.com\\\/#website\"},\"primaryImageOfPage\":{\"@id\":\"https:\\\/\\\/contadoreshoy.com\\\/?p=14313#primaryimage\"},\"image\":{\"@id\":\"https:\\\/\\\/contadoreshoy.com\\\/?p=14313#primaryimage\"},\"thumbnailUrl\":\"https:\\\/\\\/contadoreshoy.com\\\/wp-content\\\/uploads\\\/2023\\\/08\\\/consejo-estado-cartel-toga-libardo-espitia.jpg\",\"datePublished\":\"2023-08-01T16:15:57+00:00\",\"dateModified\":\"2023-08-01T16:21:58+00:00\",\"breadcrumb\":{\"@id\":\"https:\\\/\\\/contadoreshoy.com\\\/?p=14313#breadcrumb\"},\"inLanguage\":\"es\",\"potentialAction\":[{\"@type\":\"ReadAction\",\"target\":[\"https:\\\/\\\/contadoreshoy.com\\\/?p=14313\"]}]},{\"@type\":\"ImageObject\",\"inLanguage\":\"es\",\"@id\":\"https:\\\/\\\/contadoreshoy.com\\\/?p=14313#primaryimage\",\"url\":\"https:\\\/\\\/contadoreshoy.com\\\/wp-content\\\/uploads\\\/2023\\\/08\\\/consejo-estado-cartel-toga-libardo-espitia.jpg\",\"contentUrl\":\"https:\\\/\\\/contadoreshoy.com\\\/wp-content\\\/uploads\\\/2023\\\/08\\\/consejo-estado-cartel-toga-libardo-espitia.jpg\",\"width\":700,\"height\":300},{\"@type\":\"BreadcrumbList\",\"@id\":\"https:\\\/\\\/contadoreshoy.com\\\/?p=14313#breadcrumb\",\"itemListElement\":[{\"@type\":\"ListItem\",\"position\":1,\"name\":\"Portada\",\"item\":\"https:\\\/\\\/contadoreshoy.com\\\/\"},{\"@type\":\"ListItem\",\"position\":2,\"name\":\"Consejo de Estado declara nulo l\u00edmite mensual a rentas exentas y deducibles en aplicaci\u00f3n de retenci\u00f3n en la fuente\"}]},{\"@type\":\"WebSite\",\"@id\":\"https:\\\/\\\/contadoreshoy.com\\\/#website\",\"url\":\"https:\\\/\\\/contadoreshoy.com\\\/\",\"name\":\"Contadorespublicossantander\",\"description\":\"Portal para Contadores P\u00fablicos y empresarios\",\"publisher\":{\"@id\":\"https:\\\/\\\/contadoreshoy.com\\\/#organization\"},\"potentialAction\":[{\"@type\":\"SearchAction\",\"target\":{\"@type\":\"EntryPoint\",\"urlTemplate\":\"https:\\\/\\\/contadoreshoy.com\\\/?s={search_term_string}\"},\"query-input\":{\"@type\":\"PropertyValueSpecification\",\"valueRequired\":true,\"valueName\":\"search_term_string\"}}],\"inLanguage\":\"es\"},{\"@type\":\"Organization\",\"@id\":\"https:\\\/\\\/contadoreshoy.com\\\/#organization\",\"name\":\"Contadores P\u00fablicos de Santander\",\"url\":\"https:\\\/\\\/contadoreshoy.com\\\/\",\"logo\":{\"@type\":\"ImageObject\",\"inLanguage\":\"es\",\"@id\":\"https:\\\/\\\/contadoreshoy.com\\\/#\\\/schema\\\/logo\\\/image\\\/\",\"url\":\"https:\\\/\\\/contadoreshoy.com\\\/wp-content\\\/uploads\\\/2024\\\/01\\\/cropped-cropped-Copia-de-M-1.jpg\",\"contentUrl\":\"https:\\\/\\\/contadoreshoy.com\\\/wp-content\\\/uploads\\\/2024\\\/01\\\/cropped-cropped-Copia-de-M-1.jpg\",\"width\":499,\"height\":500,\"caption\":\"Contadores P\u00fablicos de Santander\"},\"image\":{\"@id\":\"https:\\\/\\\/contadoreshoy.com\\\/#\\\/schema\\\/logo\\\/image\\\/\"},\"sameAs\":[\"https:\\\/\\\/www.facebook.com\\\/CCCPBucaramanga\\\/\"]},{\"@type\":\"Person\",\"@id\":\"https:\\\/\\\/contadoreshoy.com\\\/#\\\/schema\\\/person\\\/96d8979cb865537c5dc9345e40089fc5\",\"name\":\"Miguel Antonio M\u00e1rquez Monta\u00f1ez\",\"description\":\"Contador P\u00fablico egresado de la Universidad Aut\u00f3noma de Bucaramanga - Asesor contable tributario con m\u00e1s de 25 a\u00f1os de experiencia - Conferencista en temas contables y tributarios - T\u00e9cnico en Hardware y Dise\u00f1o Web - Creador y director Grupo de Estudio Colegio Colombiano de Contadores P\u00fablicos de Bucaramanga - Creador y Master Web p\u00e1gina www.contadoresp\u00fablicossantander.com - Expresidente Colegio Colombiano de Contadores P\u00fablicos Bucaramanga\",\"url\":\"https:\\\/\\\/contadoreshoy.com\\\/?author=1\"}]}<\/script>\n<!-- \/ Yoast SEO plugin. -->","yoast_head_json":{"title":"Consejo de Estado declara nulo l\u00edmite mensual a rentas exentas y deducibles en aplicaci\u00f3n de retenci\u00f3n en la fuente - Contadores P\u00fablicos","robots":{"index":"index","follow":"follow","max-snippet":"max-snippet:-1","max-image-preview":"max-image-preview:large","max-video-preview":"max-video-preview:-1"},"canonical":"https:\/\/contadoreshoy.com\/?p=14313","og_locale":"es_ES","og_type":"article","og_title":"Consejo de Estado declara nulo l\u00edmite mensual a rentas exentas y deducibles en aplicaci\u00f3n de retenci\u00f3n en la fuente - Contadores P\u00fablicos","og_description":"Consejo de Estado declara nulo l\u00edmite mensual a rentas exentas y deducibles en aplicaci\u00f3n de retenci\u00f3n de la fuente Eso significa que ya no estar\u00e1 vigente en el ordenamiento jur\u00eddico&#46;&#46;&#46;","og_url":"https:\/\/contadoreshoy.com\/?p=14313","og_site_name":"Contadores P\u00fablicos","article_publisher":"https:\/\/www.facebook.com\/CCCPBucaramanga\/","article_published_time":"2023-08-01T16:15:57+00:00","article_modified_time":"2023-08-01T16:21:58+00:00","og_image":[{"width":700,"height":300,"url":"https:\/\/contadoreshoy.com\/wp-content\/uploads\/2023\/08\/consejo-estado-cartel-toga-libardo-espitia.jpg","type":"image\/jpeg"}],"author":"Miguel Antonio M\u00e1rquez Monta\u00f1ez","twitter_card":"summary_large_image","twitter_misc":{"Escrito por":"Miguel Antonio M\u00e1rquez Monta\u00f1ez","Tiempo de lectura":"2 minutos"},"schema":{"@context":"https:\/\/schema.org","@graph":[{"@type":"Article","@id":"https:\/\/contadoreshoy.com\/?p=14313#article","isPartOf":{"@id":"https:\/\/contadoreshoy.com\/?p=14313"},"author":{"name":"Miguel Antonio M\u00e1rquez Monta\u00f1ez","@id":"https:\/\/contadoreshoy.com\/#\/schema\/person\/96d8979cb865537c5dc9345e40089fc5"},"headline":"Consejo de Estado declara nulo l\u00edmite mensual a rentas exentas y deducibles en aplicaci\u00f3n de retenci\u00f3n en la fuente","datePublished":"2023-08-01T16:15:57+00:00","dateModified":"2023-08-01T16:21:58+00:00","mainEntityOfPage":{"@id":"https:\/\/contadoreshoy.com\/?p=14313"},"wordCount":370,"commentCount":0,"publisher":{"@id":"https:\/\/contadoreshoy.com\/#organization"},"image":{"@id":"https:\/\/contadoreshoy.com\/?p=14313#primaryimage"},"thumbnailUrl":"https:\/\/contadoreshoy.com\/wp-content\/uploads\/2023\/08\/consejo-estado-cartel-toga-libardo-espitia.jpg","articleSection":{"1":"Ultimas Noticias","2":"Uncategorized"},"inLanguage":"es","potentialAction":[{"@type":"CommentAction","name":"Comment","target":["https:\/\/contadoreshoy.com\/?p=14313#respond"]}]},{"@type":"WebPage","@id":"https:\/\/contadoreshoy.com\/?p=14313","url":"https:\/\/contadoreshoy.com\/?p=14313","name":"Consejo de Estado declara nulo l\u00edmite mensual a rentas exentas y deducibles en aplicaci\u00f3n de retenci\u00f3n en la fuente - Contadores P\u00fablicos","isPartOf":{"@id":"https:\/\/contadoreshoy.com\/#website"},"primaryImageOfPage":{"@id":"https:\/\/contadoreshoy.com\/?p=14313#primaryimage"},"image":{"@id":"https:\/\/contadoreshoy.com\/?p=14313#primaryimage"},"thumbnailUrl":"https:\/\/contadoreshoy.com\/wp-content\/uploads\/2023\/08\/consejo-estado-cartel-toga-libardo-espitia.jpg","datePublished":"2023-08-01T16:15:57+00:00","dateModified":"2023-08-01T16:21:58+00:00","breadcrumb":{"@id":"https:\/\/contadoreshoy.com\/?p=14313#breadcrumb"},"inLanguage":"es","potentialAction":[{"@type":"ReadAction","target":["https:\/\/contadoreshoy.com\/?p=14313"]}]},{"@type":"ImageObject","inLanguage":"es","@id":"https:\/\/contadoreshoy.com\/?p=14313#primaryimage","url":"https:\/\/contadoreshoy.com\/wp-content\/uploads\/2023\/08\/consejo-estado-cartel-toga-libardo-espitia.jpg","contentUrl":"https:\/\/contadoreshoy.com\/wp-content\/uploads\/2023\/08\/consejo-estado-cartel-toga-libardo-espitia.jpg","width":700,"height":300},{"@type":"BreadcrumbList","@id":"https:\/\/contadoreshoy.com\/?p=14313#breadcrumb","itemListElement":[{"@type":"ListItem","position":1,"name":"Portada","item":"https:\/\/contadoreshoy.com\/"},{"@type":"ListItem","position":2,"name":"Consejo de Estado declara nulo l\u00edmite mensual a rentas exentas y deducibles en aplicaci\u00f3n de retenci\u00f3n en la fuente"}]},{"@type":"WebSite","@id":"https:\/\/contadoreshoy.com\/#website","url":"https:\/\/contadoreshoy.com\/","name":"Contadorespublicossantander","description":"Portal para Contadores P\u00fablicos y empresarios","publisher":{"@id":"https:\/\/contadoreshoy.com\/#organization"},"potentialAction":[{"@type":"SearchAction","target":{"@type":"EntryPoint","urlTemplate":"https:\/\/contadoreshoy.com\/?s={search_term_string}"},"query-input":{"@type":"PropertyValueSpecification","valueRequired":true,"valueName":"search_term_string"}}],"inLanguage":"es"},{"@type":"Organization","@id":"https:\/\/contadoreshoy.com\/#organization","name":"Contadores P\u00fablicos de Santander","url":"https:\/\/contadoreshoy.com\/","logo":{"@type":"ImageObject","inLanguage":"es","@id":"https:\/\/contadoreshoy.com\/#\/schema\/logo\/image\/","url":"https:\/\/contadoreshoy.com\/wp-content\/uploads\/2024\/01\/cropped-cropped-Copia-de-M-1.jpg","contentUrl":"https:\/\/contadoreshoy.com\/wp-content\/uploads\/2024\/01\/cropped-cropped-Copia-de-M-1.jpg","width":499,"height":500,"caption":"Contadores P\u00fablicos de Santander"},"image":{"@id":"https:\/\/contadoreshoy.com\/#\/schema\/logo\/image\/"},"sameAs":["https:\/\/www.facebook.com\/CCCPBucaramanga\/"]},{"@type":"Person","@id":"https:\/\/contadoreshoy.com\/#\/schema\/person\/96d8979cb865537c5dc9345e40089fc5","name":"Miguel Antonio M\u00e1rquez Monta\u00f1ez","description":"Contador P\u00fablico egresado de la Universidad Aut\u00f3noma de Bucaramanga - Asesor contable tributario con m\u00e1s de 25 a\u00f1os de experiencia - Conferencista en temas contables y tributarios - T\u00e9cnico en Hardware y Dise\u00f1o Web - Creador y director Grupo de Estudio Colegio Colombiano de Contadores P\u00fablicos de Bucaramanga - Creador y Master Web p\u00e1gina www.contadoresp\u00fablicossantander.com - Expresidente Colegio Colombiano de Contadores P\u00fablicos Bucaramanga","url":"https:\/\/contadoreshoy.com\/?author=1"}]}},"_links":{"self":[{"href":"https:\/\/contadoreshoy.com\/index.php?rest_route=\/wp\/v2\/posts\/14313","targetHints":{"allow":["GET"]}}],"collection":[{"href":"https:\/\/contadoreshoy.com\/index.php?rest_route=\/wp\/v2\/posts"}],"about":[{"href":"https:\/\/contadoreshoy.com\/index.php?rest_route=\/wp\/v2\/types\/post"}],"author":[{"embeddable":true,"href":"https:\/\/contadoreshoy.com\/index.php?rest_route=\/wp\/v2\/users\/1"}],"replies":[{"embeddable":true,"href":"https:\/\/contadoreshoy.com\/index.php?rest_route=%2Fwp%2Fv2%2Fcomments&post=14313"}],"version-history":[{"count":1,"href":"https:\/\/contadoreshoy.com\/index.php?rest_route=\/wp\/v2\/posts\/14313\/revisions"}],"predecessor-version":[{"id":14314,"href":"https:\/\/contadoreshoy.com\/index.php?rest_route=\/wp\/v2\/posts\/14313\/revisions\/14314"}],"wp:featuredmedia":[{"embeddable":true,"href":"https:\/\/contadoreshoy.com\/index.php?rest_route=\/wp\/v2\/media\/14315"}],"wp:attachment":[{"href":"https:\/\/contadoreshoy.com\/index.php?rest_route=%2Fwp%2Fv2%2Fmedia&parent=14313"}],"wp:term":[{"taxonomy":"category","embeddable":true,"href":"https:\/\/contadoreshoy.com\/index.php?rest_route=%2Fwp%2Fv2%2Fcategories&post=14313"},{"taxonomy":"post_tag","embeddable":true,"href":"https:\/\/contadoreshoy.com\/index.php?rest_route=%2Fwp%2Fv2%2Ftags&post=14313"}],"curies":[{"name":"wp","href":"https:\/\/api.w.org\/{rel}","templated":true}]}}