{"id":14825,"date":"2024-10-01T22:41:10","date_gmt":"2024-10-02T03:41:10","guid":{"rendered":"https:\/\/contadoreshoy.com\/?p=14825"},"modified":"2024-10-01T22:41:11","modified_gmt":"2024-10-02T03:41:11","slug":"ley-2423-sep-2024-reorganizacion-para-distritos-y-municipios-del-pais","status":"publish","type":"post","link":"https:\/\/contadoreshoy.com\/?p=14825","title":{"rendered":"Ley 2423 Sep 2024 &#8211; Reorganizaci\u00f3n para distritos y municipios del pa\u00eds."},"content":{"rendered":"\n<p class=\"wp-block-paragraph\">Ley Org\u00e1nica que adiciona un p\u00e1rrafo al art\u00edculo 6\u00b0 de la&nbsp;<a href=\"http:\/\/www.secretariasenado.gov.co\/senado\/basedoc\/ley_0136_1994.html\" target=\"_blank\" rel=\"noreferrer noopener\">Ley 136 de 1994<\/a>, estableciendo una nueva categorizaci\u00f3n para los distritos y municipios del pa\u00eds.<\/p>\n\n\n\n<p class=\"wp-block-paragraph\">Esta categorizaci\u00f3n se basa en la poblaci\u00f3n, los ingresos corrientes de libre destinaci\u00f3n y la situaci\u00f3n geogr\u00e1fica de cada municipio. La ley tambi\u00e9n establece un nuevo r\u00e9gimen para la organizaci\u00f3n, gobierno y administraci\u00f3n de los municipios, de acuerdo con la categor\u00eda en la que se encuentren. Adem\u00e1s, la ley establece un fondo para financiar la inversi\u00f3n y los gastos inherentes al funcionamiento de los municipios capitales de In\u00edrida, Leticia, Mit\u00fa, Mocoa, Puerto Carre\u00f1o, San Jos\u00e9 del Guaviare y Arauca&#8230;<\/p>\n\n\n\n<p class=\"wp-block-paragraph\"><a href=\"https:\/\/dapre.presidencia.gov.co\/normativa\/normativa\/LEY%202423%20DEL%206%20DE%20SEPTIEMBRE%20DE%202024.pdf\">https:\/\/dapre.presidencia.gov.co\/normativa\/normativa\/LEY%202423%20DEL%206%20DE%20SEPTIEMBRE%20DE%202024.pdf<\/a><\/p>\n\n\n\n<p class=\"has-text-align-center wp-block-paragraph\"><strong>LEY ORG\u00c1NICA 2423<\/strong><\/p>\n\n\n\n<p class=\"has-text-align-center wp-block-paragraph\"><strong>(Septiembre 06)<\/strong><\/p>\n\n\n\n<p class=\"has-text-align-center wp-block-paragraph\"><strong>\u201cPOR LA CUAL SE ADICIONA UN PAR\u00c1GRAFO AL ART\u00cdCULO&nbsp;<a href=\"https:\/\/www.funcionpublica.gov.co\/eva\/gestornormativo\/norma.php?i=329#6\">6<\/a>&nbsp;DE LA LEY&nbsp;<a href=\"https:\/\/www.funcionpublica.gov.co\/eva\/gestornormativo\/norma.php?i=329#136\">136<\/a>&nbsp;DE 1994\u201d<\/strong><\/p>\n\n\n\n<p class=\"has-text-align-center wp-block-paragraph\"><strong>El Congreso de Colombia,<\/strong><\/p>\n\n\n\n<p class=\"has-text-align-center wp-block-paragraph\"><strong>DECRETA:<\/strong><\/p>\n\n\n\n<p class=\"wp-block-paragraph\"><strong>ART\u00cdCULO&nbsp;<a><\/a>1.&nbsp;<\/strong>Adici\u00f3nese un par\u00e1grafo al art\u00edculo&nbsp;<a href=\"https:\/\/www.funcionpublica.gov.co\/eva\/gestornormativo\/norma.php?i=329#6\">6<\/a>&nbsp;de la Ley&nbsp;<a href=\"https:\/\/www.funcionpublica.gov.co\/eva\/gestornormativo\/norma.php?i=329#136\">136<\/a>&nbsp;de 1994. El art\u00edculo&nbsp;<a href=\"https:\/\/www.funcionpublica.gov.co\/eva\/gestornormativo\/norma.php?i=329#6\">6<\/a>&nbsp;de la Ley&nbsp;<a href=\"https:\/\/www.funcionpublica.gov.co\/eva\/gestornormativo\/norma.php?i=329#136\">136<\/a>&nbsp;de 1994 quedar\u00e1 as\u00ed:<\/p>\n\n\n\n<p class=\"wp-block-paragraph\"><strong><em>\u00abART\u00cdCULO\u00a0<a href=\"https:\/\/www.funcionpublica.gov.co\/eva\/gestornormativo\/norma.php?i=329#6\">6<\/a>. Categorizaci\u00f3n de los distritos y municipios.\u00a0<\/em><\/strong><em><strong>Los distritos y municipios se clasificar\u00e1n atendiendo su poblaci\u00f3n, ingresos corrientes de libre destinaci\u00f3n y situaci\u00f3n geogr\u00e1fica. Para efectos de lo previsto en la Ley y las dem\u00e1s normas que expresamente lo dispongan, las categor\u00edas ser\u00e1n las siguientes:<\/strong><\/em><\/p>\n\n\n\n<p class=\"wp-block-paragraph\"><em><strong><mark style=\"background-color:rgba(0, 0, 0, 0)\" class=\"has-inline-color has-vivid-cyan-blue-color\">I. PRIMER GRUPO (GRANDES MUNICIPIOS)<\/mark><\/strong><\/em><\/p>\n\n\n\n<ol class=\"wp-block-list\">\n<li><em><strong>CATEGOR\u00cdA ESPECIAL<\/strong><\/em><\/li>\n<\/ol>\n\n\n\n<p class=\"wp-block-paragraph\"><em>Poblaci\u00f3n: Superior o igual a los quinientos mil uno (500.001) habitantes.<\/em><\/p>\n\n\n\n<p class=\"wp-block-paragraph\"><em>Ingresos corrientes de libre destinaci\u00f3n anuales: Superiores a cuatrocientos mil (400.000) salarios m\u00ednimos legales mensuales vigentes.<\/em><\/p>\n\n\n\n<ol class=\"wp-block-list\" start=\"2\">\n<li><em><strong>PRIMERA CATEGOR\u00cdA<\/strong><\/em><\/li>\n<\/ol>\n\n\n\n<p class=\"wp-block-paragraph\"><em>Poblaci\u00f3n: Con poblaci\u00f3n comprendida entre cien mil uno (100.001) y quinientos mil (500.000) habitantes.<\/em><\/p>\n\n\n\n<p class=\"wp-block-paragraph\"><em>Ingresos corrientes de libre destinaci\u00f3n anuales: Superiores a cien mil (100.000) y hasta de cuatrocientos mil (400.000) salarios m\u00ednimos legales mensuales vigentes.<\/em><\/p>\n\n\n\n<p class=\"wp-block-paragraph\"><em><strong><mark style=\"background-color:rgba(0, 0, 0, 0)\" class=\"has-inline-color has-vivid-cyan-blue-color\">II. SEGUNDO GRUPO (MUNICIPIOS INTERMEDIOS)<\/mark><\/strong><\/em><\/p>\n\n\n\n<ol class=\"wp-block-list\" start=\"3\">\n<li><em><strong>SEGUNDA CATEGOR\u00cdA<\/strong><\/em><\/li>\n<\/ol>\n\n\n\n<p class=\"wp-block-paragraph\"><em>Poblaci\u00f3n: Con poblaci\u00f3n comprendida entre cincuenta mil uno (50.001) y cien mil (100.000) habitantes.<\/em><\/p>\n\n\n\n<p class=\"wp-block-paragraph\"><em>Ingresos corrientes de libre destinaci\u00f3n anuales: Superiores a cincuenta mil (50.000) y hasta de cien mil (100.000) salarios m\u00ednimos legales mensuales vigentes.<\/em><\/p>\n\n\n\n<ol class=\"wp-block-list\" start=\"4\">\n<li><em><strong>TERCERA CATEGOR\u00cdA<\/strong><\/em><\/li>\n<\/ol>\n\n\n\n<p class=\"wp-block-paragraph\"><em>Poblaci\u00f3n: Con poblaci\u00f3n comprendida entre treinta mil uno (30.001) y cincuenta mil (50.000) habitantes.<\/em><\/p>\n\n\n\n<p class=\"wp-block-paragraph\"><em>Ingresos corrientes de libre destinaci\u00f3n anuales: Superiores a treinta mil (30.000) y hasta de cincuenta mil (50.000) salarios m\u00ednimos legales mensuales vigentes.<\/em><\/p>\n\n\n\n<ol class=\"wp-block-list\" start=\"5\">\n<li><em><strong>CUARTA CATEGOR\u00cdA<\/strong><\/em><\/li>\n<\/ol>\n\n\n\n<p class=\"wp-block-paragraph\"><em>Poblaci\u00f3n: Con poblaci\u00f3n comprendida entre veinte mil uno (20.001) y treinta mil (30.000) habitantes.<\/em><\/p>\n\n\n\n<p class=\"wp-block-paragraph\"><em>Ingresos corrientes de libre destinaci\u00f3n anuales: Superiores a veinticinco mil (25.000) y de hasta de treinta mil (30.000) salarios m\u00ednimos legales mensuales vigentes.<\/em><\/p>\n\n\n\n<p class=\"wp-block-paragraph\"><em><strong><mark style=\"background-color:rgba(0, 0, 0, 0)\" class=\"has-inline-color has-vivid-cyan-blue-color\">III. TERCER GRUPO (MUNICIPIOS B\u00c1SICOS)<\/mark><\/strong><\/em><\/p>\n\n\n\n<ol class=\"wp-block-list\" start=\"6\">\n<li><em><strong>QUINTA CATEGOR\u00cdA<\/strong><\/em><\/li>\n<\/ol>\n\n\n\n<p class=\"wp-block-paragraph\"><em>Poblaci\u00f3n: Con poblaci\u00f3n comprendida entre diez mil uno (10.001) y veinte mil (20.000) habitantes.<\/em><\/p>\n\n\n\n<p class=\"wp-block-paragraph\"><em>Ingresos corrientes de libre destinaci\u00f3n anuales: Superiores a quince mil (15.000) y hasta veinticinco mil (25.000) salarios m\u00ednimos legales mensuales.<\/em><\/p>\n\n\n\n<ol class=\"wp-block-list\" start=\"7\">\n<li><em><strong>SEXTA CATEGOR\u00cdA<\/strong><\/em><\/li>\n<\/ol>\n\n\n\n<p class=\"wp-block-paragraph\"><em>Poblaci\u00f3n: Poblaci\u00f3n igual o inferior a diez mil (10.000) habitantes.<\/em><\/p>\n\n\n\n<p class=\"wp-block-paragraph\"><em>Ingresos corrientes de libre destinaci\u00f3n anuales: No superiores a quince mil (15.000) salarios m\u00ednimos legales mensuales vigentes.<\/em><\/p>\n\n\n\n<p class=\"wp-block-paragraph\"><strong><em>PAR\u00c1GRAFO&nbsp;<a href=\"https:\/\/www.funcionpublica.gov.co\/eva\/gestornormativo\/norma.php?i=329#6p1\">1<\/a>.&nbsp;<\/em><\/strong><em>Los municipios que, de acuerdo con su poblaci\u00f3n, deban clasificarse en una determinada categor\u00eda, pero superen el monto de ingresos corrientes de libre destinaci\u00f3n anuales se\u00f1alados en el presente art\u00edculo para la misma, se clasificar\u00e1n en la categor\u00eda inmediatamente superior.<\/em><\/p>\n\n\n\n<p class=\"wp-block-paragraph\"><em>Los municipios cuya poblaci\u00f3n corresponda a una categor\u00eda determinada, pero cuyos ingresos corrientes de libre destinaci\u00f3n anuales no alcancen el monto se\u00f1alado en el presente art\u00edculo para la misma, se clasificar\u00e1n en la categor\u00eda correspondiente a sus ingresos corrientes de libre destinaci\u00f3n anuales.<\/em><\/p>\n\n\n\n<p class=\"wp-block-paragraph\"><strong><em>PAR\u00c1GRAFO&nbsp;<a href=\"https:\/\/www.funcionpublica.gov.co\/eva\/gestornormativo\/norma.php?i=329#6p2\">2<\/a>.&nbsp;<\/em><\/strong><em>Sin perjuicio de la categor\u00eda que corresponda seg\u00fan los criterios se\u00f1alados en el presente art\u00edculo, cuando un distrito o municipio destine a gastos de funcionamiento porcentajes superiores a los l\u00edmites que establece la Ley, se reclasificar\u00e1 en la categor\u00eda inmediatamente inferior.<\/em><\/p>\n\n\n\n<p class=\"wp-block-paragraph\"><em><strong>Ning\u00fan municipio podr\u00e1 aumentar o descender m\u00e1s de dos categor\u00edas entre un a\u00f1o y el siguiente.<\/strong><\/em><\/p>\n\n\n\n<p class=\"wp-block-paragraph\"><strong><em>PAR\u00c1GRAFO\u00a0<a href=\"https:\/\/www.funcionpublica.gov.co\/eva\/gestornormativo\/norma.php?i=329#6p3\">3<\/a>.\u00a0<\/em><\/strong><em><strong>Los alcaldes determinar\u00e1n anualmente, mediante decreto expedido antes del treinta y uno (31) de octubre, la categor\u00eda en la que se encuentra clasificado para el a\u00f1o siguiente el respectivo distrito o municipio.<\/strong><\/em><\/p>\n\n\n\n<p class=\"wp-block-paragraph\"><em>Para determinar la categor\u00eda, el decreto tendr\u00e1 como base las certificaciones que expida el Contralor General de la Rep\u00fablica sobre los ingresos corrientes de libre destinaci\u00f3n recaudados efectivamente en la vigencia anterior y sobre la relaci\u00f3n porcentual entre los gastos de funcionamiento y los ingresos corrientes de libre destinaci\u00f3n de la vigencia inmediatamente anterior, as\u00ed como la certificaci\u00f3n que expida el Departamento Administrativo Nacional de Estad\u00edstica (DANE) sobre la poblaci\u00f3n para el a\u00f1o anterior.<\/em><\/p>\n\n\n\n<p class=\"wp-block-paragraph\"><em>El Departamento Administrativo Nacional de Estad\u00edstica (DANE) y el Contralor General de la Rep\u00fablica remitir\u00e1n al alcalde la certificaci\u00f3n de que trata el presente art\u00edculo, a m\u00e1s tardar, el treinta y uno (31) de julio de cada a\u00f1o.<\/em><\/p>\n\n\n\n<p class=\"wp-block-paragraph\"><em>Si&nbsp;<\/em><em>el respectivo alcalde no expide el decreto en el t\u00e9rmino se\u00f1alado en el presente par\u00e1grafo, dicha categorizaci\u00f3n ser\u00e1 fija por el Contralor General de la Naci\u00f3n en el mes de noviembre.<\/em><\/p>\n\n\n\n<p class=\"wp-block-paragraph\"><em>El salario m\u00ednimo legal mensual que servir\u00e1 de base para la conversi\u00f3n de los ingresos, ser\u00e1 el que corresponda al mismo a\u00f1o de la vigencia de los Ingresos corrientes de libre destinaci\u00f3n determinados en el presente art\u00edculo.<\/em><\/p>\n\n\n\n<p class=\"wp-block-paragraph\"><strong><em>PAR\u00c1GRAFO\u00a0<a href=\"https:\/\/www.funcionpublica.gov.co\/eva\/gestornormativo\/norma.php?i=329#6p4\">4<\/a>.\u00a0<\/em><\/strong><em><strong>Los municipios de frontera con poblaci\u00f3n superior a setenta mil (70.000) habitantes, por su condici\u00f3n estrat\u00e9gica, se clasificar\u00e1n como m\u00ednimo en la cuarta categor\u00eda. En ning\u00fan caso los gastos de funcionamiento de dichos municipios podr\u00e1n superar el ochenta por ciento de sus ingresos corrientes de libre destinaci\u00f3n.<\/strong><\/em><\/p>\n\n\n\n<p class=\"wp-block-paragraph\"><strong><em>PAR\u00c1GRAFO&nbsp;<a href=\"https:\/\/www.funcionpublica.gov.co\/eva\/gestornormativo\/norma.php?i=329#6p5\">5<\/a>.&nbsp;<\/em><\/strong><em>Los municipios pertenecientes a cada uno de los grupos establecidos en el presente art\u00edculo tendr\u00e1n distinto r\u00e9gimen en su organizaci\u00f3n, gobierno y administraci\u00f3n.<\/em><\/p>\n\n\n\n<p class=\"wp-block-paragraph\"><strong><em>PAR\u00c1GRAFO&nbsp;<a href=\"https:\/\/www.funcionpublica.gov.co\/eva\/gestornormativo\/norma.php?i=329#6p6\">6<\/a>.&nbsp;<\/em><\/strong><em>El ejercicio de los atribuciones y funciones voluntarias se har\u00e1 dentro del marco y los l\u00edmites fijados por la Ley, seg\u00fan sus capacidades fiscal y administrativa y en el marco de la celebraci\u00f3n de contratos plan\u00bb.<\/em><\/p>\n\n\n\n<p class=\"wp-block-paragraph\"><strong><em>PAR\u00c1GRAFO\u00a0<a href=\"https:\/\/www.funcionpublica.gov.co\/eva\/gestornormativo\/norma.php?i=329#6p7\">7<\/a>.\u00a0<\/em><\/strong><em><strong>Los municipios ciudades capitales de los departamentos ubicados en la Amazon\u00eda o en la Orinoqu\u00eda, por su condici\u00f3n estrat\u00e9gica, estar\u00e1n facultados para clasificarse como m\u00ednimo en la cuarta categor\u00eda. En ning\u00fan caso los gastos de funcionamiento de dichos municipios podr\u00e1n superar el ochenta por ciento (80%) de sus ingresos corrientes de libre destinaci\u00f3n.<\/strong><\/em><\/p>\n\n\n\n<p class=\"wp-block-paragraph\"><em>Lo anterior, sin perjuicio de los municipios ciudades capitales de los departamentos ubicados en la Amazon\u00eda o en la Orinoqu\u00eda que cuenten con los&nbsp;<\/em><em>rangos de poblaci\u00f3n y los ingresos corrientes de libre destinaci\u00f3n anuales(SIC)&nbsp;<sup>&nbsp;<\/sup>requeridos para clasificarse en las categor\u00edas 1, 2, 3 o especial.<\/em><\/p>\n\n\n\n<p class=\"wp-block-paragraph\"><em>A partir de la vigencia fiscal siguiente a la aprobaci\u00f3n de la presente Ley, el Gobierno Nacional podr\u00e1 asignar una partida en las Leyes de Presupuesto General de la Naci\u00f3n para distribuir entre los municipios capitales de In\u00edrida, Leticia, Mit\u00fa, Mocoa, Puerto Carre\u00f1o, San Jos\u00e9 del Guaviare y Arauca, equivalente a $34.000 millones a precios de 2024, que tenga como objetivo financiar lo inversi\u00f3n y los gastos inherentes al funcionamiento de las competencias definidas en el art\u00edculo&nbsp;<a href=\"https:\/\/www.funcionpublica.gov.co\/eva\/gestornormativo\/norma.php?i=4452#78\">78<\/a>&nbsp;de la Ley&nbsp;<a href=\"https:\/\/www.funcionpublica.gov.co\/eva\/gestornormativo\/norma.php?i=4452#715\">715<\/a>&nbsp;de 2001 o la norma que la modifique, particularmente aquellas en las que estos municipios presentan diferencias plenamente identificadas frente a los dem\u00e1s municipios capitales del pa\u00eds. Esta identificaci\u00f3n ser\u00e1 definida por los respectivos ministerios sectoriales en coordinaci\u00f3n con el Departamento Nacional de Planeaci\u00f3n.<\/em><\/p>\n\n\n\n<p class=\"wp-block-paragraph\"><strong>ART\u00cdCULO&nbsp;<\/strong><strong>2<\/strong>.&nbsp;<strong>Vigencia y reglamentaci\u00f3n.&nbsp;<\/strong>Esta ley comenzar\u00e1 a regir a partir de su promulgaci\u00f3n y el Gobierno Nacional deber\u00e1 reglamentarla en un plazo m\u00e1ximo de 90 d\u00edas contados a partir de su entrada en vigor.<\/p>\n\n\n\n<p class=\"wp-block-paragraph\"><strong>ART\u00cdCULO&nbsp;<\/strong><strong>3<\/strong>.&nbsp;<strong>Derogatorias.&nbsp;<\/strong>Se derogan todas las disposiciones que sean contrarias a lo establecido en esta ley.<\/p>\n\n\n\n<p class=\"wp-block-paragraph\"><strong>EL PRESIDENTE DEL HONORABLE SENADO DE LA REP\u00daBLICA,<\/strong><\/p>\n\n\n\n<p class=\"wp-block-paragraph\"><strong>EFRA\u00cdN JOS\u00c9 CEPEDA SARABIA<\/strong><\/p>\n\n\n\n<p class=\"wp-block-paragraph\"><strong>EL SECRETARIO DEL HNORABLE SENADO DE LA REP\u00daBLICA,<\/strong><\/p>\n\n\n\n<p class=\"wp-block-paragraph\"><strong>GREGORIO ELJACH PACHECO<\/strong><\/p>\n\n\n\n<p class=\"wp-block-paragraph\"><strong>EL PRESIDENTE DE LA HONORABLE C\u00c1MARA DE REPRESENTANTES,<\/strong><\/p>\n\n\n\n<p class=\"wp-block-paragraph\"><strong>JAIME RAUL SALAMANCA TORRES<\/strong><\/p>\n\n\n\n<p class=\"wp-block-paragraph\"><strong>EL SECRETARIO EGENERAL DE LA HONORABLE C\u00c1MARA DE REPRESENTANTES,<\/strong><\/p>\n\n\n\n<p class=\"wp-block-paragraph\"><strong>JAIME LUIS LACOUTURE PE\u00d1ALOZA<\/strong><\/p>\n\n\n\n<p class=\"wp-block-paragraph\"><strong>REP\u00daBLICA DE COLOMBIA \u2013 GOBERNO NACIONAL<\/strong><\/p>\n\n\n\n<p class=\"wp-block-paragraph\"><strong>PUBL\u00cdQUESE Y C\u00daMPLASE.<\/strong><\/p>\n\n\n\n<p class=\"wp-block-paragraph\"><strong>Dada., a los 06 d\u00edas del mes de septiembre de 2024<\/strong><\/p>\n","protected":false},"excerpt":{"rendered":"<p>Ley Org\u00e1nica que adiciona un p\u00e1rrafo al art\u00edculo 6\u00b0 de la&nbsp;Ley 136 de 1994, estableciendo una nueva categorizaci\u00f3n para los distritos y municipios del pa\u00eds. Esta categorizaci\u00f3n se basa en&#46;&#46;&#46;<\/p>\n","protected":false},"author":1,"featured_media":14826,"comment_status":"open","ping_status":"open","sticky":false,"template":"","format":"standard","meta":{"_monsterinsights_skip_tracking":false,"ngg_post_thumbnail":0,"footnotes":"","_links_to":"","_links_to_target":""},"categories":[454,458,1],"tags":[],"class_list":["post-14825","post","type-post","status-publish","format-standard","has-post-thumbnail","hentry","category-sin-categoria","category-ultimas","category-uncategorized"],"aioseo_notices":[],"aioseo_head":"\n\t\t<!-- All in One SEO 5.0.1.1 - aioseo.com -->\n\t<meta name=\"description\" content=\"Ley Org\u00e1nica que adiciona un p\u00e1rrafo al art\u00edculo 6\u00b0 de la Ley 136 de 1994, estableciendo una nueva categorizaci\u00f3n para los distritos y municipios del pa\u00eds. Esta categorizaci\u00f3n se basa en la poblaci\u00f3n, los ingresos corrientes de libre destinaci\u00f3n y la situaci\u00f3n geogr\u00e1fica de cada municipio. La ley tambi\u00e9n establece un nuevo r\u00e9gimen para la organizaci\u00f3n,\" \/>\n\t<meta name=\"robots\" content=\"max-image-preview:large\" \/>\n\t<meta name=\"author\" content=\"Miguel Antonio M\u00e1rquez Monta\u00f1ez\"\/>\n\t<link rel=\"canonical\" href=\"https:\/\/contadoreshoy.com\/?p=14825\" \/>\n\t<meta name=\"generator\" content=\"All in One SEO (AIOSEO) 5.0.1.1\" \/>\n\t\t<meta property=\"og:locale\" content=\"es_ES\" \/>\n\t\t<meta property=\"og:site_name\" content=\"Contadores P\u00fablicos - Portal para Contadores P\u00fablicos y empresarios\" \/>\n\t\t<meta property=\"og:type\" content=\"article\" \/>\n\t\t<meta property=\"og:title\" content=\"Ley 2423 Sep 2024 \u2013 Reorganizaci\u00f3n para distritos y municipios del pa\u00eds. - Contadores P\u00fablicos\" \/>\n\t\t<meta property=\"og:description\" content=\"Ley Org\u00e1nica que adiciona un p\u00e1rrafo al art\u00edculo 6\u00b0 de la Ley 136 de 1994, estableciendo una nueva categorizaci\u00f3n para los distritos y municipios del pa\u00eds. Esta categorizaci\u00f3n se basa en la poblaci\u00f3n, los ingresos corrientes de libre destinaci\u00f3n y la situaci\u00f3n geogr\u00e1fica de cada municipio. La ley tambi\u00e9n establece un nuevo r\u00e9gimen para la organizaci\u00f3n,\" \/>\n\t\t<meta property=\"og:url\" content=\"https:\/\/contadoreshoy.com\/?p=14825\" \/>\n\t\t<meta property=\"og:image\" content=\"https:\/\/contadoreshoy.com\/wp-content\/uploads\/2024\/01\/cropped-cropped-cropped-Copia-de-M.jpg\" \/>\n\t\t<meta property=\"og:image:secure_url\" content=\"https:\/\/contadoreshoy.com\/wp-content\/uploads\/2024\/01\/cropped-cropped-cropped-Copia-de-M.jpg\" \/>\n\t\t<meta property=\"og:image:width\" content=\"512\" \/>\n\t\t<meta property=\"og:image:height\" content=\"371\" \/>\n\t\t<meta property=\"article:published_time\" content=\"2024-10-02T03:41:10+00:00\" \/>\n\t\t<meta property=\"article:modified_time\" content=\"2024-10-02T03:41:11+00:00\" \/>\n\t\t<meta name=\"twitter:card\" content=\"summary_large_image\" \/>\n\t\t<meta name=\"twitter:title\" content=\"Ley 2423 Sep 2024 \u2013 Reorganizaci\u00f3n para distritos y municipios del pa\u00eds. - Contadores P\u00fablicos\" \/>\n\t\t<meta name=\"twitter:description\" content=\"Ley Org\u00e1nica que adiciona un p\u00e1rrafo al art\u00edculo 6\u00b0 de la Ley 136 de 1994, estableciendo una nueva categorizaci\u00f3n para los distritos y municipios del pa\u00eds. Esta categorizaci\u00f3n se basa en la poblaci\u00f3n, los ingresos corrientes de libre destinaci\u00f3n y la situaci\u00f3n geogr\u00e1fica de cada municipio. La ley tambi\u00e9n establece un nuevo r\u00e9gimen para la organizaci\u00f3n,\" \/>\n\t\t<meta name=\"twitter:image\" content=\"https:\/\/contadoreshoy.com\/wp-content\/uploads\/2024\/01\/cropped-cropped-cropped-Copia-de-M.jpg\" \/>\n\t\t<script type=\"application\/ld+json\" class=\"aioseo-schema\">\n\t\t\t{\"@context\":\"https:\\\/\\\/schema.org\",\"@graph\":[{\"@type\":\"BlogPosting\",\"@id\":\"https:\\\/\\\/contadoreshoy.com\\\/?p=14825#blogposting\",\"name\":\"Ley 2423 Sep 2024 \\u2013 Reorganizaci\\u00f3n para distritos y municipios del pa\\u00eds. - Contadores P\\u00fablicos\",\"headline\":\"Ley 2423 Sep 2024 &#8211; Reorganizaci\\u00f3n para distritos y municipios del pa\\u00eds.\",\"author\":{\"@id\":\"https:\\\/\\\/contadoreshoy.com\\\/?author=1#author\"},\"publisher\":{\"@id\":\"https:\\\/\\\/contadoreshoy.com\\\/#organization\"},\"image\":{\"@type\":\"ImageObject\",\"url\":\"https:\\\/\\\/contadoreshoy.com\\\/wp-content\\\/uploads\\\/2024\\\/10\\\/Municipios.jpg\",\"width\":1280,\"height\":720},\"datePublished\":\"2024-10-01T22:41:10-05:00\",\"dateModified\":\"2024-10-01T22:41:11-05:00\",\"inLanguage\":\"es-ES\",\"mainEntityOfPage\":{\"@id\":\"https:\\\/\\\/contadoreshoy.com\\\/?p=14825#webpage\"},\"isPartOf\":{\"@id\":\"https:\\\/\\\/contadoreshoy.com\\\/?p=14825#webpage\"},\"articleSection\":\"Sin categor\\u00eda, Ultimas Noticias, Uncategorized\"},{\"@type\":\"BreadcrumbList\",\"@id\":\"https:\\\/\\\/contadoreshoy.com\\\/?p=14825#breadcrumblist\",\"itemListElement\":[{\"@type\":\"ListItem\",\"@id\":\"https:\\\/\\\/contadoreshoy.com#listItem\",\"position\":1,\"name\":\"Home\",\"item\":\"https:\\\/\\\/contadoreshoy.com\",\"nextItem\":{\"@type\":\"ListItem\",\"@id\":\"https:\\\/\\\/contadoreshoy.com\\\/?cat=1#listItem\",\"name\":\"Uncategorized\"}},{\"@type\":\"ListItem\",\"@id\":\"https:\\\/\\\/contadoreshoy.com\\\/?cat=1#listItem\",\"position\":2,\"name\":\"Uncategorized\",\"item\":\"https:\\\/\\\/contadoreshoy.com\\\/?cat=1\",\"nextItem\":{\"@type\":\"ListItem\",\"@id\":\"https:\\\/\\\/contadoreshoy.com\\\/?p=14825#listItem\",\"name\":\"Ley 2423 Sep 2024 &#8211; Reorganizaci\\u00f3n para distritos y municipios del pa\\u00eds.\"},\"previousItem\":{\"@type\":\"ListItem\",\"@id\":\"https:\\\/\\\/contadoreshoy.com#listItem\",\"name\":\"Home\"}},{\"@type\":\"ListItem\",\"@id\":\"https:\\\/\\\/contadoreshoy.com\\\/?p=14825#listItem\",\"position\":3,\"name\":\"Ley 2423 Sep 2024 &#8211; Reorganizaci\\u00f3n para distritos y municipios del pa\\u00eds.\",\"previousItem\":{\"@type\":\"ListItem\",\"@id\":\"https:\\\/\\\/contadoreshoy.com\\\/?cat=1#listItem\",\"name\":\"Uncategorized\"}}]},{\"@type\":\"Organization\",\"@id\":\"https:\\\/\\\/contadoreshoy.com\\\/#organization\",\"name\":\"Contadores P\\u00fablicos\",\"description\":\"Portal para Contadores P\\u00fablicos y empresarios\",\"url\":\"https:\\\/\\\/contadoreshoy.com\\\/\",\"logo\":{\"@type\":\"ImageObject\",\"url\":\"https:\\\/\\\/contadoreshoy.com\\\/wp-content\\\/uploads\\\/2024\\\/01\\\/cropped-cropped-Copia-de-M-1.jpg\",\"@id\":\"https:\\\/\\\/contadoreshoy.com\\\/?p=14825\\\/#organizationLogo\",\"width\":499,\"height\":500},\"image\":{\"@id\":\"https:\\\/\\\/contadoreshoy.com\\\/?p=14825\\\/#organizationLogo\"}},{\"@type\":\"Person\",\"@id\":\"https:\\\/\\\/contadoreshoy.com\\\/?author=1#author\",\"url\":\"https:\\\/\\\/contadoreshoy.com\\\/?author=1\",\"name\":\"Miguel Antonio M\\u00e1rquez Monta\\u00f1ez\"},{\"@type\":\"WebPage\",\"@id\":\"https:\\\/\\\/contadoreshoy.com\\\/?p=14825#webpage\",\"url\":\"https:\\\/\\\/contadoreshoy.com\\\/?p=14825\",\"name\":\"Ley 2423 Sep 2024 \\u2013 Reorganizaci\\u00f3n para distritos y municipios del pa\\u00eds. - Contadores P\\u00fablicos\",\"description\":\"Ley Org\\u00e1nica que adiciona un p\\u00e1rrafo al art\\u00edculo 6\\u00b0 de la Ley 136 de 1994, estableciendo una nueva categorizaci\\u00f3n para los distritos y municipios del pa\\u00eds. Esta categorizaci\\u00f3n se basa en la poblaci\\u00f3n, los ingresos corrientes de libre destinaci\\u00f3n y la situaci\\u00f3n geogr\\u00e1fica de cada municipio. La ley tambi\\u00e9n establece un nuevo r\\u00e9gimen para la organizaci\\u00f3n,\",\"inLanguage\":\"es-ES\",\"isPartOf\":{\"@id\":\"https:\\\/\\\/contadoreshoy.com\\\/#website\"},\"breadcrumb\":{\"@id\":\"https:\\\/\\\/contadoreshoy.com\\\/?p=14825#breadcrumblist\"},\"author\":{\"@id\":\"https:\\\/\\\/contadoreshoy.com\\\/?author=1#author\"},\"creator\":{\"@id\":\"https:\\\/\\\/contadoreshoy.com\\\/?author=1#author\"},\"image\":{\"@type\":\"ImageObject\",\"url\":\"https:\\\/\\\/contadoreshoy.com\\\/wp-content\\\/uploads\\\/2024\\\/10\\\/Municipios.jpg\",\"@id\":\"https:\\\/\\\/contadoreshoy.com\\\/?p=14825\\\/#mainImage\",\"width\":1280,\"height\":720},\"primaryImageOfPage\":{\"@id\":\"https:\\\/\\\/contadoreshoy.com\\\/?p=14825#mainImage\"},\"datePublished\":\"2024-10-01T22:41:10-05:00\",\"dateModified\":\"2024-10-01T22:41:11-05:00\"},{\"@type\":\"WebSite\",\"@id\":\"https:\\\/\\\/contadoreshoy.com\\\/#website\",\"url\":\"https:\\\/\\\/contadoreshoy.com\\\/\",\"name\":\"Contadores P\\u00fablicos\",\"description\":\"Portal para Contadores P\\u00fablicos y empresarios\",\"inLanguage\":\"es-ES\",\"publisher\":{\"@id\":\"https:\\\/\\\/contadoreshoy.com\\\/#organization\"}}]}\n\t\t<\/script>\n\t\t<!-- All in One SEO -->\n\n","aioseo_head_json":{"title":"Ley 2423 Sep 2024 \u2013 Reorganizaci\u00f3n para distritos y municipios del pa\u00eds. - Contadores P\u00fablicos","description":"Ley Org\u00e1nica que adiciona un p\u00e1rrafo al art\u00edculo 6\u00b0 de la Ley 136 de 1994, estableciendo una nueva categorizaci\u00f3n para los distritos y municipios del pa\u00eds. Esta categorizaci\u00f3n se basa en la poblaci\u00f3n, los ingresos corrientes de libre destinaci\u00f3n y la situaci\u00f3n geogr\u00e1fica de cada municipio. La ley tambi\u00e9n establece un nuevo r\u00e9gimen para la organizaci\u00f3n,","canonical_url":"https:\/\/contadoreshoy.com\/?p=14825","robots":"max-image-preview:large","keywords":"","webmasterTools":{"miscellaneous":""},"schema":{"@context":"https:\/\/schema.org","@graph":[{"@type":"BlogPosting","@id":"https:\/\/contadoreshoy.com\/?p=14825#blogposting","name":"Ley 2423 Sep 2024 \u2013 Reorganizaci\u00f3n para distritos y municipios del pa\u00eds. - Contadores P\u00fablicos","headline":"Ley 2423 Sep 2024 &#8211; Reorganizaci\u00f3n para distritos y municipios del pa\u00eds.","author":{"@id":"https:\/\/contadoreshoy.com\/?author=1#author"},"publisher":{"@id":"https:\/\/contadoreshoy.com\/#organization"},"image":{"@type":"ImageObject","url":"https:\/\/contadoreshoy.com\/wp-content\/uploads\/2024\/10\/Municipios.jpg","width":1280,"height":720},"datePublished":"2024-10-01T22:41:10-05:00","dateModified":"2024-10-01T22:41:11-05:00","inLanguage":"es-ES","mainEntityOfPage":{"@id":"https:\/\/contadoreshoy.com\/?p=14825#webpage"},"isPartOf":{"@id":"https:\/\/contadoreshoy.com\/?p=14825#webpage"},"articleSection":"Sin categor\u00eda, Ultimas Noticias, Uncategorized"},{"@type":"BreadcrumbList","@id":"https:\/\/contadoreshoy.com\/?p=14825#breadcrumblist","itemListElement":[{"@type":"ListItem","@id":"https:\/\/contadoreshoy.com#listItem","position":1,"name":"Home","item":"https:\/\/contadoreshoy.com","nextItem":{"@type":"ListItem","@id":"https:\/\/contadoreshoy.com\/?cat=1#listItem","name":"Uncategorized"}},{"@type":"ListItem","@id":"https:\/\/contadoreshoy.com\/?cat=1#listItem","position":2,"name":"Uncategorized","item":"https:\/\/contadoreshoy.com\/?cat=1","nextItem":{"@type":"ListItem","@id":"https:\/\/contadoreshoy.com\/?p=14825#listItem","name":"Ley 2423 Sep 2024 &#8211; Reorganizaci\u00f3n para distritos y municipios del pa\u00eds."},"previousItem":{"@type":"ListItem","@id":"https:\/\/contadoreshoy.com#listItem","name":"Home"}},{"@type":"ListItem","@id":"https:\/\/contadoreshoy.com\/?p=14825#listItem","position":3,"name":"Ley 2423 Sep 2024 &#8211; Reorganizaci\u00f3n para distritos y municipios del pa\u00eds.","previousItem":{"@type":"ListItem","@id":"https:\/\/contadoreshoy.com\/?cat=1#listItem","name":"Uncategorized"}}]},{"@type":"Organization","@id":"https:\/\/contadoreshoy.com\/#organization","name":"Contadores P\u00fablicos","description":"Portal para Contadores P\u00fablicos y empresarios","url":"https:\/\/contadoreshoy.com\/","logo":{"@type":"ImageObject","url":"https:\/\/contadoreshoy.com\/wp-content\/uploads\/2024\/01\/cropped-cropped-Copia-de-M-1.jpg","@id":"https:\/\/contadoreshoy.com\/?p=14825\/#organizationLogo","width":499,"height":500},"image":{"@id":"https:\/\/contadoreshoy.com\/?p=14825\/#organizationLogo"}},{"@type":"Person","@id":"https:\/\/contadoreshoy.com\/?author=1#author","url":"https:\/\/contadoreshoy.com\/?author=1","name":"Miguel Antonio M\u00e1rquez Monta\u00f1ez"},{"@type":"WebPage","@id":"https:\/\/contadoreshoy.com\/?p=14825#webpage","url":"https:\/\/contadoreshoy.com\/?p=14825","name":"Ley 2423 Sep 2024 \u2013 Reorganizaci\u00f3n para distritos y municipios del pa\u00eds. - Contadores P\u00fablicos","description":"Ley Org\u00e1nica que adiciona un p\u00e1rrafo al art\u00edculo 6\u00b0 de la Ley 136 de 1994, estableciendo una nueva categorizaci\u00f3n para los distritos y municipios del pa\u00eds. Esta categorizaci\u00f3n se basa en la poblaci\u00f3n, los ingresos corrientes de libre destinaci\u00f3n y la situaci\u00f3n geogr\u00e1fica de cada municipio. La ley tambi\u00e9n establece un nuevo r\u00e9gimen para la organizaci\u00f3n,","inLanguage":"es-ES","isPartOf":{"@id":"https:\/\/contadoreshoy.com\/#website"},"breadcrumb":{"@id":"https:\/\/contadoreshoy.com\/?p=14825#breadcrumblist"},"author":{"@id":"https:\/\/contadoreshoy.com\/?author=1#author"},"creator":{"@id":"https:\/\/contadoreshoy.com\/?author=1#author"},"image":{"@type":"ImageObject","url":"https:\/\/contadoreshoy.com\/wp-content\/uploads\/2024\/10\/Municipios.jpg","@id":"https:\/\/contadoreshoy.com\/?p=14825\/#mainImage","width":1280,"height":720},"primaryImageOfPage":{"@id":"https:\/\/contadoreshoy.com\/?p=14825#mainImage"},"datePublished":"2024-10-01T22:41:10-05:00","dateModified":"2024-10-01T22:41:11-05:00"},{"@type":"WebSite","@id":"https:\/\/contadoreshoy.com\/#website","url":"https:\/\/contadoreshoy.com\/","name":"Contadores P\u00fablicos","description":"Portal para Contadores P\u00fablicos y empresarios","inLanguage":"es-ES","publisher":{"@id":"https:\/\/contadoreshoy.com\/#organization"}}]},"og:locale":"es_ES","og:site_name":"Contadores P\u00fablicos - Portal para Contadores P\u00fablicos y empresarios","og:type":"article","og:title":"Ley 2423 Sep 2024 \u2013 Reorganizaci\u00f3n para distritos y municipios del pa\u00eds. - Contadores P\u00fablicos","og:description":"Ley Org\u00e1nica que adiciona un p\u00e1rrafo al art\u00edculo 6\u00b0 de la Ley 136 de 1994, estableciendo una nueva categorizaci\u00f3n para los distritos y municipios del pa\u00eds. Esta categorizaci\u00f3n se basa en la poblaci\u00f3n, los ingresos corrientes de libre destinaci\u00f3n y la situaci\u00f3n geogr\u00e1fica de cada municipio. La ley tambi\u00e9n establece un nuevo r\u00e9gimen para la organizaci\u00f3n,","og:url":"https:\/\/contadoreshoy.com\/?p=14825","og:image":"https:\/\/contadoreshoy.com\/wp-content\/uploads\/2024\/01\/cropped-cropped-cropped-Copia-de-M.jpg","og:image:secure_url":"https:\/\/contadoreshoy.com\/wp-content\/uploads\/2024\/01\/cropped-cropped-cropped-Copia-de-M.jpg","og:image:width":512,"og:image:height":371,"article:published_time":"2024-10-02T03:41:10+00:00","article:modified_time":"2024-10-02T03:41:11+00:00","twitter:card":"summary_large_image","twitter:title":"Ley 2423 Sep 2024 \u2013 Reorganizaci\u00f3n para distritos y municipios del pa\u00eds. - Contadores P\u00fablicos","twitter:description":"Ley Org\u00e1nica que adiciona un p\u00e1rrafo al art\u00edculo 6\u00b0 de la Ley 136 de 1994, estableciendo una nueva categorizaci\u00f3n para los distritos y municipios del pa\u00eds. Esta categorizaci\u00f3n se basa en la poblaci\u00f3n, los ingresos corrientes de libre destinaci\u00f3n y la situaci\u00f3n geogr\u00e1fica de cada municipio. La ley tambi\u00e9n establece un nuevo r\u00e9gimen para la organizaci\u00f3n,","twitter:image":"https:\/\/contadoreshoy.com\/wp-content\/uploads\/2024\/01\/cropped-cropped-cropped-Copia-de-M.jpg"},"aioseo_meta_data":{"post_id":"14825","title":null,"description":null,"keywords":null,"keyphrases":{"focus":{"keyphrase":"","score":0,"analysis":{"keyphraseInTitle":{"score":0,"maxScore":9,"error":1}}},"additional":[]},"primary_term":null,"canonical_url":null,"og_title":null,"og_description":null,"og_object_type":"default","og_image_type":"default","og_image_url":null,"og_image_width":null,"og_image_height":null,"og_image_custom_url":null,"og_image_custom_fields":null,"og_video":"","og_custom_url":null,"og_article_section":null,"og_article_tags":null,"twitter_use_og":false,"twitter_card":"default","twitter_image_type":"default","twitter_image_url":null,"twitter_image_custom_url":null,"twitter_image_custom_fields":null,"twitter_title":null,"twitter_description":null,"schema":{"blockGraphs":[],"customGraphs":[],"default":{"data":{"Article":[],"Course":[],"Dataset":[],"FAQPage":[],"Movie":[],"Person":[],"Product":[],"ProductReview":[],"Car":[],"Recipe":[],"Service":[],"SoftwareApplication":[],"WebPage":[]},"graphName":"BlogPosting","isEnabled":true},"graphs":[]},"schema_type":"default","schema_type_options":null,"pillar_content":false,"robots_default":true,"robots_noindex":false,"robots_noarchive":false,"robots_nosnippet":false,"robots_nofollow":false,"robots_noimageindex":false,"robots_noodp":false,"robots_notranslate":false,"robots_max_snippet":"-1","robots_max_videopreview":"-1","robots_max_imagepreview":"large","priority":null,"frequency":"default","local_seo":null,"breadcrumb_settings":null,"limit_modified_date":false,"ai":null,"created":"2024-10-02 03:41:12","updated":"2026-03-03 05:49:13","seo_analyzer_scan_date":null,"focus_keyword":null,"additional_keywords":null,"truseo_locale":null},"aioseo_breadcrumb":"<div class=\"aioseo-breadcrumbs\"><span class=\"aioseo-breadcrumb\">\n\t\t\t<a href=\"https:\/\/contadoreshoy.com\" title=\"Home\">Home<\/a>\n\t\t<\/span><span class=\"aioseo-breadcrumb-separator\">&raquo;<\/span><span class=\"aioseo-breadcrumb\">\n\t\t\t<a href=\"https:\/\/contadoreshoy.com\/?cat=1\" title=\"Uncategorized\">Uncategorized<\/a>\n\t\t<\/span><span class=\"aioseo-breadcrumb-separator\">&raquo;<\/span><span class=\"aioseo-breadcrumb\">\n\t\t\tLey 2423 Sep 2024 \u2013 Reorganizaci\u00f3n para distritos y municipios del pa\u00eds.\n\t\t<\/span><\/div>","aioseo_breadcrumb_json":[{"label":"Home","link":"https:\/\/contadoreshoy.com"},{"label":"Uncategorized","link":"https:\/\/contadoreshoy.com\/?cat=1"},{"label":"Ley 2423 Sep 2024 &#8211; Reorganizaci\u00f3n para distritos y municipios del pa\u00eds.","link":"https:\/\/contadoreshoy.com\/?p=14825"}],"yoast_head":"<!-- This site is optimized with the Yoast SEO plugin v28.4 - https:\/\/yoast.com\/product\/yoast-seo-wordpress\/ -->\n<title>Ley 2423 Sep 2024 - Reorganizaci\u00f3n para distritos y municipios del pa\u00eds. - Contadores P\u00fablicos<\/title>\n<meta name=\"robots\" content=\"index, follow, max-snippet:-1, max-image-preview:large, max-video-preview:-1\" \/>\n<link rel=\"canonical\" href=\"https:\/\/contadoreshoy.com\/?p=14825\" \/>\n<meta property=\"og:locale\" content=\"es_ES\" \/>\n<meta property=\"og:type\" content=\"article\" \/>\n<meta property=\"og:title\" content=\"Ley 2423 Sep 2024 - Reorganizaci\u00f3n para distritos y municipios del pa\u00eds. - Contadores P\u00fablicos\" \/>\n<meta property=\"og:description\" content=\"Ley Org\u00e1nica que adiciona un p\u00e1rrafo al art\u00edculo 6\u00b0 de la&nbsp;Ley 136 de 1994, estableciendo una nueva categorizaci\u00f3n para los distritos y municipios del pa\u00eds. Esta categorizaci\u00f3n se basa en&#046;&#046;&#046;\" \/>\n<meta property=\"og:url\" content=\"https:\/\/contadoreshoy.com\/?p=14825\" \/>\n<meta property=\"og:site_name\" content=\"Contadores P\u00fablicos\" \/>\n<meta property=\"article:publisher\" content=\"https:\/\/www.facebook.com\/CCCPBucaramanga\/\" \/>\n<meta property=\"article:published_time\" content=\"2024-10-02T03:41:10+00:00\" \/>\n<meta property=\"article:modified_time\" content=\"2024-10-02T03:41:11+00:00\" \/>\n<meta property=\"og:image\" content=\"https:\/\/contadoreshoy.com\/wp-content\/uploads\/2024\/10\/Municipios.jpg\" \/>\n\t<meta property=\"og:image:width\" content=\"1280\" \/>\n\t<meta property=\"og:image:height\" content=\"720\" \/>\n\t<meta property=\"og:image:type\" content=\"image\/jpeg\" \/>\n<meta name=\"author\" content=\"Miguel Antonio M\u00e1rquez Monta\u00f1ez\" \/>\n<meta name=\"twitter:card\" content=\"summary_large_image\" \/>\n<meta name=\"twitter:label1\" content=\"Escrito por\" \/>\n\t<meta name=\"twitter:data1\" content=\"Miguel Antonio M\u00e1rquez Monta\u00f1ez\" \/>\n\t<meta name=\"twitter:label2\" content=\"Tiempo de lectura\" \/>\n\t<meta name=\"twitter:data2\" content=\"7 minutos\" \/>\n<script type=\"application\/ld+json\" class=\"yoast-schema-graph\">{\"@context\":\"https:\\\/\\\/schema.org\",\"@graph\":[{\"@type\":\"Article\",\"@id\":\"https:\\\/\\\/contadoreshoy.com\\\/?p=14825#article\",\"isPartOf\":{\"@id\":\"https:\\\/\\\/contadoreshoy.com\\\/?p=14825\"},\"author\":{\"name\":\"Miguel Antonio M\u00e1rquez Monta\u00f1ez\",\"@id\":\"https:\\\/\\\/contadoreshoy.com\\\/#\\\/schema\\\/person\\\/96d8979cb865537c5dc9345e40089fc5\"},\"headline\":\"Ley 2423 Sep 2024 &#8211; Reorganizaci\u00f3n para distritos y municipios del pa\u00eds.\",\"datePublished\":\"2024-10-02T03:41:10+00:00\",\"dateModified\":\"2024-10-02T03:41:11+00:00\",\"mainEntityOfPage\":{\"@id\":\"https:\\\/\\\/contadoreshoy.com\\\/?p=14825\"},\"wordCount\":1473,\"commentCount\":0,\"publisher\":{\"@id\":\"https:\\\/\\\/contadoreshoy.com\\\/#organization\"},\"image\":{\"@id\":\"https:\\\/\\\/contadoreshoy.com\\\/?p=14825#primaryimage\"},\"thumbnailUrl\":\"https:\\\/\\\/contadoreshoy.com\\\/wp-content\\\/uploads\\\/2024\\\/10\\\/Municipios.jpg\",\"articleSection\":{\"1\":\"Ultimas Noticias\",\"2\":\"Uncategorized\"},\"inLanguage\":\"es\",\"potentialAction\":[{\"@type\":\"CommentAction\",\"name\":\"Comment\",\"target\":[\"https:\\\/\\\/contadoreshoy.com\\\/?p=14825#respond\"]}]},{\"@type\":\"WebPage\",\"@id\":\"https:\\\/\\\/contadoreshoy.com\\\/?p=14825\",\"url\":\"https:\\\/\\\/contadoreshoy.com\\\/?p=14825\",\"name\":\"Ley 2423 Sep 2024 - Reorganizaci\u00f3n para distritos y municipios del pa\u00eds. - Contadores P\u00fablicos\",\"isPartOf\":{\"@id\":\"https:\\\/\\\/contadoreshoy.com\\\/#website\"},\"primaryImageOfPage\":{\"@id\":\"https:\\\/\\\/contadoreshoy.com\\\/?p=14825#primaryimage\"},\"image\":{\"@id\":\"https:\\\/\\\/contadoreshoy.com\\\/?p=14825#primaryimage\"},\"thumbnailUrl\":\"https:\\\/\\\/contadoreshoy.com\\\/wp-content\\\/uploads\\\/2024\\\/10\\\/Municipios.jpg\",\"datePublished\":\"2024-10-02T03:41:10+00:00\",\"dateModified\":\"2024-10-02T03:41:11+00:00\",\"breadcrumb\":{\"@id\":\"https:\\\/\\\/contadoreshoy.com\\\/?p=14825#breadcrumb\"},\"inLanguage\":\"es\",\"potentialAction\":[{\"@type\":\"ReadAction\",\"target\":[\"https:\\\/\\\/contadoreshoy.com\\\/?p=14825\"]}]},{\"@type\":\"ImageObject\",\"inLanguage\":\"es\",\"@id\":\"https:\\\/\\\/contadoreshoy.com\\\/?p=14825#primaryimage\",\"url\":\"https:\\\/\\\/contadoreshoy.com\\\/wp-content\\\/uploads\\\/2024\\\/10\\\/Municipios.jpg\",\"contentUrl\":\"https:\\\/\\\/contadoreshoy.com\\\/wp-content\\\/uploads\\\/2024\\\/10\\\/Municipios.jpg\",\"width\":1280,\"height\":720},{\"@type\":\"BreadcrumbList\",\"@id\":\"https:\\\/\\\/contadoreshoy.com\\\/?p=14825#breadcrumb\",\"itemListElement\":[{\"@type\":\"ListItem\",\"position\":1,\"name\":\"Portada\",\"item\":\"https:\\\/\\\/contadoreshoy.com\\\/\"},{\"@type\":\"ListItem\",\"position\":2,\"name\":\"Ley 2423 Sep 2024 &#8211; Reorganizaci\u00f3n para distritos y municipios del pa\u00eds.\"}]},{\"@type\":\"WebSite\",\"@id\":\"https:\\\/\\\/contadoreshoy.com\\\/#website\",\"url\":\"https:\\\/\\\/contadoreshoy.com\\\/\",\"name\":\"Contadorespublicossantander\",\"description\":\"Portal para Contadores P\u00fablicos y empresarios\",\"publisher\":{\"@id\":\"https:\\\/\\\/contadoreshoy.com\\\/#organization\"},\"potentialAction\":[{\"@type\":\"SearchAction\",\"target\":{\"@type\":\"EntryPoint\",\"urlTemplate\":\"https:\\\/\\\/contadoreshoy.com\\\/?s={search_term_string}\"},\"query-input\":{\"@type\":\"PropertyValueSpecification\",\"valueRequired\":true,\"valueName\":\"search_term_string\"}}],\"inLanguage\":\"es\"},{\"@type\":\"Organization\",\"@id\":\"https:\\\/\\\/contadoreshoy.com\\\/#organization\",\"name\":\"Contadores P\u00fablicos de Santander\",\"url\":\"https:\\\/\\\/contadoreshoy.com\\\/\",\"logo\":{\"@type\":\"ImageObject\",\"inLanguage\":\"es\",\"@id\":\"https:\\\/\\\/contadoreshoy.com\\\/#\\\/schema\\\/logo\\\/image\\\/\",\"url\":\"https:\\\/\\\/contadoreshoy.com\\\/wp-content\\\/uploads\\\/2024\\\/01\\\/cropped-cropped-Copia-de-M-1.jpg\",\"contentUrl\":\"https:\\\/\\\/contadoreshoy.com\\\/wp-content\\\/uploads\\\/2024\\\/01\\\/cropped-cropped-Copia-de-M-1.jpg\",\"width\":499,\"height\":500,\"caption\":\"Contadores P\u00fablicos de Santander\"},\"image\":{\"@id\":\"https:\\\/\\\/contadoreshoy.com\\\/#\\\/schema\\\/logo\\\/image\\\/\"},\"sameAs\":[\"https:\\\/\\\/www.facebook.com\\\/CCCPBucaramanga\\\/\"]},{\"@type\":\"Person\",\"@id\":\"https:\\\/\\\/contadoreshoy.com\\\/#\\\/schema\\\/person\\\/96d8979cb865537c5dc9345e40089fc5\",\"name\":\"Miguel Antonio M\u00e1rquez Monta\u00f1ez\",\"description\":\"Contador P\u00fablico egresado de la Universidad Aut\u00f3noma de Bucaramanga - Asesor contable tributario con m\u00e1s de 25 a\u00f1os de experiencia - Conferencista en temas contables y tributarios - T\u00e9cnico en Hardware y Dise\u00f1o Web - Creador y director Grupo de Estudio Colegio Colombiano de Contadores P\u00fablicos de Bucaramanga - Creador y Master Web p\u00e1gina www.contadoresp\u00fablicossantander.com - Expresidente Colegio Colombiano de Contadores P\u00fablicos Bucaramanga\",\"url\":\"https:\\\/\\\/contadoreshoy.com\\\/?author=1\"}]}<\/script>\n<!-- \/ Yoast SEO plugin. -->","yoast_head_json":{"title":"Ley 2423 Sep 2024 - Reorganizaci\u00f3n para distritos y municipios del pa\u00eds. - Contadores P\u00fablicos","robots":{"index":"index","follow":"follow","max-snippet":"max-snippet:-1","max-image-preview":"max-image-preview:large","max-video-preview":"max-video-preview:-1"},"canonical":"https:\/\/contadoreshoy.com\/?p=14825","og_locale":"es_ES","og_type":"article","og_title":"Ley 2423 Sep 2024 - Reorganizaci\u00f3n para distritos y municipios del pa\u00eds. - Contadores P\u00fablicos","og_description":"Ley Org\u00e1nica que adiciona un p\u00e1rrafo al art\u00edculo 6\u00b0 de la&nbsp;Ley 136 de 1994, estableciendo una nueva categorizaci\u00f3n para los distritos y municipios del pa\u00eds. Esta categorizaci\u00f3n se basa en&#46;&#46;&#46;","og_url":"https:\/\/contadoreshoy.com\/?p=14825","og_site_name":"Contadores P\u00fablicos","article_publisher":"https:\/\/www.facebook.com\/CCCPBucaramanga\/","article_published_time":"2024-10-02T03:41:10+00:00","article_modified_time":"2024-10-02T03:41:11+00:00","og_image":[{"width":1280,"height":720,"url":"https:\/\/contadoreshoy.com\/wp-content\/uploads\/2024\/10\/Municipios.jpg","type":"image\/jpeg"}],"author":"Miguel Antonio M\u00e1rquez Monta\u00f1ez","twitter_card":"summary_large_image","twitter_misc":{"Escrito por":"Miguel Antonio M\u00e1rquez Monta\u00f1ez","Tiempo de lectura":"7 minutos"},"schema":{"@context":"https:\/\/schema.org","@graph":[{"@type":"Article","@id":"https:\/\/contadoreshoy.com\/?p=14825#article","isPartOf":{"@id":"https:\/\/contadoreshoy.com\/?p=14825"},"author":{"name":"Miguel Antonio M\u00e1rquez Monta\u00f1ez","@id":"https:\/\/contadoreshoy.com\/#\/schema\/person\/96d8979cb865537c5dc9345e40089fc5"},"headline":"Ley 2423 Sep 2024 &#8211; Reorganizaci\u00f3n para distritos y municipios del pa\u00eds.","datePublished":"2024-10-02T03:41:10+00:00","dateModified":"2024-10-02T03:41:11+00:00","mainEntityOfPage":{"@id":"https:\/\/contadoreshoy.com\/?p=14825"},"wordCount":1473,"commentCount":0,"publisher":{"@id":"https:\/\/contadoreshoy.com\/#organization"},"image":{"@id":"https:\/\/contadoreshoy.com\/?p=14825#primaryimage"},"thumbnailUrl":"https:\/\/contadoreshoy.com\/wp-content\/uploads\/2024\/10\/Municipios.jpg","articleSection":{"1":"Ultimas Noticias","2":"Uncategorized"},"inLanguage":"es","potentialAction":[{"@type":"CommentAction","name":"Comment","target":["https:\/\/contadoreshoy.com\/?p=14825#respond"]}]},{"@type":"WebPage","@id":"https:\/\/contadoreshoy.com\/?p=14825","url":"https:\/\/contadoreshoy.com\/?p=14825","name":"Ley 2423 Sep 2024 - Reorganizaci\u00f3n para distritos y municipios del pa\u00eds. - Contadores P\u00fablicos","isPartOf":{"@id":"https:\/\/contadoreshoy.com\/#website"},"primaryImageOfPage":{"@id":"https:\/\/contadoreshoy.com\/?p=14825#primaryimage"},"image":{"@id":"https:\/\/contadoreshoy.com\/?p=14825#primaryimage"},"thumbnailUrl":"https:\/\/contadoreshoy.com\/wp-content\/uploads\/2024\/10\/Municipios.jpg","datePublished":"2024-10-02T03:41:10+00:00","dateModified":"2024-10-02T03:41:11+00:00","breadcrumb":{"@id":"https:\/\/contadoreshoy.com\/?p=14825#breadcrumb"},"inLanguage":"es","potentialAction":[{"@type":"ReadAction","target":["https:\/\/contadoreshoy.com\/?p=14825"]}]},{"@type":"ImageObject","inLanguage":"es","@id":"https:\/\/contadoreshoy.com\/?p=14825#primaryimage","url":"https:\/\/contadoreshoy.com\/wp-content\/uploads\/2024\/10\/Municipios.jpg","contentUrl":"https:\/\/contadoreshoy.com\/wp-content\/uploads\/2024\/10\/Municipios.jpg","width":1280,"height":720},{"@type":"BreadcrumbList","@id":"https:\/\/contadoreshoy.com\/?p=14825#breadcrumb","itemListElement":[{"@type":"ListItem","position":1,"name":"Portada","item":"https:\/\/contadoreshoy.com\/"},{"@type":"ListItem","position":2,"name":"Ley 2423 Sep 2024 &#8211; Reorganizaci\u00f3n para distritos y municipios del pa\u00eds."}]},{"@type":"WebSite","@id":"https:\/\/contadoreshoy.com\/#website","url":"https:\/\/contadoreshoy.com\/","name":"Contadorespublicossantander","description":"Portal para Contadores P\u00fablicos y empresarios","publisher":{"@id":"https:\/\/contadoreshoy.com\/#organization"},"potentialAction":[{"@type":"SearchAction","target":{"@type":"EntryPoint","urlTemplate":"https:\/\/contadoreshoy.com\/?s={search_term_string}"},"query-input":{"@type":"PropertyValueSpecification","valueRequired":true,"valueName":"search_term_string"}}],"inLanguage":"es"},{"@type":"Organization","@id":"https:\/\/contadoreshoy.com\/#organization","name":"Contadores P\u00fablicos de Santander","url":"https:\/\/contadoreshoy.com\/","logo":{"@type":"ImageObject","inLanguage":"es","@id":"https:\/\/contadoreshoy.com\/#\/schema\/logo\/image\/","url":"https:\/\/contadoreshoy.com\/wp-content\/uploads\/2024\/01\/cropped-cropped-Copia-de-M-1.jpg","contentUrl":"https:\/\/contadoreshoy.com\/wp-content\/uploads\/2024\/01\/cropped-cropped-Copia-de-M-1.jpg","width":499,"height":500,"caption":"Contadores P\u00fablicos de Santander"},"image":{"@id":"https:\/\/contadoreshoy.com\/#\/schema\/logo\/image\/"},"sameAs":["https:\/\/www.facebook.com\/CCCPBucaramanga\/"]},{"@type":"Person","@id":"https:\/\/contadoreshoy.com\/#\/schema\/person\/96d8979cb865537c5dc9345e40089fc5","name":"Miguel Antonio M\u00e1rquez Monta\u00f1ez","description":"Contador P\u00fablico egresado de la Universidad Aut\u00f3noma de Bucaramanga - Asesor contable tributario con m\u00e1s de 25 a\u00f1os de experiencia - Conferencista en temas contables y tributarios - T\u00e9cnico en Hardware y Dise\u00f1o Web - Creador y director Grupo de Estudio Colegio Colombiano de Contadores P\u00fablicos de Bucaramanga - Creador y Master Web p\u00e1gina www.contadoresp\u00fablicossantander.com - Expresidente Colegio Colombiano de Contadores P\u00fablicos Bucaramanga","url":"https:\/\/contadoreshoy.com\/?author=1"}]}},"_links":{"self":[{"href":"https:\/\/contadoreshoy.com\/index.php?rest_route=\/wp\/v2\/posts\/14825","targetHints":{"allow":["GET"]}}],"collection":[{"href":"https:\/\/contadoreshoy.com\/index.php?rest_route=\/wp\/v2\/posts"}],"about":[{"href":"https:\/\/contadoreshoy.com\/index.php?rest_route=\/wp\/v2\/types\/post"}],"author":[{"embeddable":true,"href":"https:\/\/contadoreshoy.com\/index.php?rest_route=\/wp\/v2\/users\/1"}],"replies":[{"embeddable":true,"href":"https:\/\/contadoreshoy.com\/index.php?rest_route=%2Fwp%2Fv2%2Fcomments&post=14825"}],"version-history":[{"count":1,"href":"https:\/\/contadoreshoy.com\/index.php?rest_route=\/wp\/v2\/posts\/14825\/revisions"}],"predecessor-version":[{"id":14827,"href":"https:\/\/contadoreshoy.com\/index.php?rest_route=\/wp\/v2\/posts\/14825\/revisions\/14827"}],"wp:featuredmedia":[{"embeddable":true,"href":"https:\/\/contadoreshoy.com\/index.php?rest_route=\/wp\/v2\/media\/14826"}],"wp:attachment":[{"href":"https:\/\/contadoreshoy.com\/index.php?rest_route=%2Fwp%2Fv2%2Fmedia&parent=14825"}],"wp:term":[{"taxonomy":"category","embeddable":true,"href":"https:\/\/contadoreshoy.com\/index.php?rest_route=%2Fwp%2Fv2%2Fcategories&post=14825"},{"taxonomy":"post_tag","embeddable":true,"href":"https:\/\/contadoreshoy.com\/index.php?rest_route=%2Fwp%2Fv2%2Ftags&post=14825"}],"curies":[{"name":"wp","href":"https:\/\/api.w.org\/{rel}","templated":true}]}}