{"id":14828,"date":"2024-10-01T23:37:44","date_gmt":"2024-10-02T04:37:44","guid":{"rendered":"https:\/\/contadoreshoy.com\/?p=14828"},"modified":"2024-10-01T23:41:46","modified_gmt":"2024-10-02T04:41:46","slug":"ley-2381-de-2024-cambios-claves-en-el-sistema-de-pensiones-en-colombia","status":"publish","type":"post","link":"https:\/\/contadoreshoy.com\/?p=14828","title":{"rendered":"LEY 2381 DE 2024: CAMBIOS CLAVES EN EL SISTEMA DE PENSIONES EN COLOMBIA"},"content":{"rendered":"\n<figure class=\"wp-block-image size-full\"><img loading=\"lazy\" decoding=\"async\" width=\"1200\" height=\"1404\" src=\"https:\/\/contadoreshoy.com\/wp-content\/uploads\/2024\/10\/Reforma-pensional.webp\" alt=\"\" class=\"wp-image-14829\" srcset=\"https:\/\/contadoreshoy.com\/wp-content\/uploads\/2024\/10\/Reforma-pensional.webp 1200w, https:\/\/contadoreshoy.com\/wp-content\/uploads\/2024\/10\/Reforma-pensional-600x702.webp 600w, https:\/\/contadoreshoy.com\/wp-content\/uploads\/2024\/10\/Reforma-pensional-342x400.webp 342w, https:\/\/contadoreshoy.com\/wp-content\/uploads\/2024\/10\/Reforma-pensional-768x899.webp 768w\" sizes=\"auto, (max-width: 1200px) 100vw, 1200px\" \/><\/figure>\n\n\n\n<p class=\"wp-block-paragraph\"><a href=\"https:\/\/www.funcionpublica.gov.co\/eva\/gestornormativo\/norma.php?i=246356\">https:\/\/www.funcionpublica.gov.co\/eva\/gestornormativo\/norma.php?i=246356<\/a> &#8211; <strong>Ley 238 de 2024<\/strong><\/p>\n\n\n\n<p class=\"wp-block-paragraph\">(<strong>Texto tomado de art\u00edculo D\u00edario la Rep\u00fablica, escrito por Brayan Xavier Becerra<\/strong> <strong>y emitido en junio 18 de 2024<\/strong>)<\/p>\n\n\n\n<p class=\"wp-block-paragraph\">Cuando entre\u00a0en vigencia la reforma, todos los colombianos ser\u00e1n afiliados a Colpensiones, exceptuando a aquellas\u00a0<strong>personas que ganan m\u00e1s de 2,3 salarios m\u00ednimos legales vigentes, ($2,99 millones este a\u00f1o), que podr\u00e1n llevar una parte de sus ahorros al sistema privado.<\/strong><\/p>\n\n\n\n<p class=\"wp-block-paragraph\"><strong>Seg\u00fan lo aprobado, no importa si usted cotiz\u00f3 o no durante su vida<\/strong>, ya que para quienes nunca realizaron sus aportes a la seguridad social, tambi\u00e9n habr\u00e1 un bono pensional.<\/p>\n\n\n\n<p class=\"wp-block-paragraph\">Otro de los puntos clave es que los recursos de los cotizantes<strong>\u00a0no los administrar\u00e1 Colpensiones directamente, ya que esa labor la tendr\u00e1 un comit\u00e9 de expertos conformado por los ministros de Hacienda y de Trabajo<\/strong>\u00a0(O alg\u00fan delegado que ellos asignen), por el Departamento Nacional de Planeaci\u00f3n, el presidente de Colpensiones (con voz, pero sin voto) y\u00a0<strong>cuatro expertos escogidos por la Junta Directiva del Banco de la Rep\u00fablica,<\/strong>\u00a0que gestionar\u00e1n esos dineros y sus rendimientos, con el fin de garantizar rentabilidad, y que el Gobierno no pueda usar esa plata para otros fines.<\/p>\n\n\n\n<h3 class=\"wp-block-heading\">\u00bfQu\u00e9 pasa si actualmente cotiza en un fondo privado?<\/h3>\n\n\n\n<p class=\"wp-block-paragraph\">Como se mencion\u00f3 anteriormente, si usted actualmente est\u00e1 en alguno de los cuatro fondos privados de pensiones:<strong>&nbsp;Protecci\u00f3n, Porvenir, Skandia o Colfondos, ahora empezar\u00e1 a cotizar en Colpensiones,<\/strong>&nbsp;que comenzar\u00e1 a recibir todos flujos de ahorros.<\/p>\n\n\n\n<p class=\"wp-block-paragraph\">Pero hay un l\u00edmite, si usted gana m\u00e1s de 2,3 salarios m\u00ednimos mensuales legales vigentes, smmlv,\u00a0<strong>unos $2,99 millones con el m\u00ednimo de este a\u00f1o<\/strong>, podr\u00e1 seguir cotizando esos recursos adicionales en una de estas AFP.<\/p>\n\n\n\n<h3 class=\"wp-block-heading\">\u00bfQu\u00e9 pasar\u00e1 con la plata que ya tiene ahorrada en una AFP?<\/h3>\n\n\n\n<p class=\"wp-block-paragraph\">Uno de los puntos que el Gobierno ha tenido que aclarar es sobre los ahorros que ya est\u00e1n en el sistema de pensiones,&nbsp;<strong>ya que se lleg\u00f3 a decir que el Gobierno expropiar\u00eda estos recursos para concentrarlos en Colpensiones.<\/strong><\/p>\n\n\n\n<p class=\"wp-block-paragraph\"><strong>Esto quiere decir que los $405 billones que hoy tienen ahorrados los colombianos en los fondos privados de pensiones<\/strong>\u00a0se quedar\u00e1n all\u00ed hasta que se cumplan los requisitos de pensi\u00f3n y las nuevas cotizaciones empezar\u00e1n a dirigirse a Colpensiones paulatinamente.<\/p>\n\n\n\n<h3 class=\"wp-block-heading\">\u00bfDe d\u00f3nde saldr\u00e1n los fondos para el Pilar Solidario?<\/h3>\n\n\n\n<p class=\"wp-block-paragraph\">Este pilar lo integrar\u00e1n las personas colombianas&nbsp;<strong>residentes en el territorio nacional en condici\u00f3n de pobreza extrema y en condiciones de vulnerabilidad<\/strong>, seg\u00fan la focalizaci\u00f3n que establezca el Gobierno Nacional.<\/p>\n\n\n\n<p class=\"wp-block-paragraph\">Las prestaciones a esta poblaci\u00f3n se financiar\u00e1n solidariamente con recursos del Presupuesto General de la Naci\u00f3n y con los recursos de la\u00a0<strong>Subcuenta de Subsistencia del Fondo de Solidaridad Pensional. Esto, sin afectar los actuales beneficiarios del programa Colombia Mayor.<\/strong><\/p>\n\n\n\n<h3 class=\"wp-block-heading\">\u00bfQu\u00e9 va a pasar con Colpensiones tras la aprobaci\u00f3n de la reforma?<\/h3>\n\n\n\n<p class=\"wp-block-paragraph\">Con la aprobaci\u00f3n de la reforma pensional,&nbsp;<strong>Colpensiones recibir\u00e1 m\u00e1s de 10 millones de afiliados a partir del pr\u00f3ximo 1 de julio.<\/strong>&nbsp;Cabe se\u00f1alar que actualmente esta entidad tiene alrededor de 6,83 millones de afiliados y maneja&nbsp;<strong>$6,72 billones, seg\u00fan cifras de la Superintendencia Financiera de Colombia.<\/strong><\/p>\n\n\n\n<p class=\"wp-block-paragraph\">Esto quiere decir que si usted no est\u00e1 actualmente en el r\u00e9gimen de Colpensiones, el Gobierno lo va a trasladar autom\u00e1ticamente y\u00a0<strong>all\u00ed tendr\u00e1 que cotizar hasta por alrededor de $3 millones.<\/strong><\/p>\n\n\n\n<h3 class=\"wp-block-heading\">\u00bfSe puede pasar a Colpensiones si actualmente est\u00e1 en una AFP?<\/h3>\n\n\n\n<p class=\"wp-block-paragraph\">Si actualmente usted est\u00e1 en un fondo privado de pensiones y se quiere trasladar a Colpensiones lo podr\u00e1 hacer. Aunque usted quede en el r\u00e9gimen de transici\u00f3n,&nbsp;<strong>va a tener dos a\u00f1os entre el 1 de julio de 2025 y el 1 de julio de 2027 para pasarse de una AFP a Colpensiones<\/strong>&nbsp;sin tener que presentar una demanda, como se hace actualmente.<\/p>\n\n\n\n<p class=\"wp-block-paragraph\">Este es un punto importante para quienes saben que en una AFP\u00a0<strong>van a tener una pensi\u00f3n m\u00e1s baja y estaban esperando la \u2018ventana pensional\u2019 del R\u00e9gimen de Prima Media.<\/strong><\/p>\n\n\n\n<h3 class=\"wp-block-heading\">\u00bfLa reforma modific\u00f3 la edad de pensi\u00f3n de los colombianos?<\/h3>\n\n\n\n<p class=\"wp-block-paragraph\">No, las mujeres, independientemente del sistema,&nbsp;<strong>podr\u00e1n pensionarse a los 57 a\u00f1os y los hombres, a los 62 a\u00f1os, siempre y cuando cumplan las semanas de cotizaci\u00f3n<\/strong>. Cabe recordar que los hombres se podr\u00e1n pensionar con 1.300 semanas cotizadas al sistema, mientras que las mujeres se pensionar\u00e1n con 850 semanas a partir de 2036.<\/p>\n\n\n\n<p class=\"wp-block-paragraph\">Desde 2025 hasta entonces,\u00a0<strong>las mujeres ver\u00e1n una reducci\u00f3n en el n\u00famero de semanas requeridas hasta llegar a las 1.000 semanas<\/strong>, seg\u00fan dice la nueva Ley.<\/p>\n\n\n\n<h3 class=\"wp-block-heading\">\u00bfEs verdad que se podr\u00e1 pensionar con 1.000 semanas?<\/h3>\n\n\n\n<p class=\"wp-block-paragraph\">La reforma cre\u00f3 una figura llamada pensi\u00f3n anticipada de vejez por invalidez, en la que tendr\u00e1n derecho a una pensi\u00f3n antes de cumplir la semanas aquellas personas<strong>&nbsp;que padezcan una deficiencia f\u00edsica, ps\u00edquica o sensorial de 50% o m\u00e1s, que cumplan 50 a\u00f1os de edad para el caso de las mujeres y 55 a\u00f1os de edad para el caso de los hombres<\/strong>, y que hayan cotizado en forma continua o discontinua&nbsp;<strong>1.000 o m\u00e1s semanas al sistema de protecci\u00f3n social integral para la vejez.<\/strong><\/p>\n\n\n\n<h3 class=\"wp-block-heading\">\u00bfCu\u00e1nto va a recibir de pensi\u00f3n cuando se logre jubilar?<\/h3>\n\n\n\n<p class=\"wp-block-paragraph\"><strong>Todas las personas que quedar\u00e1n en el nuevo sistema Colpensiones, se les va a reconocer como m\u00e1ximo alrededor de $2,4 millones<\/strong>, con el salario m\u00ednimo actual. Si tiene ahorros en una AFP le van a hacer un c\u00e1lculo actuarial y de ah\u00ed habr\u00e1 un \u2018extra\u2019 para aumentar su pensi\u00f3n que depende exclusivamente de cu\u00e1nta plata ahorr\u00f3.<\/p>\n\n\n\n<p class=\"wp-block-paragraph\">El Ingreso Base de Liquidaci\u00f3n ser\u00e1 el promedio de los ingresos base de cotizaci\u00f3n en Colpensiones,\u00a0<strong>durante los \u00faltimos 10 a\u00f1os cotizados anteriores al reconocimiento de la pensi\u00f3n.<\/strong><\/p>\n\n\n\n<h3 class=\"wp-block-heading\">\u00bfQu\u00e9 pasa si no cumple con los requisitos para pensionarse?<\/h3>\n\n\n\n<p class=\"wp-block-paragraph\">El Pilar Semicontributivo que cre\u00f3 la reforma pensional est\u00e1\u00a0<strong>integrado por las personas afiliadas al sistema que a 65 a\u00f1os de edad, en el caso de los hombres, y 60 a\u00f1os de edad<\/strong>, para las mujeres, no hayan cumplido los requisitos para acceder a una pensi\u00f3n contributiva habiendo cotizado al sistema, por lo que podr\u00e1n acceder a un Beneficio Econ\u00f3mico, que se financiar\u00e1 con recursos del Presupuesto General de la Naci\u00f3n y con sus propios aportes a trav\u00e9s de los mecanismos que adopte el Gobierno Nacional.<\/p>\n\n\n\n<h3 class=\"wp-block-heading\">\u00bfCon cu\u00e1ntas semanas se van a pensionar las mujeres con hijos?<\/h3>\n\n\n\n<p class=\"wp-block-paragraph\">Si una mujer, por ejemplo, est\u00e1 en el r\u00e9gimen de prima media y tiene 1.150 semanas cotizadas, menos de las 1.300 que reglamenta la ley,&nbsp;<strong>se le empezar\u00e1n a descontar 50 semanas por cada hijo que tenga hasta llegar a 1.000, pero no puede ser menor a ese n\u00famero de semanas<\/strong>, que es el requisito m\u00ednimo para poderse pensionar.<\/p>\n\n\n\n<p class=\"wp-block-paragraph\">Sin embargo, hay un art\u00edculo que dice\u00a0<strong>que las madres se podr\u00e1n pensionar con 850 semanas, pero otro se\u00f1ala que el m\u00ednimo es 1.000<\/strong>, lo que significa que se debe esperar la reglamentaci\u00f3n.<\/p>\n\n\n\n<h3 class=\"wp-block-heading\">\u00bfSi nunca cotiz\u00f3, puede aspirar a alg\u00fan tipo de jubilaci\u00f3n?<\/h3>\n\n\n\n<p class=\"wp-block-paragraph\">El Pilar Solidario de la reforma pensional est\u00e1 dirigido a garantizar una renta b\u00e1sica solidaria para amparar las condiciones m\u00ednimas de subsistencia de los adultos\u00a0<strong>mayores pobres y de hombres mayores de 55 a\u00f1os con discapacidad o mujeres mayores de 50 a\u00f1os<\/strong>, que sin ser considerados adultos mayores, poseen una p\u00e9rdida de\u00a0<strong>capacidad laboral igual o superior a 50% y no poseen una fuente de ingresos que garantice su vida digna ni hayan<\/strong>\u00a0cotizado para poderse pensionar.<\/p>\n\n\n\n<h3 class=\"wp-block-heading\">\u00bfCu\u00e1ntas semanas va a necesitar para pensionarse?<\/h3>\n\n\n\n<p class=\"wp-block-paragraph\">Cuando entre en vigencia el nuevo sistema, los hombres se podr\u00e1n pensionar con 1.300 semanas cotizadas. Las mujeres podr\u00e1n pensionarse, incluso,\u00a0<strong>con 850 semanas cotizadas al sistema pensional a partir de 2036.<\/strong>ART\u00cdCULO RELACIONADO<a href=\"https:\/\/www.larepublica.co\/economia\/asi-quedaron-aprobadas-las-comisiones-de-las-cotizaciones-en-la-reforma-pensional-3882142\" target=\"_blank\" rel=\"noreferrer noopener\"><\/a><\/p>\n\n\n\n<p class=\"wp-block-paragraph\">El articulado tambi\u00e9n dice que&nbsp;<strong>las mujeres ver\u00e1n una reducci\u00f3n en el n\u00famero de semanas requeridas hasta llegar a las 1.000 semanas en 2036<\/strong>. Sin embargo, las mujeres podr\u00e1n aplicar, adem\u00e1s&nbsp;el beneficio de reducir 50 semanas por hijo&nbsp;y hasta por tres hijos.<\/p>\n\n\n\n<p class=\"wp-block-paragraph\">El art\u00edculo que permiti\u00f3 sumar el beneficio de reducci\u00f3n de semanas<strong>&nbsp;por hijos se aprob\u00f3 en la C\u00e1mara de Representantes sin aval del Gobierno Nacional por sus implicaciones fiscales<\/strong>, lo que quiere decir que se puede caer en una demanda ante la Corte Constitucional.<\/p>\n\n\n\n<p class=\"wp-block-paragraph\">Por otro lado, el Gobierno se comprometi\u00f3\u00a0<strong>a reducir antes de 2026 la edad de pensi\u00f3n y semanas cotizadas para ind\u00edgenas, campesinos, y poblaci\u00f3n negra:<\/strong>\u00a0\u201cen raz\u00f3n a la diferencia entre la esperanza de vida general de los colombianos y la esperanza de vida de quienes pertenecen a los pueblos ind\u00edgenas, comunidades negras, afrocolombiana, raizales; palenqueras y campesina\u201d. El Dane ser\u00e1 la entidad encargada de calcular las semanas con las que se jubilar\u00e1n.<\/p>\n\n\n\n<h3 class=\"wp-block-heading\">\u00bfSe podr\u00e1n heredar los saldos de las pensiones?<\/h3>\n\n\n\n<p class=\"wp-block-paragraph\">Actualmente, si un pensionado o afiliado al sistema fallece, sus familiares o beneficiarios de ley pueden recibir su pensi\u00f3n, denominada \u201cpensi\u00f3n de sobrevivencia\u201d.&nbsp;<strong>Eso no cambia con lo aprobado de la reforma pensional en el Congreso de la Rep\u00fablica y que est\u00e1 para sanci\u00f3n presidencial.<\/strong><\/p>\n\n\n\n<p class=\"wp-block-paragraph\">En el articulado, lo referente a pensi\u00f3n para sobrevivientes, se aclara que ese pago contin\u00faa as\u00ed sea reestructurado el sistema.\u00a0<strong>El art\u00edculo 47 habla de las personas que tendr\u00e1n el derecho de recibir la pensi\u00f3n.<\/strong><\/p>\n\n\n\n<h3 class=\"wp-block-heading\">\u00bfQui\u00e9nes pueden beneficiarse por la pensi\u00f3n de sobrevivientes?<\/h3>\n\n\n\n<p class=\"wp-block-paragraph\">Seg\u00fan el texto aprobado por el Congreso, tendr\u00e1n derecho a la pensi\u00f3n de sobrevivientes los miembros del grupo familiar del pensionado por vejez o invalidez por riesgo cuando fallezca y los familiares del afiliado al sistema que fallezca,\u00a0<strong>siempre y cuando ya haya cotizado 50 semanas dentro de los tres \u00faltimos a\u00f1os inmediatamente anteriores al fallecimiento.<\/strong>\u00a0El monto de la pensi\u00f3n los beneficiarios, a partir de la vigencia de la ley,\u00a0<strong>ser\u00e1 de 80% del monto que le hubiera correspondido en una pensi\u00f3n.<\/strong><\/p>\n\n\n\n<h3 class=\"wp-block-heading\">\u00bfQu\u00e9 pasar\u00e1 con el auxilio funerario con la nueva reforma?<\/h3>\n\n\n\n<p class=\"wp-block-paragraph\">Seg\u00fan el articulado, las personas que comprueben haber sufragado los gastos de entierro de un afiliado o pensionado,\u00a0<strong>tendr\u00e1n derecho a percibir un auxilio funerario equivalente al \u00faltimo salario base de cotizaci\u00f3n<\/strong>, o al valor correspondiente a la \u00faltima mesada pensional recibida, seg\u00fan sea el caso, sin que este auxilio pueda ser inferior a cinco salarios m\u00ednimos, ni superior a 10.<strong>\u00a0Esta prestaci\u00f3n ser\u00e1 asumida y pagada por parte del Componente de Prima Media administrado por Colpensiones.<\/strong><\/p>\n\n\n\n<h3 class=\"wp-block-heading\">\u00bfPuede hacer un ahorro voluntario para su vejez?<\/h3>\n\n\n\n<p class=\"wp-block-paragraph\">Uno de los pilares es el del Ahorro Voluntario, que lo integran las personas que hagan un ahorro a trav\u00e9s de los mecanismos que existan en el sistema financiero, seg\u00fan el r\u00e9gimen que establezca la Ley,&nbsp;<strong>con el fin de complementar el monto de la pensi\u00f3n integral de vejez.<\/strong><\/p>\n\n\n\n<p class=\"wp-block-paragraph\">A este pilar no se le aplicar\u00e1n los principios y disposiciones de la reforma pensional.<strong>\u00a0En todo caso, los aportes voluntarios ser\u00e1n inembargables de conformidad con la reglamentaci\u00f3n que rige la materia.<\/strong><\/p>\n\n\n\n<h3 class=\"wp-block-heading\">\u00bfQu\u00e9 porcentaje de su salario se ir\u00e1 para cotizaci\u00f3n de pensi\u00f3n?<\/h3>\n\n\n\n<p class=\"wp-block-paragraph\">El porcentaje de los aportes a pensi\u00f3n dentro del nuevo sistema de protecci\u00f3n para la vejez seguir\u00e1 siendo de 16 % del ingreso base de cotizaci\u00f3n. Los cambios introducidos por la reforma en este aspecto se centran en la responsabilidad del pago de las cotizaciones y la distribuci\u00f3n de estas.\u00a0<strong>Sin embargo, quienes tengan un ingreso de m\u00e1s de cuatro salarios m\u00ednimos y menos de siete tendr\u00e1n a su cargo un aporte adicional al Fondo de Solidaridad de 1,5%<\/strong>. El aporte sube progresivamente hasta 3% para los que ganan 20 salarios.<\/p>\n\n\n\n<h3 class=\"wp-block-heading\">\u00bfPuede cotizar a pensi\u00f3n por d\u00edas o por semanas?<\/h3>\n\n\n\n<p class=\"wp-block-paragraph\">En el pilar contributivo, el empleador y trabajador dependiente e independiente, deben cotizar a este sistema, en los porcentajes establecidos. Se podr\u00e1n realizar cotizaciones por d\u00edas o por semanas, seg\u00fan los d\u00edas laborados en el mes:<strong>\u00a0Entre uno y siete d\u00edas, se debe hacer una cotizaci\u00f3n m\u00ednima semanal; entre ocho y 14 d\u00edas, dos cotizaciones<\/strong>; Entre 15 y 21 d\u00edas, tres cotizaciones;<strong>\u00a0y por m\u00e1s de 21 d\u00edas, se deben hacer cuatro cotizaciones m\u00ednimas que equivalen a un salario m\u00ednimo mensual.<\/strong><\/p>\n\n\n\n<h3 class=\"wp-block-heading\">\u00bfDe cu\u00e1nto ser\u00e1 el monto de la pensi\u00f3n por invalidez?<\/h3>\n\n\n\n<p class=\"wp-block-paragraph\">El monto mensual de la pensi\u00f3n de invalidez ser\u00e1 equivalente a<strong>\u00a045% del ingreso base de liquidaci\u00f3n, m\u00e1s 1,5% de dicho ingreso por cada 50 semanas de cotizaci\u00f3n que el afiliado tenga acreditadas con posterioridad a las primeras 500 semanas de cotizaci\u00f3n<\/strong>, cuando la disminuci\u00f3n en su capacidad laboral sea igual o\u00a0<strong>superior a 50% e inferior a 66%<\/strong>. Si es superior a esa incapacidad, ser\u00e1 54% del ingreso base de liquidaci\u00f3n,\u00a0<strong>m\u00e1s 2% por cada 50 semanas de cotizaci\u00f3n luego de las primeras 800 semanas.<\/strong><\/p>\n\n\n\n<h3 class=\"wp-block-heading\">\u00bfCu\u00e1l ser\u00e1 la base de cotizaci\u00f3n para los que trabajen por d\u00edas?<\/h3>\n\n\n\n<p class=\"wp-block-paragraph\">El ingreso base para calcular la cotizaci\u00f3n m\u00ednima mensual al Sistema de Protecci\u00f3n Social Integral para la Vejez y al sistema\u00a0<strong>de Subsidio Familiar que plantea la reforma pensional para las personas que coticen por d\u00edas o por semanas ser\u00e1 el correspondiente a una cuarta parte del salario m\u00ednimo mensual<\/strong>\u00a0legal vigente, el cual se denominar\u00e1 cotizaci\u00f3n m\u00ednima semanal. Para el Sistema de Riesgos Laborales, el ingreso base de cotizaci\u00f3n ser\u00e1 el salario que devengue.<\/p>\n\n\n\n<h3 class=\"wp-block-heading\">\u00bfA qu\u00e9 hace referencia la reforma con la pensi\u00f3n familiar?<\/h3>\n\n\n\n<p class=\"wp-block-paragraph\">La pensi\u00f3n familiar es la que se le reconoce por la suma de las cotizaciones, o aportes de una pareja,&nbsp;<strong>bien sean c\u00f3nyuges, compa\u00f1eros permanentes, o lo que se constituya legalmente como una pareja.<\/strong><\/p>\n\n\n\n<p class=\"wp-block-paragraph\">Esta figura est\u00e1 contenida en el art\u00edculo 38, y se otorga si con la uni\u00f3n de ambos individuos se cumple con los requisitos para acceder a la jubilaci\u00f3n.\u00a0<strong>Esta pareja recibir\u00e1 una pensi\u00f3n equivalente a un salario m\u00ednimo, y est\u00e1 sujeta a validaciones adicionales, si se compara con el proceso de solicitud individual.<\/strong><\/p>\n\n\n\n<h3 class=\"wp-block-heading\">\u00bfCu\u00e1les son los requisitos para acceder a la pensi\u00f3n familiar?<\/h3>\n\n\n\n<p class=\"wp-block-paragraph\">Esta pensi\u00f3n se otorga por parte de Colpensiones. Los c\u00f3nyuges deben acreditar m\u00e1s de cinco a\u00f1os de relaci\u00f3n o convivencia.&nbsp;<strong>Entre los dos deben sumar, m\u00ednimo, 1.300 semanas para que se les reconozca la pensi\u00f3n.<\/strong>&nbsp;Para efectos de la cotizaci\u00f3n al sistema de salud, la persona titular de la pensi\u00f3n debe estar afiliado y cotizar, su pareja aparecer\u00e1 como beneficiario.<\/p>\n\n\n\n<p class=\"wp-block-paragraph\">En caso de fallecimiento de uno de los compa\u00f1eros, se puede repartir por mitades la pensi\u00f3n, en caso que hayan hijos. En caso de haber primog\u00e9nitos mayores de 25 a\u00f1os que dependan del fallecido, podr\u00e1n solicitar&nbsp;<strong>50% de ese dinero, en caso de haber m\u00e1s, se realizar\u00e1 la repartici\u00f3n en partes iguales. El fallecimiento de los c\u00f3nyuges no cambia la naturaleza o cobertura de la jubilaci\u00f3n.<\/strong><\/p>\n\n\n\n<p class=\"wp-block-paragraph\">Ser\u00e1 responsabilidad de la pareja informar del fallecimiento dentro de los 30 d\u00edas siguientes al suceso. En caso de divorcio, la pareja recibir\u00e1 mensualmente 50% de la pensi\u00f3n.&nbsp;<strong>Esta jubilaci\u00f3n no es compatible con cualquier otra pensi\u00f3n o prestaci\u00f3n econ\u00f3mica, incluidos subsidios u otros programas sociales.<\/strong><\/p>\n\n\n\n<p class=\"wp-block-paragraph\">Solo se reconoce una pensi\u00f3n familiar por pareja y esta no podr\u00e1 superar el monto de un salario m\u00ednimo legal mensual vigente. Este esquema brinda un auxilio funerario,<strong>\u00a0equivalente a 50% del costo de la ceremonia exequial.<\/strong><\/p>\n\n\n\n<h3 class=\"wp-block-heading\">\u00bfPuedo cotizar por periodos inferiores a un mes?<\/h3>\n\n\n\n<p class=\"wp-block-paragraph\">S\u00ed se podr\u00e1n hacer cotizaciones por d\u00edas o por semanas, pero de acuerdo a unas especificaciones que se establecen en el texto aprobado, las cuales son entre uno y siete d\u00edas laborados al mes, con una cotizaci\u00f3n m\u00ednima semanal;<strong>\u00a0entre ocho y 14 d\u00edas con dos cotizaciones m\u00ednimas semanales, entre 15 y 21 d\u00edas con tres cotizaciones m\u00ednimas semanales<\/strong>\u00a0y m\u00e1s de 21 d\u00edas con cuatro cotizaciones m\u00ednimas semanales, las cuales equivalen a un salario m\u00ednimo mensual, que pare este a\u00f1o est\u00e1 en $1,3 millones.<\/p>\n\n\n\n<h3 class=\"wp-block-heading\">\u00bfA d\u00f3nde van los ahorros de los que ganan m\u00e1s de 2,3 salarios?<a href=\"https:\/\/www.larepublica.co\/economia\/vigencia-exceptuados-y-regimen-de-transicion-aproabados-de-la-reforma-pensional-3882055\" target=\"_blank\" rel=\"noreferrer noopener\"><\/a><\/h3>\n\n\n\n<p class=\"wp-block-paragraph\">De acuerdo con el art\u00edculo 12,&nbsp;tanto trabajadores dependientes como independientes, que devenguen m\u00e1s de 2,3 salarios tendr\u00e1n que seleccionar su administradora de fondo de pensiones.<\/p>\n\n\n\n<p class=\"wp-block-paragraph\">No obstante,<strong>\u00a0el porcentaje correspondiente al umbral tendr\u00e1n que depositarlo en Colpensiones, y el excedente,<\/strong>\u00a0voluntariamente se podr\u00e1 depositar en una AFP de su preferencia. Cabe se\u00f1alar que los recursos depositados en Colpensiones, ser\u00e1n administrados por el Banco de la Rep\u00fablica.<\/p>\n\n\n\n<h3 class=\"wp-block-heading\">\u00bfLas pensiones ser\u00e1n objeto de impuestos?<\/h3>\n\n\n\n<p class=\"wp-block-paragraph\">Aunque la gran mayor\u00eda de pensiones est\u00e1n exceptuadas, incluidas aquellas jubilaciones, que perciban los residentes colombianos provenientes del exterior, de acuerdo con&nbsp;<strong>el art\u00edculo 84 \u201ctratamiento tributario\u201d, ser\u00e1n gravadas las pensiones que superen 1.000 UVT.<\/strong><\/p>\n\n\n\n<p class=\"wp-block-paragraph\"><strong>El art\u00edculo no contempla la palabra \u00abmensuales\u00bb<\/strong>\u00a0que evitar\u00eda aplicar el impuesto de renta a las pensiones de $3,9 millones mensuales, pero seg\u00fan los ponentes de la reforma,\u00a0<strong>en la regulaci\u00f3n del Gobierno se va a incorporar para evitar que estas mesadas sean gravadas<\/strong>.<\/p>\n\n\n\n<h3 class=\"wp-block-heading\">\u00bfQui\u00e9nes quedar\u00e1n cobijados con el cambio de sistema?<\/h3>\n\n\n\n<p class=\"wp-block-paragraph\">Si al momento de la entrada en vigencia de la reforma la persona ya tiene al menos 750 semanas cotizadas, en el caso de las mujeres,&nbsp;<strong>o 900 semanas para hombres, seguir\u00e1 cobijado por la Ley 100 de 1991.<\/strong><\/p>\n\n\n\n<p class=\"wp-block-paragraph\">Si desea pasarse de una AFP a y Colpensiones podr\u00e1 hacerlo hasta el primero de julio de 2027<strong>. Luego el Gobierno decide si lo manda al fondo p\u00fablico o si se queda con las AFP<\/strong>. Esto \u00faltimo aplica para quienes les falten menos de 10 a\u00f1os para pensionarse.<\/p>\n\n\n\n<h3 class=\"wp-block-heading\">\u00bfQu\u00e9 pasar\u00e1 con los ahorros que ya tiene en los fondos privados?<\/h3>\n\n\n\n<p class=\"wp-block-paragraph\"><strong>Colpensiones va a tomar los ahorros de todos los que no excedan el umbral de los 2,3 salarios m\u00ednimos<\/strong>, pues, seg\u00fan el art\u00edculo 71, en el que se establecen las funciones adicionales de Colpensiones, este fondo recibir\u00e1, por parte de las AFP,&nbsp;<strong>el valor de los saldos de las cuentas individuales para gir\u00e1rselo a la bolsa del pilar semicontributivo.<\/strong><\/p>\n\n\n\n<p class=\"wp-block-paragraph\">Es importante se\u00f1alar que ese segmento corresponde\u00a0<strong>a quienes no cumplen con los requisitos para acceder a la jubilaci\u00f3n, pero, que han cotizado al sistema.<\/strong><\/p>\n\n\n\n<h3 class=\"wp-block-heading\">\u00bfC\u00f3mo benefician a campesinos, ind\u00edgenas y raizales?<\/h3>\n\n\n\n<p class=\"wp-block-paragraph\">El art\u00edculo 73 crea el Consejo Nacional de Protecci\u00f3n Social Integral para la Vejez, el cual busca asesorar,&nbsp;<strong>evaluar y sugerir medidas pertinentes para el adecuado desarrollo del sistema pensional.<\/strong><\/p>\n\n\n\n<p class=\"wp-block-paragraph\">Dicho consejo estar\u00e1 integrado por el ministro de Trabajo, Hacienda y Salud;<strong>&nbsp;el director del Departamento Nacional de Planeaci\u00f3n, Prosperidad Social y Colpensiones.<\/strong><\/p>\n\n\n\n<p class=\"wp-block-paragraph\">Tambi\u00e9n habr\u00e1 un representante de los trabajadores, de los empresarios, de los pensionados, de los beneficiarios de prestaciones solidarias, de las administradoras del componente complementario de ahorro individual, de las universidades p\u00fablicas y privadas, del sistema nacional del voluntariado, de la poblaci\u00f3n con discapacidad, de la poblaci\u00f3n migrante residente en Colombia,<strong>&nbsp;de los trabajadores campesinos, dos representantes de las comunidades negras, afrocolombianas, raizales y palenqueras, dos de las comunidades ind\u00edgenas y dos de comunidades campesinas.<\/strong><\/p>\n\n\n\n<p class=\"wp-block-paragraph\">Los miembros de comunidades campesinas, \u00e9tnicas y populares, se les garantizar\u00e1 protecci\u00f3n especial para que puedan materializar su acceso a la pensi\u00f3n. Una vez la reforma sea sancionada<strong>, el Congreso tendr\u00e1 seis meses para presentar la regulaci\u00f3n especial para validar el trabajo de dichas comunidades como requisito para el acceso a la jubilaci\u00f3n.<\/strong><\/p>\n\n\n\n<h3 class=\"wp-block-heading\">\u00bfC\u00f3mo aplica en semanas el descuento para las madres?<\/h3>\n\n\n\n<p class=\"wp-block-paragraph\">En el Componente de Prima Media del Pilar Contributivo, para las mujeres que cumplan la edad m\u00ednima para acceder a la pensi\u00f3n y no tengan las semanas establecidas, podr\u00e1n obtener el beneficio de disminuir en&nbsp;<strong>50 semanas por cada hijo nacido vivo o adoptivo el n\u00famero de semanas requeridas, hasta llegar a un m\u00ednimo de 850 semanas por un m\u00e1ximo de tres hijos.<\/strong><\/p>\n\n\n\n<p class=\"wp-block-paragraph\">Esto significa que por cada hijo que tenga la mujer,\u00a0<strong>se reducir\u00e1n 50 semanas de cotizaci\u00f3n hasta completar una reducci\u00f3n a 850 semanas, aunque se reglamentar\u00e1 para que sean 1.000, como establecer otro de los art\u00edculos.<\/strong><\/p>\n\n\n\n<h3 class=\"wp-block-heading\">\u00bfLa reforma crear\u00e1 reg\u00edmenes especiales?<\/h3>\n\n\n\n<p class=\"wp-block-paragraph\">Seg\u00fan lo explicado por la ministra de Trabajo, Gloria In\u00e9s Ram\u00edrez,<strong>&nbsp;la reforma no pretende crear reg\u00edmenes especiales, ni tampoco tocar los que ya est\u00e1n creados.<\/strong><\/p>\n\n\n\n<p class=\"wp-block-paragraph\">De hecho, en varios de los art\u00edculos se rese\u00f1a que no se modificar\u00e1n ni tocar\u00e1n los reg\u00edmenes especiales, como por ejemplo en el pilar de ahorro voluntario.<strong>\u00a0Esto quiere decir que los esquemas especiales actuales se mantienen<\/strong>, y no se van a modificar, a menos de alguna disposici\u00f3n adicional, o ajuste al articulado pactado.<\/p>\n\n\n\n<h3 class=\"wp-block-heading\">\u00bfCu\u00e1l es la pensi\u00f3n m\u00e1xima que entregar\u00e1 Colpensiones?<\/h3>\n\n\n\n<p class=\"wp-block-paragraph\">Con lo aprobado, si usted se pensiona en el fondo p\u00fablico, es decir, el que hoy se conoce como Colpensiones, como m\u00e1ximo, podr\u00e1 aspirar a recibir unos dos salarios m\u00ednimos,&nbsp;<strong>si toma el c\u00e1lculo del sueldo vigente, esto equivale a poco m\u00e1s de $2,6 millones.<\/strong><\/p>\n\n\n\n<p class=\"wp-block-paragraph\">Solo si usted hizo ahorros voluntarios durante su vida laboral, podr\u00e1 obtener una pensi\u00f3n un poco m\u00e1s cuantiosa, y se le entregar\u00e1 de acuerdo al saldo obtenido,\u00a0<strong>entre otros factores a consideraci\u00f3n del fondo p\u00fablico las AFP.<\/strong><\/p>\n\n\n\n<h3 class=\"wp-block-heading\">\u00bfCu\u00e1nto va a costar la reforma pensional?<\/h3>\n\n\n\n<p class=\"wp-block-paragraph\">Seg\u00fan las cuentas de Fedesarrollo el valor neto de&nbsp;<strong>la reforma ser\u00eda de $184 billones, y tendr\u00e1 un incremento del pasivo pensional de $64,6 billones.<\/strong><\/p>\n\n\n\n<p class=\"wp-block-paragraph\">De acuerdo con el balance presentado del aval fiscal,<strong>&nbsp;entre 2025 y 2069 el proyecto representar\u00e1 0,3 puntos del PIB, m\u00e1s o menos $5 billones por a\u00f1o<\/strong>.<\/p>\n\n\n\n<p class=\"wp-block-paragraph\">A partir de 2070 el d\u00e9ficit ser\u00eda de 1,8 puntos del Producto Interno Bruto. A pesar del balance negativo, seg\u00fan el Ministerio de Hacienda, el beneficio social ser\u00e1 m\u00e1s significativo que el impacto econ\u00f3mico.<\/p>\n\n\n\n<h3 class=\"wp-block-heading\">\u00bfQu\u00e9 pasa si usted ya cotiza en Colpensiones?<\/h3>\n\n\n\n<p class=\"wp-block-paragraph\">Si usted recibe menos de 2,3 salarios m\u00ednimos legales, la cotizaci\u00f3n con Colpensiones seguir\u00e1 normal, pero quienes a la entrada en vigor de la reforma, se encuentren afiliados a dicho fondo p\u00fablico, no est\u00e9n cobijados por el R\u00e9gimen de Transici\u00f3n,\u00a0<strong>y coticen por encima de los 2,3 salarios m\u00ednimos, deber\u00e1n seleccionar una Administradora de Fondos de Pensiones<\/strong>, AFP, dentro de los primeros seis meses, contados a partir de la expedici\u00f3n de la reforma pensional.<\/p>\n\n\n\n<h3 class=\"wp-block-heading\">\u00bfSe puede hacer un embargo a las pensiones?<\/h3>\n\n\n\n<p class=\"wp-block-paragraph\">Seg\u00fan lo se\u00f1ala el documento, los aportes voluntarios ser\u00e1n inembargables, esto de conformidad con la reglamentaci\u00f3n que rige la materia. Asimismo,\u00a0<strong>el art\u00edculo 81 se\u00f1ala que son inembargables las pensiones, cualquiera que sea su cuant\u00eda<\/strong>, salvo que se trate de embargos por pensiones alimenticias o cr\u00e9ditos a favor de cooperativas. Por otra parte<strong>, si una persona fue beneficiaria de la pensi\u00f3n anticipada,<\/strong>\u00a0solo podr\u00e1 ser embargado el excedente luego de descontar el aporte obligatorio de cotizaci\u00f3n.<\/p>\n\n\n\n<h3 class=\"wp-block-heading\">\u00bfSe mantiene la mesada adicional?<\/h3>\n\n\n\n<p class=\"wp-block-paragraph\">En cuanto a este tema, la mesada adicional se mantendr\u00e1 para los pensionados por vejez o jubilaci\u00f3n, invalidez y sustituci\u00f3n o casos de sobrevivencia, quienes van a continuar recibiendo la mesada adicional de manera anual;\u00a0<strong>a lo anteriormente mencionado, se le debe a\u00f1adir la mesada correspondiente del mes de noviembre y tambi\u00e9n en la primera quincena del mes de diciembre<\/strong>, el valor que corresponde a la mensualidad que se brinda como concepto adicional a la pensi\u00f3n.<\/p>\n\n\n\n<p class=\"wp-block-paragraph\"><strong>(Aqu\u00ed termina el texto tomado del art\u00edculo emitido por el diario la Rep\u00fablica, en junio 18 de 2024, redactado por Brayan Xavier Becerra)<\/strong><\/p>\n\n\n\n<p class=\"wp-block-paragraph\">El 16 de julio de 2024 se aprob\u00f3 la\u00a0<strong>Ley 2381<\/strong>, marcando una transformaci\u00f3n importante en el sistema de pensiones de Colombia. A continuaci\u00f3n, te presentamos un resumen de sus principales puntos:<\/p>\n\n\n\n<ol class=\"wp-block-list\">\n<li><strong>Renta Solidaria<\/strong><\/li>\n<\/ol>\n\n\n\n<ul class=\"wp-block-list\">\n<li><strong>\u00bfQu\u00e9 es?<\/strong>&nbsp;Una renta de&nbsp;<strong>$225,000<\/strong>&nbsp;mensuales.<\/li>\n\n\n\n<li><strong>\u00bfQui\u00e9nes la reciben?<\/strong>&nbsp;M\u00e1s de&nbsp;<strong>2 millones<\/strong>&nbsp;de adultos mayores en situaci\u00f3n de pobreza extrema.<\/li>\n<\/ul>\n\n\n\n<ol class=\"wp-block-list\" start=\"2\">\n<li><strong>Afiliaci\u00f3n a Colpensiones<\/strong><\/li>\n<\/ol>\n\n\n\n<ul class=\"wp-block-list\">\n<li><strong>Obligatoria<\/strong>&nbsp;para todos los colombianos con ingresos hasta&nbsp;<strong>2.3 SMMLV<\/strong>.<\/li>\n\n\n\n<li><strong>Opcional<\/strong>&nbsp;para quienes ganen m\u00e1s o deseen una pensi\u00f3n superior, con posibilidad de aportar en fondos privados.<\/li>\n<\/ul>\n\n\n\n<ol class=\"wp-block-list\" start=\"3\">\n<li><strong>Cuatro Pilares del Nuevo Sistema<\/strong><\/li>\n<\/ol>\n\n\n\n<ul class=\"wp-block-list\">\n<li><strong>Pilar Voluntario:<\/strong>&nbsp;Aportes adicionales para mejorar la pensi\u00f3n futura.<\/li>\n\n\n\n<li><strong>Pilar Solidario:<\/strong>&nbsp;Renta vitalicia para mayores en extrema pobreza (hombres a partir de&nbsp;<strong>65 a\u00f1os<\/strong>&nbsp;y mujeres a partir de&nbsp;<strong>60 a\u00f1os<\/strong>).<\/li>\n\n\n\n<li><strong>Pilar Semicontributivo:<\/strong>&nbsp;Renta vitalicia de hasta el&nbsp;<strong>80% del SMLMV<\/strong>&nbsp;para quienes no cumplen requisitos de pensi\u00f3n.<\/li>\n\n\n\n<li><strong>Pilar Contributivo:<\/strong>&nbsp;Aportes hasta&nbsp;<strong>2.3 SMMLV<\/strong>, con opci\u00f3n de complementar en fondos privados.<\/li>\n<\/ul>\n\n\n\n<ol class=\"wp-block-list\" start=\"4\">\n<li><strong>Fechas Claves<\/strong><\/li>\n<\/ol>\n\n\n\n<ul class=\"wp-block-list\">\n<li><strong>Entrada en Vigencia:<\/strong>&nbsp;<strong>1\u00b0 de julio de 2025<\/strong>.<\/li>\n\n\n\n<li><strong>Excepciones:<\/strong>&nbsp;Art\u00edculos 12 y 76 tienen fechas espec\u00edficas.<\/li>\n<\/ul>\n\n\n\n<ol class=\"wp-block-list\" start=\"5\">\n<li><strong>Nuevo Sistema de Informaci\u00f3n<\/strong><\/li>\n<\/ol>\n\n\n\n<ul class=\"wp-block-list\">\n<li><strong>Objetivo:<\/strong>\u00a0Crear un sistema integrado para la protecci\u00f3n social de la vejez con datos abiertos y presupuesto asignado.<\/li>\n<\/ul>\n\n\n\n<ul class=\"wp-block-list\">\n<li><strong>6. Cambios profundos en el sistema de pensiones para mujeres en Colombia<\/strong><\/li>\n<\/ul>\n\n\n\n<ul class=\"wp-block-list\">\n<li>A las mujeres se les podr\u00e1 dar la pensi\u00f3n anticipada por vejez en caso dado de que tengan m\u00e1s de 50 a\u00f1os y que tengan una deficiencia del 50% o m\u00e1s. Pago de salud Las trabajadoras que reciban menos de un salario m\u00ednimo mensual legal vigente y est\u00e9n afiliadas al sistema de salud, tendr\u00e1n el derecho a que un tercero pague su aporte obligatorio a salud. Esto aplica tanto para quienes se encuentran empleadas como las que no.<\/li>\n<\/ul>\n\n\n\n<ul class=\"wp-block-list\">\n<li><strong>7. Doble asesor\u00eda<\/strong><\/li>\n<\/ul>\n\n\n\n<ul class=\"wp-block-list\">\n<li>Este mecanismo permite a los afiliados tomar una decisi\u00f3n informada sobre el r\u00e9gimen pensional que m\u00e1s les convenga para su futuro pensional.\u00a0<strong>A esta doble asesor\u00eda podr\u00e1n acudir los afiliados que cumplan con los requisitos previstos en el art\u00edculo 76 para acceder a la oportunidad de traslado, y aquellos afiliados que se encuentren en r\u00e9gimen de transici\u00f3n dispuesto en el art\u00edculo 75.<\/strong><\/li>\n<\/ul>\n\n\n\n<ul class=\"wp-block-list\">\n<li>Dentro de la informaci\u00f3n que debe recibir el afiliado durante la doble asesor\u00eda est\u00e1 la proyecci\u00f3n del beneficio pensional que obtendr\u00e1 a la edad de pensi\u00f3n, partiendo de su situaci\u00f3n actual y de simulaciones con diferentes densidades de cotizaci\u00f3n para analizar la estabilidad laboral a futuro.<\/li>\n<\/ul>\n\n\n\n<ul class=\"wp-block-list\">\n<li>Hay que recordar que\u00a0<strong>los afiliados que est\u00e1n en este grupo deben cumplir, al 16 de julio del 2024, con las siguientes condiciones: contar con 750 semanas cotizadas, en el caso de las mujeres, y 900 semanas cotizadas, en el caso de los hombres, y estar a menos de 10 a\u00f1os de le edad de pensi\u00f3n. Quiere decir, los hombres con 52 a\u00f1os o m\u00e1s y las mujeres con 47 a\u00f1os o m\u00e1s.<\/strong><\/li>\n<\/ul>\n","protected":false},"excerpt":{"rendered":"<p>https:\/\/www.funcionpublica.gov.co\/eva\/gestornormativo\/norma.php?i=246356 &#8211; Ley 238 de 2024 (Texto tomado de art\u00edculo D\u00edario la Rep\u00fablica, escrito por Brayan Xavier Becerra y emitido en junio 18 de 2024) Cuando entre\u00a0en vigencia la reforma,&#46;&#46;&#46;<\/p>\n","protected":false},"author":1,"featured_media":14832,"comment_status":"open","ping_status":"open","sticky":false,"template":"","format":"standard","meta":{"_monsterinsights_skip_tracking":false,"ngg_post_thumbnail":0,"footnotes":"","_links_to":"","_links_to_target":""},"categories":[454,458,1],"tags":[],"class_list":["post-14828","post","type-post","status-publish","format-standard","has-post-thumbnail","hentry","category-sin-categoria","category-ultimas","category-uncategorized"],"aioseo_notices":[],"aioseo_head":"\n\t\t<!-- All in One SEO 5.0.1.1 - aioseo.com -->\n\t<meta name=\"description\" content=\"https:\/\/www.funcionpublica.gov.co\/eva\/gestornormativo\/norma.php?i=246356 - Ley 238 de 2024 (Texto tomado de art\u00edculo D\u00edario la Rep\u00fablica, escrito por Brayan Xavier Becerra y emitido en junio 18 de 2024) Cuando entre en vigencia la reforma, todos los colombianos ser\u00e1n afiliados a Colpensiones, exceptuando a aquellas personas que ganan m\u00e1s de 2,3 salarios m\u00ednimos legales vigentes, ($2,99 millones este a\u00f1o), que podr\u00e1n\" \/>\n\t<meta name=\"robots\" content=\"max-image-preview:large\" \/>\n\t<meta name=\"author\" content=\"Miguel Antonio M\u00e1rquez Monta\u00f1ez\"\/>\n\t<link rel=\"canonical\" href=\"https:\/\/contadoreshoy.com\/?p=14828\" \/>\n\t<meta name=\"generator\" content=\"All in One SEO (AIOSEO) 5.0.1.1\" \/>\n\t\t<meta property=\"og:locale\" content=\"es_ES\" \/>\n\t\t<meta property=\"og:site_name\" content=\"Contadores P\u00fablicos - Portal para Contadores P\u00fablicos y empresarios\" \/>\n\t\t<meta property=\"og:type\" content=\"article\" \/>\n\t\t<meta property=\"og:title\" content=\"LEY 2381 DE 2024: CAMBIOS CLAVES EN EL SISTEMA DE PENSIONES EN COLOMBIA - Contadores P\u00fablicos\" \/>\n\t\t<meta property=\"og:description\" content=\"https:\/\/www.funcionpublica.gov.co\/eva\/gestornormativo\/norma.php?i=246356 - Ley 238 de 2024 (Texto tomado de art\u00edculo D\u00edario la Rep\u00fablica, escrito por Brayan Xavier Becerra y emitido en junio 18 de 2024) Cuando entre en vigencia la reforma, todos los colombianos ser\u00e1n afiliados a Colpensiones, exceptuando a aquellas personas que ganan m\u00e1s de 2,3 salarios m\u00ednimos legales vigentes, ($2,99 millones este a\u00f1o), que podr\u00e1n\" \/>\n\t\t<meta property=\"og:url\" content=\"https:\/\/contadoreshoy.com\/?p=14828\" \/>\n\t\t<meta property=\"og:image\" content=\"https:\/\/contadoreshoy.com\/wp-content\/uploads\/2024\/01\/cropped-cropped-cropped-Copia-de-M.jpg\" \/>\n\t\t<meta property=\"og:image:secure_url\" content=\"https:\/\/contadoreshoy.com\/wp-content\/uploads\/2024\/01\/cropped-cropped-cropped-Copia-de-M.jpg\" \/>\n\t\t<meta property=\"og:image:width\" content=\"512\" \/>\n\t\t<meta property=\"og:image:height\" content=\"371\" \/>\n\t\t<meta property=\"article:published_time\" content=\"2024-10-02T04:37:44+00:00\" \/>\n\t\t<meta property=\"article:modified_time\" content=\"2024-10-02T04:41:46+00:00\" \/>\n\t\t<meta name=\"twitter:card\" content=\"summary_large_image\" \/>\n\t\t<meta name=\"twitter:title\" content=\"LEY 2381 DE 2024: CAMBIOS CLAVES EN EL SISTEMA DE PENSIONES EN COLOMBIA - Contadores P\u00fablicos\" \/>\n\t\t<meta name=\"twitter:description\" content=\"https:\/\/www.funcionpublica.gov.co\/eva\/gestornormativo\/norma.php?i=246356 - Ley 238 de 2024 (Texto tomado de art\u00edculo D\u00edario la Rep\u00fablica, escrito por Brayan Xavier Becerra y emitido en junio 18 de 2024) Cuando entre en vigencia la reforma, todos los colombianos ser\u00e1n afiliados a Colpensiones, exceptuando a aquellas personas que ganan m\u00e1s de 2,3 salarios m\u00ednimos legales vigentes, ($2,99 millones este a\u00f1o), que podr\u00e1n\" \/>\n\t\t<meta name=\"twitter:image\" content=\"https:\/\/contadoreshoy.com\/wp-content\/uploads\/2024\/01\/cropped-cropped-cropped-Copia-de-M.jpg\" \/>\n\t\t<script type=\"application\/ld+json\" class=\"aioseo-schema\">\n\t\t\t{\"@context\":\"https:\\\/\\\/schema.org\",\"@graph\":[{\"@type\":\"BlogPosting\",\"@id\":\"https:\\\/\\\/contadoreshoy.com\\\/?p=14828#blogposting\",\"name\":\"LEY 2381 DE 2024: CAMBIOS CLAVES EN EL SISTEMA DE PENSIONES EN COLOMBIA - Contadores P\\u00fablicos\",\"headline\":\"LEY 2381 DE 2024: CAMBIOS CLAVES EN EL SISTEMA DE PENSIONES EN COLOMBIA\",\"author\":{\"@id\":\"https:\\\/\\\/contadoreshoy.com\\\/?author=1#author\"},\"publisher\":{\"@id\":\"https:\\\/\\\/contadoreshoy.com\\\/#organization\"},\"image\":{\"@type\":\"ImageObject\",\"url\":\"https:\\\/\\\/contadoreshoy.com\\\/wp-content\\\/uploads\\\/2024\\\/10\\\/Pensional.png\",\"width\":1732,\"height\":902},\"datePublished\":\"2024-10-01T23:37:44-05:00\",\"dateModified\":\"2024-10-01T23:41:46-05:00\",\"inLanguage\":\"es-ES\",\"mainEntityOfPage\":{\"@id\":\"https:\\\/\\\/contadoreshoy.com\\\/?p=14828#webpage\"},\"isPartOf\":{\"@id\":\"https:\\\/\\\/contadoreshoy.com\\\/?p=14828#webpage\"},\"articleSection\":\"Sin categor\\u00eda, Ultimas Noticias, Uncategorized\"},{\"@type\":\"BreadcrumbList\",\"@id\":\"https:\\\/\\\/contadoreshoy.com\\\/?p=14828#breadcrumblist\",\"itemListElement\":[{\"@type\":\"ListItem\",\"@id\":\"https:\\\/\\\/contadoreshoy.com#listItem\",\"position\":1,\"name\":\"Home\",\"item\":\"https:\\\/\\\/contadoreshoy.com\",\"nextItem\":{\"@type\":\"ListItem\",\"@id\":\"https:\\\/\\\/contadoreshoy.com\\\/?cat=1#listItem\",\"name\":\"Uncategorized\"}},{\"@type\":\"ListItem\",\"@id\":\"https:\\\/\\\/contadoreshoy.com\\\/?cat=1#listItem\",\"position\":2,\"name\":\"Uncategorized\",\"item\":\"https:\\\/\\\/contadoreshoy.com\\\/?cat=1\",\"nextItem\":{\"@type\":\"ListItem\",\"@id\":\"https:\\\/\\\/contadoreshoy.com\\\/?p=14828#listItem\",\"name\":\"LEY 2381 DE 2024: CAMBIOS CLAVES EN EL SISTEMA DE PENSIONES EN COLOMBIA\"},\"previousItem\":{\"@type\":\"ListItem\",\"@id\":\"https:\\\/\\\/contadoreshoy.com#listItem\",\"name\":\"Home\"}},{\"@type\":\"ListItem\",\"@id\":\"https:\\\/\\\/contadoreshoy.com\\\/?p=14828#listItem\",\"position\":3,\"name\":\"LEY 2381 DE 2024: CAMBIOS CLAVES EN EL SISTEMA DE PENSIONES EN COLOMBIA\",\"previousItem\":{\"@type\":\"ListItem\",\"@id\":\"https:\\\/\\\/contadoreshoy.com\\\/?cat=1#listItem\",\"name\":\"Uncategorized\"}}]},{\"@type\":\"Organization\",\"@id\":\"https:\\\/\\\/contadoreshoy.com\\\/#organization\",\"name\":\"Contadores P\\u00fablicos\",\"description\":\"Portal para Contadores P\\u00fablicos y empresarios\",\"url\":\"https:\\\/\\\/contadoreshoy.com\\\/\",\"logo\":{\"@type\":\"ImageObject\",\"url\":\"https:\\\/\\\/contadoreshoy.com\\\/wp-content\\\/uploads\\\/2024\\\/01\\\/cropped-cropped-Copia-de-M-1.jpg\",\"@id\":\"https:\\\/\\\/contadoreshoy.com\\\/?p=14828\\\/#organizationLogo\",\"width\":499,\"height\":500},\"image\":{\"@id\":\"https:\\\/\\\/contadoreshoy.com\\\/?p=14828\\\/#organizationLogo\"}},{\"@type\":\"Person\",\"@id\":\"https:\\\/\\\/contadoreshoy.com\\\/?author=1#author\",\"url\":\"https:\\\/\\\/contadoreshoy.com\\\/?author=1\",\"name\":\"Miguel Antonio M\\u00e1rquez Monta\\u00f1ez\"},{\"@type\":\"WebPage\",\"@id\":\"https:\\\/\\\/contadoreshoy.com\\\/?p=14828#webpage\",\"url\":\"https:\\\/\\\/contadoreshoy.com\\\/?p=14828\",\"name\":\"LEY 2381 DE 2024: CAMBIOS CLAVES EN EL SISTEMA DE PENSIONES EN COLOMBIA - Contadores P\\u00fablicos\",\"description\":\"https:\\\/\\\/www.funcionpublica.gov.co\\\/eva\\\/gestornormativo\\\/norma.php?i=246356 - Ley 238 de 2024 (Texto tomado de art\\u00edculo D\\u00edario la Rep\\u00fablica, escrito por Brayan Xavier Becerra y emitido en junio 18 de 2024) Cuando entre en vigencia la reforma, todos los colombianos ser\\u00e1n afiliados a Colpensiones, exceptuando a aquellas personas que ganan m\\u00e1s de 2,3 salarios m\\u00ednimos legales vigentes, ($2,99 millones este a\\u00f1o), que podr\\u00e1n\",\"inLanguage\":\"es-ES\",\"isPartOf\":{\"@id\":\"https:\\\/\\\/contadoreshoy.com\\\/#website\"},\"breadcrumb\":{\"@id\":\"https:\\\/\\\/contadoreshoy.com\\\/?p=14828#breadcrumblist\"},\"author\":{\"@id\":\"https:\\\/\\\/contadoreshoy.com\\\/?author=1#author\"},\"creator\":{\"@id\":\"https:\\\/\\\/contadoreshoy.com\\\/?author=1#author\"},\"image\":{\"@type\":\"ImageObject\",\"url\":\"https:\\\/\\\/contadoreshoy.com\\\/wp-content\\\/uploads\\\/2024\\\/10\\\/Pensional.png\",\"@id\":\"https:\\\/\\\/contadoreshoy.com\\\/?p=14828\\\/#mainImage\",\"width\":1732,\"height\":902},\"primaryImageOfPage\":{\"@id\":\"https:\\\/\\\/contadoreshoy.com\\\/?p=14828#mainImage\"},\"datePublished\":\"2024-10-01T23:37:44-05:00\",\"dateModified\":\"2024-10-01T23:41:46-05:00\"},{\"@type\":\"WebSite\",\"@id\":\"https:\\\/\\\/contadoreshoy.com\\\/#website\",\"url\":\"https:\\\/\\\/contadoreshoy.com\\\/\",\"name\":\"Contadores P\\u00fablicos\",\"description\":\"Portal para Contadores P\\u00fablicos y empresarios\",\"inLanguage\":\"es-ES\",\"publisher\":{\"@id\":\"https:\\\/\\\/contadoreshoy.com\\\/#organization\"}}]}\n\t\t<\/script>\n\t\t<!-- All in One SEO -->\n\n","aioseo_head_json":{"title":"LEY 2381 DE 2024: CAMBIOS CLAVES EN EL SISTEMA DE PENSIONES EN COLOMBIA - Contadores P\u00fablicos","description":"https:\/\/www.funcionpublica.gov.co\/eva\/gestornormativo\/norma.php?i=246356 - Ley 238 de 2024 (Texto tomado de art\u00edculo D\u00edario la Rep\u00fablica, escrito por Brayan Xavier Becerra y emitido en junio 18 de 2024) Cuando entre en vigencia la reforma, todos los colombianos ser\u00e1n afiliados a Colpensiones, exceptuando a aquellas personas que ganan m\u00e1s de 2,3 salarios m\u00ednimos legales vigentes, ($2,99 millones este a\u00f1o), que podr\u00e1n","canonical_url":"https:\/\/contadoreshoy.com\/?p=14828","robots":"max-image-preview:large","keywords":"","webmasterTools":{"miscellaneous":""},"schema":{"@context":"https:\/\/schema.org","@graph":[{"@type":"BlogPosting","@id":"https:\/\/contadoreshoy.com\/?p=14828#blogposting","name":"LEY 2381 DE 2024: CAMBIOS CLAVES EN EL SISTEMA DE PENSIONES EN COLOMBIA - Contadores P\u00fablicos","headline":"LEY 2381 DE 2024: CAMBIOS CLAVES EN EL SISTEMA DE PENSIONES EN COLOMBIA","author":{"@id":"https:\/\/contadoreshoy.com\/?author=1#author"},"publisher":{"@id":"https:\/\/contadoreshoy.com\/#organization"},"image":{"@type":"ImageObject","url":"https:\/\/contadoreshoy.com\/wp-content\/uploads\/2024\/10\/Pensional.png","width":1732,"height":902},"datePublished":"2024-10-01T23:37:44-05:00","dateModified":"2024-10-01T23:41:46-05:00","inLanguage":"es-ES","mainEntityOfPage":{"@id":"https:\/\/contadoreshoy.com\/?p=14828#webpage"},"isPartOf":{"@id":"https:\/\/contadoreshoy.com\/?p=14828#webpage"},"articleSection":"Sin categor\u00eda, Ultimas Noticias, Uncategorized"},{"@type":"BreadcrumbList","@id":"https:\/\/contadoreshoy.com\/?p=14828#breadcrumblist","itemListElement":[{"@type":"ListItem","@id":"https:\/\/contadoreshoy.com#listItem","position":1,"name":"Home","item":"https:\/\/contadoreshoy.com","nextItem":{"@type":"ListItem","@id":"https:\/\/contadoreshoy.com\/?cat=1#listItem","name":"Uncategorized"}},{"@type":"ListItem","@id":"https:\/\/contadoreshoy.com\/?cat=1#listItem","position":2,"name":"Uncategorized","item":"https:\/\/contadoreshoy.com\/?cat=1","nextItem":{"@type":"ListItem","@id":"https:\/\/contadoreshoy.com\/?p=14828#listItem","name":"LEY 2381 DE 2024: CAMBIOS CLAVES EN EL SISTEMA DE PENSIONES EN COLOMBIA"},"previousItem":{"@type":"ListItem","@id":"https:\/\/contadoreshoy.com#listItem","name":"Home"}},{"@type":"ListItem","@id":"https:\/\/contadoreshoy.com\/?p=14828#listItem","position":3,"name":"LEY 2381 DE 2024: CAMBIOS CLAVES EN EL SISTEMA DE PENSIONES EN COLOMBIA","previousItem":{"@type":"ListItem","@id":"https:\/\/contadoreshoy.com\/?cat=1#listItem","name":"Uncategorized"}}]},{"@type":"Organization","@id":"https:\/\/contadoreshoy.com\/#organization","name":"Contadores P\u00fablicos","description":"Portal para Contadores P\u00fablicos y empresarios","url":"https:\/\/contadoreshoy.com\/","logo":{"@type":"ImageObject","url":"https:\/\/contadoreshoy.com\/wp-content\/uploads\/2024\/01\/cropped-cropped-Copia-de-M-1.jpg","@id":"https:\/\/contadoreshoy.com\/?p=14828\/#organizationLogo","width":499,"height":500},"image":{"@id":"https:\/\/contadoreshoy.com\/?p=14828\/#organizationLogo"}},{"@type":"Person","@id":"https:\/\/contadoreshoy.com\/?author=1#author","url":"https:\/\/contadoreshoy.com\/?author=1","name":"Miguel Antonio M\u00e1rquez Monta\u00f1ez"},{"@type":"WebPage","@id":"https:\/\/contadoreshoy.com\/?p=14828#webpage","url":"https:\/\/contadoreshoy.com\/?p=14828","name":"LEY 2381 DE 2024: CAMBIOS CLAVES EN EL SISTEMA DE PENSIONES EN COLOMBIA - Contadores P\u00fablicos","description":"https:\/\/www.funcionpublica.gov.co\/eva\/gestornormativo\/norma.php?i=246356 - Ley 238 de 2024 (Texto tomado de art\u00edculo D\u00edario la Rep\u00fablica, escrito por Brayan Xavier Becerra y emitido en junio 18 de 2024) Cuando entre en vigencia la reforma, todos los colombianos ser\u00e1n afiliados a Colpensiones, exceptuando a aquellas personas que ganan m\u00e1s de 2,3 salarios m\u00ednimos legales vigentes, ($2,99 millones este a\u00f1o), que podr\u00e1n","inLanguage":"es-ES","isPartOf":{"@id":"https:\/\/contadoreshoy.com\/#website"},"breadcrumb":{"@id":"https:\/\/contadoreshoy.com\/?p=14828#breadcrumblist"},"author":{"@id":"https:\/\/contadoreshoy.com\/?author=1#author"},"creator":{"@id":"https:\/\/contadoreshoy.com\/?author=1#author"},"image":{"@type":"ImageObject","url":"https:\/\/contadoreshoy.com\/wp-content\/uploads\/2024\/10\/Pensional.png","@id":"https:\/\/contadoreshoy.com\/?p=14828\/#mainImage","width":1732,"height":902},"primaryImageOfPage":{"@id":"https:\/\/contadoreshoy.com\/?p=14828#mainImage"},"datePublished":"2024-10-01T23:37:44-05:00","dateModified":"2024-10-01T23:41:46-05:00"},{"@type":"WebSite","@id":"https:\/\/contadoreshoy.com\/#website","url":"https:\/\/contadoreshoy.com\/","name":"Contadores P\u00fablicos","description":"Portal para Contadores P\u00fablicos y empresarios","inLanguage":"es-ES","publisher":{"@id":"https:\/\/contadoreshoy.com\/#organization"}}]},"og:locale":"es_ES","og:site_name":"Contadores P\u00fablicos - Portal para Contadores P\u00fablicos y empresarios","og:type":"article","og:title":"LEY 2381 DE 2024: CAMBIOS CLAVES EN EL SISTEMA DE PENSIONES EN COLOMBIA - Contadores P\u00fablicos","og:description":"https:\/\/www.funcionpublica.gov.co\/eva\/gestornormativo\/norma.php?i=246356 - Ley 238 de 2024 (Texto tomado de art\u00edculo D\u00edario la Rep\u00fablica, escrito por Brayan Xavier Becerra y emitido en junio 18 de 2024) Cuando entre en vigencia la reforma, todos los colombianos ser\u00e1n afiliados a Colpensiones, exceptuando a aquellas personas que ganan m\u00e1s de 2,3 salarios m\u00ednimos legales vigentes, ($2,99 millones este a\u00f1o), que podr\u00e1n","og:url":"https:\/\/contadoreshoy.com\/?p=14828","og:image":"https:\/\/contadoreshoy.com\/wp-content\/uploads\/2024\/01\/cropped-cropped-cropped-Copia-de-M.jpg","og:image:secure_url":"https:\/\/contadoreshoy.com\/wp-content\/uploads\/2024\/01\/cropped-cropped-cropped-Copia-de-M.jpg","og:image:width":512,"og:image:height":371,"article:published_time":"2024-10-02T04:37:44+00:00","article:modified_time":"2024-10-02T04:41:46+00:00","twitter:card":"summary_large_image","twitter:title":"LEY 2381 DE 2024: CAMBIOS CLAVES EN EL SISTEMA DE PENSIONES EN COLOMBIA - Contadores P\u00fablicos","twitter:description":"https:\/\/www.funcionpublica.gov.co\/eva\/gestornormativo\/norma.php?i=246356 - Ley 238 de 2024 (Texto tomado de art\u00edculo D\u00edario la Rep\u00fablica, escrito por Brayan Xavier Becerra y emitido en junio 18 de 2024) Cuando entre en vigencia la reforma, todos los colombianos ser\u00e1n afiliados a Colpensiones, exceptuando a aquellas personas que ganan m\u00e1s de 2,3 salarios m\u00ednimos legales vigentes, ($2,99 millones este a\u00f1o), que podr\u00e1n","twitter:image":"https:\/\/contadoreshoy.com\/wp-content\/uploads\/2024\/01\/cropped-cropped-cropped-Copia-de-M.jpg"},"aioseo_meta_data":{"post_id":"14828","title":null,"description":null,"keywords":null,"keyphrases":{"focus":{"keyphrase":"","score":0,"analysis":{"keyphraseInTitle":{"score":0,"maxScore":9,"error":1}}},"additional":[]},"primary_term":null,"canonical_url":null,"og_title":null,"og_description":null,"og_object_type":"default","og_image_type":"default","og_image_url":null,"og_image_width":null,"og_image_height":null,"og_image_custom_url":null,"og_image_custom_fields":null,"og_video":"","og_custom_url":null,"og_article_section":null,"og_article_tags":null,"twitter_use_og":false,"twitter_card":"default","twitter_image_type":"default","twitter_image_url":null,"twitter_image_custom_url":null,"twitter_image_custom_fields":null,"twitter_title":null,"twitter_description":null,"schema":{"blockGraphs":[],"customGraphs":[],"default":{"data":{"Article":[],"Course":[],"Dataset":[],"FAQPage":[],"Movie":[],"Person":[],"Product":[],"ProductReview":[],"Car":[],"Recipe":[],"Service":[],"SoftwareApplication":[],"WebPage":[]},"graphName":"BlogPosting","isEnabled":true},"graphs":[]},"schema_type":"default","schema_type_options":null,"pillar_content":false,"robots_default":true,"robots_noindex":false,"robots_noarchive":false,"robots_nosnippet":false,"robots_nofollow":false,"robots_noimageindex":false,"robots_noodp":false,"robots_notranslate":false,"robots_max_snippet":"-1","robots_max_videopreview":"-1","robots_max_imagepreview":"large","priority":null,"frequency":"default","local_seo":null,"breadcrumb_settings":null,"limit_modified_date":false,"ai":null,"created":"2024-10-02 04:37:46","updated":"2026-03-03 05:49:13","seo_analyzer_scan_date":null,"focus_keyword":null,"additional_keywords":null,"truseo_locale":null},"aioseo_breadcrumb":"<div class=\"aioseo-breadcrumbs\"><span class=\"aioseo-breadcrumb\">\n\t\t\t<a href=\"https:\/\/contadoreshoy.com\" title=\"Home\">Home<\/a>\n\t\t<\/span><span class=\"aioseo-breadcrumb-separator\">&raquo;<\/span><span class=\"aioseo-breadcrumb\">\n\t\t\t<a href=\"https:\/\/contadoreshoy.com\/?cat=1\" title=\"Uncategorized\">Uncategorized<\/a>\n\t\t<\/span><span class=\"aioseo-breadcrumb-separator\">&raquo;<\/span><span class=\"aioseo-breadcrumb\">\n\t\t\tLEY 2381 DE 2024: CAMBIOS CLAVES EN EL SISTEMA DE PENSIONES EN COLOMBIA\n\t\t<\/span><\/div>","aioseo_breadcrumb_json":[{"label":"Home","link":"https:\/\/contadoreshoy.com"},{"label":"Uncategorized","link":"https:\/\/contadoreshoy.com\/?cat=1"},{"label":"LEY 2381 DE 2024: CAMBIOS CLAVES EN EL SISTEMA DE PENSIONES EN COLOMBIA","link":"https:\/\/contadoreshoy.com\/?p=14828"}],"yoast_head":"<!-- This site is optimized with the Yoast SEO plugin v28.4 - https:\/\/yoast.com\/product\/yoast-seo-wordpress\/ -->\n<title>LEY 2381 DE 2024: CAMBIOS CLAVES EN EL SISTEMA DE PENSIONES EN COLOMBIA - Contadores P\u00fablicos<\/title>\n<meta name=\"robots\" content=\"index, follow, max-snippet:-1, max-image-preview:large, max-video-preview:-1\" \/>\n<link rel=\"canonical\" href=\"https:\/\/contadoreshoy.com\/?p=14828\" \/>\n<meta property=\"og:locale\" content=\"es_ES\" \/>\n<meta property=\"og:type\" content=\"article\" \/>\n<meta property=\"og:title\" content=\"LEY 2381 DE 2024: CAMBIOS CLAVES EN EL SISTEMA DE PENSIONES EN COLOMBIA - Contadores P\u00fablicos\" \/>\n<meta property=\"og:description\" content=\"https:\/\/www.funcionpublica.gov.co\/eva\/gestornormativo\/norma.php?i=246356 &#8211; Ley 238 de 2024 (Texto tomado de art\u00edculo D\u00edario la Rep\u00fablica, escrito por Brayan Xavier Becerra y emitido en junio 18 de 2024) Cuando entre\u00a0en vigencia la reforma,&#046;&#046;&#046;\" \/>\n<meta property=\"og:url\" content=\"https:\/\/contadoreshoy.com\/?p=14828\" \/>\n<meta property=\"og:site_name\" content=\"Contadores P\u00fablicos\" \/>\n<meta property=\"article:publisher\" content=\"https:\/\/www.facebook.com\/CCCPBucaramanga\/\" \/>\n<meta property=\"article:published_time\" content=\"2024-10-02T04:37:44+00:00\" \/>\n<meta property=\"article:modified_time\" content=\"2024-10-02T04:41:46+00:00\" \/>\n<meta property=\"og:image\" content=\"https:\/\/contadoreshoy.com\/wp-content\/uploads\/2024\/10\/Pensional.png\" \/>\n\t<meta property=\"og:image:width\" content=\"1732\" \/>\n\t<meta property=\"og:image:height\" content=\"902\" \/>\n\t<meta property=\"og:image:type\" content=\"image\/png\" \/>\n<meta name=\"author\" content=\"Miguel Antonio M\u00e1rquez Monta\u00f1ez\" \/>\n<meta name=\"twitter:card\" content=\"summary_large_image\" \/>\n<meta name=\"twitter:label1\" content=\"Escrito por\" \/>\n\t<meta name=\"twitter:data1\" content=\"Miguel Antonio M\u00e1rquez Monta\u00f1ez\" \/>\n\t<meta name=\"twitter:label2\" content=\"Tiempo de lectura\" \/>\n\t<meta name=\"twitter:data2\" content=\"20 minutos\" \/>\n<script type=\"application\/ld+json\" class=\"yoast-schema-graph\">{\"@context\":\"https:\\\/\\\/schema.org\",\"@graph\":[{\"@type\":\"Article\",\"@id\":\"https:\\\/\\\/contadoreshoy.com\\\/?p=14828#article\",\"isPartOf\":{\"@id\":\"https:\\\/\\\/contadoreshoy.com\\\/?p=14828\"},\"author\":{\"name\":\"Miguel Antonio M\u00e1rquez Monta\u00f1ez\",\"@id\":\"https:\\\/\\\/contadoreshoy.com\\\/#\\\/schema\\\/person\\\/96d8979cb865537c5dc9345e40089fc5\"},\"headline\":\"LEY 2381 DE 2024: CAMBIOS CLAVES EN EL SISTEMA DE PENSIONES EN COLOMBIA\",\"datePublished\":\"2024-10-02T04:37:44+00:00\",\"dateModified\":\"2024-10-02T04:41:46+00:00\",\"mainEntityOfPage\":{\"@id\":\"https:\\\/\\\/contadoreshoy.com\\\/?p=14828\"},\"wordCount\":4540,\"commentCount\":0,\"publisher\":{\"@id\":\"https:\\\/\\\/contadoreshoy.com\\\/#organization\"},\"image\":{\"@id\":\"https:\\\/\\\/contadoreshoy.com\\\/?p=14828#primaryimage\"},\"thumbnailUrl\":\"https:\\\/\\\/contadoreshoy.com\\\/wp-content\\\/uploads\\\/2024\\\/10\\\/Pensional.png\",\"articleSection\":{\"1\":\"Ultimas Noticias\",\"2\":\"Uncategorized\"},\"inLanguage\":\"es\",\"potentialAction\":[{\"@type\":\"CommentAction\",\"name\":\"Comment\",\"target\":[\"https:\\\/\\\/contadoreshoy.com\\\/?p=14828#respond\"]}]},{\"@type\":\"WebPage\",\"@id\":\"https:\\\/\\\/contadoreshoy.com\\\/?p=14828\",\"url\":\"https:\\\/\\\/contadoreshoy.com\\\/?p=14828\",\"name\":\"LEY 2381 DE 2024: CAMBIOS CLAVES EN EL SISTEMA DE PENSIONES EN COLOMBIA - Contadores P\u00fablicos\",\"isPartOf\":{\"@id\":\"https:\\\/\\\/contadoreshoy.com\\\/#website\"},\"primaryImageOfPage\":{\"@id\":\"https:\\\/\\\/contadoreshoy.com\\\/?p=14828#primaryimage\"},\"image\":{\"@id\":\"https:\\\/\\\/contadoreshoy.com\\\/?p=14828#primaryimage\"},\"thumbnailUrl\":\"https:\\\/\\\/contadoreshoy.com\\\/wp-content\\\/uploads\\\/2024\\\/10\\\/Pensional.png\",\"datePublished\":\"2024-10-02T04:37:44+00:00\",\"dateModified\":\"2024-10-02T04:41:46+00:00\",\"breadcrumb\":{\"@id\":\"https:\\\/\\\/contadoreshoy.com\\\/?p=14828#breadcrumb\"},\"inLanguage\":\"es\",\"potentialAction\":[{\"@type\":\"ReadAction\",\"target\":[\"https:\\\/\\\/contadoreshoy.com\\\/?p=14828\"]}]},{\"@type\":\"ImageObject\",\"inLanguage\":\"es\",\"@id\":\"https:\\\/\\\/contadoreshoy.com\\\/?p=14828#primaryimage\",\"url\":\"https:\\\/\\\/contadoreshoy.com\\\/wp-content\\\/uploads\\\/2024\\\/10\\\/Pensional.png\",\"contentUrl\":\"https:\\\/\\\/contadoreshoy.com\\\/wp-content\\\/uploads\\\/2024\\\/10\\\/Pensional.png\",\"width\":1732,\"height\":902},{\"@type\":\"BreadcrumbList\",\"@id\":\"https:\\\/\\\/contadoreshoy.com\\\/?p=14828#breadcrumb\",\"itemListElement\":[{\"@type\":\"ListItem\",\"position\":1,\"name\":\"Portada\",\"item\":\"https:\\\/\\\/contadoreshoy.com\\\/\"},{\"@type\":\"ListItem\",\"position\":2,\"name\":\"LEY 2381 DE 2024: CAMBIOS CLAVES EN EL SISTEMA DE PENSIONES EN COLOMBIA\"}]},{\"@type\":\"WebSite\",\"@id\":\"https:\\\/\\\/contadoreshoy.com\\\/#website\",\"url\":\"https:\\\/\\\/contadoreshoy.com\\\/\",\"name\":\"Contadorespublicossantander\",\"description\":\"Portal para Contadores P\u00fablicos y empresarios\",\"publisher\":{\"@id\":\"https:\\\/\\\/contadoreshoy.com\\\/#organization\"},\"potentialAction\":[{\"@type\":\"SearchAction\",\"target\":{\"@type\":\"EntryPoint\",\"urlTemplate\":\"https:\\\/\\\/contadoreshoy.com\\\/?s={search_term_string}\"},\"query-input\":{\"@type\":\"PropertyValueSpecification\",\"valueRequired\":true,\"valueName\":\"search_term_string\"}}],\"inLanguage\":\"es\"},{\"@type\":\"Organization\",\"@id\":\"https:\\\/\\\/contadoreshoy.com\\\/#organization\",\"name\":\"Contadores P\u00fablicos de Santander\",\"url\":\"https:\\\/\\\/contadoreshoy.com\\\/\",\"logo\":{\"@type\":\"ImageObject\",\"inLanguage\":\"es\",\"@id\":\"https:\\\/\\\/contadoreshoy.com\\\/#\\\/schema\\\/logo\\\/image\\\/\",\"url\":\"https:\\\/\\\/contadoreshoy.com\\\/wp-content\\\/uploads\\\/2024\\\/01\\\/cropped-cropped-Copia-de-M-1.jpg\",\"contentUrl\":\"https:\\\/\\\/contadoreshoy.com\\\/wp-content\\\/uploads\\\/2024\\\/01\\\/cropped-cropped-Copia-de-M-1.jpg\",\"width\":499,\"height\":500,\"caption\":\"Contadores P\u00fablicos de Santander\"},\"image\":{\"@id\":\"https:\\\/\\\/contadoreshoy.com\\\/#\\\/schema\\\/logo\\\/image\\\/\"},\"sameAs\":[\"https:\\\/\\\/www.facebook.com\\\/CCCPBucaramanga\\\/\"]},{\"@type\":\"Person\",\"@id\":\"https:\\\/\\\/contadoreshoy.com\\\/#\\\/schema\\\/person\\\/96d8979cb865537c5dc9345e40089fc5\",\"name\":\"Miguel Antonio M\u00e1rquez Monta\u00f1ez\",\"description\":\"Contador P\u00fablico egresado de la Universidad Aut\u00f3noma de Bucaramanga - Asesor contable tributario con m\u00e1s de 25 a\u00f1os de experiencia - Conferencista en temas contables y tributarios - T\u00e9cnico en Hardware y Dise\u00f1o Web - Creador y director Grupo de Estudio Colegio Colombiano de Contadores P\u00fablicos de Bucaramanga - Creador y Master Web p\u00e1gina www.contadoresp\u00fablicossantander.com - Expresidente Colegio Colombiano de Contadores P\u00fablicos Bucaramanga\",\"url\":\"https:\\\/\\\/contadoreshoy.com\\\/?author=1\"}]}<\/script>\n<!-- \/ Yoast SEO plugin. -->","yoast_head_json":{"title":"LEY 2381 DE 2024: CAMBIOS CLAVES EN EL SISTEMA DE PENSIONES EN COLOMBIA - Contadores P\u00fablicos","robots":{"index":"index","follow":"follow","max-snippet":"max-snippet:-1","max-image-preview":"max-image-preview:large","max-video-preview":"max-video-preview:-1"},"canonical":"https:\/\/contadoreshoy.com\/?p=14828","og_locale":"es_ES","og_type":"article","og_title":"LEY 2381 DE 2024: CAMBIOS CLAVES EN EL SISTEMA DE PENSIONES EN COLOMBIA - Contadores P\u00fablicos","og_description":"https:\/\/www.funcionpublica.gov.co\/eva\/gestornormativo\/norma.php?i=246356 &#8211; Ley 238 de 2024 (Texto tomado de art\u00edculo D\u00edario la Rep\u00fablica, escrito por Brayan Xavier Becerra y emitido en junio 18 de 2024) Cuando entre\u00a0en vigencia la reforma,&#46;&#46;&#46;","og_url":"https:\/\/contadoreshoy.com\/?p=14828","og_site_name":"Contadores P\u00fablicos","article_publisher":"https:\/\/www.facebook.com\/CCCPBucaramanga\/","article_published_time":"2024-10-02T04:37:44+00:00","article_modified_time":"2024-10-02T04:41:46+00:00","og_image":[{"width":1732,"height":902,"url":"https:\/\/contadoreshoy.com\/wp-content\/uploads\/2024\/10\/Pensional.png","type":"image\/png"}],"author":"Miguel Antonio M\u00e1rquez Monta\u00f1ez","twitter_card":"summary_large_image","twitter_misc":{"Escrito por":"Miguel Antonio M\u00e1rquez Monta\u00f1ez","Tiempo de lectura":"20 minutos"},"schema":{"@context":"https:\/\/schema.org","@graph":[{"@type":"Article","@id":"https:\/\/contadoreshoy.com\/?p=14828#article","isPartOf":{"@id":"https:\/\/contadoreshoy.com\/?p=14828"},"author":{"name":"Miguel Antonio M\u00e1rquez Monta\u00f1ez","@id":"https:\/\/contadoreshoy.com\/#\/schema\/person\/96d8979cb865537c5dc9345e40089fc5"},"headline":"LEY 2381 DE 2024: CAMBIOS CLAVES EN EL SISTEMA DE PENSIONES EN COLOMBIA","datePublished":"2024-10-02T04:37:44+00:00","dateModified":"2024-10-02T04:41:46+00:00","mainEntityOfPage":{"@id":"https:\/\/contadoreshoy.com\/?p=14828"},"wordCount":4540,"commentCount":0,"publisher":{"@id":"https:\/\/contadoreshoy.com\/#organization"},"image":{"@id":"https:\/\/contadoreshoy.com\/?p=14828#primaryimage"},"thumbnailUrl":"https:\/\/contadoreshoy.com\/wp-content\/uploads\/2024\/10\/Pensional.png","articleSection":{"1":"Ultimas Noticias","2":"Uncategorized"},"inLanguage":"es","potentialAction":[{"@type":"CommentAction","name":"Comment","target":["https:\/\/contadoreshoy.com\/?p=14828#respond"]}]},{"@type":"WebPage","@id":"https:\/\/contadoreshoy.com\/?p=14828","url":"https:\/\/contadoreshoy.com\/?p=14828","name":"LEY 2381 DE 2024: CAMBIOS CLAVES EN EL SISTEMA DE PENSIONES EN COLOMBIA - Contadores P\u00fablicos","isPartOf":{"@id":"https:\/\/contadoreshoy.com\/#website"},"primaryImageOfPage":{"@id":"https:\/\/contadoreshoy.com\/?p=14828#primaryimage"},"image":{"@id":"https:\/\/contadoreshoy.com\/?p=14828#primaryimage"},"thumbnailUrl":"https:\/\/contadoreshoy.com\/wp-content\/uploads\/2024\/10\/Pensional.png","datePublished":"2024-10-02T04:37:44+00:00","dateModified":"2024-10-02T04:41:46+00:00","breadcrumb":{"@id":"https:\/\/contadoreshoy.com\/?p=14828#breadcrumb"},"inLanguage":"es","potentialAction":[{"@type":"ReadAction","target":["https:\/\/contadoreshoy.com\/?p=14828"]}]},{"@type":"ImageObject","inLanguage":"es","@id":"https:\/\/contadoreshoy.com\/?p=14828#primaryimage","url":"https:\/\/contadoreshoy.com\/wp-content\/uploads\/2024\/10\/Pensional.png","contentUrl":"https:\/\/contadoreshoy.com\/wp-content\/uploads\/2024\/10\/Pensional.png","width":1732,"height":902},{"@type":"BreadcrumbList","@id":"https:\/\/contadoreshoy.com\/?p=14828#breadcrumb","itemListElement":[{"@type":"ListItem","position":1,"name":"Portada","item":"https:\/\/contadoreshoy.com\/"},{"@type":"ListItem","position":2,"name":"LEY 2381 DE 2024: CAMBIOS CLAVES EN EL SISTEMA DE PENSIONES EN COLOMBIA"}]},{"@type":"WebSite","@id":"https:\/\/contadoreshoy.com\/#website","url":"https:\/\/contadoreshoy.com\/","name":"Contadorespublicossantander","description":"Portal para Contadores P\u00fablicos y empresarios","publisher":{"@id":"https:\/\/contadoreshoy.com\/#organization"},"potentialAction":[{"@type":"SearchAction","target":{"@type":"EntryPoint","urlTemplate":"https:\/\/contadoreshoy.com\/?s={search_term_string}"},"query-input":{"@type":"PropertyValueSpecification","valueRequired":true,"valueName":"search_term_string"}}],"inLanguage":"es"},{"@type":"Organization","@id":"https:\/\/contadoreshoy.com\/#organization","name":"Contadores P\u00fablicos de Santander","url":"https:\/\/contadoreshoy.com\/","logo":{"@type":"ImageObject","inLanguage":"es","@id":"https:\/\/contadoreshoy.com\/#\/schema\/logo\/image\/","url":"https:\/\/contadoreshoy.com\/wp-content\/uploads\/2024\/01\/cropped-cropped-Copia-de-M-1.jpg","contentUrl":"https:\/\/contadoreshoy.com\/wp-content\/uploads\/2024\/01\/cropped-cropped-Copia-de-M-1.jpg","width":499,"height":500,"caption":"Contadores P\u00fablicos de Santander"},"image":{"@id":"https:\/\/contadoreshoy.com\/#\/schema\/logo\/image\/"},"sameAs":["https:\/\/www.facebook.com\/CCCPBucaramanga\/"]},{"@type":"Person","@id":"https:\/\/contadoreshoy.com\/#\/schema\/person\/96d8979cb865537c5dc9345e40089fc5","name":"Miguel Antonio M\u00e1rquez Monta\u00f1ez","description":"Contador P\u00fablico egresado de la Universidad Aut\u00f3noma de Bucaramanga - Asesor contable tributario con m\u00e1s de 25 a\u00f1os de experiencia - Conferencista en temas contables y tributarios - T\u00e9cnico en Hardware y Dise\u00f1o Web - Creador y director Grupo de Estudio Colegio Colombiano de Contadores P\u00fablicos de Bucaramanga - Creador y Master Web p\u00e1gina www.contadoresp\u00fablicossantander.com - Expresidente Colegio Colombiano de Contadores P\u00fablicos Bucaramanga","url":"https:\/\/contadoreshoy.com\/?author=1"}]}},"_links":{"self":[{"href":"https:\/\/contadoreshoy.com\/index.php?rest_route=\/wp\/v2\/posts\/14828","targetHints":{"allow":["GET"]}}],"collection":[{"href":"https:\/\/contadoreshoy.com\/index.php?rest_route=\/wp\/v2\/posts"}],"about":[{"href":"https:\/\/contadoreshoy.com\/index.php?rest_route=\/wp\/v2\/types\/post"}],"author":[{"embeddable":true,"href":"https:\/\/contadoreshoy.com\/index.php?rest_route=\/wp\/v2\/users\/1"}],"replies":[{"embeddable":true,"href":"https:\/\/contadoreshoy.com\/index.php?rest_route=%2Fwp%2Fv2%2Fcomments&post=14828"}],"version-history":[{"count":2,"href":"https:\/\/contadoreshoy.com\/index.php?rest_route=\/wp\/v2\/posts\/14828\/revisions"}],"predecessor-version":[{"id":14833,"href":"https:\/\/contadoreshoy.com\/index.php?rest_route=\/wp\/v2\/posts\/14828\/revisions\/14833"}],"wp:featuredmedia":[{"embeddable":true,"href":"https:\/\/contadoreshoy.com\/index.php?rest_route=\/wp\/v2\/media\/14832"}],"wp:attachment":[{"href":"https:\/\/contadoreshoy.com\/index.php?rest_route=%2Fwp%2Fv2%2Fmedia&parent=14828"}],"wp:term":[{"taxonomy":"category","embeddable":true,"href":"https:\/\/contadoreshoy.com\/index.php?rest_route=%2Fwp%2Fv2%2Fcategories&post=14828"},{"taxonomy":"post_tag","embeddable":true,"href":"https:\/\/contadoreshoy.com\/index.php?rest_route=%2Fwp%2Fv2%2Ftags&post=14828"}],"curies":[{"name":"wp","href":"https:\/\/api.w.org\/{rel}","templated":true}]}}