{"id":15184,"date":"2025-07-17T11:28:02","date_gmt":"2025-07-17T16:28:02","guid":{"rendered":"https:\/\/contadoreshoy.com\/?p=15184"},"modified":"2025-07-17T11:32:21","modified_gmt":"2025-07-17T16:32:21","slug":"consejo-de-estado-anula-doctrina-de-la-dian-sobre-temporalidad-acuses-recibos-de-factura-electronica-de-ventas-credito","status":"publish","type":"post","link":"https:\/\/contadoreshoy.com\/?p=15184","title":{"rendered":"Consejo de Estado anula doctrina de la DIAN sobre temporalidad acuses recibos de factura electr\u00f3nica de ventas cr\u00e9dito"},"content":{"rendered":"\n<p class=\"wp-block-paragraph\">Nulidad del Oficio 908749 de 12 de diciembre de 2022 y los Conceptos 2999 (interno 824) de 2024 y 70581 (interno 739) de 2024, expedidos por la DIAN.<\/p>\n\n\n\n<p class=\"wp-block-paragraph\">La DIAN por medio de los actos demandados exige que los acuses de recibo de las facturas electr\u00f3nicas y de la recepci\u00f3n de bien o servicio se realicen antes de la presentaci\u00f3n de la declaraci\u00f3n de IVA. De manera que, aunque un ingreso se haya devengado contablemente en un determinado periodo y ah\u00ed se tenga el derecho para declarar el impuesto descontable en los t\u00e9rminos del art\u00edculo 496 del ET, a juicio de la Administraci\u00f3n, su reconocimiento fiscal est\u00e1 condicionado a estos acuses de recibo, lo que contradice el principio de realizaci\u00f3n previsto en el art\u00edculo 28 ibidem8. <\/p>\n\n\n\n<p class=\"wp-block-paragraph\">En consecuencia, la Sala encuentra que los actos administrativos expedidos por la DIAN que son objeto de esta demanda traspasan los l\u00edmites de su funci\u00f3n interpretativa, al imponer un requisito adicional para la procedencia de los impuestos descontables \u2014consistente en un condicionamiento temporal para el env\u00edo de los mensajes de recibido respecto de la factura electr\u00f3nica y la entrega de bienes o servicios\u2014 que no est\u00e1 contemplado en los art\u00edculos 616-1 ni 496 del ET. <\/p>\n\n\n\n<p class=\"wp-block-paragraph\">Este exceso configura una vulneraci\u00f3n del principio de legalidad tributaria y afecta los derechos de los contribuyentes a acceder, bajo los t\u00e9rminos legales, al tratamiento fiscal del IVA descontable. En consecuencia, procede declarar la nulidad de los actos administrativos demandados. <\/p>\n\n\n\n<p class=\"wp-block-paragraph\"><strong>Conclusi\u00f3n <\/strong><\/p>\n\n\n\n<p class=\"wp-block-paragraph\">5- Procede la nulidad de los actos acusados porque la DIAN excedi\u00f3 su facultad de interpretaci\u00f3n de las normas tributarias y viol\u00f3 el principio de legalidad al atribuirse una competencia que le corresponde al legislador, en la medida en que dichos actos imponen un requisito que el art\u00edculo 616-1 del ET no contempla, al exigir que los mensajes electr\u00f3nicos de recibido (respecto de la factura electr\u00f3nica y la entrega de bienes o servicios) deban ser enviados con anterioridad a la solicitud del IVA descontable para su efectiva procedencia, siendo que lo dispuesto en el inciso d\u00e9cimo del art\u00edculo 616-1 del ET no est\u00e1 supeditado a los plazos se\u00f1alados en el art\u00edculo 496 ibidem.<\/p>\n\n\n\n<div data-wp-interactive=\"core\/file\" class=\"wp-block-file\"><object data-wp-bind--hidden=\"!state.hasPdfPreview\" hidden class=\"wp-block-file__embed\" data=\"https:\/\/contadoreshoy.com\/wp-content\/uploads\/2025\/07\/S29509-25-Nulidad-Consejo-de-Estado.pdf\" type=\"application\/pdf\" style=\"width:100%;height:600px\" aria-label=\"Incrustado de S29509-25-Nulidad-Consejo-de-Estado.\"><\/object><a id=\"wp-block-file--media-8b29cf16-0d80-4921-8348-a661bb02c41a\" href=\"https:\/\/contadoreshoy.com\/wp-content\/uploads\/2025\/07\/S29509-25-Nulidad-Consejo-de-Estado.pdf\">S29509-25-Nulidad-Consejo-de-Estado<\/a><a href=\"https:\/\/contadoreshoy.com\/wp-content\/uploads\/2025\/07\/S29509-25-Nulidad-Consejo-de-Estado.pdf\" class=\"wp-block-file__button wp-element-button\" download aria-describedby=\"wp-block-file--media-8b29cf16-0d80-4921-8348-a661bb02c41a\">Download<\/a><\/div>\n","protected":false},"excerpt":{"rendered":"<p>Nulidad del Oficio 908749 de 12 de diciembre de 2022 y los Conceptos 2999 (interno 824) de 2024 y 70581 (interno 739) de 2024, expedidos por la DIAN. La DIAN&#46;&#46;&#46;<\/p>\n","protected":false},"author":1,"featured_media":15188,"comment_status":"open","ping_status":"open","sticky":false,"template":"","format":"standard","meta":{"_monsterinsights_skip_tracking":false,"ngg_post_thumbnail":0,"footnotes":"","_links_to":"","_links_to_target":""},"categories":[454,458,1],"tags":[],"class_list":["post-15184","post","type-post","status-publish","format-standard","has-post-thumbnail","hentry","category-sin-categoria","category-ultimas","category-uncategorized"],"aioseo_notices":[],"aioseo_head":"\n\t\t<!-- All in One SEO 5.0.1.1 - aioseo.com -->\n\t<meta name=\"description\" content=\"Nulidad del Oficio 908749 de 12 de diciembre de 2022 y los Conceptos 2999 (interno 824) de 2024 y 70581 (interno 739) de 2024, expedidos por la DIAN. La DIAN por medio de los actos demandados exige que los acuses de recibo de las facturas electr\u00f3nicas y de la recepci\u00f3n de bien o servicio se\" \/>\n\t<meta name=\"robots\" content=\"max-image-preview:large\" \/>\n\t<meta name=\"author\" content=\"Miguel Antonio M\u00e1rquez Monta\u00f1ez\"\/>\n\t<link rel=\"canonical\" href=\"https:\/\/contadoreshoy.com\/?p=15184\" \/>\n\t<meta name=\"generator\" content=\"All in One SEO (AIOSEO) 5.0.1.1\" \/>\n\t\t<meta property=\"og:locale\" content=\"es_ES\" \/>\n\t\t<meta property=\"og:site_name\" content=\"Contadores P\u00fablicos - Portal para Contadores P\u00fablicos y empresarios\" \/>\n\t\t<meta property=\"og:type\" content=\"article\" \/>\n\t\t<meta property=\"og:title\" content=\"Consejo de Estado anula doctrina de la DIAN sobre temporalidad acuses recibos de factura electr\u00f3nica de ventas cr\u00e9dito - Contadores P\u00fablicos\" \/>\n\t\t<meta property=\"og:description\" content=\"Nulidad del Oficio 908749 de 12 de diciembre de 2022 y los Conceptos 2999 (interno 824) de 2024 y 70581 (interno 739) de 2024, expedidos por la DIAN. La DIAN por medio de los actos demandados exige que los acuses de recibo de las facturas electr\u00f3nicas y de la recepci\u00f3n de bien o servicio se\" \/>\n\t\t<meta property=\"og:url\" content=\"https:\/\/contadoreshoy.com\/?p=15184\" \/>\n\t\t<meta property=\"og:image\" content=\"https:\/\/contadoreshoy.com\/wp-content\/uploads\/2024\/01\/cropped-cropped-cropped-Copia-de-M.jpg\" \/>\n\t\t<meta property=\"og:image:secure_url\" content=\"https:\/\/contadoreshoy.com\/wp-content\/uploads\/2024\/01\/cropped-cropped-cropped-Copia-de-M.jpg\" \/>\n\t\t<meta property=\"og:image:width\" content=\"512\" \/>\n\t\t<meta property=\"og:image:height\" content=\"371\" \/>\n\t\t<meta property=\"article:published_time\" content=\"2025-07-17T16:28:02+00:00\" \/>\n\t\t<meta property=\"article:modified_time\" content=\"2025-07-17T16:32:21+00:00\" \/>\n\t\t<meta name=\"twitter:card\" content=\"summary_large_image\" \/>\n\t\t<meta name=\"twitter:title\" content=\"Consejo de Estado anula doctrina de la DIAN sobre temporalidad acuses recibos de factura electr\u00f3nica de ventas cr\u00e9dito - Contadores P\u00fablicos\" \/>\n\t\t<meta name=\"twitter:description\" content=\"Nulidad del Oficio 908749 de 12 de diciembre de 2022 y los Conceptos 2999 (interno 824) de 2024 y 70581 (interno 739) de 2024, expedidos por la DIAN. La DIAN por medio de los actos demandados exige que los acuses de recibo de las facturas electr\u00f3nicas y de la recepci\u00f3n de bien o servicio se\" \/>\n\t\t<meta name=\"twitter:image\" content=\"https:\/\/contadoreshoy.com\/wp-content\/uploads\/2024\/01\/cropped-cropped-cropped-Copia-de-M.jpg\" \/>\n\t\t<script type=\"application\/ld+json\" class=\"aioseo-schema\">\n\t\t\t{\"@context\":\"https:\\\/\\\/schema.org\",\"@graph\":[{\"@type\":\"BlogPosting\",\"@id\":\"https:\\\/\\\/contadoreshoy.com\\\/?p=15184#blogposting\",\"name\":\"Consejo de Estado anula doctrina de la DIAN sobre temporalidad acuses recibos de factura electr\\u00f3nica de ventas cr\\u00e9dito - Contadores P\\u00fablicos\",\"headline\":\"Consejo de Estado anula doctrina de la DIAN sobre temporalidad acuses recibos de factura electr\\u00f3nica de ventas cr\\u00e9dito\",\"author\":{\"@id\":\"https:\\\/\\\/contadoreshoy.com\\\/?author=1#author\"},\"publisher\":{\"@id\":\"https:\\\/\\\/contadoreshoy.com\\\/#organization\"},\"image\":{\"@type\":\"ImageObject\",\"url\":\"https:\\\/\\\/contadoreshoy.com\\\/wp-content\\\/uploads\\\/2025\\\/07\\\/CONSEJO-DE-ESTADO.png\",\"width\":1280,\"height\":720},\"datePublished\":\"2025-07-17T11:28:02-05:00\",\"dateModified\":\"2025-07-17T11:32:21-05:00\",\"inLanguage\":\"es-ES\",\"mainEntityOfPage\":{\"@id\":\"https:\\\/\\\/contadoreshoy.com\\\/?p=15184#webpage\"},\"isPartOf\":{\"@id\":\"https:\\\/\\\/contadoreshoy.com\\\/?p=15184#webpage\"},\"articleSection\":\"Sin categor\\u00eda, Ultimas Noticias, Uncategorized\"},{\"@type\":\"BreadcrumbList\",\"@id\":\"https:\\\/\\\/contadoreshoy.com\\\/?p=15184#breadcrumblist\",\"itemListElement\":[{\"@type\":\"ListItem\",\"@id\":\"https:\\\/\\\/contadoreshoy.com#listItem\",\"position\":1,\"name\":\"Home\",\"item\":\"https:\\\/\\\/contadoreshoy.com\",\"nextItem\":{\"@type\":\"ListItem\",\"@id\":\"https:\\\/\\\/contadoreshoy.com\\\/?cat=1#listItem\",\"name\":\"Uncategorized\"}},{\"@type\":\"ListItem\",\"@id\":\"https:\\\/\\\/contadoreshoy.com\\\/?cat=1#listItem\",\"position\":2,\"name\":\"Uncategorized\",\"item\":\"https:\\\/\\\/contadoreshoy.com\\\/?cat=1\",\"nextItem\":{\"@type\":\"ListItem\",\"@id\":\"https:\\\/\\\/contadoreshoy.com\\\/?p=15184#listItem\",\"name\":\"Consejo de Estado anula doctrina de la DIAN sobre temporalidad acuses recibos de factura electr\\u00f3nica de ventas cr\\u00e9dito\"},\"previousItem\":{\"@type\":\"ListItem\",\"@id\":\"https:\\\/\\\/contadoreshoy.com#listItem\",\"name\":\"Home\"}},{\"@type\":\"ListItem\",\"@id\":\"https:\\\/\\\/contadoreshoy.com\\\/?p=15184#listItem\",\"position\":3,\"name\":\"Consejo de Estado anula doctrina de la DIAN sobre temporalidad acuses recibos de factura electr\\u00f3nica de ventas cr\\u00e9dito\",\"previousItem\":{\"@type\":\"ListItem\",\"@id\":\"https:\\\/\\\/contadoreshoy.com\\\/?cat=1#listItem\",\"name\":\"Uncategorized\"}}]},{\"@type\":\"Organization\",\"@id\":\"https:\\\/\\\/contadoreshoy.com\\\/#organization\",\"name\":\"Contadores P\\u00fablicos\",\"description\":\"Portal para Contadores P\\u00fablicos y empresarios\",\"url\":\"https:\\\/\\\/contadoreshoy.com\\\/\",\"logo\":{\"@type\":\"ImageObject\",\"url\":\"https:\\\/\\\/contadoreshoy.com\\\/wp-content\\\/uploads\\\/2024\\\/01\\\/cropped-cropped-Copia-de-M-1.jpg\",\"@id\":\"https:\\\/\\\/contadoreshoy.com\\\/?p=15184\\\/#organizationLogo\",\"width\":499,\"height\":500},\"image\":{\"@id\":\"https:\\\/\\\/contadoreshoy.com\\\/?p=15184\\\/#organizationLogo\"}},{\"@type\":\"Person\",\"@id\":\"https:\\\/\\\/contadoreshoy.com\\\/?author=1#author\",\"url\":\"https:\\\/\\\/contadoreshoy.com\\\/?author=1\",\"name\":\"Miguel Antonio M\\u00e1rquez Monta\\u00f1ez\"},{\"@type\":\"WebPage\",\"@id\":\"https:\\\/\\\/contadoreshoy.com\\\/?p=15184#webpage\",\"url\":\"https:\\\/\\\/contadoreshoy.com\\\/?p=15184\",\"name\":\"Consejo de Estado anula doctrina de la DIAN sobre temporalidad acuses recibos de factura electr\\u00f3nica de ventas cr\\u00e9dito - Contadores P\\u00fablicos\",\"description\":\"Nulidad del Oficio 908749 de 12 de diciembre de 2022 y los Conceptos 2999 (interno 824) de 2024 y 70581 (interno 739) de 2024, expedidos por la DIAN. La DIAN por medio de los actos demandados exige que los acuses de recibo de las facturas electr\\u00f3nicas y de la recepci\\u00f3n de bien o servicio se\",\"inLanguage\":\"es-ES\",\"isPartOf\":{\"@id\":\"https:\\\/\\\/contadoreshoy.com\\\/#website\"},\"breadcrumb\":{\"@id\":\"https:\\\/\\\/contadoreshoy.com\\\/?p=15184#breadcrumblist\"},\"author\":{\"@id\":\"https:\\\/\\\/contadoreshoy.com\\\/?author=1#author\"},\"creator\":{\"@id\":\"https:\\\/\\\/contadoreshoy.com\\\/?author=1#author\"},\"image\":{\"@type\":\"ImageObject\",\"url\":\"https:\\\/\\\/contadoreshoy.com\\\/wp-content\\\/uploads\\\/2025\\\/07\\\/CONSEJO-DE-ESTADO.png\",\"@id\":\"https:\\\/\\\/contadoreshoy.com\\\/?p=15184\\\/#mainImage\",\"width\":1280,\"height\":720},\"primaryImageOfPage\":{\"@id\":\"https:\\\/\\\/contadoreshoy.com\\\/?p=15184#mainImage\"},\"datePublished\":\"2025-07-17T11:28:02-05:00\",\"dateModified\":\"2025-07-17T11:32:21-05:00\"},{\"@type\":\"WebSite\",\"@id\":\"https:\\\/\\\/contadoreshoy.com\\\/#website\",\"url\":\"https:\\\/\\\/contadoreshoy.com\\\/\",\"name\":\"Contadores P\\u00fablicos\",\"description\":\"Portal para Contadores P\\u00fablicos y empresarios\",\"inLanguage\":\"es-ES\",\"publisher\":{\"@id\":\"https:\\\/\\\/contadoreshoy.com\\\/#organization\"}}]}\n\t\t<\/script>\n\t\t<!-- All in One SEO -->\n\n","aioseo_head_json":{"title":"Consejo de Estado anula doctrina de la DIAN sobre temporalidad acuses recibos de factura electr\u00f3nica de ventas cr\u00e9dito - Contadores P\u00fablicos","description":"Nulidad del Oficio 908749 de 12 de diciembre de 2022 y los Conceptos 2999 (interno 824) de 2024 y 70581 (interno 739) de 2024, expedidos por la DIAN. La DIAN por medio de los actos demandados exige que los acuses de recibo de las facturas electr\u00f3nicas y de la recepci\u00f3n de bien o servicio se","canonical_url":"https:\/\/contadoreshoy.com\/?p=15184","robots":"max-image-preview:large","keywords":"","webmasterTools":{"miscellaneous":""},"schema":{"@context":"https:\/\/schema.org","@graph":[{"@type":"BlogPosting","@id":"https:\/\/contadoreshoy.com\/?p=15184#blogposting","name":"Consejo de Estado anula doctrina de la DIAN sobre temporalidad acuses recibos de factura electr\u00f3nica de ventas cr\u00e9dito - Contadores P\u00fablicos","headline":"Consejo de Estado anula doctrina de la DIAN sobre temporalidad acuses recibos de factura electr\u00f3nica de ventas cr\u00e9dito","author":{"@id":"https:\/\/contadoreshoy.com\/?author=1#author"},"publisher":{"@id":"https:\/\/contadoreshoy.com\/#organization"},"image":{"@type":"ImageObject","url":"https:\/\/contadoreshoy.com\/wp-content\/uploads\/2025\/07\/CONSEJO-DE-ESTADO.png","width":1280,"height":720},"datePublished":"2025-07-17T11:28:02-05:00","dateModified":"2025-07-17T11:32:21-05:00","inLanguage":"es-ES","mainEntityOfPage":{"@id":"https:\/\/contadoreshoy.com\/?p=15184#webpage"},"isPartOf":{"@id":"https:\/\/contadoreshoy.com\/?p=15184#webpage"},"articleSection":"Sin categor\u00eda, Ultimas Noticias, Uncategorized"},{"@type":"BreadcrumbList","@id":"https:\/\/contadoreshoy.com\/?p=15184#breadcrumblist","itemListElement":[{"@type":"ListItem","@id":"https:\/\/contadoreshoy.com#listItem","position":1,"name":"Home","item":"https:\/\/contadoreshoy.com","nextItem":{"@type":"ListItem","@id":"https:\/\/contadoreshoy.com\/?cat=1#listItem","name":"Uncategorized"}},{"@type":"ListItem","@id":"https:\/\/contadoreshoy.com\/?cat=1#listItem","position":2,"name":"Uncategorized","item":"https:\/\/contadoreshoy.com\/?cat=1","nextItem":{"@type":"ListItem","@id":"https:\/\/contadoreshoy.com\/?p=15184#listItem","name":"Consejo de Estado anula doctrina de la DIAN sobre temporalidad acuses recibos de factura electr\u00f3nica de ventas cr\u00e9dito"},"previousItem":{"@type":"ListItem","@id":"https:\/\/contadoreshoy.com#listItem","name":"Home"}},{"@type":"ListItem","@id":"https:\/\/contadoreshoy.com\/?p=15184#listItem","position":3,"name":"Consejo de Estado anula doctrina de la DIAN sobre temporalidad acuses recibos de factura electr\u00f3nica de ventas cr\u00e9dito","previousItem":{"@type":"ListItem","@id":"https:\/\/contadoreshoy.com\/?cat=1#listItem","name":"Uncategorized"}}]},{"@type":"Organization","@id":"https:\/\/contadoreshoy.com\/#organization","name":"Contadores P\u00fablicos","description":"Portal para Contadores P\u00fablicos y empresarios","url":"https:\/\/contadoreshoy.com\/","logo":{"@type":"ImageObject","url":"https:\/\/contadoreshoy.com\/wp-content\/uploads\/2024\/01\/cropped-cropped-Copia-de-M-1.jpg","@id":"https:\/\/contadoreshoy.com\/?p=15184\/#organizationLogo","width":499,"height":500},"image":{"@id":"https:\/\/contadoreshoy.com\/?p=15184\/#organizationLogo"}},{"@type":"Person","@id":"https:\/\/contadoreshoy.com\/?author=1#author","url":"https:\/\/contadoreshoy.com\/?author=1","name":"Miguel Antonio M\u00e1rquez Monta\u00f1ez"},{"@type":"WebPage","@id":"https:\/\/contadoreshoy.com\/?p=15184#webpage","url":"https:\/\/contadoreshoy.com\/?p=15184","name":"Consejo de Estado anula doctrina de la DIAN sobre temporalidad acuses recibos de factura electr\u00f3nica de ventas cr\u00e9dito - Contadores P\u00fablicos","description":"Nulidad del Oficio 908749 de 12 de diciembre de 2022 y los Conceptos 2999 (interno 824) de 2024 y 70581 (interno 739) de 2024, expedidos por la DIAN. La DIAN por medio de los actos demandados exige que los acuses de recibo de las facturas electr\u00f3nicas y de la recepci\u00f3n de bien o servicio se","inLanguage":"es-ES","isPartOf":{"@id":"https:\/\/contadoreshoy.com\/#website"},"breadcrumb":{"@id":"https:\/\/contadoreshoy.com\/?p=15184#breadcrumblist"},"author":{"@id":"https:\/\/contadoreshoy.com\/?author=1#author"},"creator":{"@id":"https:\/\/contadoreshoy.com\/?author=1#author"},"image":{"@type":"ImageObject","url":"https:\/\/contadoreshoy.com\/wp-content\/uploads\/2025\/07\/CONSEJO-DE-ESTADO.png","@id":"https:\/\/contadoreshoy.com\/?p=15184\/#mainImage","width":1280,"height":720},"primaryImageOfPage":{"@id":"https:\/\/contadoreshoy.com\/?p=15184#mainImage"},"datePublished":"2025-07-17T11:28:02-05:00","dateModified":"2025-07-17T11:32:21-05:00"},{"@type":"WebSite","@id":"https:\/\/contadoreshoy.com\/#website","url":"https:\/\/contadoreshoy.com\/","name":"Contadores P\u00fablicos","description":"Portal para Contadores P\u00fablicos y empresarios","inLanguage":"es-ES","publisher":{"@id":"https:\/\/contadoreshoy.com\/#organization"}}]},"og:locale":"es_ES","og:site_name":"Contadores P\u00fablicos - Portal para Contadores P\u00fablicos y empresarios","og:type":"article","og:title":"Consejo de Estado anula doctrina de la DIAN sobre temporalidad acuses recibos de factura electr\u00f3nica de ventas cr\u00e9dito - Contadores P\u00fablicos","og:description":"Nulidad del Oficio 908749 de 12 de diciembre de 2022 y los Conceptos 2999 (interno 824) de 2024 y 70581 (interno 739) de 2024, expedidos por la DIAN. La DIAN por medio de los actos demandados exige que los acuses de recibo de las facturas electr\u00f3nicas y de la recepci\u00f3n de bien o servicio se","og:url":"https:\/\/contadoreshoy.com\/?p=15184","og:image":"https:\/\/contadoreshoy.com\/wp-content\/uploads\/2024\/01\/cropped-cropped-cropped-Copia-de-M.jpg","og:image:secure_url":"https:\/\/contadoreshoy.com\/wp-content\/uploads\/2024\/01\/cropped-cropped-cropped-Copia-de-M.jpg","og:image:width":512,"og:image:height":371,"article:published_time":"2025-07-17T16:28:02+00:00","article:modified_time":"2025-07-17T16:32:21+00:00","twitter:card":"summary_large_image","twitter:title":"Consejo de Estado anula doctrina de la DIAN sobre temporalidad acuses recibos de factura electr\u00f3nica de ventas cr\u00e9dito - Contadores P\u00fablicos","twitter:description":"Nulidad del Oficio 908749 de 12 de diciembre de 2022 y los Conceptos 2999 (interno 824) de 2024 y 70581 (interno 739) de 2024, expedidos por la DIAN. La DIAN por medio de los actos demandados exige que los acuses de recibo de las facturas electr\u00f3nicas y de la recepci\u00f3n de bien o servicio se","twitter:image":"https:\/\/contadoreshoy.com\/wp-content\/uploads\/2024\/01\/cropped-cropped-cropped-Copia-de-M.jpg"},"aioseo_meta_data":{"post_id":"15184","title":null,"description":null,"keywords":null,"keyphrases":{"focus":{"keyphrase":"","score":0,"analysis":{"keyphraseInTitle":{"score":0,"maxScore":9,"error":1}}},"additional":[]},"primary_term":null,"canonical_url":null,"og_title":null,"og_description":null,"og_object_type":"default","og_image_type":"default","og_image_url":null,"og_image_width":null,"og_image_height":null,"og_image_custom_url":null,"og_image_custom_fields":null,"og_video":"","og_custom_url":null,"og_article_section":null,"og_article_tags":null,"twitter_use_og":false,"twitter_card":"default","twitter_image_type":"default","twitter_image_url":null,"twitter_image_custom_url":null,"twitter_image_custom_fields":null,"twitter_title":null,"twitter_description":null,"schema":{"blockGraphs":[],"customGraphs":[],"default":{"data":{"Article":[],"Course":[],"Dataset":[],"FAQPage":[],"Movie":[],"Person":[],"Product":[],"ProductReview":[],"Car":[],"Recipe":[],"Service":[],"SoftwareApplication":[],"WebPage":[]},"graphName":"BlogPosting","isEnabled":true},"graphs":[]},"schema_type":"default","schema_type_options":null,"pillar_content":false,"robots_default":true,"robots_noindex":false,"robots_noarchive":false,"robots_nosnippet":false,"robots_nofollow":false,"robots_noimageindex":false,"robots_noodp":false,"robots_notranslate":false,"robots_max_snippet":"-1","robots_max_videopreview":"-1","robots_max_imagepreview":"large","priority":null,"frequency":"default","local_seo":null,"breadcrumb_settings":null,"limit_modified_date":false,"ai":null,"created":"2025-07-17 16:28:04","updated":"2026-03-03 05:51:00","seo_analyzer_scan_date":null,"focus_keyword":null,"additional_keywords":null,"truseo_locale":null},"aioseo_breadcrumb":"<div class=\"aioseo-breadcrumbs\"><span class=\"aioseo-breadcrumb\">\n\t\t\t<a href=\"https:\/\/contadoreshoy.com\" title=\"Home\">Home<\/a>\n\t\t<\/span><span class=\"aioseo-breadcrumb-separator\">&raquo;<\/span><span class=\"aioseo-breadcrumb\">\n\t\t\t<a href=\"https:\/\/contadoreshoy.com\/?cat=1\" title=\"Uncategorized\">Uncategorized<\/a>\n\t\t<\/span><span class=\"aioseo-breadcrumb-separator\">&raquo;<\/span><span class=\"aioseo-breadcrumb\">\n\t\t\tConsejo de Estado anula doctrina de la DIAN sobre temporalidad acuses recibos de factura electr\u00f3nica de ventas cr\u00e9dito\n\t\t<\/span><\/div>","aioseo_breadcrumb_json":[{"label":"Home","link":"https:\/\/contadoreshoy.com"},{"label":"Uncategorized","link":"https:\/\/contadoreshoy.com\/?cat=1"},{"label":"Consejo de Estado anula doctrina de la DIAN sobre temporalidad acuses recibos de factura electr\u00f3nica de ventas cr\u00e9dito","link":"https:\/\/contadoreshoy.com\/?p=15184"}],"yoast_head":"<!-- This site is optimized with the Yoast SEO plugin v28.4 - https:\/\/yoast.com\/product\/yoast-seo-wordpress\/ -->\n<title>Consejo de Estado anula doctrina de la DIAN sobre temporalidad acuses recibos de factura electr\u00f3nica de ventas cr\u00e9dito - Contadores P\u00fablicos<\/title>\n<meta name=\"robots\" content=\"index, follow, max-snippet:-1, max-image-preview:large, max-video-preview:-1\" \/>\n<link rel=\"canonical\" href=\"https:\/\/contadoreshoy.com\/?p=15184\" \/>\n<meta property=\"og:locale\" content=\"es_ES\" \/>\n<meta property=\"og:type\" content=\"article\" \/>\n<meta property=\"og:title\" content=\"Consejo de Estado anula doctrina de la DIAN sobre temporalidad acuses recibos de factura electr\u00f3nica de ventas cr\u00e9dito - Contadores P\u00fablicos\" \/>\n<meta property=\"og:description\" content=\"Nulidad del Oficio 908749 de 12 de diciembre de 2022 y los Conceptos 2999 (interno 824) de 2024 y 70581 (interno 739) de 2024, expedidos por la DIAN. La DIAN&#046;&#046;&#046;\" \/>\n<meta property=\"og:url\" content=\"https:\/\/contadoreshoy.com\/?p=15184\" \/>\n<meta property=\"og:site_name\" content=\"Contadores P\u00fablicos\" \/>\n<meta property=\"article:publisher\" content=\"https:\/\/www.facebook.com\/CCCPBucaramanga\/\" \/>\n<meta property=\"article:published_time\" content=\"2025-07-17T16:28:02+00:00\" \/>\n<meta property=\"article:modified_time\" content=\"2025-07-17T16:32:21+00:00\" \/>\n<meta property=\"og:image\" content=\"https:\/\/contadoreshoy.com\/wp-content\/uploads\/2025\/07\/CONSEJO-DE-ESTADO.png\" \/>\n\t<meta property=\"og:image:width\" content=\"1280\" \/>\n\t<meta property=\"og:image:height\" content=\"720\" \/>\n\t<meta property=\"og:image:type\" content=\"image\/png\" \/>\n<meta name=\"author\" content=\"Miguel Antonio M\u00e1rquez Monta\u00f1ez\" \/>\n<meta name=\"twitter:card\" content=\"summary_large_image\" \/>\n<meta name=\"twitter:label1\" content=\"Escrito por\" \/>\n\t<meta name=\"twitter:data1\" content=\"Miguel Antonio M\u00e1rquez Monta\u00f1ez\" \/>\n\t<meta name=\"twitter:label2\" content=\"Tiempo de lectura\" \/>\n\t<meta name=\"twitter:data2\" content=\"2 minutos\" \/>\n<script type=\"application\/ld+json\" class=\"yoast-schema-graph\">{\"@context\":\"https:\\\/\\\/schema.org\",\"@graph\":[{\"@type\":\"Article\",\"@id\":\"https:\\\/\\\/contadoreshoy.com\\\/?p=15184#article\",\"isPartOf\":{\"@id\":\"https:\\\/\\\/contadoreshoy.com\\\/?p=15184\"},\"author\":{\"name\":\"Miguel Antonio M\u00e1rquez Monta\u00f1ez\",\"@id\":\"https:\\\/\\\/contadoreshoy.com\\\/#\\\/schema\\\/person\\\/96d8979cb865537c5dc9345e40089fc5\"},\"headline\":\"Consejo de Estado anula doctrina de la DIAN sobre temporalidad acuses recibos de factura electr\u00f3nica de ventas cr\u00e9dito\",\"datePublished\":\"2025-07-17T16:28:02+00:00\",\"dateModified\":\"2025-07-17T16:32:21+00:00\",\"mainEntityOfPage\":{\"@id\":\"https:\\\/\\\/contadoreshoy.com\\\/?p=15184\"},\"wordCount\":391,\"commentCount\":0,\"publisher\":{\"@id\":\"https:\\\/\\\/contadoreshoy.com\\\/#organization\"},\"image\":{\"@id\":\"https:\\\/\\\/contadoreshoy.com\\\/?p=15184#primaryimage\"},\"thumbnailUrl\":\"https:\\\/\\\/contadoreshoy.com\\\/wp-content\\\/uploads\\\/2025\\\/07\\\/CONSEJO-DE-ESTADO.png\",\"articleSection\":{\"1\":\"Ultimas Noticias\",\"2\":\"Uncategorized\"},\"inLanguage\":\"es\",\"potentialAction\":[{\"@type\":\"CommentAction\",\"name\":\"Comment\",\"target\":[\"https:\\\/\\\/contadoreshoy.com\\\/?p=15184#respond\"]}]},{\"@type\":\"WebPage\",\"@id\":\"https:\\\/\\\/contadoreshoy.com\\\/?p=15184\",\"url\":\"https:\\\/\\\/contadoreshoy.com\\\/?p=15184\",\"name\":\"Consejo de Estado anula doctrina de la DIAN sobre temporalidad acuses recibos de factura electr\u00f3nica de ventas cr\u00e9dito - Contadores P\u00fablicos\",\"isPartOf\":{\"@id\":\"https:\\\/\\\/contadoreshoy.com\\\/#website\"},\"primaryImageOfPage\":{\"@id\":\"https:\\\/\\\/contadoreshoy.com\\\/?p=15184#primaryimage\"},\"image\":{\"@id\":\"https:\\\/\\\/contadoreshoy.com\\\/?p=15184#primaryimage\"},\"thumbnailUrl\":\"https:\\\/\\\/contadoreshoy.com\\\/wp-content\\\/uploads\\\/2025\\\/07\\\/CONSEJO-DE-ESTADO.png\",\"datePublished\":\"2025-07-17T16:28:02+00:00\",\"dateModified\":\"2025-07-17T16:32:21+00:00\",\"breadcrumb\":{\"@id\":\"https:\\\/\\\/contadoreshoy.com\\\/?p=15184#breadcrumb\"},\"inLanguage\":\"es\",\"potentialAction\":[{\"@type\":\"ReadAction\",\"target\":[\"https:\\\/\\\/contadoreshoy.com\\\/?p=15184\"]}]},{\"@type\":\"ImageObject\",\"inLanguage\":\"es\",\"@id\":\"https:\\\/\\\/contadoreshoy.com\\\/?p=15184#primaryimage\",\"url\":\"https:\\\/\\\/contadoreshoy.com\\\/wp-content\\\/uploads\\\/2025\\\/07\\\/CONSEJO-DE-ESTADO.png\",\"contentUrl\":\"https:\\\/\\\/contadoreshoy.com\\\/wp-content\\\/uploads\\\/2025\\\/07\\\/CONSEJO-DE-ESTADO.png\",\"width\":1280,\"height\":720},{\"@type\":\"BreadcrumbList\",\"@id\":\"https:\\\/\\\/contadoreshoy.com\\\/?p=15184#breadcrumb\",\"itemListElement\":[{\"@type\":\"ListItem\",\"position\":1,\"name\":\"Portada\",\"item\":\"https:\\\/\\\/contadoreshoy.com\\\/\"},{\"@type\":\"ListItem\",\"position\":2,\"name\":\"Consejo de Estado anula doctrina de la DIAN sobre temporalidad acuses recibos de factura electr\u00f3nica de ventas cr\u00e9dito\"}]},{\"@type\":\"WebSite\",\"@id\":\"https:\\\/\\\/contadoreshoy.com\\\/#website\",\"url\":\"https:\\\/\\\/contadoreshoy.com\\\/\",\"name\":\"Contadorespublicossantander\",\"description\":\"Portal para Contadores P\u00fablicos y empresarios\",\"publisher\":{\"@id\":\"https:\\\/\\\/contadoreshoy.com\\\/#organization\"},\"potentialAction\":[{\"@type\":\"SearchAction\",\"target\":{\"@type\":\"EntryPoint\",\"urlTemplate\":\"https:\\\/\\\/contadoreshoy.com\\\/?s={search_term_string}\"},\"query-input\":{\"@type\":\"PropertyValueSpecification\",\"valueRequired\":true,\"valueName\":\"search_term_string\"}}],\"inLanguage\":\"es\"},{\"@type\":\"Organization\",\"@id\":\"https:\\\/\\\/contadoreshoy.com\\\/#organization\",\"name\":\"Contadores P\u00fablicos de Santander\",\"url\":\"https:\\\/\\\/contadoreshoy.com\\\/\",\"logo\":{\"@type\":\"ImageObject\",\"inLanguage\":\"es\",\"@id\":\"https:\\\/\\\/contadoreshoy.com\\\/#\\\/schema\\\/logo\\\/image\\\/\",\"url\":\"https:\\\/\\\/contadoreshoy.com\\\/wp-content\\\/uploads\\\/2024\\\/01\\\/cropped-cropped-Copia-de-M-1.jpg\",\"contentUrl\":\"https:\\\/\\\/contadoreshoy.com\\\/wp-content\\\/uploads\\\/2024\\\/01\\\/cropped-cropped-Copia-de-M-1.jpg\",\"width\":499,\"height\":500,\"caption\":\"Contadores P\u00fablicos de Santander\"},\"image\":{\"@id\":\"https:\\\/\\\/contadoreshoy.com\\\/#\\\/schema\\\/logo\\\/image\\\/\"},\"sameAs\":[\"https:\\\/\\\/www.facebook.com\\\/CCCPBucaramanga\\\/\"]},{\"@type\":\"Person\",\"@id\":\"https:\\\/\\\/contadoreshoy.com\\\/#\\\/schema\\\/person\\\/96d8979cb865537c5dc9345e40089fc5\",\"name\":\"Miguel Antonio M\u00e1rquez Monta\u00f1ez\",\"description\":\"Contador P\u00fablico egresado de la Universidad Aut\u00f3noma de Bucaramanga - Asesor contable tributario con m\u00e1s de 25 a\u00f1os de experiencia - Conferencista en temas contables y tributarios - T\u00e9cnico en Hardware y Dise\u00f1o Web - Creador y director Grupo de Estudio Colegio Colombiano de Contadores P\u00fablicos de Bucaramanga - Creador y Master Web p\u00e1gina www.contadoresp\u00fablicossantander.com - Expresidente Colegio Colombiano de Contadores P\u00fablicos Bucaramanga\",\"url\":\"https:\\\/\\\/contadoreshoy.com\\\/?author=1\"}]}<\/script>\n<!-- \/ Yoast SEO plugin. -->","yoast_head_json":{"title":"Consejo de Estado anula doctrina de la DIAN sobre temporalidad acuses recibos de factura electr\u00f3nica de ventas cr\u00e9dito - Contadores P\u00fablicos","robots":{"index":"index","follow":"follow","max-snippet":"max-snippet:-1","max-image-preview":"max-image-preview:large","max-video-preview":"max-video-preview:-1"},"canonical":"https:\/\/contadoreshoy.com\/?p=15184","og_locale":"es_ES","og_type":"article","og_title":"Consejo de Estado anula doctrina de la DIAN sobre temporalidad acuses recibos de factura electr\u00f3nica de ventas cr\u00e9dito - Contadores P\u00fablicos","og_description":"Nulidad del Oficio 908749 de 12 de diciembre de 2022 y los Conceptos 2999 (interno 824) de 2024 y 70581 (interno 739) de 2024, expedidos por la DIAN. La DIAN&#46;&#46;&#46;","og_url":"https:\/\/contadoreshoy.com\/?p=15184","og_site_name":"Contadores P\u00fablicos","article_publisher":"https:\/\/www.facebook.com\/CCCPBucaramanga\/","article_published_time":"2025-07-17T16:28:02+00:00","article_modified_time":"2025-07-17T16:32:21+00:00","og_image":[{"width":1280,"height":720,"url":"https:\/\/contadoreshoy.com\/wp-content\/uploads\/2025\/07\/CONSEJO-DE-ESTADO.png","type":"image\/png"}],"author":"Miguel Antonio M\u00e1rquez Monta\u00f1ez","twitter_card":"summary_large_image","twitter_misc":{"Escrito por":"Miguel Antonio M\u00e1rquez Monta\u00f1ez","Tiempo de lectura":"2 minutos"},"schema":{"@context":"https:\/\/schema.org","@graph":[{"@type":"Article","@id":"https:\/\/contadoreshoy.com\/?p=15184#article","isPartOf":{"@id":"https:\/\/contadoreshoy.com\/?p=15184"},"author":{"name":"Miguel Antonio M\u00e1rquez Monta\u00f1ez","@id":"https:\/\/contadoreshoy.com\/#\/schema\/person\/96d8979cb865537c5dc9345e40089fc5"},"headline":"Consejo de Estado anula doctrina de la DIAN sobre temporalidad acuses recibos de factura electr\u00f3nica de ventas cr\u00e9dito","datePublished":"2025-07-17T16:28:02+00:00","dateModified":"2025-07-17T16:32:21+00:00","mainEntityOfPage":{"@id":"https:\/\/contadoreshoy.com\/?p=15184"},"wordCount":391,"commentCount":0,"publisher":{"@id":"https:\/\/contadoreshoy.com\/#organization"},"image":{"@id":"https:\/\/contadoreshoy.com\/?p=15184#primaryimage"},"thumbnailUrl":"https:\/\/contadoreshoy.com\/wp-content\/uploads\/2025\/07\/CONSEJO-DE-ESTADO.png","articleSection":{"1":"Ultimas Noticias","2":"Uncategorized"},"inLanguage":"es","potentialAction":[{"@type":"CommentAction","name":"Comment","target":["https:\/\/contadoreshoy.com\/?p=15184#respond"]}]},{"@type":"WebPage","@id":"https:\/\/contadoreshoy.com\/?p=15184","url":"https:\/\/contadoreshoy.com\/?p=15184","name":"Consejo de Estado anula doctrina de la DIAN sobre temporalidad acuses recibos de factura electr\u00f3nica de ventas cr\u00e9dito - Contadores P\u00fablicos","isPartOf":{"@id":"https:\/\/contadoreshoy.com\/#website"},"primaryImageOfPage":{"@id":"https:\/\/contadoreshoy.com\/?p=15184#primaryimage"},"image":{"@id":"https:\/\/contadoreshoy.com\/?p=15184#primaryimage"},"thumbnailUrl":"https:\/\/contadoreshoy.com\/wp-content\/uploads\/2025\/07\/CONSEJO-DE-ESTADO.png","datePublished":"2025-07-17T16:28:02+00:00","dateModified":"2025-07-17T16:32:21+00:00","breadcrumb":{"@id":"https:\/\/contadoreshoy.com\/?p=15184#breadcrumb"},"inLanguage":"es","potentialAction":[{"@type":"ReadAction","target":["https:\/\/contadoreshoy.com\/?p=15184"]}]},{"@type":"ImageObject","inLanguage":"es","@id":"https:\/\/contadoreshoy.com\/?p=15184#primaryimage","url":"https:\/\/contadoreshoy.com\/wp-content\/uploads\/2025\/07\/CONSEJO-DE-ESTADO.png","contentUrl":"https:\/\/contadoreshoy.com\/wp-content\/uploads\/2025\/07\/CONSEJO-DE-ESTADO.png","width":1280,"height":720},{"@type":"BreadcrumbList","@id":"https:\/\/contadoreshoy.com\/?p=15184#breadcrumb","itemListElement":[{"@type":"ListItem","position":1,"name":"Portada","item":"https:\/\/contadoreshoy.com\/"},{"@type":"ListItem","position":2,"name":"Consejo de Estado anula doctrina de la DIAN sobre temporalidad acuses recibos de factura electr\u00f3nica de ventas cr\u00e9dito"}]},{"@type":"WebSite","@id":"https:\/\/contadoreshoy.com\/#website","url":"https:\/\/contadoreshoy.com\/","name":"Contadorespublicossantander","description":"Portal para Contadores P\u00fablicos y empresarios","publisher":{"@id":"https:\/\/contadoreshoy.com\/#organization"},"potentialAction":[{"@type":"SearchAction","target":{"@type":"EntryPoint","urlTemplate":"https:\/\/contadoreshoy.com\/?s={search_term_string}"},"query-input":{"@type":"PropertyValueSpecification","valueRequired":true,"valueName":"search_term_string"}}],"inLanguage":"es"},{"@type":"Organization","@id":"https:\/\/contadoreshoy.com\/#organization","name":"Contadores P\u00fablicos de Santander","url":"https:\/\/contadoreshoy.com\/","logo":{"@type":"ImageObject","inLanguage":"es","@id":"https:\/\/contadoreshoy.com\/#\/schema\/logo\/image\/","url":"https:\/\/contadoreshoy.com\/wp-content\/uploads\/2024\/01\/cropped-cropped-Copia-de-M-1.jpg","contentUrl":"https:\/\/contadoreshoy.com\/wp-content\/uploads\/2024\/01\/cropped-cropped-Copia-de-M-1.jpg","width":499,"height":500,"caption":"Contadores P\u00fablicos de Santander"},"image":{"@id":"https:\/\/contadoreshoy.com\/#\/schema\/logo\/image\/"},"sameAs":["https:\/\/www.facebook.com\/CCCPBucaramanga\/"]},{"@type":"Person","@id":"https:\/\/contadoreshoy.com\/#\/schema\/person\/96d8979cb865537c5dc9345e40089fc5","name":"Miguel Antonio M\u00e1rquez Monta\u00f1ez","description":"Contador P\u00fablico egresado de la Universidad Aut\u00f3noma de Bucaramanga - Asesor contable tributario con m\u00e1s de 25 a\u00f1os de experiencia - Conferencista en temas contables y tributarios - T\u00e9cnico en Hardware y Dise\u00f1o Web - Creador y director Grupo de Estudio Colegio Colombiano de Contadores P\u00fablicos de Bucaramanga - Creador y Master Web p\u00e1gina www.contadoresp\u00fablicossantander.com - Expresidente Colegio Colombiano de Contadores P\u00fablicos Bucaramanga","url":"https:\/\/contadoreshoy.com\/?author=1"}]}},"_links":{"self":[{"href":"https:\/\/contadoreshoy.com\/index.php?rest_route=\/wp\/v2\/posts\/15184","targetHints":{"allow":["GET"]}}],"collection":[{"href":"https:\/\/contadoreshoy.com\/index.php?rest_route=\/wp\/v2\/posts"}],"about":[{"href":"https:\/\/contadoreshoy.com\/index.php?rest_route=\/wp\/v2\/types\/post"}],"author":[{"embeddable":true,"href":"https:\/\/contadoreshoy.com\/index.php?rest_route=\/wp\/v2\/users\/1"}],"replies":[{"embeddable":true,"href":"https:\/\/contadoreshoy.com\/index.php?rest_route=%2Fwp%2Fv2%2Fcomments&post=15184"}],"version-history":[{"count":1,"href":"https:\/\/contadoreshoy.com\/index.php?rest_route=\/wp\/v2\/posts\/15184\/revisions"}],"predecessor-version":[{"id":15187,"href":"https:\/\/contadoreshoy.com\/index.php?rest_route=\/wp\/v2\/posts\/15184\/revisions\/15187"}],"wp:featuredmedia":[{"embeddable":true,"href":"https:\/\/contadoreshoy.com\/index.php?rest_route=\/wp\/v2\/media\/15188"}],"wp:attachment":[{"href":"https:\/\/contadoreshoy.com\/index.php?rest_route=%2Fwp%2Fv2%2Fmedia&parent=15184"}],"wp:term":[{"taxonomy":"category","embeddable":true,"href":"https:\/\/contadoreshoy.com\/index.php?rest_route=%2Fwp%2Fv2%2Fcategories&post=15184"},{"taxonomy":"post_tag","embeddable":true,"href":"https:\/\/contadoreshoy.com\/index.php?rest_route=%2Fwp%2Fv2%2Ftags&post=15184"}],"curies":[{"name":"wp","href":"https:\/\/api.w.org\/{rel}","templated":true}]}}