{"id":4894,"date":"2015-07-23T03:57:15","date_gmt":"2015-07-23T03:57:15","guid":{"rendered":"http:\/\/colegiocolombianodecontadores.com\/?p=4894"},"modified":"2017-02-04T22:01:25","modified_gmt":"2017-02-05T03:01:25","slug":"corte-de-facturacion-versus-niif","status":"publish","type":"post","link":"https:\/\/contadoreshoy.com\/?p=4894","title":{"rendered":"Corte de facturaci\u00f3n Versus NIIF"},"content":{"rendered":"<p>&nbsp;<\/p>\n<p align=\"center\">CORTE DE OPERACIONES ANTES DE TERMINAR EL MES VERSUS NIIF<\/p>\n<p style=\"text-align: left;\" align=\"center\"><span style=\"text-align: justify; line-height: 1.5em;\">El corte de operaciones a una fecha determinada del mes, que efect\u00faan algunos contadores, es una medida que no tiene fundamento fiscal y contable, y menos cuando se solicita a los proveedores el que alteren la fecha de venta.<\/span><\/p>\n<p style=\"text-align: justify;\">\u00a0Esta es una pol\u00edtica, que va en contrav\u00eda de las Normas Internacionales de Contabilidad y de las Normas Internacionales de Informaci\u00f3n Financiera. Lamentablemente esta nefasta medida, en los \u00faltimos a\u00f1os, ha sido impuesta por las medianas y grandes empresas a sus proveedores, con el agravante de ir acompa\u00f1ada con amenazas de no reconocimiento de cuentas o de rompimiento de relaciones comerciales sino se acepta tal condici\u00f3n.<\/p>\n<p style=\"text-align: justify;\">\u00a0Precisamente a muchos contadores les ha costado asimilar la implementaci\u00f3n\u00a0 de las NIIF,\u00a0 porque est\u00e1n acostumbrados a tener contabilidades de car\u00e1cter tributario, pasando por alto las normas que rigen la contabilidad y una gran muestra de ello es el famoso corte de operaciones antes de la terminaci\u00f3n del mes.<\/p>\n<p style=\"text-align: justify;\">Los contadores de grandes y medianas empresas, tienen la gran responsabilidad de dar ejemplo a nivel normativo y deben dejar la costumbre de aplicar la ley del m\u00e1s fuerte, para as\u00ed imponer medidas que se salen de los par\u00e1metros legales; la ley es para todos.<\/p>\n<p style=\"text-align: justify;\"><i><span style=\"text-decoration: underline;\">Los proveedores que bajo presi\u00f3n aceptan no facturar en el preciso momento en que se tipifica la transferencia de la propiedad del bien o servicios, y lo hacen con fecha del mes siguiente, est\u00e1n alterando su sistema contable y de control interno, aparte de que est\u00e1n infringiendo normas de car\u00e1cter tributario al no emitir factura al momento real de la venta<\/span><\/i>.<\/p>\n<p style=\"text-align: justify;\">Con esta pol\u00edtica de corte de operaciones a una fecha determinada del mes, se estar\u00eda incumpliendo con la NIC 18 de las NIIF plenas y la secci\u00f3n 23 de la NIIF para Pymes.<\/p>\n<p style=\"text-align: justify;\">\u00a0<b><i><span style=\"text-decoration: underline;\">De acuerdo a la secci\u00f3n 23 de la NIIF para las Pymes y a la NIC 18 de las NIIF plenas, una entidad reconocer\u00e1 ingresos de actividades ordinarias<\/span><\/i><\/b><i> procedentes de la venta de bienes <b><span style=\"text-decoration: underline;\">cuando<\/span><\/b> se satisfagan todas y cada una de las siguientes condiciones:<\/i><\/p>\n<p style=\"text-align: justify;\"><i>\u00a0<\/i><i>a) La entidad haya transferido al comprador los riesgos y ventajas inherentes a la propiedad de<\/i><\/p>\n<p style=\"text-align: justify;\"><i>\u00a0\u00a0\u00a0\u00a0 Los bienes.<\/i><\/p>\n<p style=\"text-align: justify;\"><i>\u00a0<\/i><i>b) La entidad no conserve ninguna participaci\u00f3n en la gesti\u00f3n de forma continua en el grado<\/i><\/p>\n<p style=\"text-align: justify;\"><i>\u00a0\u00a0\u00a0\u00a0 usualmente asociado con la propiedad, ni retenga el control efectivo sobre los bienes<\/i><\/p>\n<p style=\"text-align: justify;\"><i>\u00a0\u00a0\u00a0\u00a0 vendidos.<\/i><\/p>\n<p style=\"text-align: justify;\"><i style=\"line-height: 1.5em;\">c) El importe de los ingresos de actividades ordinarias pueda medirse con fiabilidad.<\/i><\/p>\n<p style=\"text-align: justify;\"><i>\u00a0<\/i><i>d) Sea probable que la entidad obtenga los beneficios econ\u00f3micos derivados de la transacci\u00f3n.<\/i><\/p>\n<p style=\"text-align: justify;\"><i>\u00a0<\/i><i>e) Los costos incurridos, o por incurrir, en relaci\u00f3n con la transacci\u00f3n puedan ser medidos con<\/i><\/p>\n<p style=\"text-align: justify;\"><i>\u00a0\u00a0\u00a0\u00a0 fiabilidad.<\/i><\/p>\n<p style=\"text-align: justify;\"><i>\u00a0<\/i><b><i><span style=\"text-decoration: underline;\">Las caracter\u00edsticas cualitativas de la informaci\u00f3n en los estados financieros de \u201cFiabilidad\u201d, \u201cLa esencia sobre la forma\u201d e \u201cIntegridad\u201d, establecen en su orden que<\/span><\/i><\/b><i>: La informaci\u00f3n es fiable cuando est\u00e1 libre de error significativo y sesgo, y representa fielmente lo que pretende representar o puede esperarse razonablemente que represente; las transacciones y dem\u00e1s sucesos y condiciones deben contabilizarse y presentarse de acuerdo con su esencia y no solamente en consideraci\u00f3n a su forma legal; para ser fiable, la informaci\u00f3n en los estados financieros debe ser completa dentro de los l\u00edmites de la importancia relativa y el costo. Una omisi\u00f3n puede causar que la informaci\u00f3n sea falsa o equ\u00edvoca, y por tanto no fiable y deficiente en t\u00e9rminos de relevancia.<\/i><\/p>\n<p style=\"text-align: justify;\">\u00a0Bajo la entrada en vigencia de la ley 1314 de 2009, la cual da inicio al proceso de convergencia NIIF y a la aplicaci\u00f3n de un nuevo marco normativo; mediante concepto 115-015014 de 2014 la superintendencia de sociedades, precisa que la no sujeci\u00f3n a este marco es objeto sancionable. (multas sucesivas hasta de 200 SMMLV &#8211; $128.870.000).<\/p>\n<p style=\"text-align: justify;\">\u00a0<b><span style=\"text-decoration: underline;\">El numeral 3. del art\u00edculo 19 y el art\u00edculo 50 del c\u00f3digo de comercio, establecen como obligaci\u00f3n de todo comerciante llevar contabilidad bajo la reglamentaci\u00f3n expedida y vigente para dicho prop\u00f3sito, por tanto, los comerciantes deber\u00e1n regirse al marco normativo que propone la ley 1314 de 2009<\/span><\/b>, seg\u00fan la sujeci\u00f3n que le corresponda respecto a cada uno de los grupos establecidos para la implementaci\u00f3n de las NIIF.<\/p>\n<p style=\"text-align: justify;\">\u00a0La Superintendencia de Sociedades se\u00f1ala que es responsabilidad del revisor fiscal estar al tanto y dejar constancia del estado de implementaci\u00f3n en su dictamen.<\/p>\n<p style=\"text-align: justify;\">\u00a0<b><span style=\"text-decoration: underline;\">Las sociedades y sus administradores que no atiendan las disposiciones legales y cuya contabilidad no se encuentre conforme a las normas legales y la t\u00e9cnica contable, se ver\u00e1n sujetos a sanciones<\/span><\/b>.<\/p>\n<p style=\"text-align: justify;\">\u00a0\u00a0<i><span style=\"text-decoration: underline;\">Con la implementaci\u00f3n de las NIIF, esta mala costumbre debe desaparecer, porque en caso de persistir, dejar\u00e1 sin validez legal la contabilidad tanto del comprador como del vendedor, por incumplimiento de Normas.<\/span><\/i><\/p>\n<p style=\"text-align: justify;\">Para tener mas claridad sobre el asunto, es necesario leer los siguientes documentos :<\/p>\n<p style=\"text-align: justify;\">&#8211; <a title=\"Concepto 115-15014 Supersociedades\" href=\"http:\/\/colegiocolombianodecontadores.com\/?attachment_id=4900\" target=\"_blank\">Concepto 115-015014 de 2014 de la superintendencia de sociedades;<\/a><\/p>\n<p style=\"text-align: justify;\">&#8211; <a title=\"Concepto 74982 agosto 09 de 2000 DIAN\" href=\"http:\/\/colegiocolombianodecontadores.com\/?attachment_id=4899\" target=\"_blank\">Concepto 074982 de agosto 09 de 2000 de la DIAN;<\/a><\/p>\n<p style=\"text-align: justify;\"><a title=\"Concepto 091 de 2006 Junta Central de Contadores\" href=\"http:\/\/colegiocolombianodecontadores.com\/?attachment_id=4898\" target=\"_blank\">&#8211; Concepto 091 de 2006 de la Junta Central de Contadores;<\/a><\/p>\n<p style=\"text-align: justify;\">&#8211; <a title=\"Oficio enero 02 de 2015 DIAN\" href=\"http:\/\/colegiocolombianodecontadores.com\/?attachment_id=4901\" target=\"_blank\">Oficio de enero 02 de 2015 de la DIAN<\/a> y,<\/p>\n<p style=\"text-align: justify;\">&#8211;<a title=\"Oficio de julio 14 de 2015 DIAN\" href=\"http:\/\/colegiocolombianodecontadores.com\/?attachment_id=4902\" target=\"_blank\"> Oficio de julio 14 de 2015 de la DIAN seccional Bucaramanga<\/a>.<\/p>\n<p>\u00a0MIGUEL ANTONIO MARQUEZ MONTA\u00d1EZ<\/p>\n<p>Presidente Colegio Colombiano de Contadores P\u00fablicos Cap\u00edtulo Bucaramanga<\/p>\n","protected":false},"excerpt":{"rendered":"<p>El corte de operaciones a una fecha determinada del mes, que efect\u00faan algunos contadores, es una medida que no tiene fundamento fiscal y contable, y menos cuando se solicita a los proveedores el que alteren la fecha de venta.<\/p>\n","protected":false},"author":1,"featured_media":4895,"comment_status":"closed","ping_status":"closed","sticky":false,"template":"","format":"standard","meta":{"_monsterinsights_skip_tracking":false,"ngg_post_thumbnail":0,"footnotes":"","_links_to":"","_links_to_target":""},"categories":[454],"tags":[],"class_list":["post-4894","post","type-post","status-publish","format-standard","has-post-thumbnail","hentry","category-sin-categoria"],"aioseo_notices":[],"aioseo_head":"\n\t\t<!-- All in One SEO 5.0.1.1 - aioseo.com -->\n\t<meta name=\"description\" content=\"El corte de operaciones a una fecha determinada del mes, que efect\u00faan algunos contadores, es una medida que no tiene fundamento fiscal y contable, y menos cuando se solicita a los proveedores el que alteren la fecha de venta.\" \/>\n\t<meta name=\"robots\" content=\"max-image-preview:large\" \/>\n\t<meta name=\"author\" content=\"Miguel Antonio M\u00e1rquez Monta\u00f1ez\"\/>\n\t<link rel=\"canonical\" href=\"https:\/\/contadoreshoy.com\/?p=4894\" \/>\n\t<meta name=\"generator\" content=\"All in One SEO (AIOSEO) 5.0.1.1\" \/>\n\t\t<meta property=\"og:locale\" content=\"es_ES\" \/>\n\t\t<meta property=\"og:site_name\" content=\"Contadores P\u00fablicos - Portal para Contadores P\u00fablicos y empresarios\" \/>\n\t\t<meta property=\"og:type\" content=\"article\" \/>\n\t\t<meta property=\"og:title\" content=\"Corte de facturaci\u00f3n Versus NIIF - Contadores P\u00fablicos\" \/>\n\t\t<meta property=\"og:description\" content=\"El corte de operaciones a una fecha determinada del mes, que efect\u00faan algunos contadores, es una medida que no tiene fundamento fiscal y contable, y menos cuando se solicita a los proveedores el que alteren la fecha de venta.\" \/>\n\t\t<meta property=\"og:url\" content=\"https:\/\/contadoreshoy.com\/?p=4894\" \/>\n\t\t<meta property=\"og:image\" content=\"https:\/\/contadoreshoy.com\/wp-content\/uploads\/2024\/01\/cropped-cropped-cropped-Copia-de-M.jpg\" \/>\n\t\t<meta property=\"og:image:secure_url\" content=\"https:\/\/contadoreshoy.com\/wp-content\/uploads\/2024\/01\/cropped-cropped-cropped-Copia-de-M.jpg\" \/>\n\t\t<meta property=\"og:image:width\" content=\"512\" \/>\n\t\t<meta property=\"og:image:height\" content=\"371\" \/>\n\t\t<meta property=\"article:published_time\" content=\"2015-07-23T03:57:15+00:00\" \/>\n\t\t<meta property=\"article:modified_time\" content=\"2017-02-05T03:01:25+00:00\" \/>\n\t\t<meta name=\"twitter:card\" content=\"summary_large_image\" \/>\n\t\t<meta name=\"twitter:title\" content=\"Corte de facturaci\u00f3n Versus NIIF - Contadores P\u00fablicos\" \/>\n\t\t<meta name=\"twitter:description\" content=\"El corte de operaciones a una fecha determinada del mes, que efect\u00faan algunos contadores, es una medida que no tiene fundamento fiscal y contable, y menos cuando se solicita a los proveedores el que alteren la fecha de venta.\" \/>\n\t\t<meta name=\"twitter:image\" content=\"https:\/\/contadoreshoy.com\/wp-content\/uploads\/2024\/01\/cropped-cropped-cropped-Copia-de-M.jpg\" \/>\n\t\t<script type=\"application\/ld+json\" class=\"aioseo-schema\">\n\t\t\t{\"@context\":\"https:\\\/\\\/schema.org\",\"@graph\":[{\"@type\":\"BlogPosting\",\"@id\":\"https:\\\/\\\/contadoreshoy.com\\\/?p=4894#blogposting\",\"name\":\"Corte de facturaci\\u00f3n Versus NIIF - Contadores P\\u00fablicos\",\"headline\":\"Corte de facturaci\\u00f3n Versus NIIF\",\"author\":{\"@id\":\"https:\\\/\\\/contadoreshoy.com\\\/?author=1#author\"},\"publisher\":{\"@id\":\"https:\\\/\\\/contadoreshoy.com\\\/#organization\"},\"image\":{\"@type\":\"ImageObject\",\"url\":\"https:\\\/\\\/contadoreshoy.com\\\/wp-content\\\/uploads\\\/2015\\\/07\\\/corte-de-facturaci\\u00f3n.jpg\",\"width\":550,\"height\":316},\"datePublished\":\"2015-07-23T03:57:15-05:00\",\"dateModified\":\"2017-02-04T22:01:25-05:00\",\"inLanguage\":\"es-ES\",\"mainEntityOfPage\":{\"@id\":\"https:\\\/\\\/contadoreshoy.com\\\/?p=4894#webpage\"},\"isPartOf\":{\"@id\":\"https:\\\/\\\/contadoreshoy.com\\\/?p=4894#webpage\"},\"articleSection\":\"Sin categor\\u00eda\"},{\"@type\":\"BreadcrumbList\",\"@id\":\"https:\\\/\\\/contadoreshoy.com\\\/?p=4894#breadcrumblist\",\"itemListElement\":[{\"@type\":\"ListItem\",\"@id\":\"https:\\\/\\\/contadoreshoy.com#listItem\",\"position\":1,\"name\":\"Home\",\"item\":\"https:\\\/\\\/contadoreshoy.com\",\"nextItem\":{\"@type\":\"ListItem\",\"@id\":\"https:\\\/\\\/contadoreshoy.com\\\/?cat=454#listItem\",\"name\":\"Sin categor\\u00eda\"}},{\"@type\":\"ListItem\",\"@id\":\"https:\\\/\\\/contadoreshoy.com\\\/?cat=454#listItem\",\"position\":2,\"name\":\"Sin categor\\u00eda\",\"item\":\"https:\\\/\\\/contadoreshoy.com\\\/?cat=454\",\"nextItem\":{\"@type\":\"ListItem\",\"@id\":\"https:\\\/\\\/contadoreshoy.com\\\/?p=4894#listItem\",\"name\":\"Corte de facturaci\\u00f3n Versus NIIF\"},\"previousItem\":{\"@type\":\"ListItem\",\"@id\":\"https:\\\/\\\/contadoreshoy.com#listItem\",\"name\":\"Home\"}},{\"@type\":\"ListItem\",\"@id\":\"https:\\\/\\\/contadoreshoy.com\\\/?p=4894#listItem\",\"position\":3,\"name\":\"Corte de facturaci\\u00f3n Versus NIIF\",\"previousItem\":{\"@type\":\"ListItem\",\"@id\":\"https:\\\/\\\/contadoreshoy.com\\\/?cat=454#listItem\",\"name\":\"Sin categor\\u00eda\"}}]},{\"@type\":\"Organization\",\"@id\":\"https:\\\/\\\/contadoreshoy.com\\\/#organization\",\"name\":\"Contadores P\\u00fablicos\",\"description\":\"Portal para Contadores P\\u00fablicos y empresarios\",\"url\":\"https:\\\/\\\/contadoreshoy.com\\\/\",\"logo\":{\"@type\":\"ImageObject\",\"url\":\"https:\\\/\\\/contadoreshoy.com\\\/wp-content\\\/uploads\\\/2024\\\/01\\\/cropped-cropped-Copia-de-M-1.jpg\",\"@id\":\"https:\\\/\\\/contadoreshoy.com\\\/?p=4894\\\/#organizationLogo\",\"width\":499,\"height\":500},\"image\":{\"@id\":\"https:\\\/\\\/contadoreshoy.com\\\/?p=4894\\\/#organizationLogo\"}},{\"@type\":\"Person\",\"@id\":\"https:\\\/\\\/contadoreshoy.com\\\/?author=1#author\",\"url\":\"https:\\\/\\\/contadoreshoy.com\\\/?author=1\",\"name\":\"Miguel Antonio M\\u00e1rquez Monta\\u00f1ez\"},{\"@type\":\"WebPage\",\"@id\":\"https:\\\/\\\/contadoreshoy.com\\\/?p=4894#webpage\",\"url\":\"https:\\\/\\\/contadoreshoy.com\\\/?p=4894\",\"name\":\"Corte de facturaci\\u00f3n Versus NIIF - Contadores P\\u00fablicos\",\"description\":\"El corte de operaciones a una fecha determinada del mes, que efect\\u00faan algunos contadores, es una medida que no tiene fundamento fiscal y contable, y menos cuando se solicita a los proveedores el que alteren la fecha de venta.\",\"inLanguage\":\"es-ES\",\"isPartOf\":{\"@id\":\"https:\\\/\\\/contadoreshoy.com\\\/#website\"},\"breadcrumb\":{\"@id\":\"https:\\\/\\\/contadoreshoy.com\\\/?p=4894#breadcrumblist\"},\"author\":{\"@id\":\"https:\\\/\\\/contadoreshoy.com\\\/?author=1#author\"},\"creator\":{\"@id\":\"https:\\\/\\\/contadoreshoy.com\\\/?author=1#author\"},\"image\":{\"@type\":\"ImageObject\",\"url\":\"https:\\\/\\\/contadoreshoy.com\\\/wp-content\\\/uploads\\\/2015\\\/07\\\/corte-de-facturaci\\u00f3n.jpg\",\"@id\":\"https:\\\/\\\/contadoreshoy.com\\\/?p=4894\\\/#mainImage\",\"width\":550,\"height\":316},\"primaryImageOfPage\":{\"@id\":\"https:\\\/\\\/contadoreshoy.com\\\/?p=4894#mainImage\"},\"datePublished\":\"2015-07-23T03:57:15-05:00\",\"dateModified\":\"2017-02-04T22:01:25-05:00\"},{\"@type\":\"WebSite\",\"@id\":\"https:\\\/\\\/contadoreshoy.com\\\/#website\",\"url\":\"https:\\\/\\\/contadoreshoy.com\\\/\",\"name\":\"Contadores P\\u00fablicos\",\"description\":\"Portal para Contadores P\\u00fablicos y empresarios\",\"inLanguage\":\"es-ES\",\"publisher\":{\"@id\":\"https:\\\/\\\/contadoreshoy.com\\\/#organization\"}}]}\n\t\t<\/script>\n\t\t<!-- All in One SEO -->\n\n","aioseo_head_json":{"title":"Corte de facturaci\u00f3n Versus NIIF - Contadores P\u00fablicos","description":"El corte de operaciones a una fecha determinada del mes, que efect\u00faan algunos contadores, es una medida que no tiene fundamento fiscal y contable, y menos cuando se solicita a los proveedores el que alteren la fecha de venta.","canonical_url":"https:\/\/contadoreshoy.com\/?p=4894","robots":"max-image-preview:large","keywords":"","webmasterTools":{"miscellaneous":""},"schema":{"@context":"https:\/\/schema.org","@graph":[{"@type":"BlogPosting","@id":"https:\/\/contadoreshoy.com\/?p=4894#blogposting","name":"Corte de facturaci\u00f3n Versus NIIF - Contadores P\u00fablicos","headline":"Corte de facturaci\u00f3n Versus NIIF","author":{"@id":"https:\/\/contadoreshoy.com\/?author=1#author"},"publisher":{"@id":"https:\/\/contadoreshoy.com\/#organization"},"image":{"@type":"ImageObject","url":"https:\/\/contadoreshoy.com\/wp-content\/uploads\/2015\/07\/corte-de-facturaci\u00f3n.jpg","width":550,"height":316},"datePublished":"2015-07-23T03:57:15-05:00","dateModified":"2017-02-04T22:01:25-05:00","inLanguage":"es-ES","mainEntityOfPage":{"@id":"https:\/\/contadoreshoy.com\/?p=4894#webpage"},"isPartOf":{"@id":"https:\/\/contadoreshoy.com\/?p=4894#webpage"},"articleSection":"Sin categor\u00eda"},{"@type":"BreadcrumbList","@id":"https:\/\/contadoreshoy.com\/?p=4894#breadcrumblist","itemListElement":[{"@type":"ListItem","@id":"https:\/\/contadoreshoy.com#listItem","position":1,"name":"Home","item":"https:\/\/contadoreshoy.com","nextItem":{"@type":"ListItem","@id":"https:\/\/contadoreshoy.com\/?cat=454#listItem","name":"Sin categor\u00eda"}},{"@type":"ListItem","@id":"https:\/\/contadoreshoy.com\/?cat=454#listItem","position":2,"name":"Sin categor\u00eda","item":"https:\/\/contadoreshoy.com\/?cat=454","nextItem":{"@type":"ListItem","@id":"https:\/\/contadoreshoy.com\/?p=4894#listItem","name":"Corte de facturaci\u00f3n Versus NIIF"},"previousItem":{"@type":"ListItem","@id":"https:\/\/contadoreshoy.com#listItem","name":"Home"}},{"@type":"ListItem","@id":"https:\/\/contadoreshoy.com\/?p=4894#listItem","position":3,"name":"Corte de facturaci\u00f3n Versus NIIF","previousItem":{"@type":"ListItem","@id":"https:\/\/contadoreshoy.com\/?cat=454#listItem","name":"Sin categor\u00eda"}}]},{"@type":"Organization","@id":"https:\/\/contadoreshoy.com\/#organization","name":"Contadores P\u00fablicos","description":"Portal para Contadores P\u00fablicos y empresarios","url":"https:\/\/contadoreshoy.com\/","logo":{"@type":"ImageObject","url":"https:\/\/contadoreshoy.com\/wp-content\/uploads\/2024\/01\/cropped-cropped-Copia-de-M-1.jpg","@id":"https:\/\/contadoreshoy.com\/?p=4894\/#organizationLogo","width":499,"height":500},"image":{"@id":"https:\/\/contadoreshoy.com\/?p=4894\/#organizationLogo"}},{"@type":"Person","@id":"https:\/\/contadoreshoy.com\/?author=1#author","url":"https:\/\/contadoreshoy.com\/?author=1","name":"Miguel Antonio M\u00e1rquez Monta\u00f1ez"},{"@type":"WebPage","@id":"https:\/\/contadoreshoy.com\/?p=4894#webpage","url":"https:\/\/contadoreshoy.com\/?p=4894","name":"Corte de facturaci\u00f3n Versus NIIF - Contadores P\u00fablicos","description":"El corte de operaciones a una fecha determinada del mes, que efect\u00faan algunos contadores, es una medida que no tiene fundamento fiscal y contable, y menos cuando se solicita a los proveedores el que alteren la fecha de venta.","inLanguage":"es-ES","isPartOf":{"@id":"https:\/\/contadoreshoy.com\/#website"},"breadcrumb":{"@id":"https:\/\/contadoreshoy.com\/?p=4894#breadcrumblist"},"author":{"@id":"https:\/\/contadoreshoy.com\/?author=1#author"},"creator":{"@id":"https:\/\/contadoreshoy.com\/?author=1#author"},"image":{"@type":"ImageObject","url":"https:\/\/contadoreshoy.com\/wp-content\/uploads\/2015\/07\/corte-de-facturaci\u00f3n.jpg","@id":"https:\/\/contadoreshoy.com\/?p=4894\/#mainImage","width":550,"height":316},"primaryImageOfPage":{"@id":"https:\/\/contadoreshoy.com\/?p=4894#mainImage"},"datePublished":"2015-07-23T03:57:15-05:00","dateModified":"2017-02-04T22:01:25-05:00"},{"@type":"WebSite","@id":"https:\/\/contadoreshoy.com\/#website","url":"https:\/\/contadoreshoy.com\/","name":"Contadores P\u00fablicos","description":"Portal para Contadores P\u00fablicos y empresarios","inLanguage":"es-ES","publisher":{"@id":"https:\/\/contadoreshoy.com\/#organization"}}]},"og:locale":"es_ES","og:site_name":"Contadores P\u00fablicos - Portal para Contadores P\u00fablicos y empresarios","og:type":"article","og:title":"Corte de facturaci\u00f3n Versus NIIF - Contadores P\u00fablicos","og:description":"El corte de operaciones a una fecha determinada del mes, que efect\u00faan algunos contadores, es una medida que no tiene fundamento fiscal y contable, y menos cuando se solicita a los proveedores el que alteren la fecha de venta.","og:url":"https:\/\/contadoreshoy.com\/?p=4894","og:image":"https:\/\/contadoreshoy.com\/wp-content\/uploads\/2024\/01\/cropped-cropped-cropped-Copia-de-M.jpg","og:image:secure_url":"https:\/\/contadoreshoy.com\/wp-content\/uploads\/2024\/01\/cropped-cropped-cropped-Copia-de-M.jpg","og:image:width":512,"og:image:height":371,"article:published_time":"2015-07-23T03:57:15+00:00","article:modified_time":"2017-02-05T03:01:25+00:00","twitter:card":"summary_large_image","twitter:title":"Corte de facturaci\u00f3n Versus NIIF - Contadores P\u00fablicos","twitter:description":"El corte de operaciones a una fecha determinada del mes, que efect\u00faan algunos contadores, es una medida que no tiene fundamento fiscal y contable, y menos cuando se solicita a los proveedores el que alteren la fecha de venta.","twitter:image":"https:\/\/contadoreshoy.com\/wp-content\/uploads\/2024\/01\/cropped-cropped-cropped-Copia-de-M.jpg"},"aioseo_meta_data":{"post_id":"4894","title":null,"description":null,"keywords":null,"keyphrases":null,"primary_term":null,"canonical_url":null,"og_title":null,"og_description":null,"og_object_type":"default","og_image_type":"default","og_image_url":null,"og_image_width":null,"og_image_height":null,"og_image_custom_url":null,"og_image_custom_fields":null,"og_video":null,"og_custom_url":null,"og_article_section":null,"og_article_tags":null,"twitter_use_og":false,"twitter_card":"default","twitter_image_type":"default","twitter_image_url":null,"twitter_image_custom_url":null,"twitter_image_custom_fields":null,"twitter_title":null,"twitter_description":null,"schema":{"blockGraphs":[],"customGraphs":[],"default":{"data":{"Article":[],"Course":[],"Dataset":[],"FAQPage":[],"Movie":[],"Person":[],"Product":[],"ProductReview":[],"Car":[],"Recipe":[],"Service":[],"SoftwareApplication":[],"WebPage":[]},"graphName":"","isEnabled":true},"graphs":[]},"schema_type":"default","schema_type_options":null,"pillar_content":false,"robots_default":true,"robots_noindex":false,"robots_noarchive":false,"robots_nosnippet":false,"robots_nofollow":false,"robots_noimageindex":false,"robots_noodp":false,"robots_notranslate":false,"robots_max_snippet":null,"robots_max_videopreview":null,"robots_max_imagepreview":"large","priority":null,"frequency":null,"local_seo":null,"breadcrumb_settings":null,"limit_modified_date":false,"ai":null,"created":"2024-03-05 01:05:41","updated":"2026-03-03 04:31:44","seo_analyzer_scan_date":null,"focus_keyword":null,"additional_keywords":null,"truseo_locale":null},"aioseo_breadcrumb":"<div class=\"aioseo-breadcrumbs\"><span class=\"aioseo-breadcrumb\">\n\t\t\t<a href=\"https:\/\/contadoreshoy.com\" title=\"Home\">Home<\/a>\n\t\t<\/span><span class=\"aioseo-breadcrumb-separator\">&raquo;<\/span><span class=\"aioseo-breadcrumb\">\n\t\t\t<a href=\"https:\/\/contadoreshoy.com\/?cat=454\" title=\"Sin categor\u00eda\">Sin categor\u00eda<\/a>\n\t\t<\/span><span class=\"aioseo-breadcrumb-separator\">&raquo;<\/span><span class=\"aioseo-breadcrumb\">\n\t\t\tCorte de facturaci\u00f3n Versus NIIF\n\t\t<\/span><\/div>","aioseo_breadcrumb_json":[{"label":"Home","link":"https:\/\/contadoreshoy.com"},{"label":"Sin categor\u00eda","link":"https:\/\/contadoreshoy.com\/?cat=454"},{"label":"Corte de facturaci\u00f3n Versus NIIF","link":"https:\/\/contadoreshoy.com\/?p=4894"}],"yoast_head":"<!-- This site is optimized with the Yoast SEO plugin v28.4 - https:\/\/yoast.com\/product\/yoast-seo-wordpress\/ -->\n<title>Corte de facturaci\u00f3n Versus NIIF - Contadores P\u00fablicos<\/title>\n<meta name=\"robots\" content=\"index, follow, max-snippet:-1, max-image-preview:large, max-video-preview:-1\" \/>\n<link rel=\"canonical\" href=\"https:\/\/contadoreshoy.com\/?p=4894\" \/>\n<meta property=\"og:locale\" content=\"es_ES\" \/>\n<meta property=\"og:type\" content=\"article\" \/>\n<meta property=\"og:title\" content=\"Corte de facturaci\u00f3n Versus NIIF - Contadores P\u00fablicos\" \/>\n<meta property=\"og:description\" content=\"El corte de operaciones a una fecha determinada del mes, que efect\u00faan algunos contadores, es una medida que no tiene fundamento fiscal y contable, y menos cuando se solicita a los proveedores el que alteren la fecha de venta.\" \/>\n<meta property=\"og:url\" content=\"https:\/\/contadoreshoy.com\/?p=4894\" \/>\n<meta property=\"og:site_name\" content=\"Contadores P\u00fablicos\" \/>\n<meta property=\"article:publisher\" content=\"https:\/\/www.facebook.com\/CCCPBucaramanga\/\" \/>\n<meta property=\"article:published_time\" content=\"2015-07-23T03:57:15+00:00\" \/>\n<meta property=\"article:modified_time\" content=\"2017-02-05T03:01:25+00:00\" \/>\n<meta property=\"og:image\" content=\"https:\/\/contadoreshoy.com\/wp-content\/uploads\/2015\/07\/corte-de-facturaci\u00f3n.jpg\" \/>\n\t<meta property=\"og:image:width\" content=\"550\" \/>\n\t<meta property=\"og:image:height\" content=\"316\" \/>\n\t<meta property=\"og:image:type\" content=\"image\/jpeg\" \/>\n<meta name=\"author\" content=\"Miguel Antonio M\u00e1rquez Monta\u00f1ez\" \/>\n<meta name=\"twitter:card\" content=\"summary_large_image\" \/>\n<meta name=\"twitter:label1\" content=\"Escrito por\" \/>\n\t<meta name=\"twitter:data1\" content=\"Miguel Antonio M\u00e1rquez Monta\u00f1ez\" \/>\n\t<meta name=\"twitter:label2\" content=\"Tiempo de lectura\" \/>\n\t<meta name=\"twitter:data2\" content=\"4 minutos\" \/>\n<script type=\"application\/ld+json\" class=\"yoast-schema-graph\">{\"@context\":\"https:\\\/\\\/schema.org\",\"@graph\":[{\"@type\":\"Article\",\"@id\":\"https:\\\/\\\/contadoreshoy.com\\\/?p=4894#article\",\"isPartOf\":{\"@id\":\"https:\\\/\\\/contadoreshoy.com\\\/?p=4894\"},\"author\":{\"name\":\"Miguel Antonio M\u00e1rquez Monta\u00f1ez\",\"@id\":\"https:\\\/\\\/contadoreshoy.com\\\/#\\\/schema\\\/person\\\/96d8979cb865537c5dc9345e40089fc5\"},\"headline\":\"Corte de facturaci\u00f3n Versus NIIF\",\"datePublished\":\"2015-07-23T03:57:15+00:00\",\"dateModified\":\"2017-02-05T03:01:25+00:00\",\"mainEntityOfPage\":{\"@id\":\"https:\\\/\\\/contadoreshoy.com\\\/?p=4894\"},\"wordCount\":891,\"publisher\":{\"@id\":\"https:\\\/\\\/contadoreshoy.com\\\/#organization\"},\"image\":{\"@id\":\"https:\\\/\\\/contadoreshoy.com\\\/?p=4894#primaryimage\"},\"thumbnailUrl\":\"https:\\\/\\\/contadoreshoy.com\\\/wp-content\\\/uploads\\\/2015\\\/07\\\/corte-de-facturaci\u00f3n.jpg\",\"inLanguage\":\"es\"},{\"@type\":\"WebPage\",\"@id\":\"https:\\\/\\\/contadoreshoy.com\\\/?p=4894\",\"url\":\"https:\\\/\\\/contadoreshoy.com\\\/?p=4894\",\"name\":\"Corte de facturaci\u00f3n Versus NIIF - Contadores P\u00fablicos\",\"isPartOf\":{\"@id\":\"https:\\\/\\\/contadoreshoy.com\\\/#website\"},\"primaryImageOfPage\":{\"@id\":\"https:\\\/\\\/contadoreshoy.com\\\/?p=4894#primaryimage\"},\"image\":{\"@id\":\"https:\\\/\\\/contadoreshoy.com\\\/?p=4894#primaryimage\"},\"thumbnailUrl\":\"https:\\\/\\\/contadoreshoy.com\\\/wp-content\\\/uploads\\\/2015\\\/07\\\/corte-de-facturaci\u00f3n.jpg\",\"datePublished\":\"2015-07-23T03:57:15+00:00\",\"dateModified\":\"2017-02-05T03:01:25+00:00\",\"breadcrumb\":{\"@id\":\"https:\\\/\\\/contadoreshoy.com\\\/?p=4894#breadcrumb\"},\"inLanguage\":\"es\",\"potentialAction\":[{\"@type\":\"ReadAction\",\"target\":[\"https:\\\/\\\/contadoreshoy.com\\\/?p=4894\"]}]},{\"@type\":\"ImageObject\",\"inLanguage\":\"es\",\"@id\":\"https:\\\/\\\/contadoreshoy.com\\\/?p=4894#primaryimage\",\"url\":\"https:\\\/\\\/contadoreshoy.com\\\/wp-content\\\/uploads\\\/2015\\\/07\\\/corte-de-facturaci\u00f3n.jpg\",\"contentUrl\":\"https:\\\/\\\/contadoreshoy.com\\\/wp-content\\\/uploads\\\/2015\\\/07\\\/corte-de-facturaci\u00f3n.jpg\",\"width\":550,\"height\":316},{\"@type\":\"BreadcrumbList\",\"@id\":\"https:\\\/\\\/contadoreshoy.com\\\/?p=4894#breadcrumb\",\"itemListElement\":[{\"@type\":\"ListItem\",\"position\":1,\"name\":\"Portada\",\"item\":\"https:\\\/\\\/contadoreshoy.com\\\/\"},{\"@type\":\"ListItem\",\"position\":2,\"name\":\"Corte de facturaci\u00f3n Versus NIIF\"}]},{\"@type\":\"WebSite\",\"@id\":\"https:\\\/\\\/contadoreshoy.com\\\/#website\",\"url\":\"https:\\\/\\\/contadoreshoy.com\\\/\",\"name\":\"Contadorespublicossantander\",\"description\":\"Portal para Contadores P\u00fablicos y empresarios\",\"publisher\":{\"@id\":\"https:\\\/\\\/contadoreshoy.com\\\/#organization\"},\"potentialAction\":[{\"@type\":\"SearchAction\",\"target\":{\"@type\":\"EntryPoint\",\"urlTemplate\":\"https:\\\/\\\/contadoreshoy.com\\\/?s={search_term_string}\"},\"query-input\":{\"@type\":\"PropertyValueSpecification\",\"valueRequired\":true,\"valueName\":\"search_term_string\"}}],\"inLanguage\":\"es\"},{\"@type\":\"Organization\",\"@id\":\"https:\\\/\\\/contadoreshoy.com\\\/#organization\",\"name\":\"Contadores P\u00fablicos de Santander\",\"url\":\"https:\\\/\\\/contadoreshoy.com\\\/\",\"logo\":{\"@type\":\"ImageObject\",\"inLanguage\":\"es\",\"@id\":\"https:\\\/\\\/contadoreshoy.com\\\/#\\\/schema\\\/logo\\\/image\\\/\",\"url\":\"https:\\\/\\\/contadoreshoy.com\\\/wp-content\\\/uploads\\\/2024\\\/01\\\/cropped-cropped-Copia-de-M-1.jpg\",\"contentUrl\":\"https:\\\/\\\/contadoreshoy.com\\\/wp-content\\\/uploads\\\/2024\\\/01\\\/cropped-cropped-Copia-de-M-1.jpg\",\"width\":499,\"height\":500,\"caption\":\"Contadores P\u00fablicos de Santander\"},\"image\":{\"@id\":\"https:\\\/\\\/contadoreshoy.com\\\/#\\\/schema\\\/logo\\\/image\\\/\"},\"sameAs\":[\"https:\\\/\\\/www.facebook.com\\\/CCCPBucaramanga\\\/\"]},{\"@type\":\"Person\",\"@id\":\"https:\\\/\\\/contadoreshoy.com\\\/#\\\/schema\\\/person\\\/96d8979cb865537c5dc9345e40089fc5\",\"name\":\"Miguel Antonio M\u00e1rquez Monta\u00f1ez\",\"description\":\"Contador P\u00fablico egresado de la Universidad Aut\u00f3noma de Bucaramanga - Asesor contable tributario con m\u00e1s de 25 a\u00f1os de experiencia - Conferencista en temas contables y tributarios - T\u00e9cnico en Hardware y Dise\u00f1o Web - Creador y director Grupo de Estudio Colegio Colombiano de Contadores P\u00fablicos de Bucaramanga - Creador y Master Web p\u00e1gina www.contadoresp\u00fablicossantander.com - Expresidente Colegio Colombiano de Contadores P\u00fablicos Bucaramanga\",\"url\":\"https:\\\/\\\/contadoreshoy.com\\\/?author=1\"}]}<\/script>\n<!-- \/ Yoast SEO plugin. -->","yoast_head_json":{"title":"Corte de facturaci\u00f3n Versus NIIF - Contadores P\u00fablicos","robots":{"index":"index","follow":"follow","max-snippet":"max-snippet:-1","max-image-preview":"max-image-preview:large","max-video-preview":"max-video-preview:-1"},"canonical":"https:\/\/contadoreshoy.com\/?p=4894","og_locale":"es_ES","og_type":"article","og_title":"Corte de facturaci\u00f3n Versus NIIF - Contadores P\u00fablicos","og_description":"El corte de operaciones a una fecha determinada del mes, que efect\u00faan algunos contadores, es una medida que no tiene fundamento fiscal y contable, y menos cuando se solicita a los proveedores el que alteren la fecha de venta.","og_url":"https:\/\/contadoreshoy.com\/?p=4894","og_site_name":"Contadores P\u00fablicos","article_publisher":"https:\/\/www.facebook.com\/CCCPBucaramanga\/","article_published_time":"2015-07-23T03:57:15+00:00","article_modified_time":"2017-02-05T03:01:25+00:00","og_image":[{"width":550,"height":316,"url":"https:\/\/contadoreshoy.com\/wp-content\/uploads\/2015\/07\/corte-de-facturaci\u00f3n.jpg","type":"image\/jpeg"}],"author":"Miguel Antonio M\u00e1rquez Monta\u00f1ez","twitter_card":"summary_large_image","twitter_misc":{"Escrito por":"Miguel Antonio M\u00e1rquez Monta\u00f1ez","Tiempo de lectura":"4 minutos"},"schema":{"@context":"https:\/\/schema.org","@graph":[{"@type":"Article","@id":"https:\/\/contadoreshoy.com\/?p=4894#article","isPartOf":{"@id":"https:\/\/contadoreshoy.com\/?p=4894"},"author":{"name":"Miguel Antonio M\u00e1rquez Monta\u00f1ez","@id":"https:\/\/contadoreshoy.com\/#\/schema\/person\/96d8979cb865537c5dc9345e40089fc5"},"headline":"Corte de facturaci\u00f3n Versus NIIF","datePublished":"2015-07-23T03:57:15+00:00","dateModified":"2017-02-05T03:01:25+00:00","mainEntityOfPage":{"@id":"https:\/\/contadoreshoy.com\/?p=4894"},"wordCount":891,"publisher":{"@id":"https:\/\/contadoreshoy.com\/#organization"},"image":{"@id":"https:\/\/contadoreshoy.com\/?p=4894#primaryimage"},"thumbnailUrl":"https:\/\/contadoreshoy.com\/wp-content\/uploads\/2015\/07\/corte-de-facturaci\u00f3n.jpg","inLanguage":"es"},{"@type":"WebPage","@id":"https:\/\/contadoreshoy.com\/?p=4894","url":"https:\/\/contadoreshoy.com\/?p=4894","name":"Corte de facturaci\u00f3n Versus NIIF - Contadores P\u00fablicos","isPartOf":{"@id":"https:\/\/contadoreshoy.com\/#website"},"primaryImageOfPage":{"@id":"https:\/\/contadoreshoy.com\/?p=4894#primaryimage"},"image":{"@id":"https:\/\/contadoreshoy.com\/?p=4894#primaryimage"},"thumbnailUrl":"https:\/\/contadoreshoy.com\/wp-content\/uploads\/2015\/07\/corte-de-facturaci\u00f3n.jpg","datePublished":"2015-07-23T03:57:15+00:00","dateModified":"2017-02-05T03:01:25+00:00","breadcrumb":{"@id":"https:\/\/contadoreshoy.com\/?p=4894#breadcrumb"},"inLanguage":"es","potentialAction":[{"@type":"ReadAction","target":["https:\/\/contadoreshoy.com\/?p=4894"]}]},{"@type":"ImageObject","inLanguage":"es","@id":"https:\/\/contadoreshoy.com\/?p=4894#primaryimage","url":"https:\/\/contadoreshoy.com\/wp-content\/uploads\/2015\/07\/corte-de-facturaci\u00f3n.jpg","contentUrl":"https:\/\/contadoreshoy.com\/wp-content\/uploads\/2015\/07\/corte-de-facturaci\u00f3n.jpg","width":550,"height":316},{"@type":"BreadcrumbList","@id":"https:\/\/contadoreshoy.com\/?p=4894#breadcrumb","itemListElement":[{"@type":"ListItem","position":1,"name":"Portada","item":"https:\/\/contadoreshoy.com\/"},{"@type":"ListItem","position":2,"name":"Corte de facturaci\u00f3n Versus NIIF"}]},{"@type":"WebSite","@id":"https:\/\/contadoreshoy.com\/#website","url":"https:\/\/contadoreshoy.com\/","name":"Contadorespublicossantander","description":"Portal para Contadores P\u00fablicos y empresarios","publisher":{"@id":"https:\/\/contadoreshoy.com\/#organization"},"potentialAction":[{"@type":"SearchAction","target":{"@type":"EntryPoint","urlTemplate":"https:\/\/contadoreshoy.com\/?s={search_term_string}"},"query-input":{"@type":"PropertyValueSpecification","valueRequired":true,"valueName":"search_term_string"}}],"inLanguage":"es"},{"@type":"Organization","@id":"https:\/\/contadoreshoy.com\/#organization","name":"Contadores P\u00fablicos de Santander","url":"https:\/\/contadoreshoy.com\/","logo":{"@type":"ImageObject","inLanguage":"es","@id":"https:\/\/contadoreshoy.com\/#\/schema\/logo\/image\/","url":"https:\/\/contadoreshoy.com\/wp-content\/uploads\/2024\/01\/cropped-cropped-Copia-de-M-1.jpg","contentUrl":"https:\/\/contadoreshoy.com\/wp-content\/uploads\/2024\/01\/cropped-cropped-Copia-de-M-1.jpg","width":499,"height":500,"caption":"Contadores P\u00fablicos de Santander"},"image":{"@id":"https:\/\/contadoreshoy.com\/#\/schema\/logo\/image\/"},"sameAs":["https:\/\/www.facebook.com\/CCCPBucaramanga\/"]},{"@type":"Person","@id":"https:\/\/contadoreshoy.com\/#\/schema\/person\/96d8979cb865537c5dc9345e40089fc5","name":"Miguel Antonio M\u00e1rquez Monta\u00f1ez","description":"Contador P\u00fablico egresado de la Universidad Aut\u00f3noma de Bucaramanga - Asesor contable tributario con m\u00e1s de 25 a\u00f1os de experiencia - Conferencista en temas contables y tributarios - T\u00e9cnico en Hardware y Dise\u00f1o Web - Creador y director Grupo de Estudio Colegio Colombiano de Contadores P\u00fablicos de Bucaramanga - Creador y Master Web p\u00e1gina www.contadoresp\u00fablicossantander.com - Expresidente Colegio Colombiano de Contadores P\u00fablicos Bucaramanga","url":"https:\/\/contadoreshoy.com\/?author=1"}]}},"_links":{"self":[{"href":"https:\/\/contadoreshoy.com\/index.php?rest_route=\/wp\/v2\/posts\/4894","targetHints":{"allow":["GET"]}}],"collection":[{"href":"https:\/\/contadoreshoy.com\/index.php?rest_route=\/wp\/v2\/posts"}],"about":[{"href":"https:\/\/contadoreshoy.com\/index.php?rest_route=\/wp\/v2\/types\/post"}],"author":[{"embeddable":true,"href":"https:\/\/contadoreshoy.com\/index.php?rest_route=\/wp\/v2\/users\/1"}],"replies":[{"embeddable":true,"href":"https:\/\/contadoreshoy.com\/index.php?rest_route=%2Fwp%2Fv2%2Fcomments&post=4894"}],"version-history":[{"count":1,"href":"https:\/\/contadoreshoy.com\/index.php?rest_route=\/wp\/v2\/posts\/4894\/revisions"}],"predecessor-version":[{"id":8101,"href":"https:\/\/contadoreshoy.com\/index.php?rest_route=\/wp\/v2\/posts\/4894\/revisions\/8101"}],"wp:featuredmedia":[{"embeddable":true,"href":"https:\/\/contadoreshoy.com\/index.php?rest_route=\/wp\/v2\/media\/4895"}],"wp:attachment":[{"href":"https:\/\/contadoreshoy.com\/index.php?rest_route=%2Fwp%2Fv2%2Fmedia&parent=4894"}],"wp:term":[{"taxonomy":"category","embeddable":true,"href":"https:\/\/contadoreshoy.com\/index.php?rest_route=%2Fwp%2Fv2%2Fcategories&post=4894"},{"taxonomy":"post_tag","embeddable":true,"href":"https:\/\/contadoreshoy.com\/index.php?rest_route=%2Fwp%2Fv2%2Ftags&post=4894"}],"curies":[{"name":"wp","href":"https:\/\/api.w.org\/{rel}","templated":true}]}}