{"id":5013,"date":"2015-07-24T19:52:06","date_gmt":"2015-07-24T19:52:06","guid":{"rendered":"http:\/\/colegiocolombianodecontadores.com\/?p=5013"},"modified":"2017-02-04T22:01:25","modified_gmt":"2017-02-05T03:01:25","slug":"anulacion-facturas-concepto-dian","status":"publish","type":"post","link":"https:\/\/contadoreshoy.com\/?p=5013","title":{"rendered":"Anulaci\u00f3n facturas concepto DIAN"},"content":{"rendered":"<p><strong>Anulaci\u00f3n de facturas expedidas para cambio de fecha contra la ley<\/strong><br \/>\nConcepto DIAN 074982 09\/08\/2000<br \/>\nAnulaci\u00f3n de facturas expedidas para cambio de fecha es contraria a la Ley<br \/>\n<span style=\"color: #000000;\">\u00ab&#8230;.No puede aceptarse que por decisi\u00f3n de las partes, se vulneren las disposiciones relativas a facturaci\u00f3n, se anulen las<\/span><br \/>\n<span style=\"color: #000000;\">facturas ya expedidas y se expidan otras que no consulten la realidad de la operaci\u00f3n comercial. El manejo administrativo<\/span><br \/>\n<span style=\"color: #000000;\">interno de las empresas si bien es de su absoluta discreci\u00f3n debe adecuarse de tal manera que no vulnere las normas<\/span><br \/>\n<span style=\"color: #000000;\">tributarias o las desconozca. Por ello, &#8211; se reitera -, al tenor de lo previsto en el art\u00edculo 615 del Estatuto Tributario la<\/span><br \/>\n<span style=\"color: #000000;\">factura debe ser expedida al realizarse la operaci\u00f3n y debe contener la fecha de la misma.\u00bb<\/span><br \/>\nDIRECCION DE IMPUESTOS Y ADUANAS NACIONALES. DIAN<\/p>\n<p>Santa Fe de Bogot\u00e1, D. C. Agosto 9 de 2000<\/p>\n<p>Concepto: 074982<\/p>\n<p>Se\u00f1ora<\/p>\n<p>ELSA VICTORIA HENAO LONDO\u00d1O<\/p>\n<p>Directora General ACHC<\/p>\n<p>Carrera 4a. No. 73 -15<\/p>\n<p>Ciudad<\/p>\n<p>Ref. Consulta 57092 junio 2 de 2000<\/p>\n<p>Procedimiento<\/p>\n<p>Fecha expedici\u00f3n de la factura<\/p>\n<p>Recibido en este despacho el oficio mencionado, nos permitimos manifestarte que de acuerdo con lo establecido en el<br \/>\nart\u00edculo 11 del Decreto 1265 de 1999 este Despacho es competente para absolver en sentido general las consultas<br \/>\nescritas que se formulen sobre interpretaci\u00f3n y aplicaci\u00f3n de las normas tributarias nacionales, sentido en el cual se<br \/>\nabsolver\u00e1 la presente consulta.<\/p>\n<p>Nuevamente solicita se concept\u00fae sobre si es posible exigir el cambio de la fecha de expedici\u00f3n de la factura y cual es la<br \/>\nnorma que ampara tal actuaci\u00f3n.<\/p>\n<p>Se\u00f1ala que mediante el concepto No. 39139 de abril 25 de 2000 se trat\u00f3 el tema pero en esta oportunidad solicita su<br \/>\nampliaci\u00f3n.<\/p>\n<p>RESPUESTA<\/p>\n<p>Frente al punto de consulta claramente se dijo en el concepto en referencia, al absolver una consulta formulada por<br \/>\nusted , que:<\/p>\n<p>\u00ab&#8230; las normas tributarias en ning\u00fan momento establecen cuando procede o no el cambio de fecha de una factura, sino<br \/>\nlos requisitos que ellas deben contener. Es as\u00ed, como el art\u00edculo 617 del Estatuto, prev\u00e9 los requisitos de la factura dentro<br \/>\nde los que se encuentra el literal e) ib\u00eddem, referido a la fecha de su expedici\u00f3n. A su vez, la ley contempla las sanciones<br \/>\naplicables en caso de no expedir factura o hacerlo con incumplimiento de requisitos, que en el caso del literal e) citado,<br \/>\nel art\u00edculo 657 establece como sanci\u00f3n el cierre del establecimiento, salvo cuando se trate de entes que presten servicios<br \/>\np\u00fablicos o se cause un perjuicio grave, en cuyo caso se aplicar\u00e1 multa en los t\u00e9rminos del art\u00edculo 652 del mismo<br \/>\nestatuto.<\/p>\n<p>Es decir, que acorde con las disposiciones tributarias, la factura debe corresponder a la fecha de realizaci\u00f3n de la<br \/>\noperaci\u00f3n, raz\u00f3n que impide que una vez expedida pueda modificarse su fecha, situaci\u00f3n que equivaldr\u00eda a alterar la<br \/>\nveracidad de la operaci\u00f3n respecto de la cual se expidi\u00f3.<\/p>\n<p>Por lo mismo no existe disposici\u00f3n tributaria que ampare el cambio de la fecha de expedici\u00f3n de la factura y menos a\u00fan<br \/>\nque indique las razones para tal proceder.<\/p>\n<p>PREGUNTA<\/p>\n<p>Es posible anular una factura y elaborar otra con fecha posterior, sobre una misma operaci\u00f3n?<\/p>\n<p>RESPUESTA<\/p>\n<p>Igualmente ha considerado el Despacho que \u00bb expedida una factura respecto de una operaci\u00f3n realizada, con el lleno de<br \/>\nlos requisitos legales, puede afirmarse que el vendedor o prestador del servicio cumpli\u00f3 con su obligaci\u00f3n.<\/p>\n<p>Con posterioridad a tal hecho y solamente para efectos de recibir el pago, no podr\u00e1 expedir una nueva factura que<br \/>\ncorresponda a la operaci\u00f3n ya realizada y ya facturada por que implicar\u00eda que est\u00e1 facturando doblemente una misma<br \/>\noperaci\u00f3n, conducta que constituye una infracci\u00f3n a la normatividad tributaria. Por lo mismo la nueva factura no estar\u00eda<br \/>\ncumpliendo con el requisito ni del n\u00famero consecutivo ni de la fecha en tanto la operaci\u00f3n fue realizada con anterioridad<br \/>\na su expedici\u00f3n y el n\u00famero no corresponder\u00eda a la realizaci\u00f3n de la operaci\u00f3n &#8230;\u00bb concepto 42219\/2000<\/p>\n<p>No puede aceptarse que por decisi\u00f3n de las partes, se vulneren las disposiciones relativas a facturaci\u00f3n, se anulen las<br \/>\nfacturas ya expedidas y se expidan otras que no consulten la realidad de la operaci\u00f3n comercial. El manejo administrativo<br \/>\ninterno de las empresas si bien es de su absoluta discreci\u00f3n debe adecuarse de tal manera que no vulnere las normas<br \/>\ntributarias o las desconozca. Por ello, &#8211; se reitera -, al tenor de lo previsto en el art\u00edculo 615 del Estatuto Tributario la<br \/>\nfactura debe ser expedida al realizarse la operaci\u00f3n y debe contener la fecha de la misma.<\/p>\n<p>Finalmente frente el planteamiento plasmado en el concepto No. 35073 de 2000 relativo a que no est\u00e1 respaldada por<br \/>\ndisposici\u00f3n tributaria alguna la pr\u00e1ctica de algunos proveedores para que las facturas del mes de diciembre se reciban<br \/>\nhasta determinado d\u00eda de dicho mes y las que no se reciban a tal fecha deben quedar con fecha del a\u00f1o siguiente,<br \/>\nsolicita se haga extensivo a la facturaci\u00f3n mensual.<\/p>\n<p>Al respecto le informo que las interpretaciones de esta Oficina son de car\u00e1cter general y en tal medida debe ser<br \/>\nconsideradas. Cuando en el concepto aludido se dice que la practica descrita no tiene asidero jur\u00eddico debe entenderse<br \/>\nreferido a todos los eventos en que se pretenda realizar, m\u00e1xime si se a\u00fana a lo ya expresado en el sentido de que la<br \/>\nfecha de la factura debe corresponder a la de la efectiva realizaci\u00f3n de la operaci\u00f3n.<\/p>\n<p>El hecho de que las empresas puedan establecer calendarios propios y se\u00f1alar fechas para la recepci\u00f3n de las facturas,<br \/>\nno significa que cuando determinada factura no sea presentada para su cobro dentro de dicho t\u00e9rmino, deba ser<br \/>\nanulada y reemplazada con otra posterior, ya que esta factura conserva su validez y como tal deber\u00e1 surtir los efectos<br \/>\nque la ley le otorga.<\/p>\n<p>Atentamente,<\/p>\n<p>LlGIA ESMERALDA PARDO MORA<\/p>\n<p>Delegada Divisi\u00f3n Normativa y Doctrina<\/p>\n<p>CABADELPA COLOMBIA S.A.<\/p>\n","protected":false},"excerpt":{"rendered":"<p>Anulaci\u00f3n de facturas expedidas para cambio de fecha es contraria a la Ley<\/p>\n","protected":false},"author":1,"featured_media":5011,"comment_status":"open","ping_status":"open","sticky":false,"template":"","format":"standard","meta":{"_monsterinsights_skip_tracking":false,"ngg_post_thumbnail":0,"footnotes":"","_links_to":"","_links_to_target":""},"categories":[454],"tags":[],"class_list":["post-5013","post","type-post","status-publish","format-standard","has-post-thumbnail","hentry","category-sin-categoria"],"aioseo_notices":[],"aioseo_head":"\n\t\t<!-- All in One SEO 5.0.1.1 - aioseo.com -->\n\t<meta name=\"description\" content=\"Anulaci\u00f3n de facturas expedidas para cambio de fecha es contraria a la Ley\" \/>\n\t<meta name=\"robots\" content=\"max-image-preview:large\" \/>\n\t<meta name=\"author\" content=\"Miguel Antonio M\u00e1rquez Monta\u00f1ez\"\/>\n\t<link rel=\"canonical\" href=\"https:\/\/contadoreshoy.com\/?p=5013\" \/>\n\t<meta name=\"generator\" content=\"All in One SEO (AIOSEO) 5.0.1.1\" \/>\n\t\t<meta property=\"og:locale\" content=\"es_ES\" \/>\n\t\t<meta property=\"og:site_name\" content=\"Contadores P\u00fablicos - Portal para Contadores P\u00fablicos y empresarios\" \/>\n\t\t<meta property=\"og:type\" content=\"article\" \/>\n\t\t<meta property=\"og:title\" content=\"Anulaci\u00f3n facturas concepto DIAN - Contadores P\u00fablicos\" \/>\n\t\t<meta property=\"og:description\" content=\"Anulaci\u00f3n de facturas expedidas para cambio de fecha es contraria a la Ley\" \/>\n\t\t<meta property=\"og:url\" content=\"https:\/\/contadoreshoy.com\/?p=5013\" \/>\n\t\t<meta property=\"og:image\" content=\"https:\/\/contadoreshoy.com\/wp-content\/uploads\/2024\/01\/cropped-cropped-cropped-Copia-de-M.jpg\" \/>\n\t\t<meta property=\"og:image:secure_url\" content=\"https:\/\/contadoreshoy.com\/wp-content\/uploads\/2024\/01\/cropped-cropped-cropped-Copia-de-M.jpg\" \/>\n\t\t<meta property=\"og:image:width\" content=\"512\" \/>\n\t\t<meta property=\"og:image:height\" content=\"371\" \/>\n\t\t<meta property=\"article:published_time\" content=\"2015-07-24T19:52:06+00:00\" \/>\n\t\t<meta property=\"article:modified_time\" content=\"2017-02-05T03:01:25+00:00\" \/>\n\t\t<meta name=\"twitter:card\" content=\"summary_large_image\" \/>\n\t\t<meta name=\"twitter:title\" content=\"Anulaci\u00f3n facturas concepto DIAN - Contadores P\u00fablicos\" \/>\n\t\t<meta name=\"twitter:description\" content=\"Anulaci\u00f3n de facturas expedidas para cambio de fecha es contraria a la Ley\" \/>\n\t\t<meta name=\"twitter:image\" content=\"https:\/\/contadoreshoy.com\/wp-content\/uploads\/2024\/01\/cropped-cropped-cropped-Copia-de-M.jpg\" \/>\n\t\t<script type=\"application\/ld+json\" class=\"aioseo-schema\">\n\t\t\t{\"@context\":\"https:\\\/\\\/schema.org\",\"@graph\":[{\"@type\":\"BlogPosting\",\"@id\":\"https:\\\/\\\/contadoreshoy.com\\\/?p=5013#blogposting\",\"name\":\"Anulaci\\u00f3n facturas concepto DIAN - Contadores P\\u00fablicos\",\"headline\":\"Anulaci\\u00f3n facturas concepto DIAN\",\"author\":{\"@id\":\"https:\\\/\\\/contadoreshoy.com\\\/?author=1#author\"},\"publisher\":{\"@id\":\"https:\\\/\\\/contadoreshoy.com\\\/#organization\"},\"image\":{\"@type\":\"ImageObject\",\"url\":\"https:\\\/\\\/contadoreshoy.com\\\/wp-content\\\/uploads\\\/2015\\\/07\\\/cambio-de-facturas.jpg\",\"width\":296,\"height\":170},\"datePublished\":\"2015-07-24T19:52:06-05:00\",\"dateModified\":\"2017-02-04T22:01:25-05:00\",\"inLanguage\":\"es-ES\",\"mainEntityOfPage\":{\"@id\":\"https:\\\/\\\/contadoreshoy.com\\\/?p=5013#webpage\"},\"isPartOf\":{\"@id\":\"https:\\\/\\\/contadoreshoy.com\\\/?p=5013#webpage\"},\"articleSection\":\"Sin categor\\u00eda\"},{\"@type\":\"BreadcrumbList\",\"@id\":\"https:\\\/\\\/contadoreshoy.com\\\/?p=5013#breadcrumblist\",\"itemListElement\":[{\"@type\":\"ListItem\",\"@id\":\"https:\\\/\\\/contadoreshoy.com#listItem\",\"position\":1,\"name\":\"Home\",\"item\":\"https:\\\/\\\/contadoreshoy.com\",\"nextItem\":{\"@type\":\"ListItem\",\"@id\":\"https:\\\/\\\/contadoreshoy.com\\\/?cat=454#listItem\",\"name\":\"Sin categor\\u00eda\"}},{\"@type\":\"ListItem\",\"@id\":\"https:\\\/\\\/contadoreshoy.com\\\/?cat=454#listItem\",\"position\":2,\"name\":\"Sin categor\\u00eda\",\"item\":\"https:\\\/\\\/contadoreshoy.com\\\/?cat=454\",\"nextItem\":{\"@type\":\"ListItem\",\"@id\":\"https:\\\/\\\/contadoreshoy.com\\\/?p=5013#listItem\",\"name\":\"Anulaci\\u00f3n facturas concepto DIAN\"},\"previousItem\":{\"@type\":\"ListItem\",\"@id\":\"https:\\\/\\\/contadoreshoy.com#listItem\",\"name\":\"Home\"}},{\"@type\":\"ListItem\",\"@id\":\"https:\\\/\\\/contadoreshoy.com\\\/?p=5013#listItem\",\"position\":3,\"name\":\"Anulaci\\u00f3n facturas concepto DIAN\",\"previousItem\":{\"@type\":\"ListItem\",\"@id\":\"https:\\\/\\\/contadoreshoy.com\\\/?cat=454#listItem\",\"name\":\"Sin categor\\u00eda\"}}]},{\"@type\":\"Organization\",\"@id\":\"https:\\\/\\\/contadoreshoy.com\\\/#organization\",\"name\":\"Contadores P\\u00fablicos\",\"description\":\"Portal para Contadores P\\u00fablicos y empresarios\",\"url\":\"https:\\\/\\\/contadoreshoy.com\\\/\",\"logo\":{\"@type\":\"ImageObject\",\"url\":\"https:\\\/\\\/contadoreshoy.com\\\/wp-content\\\/uploads\\\/2024\\\/01\\\/cropped-cropped-Copia-de-M-1.jpg\",\"@id\":\"https:\\\/\\\/contadoreshoy.com\\\/?p=5013\\\/#organizationLogo\",\"width\":499,\"height\":500},\"image\":{\"@id\":\"https:\\\/\\\/contadoreshoy.com\\\/?p=5013\\\/#organizationLogo\"}},{\"@type\":\"Person\",\"@id\":\"https:\\\/\\\/contadoreshoy.com\\\/?author=1#author\",\"url\":\"https:\\\/\\\/contadoreshoy.com\\\/?author=1\",\"name\":\"Miguel Antonio M\\u00e1rquez Monta\\u00f1ez\"},{\"@type\":\"WebPage\",\"@id\":\"https:\\\/\\\/contadoreshoy.com\\\/?p=5013#webpage\",\"url\":\"https:\\\/\\\/contadoreshoy.com\\\/?p=5013\",\"name\":\"Anulaci\\u00f3n facturas concepto DIAN - Contadores P\\u00fablicos\",\"description\":\"Anulaci\\u00f3n de facturas expedidas para cambio de fecha es contraria a la Ley\",\"inLanguage\":\"es-ES\",\"isPartOf\":{\"@id\":\"https:\\\/\\\/contadoreshoy.com\\\/#website\"},\"breadcrumb\":{\"@id\":\"https:\\\/\\\/contadoreshoy.com\\\/?p=5013#breadcrumblist\"},\"author\":{\"@id\":\"https:\\\/\\\/contadoreshoy.com\\\/?author=1#author\"},\"creator\":{\"@id\":\"https:\\\/\\\/contadoreshoy.com\\\/?author=1#author\"},\"image\":{\"@type\":\"ImageObject\",\"url\":\"https:\\\/\\\/contadoreshoy.com\\\/wp-content\\\/uploads\\\/2015\\\/07\\\/cambio-de-facturas.jpg\",\"@id\":\"https:\\\/\\\/contadoreshoy.com\\\/?p=5013\\\/#mainImage\",\"width\":296,\"height\":170},\"primaryImageOfPage\":{\"@id\":\"https:\\\/\\\/contadoreshoy.com\\\/?p=5013#mainImage\"},\"datePublished\":\"2015-07-24T19:52:06-05:00\",\"dateModified\":\"2017-02-04T22:01:25-05:00\"},{\"@type\":\"WebSite\",\"@id\":\"https:\\\/\\\/contadoreshoy.com\\\/#website\",\"url\":\"https:\\\/\\\/contadoreshoy.com\\\/\",\"name\":\"Contadores P\\u00fablicos\",\"description\":\"Portal para Contadores P\\u00fablicos y empresarios\",\"inLanguage\":\"es-ES\",\"publisher\":{\"@id\":\"https:\\\/\\\/contadoreshoy.com\\\/#organization\"}}]}\n\t\t<\/script>\n\t\t<!-- All in One SEO -->\n\n","aioseo_head_json":{"title":"Anulaci\u00f3n facturas concepto DIAN - Contadores P\u00fablicos","description":"Anulaci\u00f3n de facturas expedidas para cambio de fecha es contraria a la Ley","canonical_url":"https:\/\/contadoreshoy.com\/?p=5013","robots":"max-image-preview:large","keywords":"","webmasterTools":{"miscellaneous":""},"schema":{"@context":"https:\/\/schema.org","@graph":[{"@type":"BlogPosting","@id":"https:\/\/contadoreshoy.com\/?p=5013#blogposting","name":"Anulaci\u00f3n facturas concepto DIAN - Contadores P\u00fablicos","headline":"Anulaci\u00f3n facturas concepto DIAN","author":{"@id":"https:\/\/contadoreshoy.com\/?author=1#author"},"publisher":{"@id":"https:\/\/contadoreshoy.com\/#organization"},"image":{"@type":"ImageObject","url":"https:\/\/contadoreshoy.com\/wp-content\/uploads\/2015\/07\/cambio-de-facturas.jpg","width":296,"height":170},"datePublished":"2015-07-24T19:52:06-05:00","dateModified":"2017-02-04T22:01:25-05:00","inLanguage":"es-ES","mainEntityOfPage":{"@id":"https:\/\/contadoreshoy.com\/?p=5013#webpage"},"isPartOf":{"@id":"https:\/\/contadoreshoy.com\/?p=5013#webpage"},"articleSection":"Sin categor\u00eda"},{"@type":"BreadcrumbList","@id":"https:\/\/contadoreshoy.com\/?p=5013#breadcrumblist","itemListElement":[{"@type":"ListItem","@id":"https:\/\/contadoreshoy.com#listItem","position":1,"name":"Home","item":"https:\/\/contadoreshoy.com","nextItem":{"@type":"ListItem","@id":"https:\/\/contadoreshoy.com\/?cat=454#listItem","name":"Sin categor\u00eda"}},{"@type":"ListItem","@id":"https:\/\/contadoreshoy.com\/?cat=454#listItem","position":2,"name":"Sin categor\u00eda","item":"https:\/\/contadoreshoy.com\/?cat=454","nextItem":{"@type":"ListItem","@id":"https:\/\/contadoreshoy.com\/?p=5013#listItem","name":"Anulaci\u00f3n facturas concepto DIAN"},"previousItem":{"@type":"ListItem","@id":"https:\/\/contadoreshoy.com#listItem","name":"Home"}},{"@type":"ListItem","@id":"https:\/\/contadoreshoy.com\/?p=5013#listItem","position":3,"name":"Anulaci\u00f3n facturas concepto DIAN","previousItem":{"@type":"ListItem","@id":"https:\/\/contadoreshoy.com\/?cat=454#listItem","name":"Sin categor\u00eda"}}]},{"@type":"Organization","@id":"https:\/\/contadoreshoy.com\/#organization","name":"Contadores P\u00fablicos","description":"Portal para Contadores P\u00fablicos y empresarios","url":"https:\/\/contadoreshoy.com\/","logo":{"@type":"ImageObject","url":"https:\/\/contadoreshoy.com\/wp-content\/uploads\/2024\/01\/cropped-cropped-Copia-de-M-1.jpg","@id":"https:\/\/contadoreshoy.com\/?p=5013\/#organizationLogo","width":499,"height":500},"image":{"@id":"https:\/\/contadoreshoy.com\/?p=5013\/#organizationLogo"}},{"@type":"Person","@id":"https:\/\/contadoreshoy.com\/?author=1#author","url":"https:\/\/contadoreshoy.com\/?author=1","name":"Miguel Antonio M\u00e1rquez Monta\u00f1ez"},{"@type":"WebPage","@id":"https:\/\/contadoreshoy.com\/?p=5013#webpage","url":"https:\/\/contadoreshoy.com\/?p=5013","name":"Anulaci\u00f3n facturas concepto DIAN - Contadores P\u00fablicos","description":"Anulaci\u00f3n de facturas expedidas para cambio de fecha es contraria a la Ley","inLanguage":"es-ES","isPartOf":{"@id":"https:\/\/contadoreshoy.com\/#website"},"breadcrumb":{"@id":"https:\/\/contadoreshoy.com\/?p=5013#breadcrumblist"},"author":{"@id":"https:\/\/contadoreshoy.com\/?author=1#author"},"creator":{"@id":"https:\/\/contadoreshoy.com\/?author=1#author"},"image":{"@type":"ImageObject","url":"https:\/\/contadoreshoy.com\/wp-content\/uploads\/2015\/07\/cambio-de-facturas.jpg","@id":"https:\/\/contadoreshoy.com\/?p=5013\/#mainImage","width":296,"height":170},"primaryImageOfPage":{"@id":"https:\/\/contadoreshoy.com\/?p=5013#mainImage"},"datePublished":"2015-07-24T19:52:06-05:00","dateModified":"2017-02-04T22:01:25-05:00"},{"@type":"WebSite","@id":"https:\/\/contadoreshoy.com\/#website","url":"https:\/\/contadoreshoy.com\/","name":"Contadores P\u00fablicos","description":"Portal para Contadores P\u00fablicos y empresarios","inLanguage":"es-ES","publisher":{"@id":"https:\/\/contadoreshoy.com\/#organization"}}]},"og:locale":"es_ES","og:site_name":"Contadores P\u00fablicos - Portal para Contadores P\u00fablicos y empresarios","og:type":"article","og:title":"Anulaci\u00f3n facturas concepto DIAN - Contadores P\u00fablicos","og:description":"Anulaci\u00f3n de facturas expedidas para cambio de fecha es contraria a la Ley","og:url":"https:\/\/contadoreshoy.com\/?p=5013","og:image":"https:\/\/contadoreshoy.com\/wp-content\/uploads\/2024\/01\/cropped-cropped-cropped-Copia-de-M.jpg","og:image:secure_url":"https:\/\/contadoreshoy.com\/wp-content\/uploads\/2024\/01\/cropped-cropped-cropped-Copia-de-M.jpg","og:image:width":512,"og:image:height":371,"article:published_time":"2015-07-24T19:52:06+00:00","article:modified_time":"2017-02-05T03:01:25+00:00","twitter:card":"summary_large_image","twitter:title":"Anulaci\u00f3n facturas concepto DIAN - Contadores P\u00fablicos","twitter:description":"Anulaci\u00f3n de facturas expedidas para cambio de fecha es contraria a la Ley","twitter:image":"https:\/\/contadoreshoy.com\/wp-content\/uploads\/2024\/01\/cropped-cropped-cropped-Copia-de-M.jpg"},"aioseo_meta_data":{"post_id":"5013","title":null,"description":null,"keywords":null,"keyphrases":null,"primary_term":null,"canonical_url":null,"og_title":null,"og_description":null,"og_object_type":"default","og_image_type":"default","og_image_url":null,"og_image_width":null,"og_image_height":null,"og_image_custom_url":null,"og_image_custom_fields":null,"og_video":null,"og_custom_url":null,"og_article_section":null,"og_article_tags":null,"twitter_use_og":false,"twitter_card":"default","twitter_image_type":"default","twitter_image_url":null,"twitter_image_custom_url":null,"twitter_image_custom_fields":null,"twitter_title":null,"twitter_description":null,"schema":{"blockGraphs":[],"customGraphs":[],"default":{"data":{"Article":[],"Course":[],"Dataset":[],"FAQPage":[],"Movie":[],"Person":[],"Product":[],"ProductReview":[],"Car":[],"Recipe":[],"Service":[],"SoftwareApplication":[],"WebPage":[]},"graphName":"","isEnabled":true},"graphs":[]},"schema_type":"default","schema_type_options":null,"pillar_content":false,"robots_default":true,"robots_noindex":false,"robots_noarchive":false,"robots_nosnippet":false,"robots_nofollow":false,"robots_noimageindex":false,"robots_noodp":false,"robots_notranslate":false,"robots_max_snippet":null,"robots_max_videopreview":null,"robots_max_imagepreview":"large","priority":null,"frequency":null,"local_seo":null,"breadcrumb_settings":null,"limit_modified_date":false,"ai":null,"created":"2024-03-05 01:05:41","updated":"2026-03-03 04:32:41","seo_analyzer_scan_date":null,"focus_keyword":null,"additional_keywords":null,"truseo_locale":null},"aioseo_breadcrumb":"<div class=\"aioseo-breadcrumbs\"><span class=\"aioseo-breadcrumb\">\n\t\t\t<a href=\"https:\/\/contadoreshoy.com\" title=\"Home\">Home<\/a>\n\t\t<\/span><span class=\"aioseo-breadcrumb-separator\">&raquo;<\/span><span class=\"aioseo-breadcrumb\">\n\t\t\t<a href=\"https:\/\/contadoreshoy.com\/?cat=454\" title=\"Sin categor\u00eda\">Sin categor\u00eda<\/a>\n\t\t<\/span><span class=\"aioseo-breadcrumb-separator\">&raquo;<\/span><span class=\"aioseo-breadcrumb\">\n\t\t\tAnulaci\u00f3n facturas concepto DIAN\n\t\t<\/span><\/div>","aioseo_breadcrumb_json":[{"label":"Home","link":"https:\/\/contadoreshoy.com"},{"label":"Sin categor\u00eda","link":"https:\/\/contadoreshoy.com\/?cat=454"},{"label":"Anulaci\u00f3n facturas concepto DIAN","link":"https:\/\/contadoreshoy.com\/?p=5013"}],"yoast_head":"<!-- This site is optimized with the Yoast SEO plugin v28.4 - https:\/\/yoast.com\/product\/yoast-seo-wordpress\/ -->\n<title>Anulaci\u00f3n facturas concepto DIAN - Contadores P\u00fablicos<\/title>\n<meta name=\"robots\" content=\"index, follow, max-snippet:-1, max-image-preview:large, max-video-preview:-1\" \/>\n<link rel=\"canonical\" href=\"https:\/\/contadoreshoy.com\/?p=5013\" \/>\n<meta property=\"og:locale\" content=\"es_ES\" \/>\n<meta property=\"og:type\" content=\"article\" \/>\n<meta property=\"og:title\" content=\"Anulaci\u00f3n facturas concepto DIAN - Contadores P\u00fablicos\" \/>\n<meta property=\"og:description\" content=\"Anulaci\u00f3n de facturas expedidas para cambio de fecha es contraria a la Ley\" \/>\n<meta property=\"og:url\" content=\"https:\/\/contadoreshoy.com\/?p=5013\" \/>\n<meta property=\"og:site_name\" content=\"Contadores P\u00fablicos\" \/>\n<meta property=\"article:publisher\" content=\"https:\/\/www.facebook.com\/CCCPBucaramanga\/\" \/>\n<meta property=\"article:published_time\" content=\"2015-07-24T19:52:06+00:00\" \/>\n<meta property=\"article:modified_time\" content=\"2017-02-05T03:01:25+00:00\" \/>\n<meta property=\"og:image\" content=\"https:\/\/contadoreshoy.com\/wp-content\/uploads\/2015\/07\/cambio-de-facturas.jpg\" \/>\n\t<meta property=\"og:image:width\" content=\"296\" \/>\n\t<meta property=\"og:image:height\" content=\"170\" \/>\n\t<meta property=\"og:image:type\" content=\"image\/jpeg\" \/>\n<meta name=\"author\" content=\"Miguel Antonio M\u00e1rquez Monta\u00f1ez\" \/>\n<meta name=\"twitter:card\" content=\"summary_large_image\" \/>\n<meta name=\"twitter:label1\" content=\"Escrito por\" \/>\n\t<meta name=\"twitter:data1\" content=\"Miguel Antonio M\u00e1rquez Monta\u00f1ez\" \/>\n\t<meta name=\"twitter:label2\" content=\"Tiempo de lectura\" \/>\n\t<meta name=\"twitter:data2\" content=\"5 minutos\" \/>\n<script type=\"application\/ld+json\" class=\"yoast-schema-graph\">{\"@context\":\"https:\\\/\\\/schema.org\",\"@graph\":[{\"@type\":\"Article\",\"@id\":\"https:\\\/\\\/contadoreshoy.com\\\/?p=5013#article\",\"isPartOf\":{\"@id\":\"https:\\\/\\\/contadoreshoy.com\\\/?p=5013\"},\"author\":{\"name\":\"Miguel Antonio M\u00e1rquez Monta\u00f1ez\",\"@id\":\"https:\\\/\\\/contadoreshoy.com\\\/#\\\/schema\\\/person\\\/96d8979cb865537c5dc9345e40089fc5\"},\"headline\":\"Anulaci\u00f3n facturas concepto DIAN\",\"datePublished\":\"2015-07-24T19:52:06+00:00\",\"dateModified\":\"2017-02-05T03:01:25+00:00\",\"mainEntityOfPage\":{\"@id\":\"https:\\\/\\\/contadoreshoy.com\\\/?p=5013\"},\"wordCount\":1021,\"commentCount\":0,\"publisher\":{\"@id\":\"https:\\\/\\\/contadoreshoy.com\\\/#organization\"},\"image\":{\"@id\":\"https:\\\/\\\/contadoreshoy.com\\\/?p=5013#primaryimage\"},\"thumbnailUrl\":\"https:\\\/\\\/contadoreshoy.com\\\/wp-content\\\/uploads\\\/2015\\\/07\\\/cambio-de-facturas.jpg\",\"inLanguage\":\"es\",\"potentialAction\":[{\"@type\":\"CommentAction\",\"name\":\"Comment\",\"target\":[\"https:\\\/\\\/contadoreshoy.com\\\/?p=5013#respond\"]}]},{\"@type\":\"WebPage\",\"@id\":\"https:\\\/\\\/contadoreshoy.com\\\/?p=5013\",\"url\":\"https:\\\/\\\/contadoreshoy.com\\\/?p=5013\",\"name\":\"Anulaci\u00f3n facturas concepto DIAN - Contadores P\u00fablicos\",\"isPartOf\":{\"@id\":\"https:\\\/\\\/contadoreshoy.com\\\/#website\"},\"primaryImageOfPage\":{\"@id\":\"https:\\\/\\\/contadoreshoy.com\\\/?p=5013#primaryimage\"},\"image\":{\"@id\":\"https:\\\/\\\/contadoreshoy.com\\\/?p=5013#primaryimage\"},\"thumbnailUrl\":\"https:\\\/\\\/contadoreshoy.com\\\/wp-content\\\/uploads\\\/2015\\\/07\\\/cambio-de-facturas.jpg\",\"datePublished\":\"2015-07-24T19:52:06+00:00\",\"dateModified\":\"2017-02-05T03:01:25+00:00\",\"breadcrumb\":{\"@id\":\"https:\\\/\\\/contadoreshoy.com\\\/?p=5013#breadcrumb\"},\"inLanguage\":\"es\",\"potentialAction\":[{\"@type\":\"ReadAction\",\"target\":[\"https:\\\/\\\/contadoreshoy.com\\\/?p=5013\"]}]},{\"@type\":\"ImageObject\",\"inLanguage\":\"es\",\"@id\":\"https:\\\/\\\/contadoreshoy.com\\\/?p=5013#primaryimage\",\"url\":\"https:\\\/\\\/contadoreshoy.com\\\/wp-content\\\/uploads\\\/2015\\\/07\\\/cambio-de-facturas.jpg\",\"contentUrl\":\"https:\\\/\\\/contadoreshoy.com\\\/wp-content\\\/uploads\\\/2015\\\/07\\\/cambio-de-facturas.jpg\",\"width\":296,\"height\":170},{\"@type\":\"BreadcrumbList\",\"@id\":\"https:\\\/\\\/contadoreshoy.com\\\/?p=5013#breadcrumb\",\"itemListElement\":[{\"@type\":\"ListItem\",\"position\":1,\"name\":\"Portada\",\"item\":\"https:\\\/\\\/contadoreshoy.com\\\/\"},{\"@type\":\"ListItem\",\"position\":2,\"name\":\"Anulaci\u00f3n facturas concepto DIAN\"}]},{\"@type\":\"WebSite\",\"@id\":\"https:\\\/\\\/contadoreshoy.com\\\/#website\",\"url\":\"https:\\\/\\\/contadoreshoy.com\\\/\",\"name\":\"Contadorespublicossantander\",\"description\":\"Portal para Contadores P\u00fablicos y empresarios\",\"publisher\":{\"@id\":\"https:\\\/\\\/contadoreshoy.com\\\/#organization\"},\"potentialAction\":[{\"@type\":\"SearchAction\",\"target\":{\"@type\":\"EntryPoint\",\"urlTemplate\":\"https:\\\/\\\/contadoreshoy.com\\\/?s={search_term_string}\"},\"query-input\":{\"@type\":\"PropertyValueSpecification\",\"valueRequired\":true,\"valueName\":\"search_term_string\"}}],\"inLanguage\":\"es\"},{\"@type\":\"Organization\",\"@id\":\"https:\\\/\\\/contadoreshoy.com\\\/#organization\",\"name\":\"Contadores P\u00fablicos de Santander\",\"url\":\"https:\\\/\\\/contadoreshoy.com\\\/\",\"logo\":{\"@type\":\"ImageObject\",\"inLanguage\":\"es\",\"@id\":\"https:\\\/\\\/contadoreshoy.com\\\/#\\\/schema\\\/logo\\\/image\\\/\",\"url\":\"https:\\\/\\\/contadoreshoy.com\\\/wp-content\\\/uploads\\\/2024\\\/01\\\/cropped-cropped-Copia-de-M-1.jpg\",\"contentUrl\":\"https:\\\/\\\/contadoreshoy.com\\\/wp-content\\\/uploads\\\/2024\\\/01\\\/cropped-cropped-Copia-de-M-1.jpg\",\"width\":499,\"height\":500,\"caption\":\"Contadores P\u00fablicos de Santander\"},\"image\":{\"@id\":\"https:\\\/\\\/contadoreshoy.com\\\/#\\\/schema\\\/logo\\\/image\\\/\"},\"sameAs\":[\"https:\\\/\\\/www.facebook.com\\\/CCCPBucaramanga\\\/\"]},{\"@type\":\"Person\",\"@id\":\"https:\\\/\\\/contadoreshoy.com\\\/#\\\/schema\\\/person\\\/96d8979cb865537c5dc9345e40089fc5\",\"name\":\"Miguel Antonio M\u00e1rquez Monta\u00f1ez\",\"description\":\"Contador P\u00fablico egresado de la Universidad Aut\u00f3noma de Bucaramanga - Asesor contable tributario con m\u00e1s de 25 a\u00f1os de experiencia - Conferencista en temas contables y tributarios - T\u00e9cnico en Hardware y Dise\u00f1o Web - Creador y director Grupo de Estudio Colegio Colombiano de Contadores P\u00fablicos de Bucaramanga - Creador y Master Web p\u00e1gina www.contadoresp\u00fablicossantander.com - Expresidente Colegio Colombiano de Contadores P\u00fablicos Bucaramanga\",\"url\":\"https:\\\/\\\/contadoreshoy.com\\\/?author=1\"}]}<\/script>\n<!-- \/ Yoast SEO plugin. -->","yoast_head_json":{"title":"Anulaci\u00f3n facturas concepto DIAN - Contadores P\u00fablicos","robots":{"index":"index","follow":"follow","max-snippet":"max-snippet:-1","max-image-preview":"max-image-preview:large","max-video-preview":"max-video-preview:-1"},"canonical":"https:\/\/contadoreshoy.com\/?p=5013","og_locale":"es_ES","og_type":"article","og_title":"Anulaci\u00f3n facturas concepto DIAN - Contadores P\u00fablicos","og_description":"Anulaci\u00f3n de facturas expedidas para cambio de fecha es contraria a la Ley","og_url":"https:\/\/contadoreshoy.com\/?p=5013","og_site_name":"Contadores P\u00fablicos","article_publisher":"https:\/\/www.facebook.com\/CCCPBucaramanga\/","article_published_time":"2015-07-24T19:52:06+00:00","article_modified_time":"2017-02-05T03:01:25+00:00","og_image":[{"width":296,"height":170,"url":"https:\/\/contadoreshoy.com\/wp-content\/uploads\/2015\/07\/cambio-de-facturas.jpg","type":"image\/jpeg"}],"author":"Miguel Antonio M\u00e1rquez Monta\u00f1ez","twitter_card":"summary_large_image","twitter_misc":{"Escrito por":"Miguel Antonio M\u00e1rquez Monta\u00f1ez","Tiempo de lectura":"5 minutos"},"schema":{"@context":"https:\/\/schema.org","@graph":[{"@type":"Article","@id":"https:\/\/contadoreshoy.com\/?p=5013#article","isPartOf":{"@id":"https:\/\/contadoreshoy.com\/?p=5013"},"author":{"name":"Miguel Antonio M\u00e1rquez Monta\u00f1ez","@id":"https:\/\/contadoreshoy.com\/#\/schema\/person\/96d8979cb865537c5dc9345e40089fc5"},"headline":"Anulaci\u00f3n facturas concepto DIAN","datePublished":"2015-07-24T19:52:06+00:00","dateModified":"2017-02-05T03:01:25+00:00","mainEntityOfPage":{"@id":"https:\/\/contadoreshoy.com\/?p=5013"},"wordCount":1021,"commentCount":0,"publisher":{"@id":"https:\/\/contadoreshoy.com\/#organization"},"image":{"@id":"https:\/\/contadoreshoy.com\/?p=5013#primaryimage"},"thumbnailUrl":"https:\/\/contadoreshoy.com\/wp-content\/uploads\/2015\/07\/cambio-de-facturas.jpg","inLanguage":"es","potentialAction":[{"@type":"CommentAction","name":"Comment","target":["https:\/\/contadoreshoy.com\/?p=5013#respond"]}]},{"@type":"WebPage","@id":"https:\/\/contadoreshoy.com\/?p=5013","url":"https:\/\/contadoreshoy.com\/?p=5013","name":"Anulaci\u00f3n facturas concepto DIAN - Contadores P\u00fablicos","isPartOf":{"@id":"https:\/\/contadoreshoy.com\/#website"},"primaryImageOfPage":{"@id":"https:\/\/contadoreshoy.com\/?p=5013#primaryimage"},"image":{"@id":"https:\/\/contadoreshoy.com\/?p=5013#primaryimage"},"thumbnailUrl":"https:\/\/contadoreshoy.com\/wp-content\/uploads\/2015\/07\/cambio-de-facturas.jpg","datePublished":"2015-07-24T19:52:06+00:00","dateModified":"2017-02-05T03:01:25+00:00","breadcrumb":{"@id":"https:\/\/contadoreshoy.com\/?p=5013#breadcrumb"},"inLanguage":"es","potentialAction":[{"@type":"ReadAction","target":["https:\/\/contadoreshoy.com\/?p=5013"]}]},{"@type":"ImageObject","inLanguage":"es","@id":"https:\/\/contadoreshoy.com\/?p=5013#primaryimage","url":"https:\/\/contadoreshoy.com\/wp-content\/uploads\/2015\/07\/cambio-de-facturas.jpg","contentUrl":"https:\/\/contadoreshoy.com\/wp-content\/uploads\/2015\/07\/cambio-de-facturas.jpg","width":296,"height":170},{"@type":"BreadcrumbList","@id":"https:\/\/contadoreshoy.com\/?p=5013#breadcrumb","itemListElement":[{"@type":"ListItem","position":1,"name":"Portada","item":"https:\/\/contadoreshoy.com\/"},{"@type":"ListItem","position":2,"name":"Anulaci\u00f3n facturas concepto DIAN"}]},{"@type":"WebSite","@id":"https:\/\/contadoreshoy.com\/#website","url":"https:\/\/contadoreshoy.com\/","name":"Contadorespublicossantander","description":"Portal para Contadores P\u00fablicos y empresarios","publisher":{"@id":"https:\/\/contadoreshoy.com\/#organization"},"potentialAction":[{"@type":"SearchAction","target":{"@type":"EntryPoint","urlTemplate":"https:\/\/contadoreshoy.com\/?s={search_term_string}"},"query-input":{"@type":"PropertyValueSpecification","valueRequired":true,"valueName":"search_term_string"}}],"inLanguage":"es"},{"@type":"Organization","@id":"https:\/\/contadoreshoy.com\/#organization","name":"Contadores P\u00fablicos de Santander","url":"https:\/\/contadoreshoy.com\/","logo":{"@type":"ImageObject","inLanguage":"es","@id":"https:\/\/contadoreshoy.com\/#\/schema\/logo\/image\/","url":"https:\/\/contadoreshoy.com\/wp-content\/uploads\/2024\/01\/cropped-cropped-Copia-de-M-1.jpg","contentUrl":"https:\/\/contadoreshoy.com\/wp-content\/uploads\/2024\/01\/cropped-cropped-Copia-de-M-1.jpg","width":499,"height":500,"caption":"Contadores P\u00fablicos de Santander"},"image":{"@id":"https:\/\/contadoreshoy.com\/#\/schema\/logo\/image\/"},"sameAs":["https:\/\/www.facebook.com\/CCCPBucaramanga\/"]},{"@type":"Person","@id":"https:\/\/contadoreshoy.com\/#\/schema\/person\/96d8979cb865537c5dc9345e40089fc5","name":"Miguel Antonio M\u00e1rquez Monta\u00f1ez","description":"Contador P\u00fablico egresado de la Universidad Aut\u00f3noma de Bucaramanga - Asesor contable tributario con m\u00e1s de 25 a\u00f1os de experiencia - Conferencista en temas contables y tributarios - T\u00e9cnico en Hardware y Dise\u00f1o Web - Creador y director Grupo de Estudio Colegio Colombiano de Contadores P\u00fablicos de Bucaramanga - Creador y Master Web p\u00e1gina www.contadoresp\u00fablicossantander.com - Expresidente Colegio Colombiano de Contadores P\u00fablicos Bucaramanga","url":"https:\/\/contadoreshoy.com\/?author=1"}]}},"_links":{"self":[{"href":"https:\/\/contadoreshoy.com\/index.php?rest_route=\/wp\/v2\/posts\/5013","targetHints":{"allow":["GET"]}}],"collection":[{"href":"https:\/\/contadoreshoy.com\/index.php?rest_route=\/wp\/v2\/posts"}],"about":[{"href":"https:\/\/contadoreshoy.com\/index.php?rest_route=\/wp\/v2\/types\/post"}],"author":[{"embeddable":true,"href":"https:\/\/contadoreshoy.com\/index.php?rest_route=\/wp\/v2\/users\/1"}],"replies":[{"embeddable":true,"href":"https:\/\/contadoreshoy.com\/index.php?rest_route=%2Fwp%2Fv2%2Fcomments&post=5013"}],"version-history":[{"count":1,"href":"https:\/\/contadoreshoy.com\/index.php?rest_route=\/wp\/v2\/posts\/5013\/revisions"}],"predecessor-version":[{"id":8096,"href":"https:\/\/contadoreshoy.com\/index.php?rest_route=\/wp\/v2\/posts\/5013\/revisions\/8096"}],"wp:featuredmedia":[{"embeddable":true,"href":"https:\/\/contadoreshoy.com\/index.php?rest_route=\/wp\/v2\/media\/5011"}],"wp:attachment":[{"href":"https:\/\/contadoreshoy.com\/index.php?rest_route=%2Fwp%2Fv2%2Fmedia&parent=5013"}],"wp:term":[{"taxonomy":"category","embeddable":true,"href":"https:\/\/contadoreshoy.com\/index.php?rest_route=%2Fwp%2Fv2%2Fcategories&post=5013"},{"taxonomy":"post_tag","embeddable":true,"href":"https:\/\/contadoreshoy.com\/index.php?rest_route=%2Fwp%2Fv2%2Ftags&post=5013"}],"curies":[{"name":"wp","href":"https:\/\/api.w.org\/{rel}","templated":true}]}}