{"id":5015,"date":"2015-07-24T19:58:35","date_gmt":"2015-07-24T19:58:35","guid":{"rendered":"http:\/\/colegiocolombianodecontadores.com\/?p=5015"},"modified":"2017-02-04T22:01:25","modified_gmt":"2017-02-05T03:01:25","slug":"consecuencias-por-no-implementar-niif","status":"publish","type":"post","link":"https:\/\/contadoreshoy.com\/?p=5015","title":{"rendered":"Consecuencias por no implementar NIIF"},"content":{"rendered":"<p>Superintendencia de Sociedades<\/p>\n<p>&nbsp;<\/p>\n<p>Se\u00f1orita<br \/>\nSANDRA MILENA L\u00d3PEZ S\u00c1NCHEZ<br \/>\nCarrera 136A No. 145 \u2013 31 Casa 180<br \/>\nPlazuelas de San Mart\u00edn IV<br \/>\nBogot\u00e1 D.C.<\/p>\n<p>Ref.: Implementaci\u00f3n de las NIIF<br \/>\nMe refiero a su escrito radicado en esta entidad con el n\u00famero 2013-01-537982 el 17 de diciembre de 2013, mediante el cual comenta que la administraci\u00f3n de una compa\u00f1\u00eda clasificada en el Grupo 1, decidi\u00f3 no aprobar el plan de implementaci\u00f3n de NIIF (IFRS por sus siglas en ingl\u00e9s) negando la apropiaci\u00f3n de los recursos econ\u00f3micos y humanos para dicho proyecto incumpliendo el periodo de preparaci\u00f3n obligatoria y, solicita: \u201c\u2026 gu\u00eda de c\u00f3mo se debe dejar soportado la no aceptaci\u00f3n ni aprobaci\u00f3n del Proyecto de Implementaci\u00f3n de IFRS por parte de los administradores de la sociedad\u2026\u201d.<br \/>\nSea lo primero aclararle que las consultas que se presentan a esta Entidad se resuelven de manera general, abstracta e impersonal, de acuerdo con las facultades conferidas en ejercicio de las atribuciones de inspecci\u00f3n, vigilancia y control de las sociedades comerciales expresamente se\u00f1aladas en la Ley 222 de 1995 y en particular, la prevista en el numeral 2 del Art\u00edculo 10 de la Ley 1314 de 2009, y se circunscribe a hacer claridad en cuanto al texto de las normas de manera general, para lo cual armoniza las disposiciones en su conjunto de acuerdo al asunto que se trate y emite su concepto, ci\u00f1\u00e9ndonos en un todo a las normas vigentes sobre la materia.<br \/>\nPara dar respuesta a su solicitud, consideramos necesario indicar en primer lugar que conforme lo dispone el art\u00edculo 19, numeral 3 del C\u00f3digo de Comercio, es obligaci\u00f3n de todo comerciante llevar contabilidad regular de sus negocios conforme a las prescripciones legales. Adicionalmente, el art\u00edculo 50 del citado c\u00f3digo consagra que la contabilidad solamente podr\u00e1 llevarse en idioma castellano, por el sistema de partida doble, de manera que suministre una historia clara, completa y\u00a0fidedigna de los negocios del comerciante, con sujeci\u00f3n a las reglamentaciones que expida el gobierno.<br \/>\nDe otra parte, el Congreso de la Rep\u00fablica promulg\u00f3 la Ley 1314 del 13 de julio de 2009 \u201cPor la cual se regulan los principios y normas de contabilidad e informaci\u00f3n financiera y se aseguramiento de la informaci\u00f3n aceptados en Colombia\u2026\u201d facultando al Gobierno Nacional para emitir las normas pertinentes (art\u00edculo 6\u00ba de la Ley 1314). Con base en tales facultades fueron expedidos los decretos reglamentarios n\u00fameros 2706 y 2784 del 27 y 28 de diciembre de 2012 (modificados por los decretos 3019 y 3024 de 2013), en los cuales defini\u00f3 el nuevo marco t\u00e9cnico normativo aplicable a las entidades pertenecientes a los grupos 3 y 1, respectivamente. Igualmente, expidi\u00f3 el Decreto 3022 del 27 de diciembre de 2013 respecto del marco t\u00e9cnico normativo para las entidades del Grupo 2.<br \/>\nPor lo anterior, podemos afirmar que actualmente el Pa\u00eds se encuentra en un proceso de convergencia de las normas locales anteriores contenidas fundamentalmente el Decreto 2649 de 1993 a est\u00e1ndares internacionales de informaci\u00f3n financiera, en cuya nueva reglamentaci\u00f3n se establecen condiciones y t\u00e9rminos que deben cumplir los preparadores de informaci\u00f3n. Es as\u00ed como esta Superintendencia, mediante circular 115-000001 del 9 de enero de 2013 solicit\u00f3 a las sociedades del Grupo 1 informaci\u00f3n sobre el plan de Implementaci\u00f3n, con base en lo dispuesto en el art\u00edculo 3\u00ba del Decreto 2784 de 2012 que, entre otros aspectos, establece lo siguiente:<br \/>\n\u201cPara efectos de la aplicaci\u00f3n del marco t\u00e9cnico normativo de informaci\u00f3n financiera, los preparadores del Grupo 1 deber\u00e1n observarlas siguientes condiciones:<br \/>\n1. Periodo de preparaci\u00f3n obligatoria: Se refiere al tiempo durante el cual las entidades deber\u00e1n realizar. actividades relacionadas con. el proyecto de convergencia y en el que los supervisores podr\u00e1n solicitar informaci\u00f3n a los supervisados sobre el desarrollo del proceso. Trat\u00e1ndose de preparaci\u00f3n obligatoria, la informaci\u00f3n solicitada debe ser suministrada con todos los efectos legales que esto implica, de acuerdo con las facultades de los \u00f3rganos de inspecci\u00f3n, control y vigilancia. El periodo de preparaci\u00f3n obligatoria comprende desde el 1\u00b0 de enero de 2013 hasta el 31 de diciembre de 2013. Dentro de los dos primeros meses de este per\u00edodo, las entidades deber\u00e1n presentara los supervisores un plan de implementaci\u00f3n de las nuevas normas, de acuerdo con el modelo, que para estos efectos acuerden los supervisores. Este plan debe incluir dentro de sus componentes esenciales la capacitaci\u00f3n, la identificaci\u00f3n de un\u00a0responsable del proceso, debe ser aprobado por la Junta Directiva u \u00f3rgano equivalente, y en general cumplir con las condiciones necesarias para alcanzar el objetivo fijado y debe establecer las herramientas de control y monitoreo para su adecuado cumplimiento\u201d.<br \/>\nAhora bien, a esta Superintendencia le corresponde cumplir con las funciones de inspecci\u00f3n, vigilancia y control asignadas en los art\u00edculos 83, 84 y 85 de la Ley 222 de 1995, funciones que, para los efectos tratados en su consulta se complementan con lo dispuesto en el art\u00edculo 10 de la Ley 1314 de 2009, que dice:<br \/>\n\u201cArt\u00edculo 10\u00b0. Autoridades de supervisi\u00f3n. Sin perjuicio de las facultades conferidas en otras disposiciones, relacionadas con la materia objeto de esta Ley, en desarrollo de las funciones de inspecci\u00f3n, control o vigilancia, corresponde a las autoridades de supervisi\u00f3n:<br \/>\n1. Vigilar que los entes econ\u00f3micos bajo inspecci\u00f3n, vigilancia o control, as\u00ed como sus administradores, funcionarios y profesionales de aseguramiento de informaci\u00f3n, cumplan con las normas en materia de contabilidad y de informaci\u00f3n financiera y aseguramiento de informaci\u00f3n, y aplicar las sanciones a que haya lugar por infracciones a las mismas\u201d (subrayamos).<br \/>\nTambi\u00e9n consideramos oportuno indicar que esta Superintendencia tiene la facultad de imponer sanciones o multas, sucesivas o no, hasta de doscientos salarios m\u00ednimos legales mensuales, cualquiera sea el caso, a quienes incumplan sus \u00f3rdenes, la ley o los estatutos, tal como lo indica el numeral 3 del art\u00edculo 86 de la Ley 222 de 1995.<br \/>\nAs\u00ed las cosas, la sociedad que no atienda estas disposiciones legales se ver\u00eda abocada a un incumplimiento de la normatividad sobre contabilidad e informaci\u00f3n financiera y por ende, su contabilidad no se llevar\u00eda conforme a las normas legales y la t\u00e9cnica contable, con todas las consecuencias que de ello se deriva, y ella misma y sus administradores podr\u00edan ser objeto de sanciones conforme a lo indicado en el p\u00e1rrafo anterior.<br \/>\nFinalmente se le comenta que al revisor fiscal le corresponde cumplir con las funciones propias de su cargo, en especial, las descritas en el art\u00edculo 207 del C\u00f3digo de Comercio, por lo tanto, debe dejar las constancias de su labor en sus papeles de trabajo, efectuar las debidas recomendaciones y evaluar la inclusi\u00f3n de salvedades o anotaciones en su informes o dict\u00e1menes. No sobra advertir que el revisor fiscal no puede participar en decisiones administrativas, pues adem\u00e1s de\u00a0restarle objetividad e independencia en su labor de auditor\u00eda, ello lo puede situar en alguna de las inhabilidades previstas en el art\u00edculo 48 de la Ley 43 de 1990.<br \/>\nEn los anteriores t\u00e9rminos damos respuesta a la consulta formulada.<br \/>\nCordialmente,<\/p>\n<p>&nbsp;<br \/>\nMAURICIO ESPA\u00d1OL LEON<br \/>\nCoordinador Grupo de Investigaci\u00f3n y Regulaci\u00f3n Contable<br \/>\nTRD: Consecutivo<\/p>\n","protected":false},"excerpt":{"rendered":"<p>Efectos por no implementaci\u00f3n NIIF<\/p>\n","protected":false},"author":1,"featured_media":4472,"comment_status":"open","ping_status":"open","sticky":false,"template":"","format":"standard","meta":{"_monsterinsights_skip_tracking":false,"ngg_post_thumbnail":0,"footnotes":"","_links_to":"","_links_to_target":""},"categories":[455,454],"tags":[],"class_list":["post-5015","post","type-post","status-publish","format-standard","has-post-thumbnail","hentry","category-guia-de-aplicacion-por-primera-vez-niif-grupo-1","category-sin-categoria"],"aioseo_notices":[],"aioseo_head":"\n\t\t<!-- All in One SEO 5.0.1.1 - aioseo.com -->\n\t<meta name=\"description\" content=\"Efectos por no implementaci\u00f3n NIIF\" \/>\n\t<meta name=\"robots\" content=\"max-image-preview:large\" \/>\n\t<meta name=\"author\" content=\"Miguel Antonio M\u00e1rquez Monta\u00f1ez\"\/>\n\t<link rel=\"canonical\" href=\"https:\/\/contadoreshoy.com\/?p=5015\" \/>\n\t<meta name=\"generator\" content=\"All in One SEO (AIOSEO) 5.0.1.1\" \/>\n\t\t<meta property=\"og:locale\" content=\"es_ES\" \/>\n\t\t<meta property=\"og:site_name\" content=\"Contadores P\u00fablicos - Portal para Contadores P\u00fablicos y empresarios\" \/>\n\t\t<meta property=\"og:type\" content=\"article\" \/>\n\t\t<meta property=\"og:title\" content=\"Consecuencias por no implementar NIIF - Contadores P\u00fablicos\" \/>\n\t\t<meta property=\"og:description\" content=\"Efectos por no implementaci\u00f3n NIIF\" \/>\n\t\t<meta property=\"og:url\" content=\"https:\/\/contadoreshoy.com\/?p=5015\" \/>\n\t\t<meta property=\"og:image\" content=\"https:\/\/contadoreshoy.com\/wp-content\/uploads\/2024\/01\/cropped-cropped-cropped-Copia-de-M.jpg\" \/>\n\t\t<meta property=\"og:image:secure_url\" content=\"https:\/\/contadoreshoy.com\/wp-content\/uploads\/2024\/01\/cropped-cropped-cropped-Copia-de-M.jpg\" \/>\n\t\t<meta property=\"og:image:width\" content=\"512\" \/>\n\t\t<meta property=\"og:image:height\" content=\"371\" \/>\n\t\t<meta property=\"article:published_time\" content=\"2015-07-24T19:58:35+00:00\" \/>\n\t\t<meta property=\"article:modified_time\" content=\"2017-02-05T03:01:25+00:00\" \/>\n\t\t<meta name=\"twitter:card\" content=\"summary_large_image\" \/>\n\t\t<meta name=\"twitter:title\" content=\"Consecuencias por no implementar NIIF - Contadores P\u00fablicos\" \/>\n\t\t<meta name=\"twitter:description\" content=\"Efectos por no implementaci\u00f3n NIIF\" \/>\n\t\t<meta name=\"twitter:image\" content=\"https:\/\/contadoreshoy.com\/wp-content\/uploads\/2024\/01\/cropped-cropped-cropped-Copia-de-M.jpg\" \/>\n\t\t<script type=\"application\/ld+json\" class=\"aioseo-schema\">\n\t\t\t{\"@context\":\"https:\\\/\\\/schema.org\",\"@graph\":[{\"@type\":\"BlogPosting\",\"@id\":\"https:\\\/\\\/contadoreshoy.com\\\/?p=5015#blogposting\",\"name\":\"Consecuencias por no implementar NIIF - Contadores P\\u00fablicos\",\"headline\":\"Consecuencias por no implementar NIIF\",\"author\":{\"@id\":\"https:\\\/\\\/contadoreshoy.com\\\/?author=1#author\"},\"publisher\":{\"@id\":\"https:\\\/\\\/contadoreshoy.com\\\/#organization\"},\"image\":{\"@type\":\"ImageObject\",\"url\":\"https:\\\/\\\/contadoreshoy.com\\\/wp-content\\\/uploads\\\/2015\\\/07\\\/logo-ifrs-e1444530956897.png\",\"width\":150,\"height\":43},\"datePublished\":\"2015-07-24T19:58:35-05:00\",\"dateModified\":\"2017-02-04T22:01:25-05:00\",\"inLanguage\":\"es-ES\",\"mainEntityOfPage\":{\"@id\":\"https:\\\/\\\/contadoreshoy.com\\\/?p=5015#webpage\"},\"isPartOf\":{\"@id\":\"https:\\\/\\\/contadoreshoy.com\\\/?p=5015#webpage\"},\"articleSection\":\"Gu\\u00eda de aplicaci\\u00f3n por primera vez NIIF Grupo 1, Sin categor\\u00eda\"},{\"@type\":\"BreadcrumbList\",\"@id\":\"https:\\\/\\\/contadoreshoy.com\\\/?p=5015#breadcrumblist\",\"itemListElement\":[{\"@type\":\"ListItem\",\"@id\":\"https:\\\/\\\/contadoreshoy.com#listItem\",\"position\":1,\"name\":\"Home\",\"item\":\"https:\\\/\\\/contadoreshoy.com\",\"nextItem\":{\"@type\":\"ListItem\",\"@id\":\"https:\\\/\\\/contadoreshoy.com\\\/?cat=454#listItem\",\"name\":\"Sin categor\\u00eda\"}},{\"@type\":\"ListItem\",\"@id\":\"https:\\\/\\\/contadoreshoy.com\\\/?cat=454#listItem\",\"position\":2,\"name\":\"Sin categor\\u00eda\",\"item\":\"https:\\\/\\\/contadoreshoy.com\\\/?cat=454\",\"nextItem\":{\"@type\":\"ListItem\",\"@id\":\"https:\\\/\\\/contadoreshoy.com\\\/?p=5015#listItem\",\"name\":\"Consecuencias por no implementar NIIF\"},\"previousItem\":{\"@type\":\"ListItem\",\"@id\":\"https:\\\/\\\/contadoreshoy.com#listItem\",\"name\":\"Home\"}},{\"@type\":\"ListItem\",\"@id\":\"https:\\\/\\\/contadoreshoy.com\\\/?p=5015#listItem\",\"position\":3,\"name\":\"Consecuencias por no implementar NIIF\",\"previousItem\":{\"@type\":\"ListItem\",\"@id\":\"https:\\\/\\\/contadoreshoy.com\\\/?cat=454#listItem\",\"name\":\"Sin categor\\u00eda\"}}]},{\"@type\":\"Organization\",\"@id\":\"https:\\\/\\\/contadoreshoy.com\\\/#organization\",\"name\":\"Contadores P\\u00fablicos\",\"description\":\"Portal para Contadores P\\u00fablicos y empresarios\",\"url\":\"https:\\\/\\\/contadoreshoy.com\\\/\",\"logo\":{\"@type\":\"ImageObject\",\"url\":\"https:\\\/\\\/contadoreshoy.com\\\/wp-content\\\/uploads\\\/2024\\\/01\\\/cropped-cropped-Copia-de-M-1.jpg\",\"@id\":\"https:\\\/\\\/contadoreshoy.com\\\/?p=5015\\\/#organizationLogo\",\"width\":499,\"height\":500},\"image\":{\"@id\":\"https:\\\/\\\/contadoreshoy.com\\\/?p=5015\\\/#organizationLogo\"}},{\"@type\":\"Person\",\"@id\":\"https:\\\/\\\/contadoreshoy.com\\\/?author=1#author\",\"url\":\"https:\\\/\\\/contadoreshoy.com\\\/?author=1\",\"name\":\"Miguel Antonio M\\u00e1rquez Monta\\u00f1ez\"},{\"@type\":\"WebPage\",\"@id\":\"https:\\\/\\\/contadoreshoy.com\\\/?p=5015#webpage\",\"url\":\"https:\\\/\\\/contadoreshoy.com\\\/?p=5015\",\"name\":\"Consecuencias por no implementar NIIF - Contadores P\\u00fablicos\",\"description\":\"Efectos por no implementaci\\u00f3n NIIF\",\"inLanguage\":\"es-ES\",\"isPartOf\":{\"@id\":\"https:\\\/\\\/contadoreshoy.com\\\/#website\"},\"breadcrumb\":{\"@id\":\"https:\\\/\\\/contadoreshoy.com\\\/?p=5015#breadcrumblist\"},\"author\":{\"@id\":\"https:\\\/\\\/contadoreshoy.com\\\/?author=1#author\"},\"creator\":{\"@id\":\"https:\\\/\\\/contadoreshoy.com\\\/?author=1#author\"},\"image\":{\"@type\":\"ImageObject\",\"url\":\"https:\\\/\\\/contadoreshoy.com\\\/wp-content\\\/uploads\\\/2015\\\/07\\\/logo-ifrs-e1444530956897.png\",\"@id\":\"https:\\\/\\\/contadoreshoy.com\\\/?p=5015\\\/#mainImage\",\"width\":150,\"height\":43},\"primaryImageOfPage\":{\"@id\":\"https:\\\/\\\/contadoreshoy.com\\\/?p=5015#mainImage\"},\"datePublished\":\"2015-07-24T19:58:35-05:00\",\"dateModified\":\"2017-02-04T22:01:25-05:00\"},{\"@type\":\"WebSite\",\"@id\":\"https:\\\/\\\/contadoreshoy.com\\\/#website\",\"url\":\"https:\\\/\\\/contadoreshoy.com\\\/\",\"name\":\"Contadores P\\u00fablicos\",\"description\":\"Portal para Contadores P\\u00fablicos y empresarios\",\"inLanguage\":\"es-ES\",\"publisher\":{\"@id\":\"https:\\\/\\\/contadoreshoy.com\\\/#organization\"}}]}\n\t\t<\/script>\n\t\t<!-- All in One SEO -->\n\n","aioseo_head_json":{"title":"Consecuencias por no implementar NIIF - Contadores P\u00fablicos","description":"Efectos por no implementaci\u00f3n NIIF","canonical_url":"https:\/\/contadoreshoy.com\/?p=5015","robots":"max-image-preview:large","keywords":"","webmasterTools":{"miscellaneous":""},"schema":{"@context":"https:\/\/schema.org","@graph":[{"@type":"BlogPosting","@id":"https:\/\/contadoreshoy.com\/?p=5015#blogposting","name":"Consecuencias por no implementar NIIF - Contadores P\u00fablicos","headline":"Consecuencias por no implementar NIIF","author":{"@id":"https:\/\/contadoreshoy.com\/?author=1#author"},"publisher":{"@id":"https:\/\/contadoreshoy.com\/#organization"},"image":{"@type":"ImageObject","url":"https:\/\/contadoreshoy.com\/wp-content\/uploads\/2015\/07\/logo-ifrs-e1444530956897.png","width":150,"height":43},"datePublished":"2015-07-24T19:58:35-05:00","dateModified":"2017-02-04T22:01:25-05:00","inLanguage":"es-ES","mainEntityOfPage":{"@id":"https:\/\/contadoreshoy.com\/?p=5015#webpage"},"isPartOf":{"@id":"https:\/\/contadoreshoy.com\/?p=5015#webpage"},"articleSection":"Gu\u00eda de aplicaci\u00f3n por primera vez NIIF Grupo 1, Sin categor\u00eda"},{"@type":"BreadcrumbList","@id":"https:\/\/contadoreshoy.com\/?p=5015#breadcrumblist","itemListElement":[{"@type":"ListItem","@id":"https:\/\/contadoreshoy.com#listItem","position":1,"name":"Home","item":"https:\/\/contadoreshoy.com","nextItem":{"@type":"ListItem","@id":"https:\/\/contadoreshoy.com\/?cat=454#listItem","name":"Sin categor\u00eda"}},{"@type":"ListItem","@id":"https:\/\/contadoreshoy.com\/?cat=454#listItem","position":2,"name":"Sin categor\u00eda","item":"https:\/\/contadoreshoy.com\/?cat=454","nextItem":{"@type":"ListItem","@id":"https:\/\/contadoreshoy.com\/?p=5015#listItem","name":"Consecuencias por no implementar NIIF"},"previousItem":{"@type":"ListItem","@id":"https:\/\/contadoreshoy.com#listItem","name":"Home"}},{"@type":"ListItem","@id":"https:\/\/contadoreshoy.com\/?p=5015#listItem","position":3,"name":"Consecuencias por no implementar NIIF","previousItem":{"@type":"ListItem","@id":"https:\/\/contadoreshoy.com\/?cat=454#listItem","name":"Sin categor\u00eda"}}]},{"@type":"Organization","@id":"https:\/\/contadoreshoy.com\/#organization","name":"Contadores P\u00fablicos","description":"Portal para Contadores P\u00fablicos y empresarios","url":"https:\/\/contadoreshoy.com\/","logo":{"@type":"ImageObject","url":"https:\/\/contadoreshoy.com\/wp-content\/uploads\/2024\/01\/cropped-cropped-Copia-de-M-1.jpg","@id":"https:\/\/contadoreshoy.com\/?p=5015\/#organizationLogo","width":499,"height":500},"image":{"@id":"https:\/\/contadoreshoy.com\/?p=5015\/#organizationLogo"}},{"@type":"Person","@id":"https:\/\/contadoreshoy.com\/?author=1#author","url":"https:\/\/contadoreshoy.com\/?author=1","name":"Miguel Antonio M\u00e1rquez Monta\u00f1ez"},{"@type":"WebPage","@id":"https:\/\/contadoreshoy.com\/?p=5015#webpage","url":"https:\/\/contadoreshoy.com\/?p=5015","name":"Consecuencias por no implementar NIIF - Contadores P\u00fablicos","description":"Efectos por no implementaci\u00f3n NIIF","inLanguage":"es-ES","isPartOf":{"@id":"https:\/\/contadoreshoy.com\/#website"},"breadcrumb":{"@id":"https:\/\/contadoreshoy.com\/?p=5015#breadcrumblist"},"author":{"@id":"https:\/\/contadoreshoy.com\/?author=1#author"},"creator":{"@id":"https:\/\/contadoreshoy.com\/?author=1#author"},"image":{"@type":"ImageObject","url":"https:\/\/contadoreshoy.com\/wp-content\/uploads\/2015\/07\/logo-ifrs-e1444530956897.png","@id":"https:\/\/contadoreshoy.com\/?p=5015\/#mainImage","width":150,"height":43},"primaryImageOfPage":{"@id":"https:\/\/contadoreshoy.com\/?p=5015#mainImage"},"datePublished":"2015-07-24T19:58:35-05:00","dateModified":"2017-02-04T22:01:25-05:00"},{"@type":"WebSite","@id":"https:\/\/contadoreshoy.com\/#website","url":"https:\/\/contadoreshoy.com\/","name":"Contadores P\u00fablicos","description":"Portal para Contadores P\u00fablicos y empresarios","inLanguage":"es-ES","publisher":{"@id":"https:\/\/contadoreshoy.com\/#organization"}}]},"og:locale":"es_ES","og:site_name":"Contadores P\u00fablicos - Portal para Contadores P\u00fablicos y empresarios","og:type":"article","og:title":"Consecuencias por no implementar NIIF - Contadores P\u00fablicos","og:description":"Efectos por no implementaci\u00f3n NIIF","og:url":"https:\/\/contadoreshoy.com\/?p=5015","og:image":"https:\/\/contadoreshoy.com\/wp-content\/uploads\/2024\/01\/cropped-cropped-cropped-Copia-de-M.jpg","og:image:secure_url":"https:\/\/contadoreshoy.com\/wp-content\/uploads\/2024\/01\/cropped-cropped-cropped-Copia-de-M.jpg","og:image:width":512,"og:image:height":371,"article:published_time":"2015-07-24T19:58:35+00:00","article:modified_time":"2017-02-05T03:01:25+00:00","twitter:card":"summary_large_image","twitter:title":"Consecuencias por no implementar NIIF - Contadores P\u00fablicos","twitter:description":"Efectos por no implementaci\u00f3n NIIF","twitter:image":"https:\/\/contadoreshoy.com\/wp-content\/uploads\/2024\/01\/cropped-cropped-cropped-Copia-de-M.jpg"},"aioseo_meta_data":{"post_id":"5015","title":null,"description":null,"keywords":null,"keyphrases":null,"primary_term":null,"canonical_url":null,"og_title":null,"og_description":null,"og_object_type":"default","og_image_type":"default","og_image_url":null,"og_image_width":null,"og_image_height":null,"og_image_custom_url":null,"og_image_custom_fields":null,"og_video":null,"og_custom_url":null,"og_article_section":null,"og_article_tags":null,"twitter_use_og":false,"twitter_card":"default","twitter_image_type":"default","twitter_image_url":null,"twitter_image_custom_url":null,"twitter_image_custom_fields":null,"twitter_title":null,"twitter_description":null,"schema":{"blockGraphs":[],"customGraphs":[],"default":{"data":{"Article":[],"Course":[],"Dataset":[],"FAQPage":[],"Movie":[],"Person":[],"Product":[],"ProductReview":[],"Car":[],"Recipe":[],"Service":[],"SoftwareApplication":[],"WebPage":[]},"graphName":"","isEnabled":true},"graphs":[]},"schema_type":"default","schema_type_options":null,"pillar_content":false,"robots_default":true,"robots_noindex":false,"robots_noarchive":false,"robots_nosnippet":false,"robots_nofollow":false,"robots_noimageindex":false,"robots_noodp":false,"robots_notranslate":false,"robots_max_snippet":null,"robots_max_videopreview":null,"robots_max_imagepreview":"large","priority":null,"frequency":null,"local_seo":null,"breadcrumb_settings":null,"limit_modified_date":false,"ai":null,"created":"2024-03-05 01:05:41","updated":"2026-03-03 04:32:41","seo_analyzer_scan_date":null,"focus_keyword":null,"additional_keywords":null,"truseo_locale":null},"aioseo_breadcrumb":"<div class=\"aioseo-breadcrumbs\"><span class=\"aioseo-breadcrumb\">\n\t\t\t<a href=\"https:\/\/contadoreshoy.com\" title=\"Home\">Home<\/a>\n\t\t<\/span><span class=\"aioseo-breadcrumb-separator\">&raquo;<\/span><span class=\"aioseo-breadcrumb\">\n\t\t\t<a href=\"https:\/\/contadoreshoy.com\/?cat=454\" title=\"Sin categor\u00eda\">Sin categor\u00eda<\/a>\n\t\t<\/span><span class=\"aioseo-breadcrumb-separator\">&raquo;<\/span><span class=\"aioseo-breadcrumb\">\n\t\t\tConsecuencias por no implementar NIIF\n\t\t<\/span><\/div>","aioseo_breadcrumb_json":[{"label":"Home","link":"https:\/\/contadoreshoy.com"},{"label":"Sin categor\u00eda","link":"https:\/\/contadoreshoy.com\/?cat=454"},{"label":"Consecuencias por no implementar NIIF","link":"https:\/\/contadoreshoy.com\/?p=5015"}],"yoast_head":"<!-- This site is optimized with the Yoast SEO plugin v28.4 - https:\/\/yoast.com\/product\/yoast-seo-wordpress\/ -->\n<title>Consecuencias por no implementar NIIF - Contadores P\u00fablicos<\/title>\n<meta name=\"robots\" content=\"index, follow, max-snippet:-1, max-image-preview:large, max-video-preview:-1\" \/>\n<link rel=\"canonical\" href=\"https:\/\/contadoreshoy.com\/?p=5015\" \/>\n<meta property=\"og:locale\" content=\"es_ES\" \/>\n<meta property=\"og:type\" content=\"article\" \/>\n<meta property=\"og:title\" content=\"Consecuencias por no implementar NIIF - Contadores P\u00fablicos\" \/>\n<meta property=\"og:description\" content=\"Efectos por no implementaci\u00f3n NIIF\" \/>\n<meta property=\"og:url\" content=\"https:\/\/contadoreshoy.com\/?p=5015\" \/>\n<meta property=\"og:site_name\" content=\"Contadores P\u00fablicos\" \/>\n<meta property=\"article:publisher\" content=\"https:\/\/www.facebook.com\/CCCPBucaramanga\/\" \/>\n<meta property=\"article:published_time\" content=\"2015-07-24T19:58:35+00:00\" \/>\n<meta property=\"article:modified_time\" content=\"2017-02-05T03:01:25+00:00\" \/>\n<meta property=\"og:image\" content=\"https:\/\/contadoreshoy.com\/wp-content\/uploads\/2015\/07\/logo-ifrs-e1444530956897.png\" \/>\n\t<meta property=\"og:image:width\" content=\"150\" \/>\n\t<meta property=\"og:image:height\" content=\"43\" \/>\n\t<meta property=\"og:image:type\" content=\"image\/png\" \/>\n<meta name=\"author\" content=\"Miguel Antonio M\u00e1rquez Monta\u00f1ez\" \/>\n<meta name=\"twitter:card\" content=\"summary_large_image\" \/>\n<meta name=\"twitter:label1\" content=\"Escrito por\" \/>\n\t<meta name=\"twitter:data1\" content=\"Miguel Antonio M\u00e1rquez Monta\u00f1ez\" \/>\n\t<meta name=\"twitter:label2\" content=\"Tiempo de lectura\" \/>\n\t<meta name=\"twitter:data2\" content=\"6 minutos\" \/>\n<script type=\"application\/ld+json\" class=\"yoast-schema-graph\">{\"@context\":\"https:\\\/\\\/schema.org\",\"@graph\":[{\"@type\":\"Article\",\"@id\":\"https:\\\/\\\/contadoreshoy.com\\\/?p=5015#article\",\"isPartOf\":{\"@id\":\"https:\\\/\\\/contadoreshoy.com\\\/?p=5015\"},\"author\":{\"name\":\"Miguel Antonio M\u00e1rquez Monta\u00f1ez\",\"@id\":\"https:\\\/\\\/contadoreshoy.com\\\/#\\\/schema\\\/person\\\/96d8979cb865537c5dc9345e40089fc5\"},\"headline\":\"Consecuencias por no implementar NIIF\",\"datePublished\":\"2015-07-24T19:58:35+00:00\",\"dateModified\":\"2017-02-05T03:01:25+00:00\",\"mainEntityOfPage\":{\"@id\":\"https:\\\/\\\/contadoreshoy.com\\\/?p=5015\"},\"wordCount\":1191,\"commentCount\":0,\"publisher\":{\"@id\":\"https:\\\/\\\/contadoreshoy.com\\\/#organization\"},\"image\":{\"@id\":\"https:\\\/\\\/contadoreshoy.com\\\/?p=5015#primaryimage\"},\"thumbnailUrl\":\"https:\\\/\\\/contadoreshoy.com\\\/wp-content\\\/uploads\\\/2015\\\/07\\\/logo-ifrs-e1444530956897.png\",\"articleSection\":[\"Gu\u00eda de aplicaci\u00f3n por primera vez NIIF Grupo 1\"],\"inLanguage\":\"es\",\"potentialAction\":[{\"@type\":\"CommentAction\",\"name\":\"Comment\",\"target\":[\"https:\\\/\\\/contadoreshoy.com\\\/?p=5015#respond\"]}]},{\"@type\":\"WebPage\",\"@id\":\"https:\\\/\\\/contadoreshoy.com\\\/?p=5015\",\"url\":\"https:\\\/\\\/contadoreshoy.com\\\/?p=5015\",\"name\":\"Consecuencias por no implementar NIIF - Contadores P\u00fablicos\",\"isPartOf\":{\"@id\":\"https:\\\/\\\/contadoreshoy.com\\\/#website\"},\"primaryImageOfPage\":{\"@id\":\"https:\\\/\\\/contadoreshoy.com\\\/?p=5015#primaryimage\"},\"image\":{\"@id\":\"https:\\\/\\\/contadoreshoy.com\\\/?p=5015#primaryimage\"},\"thumbnailUrl\":\"https:\\\/\\\/contadoreshoy.com\\\/wp-content\\\/uploads\\\/2015\\\/07\\\/logo-ifrs-e1444530956897.png\",\"datePublished\":\"2015-07-24T19:58:35+00:00\",\"dateModified\":\"2017-02-05T03:01:25+00:00\",\"breadcrumb\":{\"@id\":\"https:\\\/\\\/contadoreshoy.com\\\/?p=5015#breadcrumb\"},\"inLanguage\":\"es\",\"potentialAction\":[{\"@type\":\"ReadAction\",\"target\":[\"https:\\\/\\\/contadoreshoy.com\\\/?p=5015\"]}]},{\"@type\":\"ImageObject\",\"inLanguage\":\"es\",\"@id\":\"https:\\\/\\\/contadoreshoy.com\\\/?p=5015#primaryimage\",\"url\":\"https:\\\/\\\/contadoreshoy.com\\\/wp-content\\\/uploads\\\/2015\\\/07\\\/logo-ifrs-e1444530956897.png\",\"contentUrl\":\"https:\\\/\\\/contadoreshoy.com\\\/wp-content\\\/uploads\\\/2015\\\/07\\\/logo-ifrs-e1444530956897.png\",\"width\":150,\"height\":43},{\"@type\":\"BreadcrumbList\",\"@id\":\"https:\\\/\\\/contadoreshoy.com\\\/?p=5015#breadcrumb\",\"itemListElement\":[{\"@type\":\"ListItem\",\"position\":1,\"name\":\"Portada\",\"item\":\"https:\\\/\\\/contadoreshoy.com\\\/\"},{\"@type\":\"ListItem\",\"position\":2,\"name\":\"Consecuencias por no implementar NIIF\"}]},{\"@type\":\"WebSite\",\"@id\":\"https:\\\/\\\/contadoreshoy.com\\\/#website\",\"url\":\"https:\\\/\\\/contadoreshoy.com\\\/\",\"name\":\"Contadorespublicossantander\",\"description\":\"Portal para Contadores P\u00fablicos y empresarios\",\"publisher\":{\"@id\":\"https:\\\/\\\/contadoreshoy.com\\\/#organization\"},\"potentialAction\":[{\"@type\":\"SearchAction\",\"target\":{\"@type\":\"EntryPoint\",\"urlTemplate\":\"https:\\\/\\\/contadoreshoy.com\\\/?s={search_term_string}\"},\"query-input\":{\"@type\":\"PropertyValueSpecification\",\"valueRequired\":true,\"valueName\":\"search_term_string\"}}],\"inLanguage\":\"es\"},{\"@type\":\"Organization\",\"@id\":\"https:\\\/\\\/contadoreshoy.com\\\/#organization\",\"name\":\"Contadores P\u00fablicos de Santander\",\"url\":\"https:\\\/\\\/contadoreshoy.com\\\/\",\"logo\":{\"@type\":\"ImageObject\",\"inLanguage\":\"es\",\"@id\":\"https:\\\/\\\/contadoreshoy.com\\\/#\\\/schema\\\/logo\\\/image\\\/\",\"url\":\"https:\\\/\\\/contadoreshoy.com\\\/wp-content\\\/uploads\\\/2024\\\/01\\\/cropped-cropped-Copia-de-M-1.jpg\",\"contentUrl\":\"https:\\\/\\\/contadoreshoy.com\\\/wp-content\\\/uploads\\\/2024\\\/01\\\/cropped-cropped-Copia-de-M-1.jpg\",\"width\":499,\"height\":500,\"caption\":\"Contadores P\u00fablicos de Santander\"},\"image\":{\"@id\":\"https:\\\/\\\/contadoreshoy.com\\\/#\\\/schema\\\/logo\\\/image\\\/\"},\"sameAs\":[\"https:\\\/\\\/www.facebook.com\\\/CCCPBucaramanga\\\/\"]},{\"@type\":\"Person\",\"@id\":\"https:\\\/\\\/contadoreshoy.com\\\/#\\\/schema\\\/person\\\/96d8979cb865537c5dc9345e40089fc5\",\"name\":\"Miguel Antonio M\u00e1rquez Monta\u00f1ez\",\"description\":\"Contador P\u00fablico egresado de la Universidad Aut\u00f3noma de Bucaramanga - Asesor contable tributario con m\u00e1s de 25 a\u00f1os de experiencia - Conferencista en temas contables y tributarios - T\u00e9cnico en Hardware y Dise\u00f1o Web - Creador y director Grupo de Estudio Colegio Colombiano de Contadores P\u00fablicos de Bucaramanga - Creador y Master Web p\u00e1gina www.contadoresp\u00fablicossantander.com - Expresidente Colegio Colombiano de Contadores P\u00fablicos Bucaramanga\",\"url\":\"https:\\\/\\\/contadoreshoy.com\\\/?author=1\"}]}<\/script>\n<!-- \/ Yoast SEO plugin. -->","yoast_head_json":{"title":"Consecuencias por no implementar NIIF - Contadores P\u00fablicos","robots":{"index":"index","follow":"follow","max-snippet":"max-snippet:-1","max-image-preview":"max-image-preview:large","max-video-preview":"max-video-preview:-1"},"canonical":"https:\/\/contadoreshoy.com\/?p=5015","og_locale":"es_ES","og_type":"article","og_title":"Consecuencias por no implementar NIIF - Contadores P\u00fablicos","og_description":"Efectos por no implementaci\u00f3n NIIF","og_url":"https:\/\/contadoreshoy.com\/?p=5015","og_site_name":"Contadores P\u00fablicos","article_publisher":"https:\/\/www.facebook.com\/CCCPBucaramanga\/","article_published_time":"2015-07-24T19:58:35+00:00","article_modified_time":"2017-02-05T03:01:25+00:00","og_image":[{"width":150,"height":43,"url":"https:\/\/contadoreshoy.com\/wp-content\/uploads\/2015\/07\/logo-ifrs-e1444530956897.png","type":"image\/png"}],"author":"Miguel Antonio M\u00e1rquez Monta\u00f1ez","twitter_card":"summary_large_image","twitter_misc":{"Escrito por":"Miguel Antonio M\u00e1rquez Monta\u00f1ez","Tiempo de lectura":"6 minutos"},"schema":{"@context":"https:\/\/schema.org","@graph":[{"@type":"Article","@id":"https:\/\/contadoreshoy.com\/?p=5015#article","isPartOf":{"@id":"https:\/\/contadoreshoy.com\/?p=5015"},"author":{"name":"Miguel Antonio M\u00e1rquez Monta\u00f1ez","@id":"https:\/\/contadoreshoy.com\/#\/schema\/person\/96d8979cb865537c5dc9345e40089fc5"},"headline":"Consecuencias por no implementar NIIF","datePublished":"2015-07-24T19:58:35+00:00","dateModified":"2017-02-05T03:01:25+00:00","mainEntityOfPage":{"@id":"https:\/\/contadoreshoy.com\/?p=5015"},"wordCount":1191,"commentCount":0,"publisher":{"@id":"https:\/\/contadoreshoy.com\/#organization"},"image":{"@id":"https:\/\/contadoreshoy.com\/?p=5015#primaryimage"},"thumbnailUrl":"https:\/\/contadoreshoy.com\/wp-content\/uploads\/2015\/07\/logo-ifrs-e1444530956897.png","articleSection":["Gu\u00eda de aplicaci\u00f3n por primera vez NIIF Grupo 1"],"inLanguage":"es","potentialAction":[{"@type":"CommentAction","name":"Comment","target":["https:\/\/contadoreshoy.com\/?p=5015#respond"]}]},{"@type":"WebPage","@id":"https:\/\/contadoreshoy.com\/?p=5015","url":"https:\/\/contadoreshoy.com\/?p=5015","name":"Consecuencias por no implementar NIIF - Contadores P\u00fablicos","isPartOf":{"@id":"https:\/\/contadoreshoy.com\/#website"},"primaryImageOfPage":{"@id":"https:\/\/contadoreshoy.com\/?p=5015#primaryimage"},"image":{"@id":"https:\/\/contadoreshoy.com\/?p=5015#primaryimage"},"thumbnailUrl":"https:\/\/contadoreshoy.com\/wp-content\/uploads\/2015\/07\/logo-ifrs-e1444530956897.png","datePublished":"2015-07-24T19:58:35+00:00","dateModified":"2017-02-05T03:01:25+00:00","breadcrumb":{"@id":"https:\/\/contadoreshoy.com\/?p=5015#breadcrumb"},"inLanguage":"es","potentialAction":[{"@type":"ReadAction","target":["https:\/\/contadoreshoy.com\/?p=5015"]}]},{"@type":"ImageObject","inLanguage":"es","@id":"https:\/\/contadoreshoy.com\/?p=5015#primaryimage","url":"https:\/\/contadoreshoy.com\/wp-content\/uploads\/2015\/07\/logo-ifrs-e1444530956897.png","contentUrl":"https:\/\/contadoreshoy.com\/wp-content\/uploads\/2015\/07\/logo-ifrs-e1444530956897.png","width":150,"height":43},{"@type":"BreadcrumbList","@id":"https:\/\/contadoreshoy.com\/?p=5015#breadcrumb","itemListElement":[{"@type":"ListItem","position":1,"name":"Portada","item":"https:\/\/contadoreshoy.com\/"},{"@type":"ListItem","position":2,"name":"Consecuencias por no implementar NIIF"}]},{"@type":"WebSite","@id":"https:\/\/contadoreshoy.com\/#website","url":"https:\/\/contadoreshoy.com\/","name":"Contadorespublicossantander","description":"Portal para Contadores P\u00fablicos y empresarios","publisher":{"@id":"https:\/\/contadoreshoy.com\/#organization"},"potentialAction":[{"@type":"SearchAction","target":{"@type":"EntryPoint","urlTemplate":"https:\/\/contadoreshoy.com\/?s={search_term_string}"},"query-input":{"@type":"PropertyValueSpecification","valueRequired":true,"valueName":"search_term_string"}}],"inLanguage":"es"},{"@type":"Organization","@id":"https:\/\/contadoreshoy.com\/#organization","name":"Contadores P\u00fablicos de Santander","url":"https:\/\/contadoreshoy.com\/","logo":{"@type":"ImageObject","inLanguage":"es","@id":"https:\/\/contadoreshoy.com\/#\/schema\/logo\/image\/","url":"https:\/\/contadoreshoy.com\/wp-content\/uploads\/2024\/01\/cropped-cropped-Copia-de-M-1.jpg","contentUrl":"https:\/\/contadoreshoy.com\/wp-content\/uploads\/2024\/01\/cropped-cropped-Copia-de-M-1.jpg","width":499,"height":500,"caption":"Contadores P\u00fablicos de Santander"},"image":{"@id":"https:\/\/contadoreshoy.com\/#\/schema\/logo\/image\/"},"sameAs":["https:\/\/www.facebook.com\/CCCPBucaramanga\/"]},{"@type":"Person","@id":"https:\/\/contadoreshoy.com\/#\/schema\/person\/96d8979cb865537c5dc9345e40089fc5","name":"Miguel Antonio M\u00e1rquez Monta\u00f1ez","description":"Contador P\u00fablico egresado de la Universidad Aut\u00f3noma de Bucaramanga - Asesor contable tributario con m\u00e1s de 25 a\u00f1os de experiencia - Conferencista en temas contables y tributarios - T\u00e9cnico en Hardware y Dise\u00f1o Web - Creador y director Grupo de Estudio Colegio Colombiano de Contadores P\u00fablicos de Bucaramanga - Creador y Master Web p\u00e1gina www.contadoresp\u00fablicossantander.com - Expresidente Colegio Colombiano de Contadores P\u00fablicos Bucaramanga","url":"https:\/\/contadoreshoy.com\/?author=1"}]}},"_links":{"self":[{"href":"https:\/\/contadoreshoy.com\/index.php?rest_route=\/wp\/v2\/posts\/5015","targetHints":{"allow":["GET"]}}],"collection":[{"href":"https:\/\/contadoreshoy.com\/index.php?rest_route=\/wp\/v2\/posts"}],"about":[{"href":"https:\/\/contadoreshoy.com\/index.php?rest_route=\/wp\/v2\/types\/post"}],"author":[{"embeddable":true,"href":"https:\/\/contadoreshoy.com\/index.php?rest_route=\/wp\/v2\/users\/1"}],"replies":[{"embeddable":true,"href":"https:\/\/contadoreshoy.com\/index.php?rest_route=%2Fwp%2Fv2%2Fcomments&post=5015"}],"version-history":[{"count":1,"href":"https:\/\/contadoreshoy.com\/index.php?rest_route=\/wp\/v2\/posts\/5015\/revisions"}],"predecessor-version":[{"id":8095,"href":"https:\/\/contadoreshoy.com\/index.php?rest_route=\/wp\/v2\/posts\/5015\/revisions\/8095"}],"wp:featuredmedia":[{"embeddable":true,"href":"https:\/\/contadoreshoy.com\/index.php?rest_route=\/wp\/v2\/media\/4472"}],"wp:attachment":[{"href":"https:\/\/contadoreshoy.com\/index.php?rest_route=%2Fwp%2Fv2%2Fmedia&parent=5015"}],"wp:term":[{"taxonomy":"category","embeddable":true,"href":"https:\/\/contadoreshoy.com\/index.php?rest_route=%2Fwp%2Fv2%2Fcategories&post=5015"},{"taxonomy":"post_tag","embeddable":true,"href":"https:\/\/contadoreshoy.com\/index.php?rest_route=%2Fwp%2Fv2%2Ftags&post=5015"}],"curies":[{"name":"wp","href":"https:\/\/api.w.org\/{rel}","templated":true}]}}