{"id":5639,"date":"2022-03-22T08:00:00","date_gmt":"2022-03-22T13:00:00","guid":{"rendered":"http:\/\/colegiocolombianodecontadores.com\/?p=5639"},"modified":"2023-08-21T21:21:44","modified_gmt":"2023-08-22T02:21:44","slug":"subcapitalizacion-de-intereses","status":"publish","type":"post","link":"https:\/\/contadoreshoy.com\/?p=5639","title":{"rendered":"Subcapitalizaci\u00f3n Art\u00edculo 118-1 E.T."},"content":{"rendered":"<p><img loading=\"lazy\" decoding=\"async\" class=\"aligncenter wp-image-7150 size-full\" src=\"https:\/\/contadoreshoy.com\/wp-content\/uploads\/2016\/04\/Porcentaje.jpg\" alt=\"\" width=\"600\" height=\"400\" srcset=\"https:\/\/contadoreshoy.com\/wp-content\/uploads\/2016\/04\/Porcentaje.jpg 600w, https:\/\/contadoreshoy.com\/wp-content\/uploads\/2016\/04\/Porcentaje-300x200.jpg 300w\" sizes=\"auto, (max-width: 600px) 100vw, 600px\" \/><\/p>\n<p style=\"text-align: center;\"><strong><span style=\"color: #000000;\">SUBCAPITALIZACI\u00d3N ART\u00cdCULO 118-1 E.T.&nbsp;<\/span><\/strong><\/p>\n<p style=\"text-align: left;\"><span style=\"font-size: 10pt;\"><span style=\"font-size: 12pt;\"><b><span style=\"font-family: Arial;\"><a href=\"http:\/\/www.secretariasenado.gov.co\/senado\/basedoc\/estatuto_tributario_pr005.html#118-1\" target=\"_blank\" rel=\"noopener\"><span style=\"text-decoration: underline;\">ART\u00cdCULO 118-1 E.T. &#8211; SUBCAPITALIZACI\u00d3N.<\/span><\/a>&nbsp;<\/span><\/b><\/span><\/span><\/p>\n<p style=\"text-align: justify;\"><strong><span style=\"color: #000000;\">&lt;Art\u00edculo modificado por el art\u00edculo&nbsp;<a style=\"color: #000000;\" href=\"http:\/\/www.secretariasenado.gov.co\/senado\/basedoc\/ley_2010_2019.html#63\">63<\/a>&nbsp;de la Ley 2010 de 2019. El nuevo texto es el siguiente:&gt; Son deducibles, siempre y cuando cumplan con los requisitos previstos en la ley, los intereses por deudas durante el respectivo per\u00edodo gravable.<\/span><\/strong><\/p>\n<p style=\"text-align: justify;\"><strong><span style=\"color: #000000;\">Sin perjuicio de los dem\u00e1s requisitos y condiciones consagrados en este Estatuto para la procedencia de la deducci\u00f3n, cuando las deudas que generan intereses sean contra\u00eddas, directa o indirectamente, a favor de vinculados econ\u00f3micos nacionales o extranjeros, los contribuyentes del impuesto sobre la renta y complementarios solo podr\u00e1n deducir los intereses generados con ocasi\u00f3n de tales deudas en cuanto el monto total promedio de las mismas, durante el correspondiente a\u00f1o gravable, no exceda el resultado de multiplicar por dos (2) el patrimonio l\u00edquido del contribuyente determinado a 31 de diciembre del a\u00f1o gravable inmediatamente anterior.<\/span><\/strong><\/p>\n<blockquote>\n<p style=\"text-align: justify;\"><em>ARTICULO 450. CASOS DE VINCULACI\u00d3N ECONOMICA. Se considera que existe vinculaci\u00f3n econ\u00f3mica en los siguientes casos:<\/em><\/p>\n<p style=\"text-align: justify;\"><em>1. Cuando la operaci\u00f3n, objeto del impuesto, tiene lugar entre una sociedad matriz y una subordinada.<\/em><\/p>\n<p style=\"text-align: justify;\"><em>2. Cuando la operaci\u00f3n, objeto del impuesto, tiene lugar entre dos subordinadas de una misma matriz.<\/em><\/p>\n<p style=\"text-align: justify;\"><em>3. Cuando la operaci\u00f3n se lleva a cabo entre dos empresas cuyo capital pertenezca directa o indirectamente en un cincuenta por ciento (50%) o m\u00e1s a la misma persona natural o jur\u00eddica, con o sin residencia o domicilio en el pa\u00eds.<\/em><\/p>\n<p style=\"text-align: justify;\"><em>4. Cuando la operaci\u00f3n se lleva a cabo entre dos empresas, una de las cuales posee directa o indirectamente el cincuenta por ciento (50%) o m\u00e1s del capital de la otra.<\/em><\/p>\n<p style=\"text-align: justify;\"><em>5. Cuando la operaci\u00f3n tiene lugar entre dos empresas cuyo capital pertenezca en un cincuenta por ciento (50%) o m\u00e1s a personas ligadas entre s\u00ed por matrimonio, o por parentesco hasta el segundo grado de consanguinidad o afinidad o \u00fanico civil.<\/em><\/p>\n<p style=\"text-align: justify;\"><em>6. Cuando la operaci\u00f3n tiene lugar entre la empresa y el socio, accionista o comunero que posea el cincuenta por ciento (50%) o m\u00e1s del capital de la empresa.<\/em><\/p>\n<p style=\"text-align: justify;\"><em>7. Cuando la operaci\u00f3n tiene lugar entre la empresa y el socio o los socios, accionistas o comuneros que tengan derecho de administrarla.<\/em><\/p>\n<p style=\"text-align: justify;\"><em>8. Cuando la operaci\u00f3n se lleva a cabo entre dos empresas cuyo capital pertenezca directa o indirectamente en un cincuenta por ciento (50%) o m\u00e1s a unas mismas personas o a sus c\u00f3nyuges o parientes dentro del segundo grado de consanguinidad o afinidad o \u00fanico civil.<\/em><\/p>\n<p style=\"text-align: justify;\"><em>9. Cuando el productor venda a una misma empresa o a empresas vinculadas entre s\u00ed, el cincuenta por ciento (50%) o m\u00e1s de su producci\u00f3n, evento en el cual cada una de las empresas se considera vinculada econ\u00f3mica.<\/em><\/p>\n<p style=\"text-align: justify;\"><em>10. Cuando se d\u00e9 el caso previsto en el art\u00edculo anterior.<\/em><\/p>\n<\/blockquote>\n<p style=\"text-align: justify;\"><strong><span style=\"color: #000000;\">En virtud de lo dispuesto en el inciso anterior, no ser\u00e1 deducible la proporci\u00f3n de los intereses que exceda el l\u00edmite a que se refiere este art\u00edculo.<\/span><\/strong><\/p>\n<p style=\"text-align: justify;\"><strong><span style=\"color: #000000;\"><span class=\"b_aj\">PAR\u00c1GRAFO 1o.<\/span>&nbsp;En los dem\u00e1s casos, para efectos de la deducci\u00f3n de los intereses, el contribuyente deber\u00e1 estar en capacidad de demostrar a la DIAN, mediante certificaci\u00f3n de la entidad residente o no residente que obre como acreedora, que se entender\u00e1 prestada bajo la gravedad de juramento, que el cr\u00e9dito o los cr\u00e9ditos no corresponden a operaciones de endeudamiento con entidades vinculadas mediante un aval, back-to-back, o cualquier otra operaci\u00f3n en la que sustancialmente dichas vinculadas act\u00faen como acreedoras. Las entidades del exterior o que se encuentren en el pa\u00eds que cohonesten cualquier operaci\u00f3n que pretenda encubrir el acreedor real ser\u00e1n responsables solidarias con el deudor de la operaci\u00f3n de cr\u00e9dito en relaci\u00f3n con los mayores impuestos, sanciones e intereses a los que haya lugar con motivo del desconocimiento de la operaci\u00f3n, sin perjuicio de las sanciones penales a que pueda haber lugar.<\/span><\/strong><\/p>\n<p style=\"text-align: justify;\"><strong><span style=\"color: #000000;\"><span class=\"b_aj\">PAR\u00c1GRAFO 2o.&nbsp;<\/span>Las deudas que se tendr\u00e1n en cuenta para efectos del c\u00e1lculo de la proporci\u00f3n a la que se refiere el inciso segundo son las deudas que generen intereses e incluyen aquellas que se hayan contra\u00eddo con vinculados econ\u00f3micos por conducto de intermediarios no vinculados del exterior o que se encuentren en el pa\u00eds.<\/span><\/strong><\/p>\n<p style=\"text-align: justify;\"><strong><span style=\"color: #000000;\"><span class=\"b_aj\">PAR\u00c1GRAFO 3o.<\/span>&nbsp;Lo dispuesto en el inciso segundo de este art\u00edculo y en los par\u00e1grafos primero y segundo no se aplicar\u00e1 a los contribuyentes del impuesto sobre la renta y complementarios que est\u00e9n sometidos a inspecci\u00f3n y vigilancia de la Superintendencia Financiera de Colombia, ni a los que realicen actividades de factoring, en los t\u00e9rminos del Decreto 2669 de 2012, y siempre y cuando las actividades de la compa\u00f1\u00eda de factoring no sean prestadas en m\u00e1s de un 50% a compa\u00f1\u00edas con vinculaci\u00f3n econ\u00f3mica, en los t\u00e9rminos del art\u00edculo&nbsp;<a style=\"color: #000000;\" href=\"http:\/\/www.secretariasenado.gov.co\/senado\/basedoc\/estatuto_tributario_pr010.html#260-1\">260-1<\/a>&nbsp;del Estatuto Tributario.<\/span><\/strong><\/p>\n<p style=\"text-align: justify;\"><strong><span style=\"color: #000000;\"><span class=\"b_aj\">PAR\u00c1GRAFO 4o.<\/span>&nbsp;Lo dispuesto en el inciso segundo de este art\u00edculo y en los par\u00e1grafos primero y segundo no se aplicar\u00e1 a las personas naturales o jur\u00eddicas, contribuyentes del impuesto sobre la renta y complementarios, que desarrollen empresas en periodo improductivo. Para estos efectos, se tendr\u00e1n en cuenta las disposiciones consagradas en los art\u00edculos 1.2.1.19.6 al 1.2.1.19.14 del Decreto 1625 de 2016 o las disposiciones que los modifiquen o sustituyan.<\/span><\/strong><\/p>\n<blockquote>\n<p style=\"text-align: justify;\" align=\"\"><em><strong>Art\u00edculo 1.2.1.19.6.<\/strong><strong>Periodo improductivo. <\/strong>En las empresas industriales de transformaci\u00f3n, de hoteler\u00eda y de miner\u00eda, se considera como periodo improductivo el comprendido por las siguientes etapas:&nbsp;<\/em><\/p>\n<p style=\"text-align: justify;\" align=\"\"><em>a) Prospectaci\u00f3n;&nbsp;<\/em><\/p>\n<p style=\"text-align: justify;\" align=\"\"><em>b) Construcci\u00f3n, instalaci\u00f3n y montaje;&nbsp;<\/em><\/p>\n<p style=\"text-align: justify;\" align=\"\"><em>c) Ensayos y puesta en marcha.&nbsp;<\/em><\/p>\n<p style=\"text-align: justify;\" align=\"\"><em>En la industria de construcci\u00f3n y venta de inmuebles se considera como periodo improductivo el comprendido por las etapas de:&nbsp;<\/em><\/p>\n<p style=\"text-align: justify;\" align=\"\"><em>a) Prospectaci\u00f3n;&nbsp;<\/em><\/p>\n<p style=\"text-align: justify;\" align=\"\"><em>b) Construcci\u00f3n.&nbsp;<\/em><\/p>\n<p style=\"text-align: justify;\" align=\"\"><em>(Art\u00edculo 1\u00b0, Decreto 4123 de 2005)&nbsp;<\/em><\/p>\n<p style=\"text-align: justify;\" align=\"\"><em><strong>Art\u00edculo 1.2.1.19.14.<\/strong><strong>Prueba de los hechos que constituyen fuerza mayor o caso fortuito. <\/strong>Cuando las sociedades an\u00f3nimas o asimiladas socias de sociedades de personas y los socios o accionistas personas naturales y sucesiones il\u00edquidas invoquen hechos constitutivos de fuerza mayor o caso fortuito que afecten las rentas de sus aportes y acciones, corresponde a la sociedad la demostraci\u00f3n de tales hechos y al socio o accionista la prueba de la incidencia de los mismos en la determinaci\u00f3n de una renta l\u00edquida inferior a la renta presuntiva determinada de acuerdo con lo dispuesto en el Estatuto Tributario.&nbsp;<\/em><\/p>\n<p style=\"text-align: justify;\" align=\"\"><em>(Art\u00edculo 9\u00b0, Decreto 4123 de 2005)&nbsp;<\/em><\/p>\n<\/blockquote>\n<p style=\"text-align: justify;\"><strong><span style=\"color: #000000;\"><span class=\"b_aj\">PAR\u00c1GRAFO 5o.<\/span>&nbsp;Lo dispuesto en este art\u00edculo no se aplicar\u00e1 a los casos de financiaci\u00f3n de proyectos de infraestructura de transporte, ni a la financiaci\u00f3n de proyectos de infraestructura de servicios p\u00fablicos, siempre que dichos proyectos se encuentren a cargo de sociedades, entidades o veh\u00edculos de prop\u00f3sito especial.<\/span><\/strong><\/p>\n<p><strong><span style=\"color: #0000ff;\">DECRETO REGLAMENTARIO:<\/span><\/strong><\/p>\n<p style=\"text-align: center;\"><strong>MINISTERIO DE HACIENDA Y CR\u00c9DITO P\u00daBLICO<\/strong><\/p>\n<p style=\"text-align: center;\"><a href=\"https:\/\/dapre.presidencia.gov.co\/normativa\/normativa\/DECRETO%20761%20DEL%2029%20DE%20MAYO%20DE%202020.pdf\" target=\"_blank\" rel=\"noopener\"><strong>DECRETO 761<\/strong><\/a><\/p>\n<p style=\"text-align: center;\"><strong>MAYO 29 DE 2020<\/strong><\/p>\n<p style=\"text-align: center;\"><strong>Por el cual se reglamenta el art\u00edculo 118-1 del Estatuto Tributario y se sustituyen los art\u00edculos 1.2.1.18.60., 1.2.1.18.61., 1.2.1.18.62., 1.2.1.18.63. Y 1.2.1.18.64. del Cap\u00edtulo 18 del T\u00edtulo 1 de la Parte 2 del Libro 1 del Decreto 1625 de 2016, \u00danico Reglamentario en Materia Tributaria.<\/strong><\/p>\n<p style=\"text-align: center;\"><strong>EL PRESIDENTE DE LA REP\u00daBLICA DE COLOMBIA<\/strong><\/p>\n<p style=\"text-align: center;\"><strong>En ejercicio de sus facultades constitucionales y legales, en especial las conferidas por los numerales 11 y 20 del art\u00edculo 189 de la Constituci\u00f3n Pol\u00edtica, y en desarrollo del art\u00edculo 118-1 modificado por el art\u00edculo 63 de la Ley 2010 de 2019, y<\/strong><\/p>\n<h2 style=\"text-align: center;\"><strong>DECRETA<\/strong><\/h2>\n<p style=\"text-align: justify;\"><strong>Art\u00edculo 1. Sustituci\u00f3n de los art\u00edculos 1.2.1.18.60., 1.2.1.18.61\u201e 1.2.1.18.62., 1.21.18.63. y 1.21.18.64. del Cap\u00edtulo 18 del T\u00edtulo 1 de la Parte 2 del Libro 1 del Decreto 1625 de 2016, \u00danico Reglamentario en Materia Tributaria. Sustit\u00fayanse los art\u00edculos 1.2.1.18.60., 1.2.1.18.61 1.2.1.18.62., 1.2.1.18.63. y 1.2.1.18.64. del Cap\u00edtulo 18 del T\u00edtulo 1 de la Parte 2 del Libro 1 del Decreto 1625 de 2016, \u00danico Reglamentario en Materia Tributaria, as\u00ed:<\/strong><\/p>\n<p style=\"text-align: justify;\"><strong>\u201c<span style=\"color: #800000;\">Art\u00edculo 1.2.1.18.60. Definiciones:<\/span> Para efectos de lo dispuesto en el art\u00edculo 118-1 del Estatuto Tributario, se tendr\u00e1n en cuenta las siguientes definiciones:<\/strong><\/p>\n<ol style=\"text-align: justify;\">\n<li><strong>Aval: El aval es una garant\u00eda mediante la cual un vinculado econ\u00f3mico respalda una operaci\u00f3n de endeudamiento tomada por su vinculado con un tercero independiente, cuando de esa garant\u00eda se derive que el acreedor real es el vinculado econ\u00f3mico mencionado en primer lugar.<\/strong><\/li>\n<li><strong>Back to Back: El back to back es un m\u00e9todo de endeudamiento entre vinculados econ\u00f3micos, donde el pr\u00e9stamo es canalizado a trav\u00e9s de un intermediario independiente.<\/strong><\/li>\n<li><strong>Cualquier otra operaci\u00f3n en la que sustancialmente dichas vinculadas act\u00faen como acreedoras: Corresponde a cualquier otro tipo de operaci\u00f3n, independientemente de su denominaci\u00f3n, mediante la cual el acreedor real es un vinculado econ\u00f3mico del deudor.<\/strong><\/li>\n<li><strong>Acreedor real. El acreedor real es aquel vinculado econ\u00f3mico que pese a no figurar formalmente como acreedor del deudor, es quien en sustancia, act\u00faa total o parcialmente como acreedor.<\/strong><\/li>\n<li><strong>Infraestructura de servicios p\u00fablicos, Se entiende por infraestructura de servicios p\u00fablicos todo conjunto de bienes organizados en forma permanente y estable que sean necesarios para la prestaci\u00f3n de servicios p\u00fablicos, sometida a la regulaci\u00f3n del Estado y bajo su control y\/o vigilancia, y que propenda por el crecimiento, competitividad y mejora de la calidad de la vida de los ciudadanos.<\/strong><\/li>\n<li><strong>Infraestructura de servicio de transporte. Se entiende por infraestructura de servicios de transporte todos aquellos proyectos encaminados a la optimizaci\u00f3n del servicio para el sector transporte en \u00e1reas relacionadas con la red vial, f\u00e9rrea, fluvial, mar\u00edtima, a\u00e9rea y urbana, sometida a la regulaci\u00f3n del Estado y bajo su control y\/o vigilancia y que propenda por el crecimiento, competitividad y mejora de la calidad de la vida de los ciudadanos.<\/strong><\/li>\n<\/ol>\n<p style=\"text-align: justify;\"><strong>Art\u00edculo 1.2.1.18.61. Criterios para determinar la vinculaci\u00f3n econ\u00f3mica y determinaci\u00f3n del patrimonio l\u00edquido para efectos de la aplicaci\u00f3n del art\u00edculo 118-1 del Estatuto Tributario: Los criterios para determinar la vinculaci\u00f3n econ\u00f3mica ser\u00e1n los establecidos en el art\u00edculo 260-1 del Estatuto Tributario,<\/strong><\/p>\n<p style=\"text-align: justify;\"><strong>El patrimonio l\u00edquido se determinar\u00e1 de acuerdo con lo dispuesto en el art\u00edculo 282 del Estatuto Tributario.<\/strong><\/p>\n<p style=\"text-align: justify;\"><strong><span style=\"color: #800000;\">Art\u00edculo 1.2.1.18.62. Determinaci\u00f3n del monto total promedio de las deudas<\/span>. Para efectos de lo previsto en el inciso 2 del art\u00edculo 118-1 del Estatuto Tributario, el monto total promedio de las deudas contra\u00eddas, directa o indirectamente, a favor de vinculados econ\u00f3micos nacionales o extranjeros se determinar\u00e1 de la siguiente manera:<\/strong><\/p>\n<ol style=\"text-align: justify;\">\n<li><strong>Para cada una de las deudas con vinculados que generan intereses se identificar\u00e1:<\/strong><\/li>\n<\/ol>\n<ul style=\"text-align: justify;\">\n<li><strong>1.1. Permanencia: Es el n\u00famero de d\u00edas calendario de permanencia de la deuda durante el respectivo a\u00f1o gravable, el cual incluye el d\u00eda de ingreso de la deuda hasta el d\u00eda anterior al pago del capital o principal y\/o el \u00faltimo d\u00eda del cierre fiscal, Para las obligaciones que provienen de a\u00f1os anteriores, se entiende que el d\u00eda de ingreso de la deuda es el primero (1) de enero del a\u00f1o o per\u00edodo gravable.<\/strong><\/li>\n<li><strong>1.2. Base: La base es el valor del capital o principal de la deuda sobre el que se liquidan los intereses durante el per\u00edodo de permanencia<\/strong><\/li>\n<li><strong>1.3. Deuda ponderada: La deuda ponderada es el resultado de multiplicar el n\u00famero de d\u00edas de permanencia por la base. En los casos en que haya amortizaciones o pagos parciales del capital de una misma deuda durante el periodo gravable, la deuda ponderada deber\u00e1 calcularse en forma separada sobre el saldo por pagar antes de disminuirse el capital con el abono o pago parcial de la deuda, como si se tratara de deudas independientes.<\/strong><\/li>\n<\/ul>\n<ol style=\"text-align: justify;\" start=\"2\">\n<li><strong>Deuda ponderada total. La deuda ponderada total corresponde a la sumatoria de todas las deudas ponderadas, realizadas con vinculados que generan intereses, calculada de acuerdo con lo previsto en el numeral 1.3. de este art\u00edculo.<\/strong><\/li>\n<li><strong>Monto total promedio de las deudas. El monto total promedio de las deudas ser\u00e1 el resultado de dividir la deuda ponderada total, calculada de acuerdo con lo previsto en el numeral 2 de este art\u00edculo por el n\u00famero total de d\u00edas calendario del correspondiente a\u00f1o o per\u00edodo gravable.<\/strong><\/li>\n<\/ol>\n<p style=\"text-align: justify;\"><strong>Par\u00e1grafo. Los contribuyentes que durante el correspondiente per\u00edodo gravable tengan deudas con vinculados econ\u00f3micos que generen intereses en monedas diferentes al peso colombiano, la identificaci\u00f3n de la base en pesos se har\u00e1 de conformidad con lo establecido en el art\u00edculo 288 del Estatuto Tributario o la norma que lo modifique, adicione o sustituya y en concordancia con lo previsto en el art\u00edculo 1.1.3. de este Decreto.<\/strong><\/p>\n<p style=\"text-align: justify;\"><strong><span style=\"color: #800000;\">Art\u00edculo 1.2.1.18.63. Procedimiento para la determinaci\u00f3n de los intereses no deducibles ni capitalizables.<\/span> Para determinar los intereses no deducibles ni capitalizables se aplicar\u00e1 el siguiente procedimiento:<\/strong><\/p>\n<ol style=\"text-align: justify;\">\n<li><strong>Monto m\u00e1ximo de endeudamiento que genera intereses deducibles o capitalizables: El monto m\u00e1ximo de endeudamiento que genera intereses deducibles o capitalizables se determinar\u00e1 tomando el patrimonio l\u00edquido determinado a treinta y uno (31) de diciembre del a\u00f1o gravable inmediatamente anterior y multiplic\u00e1ndolo por dos (2).<\/strong><\/li>\n<li><strong>Exceso de endeudamiento: El exceso de endeudamiento se determinar\u00e1 tomando el monto m\u00e1ximo de endeudamiento, determinado conforme con lo previsto en el numeral 1 de este art\u00edculo y rest\u00e1ndole el monto total promedio de las deudas con vinculados econ\u00f3micos, determinado conforme con lo previsto en el numeral 3 del art\u00edculo 1.2.1.18.62 de este Decreto cuando a ello haya lugar.<\/strong><\/li>\n<li><strong>Proporci\u00f3n de intereses no deducibles ni capitalizables: La proporci\u00f3n de intereses no deducibles ni capitalizables se determinar\u00e1 dividiendo el exceso de endeudamiento determinado conforme con lo previsto en el numeral 1 de este art\u00edculo por el monto total promedio de las deudas con vinculados econ\u00f3micos determinado conforme con lo previsto en el numeral 3 del art\u00edculo 1.2.1.18.62. de este Decreto.<\/strong><\/li>\n<li><strong>Intereses no deducibles ni capitalizables del respectivo per\u00edodo gravable: Los intereses no deducibles ni capitalizables del respectivo per\u00edodo gravable se determinar\u00e1n aplicando la proporci\u00f3n de intereses no deducibles ni capitalizables al total de intereses pagados o abonados en cuenta durante el a\u00f1o o per\u00edodo fiscal objeto de determinaci\u00f3n.<\/strong><\/li>\n<\/ol>\n<p style=\"text-align: justify;\"><strong>Los intereses que no son capitalizables no podr\u00e1n tratarse como deducibles ni como costo en la declaraci\u00f3n del impuesto sobre la renta y complementarios en ning\u00fan per\u00edodo gravable.<\/strong><\/p>\n<p style=\"text-align: justify;\"><strong>Par\u00e1grafo. Para efectos de determinar los intereses no deducibles ni capitalizables, la diferencia en cambio del capital o principal no se considerar\u00e1 como intereses. La diferencia en cambio de los intereses s\u00ed se considerar\u00e1 como inter\u00e9s y se calcular\u00e1 en los t\u00e9rminos previstos en el art\u00edculo 288 del Estatuto Tributario.<\/strong><\/p>\n<p style=\"text-align: justify;\"><strong><span style=\"color: #800000;\">Art\u00edculo 1-2.1.18.64. Procedencia de las deducciones o capitalizaciones y contenido de la certificaci\u00f3n de que trata el par\u00e1grafo 1 del art\u00edculo 118-1 del Estatuto Tributario.<\/span> Para la procedencia de la deducci\u00f3n o capitalizaci\u00f3n por intereses de que tratan los art\u00edculos 118-1 y 59 del Estatuto Tributario y los art\u00edculos 1.2.1.18.61., 1.2.1.18.62. y 1.2.1.18.63. de este Decreto, se deber\u00e1 cumplir con los requisitos para la procedencia de las deducciones, tales como la relaci\u00f3n de causalidad con la actividad productora de renta, la proporcionalidad y la necesidad, los cuales deben ser evaluados con criterio comercial en los t\u00e9rminos previstos en el art\u00edculo 107 del Estatuto Tributario.<\/strong><\/p>\n<p style=\"text-align: justify;\"><strong>A los contribuyentes del impuesto sobre la renta y complementarios que realicen actividades de factoring en los t\u00e9rminos del Decreto 2669 de 2012, compilado en el Decreto 1074 de 2015 \u00danico Reglamentario del Sector Comercio, Industria y Turismo a partir del art\u00edculo 2.2.2.2.1., no les aplicar\u00e1 lo previsto en el inciso 2 y los par\u00e1grafos 1 y 2 del art\u00edculo 1 18-1 del Estatuto Tributario cuando las actividades de factoring no sean prestadas en m\u00e1s de un cincuenta por ciento (50%) a compa\u00f1\u00edas vinculadas econ\u00f3micas en los t\u00e9rminos del art\u00edculo 260-1 del Estatuto Tributario.<\/strong><\/p>\n<p style=\"text-align: justify;\"><strong>Cuando se configure alguno de los supuestos establecidos en el par\u00e1grafo 1 del art\u00edculo 118-1 del Estatuto Tributario, el acreedor deber\u00e1 expedirle al deudor una certificaci\u00f3n, cuando \u00e9ste la solicite, para cada a\u00f1o o periodo gravable. El deudor deber\u00e1 contar con dicha certificaci\u00f3n con anterioridad al vencimiento de la presentaci\u00f3n de la declaraci\u00f3n del impuesto sobre la renta y complementarios del a\u00f1o gravable objeto de deducci\u00f3n o capitalizaci\u00f3n.<\/strong><\/p>\n<p style=\"text-align: justify;\"><strong>La certificaci\u00f3n que emita el acreedor deber\u00e1 contener como m\u00ednimo la siguiente informaci\u00f3n:<\/strong><\/p>\n<ol style=\"text-align: justify;\">\n<li><strong>Fecha y lugar de expedici\u00f3n de la certificaci\u00f3n.<\/strong><\/li>\n<li><strong>Identificaci\u00f3n de las partes que intervienen en el cr\u00e9dito: nombre o raz\u00f3n social, n\u00famero de identificaci\u00f3n y pa\u00eds de domicilio y\/o residencia fiscal.<\/strong><\/li>\n<li><strong>Monto del cr\u00e9dito.<\/strong><\/li>\n<li><strong>Plazo del cr\u00e9dito.<\/strong><\/li>\n<li><strong>Tasa de inter\u00e9s.<\/strong><\/li>\n<li><strong>Manifestaci\u00f3n expresa de:<\/strong>\n<ol>\n<li><strong>6.1 . Que el (los) cr\u00e9dito(s) no corresponde(n) a operaciones de endeudamiento garantizados por entidades vinculadas mediante un aval, back-to-back, o<\/strong><\/li>\n<li><strong>6.2. En caso de ser vinculadas el (los) cr\u00e9dito(s) no corresponde(n) a operaciones de endeudamiento garantizados mediante un aval del que se derive que el vinculado econ\u00f3mico es el acreedor real; o cualquier otra operaci\u00f3n en la que sustancialmente dichas vinculadas act\u00faen como acreedoras.<\/strong><\/li>\n<\/ol>\n<\/li>\n<\/ol>\n<p style=\"text-align: justify;\"><strong>La certificaci\u00f3n debe ser expedida y suscrita por el representante legal de la entidad acreedora o quien tenga la autorizaci\u00f3n legal para suscribirla bajo la gravedad de juramento, sin perjuicio de la responsabilidad solidaria y sanciones penales en los caso en que haya lugar. En caso de que la certificaci\u00f3n sea emitida en el exterior, se deber\u00e1 adjuntar la respectiva apostilla.<\/strong><\/p>\n<p style=\"text-align: justify;\"><strong>Cuando el acreedor no sea residente en Colombia deber\u00e1 aportar el original del documento equivalente al certificado de existencia y representaci\u00f3n legal de la empresa.<\/strong><\/p>\n<p style=\"text-align: justify;\"><strong>La certificaci\u00f3n se expedir\u00e1 en idioma castellano. Cuando la certificaci\u00f3n y documentos anexos se encuentren en idioma distinto, deber\u00e1n aportarse con su correspondiente traducci\u00f3n oficial y apostilla del Ministerio de Relaciones Exteriores.<\/strong><\/p>\n<p style=\"text-align: justify;\"><strong>Par\u00e1grafo 1. La certificaci\u00f3n de que trata este art\u00edculo deber\u00e1 estar disponible cuando la Administraci\u00f3n Tributaria lo solicite. Cuando se presenten modificaciones en las condiciones del cr\u00e9dito o de las partes intervinientes, deber\u00e1 expedirse un nuevo certificado por parte del acreedor en los mismos t\u00e9rminos descritos en este art\u00edculo, y conservar los certificados anteriores, aclarando que se trata de una modificaci\u00f3n al certificado inicial.<\/strong><\/p>\n<p style=\"text-align: justify;\"><strong>Par\u00e1grafo 2. Para efectos de la certificaci\u00f3n de que trata el presente art\u00edculo, el deudor podr\u00e1 comunicarle, previamente a la expedici\u00f3n de la certificaci\u00f3n y bajo la gravedad de juramento, a la entidad acreedora, que la obligaci\u00f3n derivada de la operaci\u00f3n de cr\u00e9dito celebrada no ha sido sustancialmente asumida parcial o totalmente por uno de sus vinculados econ\u00f3micos. La comunicaci\u00f3n de que trata este par\u00e1grafo no exonera a la entidad acreedora de hacer las verificaciones necesarias para garantizar la veracidad del contenido de la certificaci\u00f3n, el deber de emitir la certificaci\u00f3n ni la responsabilidad solidaria con el deudor y sanciones penales en los casos en que haya lugar.<\/strong><\/p>\n<p style=\"text-align: justify;\"><strong>Par\u00e1grafo 3. En las operaciones de cr\u00e9dito celebradas con entidades acreedoras del exterior, la certificaci\u00f3n de que trata el par\u00e1grafo 1 del art\u00edculo 118-1 del Estatuto Tributario podr\u00e1 ser emitida en Colombia por la oficina de representaci\u00f3n en el pa\u00eds, siempre que tenga la facultad para suscribirla y cumpla con los requerimientos exigidos en el presente art\u00edculo.<\/strong><\/p>\n<p style=\"text-align: justify;\"><strong>Par\u00e1grafo 4. En el caso de operaciones de cr\u00e9dito sindicadas, el deudor solicitar\u00e1 la certificaci\u00f3n de manera individual a cada una de&nbsp;las entidades acreedoras por la proporci\u00f3n de la operaci\u00f3n que le corresponda\u201d.<\/strong><\/p>\n<p style=\"text-align: justify;\"><strong>Art\u00edculo 2.- Vigencia. El presente decreto rige a partir de la fecha de su publicaci\u00f3n y sustituye los art\u00edculos &nbsp;1.2.1.18.61 , 1.2.1.18.62, 1.2.1.18.63 y 1.2.1.18.64 del Cap\u00edtulo 18 del T\u00edtulo 1 de la Parte 2 del Libro 1 del Decreto 1625 de 2016, \u00danico Reglamentario en Materia Tributaria.<\/strong><\/p>\n<p style=\"text-align: justify;\"><strong>PUBL\u00cdQUESE Y C\u00daMPLASE<\/strong><\/p>\n<p style=\"text-align: justify;\"><strong>Dado en Bogot\u00e1 D.C., a los 29 d\u00edas del mes de mayo de 2020<\/strong><\/p>\n<p style=\"text-align: justify;\"><a href=\"https:\/\/dapre.presidencia.gov.co\/normativa\/normativa\/DECRETO%20761%20DEL%2029%20DE%20MAYO%20DE%202020.pdf\" target=\"_blank\" rel=\"noopener\"><strong>Para descargar Decreto 761 de&nbsp; mayo 29 de 2020, dar clic en este enlace<\/strong><\/a><\/p>\n<p><span style=\"font-size: 14pt;\"><strong><span style=\"color: #000000;\"><a href=\"https:\/\/contadoreshoy.com\/wp-content\/uploads\/2023\/08\/Subcapitalizacion-intereses-2022.xls\" target=\"_blank\" rel=\"noopener\">Para ver ejemplo de Subcapitalizaci\u00f3n, dar clic en este enlace<\/a><\/span><\/strong><\/span><\/p>\n<p>&nbsp;<\/p>\n<p><strong><span style=\"color: #000000;\">Miguel Antonio M\u00e1rquez Monta\u00f1ez<\/span><\/strong><\/p>\n<p><strong><span style=\"color: #000000;\">Contador P\u00fablico<\/span><\/strong><\/p>\n","protected":false},"excerpt":{"rendered":"<p>An\u00e1lisis del art\u00edculo 118-1 del Estatuto Tributario, el cual trata el tema de la subcapitalizaci\u00f3n.<\/p>\n","protected":false},"author":1,"featured_media":7150,"comment_status":"open","ping_status":"open","sticky":false,"template":"","format":"standard","meta":{"_monsterinsights_skip_tracking":false,"ngg_post_thumbnail":0,"footnotes":"","_links_to":"","_links_to_target":""},"categories":[454,1],"tags":[],"class_list":["post-5639","post","type-post","status-publish","format-standard","has-post-thumbnail","hentry","category-sin-categoria","category-uncategorized"],"aioseo_notices":[],"aioseo_head":"\n\t\t<!-- All in One SEO 5.0.1.1 - aioseo.com -->\n\t<meta name=\"description\" content=\"An\u00e1lisis del art\u00edculo 118-1 del Estatuto Tributario, el cual trata el tema de la subcapitalizaci\u00f3n.\" \/>\n\t<meta name=\"robots\" content=\"max-image-preview:large\" \/>\n\t<meta name=\"author\" content=\"Miguel Antonio M\u00e1rquez Monta\u00f1ez\"\/>\n\t<link rel=\"canonical\" href=\"https:\/\/contadoreshoy.com\/?p=5639\" \/>\n\t<meta name=\"generator\" content=\"All in One SEO (AIOSEO) 5.0.1.1\" \/>\n\t\t<meta property=\"og:locale\" content=\"es_ES\" \/>\n\t\t<meta property=\"og:site_name\" content=\"Contadores P\u00fablicos - Portal para Contadores P\u00fablicos y empresarios\" \/>\n\t\t<meta property=\"og:type\" content=\"article\" \/>\n\t\t<meta property=\"og:title\" content=\"Subcapitalizaci\u00f3n Art\u00edculo 118-1 E.T. - Contadores P\u00fablicos\" \/>\n\t\t<meta property=\"og:description\" content=\"An\u00e1lisis del art\u00edculo 118-1 del Estatuto Tributario, el cual trata el tema de la subcapitalizaci\u00f3n.\" \/>\n\t\t<meta property=\"og:url\" content=\"https:\/\/contadoreshoy.com\/?p=5639\" \/>\n\t\t<meta property=\"og:image\" content=\"https:\/\/contadoreshoy.com\/wp-content\/uploads\/2024\/01\/cropped-cropped-cropped-Copia-de-M.jpg\" \/>\n\t\t<meta property=\"og:image:secure_url\" content=\"https:\/\/contadoreshoy.com\/wp-content\/uploads\/2024\/01\/cropped-cropped-cropped-Copia-de-M.jpg\" \/>\n\t\t<meta property=\"og:image:width\" content=\"512\" \/>\n\t\t<meta property=\"og:image:height\" content=\"371\" \/>\n\t\t<meta property=\"article:published_time\" content=\"2022-03-22T13:00:00+00:00\" \/>\n\t\t<meta property=\"article:modified_time\" content=\"2023-08-22T02:21:44+00:00\" \/>\n\t\t<meta name=\"twitter:card\" content=\"summary_large_image\" \/>\n\t\t<meta name=\"twitter:title\" content=\"Subcapitalizaci\u00f3n Art\u00edculo 118-1 E.T. - Contadores P\u00fablicos\" \/>\n\t\t<meta name=\"twitter:description\" content=\"An\u00e1lisis del art\u00edculo 118-1 del Estatuto Tributario, el cual trata el tema de la subcapitalizaci\u00f3n.\" \/>\n\t\t<meta name=\"twitter:image\" content=\"https:\/\/contadoreshoy.com\/wp-content\/uploads\/2024\/01\/cropped-cropped-cropped-Copia-de-M.jpg\" \/>\n\t\t<script type=\"application\/ld+json\" class=\"aioseo-schema\">\n\t\t\t{\"@context\":\"https:\\\/\\\/schema.org\",\"@graph\":[{\"@type\":\"BlogPosting\",\"@id\":\"https:\\\/\\\/contadoreshoy.com\\\/?p=5639#blogposting\",\"name\":\"Subcapitalizaci\\u00f3n Art\\u00edculo 118-1 E.T. - Contadores P\\u00fablicos\",\"headline\":\"Subcapitalizaci\\u00f3n Art\\u00edculo 118-1 E.T.\",\"author\":{\"@id\":\"https:\\\/\\\/contadoreshoy.com\\\/?author=1#author\"},\"publisher\":{\"@id\":\"https:\\\/\\\/contadoreshoy.com\\\/#organization\"},\"image\":{\"@type\":\"ImageObject\",\"url\":\"https:\\\/\\\/contadoreshoy.com\\\/wp-content\\\/uploads\\\/2016\\\/04\\\/Porcentaje.jpg\",\"width\":600,\"height\":400},\"datePublished\":\"2022-03-22T08:00:00-05:00\",\"dateModified\":\"2023-08-21T21:21:44-05:00\",\"inLanguage\":\"es-ES\",\"mainEntityOfPage\":{\"@id\":\"https:\\\/\\\/contadoreshoy.com\\\/?p=5639#webpage\"},\"isPartOf\":{\"@id\":\"https:\\\/\\\/contadoreshoy.com\\\/?p=5639#webpage\"},\"articleSection\":\"Sin categor\\u00eda, Uncategorized\"},{\"@type\":\"BreadcrumbList\",\"@id\":\"https:\\\/\\\/contadoreshoy.com\\\/?p=5639#breadcrumblist\",\"itemListElement\":[{\"@type\":\"ListItem\",\"@id\":\"https:\\\/\\\/contadoreshoy.com#listItem\",\"position\":1,\"name\":\"Home\",\"item\":\"https:\\\/\\\/contadoreshoy.com\",\"nextItem\":{\"@type\":\"ListItem\",\"@id\":\"https:\\\/\\\/contadoreshoy.com\\\/?cat=1#listItem\",\"name\":\"Uncategorized\"}},{\"@type\":\"ListItem\",\"@id\":\"https:\\\/\\\/contadoreshoy.com\\\/?cat=1#listItem\",\"position\":2,\"name\":\"Uncategorized\",\"item\":\"https:\\\/\\\/contadoreshoy.com\\\/?cat=1\",\"nextItem\":{\"@type\":\"ListItem\",\"@id\":\"https:\\\/\\\/contadoreshoy.com\\\/?p=5639#listItem\",\"name\":\"Subcapitalizaci\\u00f3n Art\\u00edculo 118-1 E.T.\"},\"previousItem\":{\"@type\":\"ListItem\",\"@id\":\"https:\\\/\\\/contadoreshoy.com#listItem\",\"name\":\"Home\"}},{\"@type\":\"ListItem\",\"@id\":\"https:\\\/\\\/contadoreshoy.com\\\/?p=5639#listItem\",\"position\":3,\"name\":\"Subcapitalizaci\\u00f3n Art\\u00edculo 118-1 E.T.\",\"previousItem\":{\"@type\":\"ListItem\",\"@id\":\"https:\\\/\\\/contadoreshoy.com\\\/?cat=1#listItem\",\"name\":\"Uncategorized\"}}]},{\"@type\":\"Organization\",\"@id\":\"https:\\\/\\\/contadoreshoy.com\\\/#organization\",\"name\":\"Contadores P\\u00fablicos\",\"description\":\"Portal para Contadores P\\u00fablicos y empresarios\",\"url\":\"https:\\\/\\\/contadoreshoy.com\\\/\",\"logo\":{\"@type\":\"ImageObject\",\"url\":\"https:\\\/\\\/contadoreshoy.com\\\/wp-content\\\/uploads\\\/2024\\\/01\\\/cropped-cropped-Copia-de-M-1.jpg\",\"@id\":\"https:\\\/\\\/contadoreshoy.com\\\/?p=5639\\\/#organizationLogo\",\"width\":499,\"height\":500},\"image\":{\"@id\":\"https:\\\/\\\/contadoreshoy.com\\\/?p=5639\\\/#organizationLogo\"}},{\"@type\":\"Person\",\"@id\":\"https:\\\/\\\/contadoreshoy.com\\\/?author=1#author\",\"url\":\"https:\\\/\\\/contadoreshoy.com\\\/?author=1\",\"name\":\"Miguel Antonio M\\u00e1rquez Monta\\u00f1ez\"},{\"@type\":\"WebPage\",\"@id\":\"https:\\\/\\\/contadoreshoy.com\\\/?p=5639#webpage\",\"url\":\"https:\\\/\\\/contadoreshoy.com\\\/?p=5639\",\"name\":\"Subcapitalizaci\\u00f3n Art\\u00edculo 118-1 E.T. - Contadores P\\u00fablicos\",\"description\":\"An\\u00e1lisis del art\\u00edculo 118-1 del Estatuto Tributario, el cual trata el tema de la subcapitalizaci\\u00f3n.\",\"inLanguage\":\"es-ES\",\"isPartOf\":{\"@id\":\"https:\\\/\\\/contadoreshoy.com\\\/#website\"},\"breadcrumb\":{\"@id\":\"https:\\\/\\\/contadoreshoy.com\\\/?p=5639#breadcrumblist\"},\"author\":{\"@id\":\"https:\\\/\\\/contadoreshoy.com\\\/?author=1#author\"},\"creator\":{\"@id\":\"https:\\\/\\\/contadoreshoy.com\\\/?author=1#author\"},\"image\":{\"@type\":\"ImageObject\",\"url\":\"https:\\\/\\\/contadoreshoy.com\\\/wp-content\\\/uploads\\\/2016\\\/04\\\/Porcentaje.jpg\",\"@id\":\"https:\\\/\\\/contadoreshoy.com\\\/?p=5639\\\/#mainImage\",\"width\":600,\"height\":400},\"primaryImageOfPage\":{\"@id\":\"https:\\\/\\\/contadoreshoy.com\\\/?p=5639#mainImage\"},\"datePublished\":\"2022-03-22T08:00:00-05:00\",\"dateModified\":\"2023-08-21T21:21:44-05:00\"},{\"@type\":\"WebSite\",\"@id\":\"https:\\\/\\\/contadoreshoy.com\\\/#website\",\"url\":\"https:\\\/\\\/contadoreshoy.com\\\/\",\"name\":\"Contadores P\\u00fablicos\",\"description\":\"Portal para Contadores P\\u00fablicos y empresarios\",\"inLanguage\":\"es-ES\",\"publisher\":{\"@id\":\"https:\\\/\\\/contadoreshoy.com\\\/#organization\"}}]}\n\t\t<\/script>\n\t\t<!-- All in One SEO -->\n\n","aioseo_head_json":{"title":"Subcapitalizaci\u00f3n Art\u00edculo 118-1 E.T. - Contadores P\u00fablicos","description":"An\u00e1lisis del art\u00edculo 118-1 del Estatuto Tributario, el cual trata el tema de la subcapitalizaci\u00f3n.","canonical_url":"https:\/\/contadoreshoy.com\/?p=5639","robots":"max-image-preview:large","keywords":"","webmasterTools":{"miscellaneous":""},"schema":{"@context":"https:\/\/schema.org","@graph":[{"@type":"BlogPosting","@id":"https:\/\/contadoreshoy.com\/?p=5639#blogposting","name":"Subcapitalizaci\u00f3n Art\u00edculo 118-1 E.T. - Contadores P\u00fablicos","headline":"Subcapitalizaci\u00f3n Art\u00edculo 118-1 E.T.","author":{"@id":"https:\/\/contadoreshoy.com\/?author=1#author"},"publisher":{"@id":"https:\/\/contadoreshoy.com\/#organization"},"image":{"@type":"ImageObject","url":"https:\/\/contadoreshoy.com\/wp-content\/uploads\/2016\/04\/Porcentaje.jpg","width":600,"height":400},"datePublished":"2022-03-22T08:00:00-05:00","dateModified":"2023-08-21T21:21:44-05:00","inLanguage":"es-ES","mainEntityOfPage":{"@id":"https:\/\/contadoreshoy.com\/?p=5639#webpage"},"isPartOf":{"@id":"https:\/\/contadoreshoy.com\/?p=5639#webpage"},"articleSection":"Sin categor\u00eda, Uncategorized"},{"@type":"BreadcrumbList","@id":"https:\/\/contadoreshoy.com\/?p=5639#breadcrumblist","itemListElement":[{"@type":"ListItem","@id":"https:\/\/contadoreshoy.com#listItem","position":1,"name":"Home","item":"https:\/\/contadoreshoy.com","nextItem":{"@type":"ListItem","@id":"https:\/\/contadoreshoy.com\/?cat=1#listItem","name":"Uncategorized"}},{"@type":"ListItem","@id":"https:\/\/contadoreshoy.com\/?cat=1#listItem","position":2,"name":"Uncategorized","item":"https:\/\/contadoreshoy.com\/?cat=1","nextItem":{"@type":"ListItem","@id":"https:\/\/contadoreshoy.com\/?p=5639#listItem","name":"Subcapitalizaci\u00f3n Art\u00edculo 118-1 E.T."},"previousItem":{"@type":"ListItem","@id":"https:\/\/contadoreshoy.com#listItem","name":"Home"}},{"@type":"ListItem","@id":"https:\/\/contadoreshoy.com\/?p=5639#listItem","position":3,"name":"Subcapitalizaci\u00f3n Art\u00edculo 118-1 E.T.","previousItem":{"@type":"ListItem","@id":"https:\/\/contadoreshoy.com\/?cat=1#listItem","name":"Uncategorized"}}]},{"@type":"Organization","@id":"https:\/\/contadoreshoy.com\/#organization","name":"Contadores P\u00fablicos","description":"Portal para Contadores P\u00fablicos y empresarios","url":"https:\/\/contadoreshoy.com\/","logo":{"@type":"ImageObject","url":"https:\/\/contadoreshoy.com\/wp-content\/uploads\/2024\/01\/cropped-cropped-Copia-de-M-1.jpg","@id":"https:\/\/contadoreshoy.com\/?p=5639\/#organizationLogo","width":499,"height":500},"image":{"@id":"https:\/\/contadoreshoy.com\/?p=5639\/#organizationLogo"}},{"@type":"Person","@id":"https:\/\/contadoreshoy.com\/?author=1#author","url":"https:\/\/contadoreshoy.com\/?author=1","name":"Miguel Antonio M\u00e1rquez Monta\u00f1ez"},{"@type":"WebPage","@id":"https:\/\/contadoreshoy.com\/?p=5639#webpage","url":"https:\/\/contadoreshoy.com\/?p=5639","name":"Subcapitalizaci\u00f3n Art\u00edculo 118-1 E.T. - Contadores P\u00fablicos","description":"An\u00e1lisis del art\u00edculo 118-1 del Estatuto Tributario, el cual trata el tema de la subcapitalizaci\u00f3n.","inLanguage":"es-ES","isPartOf":{"@id":"https:\/\/contadoreshoy.com\/#website"},"breadcrumb":{"@id":"https:\/\/contadoreshoy.com\/?p=5639#breadcrumblist"},"author":{"@id":"https:\/\/contadoreshoy.com\/?author=1#author"},"creator":{"@id":"https:\/\/contadoreshoy.com\/?author=1#author"},"image":{"@type":"ImageObject","url":"https:\/\/contadoreshoy.com\/wp-content\/uploads\/2016\/04\/Porcentaje.jpg","@id":"https:\/\/contadoreshoy.com\/?p=5639\/#mainImage","width":600,"height":400},"primaryImageOfPage":{"@id":"https:\/\/contadoreshoy.com\/?p=5639#mainImage"},"datePublished":"2022-03-22T08:00:00-05:00","dateModified":"2023-08-21T21:21:44-05:00"},{"@type":"WebSite","@id":"https:\/\/contadoreshoy.com\/#website","url":"https:\/\/contadoreshoy.com\/","name":"Contadores P\u00fablicos","description":"Portal para Contadores P\u00fablicos y empresarios","inLanguage":"es-ES","publisher":{"@id":"https:\/\/contadoreshoy.com\/#organization"}}]},"og:locale":"es_ES","og:site_name":"Contadores P\u00fablicos - Portal para Contadores P\u00fablicos y empresarios","og:type":"article","og:title":"Subcapitalizaci\u00f3n Art\u00edculo 118-1 E.T. - Contadores P\u00fablicos","og:description":"An\u00e1lisis del art\u00edculo 118-1 del Estatuto Tributario, el cual trata el tema de la subcapitalizaci\u00f3n.","og:url":"https:\/\/contadoreshoy.com\/?p=5639","og:image":"https:\/\/contadoreshoy.com\/wp-content\/uploads\/2024\/01\/cropped-cropped-cropped-Copia-de-M.jpg","og:image:secure_url":"https:\/\/contadoreshoy.com\/wp-content\/uploads\/2024\/01\/cropped-cropped-cropped-Copia-de-M.jpg","og:image:width":512,"og:image:height":371,"article:published_time":"2022-03-22T13:00:00+00:00","article:modified_time":"2023-08-22T02:21:44+00:00","twitter:card":"summary_large_image","twitter:title":"Subcapitalizaci\u00f3n Art\u00edculo 118-1 E.T. - Contadores P\u00fablicos","twitter:description":"An\u00e1lisis del art\u00edculo 118-1 del Estatuto Tributario, el cual trata el tema de la subcapitalizaci\u00f3n.","twitter:image":"https:\/\/contadoreshoy.com\/wp-content\/uploads\/2024\/01\/cropped-cropped-cropped-Copia-de-M.jpg"},"aioseo_meta_data":{"post_id":"5639","title":null,"description":null,"keywords":null,"keyphrases":null,"primary_term":null,"canonical_url":null,"og_title":null,"og_description":null,"og_object_type":"default","og_image_type":"default","og_image_url":null,"og_image_width":null,"og_image_height":null,"og_image_custom_url":null,"og_image_custom_fields":null,"og_video":null,"og_custom_url":null,"og_article_section":null,"og_article_tags":null,"twitter_use_og":false,"twitter_card":"default","twitter_image_type":"default","twitter_image_url":null,"twitter_image_custom_url":null,"twitter_image_custom_fields":null,"twitter_title":null,"twitter_description":null,"schema":{"blockGraphs":[],"customGraphs":[],"default":{"data":{"Article":[],"Course":[],"Dataset":[],"FAQPage":[],"Movie":[],"Person":[],"Product":[],"ProductReview":[],"Car":[],"Recipe":[],"Service":[],"SoftwareApplication":[],"WebPage":[]},"graphName":"","isEnabled":true},"graphs":[]},"schema_type":"default","schema_type_options":null,"pillar_content":false,"robots_default":true,"robots_noindex":false,"robots_noarchive":false,"robots_nosnippet":false,"robots_nofollow":false,"robots_noimageindex":false,"robots_noodp":false,"robots_notranslate":false,"robots_max_snippet":null,"robots_max_videopreview":null,"robots_max_imagepreview":"large","priority":null,"frequency":null,"local_seo":null,"breadcrumb_settings":null,"limit_modified_date":false,"ai":null,"created":"2024-03-05 02:38:46","updated":"2026-03-03 05:41:41","seo_analyzer_scan_date":null,"focus_keyword":null,"additional_keywords":null,"truseo_locale":null},"aioseo_breadcrumb":"<div class=\"aioseo-breadcrumbs\"><span class=\"aioseo-breadcrumb\">\n\t\t\t<a href=\"https:\/\/contadoreshoy.com\" title=\"Home\">Home<\/a>\n\t\t<\/span><span class=\"aioseo-breadcrumb-separator\">&raquo;<\/span><span class=\"aioseo-breadcrumb\">\n\t\t\t<a href=\"https:\/\/contadoreshoy.com\/?cat=1\" title=\"Uncategorized\">Uncategorized<\/a>\n\t\t<\/span><span class=\"aioseo-breadcrumb-separator\">&raquo;<\/span><span class=\"aioseo-breadcrumb\">\n\t\t\tSubcapitalizaci\u00f3n Art\u00edculo 118-1 E.T.\n\t\t<\/span><\/div>","aioseo_breadcrumb_json":[{"label":"Home","link":"https:\/\/contadoreshoy.com"},{"label":"Uncategorized","link":"https:\/\/contadoreshoy.com\/?cat=1"},{"label":"Subcapitalizaci\u00f3n Art\u00edculo 118-1 E.T.","link":"https:\/\/contadoreshoy.com\/?p=5639"}],"yoast_head":"<!-- This site is optimized with the Yoast SEO plugin v28.4 - https:\/\/yoast.com\/product\/yoast-seo-wordpress\/ -->\n<title>Subcapitalizaci\u00f3n Art\u00edculo 118-1 E.T. - Contadores P\u00fablicos<\/title>\n<meta name=\"robots\" content=\"index, follow, max-snippet:-1, max-image-preview:large, max-video-preview:-1\" \/>\n<link rel=\"canonical\" href=\"https:\/\/contadoreshoy.com\/?p=5639\" \/>\n<meta property=\"og:locale\" content=\"es_ES\" \/>\n<meta property=\"og:type\" content=\"article\" \/>\n<meta property=\"og:title\" content=\"Subcapitalizaci\u00f3n Art\u00edculo 118-1 E.T. - Contadores P\u00fablicos\" \/>\n<meta property=\"og:description\" content=\"An\u00e1lisis del art\u00edculo 118-1 del Estatuto Tributario, el cual trata el tema de la subcapitalizaci\u00f3n.\" \/>\n<meta property=\"og:url\" content=\"https:\/\/contadoreshoy.com\/?p=5639\" \/>\n<meta property=\"og:site_name\" content=\"Contadores P\u00fablicos\" \/>\n<meta property=\"article:publisher\" content=\"https:\/\/www.facebook.com\/CCCPBucaramanga\/\" \/>\n<meta property=\"article:published_time\" content=\"2022-03-22T13:00:00+00:00\" \/>\n<meta property=\"article:modified_time\" content=\"2023-08-22T02:21:44+00:00\" \/>\n<meta property=\"og:image\" content=\"https:\/\/contadoreshoy.com\/wp-content\/uploads\/2016\/04\/Porcentaje.jpg\" \/>\n\t<meta property=\"og:image:width\" content=\"600\" \/>\n\t<meta property=\"og:image:height\" content=\"400\" \/>\n\t<meta property=\"og:image:type\" content=\"image\/jpeg\" \/>\n<meta name=\"author\" content=\"Miguel Antonio M\u00e1rquez Monta\u00f1ez\" \/>\n<meta name=\"twitter:card\" content=\"summary_large_image\" \/>\n<meta name=\"twitter:label1\" content=\"Escrito por\" \/>\n\t<meta name=\"twitter:data1\" content=\"Miguel Antonio M\u00e1rquez Monta\u00f1ez\" \/>\n\t<meta name=\"twitter:label2\" content=\"Tiempo de lectura\" \/>\n\t<meta name=\"twitter:data2\" content=\"15 minutos\" \/>\n<script type=\"application\/ld+json\" class=\"yoast-schema-graph\">{\"@context\":\"https:\\\/\\\/schema.org\",\"@graph\":[{\"@type\":\"Article\",\"@id\":\"https:\\\/\\\/contadoreshoy.com\\\/?p=5639#article\",\"isPartOf\":{\"@id\":\"https:\\\/\\\/contadoreshoy.com\\\/?p=5639\"},\"author\":{\"name\":\"Miguel Antonio M\u00e1rquez Monta\u00f1ez\",\"@id\":\"https:\\\/\\\/contadoreshoy.com\\\/#\\\/schema\\\/person\\\/96d8979cb865537c5dc9345e40089fc5\"},\"headline\":\"Subcapitalizaci\u00f3n Art\u00edculo 118-1 E.T.\",\"datePublished\":\"2022-03-22T13:00:00+00:00\",\"dateModified\":\"2023-08-22T02:21:44+00:00\",\"mainEntityOfPage\":{\"@id\":\"https:\\\/\\\/contadoreshoy.com\\\/?p=5639\"},\"wordCount\":3382,\"commentCount\":0,\"publisher\":{\"@id\":\"https:\\\/\\\/contadoreshoy.com\\\/#organization\"},\"image\":{\"@id\":\"https:\\\/\\\/contadoreshoy.com\\\/?p=5639#primaryimage\"},\"thumbnailUrl\":\"https:\\\/\\\/contadoreshoy.com\\\/wp-content\\\/uploads\\\/2016\\\/04\\\/Porcentaje.jpg\",\"articleSection\":{\"1\":\"Uncategorized\"},\"inLanguage\":\"es\",\"potentialAction\":[{\"@type\":\"CommentAction\",\"name\":\"Comment\",\"target\":[\"https:\\\/\\\/contadoreshoy.com\\\/?p=5639#respond\"]}]},{\"@type\":\"WebPage\",\"@id\":\"https:\\\/\\\/contadoreshoy.com\\\/?p=5639\",\"url\":\"https:\\\/\\\/contadoreshoy.com\\\/?p=5639\",\"name\":\"Subcapitalizaci\u00f3n Art\u00edculo 118-1 E.T. - Contadores P\u00fablicos\",\"isPartOf\":{\"@id\":\"https:\\\/\\\/contadoreshoy.com\\\/#website\"},\"primaryImageOfPage\":{\"@id\":\"https:\\\/\\\/contadoreshoy.com\\\/?p=5639#primaryimage\"},\"image\":{\"@id\":\"https:\\\/\\\/contadoreshoy.com\\\/?p=5639#primaryimage\"},\"thumbnailUrl\":\"https:\\\/\\\/contadoreshoy.com\\\/wp-content\\\/uploads\\\/2016\\\/04\\\/Porcentaje.jpg\",\"datePublished\":\"2022-03-22T13:00:00+00:00\",\"dateModified\":\"2023-08-22T02:21:44+00:00\",\"breadcrumb\":{\"@id\":\"https:\\\/\\\/contadoreshoy.com\\\/?p=5639#breadcrumb\"},\"inLanguage\":\"es\",\"potentialAction\":[{\"@type\":\"ReadAction\",\"target\":[\"https:\\\/\\\/contadoreshoy.com\\\/?p=5639\"]}]},{\"@type\":\"ImageObject\",\"inLanguage\":\"es\",\"@id\":\"https:\\\/\\\/contadoreshoy.com\\\/?p=5639#primaryimage\",\"url\":\"https:\\\/\\\/contadoreshoy.com\\\/wp-content\\\/uploads\\\/2016\\\/04\\\/Porcentaje.jpg\",\"contentUrl\":\"https:\\\/\\\/contadoreshoy.com\\\/wp-content\\\/uploads\\\/2016\\\/04\\\/Porcentaje.jpg\",\"width\":600,\"height\":400},{\"@type\":\"BreadcrumbList\",\"@id\":\"https:\\\/\\\/contadoreshoy.com\\\/?p=5639#breadcrumb\",\"itemListElement\":[{\"@type\":\"ListItem\",\"position\":1,\"name\":\"Portada\",\"item\":\"https:\\\/\\\/contadoreshoy.com\\\/\"},{\"@type\":\"ListItem\",\"position\":2,\"name\":\"Subcapitalizaci\u00f3n Art\u00edculo 118-1 E.T.\"}]},{\"@type\":\"WebSite\",\"@id\":\"https:\\\/\\\/contadoreshoy.com\\\/#website\",\"url\":\"https:\\\/\\\/contadoreshoy.com\\\/\",\"name\":\"Contadorespublicossantander\",\"description\":\"Portal para Contadores P\u00fablicos y empresarios\",\"publisher\":{\"@id\":\"https:\\\/\\\/contadoreshoy.com\\\/#organization\"},\"potentialAction\":[{\"@type\":\"SearchAction\",\"target\":{\"@type\":\"EntryPoint\",\"urlTemplate\":\"https:\\\/\\\/contadoreshoy.com\\\/?s={search_term_string}\"},\"query-input\":{\"@type\":\"PropertyValueSpecification\",\"valueRequired\":true,\"valueName\":\"search_term_string\"}}],\"inLanguage\":\"es\"},{\"@type\":\"Organization\",\"@id\":\"https:\\\/\\\/contadoreshoy.com\\\/#organization\",\"name\":\"Contadores P\u00fablicos de Santander\",\"url\":\"https:\\\/\\\/contadoreshoy.com\\\/\",\"logo\":{\"@type\":\"ImageObject\",\"inLanguage\":\"es\",\"@id\":\"https:\\\/\\\/contadoreshoy.com\\\/#\\\/schema\\\/logo\\\/image\\\/\",\"url\":\"https:\\\/\\\/contadoreshoy.com\\\/wp-content\\\/uploads\\\/2024\\\/01\\\/cropped-cropped-Copia-de-M-1.jpg\",\"contentUrl\":\"https:\\\/\\\/contadoreshoy.com\\\/wp-content\\\/uploads\\\/2024\\\/01\\\/cropped-cropped-Copia-de-M-1.jpg\",\"width\":499,\"height\":500,\"caption\":\"Contadores P\u00fablicos de Santander\"},\"image\":{\"@id\":\"https:\\\/\\\/contadoreshoy.com\\\/#\\\/schema\\\/logo\\\/image\\\/\"},\"sameAs\":[\"https:\\\/\\\/www.facebook.com\\\/CCCPBucaramanga\\\/\"]},{\"@type\":\"Person\",\"@id\":\"https:\\\/\\\/contadoreshoy.com\\\/#\\\/schema\\\/person\\\/96d8979cb865537c5dc9345e40089fc5\",\"name\":\"Miguel Antonio M\u00e1rquez Monta\u00f1ez\",\"description\":\"Contador P\u00fablico egresado de la Universidad Aut\u00f3noma de Bucaramanga - Asesor contable tributario con m\u00e1s de 25 a\u00f1os de experiencia - Conferencista en temas contables y tributarios - T\u00e9cnico en Hardware y Dise\u00f1o Web - Creador y director Grupo de Estudio Colegio Colombiano de Contadores P\u00fablicos de Bucaramanga - Creador y Master Web p\u00e1gina www.contadoresp\u00fablicossantander.com - Expresidente Colegio Colombiano de Contadores P\u00fablicos Bucaramanga\",\"url\":\"https:\\\/\\\/contadoreshoy.com\\\/?author=1\"}]}<\/script>\n<!-- \/ Yoast SEO plugin. -->","yoast_head_json":{"title":"Subcapitalizaci\u00f3n Art\u00edculo 118-1 E.T. - Contadores P\u00fablicos","robots":{"index":"index","follow":"follow","max-snippet":"max-snippet:-1","max-image-preview":"max-image-preview:large","max-video-preview":"max-video-preview:-1"},"canonical":"https:\/\/contadoreshoy.com\/?p=5639","og_locale":"es_ES","og_type":"article","og_title":"Subcapitalizaci\u00f3n Art\u00edculo 118-1 E.T. - Contadores P\u00fablicos","og_description":"An\u00e1lisis del art\u00edculo 118-1 del Estatuto Tributario, el cual trata el tema de la subcapitalizaci\u00f3n.","og_url":"https:\/\/contadoreshoy.com\/?p=5639","og_site_name":"Contadores P\u00fablicos","article_publisher":"https:\/\/www.facebook.com\/CCCPBucaramanga\/","article_published_time":"2022-03-22T13:00:00+00:00","article_modified_time":"2023-08-22T02:21:44+00:00","og_image":[{"width":600,"height":400,"url":"https:\/\/contadoreshoy.com\/wp-content\/uploads\/2016\/04\/Porcentaje.jpg","type":"image\/jpeg"}],"author":"Miguel Antonio M\u00e1rquez Monta\u00f1ez","twitter_card":"summary_large_image","twitter_misc":{"Escrito por":"Miguel Antonio M\u00e1rquez Monta\u00f1ez","Tiempo de lectura":"15 minutos"},"schema":{"@context":"https:\/\/schema.org","@graph":[{"@type":"Article","@id":"https:\/\/contadoreshoy.com\/?p=5639#article","isPartOf":{"@id":"https:\/\/contadoreshoy.com\/?p=5639"},"author":{"name":"Miguel Antonio M\u00e1rquez Monta\u00f1ez","@id":"https:\/\/contadoreshoy.com\/#\/schema\/person\/96d8979cb865537c5dc9345e40089fc5"},"headline":"Subcapitalizaci\u00f3n Art\u00edculo 118-1 E.T.","datePublished":"2022-03-22T13:00:00+00:00","dateModified":"2023-08-22T02:21:44+00:00","mainEntityOfPage":{"@id":"https:\/\/contadoreshoy.com\/?p=5639"},"wordCount":3382,"commentCount":0,"publisher":{"@id":"https:\/\/contadoreshoy.com\/#organization"},"image":{"@id":"https:\/\/contadoreshoy.com\/?p=5639#primaryimage"},"thumbnailUrl":"https:\/\/contadoreshoy.com\/wp-content\/uploads\/2016\/04\/Porcentaje.jpg","articleSection":{"1":"Uncategorized"},"inLanguage":"es","potentialAction":[{"@type":"CommentAction","name":"Comment","target":["https:\/\/contadoreshoy.com\/?p=5639#respond"]}]},{"@type":"WebPage","@id":"https:\/\/contadoreshoy.com\/?p=5639","url":"https:\/\/contadoreshoy.com\/?p=5639","name":"Subcapitalizaci\u00f3n Art\u00edculo 118-1 E.T. - Contadores P\u00fablicos","isPartOf":{"@id":"https:\/\/contadoreshoy.com\/#website"},"primaryImageOfPage":{"@id":"https:\/\/contadoreshoy.com\/?p=5639#primaryimage"},"image":{"@id":"https:\/\/contadoreshoy.com\/?p=5639#primaryimage"},"thumbnailUrl":"https:\/\/contadoreshoy.com\/wp-content\/uploads\/2016\/04\/Porcentaje.jpg","datePublished":"2022-03-22T13:00:00+00:00","dateModified":"2023-08-22T02:21:44+00:00","breadcrumb":{"@id":"https:\/\/contadoreshoy.com\/?p=5639#breadcrumb"},"inLanguage":"es","potentialAction":[{"@type":"ReadAction","target":["https:\/\/contadoreshoy.com\/?p=5639"]}]},{"@type":"ImageObject","inLanguage":"es","@id":"https:\/\/contadoreshoy.com\/?p=5639#primaryimage","url":"https:\/\/contadoreshoy.com\/wp-content\/uploads\/2016\/04\/Porcentaje.jpg","contentUrl":"https:\/\/contadoreshoy.com\/wp-content\/uploads\/2016\/04\/Porcentaje.jpg","width":600,"height":400},{"@type":"BreadcrumbList","@id":"https:\/\/contadoreshoy.com\/?p=5639#breadcrumb","itemListElement":[{"@type":"ListItem","position":1,"name":"Portada","item":"https:\/\/contadoreshoy.com\/"},{"@type":"ListItem","position":2,"name":"Subcapitalizaci\u00f3n Art\u00edculo 118-1 E.T."}]},{"@type":"WebSite","@id":"https:\/\/contadoreshoy.com\/#website","url":"https:\/\/contadoreshoy.com\/","name":"Contadorespublicossantander","description":"Portal para Contadores P\u00fablicos y empresarios","publisher":{"@id":"https:\/\/contadoreshoy.com\/#organization"},"potentialAction":[{"@type":"SearchAction","target":{"@type":"EntryPoint","urlTemplate":"https:\/\/contadoreshoy.com\/?s={search_term_string}"},"query-input":{"@type":"PropertyValueSpecification","valueRequired":true,"valueName":"search_term_string"}}],"inLanguage":"es"},{"@type":"Organization","@id":"https:\/\/contadoreshoy.com\/#organization","name":"Contadores P\u00fablicos de Santander","url":"https:\/\/contadoreshoy.com\/","logo":{"@type":"ImageObject","inLanguage":"es","@id":"https:\/\/contadoreshoy.com\/#\/schema\/logo\/image\/","url":"https:\/\/contadoreshoy.com\/wp-content\/uploads\/2024\/01\/cropped-cropped-Copia-de-M-1.jpg","contentUrl":"https:\/\/contadoreshoy.com\/wp-content\/uploads\/2024\/01\/cropped-cropped-Copia-de-M-1.jpg","width":499,"height":500,"caption":"Contadores P\u00fablicos de Santander"},"image":{"@id":"https:\/\/contadoreshoy.com\/#\/schema\/logo\/image\/"},"sameAs":["https:\/\/www.facebook.com\/CCCPBucaramanga\/"]},{"@type":"Person","@id":"https:\/\/contadoreshoy.com\/#\/schema\/person\/96d8979cb865537c5dc9345e40089fc5","name":"Miguel Antonio M\u00e1rquez Monta\u00f1ez","description":"Contador P\u00fablico egresado de la Universidad Aut\u00f3noma de Bucaramanga - Asesor contable tributario con m\u00e1s de 25 a\u00f1os de experiencia - Conferencista en temas contables y tributarios - T\u00e9cnico en Hardware y Dise\u00f1o Web - Creador y director Grupo de Estudio Colegio Colombiano de Contadores P\u00fablicos de Bucaramanga - Creador y Master Web p\u00e1gina www.contadoresp\u00fablicossantander.com - Expresidente Colegio Colombiano de Contadores P\u00fablicos Bucaramanga","url":"https:\/\/contadoreshoy.com\/?author=1"}]}},"_links":{"self":[{"href":"https:\/\/contadoreshoy.com\/index.php?rest_route=\/wp\/v2\/posts\/5639","targetHints":{"allow":["GET"]}}],"collection":[{"href":"https:\/\/contadoreshoy.com\/index.php?rest_route=\/wp\/v2\/posts"}],"about":[{"href":"https:\/\/contadoreshoy.com\/index.php?rest_route=\/wp\/v2\/types\/post"}],"author":[{"embeddable":true,"href":"https:\/\/contadoreshoy.com\/index.php?rest_route=\/wp\/v2\/users\/1"}],"replies":[{"embeddable":true,"href":"https:\/\/contadoreshoy.com\/index.php?rest_route=%2Fwp%2Fv2%2Fcomments&post=5639"}],"version-history":[{"count":18,"href":"https:\/\/contadoreshoy.com\/index.php?rest_route=\/wp\/v2\/posts\/5639\/revisions"}],"predecessor-version":[{"id":14332,"href":"https:\/\/contadoreshoy.com\/index.php?rest_route=\/wp\/v2\/posts\/5639\/revisions\/14332"}],"wp:featuredmedia":[{"embeddable":true,"href":"https:\/\/contadoreshoy.com\/index.php?rest_route=\/wp\/v2\/media\/7150"}],"wp:attachment":[{"href":"https:\/\/contadoreshoy.com\/index.php?rest_route=%2Fwp%2Fv2%2Fmedia&parent=5639"}],"wp:term":[{"taxonomy":"category","embeddable":true,"href":"https:\/\/contadoreshoy.com\/index.php?rest_route=%2Fwp%2Fv2%2Fcategories&post=5639"},{"taxonomy":"post_tag","embeddable":true,"href":"https:\/\/contadoreshoy.com\/index.php?rest_route=%2Fwp%2Fv2%2Ftags&post=5639"}],"curies":[{"name":"wp","href":"https:\/\/api.w.org\/{rel}","templated":true}]}}