{"id":5729,"date":"2015-09-02T23:34:16","date_gmt":"2015-09-03T04:34:16","guid":{"rendered":"http:\/\/colegiocolombianodecontadores.com\/?p=5729"},"modified":"2017-02-04T22:01:12","modified_gmt":"2017-02-05T03:01:12","slug":"decreto-1743-de-agosto-31-de-2015-ministerio-de-relaciones-exteriores","status":"publish","type":"post","link":"https:\/\/contadoreshoy.com\/?p=5729","title":{"rendered":"Decreto 1743 de agosto 31 de 2015 &#8211; Ministerio de Relaciones Exteriores"},"content":{"rendered":"<p style=\"text-align: center;\">MINISTERIO DE RELACIONES EXTERIORES<\/p>\n<p style=\"text-align: center;\"><strong>DECRETO N\u00daMERO 1743 DE 2015<\/strong><\/p>\n<p style=\"text-align: center;\">(agosto 31)<\/p>\n<p>&nbsp;<\/p>\n<p style=\"text-align: justify;\"><em>Por medio del cual se modifican parcialmente las disposiciones generales de las Oficinas Consulares Honorarias, Pasaportes, Visas, de la Protecci\u00f3n y Promoci\u00f3n de Nacionales en el exterior, del Retorno, del Fondo Especial para las Migraciones, de la Tarjeta de Registro Consular y disposiciones de Extranjer\u00eda, Control y Verificaci\u00f3n Migratoria,<\/em><em> de que tratan los Cap\u00edtulos III al XI, y 13, del T\u00edtulo I de la Parte 2 del Libro 2 del Decreto n\u00famero 1067 de 2015.<\/em><\/p>\n<p>&nbsp;<\/p>\n<p>El Presidente de la Rep\u00fablica de Colombia, en ejercicio de las facultades que le confiere el numeral 11 del art\u00edculo 189 de la Constituci\u00f3n Pol\u00edtica, y<\/p>\n<p>&nbsp;<\/p>\n<p style=\"text-align: center;\">CONSIDERANDO:<\/p>\n<p>&nbsp;<\/p>\n<p style=\"text-align: justify;\">\u00a0Que constituye una pol\u00edtica p\u00fablica gubernamental la simplificaci\u00f3n y compilaci\u00f3n org\u00e1nica del sistema nacional regulatorio, siendo menester contar con normas actuales, din\u00e1micas y que atiendan las necesidades de los connacionales tanto en territorio nacional como en el exterior.<\/p>\n<p style=\"text-align: justify;\">Que, en desarrollo de una pol\u00edtica gubernamental orientada a la racionalizaci\u00f3n y sim\u00adplificaci\u00f3n del ordenamiento jur\u00eddico, a la eficiencia econ\u00f3mica y social del sistema legal, y con la finalidad de afianzar la seguridad jur\u00eddica y facilitar la consulta ciudadana, el 26 de mayo fueron expedidos 21 decretos \u00fanicos Reglamentarios sectoriales que compilaron normas expedidas por el Presidente de la Rep\u00fablica en ejercicio de facultad reglamentaria del numeral 11 del art\u00edculo 189 de la Constituci\u00f3n Pol\u00edtica de Colombia.<\/p>\n<p style=\"text-align: justify;\">Que dada su naturaleza compilatoria, los Decretos \u00fanicos Reglamentarios deben ser actualizados continuamente, por lo que la metodolog\u00eda para la estructuraci\u00f3n de las normas que lo adicionen, modifiquen o deroguen debe responder a un sistema que permita insertarlas dentro del esquema propio de aquellos.<\/p>\n<p style=\"text-align: justify;\">Que mediante el Decreto n\u00famero 1067 de 2015, se expidi\u00f3 el Decreto \u00danico Regla\u00admentario del Sector Administrativo de Relaciones Exteriores.<\/p>\n<p style=\"text-align: justify;\">Que en este sentido, se hace necesario atender la din\u00e1mica normativa en materia migratoria, la cual exige actualizar de manera constante la regulaci\u00f3n, a fin que se mantenga acorde a las necesidades sociales, culturales, de seguridad y dem\u00e1s inter\u00e9s para el Estado colombiano, sea porque corresponda al desarrollo de pol\u00edtica migrato\u00adria interna o porque deba ajustarse al cumplimiento de compromisos adquiridos en el \u00e1mbito internacional.<\/p>\n<p style=\"text-align: justify;\">Que de acuerdo a la actualidad del Estado colombiano, a los compromisos internacio\u00adnales, se hace necesario modificar parcialmente y actualizar las disposiciones generales de las Oficinas Consulares Honorarias, Pasaportes, Visas, de la Protecci\u00f3n y Promoci\u00f3n de Nacionales en el exterior, el Retorno de Nacionales en el exteriores, del Fondo Especial para las Migraciones, de la Tarjeta de Registro Consular y disposiciones de Control, Vigilancia y Verificaci\u00f3n Migratoria.<\/p>\n<p style=\"text-align: justify;\">Que de acuerdo a lo anterior y conforme a la facultad residual reglamentaria del Mi\u00adnistro de Relaciones Exteriores, los aspectos procedimentales, administrativos y de tr\u00e1mite propios de las visas y de los pasaportes, se regular\u00e1n a trav\u00e9s de resoluci\u00f3n ministerial, sin perder su fuerza vinculante, en el que se permita un manejo m\u00e1s efectivo frente a la din\u00e1mica migratoria.<\/p>\n<p style=\"text-align: justify;\">Que en relaci\u00f3n a las modificaciones que se incluir\u00e1n de competencia de la Unidad Administrativa Especial Migraci\u00f3n Colombia, encuentran su sustento en las funciones propias establecidas a la entidad a trav\u00e9s del Decreto n\u00famero 4062 de 2011, \u201c<em>por el cual se crea la Unidad Administrativa Especial Migraci\u00f3n Colombia, se establece su objetivo y estructura<\/em>\u201d, el cual se\u00f1ala en su Art\u00edculo 4\u00b0 que son funciones de Migraci\u00f3n Colombia, entre otras, las de: (i) Ejercer la vigilancia y el control migratorio de na\u00adcionales y extranjeros en el territorio nacional (ii) Llevar el registro de identificaci\u00f3n de extranjeros y efectuar en el territorio nacional la verificaci\u00f3n migratoria de los mismos y (iii) Capturar, registrar, procesar, administrar y analizar la informaci\u00f3n de car\u00e1cter migratorio y de extranjer\u00eda para la toma de decisiones y consolidaci\u00f3n de pol\u00edticas en esta materia.<\/p>\n<p>\u00a0En m\u00e9rito de lo expuesto,<\/p>\n<p style=\"text-align: center;\">DECRETA:<\/p>\n<p>&nbsp;<\/p>\n<p style=\"text-align: justify;\">Art\u00edculo 1\u00b0. <strong>Modif\u00edquese <\/strong>el art\u00edculo 2.2.1.3.4 del Cap\u00edtulo III del T\u00edtulo I de la Parte 2 del Libro 2 del Decreto n\u00famero 1067 de 2015, el cual quedar\u00e1 as\u00ed:<\/p>\n<p style=\"text-align: justify;\"><strong>Art\u00edculo 2.2.1.3.4. <em>Control de las Oficinas Consulares Honorarias<\/em><\/strong>. Las Misiones Diplom\u00e1ticas y Oficinas Consulares de carrera vigilar\u00e1n de manera permanente el servicio brindado por las Oficinas Consulares Honorarias pertenecientes a su concurrencia y cir\u00adcunscripci\u00f3n, respectivamente, para que cumplan correctamente sus funciones y presten la debida asistencia en los t\u00e9rminos contemplados en este cap\u00edtulo.<\/p>\n<p style=\"text-align: justify;\">Art\u00edculo 2\u00b0. <strong>Modif\u00edquese <\/strong>el art\u00edculo 2.2.1.3.5 del Cap\u00edtulo III del T\u00edtulo I de la Parte 2 del Libro 2 del Decreto n\u00famero 1067 de 2015, el cual quedar\u00e1 as\u00ed:<\/p>\n<p style=\"text-align: justify;\"><strong>Art\u00edculo 2.2.1.3.5. <em>Dependencia de las Oficinas Consulares Honorarias<\/em><\/strong>. Las Oficinas Consulares Honorarias depender\u00e1n de la Misi\u00f3n Diplom\u00e1tica acreditada o concurrente ante el Estado receptor para los asuntos pol\u00edticos, econ\u00f3micos, comerciales y culturales; en materia consular, estar\u00e1n sujetas a las instrucciones que imparta la Oficina Consular de carrera a la que corresponda atender la circunscripci\u00f3n donde se encuentren.<\/p>\n<p style=\"text-align: justify;\">Art\u00edculo 3\u00b0. <strong>Modif\u00edquense <\/strong>los literales b y c del art\u00edculo 2.2.1.3.1.2 de la Secci\u00f3n 1 del Cap\u00edtulo III del T\u00edtulo I de la Parte 2 del Libro 2 del Decreto n\u00famero 1067 de 2015, los cuales quedar\u00e1n as\u00ed:<\/p>\n<p><strong>Art\u00edculo 2.2.1.3.1.2. <em>Funciones. <\/em><\/strong><\/p>\n<p>&nbsp;<\/p>\n<ol>\n<li>b) Prestar ayuda y asistencia a los colombianos, sean personas naturales o jur\u00eddicas, y servir de v\u00ednculo entre estos y la Oficina Consular de carrera o la Misi\u00f3n Diplom\u00e1tica correspondiente;<\/li>\n<\/ol>\n<p>&nbsp;<\/p>\n<ol>\n<li>c) Obtener informaci\u00f3n por todos los medios l\u00edcitos de las condiciones y de la evoluci\u00f3n de la vida comercial, econ\u00f3mica, cultural y cient\u00edfica del Estado receptor e informar sobre ello a la Misi\u00f3n Diplom\u00e1tica correspondiente.<\/li>\n<\/ol>\n<p>&nbsp;<\/p>\n<p style=\"text-align: justify;\">Art\u00edculo 4\u00b0. <strong>Modif\u00edquese <\/strong>el art\u00edculo 2.2.1.3.1.3 de la Secci\u00f3n 1 del Cap\u00edtulo III del T\u00edtulo I de la Parte 2 del Libro 2 del Decreto n\u00famero 1067 de 2015, el cual quedar\u00e1 as\u00ed:<\/p>\n<p style=\"text-align: justify;\"><strong>Art\u00edculo 2.2.1.3.1.3. <em>Apertura<\/em><\/strong>. La propuesta de apertura de una Oficina Consular Ho\u00adnoraria estar\u00e1 a cargo exclusivamente de la Misi\u00f3n Diplom\u00e1tica acreditada o concurrente en el pa\u00eds donde funcionar\u00e1 la Oficina Consular Honoraria; a falta de esta, de la Oficina Consular de carrera que tenga la circunscripci\u00f3n.<\/p>\n<p style=\"text-align: justify;\">La propuesta de apertura de la Oficina Consular Honoraria y el nombramiento del fun\u00adcionario consular honorario tendr\u00e1 que incluir la circunscripci\u00f3n consular, clase de oficina a abrir, justificaci\u00f3n de la conveniencia de la apertura y<\/p>\n<p style=\"text-align: justify;\">del nombramiento, periodo durante el cual ser\u00e1 designado el c\u00f3nsul honorario, el cual no podr\u00e1 exceder de cuatro (4) a\u00f1os, renovables a solicitud de la respectiva Misi\u00f3n Diplom\u00e1tica.<\/p>\n<p style=\"text-align: justify;\">As\u00ed mismo deber\u00e1 contener anexos los documentos soporte para el nombramiento del funcionario consular Honorario.<\/p>\n<p style=\"text-align: justify;\">La propuesta deber\u00e1 ser elevada a la Direcci\u00f3n de Asuntos Migratorios, Consulares y Servicio al Ciudadano para su estudio y eventual aprobaci\u00f3n, la cual requerir\u00e1 adem\u00e1s el concepto favorable de la Direcci\u00f3n que se ocupe del \u00e1rea geogr\u00e1fica en donde estar\u00e1 la nueva Oficina consular honoraria.<\/p>\n<p style=\"text-align: justify;\">Art\u00edculo 5\u00b0. <strong>Modif\u00edquese <\/strong>el art\u00edculo 2.2.1.3.1.4 de la Secci\u00f3n 1 del Cap\u00edtulo III del T\u00edtulo I de la Parte 2 del Libro 2 del Decreto n\u00famero 1067 de 2015, el cual quedar\u00e1 as\u00ed:<\/p>\n<p style=\"text-align: justify;\"><strong>Art\u00edculo 2.2.1.3.1.4. <em>Exequ\u00e1tur<\/em><\/strong>. Una vez aceptada la propuesta, la Direcci\u00f3n de Asun\u00adtos Migratorios, Consulares y Servicio al Ciudadano autorizar\u00e1 a la Misi\u00f3n Diplom\u00e1tica Colombiana en el pa\u00eds que corresponda, solicitar al Gobierno receptor la respectiva auto\u00adrizaci\u00f3n para la apertura de la Oficina Consular Honoraria, informando la sede, la clase, la circunscripci\u00f3n que tendr\u00e1, y el nombre de la persona que se va a designar como c\u00f3nsul honorario, de acuerdo con lo dispuesto en el art\u00edculo 4\u00b0 de la Convenci\u00f3n de Viena de 1963 sobre Relaciones Consulares.<\/p>\n<p style=\"text-align: justify;\">Art\u00edculo 6\u00b0. <strong>Modif\u00edquese <\/strong>el art\u00edculo 2.2.1.3.1.5 de la Secci\u00f3n 1 del Cap\u00edtulo III del T\u00edtulo I de la Parte 2 del Libro 2 del Decreto n\u00famero 1067 de 2015, el cual quedar\u00e1 as\u00ed:<\/p>\n<p style=\"text-align: justify;\"><strong>Art\u00edculo 2.2.1.3.1.5. <em>Preparaci\u00f3n del decreto de creaci\u00f3n de la Oficina Consular Ho\u00adnoraria<\/em><\/strong>. La Misi\u00f3n Diplom\u00e1tica o en su defecto, la Oficina Consular de carrera de la cual depender\u00e1 la Oficina Consular Honoraria, informar\u00e1 a la Direcci\u00f3n de Asuntos Migratorios, Consulares y Servicio al Ciudadano sobre el consentimiento del Estado receptor, y en caso de ser positivo, se elaborar\u00e1 el decreto de creaci\u00f3n y nombramiento, se emitir\u00e1n las Letras Patentes y se remitir\u00e1n a la respectiva Misi\u00f3n Diplom\u00e1tica para su notificaci\u00f3n al Gobierno del Estado receptor y al interesado.<\/p>\n<p style=\"text-align: justify;\">Art\u00edculo 7\u00b0. <strong>Modif\u00edquese <\/strong>el art\u00edculo 2.2.1.3.1.8 de la Secci\u00f3n 1 del Cap\u00edtulo III del T\u00edtulo I de la Parte 2 del Libro 2 del Decreto n\u00famero 1067 de 2015, el cual quedar\u00e1 as\u00ed:<\/p>\n<p style=\"text-align: justify;\"><strong>Art\u00edculo 2.2.1.3.1.8. <em>Obligaci\u00f3n de uso y exhibici\u00f3n de la bandera y escudo nacionales. <\/em><\/strong>Las Oficinas Consulares Honorarias deber\u00e1n obligatoriamente usar y exhibir la bandera y el escudo nacionales, que ser\u00e1n suministrados por el Ministerio de Relaciones Exteriores, Direcci\u00f3n del Protocolo.<\/p>\n<p style=\"text-align: justify;\">Art\u00edculo 8\u00b0. <strong>Modif\u00edquese <\/strong>el art\u00edculo 2.2.1.3.1.10 de la Secci\u00f3n 1 del Cap\u00edtulo III del T\u00edtulo I de la Parte 2 del Libro 2 del Decreto n\u00famero 1067 de 2015, el cual quedar\u00e1 as\u00ed:<\/p>\n<p style=\"text-align: justify;\"><strong>Art\u00edculo 2.2.1.3.1.10. <em>Horario de atenci\u00f3n de la oficina<\/em><\/strong>. Las Oficinas Consulares Ho\u00adnorarias tendr\u00e1n la obligaci\u00f3n de coordinar con la Misi\u00f3n Diplom\u00e1tica u Oficina Consular de carrera correspondiente, el horario de atenci\u00f3n al p\u00fablico de conformidad con el volumen de trabajo que deban atender. Dicha informaci\u00f3n deber\u00e1 ser remitida a la Direcci\u00f3n de Asuntos Migratorios, Consulares y Servicio al Ciudadano, y publicada en un lugar visible de la Oficina Consular Honoraria.<\/p>\n<p style=\"text-align: justify;\">Art\u00edculo 9\u00b0. <strong>Modif\u00edquese <\/strong>el art\u00edculo 2.2.1.3.2.2 de la secci\u00f3n 2 del Cap\u00edtulo III del T\u00edtulo I de la Parte 2 del Libro 2 del Decreto n\u00famero 1067 de 2015, el cual quedar\u00e1 as\u00ed:<\/p>\n<p style=\"text-align: justify;\"><strong>\u00a0<\/strong><\/p>\n<p style=\"text-align: justify;\"><strong>Art\u00edculo 2.2.1.3.2.2. <em>Requisitos<\/em>. <\/strong>Para efectos de su designaci\u00f3n, el candidato a C\u00f3nsul Honorario deber\u00e1 cumplir los siguientes requisitos:<\/p>\n<p>&nbsp;<\/p>\n<ol>\n<li>a) Ser nacional colombiano residente legalmente en el Estado receptor, o nacional del Estado receptor, o extranjero residente legalmente en el Estado receptor, y residir obliga\u00adtoriamente en la circunscripci\u00f3n donde llevar\u00e1 a cabo sus funciones;<\/li>\n<li>b) Ser mayor de edad conforme la legislaci\u00f3n colombiana y a la legislaci\u00f3n del Estado receptor;<\/li>\n<li>c) Acreditar que cuenta con recursos que le permitir\u00e1n asumir dignamente los gastos que le demande el sostenimiento de la Oficina Consular Honoraria, seg\u00fan lo dispuesto en este cap\u00edtulo;<\/li>\n<li>d) Hablar idioma espa\u00f1ol; y en caso de no hacerlo, deber\u00e1 asumir el compromiso de contar con el apoyo de un int\u00e9rprete, cuyos servicios puedan ser prestados cuando sean necesarios;<\/li>\n<li>e) Poseer t\u00edtulo universitario; en su defecto, acreditar mediante certificaciones que ha prestado especiales y relevantes servicios a los intereses colombianos; o demostrar a satisfacci\u00f3n del Ministerio de Relaciones Exteriores, que ocupa un lugar destacado en el comercio, la industria, las finanzas; en los sectores acad\u00e9mico, deportivo, art\u00edstico u otros de especial relevancia;<\/li>\n<li>f) Acreditar que es una persona de probada honorabilidad, seg\u00fan lo dispuesto en este cap\u00edtulo.<\/li>\n<li>g) No tener antecedentes penales.<\/li>\n<\/ol>\n<p>&nbsp;<\/p>\n<p style=\"text-align: justify;\">Art\u00edculo 10. <strong>Modif\u00edquese <\/strong>el art\u00edculo 2.2.1.3.2.3 de la secci\u00f3n 2 del Cap\u00edtulo III del T\u00edtulo I de la Parte 2 del Libro 2 del Decreto n\u00famero 1067 de 2015, el cual quedar\u00e1 as\u00ed:<\/p>\n<p style=\"text-align: justify;\"><strong>Art\u00edculo 2.2.1.3.2.3. <em>Entrevista<\/em><\/strong>. El candidato deber\u00e1 ser entrevistado por el Embaja\u00addor\u00b7 de la respectiva misi\u00f3n, quien emitir\u00e1, un concepto por escrito recomendando, si es del caso, su designaci\u00f3n.<\/p>\n<p style=\"text-align: justify;\">Art\u00edculo 11. <strong>Modif\u00edquese <\/strong>el art\u00edculo 2.2.1.3.2.4 de la secci\u00f3n 2 del Cap\u00edtulo III del T\u00edtulo I de la Parte 2 del Libro 2 del Decreto n\u00famero 1067 de 2015, el cual quedar\u00e1 as\u00ed:<\/p>\n<p style=\"text-align: justify;\"><strong>Art\u00edculo 2.2.1.3.2.4. <em>Nombramiento<\/em><\/strong>. Para el nombramiento de un C\u00f3nsul Honorario, la Misi\u00f3n Diplom\u00e1tica deber\u00e1 enviar a la Direcci\u00f3n de Asuntos Migratorios, Consulares y Servicio al Ciudadano; junto con la propuesta de apertura, los siguientes documentos:<\/p>\n<p>&nbsp;<\/p>\n<ol>\n<li>a) Hoja de vida del candidato a C\u00f3nsul honorario en la que declare su nacionalidad y direcci\u00f3n de residencia;<\/li>\n<li>b) Carta en espa\u00f1ol suscrita por el candidato y dirigida al Ministro de Relaciones Exte\u00adriores, en la que manifieste que dispone de tiempo para el ejercicio de la actividad consular, que conoce las disposiciones vigentes sobre la materia y su compromiso de respetarlas, y que asumir\u00e1 por su propia cuenta todos los gastos que genere el sostenimiento de la oficina consular y el ejercicio de la actividad consular, en caso de ser designado;<\/li>\n<li>c) Copia debidamente apostillada o legalizada, seg\u00fan el caso, y traducida; del t\u00edtulo universitario. A falta de este, las certificaciones que suplen el requisito, seg\u00fan lo dispuesto en el literal e) del art\u00edculo 2.2.1.3.2.2;<\/li>\n<li>d) Fotocopia del documento que acredite su nacionalidad;<\/li>\n<li>e) Remitir tres (3) recomendaciones expedidas por personas naturales o jur\u00eddicas, p\u00fa\u00adblicas o privadas del Estado receptor, en las que se pueda verificar que el candidato es una persona prestante, de buena conducta y de reconocimiento entre la comunidad del lugar donde ejercer\u00e1 la actividad consular;<\/li>\n<li>f) Remitir dos (2) certificaciones bancarias de entidades reconocidas en el Estado receptor;<\/li>\n<li>g) Remitir certificaci\u00f3n de antecedentes judiciales o de polic\u00eda, seg\u00fan las disposiciones de cada pa\u00eds; debidamente apostillada o legalizada, seg\u00fan el caso, y traducida;<\/li>\n<li>h) Concepto de la entrevista sostenida previamente con el Embajador acreditado o con concurrencia en el Estado receptor, acompa\u00f1ado de concepto de conveniencia sobre la designaci\u00f3n del postulado a C\u00f3nsul Honorario.<\/li>\n<\/ol>\n<p style=\"text-align: justify;\">Art\u00edculo 12. <strong>Adici\u00f3nense <\/strong>los literales o) y p) al art\u00edculo 2.2.1.3.2.5 de la Secci\u00f3n 2 del Cap\u00edtulo III del T\u00edtulo I de la Parte 2 del Libro 2 del Decreto n\u00famero 1067 de 2015, los cuales quedar\u00e1n as\u00ed:<\/p>\n<p style=\"text-align: justify;\"><strong>Art\u00edculo 2.2.1.3.2.5. <em>Deberes de los C\u00f3nsules Honorarios<\/em><\/strong>:<\/p>\n<p>&nbsp;<\/p>\n<ol start=\"2\">\n<li>o) Fijar el horario de atenci\u00f3n al p\u00fablico de acuerdo a lo establecido en el art\u00edculo 2.2.1.3.1.10;<\/li>\n<li>p) Mantener los archivos de la Oficina Consular Honorario en estricto orden.<\/li>\n<\/ol>\n<p>&nbsp;<\/p>\n<p>Art\u00edculo 13. <strong>Modif\u00edquese <\/strong>el art\u00edculo 2.2.1.3.2.6 de la secci\u00f3n 2 del Cap\u00edtulo III del T\u00edtulo I de la Parte 2 del Libro 2 del Decreto n\u00famero 1067 de 2015, el cual quedar\u00e1 as\u00ed:<\/p>\n<p>&nbsp;<\/p>\n<p><strong>Art\u00edculo 2.2.1.3.2.6. <em>Funciones de los C\u00f3nsules Honorarios<\/em><\/strong>. Son funciones de los c\u00f3nsules honorarios:<\/p>\n<p>&nbsp;<\/p>\n<ol>\n<li>a) Fomentar el desarrollo de relaciones comerciales, econ\u00f3micas, culturales y cient\u00edficas con el Estado receptor;<\/li>\n<li>b) Informarse por todos los medios l\u00edcitos de las condiciones y evoluci\u00f3n de la vida comercial, cultural, econ\u00f3mica, pol\u00edtica y cient\u00edfica del Estado receptor y comunicar sobre las mismas al Ministerio de Relaciones Exteriores por conducto de la Misi\u00f3n Diplom\u00e1tica u Oficina Consular de carrera correspondiente;<\/li>\n<li>c) Prestar ayuda y asistencia a las personas naturales y jur\u00eddicas colombianas que lo requieran;<\/li>\n<li>d) Velar dentro de los l\u00edmites que impongan las leyes y reglamentos del Estado recep\u00adtor, por los intereses de ni\u00f1os, ni\u00f1as y adolescentes y de los colombianos que carezcan de capacidad plena, residentes en su circunscripci\u00f3n consular;<\/li>\n<li>e) Proporcionar informaci\u00f3n comercial, tur\u00edstica y de promoci\u00f3n del pa\u00eds;<\/li>\n<li>f) Mantener relaciones de amistad y cooperaci\u00f3n con las autoridades locales con el fin de lograr una buena gesti\u00f3n;<\/li>\n<li>g) Servir de enlace entre los colombianos y la Oficina Consular de carrera correspondiente;<\/li>\n<li>h) Gestionar y apoyar la repatriaci\u00f3n de cad\u00e1veres de colombianos fallecidos;<\/li>\n<li>i) Colaborar en las jornadas electorales, con el visto bueno de la Direcci\u00f3n de Asuntos Migratorios, Consulares y Servicio al Ciudadano y previa autorizaci\u00f3n de la Registradur\u00eda Nacional del Estado Civil;<\/li>\n<li>j) Comunicar decisiones judiciales y extrajudiciales y diligenciar comisiones rogato\u00adrias en los casos que sea posible y bajo las instrucciones de la Oficina Consular de carrera correspondiente;<\/li>\n<li>k) Servir de enlace entre la Misi\u00f3n Diplom\u00e1tica y la Oficina Consular de carrera corres\u00adpondiente, ante el Estado receptor y las autoridades locales;<\/li>\n<li>l) Actualizar el registro consular de los Connacionales residentes en su circunscripci\u00f3n.<\/li>\n<\/ol>\n<p style=\"text-align: justify;\">Art\u00edculo 14. <strong>Der\u00f3guense <\/strong>los art\u00edculos 2.2.1.3.2.7, 2.2.1.3.2.8 y 2.2.1.3.2.11 de la secci\u00f3n 2 del Cap\u00edtulo III del T\u00edtulo I de la Parte 2 del Libro 2 del Decreto n\u00famero 1067 de 2015.<\/p>\n<p style=\"text-align: justify;\">Art\u00edculo 15. <strong>Modif\u00edquese <\/strong>el art\u00edculo 2.2.1.3.2.10 de la secci\u00f3n 2 del Cap\u00edtulo III del T\u00edtulo I de la Parte 2 del Libro 2 del Decreto n\u00famero 1067 de 2015, el cual quedar\u00e1 as\u00ed:<\/p>\n<p style=\"text-align: justify;\"><strong>Art\u00edculo 2.2.1.3.2.10. <em>Franquicias aduaneras<\/em><\/strong>. Las franquicias aduaneras a favor de las Oficinas Consulares Honorarias, comprenden el internamiento de escudos, banderas, letreros, timbres y sellos e impresos oficiales que sean suministrados por el Estado colom\u00adbiano. Estas solicitudes de franquicia ser\u00e1n remitidas por el Jefe de la Misi\u00f3n Diplom\u00e1tica, acreditado o con concurrencia ante el Estado receptor.<\/p>\n<p style=\"text-align: justify;\">Art\u00edculo 16. <strong>Modif\u00edquese <\/strong>el art\u00edculo 2.2.1.3.3.1 de la secci\u00f3n 3 del Cap\u00edtulo III del T\u00edtulo I de la Parte 2 del Libro 2 del Decreto n\u00famero 1067 de 2015, el cual quedar\u00e1 as\u00ed:<\/p>\n<p style=\"text-align: justify;\"><strong>Art\u00edculo 2.2.1.3.3.1. <em>Cesaci\u00f3n de funciones<\/em><\/strong>. Los C\u00f3nsules Honorarios cesar\u00e1n en sus funciones en los siguientes casos:<\/p>\n<ol>\n<li><strong>a) <\/strong>Por renuncia;<\/li>\n<li><strong>b) <\/strong>Por muerte;<\/li>\n<li><strong>c) <\/strong>Por remoci\u00f3n;<\/li>\n<li><strong>d) <\/strong>Por expiraci\u00f3n del t\u00e9rmino para el que fue designado si no se solicita su renovaci\u00f3n. Es responsabilidad del respectivo Embajador informar con dos (2) meses de anticipaci\u00f3n al vencimiento del per\u00edodo para el cual ha sido nombrado el C\u00f3nsul Honorario, si existe inter\u00e9s o no en mantenerlo en su cargo, con el fin de tramitar el decreto correspondiente. En caso de que el Jefe de Misi\u00f3n Diplom\u00e1tica responsable de informar sobre el vencimiento del t\u00e9rmino para el cual fue nombrado el C\u00f3nsul Honorario, no haga ninguna manifestaci\u00f3n al respecto, se entender\u00e1 que no existe inter\u00e9s en su continuaci\u00f3n y se producir\u00e1 el acto administrativo correspondiente;<\/li>\n<li><strong>e) <\/strong>Por incapacidad absoluta y permanente para el ejercicio de las funciones; y<\/li>\n<li><strong>f) <\/strong>Por supresi\u00f3n de la Oficina Consular Honoraria.<\/li>\n<\/ol>\n<p style=\"text-align: justify;\"><strong>Par\u00e1grafo. <\/strong>Cuando se configure la cesaci\u00f3n de funciones, la Misi\u00f3n Diplom\u00e1tica y Oficina Consular de carrera correspondiente ser\u00e1n conjuntamente responsables de recibir los archivos y documentos consulares que estuvieren en posesi\u00f3n del C\u00f3nsul Honorario. La custodia y posesi\u00f3n de los mismos corresponder\u00e1 a partir de dicho momento a la Misi\u00f3n Diplom\u00e1tica o a la Oficina Consular de carrera que los haya recibido.<\/p>\n<p style=\"text-align: justify;\">Art\u00edculo 17. <strong>Modif\u00edquese <\/strong>el art\u00edculo 2.2.1.3.3.2 de la secci\u00f3n 3 del Cap\u00edtulo III del T\u00edtulo I de la Parte 2 del Libro 2 del Decreto n\u00famero 1067 de 2015, el cual quedar\u00e1 as\u00ed:<\/p>\n<p style=\"text-align: justify;\"><strong>Art\u00edculo 2.2.1.3.3.2. <em>Renuncia<\/em><\/strong>. El C\u00f3nsul Honorario que presentare su renuncia, deber\u00e1 hacerlo por escrito dirigido al Ministro de Relaciones Exteriores, por conducto de la Misi\u00f3n Diplom\u00e1tica correspondiente, quien la remitir\u00e1 a la Direcci\u00f3n de Asuntos Migratorios, Consulares y Servicio al Ciudadano para el tr\u00e1mite correspondiente.<\/p>\n<p style=\"text-align: justify;\">Una vez se acepte la renuncia, se comunicar\u00e1 al interesado por intermedio de la Misi\u00f3n Diplom\u00e1tica correspondiente, que ser\u00e1 la responsable de informar del hecho al Estado receptor.<\/p>\n<p style=\"text-align: justify;\">Art\u00edculo 18. <strong>Modif\u00edquese <\/strong>el art\u00edculo 2.2.1.3.3.3 de la secci\u00f3n 3 del Cap\u00edtulo III del T\u00edtulo I de la Parte 2 del Libro 2 del Decreto n\u00famero 1067 de 2015, el cual quedar\u00e1 as\u00ed:<\/p>\n<p style=\"text-align: justify;\"><strong>Art\u00edculo 2.2.1.3.3.3. <em>Remoci\u00f3n<\/em><\/strong>. Los C\u00f3nsules Honorarios podr\u00e1n ser removidos de su cargo por las siguientes causales:<\/p>\n<p>&nbsp;<\/p>\n<ol>\n<li><strong>a) <\/strong>Por el incumplimiento manifiesto y comprobado de los deberes, funciones y obli\u00adgaciones establecidas en el Cap\u00edtulo Tercero del Decreto n\u00famero 1065 de 2015 o dem\u00e1s normas que lo modifiquen o adiciones;<\/li>\n<li><strong>b) <\/strong>Por las reiteradas faltas de respuesta a las observaciones y solicitudes efectuadas por cualquier dependencia del Ministerio de Relaciones Exteriores;<\/li>\n<li><strong>c) <\/strong>Por la falta de infraestructura f\u00edsica para la atenci\u00f3n al p\u00fablico;<\/li>\n<li><strong>d) <\/strong>Por haber sido declarado persona no grata por el Estado receptor, de conformidad con lo dispuesto en el art\u00edculo 23 de la Convenci\u00f3n de Viena sobre Relaciones Consulares de 1963.<\/li>\n<\/ol>\n<p>&nbsp;<\/p>\n<p>La Direcci\u00f3n de Asuntos Migratorios, Consulares y Servicio al Ciudadano revisar\u00e1 motu propio o a solicitud de cualquier dependencia del Ministerio de Relaciones Exterio\u00adres, si un C\u00f3nsul Honorario se encuentra incurso en alguna de estas causales, y en caso de verificarse la ocurrencia de una de ellas, remitir\u00e1 las actuaciones al despacho del Ministro de Relaciones Exteriores, quien tomar\u00e1 la decisi\u00f3n que corresponda.<\/p>\n<p>&nbsp;<\/p>\n<p>Art\u00edculo 19. <strong>Modif\u00edquese <\/strong>y adici\u00f3nese el Cap\u00edtulo 4 del T\u00edtulo I de la Parte 2 del Libro 2 del Decreto n\u00famero 1067 de 2015, el cual quedar\u00e1 as\u00ed:<\/p>\n<p>&nbsp;<\/p>\n<p style=\"text-align: center;\">CAP\u00cdTULO 4<\/p>\n<p>&nbsp;<\/p>\n<p style=\"text-align: center;\">PASAPORTES<\/p>\n<p>&nbsp;<\/p>\n<p style=\"text-align: justify;\"><strong>Art\u00edculo 2.2.1.4.1. <em>Definici\u00f3n de pasaporte<\/em><\/strong>.<span style=\"color: #0000ff;\"> El pasaporte es el documento que identifica a los colombianos en el exterior. Todo colombiano que viaje fuera del pa\u00eds deber\u00e1 estar provisto de un pasaporte v\u00e1lido, sin perjuicio de lo dispuesto en los tratados e instrumentos internacionales vigentes. El pasaporte ser\u00e1 expedido \u00fanicamente por el Ministerio de Rela\u00adciones Exteriores directamente o a trav\u00e9s de convenios suscritos para tal efecto.<\/span><\/p>\n<p style=\"text-align: justify;\"><strong>Par\u00e1grafo. <\/strong><span style=\"color: #0000ff;\">Ning\u00fan ciudadano podr\u00e1 ser titular de m\u00e1s de un pasaporte colombiano vigente. Las autoridades expedidoras y\/o migratorias de Colombia deber\u00e1n anular aquellos pasaportes que no correspondan al \u00faltimo vigente<\/span>. Se except\u00faan los pasaportes diplom\u00e1ticos, oficiales, de emergencia y exentos.<\/p>\n<p style=\"text-align: justify;\"><strong>\u00a0<\/strong><\/p>\n<p style=\"text-align: justify;\"><strong>Art\u00edculo 2.2.1.4.2. <em>Definici\u00f3n del pasaporte con zona de lectura mec\u00e1nica<\/em><\/strong>. Los pasa\u00adportes con zona de lectura mec\u00e1nica, son aquellos documentos de alta seguridad que inclu\u00adyen una hoja de datos que debe contener como m\u00ednimo la siguiente informaci\u00f3n: nombre, nacionalidad, lugar y fecha de nacimiento, sexo, n\u00famero y clase de identificaci\u00f3n, lugar y fecha de expedici\u00f3n, fecha de vencimiento y n\u00famero del pasaporte.<\/p>\n<p style=\"text-align: justify;\">En la parte inferior de la hoja de datos llevan la zona de lectura mec\u00e1nica que contiene un resumen de datos obligatorio en formato capaz de leerse mec\u00e1nicamente.<\/p>\n<p style=\"text-align: justify;\"><strong>Art\u00edculo 2.2.1.4.3 <em>Definici\u00f3n del pasaporte electr\u00f3nico<\/em><\/strong>. Los pasaportes electr\u00f3nicos son pasaportes de lectura mec\u00e1nica que contienen una microplaqueta de circuito integrado sin contacto, dentro de la cual se almacenan adem\u00e1s de los datos descritos en el art\u00edculo anterior, medidas biom\u00e9tricas del titular del pasaporte y un objeto de seguridad para proteger los datos all\u00ed incluidos y que se ajustan a las especificaciones que para ello ha establecido la OACI.<\/p>\n<p style=\"text-align: justify;\"><strong>Art\u00edculo 2.2.1.4.4. <em>De la reglamentaci\u00f3n de los pasaportes<\/em><\/strong>. El Ministerio de Relaciones Exteriores, reglamentar\u00e1 todo lo concerniente a las clases de pasaportes, a los requisitos para la expedici\u00f3n de los documentos de viaje y a los dem\u00e1s tr\u00e1mites y procedimientos relacionados con la materia.<\/p>\n<p style=\"text-align: justify;\">Art\u00edculo 20. <strong>Adici\u00f3nese <\/strong>el art\u00edculo 2.2.1.5.2 del Cap\u00edtulo 5 del T\u00edtulo I de la Parte 2 del Libro 2 del Decreto n\u00famero 1067 de 2015, el cual quedar\u00e1 as\u00ed:<\/p>\n<p style=\"text-align: center;\">CAP\u00cdTULO 5<\/p>\n<p style=\"text-align: center;\">PASAPORTES DIPLOM\u00c1TICOS Y OFICIALES<\/p>\n<p>&nbsp;<\/p>\n<p style=\"text-align: justify;\">A<strong>rt\u00edculo 2.2.1.5.2. <em>De la reglamentaci\u00f3n de los pasaportes Diplom\u00e1ticos y Oficiales<\/em><\/strong>. El Ministerio de Relaciones Exteriores, reglamentar\u00e1 los requisitos, tr\u00e1mites y dem\u00e1s pro\u00adcedimientos relacionados con los pasaportes Diplom\u00e1ticos y Oficiales.<\/p>\n<p style=\"text-align: justify;\">Art\u00edculo 21. <em>Protecci\u00f3n y asistencia de los colombianos en el exterior<\/em>. <strong>Modif\u00edquese <\/strong>el art\u00edculo 2.2.1.6.1 del Cap\u00edtulo 6 del T\u00edtulo I de la Parte 2 del Libro 2 del Decreto n\u00famero 1067 de 2015, el cual quedar\u00e1 as\u00ed:<\/p>\n<p style=\"text-align: justify;\"><strong>Art\u00edculo 2.2.1.6.1. <em>Protecci\u00f3n y asistencia de los colombianos en el exterior<\/em><\/strong>. El Ministerio de Relaciones Exteriores en coordinaci\u00f3n con las Misiones Diplom\u00e1ticas y Ofi\u00adcinas Consulares de Colombia acreditadas en el exterior, adelantar\u00e1 programas especiales de protecci\u00f3n y asistencia de los colombianos en el exterior, en aquellas materias de que trata el art\u00edculo 3\u00b0 de la Ley 76 de 1993; e igualmente promover\u00e1 con las comunidades residentes en el exterior, la preservaci\u00f3n y afirmaci\u00f3n de los valores hist\u00f3ricos, culturales y sociales de nuestra nacionalidad.<\/p>\n<p style=\"text-align: justify;\">Art\u00edculo 22. <strong>Modif\u00edquese <\/strong>el art\u00edculo 2.2.1.6.2 del Cap\u00edtulo 6 del T\u00edtulo I de la Parte 2 del Libro 2 del Decreto n\u00famero 1067 de 2015, el cual quedar\u00e1 as\u00ed:<\/p>\n<p style=\"text-align: justify;\"><strong>Art\u00edculo 2.2.1.6.2. <em>Contrataci\u00f3n de asesores<\/em><\/strong>. Los Consulados podr\u00e1n optar por la contrataci\u00f3n de asesor\u00eda jur\u00eddica y de asistencia social, para el desarrollo de los programas especiales de protecci\u00f3n y asistencia de los colombianos en el exterior; la cual se efectuar\u00e1 de conformidad con los objetivos y modalidades que se\u00f1ale el Ministerio de Relaciones Exteriores, que incluir\u00e1 necesariamente el control de gesti\u00f3n y de resultados de la asesor\u00eda contratada, sin perjuicio de las disposiciones legales pertinentes.<\/p>\n<p style=\"text-align: justify;\">Art\u00edculo 23. <strong>Modif\u00edquese <\/strong>el art\u00edculo 2.2.1.6.3 del Cap\u00edtulo VI del T\u00edtulo I de la Parte 2 del Libro 2 del Decreto n\u00famero 1067 de 2015, el cual quedar\u00e1 as\u00ed:<\/p>\n<p style=\"text-align: justify;\"><strong>Art\u00edculo 2.2.1.6.3. <em>El Comit\u00e9 de la Asistencia a Connacionales en el Exterior<\/em><\/strong>. El Comit\u00e9 de Asistencia a Connacionales en el Exterior, est\u00e1 regulado mediante resoluci\u00f3n ministerial y ser\u00e1 el encargado de evaluar y recomendar al Ministro de Relaciones Exteriores, la asignaci\u00f3n, cuant\u00eda y destino de las partidas que se deban otorgar<\/p>\n<p style=\"text-align: justify;\">para el desarrollo de la protecci\u00f3n de los derechos fundamentales de los colombianos en el exterior y la atenci\u00f3n de los casos que por su naturaleza ameriten la asistencia del Estado.<\/p>\n<p style=\"text-align: justify;\">Art\u00edculo 24. <strong>Modif\u00edquese <\/strong>el art\u00edculo 2.2.1.6.4 del Cap\u00edtulo 6 del T\u00edtulo I de la Parte 2 del Libro 2 del Decreto n\u00famero 1067 de 2015, el cual quedar\u00e1 as\u00ed:<\/p>\n<p style=\"text-align: justify;\"><strong>Art\u00edculo 2.2.1.6.4. <em>Estudio de proyecci\u00f3n y ejecuci\u00f3n de los programas especiales de promoci\u00f3n de las comunidades colombianas en el exterior<\/em><\/strong>. El Ministerio de Relaciones Exteriores, a trav\u00e9s de la Secretar\u00eda General y la Direcci\u00f3n de Asuntos Migratorios, Con\u00adsulares y Servicio al Ciudadano, en coordinaci\u00f3n con las Misiones Diplom\u00e1ticas y Oficinas Consulares de Colombia acreditadas en el exterior, estudiar\u00e1n la proyecci\u00f3n y ejecuci\u00f3n de los programas especiales de promoci\u00f3n de las comunidades colombianas en el exterior.<\/p>\n<p style=\"text-align: justify;\">Art\u00edculo 25. <strong>Modif\u00edquese <\/strong>el art\u00edculo 2.2.1.7.1 del Cap\u00edtulo 7 del T\u00edtulo I de la Parte 2 del Libro 2 del Decreto n\u00famero 1067 de 2015, el cual quedar\u00e1 as\u00ed:<\/p>\n<p style=\"text-align: justify;\"><strong>Art\u00edculo 2.2.1.7.1. <em>Verificaci\u00f3n de los requisitos de los beneficiarios de la ley<\/em><\/strong>. El Mi\u00adnisterio de Relaciones Exteriores, a trav\u00e9s de su p\u00e1gina web, pondr\u00e1 en marcha el Registro \u00danico de Retornados (en adelante \u201cRegistro\u201d) con el fin de recopilar la informaci\u00f3n de los colombianos que residen en el extranjero y que por voluntad propia deseen retornar al pa\u00eds. A trav\u00e9s del Registro se verificar\u00e1n los requisitos establecidos en el art\u00edculo 2 de la Ley 1565 de 2012 o las normas que la sustituyan, modifiquen o adicionen.<\/p>\n<p style=\"text-align: justify;\">Art\u00edculo 26. <strong>Modif\u00edquense <\/strong>los par\u00e1grafos segundo y tercero del art\u00edculo 2.2.1.7.2 del Cap\u00edtulo VII del T\u00edtulo I de la Parte 2 del Libro 2 del Decreto n\u00famero 1067 de 2015, los cuales quedar\u00e1n as\u00ed:<\/p>\n<p style=\"text-align: justify;\"><strong>Art\u00edculo 2.2.1.7.2 <em>Informaci\u00f3n del registro \u00fanico de retornados<\/em>:<\/strong><\/p>\n<p style=\"text-align: justify;\"><strong>Par\u00e1grafo 2\u00b0. <\/strong><span style=\"color: #0000ff;\">Al diligenciar el Registro, el colombiano residente en el extranjero estar\u00e1 manifestando su inter\u00e9s de retornar al pa\u00eds de conformidad con la Ley 1565 de 2012 o las normas que la sustituyan, modifiquen o adicionen.<\/span><\/p>\n<p style=\"text-align: justify;\"><strong>Par\u00e1grafo 3\u00b0. <\/strong>El Registro incluir\u00e1 la autorizaci\u00f3n del solicitante para que el Ministerio de Relaciones Exteriores consulte, haciendo uso de los medios electr\u00f3nicos establecidos para tal fin, los antecedentes judiciales, fiscales, disciplinarios y la informaci\u00f3n sobre los movimientos migratorios de los solicitantes. Lo anterior, con el fin de verificar los requisitos establecidos en el par\u00e1grafo 1\u00b0 del art\u00edculo 2\u00b0 de la Ley 1565 de 2012 o las normas que la sustituyan, modifique o adicionen.<\/p>\n<p style=\"text-align: justify;\">Art\u00edculo 27. <strong>Modif\u00edquese <\/strong>numeral 4 y el par\u00e1grafo del art\u00edculo 2.2.1.7.5 del Cap\u00edtulo 7 del T\u00edtulo I de la Parte 2 del Libro 2 del Decreto n\u00famero 1067 de 2015, el cual quedar\u00e1 as\u00ed: <strong>Art\u00edculo 2.2.1.7.5 <em>Funciones de la Comisi\u00f3n Intersectorial para el Retorno<\/em><\/strong>:<\/p>\n<ol style=\"text-align: justify;\" start=\"4\">\n<li>Estudiar las solicitudes que presenten los connacionales para ser beneficiarios de alguno de los tipos de retorno de que trata la Ley 1565 de 2012 o las normas que la susti\u00adtuyan, modifiquen o adicionen.<\/li>\n<\/ol>\n<p style=\"text-align: justify;\"><strong>Par\u00e1grafo. <\/strong>La Comisi\u00f3n podr\u00e1 conformar subcomisiones, integradas por las entidades que la componen, con el fin de agilizar el estudio de las solicitudes de beneficiarios de que trata la Ley 1565 de 2012 o las normas que la sustituyan, modifiquen o adicionen.<\/p>\n<p style=\"text-align: justify;\">Art\u00edculo 28. <strong>Modif\u00edquese <\/strong>el art\u00edculo 2.2.1.7.13 del Cap\u00edtulo 7 del T\u00edtulo I de la Parte 2 del Libro 2 del Decreto n\u00famero 1067 de 2015, el cual quedar\u00e1 as\u00ed:<\/p>\n<p style=\"text-align: justify;\"><strong>Art\u00edculo 2.2.1.7.13. <em>Difusi\u00f3n<\/em><\/strong>. Adem\u00e1s de la difusi\u00f3n a trav\u00e9s de las Oficinas Consu\u00adlares de la Rep\u00fablica, se utilizar\u00e1n los medios electr\u00f3nicos disponibles del Ministerio de Relaciones Exteriores y el Programa Colombia Nos Une a trav\u00e9s de su portal web.<\/p>\n<p style=\"text-align: justify;\">Art\u00edculo 29. <strong>Modif\u00edquese <\/strong>el art\u00edculo 2.2.1.7.14 del Cap\u00edtulo 7 del T\u00edtulo I de la Parte 2 del Libro 2 del Decreto n\u00famero 1067 de 2015, el cual quedar\u00e1 as\u00ed:<\/p>\n<p style=\"text-align: justify;\"><strong>Art\u00edculo 2.2.1.7.14. <em>Obligatoriedad<\/em><\/strong>. En atenci\u00f3n a la complejidad para la aplicaci\u00f3n de los mandatos de la Ley 1565 de 2012 o las normas que la sustituyan, modifiquen o adi\u00adcionen, todas las entidades que por su competencia intervengan en la fijaci\u00f3n de incentivos para el retorno de los colombianos residentes en el extranjero, est\u00e1n obligadas, en el marco de sus funciones, a participar de manera activa en el desarrollo y ejecuci\u00f3n de lo dispuesto en el Cap\u00edtulo VII del Decreto n\u00famero 1067 de 2015 o dem\u00e1s normas que lo modifiquen o adiciones.<\/p>\n<p style=\"text-align: justify;\">Art\u00edculo 30. <strong>Modif\u00edquese <\/strong>el art\u00edculo 2.2.1.7.15 del Cap\u00edtulo 7 del T\u00edtulo I de la Parte 2 del Libro 2 del Decreto n\u00famero 1067 de 2015, el cual quedar\u00e1 as\u00ed:<\/p>\n<p style=\"text-align: justify;\"><strong>Art\u00edculo 2.2.1.7.15. <em>Disposiciones generales<\/em><\/strong>. Con el fin de garantizar el cumplimiento de los mandatos dispuestos en la Ley 1565 de 2012 o las normas que la sustituyan, modi\u00adfiquen o adicionen, se deber\u00e1 tener en cuenta lo siguiente:<\/p>\n<ul style=\"text-align: justify;\">\n<li>La Unidad Administrativa Especial Migraci\u00f3n Colombia proporcionar\u00e1 a la Direcci\u00f3n de Asuntos Migratorios, Consulares y Servicio al Ciudadano, por los canales escritos que se determinen, la informaci\u00f3n sobre los movimientos migratorios de los solicitantes a ser beneficiarios de la Ley 1565 de 2012 o las normas que la sustituyan, modifiquen o adicio\u00adnen, de manera gratuita y previo cumplimiento de los requisitos establecidos para cualquier petici\u00f3n y de los requisitos especiales establecidos para este tipo de informaci\u00f3n reservada.<\/li>\n<\/ul>\n<ul style=\"text-align: justify;\">\n<li>La Polic\u00eda Nacional proporcionar\u00e1 informaci\u00f3n sobre el requisito de que trata el par\u00e1\u00adgrafo 1\u00ba del art\u00edculo 2\u00ba de la Ley 1565 de 2012 o las normas que la sustituyan, modifiquen o adicionen.<\/li>\n<\/ul>\n<ul style=\"text-align: justify;\">\n<li><span style=\"color: #0000ff;\">Las personas que deseen acogerse a los beneficios de retornos dispuestos en la Ley 1565 de 2012 o las normas que la sustituyan, modifiquen o adicionen, lo podr\u00e1n hacer \u00fanicamente por una (1) vez y a un solo tipo de retorno<\/span>.<\/li>\n<\/ul>\n<p style=\"text-align: justify;\"><span style=\"color: #0000ff;\">No podr\u00e1n acogerse a la Ley 1565 de 2012 o las normas que la sustituyan, modifiquen o adicionen, aquellos colombianos que al momento de la expedici\u00f3n de la Ley ya hubiesen retornado al territorio nacional, ni aquellos quienes al momento de la solicitud lleven m\u00e1s de un (1) a\u00f1o residiendo en Colombia.<\/span><\/p>\n<p style=\"text-align: justify;\">Art\u00edculo 31. <strong>Modif\u00edquese <\/strong>el art\u00edculo 2.2.1.8.1 del Cap\u00edtulo VIII del T\u00edtulo I de la Parte 2 del Libro 2 del Decreto n\u00famero 1067 de 2015, el cual quedar\u00e1 as\u00ed:<\/p>\n<p style=\"text-align: justify;\"><strong>Art\u00edculo 2.2.1.8.1. <span style=\"color: #0000ff;\"><em>Periodos de permanencia en el exterior<\/em><\/span><\/strong><span style=\"color: #0000ff;\">. Para la acreditaci\u00f3n sobre la permanencia del connacional en el extranjero para acogerse a los beneficios de la Ley 1565 de 2012 o las normas que la sustituyan, modifiquen o adicionen, de por lo menos tres (3) a\u00f1os, se entender\u00e1 que cada ingreso del colombiano al territorio nacional, no ser\u00e1 tenido en cuenta como tiempo de permanencia en el exterior, para lo cual solo sumar\u00e1n los d\u00edas en los cuales efectivamente ha permanecido fuera de Colombia.<\/span><\/p>\n<p style=\"text-align: justify;\">Art\u00edculo 32. <strong>Modif\u00edquese <\/strong>el art\u00edculo 2.2.1.8.4 del Cap\u00edtulo VIII del T\u00edtulo I de la Parte 2 del Libro 2 del Decreto n\u00famero 1067 de 2015, el cual quedar\u00e1 as\u00ed:<\/p>\n<p style=\"text-align: justify;\"><strong>Art\u00edculo 2.2.1.8.4. <em>Aplicaci\u00f3n a los incentivos y tipos de retorno establecidos en la Ley 1565 de 2012 o las normas que la sustituyan, modifiquen o adicionen<\/em><\/strong>. <span style=\"color: #0000ff;\">Los colombianos que retornan al pa\u00eds pueden acceder a los incentivos tributarios; incentivos sobre la situaci\u00f3n militar; e incentivos frente a las cajas de compensaci\u00f3n, de los cuales trata la Ley 1565 de 2012 o las normas que la sustituyan, modifiquen o adicionen, sin perjuicio de la facultad de\u00a0aplicar o no a uno de los cuatro (4) tipos de retorno establecidos en la Ley 1565 de 2012 o las normas que la sustituyan, modifiquen o adicionen.<\/span><\/p>\n<p style=\"text-align: justify;\"><strong>Par\u00e1grafo<\/strong>. De acuerdo al art\u00edculo 2.2.1.7.11. del presente Decreto, toda solicitud para acceder a los incentivos y acompa\u00f1amiento a los tipos de retorno establecidos en la Ley 1565 de 2012 o las normas que la sustituyan, modifiquen o adicionen, debe canalizarse a trav\u00e9s del Registro \u00danico de Retornados.<\/p>\n<p style=\"text-align: justify;\">Art\u00edculo 33. <strong>Modif\u00edquese <\/strong>el art\u00edculo 2.2.1.8.5 del Cap\u00edtulo VIII del T\u00edtulo I de la Parte 2 del Libro 2 del Decreto n\u00famero 1067 de 2015, el cual quedar\u00e1 as\u00ed:<\/p>\n<p style=\"text-align: justify;\"><strong>Art\u00edculo 2.2.1.8.5. <em>Acreditaci\u00f3n de los beneficiarios de la Ley 1565 de 2012 o las normas que la sustituyan, modifiquen o adicionen<\/em><\/strong>. Una vez la Comisi\u00f3n Intersectorial para el Retorno haya evaluado y aprobado las solicitudes que realicen los colombianos que retornan al pa\u00eds, la Secretar\u00eda T\u00e9cnica expedir\u00e1, a trav\u00e9s del Registro \u00danico de Retornados, un certificado que acreditar\u00e1 al ciudadano como beneficiario de la Ley 1565 de 2012 o las normas que la sustituyan, modifiquen o adicionen.<\/p>\n<p style=\"text-align: justify;\">Art\u00edculo 34. <strong>Modif\u00edquese <\/strong>el art\u00edculo 2.2.1.8.6 del Cap\u00edtulo VIII del T\u00edtulo I de la Parte 2 del Libro 2 del Decreto n\u00famero 1067 de 2015, el cual quedar\u00e1 as\u00ed:<\/p>\n<p style=\"text-align: justify;\"><strong>Art\u00edculo 2.2.1.8.6<em>. Certificado beneficiarios de la Ley 1565 de 2012 o las normas que la sustituyan, modifiquen o adicionen<\/em><\/strong>. El certificado del que trata el art\u00edculo anterior contendr\u00e1 como m\u00ednimo:<\/p>\n<ol style=\"text-align: justify;\">\n<li>a) Nombres y apellidos del beneficiario;<\/li>\n<li>b) N\u00famero de c\u00e9dula de ciudadan\u00eda del beneficiario;<\/li>\n<li>c) N\u00famero de registro del beneficiario en el Registro \u00danico de Retornados;<\/li>\n<li>d) Incentivos a los que aplica el beneficiario;<\/li>\n<li>e) Tipo de retorno al que se acoge el beneficiario, en caso de aplicar a alguno;<\/li>\n<li>f) N\u00famero del acta de la reuni\u00f3n Comisi\u00f3n Intersectorial para el Retorno en la cual se estudi\u00f3 y aprob\u00f3 la solicitud del beneficiario.<\/li>\n<\/ol>\n<p style=\"text-align: justify;\">Art\u00edculo 35. <strong>Modif\u00edquese <\/strong>el art\u00edculo 2.2.1.9.2.1 de la secci\u00f3n 2 del Cap\u00edtulo IX del T\u00edtulo I de la Parte 2 del Libro 2 del Decreto n\u00famero 1067 de 2015, el cual quedar\u00e1 as\u00ed:<\/p>\n<p style=\"text-align: justify;\"><strong>Art\u00edculo 2.2.1.9.2.1. <em>Definiciones<\/em><\/strong>. Para efectos de la adecuada aplicaci\u00f3n del presente cap\u00edtulo se observar\u00e1n las siguientes definiciones:<\/p>\n<p style=\"text-align: justify;\"><strong>Vulnerabilidad<\/strong>. Consiste en la amenaza o riesgo de afectaci\u00f3n de los derechos funda\u00admentales de un connacional, ya sea por razones de edad, raza, sexo, condici\u00f3n econ\u00f3mica, caracter\u00edsticas f\u00edsicas, circunstancias culturales o pol\u00edticas o debido a su condici\u00f3n de migrante. Adem\u00e1s, se considerar\u00e1 que la vulnerabilidad no solo est\u00e1 determinada por la situaci\u00f3n del individuo sino por las circunstancias particulares del lugar de destino.<\/p>\n<p style=\"text-align: justify;\"><strong>Repatriaci\u00f3n<\/strong>. Proceso de retorno de un connacional y su grupo familiar al territorio nacional, sea por voluntad propia o con colaboraci\u00f3n directa de las autoridades locales.<\/p>\n<p style=\"text-align: justify;\"><strong>Fallecimiento en el extranjero<\/strong>. Se refiere a la muerte de un colombiano en suelo extranjero, bien sea catalogado como muerte natural (derivada de enfermedad) o muerte violenta (derivada por eventos como accidente, homicidio o suicidio). Los restos mortales, su entrega y destinaci\u00f3n final se encuentran sujetos a la legislaci\u00f3n local.<\/p>\n<p style=\"text-align: justify;\"><strong>Razones humanitarias. <\/strong>Son motivos fundamentados en la existencia de una situaci\u00f3n que atente contra la integridad de un connacional, que amerite la intervenci\u00f3n de las auto\u00adridades colombianas.<\/p>\n<p style=\"text-align: justify;\"><strong>\u00a0<\/strong><\/p>\n<p style=\"text-align: justify;\"><strong>Asistencia inmediata<\/strong>. Es el conjunto de acciones adoptadas por parte del Ministerio de Relaciones Exteriores con el prop\u00f3sito de prestar ayuda o socorro a un connacional que as\u00ed lo requiera.<\/p>\n<p style=\"text-align: justify;\"><strong>Protecci\u00f3n inmediata<\/strong>. Se refiere a todas las actuaciones que tengan por finalidad obtener la efectiva salvaguarda de los derechos fundamentales de un connacional, mediante el uso de los instrumentos existentes en el ordenamiento jur\u00eddico internacional.<\/p>\n<p style=\"text-align: justify;\"><strong>Desastre natural<\/strong>. Es el resultado desencadenado por uno o varios eventos naturales o antropog\u00e9nicos no intencionales que al encontrar condiciones propicias de vulnerabilidad en las personas, los bienes, la infraestructura, los medios de subsistencia, la prestaci\u00f3n de servicios o los recursos ambientales, causa da\u00f1os o p\u00e9rdidas humanas, materiales, econ\u00f3mi\u00adcas o ambientales, generando una alteraci\u00f3n intensa, grave y extendida en las condiciones normales de funcionamiento de la sociedad, que exige del Estado y del Sistema Nacional de Migraciones ejecutar acciones de respuesta a la emergencia.<\/p>\n<p style=\"text-align: justify;\"><strong>Cat\u00e1strofes provocadas por el hombre o situaciones excepcionales en el Estado receptor. <\/strong>Es la alteraci\u00f3n intensa en el orden regular de las cosas, las personas, los bienes, los servicios y el medio ambiente, ocasionada por acciones directas o indirectas de los gobiernos receptores, grupos pol\u00edticos o terceros, entre ellos acciones terroristas, guerras, desastres industriales, revueltas populares, entre otras.<\/p>\n<p style=\"text-align: justify;\">Art\u00edculo 36. <strong>Modif\u00edquese <\/strong>el art\u00edculo 2.2.1.9.3.1 de la Secci\u00f3n 3 del Cap\u00edtulo IX del T\u00edtulo I de la Parte 2 del Libro 2 del Decreto n\u00famero 1067 de 2015, el cual quedar\u00e1 as\u00ed:<\/p>\n<p style=\"text-align: justify;\"><strong>Art\u00edculo 2.2.1.9.3.1 <em>Comit\u00e9 Evaluador de casos<\/em><\/strong>. El Comit\u00e9 Evaluador de casos, evaluar\u00e1 y decidir\u00e1 sobre las solicitudes que ser\u00e1n atendidas con los recursos del Fondo Especial para las Migraciones (FEM) y estar\u00e1 conformado por:<\/p>\n<ul style=\"text-align: justify;\">\n<li>El Director de la Unidad Administrativa Especial Migraci\u00f3n Colombia, o su delegado.<\/li>\n<li>El Director de Asuntos Migratorios, Consulares y Servicio al Ciudadano del Ministerio de Relaciones Exteriores, o su delegado; quien presidir\u00e1 el Comit\u00e9.<\/li>\n<li>El Coordinador del Grupo Interno de Trabajo de Asistencia a Connacionales del Ministerio de Relaciones Exteriores, quien ejercer\u00e1 la Secretar\u00eda T\u00e9cnica del Comit\u00e9, o su delegado en situaciones excepcionales.<\/li>\n<li>El Coordinador del Grupo Interno de Trabajo de Colombia Nos Une del Ministerio de Relaciones Exteriores, o su delegado en situaciones excepcionales.<\/li>\n<li>El Coordinador del Grupo Interno de Trabajo de Asuntos Consulares del Ministerio de Relaciones Exteriores, o su delegado en situaciones excepcionales.<\/li>\n<li>El Coordinador del Grupo Interno de Trabajo de Control Interno de Gesti\u00f3n del Mi\u00adnisterio de Relaciones Exteriores, o su delegado.<\/li>\n<\/ul>\n<p style=\"text-align: justify;\"><strong>Par\u00e1grafo 1\u00b0. <\/strong>El Coordinador del Grupo Interno de Trabajo de Control Interno de Gesti\u00f3n del Ministerio de Relaciones Exteriores tendr\u00e1 voz pero no voto.<\/p>\n<p style=\"text-align: justify;\"><strong>Par\u00e1grafo 2\u00b0. <\/strong>Habr\u00e1 qu\u00f3rum deliberatorio y decisorio con la mayor\u00eda simple de los integrantes. Una vez decretado que existe el qu\u00f3rum decisorio, las decisiones ser\u00e1n aprobadas por la mitad m\u00e1s uno de los miembros presentes con derecho a voto.<\/p>\n<p style=\"text-align: justify;\"><strong>Par\u00e1grafo 3\u00b0. <\/strong>El Director de Asuntos Migratorios, Consulares y Servicio al Ciudadano podr\u00e1 convocar a otras dependencias del Ministerio de Relaciones Exteriores u otras Entida\u00addes a participar de las reuniones del mismo, en calidad de invitados con voz pero sin voto.<\/p>\n<p style=\"text-align: justify;\">Art\u00edculo 37. <strong>Modif\u00edquense <\/strong>los par\u00e1grafos del art\u00edculo 2.2.1.9.3.2 de la Secci\u00f3n 3 del Cap\u00edtulo IX del T\u00edtulo I de la Parte 2 del Libro 2 del Decreto n\u00famero 1067 de 2015, los cuales quedar\u00e1n as\u00ed:<\/p>\n<p style=\"text-align: justify;\"><strong>\u00a0<\/strong><\/p>\n<p style=\"text-align: justify;\"><strong>Art\u00edculo 2.2.1.9.3.2. <em>Casos evaluados<\/em><\/strong>:<\/p>\n<p style=\"text-align: justify;\"><strong>Par\u00e1grafo 1\u00b0. <\/strong>Un caso que haya sido negado o sobre el cual no se haya llegado a con\u00adsenso, podr\u00e1 ser presentado nuevamente para estudio del Comit\u00e9, previo se hayan cumplido las condiciones impuestas o hayan cambiado las condiciones del caso.<\/p>\n<p style=\"text-align: justify;\"><strong>Par\u00e1grafo 2\u00b0. <\/strong>Para ejecutar los recursos asignados y aprobados por el Comit\u00e9, se deber\u00e1 contar con el acta de reuni\u00f3n donde se aprobaron, la cual tendr\u00e1 que ser firmada por los miembros dentro de los tres (3) d\u00edas h\u00e1biles siguientes a la celebraci\u00f3n de la reuni\u00f3n. En caso de no recibirse observaciones dentro del t\u00e9rmino establecido, el acta ser\u00e1 firmada por el Secretario T\u00e9cnico y ser\u00e1 plenamente v\u00e1lida para todos los efectos.<\/p>\n<p style=\"text-align: justify;\"><strong>Par\u00e1grafo 3\u00b0. <\/strong>Para el eficaz cumplimiento de las funciones del Comit\u00e9 y la ejecuci\u00f3n de los recursos que le sean asignados se podr\u00e1n suscribir Convenios con Organismos Es\u00adpeciales Internacionales.<\/p>\n<p style=\"text-align: justify;\">Art\u00edculo 38. <strong>Modif\u00edquese <\/strong>el art\u00edculo 2.2.1.9.3.4 de la Secci\u00f3n 4 del Cap\u00edtulo IX del T\u00edtulo I de la Parte 2 del Libro 2 del Decreto n\u00famero 1067 de 2015, el cual quedar\u00e1 as\u00ed:<\/p>\n<p style=\"text-align: justify;\"><strong>Art\u00edculo 2.2.1.9.3.4 <em>Casos de atenci\u00f3n por el Fondo<\/em><\/strong>. Los casos que podr\u00e1n ser aten\u00addidos por el Fondo Especial para las Migraciones (FEM), una vez revisados por el Comit\u00e9 Evaluador de Casos y previa disponibilidad presupuestal, ser\u00e1n los siguientes:<\/p>\n<ol style=\"text-align: justify;\">\n<li>La repatriaci\u00f3n de connacionales procesados y\/o sentenciados a pena privativa de la libertad que padezcan una enfermedad grave o incapacidad de imposible tratamiento debi\u00addamente certificada por las autoridades competentes del Estado receptor; o vejez, siempre y cuando se establezca que al connacional no se le brindan los cuidados necesarios para su atenci\u00f3n, y se haya acreditado plenamente la imposibilidad econ\u00f3mica del afectado y su familia.<\/li>\n<li>Asistencia y traslado al pa\u00eds del connacional v\u00edctima del delito de trata de personas o tr\u00e1fico de migrantes y su n\u00facleo familiar. El Consulado correspondiente brindar\u00e1 las medidas de asistencia de emergencia y protecci\u00f3n necesarias para garantizar los derechos y la integridad de la v\u00edctima hasta su repatriaci\u00f3n.<\/li>\n<li>La repatriaci\u00f3n de menores colombianos abandonados en el exterior, exp\u00f3sitos o cuando las circunstancias de vulnerabilidad lo ameriten, siempre y cuando se haya acreditado plenamente la imposibilidad econ\u00f3mica de su familia. El Consulado brindar\u00e1 la asistencia correspondiente al menor hasta su repatriaci\u00f3n.<\/li>\n<\/ol>\n<ol style=\"text-align: justify;\" start=\"4\">\n<li>Traslado al pa\u00eds de colombianos con enfermedad grave o terminal, o cuando su vida corra peligro; siempre y cuando se haya acreditado plenamente la imposibilidad econ\u00f3mica del afectado y su familia.<\/li>\n<li>Cuando un connacional o su n\u00facleo familiar se vean afectados por un desastre natural, se proceder\u00e1 a su asistencia inmediata y a evaluar el deseo y pertinencia de repatriaci\u00f3n. En cualquier caso, el Consulado respectivo brindar\u00e1 asistencia o protecci\u00f3n inmediata de emergencia.<\/li>\n<li>Cuando un connacional o su n\u00facleo familiar se vean afectados por una cat\u00e1strofe pro\u00advocada por el hombre, por situaciones excepcionales de orden p\u00fablico o acciones terroristas en el Estado receptor, se proceder\u00e1 a su asistencia y\/o repatriaci\u00f3n de restos mortales, si as\u00ed lo desean. En cualquier caso, el Consulado respectivo brindar\u00e1 asistencia o protecci\u00f3n inmediata de emergencia.<\/li>\n<li>Cuando un connacional o su n\u00facleo familiar sean v\u00edctimas de violencia intrafamiliar se proceder\u00e1 a su asistencia y\/o repatriaci\u00f3n, si as\u00ed lo desean, siempre y cuando se haya acreditado plenamente la imposibilidad econ\u00f3mica del afectado y su familia. En cualquier caso, el Consulado respectivo brindar\u00e1 asistencia o protecci\u00f3n inmediata de emergencia.<\/li>\n<li><span style=\"color: #0000ff;\">Cuando un connacional fallezca en territorio extranjero, a petici\u00f3n de la familia y siempre y cuando se haya acreditado plenamente la imposibilidad econ\u00f3mica de la misma, se evaluar\u00e1 la repatriaci\u00f3n de sus restos mortales, el cubrimiento de los gastos asociados a su cremaci\u00f3n o en caso de impedimento de autoridad local, el cubrimiento de los gastos de sepelio en el exterior, acatando los principios de austeridad en el gasto. A petici\u00f3n de la familia podr\u00e1n repatriarse mediante valija diplom\u00e1tica las cenizas de colombianos cre\u00admados en el exterior. Dicho servicio se ajustar\u00e1 a la programaci\u00f3n de env\u00edo de valijas de cada Oficina Consular.<\/span><\/li>\n<li>Apoyo y acompa\u00f1amiento de los colombianos que se encuentren en territorio ex\u00adtranjero y requieran protecci\u00f3n inmediata por hallarse en un alto estado de vulnerabilidad e indefensi\u00f3n y carezcan de recursos propios para su retorno digno o atenci\u00f3n.<\/li>\n<\/ol>\n<p style=\"text-align: justify;\">Par\u00e1grafo. Mediante resoluci\u00f3n ministerial se reglamentar\u00e1n las condiciones necesarias para presentar y aprobar los casos que considerar\u00e1 el Comit\u00e9 Evaluador de Casos del FEM de que trata este art\u00edculo.<\/p>\n<p style=\"text-align: justify;\">Art\u00edculo 39. <strong>Adici\u00f3nese <\/strong>el art\u00edculo 2.2.1.9.3.5 a la Secci\u00f3n 3 del Cap\u00edtulo 9 del T\u00edtulo 1 de la Parte 2 del Libro 2 del Decreto n\u00famero 1067 de 2015, el cual quedar\u00e1 as\u00ed:<\/p>\n<p style=\"text-align: justify;\"><strong>Art\u00edculo 2.2.1.9.3.5. <em>Reuniones<\/em>. <\/strong>El Comit\u00e9 se reunir\u00e1 cada vez que lo requiera el Se\u00adcretario T\u00e9cnico, de acuerdo con los casos que deban ser evaluados.<\/p>\n<p style=\"text-align: justify;\"><strong>Par\u00e1grafo<\/strong>. Dependiendo de la urgencia de los casos, el Secretario T\u00e9cnico podr\u00e1 de\u00adterminar que la reuni\u00f3n se lleve a cabo de manera virtual.<\/p>\n<p style=\"text-align: justify;\">Art\u00edculo 40. <strong>Modif\u00edquese <\/strong>el art\u00edculo 2.2.1.10.2 del Cap\u00edtulo 10 del T\u00edtulo 1 de la Parte 2 del Libro 2 del Decreto n\u00famero 1067 de 2015, el cual quedar\u00e1 as\u00ed:<\/p>\n<p><strong>Art\u00edculo 2.2.1.10.2. <em>Expedici\u00f3n<\/em>. <\/strong>La expedici\u00f3n de la Tarjeta de Registro Consular estar\u00e1 a cargo de las Oficinas Consulares de Colombia en el exterior, que sean autorizadas por el Ministerio de Relaciones Exteriores, sin costo alguno.<\/p>\n<p>&nbsp;<\/p>\n<p>Art\u00edculo 41. <strong>Modif\u00edquese <\/strong>el art\u00edculo 2.2.1.10.3 del Cap\u00edtulo 10 del T\u00edtulo 1 de la Parte 2 del Libro 2 del Decreto n\u00famero 1067 de 2015, el cual quedar\u00e1 as\u00ed:<\/p>\n<p>&nbsp;<\/p>\n<p><strong>Art\u00edculo 2.2.1.10.3. <em>Registro<\/em>. <\/strong>Todo colombiano tendr\u00e1 derecho a ser registrado por las Oficinas Consulares autorizadas por el Ministerio de Relaciones Exteriores con circuns\u00adcripci\u00f3n en el lugar de domicilio, sin importar su condici\u00f3n migratoria.<\/p>\n<p>&nbsp;<\/p>\n<p>Art\u00edculo 42. <strong>Modif\u00edquese <\/strong>el art\u00edculo 2.2.1.10.8 del Cap\u00edtulo 10 del T\u00edtulo 1 de la Parte 2 del Libro 2 del Decreto n\u00famero 1067 de 2015, el cual quedar\u00e1 as\u00ed:<\/p>\n<p>&nbsp;<\/p>\n<p><strong>Art\u00edculo 2.2.1.10.8. <em>Alianzas estrat\u00e9gicas. <\/em><\/strong>Corresponder\u00e1 a las Oficinas Consulares de Colombia en el exterior, realizar alianzas estrat\u00e9gicas con autoridades e instituciones p\u00fablicas y privadas de cada Estado para que la Tarjeta de Registro Consular sea aceptada en los diferentes tr\u00e1mites y servicios.<\/p>\n<p>&nbsp;<\/p>\n<p>Art\u00edculo 43. <strong>Modif\u00edquese <\/strong>el art\u00edculo 2.2.1.11.2 Cap\u00edtulo 11 del T\u00edtulo 1 de la Parte 2 del Libro 2 del Decreto n\u00famero 1067 de 2015, el cual quedar\u00e1 as\u00ed:<\/p>\n<p>&nbsp;<\/p>\n<p><strong>Art\u00edculo 2.2.1.11.2. <em>Competencia<\/em>. <\/strong>Es competencia discrecional del Gobierno nacional, fundado en el principio de soberan\u00eda del Estado, autorizar el ingreso, permanencia y salida de extranjeros del territorio nacional, as\u00ed como regular el ingreso y salida de nacionales del territorio nacional. Sin perjuicio de lo dispuesto en los tratados internacionales, el ingreso, permanencia y salida de personas en el territorio nacional se regir\u00e1 por las disposiciones del presente cap\u00edtulo.<\/p>\n<p>&nbsp;<\/p>\n<p>Art\u00edculo 44. <strong>Modif\u00edquese <\/strong>el art\u00edculo 2.2.1.11.4 Cap\u00edtulo 11 del T\u00edtulo 1 de la Parte 2 del Libro 2 del Decreto n\u00famero 1067 de 2015, el cual quedar\u00e1 as\u00ed:<\/p>\n<p>&nbsp;<\/p>\n<p><strong>Art\u00edculo 2.2.1.11.4. <em>Definiciones<\/em>. <\/strong>Para efectos del presente cap\u00edtulo se adoptan las siguientes definiciones:<\/p>\n<p>&nbsp;<\/p>\n<p><strong>Autoridad Migratoria. <\/strong>Es la entidad estatal encargada de ejercer las funciones del Control Migratorio, Verificaci\u00f3n y Extranjer\u00eda, en el territorio nacional. En Colombia es la Unidad Administrativa Especial Migraci\u00f3n Colombia.<\/p>\n<p><strong>C\u00e9dula de Extranjer\u00eda. <\/strong>Documento de Identificaci\u00f3n expedido por Migraci\u00f3n Colombia, que se otorga a los extranjeros titulares de una visa superior a 3 meses y a sus beneficiarios con base en el registro de extranjeros.<\/p>\n<p>&nbsp;<\/p>\n<p><strong>Control Migratorio. <\/strong>Procedimiento realizado por funcionarios de la Autoridad Migra\u00adtoria, mediante el cual se revisa y analiza el cumplimiento de los requisitos establecidos para autorizar o denegar que una persona pueda ingresar o salir del territorio nacional.<\/p>\n<p>&nbsp;<\/p>\n<p><strong>Extranjero. <\/strong>Persona que no es nacional de un Estado determinado, incluy\u00e9ndose el ap\u00e1trida, el asilado, el refugiado y el trabajador migrante.<\/p>\n<p>&nbsp;<\/p>\n<p><strong>Movimiento Migratorio. <\/strong>Registro que realiza la Autoridad Migratoria en el cual se documentan las autorizaciones de entrada o salida de una persona en el territorio nacional.<\/p>\n<p>&nbsp;<\/p>\n<p><strong>Permiso de salida. <\/strong>Es el documento escrito legalmente expedido, que suscriben los padres, o representantes legales de un ni\u00f1o, ni\u00f1a o adolescente, o la autoridad competente, concediendo autorizaci\u00f3n de salida del pa\u00eds al mismo.<\/p>\n<p>&nbsp;<\/p>\n<p><strong>Puesto de control migratorio. <\/strong>Lugar habilitado en el cruce de frontera, aeropuerto o puerto fluvial o mar\u00edtimo, en donde se ejerce el control migratorio a nacionales y extranjeros, atendiendo el principio de soberan\u00eda.<\/p>\n<p>&nbsp;<\/p>\n<p><strong>Permanencia<\/strong>. Es el tiempo durante el cual el extranjero podr\u00e1 estar en el territorio nacional.<\/p>\n<p>&nbsp;<\/p>\n<p>Art\u00edculo 45. <strong>Der\u00f3guense <\/strong>los art\u00edculos 2.2.1.11.5, 2.2.1.11.6, 2.2.1.11.7, 2.2.1.11.8, 2.2.1.11.9 del Cap\u00edtulo 11 del T\u00edtulo 1 de la Parte 2 del Libro 2 del Decreto n\u00famero 1067 de 2015.<\/p>\n<p>&nbsp;<\/p>\n<p>Art\u00edculo 46. <strong>Modif\u00edquese <\/strong>el t\u00edtulo del Cap\u00edtulo 11 del T\u00edtulo 1 de la Parte 2 del Libro 2 del Decreto n\u00famero 1067 de 2015, la cual quedar\u00e1 as\u00ed:<\/p>\n<p>&nbsp;<\/p>\n<p style=\"text-align: center;\">CAP\u00cdTULO 11<\/p>\n<p style=\"text-align: center;\">DISPOSICIONES MIGRATORIAS<\/p>\n<p>&nbsp;<\/p>\n<p>Art\u00edculo 47. <strong>Modif\u00edquese <\/strong>la Secci\u00f3n 1 del Cap\u00edtulo 11 del T\u00edtulo 1 de la Parte 2 del Libro 2 del Decreto n\u00famero 1067 de 2015, la cual quedar\u00e1 as\u00ed:<\/p>\n<p>&nbsp;<\/p>\n<p style=\"text-align: center;\">SECCI\u00d3N 1<\/p>\n<p style=\"text-align: center;\">VISAS<\/p>\n<p>&nbsp;<\/p>\n<p><strong>Art\u00edculo 2.2.1.11.1.1. <em>Definici\u00f3n de la visa. <\/em><\/strong>Es la autorizaci\u00f3n concedida por el Mi\u00adnisterio de Relaciones Exteriores a un extranjero para que ingrese y permanezca en el territorio nacional.<\/p>\n<p>&nbsp;<\/p>\n<p>Otorgada una visa, el Ministerio de Relaciones Exteriores expedir\u00e1 por una vez, docu\u00admento electr\u00f3nico o impreso en etiqueta oficial con indicaci\u00f3n de n\u00famero, clase o tipo de visa y periodo de validez.<\/p>\n<p>&nbsp;<\/p>\n<p><strong>Art\u00edculo 2.2.1.11.1.2. <em>Vigencia de la visa. <\/em><\/strong>Es el periodo de tiempo que tiene el titular de una visa para hacer uso de la misma. El tiempo de vigencia ser\u00e1 el que se determine para cada clase o tipo de visa.<\/p>\n<p>&nbsp;<\/p>\n<p><strong>Art\u00edculo 2.2.1.11.1.3. <em>Periodo de validez. <\/em><\/strong>Corresponde al tiempo en que ser\u00e1 v\u00e1lido el documento electr\u00f3nico o aquel que se imprime en etiqueta oficial. En ning\u00fan caso, el periodo de validez del documento ser\u00e1 mayor al de la vigencia de la visa.<\/p>\n<p>&nbsp;<\/p>\n<p><strong>Art\u00edculo 2.2.1.11.1.4. <em>Reglamentaci\u00f3n de Visas<\/em>. <\/strong>El Ministerio de Relaciones Exteriores, reglamentar\u00e1 mediante Resoluci\u00f3n todo lo concerniente a la clasificaci\u00f3n de las Visas, sus requisitos y dem\u00e1s tr\u00e1mites y procedimientos relacionados con la materia.<\/p>\n<p>&nbsp;<\/p>\n<p>Art\u00edculo 48. <strong>Modif\u00edquese <\/strong>el art\u00edculo 2.2.1.11.2.1 de la Secci\u00f3n 2 del Cap\u00edtulo 11 del T\u00edtulo 1 de la Parte 2 del Libro 2 del Decreto n\u00famero 1067 de 2015, el cual quedar\u00e1 as\u00ed:<\/p>\n<p>&nbsp;<\/p>\n<p><strong>Art\u00edculo 2.2.1.11.2.1. <span style=\"color: #0000ff;\"><em>Del ingreso. <\/em><\/span><\/strong><span style=\"color: #0000ff;\">La persona que desee ingresar al territorio nacional deber\u00e1 presentarse ante la autoridad migratoria con su pasaporte vigente, documento de viaje o de identidad v\u00e1lido, seg\u00fan el caso, y con la visa correspondiente cuando sea exigi\u00adble. As\u00ed mismo, deber\u00e1 suministrar la informaci\u00f3n solicitada por la autoridad migratoria, y cumplir los requisitos que se derivan de las causales de inadmisi\u00f3n establecidas en el art\u00edculo 2.2.1.11.3.2 del Decreto n\u00famero 1067 de 2015 y en el art\u00edculo 51 del presente decreto.<\/span><\/p>\n<p>&nbsp;<\/p>\n<p>Los requisitos para el ingreso al territorio nacional estar\u00e1n sujetos a lo establecido en los instrumentos internacionales vigentes.<\/p>\n<p>&nbsp;<\/p>\n<p>Para los efectos del presente cap\u00edtulo, se entiende por tr\u00e1nsito fronterizo el paso cir\u00adcunstancial de personas residentes en las localidades fronterizas a Colombia, que autoriza al extranjero para movilizarse dentro de la zona fronteriza colombiana y por los sitios determinados por el Gobierno nacional.<\/p>\n<p>&nbsp;<\/p>\n<p><strong>Par\u00e1grafo<\/strong>. A solicitud del Ministerio de Relaciones Exteriores y describiendo el mo\u00adtivo, la Unidad Administrativa Especial Migraci\u00f3n Colombia podr\u00e1 autorizar el ingreso a un extranjero que requiera visa, solamente con el uso de alguno de los permisos de que trata el presente cap\u00edtulo.<\/p>\n<p>&nbsp;<\/p>\n<p>Art\u00edculo 49. <strong>Modif\u00edquese <\/strong>el art\u00edculo 2.2.1.11.2.3 de la Secci\u00f3n 2 del Cap\u00edtulo 11 del T\u00edtulo 1 de la Parte 2 del Libro 2 del Decreto n\u00famero 1067 de 2015, el cual quedar\u00e1 as\u00ed:<\/p>\n<p>&nbsp;<\/p>\n<p><strong>Art\u00edculo 2.2.1.11.2.3. <span style=\"color: #0000ff;\"><em>Doble Nacionalidad. <\/em><\/span><\/strong><span style=\"color: #0000ff;\">De conformidad con el art\u00edculo 22 de la Ley 43 de 1993, el nacional colombiano que goce de doble nacionalidad deber\u00e1 ingresar, permanecer y salir del territorio nacional haciendo uso del pasaporte o documento de iden\u00adtidad colombiano v\u00e1lido y vigente.<\/span><\/p>\n<p>&nbsp;<\/p>\n<p><span style=\"color: #0000ff;\"><strong>Par\u00e1grafo 1\u00b0. <\/strong>En el caso de no identificarse como colombiano a su ingreso al territorio nacional, la autoridad migratoria iniciar\u00e1 un procedimiento administrativo sancionatorio en los t\u00e9rminos establecidos en la norma que regula la materia o la que lo modifique o sustituya.<\/span><\/p>\n<p>&nbsp;<\/p>\n<p><span style=\"color: #0000ff;\"><strong>Par\u00e1grafo 2\u00b0. <\/strong>Los extranjeros que gocen de varias nacionalidades, diferentes todas de la colombiana, deber\u00e1n informar al momento de su ingreso dicha condici\u00f3n, identific\u00e1ndose con una misma nacionalidad durante su permanencia y deber\u00e1n salir del territorio nacional, presentando el documento de identificaci\u00f3n o de viaje en el cual fue estampado el sello de autorizaci\u00f3n de ingreso al pa\u00eds.<\/span><\/p>\n<p>&nbsp;<\/p>\n<p>Art\u00edculo 50. <strong>Modif\u00edquese <\/strong>el inciso 1\u00b0 y los casos PIP-6, PIP-7, PIP-8 y PIP-9 del art\u00ed\u00adculo 2.2.1.11.2.6 de la Secci\u00f3n 2 del Cap\u00edtulo 11 del T\u00edtulo 1 de la Parte 2 del Libro 2 del Decreto n\u00famero 1067 de 2015, el cual quedar\u00e1 as\u00ed:<\/p>\n<p>&nbsp;<\/p>\n<p><strong>Art\u00edculo 2.2.1.11.2.6. <em>Permiso de ingreso y permanencia. <\/em><\/strong>La Unidad Administrativa Especial Migraci\u00f3n Colombia podr\u00e1 otorgar Permiso de Ingreso y Permanencia (PIP) a los extranjeros que no requieran visa, en los siguientes casos:<\/p>\n<p>&nbsp;<\/p>\n<p><strong>PIP-6. <\/strong><span style=\"color: #0000ff;\">Al extranjero que desee ingresar al territorio nacional para asistir o participar, sin ning\u00fan tipo de vinculaci\u00f3n laboral, en eventos acad\u00e9micos, cient\u00edficos, art\u00edsticos, cul\u00adturales, deportivos, para presentar entrevista en un proceso de selecci\u00f3n de personal de entidades p\u00fablicas o privadas, capacitaci\u00f3n empresarial, contactos o gestiones comerciales o empresariales y cubrimientos period\u00edsticos. En el presente caso el permiso se otorgar\u00e1 por noventa (90) d\u00edas calendario.<\/span><\/p>\n<p><strong>\u00a0<\/strong><\/p>\n<p><strong>PIP-7. <\/strong><span style=\"color: #0000ff;\">Al extranjero que no requiera visa y desee ingresar al territorio nacional de manera urgente con el fin de brindar asistencia t\u00e9cnica especializada a entidad p\u00fablica o privada.<\/span><\/p>\n<p>&nbsp;<\/p>\n<p><span style=\"color: #0000ff;\">En el presente caso se otorgar\u00e1 un permiso por treinta (30) d\u00edas calendario al a\u00f1o. Si la asistencia t\u00e9cnica especializada conlleva un tiempo adicional y al extranjero ya se le otorg\u00f3 dicho permiso durante el a\u00f1o calendario, deber\u00e1 realizar el tr\u00e1mite de solicitud de la visa correspondiente.<\/span><\/p>\n<p>&nbsp;<\/p>\n<p>Para ser beneficiario de este permiso de ingreso y permanencia, deber\u00e1 solicitarse su autorizaci\u00f3n previa a la autoridad migratoria.<\/p>\n<p>&nbsp;<\/p>\n<p><strong>PIP-8. <\/strong><span style=\"color: #0000ff;\">Al extranjero que requiera o no visa y desee ingresar al territorio nacional como tripulante o miembro de un medio de transporte internacional. En el presente caso se otorgar\u00e1 un permiso de diez (10) d\u00edas calendario<\/span>.<\/p>\n<p>&nbsp;<\/p>\n<p><strong>PIP-9. <\/strong><span style=\"color: #0000ff;\">Al extranjero que desee ingresar al territorio nacional para realizar tr\u00e1nsito hacia pa\u00eds distinto a la Rep\u00fablica de Colombia. En el presente caso se otorgar\u00e1 un permiso de doce (12) horas contadas a partir de la entrada al territorio colombiano.<\/span><\/p>\n<p>&nbsp;<\/p>\n<p>Art\u00edculo 51. <strong>Modif\u00edquese <\/strong>el numeral 20 y <strong>adici\u00f3nese <\/strong>el numeral 22 del art\u00edculo 2.2.1.11.3.2 de la Secci\u00f3n 3 del Cap\u00edtulo 11 del T\u00edtulo 1 de la Parte 2 del Libro 2 del Decreto n\u00famero 1067 de 2015, los cuales quedar\u00e1n as\u00ed:<\/p>\n<p>&nbsp;<\/p>\n<p><strong>Art\u00edculo 2.2.1.11.3.2 <em>Causales de Inadmisi\u00f3n o Rechazo<\/em>: <\/strong><\/p>\n<p>&nbsp;<\/p>\n<ol start=\"20\">\n<li>Cuando la autoridad migratoria cuente con informaci\u00f3n de organismos de seguridad o inteligencia, nacionales o extranjeros, o de entidades migratorias de otros pa\u00edses, en la cual se califique a la persona como riesgosa para la seguridad nacional.<\/li>\n<li>Cuando el viajero presente condiciones que imposibiliten la realizaci\u00f3n de la en\u00adtrevista migratoria.<\/li>\n<\/ol>\n<p>&nbsp;<\/p>\n<p>Art\u00edculo 52. <strong>Modif\u00edquese <\/strong>el art\u00edculo 2.2.1.11.4.1 de la Secci\u00f3n 4 del Cap\u00edtulo 11 del T\u00edtulo 1 de la Parte 2 del Libro 2 del Decreto n\u00famero 1067 de 2015, el cual quedar\u00e1 as\u00ed:<\/p>\n<p>&nbsp;<\/p>\n<p><strong>Art\u00edculo 2.2.1.11.4.1.<span style=\"color: #0000ff;\"> <em>Registro<\/em>. <\/span><\/strong><span style=\"color: #0000ff;\">Tanto los titulares como los beneficiarios de visa, cuya vigencia sea superior a tres (3) meses, deber\u00e1n inscribirse en el Registro de Extranjeros de la Unidad Administrativa Especial Migraci\u00f3n Colombia dentro del plazo de quince (15) d\u00edas calendario siguientes, contados a partir de su ingreso al pa\u00eds o de la fecha de expedi\u00adci\u00f3n de la visa, si esta se obtuvo dentro del territorio nacional, con excepci\u00f3n de los que se establezcan para tal fin por parte del Ministerio de Relaciones Exteriores.<\/span><\/p>\n<p>&nbsp;<\/p>\n<p>Art\u00edculo 53. <strong>Modif\u00edquese <\/strong>el inciso 1\u00b0 y el numeral 6 del art\u00edculo 2.2.1.11.4.3 de la Secci\u00f3n 4 del Cap\u00edtulo 11 del T\u00edtulo 1 de la Parte 2 del Libro 2 del Decreto n\u00famero 1067 de 2015, los cuales quedar\u00e1n as\u00ed:<\/p>\n<p>&nbsp;<\/p>\n<p><strong>Art\u00edculo. 2.2.1.11.4.3. <em>Reserva<\/em>. <\/strong>Por estar relacionados con la seguridad nacional, as\u00ed como por involucrar la privacidad de las personas, de conformidad con las normas que rigen la materia, tienen car\u00e1cter reservado en los archivos de la Unidad Administrativa Especial Migraci\u00f3n Colombia, el registro de extranjeros, los documentos que contienen informaci\u00f3n judicial e investigaciones de car\u00e1cter migratorio y el movimiento migratorio, tanto de nacionales como de extranjeros.<\/p>\n<p>&nbsp;<\/p>\n<ol start=\"6\">\n<li>Los terceros que cuenten con la facultad expresa mediante poder especial debida\u00admente otorgada por el titular de la informaci\u00f3n en cumplimiento de lo dispuesto por las disposiciones legales que rigen la materia.<\/li>\n<\/ol>\n<p>&nbsp;<\/p>\n<p>Art\u00edculo 54. <strong>Modif\u00edquese <\/strong>el art\u00edculo 2.2.1.11.4.4 de la Secci\u00f3n 4 del Cap\u00edtulo 11 del T\u00edtulo 1 de la Parte 2 del Libro 2 del Decreto n\u00famero 1067 de 2015, el cual quedar\u00e1 as\u00ed:<\/p>\n<p><strong>Art\u00edculo 2.2.1.11.4.4. <em>C\u00e9dula de Extranjer\u00eda. <\/em><\/strong>La C\u00e9dula de Extranjer\u00eda cumple \u00fanica y exclusivamente fines de identificaci\u00f3n de los extranjeros en el territorio nacional y su utilizaci\u00f3n deber\u00e1 estar acorde con la visa otorgada al extranjero.<\/p>\n<p>&nbsp;<\/p>\n<p>Con base en el Registro de Extranjeros, la Unidad Administrativa Especial Migraci\u00f3n Colombia, expedir\u00e1 a los extranjeros un documento de identidad, denominado C\u00e9dula de Extranjer\u00eda.<\/p>\n<p>&nbsp;<\/p>\n<p>La autoridad migratoria expedir\u00e1 dos clases de c\u00e9dulas de extranjer\u00eda, as\u00ed:<\/p>\n<p>&nbsp;<\/p>\n<ul>\n<li>C\u00e9dula de Extranjer\u00eda para mayores de edad.<\/li>\n<li>C\u00e9dula de Extranjer\u00eda para menores de edad.<\/li>\n<\/ul>\n<p>&nbsp;<\/p>\n<p><span style=\"color: #0000ff;\">Los extranjeros mayores y menores de edad titulares de visas con vigencia superior a tres (3) meses, deber\u00e1n tramitar ante la Unidad Administrativa Especial Migraci\u00f3n Colombia la C\u00e9dula de Extranjer\u00eda al momento de efectuar el registro de extranjeros o a m\u00e1s tardar dentro de los tres (3) d\u00edas h\u00e1biles siguientes<\/span>, si este se realiz\u00f3 de manera electr\u00f3nica, con excepci\u00f3n de las visas que se establezcan para tal fin por parte del Ministerio de Relaciones Exteriores.<\/p>\n<p>&nbsp;<\/p>\n<p><span style=\"color: #0000ff;\">En el caso de los menores extranjeros que cumplan la mayor\u00eda de edad, estos deber\u00e1n tramitar la C\u00e9dula de Extranjer\u00eda para mayores de edad, con excepci\u00f3n de las visas que se establezcan para tal fin por parte del Ministerio de Relaciones Exteriores. Esta obligaci\u00f3n deber\u00e1 cumplirse dentro de los quince (15) d\u00edas calendario siguientes a la ocurrencia del hecho.<\/span><\/p>\n<p>&nbsp;<\/p>\n<p><span style=\"color: #0000ff;\">As\u00ed mismo, la autoridad migratoria expedir\u00e1 C\u00e9dula de Extranjer\u00eda para menores de edad, la cual deber\u00e1 ser tramitada solamente cuando el menor alcance los siete (7) a\u00f1os. Antes del cumplimiento de esta edad el menor deber\u00e1 identificarse con el pasaporte o el documento nacional de identidad respectivo, de acuerdo con los instrumentos internacionales vigentes<\/span>.<\/p>\n<p>&nbsp;<\/p>\n<p>Quienes sean titulares de visas con vigencia menor al t\u00e9rmino se\u00f1alado en el presente art\u00edculo, as\u00ed como excepciones establecidas en los tipos de visas que se establezcan para tal fin por parte del Ministerio de Relaciones Exteriores podr\u00e1n tramitar la c\u00e9dula de extran\u00adjer\u00eda voluntariamente, a fin de facilitar el ejercicio de los derechos que dicho documento otorga al extranjero.<\/p>\n<p>&nbsp;<\/p>\n<p><strong>Par\u00e1grafo<\/strong>.<span style=\"color: #0000ff;\"> El titular de la C\u00e9dula de Extranjer\u00eda tendr\u00e1 un plazo m\u00e1ximo de seis (6) meses para reclamar el documento una vez haya sido expedido, en caso de no reclamarse en este per\u00edodo, el documento ser\u00e1 anulado y el solicitante deber\u00e1 tramitar y pagar una nueva C\u00e9dula de Extranjer\u00eda.<\/span><\/p>\n<p>&nbsp;<\/p>\n<p>As\u00ed mismo, en caso de presentarse alguna incongruencia en la informaci\u00f3n plasmada en la C\u00e9dula de Extranjer\u00eda, el titular contar\u00e1 con un plazo m\u00e1ximo de treinta (30) d\u00edas calendario a partir de la fecha de expedici\u00f3n del documento, para solicitar su reposici\u00f3n.<\/p>\n<p>&nbsp;<\/p>\n<p>Vencido este plazo el solicitante deber\u00e1 tramitar y pagar un nuevo documento.<\/p>\n<p>&nbsp;<\/p>\n<p>Art\u00edculo 55. Modif\u00edquese el par\u00e1grafo 1\u00b0 y adici\u00f3nese el par\u00e1grafo 2\u00b0 del art\u00edculo 2.2.1.11.4.5 de la Secci\u00f3n 4 del Cap\u00edtulo 11 del T\u00edtulo 1 de la Parte 2 del Libro 2 del Decreto n\u00famero 1067 de 2015, los cuales quedar\u00e1n as\u00ed:<\/p>\n<p>&nbsp;<\/p>\n<p><strong>Art\u00edculo 2.2.1.11.4.5. <em>Vigencia de la C\u00e9dula de Extranjer\u00eda. <\/em><\/strong><\/p>\n<p>&nbsp;<\/p>\n<p><strong>Par\u00e1grafo 1\u00b0. <\/strong><span style=\"color: #0000ff;\">La C\u00e9dula de Extranjer\u00eda expedida a quienes se les haya otorgado visa con t\u00e9rmino indefinido con anterioridad al d\u00eda 24 de julio de 2013 deber\u00e1 ser solicitada y expedida cada cinco (5) a\u00f1os.<\/span><\/p>\n<p>&nbsp;<\/p>\n<p><strong>Par\u00e1grafo 2\u00b0. <\/strong><span style=\"color: #0000ff;\">Los extranjeros a quienes a partir de la fecha se les expida Visa de Re\u00adsidente deben tramitar la C\u00e9dula de Extranjer\u00eda ante Migraci\u00f3n Colombia, la cual tendr\u00e1 una vigencia de 5 a\u00f1os.<\/span><\/p>\n<p>&nbsp;<\/p>\n<p>Art\u00edculo 56. <strong>Adici\u00f3nese <\/strong>el inciso 3\u00b0 al art\u00edculo 2.2.1.11.4.7 de la Secci\u00f3n 4 del Cap\u00edtulo 11 del T\u00edtulo 1 de la Parte 2 del Libro 2 del Decreto n\u00famero 1067 de 2015, el cual quedar\u00e1 as\u00ed:<\/p>\n<p>&nbsp;<\/p>\n<p><strong>Art\u00edculo 2.2.1.11.4.7. <em>Documento de identidad. <\/em><\/strong>La C\u00e9dula de Extranjer\u00eda vigente en calidad de Residente, ser\u00e1 v\u00e1lida como documento para salir e ingresar del pa\u00eds, sin perjuicio de los requisitos adicionales establecidos en el presente cap\u00edtulo o en acuerdos internacionales.<\/p>\n<p>&nbsp;<\/p>\n<p>Art\u00edculo 57. <strong>Modif\u00edquese <\/strong>el segundo \u00edtem en el Salvoconducto SC-1 del art\u00edculo 2.2.1.11.4.9 de la Secci\u00f3n 4 del Cap\u00edtulo 11 del T\u00edtulo 1 de la Parte 2 del Libro 2 del Decreto n\u00famero 1067 de 2015, el cual quedar\u00e1 as\u00ed:<\/p>\n<p>&nbsp;<\/p>\n<p><strong>Art\u00edculo 2.2.1.11.4.9. <em>Salvoconducto (SC). <\/em><\/strong><\/p>\n<p>&nbsp;<\/p>\n<p><strong>SC-1. <\/strong><span style=\"color: #0000ff;\">Salvoconducto para salir del pa\u00eds, en los siguientes casos:<\/span><\/p>\n<p>&nbsp;<\/p>\n<ul>\n<li>Cuando el extranjero sea deportado o expulsado, salvo en los casos previstos en el art\u00edculo 2.2.1.13.2.2 del presente decreto, situaci\u00f3n en la cual el extranjero deber\u00e1 salir del pa\u00eds de manera inmediata. En el presente caso, el t\u00e9rmino de duraci\u00f3n del Salvoconducto ser\u00e1 de hasta por treinta (30) d\u00edas calendario.<\/li>\n<\/ul>\n<p>&nbsp;<\/p>\n<p>Art\u00edculo 58. <strong>Modif\u00edquese <\/strong>el inciso 1\u00b0 del art\u00edculo 2.2.1.11.5.1 de la Secci\u00f3n 5 del Ca\u00adp\u00edtulo 11 del T\u00edtulo 1 de la Parte 2 del Libro 2 del Decreto n\u00famero 1067 de 2015, el cual quedar\u00e1 as\u00ed:<\/p>\n<p>&nbsp;<\/p>\n<p><strong>Art\u00edculo 2.2.1.11.5.1. <em>De las actividades que generen beneficio. <\/em><\/strong><span style=\"color: #0000ff;\">Toda persona, natural o jur\u00eddica que vincule, contrate, emplee o admita un extranjero mediante cualquier modalidad, en especial, relaci\u00f3n laboral, cooperativa o civil que genere un beneficio, deber\u00e1 exigirle la presentaci\u00f3n de la visa que le permita desarrollar la actividad, ocupaci\u00f3n u oficio declarado en la solicitud de la visa. As\u00ed mismo, deber\u00e1 solicitarle al extranjero la presentaci\u00f3n de la C\u00e9dula de Extranjer\u00eda cuando se est\u00e9 en la obligaci\u00f3n de tramitarla en cumplimiento de los requisitos migratorios (visas con vigencia superior a tres [3] meses con excepci\u00f3n de los titulares de las visas que se establezcan para tal fin por parte del Ministerio de Relaciones Exteriores).<\/span><\/p>\n<p>&nbsp;<\/p>\n<p>Art\u00edculo 59. <strong>Modif\u00edquese <\/strong>el art\u00edculo 2.2.1.11.5.3 de la Secci\u00f3n 5 del Cap\u00edtulo 11 del T\u00edtulo 1 de la Parte 2 del Libro 2 del Decreto n\u00famero 1067 de 2015, el cual quedar\u00e1 as\u00ed:<\/p>\n<p>&nbsp;<\/p>\n<p><strong>Art\u00edculo 2.2.1.11.5.3. <span style=\"color: #0000ff;\"><em>De las actividades religiosas. <\/em><\/span><\/strong><span style=\"color: #0000ff;\">Toda entidad, federaci\u00f3n, confe\u00adderaci\u00f3n, asociaci\u00f3n, comunidad, congregaci\u00f3n u otra entidad de car\u00e1cter religioso, deber\u00e1 informar por escrito o por los medios electr\u00f3nicos establecidos para tal fin a la Unidad Administrativa Especial Migraci\u00f3n Colombia del ingreso o retiro del religioso extranjero de la misma, dentro de los quince (15) d\u00edas calendario siguientes a su ocurrencia.<\/span><\/p>\n<p>&nbsp;<\/p>\n<p>Art\u00edculo 60. <strong>Modif\u00edquese <\/strong>el art\u00edculo 2.2.1.11.5.5 de la Secci\u00f3n 5 del Cap\u00edtulo 11 del T\u00edtulo 1 de la Parte 2 del Libro 2 del Decreto n\u00famero 1067 de 2015, el cual quedar\u00e1 as\u00ed:<\/p>\n<p>&nbsp;<\/p>\n<p><strong>Art\u00edculo 2.2.1.11.5.5. <span style=\"color: #0000ff;\"><em>De los cooperantes y voluntarios. <\/em><\/span><\/strong><span style=\"color: #0000ff;\">Toda entidad sin \u00e1nimo de lucro, Organizaci\u00f3n No Gubernamental (ONG), Organizaci\u00f3n Gubernamental, Misi\u00f3n Diplom\u00e1tica u organismo internacional, que admita a un extranjero como cooperante o voluntario, con el fin de desarrollar labores de beneficio social, asistencia, verificaci\u00f3n, observaci\u00f3n, ayuda humanitaria, deber\u00e1 informar por escrito o por los medios electr\u00f3nicos establecidos para tal fin a la Unidad Administrativa Especial Migraci\u00f3n Colombia, dentro de los quince (15) d\u00edas calendario posteriores al ingreso o retiro del extranjero.<\/span><\/p>\n<p>&nbsp;<\/p>\n<p>Art\u00edculo 61. <strong>Modif\u00edquese <\/strong>el inciso 2\u00b0 del art\u00edculo 2.2.1.11.5.6 de la Secci\u00f3n 5 del Ca\u00adp\u00edtulo 11 del T\u00edtulo 1 de la Parte 2 del Libro 2 del Decreto n\u00famero 1067 de 2015, el cual quedar\u00e1 as\u00ed:<\/p>\n<p><strong>Art\u00edculo 2.2.1.11.5.6. <em>Del ejercicio o los cambios de actividad, ocupaci\u00f3n u oficio. <\/em><\/strong><span style=\"color: #0000ff;\">Los titulares de las visas que se establezcan para tal fin por parte del Ministerio de Relaciones Exteriores, deber\u00e1n informar a la Unidad Administrativa Especial Migraci\u00f3n Colombia, de forma escrita o por los medios electr\u00f3nicos establecidos para tal fin, el cambio en la profesi\u00f3n, oficio, actividad u ocupaci\u00f3n autorizados en la visa dentro de los quince (15) d\u00edas calendario siguientes a su ocurrencia.<\/span><\/p>\n<p>Art\u00edculo 62. <strong>Modif\u00edquese <\/strong>el cuarto inciso del art\u00edculo 2.2.1.11.5.7 de la Secci\u00f3n 5 del Cap\u00edtulo 11 del T\u00edtulo 1 de la Parte 2 del Libro 2 del Decreto n\u00famero 1067 de 2015, el cual quedar\u00e1 as\u00ed:<\/p>\n<p><strong>Art\u00edculo 2.2.1.11.5.7. <em>De la responsabilidad del contratante<\/em>. <\/strong>En todo caso, la obligaci\u00f3n descrita en el presente art\u00edculo, cesar\u00e1 cuando el extranjero obtenga alg\u00fan tipo de Visa que se establezcan para tal fin por parte del Ministerio de Relaciones Exteriores.<\/p>\n<p>&nbsp;<\/p>\n<p>Art\u00edculo 63. <strong>Modif\u00edquese <\/strong>el art\u00edculo 2.2.1.11.5.9 de la Secci\u00f3n 5 del Cap\u00edtulo 11 del T\u00edtulo 1 de la Parte 2 del Libro 2 del Decreto n\u00famero 1067 de 2015, el cual quedar\u00e1 as\u00ed:<\/p>\n<p>&nbsp;<\/p>\n<p><strong>Art\u00edculo 2.2.1.11.5.9. <em>De los servicios de salud. <\/em><\/strong>Los servicios de urgencias y hospita\u00adlizaci\u00f3n en las instituciones prestadoras de servicios de salud, llevar\u00e1n un registro de los extranjeros que ingresen como pacientes, en el cual consten los siguientes datos: Nombres, apellidos completos, nacionalidad, documento de identidad, direcci\u00f3n de ubicaci\u00f3n en el pa\u00eds. Estas instituciones enviar\u00e1n diariamente o en su defecto cada vez que se presenten los casos a la Unidad Administrativa Especial Migraci\u00f3n Colombia, el registro de extranjeros por el medio establecido para tal fin, sin perjuicio de la revisi\u00f3n que puedan efectuar en cualquier momento las autoridades de migraci\u00f3n.<\/p>\n<p>&nbsp;<\/p>\n<p>Art\u00edculo 64. <strong>Modif\u00edquese <\/strong>el t\u00edtulo y <strong>adici\u00f3nese <\/strong>el inciso 4\u00b0 del art\u00edculo 2.2.1.11.5.11 de la secci\u00f3n 5 del Cap\u00edtulo 11 del T\u00edtulo 1 de la Parte 2 del Libro 2 del Decreto n\u00famero 1067 de 2015, el cual quedar\u00e1 as\u00ed:<\/p>\n<p>&nbsp;<\/p>\n<p><strong>Art\u00edculo 2.2.1.11.5.11. <em>De los medios de transporte internacional o nacional<\/em>. <\/strong>Todos los medios de transporte internacional a\u00e9reo, mar\u00edtimo, fluvial o terrestres, entendidos como aquellos que lleguen al territorio nacional o salgan de \u00e9l quedar\u00e1n sometidos al control de las autoridades migratorias, con el objeto de que se realice la revisi\u00f3n de los documentos exigibles en Convenios o normas vigentes en esta materia, a los tripulantes y pasajeros que transporten.<\/p>\n<p>&nbsp;<\/p>\n<p>El Capit\u00e1n, Comandante o el responsable de un medio de transporte internacional o nacional, a\u00e9reo, mar\u00edtimo, fluvial o terrestre, el gerente, administrador, propietario o responsable de empresas, compa\u00f1\u00edas o agencias de cualquier naturaleza, ser\u00e1 responsable solidariamente de la conducci\u00f3n y transporte de pasajeros y tripulantes en condiciones mi\u00adgratorias reglamentarias, debiendo para tal efecto cumplir con las disposiciones contenidas en Convenios o normas vigentes en esta materia.<\/p>\n<p>&nbsp;<\/p>\n<p>La inspecci\u00f3n y control migratorio de los pasajeros y tripulantes de un medio de trans\u00adporte mar\u00edtimo, fluvial o de una embarcaci\u00f3n pesquera, se har\u00e1 a su arribo a bordo de la nave o en lugar especialmente habilitado para dichos efectos.<\/p>\n<p>&nbsp;<\/p>\n<p>Las empresas de transporte a\u00e9reo, mar\u00edtimo, fluvial o terrestre en cualquier modalidad que operen dentro del territorio nacional, reportar\u00e1n en los tiempos y periodos que esta\u00adblezca la autoridad migratoria y mediante el sistema electr\u00f3nico que implemente para tal fin Migraci\u00f3n Colombia, los usuarios extranjeros que utilicen sus servicios, para lo cual deber\u00e1n exigirles la documentaci\u00f3n establecida en el presente decreto.<\/p>\n<p>&nbsp;<\/p>\n<p><strong>Par\u00e1grafo. <\/strong>Para los fines del presente cap\u00edtulo se consideran empresas transportado\u00adras o medios de transporte internacional las personas naturales o jur\u00eddicas, nacionales o extranjeras, que lleven a cabo el transporte internacional de personas y\/o carga, v\u00eda a\u00e9rea, mar\u00edtima, fluvial o terrestre.<\/p>\n<p>&nbsp;<\/p>\n<p>Art\u00edculo 65. <strong>Adici\u00f3nese <\/strong>el par\u00e1grafo 2\u00b0 y modif\u00edquese el art\u00edculo 2.2.1.11.6.1 de la Secci\u00f3n 6 del Cap\u00edtulo 11 del T\u00edtulo 1 de la Parte 2 del Libro 2 del Decreto n\u00famero 1067 de 2015, el cual quedar\u00e1 as\u00ed:<\/p>\n<p><strong>\u00a0<\/strong><strong>\u00a0<\/strong><\/p>\n<p><strong>Art\u00edculo 2.2.1.11.6.1. <span style=\"color: #0000ff;\"><em>De las salidas. <\/em><\/span><\/strong><span style=\"color: #0000ff;\">Para salir del territorio nacional, las personas deber\u00e1n presentar a la autoridad migratoria los siguientes documentos:<\/span><\/p>\n<p>&nbsp;<\/p>\n<ul>\n<li><span style=\"color: #0000ff;\"><strong> PARA MAYORES DE EDAD: <\/strong><\/span><\/li>\n<\/ul>\n<p>&nbsp;<\/p>\n<ol>\n<li>Pasaporte vigente o documento de viaje v\u00e1lido y en los casos establecidos por ins\u00adtrumentos internacionales vigentes, documento de identidad o c\u00e9dula de extranjer\u00eda, seg\u00fan el caso.<\/li>\n<li>Visa o permiso vigente, seg\u00fan el caso.<\/li>\n<li>Salvoconducto en los casos establecidos en el presente cap\u00edtulo.<\/li>\n<\/ol>\n<p>&nbsp;<\/p>\n<ul>\n<li><span style=\"color: #0000ff;\"><strong> PARA MENORES DE EDAD COLOMBIANOS: <\/strong><\/span><\/li>\n<\/ul>\n<p>&nbsp;<\/p>\n<ol>\n<li><span style=\"color: #0000ff;\">En el evento en que el menor salga de territorio nacional acompa\u00f1ado de sus padres:<\/span><\/li>\n<\/ol>\n<ol>\n<li>a) Pasaporte vigente o documento de viaje v\u00e1lido y en los casos establecidos por ins\u00adtrumentos internacionales vigentes documento de identidad;<\/li>\n<li>b) Registro Civil de Nacimiento;<\/li>\n<li>c) Visa del destino si as\u00ed lo requiere;<\/li>\n<li>d) Si el menor es adoptado por padres extranjeros al salir por primera vez del pa\u00eds se requerir\u00e1 la sentencia de adopci\u00f3n.<\/li>\n<\/ol>\n<ol start=\"2\">\n<li><span style=\"color: #0000ff;\">En el evento en que el menor salga de territorio nacional acompa\u00f1ado de uno de sus padres<\/span>:<\/li>\n<\/ol>\n<ol>\n<li>a) Pasaporte vigente o documento de viaje v\u00e1lido y en los casos establecidos por ins\u00adtrumentos internacionales vigentes documento de identidad;<\/li>\n<li>b) Registro Civil de Nacimiento;<\/li>\n<li>c) Visa del destino si as\u00ed lo requiere;<\/li>\n<li>d) Permiso de salida del pa\u00eds debidamente autenticado ante notario, autoridad consular u otra autoridad, suscrito por el padre que no acompa\u00f1a al menor. El permiso de salida emi\u00adtido por autoridad extranjera ser\u00e1 debidamente legalizado o apostillado, seg\u00fan sea el caso.<\/li>\n<\/ol>\n<ol start=\"3\">\n<li><span style=\"color: #0000ff;\">En el evento en que el menor salga del territorio nacional con el representante legal o tenga representante legal por el fallecimiento de los padres:<\/span><\/li>\n<\/ol>\n<ol>\n<li>a) Pasaporte vigente o documento de viaje v\u00e1lido y en los casos establecidos por ins\u00adtrumentos internacionales vigentes documento de identidad;<\/li>\n<li>b) Alguno de los siguientes documentos:<\/li>\n<\/ol>\n<p>\u2013 Registro Civil de Nacimiento y sentencia en la cual se establezca la representaci\u00f3n legal, o<\/p>\n<p>\u2013 Registro Civil de Nacimiento con las anotaciones de la representaci\u00f3n legal del menor;<\/p>\n<ol>\n<li>c) Visa del destino si as\u00ed lo requiere.<\/li>\n<\/ol>\n<ol start=\"4\">\n<li><span style=\"color: #0000ff;\">En el evento en que el menor salga del territorio nacional sin sus padres o con una persona distinta al representante legal:<\/span><\/li>\n<\/ol>\n<ol>\n<li>a) Pasaporte vigente o documento de viaje v\u00e1lido y en los casos establecidos por ins\u00adtrumentos internacionales vigentes documento de identidad;<\/li>\n<li>b) Alguno de los siguientes documentos:<\/li>\n<\/ol>\n<p>\u2013 Registro Civil de Nacimiento con las anotaciones de la sentencia de representaci\u00f3n legal, o<\/p>\n<p>\u2013 Sentencia donde se establece la representaci\u00f3n legal del menor;<\/p>\n<ol>\n<li>c) Visa del destino si as\u00ed lo requiere;<\/li>\n<li>d) Permiso de salida del pa\u00eds debidamente autenticado ante notario, autoridad consular u otra autoridad competente, suscrito por ambos padres o representante legal. El permiso de salida emitido por autoridad extranjera ser\u00e1 debidamente legalizado o apostillado, seg\u00fan sea el caso.<\/li>\n<\/ol>\n<ol start=\"5\">\n<li><span style=\"color: #0000ff;\">En el evento en que la patria potestad del menor se encuentre en cabeza de uno de los padres por decisi\u00f3n judicial:<\/span><\/li>\n<\/ol>\n<ol>\n<li>a) Pasaporte vigente o documento de viaje v\u00e1lido y en los casos establecidos por ins\u00adtrumentos internacionales vigentes documento de identidad;<\/li>\n<li>b) Alguno de los siguientes documentos:<\/li>\n<\/ol>\n<p>\u2013 Registro Civil de Nacimiento con la anotaci\u00f3n del otorgamiento de la patria potestad en cabeza de uno de los padres por decisi\u00f3n judicial, o<\/p>\n<p>\u2013 Registro Civil de Nacimiento y Copia de la sentencia judicial debidamente ejecutoriada, o<\/p>\n<p>\u2013 Si la sentencia fue proferida por autoridad extranjera, ser\u00e1 v\u00e1lida en Colombia solo si se ha efectuado el tr\u00e1mite de Exequ\u00e1tur, caso en el cual se deber\u00e1 presentar copia de la decisi\u00f3n emitida por la Corte Suprema de Justicia de Colombia en donde haga referencia a la providencia de la autoridad extranjera;<\/p>\n<ol>\n<li>c) Visa del destino si as\u00ed lo requiere.<\/li>\n<\/ol>\n<ol start=\"6\">\n<li><span style=\"color: #0000ff;\">En el evento en que el menor no cuente con uno de sus padres por fallecimiento y salga con su padre sobreviviente:<\/span><\/li>\n<\/ol>\n<ol>\n<li>a) Pasaporte vigente o documento de viaje v\u00e1lido y en los casos establecidos por ins\u00adtrumentos internacionales vigentes documento de identidad;<\/li>\n<li>b) Registro Civil de Nacimiento;<\/li>\n<li>c) Visa del destino si as\u00ed lo requiere;<\/li>\n<li>d) Registro Civil de Defunci\u00f3n del padre fallecido, o el documento que haga sus veces.<\/li>\n<\/ol>\n<ol start=\"7\">\n<li><span style=\"color: #0000ff;\">En el evento en que el menor no cuente con uno de sus padres por fallecimiento y salga con una persona diferente a su padre sobreviviente o solo:<\/span><\/li>\n<\/ol>\n<ol>\n<li>a) Pasaporte vigente o documento de viaje v\u00e1lido y en los casos establecidos por ins\u00adtrumentos internacionales vigentes documento de identidad;<\/li>\n<li>b) Registro Civil de Nacimiento;<\/li>\n<li>c) Visa del destino si as\u00ed lo requiere;<\/li>\n<li>d) Permiso de salida del pa\u00eds debidamente autenticado ante notario, autoridad consular u otra autoridad debidamente apostillado o legalizado seg\u00fan el caso, suscrito por el padre sobreviviente. El permiso de salida emitido por autoridad extranjera ser\u00e1 debidamente legalizado o apostillado, seg\u00fan sea el caso;<\/li>\n<li>e) Registro Civil de Defunci\u00f3n del padre fallecido, o el documento que haga sus veces.<\/li>\n<\/ol>\n<ol start=\"8\">\n<li><span style=\"color: #0000ff;\">En el evento en que el menor de edad sea extranjero, beneficiario de una visa de residente y desee salir del pa\u00eds sin la compa\u00f1\u00eda de sus padres o sin alguno de ellos,<\/span> deber\u00e1 contar con el permiso de salida en las mismas condiciones que los menores colombianos de que trata el presente art\u00edculo. En el caso del requisito de presentaci\u00f3n de Registro Civil de Nacimiento deber\u00e1 presentarse el documento que haga sus veces en el respectivo pa\u00eds.<\/li>\n<\/ol>\n<p>&nbsp;<\/p>\n<p><strong>Par\u00e1grafo 1\u00b0. <\/strong>En los casos no previstos en el presente art\u00edculo, y de acuerdo con lo dispuesto en los art\u00edculos 82, 83 y 84 de la Ley 1098 de 2006, ser\u00e1 el Defensor de Familia quien los resuelva, en su defecto, corresponde pronunciarse al Comisario de Familia y en ausencia de ambos, resolver\u00e1 el Inspector de Polic\u00eda.<\/p>\n<p>&nbsp;<\/p>\n<p><strong>Par\u00e1grafo 2\u00b0. <\/strong>Todos los permisos de salida del pa\u00eds deber\u00e1n ser presentados en docu\u00admento original. Los documentos extranjeros se deber\u00e1n presentar apostillados o legalizados y traducidos oficialmente al idioma espa\u00f1ol.<\/p>\n<p>&nbsp;<\/p>\n<p>Art\u00edculo 66. <strong>Modif\u00edquese <\/strong>el art\u00edculo 2.2.1.11.7.2 de la Secci\u00f3n 7 del Cap\u00edtulo 11 del T\u00edtulo 1 de la Parte 2 del Libro 2 del Decreto n\u00famero 1067 de 2015, el cual quedar\u00e1 as\u00ed:<\/p>\n<p>&nbsp;<\/p>\n<p><strong>Art\u00edculo 2.2.1.11.7.2. <em>Del traspaso de visa. <\/em><\/strong>El extranjero podr\u00e1 solicitar ante el Minis\u00adterio de Relaciones Exteriores, el traspaso de la visa por deterioro, cambio o p\u00e9rdida del pasaporte, cuando se requiera alguna aclaraci\u00f3n o cambio de entidad, empleador u ocupaci\u00f3n con el lleno de los requisitos se\u00f1alados.<\/p>\n<p>&nbsp;<\/p>\n<p>Art\u00edculo 67. <strong>Modif\u00edquese <\/strong>el art\u00edculo 2.2.1.11.7.23 de la Secci\u00f3n 7 del Cap\u00edtulo 11 del T\u00edtulo 1 de la Parte 2 del Libro 2 del Decreto n\u00famero 1067 de 2015, el cual quedar\u00e1 as\u00ed:<\/p>\n<p>&nbsp;<\/p>\n<p><strong>Art\u00edculo 2.2.1.11.7.23. <span style=\"color: #ff9900;\"><em>Transitorio<\/em>. <em>Periodo de Recedulaci\u00f3n. <\/em><\/span><\/strong><span style=\"color: #ff9900;\"><strong>Los extranjeros titulares de Visa de Residente (RE), sin excepci\u00f3n, deber\u00e1n presentarse ante la Unidad Administrativa Especial Migraci\u00f3n Colombia para renovar su c\u00e9dula de extranjer\u00eda, esto es hasta el 24 de septiembre de 2015<\/strong>.<\/span><\/p>\n<p>&nbsp;<\/p>\n<p>Vencido el t\u00e9rmino indicado anteriormente, solo ser\u00e1 v\u00e1lida la c\u00e9dula de extranjer\u00eda expedida en el formato dispuesto por la autoridad migratoria.<\/p>\n<p>&nbsp;<\/p>\n<p><strong>Par\u00e1grafo<\/strong>. Las C\u00e9dulas de Extranjer\u00eda en calidad de residente expedidas en vigencia de los Decretos n\u00fameros 834 de 2013 y 1067 de 2015 que tengan una vigencia inferior a 5 a\u00f1os, se deber\u00e1n renovar una vez se venza el periodo se\u00f1alado en dicha C\u00e9dula de Extranjer\u00eda.<\/p>\n<p>&nbsp;<\/p>\n<p>Art\u00edculo 68. <strong>Modif\u00edquese<\/strong>, el numeral 19 y adicionar los numerales 30, 31 y 32 del ar\u00adt\u00edculo 2.2.1.13.1 del Cap\u00edtulo 13 del T\u00edtulo 1 de la Parte 2 del Libro 2 del Decreto n\u00famero 1067 de 2015, el cual quedar\u00e1 as\u00ed:<\/p>\n<p>&nbsp;<\/p>\n<p><strong>Art\u00edculo 2.2.1.13.1. <em>Sanciones econ\u00f3micas. <\/em><\/strong>El Director de la Unidad Administrativa Especial Migraci\u00f3n Colombia, de acuerdo con la ley y atendiendo la normatividad vigente y la que expida dicho funcionario para tal fin, podr\u00e1 imponer o continuar cobrando las sanciones econ\u00f3micas necesarias para garantizar el cumplimiento de lo establecido en los cap\u00edtulos anteriores del presente t\u00edtulo. Estas sanciones econ\u00f3micas se impondr\u00e1n mediante resoluci\u00f3n motivada contra la cual proceden los recursos de la sede administrativa en el efecto suspensivo.<\/p>\n<p>&nbsp;<\/p>\n<p><span style=\"color: #0000ff;\">Habr\u00e1 lugar a las sanciones econ\u00f3micas en los siguientes eventos:<\/span><\/p>\n<p>&nbsp;<\/p>\n<ol start=\"19\">\n<li>No Informar a la Unidad Administrativa Especial Migraci\u00f3n Colombia, del ingreso o la terminaci\u00f3n de la labor o actividad por parte de un ciudadano extranjero que participe en una entidad sin \u00e1nimo de lucro, Organizaci\u00f3n No Gubernamental (ONG), misi\u00f3n di\u00adplom\u00e1tica u organismo internacional, dentro de los quince (15) d\u00edas calendario siguientes de ocurrido el hecho.<\/li>\n<\/ol>\n<p>(&#8230;)<\/p>\n<ol start=\"30\">\n<li>No identificarse como nacional colombiano a su ingreso o salida del territorio na\u00adcional, ante la autoridad migratoria de conformidad a lo estipulado en el art\u00edculo 22 de la Ley 43 de 1993 o las leyes que la sustituyan, modifiquen o deroguen.<\/li>\n<\/ol>\n<p>&nbsp;<\/p>\n<ol start=\"31\">\n<li>Incumplimiento de las obligaciones establecidas en este decreto por parte de cl\u00ed\u00adnicas, hospitales o centros m\u00e9dicos que brinden atenci\u00f3n a extranjeros por urgencias u hospitalizaci\u00f3n.<\/li>\n<\/ol>\n<p>&nbsp;<\/p>\n<ol start=\"32\">\n<li>Incumplimiento de las dem\u00e1s obligaciones contenidas en el presente Decreto y dem\u00e1s normas que lo modifiquen, adicionen o deroguen.<\/li>\n<\/ol>\n<p>&nbsp;<\/p>\n<p>Art\u00edculo 69. <strong>Modif\u00edquese <\/strong>el art\u00edculo 2.2.1.13.1.3 del Cap\u00edtulo 13 del T\u00edtulo 1 de la Parte 2 del Libro 2 del Decreto n\u00famero 1067 de 2015, el cual quedar\u00e1 as\u00ed:<\/p>\n<p>&nbsp;<\/p>\n<p><strong>Art\u00edculo 2.2.1.13.1.3. <\/strong><span style=\"color: #0000ff;\">El extranjero que haya sido deportado solo podr\u00e1 ingresar al te\u00adrritorio nacional una vez transcurrido el t\u00e9rmino de la sanci\u00f3n que establezca la resoluci\u00f3n respectiva, que no debe ser inferior a seis (6) meses ni superior a diez (10) a\u00f1os, previa expedici\u00f3n de la visa otorgada por las Oficinas Consulares de la Rep\u00fablica.<\/span><\/p>\n<p>&nbsp;<\/p>\n<p>Art\u00edculo 70. <em>Vigencia<\/em>. El presente decreto rige a partir de su publicaci\u00f3n y modifica parcialmente el Decreto n\u00famero 1067 de 2015.<\/p>\n<p>&nbsp;<\/p>\n<p>Publ\u00edquese y c\u00famplase.<\/p>\n<p>Dado en Bogot\u00e1, D. C., a 31 de agosto de 2015.<\/p>\n<p>&nbsp;<\/p>\n<p>JUAN MANUEL SANTOS CALDER\u00d3N<\/p>\n<p>La Ministra de Relaciones Exteriores,<\/p>\n<p><em>Mar\u00eda \u00c1ngela Holgu\u00edn Cu\u00e9llar<\/em><\/p>\n<p>&nbsp;<\/p>\n<p>&nbsp;<\/p>\n<p>&nbsp;<\/p>\n<p>&nbsp;<\/p>\n<p>&nbsp;<\/p>\n<p>&nbsp;<\/p>\n<p>&nbsp;<\/p>\n<p>&nbsp;<\/p>\n<p>&nbsp;<\/p>\n<p>&nbsp;<\/p>\n<p>&nbsp;<\/p>\n<p>&nbsp;<\/p>\n<p>&nbsp;<\/p>\n<p>&nbsp;<\/p>\n<p>&nbsp;<\/p>\n<p>&nbsp;<\/p>\n<p>&nbsp;<\/p>\n<p>&nbsp;<\/p>\n<p>&nbsp;<\/p>\n<p>&nbsp;<\/p>\n<p>&nbsp;<\/p>\n<p>&nbsp;<\/p>\n<p>&nbsp;<\/p>\n<p>&nbsp;<\/p>\n<p>&nbsp;<\/p>\n<p>&nbsp;<\/p>\n","protected":false},"excerpt":{"rendered":"<p>Decreto 1743 de agosto 31 de 2015 &#8211; Ministerio de Relaciones Exteriores, por medio del cual se modifican disposiciones de las oficinas consulares, pasaportes, visas, de la protecci\u00f3n y promoci\u00f3n de nacionales en el exterior, del retorno, del Fondo Especial para las migraciones, y otros.<\/p>\n","protected":false},"author":1,"featured_media":5728,"comment_status":"open","ping_status":"open","sticky":false,"template":"","format":"standard","meta":{"_monsterinsights_skip_tracking":false,"ngg_post_thumbnail":0,"footnotes":"","_links_to":"","_links_to_target":""},"categories":[454],"tags":[],"class_list":["post-5729","post","type-post","status-publish","format-standard","has-post-thumbnail","hentry","category-sin-categoria"],"aioseo_notices":[],"aioseo_head":"\n\t\t<!-- All in One SEO 5.0.1.1 - aioseo.com -->\n\t<meta name=\"description\" content=\"Decreto 1743 de agosto 31 de 2015 - Ministerio de Relaciones Exteriores, por medio del cual se modifican disposiciones de las oficinas consulares, pasaportes, visas, de la protecci\u00f3n y promoci\u00f3n de nacionales en el exterior, del retorno, del Fondo Especial para las migraciones, y otros.\" \/>\n\t<meta name=\"robots\" content=\"max-image-preview:large\" \/>\n\t<meta name=\"author\" content=\"Miguel Antonio M\u00e1rquez Monta\u00f1ez\"\/>\n\t<link rel=\"canonical\" href=\"https:\/\/contadoreshoy.com\/?p=5729\" \/>\n\t<meta name=\"generator\" content=\"All in One SEO (AIOSEO) 5.0.1.1\" \/>\n\t\t<meta property=\"og:locale\" content=\"es_ES\" \/>\n\t\t<meta property=\"og:site_name\" content=\"Contadores P\u00fablicos - Portal para Contadores P\u00fablicos y empresarios\" \/>\n\t\t<meta property=\"og:type\" content=\"article\" \/>\n\t\t<meta property=\"og:title\" content=\"Decreto 1743 de agosto 31 de 2015 \u2013 Ministerio de Relaciones Exteriores - Contadores P\u00fablicos\" \/>\n\t\t<meta property=\"og:description\" content=\"Decreto 1743 de agosto 31 de 2015 - Ministerio de Relaciones Exteriores, por medio del cual se modifican disposiciones de las oficinas consulares, pasaportes, visas, de la protecci\u00f3n y promoci\u00f3n de nacionales en el exterior, del retorno, del Fondo Especial para las migraciones, y otros.\" \/>\n\t\t<meta property=\"og:url\" content=\"https:\/\/contadoreshoy.com\/?p=5729\" \/>\n\t\t<meta property=\"og:image\" content=\"https:\/\/contadoreshoy.com\/wp-content\/uploads\/2024\/01\/cropped-cropped-cropped-Copia-de-M.jpg\" \/>\n\t\t<meta property=\"og:image:secure_url\" content=\"https:\/\/contadoreshoy.com\/wp-content\/uploads\/2024\/01\/cropped-cropped-cropped-Copia-de-M.jpg\" \/>\n\t\t<meta property=\"og:image:width\" content=\"512\" \/>\n\t\t<meta property=\"og:image:height\" content=\"371\" \/>\n\t\t<meta property=\"article:published_time\" content=\"2015-09-03T04:34:16+00:00\" \/>\n\t\t<meta property=\"article:modified_time\" content=\"2017-02-05T03:01:12+00:00\" \/>\n\t\t<meta name=\"twitter:card\" content=\"summary_large_image\" \/>\n\t\t<meta name=\"twitter:title\" content=\"Decreto 1743 de agosto 31 de 2015 \u2013 Ministerio de Relaciones Exteriores - Contadores P\u00fablicos\" \/>\n\t\t<meta name=\"twitter:description\" content=\"Decreto 1743 de agosto 31 de 2015 - Ministerio de Relaciones Exteriores, por medio del cual se modifican disposiciones de las oficinas consulares, pasaportes, visas, de la protecci\u00f3n y promoci\u00f3n de nacionales en el exterior, del retorno, del Fondo Especial para las migraciones, y otros.\" \/>\n\t\t<meta name=\"twitter:image\" content=\"https:\/\/contadoreshoy.com\/wp-content\/uploads\/2024\/01\/cropped-cropped-cropped-Copia-de-M.jpg\" \/>\n\t\t<script type=\"application\/ld+json\" class=\"aioseo-schema\">\n\t\t\t{\"@context\":\"https:\\\/\\\/schema.org\",\"@graph\":[{\"@type\":\"BlogPosting\",\"@id\":\"https:\\\/\\\/contadoreshoy.com\\\/?p=5729#blogposting\",\"name\":\"Decreto 1743 de agosto 31 de 2015 \\u2013 Ministerio de Relaciones Exteriores - Contadores P\\u00fablicos\",\"headline\":\"Decreto 1743 de agosto 31 de 2015 &#8211; Ministerio de Relaciones Exteriores\",\"author\":{\"@id\":\"https:\\\/\\\/contadoreshoy.com\\\/?author=1#author\"},\"publisher\":{\"@id\":\"https:\\\/\\\/contadoreshoy.com\\\/#organization\"},\"image\":{\"@type\":\"ImageObject\",\"url\":\"https:\\\/\\\/contadoreshoy.com\\\/wp-content\\\/uploads\\\/2015\\\/09\\\/Frontera.jpg\",\"width\":559,\"height\":419},\"datePublished\":\"2015-09-02T23:34:16-05:00\",\"dateModified\":\"2017-02-04T22:01:12-05:00\",\"inLanguage\":\"es-ES\",\"mainEntityOfPage\":{\"@id\":\"https:\\\/\\\/contadoreshoy.com\\\/?p=5729#webpage\"},\"isPartOf\":{\"@id\":\"https:\\\/\\\/contadoreshoy.com\\\/?p=5729#webpage\"},\"articleSection\":\"Sin categor\\u00eda\"},{\"@type\":\"BreadcrumbList\",\"@id\":\"https:\\\/\\\/contadoreshoy.com\\\/?p=5729#breadcrumblist\",\"itemListElement\":[{\"@type\":\"ListItem\",\"@id\":\"https:\\\/\\\/contadoreshoy.com#listItem\",\"position\":1,\"name\":\"Home\",\"item\":\"https:\\\/\\\/contadoreshoy.com\",\"nextItem\":{\"@type\":\"ListItem\",\"@id\":\"https:\\\/\\\/contadoreshoy.com\\\/?cat=454#listItem\",\"name\":\"Sin categor\\u00eda\"}},{\"@type\":\"ListItem\",\"@id\":\"https:\\\/\\\/contadoreshoy.com\\\/?cat=454#listItem\",\"position\":2,\"name\":\"Sin categor\\u00eda\",\"item\":\"https:\\\/\\\/contadoreshoy.com\\\/?cat=454\",\"nextItem\":{\"@type\":\"ListItem\",\"@id\":\"https:\\\/\\\/contadoreshoy.com\\\/?p=5729#listItem\",\"name\":\"Decreto 1743 de agosto 31 de 2015 &#8211; Ministerio de Relaciones Exteriores\"},\"previousItem\":{\"@type\":\"ListItem\",\"@id\":\"https:\\\/\\\/contadoreshoy.com#listItem\",\"name\":\"Home\"}},{\"@type\":\"ListItem\",\"@id\":\"https:\\\/\\\/contadoreshoy.com\\\/?p=5729#listItem\",\"position\":3,\"name\":\"Decreto 1743 de agosto 31 de 2015 &#8211; Ministerio de Relaciones Exteriores\",\"previousItem\":{\"@type\":\"ListItem\",\"@id\":\"https:\\\/\\\/contadoreshoy.com\\\/?cat=454#listItem\",\"name\":\"Sin categor\\u00eda\"}}]},{\"@type\":\"Organization\",\"@id\":\"https:\\\/\\\/contadoreshoy.com\\\/#organization\",\"name\":\"Contadores P\\u00fablicos\",\"description\":\"Portal para Contadores P\\u00fablicos y empresarios\",\"url\":\"https:\\\/\\\/contadoreshoy.com\\\/\",\"logo\":{\"@type\":\"ImageObject\",\"url\":\"https:\\\/\\\/contadoreshoy.com\\\/wp-content\\\/uploads\\\/2024\\\/01\\\/cropped-cropped-Copia-de-M-1.jpg\",\"@id\":\"https:\\\/\\\/contadoreshoy.com\\\/?p=5729\\\/#organizationLogo\",\"width\":499,\"height\":500},\"image\":{\"@id\":\"https:\\\/\\\/contadoreshoy.com\\\/?p=5729\\\/#organizationLogo\"}},{\"@type\":\"Person\",\"@id\":\"https:\\\/\\\/contadoreshoy.com\\\/?author=1#author\",\"url\":\"https:\\\/\\\/contadoreshoy.com\\\/?author=1\",\"name\":\"Miguel Antonio M\\u00e1rquez Monta\\u00f1ez\"},{\"@type\":\"WebPage\",\"@id\":\"https:\\\/\\\/contadoreshoy.com\\\/?p=5729#webpage\",\"url\":\"https:\\\/\\\/contadoreshoy.com\\\/?p=5729\",\"name\":\"Decreto 1743 de agosto 31 de 2015 \\u2013 Ministerio de Relaciones Exteriores - Contadores P\\u00fablicos\",\"description\":\"Decreto 1743 de agosto 31 de 2015 - Ministerio de Relaciones Exteriores, por medio del cual se modifican disposiciones de las oficinas consulares, pasaportes, visas, de la protecci\\u00f3n y promoci\\u00f3n de nacionales en el exterior, del retorno, del Fondo Especial para las migraciones, y otros.\",\"inLanguage\":\"es-ES\",\"isPartOf\":{\"@id\":\"https:\\\/\\\/contadoreshoy.com\\\/#website\"},\"breadcrumb\":{\"@id\":\"https:\\\/\\\/contadoreshoy.com\\\/?p=5729#breadcrumblist\"},\"author\":{\"@id\":\"https:\\\/\\\/contadoreshoy.com\\\/?author=1#author\"},\"creator\":{\"@id\":\"https:\\\/\\\/contadoreshoy.com\\\/?author=1#author\"},\"image\":{\"@type\":\"ImageObject\",\"url\":\"https:\\\/\\\/contadoreshoy.com\\\/wp-content\\\/uploads\\\/2015\\\/09\\\/Frontera.jpg\",\"@id\":\"https:\\\/\\\/contadoreshoy.com\\\/?p=5729\\\/#mainImage\",\"width\":559,\"height\":419},\"primaryImageOfPage\":{\"@id\":\"https:\\\/\\\/contadoreshoy.com\\\/?p=5729#mainImage\"},\"datePublished\":\"2015-09-02T23:34:16-05:00\",\"dateModified\":\"2017-02-04T22:01:12-05:00\"},{\"@type\":\"WebSite\",\"@id\":\"https:\\\/\\\/contadoreshoy.com\\\/#website\",\"url\":\"https:\\\/\\\/contadoreshoy.com\\\/\",\"name\":\"Contadores P\\u00fablicos\",\"description\":\"Portal para Contadores P\\u00fablicos y empresarios\",\"inLanguage\":\"es-ES\",\"publisher\":{\"@id\":\"https:\\\/\\\/contadoreshoy.com\\\/#organization\"}}]}\n\t\t<\/script>\n\t\t<!-- All in One SEO -->\n\n","aioseo_head_json":{"title":"Decreto 1743 de agosto 31 de 2015 \u2013 Ministerio de Relaciones Exteriores - Contadores P\u00fablicos","description":"Decreto 1743 de agosto 31 de 2015 - Ministerio de Relaciones Exteriores, por medio del cual se modifican disposiciones de las oficinas consulares, pasaportes, visas, de la protecci\u00f3n y promoci\u00f3n de nacionales en el exterior, del retorno, del Fondo Especial para las migraciones, y otros.","canonical_url":"https:\/\/contadoreshoy.com\/?p=5729","robots":"max-image-preview:large","keywords":"","webmasterTools":{"miscellaneous":""},"schema":{"@context":"https:\/\/schema.org","@graph":[{"@type":"BlogPosting","@id":"https:\/\/contadoreshoy.com\/?p=5729#blogposting","name":"Decreto 1743 de agosto 31 de 2015 \u2013 Ministerio de Relaciones Exteriores - Contadores P\u00fablicos","headline":"Decreto 1743 de agosto 31 de 2015 &#8211; Ministerio de Relaciones Exteriores","author":{"@id":"https:\/\/contadoreshoy.com\/?author=1#author"},"publisher":{"@id":"https:\/\/contadoreshoy.com\/#organization"},"image":{"@type":"ImageObject","url":"https:\/\/contadoreshoy.com\/wp-content\/uploads\/2015\/09\/Frontera.jpg","width":559,"height":419},"datePublished":"2015-09-02T23:34:16-05:00","dateModified":"2017-02-04T22:01:12-05:00","inLanguage":"es-ES","mainEntityOfPage":{"@id":"https:\/\/contadoreshoy.com\/?p=5729#webpage"},"isPartOf":{"@id":"https:\/\/contadoreshoy.com\/?p=5729#webpage"},"articleSection":"Sin categor\u00eda"},{"@type":"BreadcrumbList","@id":"https:\/\/contadoreshoy.com\/?p=5729#breadcrumblist","itemListElement":[{"@type":"ListItem","@id":"https:\/\/contadoreshoy.com#listItem","position":1,"name":"Home","item":"https:\/\/contadoreshoy.com","nextItem":{"@type":"ListItem","@id":"https:\/\/contadoreshoy.com\/?cat=454#listItem","name":"Sin categor\u00eda"}},{"@type":"ListItem","@id":"https:\/\/contadoreshoy.com\/?cat=454#listItem","position":2,"name":"Sin categor\u00eda","item":"https:\/\/contadoreshoy.com\/?cat=454","nextItem":{"@type":"ListItem","@id":"https:\/\/contadoreshoy.com\/?p=5729#listItem","name":"Decreto 1743 de agosto 31 de 2015 &#8211; Ministerio de Relaciones Exteriores"},"previousItem":{"@type":"ListItem","@id":"https:\/\/contadoreshoy.com#listItem","name":"Home"}},{"@type":"ListItem","@id":"https:\/\/contadoreshoy.com\/?p=5729#listItem","position":3,"name":"Decreto 1743 de agosto 31 de 2015 &#8211; Ministerio de Relaciones Exteriores","previousItem":{"@type":"ListItem","@id":"https:\/\/contadoreshoy.com\/?cat=454#listItem","name":"Sin categor\u00eda"}}]},{"@type":"Organization","@id":"https:\/\/contadoreshoy.com\/#organization","name":"Contadores P\u00fablicos","description":"Portal para Contadores P\u00fablicos y empresarios","url":"https:\/\/contadoreshoy.com\/","logo":{"@type":"ImageObject","url":"https:\/\/contadoreshoy.com\/wp-content\/uploads\/2024\/01\/cropped-cropped-Copia-de-M-1.jpg","@id":"https:\/\/contadoreshoy.com\/?p=5729\/#organizationLogo","width":499,"height":500},"image":{"@id":"https:\/\/contadoreshoy.com\/?p=5729\/#organizationLogo"}},{"@type":"Person","@id":"https:\/\/contadoreshoy.com\/?author=1#author","url":"https:\/\/contadoreshoy.com\/?author=1","name":"Miguel Antonio M\u00e1rquez Monta\u00f1ez"},{"@type":"WebPage","@id":"https:\/\/contadoreshoy.com\/?p=5729#webpage","url":"https:\/\/contadoreshoy.com\/?p=5729","name":"Decreto 1743 de agosto 31 de 2015 \u2013 Ministerio de Relaciones Exteriores - Contadores P\u00fablicos","description":"Decreto 1743 de agosto 31 de 2015 - Ministerio de Relaciones Exteriores, por medio del cual se modifican disposiciones de las oficinas consulares, pasaportes, visas, de la protecci\u00f3n y promoci\u00f3n de nacionales en el exterior, del retorno, del Fondo Especial para las migraciones, y otros.","inLanguage":"es-ES","isPartOf":{"@id":"https:\/\/contadoreshoy.com\/#website"},"breadcrumb":{"@id":"https:\/\/contadoreshoy.com\/?p=5729#breadcrumblist"},"author":{"@id":"https:\/\/contadoreshoy.com\/?author=1#author"},"creator":{"@id":"https:\/\/contadoreshoy.com\/?author=1#author"},"image":{"@type":"ImageObject","url":"https:\/\/contadoreshoy.com\/wp-content\/uploads\/2015\/09\/Frontera.jpg","@id":"https:\/\/contadoreshoy.com\/?p=5729\/#mainImage","width":559,"height":419},"primaryImageOfPage":{"@id":"https:\/\/contadoreshoy.com\/?p=5729#mainImage"},"datePublished":"2015-09-02T23:34:16-05:00","dateModified":"2017-02-04T22:01:12-05:00"},{"@type":"WebSite","@id":"https:\/\/contadoreshoy.com\/#website","url":"https:\/\/contadoreshoy.com\/","name":"Contadores P\u00fablicos","description":"Portal para Contadores P\u00fablicos y empresarios","inLanguage":"es-ES","publisher":{"@id":"https:\/\/contadoreshoy.com\/#organization"}}]},"og:locale":"es_ES","og:site_name":"Contadores P\u00fablicos - Portal para Contadores P\u00fablicos y empresarios","og:type":"article","og:title":"Decreto 1743 de agosto 31 de 2015 \u2013 Ministerio de Relaciones Exteriores - Contadores P\u00fablicos","og:description":"Decreto 1743 de agosto 31 de 2015 - Ministerio de Relaciones Exteriores, por medio del cual se modifican disposiciones de las oficinas consulares, pasaportes, visas, de la protecci\u00f3n y promoci\u00f3n de nacionales en el exterior, del retorno, del Fondo Especial para las migraciones, y otros.","og:url":"https:\/\/contadoreshoy.com\/?p=5729","og:image":"https:\/\/contadoreshoy.com\/wp-content\/uploads\/2024\/01\/cropped-cropped-cropped-Copia-de-M.jpg","og:image:secure_url":"https:\/\/contadoreshoy.com\/wp-content\/uploads\/2024\/01\/cropped-cropped-cropped-Copia-de-M.jpg","og:image:width":512,"og:image:height":371,"article:published_time":"2015-09-03T04:34:16+00:00","article:modified_time":"2017-02-05T03:01:12+00:00","twitter:card":"summary_large_image","twitter:title":"Decreto 1743 de agosto 31 de 2015 \u2013 Ministerio de Relaciones Exteriores - Contadores P\u00fablicos","twitter:description":"Decreto 1743 de agosto 31 de 2015 - Ministerio de Relaciones Exteriores, por medio del cual se modifican disposiciones de las oficinas consulares, pasaportes, visas, de la protecci\u00f3n y promoci\u00f3n de nacionales en el exterior, del retorno, del Fondo Especial para las migraciones, y otros.","twitter:image":"https:\/\/contadoreshoy.com\/wp-content\/uploads\/2024\/01\/cropped-cropped-cropped-Copia-de-M.jpg"},"aioseo_meta_data":{"post_id":"5729","title":null,"description":null,"keywords":null,"keyphrases":null,"primary_term":null,"canonical_url":null,"og_title":null,"og_description":null,"og_object_type":"default","og_image_type":"default","og_image_url":null,"og_image_width":null,"og_image_height":null,"og_image_custom_url":null,"og_image_custom_fields":null,"og_video":null,"og_custom_url":null,"og_article_section":null,"og_article_tags":null,"twitter_use_og":false,"twitter_card":"default","twitter_image_type":"default","twitter_image_url":null,"twitter_image_custom_url":null,"twitter_image_custom_fields":null,"twitter_title":null,"twitter_description":null,"schema":{"blockGraphs":[],"customGraphs":[],"default":{"data":{"Article":[],"Course":[],"Dataset":[],"FAQPage":[],"Movie":[],"Person":[],"Product":[],"ProductReview":[],"Car":[],"Recipe":[],"Service":[],"SoftwareApplication":[],"WebPage":[]},"graphName":"","isEnabled":true},"graphs":[]},"schema_type":"default","schema_type_options":null,"pillar_content":false,"robots_default":true,"robots_noindex":false,"robots_noarchive":false,"robots_nosnippet":false,"robots_nofollow":false,"robots_noimageindex":false,"robots_noodp":false,"robots_notranslate":false,"robots_max_snippet":null,"robots_max_videopreview":null,"robots_max_imagepreview":"large","priority":null,"frequency":null,"local_seo":null,"breadcrumb_settings":null,"limit_modified_date":false,"ai":null,"created":"2024-03-05 01:07:26","updated":"2026-03-03 04:33:42","seo_analyzer_scan_date":null,"focus_keyword":null,"additional_keywords":null,"truseo_locale":null},"aioseo_breadcrumb":"<div class=\"aioseo-breadcrumbs\"><span class=\"aioseo-breadcrumb\">\n\t\t\t<a href=\"https:\/\/contadoreshoy.com\" title=\"Home\">Home<\/a>\n\t\t<\/span><span class=\"aioseo-breadcrumb-separator\">&raquo;<\/span><span class=\"aioseo-breadcrumb\">\n\t\t\t<a href=\"https:\/\/contadoreshoy.com\/?cat=454\" title=\"Sin categor\u00eda\">Sin categor\u00eda<\/a>\n\t\t<\/span><span class=\"aioseo-breadcrumb-separator\">&raquo;<\/span><span class=\"aioseo-breadcrumb\">\n\t\t\tDecreto 1743 de agosto 31 de 2015 \u2013 Ministerio de Relaciones Exteriores\n\t\t<\/span><\/div>","aioseo_breadcrumb_json":[{"label":"Home","link":"https:\/\/contadoreshoy.com"},{"label":"Sin categor\u00eda","link":"https:\/\/contadoreshoy.com\/?cat=454"},{"label":"Decreto 1743 de agosto 31 de 2015 &#8211; Ministerio de Relaciones Exteriores","link":"https:\/\/contadoreshoy.com\/?p=5729"}],"yoast_head":"<!-- This site is optimized with the Yoast SEO plugin v28.4 - https:\/\/yoast.com\/product\/yoast-seo-wordpress\/ -->\n<title>Decreto 1743 de agosto 31 de 2015 - Ministerio de Relaciones Exteriores - Contadores P\u00fablicos<\/title>\n<meta name=\"robots\" content=\"index, follow, max-snippet:-1, max-image-preview:large, max-video-preview:-1\" \/>\n<link rel=\"canonical\" href=\"https:\/\/contadoreshoy.com\/?p=5729\" \/>\n<meta property=\"og:locale\" content=\"es_ES\" \/>\n<meta property=\"og:type\" content=\"article\" \/>\n<meta property=\"og:title\" content=\"Decreto 1743 de agosto 31 de 2015 - Ministerio de Relaciones Exteriores - Contadores P\u00fablicos\" \/>\n<meta property=\"og:description\" content=\"Decreto 1743 de agosto 31 de 2015 - Ministerio de Relaciones Exteriores, por medio del cual se modifican disposiciones de las oficinas consulares, pasaportes, visas, de la protecci\u00f3n y promoci\u00f3n de nacionales en el exterior, del retorno, del Fondo Especial para las migraciones, y otros.\" \/>\n<meta property=\"og:url\" content=\"https:\/\/contadoreshoy.com\/?p=5729\" \/>\n<meta property=\"og:site_name\" content=\"Contadores P\u00fablicos\" \/>\n<meta property=\"article:publisher\" content=\"https:\/\/www.facebook.com\/CCCPBucaramanga\/\" \/>\n<meta property=\"article:published_time\" content=\"2015-09-03T04:34:16+00:00\" \/>\n<meta property=\"article:modified_time\" content=\"2017-02-05T03:01:12+00:00\" \/>\n<meta property=\"og:image\" content=\"https:\/\/contadoreshoy.com\/wp-content\/uploads\/2015\/09\/Frontera.jpg\" \/>\n\t<meta property=\"og:image:width\" content=\"559\" \/>\n\t<meta property=\"og:image:height\" content=\"419\" \/>\n\t<meta property=\"og:image:type\" content=\"image\/jpeg\" \/>\n<meta name=\"author\" content=\"Miguel Antonio M\u00e1rquez Monta\u00f1ez\" \/>\n<meta name=\"twitter:card\" content=\"summary_large_image\" \/>\n<meta name=\"twitter:label1\" content=\"Escrito por\" \/>\n\t<meta name=\"twitter:data1\" content=\"Miguel Antonio M\u00e1rquez Monta\u00f1ez\" \/>\n\t<meta name=\"twitter:label2\" content=\"Tiempo de lectura\" \/>\n\t<meta name=\"twitter:data2\" content=\"66 minutos\" \/>\n<script type=\"application\/ld+json\" class=\"yoast-schema-graph\">{\"@context\":\"https:\\\/\\\/schema.org\",\"@graph\":[{\"@type\":\"Article\",\"@id\":\"https:\\\/\\\/contadoreshoy.com\\\/?p=5729#article\",\"isPartOf\":{\"@id\":\"https:\\\/\\\/contadoreshoy.com\\\/?p=5729\"},\"author\":{\"name\":\"Miguel Antonio M\u00e1rquez Monta\u00f1ez\",\"@id\":\"https:\\\/\\\/contadoreshoy.com\\\/#\\\/schema\\\/person\\\/96d8979cb865537c5dc9345e40089fc5\"},\"headline\":\"Decreto 1743 de agosto 31 de 2015 &#8211; Ministerio de Relaciones Exteriores\",\"datePublished\":\"2015-09-03T04:34:16+00:00\",\"dateModified\":\"2017-02-05T03:01:12+00:00\",\"mainEntityOfPage\":{\"@id\":\"https:\\\/\\\/contadoreshoy.com\\\/?p=5729\"},\"wordCount\":13126,\"commentCount\":0,\"publisher\":{\"@id\":\"https:\\\/\\\/contadoreshoy.com\\\/#organization\"},\"image\":{\"@id\":\"https:\\\/\\\/contadoreshoy.com\\\/?p=5729#primaryimage\"},\"thumbnailUrl\":\"https:\\\/\\\/contadoreshoy.com\\\/wp-content\\\/uploads\\\/2015\\\/09\\\/Frontera.jpg\",\"inLanguage\":\"es\",\"potentialAction\":[{\"@type\":\"CommentAction\",\"name\":\"Comment\",\"target\":[\"https:\\\/\\\/contadoreshoy.com\\\/?p=5729#respond\"]}]},{\"@type\":\"WebPage\",\"@id\":\"https:\\\/\\\/contadoreshoy.com\\\/?p=5729\",\"url\":\"https:\\\/\\\/contadoreshoy.com\\\/?p=5729\",\"name\":\"Decreto 1743 de agosto 31 de 2015 - Ministerio de Relaciones Exteriores - Contadores P\u00fablicos\",\"isPartOf\":{\"@id\":\"https:\\\/\\\/contadoreshoy.com\\\/#website\"},\"primaryImageOfPage\":{\"@id\":\"https:\\\/\\\/contadoreshoy.com\\\/?p=5729#primaryimage\"},\"image\":{\"@id\":\"https:\\\/\\\/contadoreshoy.com\\\/?p=5729#primaryimage\"},\"thumbnailUrl\":\"https:\\\/\\\/contadoreshoy.com\\\/wp-content\\\/uploads\\\/2015\\\/09\\\/Frontera.jpg\",\"datePublished\":\"2015-09-03T04:34:16+00:00\",\"dateModified\":\"2017-02-05T03:01:12+00:00\",\"breadcrumb\":{\"@id\":\"https:\\\/\\\/contadoreshoy.com\\\/?p=5729#breadcrumb\"},\"inLanguage\":\"es\",\"potentialAction\":[{\"@type\":\"ReadAction\",\"target\":[\"https:\\\/\\\/contadoreshoy.com\\\/?p=5729\"]}]},{\"@type\":\"ImageObject\",\"inLanguage\":\"es\",\"@id\":\"https:\\\/\\\/contadoreshoy.com\\\/?p=5729#primaryimage\",\"url\":\"https:\\\/\\\/contadoreshoy.com\\\/wp-content\\\/uploads\\\/2015\\\/09\\\/Frontera.jpg\",\"contentUrl\":\"https:\\\/\\\/contadoreshoy.com\\\/wp-content\\\/uploads\\\/2015\\\/09\\\/Frontera.jpg\",\"width\":559,\"height\":419},{\"@type\":\"BreadcrumbList\",\"@id\":\"https:\\\/\\\/contadoreshoy.com\\\/?p=5729#breadcrumb\",\"itemListElement\":[{\"@type\":\"ListItem\",\"position\":1,\"name\":\"Portada\",\"item\":\"https:\\\/\\\/contadoreshoy.com\\\/\"},{\"@type\":\"ListItem\",\"position\":2,\"name\":\"Decreto 1743 de agosto 31 de 2015 &#8211; Ministerio de Relaciones Exteriores\"}]},{\"@type\":\"WebSite\",\"@id\":\"https:\\\/\\\/contadoreshoy.com\\\/#website\",\"url\":\"https:\\\/\\\/contadoreshoy.com\\\/\",\"name\":\"Contadorespublicossantander\",\"description\":\"Portal para Contadores P\u00fablicos y empresarios\",\"publisher\":{\"@id\":\"https:\\\/\\\/contadoreshoy.com\\\/#organization\"},\"potentialAction\":[{\"@type\":\"SearchAction\",\"target\":{\"@type\":\"EntryPoint\",\"urlTemplate\":\"https:\\\/\\\/contadoreshoy.com\\\/?s={search_term_string}\"},\"query-input\":{\"@type\":\"PropertyValueSpecification\",\"valueRequired\":true,\"valueName\":\"search_term_string\"}}],\"inLanguage\":\"es\"},{\"@type\":\"Organization\",\"@id\":\"https:\\\/\\\/contadoreshoy.com\\\/#organization\",\"name\":\"Contadores P\u00fablicos de Santander\",\"url\":\"https:\\\/\\\/contadoreshoy.com\\\/\",\"logo\":{\"@type\":\"ImageObject\",\"inLanguage\":\"es\",\"@id\":\"https:\\\/\\\/contadoreshoy.com\\\/#\\\/schema\\\/logo\\\/image\\\/\",\"url\":\"https:\\\/\\\/contadoreshoy.com\\\/wp-content\\\/uploads\\\/2024\\\/01\\\/cropped-cropped-Copia-de-M-1.jpg\",\"contentUrl\":\"https:\\\/\\\/contadoreshoy.com\\\/wp-content\\\/uploads\\\/2024\\\/01\\\/cropped-cropped-Copia-de-M-1.jpg\",\"width\":499,\"height\":500,\"caption\":\"Contadores P\u00fablicos de Santander\"},\"image\":{\"@id\":\"https:\\\/\\\/contadoreshoy.com\\\/#\\\/schema\\\/logo\\\/image\\\/\"},\"sameAs\":[\"https:\\\/\\\/www.facebook.com\\\/CCCPBucaramanga\\\/\"]},{\"@type\":\"Person\",\"@id\":\"https:\\\/\\\/contadoreshoy.com\\\/#\\\/schema\\\/person\\\/96d8979cb865537c5dc9345e40089fc5\",\"name\":\"Miguel Antonio M\u00e1rquez Monta\u00f1ez\",\"description\":\"Contador P\u00fablico egresado de la Universidad Aut\u00f3noma de Bucaramanga - Asesor contable tributario con m\u00e1s de 25 a\u00f1os de experiencia - Conferencista en temas contables y tributarios - T\u00e9cnico en Hardware y Dise\u00f1o Web - Creador y director Grupo de Estudio Colegio Colombiano de Contadores P\u00fablicos de Bucaramanga - Creador y Master Web p\u00e1gina www.contadoresp\u00fablicossantander.com - Expresidente Colegio Colombiano de Contadores P\u00fablicos Bucaramanga\",\"url\":\"https:\\\/\\\/contadoreshoy.com\\\/?author=1\"}]}<\/script>\n<!-- \/ Yoast SEO plugin. -->","yoast_head_json":{"title":"Decreto 1743 de agosto 31 de 2015 - Ministerio de Relaciones Exteriores - Contadores P\u00fablicos","robots":{"index":"index","follow":"follow","max-snippet":"max-snippet:-1","max-image-preview":"max-image-preview:large","max-video-preview":"max-video-preview:-1"},"canonical":"https:\/\/contadoreshoy.com\/?p=5729","og_locale":"es_ES","og_type":"article","og_title":"Decreto 1743 de agosto 31 de 2015 - Ministerio de Relaciones Exteriores - Contadores P\u00fablicos","og_description":"Decreto 1743 de agosto 31 de 2015 - Ministerio de Relaciones Exteriores, por medio del cual se modifican disposiciones de las oficinas consulares, pasaportes, visas, de la protecci\u00f3n y promoci\u00f3n de nacionales en el exterior, del retorno, del Fondo Especial para las migraciones, y otros.","og_url":"https:\/\/contadoreshoy.com\/?p=5729","og_site_name":"Contadores P\u00fablicos","article_publisher":"https:\/\/www.facebook.com\/CCCPBucaramanga\/","article_published_time":"2015-09-03T04:34:16+00:00","article_modified_time":"2017-02-05T03:01:12+00:00","og_image":[{"width":559,"height":419,"url":"https:\/\/contadoreshoy.com\/wp-content\/uploads\/2015\/09\/Frontera.jpg","type":"image\/jpeg"}],"author":"Miguel Antonio M\u00e1rquez Monta\u00f1ez","twitter_card":"summary_large_image","twitter_misc":{"Escrito por":"Miguel Antonio M\u00e1rquez Monta\u00f1ez","Tiempo de lectura":"66 minutos"},"schema":{"@context":"https:\/\/schema.org","@graph":[{"@type":"Article","@id":"https:\/\/contadoreshoy.com\/?p=5729#article","isPartOf":{"@id":"https:\/\/contadoreshoy.com\/?p=5729"},"author":{"name":"Miguel Antonio M\u00e1rquez Monta\u00f1ez","@id":"https:\/\/contadoreshoy.com\/#\/schema\/person\/96d8979cb865537c5dc9345e40089fc5"},"headline":"Decreto 1743 de agosto 31 de 2015 &#8211; Ministerio de Relaciones Exteriores","datePublished":"2015-09-03T04:34:16+00:00","dateModified":"2017-02-05T03:01:12+00:00","mainEntityOfPage":{"@id":"https:\/\/contadoreshoy.com\/?p=5729"},"wordCount":13126,"commentCount":0,"publisher":{"@id":"https:\/\/contadoreshoy.com\/#organization"},"image":{"@id":"https:\/\/contadoreshoy.com\/?p=5729#primaryimage"},"thumbnailUrl":"https:\/\/contadoreshoy.com\/wp-content\/uploads\/2015\/09\/Frontera.jpg","inLanguage":"es","potentialAction":[{"@type":"CommentAction","name":"Comment","target":["https:\/\/contadoreshoy.com\/?p=5729#respond"]}]},{"@type":"WebPage","@id":"https:\/\/contadoreshoy.com\/?p=5729","url":"https:\/\/contadoreshoy.com\/?p=5729","name":"Decreto 1743 de agosto 31 de 2015 - Ministerio de Relaciones Exteriores - Contadores P\u00fablicos","isPartOf":{"@id":"https:\/\/contadoreshoy.com\/#website"},"primaryImageOfPage":{"@id":"https:\/\/contadoreshoy.com\/?p=5729#primaryimage"},"image":{"@id":"https:\/\/contadoreshoy.com\/?p=5729#primaryimage"},"thumbnailUrl":"https:\/\/contadoreshoy.com\/wp-content\/uploads\/2015\/09\/Frontera.jpg","datePublished":"2015-09-03T04:34:16+00:00","dateModified":"2017-02-05T03:01:12+00:00","breadcrumb":{"@id":"https:\/\/contadoreshoy.com\/?p=5729#breadcrumb"},"inLanguage":"es","potentialAction":[{"@type":"ReadAction","target":["https:\/\/contadoreshoy.com\/?p=5729"]}]},{"@type":"ImageObject","inLanguage":"es","@id":"https:\/\/contadoreshoy.com\/?p=5729#primaryimage","url":"https:\/\/contadoreshoy.com\/wp-content\/uploads\/2015\/09\/Frontera.jpg","contentUrl":"https:\/\/contadoreshoy.com\/wp-content\/uploads\/2015\/09\/Frontera.jpg","width":559,"height":419},{"@type":"BreadcrumbList","@id":"https:\/\/contadoreshoy.com\/?p=5729#breadcrumb","itemListElement":[{"@type":"ListItem","position":1,"name":"Portada","item":"https:\/\/contadoreshoy.com\/"},{"@type":"ListItem","position":2,"name":"Decreto 1743 de agosto 31 de 2015 &#8211; Ministerio de Relaciones Exteriores"}]},{"@type":"WebSite","@id":"https:\/\/contadoreshoy.com\/#website","url":"https:\/\/contadoreshoy.com\/","name":"Contadorespublicossantander","description":"Portal para Contadores P\u00fablicos y empresarios","publisher":{"@id":"https:\/\/contadoreshoy.com\/#organization"},"potentialAction":[{"@type":"SearchAction","target":{"@type":"EntryPoint","urlTemplate":"https:\/\/contadoreshoy.com\/?s={search_term_string}"},"query-input":{"@type":"PropertyValueSpecification","valueRequired":true,"valueName":"search_term_string"}}],"inLanguage":"es"},{"@type":"Organization","@id":"https:\/\/contadoreshoy.com\/#organization","name":"Contadores P\u00fablicos de Santander","url":"https:\/\/contadoreshoy.com\/","logo":{"@type":"ImageObject","inLanguage":"es","@id":"https:\/\/contadoreshoy.com\/#\/schema\/logo\/image\/","url":"https:\/\/contadoreshoy.com\/wp-content\/uploads\/2024\/01\/cropped-cropped-Copia-de-M-1.jpg","contentUrl":"https:\/\/contadoreshoy.com\/wp-content\/uploads\/2024\/01\/cropped-cropped-Copia-de-M-1.jpg","width":499,"height":500,"caption":"Contadores P\u00fablicos de Santander"},"image":{"@id":"https:\/\/contadoreshoy.com\/#\/schema\/logo\/image\/"},"sameAs":["https:\/\/www.facebook.com\/CCCPBucaramanga\/"]},{"@type":"Person","@id":"https:\/\/contadoreshoy.com\/#\/schema\/person\/96d8979cb865537c5dc9345e40089fc5","name":"Miguel Antonio M\u00e1rquez Monta\u00f1ez","description":"Contador P\u00fablico egresado de la Universidad Aut\u00f3noma de Bucaramanga - Asesor contable tributario con m\u00e1s de 25 a\u00f1os de experiencia - Conferencista en temas contables y tributarios - T\u00e9cnico en Hardware y Dise\u00f1o Web - Creador y director Grupo de Estudio Colegio Colombiano de Contadores P\u00fablicos de Bucaramanga - Creador y Master Web p\u00e1gina www.contadoresp\u00fablicossantander.com - Expresidente Colegio Colombiano de Contadores P\u00fablicos Bucaramanga","url":"https:\/\/contadoreshoy.com\/?author=1"}]}},"_links":{"self":[{"href":"https:\/\/contadoreshoy.com\/index.php?rest_route=\/wp\/v2\/posts\/5729","targetHints":{"allow":["GET"]}}],"collection":[{"href":"https:\/\/contadoreshoy.com\/index.php?rest_route=\/wp\/v2\/posts"}],"about":[{"href":"https:\/\/contadoreshoy.com\/index.php?rest_route=\/wp\/v2\/types\/post"}],"author":[{"embeddable":true,"href":"https:\/\/contadoreshoy.com\/index.php?rest_route=\/wp\/v2\/users\/1"}],"replies":[{"embeddable":true,"href":"https:\/\/contadoreshoy.com\/index.php?rest_route=%2Fwp%2Fv2%2Fcomments&post=5729"}],"version-history":[{"count":1,"href":"https:\/\/contadoreshoy.com\/index.php?rest_route=\/wp\/v2\/posts\/5729\/revisions"}],"predecessor-version":[{"id":8079,"href":"https:\/\/contadoreshoy.com\/index.php?rest_route=\/wp\/v2\/posts\/5729\/revisions\/8079"}],"wp:featuredmedia":[{"embeddable":true,"href":"https:\/\/contadoreshoy.com\/index.php?rest_route=\/wp\/v2\/media\/5728"}],"wp:attachment":[{"href":"https:\/\/contadoreshoy.com\/index.php?rest_route=%2Fwp%2Fv2%2Fmedia&parent=5729"}],"wp:term":[{"taxonomy":"category","embeddable":true,"href":"https:\/\/contadoreshoy.com\/index.php?rest_route=%2Fwp%2Fv2%2Fcategories&post=5729"},{"taxonomy":"post_tag","embeddable":true,"href":"https:\/\/contadoreshoy.com\/index.php?rest_route=%2Fwp%2Fv2%2Ftags&post=5729"}],"curies":[{"name":"wp","href":"https:\/\/api.w.org\/{rel}","templated":true}]}}