{"id":5754,"date":"2015-09-06T22:13:21","date_gmt":"2015-09-07T03:13:21","guid":{"rendered":"http:\/\/colegiocolombianodecontadores.com\/?p=5754"},"modified":"2017-02-04T22:01:11","modified_gmt":"2017-02-05T03:01:11","slug":"clases-de-pasaportes","status":"publish","type":"post","link":"https:\/\/contadoreshoy.com\/?p=5754","title":{"rendered":"Clases de pasaportes"},"content":{"rendered":"<p>[useful_banner_manager banners=0 count=1]<\/p>\n<p style=\"text-align: center;\">\n<p style=\"text-align: center;\"><strong>MINISTERIO DE RELACIONES EXTERIORES<\/strong><\/p>\n<p style=\"text-align: center;\"><strong>RESOLUCI\u00d3N N\u00daMERO 5392 DE 2015<\/strong><\/p>\n<p style=\"text-align: center;\">(agosto 31)<\/p>\n<p style=\"text-align: center;\"><em>por la cual se reglamenta el Cap\u00edtulo 4 y cap\u00edtulo 5 del T\u00edtulo 1 de la Parte 2\u00a0 del Libro 2 del Decreto n\u00famero 1067 de 2015.<\/em><\/p>\n<p>La Ministra de Relaciones Exteriores, en uso de sus facultades legales y, en especial de las que le confiere el numeral 3 del art\u00edculo 59 de la Ley 489 de 1998, el art\u00edculo 2\u00b0 y el numeral 23 del art\u00edculo 3\u00b0 del Decreto n\u00famero 3355 de 2009, y a lo dispuesto en los art\u00edculos 2.2.1.4.4 y 2.2.1.5.2 del T\u00edtulo 1 de la Parte 2 del Libro 2 del Decreto n\u00famero 1067 de 2015, y<\/p>\n<p style=\"text-align: center;\">CONSIDERANDO:<\/p>\n<p>&nbsp;<\/p>\n<p>Que de conformidad con el art\u00edculo 24 de la Constituci\u00f3n Pol\u00edtica de Colombia, todo colombiano, con las limitaciones que establezca la ley, tiene derecho a entrar y salir del territorio nacional.<\/p>\n<p>Que de conformidad con el art\u00edculo 2\u00b0 del Decreto n\u00famero 3355 de 2009, el Ministerio de Relaciones Exteriores es el organismo rector del Sector Administrativo de Relaciones<\/p>\n<p>Exteriores y le corresponde, bajo la direcci\u00f3n del Presidente de la Rep\u00fablica, formular, planear, coordinar, ejecutar y evaluar la pol\u00edtica exterior de Colombia, las relaciones internacionales y administrar el servicio exterior de la Rep\u00fablica.<\/p>\n<p>Que de acuerdo a lo establecido en el Decreto n\u00famero 3355 de 2009, el Ministerio de Relaciones Exteriores tiene a su cargo, entre otras, ejecutar de manera directa o a trav\u00e9s de las distintas entidades y organismos del Estado, la pol\u00edtica exterior del Estado colombiano, as\u00ed como evaluarla, proponer los ajustes y modificaciones que correspondan.<\/p>\n<p>Que seg\u00fan el art\u00edculo 3\u00b0 numeral 23 del Decreto n\u00famero 3355 de 2009 el Ministerio de Relaciones Exteriores tiene a su cargo, entre otras, expedir los pasaportes y autorizar mediante convenios con otras entidades p\u00fablicas, su expedici\u00f3n, cuando lo estime necesario.<\/p>\n<p>Que el numeral 12 del art\u00edculo 18 del Decreto n\u00famero 3355 de 2009 asigna al Ministerio de Relaciones Exteriores la funci\u00f3n de: <em>\u201cDirigir y coordinar la expedici\u00f3n de pasaportes y visas, expedir los pasaportes diplom\u00e1ticos y oficiales e instruir y supervisar a las entidades que el Ministerio determine en el proceso de expedici\u00f3n de pasaportes, apostilla y legalizaci\u00f3n de documentos, de conformidad con los convenios que se suscriban sobre la materia y gestionar su reconocimiento internacional\u201d.<\/em><\/p>\n<p>Que en el a\u00f1o de 1947, Colombia se adhiri\u00f3 al Convenio sobre Aviaci\u00f3n Civil Internacional de la Organizaci\u00f3n de Aviaci\u00f3n Civil Internacional (OACI), ratificado mediante la ley 12 de 1947, la cual se\u00f1ala en sus principios y directrices que el pasaporte es el documento que identifica a las personas en el exterior, el cual, por su naturaleza, debe cumplir con est\u00e1ndares de seguridad a nivel mundial.<\/p>\n<p>Que el transporte internacional de pasajeros por carretera constituye uno de los instrumentos de ayuda eficaz para la consolidaci\u00f3n del espacio econ\u00f3mico subregional y el logro de objetivos del Acuerdo de Cartagena.<\/p>\n<p>Que la Libreta de Tripulante Terrestre es un documento individual expedido por las autoridades migratorias de los pa\u00edses miembros del Acuerdo de Cartagena del que hace parte Colombia desde el a\u00f1o 1969, la cual se otorga a solicitud de los transportadores autorizados, y permite a su titular ingresar, transitar, permanecer y salir del territorio de los pa\u00edses miembros como parte de la tripulaci\u00f3n de un veh\u00edculo habilitado en una operaci\u00f3n de transporte internacional de mercanc\u00edas por carretera.<\/p>\n<p>Que de conformidad con la Declaraci\u00f3n de Derechos Humanos de 1948, la Convenci\u00f3n Americana sobre Derechos Humanos o Pacto de San Jos\u00e9 de Costa Rica de 1969, la Convenci\u00f3n sobre el Estatuto de los Refugiados de 1951, la Convenci\u00f3n sobre Asilo Territorial de 1954 y la Convenci\u00f3n sobre el Estatuto de los Ap\u00e1tridas de 1954, es procedente expedir Documentos de Viaje, a los ap\u00e1tridas, asilados, refugiados, a los extranjeros que se encuentran en Colombia, nacionales de pa\u00edses que no tengan representaci\u00f3n Diplom\u00e1tica o Consular en el pa\u00eds y a los dem\u00e1s extranjeros que a juicio del Ministerio de Relaciones Exteriores, est\u00e9n imposibilitados para obtener pasaporte del pa\u00eds del cual sean nacionales.<\/p>\n<p>Que la informaci\u00f3n que recibe el Ministerio de Relaciones Exteriores a trav\u00e9s de las oficinas designadas, as\u00ed como por medio de sus Misiones Diplom\u00e1ticas y Consulados en el exterior, con ocasi\u00f3n de las solicitudes de tr\u00e1mite de pasaportes, debe considerarse de car\u00e1cter reservado en los t\u00e9rminos del art\u00edculo 24 numeral 4\u00b0 de la Ley 1437 de 2011, por ser datos sensibles de conformidad con lo reglamentado por el art\u00edculo 5\u00b0 de la Ley Estatutaria 1581 de 2012.<\/p>\n<p>Que mediante los art\u00edculos 2.2.1.4.4 y 2.2.1.5.2 del Decreto n\u00famero 1067 de 2015, se estableci\u00f3 que el Ministerio de Relaciones Exteriores, reglamentar\u00e1 todo lo concerniente a la expedici\u00f3n de pasaportes colombianos. Que en m\u00e9rito de lo expuesto,<\/p>\n<p style=\"text-align: center;\">RESUELVE:<\/p>\n<p style=\"text-align: center;\">CAP\u00cdTULO I<\/p>\n<h1 style=\"text-align: center;\"><span style=\"color: #0000ff;\">Clases de pasaportes<\/span><\/h1>\n<p>&nbsp;<\/p>\n<p>Art\u00edculo 1\u00b0. <span style=\"color: #0000ff;\"><em>Pasaporte Ordinario Electr\u00f3nico<\/em><\/span>. Es expedido por el Ministerio de Relaciones Exteriores a los colombianos en el territorio nacional y en sus Misiones Diplom\u00e1ticas y Consulares de Colombia en el exterior. Este pasaporte consta de treinta y dos (32) p\u00e1ginas y su vigencia ser\u00e1 de diez (10) a\u00f1os.<\/p>\n<p>Art\u00edculo 2\u00b0.<span style=\"color: #0000ff;\"><em> Pasaporte Ejecutivo Electr\u00f3nico<\/em><\/span>. Es expedido por el Ministerio de Relaciones Exteriores a los colombianos en el territorio nacional y en sus Misiones Diplom\u00e1ticas y Consulares de Colombia en el exterior. El pasaporte consta de cuarenta y ocho (48) p\u00e1ginas y su vigencia ser\u00e1 de diez (10) a\u00f1os.<\/p>\n<p>Art\u00edculo 3\u00b0<span style=\"color: #0000ff;\">. <em>Pasaporte Fronterizo con Zona de Lectura Mec\u00e1nica<\/em><\/span>. Es expedido por el Ministerio de Relaciones Exteriores a los colombianos que se encuentran en Brasil, Ecuador, Panam\u00e1, Per\u00fa y Venezuela, por intermedio de sus Misiones Diplom\u00e1ticas y Consulares de Colombia acreditados en los mencionados pa\u00edses. El pasaporte consta de veintiocho (28) p\u00e1ginas y la vigencia ser\u00e1 de diez (10) a\u00f1os.<\/p>\n<p>Par\u00e1grafo. Este pasaporte solo es v\u00e1lido para entrar y salir de Colombia desde y hacia el pa\u00eds en donde fue expedido. Podr\u00e1 ser utilizado en las fronteras terrestres, mar\u00edtimas, a\u00e9reas y fluviales.<\/p>\n<p>Art\u00edculo 4\u00b0. <span style=\"color: #0000ff;\"><em>Pasaporte Diplom\u00e1tico Electr\u00f3nico<\/em>.<\/span> Es expedido por el Ministerio de Relaciones Exteriores, a trav\u00e9s de la Direcci\u00f3n de Asuntos Migratorios Consulares y Servicio al Ciudadano o la oficina que haga sus veces o la sustituya. El pasaporte consta de treinta y dos (32) p\u00e1ginas.<\/p>\n<p>Par\u00e1grafo. En los casos en que se expide pasaporte diplom\u00e1tico para los Embajadores en misi\u00f3n especial de que trata el par\u00e1grafo 2\u00b0 del art\u00edculo 62 del Decreto-ley 274 de 2000 y que sean titulares de pasaporte ordinario, oficial o ejecutivo vigente, no tendr\u00e1n que cancelarlo, pero quedar\u00e1 en custodia en la dependencia que determine el Ministerio de Relaciones Exteriores.<\/p>\n<p>Art\u00edculo 5\u00b0.<span style=\"color: #0000ff;\"><em> Pasaporte Oficial Electr\u00f3nico<\/em><\/span>. Es expedido por el Ministerio de Relaciones Exteriores a trav\u00e9s de la Direcci\u00f3n de Asuntos Migratorios Consulares y Servicio al Ciudadano o la oficina que haga sus veces o la sustituya. El pasaporte consta de veintiocho (28) p\u00e1ginas.<\/p>\n<p>Par\u00e1grafo. A quien se le expida un pasaporte oficial en virtud de una comisi\u00f3n oficial temporal y que sea titular de pasaporte ordinario o ejecutivo vigente, no tendr\u00e1 que cancelarlo, pero quedar\u00e1 en custodia en la dependencia que determine el Ministerio de Relaciones Exteriores.<\/p>\n<p>&nbsp;<\/p>\n<p>Art\u00edculo 6\u00b0<span style=\"color: #0000ff;\">. <em>Pasaporte de Emergencia con Zona de Lectura MEC\u00c1NICA<\/em><\/span>. Es expedido por el Ministerio de Relaciones Exteriores a los colombianos en el territorio nacional y en sus Misiones Diplom\u00e1ticas y Consulares en el exterior para casos excepcionales de caso fortuito o fuerza mayor. La libreta consta de ocho (8) p\u00e1ginas y la vigencia ser\u00e1 de siete (7) meses.<\/p>\n<p>Esta libreta podr\u00e1 ser solicitada de manera excepcional simult\u00e1neamente al pasaporte ordinario o ejecutivo.<\/p>\n<p>Par\u00e1grafo 1\u00b0. A quien se le expida un pasaporte de emergencia y que sea titular de pasaporte ordinario, ejecutivo, oficial o diplom\u00e1tico vigente, podr\u00e1 conservar este documento sin que el mismo sea cancelado.<\/p>\n<p>Par\u00e1grafo 2\u00b0. Se entender\u00e1n como casos excepcionales para la expedici\u00f3n del pasaporte de emergencia las situaciones presentadas por los solicitantes en donde sea necesario salvaguardar derechos inalienables de la persona tales como la vida, la salud y la integridad y que est\u00e9n fundamentados en condiciones de extrema necesidad, fuerza mayor o el caso fortuito, los cuales se configuran por la concurrencia de dos factores: a) que el hecho sea imprevisible, esto es, que dentro de las circunstancias normales de la vida, no sea posible contemplar por anticipado su ocurrencia y b) que el hecho sea irresistible, o sea, que el agente no pueda evitar su acaecimiento ni superar sus consecuencias y que de modo alguno se derive de la conducta culpable e imprevisi\u00f3n del obligado.<\/p>\n<p>Art\u00edculo 7\u00b0. <span style=\"color: #0000ff;\"><em>Pasaporte Exento con Zona de Lectura Mec\u00e1nica<\/em><\/span>. Este documento es expedido por el Ministerio de Relaciones Exteriores a trav\u00e9s de las Misiones Diplom\u00e1ticas y Consulados de Colombia acreditados en el exterior a los colombianos que lo requieran. Ser\u00e1 v\u00e1lido para regresar a Colombia. Podr\u00e1 ser gestionado por la autoridad colombiana, a trav\u00e9s de un Estado amigo o autoridad competente, y por aquellos con quienes la Rep\u00fablica de Colombia haya suscrito instrumentos legales para tales efectos. Consta de una (1) hoja y la vigencia ser\u00e1 hasta de treinta (30) d\u00edas contados a partir de la fecha de su expedici\u00f3n.<\/p>\n<p>El Ministerio de Relaciones Exteriores podr\u00e1 expedir el pasaporte exento a los nacionales colombianos, que se encuentren en una de las siguientes situaciones:<\/p>\n<ol>\n<li>Deportados<\/li>\n<li>Expulsados<\/li>\n<li>Repatriados<\/li>\n<li>Polizones<\/li>\n<li>En caso de existir orden de autoridad competente para cancelar el pasaporte que tenga vigente un connacional.<\/li>\n<li>Estado de vulnerabilidad o indefensi\u00f3n.<\/li>\n<li>Otras situaciones: fuerza mayor o caso fortuito o situaciones extraordinarias a juicio de la autoridad expedidora.<\/li>\n<\/ol>\n<p>El Ministerio de Relaciones Exteriores, a trav\u00e9s de las Oficinas de la Unidad Administrativa Especial Migraci\u00f3n Colombia o la que haga sus veces, al momento de ingreso al territorio nacional del ciudadano colombiano con pasaporte exento, har\u00e1 la retenci\u00f3n y\/o cancelaci\u00f3n de este documento para su posterior remisi\u00f3n a la Direcci\u00f3n de Asuntos Migratorios, Consulares y Servicio al Ciudadano del Ministerio de Relaciones Exteriores.<\/p>\n<p>Par\u00e1grafo 1\u00b0. Previo a la expedici\u00f3n del pasaporte exento si el solicitante no posee documento de identificaci\u00f3n colombiano, la autoridad expedidora indagar\u00e1, la calidad de nacional colombiano a fin de obtener prueba sumaria de esta, de lo cual se dejar\u00e1 constancia.<\/p>\n<p>&nbsp;<\/p>\n<p>Par\u00e1grafo 2\u00b0. En casos excepcionales, bajo la responsabilidad de la autoridad expedidora, podr\u00e1 expedirse pasaporte exento con vigencia hasta por sesenta (60) d\u00edas, para efectos de permitir al solicitante su permanencia en el pa\u00eds respectivo o para adelantar gestiones ante las autoridades locales, siempre y cuando se le imposibilite la obtenci\u00f3n de pasaporte ordinario. En estos casos, la autoridad expedidora deber\u00e1 obtener prueba sumaria de la calidad de nacional colombiano y de la existencia de las situaciones aqu\u00ed descritas.<\/p>\n<p>Art\u00edculo 8\u00b0. <span style=\"color: #0000ff;\"><em>Libreta de Tripulante Terrestre<\/em><\/span>. Ser\u00e1 expedida por el Ministerio de Relaciones Exteriores. Su definici\u00f3n, expedici\u00f3n, requisitos, tr\u00e1mite y vigencia se regir\u00e1 por lo establecido en las decisiones de la Comisi\u00f3n del Acuerdo de Cartagena sobre transporte internacional de personas y mercanc\u00edas por carretera.<\/p>\n<p>&nbsp;<\/p>\n<p style=\"text-align: center;\">CAP\u00cdTULO II<\/p>\n<h1 style=\"text-align: center;\"><span style=\"color: #0000ff;\">Requisitos para la expedici\u00f3n de Pasaporte a mayores de edad<\/span><\/h1>\n<p>&nbsp;<\/p>\n<p>Art\u00edculo 9\u00b0. <em><span style=\"color: #0000ff;\">De los requisitos para la expedici\u00f3n de pasaporte a mayores de edad<\/span>.<\/em> Los requisitos para la expedici\u00f3n de los pasaportes ordinario, ejecutivo, fronterizo y de emergencia, a mayores de edad ser\u00e1n los siguientes:<\/p>\n<p>&nbsp;<\/p>\n<ol>\n<li>Diligenciar la solicitud por medio electr\u00f3nico o personalmente en la oficina expedidora por parte del interesado.<\/li>\n<li>Realizar la formalizaci\u00f3n (captura y procesamiento de datos) de la solicitud de manera presencial en las Oficinas de Pasaportes destinadas por el Ministerio de Relaciones Exteriores.<\/li>\n<li>Presentar original de la c\u00e9dula de ciudadan\u00eda en formato v\u00e1lido, o \u00a0<span style=\"color: #339966;\">a).<\/span> Contrase\u00f1a por primera vez expedida por la Registradur\u00eda Nacional del Estado Civil, la cual debe tener foto y huella, copia aut\u00e9ntica del registro civil de nacimiento expedido por el Notario, Registrador o C\u00f3nsul; <span style=\"color: #00ff00;\">\u00a0<span style=\"color: #339966;\">b)<\/span><\/span>. Contrase\u00f1a expedida por solicitud de duplicado o renovaci\u00f3n de la c\u00e9dula de ciudadan\u00eda emitida por la Registradur\u00eda Nacional del Estado Civil, la cual debe tener foto, huella y debe estar acompa\u00f1ada de la consulta en l\u00ednea del certificado de vigencia de la c\u00e9dula realizada a trav\u00e9s de la p\u00e1gina web de la Registradur\u00eda Nacional del Estado Civil. La consulta del certificado de vigencia de la c\u00e9dula de ciudadan\u00eda podr\u00e1 ser adelantada por la oficina expedidora; \u00a0<span style=\"color: #339966;\">c)<\/span>. Contrase\u00f1a por solicitud de rectificaci\u00f3n de la c\u00e9dula de ciudadan\u00eda expedida por la Registradur\u00eda Nacional del Estado Civil, la cual debe tener foto y huella, copia aut\u00e9ntica del registro civil de nacimiento expedido por el Notario, Registrador o C\u00f3nsul.<\/li>\n<\/ol>\n<p><strong>Par\u00e1grafo para los literales a), b) y c) de este numeral<\/strong>: La oficina expedidora, de considerarlo pertinente, podr\u00e1 solicitar la presentaci\u00f3n del certificado de nacionalidad, con el fin de verificar la identidad del solicitante.<\/p>\n<ol start=\"4\">\n<li>Presentar pasaporte anterior, si lo tuviese. En caso de p\u00e9rdida o hurto del pasaporte, el titular debe informarlo durante la solicitud presencial en la oficina. Dicha declaraci\u00f3n se efectuar\u00e1 bajo la gravedad de juramento. El pasaporte en menci\u00f3n quedar\u00e1 cancelado y por consiguiente, perder\u00e1 su validez. La Direcci\u00f3n de Asuntos Migratorios, Consulares y Servicio al Ciudadano informar\u00e1 la p\u00e9rdida o robo del documento a la Direcci\u00f3n de Investigaci\u00f3n Criminal e Interpol y a la Unidad Administrativa Especial Migraci\u00f3n Colombia, o a las que hagan sus veces o las sustituyan.<\/li>\n<li>Efectuar el pago correspondiente, de requerirse, a trav\u00e9s de los medios dispuestos para tal fin.<\/li>\n<\/ol>\n<p>&nbsp;<\/p>\n<p style=\"text-align: center;\">CAP\u00cdTULO III<\/p>\n<h1 style=\"text-align: center;\"><span style=\"color: #0000ff;\">Requisitos para la expedici\u00f3n de pasaporte a menores de edad<\/span><\/h1>\n<p>&nbsp;<\/p>\n<p>Art\u00edculo 10. <span style=\"color: #0000ff;\"><em>De los requisitos para la expedici\u00f3n de pasaporte a menores de edad<\/em>.<\/span> Los requisitos para la expedici\u00f3n del pasaporte ordinario, ejecutivo, fronterizo y de emergencia, a menores de edad ser\u00e1n los siguientes:<\/p>\n<ol>\n<li>Diligenciar la solicitud por medio electr\u00f3nico o personalmente en la oficina expedidora por parte del interesado.<\/li>\n<li>Realizar la formalizaci\u00f3n (captura y procesamiento de datos) de la solicitud de manera presencial en las Oficinas de Pasaportes destinadas por el Ministerio de Relaciones Exteriores, as\u00ed:<\/li>\n<\/ol>\n<p>Par\u00e1grafo 1\u00b0. El menor debe estar acompa\u00f1ado por uno de sus padres o su representante legal o de un apoderado, debidamente identificado. Cuando le acompa\u00f1e solo uno de los padres no se requiere poder ni autorizaci\u00f3n de quien no asiste al tr\u00e1mite, toda vez que, la patria potestad se ejerce de forma conjunta y se presume la buena fe en las actuaciones del padre o madre acompa\u00f1ante.<\/p>\n<p>Registro civil de defunci\u00f3n en caso de que uno de los padres del menor haya fallecido.<\/p>\n<p>Poder especial otorgado por los dos padres a un tercero, ante notario p\u00fablico o juez; en el exterior ante el Consulado, y donde no exista Consulado de Colombia, ante la autoridad competente del lugar, el cual debe ser debidamente apostillado o legalizado seg\u00fan sea el caso y traducido al espa\u00f1ol mediante traductor oficial, allegando copia de los documentos de identidad de los padres, para que este adelante el tr\u00e1mite en compa\u00f1\u00eda del menor.<\/p>\n<ol start=\"3\">\n<li>Presentar los siguientes documentos:\n<ul>\n<li>Presentar copia aut\u00e9ntica del registro civil de nacimiento del menor expedido por el Notario, Registrador o C\u00f3nsul, seg\u00fan el caso.<\/li>\n<li>Si el menor tiene entre 7 y 17 a\u00f1os, se debe presentar copia aut\u00e9ntica del registro civil de nacimiento del menor expedido por el Notario, Registrador o C\u00f3nsul y original de la tarjeta de identidad o contrase\u00f1a.<\/li>\n<li>Presentar pasaporte anterior, si lo tuviese. En caso de p\u00e9rdida o hurto del pasaporte, los padres del menor, o su representante legal o apoderado, debe informarlo durante la solicitud presencial en la oficina. Dicha declaraci\u00f3n se efectuar\u00e1 bajo la gravedad de juramento. El pasaporte en menci\u00f3n quedar\u00e1 cancelado y por consiguiente, perder\u00e1 su validez. La Direcci\u00f3n de Asuntos Migratorios, Consulares y Servicio al Ciudadano informar\u00e1 la p\u00e9rdida o robo del documento a la Direcci\u00f3n de Investigaci\u00f3n Criminal e Interpol y a la Unidad Administrativa Especial Migraci\u00f3n Colombia, o a las que hagan sus veces o las sustituyan.<\/li>\n<\/ul>\n<\/li>\n<li>Efectuar el pago correspondiente, de requerirse, a trav\u00e9s de los medios dispuestos para tal fin.<\/li>\n<\/ol>\n<p>Par\u00e1grafo 2\u00b0. El pasaporte de un menor debe ser reclamado, previa verificaci\u00f3n de identidad del padre, madre, representante legal o apoderado que realiz\u00f3 el tr\u00e1mite. Para ello el reclamante debe presentar el documento de identificaci\u00f3n aportado durante el tr\u00e1mite.<\/p>\n<p>Par\u00e1grafo 3\u00b0. Si el menor es hijo de padres extranjeros debe presentar copia aut\u00e9ntica del registro civil de nacimiento del menor expedido bajo la organizaci\u00f3n y direcci\u00f3n de la Registradur\u00eda Nacional del Estado Civil, con la anotaci\u00f3n que acredite el domicilio de uno de los padres al momento del nacimiento del menor en territorio nacional. Los dem\u00e1s requisitos ser\u00e1n los se\u00f1alados en el presente art\u00edculo.<\/p>\n<p>Par\u00e1grafo 4\u00b0. Si el menor ha sido adoptado por padres extranjeros, estos deben presentar copia aut\u00e9ntica del registro civil de nacimiento del menor expedido por el Notario, Registrador o C\u00f3nsul, en donde se les haya incorporado como padres adoptantes.<\/p>\n<p>Par\u00e1grafo 5\u00b0. Si uno o los dos padres a\u00fan son menores de edad o se ha(n) emancipado legalmente por matrimonio u orden judicial, puede(n) solicitar el pasaporte de su(s) hijo(s) identific\u00e1ndose con la respectiva tarjeta de identidad, acompa\u00f1ada de la prueba de emancipaci\u00f3n.<\/p>\n<p>Par\u00e1grafo 6\u00b0. Cuando la representaci\u00f3n legal del menor est\u00e1 en cabeza de un tercero, este debe presentar el documento de autorizaci\u00f3n de expedici\u00f3n de pasaporte emitido por el Instituto Colombiano de Bienestar Familiar (ICBF) o Juzgado de Familia, seg\u00fan el caso.<\/p>\n<p>Cuando la custodia del menor sea entregada al Instituto Colombiano de Bienestar Familiar (ICBF) o voluntariamente otorgada por los padres a un tercero, se debe presentar poder especial otorgado en las condiciones descritas en el numeral 2 del presente art\u00edculo o en su defecto el permiso expreso para la realizaci\u00f3n del tr\u00e1mite de pasaporte suscrito por el Defensor de Familia o Juez de Familia, seg\u00fan el caso.<\/p>\n<p>Cuando uno de los padres o un tercero allegue la suspensi\u00f3n de la patria potestad de uno o ambos padres del menor debe presentar el registro civil de nacimiento del menor expedido por el Notario, Registrador o C\u00f3nsul en el que conste la inscripci\u00f3n de la sentencia de suspensi\u00f3n de la patria potestad.<\/p>\n<p>Cuando i) El menor carezca de ambos padres o de representante legal; ii) Los padres o representante legal, se encuentren en condiciones de incapacidad legal; iii) Se desconozca el paradero de uno o ambos padres o de su representante legal; iv) Los padres o representantes legales sean el agente de la amenaza o vulneraci\u00f3n de los derechos del menor, se debe presentar autorizaci\u00f3n emitida por el Defensor de Familia en calidad de representante legal del menor en los t\u00e9rminos del art\u00edculo 82 numeral 12 de la Ley 1098 de 2006, para adelantar el tr\u00e1mite de emisi\u00f3n de pasaporte de un ni\u00f1o, ni\u00f1a o adolescente.<\/p>\n<p>Par\u00e1grafo 7\u00b0. No se aceptar\u00e1n los certificados de registro de nacimiento o comprobantes de inscripci\u00f3n de los menores de edad expedidos por la Registradur\u00eda Nacional del Estado Civil, ni fotocopias autenticadas del registro civil de nacimiento o documentos que no est\u00e9n descritos en el presente art\u00edculo.<\/p>\n<p style=\"text-align: center;\">CAP\u00cdTULO IV<\/p>\n<p style=\"text-align: center;\"><span style=\"color: #0000ff;\"><strong>Expedici\u00f3n, anulaci\u00f3n y dem\u00e1s disposiciones generales <\/strong><\/span><\/p>\n<p style=\"text-align: left;\">Art\u00edculo 11<span style=\"color: #0000ff;\">.<em> De la expedici\u00f3n.<\/em><\/span> S\u00f3lo se expedir\u00e1 pasaporte en las siguientes circunstancias: a) Por primera vez;<\/p>\n<ol>\n<li>Por cambio voluntario;<\/li>\n<li>Por rectificaci\u00f3n de datos en el documento de identidad;<\/li>\n<li>Por vencimiento;<\/li>\n<li>Por da\u00f1o que impida su uso;<\/li>\n<li>Por hurto o p\u00e9rdida;<\/li>\n<li>Cuando el pasaporte vigente no cuente con las p\u00e1ginas suficientes;<\/li>\n<li>Por cumplir el menor siete a\u00f1os o por alcanzar la mayor\u00eda de edad;<\/li>\n<li>Por suplantaci\u00f3n;<\/li>\n<li>En las dem\u00e1s circunstancias especiales que se regulen en esta resoluci\u00f3n.<\/li>\n<\/ol>\n<p>Art\u00edculo 12. <em><span style=\"color: #0000ff;\">De la cancelaci\u00f3n y anulaci\u00f3n<\/span>. <\/em>La cancelaci\u00f3n del pasaporte anterior proceder\u00e1 por las circunstancias descritas en los literales: b), c), d), e), f), g), h), j) del art\u00edculo anterior.<\/p>\n<p>La cancelaci\u00f3n del pasaporte tambi\u00e9n proceder\u00e1 por orden de autoridad competente, comprobaci\u00f3n del delito de suplantaci\u00f3n, fallecimiento del titular o por reposici\u00f3n.<\/p>\n<p>La cancelaci\u00f3n del pasaporte anterior debe hacerla el Ministerio de Relaciones Exteriores y\/o la oficina que este designe, en el momento de la formalizaci\u00f3n de solicitud del nuevo pasaporte. Lo indicado en el presente art\u00edculo se realizar\u00e1 sin perjuicio de las excepciones se\u00f1aladas en el par\u00e1grafo del art\u00edculo 2.2.1.4.1 del Decreto n\u00famero 1067 de 2015.<\/p>\n<p>La cancelaci\u00f3n de un pasaporte no afecta las visas y sellos migratorios estampados en dicho documento sin perjuicio de lo dispuesto por las autoridades soberanas de cada pa\u00eds receptor. El pasaporte cancelado ser\u00e1 devuelto a su titular.<\/p>\n<p>La anulaci\u00f3n del pasaporte debe hacerla el Ministerio de Relaciones Exteriores y proceder\u00e1 cuando el plazo m\u00e1ximo para reclamar el pasaporte, de conformidad con el art\u00edculo 20 de la presente Resoluci\u00f3n, haya expirado. Los pasaportes anulados, mensualmente ser\u00e1n enviados al almac\u00e9n del Ministerio de Relaciones Exteriores, con su respectivo oficio remisorio.<\/p>\n<p>El pasaporte anulado tambi\u00e9n proceder\u00e1 por reposici\u00f3n y debe remitirse al almac\u00e9n del Ministerio de Relaciones Exteriores.<\/p>\n<p>Art\u00edculo 13. <em><span style=\"color: #0000ff;\">De las inconsistencias o deterioro<\/span>.<\/em> No se expedir\u00e1 pasaporte cuando existan inconsistencias o deterioro en los documentos requeridos para adelantar el tr\u00e1mite de expedici\u00f3n, presentados por el peticionario o por falta de informaci\u00f3n. En estos casos, el solicitante debe acudir a la autoridad competente para adelantar el respectivo tr\u00e1mite. Los encargados de tramitar las solicitudes de pasaporte del Ministerio de Relaciones Exteriores tienen la facultad de consultar en la base de datos de la Registradur\u00eda Nacional del Estado Civil los datos del solicitante.<\/p>\n<p>Art\u00edculo 14. <span style=\"color: #0000ff;\"><em>De los impedimentos.<\/em><\/span> Cuando el Ministerio de Relaciones Exteriores reciba orden de autoridad competente, que impida la expedici\u00f3n de un pasaporte, el funcionario autorizado debe abstenerse de tramitarlo.<\/p>\n<p>El levantamiento de dicha medida solo proceder\u00e1 por orden de autoridad competente o por error comprobado de la entidad en la imposici\u00f3n de la misma.<\/p>\n<p>La creaci\u00f3n o levantamiento del impedimento se informar\u00e1 a la Oficina de la Unidad Administrativa Especial Migraci\u00f3n Colombia o la que haga sus veces o la sustituya.<\/p>\n<p>Art\u00edculo 15. <span style=\"color: #0000ff;\"><em>De las modificaciones.<\/em><\/span> No existir\u00e1n modificaciones, rectificaciones, o anotaciones en los pasaportes. En caso de presentarse alguna modificaci\u00f3n o rectificaci\u00f3n en la identidad del titular del pasaporte debe tramitarse uno nuevo.<\/p>\n<p>Art\u00edculo 16. <em><span style=\"color: #0000ff;\">De la validez del pasaporte convencional<\/span>.<\/em> A partir del 25 de noviembre de 2015, todos los pasaportes colombianos deber\u00e1n ser con zona de lectura mec\u00e1nica o electr\u00f3nicos. Los pasaportes que no cumplan con los requisitos se\u00f1alados en la presente resoluci\u00f3n perder\u00e1n validez y saldr\u00e1n de circulaci\u00f3n.<\/p>\n<p>Art\u00edculo 17.<span style=\"color: #0000ff;\"> <em>Acuerdos y convenios interadministrativos.<\/em><\/span> El Ministerio de Relaciones Exteriores podr\u00e1 celebrar acuerdos o convenios interadministrativos con las gobernaciones de conformidad con lo previsto en el art\u00edculo 303 de la Constituci\u00f3n Pol\u00edtica, tendientes a colaborar con la prestaci\u00f3n del servicio de expedici\u00f3n de los pasaportes.<\/p>\n<p>Art\u00edculo 18. <em><span style=\"color: #0000ff;\">Del plazo m\u00e1ximo para reclamar el pasaporte y de la reposici\u00f3n<\/span>. <\/em><span style=\"color: #ff9900;\">El titular del pasaporte tendr\u00e1 un plazo m\u00e1ximo de seis (6) meses para reclamarlo una vez haya sido expedido, en caso de no reclamarse en este per\u00edodo, el documento ser\u00e1 anulado y el solicitante deber\u00e1 tramitar y pagar un nuevo pasaporte.<\/span><\/p>\n<p>En caso de presentarse alguna inconsistencia en la hoja de datos del pasaporte o por da\u00f1o de fabricaci\u00f3n, el titular contar\u00e1 con un plazo m\u00e1ximo de un (01) mes a partir de la fecha de entrega del documento, para solicitar su reposici\u00f3n. Vencido este plazo el solicitante deber\u00e1 tramitar y pagar un nuevo pasaporte.<\/p>\n<p>Par\u00e1grafo. Los pasaportes que sean objeto de reposici\u00f3n ser\u00e1n anulados o cancelados seg\u00fan el caso.<\/p>\n<p>Art\u00edculo 19. <em><span style=\"color: #0000ff;\">De la entrega del pasaporte<\/span>.<\/em> <span style=\"color: #ff9900;\">La solicitud de pasaporte se iniciar\u00e1 con la toma de la huella digital, la cual ser\u00e1 verificada durante toda la realizaci\u00f3n del tr\u00e1mite incluida la entrega. Por lo anterior, no ser\u00e1 posible reclamar el pasaporte producto del tr\u00e1mite realizado haciendo uso de poder especial otorgado a un tercero y tampoco se podr\u00e1 entregar en oficina diferente donde fue inicialmente tramitado, excepto en las oficinas donde haya entrega a domicilio con autorizaci\u00f3n expresa del titular o de su representante legal.<\/span><\/p>\n<p>En el caso de los menores de edad la huella digital para la realizaci\u00f3n del tr\u00e1mite y la respectiva reclamaci\u00f3n del pasaporte ser\u00e1 la de uno de los padres, representante legal o apoderado, \u00fanica y exclusivamente con quien el menor efectu\u00f3 el tr\u00e1mite de su solicitud, seg\u00fan el caso.<\/p>\n<p>Par\u00e1grafo. <span style=\"color: #0000ff;\"><em>De la entrega del pasaporte diplom\u00e1tico y pasaporte oficial.<\/em><\/span> Los pasaportes diplom\u00e1ticos y oficiales ser\u00e1n entregados de acuerdo a lo dispuesto en el art\u00edculo anterior. Excepcionalmente, el pasaporte diplom\u00e1tico y pasaporte oficial podr\u00e1n ser entregados a un tercero, diligenciando el formato especial de entregas, que para tal efecto disponga el Ministerio de Relaciones Exteriores.<\/p>\n<p style=\"text-align: center;\">CAP\u00cdTULO V<\/p>\n<h1 style=\"text-align: center;\"><span style=\"color: #0000ff;\">Pasaporte diplom\u00e1tico<\/span><\/h1>\n<p>Art\u00edculo 20. <em>Titulares respecto del cargo.<\/em> Tendr\u00e1n derecho a la expedici\u00f3n de Pasaporte Diplom\u00e1tico los titulares de los siguientes cargos durante el desempe\u00f1o de sus funciones:<\/p>\n<p>1) Presidente de la Rep\u00fablica y sus hijos<\/p>\n<p>Vicepresidente de la Rep\u00fablica y sus hijos<\/p>\n<p>Ministros de Estado<\/p>\n<p>Directores de Departamentos Administrativos<\/p>\n<p>Miembros de la Comisi\u00f3n Asesora de Relaciones Exteriores<\/p>\n<p>Comandante General de las Fuerzas Militares<\/p>\n<p>Fiscal General de la Naci\u00f3n<\/p>\n<p>Vicefiscal General de la Naci\u00f3n<\/p>\n<p>Procurador General de la Naci\u00f3n<\/p>\n<p>Defensor del Pueblo<\/p>\n<p>Contralor General de la Rep\u00fablica<\/p>\n<p>Secretario General de la Presidencia de la Rep\u00fablica<\/p>\n<p>Secretario Jur\u00eddico de la Presidencia de la Rep\u00fablica<\/p>\n<p>Secretario Privado del Presidente de la Rep\u00fablica<\/p>\n<p>Jefe del Estado Mayor Conjunto de las Fuerzas Militares<\/p>\n<p>Director General de la Polic\u00eda Nacional<\/p>\n<p>Comandantes de las Fuerzas Armadas<\/p>\n<p>Consejeros de Estado<\/p>\n<p>Presidente del Senado<\/p>\n<p>Presidente de la C\u00e1mara de Representantes<\/p>\n<p>Magistrados de la Corte Suprema de Justicia<\/p>\n<p>Magistrados de la Corte Constitucional<\/p>\n<p>Magistrados del Consejo Superior de la Judicatura<\/p>\n<p>Magistrados del Consejo Nacional Electoral<\/p>\n<p>Miembros de la Comisi\u00f3n Nacional de Televisi\u00f3n<\/p>\n<p>Gerente General de la Federaci\u00f3n Nacional de Cafeteros<\/p>\n<p>Gerente General de ProColombia<\/p>\n<p>Director General del Consejo Colombiano de Cooperaci\u00f3n en el Pac\u00edfico (Colpecc)<\/p>\n<p>Negociador Internacional del Despacho del Ministro del Ministerio de Comercio Exterior<\/p>\n<p>Director de la Agencia Presidencia de Cooperaci\u00f3n Internacional de Colombia<\/p>\n<p>Miembros de 1as Comisiones de Vecindad<\/p>\n<p>Miembros de la Junta Directiva del Banco de la Rep\u00fablica<\/p>\n<p>Directores de las diferentes Oficinas de la Federaci\u00f3n Nacional de Cafeteros en el exterior<\/p>\n<p>Ministro Consejero de la Presidencia de la Rep\u00fablica<\/p>\n<p>Secretario de Prensa de la Presidencia de la Rep\u00fablica<\/p>\n<ul>\n<li>Los funcionarios del Ministerio de Relaciones Exteriores titulares de los siguientes cargos, mientras desempe\u00f1en el mismo:<\/li>\n<\/ul>\n<p>Viceministros<\/p>\n<p>Secretario General<\/p>\n<p>Directores<\/p>\n<p>Jefes de Oficinas<\/p>\n<p>Coordinadores\u00a0 de Grupo dependientes del Viceministerio de Relaciones Exteriores y de las Direcciones del mismo<\/p>\n<p>Coordinadores\u00a0 de Grupo dependientes del Viceministerio de Asuntos Multilaterales y de las Direcciones del mismo<\/p>\n<p>Quien desempe\u00f1e las funciones de Jefe de Gabinete.<\/p>\n<ul>\n<li>Los funcionarios del Ministerio de Relaciones Exteriores inscritos en la Carrera Diplom\u00e1tica y Consular de la Rep\u00fablica.<\/li>\n<\/ul>\n<p>Par\u00e1grafo. No tendr\u00e1 derecho a portar pasaporte diplom\u00e1tico, ni se expedir\u00e1 este documento, cuando el funcionario al que se refiere el presente numeral, se encuentre en situaci\u00f3n de disponibilidad.<\/p>\n<ul>\n<li>Los colombianos que viajan al exterior en cumplimiento de una misi\u00f3n diplom\u00e1tica de car\u00e1cter temporal.<\/li>\n<li>Los colombianos designados para ocupar cargos Diplom\u00e1ticos y Consulares en el Exterior.<\/li>\n<li>Los Cardenales y el Arzobispo Primado de Colombia.<\/li>\n<li>Los Colombianos designados para ocupar cargos directivos en organizaciones intergubernamentales de las cuales Colombia forma parte, de conformidad con lo establecido en los Convenios o Estatutos correspondientes, en materia de privilegios e inmunidades.<\/li>\n<\/ul>\n<p>Art\u00edculo 21. <em>Titulares respecto de sus calidades. <\/em>Tendr\u00e1n derecho a la expedici\u00f3n de pasaporte diplom\u00e1tico, los colombianos que tengan las siguientes calidades:<\/p>\n<p>Ex Presidentes de la Rep\u00fablica<\/p>\n<p>Ex Vicepresidentes de la Rep\u00fablica<\/p>\n<p>Ex Designados a la Presidencia de la Rep\u00fablica<\/p>\n<p>Ex Ministros delegatarios<\/p>\n<p>Ex Ministros titulares de Relaciones Exteriores<\/p>\n<p>Ex Procurador General de la Naci\u00f3n<\/p>\n<p>Ex Embajadores de Carrera Diplom\u00e1tica y Consular de la Rep\u00fablica<\/p>\n<p>Ex Fiscal General de la Naci\u00f3n<\/p>\n<p>Ex Vicefiscal General de la Naci\u00f3n<\/p>\n<p>Ex Defensor del Pueblo<\/p>\n<p>Ex Presidentes titulares de la Corte Suprema de Justicia<\/p>\n<p>Ex Presidentes titulares del Consejo de Estado<\/p>\n<p>Ex Presidentes titulares de la Corte Constitucional<\/p>\n<p>Ex Presidentes titulares del Consejo Superior de la Judicatura Ex Gerentes Generales titulares de la Federaci\u00f3n Colombiana de Cafeteros Ex Veedor del Tesoro.<\/p>\n<p>Art\u00edculo 22. <em>Pasaporte Diplom\u00e1tico al c\u00f3nyuge o compa\u00f1ero(a) permanente.<\/em> Se expedir\u00e1 pasaporte diplom\u00e1tico al c\u00f3nyuge o compa\u00f1ero(a) permanente que resida con quien tiene derecho a la expedici\u00f3n del pasaporte diplom\u00e1tico conforme al presente cap\u00edtulo, excepto en los casos contemplados en los numerales 4 y 6 del art\u00edculo 20 de la presente resoluci\u00f3n.<\/p>\n<p>Par\u00e1grafo. Igualmente, y siempre y cuando sea necesario, se expedir\u00e1 pasaporte diplom\u00e1tico al c\u00f3nyuge extranjero, dejando constancia que este acto no significa reconocimiento de la nacionalidad colombiana ni constituye prueba de la misma.<\/p>\n<p>Art\u00edculo 23. <em>Pasaporte diplom\u00e1tico para hijos hasta los 25 a\u00f1os de edad. <\/em>En el caso contemplado en los numerales 2, 3, 5 y 7 del art\u00edculo 20 de la presente resoluci\u00f3n, se expedir\u00e1 pasaporte diplom\u00e1tico a los hijos que conforman su familia, hasta los 25 a\u00f1os de edad.<\/p>\n<p style=\"text-align: center;\">CAP\u00cdTULO VI<\/p>\n<h1 style=\"text-align: center;\"><span style=\"color: #0000ff;\">Pasaporte oficial<\/span><\/h1>\n<p>Art\u00edculo 24. <em>Titulares respecto del cargo. <\/em>Tendr\u00e1n derecho a la expedici\u00f3n de pasaporte oficial, los titulares de los siguientes cargos durante el desempe\u00f1o de sus funciones:<\/p>\n<ol>\n<li>Senadores de la Rep\u00fablica<\/li>\n<li>Representantes a la C\u00e1mara<\/li>\n<li>Miembros del Consejo Nacional Electoral<\/li>\n<li>Registrador Nacional del Estado Civil<\/li>\n<li>Generales de la Rep\u00fablica<\/li>\n<li>Alcalde Mayor de Bogot\u00e1, D. C.<\/li>\n<li>Gobernadores de Departamento<\/li>\n<\/ol>\n<p>8 Consejeros, Asesores y Secretarios de la Presidencia de la Rep\u00fablica.<\/p>\n<ol start=\"9\">\n<li>Arzobispos, Obispos, Vicarios y Prefectos Apost\u00f3licos.<\/li>\n<li>Los colombianos que viajan al exterior en cumplimiento de una misi\u00f3n oficial de car\u00e1cter temporal.<\/li>\n<li>Los funcionarios del Ministerio de Relaciones en comisi\u00f3n de estudios en el exterior.<\/li>\n<li>Los colombianos designados para ocupar cargos administrativos en el exterior.<\/li>\n<\/ol>\n<p>Art\u00edculo 25. <em>Titulares respecto de sus calidades.<\/em> Tendr\u00e1n derecho a la expedici\u00f3n de pasaporte oficial, los colombianos que tengan las siguientes calidades:<\/p>\n<p>Ex Ministros de Estado titulares<\/p>\n<p>Ex Directores de Departamento Administrativo titulares<\/p>\n<p>Ex Generales de la Rep\u00fablica<\/p>\n<p>Ex Presidentes del Congreso de la Rep\u00fablica titulares Ex Secretarios Generales de la Presidencia de la Rep\u00fablica titulares Ex Ministros Consejeros de la Presidencia de la Rep\u00fablica titular.<\/p>\n<p>Art\u00edculo 26.<em> Expedici\u00f3n pasaporte oficial al c\u00f3nyuge o compa\u00f1ero(a) permanente. <\/em>Se expedir\u00e1 pasaporte oficial al c\u00f3nyuge o compa\u00f1ero(a) permanente que resida con quien tiene el derecho a la expedici\u00f3n del pasaporte oficial conforme a este cap\u00edtulo, excepto en los casos contemplados en los numerales 9 y 10 del art\u00edculo 24 de la presente resoluci\u00f3n.<\/p>\n<p>Par\u00e1grafo. En los casos que sean necesarios, se expedir\u00e1 pasaporte oficial al c\u00f3nyuge extranjero, dejando constancia que su expedici\u00f3n no significa reconocimiento de la nacionalidad colombiana ni constituye prueba de la misma.<\/p>\n<p>Art\u00edculo 27. <em>Expedici\u00f3n de pasaporte oficial para hijos que conforman su familia, hasta los 25 a\u00f1os de edad. <\/em>En el caso contemplado en el numeral 12 del art\u00edculo 24 de la presente Resoluci\u00f3n, se expedir\u00e1 pasaporte oficial a los hijos que conforman su familia, hasta los 25 a\u00f1os de edad, siempre y cuando demuestren su dependencia econ\u00f3mica.<\/p>\n<p style=\"text-align: center;\">CAP\u00cdTULO VII<\/p>\n<h1 style=\"text-align: center;\"><span style=\"color: #0000ff;\">Disposiciones varias respecto al Pasaporte Diplom\u00e1tico y Oficial<\/span><\/h1>\n<p>Art\u00edculo 28. <em>Acreditaci\u00f3n de requisitos. <\/em>Quien solicite pasaporte diplom\u00e1tico u oficial para s\u00ed o para los miembros de su familia con derecho al mismo, deber\u00e1 acreditar:<\/p>\n<ol>\n<li>Copia del decreto, resoluci\u00f3n o disposici\u00f3n legal de nombramiento cuando sea necesario.<\/li>\n<li>Documento de identidad.<\/li>\n<li>Copia aut\u00e9ntica del registro civil de nacimiento de los hijos expedido por el Notario, Registrador o C\u00f3nsul Registro civil.<\/li>\n<li>Copia aut\u00e9ntica del Registro civil de matrimonio u otro documento que compruebe, seg\u00fan las normas pertinentes, los v\u00ednculos naturales o jur\u00eddicos que constituyen la familia del solicitante.<\/li>\n<\/ol>\n<p>Par\u00e1grafo. Se except\u00faan de lo anterior, el Presidente de la Rep\u00fablica, Vicepresidente, expresidentes, exvicepresidentes, exdesignados a la Presidencia y exministros titulares de Relaciones Exteriores.<\/p>\n<p>Art\u00edculo 29. <em>Vigencia<\/em>. La vigencia de los pasaportes diplom\u00e1ticos y oficiales ser\u00e1 igual al tiempo de duraci\u00f3n de la misi\u00f3n, del ejercicio del cargo, o mientras se tenga la calidad que permiti\u00f3 la expedici\u00f3n de los mismos.<\/p>\n<p>&nbsp;<\/p>\n<p>Art\u00edculo 30. <em>Cancelaci\u00f3n<\/em>. Los portadores de pasaportes diplom\u00e1ticos u oficiales tienen la obligaci\u00f3n de presentarlos a la oficina expedidora para su cancelaci\u00f3n, dentro de los sesenta (60) d\u00edas siguientes, al d\u00eda que se dej\u00f3 de ostentar la titularidad o la calidad que le dio derecho a la expedici\u00f3n del pasaporte.<\/p>\n<p>Par\u00e1grafo. El Ministerio de Relaciones Exteriores mediante resoluci\u00f3n, podr\u00e1 proceder a la cancelaci\u00f3n o retiro de los pasaportes diplom\u00e1ticos y oficiales.<\/p>\n<p style=\"text-align: center;\">CAP\u00cdTULO VIII<\/p>\n<h1 style=\"text-align: center;\"><span style=\"color: #0000ff;\">Del documento de viaje<\/span><\/h1>\n<p>Art\u00edculo 31. <em><span style=\"color: #0000ff;\">Documento de viaje con zona de lectura mec\u00e1nica<\/span>.<\/em> El documento de viaje es la libreta expedida por el Ministerio de Relaciones Exteriores a los ap\u00e1tridas, asilados, refugiados, a los extranjeros que se encuentran en Colombia que no tengan representaci\u00f3n diplom\u00e1tica o consular en el Estado, y a los dem\u00e1s extranjeros, que, a juicio del Ministerio, no puedan obtener pasaporte del Estado de origen o que se compruebe la imposibilidad de obtener pasaporte de ese pa\u00eds.<\/p>\n<p>La libreta consta de doce (12) p\u00e1ginas y su vigencia ser\u00e1 hasta por tres (3) a\u00f1os.<\/p>\n<p>Par\u00e1grafo 1\u00b0. La expedici\u00f3n del Documento de Viaje no implica el reconocimiento de la nacionalidad, ni constituye prueba de la misma. Tiene como finalidad dotar de un documento de identificaci\u00f3n internacional a quienes carezcan de \u00e9l, para permitirles su permanencia en el pa\u00eds mientras resuelven su situaci\u00f3n migratoria y el traslado fuera de \u00e9l, as\u00ed como su eventual regreso, de acuerdo con las disposiciones generales sobre admisi\u00f3n de extranjeros, sin perjuicio de lo dispuesto en los tratados y dem\u00e1s compromisos internacionales vigentes para la Rep\u00fablica.<\/p>\n<p>Par\u00e1grafo 2\u00b0. La solicitud del Documento de Viaje debe ser presentada directamente por el interesado, cumpliendo los siguientes requisitos:<\/p>\n<ol>\n<li>Diligenciar la solicitud por medio electr\u00f3nico o personalmente en la oficina expedidora, por parte del interesado.<\/li>\n<li>Realizar la formalizaci\u00f3n (captura y procesamiento de datos) de la solicitud de manera presencial en la oficina destinada para tal fin por el Ministerio de Relaciones Exteriores.<\/li>\n<li>Presentar original de la c\u00e9dula de extranjer\u00eda en formato v\u00e1lido, o contrase\u00f1a expedida por la Unidad Administrativa Especial Migraci\u00f3n Colombia si residiere en el pa\u00eds o pasaporte o cualquier otro documento de identidad o, en su defecto, una declaraci\u00f3n del peticionario ante el funcionario competente o ante las autoridades migratorias, indicando que carece de cualquier tipo de documento de identificaci\u00f3n.<\/li>\n<li>Efectuar el pago a trav\u00e9s de los medios dispuestos para tal fin.<\/li>\n<\/ol>\n<p>Art\u00edculo 32. <em><span style=\"color: #0000ff;\">Expedici\u00f3n del documento de viaje con zona de lectura mec\u00e1nica<\/span>.<\/em> La Direcci\u00f3n de Asuntos Migratorios, Consulares y de Servicio al Ciudadano o quien haga sus veces determinar\u00e1 cu\u00e1l de los Grupos Internos de Trabajo de esa Direcci\u00f3n ser\u00e1 el encargado de la expedici\u00f3n del documento de viaje con zona de lectura mec\u00e1nica.<\/p>\n<p>Art\u00edculo 33. <em>Vigencia<\/em>. La presente resoluci\u00f3n rige a partir de su publicaci\u00f3n.<\/p>\n<p>Publ\u00edquese y c\u00famplase.<\/p>\n<p>Dada en Bogot\u00e1, D. C., 31 de agosto de 2015.<\/p>\n<p>La Ministra de Relaciones Exteriores,<\/p>\n<p><em>Mar\u00eda \u00c1ngela Holgu\u00edn Cu\u00e9llar. <\/em><strong>(C. F.).<\/strong><\/p>\n<p>&nbsp;<\/p>\n","protected":false},"excerpt":{"rendered":"<p>La resoluci\u00f3n 5392 de agosto 31 de 2015, del Ministerio de Relaciones Exteriores establece y reglamenta las diferentes clases de pasaportes.<\/p>\n","protected":false},"author":1,"featured_media":5755,"comment_status":"closed","ping_status":"closed","sticky":false,"template":"","format":"standard","meta":{"_monsterinsights_skip_tracking":false,"ngg_post_thumbnail":0,"footnotes":"","_links_to":"","_links_to_target":""},"categories":[454],"tags":[],"class_list":["post-5754","post","type-post","status-publish","format-standard","has-post-thumbnail","hentry","category-sin-categoria"],"aioseo_notices":[],"aioseo_head":"\n\t\t<!-- All in One SEO 5.0.1.1 - aioseo.com -->\n\t<meta name=\"description\" content=\"La resoluci\u00f3n 5392 de agosto 31 de 2015, del Ministerio de Relaciones Exteriores establece y reglamenta las diferentes clases de pasaportes.\" \/>\n\t<meta name=\"robots\" content=\"max-image-preview:large\" \/>\n\t<meta name=\"author\" content=\"Miguel Antonio M\u00e1rquez Monta\u00f1ez\"\/>\n\t<link rel=\"canonical\" href=\"https:\/\/contadoreshoy.com\/?p=5754\" \/>\n\t<meta name=\"generator\" content=\"All in One SEO (AIOSEO) 5.0.1.1\" \/>\n\t\t<meta property=\"og:locale\" content=\"es_ES\" \/>\n\t\t<meta property=\"og:site_name\" content=\"Contadores P\u00fablicos - Portal para Contadores P\u00fablicos y empresarios\" \/>\n\t\t<meta property=\"og:type\" content=\"article\" \/>\n\t\t<meta property=\"og:title\" content=\"Clases de pasaportes - Contadores P\u00fablicos\" \/>\n\t\t<meta property=\"og:description\" content=\"La resoluci\u00f3n 5392 de agosto 31 de 2015, del Ministerio de Relaciones Exteriores establece y reglamenta las diferentes clases de pasaportes.\" \/>\n\t\t<meta property=\"og:url\" content=\"https:\/\/contadoreshoy.com\/?p=5754\" \/>\n\t\t<meta property=\"og:image\" content=\"https:\/\/contadoreshoy.com\/wp-content\/uploads\/2024\/01\/cropped-cropped-cropped-Copia-de-M.jpg\" \/>\n\t\t<meta property=\"og:image:secure_url\" content=\"https:\/\/contadoreshoy.com\/wp-content\/uploads\/2024\/01\/cropped-cropped-cropped-Copia-de-M.jpg\" \/>\n\t\t<meta property=\"og:image:width\" content=\"512\" \/>\n\t\t<meta property=\"og:image:height\" content=\"371\" \/>\n\t\t<meta property=\"article:published_time\" content=\"2015-09-07T03:13:21+00:00\" \/>\n\t\t<meta property=\"article:modified_time\" content=\"2017-02-05T03:01:11+00:00\" \/>\n\t\t<meta name=\"twitter:card\" content=\"summary_large_image\" \/>\n\t\t<meta name=\"twitter:title\" content=\"Clases de pasaportes - Contadores P\u00fablicos\" \/>\n\t\t<meta name=\"twitter:description\" content=\"La resoluci\u00f3n 5392 de agosto 31 de 2015, del Ministerio de Relaciones Exteriores establece y reglamenta las diferentes clases de pasaportes.\" \/>\n\t\t<meta name=\"twitter:image\" content=\"https:\/\/contadoreshoy.com\/wp-content\/uploads\/2024\/01\/cropped-cropped-cropped-Copia-de-M.jpg\" \/>\n\t\t<script type=\"application\/ld+json\" class=\"aioseo-schema\">\n\t\t\t{\"@context\":\"https:\\\/\\\/schema.org\",\"@graph\":[{\"@type\":\"BlogPosting\",\"@id\":\"https:\\\/\\\/contadoreshoy.com\\\/?p=5754#blogposting\",\"name\":\"Clases de pasaportes - Contadores P\\u00fablicos\",\"headline\":\"Clases de pasaportes\",\"author\":{\"@id\":\"https:\\\/\\\/contadoreshoy.com\\\/?author=1#author\"},\"publisher\":{\"@id\":\"https:\\\/\\\/contadoreshoy.com\\\/#organization\"},\"image\":{\"@type\":\"ImageObject\",\"url\":\"https:\\\/\\\/contadoreshoy.com\\\/wp-content\\\/uploads\\\/2015\\\/09\\\/pasaporte.jpg\",\"width\":640,\"height\":280},\"datePublished\":\"2015-09-06T22:13:21-05:00\",\"dateModified\":\"2017-02-04T22:01:11-05:00\",\"inLanguage\":\"es-ES\",\"mainEntityOfPage\":{\"@id\":\"https:\\\/\\\/contadoreshoy.com\\\/?p=5754#webpage\"},\"isPartOf\":{\"@id\":\"https:\\\/\\\/contadoreshoy.com\\\/?p=5754#webpage\"},\"articleSection\":\"Sin categor\\u00eda\"},{\"@type\":\"BreadcrumbList\",\"@id\":\"https:\\\/\\\/contadoreshoy.com\\\/?p=5754#breadcrumblist\",\"itemListElement\":[{\"@type\":\"ListItem\",\"@id\":\"https:\\\/\\\/contadoreshoy.com#listItem\",\"position\":1,\"name\":\"Home\",\"item\":\"https:\\\/\\\/contadoreshoy.com\",\"nextItem\":{\"@type\":\"ListItem\",\"@id\":\"https:\\\/\\\/contadoreshoy.com\\\/?cat=454#listItem\",\"name\":\"Sin categor\\u00eda\"}},{\"@type\":\"ListItem\",\"@id\":\"https:\\\/\\\/contadoreshoy.com\\\/?cat=454#listItem\",\"position\":2,\"name\":\"Sin categor\\u00eda\",\"item\":\"https:\\\/\\\/contadoreshoy.com\\\/?cat=454\",\"nextItem\":{\"@type\":\"ListItem\",\"@id\":\"https:\\\/\\\/contadoreshoy.com\\\/?p=5754#listItem\",\"name\":\"Clases de pasaportes\"},\"previousItem\":{\"@type\":\"ListItem\",\"@id\":\"https:\\\/\\\/contadoreshoy.com#listItem\",\"name\":\"Home\"}},{\"@type\":\"ListItem\",\"@id\":\"https:\\\/\\\/contadoreshoy.com\\\/?p=5754#listItem\",\"position\":3,\"name\":\"Clases de pasaportes\",\"previousItem\":{\"@type\":\"ListItem\",\"@id\":\"https:\\\/\\\/contadoreshoy.com\\\/?cat=454#listItem\",\"name\":\"Sin categor\\u00eda\"}}]},{\"@type\":\"Organization\",\"@id\":\"https:\\\/\\\/contadoreshoy.com\\\/#organization\",\"name\":\"Contadores P\\u00fablicos\",\"description\":\"Portal para Contadores P\\u00fablicos y empresarios\",\"url\":\"https:\\\/\\\/contadoreshoy.com\\\/\",\"logo\":{\"@type\":\"ImageObject\",\"url\":\"https:\\\/\\\/contadoreshoy.com\\\/wp-content\\\/uploads\\\/2024\\\/01\\\/cropped-cropped-Copia-de-M-1.jpg\",\"@id\":\"https:\\\/\\\/contadoreshoy.com\\\/?p=5754\\\/#organizationLogo\",\"width\":499,\"height\":500},\"image\":{\"@id\":\"https:\\\/\\\/contadoreshoy.com\\\/?p=5754\\\/#organizationLogo\"}},{\"@type\":\"Person\",\"@id\":\"https:\\\/\\\/contadoreshoy.com\\\/?author=1#author\",\"url\":\"https:\\\/\\\/contadoreshoy.com\\\/?author=1\",\"name\":\"Miguel Antonio M\\u00e1rquez Monta\\u00f1ez\"},{\"@type\":\"WebPage\",\"@id\":\"https:\\\/\\\/contadoreshoy.com\\\/?p=5754#webpage\",\"url\":\"https:\\\/\\\/contadoreshoy.com\\\/?p=5754\",\"name\":\"Clases de pasaportes - Contadores P\\u00fablicos\",\"description\":\"La resoluci\\u00f3n 5392 de agosto 31 de 2015, del Ministerio de Relaciones Exteriores establece y reglamenta las diferentes clases de pasaportes.\",\"inLanguage\":\"es-ES\",\"isPartOf\":{\"@id\":\"https:\\\/\\\/contadoreshoy.com\\\/#website\"},\"breadcrumb\":{\"@id\":\"https:\\\/\\\/contadoreshoy.com\\\/?p=5754#breadcrumblist\"},\"author\":{\"@id\":\"https:\\\/\\\/contadoreshoy.com\\\/?author=1#author\"},\"creator\":{\"@id\":\"https:\\\/\\\/contadoreshoy.com\\\/?author=1#author\"},\"image\":{\"@type\":\"ImageObject\",\"url\":\"https:\\\/\\\/contadoreshoy.com\\\/wp-content\\\/uploads\\\/2015\\\/09\\\/pasaporte.jpg\",\"@id\":\"https:\\\/\\\/contadoreshoy.com\\\/?p=5754\\\/#mainImage\",\"width\":640,\"height\":280},\"primaryImageOfPage\":{\"@id\":\"https:\\\/\\\/contadoreshoy.com\\\/?p=5754#mainImage\"},\"datePublished\":\"2015-09-06T22:13:21-05:00\",\"dateModified\":\"2017-02-04T22:01:11-05:00\"},{\"@type\":\"WebSite\",\"@id\":\"https:\\\/\\\/contadoreshoy.com\\\/#website\",\"url\":\"https:\\\/\\\/contadoreshoy.com\\\/\",\"name\":\"Contadores P\\u00fablicos\",\"description\":\"Portal para Contadores P\\u00fablicos y empresarios\",\"inLanguage\":\"es-ES\",\"publisher\":{\"@id\":\"https:\\\/\\\/contadoreshoy.com\\\/#organization\"}}]}\n\t\t<\/script>\n\t\t<!-- All in One SEO -->\n\n","aioseo_head_json":{"title":"Clases de pasaportes - Contadores P\u00fablicos","description":"La resoluci\u00f3n 5392 de agosto 31 de 2015, del Ministerio de Relaciones Exteriores establece y reglamenta las diferentes clases de pasaportes.","canonical_url":"https:\/\/contadoreshoy.com\/?p=5754","robots":"max-image-preview:large","keywords":"","webmasterTools":{"miscellaneous":""},"schema":{"@context":"https:\/\/schema.org","@graph":[{"@type":"BlogPosting","@id":"https:\/\/contadoreshoy.com\/?p=5754#blogposting","name":"Clases de pasaportes - Contadores P\u00fablicos","headline":"Clases de pasaportes","author":{"@id":"https:\/\/contadoreshoy.com\/?author=1#author"},"publisher":{"@id":"https:\/\/contadoreshoy.com\/#organization"},"image":{"@type":"ImageObject","url":"https:\/\/contadoreshoy.com\/wp-content\/uploads\/2015\/09\/pasaporte.jpg","width":640,"height":280},"datePublished":"2015-09-06T22:13:21-05:00","dateModified":"2017-02-04T22:01:11-05:00","inLanguage":"es-ES","mainEntityOfPage":{"@id":"https:\/\/contadoreshoy.com\/?p=5754#webpage"},"isPartOf":{"@id":"https:\/\/contadoreshoy.com\/?p=5754#webpage"},"articleSection":"Sin categor\u00eda"},{"@type":"BreadcrumbList","@id":"https:\/\/contadoreshoy.com\/?p=5754#breadcrumblist","itemListElement":[{"@type":"ListItem","@id":"https:\/\/contadoreshoy.com#listItem","position":1,"name":"Home","item":"https:\/\/contadoreshoy.com","nextItem":{"@type":"ListItem","@id":"https:\/\/contadoreshoy.com\/?cat=454#listItem","name":"Sin categor\u00eda"}},{"@type":"ListItem","@id":"https:\/\/contadoreshoy.com\/?cat=454#listItem","position":2,"name":"Sin categor\u00eda","item":"https:\/\/contadoreshoy.com\/?cat=454","nextItem":{"@type":"ListItem","@id":"https:\/\/contadoreshoy.com\/?p=5754#listItem","name":"Clases de pasaportes"},"previousItem":{"@type":"ListItem","@id":"https:\/\/contadoreshoy.com#listItem","name":"Home"}},{"@type":"ListItem","@id":"https:\/\/contadoreshoy.com\/?p=5754#listItem","position":3,"name":"Clases de pasaportes","previousItem":{"@type":"ListItem","@id":"https:\/\/contadoreshoy.com\/?cat=454#listItem","name":"Sin categor\u00eda"}}]},{"@type":"Organization","@id":"https:\/\/contadoreshoy.com\/#organization","name":"Contadores P\u00fablicos","description":"Portal para Contadores P\u00fablicos y empresarios","url":"https:\/\/contadoreshoy.com\/","logo":{"@type":"ImageObject","url":"https:\/\/contadoreshoy.com\/wp-content\/uploads\/2024\/01\/cropped-cropped-Copia-de-M-1.jpg","@id":"https:\/\/contadoreshoy.com\/?p=5754\/#organizationLogo","width":499,"height":500},"image":{"@id":"https:\/\/contadoreshoy.com\/?p=5754\/#organizationLogo"}},{"@type":"Person","@id":"https:\/\/contadoreshoy.com\/?author=1#author","url":"https:\/\/contadoreshoy.com\/?author=1","name":"Miguel Antonio M\u00e1rquez Monta\u00f1ez"},{"@type":"WebPage","@id":"https:\/\/contadoreshoy.com\/?p=5754#webpage","url":"https:\/\/contadoreshoy.com\/?p=5754","name":"Clases de pasaportes - Contadores P\u00fablicos","description":"La resoluci\u00f3n 5392 de agosto 31 de 2015, del Ministerio de Relaciones Exteriores establece y reglamenta las diferentes clases de pasaportes.","inLanguage":"es-ES","isPartOf":{"@id":"https:\/\/contadoreshoy.com\/#website"},"breadcrumb":{"@id":"https:\/\/contadoreshoy.com\/?p=5754#breadcrumblist"},"author":{"@id":"https:\/\/contadoreshoy.com\/?author=1#author"},"creator":{"@id":"https:\/\/contadoreshoy.com\/?author=1#author"},"image":{"@type":"ImageObject","url":"https:\/\/contadoreshoy.com\/wp-content\/uploads\/2015\/09\/pasaporte.jpg","@id":"https:\/\/contadoreshoy.com\/?p=5754\/#mainImage","width":640,"height":280},"primaryImageOfPage":{"@id":"https:\/\/contadoreshoy.com\/?p=5754#mainImage"},"datePublished":"2015-09-06T22:13:21-05:00","dateModified":"2017-02-04T22:01:11-05:00"},{"@type":"WebSite","@id":"https:\/\/contadoreshoy.com\/#website","url":"https:\/\/contadoreshoy.com\/","name":"Contadores P\u00fablicos","description":"Portal para Contadores P\u00fablicos y empresarios","inLanguage":"es-ES","publisher":{"@id":"https:\/\/contadoreshoy.com\/#organization"}}]},"og:locale":"es_ES","og:site_name":"Contadores P\u00fablicos - Portal para Contadores P\u00fablicos y empresarios","og:type":"article","og:title":"Clases de pasaportes - Contadores P\u00fablicos","og:description":"La resoluci\u00f3n 5392 de agosto 31 de 2015, del Ministerio de Relaciones Exteriores establece y reglamenta las diferentes clases de pasaportes.","og:url":"https:\/\/contadoreshoy.com\/?p=5754","og:image":"https:\/\/contadoreshoy.com\/wp-content\/uploads\/2024\/01\/cropped-cropped-cropped-Copia-de-M.jpg","og:image:secure_url":"https:\/\/contadoreshoy.com\/wp-content\/uploads\/2024\/01\/cropped-cropped-cropped-Copia-de-M.jpg","og:image:width":512,"og:image:height":371,"article:published_time":"2015-09-07T03:13:21+00:00","article:modified_time":"2017-02-05T03:01:11+00:00","twitter:card":"summary_large_image","twitter:title":"Clases de pasaportes - Contadores P\u00fablicos","twitter:description":"La resoluci\u00f3n 5392 de agosto 31 de 2015, del Ministerio de Relaciones Exteriores establece y reglamenta las diferentes clases de pasaportes.","twitter:image":"https:\/\/contadoreshoy.com\/wp-content\/uploads\/2024\/01\/cropped-cropped-cropped-Copia-de-M.jpg"},"aioseo_meta_data":{"post_id":"5754","title":null,"description":null,"keywords":null,"keyphrases":null,"primary_term":null,"canonical_url":null,"og_title":null,"og_description":null,"og_object_type":"default","og_image_type":"default","og_image_url":null,"og_image_width":null,"og_image_height":null,"og_image_custom_url":null,"og_image_custom_fields":null,"og_video":null,"og_custom_url":null,"og_article_section":null,"og_article_tags":null,"twitter_use_og":false,"twitter_card":"default","twitter_image_type":"default","twitter_image_url":null,"twitter_image_custom_url":null,"twitter_image_custom_fields":null,"twitter_title":null,"twitter_description":null,"schema":{"blockGraphs":[],"customGraphs":[],"default":{"data":{"Article":[],"Course":[],"Dataset":[],"FAQPage":[],"Movie":[],"Person":[],"Product":[],"ProductReview":[],"Car":[],"Recipe":[],"Service":[],"SoftwareApplication":[],"WebPage":[]},"graphName":"","isEnabled":true},"graphs":[]},"schema_type":"default","schema_type_options":null,"pillar_content":false,"robots_default":true,"robots_noindex":false,"robots_noarchive":false,"robots_nosnippet":false,"robots_nofollow":false,"robots_noimageindex":false,"robots_noodp":false,"robots_notranslate":false,"robots_max_snippet":null,"robots_max_videopreview":null,"robots_max_imagepreview":"large","priority":null,"frequency":null,"local_seo":null,"breadcrumb_settings":null,"limit_modified_date":false,"ai":null,"created":"2024-03-05 01:07:26","updated":"2026-03-03 04:33:42","seo_analyzer_scan_date":null,"focus_keyword":null,"additional_keywords":null,"truseo_locale":null},"aioseo_breadcrumb":"<div class=\"aioseo-breadcrumbs\"><span class=\"aioseo-breadcrumb\">\n\t\t\t<a href=\"https:\/\/contadoreshoy.com\" title=\"Home\">Home<\/a>\n\t\t<\/span><span class=\"aioseo-breadcrumb-separator\">&raquo;<\/span><span class=\"aioseo-breadcrumb\">\n\t\t\t<a href=\"https:\/\/contadoreshoy.com\/?cat=454\" title=\"Sin categor\u00eda\">Sin categor\u00eda<\/a>\n\t\t<\/span><span class=\"aioseo-breadcrumb-separator\">&raquo;<\/span><span class=\"aioseo-breadcrumb\">\n\t\t\tClases de pasaportes\n\t\t<\/span><\/div>","aioseo_breadcrumb_json":[{"label":"Home","link":"https:\/\/contadoreshoy.com"},{"label":"Sin categor\u00eda","link":"https:\/\/contadoreshoy.com\/?cat=454"},{"label":"Clases de pasaportes","link":"https:\/\/contadoreshoy.com\/?p=5754"}],"yoast_head":"<!-- This site is optimized with the Yoast SEO plugin v28.4 - https:\/\/yoast.com\/product\/yoast-seo-wordpress\/ -->\n<title>Clases de pasaportes - Contadores P\u00fablicos<\/title>\n<meta name=\"robots\" content=\"index, follow, max-snippet:-1, max-image-preview:large, max-video-preview:-1\" \/>\n<link rel=\"canonical\" href=\"https:\/\/contadoreshoy.com\/?p=5754\" \/>\n<meta property=\"og:locale\" content=\"es_ES\" \/>\n<meta property=\"og:type\" content=\"article\" \/>\n<meta property=\"og:title\" content=\"Clases de pasaportes - Contadores P\u00fablicos\" \/>\n<meta property=\"og:description\" content=\"La resoluci\u00f3n 5392 de agosto 31 de 2015, del Ministerio de Relaciones Exteriores establece y reglamenta las diferentes clases de pasaportes.\" \/>\n<meta property=\"og:url\" content=\"https:\/\/contadoreshoy.com\/?p=5754\" \/>\n<meta property=\"og:site_name\" content=\"Contadores P\u00fablicos\" \/>\n<meta property=\"article:publisher\" content=\"https:\/\/www.facebook.com\/CCCPBucaramanga\/\" \/>\n<meta property=\"article:published_time\" content=\"2015-09-07T03:13:21+00:00\" \/>\n<meta property=\"article:modified_time\" content=\"2017-02-05T03:01:11+00:00\" \/>\n<meta property=\"og:image\" content=\"https:\/\/contadoreshoy.com\/wp-content\/uploads\/2015\/09\/pasaporte.jpg\" \/>\n\t<meta property=\"og:image:width\" content=\"640\" \/>\n\t<meta property=\"og:image:height\" content=\"280\" \/>\n\t<meta property=\"og:image:type\" content=\"image\/jpeg\" \/>\n<meta name=\"author\" content=\"Miguel Antonio M\u00e1rquez Monta\u00f1ez\" \/>\n<meta name=\"twitter:card\" content=\"summary_large_image\" \/>\n<meta name=\"twitter:label1\" content=\"Escrito por\" \/>\n\t<meta name=\"twitter:data1\" content=\"Miguel Antonio M\u00e1rquez Monta\u00f1ez\" \/>\n\t<meta name=\"twitter:label2\" content=\"Tiempo de lectura\" \/>\n\t<meta name=\"twitter:data2\" content=\"31 minutos\" \/>\n<script type=\"application\/ld+json\" class=\"yoast-schema-graph\">{\"@context\":\"https:\\\/\\\/schema.org\",\"@graph\":[{\"@type\":\"Article\",\"@id\":\"https:\\\/\\\/contadoreshoy.com\\\/?p=5754#article\",\"isPartOf\":{\"@id\":\"https:\\\/\\\/contadoreshoy.com\\\/?p=5754\"},\"author\":{\"name\":\"Miguel Antonio M\u00e1rquez Monta\u00f1ez\",\"@id\":\"https:\\\/\\\/contadoreshoy.com\\\/#\\\/schema\\\/person\\\/96d8979cb865537c5dc9345e40089fc5\"},\"headline\":\"Clases de pasaportes\",\"datePublished\":\"2015-09-07T03:13:21+00:00\",\"dateModified\":\"2017-02-05T03:01:11+00:00\",\"mainEntityOfPage\":{\"@id\":\"https:\\\/\\\/contadoreshoy.com\\\/?p=5754\"},\"wordCount\":6118,\"publisher\":{\"@id\":\"https:\\\/\\\/contadoreshoy.com\\\/#organization\"},\"image\":{\"@id\":\"https:\\\/\\\/contadoreshoy.com\\\/?p=5754#primaryimage\"},\"thumbnailUrl\":\"https:\\\/\\\/contadoreshoy.com\\\/wp-content\\\/uploads\\\/2015\\\/09\\\/pasaporte.jpg\",\"inLanguage\":\"es\"},{\"@type\":\"WebPage\",\"@id\":\"https:\\\/\\\/contadoreshoy.com\\\/?p=5754\",\"url\":\"https:\\\/\\\/contadoreshoy.com\\\/?p=5754\",\"name\":\"Clases de pasaportes - Contadores P\u00fablicos\",\"isPartOf\":{\"@id\":\"https:\\\/\\\/contadoreshoy.com\\\/#website\"},\"primaryImageOfPage\":{\"@id\":\"https:\\\/\\\/contadoreshoy.com\\\/?p=5754#primaryimage\"},\"image\":{\"@id\":\"https:\\\/\\\/contadoreshoy.com\\\/?p=5754#primaryimage\"},\"thumbnailUrl\":\"https:\\\/\\\/contadoreshoy.com\\\/wp-content\\\/uploads\\\/2015\\\/09\\\/pasaporte.jpg\",\"datePublished\":\"2015-09-07T03:13:21+00:00\",\"dateModified\":\"2017-02-05T03:01:11+00:00\",\"breadcrumb\":{\"@id\":\"https:\\\/\\\/contadoreshoy.com\\\/?p=5754#breadcrumb\"},\"inLanguage\":\"es\",\"potentialAction\":[{\"@type\":\"ReadAction\",\"target\":[\"https:\\\/\\\/contadoreshoy.com\\\/?p=5754\"]}]},{\"@type\":\"ImageObject\",\"inLanguage\":\"es\",\"@id\":\"https:\\\/\\\/contadoreshoy.com\\\/?p=5754#primaryimage\",\"url\":\"https:\\\/\\\/contadoreshoy.com\\\/wp-content\\\/uploads\\\/2015\\\/09\\\/pasaporte.jpg\",\"contentUrl\":\"https:\\\/\\\/contadoreshoy.com\\\/wp-content\\\/uploads\\\/2015\\\/09\\\/pasaporte.jpg\",\"width\":640,\"height\":280},{\"@type\":\"BreadcrumbList\",\"@id\":\"https:\\\/\\\/contadoreshoy.com\\\/?p=5754#breadcrumb\",\"itemListElement\":[{\"@type\":\"ListItem\",\"position\":1,\"name\":\"Portada\",\"item\":\"https:\\\/\\\/contadoreshoy.com\\\/\"},{\"@type\":\"ListItem\",\"position\":2,\"name\":\"Clases de pasaportes\"}]},{\"@type\":\"WebSite\",\"@id\":\"https:\\\/\\\/contadoreshoy.com\\\/#website\",\"url\":\"https:\\\/\\\/contadoreshoy.com\\\/\",\"name\":\"Contadorespublicossantander\",\"description\":\"Portal para Contadores P\u00fablicos y empresarios\",\"publisher\":{\"@id\":\"https:\\\/\\\/contadoreshoy.com\\\/#organization\"},\"potentialAction\":[{\"@type\":\"SearchAction\",\"target\":{\"@type\":\"EntryPoint\",\"urlTemplate\":\"https:\\\/\\\/contadoreshoy.com\\\/?s={search_term_string}\"},\"query-input\":{\"@type\":\"PropertyValueSpecification\",\"valueRequired\":true,\"valueName\":\"search_term_string\"}}],\"inLanguage\":\"es\"},{\"@type\":\"Organization\",\"@id\":\"https:\\\/\\\/contadoreshoy.com\\\/#organization\",\"name\":\"Contadores P\u00fablicos de Santander\",\"url\":\"https:\\\/\\\/contadoreshoy.com\\\/\",\"logo\":{\"@type\":\"ImageObject\",\"inLanguage\":\"es\",\"@id\":\"https:\\\/\\\/contadoreshoy.com\\\/#\\\/schema\\\/logo\\\/image\\\/\",\"url\":\"https:\\\/\\\/contadoreshoy.com\\\/wp-content\\\/uploads\\\/2024\\\/01\\\/cropped-cropped-Copia-de-M-1.jpg\",\"contentUrl\":\"https:\\\/\\\/contadoreshoy.com\\\/wp-content\\\/uploads\\\/2024\\\/01\\\/cropped-cropped-Copia-de-M-1.jpg\",\"width\":499,\"height\":500,\"caption\":\"Contadores P\u00fablicos de Santander\"},\"image\":{\"@id\":\"https:\\\/\\\/contadoreshoy.com\\\/#\\\/schema\\\/logo\\\/image\\\/\"},\"sameAs\":[\"https:\\\/\\\/www.facebook.com\\\/CCCPBucaramanga\\\/\"]},{\"@type\":\"Person\",\"@id\":\"https:\\\/\\\/contadoreshoy.com\\\/#\\\/schema\\\/person\\\/96d8979cb865537c5dc9345e40089fc5\",\"name\":\"Miguel Antonio M\u00e1rquez Monta\u00f1ez\",\"description\":\"Contador P\u00fablico egresado de la Universidad Aut\u00f3noma de Bucaramanga - Asesor contable tributario con m\u00e1s de 25 a\u00f1os de experiencia - Conferencista en temas contables y tributarios - T\u00e9cnico en Hardware y Dise\u00f1o Web - Creador y director Grupo de Estudio Colegio Colombiano de Contadores P\u00fablicos de Bucaramanga - Creador y Master Web p\u00e1gina www.contadoresp\u00fablicossantander.com - Expresidente Colegio Colombiano de Contadores P\u00fablicos Bucaramanga\",\"url\":\"https:\\\/\\\/contadoreshoy.com\\\/?author=1\"}]}<\/script>\n<!-- \/ Yoast SEO plugin. -->","yoast_head_json":{"title":"Clases de pasaportes - Contadores P\u00fablicos","robots":{"index":"index","follow":"follow","max-snippet":"max-snippet:-1","max-image-preview":"max-image-preview:large","max-video-preview":"max-video-preview:-1"},"canonical":"https:\/\/contadoreshoy.com\/?p=5754","og_locale":"es_ES","og_type":"article","og_title":"Clases de pasaportes - Contadores P\u00fablicos","og_description":"La resoluci\u00f3n 5392 de agosto 31 de 2015, del Ministerio de Relaciones Exteriores establece y reglamenta las diferentes clases de pasaportes.","og_url":"https:\/\/contadoreshoy.com\/?p=5754","og_site_name":"Contadores P\u00fablicos","article_publisher":"https:\/\/www.facebook.com\/CCCPBucaramanga\/","article_published_time":"2015-09-07T03:13:21+00:00","article_modified_time":"2017-02-05T03:01:11+00:00","og_image":[{"width":640,"height":280,"url":"https:\/\/contadoreshoy.com\/wp-content\/uploads\/2015\/09\/pasaporte.jpg","type":"image\/jpeg"}],"author":"Miguel Antonio M\u00e1rquez Monta\u00f1ez","twitter_card":"summary_large_image","twitter_misc":{"Escrito por":"Miguel Antonio M\u00e1rquez Monta\u00f1ez","Tiempo de lectura":"31 minutos"},"schema":{"@context":"https:\/\/schema.org","@graph":[{"@type":"Article","@id":"https:\/\/contadoreshoy.com\/?p=5754#article","isPartOf":{"@id":"https:\/\/contadoreshoy.com\/?p=5754"},"author":{"name":"Miguel Antonio M\u00e1rquez Monta\u00f1ez","@id":"https:\/\/contadoreshoy.com\/#\/schema\/person\/96d8979cb865537c5dc9345e40089fc5"},"headline":"Clases de pasaportes","datePublished":"2015-09-07T03:13:21+00:00","dateModified":"2017-02-05T03:01:11+00:00","mainEntityOfPage":{"@id":"https:\/\/contadoreshoy.com\/?p=5754"},"wordCount":6118,"publisher":{"@id":"https:\/\/contadoreshoy.com\/#organization"},"image":{"@id":"https:\/\/contadoreshoy.com\/?p=5754#primaryimage"},"thumbnailUrl":"https:\/\/contadoreshoy.com\/wp-content\/uploads\/2015\/09\/pasaporte.jpg","inLanguage":"es"},{"@type":"WebPage","@id":"https:\/\/contadoreshoy.com\/?p=5754","url":"https:\/\/contadoreshoy.com\/?p=5754","name":"Clases de pasaportes - Contadores P\u00fablicos","isPartOf":{"@id":"https:\/\/contadoreshoy.com\/#website"},"primaryImageOfPage":{"@id":"https:\/\/contadoreshoy.com\/?p=5754#primaryimage"},"image":{"@id":"https:\/\/contadoreshoy.com\/?p=5754#primaryimage"},"thumbnailUrl":"https:\/\/contadoreshoy.com\/wp-content\/uploads\/2015\/09\/pasaporte.jpg","datePublished":"2015-09-07T03:13:21+00:00","dateModified":"2017-02-05T03:01:11+00:00","breadcrumb":{"@id":"https:\/\/contadoreshoy.com\/?p=5754#breadcrumb"},"inLanguage":"es","potentialAction":[{"@type":"ReadAction","target":["https:\/\/contadoreshoy.com\/?p=5754"]}]},{"@type":"ImageObject","inLanguage":"es","@id":"https:\/\/contadoreshoy.com\/?p=5754#primaryimage","url":"https:\/\/contadoreshoy.com\/wp-content\/uploads\/2015\/09\/pasaporte.jpg","contentUrl":"https:\/\/contadoreshoy.com\/wp-content\/uploads\/2015\/09\/pasaporte.jpg","width":640,"height":280},{"@type":"BreadcrumbList","@id":"https:\/\/contadoreshoy.com\/?p=5754#breadcrumb","itemListElement":[{"@type":"ListItem","position":1,"name":"Portada","item":"https:\/\/contadoreshoy.com\/"},{"@type":"ListItem","position":2,"name":"Clases de pasaportes"}]},{"@type":"WebSite","@id":"https:\/\/contadoreshoy.com\/#website","url":"https:\/\/contadoreshoy.com\/","name":"Contadorespublicossantander","description":"Portal para Contadores P\u00fablicos y empresarios","publisher":{"@id":"https:\/\/contadoreshoy.com\/#organization"},"potentialAction":[{"@type":"SearchAction","target":{"@type":"EntryPoint","urlTemplate":"https:\/\/contadoreshoy.com\/?s={search_term_string}"},"query-input":{"@type":"PropertyValueSpecification","valueRequired":true,"valueName":"search_term_string"}}],"inLanguage":"es"},{"@type":"Organization","@id":"https:\/\/contadoreshoy.com\/#organization","name":"Contadores P\u00fablicos de Santander","url":"https:\/\/contadoreshoy.com\/","logo":{"@type":"ImageObject","inLanguage":"es","@id":"https:\/\/contadoreshoy.com\/#\/schema\/logo\/image\/","url":"https:\/\/contadoreshoy.com\/wp-content\/uploads\/2024\/01\/cropped-cropped-Copia-de-M-1.jpg","contentUrl":"https:\/\/contadoreshoy.com\/wp-content\/uploads\/2024\/01\/cropped-cropped-Copia-de-M-1.jpg","width":499,"height":500,"caption":"Contadores P\u00fablicos de Santander"},"image":{"@id":"https:\/\/contadoreshoy.com\/#\/schema\/logo\/image\/"},"sameAs":["https:\/\/www.facebook.com\/CCCPBucaramanga\/"]},{"@type":"Person","@id":"https:\/\/contadoreshoy.com\/#\/schema\/person\/96d8979cb865537c5dc9345e40089fc5","name":"Miguel Antonio M\u00e1rquez Monta\u00f1ez","description":"Contador P\u00fablico egresado de la Universidad Aut\u00f3noma de Bucaramanga - Asesor contable tributario con m\u00e1s de 25 a\u00f1os de experiencia - Conferencista en temas contables y tributarios - T\u00e9cnico en Hardware y Dise\u00f1o Web - Creador y director Grupo de Estudio Colegio Colombiano de Contadores P\u00fablicos de Bucaramanga - Creador y Master Web p\u00e1gina www.contadoresp\u00fablicossantander.com - Expresidente Colegio Colombiano de Contadores P\u00fablicos Bucaramanga","url":"https:\/\/contadoreshoy.com\/?author=1"}]}},"_links":{"self":[{"href":"https:\/\/contadoreshoy.com\/index.php?rest_route=\/wp\/v2\/posts\/5754","targetHints":{"allow":["GET"]}}],"collection":[{"href":"https:\/\/contadoreshoy.com\/index.php?rest_route=\/wp\/v2\/posts"}],"about":[{"href":"https:\/\/contadoreshoy.com\/index.php?rest_route=\/wp\/v2\/types\/post"}],"author":[{"embeddable":true,"href":"https:\/\/contadoreshoy.com\/index.php?rest_route=\/wp\/v2\/users\/1"}],"replies":[{"embeddable":true,"href":"https:\/\/contadoreshoy.com\/index.php?rest_route=%2Fwp%2Fv2%2Fcomments&post=5754"}],"version-history":[{"count":1,"href":"https:\/\/contadoreshoy.com\/index.php?rest_route=\/wp\/v2\/posts\/5754\/revisions"}],"predecessor-version":[{"id":8077,"href":"https:\/\/contadoreshoy.com\/index.php?rest_route=\/wp\/v2\/posts\/5754\/revisions\/8077"}],"wp:featuredmedia":[{"embeddable":true,"href":"https:\/\/contadoreshoy.com\/index.php?rest_route=\/wp\/v2\/media\/5755"}],"wp:attachment":[{"href":"https:\/\/contadoreshoy.com\/index.php?rest_route=%2Fwp%2Fv2%2Fmedia&parent=5754"}],"wp:term":[{"taxonomy":"category","embeddable":true,"href":"https:\/\/contadoreshoy.com\/index.php?rest_route=%2Fwp%2Fv2%2Fcategories&post=5754"},{"taxonomy":"post_tag","embeddable":true,"href":"https:\/\/contadoreshoy.com\/index.php?rest_route=%2Fwp%2Fv2%2Ftags&post=5754"}],"curies":[{"name":"wp","href":"https:\/\/api.w.org\/{rel}","templated":true}]}}