{"id":5758,"date":"2015-09-06T22:32:38","date_gmt":"2015-09-07T03:32:38","guid":{"rendered":"http:\/\/colegiocolombianodecontadores.com\/?p=5758"},"modified":"2017-02-04T22:01:11","modified_gmt":"2017-02-05T03:01:11","slug":"condiciones-de-trabajo-de-las-personas-privadas-de-la-libertad","status":"publish","type":"post","link":"https:\/\/contadoreshoy.com\/?p=5758","title":{"rendered":"Condiciones de trabajo de las personas privadas de la libertad"},"content":{"rendered":"<p style=\"text-align: left;\">\u00a0[useful_banner_manager banners=0 count=1]<\/p>\n<p style=\"text-align: center;\"><strong>MINISTERIO DE JUSTICIA Y DEL DERECHO<\/strong><\/p>\n<p style=\"text-align: center;\"><strong>DECRETO N\u00daMERO 1758 DE 2015<\/strong><\/p>\n<p style=\"text-align: center;\">(septiembre 1\u00b0)<\/p>\n<p>&nbsp;<\/p>\n<p><span style=\"color: #0000ff;\"><em>por el cual se adiciona al T\u00edtulo 1 de la Parte 2 del Libro 2 del Decreto n\u00famero 1069 de 2015, Decreto \u00danico Reglamentario del Sector Justicia y del Derecho, un Cap\u00edtulo 10 que regula las especiales condiciones de trabajo de las personas privadas de la libertad.<\/em><\/span><\/p>\n<p>&nbsp;<\/p>\n<p>El Presidente de la Rep\u00fablica de Colombia, en uso de las facultades constitucionales y legales, en especial las conferidas por el numeral 11 del art\u00edculo 189 de la Constituci\u00f3n Pol\u00edtica, los art\u00edculos 79 y 84 de la Ley 65 de 1993, modificados por los art\u00edculos 55 y 57 de la Ley 1709 de 2014 respectivamente, y<\/p>\n<p>&nbsp;<\/p>\n<p>CONSIDERANDO:<\/p>\n<p>&nbsp;<\/p>\n<p>Que el art\u00edculo 25 de la Constituci\u00f3n Pol\u00edtica establece que toda persona tiene derecho a un trabajo en condiciones dignas y justas;<\/p>\n<p>&nbsp;<\/p>\n<p>Que mediante los art\u00edculos 55, 56 y 57 de la Ley 1709 de 2014 se reformaron respectivamente los art\u00edculos 79, 81 y 84 de la Ley 65 de 1993, relativos al trabajo penitenciario;<\/p>\n<p>&nbsp;<\/p>\n<p>Que el trabajo penitenciario se constituye en un derecho y una obligaci\u00f3n social y que en ese sentido debe contar con la protecci\u00f3n especial del Estado, adicionalmente se trata de un medio terap\u00e9utico dirigido al cumplimiento de los fines resocializadores de la pena en concordancia con el art\u00edculo 4\u00b0 de la Ley 599 de 2000;<\/p>\n<p>&nbsp;<\/p>\n<p>Que de acuerdo con la mencionada reforma, le corresponde al Gobierno nacional reglamentar las especiales condiciones de trabajo de las personas privadas de la libertad, as\u00ed como su r\u00e9gimen de remuneraci\u00f3n, las condiciones de seguridad industrial y de seguridad y salud en el trabajo, su forma de afiliaci\u00f3n al Sistema General de Riesgos Laborales y de<\/p>\n<p>Protecci\u00f3n a la Vejez, y todas las dem\u00e1s con el fin de garantizar sus derechos laborales; Que en m\u00e9rito de lo expuesto,<\/p>\n<p style=\"text-align: center;\">DECRETA:<\/p>\n<p>&nbsp;<\/p>\n<p><span style=\"color: #0000ff;\">Art\u00edculo 1\u00b0. El T\u00edtulo 1 de la Parte 2 del Libro 2 del Decreto n\u00famero 1069 de 2015, Decreto \u00danico Reglamentario del Sector Justicia y del Derecho, tendr\u00e1 un nuevo Cap\u00edtulo 10 con el siguiente texto:<\/span><\/p>\n<p>&nbsp;<\/p>\n<p style=\"text-align: center;\">CAP\u00cdTULO 10<\/p>\n<p style=\"text-align: center;\">TRABAJO PENITENCIARIO<\/p>\n<p style=\"text-align: center;\">Secci\u00f3n 1<\/p>\n<h2 style=\"text-align: center;\">Generalidades<\/h2>\n<p><strong>Art\u00edculo 2.2.1.10.1.1. <span style=\"color: #0000ff;\"><em>Trabajo Penitenciario<\/em>.<\/span><\/strong> El trabajo penitenciario es la actividad humana libre, material o intelectual que, de manera personal, ejecutan al servicio de otra persona las personas privadas de la libertad y que tiene un fin resocializador y dignificante. As\u00ed mismo se constituye en una actividad dirigida a la redenci\u00f3n de pena de las personas condenadas. Las actividades laborales de las personas privadas de la libertad podr\u00e1n prestarse de manera intramural y extramural. El Instituto Nacional Penitenciario y Carcelario (Inpec), podr\u00e1 ofrecer las plazas de trabajo penitenciario directamente o mediante convenios con personas p\u00fablicas o privadas. En todo caso propiciar\u00e1 la existencia de plazas suficientes para que las personas privadas de la libertad, que as\u00ed lo deseen, puedan acceder a ellas.<\/p>\n<p>&nbsp;<\/p>\n<p><strong>Par\u00e1grafo<\/strong>. <span style=\"color: #0000ff;\">Todas las personas privadas de la libertad, tanto condenadas como procesadas, podr\u00e1n acceder a las plazas de trabajo penitenciario. Las personas condenadas tendr\u00e1n prioridad para acceder a estas plazas, en virtud del fin resocializador del trabajo penitenciario.<\/span><\/p>\n<p>&nbsp;<\/p>\n<p><strong>Art\u00edculo 2.2.1.10.1.2. <span style=\"color: #0000ff;\"><em>Convenios para el trabajo penitenciario<\/em>.<\/span><\/strong> El Inpec podr\u00e1 celebrar convenios con personas p\u00fablicas o privadas con el fin de habilitar las plazas de trabajo para las personas privadas de la libertad. Estos convenios deber\u00e1n incluir las condiciones de afiliaci\u00f3n de las personas privadas de la libertad al Sistema General de Riesgos Laborales.<\/p>\n<p>&nbsp;<\/p>\n<p><strong>Art\u00edculo 2.2.1.10.1.3.<span style=\"color: #0000ff;\"><em> Convenio de resocializaci\u00f3n y trabajo penitenciario<\/em>.<\/span><\/strong> El convenio de resocializaci\u00f3n y trabajo penitenciario se celebrar\u00e1 entre el Inpec y las personas privadas de la libertad y deber\u00e1 contener como m\u00ednimo:<\/p>\n<p>&nbsp;<\/p>\n<ol>\n<li>La identificaci\u00f3n de la persona que presta el servicio.<\/li>\n<li>Descripci\u00f3n de las actividades que deber\u00e1 desarrollar la persona privada de la libertad.<\/li>\n<li>Los objetivos en materia de resocializaci\u00f3n que deber\u00e1 alcanzar la persona privada de la libertad.<\/li>\n<li>El monto de la remuneraci\u00f3n que percibir\u00e1 la persona privada de la libertad por la actividad realizada.<\/li>\n<li>El horario de trabajo y especificaciones de modo, tiempo y lugar para desarrollar las labores correspondientes.<\/li>\n<li>Condiciones de la afiliaci\u00f3n al Sistema General de Riesgos Laborales.<\/li>\n<\/ol>\n<p>&nbsp;<\/p>\n<p>El Inpec o la persona p\u00fablica o privada, seg\u00fan corresponda, deber\u00e1 garantizar que las personas privadas de la libertad cuenten con los insumos necesarios para llevar a cabo las actividades laborales.<\/p>\n<p>&nbsp;<\/p>\n<p><strong>Art\u00edculo 2.2.1.10.1.4<span style=\"color: #0000ff;\">. <em>Remuneraci\u00f3n<\/em><\/span>.<\/strong> La remuneraci\u00f3n percibida por las personas privadas de la libertad en raz\u00f3n a los convenios de resocializaci\u00f3n y trabajo penitenciario, no constituye salario y no tiene los efectos prestacionales derivados del mismo. El Ministerio del Trabajo, en coordinaci\u00f3n con el Inpec, determinar\u00e1 anualmente el monto m\u00ednimo de la remuneraci\u00f3n que se pagar\u00e1 a las personas privadas de la libertad por el trabajo penitenciario. Esta deber\u00e1 ser actualizada anualmente con base en el incremento del \u00cdndice de Precios al Consumidor y asegurando que el trabajo de las personas privadas de la libertad sea remunerado de manera equitativa.<\/p>\n<p>&nbsp;<\/p>\n<p><strong>Art\u00edculo 2.2.1.10.1.5. <em><span style=\"color: #0000ff;\">Prohibici\u00f3n del trabajo forzado<\/span>.<\/em><\/strong> Se proh\u00edbe el trabajo forzado en todas sus modalidades. Las personas privadas de la libertad deber\u00e1n ejecutar sus actividades laborales en condiciones dignas. Est\u00e1 proscrita cualquier forma de explotaci\u00f3n de las personas privadas de la libertad.<\/p>\n<p>&nbsp;<\/p>\n<p><strong>Art\u00edculo 2.2.1.10.1.6. <span style=\"color: #0000ff;\"><em>Jornada Laboral<\/em>.<\/span><\/strong> La jornada laboral para las personas privadas de la libertad no podr\u00e1, bajo ninguna circunstancia, superar las ocho (8) horas diarias y las cuarenta y ocho (48) horas semanales.<\/p>\n<p>&nbsp;<\/p>\n<p>Salvo en los casos previstos en el art\u00edculo 2.2.1.3.5. del presente decreto, cuando sea necesario establecer turnos especiales, que en ning\u00fan caso superar\u00e1n las cuarenta y ocho (48) horas semanales.<\/p>\n<p>&nbsp;<\/p>\n<p style=\"text-align: center;\">Secci\u00f3n 2<\/p>\n<h2 style=\"text-align: center;\">Condiciones especiales de acceso al derecho a la seguridad social\u00a0 para las personas privadas de la libertad<\/h2>\n<p>&nbsp;<\/p>\n<p><strong>Art\u00edculo 2.2.1.10.2.1. <span style=\"color: #0000ff;\"><em>Servicio de salud<\/em><\/span>.<\/strong> Todas las personas privadas de la libertad acceder\u00e1n al servicio de salud, conforme con lo establecido en el art\u00edculo 66 de la Ley 1709 de 2014.<\/p>\n<p>&nbsp;<\/p>\n<p><strong>Art\u00edculo 2.2.1.10.2.2.<span style=\"color: #0000ff;\"><em> Protecci\u00f3n a la vejez<\/em><\/span>.<\/strong> Las personas privadas de la libertad menores de 65 a\u00f1os, que as\u00ed lo soliciten, podr\u00e1n ser afiliadas al Sistema Flexible de Protecci\u00f3n para la Vejez constituido por los Beneficios Econ\u00f3micos Peri\u00f3dicos. El Ministerio del Trabajo determinar\u00e1 anualmente el monto del aporte correspondiente, el cual deber\u00e1 ser descontado de la remuneraci\u00f3n percibida por la persona privada de la libertad. El Inpec coordinar\u00e1 el giro de los recursos a la entidad a la cual se afilie a la persona privada de la libertad.<\/p>\n<p><strong>Art\u00edculo 2.2.1.10.2.3.<span style=\"color: #0000ff;\"><em> Riesgos laborales<\/em>.<\/span><\/strong> Todas las personas privadas de la libertad que desarrollen actividades laborales deben estar afiliadas al Sistema General de Riesgos Laborales. En caso que las personas privadas de la libertad presten sus servicios directamente al Inpec, la cotizaci\u00f3n deber\u00e1 ser asumida por el Instituto.<\/p>\n<p>&nbsp;<\/p>\n<p>Si la prestaci\u00f3n del servicio se hace en virtud de un convenio con persona p\u00fablica o privada, el Inpec deber\u00e1 garantizar que dentro del mismo se incluyan las obligaciones para la cancelaci\u00f3n de las sumas que correspondan a la afiliaci\u00f3n respectiva. Secci\u00f3n 3<\/p>\n<h2 style=\"text-align: center;\"><\/h2>\n<h2 style=\"text-align: center;\">Obligaciones y prohibiciones especiales<\/h2>\n<p>&nbsp;<\/p>\n<p><strong>Art\u00edculo 2.2.1.10.3.1. <span style=\"color: #0000ff;\"><em>Obligaciones y prohibiciones especiales del Inpec<\/em><\/span>.<\/strong> Son obligaciones del Inpec para el desarrollo del trabajo penitenciario:<\/p>\n<p>&nbsp;<\/p>\n<ol>\n<li>Promover el establecimiento de las plazas para el acceso al trabajo penitenciario de las personas privadas de la libertad, las cuales ser\u00e1n prove\u00eddas gradualmente de conformidad con la disponibilidad presupuestal.<\/li>\n<li>Propiciar el suministro de los instrumentos adecuados y las materias primas necesarias para la realizaci\u00f3n de las labores. En caso que estas deban ser suministradas en virtud de convenio con persona p\u00fablica o privada, deber\u00e1 gestionar que sean entregadas en tiempo y forma oportuna.<\/li>\n<li>Reportar oportunamente las horas de trabajo con destino a la redenci\u00f3n de la pena de la persona privada de la libertad.<\/li>\n<li>Reportar de manera inmediata la ocurrencia de accidentes de trabajo o enfermedad laboral a la respectiva Administradora de Riesgos Laborales.<\/li>\n<li>Informar a la Unidad de Servicios Penitenciarios y Carcelarios (USPEC) sobre las adecuaciones que sean necesarias para garantizar que los espacios de trabajo cuenten con las condiciones para el desarrollo de las actividades laborales.<\/li>\n<li>Pagar oportunamente la respectiva remuneraci\u00f3n a las personas privadas de la libertad. Se proh\u00edbe al Inpec en relaci\u00f3n con el desarrollo del trabajo penitenciario:<\/li>\n<\/ol>\n<p>&nbsp;<\/p>\n<ol>\n<li>Deducir, retener o compensar de manera alguna la remuneraci\u00f3n a la cual tiene derecho la persona privada de la libertad, sin autorizaci\u00f3n escrita previa de esta o sin que medie orden judicial.<\/li>\n<li>Aceptar cualquier tipo de bonificaci\u00f3n o prebenda por parte de la persona privada de la libertad con el fin de acceder a plazas de trabajo.<\/li>\n<li>Ejecutar cualquier acto que atente contra la dignidad de las personas privadas de la libertad.<\/li>\n<\/ol>\n<p>&nbsp;<\/p>\n<p><strong>Art\u00edculo 2.2.1.10.3.2. <span style=\"color: #0000ff;\"><em>Obligaciones y prohibiciones especiales de las personas privadas de la libertad<\/em><\/span><\/strong><span style=\"color: #0000ff;\">.<\/span> Las personas privadas de la libertad, en ejercicio del trabajo penitenciario, tendr\u00e1n las siguientes obligaciones especiales:<\/p>\n<p>&nbsp;<\/p>\n<ol>\n<li>Conservar los elementos e instrumentos utilizados para la realizaci\u00f3n del trabajo penitenciario en buen estado.<\/li>\n<li>Observar las medidas de seguridad y salud en el trabajo y todas aquellas medidas encaminadas a prevenir y evitar enfermedades y accidentes laborales.<\/li>\n<li>Acatar y cumplir las \u00f3rdenes impartidas.<\/li>\n<li>Abstenerse de dar u ofrecer prebenda alguna con el fin de acceder a las plazas de trabajo penitenciario.<\/li>\n<\/ol>\n<p>&nbsp;<\/p>\n<p>Son prohibiciones especiales de las personas privadas de la libertad, sin perjuicio de lo establecido en el reglamento interno de cada establecimiento:<\/p>\n<p>&nbsp;<\/p>\n<ol>\n<li>Sustraer de las \u00e1reas de trabajo los elementos o materias primas destinadas para la ejecuci\u00f3n del trabajo penitenciario.<\/li>\n<li>Presentarse al trabajo en estado de embriaguez o bajo la influencia de sustancias psicotr\u00f3picas.<\/li>\n<li>Conservar armas de cualquier tipo.<\/li>\n<li>Perturbar la actividad laboral de sus compa\u00f1eros.<\/li>\n<li>Propiciar ri\u00f1as o disturbios.<\/li>\n<li>Incumplir el horario de trabajo asignado. \u00a0 \u00a0Secci\u00f3n 4<\/li>\n<\/ol>\n<h2 style=\"text-align: center;\">Actividades de formaci\u00f3n para el trabajo<\/h2>\n<p>&nbsp;<\/p>\n<p><strong>Art\u00edculo 2.2.1.10.4.1.<span style=\"color: #0000ff;\"><em> Formaci\u00f3n para el trabajo<\/em><\/span>.<\/strong> El Inpec celebrar\u00e1 los convenios que sean necesarios para que las personas privadas de la libertad puedan acceder a formaci\u00f3n en habilidades, destrezas y conocimientos t\u00e9cnicos para el desempe\u00f1o del trabajo penitenciario.<\/p>\n<p>&nbsp;<\/p>\n<p>El acceso a esta formaci\u00f3n depender\u00e1 de los mecanismos de ingreso que para tal fin determine el Inpec.<\/p>\n<p>&nbsp;<\/p>\n<p><strong>Par\u00e1grafo<\/strong>. El Inpec, en coordinaci\u00f3n con el Servicio Nacional de Aprendizaje (Sena), celebrar\u00e1 los convenios que se requieran para garantizar que en aquellos establecimientos en los cuales no existen convenios con otras entidades, exista por lo menos un programa de formaci\u00f3n para el trabajo.<\/p>\n<p>&nbsp;<\/p>\n<p><strong>Art\u00edculo 2.2.1.10.4.2. <em><span style=\"color: #0000ff;\">Permisos para asistencia a formaci\u00f3n<\/span>.<\/em><\/strong> El Inpec deber\u00e1 garantizar que las personas privadas de la libertad que se encuentren en procesos de formaci\u00f3n para el trabajo, cuenten con los permisos necesarios para asistir a las respectivas capacitaciones. En todo caso se observar\u00e1n las medidas de seguridad que sean necesarias.<\/p>\n<p>&nbsp;<\/p>\n<p><strong>Art\u00edculo 2.2.1.10.4.3. <em>Convenios para formaci\u00f3n y trabajo<\/em><\/strong><em>.<\/em> El Inpec podr\u00e1 celebrar convenios con personas p\u00fablicas o privadas que ofrezcan conjuntamente formaci\u00f3n para el trabajo y vinculaci\u00f3n laboral para las personas privadas de la libertad.<\/p>\n<p style=\"text-align: center;\">Secci\u00f3n 5<\/p>\n<h2 style=\"text-align: center;\">Seguridad y salud en el trabajo<\/h2>\n<p>&nbsp;<\/p>\n<p><strong>Art\u00edculo 2.2.1.10.5.1. <span style=\"color: #0000ff;\"><em>Medidas de seguridad.<\/em><\/span><\/strong> El Inpec y la USPEC, en el marco de sus competencias, garantizar\u00e1n que los espacios destinados para el trabajo penitenciario que se lleva a cabo en los establecimientos de reclusi\u00f3n, tengan las condiciones necesarias de seguridad y salud en el trabajo conforme a la normativa vigente en la materia.<\/p>\n<p>&nbsp;<\/p>\n<p><strong>Par\u00e1grafo<\/strong>. El Inpec o la entidad contratada para desarrollar el programa correspondiente, seg\u00fan sea el caso, deber\u00e1 suministrar a las personas privadas de la libertad aquellas prendas de calzado y vestido, as\u00ed como aquellos elementos de protecci\u00f3n personal que sean necesarios para llevar a cabo el trabajo penitenciario y que garanticen su seguridad dentro de las \u00e1reas de trabajo.<\/p>\n<p>&nbsp;<\/p>\n<p><strong>Art\u00edculo 2.2.1.10.5.2. <span style=\"color: #0000ff;\"><em>Acceso para personas con discapacidad<\/em><\/span>.<\/strong> Todos los establecimientos de reclusi\u00f3n deber\u00e1n contar con espacios para trabajo penitenciario adaptados para aquellas personas con alg\u00fan tipo de discapacidad. La USPEC realizar\u00e1 las adecuaciones a que haya lugar, previo requerimiento del Inpec, de forma gradual y progresiva de conformidad con la disponibilidad presupuestal.<\/p>\n<p>&nbsp;<\/p>\n<p><strong>Art\u00edculo 2.2.1.10.5.3. <em><span style=\"color: #0000ff;\">Accidente de trabajo y enfermedad laboral<\/span>.<\/em><\/strong> Para los efectos del presente decreto se entender\u00e1n como accidente de trabajo y enfermedad laboral aquellos eventos contemplados en los art\u00edculos 3\u00b0 y 4\u00b0 de la Ley 1562 de 2012, respectivamente.<\/p>\n<p>&nbsp;<\/p>\n<p><strong>Art\u00edculo 2.2.1.10.5.4. <em>Atenci\u00f3n por enfermedad profesional o accidente de trabajo para las personas privadas de la libertad dentro de establecimientos de reclusi\u00f3n.<\/em><\/strong> El accidente de trabajo ocurrido al interior del establecimiento de reclusi\u00f3n, ser\u00e1 atendido mediante el Sistema de Salud Penitenciario sin perjuicio de los recobros a que haya lugar frente a la Administradora de Riesgos Laborales (ARL) que corresponda. El Director del establecimiento deber\u00e1 dar aviso de manera inmediata a la Administradora de Riesgos Laborales y a la USPEC con el fin de que se lleven a cabo las actuaciones administrativas que permitan la adecuada atenci\u00f3n de la persona privada de la libertad.<\/p>\n<p>En caso de ser necesario el traslado de la persona privada de la libertad, deber\u00e1n observarse todas las medidas de seguridad, de acuerdo a los protocolos que para tal efecto expida el Inpec.<\/p>\n<p>&nbsp;<\/p>\n<p>En caso de enfermedad profesional, la USPEC, con cargo a los recursos del Fondo Nacional de Salud de las Personas Privadas de la Libertad, prestar\u00e1 los servicios que sean necesarios hasta que la ARL asuma la respectiva atenci\u00f3n, previa calificaci\u00f3n. La ARL propender\u00e1 por la prestaci\u00f3n de la atenci\u00f3n en salud laboral de manera intramural. En los eventos en que sea necesaria la atenci\u00f3n extramural de la persona privada de la libertad, deber\u00e1 informarse tanto al Inpec como a la USPEC con el fin de coordinar el respectivo traslado, cuyos costos correr\u00e1n por cuenta de la ARL.<\/p>\n<p>&nbsp;<\/p>\n<p><strong>Art\u00edculo 2.2.1.10.5.5. <em>Giro de recursos<\/em><\/strong><em>.<\/em> La USPEC llevar\u00e1 a cabo las gestiones administrativas que sean necesarias para el recobro de los servicios de salud que se presten a las personas privadas de la libertad en caso de accidente de trabajo o enfermedad laboral.<\/p>\n<p>&nbsp;<\/p>\n<p><strong>Art\u00edculo 2.2.1.10.5.6. <em>Supervisi\u00f3n de las condiciones de trabajo<\/em>.<\/strong> El Ministerio del Trabajo realizar\u00e1 visitas peri\u00f3dicas a los establecimientos penitenciarios y carcelarios con el fin de determinar el cumplimiento de las normas en seguridad industrial y seguridad y salud en el trabajo en las \u00e1reas destinadas al trabajo penitenciario.<\/p>\n<p>&nbsp;<\/p>\n<p><strong>Art\u00edculo 2.2.1.10.5.7. <em>Actividades de promoci\u00f3n y prevenci\u00f3n en seguridad y salud en el trabajo.<\/em><\/strong> Las ARL correspondientes deber\u00e1n, en cumplimiento de las obligaciones que legalmente les han sido asignadas, realizar programas, campa\u00f1as y acciones de educaci\u00f3n y prevenci\u00f3n al interior de los establecimientos penitenciarios y carcelarios del orden nacional. Para tal fin coordinar\u00e1n con el Inpec el ingreso de los equipos profesionales que sean necesarios.<\/p>\n<p>&nbsp;<\/p>\n<p>Art\u00edculo 2\u00b0. <em>Vigencia<\/em>. El presente decreto rige a partir de su publicaci\u00f3n.<\/p>\n<p>Publ\u00edquese y c\u00famplase.<\/p>\n<p>Dado en Bogot\u00e1, D. C., a 1\u00b0 de septiembre de 2015.<\/p>\n<p>&nbsp;<\/p>\n<p>JUAN MANUEL SANTOS CALDER\u00d3N<\/p>\n<p>El Ministro de Justicia y del Derecho,<\/p>\n<p><em>Yesid Reyes Alvarado. <\/em>El Ministro del Trabajo,<\/p>\n<p><em>Luis Eduardo Garz\u00f3n.<\/em><\/p>\n<p>&nbsp;<\/p>\n","protected":false},"excerpt":{"rendered":"<p>Decreto 1758 de septiembre 01 de 2015, del Ministerio de Justicia y del Derecho, por el cual se adiciona al decreto \u00fanico reglamentario del sector justicia y del derecho, el cap\u00edtulo10 que regula las especiales condiciones de trabajo de las personas privadas de la libertad.<\/p>\n","protected":false},"author":1,"featured_media":5759,"comment_status":"closed","ping_status":"closed","sticky":false,"template":"","format":"standard","meta":{"_monsterinsights_skip_tracking":false,"ngg_post_thumbnail":0,"footnotes":"","_links_to":"","_links_to_target":""},"categories":[456,454],"tags":[],"class_list":["post-5758","post","type-post","status-publish","format-standard","has-post-thumbnail","hentry","category-conceptos-y-oficios-dian","category-sin-categoria"],"aioseo_notices":[],"aioseo_head":"\n\t\t<!-- All in One SEO 5.0.1.1 - aioseo.com -->\n\t<meta name=\"description\" content=\"Decreto 1758 de septiembre 01 de 2015, del Ministerio de Justicia y del Derecho, por el cual se adiciona al decreto \u00fanico reglamentario del sector justicia y del derecho, el cap\u00edtulo10 que regula las especiales condiciones de trabajo de las personas privadas de la libertad.\" \/>\n\t<meta name=\"robots\" content=\"max-image-preview:large\" \/>\n\t<meta name=\"author\" content=\"Miguel Antonio M\u00e1rquez Monta\u00f1ez\"\/>\n\t<link rel=\"canonical\" href=\"https:\/\/contadoreshoy.com\/?p=5758\" \/>\n\t<meta name=\"generator\" content=\"All in One SEO (AIOSEO) 5.0.1.1\" \/>\n\t\t<meta property=\"og:locale\" content=\"es_ES\" \/>\n\t\t<meta property=\"og:site_name\" content=\"Contadores P\u00fablicos - Portal para Contadores P\u00fablicos y empresarios\" \/>\n\t\t<meta property=\"og:type\" content=\"article\" \/>\n\t\t<meta property=\"og:title\" content=\"Condiciones de trabajo de las personas privadas de la libertad - Contadores P\u00fablicos\" \/>\n\t\t<meta property=\"og:description\" content=\"Decreto 1758 de septiembre 01 de 2015, del Ministerio de Justicia y del Derecho, por el cual se adiciona al decreto \u00fanico reglamentario del sector justicia y del derecho, el cap\u00edtulo10 que regula las especiales condiciones de trabajo de las personas privadas de la libertad.\" \/>\n\t\t<meta property=\"og:url\" content=\"https:\/\/contadoreshoy.com\/?p=5758\" \/>\n\t\t<meta property=\"og:image\" content=\"https:\/\/contadoreshoy.com\/wp-content\/uploads\/2024\/01\/cropped-cropped-cropped-Copia-de-M.jpg\" \/>\n\t\t<meta property=\"og:image:secure_url\" content=\"https:\/\/contadoreshoy.com\/wp-content\/uploads\/2024\/01\/cropped-cropped-cropped-Copia-de-M.jpg\" \/>\n\t\t<meta property=\"og:image:width\" content=\"512\" \/>\n\t\t<meta property=\"og:image:height\" content=\"371\" \/>\n\t\t<meta property=\"article:published_time\" content=\"2015-09-07T03:32:38+00:00\" \/>\n\t\t<meta property=\"article:modified_time\" content=\"2017-02-05T03:01:11+00:00\" \/>\n\t\t<meta name=\"twitter:card\" content=\"summary_large_image\" \/>\n\t\t<meta name=\"twitter:title\" content=\"Condiciones de trabajo de las personas privadas de la libertad - Contadores P\u00fablicos\" \/>\n\t\t<meta name=\"twitter:description\" content=\"Decreto 1758 de septiembre 01 de 2015, del Ministerio de Justicia y del Derecho, por el cual se adiciona al decreto \u00fanico reglamentario del sector justicia y del derecho, el cap\u00edtulo10 que regula las especiales condiciones de trabajo de las personas privadas de la libertad.\" \/>\n\t\t<meta name=\"twitter:image\" content=\"https:\/\/contadoreshoy.com\/wp-content\/uploads\/2024\/01\/cropped-cropped-cropped-Copia-de-M.jpg\" \/>\n\t\t<script type=\"application\/ld+json\" class=\"aioseo-schema\">\n\t\t\t{\"@context\":\"https:\\\/\\\/schema.org\",\"@graph\":[{\"@type\":\"BlogPosting\",\"@id\":\"https:\\\/\\\/contadoreshoy.com\\\/?p=5758#blogposting\",\"name\":\"Condiciones de trabajo de las personas privadas de la libertad - Contadores P\\u00fablicos\",\"headline\":\"Condiciones de trabajo de las personas privadas de la libertad\",\"author\":{\"@id\":\"https:\\\/\\\/contadoreshoy.com\\\/?author=1#author\"},\"publisher\":{\"@id\":\"https:\\\/\\\/contadoreshoy.com\\\/#organization\"},\"image\":{\"@type\":\"ImageObject\",\"url\":\"https:\\\/\\\/contadoreshoy.com\\\/wp-content\\\/uploads\\\/2015\\\/09\\\/reo-trabajando2.jpg\",\"width\":383,\"height\":250},\"datePublished\":\"2015-09-06T22:32:38-05:00\",\"dateModified\":\"2017-02-04T22:01:11-05:00\",\"inLanguage\":\"es-ES\",\"mainEntityOfPage\":{\"@id\":\"https:\\\/\\\/contadoreshoy.com\\\/?p=5758#webpage\"},\"isPartOf\":{\"@id\":\"https:\\\/\\\/contadoreshoy.com\\\/?p=5758#webpage\"},\"articleSection\":\"Conceptos y Oficios DIAN, Sin categor\\u00eda\"},{\"@type\":\"BreadcrumbList\",\"@id\":\"https:\\\/\\\/contadoreshoy.com\\\/?p=5758#breadcrumblist\",\"itemListElement\":[{\"@type\":\"ListItem\",\"@id\":\"https:\\\/\\\/contadoreshoy.com#listItem\",\"position\":1,\"name\":\"Home\",\"item\":\"https:\\\/\\\/contadoreshoy.com\",\"nextItem\":{\"@type\":\"ListItem\",\"@id\":\"https:\\\/\\\/contadoreshoy.com\\\/?cat=454#listItem\",\"name\":\"Sin categor\\u00eda\"}},{\"@type\":\"ListItem\",\"@id\":\"https:\\\/\\\/contadoreshoy.com\\\/?cat=454#listItem\",\"position\":2,\"name\":\"Sin categor\\u00eda\",\"item\":\"https:\\\/\\\/contadoreshoy.com\\\/?cat=454\",\"nextItem\":{\"@type\":\"ListItem\",\"@id\":\"https:\\\/\\\/contadoreshoy.com\\\/?p=5758#listItem\",\"name\":\"Condiciones de trabajo de las personas privadas de la libertad\"},\"previousItem\":{\"@type\":\"ListItem\",\"@id\":\"https:\\\/\\\/contadoreshoy.com#listItem\",\"name\":\"Home\"}},{\"@type\":\"ListItem\",\"@id\":\"https:\\\/\\\/contadoreshoy.com\\\/?p=5758#listItem\",\"position\":3,\"name\":\"Condiciones de trabajo de las personas privadas de la libertad\",\"previousItem\":{\"@type\":\"ListItem\",\"@id\":\"https:\\\/\\\/contadoreshoy.com\\\/?cat=454#listItem\",\"name\":\"Sin categor\\u00eda\"}}]},{\"@type\":\"Organization\",\"@id\":\"https:\\\/\\\/contadoreshoy.com\\\/#organization\",\"name\":\"Contadores P\\u00fablicos\",\"description\":\"Portal para Contadores P\\u00fablicos y empresarios\",\"url\":\"https:\\\/\\\/contadoreshoy.com\\\/\",\"logo\":{\"@type\":\"ImageObject\",\"url\":\"https:\\\/\\\/contadoreshoy.com\\\/wp-content\\\/uploads\\\/2024\\\/01\\\/cropped-cropped-Copia-de-M-1.jpg\",\"@id\":\"https:\\\/\\\/contadoreshoy.com\\\/?p=5758\\\/#organizationLogo\",\"width\":499,\"height\":500},\"image\":{\"@id\":\"https:\\\/\\\/contadoreshoy.com\\\/?p=5758\\\/#organizationLogo\"}},{\"@type\":\"Person\",\"@id\":\"https:\\\/\\\/contadoreshoy.com\\\/?author=1#author\",\"url\":\"https:\\\/\\\/contadoreshoy.com\\\/?author=1\",\"name\":\"Miguel Antonio M\\u00e1rquez Monta\\u00f1ez\"},{\"@type\":\"WebPage\",\"@id\":\"https:\\\/\\\/contadoreshoy.com\\\/?p=5758#webpage\",\"url\":\"https:\\\/\\\/contadoreshoy.com\\\/?p=5758\",\"name\":\"Condiciones de trabajo de las personas privadas de la libertad - Contadores P\\u00fablicos\",\"description\":\"Decreto 1758 de septiembre 01 de 2015, del Ministerio de Justicia y del Derecho, por el cual se adiciona al decreto \\u00fanico reglamentario del sector justicia y del derecho, el cap\\u00edtulo10 que regula las especiales condiciones de trabajo de las personas privadas de la libertad.\",\"inLanguage\":\"es-ES\",\"isPartOf\":{\"@id\":\"https:\\\/\\\/contadoreshoy.com\\\/#website\"},\"breadcrumb\":{\"@id\":\"https:\\\/\\\/contadoreshoy.com\\\/?p=5758#breadcrumblist\"},\"author\":{\"@id\":\"https:\\\/\\\/contadoreshoy.com\\\/?author=1#author\"},\"creator\":{\"@id\":\"https:\\\/\\\/contadoreshoy.com\\\/?author=1#author\"},\"image\":{\"@type\":\"ImageObject\",\"url\":\"https:\\\/\\\/contadoreshoy.com\\\/wp-content\\\/uploads\\\/2015\\\/09\\\/reo-trabajando2.jpg\",\"@id\":\"https:\\\/\\\/contadoreshoy.com\\\/?p=5758\\\/#mainImage\",\"width\":383,\"height\":250},\"primaryImageOfPage\":{\"@id\":\"https:\\\/\\\/contadoreshoy.com\\\/?p=5758#mainImage\"},\"datePublished\":\"2015-09-06T22:32:38-05:00\",\"dateModified\":\"2017-02-04T22:01:11-05:00\"},{\"@type\":\"WebSite\",\"@id\":\"https:\\\/\\\/contadoreshoy.com\\\/#website\",\"url\":\"https:\\\/\\\/contadoreshoy.com\\\/\",\"name\":\"Contadores P\\u00fablicos\",\"description\":\"Portal para Contadores P\\u00fablicos y empresarios\",\"inLanguage\":\"es-ES\",\"publisher\":{\"@id\":\"https:\\\/\\\/contadoreshoy.com\\\/#organization\"}}]}\n\t\t<\/script>\n\t\t<!-- All in One SEO -->\n\n","aioseo_head_json":{"title":"Condiciones de trabajo de las personas privadas de la libertad - Contadores P\u00fablicos","description":"Decreto 1758 de septiembre 01 de 2015, del Ministerio de Justicia y del Derecho, por el cual se adiciona al decreto \u00fanico reglamentario del sector justicia y del derecho, el cap\u00edtulo10 que regula las especiales condiciones de trabajo de las personas privadas de la libertad.","canonical_url":"https:\/\/contadoreshoy.com\/?p=5758","robots":"max-image-preview:large","keywords":"","webmasterTools":{"miscellaneous":""},"schema":{"@context":"https:\/\/schema.org","@graph":[{"@type":"BlogPosting","@id":"https:\/\/contadoreshoy.com\/?p=5758#blogposting","name":"Condiciones de trabajo de las personas privadas de la libertad - Contadores P\u00fablicos","headline":"Condiciones de trabajo de las personas privadas de la libertad","author":{"@id":"https:\/\/contadoreshoy.com\/?author=1#author"},"publisher":{"@id":"https:\/\/contadoreshoy.com\/#organization"},"image":{"@type":"ImageObject","url":"https:\/\/contadoreshoy.com\/wp-content\/uploads\/2015\/09\/reo-trabajando2.jpg","width":383,"height":250},"datePublished":"2015-09-06T22:32:38-05:00","dateModified":"2017-02-04T22:01:11-05:00","inLanguage":"es-ES","mainEntityOfPage":{"@id":"https:\/\/contadoreshoy.com\/?p=5758#webpage"},"isPartOf":{"@id":"https:\/\/contadoreshoy.com\/?p=5758#webpage"},"articleSection":"Conceptos y Oficios DIAN, Sin categor\u00eda"},{"@type":"BreadcrumbList","@id":"https:\/\/contadoreshoy.com\/?p=5758#breadcrumblist","itemListElement":[{"@type":"ListItem","@id":"https:\/\/contadoreshoy.com#listItem","position":1,"name":"Home","item":"https:\/\/contadoreshoy.com","nextItem":{"@type":"ListItem","@id":"https:\/\/contadoreshoy.com\/?cat=454#listItem","name":"Sin categor\u00eda"}},{"@type":"ListItem","@id":"https:\/\/contadoreshoy.com\/?cat=454#listItem","position":2,"name":"Sin categor\u00eda","item":"https:\/\/contadoreshoy.com\/?cat=454","nextItem":{"@type":"ListItem","@id":"https:\/\/contadoreshoy.com\/?p=5758#listItem","name":"Condiciones de trabajo de las personas privadas de la libertad"},"previousItem":{"@type":"ListItem","@id":"https:\/\/contadoreshoy.com#listItem","name":"Home"}},{"@type":"ListItem","@id":"https:\/\/contadoreshoy.com\/?p=5758#listItem","position":3,"name":"Condiciones de trabajo de las personas privadas de la libertad","previousItem":{"@type":"ListItem","@id":"https:\/\/contadoreshoy.com\/?cat=454#listItem","name":"Sin categor\u00eda"}}]},{"@type":"Organization","@id":"https:\/\/contadoreshoy.com\/#organization","name":"Contadores P\u00fablicos","description":"Portal para Contadores P\u00fablicos y empresarios","url":"https:\/\/contadoreshoy.com\/","logo":{"@type":"ImageObject","url":"https:\/\/contadoreshoy.com\/wp-content\/uploads\/2024\/01\/cropped-cropped-Copia-de-M-1.jpg","@id":"https:\/\/contadoreshoy.com\/?p=5758\/#organizationLogo","width":499,"height":500},"image":{"@id":"https:\/\/contadoreshoy.com\/?p=5758\/#organizationLogo"}},{"@type":"Person","@id":"https:\/\/contadoreshoy.com\/?author=1#author","url":"https:\/\/contadoreshoy.com\/?author=1","name":"Miguel Antonio M\u00e1rquez Monta\u00f1ez"},{"@type":"WebPage","@id":"https:\/\/contadoreshoy.com\/?p=5758#webpage","url":"https:\/\/contadoreshoy.com\/?p=5758","name":"Condiciones de trabajo de las personas privadas de la libertad - Contadores P\u00fablicos","description":"Decreto 1758 de septiembre 01 de 2015, del Ministerio de Justicia y del Derecho, por el cual se adiciona al decreto \u00fanico reglamentario del sector justicia y del derecho, el cap\u00edtulo10 que regula las especiales condiciones de trabajo de las personas privadas de la libertad.","inLanguage":"es-ES","isPartOf":{"@id":"https:\/\/contadoreshoy.com\/#website"},"breadcrumb":{"@id":"https:\/\/contadoreshoy.com\/?p=5758#breadcrumblist"},"author":{"@id":"https:\/\/contadoreshoy.com\/?author=1#author"},"creator":{"@id":"https:\/\/contadoreshoy.com\/?author=1#author"},"image":{"@type":"ImageObject","url":"https:\/\/contadoreshoy.com\/wp-content\/uploads\/2015\/09\/reo-trabajando2.jpg","@id":"https:\/\/contadoreshoy.com\/?p=5758\/#mainImage","width":383,"height":250},"primaryImageOfPage":{"@id":"https:\/\/contadoreshoy.com\/?p=5758#mainImage"},"datePublished":"2015-09-06T22:32:38-05:00","dateModified":"2017-02-04T22:01:11-05:00"},{"@type":"WebSite","@id":"https:\/\/contadoreshoy.com\/#website","url":"https:\/\/contadoreshoy.com\/","name":"Contadores P\u00fablicos","description":"Portal para Contadores P\u00fablicos y empresarios","inLanguage":"es-ES","publisher":{"@id":"https:\/\/contadoreshoy.com\/#organization"}}]},"og:locale":"es_ES","og:site_name":"Contadores P\u00fablicos - Portal para Contadores P\u00fablicos y empresarios","og:type":"article","og:title":"Condiciones de trabajo de las personas privadas de la libertad - Contadores P\u00fablicos","og:description":"Decreto 1758 de septiembre 01 de 2015, del Ministerio de Justicia y del Derecho, por el cual se adiciona al decreto \u00fanico reglamentario del sector justicia y del derecho, el cap\u00edtulo10 que regula las especiales condiciones de trabajo de las personas privadas de la libertad.","og:url":"https:\/\/contadoreshoy.com\/?p=5758","og:image":"https:\/\/contadoreshoy.com\/wp-content\/uploads\/2024\/01\/cropped-cropped-cropped-Copia-de-M.jpg","og:image:secure_url":"https:\/\/contadoreshoy.com\/wp-content\/uploads\/2024\/01\/cropped-cropped-cropped-Copia-de-M.jpg","og:image:width":512,"og:image:height":371,"article:published_time":"2015-09-07T03:32:38+00:00","article:modified_time":"2017-02-05T03:01:11+00:00","twitter:card":"summary_large_image","twitter:title":"Condiciones de trabajo de las personas privadas de la libertad - Contadores P\u00fablicos","twitter:description":"Decreto 1758 de septiembre 01 de 2015, del Ministerio de Justicia y del Derecho, por el cual se adiciona al decreto \u00fanico reglamentario del sector justicia y del derecho, el cap\u00edtulo10 que regula las especiales condiciones de trabajo de las personas privadas de la libertad.","twitter:image":"https:\/\/contadoreshoy.com\/wp-content\/uploads\/2024\/01\/cropped-cropped-cropped-Copia-de-M.jpg"},"aioseo_meta_data":{"post_id":"5758","title":null,"description":null,"keywords":null,"keyphrases":null,"primary_term":null,"canonical_url":null,"og_title":null,"og_description":null,"og_object_type":"default","og_image_type":"default","og_image_url":null,"og_image_width":null,"og_image_height":null,"og_image_custom_url":null,"og_image_custom_fields":null,"og_video":null,"og_custom_url":null,"og_article_section":null,"og_article_tags":null,"twitter_use_og":false,"twitter_card":"default","twitter_image_type":"default","twitter_image_url":null,"twitter_image_custom_url":null,"twitter_image_custom_fields":null,"twitter_title":null,"twitter_description":null,"schema":{"blockGraphs":[],"customGraphs":[],"default":{"data":{"Article":[],"Course":[],"Dataset":[],"FAQPage":[],"Movie":[],"Person":[],"Product":[],"ProductReview":[],"Car":[],"Recipe":[],"Service":[],"SoftwareApplication":[],"WebPage":[]},"graphName":"","isEnabled":true},"graphs":[]},"schema_type":"default","schema_type_options":null,"pillar_content":false,"robots_default":true,"robots_noindex":false,"robots_noarchive":false,"robots_nosnippet":false,"robots_nofollow":false,"robots_noimageindex":false,"robots_noodp":false,"robots_notranslate":false,"robots_max_snippet":null,"robots_max_videopreview":null,"robots_max_imagepreview":"large","priority":null,"frequency":null,"local_seo":null,"breadcrumb_settings":null,"limit_modified_date":false,"ai":null,"created":"2024-03-05 01:07:26","updated":"2026-03-03 04:33:42","seo_analyzer_scan_date":null,"focus_keyword":null,"additional_keywords":null,"truseo_locale":null},"aioseo_breadcrumb":"<div class=\"aioseo-breadcrumbs\"><span class=\"aioseo-breadcrumb\">\n\t\t\t<a href=\"https:\/\/contadoreshoy.com\" title=\"Home\">Home<\/a>\n\t\t<\/span><span class=\"aioseo-breadcrumb-separator\">&raquo;<\/span><span class=\"aioseo-breadcrumb\">\n\t\t\t<a href=\"https:\/\/contadoreshoy.com\/?cat=454\" title=\"Sin categor\u00eda\">Sin categor\u00eda<\/a>\n\t\t<\/span><span class=\"aioseo-breadcrumb-separator\">&raquo;<\/span><span class=\"aioseo-breadcrumb\">\n\t\t\tCondiciones de trabajo de las personas privadas de la libertad\n\t\t<\/span><\/div>","aioseo_breadcrumb_json":[{"label":"Home","link":"https:\/\/contadoreshoy.com"},{"label":"Sin categor\u00eda","link":"https:\/\/contadoreshoy.com\/?cat=454"},{"label":"Condiciones de trabajo de las personas privadas de la libertad","link":"https:\/\/contadoreshoy.com\/?p=5758"}],"yoast_head":"<!-- This site is optimized with the Yoast SEO plugin v28.4 - https:\/\/yoast.com\/product\/yoast-seo-wordpress\/ -->\n<title>Condiciones de trabajo de las personas privadas de la libertad - Contadores P\u00fablicos<\/title>\n<meta name=\"robots\" content=\"index, follow, max-snippet:-1, max-image-preview:large, max-video-preview:-1\" \/>\n<link rel=\"canonical\" href=\"https:\/\/contadoreshoy.com\/?p=5758\" \/>\n<meta property=\"og:locale\" content=\"es_ES\" \/>\n<meta property=\"og:type\" content=\"article\" \/>\n<meta property=\"og:title\" content=\"Condiciones de trabajo de las personas privadas de la libertad - Contadores P\u00fablicos\" \/>\n<meta property=\"og:description\" content=\"Decreto 1758 de septiembre 01 de 2015, del Ministerio de Justicia y del Derecho, por el cual se adiciona al decreto \u00fanico reglamentario del sector justicia y del derecho, el cap\u00edtulo10 que regula las especiales condiciones de trabajo de las personas privadas de la libertad.\" \/>\n<meta property=\"og:url\" content=\"https:\/\/contadoreshoy.com\/?p=5758\" \/>\n<meta property=\"og:site_name\" content=\"Contadores P\u00fablicos\" \/>\n<meta property=\"article:publisher\" content=\"https:\/\/www.facebook.com\/CCCPBucaramanga\/\" \/>\n<meta property=\"article:published_time\" content=\"2015-09-07T03:32:38+00:00\" \/>\n<meta property=\"article:modified_time\" content=\"2017-02-05T03:01:11+00:00\" \/>\n<meta property=\"og:image\" content=\"https:\/\/contadoreshoy.com\/wp-content\/uploads\/2015\/09\/reo-trabajando2.jpg\" \/>\n\t<meta property=\"og:image:width\" content=\"383\" \/>\n\t<meta property=\"og:image:height\" content=\"250\" \/>\n\t<meta property=\"og:image:type\" content=\"image\/jpeg\" \/>\n<meta name=\"author\" content=\"Miguel Antonio M\u00e1rquez Monta\u00f1ez\" \/>\n<meta name=\"twitter:card\" content=\"summary_large_image\" \/>\n<meta name=\"twitter:label1\" content=\"Escrito por\" \/>\n\t<meta name=\"twitter:data1\" content=\"Miguel Antonio M\u00e1rquez Monta\u00f1ez\" \/>\n\t<meta name=\"twitter:label2\" content=\"Tiempo de lectura\" \/>\n\t<meta name=\"twitter:data2\" content=\"13 minutos\" \/>\n<script type=\"application\/ld+json\" class=\"yoast-schema-graph\">{\"@context\":\"https:\\\/\\\/schema.org\",\"@graph\":[{\"@type\":\"Article\",\"@id\":\"https:\\\/\\\/contadoreshoy.com\\\/?p=5758#article\",\"isPartOf\":{\"@id\":\"https:\\\/\\\/contadoreshoy.com\\\/?p=5758\"},\"author\":{\"name\":\"Miguel Antonio M\u00e1rquez Monta\u00f1ez\",\"@id\":\"https:\\\/\\\/contadoreshoy.com\\\/#\\\/schema\\\/person\\\/96d8979cb865537c5dc9345e40089fc5\"},\"headline\":\"Condiciones de trabajo de las personas privadas de la libertad\",\"datePublished\":\"2015-09-07T03:32:38+00:00\",\"dateModified\":\"2017-02-05T03:01:11+00:00\",\"mainEntityOfPage\":{\"@id\":\"https:\\\/\\\/contadoreshoy.com\\\/?p=5758\"},\"wordCount\":2563,\"publisher\":{\"@id\":\"https:\\\/\\\/contadoreshoy.com\\\/#organization\"},\"image\":{\"@id\":\"https:\\\/\\\/contadoreshoy.com\\\/?p=5758#primaryimage\"},\"thumbnailUrl\":\"https:\\\/\\\/contadoreshoy.com\\\/wp-content\\\/uploads\\\/2015\\\/09\\\/reo-trabajando2.jpg\",\"articleSection\":[\"Conceptos y Oficios DIAN\"],\"inLanguage\":\"es\"},{\"@type\":\"WebPage\",\"@id\":\"https:\\\/\\\/contadoreshoy.com\\\/?p=5758\",\"url\":\"https:\\\/\\\/contadoreshoy.com\\\/?p=5758\",\"name\":\"Condiciones de trabajo de las personas privadas de la libertad - Contadores P\u00fablicos\",\"isPartOf\":{\"@id\":\"https:\\\/\\\/contadoreshoy.com\\\/#website\"},\"primaryImageOfPage\":{\"@id\":\"https:\\\/\\\/contadoreshoy.com\\\/?p=5758#primaryimage\"},\"image\":{\"@id\":\"https:\\\/\\\/contadoreshoy.com\\\/?p=5758#primaryimage\"},\"thumbnailUrl\":\"https:\\\/\\\/contadoreshoy.com\\\/wp-content\\\/uploads\\\/2015\\\/09\\\/reo-trabajando2.jpg\",\"datePublished\":\"2015-09-07T03:32:38+00:00\",\"dateModified\":\"2017-02-05T03:01:11+00:00\",\"breadcrumb\":{\"@id\":\"https:\\\/\\\/contadoreshoy.com\\\/?p=5758#breadcrumb\"},\"inLanguage\":\"es\",\"potentialAction\":[{\"@type\":\"ReadAction\",\"target\":[\"https:\\\/\\\/contadoreshoy.com\\\/?p=5758\"]}]},{\"@type\":\"ImageObject\",\"inLanguage\":\"es\",\"@id\":\"https:\\\/\\\/contadoreshoy.com\\\/?p=5758#primaryimage\",\"url\":\"https:\\\/\\\/contadoreshoy.com\\\/wp-content\\\/uploads\\\/2015\\\/09\\\/reo-trabajando2.jpg\",\"contentUrl\":\"https:\\\/\\\/contadoreshoy.com\\\/wp-content\\\/uploads\\\/2015\\\/09\\\/reo-trabajando2.jpg\",\"width\":383,\"height\":250},{\"@type\":\"BreadcrumbList\",\"@id\":\"https:\\\/\\\/contadoreshoy.com\\\/?p=5758#breadcrumb\",\"itemListElement\":[{\"@type\":\"ListItem\",\"position\":1,\"name\":\"Portada\",\"item\":\"https:\\\/\\\/contadoreshoy.com\\\/\"},{\"@type\":\"ListItem\",\"position\":2,\"name\":\"Condiciones de trabajo de las personas privadas de la libertad\"}]},{\"@type\":\"WebSite\",\"@id\":\"https:\\\/\\\/contadoreshoy.com\\\/#website\",\"url\":\"https:\\\/\\\/contadoreshoy.com\\\/\",\"name\":\"Contadorespublicossantander\",\"description\":\"Portal para Contadores P\u00fablicos y empresarios\",\"publisher\":{\"@id\":\"https:\\\/\\\/contadoreshoy.com\\\/#organization\"},\"potentialAction\":[{\"@type\":\"SearchAction\",\"target\":{\"@type\":\"EntryPoint\",\"urlTemplate\":\"https:\\\/\\\/contadoreshoy.com\\\/?s={search_term_string}\"},\"query-input\":{\"@type\":\"PropertyValueSpecification\",\"valueRequired\":true,\"valueName\":\"search_term_string\"}}],\"inLanguage\":\"es\"},{\"@type\":\"Organization\",\"@id\":\"https:\\\/\\\/contadoreshoy.com\\\/#organization\",\"name\":\"Contadores P\u00fablicos de Santander\",\"url\":\"https:\\\/\\\/contadoreshoy.com\\\/\",\"logo\":{\"@type\":\"ImageObject\",\"inLanguage\":\"es\",\"@id\":\"https:\\\/\\\/contadoreshoy.com\\\/#\\\/schema\\\/logo\\\/image\\\/\",\"url\":\"https:\\\/\\\/contadoreshoy.com\\\/wp-content\\\/uploads\\\/2024\\\/01\\\/cropped-cropped-Copia-de-M-1.jpg\",\"contentUrl\":\"https:\\\/\\\/contadoreshoy.com\\\/wp-content\\\/uploads\\\/2024\\\/01\\\/cropped-cropped-Copia-de-M-1.jpg\",\"width\":499,\"height\":500,\"caption\":\"Contadores P\u00fablicos de Santander\"},\"image\":{\"@id\":\"https:\\\/\\\/contadoreshoy.com\\\/#\\\/schema\\\/logo\\\/image\\\/\"},\"sameAs\":[\"https:\\\/\\\/www.facebook.com\\\/CCCPBucaramanga\\\/\"]},{\"@type\":\"Person\",\"@id\":\"https:\\\/\\\/contadoreshoy.com\\\/#\\\/schema\\\/person\\\/96d8979cb865537c5dc9345e40089fc5\",\"name\":\"Miguel Antonio M\u00e1rquez Monta\u00f1ez\",\"description\":\"Contador P\u00fablico egresado de la Universidad Aut\u00f3noma de Bucaramanga - Asesor contable tributario con m\u00e1s de 25 a\u00f1os de experiencia - Conferencista en temas contables y tributarios - T\u00e9cnico en Hardware y Dise\u00f1o Web - Creador y director Grupo de Estudio Colegio Colombiano de Contadores P\u00fablicos de Bucaramanga - Creador y Master Web p\u00e1gina www.contadoresp\u00fablicossantander.com - Expresidente Colegio Colombiano de Contadores P\u00fablicos Bucaramanga\",\"url\":\"https:\\\/\\\/contadoreshoy.com\\\/?author=1\"}]}<\/script>\n<!-- \/ Yoast SEO plugin. -->","yoast_head_json":{"title":"Condiciones de trabajo de las personas privadas de la libertad - Contadores P\u00fablicos","robots":{"index":"index","follow":"follow","max-snippet":"max-snippet:-1","max-image-preview":"max-image-preview:large","max-video-preview":"max-video-preview:-1"},"canonical":"https:\/\/contadoreshoy.com\/?p=5758","og_locale":"es_ES","og_type":"article","og_title":"Condiciones de trabajo de las personas privadas de la libertad - Contadores P\u00fablicos","og_description":"Decreto 1758 de septiembre 01 de 2015, del Ministerio de Justicia y del Derecho, por el cual se adiciona al decreto \u00fanico reglamentario del sector justicia y del derecho, el cap\u00edtulo10 que regula las especiales condiciones de trabajo de las personas privadas de la libertad.","og_url":"https:\/\/contadoreshoy.com\/?p=5758","og_site_name":"Contadores P\u00fablicos","article_publisher":"https:\/\/www.facebook.com\/CCCPBucaramanga\/","article_published_time":"2015-09-07T03:32:38+00:00","article_modified_time":"2017-02-05T03:01:11+00:00","og_image":[{"width":383,"height":250,"url":"https:\/\/contadoreshoy.com\/wp-content\/uploads\/2015\/09\/reo-trabajando2.jpg","type":"image\/jpeg"}],"author":"Miguel Antonio M\u00e1rquez Monta\u00f1ez","twitter_card":"summary_large_image","twitter_misc":{"Escrito por":"Miguel Antonio M\u00e1rquez Monta\u00f1ez","Tiempo de lectura":"13 minutos"},"schema":{"@context":"https:\/\/schema.org","@graph":[{"@type":"Article","@id":"https:\/\/contadoreshoy.com\/?p=5758#article","isPartOf":{"@id":"https:\/\/contadoreshoy.com\/?p=5758"},"author":{"name":"Miguel Antonio M\u00e1rquez Monta\u00f1ez","@id":"https:\/\/contadoreshoy.com\/#\/schema\/person\/96d8979cb865537c5dc9345e40089fc5"},"headline":"Condiciones de trabajo de las personas privadas de la libertad","datePublished":"2015-09-07T03:32:38+00:00","dateModified":"2017-02-05T03:01:11+00:00","mainEntityOfPage":{"@id":"https:\/\/contadoreshoy.com\/?p=5758"},"wordCount":2563,"publisher":{"@id":"https:\/\/contadoreshoy.com\/#organization"},"image":{"@id":"https:\/\/contadoreshoy.com\/?p=5758#primaryimage"},"thumbnailUrl":"https:\/\/contadoreshoy.com\/wp-content\/uploads\/2015\/09\/reo-trabajando2.jpg","articleSection":["Conceptos y Oficios DIAN"],"inLanguage":"es"},{"@type":"WebPage","@id":"https:\/\/contadoreshoy.com\/?p=5758","url":"https:\/\/contadoreshoy.com\/?p=5758","name":"Condiciones de trabajo de las personas privadas de la libertad - Contadores P\u00fablicos","isPartOf":{"@id":"https:\/\/contadoreshoy.com\/#website"},"primaryImageOfPage":{"@id":"https:\/\/contadoreshoy.com\/?p=5758#primaryimage"},"image":{"@id":"https:\/\/contadoreshoy.com\/?p=5758#primaryimage"},"thumbnailUrl":"https:\/\/contadoreshoy.com\/wp-content\/uploads\/2015\/09\/reo-trabajando2.jpg","datePublished":"2015-09-07T03:32:38+00:00","dateModified":"2017-02-05T03:01:11+00:00","breadcrumb":{"@id":"https:\/\/contadoreshoy.com\/?p=5758#breadcrumb"},"inLanguage":"es","potentialAction":[{"@type":"ReadAction","target":["https:\/\/contadoreshoy.com\/?p=5758"]}]},{"@type":"ImageObject","inLanguage":"es","@id":"https:\/\/contadoreshoy.com\/?p=5758#primaryimage","url":"https:\/\/contadoreshoy.com\/wp-content\/uploads\/2015\/09\/reo-trabajando2.jpg","contentUrl":"https:\/\/contadoreshoy.com\/wp-content\/uploads\/2015\/09\/reo-trabajando2.jpg","width":383,"height":250},{"@type":"BreadcrumbList","@id":"https:\/\/contadoreshoy.com\/?p=5758#breadcrumb","itemListElement":[{"@type":"ListItem","position":1,"name":"Portada","item":"https:\/\/contadoreshoy.com\/"},{"@type":"ListItem","position":2,"name":"Condiciones de trabajo de las personas privadas de la libertad"}]},{"@type":"WebSite","@id":"https:\/\/contadoreshoy.com\/#website","url":"https:\/\/contadoreshoy.com\/","name":"Contadorespublicossantander","description":"Portal para Contadores P\u00fablicos y empresarios","publisher":{"@id":"https:\/\/contadoreshoy.com\/#organization"},"potentialAction":[{"@type":"SearchAction","target":{"@type":"EntryPoint","urlTemplate":"https:\/\/contadoreshoy.com\/?s={search_term_string}"},"query-input":{"@type":"PropertyValueSpecification","valueRequired":true,"valueName":"search_term_string"}}],"inLanguage":"es"},{"@type":"Organization","@id":"https:\/\/contadoreshoy.com\/#organization","name":"Contadores P\u00fablicos de Santander","url":"https:\/\/contadoreshoy.com\/","logo":{"@type":"ImageObject","inLanguage":"es","@id":"https:\/\/contadoreshoy.com\/#\/schema\/logo\/image\/","url":"https:\/\/contadoreshoy.com\/wp-content\/uploads\/2024\/01\/cropped-cropped-Copia-de-M-1.jpg","contentUrl":"https:\/\/contadoreshoy.com\/wp-content\/uploads\/2024\/01\/cropped-cropped-Copia-de-M-1.jpg","width":499,"height":500,"caption":"Contadores P\u00fablicos de Santander"},"image":{"@id":"https:\/\/contadoreshoy.com\/#\/schema\/logo\/image\/"},"sameAs":["https:\/\/www.facebook.com\/CCCPBucaramanga\/"]},{"@type":"Person","@id":"https:\/\/contadoreshoy.com\/#\/schema\/person\/96d8979cb865537c5dc9345e40089fc5","name":"Miguel Antonio M\u00e1rquez Monta\u00f1ez","description":"Contador P\u00fablico egresado de la Universidad Aut\u00f3noma de Bucaramanga - Asesor contable tributario con m\u00e1s de 25 a\u00f1os de experiencia - Conferencista en temas contables y tributarios - T\u00e9cnico en Hardware y Dise\u00f1o Web - Creador y director Grupo de Estudio Colegio Colombiano de Contadores P\u00fablicos de Bucaramanga - Creador y Master Web p\u00e1gina www.contadoresp\u00fablicossantander.com - Expresidente Colegio Colombiano de Contadores P\u00fablicos Bucaramanga","url":"https:\/\/contadoreshoy.com\/?author=1"}]}},"_links":{"self":[{"href":"https:\/\/contadoreshoy.com\/index.php?rest_route=\/wp\/v2\/posts\/5758","targetHints":{"allow":["GET"]}}],"collection":[{"href":"https:\/\/contadoreshoy.com\/index.php?rest_route=\/wp\/v2\/posts"}],"about":[{"href":"https:\/\/contadoreshoy.com\/index.php?rest_route=\/wp\/v2\/types\/post"}],"author":[{"embeddable":true,"href":"https:\/\/contadoreshoy.com\/index.php?rest_route=\/wp\/v2\/users\/1"}],"replies":[{"embeddable":true,"href":"https:\/\/contadoreshoy.com\/index.php?rest_route=%2Fwp%2Fv2%2Fcomments&post=5758"}],"version-history":[{"count":1,"href":"https:\/\/contadoreshoy.com\/index.php?rest_route=\/wp\/v2\/posts\/5758\/revisions"}],"predecessor-version":[{"id":8076,"href":"https:\/\/contadoreshoy.com\/index.php?rest_route=\/wp\/v2\/posts\/5758\/revisions\/8076"}],"wp:featuredmedia":[{"embeddable":true,"href":"https:\/\/contadoreshoy.com\/index.php?rest_route=\/wp\/v2\/media\/5759"}],"wp:attachment":[{"href":"https:\/\/contadoreshoy.com\/index.php?rest_route=%2Fwp%2Fv2%2Fmedia&parent=5758"}],"wp:term":[{"taxonomy":"category","embeddable":true,"href":"https:\/\/contadoreshoy.com\/index.php?rest_route=%2Fwp%2Fv2%2Fcategories&post=5758"},{"taxonomy":"post_tag","embeddable":true,"href":"https:\/\/contadoreshoy.com\/index.php?rest_route=%2Fwp%2Fv2%2Ftags&post=5758"}],"curies":[{"name":"wp","href":"https:\/\/api.w.org\/{rel}","templated":true}]}}