{"id":5802,"date":"2015-09-09T21:40:59","date_gmt":"2015-09-10T02:40:59","guid":{"rendered":"http:\/\/colegiocolombianodecontadores.com\/?p=5802"},"modified":"2017-02-04T22:00:57","modified_gmt":"2017-02-05T03:00:57","slug":"exclusion-iva-sobre-importacion-de-bienes-donados","status":"publish","type":"post","link":"https:\/\/contadoreshoy.com\/?p=5802","title":{"rendered":"Exclusi\u00f3n IVA sobre importaci\u00f3n de bienes donados"},"content":{"rendered":"<h1>DIAN<\/h1>\n<p><strong>OFICIO N\u00daMERO 000901 DE 2015<\/strong><\/p>\n<p>(julio 21)<\/p>\n<p>Subdirecci\u00f3n de Gesti\u00f3n Normativa y Doctrina<\/p>\n<p>Bogot\u00e1, D. C., 21 de julio de 2015<\/p>\n<p>100202211- 00901 Bogot\u00e1, D. C.<\/p>\n<p>&nbsp;<\/p>\n<p><strong>Referencia<\/strong>: Radicado 100202211- 292 del 05\/06\/2015<\/p>\n<p>&nbsp;<\/p>\n<p>Cordial saludo, doctor Sicard:<\/p>\n<p>&nbsp;<\/p>\n<p style=\"text-align: justify;\">De conformidad con el art\u00edculo 20 del Decreto n\u00famero 4048 de 2008, es funci\u00f3n de este Despacho absolver las consultas escritas que se formulen sobre interpretaci\u00f3n y aplicaci\u00f3n de las normas tributarias de car\u00e1cter nacional, aduaneras y cambiarias en lo de competencia de la Direcci\u00f3n de Impuestos y Aduanas Nacionales.<\/p>\n<p style=\"text-align: justify;\"><span style=\"color: #0000ff;\">Mediante el Oficio de la referencia se consulta acerca de la exclusi\u00f3n del impuesto sobre las ventas para las importaciones <u>de bienes y equipos donados a favor de entidades<\/u> <u>sin \u00e1nimo de lucro<\/u>, <strong>que trata el art\u00edculo 480 del Estatuto Tributario y el art\u00edculo 13 del Decreto n\u00famero 4400 de 2004<\/strong>.<\/span><\/p>\n<p style=\"text-align: justify;\">En primer lugar se debe precisar que los requisitos se\u00f1alados en el art\u00edculo 480 del Estatuto Tributario para la <strong>exclusi\u00f3n del impuesto sobre las ventas en las importaciones<\/strong> de bienes y equipos donados con los fines previstos en el art\u00edculo 480 del Estatuto Tributario, son diferentes a los requisitos exigidos por el art\u00edculo 428 ib\u00eddem para las <strong>importaciones que no causan el impuesto sobre las venta y<\/strong><em>, <\/em>se aplican de manera independiente, seg\u00fan el caso, a solicitud del importador.<\/p>\n<p style=\"text-align: justify;\"><span style=\"color: #ff9900;\">Realizada la aclaraci\u00f3n anterior, se tiene que el art\u00edculo 480 del Estatuto Tributario, dispone:<\/span><\/p>\n<p style=\"text-align: justify;\"><span style=\"color: #ff9900;\">\u201c<strong><em>Bienes Donados Exentos del Impuesto sobre las Ventas<\/em><\/strong><em>. Estar\u00e1n excluidos del impuesto sobre las ventas las importaciones de bienes y equipos destinados al deporte, a la salud, a la investigaci\u00f3n cient\u00edfica y tecnol\u00f3gica, y a la educaci\u00f3n, donados a favor de entidades oficiales o sin \u00e1nimo de lucro, por personas o entidades nacionales o por entidades, personas o gobiernos extranjeros,<strong> siempre y cuando obtengan calificaci\u00f3n favorable en el comit\u00e9 previsto en el art\u00edculo <u>362<\/u><\/strong>. As\u00ed mismo, estar\u00e1n excluidas del impuesto las importaciones de los bienes y equipos para la seguridad nacional con destino a la Fuerza P\u00fablica.<\/em><\/span><\/p>\n<p style=\"text-align: justify;\"><span style=\"color: #ff9900;\"><em>Tambi\u00e9n est\u00e1 excluida del impuesto sobre las ventas, la importaci\u00f3n de bienes y equipos que se efect\u00faen en desarrollo de convenios, tratados, acuerdos internacionales e interinstitucionales o proyectos de cooperaci\u00f3n, donados a favor del Gobierno nacional o entidades de derecho p\u00fablico del orden nacional por personas naturales o jur\u00eddicas, organismos multilaterales o gobiernos extranjeros, seg\u00fan reglamento que expida el Gobierno nacional.<\/em><\/span><\/p>\n<p style=\"text-align: justify;\"><em>Par\u00e1grafo. <strong>La calificaci\u00f3n de que trata este art\u00edculo, no se aplicar\u00e1 para las Entidades Oficiales<\/strong>\u201d.<\/em><\/p>\n<p style=\"text-align: justify;\">De otra parte, el art\u00edculo 13 del Decreto n\u00famero 4400 de 2004, se\u00f1al\u00f3:<\/p>\n<p style=\"text-align: justify;\"><span style=\"color: #ff9900;\"><em>\u201c<strong>Bienes Donados Excluidos del IVA<\/strong>. Para efectos de la exclusi\u00f3n del impuesto sobre las ventas de los bienes de que trata el art\u00edculo 480 del Estatuto Tributario, las entidades sin \u00e1nimo de lucro beneficiarias de las donaciones deber\u00e1n solicitarla al Comit\u00e9 de Entidades Sin \u00c1nimo de Lucro. La solicitud se deber\u00e1 tramitar a trav\u00e9s de la Subdirecci\u00f3n de Fiscalizaci\u00f3n Tributaria de la Direcci\u00f3n de Impuestos y Aduanas Nacionales, o la dependencia que haga sus veces, para lo cual deber\u00e1n anexar los siguientes documentos: (&#8230;)<\/em><\/span><\/p>\n<p style=\"text-align: justify;\"><span style=\"color: #ff9900;\"><em>El Comit\u00e9 de Entidades Sin \u00c1nimo de Lucro, expedir\u00e1 Resoluci\u00f3n sobre la procedencia o no de la exoneraci\u00f3n del IVA para el bien importado con destino a ser donado, contra la cual proceden los recursos de reposici\u00f3n y apelaci\u00f3n previstos en el C\u00f3digo Contencioso Administrativo.<\/em><\/span><\/p>\n<p style=\"text-align: justify;\"><strong><em>La Resoluci\u00f3n expedida por el Comit\u00e9 de Entidades Sin \u00c1nimo de Lucro, deber\u00e1 presentarse al momento de legalizar el proceso de importaci\u00f3n y conservarse como documento soporte de la declaraci\u00f3n de importaci\u00f3n.<\/em><\/strong><\/p>\n<p style=\"text-align: justify;\"><em>Par\u00e1grafo 1\u00b0. En los certificados a que se refieren los literales b) y c) se deber\u00e1n describir las caracter\u00edsticas, funcionalidad y valor en pesos colombianos del bien, a la fecha de presentaci\u00f3n de la petici\u00f3n.<\/em><\/p>\n<p style=\"text-align: justify;\"><em>Par\u00e1grafo 2\u00b0. La calificaci\u00f3n expedida por el Comit\u00e9 de Entidades sin \u00c1nimo de Lucro, se otorgar\u00e1 sin perjuicio de la verificaci\u00f3n posterior que pueda adelantar la Administraci\u00f3n de Impuestos y Aduanas Nacionales\u201d.<\/em><\/p>\n<p style=\"text-align: justify;\">Se consulta:<\/p>\n<ol style=\"text-align: justify;\">\n<li><span style=\"color: #0000ff;\">\u00bf<em>C\u00f3mo debe entenderse la expresi\u00f3n \u201clegalizar el proceso de importaci\u00f3n\u201d contenida en el art\u00edculo 13 del Decreto n\u00famero 4400 de 2004, y si, esa legalizaci\u00f3n incluye cualquier modalidad de importaci\u00f3n<\/em>?<\/span><\/li>\n<\/ol>\n<p style=\"text-align: justify;\"><span style=\"color: #ff9900;\">El art\u00edculo 480 del Estatuto Tributario establece el beneficio de la exclusi\u00f3n del impuesto sobre las ventas para la importaci\u00f3n de bienes donados a entidades oficiales o sin \u00e1nimo de lucro, la exenci\u00f3n para dichas importaciones est\u00e1 condicionada a la calificaci\u00f3n favorable que expida del Comit\u00e9 de entidades sin \u00e1nimo de lucro; regulado mediante el art\u00edculo 13 del Decreto n\u00famero 4400 de 2004, en el cual se estableci\u00f3 que la solicitud de la calificaci\u00f3n debe tramitarse a trav\u00e9s de la Subdirecci\u00f3n de Fiscalizaci\u00f3n Tributaria de la Direcci\u00f3n de Impuestos y Aduanas Nacionales, y se precisaron los documentos que deben anexar.<\/span><\/p>\n<p style=\"text-align: justify;\">As\u00ed mismo,<span style=\"color: #ff9900;\"> el Comit\u00e9 de Entidades Sin \u00c1nimo de Lucro expedir\u00e1 resoluci\u00f3n sobre la procedencia o no de la exoneraci\u00f3n del IVA para el bien importado materia de donaci\u00f3n, la que <\/span><em><span style=\"color: #ff9900;\">\u201cdeber\u00e1 presentarse al momento de legalizar el proceso de importaci\u00f3n y conservarse como documento soporte de la declaraci\u00f3n de importaci\u00f3n<\/span>\u201d. <\/em>Este \u00faltimo aparte de la norma, que resaltamos, est\u00e1 relacionado con la presentaci\u00f3n de la resoluci\u00f3n que expide el Comit\u00e9 de Entidades Sin \u00c1nimo de Lucro al momento de la presentaci\u00f3n y aceptaci\u00f3n de la declaraci\u00f3n de importaci\u00f3n del bien donado, la cual debe conservarse como documento soporte de la importaci\u00f3n, acorde con el art\u00edculo 121 del Decreto n\u00famero 2685 de 1999.<\/p>\n<p style=\"text-align: justify;\">En tal sentido se puede concluir que para obtener el beneficio de la exclusi\u00f3n del impuesto sobre las ventas para la importaci\u00f3n de bienes donados a entidades sin \u00e1nimo de lucro, la expresi\u00f3n \u201clegalizar el proceso de importaci\u00f3n\u201d que se refiere en el contexto del art\u00edculo 13 del Decreto n\u00famero 4400 de 2004, se debe entender como, el cumplimiento de las formalidades (legalizar) que correspondan a las modalidades de importaci\u00f3n establecidas en el Decreto n\u00famero 2685 de 1999.<\/p>\n<ol style=\"text-align: justify;\" start=\"2\">\n<li><span style=\"color: #0000ff;\">\u00bf<em>En una \u201cimportaci\u00f3n temporal\u201d realizada por una entidad sin \u00e1nimo de lucro, es exigible la resoluci\u00f3n expedida por el Comit\u00e9, que otorga la exenci\u00f3n de IVA?<\/em><\/span><\/li>\n<\/ol>\n<p style=\"text-align: justify;\"><span style=\"color: #000000;\">Sobre el particular, conviene se\u00f1alar que el art\u00edculo 142 del Decreto n\u00famero 2685 de 1999 establece que la importaci\u00f3n temporal para reexportaci\u00f3n en el mismo estado, es la importaci\u00f3n al territorio aduanero nacional, <strong>con suspensi\u00f3n de tributos aduaneros<\/strong>, de determinadas mercanc\u00edas destinadas a la reexportaci\u00f3n en un plazo se\u00f1alado, sin haber experimentado modificaci\u00f3n alguna, con excepci\u00f3n de la depreciaci\u00f3n normal originada en el uso que de ellas se haga, y con base en la cual su disposici\u00f3n quedar\u00e1 restringida.<\/span><\/p>\n<p style=\"text-align: justify;\"><span style=\"color: #000000;\">Conforme al marco normativo establecido para la importaci\u00f3n temporal, se puede inferir, que no es razonable que las entidades oficiales o sin \u00e1nimo de lucro requieran para este tipo de importaci\u00f3n, la calificaci\u00f3n para establecer la procedencia o no de la exoneraci\u00f3n del IVA; toda vez, que:<\/span><\/p>\n<ol style=\"text-align: justify;\">\n<li>Las normas relacionadas para las importaciones temporales no exige dicha resoluci\u00f3n,<\/li>\n<li>En el r\u00e9gimen de importaci\u00f3n temporal, se requiere diligenciar la declaraci\u00f3n de importaci\u00f3n con la liquidaci\u00f3n de los tributos aduaneros respectivos a las tarifas vigentes a la fecha de presentaci\u00f3n de la declaraci\u00f3n, <strong>pero dichos tributos aduaneros no se pagar\u00e1n con la declaraci\u00f3n<\/strong>, ni posteriormente, siempre que los bienes importados temporalmente sean reexportados dentro del plazo se\u00f1alado.<\/li>\n<\/ol>\n<p style=\"text-align: justify;\"><span style=\"color: #ff9900;\">Conforme lo expuesto, se concluye que las importaciones temporales realizadas por las entidades Oficiales o sin \u00e1nimo de lucro de bienes donados en los t\u00e9rminos del art\u00edculo 480 del Estatuto Tributario, no requieren documento distinto a los se\u00f1alados en el marco normativo para dicha modalidad.<\/span><\/p>\n<ol style=\"text-align: justify;\" start=\"3\">\n<li><span style=\"color: #0000ff;\">\u00bf<em>Es viable que el Comit\u00e9 de Entidades Sin \u00c1nimo de Lucro con el cumplimiento de los par\u00e1metros legales [art\u00edculo 480 del E. T., reglamentado por el art\u00edculo 13 del Decreto n\u00famero 4400 de 2004], exonere del impuesto sobre las ventas a una entidad sin \u00e1nimo de lucro que realiz\u00f3 una importaci\u00f3n temporal de bienes o equipos y pretende presentar la resoluci\u00f3n que dicho comit\u00e9 expide, para cambiar su modalidad a una importaci\u00f3n ordinaria, sin el pago del impuesto sobre las ventas?<\/em><\/span><\/li>\n<\/ol>\n<p style=\"text-align: justify;\">Siendo consecuente con lo expuesto en los puntos anteriores, es viable que el Comit\u00e9 de Entidades Sin \u00c1nimo de Lucro exonere a las entidades sin \u00e1nimo de lucro del pago del IVA de aquellos bienes recibidos en donaci\u00f3n siempre que cumplan los requisitos legales exigidos en los t\u00e9rminos del art\u00edculo 480 \u00edbidem.<\/p>\n<p style=\"text-align: justify;\">Ahora conviene referirnos a la terminaci\u00f3n de la modalidad temporal; sobre este particular, el art\u00edculo 156 del Decreto n\u00famero 2685 de 1999, consagra entre otros eventos la importaci\u00f3n ordinaria o con franquicia, en los siguientes t\u00e9rminos:<\/p>\n<p style=\"text-align: justify;\"><em>\u201cTerminaci\u00f3n de la Importaci\u00f3n Temporal. La importaci\u00f3n temporal se termina con: (&#8230;) b) La importaci\u00f3n ordinaria o con franquicia, si a esta \u00faltima hubiere lugar; (&#8230;)<\/em>\u201d<\/p>\n<p style=\"text-align: justify;\"><span style=\"color: #ff9900;\">En los supuestos f\u00e1cticos, que un bien o equipo de los que trata el art\u00edculo 480 del Estatuto Tributario se encuentre en importaci\u00f3n temporal y el mismo sea objeto de donaci\u00f3n a una entidad sin \u00e1nimo de lucro, o el bien y el equipo donado se encuentre importado temporalmente por ellas mismas, es viable que estas \u2013entidades\u2013 presenten la solicitud de la calificaci\u00f3n ante la Subdirecci\u00f3n de Fiscalizaci\u00f3n Tributaria de la Direcci\u00f3n de Impuestos y Aduanas Nacionales a fin, que el Comit\u00e9 de Entidades Sin \u00c1nimo de Lucro previo el cumplimiento de los requisitos exigidos por el art\u00edculo 13 del Decreto n\u00famero 4400 de 2004, se pronuncie por resoluci\u00f3n sobre la procedencia o no de la exoneraci\u00f3n del IVA para el bien o equipo objeto de la donaci\u00f3n importado temporalmente.<\/span><\/p>\n<p style=\"text-align: justify;\">Siendo procedente la exclusi\u00f3n del impuesto sobre las ventas, es viable que la entidad sin \u00e1nimo de lucro finalice la importaci\u00f3n temporal conforme lo establece el literal b) del art\u00edculo 156 del Decreto n\u00famero 2685 de 1999, debiendo conserve la resoluci\u00f3n como documento soporte de la importaci\u00f3n con exenci\u00f3n del impuesto sobre las ventas.<\/p>\n<p style=\"text-align: justify;\">En los anteriores t\u00e9rminos se resuelve su consulta y cordialmente le informamos que tanto la normatividad en materia tributaria, aduanera y cambiaria, como los conceptos emitidos por la Direcci\u00f3n de Gesti\u00f3n Jur\u00eddica en estas materias pueden consultarse directamente en nuestra base de datos jur\u00eddica ingresando a la p\u00e1gina electr\u00f3nica de la DIAN: www.dian. gov.co siguiendo los \u00edconos: \u201cNormatividad\u201d \u2013 \u201ct\u00e9cnica\u201d y seleccionando los v\u00ednculos \u201cDoctrina\u201d y \u201cDirecci\u00f3n de Gesti\u00f3n Jur\u00eddica\u201d.<\/p>\n<p style=\"text-align: justify;\">Atentamente,<\/p>\n<p style=\"text-align: justify;\">El Subdirector de Gesti\u00f3n Normativa y Doctrina (e),<\/p>\n<p style=\"text-align: justify;\"><em>Pedro Pablo Contreras Camargo.<\/em><\/p>\n<p style=\"text-align: justify;\"><strong>(C. F.).<\/strong><\/p>\n","protected":false},"excerpt":{"rendered":"<p>DIAN OFICIO N\u00daMERO 000901 DE 2015 (julio 21) Subdirecci\u00f3n de Gesti\u00f3n Normativa y Doctrina Bogot\u00e1, D. C., 21 de julio de 2015 100202211- 00901 Bogot\u00e1, D. C. &nbsp; Referencia: Radicado&#46;&#46;&#46;<\/p>\n","protected":false},"author":1,"featured_media":5789,"comment_status":"open","ping_status":"open","sticky":false,"template":"","format":"standard","meta":{"_monsterinsights_skip_tracking":false,"ngg_post_thumbnail":0,"footnotes":"","_links_to":"","_links_to_target":""},"categories":[456],"tags":[],"class_list":["post-5802","post","type-post","status-publish","format-standard","has-post-thumbnail","hentry","category-conceptos-y-oficios-dian"],"aioseo_notices":[],"aioseo_head":"\n\t\t<!-- All in One SEO 5.0.1.1 - aioseo.com -->\n\t<meta name=\"description\" content=\"DIAN OFICIO N\u00daMERO 000901 DE 2015 (julio 21) Subdirecci\u00f3n de Gesti\u00f3n Normativa y Doctrina Bogot\u00e1, D. C., 21 de julio de 2015 100202211- 00901 Bogot\u00e1, D. C. Referencia: Radicado 100202211- 292 del 05\/06\/2015 Cordial saludo, doctor Sicard: De conformidad con el art\u00edculo 20 del Decreto n\u00famero 4048 de 2008, es funci\u00f3n de\" \/>\n\t<meta name=\"robots\" content=\"max-image-preview:large\" \/>\n\t<meta name=\"author\" content=\"Miguel Antonio M\u00e1rquez Monta\u00f1ez\"\/>\n\t<link rel=\"canonical\" href=\"https:\/\/contadoreshoy.com\/?p=5802\" \/>\n\t<meta name=\"generator\" content=\"All in One SEO (AIOSEO) 5.0.1.1\" \/>\n\t\t<meta property=\"og:locale\" content=\"es_ES\" \/>\n\t\t<meta property=\"og:site_name\" content=\"Contadores P\u00fablicos - Portal para Contadores P\u00fablicos y empresarios\" \/>\n\t\t<meta property=\"og:type\" content=\"article\" \/>\n\t\t<meta property=\"og:title\" content=\"Exclusi\u00f3n IVA sobre importaci\u00f3n de bienes donados - Contadores P\u00fablicos\" \/>\n\t\t<meta property=\"og:description\" content=\"DIAN OFICIO N\u00daMERO 000901 DE 2015 (julio 21) Subdirecci\u00f3n de Gesti\u00f3n Normativa y Doctrina Bogot\u00e1, D. C., 21 de julio de 2015 100202211- 00901 Bogot\u00e1, D. C. Referencia: Radicado 100202211- 292 del 05\/06\/2015 Cordial saludo, doctor Sicard: De conformidad con el art\u00edculo 20 del Decreto n\u00famero 4048 de 2008, es funci\u00f3n de\" \/>\n\t\t<meta property=\"og:url\" content=\"https:\/\/contadoreshoy.com\/?p=5802\" \/>\n\t\t<meta property=\"og:image\" content=\"https:\/\/contadoreshoy.com\/wp-content\/uploads\/2024\/01\/cropped-cropped-cropped-Copia-de-M.jpg\" \/>\n\t\t<meta property=\"og:image:secure_url\" content=\"https:\/\/contadoreshoy.com\/wp-content\/uploads\/2024\/01\/cropped-cropped-cropped-Copia-de-M.jpg\" \/>\n\t\t<meta property=\"og:image:width\" content=\"512\" \/>\n\t\t<meta property=\"og:image:height\" content=\"371\" \/>\n\t\t<meta property=\"article:published_time\" content=\"2015-09-10T02:40:59+00:00\" \/>\n\t\t<meta property=\"article:modified_time\" content=\"2017-02-05T03:00:57+00:00\" \/>\n\t\t<meta name=\"twitter:card\" content=\"summary_large_image\" \/>\n\t\t<meta name=\"twitter:title\" content=\"Exclusi\u00f3n IVA sobre importaci\u00f3n de bienes donados - Contadores P\u00fablicos\" \/>\n\t\t<meta name=\"twitter:description\" content=\"DIAN OFICIO N\u00daMERO 000901 DE 2015 (julio 21) Subdirecci\u00f3n de Gesti\u00f3n Normativa y Doctrina Bogot\u00e1, D. C., 21 de julio de 2015 100202211- 00901 Bogot\u00e1, D. C. Referencia: Radicado 100202211- 292 del 05\/06\/2015 Cordial saludo, doctor Sicard: De conformidad con el art\u00edculo 20 del Decreto n\u00famero 4048 de 2008, es funci\u00f3n de\" \/>\n\t\t<meta name=\"twitter:image\" content=\"https:\/\/contadoreshoy.com\/wp-content\/uploads\/2024\/01\/cropped-cropped-cropped-Copia-de-M.jpg\" \/>\n\t\t<script type=\"application\/ld+json\" class=\"aioseo-schema\">\n\t\t\t{\"@context\":\"https:\\\/\\\/schema.org\",\"@graph\":[{\"@type\":\"BlogPosting\",\"@id\":\"https:\\\/\\\/contadoreshoy.com\\\/?p=5802#blogposting\",\"name\":\"Exclusi\\u00f3n IVA sobre importaci\\u00f3n de bienes donados - Contadores P\\u00fablicos\",\"headline\":\"Exclusi\\u00f3n IVA sobre importaci\\u00f3n de bienes donados\",\"author\":{\"@id\":\"https:\\\/\\\/contadoreshoy.com\\\/?author=1#author\"},\"publisher\":{\"@id\":\"https:\\\/\\\/contadoreshoy.com\\\/#organization\"},\"image\":{\"@type\":\"ImageObject\",\"url\":\"https:\\\/\\\/contadoreshoy.com\\\/wp-content\\\/uploads\\\/2015\\\/09\\\/Importaciones.jpg\",\"width\":400,\"height\":300},\"datePublished\":\"2015-09-09T21:40:59-05:00\",\"dateModified\":\"2017-02-04T22:00:57-05:00\",\"inLanguage\":\"es-ES\",\"mainEntityOfPage\":{\"@id\":\"https:\\\/\\\/contadoreshoy.com\\\/?p=5802#webpage\"},\"isPartOf\":{\"@id\":\"https:\\\/\\\/contadoreshoy.com\\\/?p=5802#webpage\"},\"articleSection\":\"Conceptos y Oficios DIAN\"},{\"@type\":\"BreadcrumbList\",\"@id\":\"https:\\\/\\\/contadoreshoy.com\\\/?p=5802#breadcrumblist\",\"itemListElement\":[{\"@type\":\"ListItem\",\"@id\":\"https:\\\/\\\/contadoreshoy.com#listItem\",\"position\":1,\"name\":\"Home\",\"item\":\"https:\\\/\\\/contadoreshoy.com\",\"nextItem\":{\"@type\":\"ListItem\",\"@id\":\"https:\\\/\\\/contadoreshoy.com\\\/?cat=456#listItem\",\"name\":\"Conceptos y Oficios DIAN\"}},{\"@type\":\"ListItem\",\"@id\":\"https:\\\/\\\/contadoreshoy.com\\\/?cat=456#listItem\",\"position\":2,\"name\":\"Conceptos y Oficios DIAN\",\"item\":\"https:\\\/\\\/contadoreshoy.com\\\/?cat=456\",\"nextItem\":{\"@type\":\"ListItem\",\"@id\":\"https:\\\/\\\/contadoreshoy.com\\\/?p=5802#listItem\",\"name\":\"Exclusi\\u00f3n IVA sobre importaci\\u00f3n de bienes donados\"},\"previousItem\":{\"@type\":\"ListItem\",\"@id\":\"https:\\\/\\\/contadoreshoy.com#listItem\",\"name\":\"Home\"}},{\"@type\":\"ListItem\",\"@id\":\"https:\\\/\\\/contadoreshoy.com\\\/?p=5802#listItem\",\"position\":3,\"name\":\"Exclusi\\u00f3n IVA sobre importaci\\u00f3n de bienes donados\",\"previousItem\":{\"@type\":\"ListItem\",\"@id\":\"https:\\\/\\\/contadoreshoy.com\\\/?cat=456#listItem\",\"name\":\"Conceptos y Oficios DIAN\"}}]},{\"@type\":\"Organization\",\"@id\":\"https:\\\/\\\/contadoreshoy.com\\\/#organization\",\"name\":\"Contadores P\\u00fablicos\",\"description\":\"Portal para Contadores P\\u00fablicos y empresarios\",\"url\":\"https:\\\/\\\/contadoreshoy.com\\\/\",\"logo\":{\"@type\":\"ImageObject\",\"url\":\"https:\\\/\\\/contadoreshoy.com\\\/wp-content\\\/uploads\\\/2024\\\/01\\\/cropped-cropped-Copia-de-M-1.jpg\",\"@id\":\"https:\\\/\\\/contadoreshoy.com\\\/?p=5802\\\/#organizationLogo\",\"width\":499,\"height\":500},\"image\":{\"@id\":\"https:\\\/\\\/contadoreshoy.com\\\/?p=5802\\\/#organizationLogo\"}},{\"@type\":\"Person\",\"@id\":\"https:\\\/\\\/contadoreshoy.com\\\/?author=1#author\",\"url\":\"https:\\\/\\\/contadoreshoy.com\\\/?author=1\",\"name\":\"Miguel Antonio M\\u00e1rquez Monta\\u00f1ez\"},{\"@type\":\"WebPage\",\"@id\":\"https:\\\/\\\/contadoreshoy.com\\\/?p=5802#webpage\",\"url\":\"https:\\\/\\\/contadoreshoy.com\\\/?p=5802\",\"name\":\"Exclusi\\u00f3n IVA sobre importaci\\u00f3n de bienes donados - Contadores P\\u00fablicos\",\"description\":\"DIAN OFICIO N\\u00daMERO 000901 DE 2015 (julio 21) Subdirecci\\u00f3n de Gesti\\u00f3n Normativa y Doctrina Bogot\\u00e1, D. C., 21 de julio de 2015 100202211- 00901 Bogot\\u00e1, D. C. Referencia: Radicado 100202211- 292 del 05\\\/06\\\/2015 Cordial saludo, doctor Sicard: De conformidad con el art\\u00edculo 20 del Decreto n\\u00famero 4048 de 2008, es funci\\u00f3n de\",\"inLanguage\":\"es-ES\",\"isPartOf\":{\"@id\":\"https:\\\/\\\/contadoreshoy.com\\\/#website\"},\"breadcrumb\":{\"@id\":\"https:\\\/\\\/contadoreshoy.com\\\/?p=5802#breadcrumblist\"},\"author\":{\"@id\":\"https:\\\/\\\/contadoreshoy.com\\\/?author=1#author\"},\"creator\":{\"@id\":\"https:\\\/\\\/contadoreshoy.com\\\/?author=1#author\"},\"image\":{\"@type\":\"ImageObject\",\"url\":\"https:\\\/\\\/contadoreshoy.com\\\/wp-content\\\/uploads\\\/2015\\\/09\\\/Importaciones.jpg\",\"@id\":\"https:\\\/\\\/contadoreshoy.com\\\/?p=5802\\\/#mainImage\",\"width\":400,\"height\":300},\"primaryImageOfPage\":{\"@id\":\"https:\\\/\\\/contadoreshoy.com\\\/?p=5802#mainImage\"},\"datePublished\":\"2015-09-09T21:40:59-05:00\",\"dateModified\":\"2017-02-04T22:00:57-05:00\"},{\"@type\":\"WebSite\",\"@id\":\"https:\\\/\\\/contadoreshoy.com\\\/#website\",\"url\":\"https:\\\/\\\/contadoreshoy.com\\\/\",\"name\":\"Contadores P\\u00fablicos\",\"description\":\"Portal para Contadores P\\u00fablicos y empresarios\",\"inLanguage\":\"es-ES\",\"publisher\":{\"@id\":\"https:\\\/\\\/contadoreshoy.com\\\/#organization\"}}]}\n\t\t<\/script>\n\t\t<!-- All in One SEO -->\n\n","aioseo_head_json":{"title":"Exclusi\u00f3n IVA sobre importaci\u00f3n de bienes donados - Contadores P\u00fablicos","description":"DIAN OFICIO N\u00daMERO 000901 DE 2015 (julio 21) Subdirecci\u00f3n de Gesti\u00f3n Normativa y Doctrina Bogot\u00e1, D. C., 21 de julio de 2015 100202211- 00901 Bogot\u00e1, D. C. Referencia: Radicado 100202211- 292 del 05\/06\/2015 Cordial saludo, doctor Sicard: De conformidad con el art\u00edculo 20 del Decreto n\u00famero 4048 de 2008, es funci\u00f3n de","canonical_url":"https:\/\/contadoreshoy.com\/?p=5802","robots":"max-image-preview:large","keywords":"","webmasterTools":{"miscellaneous":""},"schema":{"@context":"https:\/\/schema.org","@graph":[{"@type":"BlogPosting","@id":"https:\/\/contadoreshoy.com\/?p=5802#blogposting","name":"Exclusi\u00f3n IVA sobre importaci\u00f3n de bienes donados - Contadores P\u00fablicos","headline":"Exclusi\u00f3n IVA sobre importaci\u00f3n de bienes donados","author":{"@id":"https:\/\/contadoreshoy.com\/?author=1#author"},"publisher":{"@id":"https:\/\/contadoreshoy.com\/#organization"},"image":{"@type":"ImageObject","url":"https:\/\/contadoreshoy.com\/wp-content\/uploads\/2015\/09\/Importaciones.jpg","width":400,"height":300},"datePublished":"2015-09-09T21:40:59-05:00","dateModified":"2017-02-04T22:00:57-05:00","inLanguage":"es-ES","mainEntityOfPage":{"@id":"https:\/\/contadoreshoy.com\/?p=5802#webpage"},"isPartOf":{"@id":"https:\/\/contadoreshoy.com\/?p=5802#webpage"},"articleSection":"Conceptos y Oficios DIAN"},{"@type":"BreadcrumbList","@id":"https:\/\/contadoreshoy.com\/?p=5802#breadcrumblist","itemListElement":[{"@type":"ListItem","@id":"https:\/\/contadoreshoy.com#listItem","position":1,"name":"Home","item":"https:\/\/contadoreshoy.com","nextItem":{"@type":"ListItem","@id":"https:\/\/contadoreshoy.com\/?cat=456#listItem","name":"Conceptos y Oficios DIAN"}},{"@type":"ListItem","@id":"https:\/\/contadoreshoy.com\/?cat=456#listItem","position":2,"name":"Conceptos y Oficios DIAN","item":"https:\/\/contadoreshoy.com\/?cat=456","nextItem":{"@type":"ListItem","@id":"https:\/\/contadoreshoy.com\/?p=5802#listItem","name":"Exclusi\u00f3n IVA sobre importaci\u00f3n de bienes donados"},"previousItem":{"@type":"ListItem","@id":"https:\/\/contadoreshoy.com#listItem","name":"Home"}},{"@type":"ListItem","@id":"https:\/\/contadoreshoy.com\/?p=5802#listItem","position":3,"name":"Exclusi\u00f3n IVA sobre importaci\u00f3n de bienes donados","previousItem":{"@type":"ListItem","@id":"https:\/\/contadoreshoy.com\/?cat=456#listItem","name":"Conceptos y Oficios DIAN"}}]},{"@type":"Organization","@id":"https:\/\/contadoreshoy.com\/#organization","name":"Contadores P\u00fablicos","description":"Portal para Contadores P\u00fablicos y empresarios","url":"https:\/\/contadoreshoy.com\/","logo":{"@type":"ImageObject","url":"https:\/\/contadoreshoy.com\/wp-content\/uploads\/2024\/01\/cropped-cropped-Copia-de-M-1.jpg","@id":"https:\/\/contadoreshoy.com\/?p=5802\/#organizationLogo","width":499,"height":500},"image":{"@id":"https:\/\/contadoreshoy.com\/?p=5802\/#organizationLogo"}},{"@type":"Person","@id":"https:\/\/contadoreshoy.com\/?author=1#author","url":"https:\/\/contadoreshoy.com\/?author=1","name":"Miguel Antonio M\u00e1rquez Monta\u00f1ez"},{"@type":"WebPage","@id":"https:\/\/contadoreshoy.com\/?p=5802#webpage","url":"https:\/\/contadoreshoy.com\/?p=5802","name":"Exclusi\u00f3n IVA sobre importaci\u00f3n de bienes donados - Contadores P\u00fablicos","description":"DIAN OFICIO N\u00daMERO 000901 DE 2015 (julio 21) Subdirecci\u00f3n de Gesti\u00f3n Normativa y Doctrina Bogot\u00e1, D. C., 21 de julio de 2015 100202211- 00901 Bogot\u00e1, D. C. Referencia: Radicado 100202211- 292 del 05\/06\/2015 Cordial saludo, doctor Sicard: De conformidad con el art\u00edculo 20 del Decreto n\u00famero 4048 de 2008, es funci\u00f3n de","inLanguage":"es-ES","isPartOf":{"@id":"https:\/\/contadoreshoy.com\/#website"},"breadcrumb":{"@id":"https:\/\/contadoreshoy.com\/?p=5802#breadcrumblist"},"author":{"@id":"https:\/\/contadoreshoy.com\/?author=1#author"},"creator":{"@id":"https:\/\/contadoreshoy.com\/?author=1#author"},"image":{"@type":"ImageObject","url":"https:\/\/contadoreshoy.com\/wp-content\/uploads\/2015\/09\/Importaciones.jpg","@id":"https:\/\/contadoreshoy.com\/?p=5802\/#mainImage","width":400,"height":300},"primaryImageOfPage":{"@id":"https:\/\/contadoreshoy.com\/?p=5802#mainImage"},"datePublished":"2015-09-09T21:40:59-05:00","dateModified":"2017-02-04T22:00:57-05:00"},{"@type":"WebSite","@id":"https:\/\/contadoreshoy.com\/#website","url":"https:\/\/contadoreshoy.com\/","name":"Contadores P\u00fablicos","description":"Portal para Contadores P\u00fablicos y empresarios","inLanguage":"es-ES","publisher":{"@id":"https:\/\/contadoreshoy.com\/#organization"}}]},"og:locale":"es_ES","og:site_name":"Contadores P\u00fablicos - Portal para Contadores P\u00fablicos y empresarios","og:type":"article","og:title":"Exclusi\u00f3n IVA sobre importaci\u00f3n de bienes donados - Contadores P\u00fablicos","og:description":"DIAN OFICIO N\u00daMERO 000901 DE 2015 (julio 21) Subdirecci\u00f3n de Gesti\u00f3n Normativa y Doctrina Bogot\u00e1, D. C., 21 de julio de 2015 100202211- 00901 Bogot\u00e1, D. C. Referencia: Radicado 100202211- 292 del 05\/06\/2015 Cordial saludo, doctor Sicard: De conformidad con el art\u00edculo 20 del Decreto n\u00famero 4048 de 2008, es funci\u00f3n de","og:url":"https:\/\/contadoreshoy.com\/?p=5802","og:image":"https:\/\/contadoreshoy.com\/wp-content\/uploads\/2024\/01\/cropped-cropped-cropped-Copia-de-M.jpg","og:image:secure_url":"https:\/\/contadoreshoy.com\/wp-content\/uploads\/2024\/01\/cropped-cropped-cropped-Copia-de-M.jpg","og:image:width":512,"og:image:height":371,"article:published_time":"2015-09-10T02:40:59+00:00","article:modified_time":"2017-02-05T03:00:57+00:00","twitter:card":"summary_large_image","twitter:title":"Exclusi\u00f3n IVA sobre importaci\u00f3n de bienes donados - Contadores P\u00fablicos","twitter:description":"DIAN OFICIO N\u00daMERO 000901 DE 2015 (julio 21) Subdirecci\u00f3n de Gesti\u00f3n Normativa y Doctrina Bogot\u00e1, D. C., 21 de julio de 2015 100202211- 00901 Bogot\u00e1, D. C. Referencia: Radicado 100202211- 292 del 05\/06\/2015 Cordial saludo, doctor Sicard: De conformidad con el art\u00edculo 20 del Decreto n\u00famero 4048 de 2008, es funci\u00f3n de","twitter:image":"https:\/\/contadoreshoy.com\/wp-content\/uploads\/2024\/01\/cropped-cropped-cropped-Copia-de-M.jpg"},"aioseo_meta_data":{"post_id":"5802","title":null,"description":null,"keywords":null,"keyphrases":null,"primary_term":null,"canonical_url":null,"og_title":null,"og_description":null,"og_object_type":"default","og_image_type":"default","og_image_url":null,"og_image_width":null,"og_image_height":null,"og_image_custom_url":null,"og_image_custom_fields":null,"og_video":null,"og_custom_url":null,"og_article_section":null,"og_article_tags":null,"twitter_use_og":false,"twitter_card":"default","twitter_image_type":"default","twitter_image_url":null,"twitter_image_custom_url":null,"twitter_image_custom_fields":null,"twitter_title":null,"twitter_description":null,"schema":{"blockGraphs":[],"customGraphs":[],"default":{"data":{"Article":[],"Course":[],"Dataset":[],"FAQPage":[],"Movie":[],"Person":[],"Product":[],"ProductReview":[],"Car":[],"Recipe":[],"Service":[],"SoftwareApplication":[],"WebPage":[]},"graphName":"","isEnabled":true},"graphs":[]},"schema_type":"default","schema_type_options":null,"pillar_content":false,"robots_default":true,"robots_noindex":false,"robots_noarchive":false,"robots_nosnippet":false,"robots_nofollow":false,"robots_noimageindex":false,"robots_noodp":false,"robots_notranslate":false,"robots_max_snippet":null,"robots_max_videopreview":null,"robots_max_imagepreview":"large","priority":null,"frequency":null,"local_seo":null,"breadcrumb_settings":null,"limit_modified_date":false,"ai":null,"created":"2024-03-05 01:07:26","updated":"2026-03-03 04:34:41","seo_analyzer_scan_date":null,"focus_keyword":null,"additional_keywords":null,"truseo_locale":null},"aioseo_breadcrumb":"<div class=\"aioseo-breadcrumbs\"><span class=\"aioseo-breadcrumb\">\n\t\t\t<a href=\"https:\/\/contadoreshoy.com\" title=\"Home\">Home<\/a>\n\t\t<\/span><span class=\"aioseo-breadcrumb-separator\">&raquo;<\/span><span class=\"aioseo-breadcrumb\">\n\t\t\t<a href=\"https:\/\/contadoreshoy.com\/?cat=456\" title=\"Conceptos y Oficios DIAN\">Conceptos y Oficios DIAN<\/a>\n\t\t<\/span><span class=\"aioseo-breadcrumb-separator\">&raquo;<\/span><span class=\"aioseo-breadcrumb\">\n\t\t\tExclusi\u00f3n IVA sobre importaci\u00f3n de bienes donados\n\t\t<\/span><\/div>","aioseo_breadcrumb_json":[{"label":"Home","link":"https:\/\/contadoreshoy.com"},{"label":"Conceptos y Oficios DIAN","link":"https:\/\/contadoreshoy.com\/?cat=456"},{"label":"Exclusi\u00f3n IVA sobre importaci\u00f3n de bienes donados","link":"https:\/\/contadoreshoy.com\/?p=5802"}],"yoast_head":"<!-- This site is optimized with the Yoast SEO plugin v28.4 - https:\/\/yoast.com\/product\/yoast-seo-wordpress\/ -->\n<title>Exclusi\u00f3n IVA sobre importaci\u00f3n de bienes donados - Contadores P\u00fablicos<\/title>\n<meta name=\"robots\" content=\"index, follow, max-snippet:-1, max-image-preview:large, max-video-preview:-1\" \/>\n<link rel=\"canonical\" href=\"https:\/\/contadoreshoy.com\/?p=5802\" \/>\n<meta property=\"og:locale\" content=\"es_ES\" \/>\n<meta property=\"og:type\" content=\"article\" \/>\n<meta property=\"og:title\" content=\"Exclusi\u00f3n IVA sobre importaci\u00f3n de bienes donados - Contadores P\u00fablicos\" \/>\n<meta property=\"og:description\" content=\"DIAN OFICIO N\u00daMERO 000901 DE 2015 (julio 21) Subdirecci\u00f3n de Gesti\u00f3n Normativa y Doctrina Bogot\u00e1, D. C., 21 de julio de 2015 100202211- 00901 Bogot\u00e1, D. C. &nbsp; Referencia: Radicado&#046;&#046;&#046;\" \/>\n<meta property=\"og:url\" content=\"https:\/\/contadoreshoy.com\/?p=5802\" \/>\n<meta property=\"og:site_name\" content=\"Contadores P\u00fablicos\" \/>\n<meta property=\"article:publisher\" content=\"https:\/\/www.facebook.com\/CCCPBucaramanga\/\" \/>\n<meta property=\"article:published_time\" content=\"2015-09-10T02:40:59+00:00\" \/>\n<meta property=\"article:modified_time\" content=\"2017-02-05T03:00:57+00:00\" \/>\n<meta property=\"og:image\" content=\"https:\/\/contadoreshoy.com\/wp-content\/uploads\/2015\/09\/Importaciones.jpg\" \/>\n\t<meta property=\"og:image:width\" content=\"400\" \/>\n\t<meta property=\"og:image:height\" content=\"300\" \/>\n\t<meta property=\"og:image:type\" content=\"image\/jpeg\" \/>\n<meta name=\"author\" content=\"Miguel Antonio M\u00e1rquez Monta\u00f1ez\" \/>\n<meta name=\"twitter:card\" content=\"summary_large_image\" \/>\n<meta name=\"twitter:label1\" content=\"Escrito por\" \/>\n\t<meta name=\"twitter:data1\" content=\"Miguel Antonio M\u00e1rquez Monta\u00f1ez\" \/>\n\t<meta name=\"twitter:label2\" content=\"Tiempo de lectura\" \/>\n\t<meta name=\"twitter:data2\" content=\"9 minutos\" \/>\n<script type=\"application\/ld+json\" class=\"yoast-schema-graph\">{\"@context\":\"https:\\\/\\\/schema.org\",\"@graph\":[{\"@type\":\"Article\",\"@id\":\"https:\\\/\\\/contadoreshoy.com\\\/?p=5802#article\",\"isPartOf\":{\"@id\":\"https:\\\/\\\/contadoreshoy.com\\\/?p=5802\"},\"author\":{\"name\":\"Miguel Antonio M\u00e1rquez Monta\u00f1ez\",\"@id\":\"https:\\\/\\\/contadoreshoy.com\\\/#\\\/schema\\\/person\\\/96d8979cb865537c5dc9345e40089fc5\"},\"headline\":\"Exclusi\u00f3n IVA sobre importaci\u00f3n de bienes donados\",\"datePublished\":\"2015-09-10T02:40:59+00:00\",\"dateModified\":\"2017-02-05T03:00:57+00:00\",\"mainEntityOfPage\":{\"@id\":\"https:\\\/\\\/contadoreshoy.com\\\/?p=5802\"},\"wordCount\":1847,\"commentCount\":0,\"publisher\":{\"@id\":\"https:\\\/\\\/contadoreshoy.com\\\/#organization\"},\"image\":{\"@id\":\"https:\\\/\\\/contadoreshoy.com\\\/?p=5802#primaryimage\"},\"thumbnailUrl\":\"https:\\\/\\\/contadoreshoy.com\\\/wp-content\\\/uploads\\\/2015\\\/09\\\/Importaciones.jpg\",\"articleSection\":[\"Conceptos y Oficios DIAN\"],\"inLanguage\":\"es\",\"potentialAction\":[{\"@type\":\"CommentAction\",\"name\":\"Comment\",\"target\":[\"https:\\\/\\\/contadoreshoy.com\\\/?p=5802#respond\"]}]},{\"@type\":\"WebPage\",\"@id\":\"https:\\\/\\\/contadoreshoy.com\\\/?p=5802\",\"url\":\"https:\\\/\\\/contadoreshoy.com\\\/?p=5802\",\"name\":\"Exclusi\u00f3n IVA sobre importaci\u00f3n de bienes donados - Contadores P\u00fablicos\",\"isPartOf\":{\"@id\":\"https:\\\/\\\/contadoreshoy.com\\\/#website\"},\"primaryImageOfPage\":{\"@id\":\"https:\\\/\\\/contadoreshoy.com\\\/?p=5802#primaryimage\"},\"image\":{\"@id\":\"https:\\\/\\\/contadoreshoy.com\\\/?p=5802#primaryimage\"},\"thumbnailUrl\":\"https:\\\/\\\/contadoreshoy.com\\\/wp-content\\\/uploads\\\/2015\\\/09\\\/Importaciones.jpg\",\"datePublished\":\"2015-09-10T02:40:59+00:00\",\"dateModified\":\"2017-02-05T03:00:57+00:00\",\"breadcrumb\":{\"@id\":\"https:\\\/\\\/contadoreshoy.com\\\/?p=5802#breadcrumb\"},\"inLanguage\":\"es\",\"potentialAction\":[{\"@type\":\"ReadAction\",\"target\":[\"https:\\\/\\\/contadoreshoy.com\\\/?p=5802\"]}]},{\"@type\":\"ImageObject\",\"inLanguage\":\"es\",\"@id\":\"https:\\\/\\\/contadoreshoy.com\\\/?p=5802#primaryimage\",\"url\":\"https:\\\/\\\/contadoreshoy.com\\\/wp-content\\\/uploads\\\/2015\\\/09\\\/Importaciones.jpg\",\"contentUrl\":\"https:\\\/\\\/contadoreshoy.com\\\/wp-content\\\/uploads\\\/2015\\\/09\\\/Importaciones.jpg\",\"width\":400,\"height\":300},{\"@type\":\"BreadcrumbList\",\"@id\":\"https:\\\/\\\/contadoreshoy.com\\\/?p=5802#breadcrumb\",\"itemListElement\":[{\"@type\":\"ListItem\",\"position\":1,\"name\":\"Portada\",\"item\":\"https:\\\/\\\/contadoreshoy.com\\\/\"},{\"@type\":\"ListItem\",\"position\":2,\"name\":\"Exclusi\u00f3n IVA sobre importaci\u00f3n de bienes donados\"}]},{\"@type\":\"WebSite\",\"@id\":\"https:\\\/\\\/contadoreshoy.com\\\/#website\",\"url\":\"https:\\\/\\\/contadoreshoy.com\\\/\",\"name\":\"Contadorespublicossantander\",\"description\":\"Portal para Contadores P\u00fablicos y empresarios\",\"publisher\":{\"@id\":\"https:\\\/\\\/contadoreshoy.com\\\/#organization\"},\"potentialAction\":[{\"@type\":\"SearchAction\",\"target\":{\"@type\":\"EntryPoint\",\"urlTemplate\":\"https:\\\/\\\/contadoreshoy.com\\\/?s={search_term_string}\"},\"query-input\":{\"@type\":\"PropertyValueSpecification\",\"valueRequired\":true,\"valueName\":\"search_term_string\"}}],\"inLanguage\":\"es\"},{\"@type\":\"Organization\",\"@id\":\"https:\\\/\\\/contadoreshoy.com\\\/#organization\",\"name\":\"Contadores P\u00fablicos de Santander\",\"url\":\"https:\\\/\\\/contadoreshoy.com\\\/\",\"logo\":{\"@type\":\"ImageObject\",\"inLanguage\":\"es\",\"@id\":\"https:\\\/\\\/contadoreshoy.com\\\/#\\\/schema\\\/logo\\\/image\\\/\",\"url\":\"https:\\\/\\\/contadoreshoy.com\\\/wp-content\\\/uploads\\\/2024\\\/01\\\/cropped-cropped-Copia-de-M-1.jpg\",\"contentUrl\":\"https:\\\/\\\/contadoreshoy.com\\\/wp-content\\\/uploads\\\/2024\\\/01\\\/cropped-cropped-Copia-de-M-1.jpg\",\"width\":499,\"height\":500,\"caption\":\"Contadores P\u00fablicos de Santander\"},\"image\":{\"@id\":\"https:\\\/\\\/contadoreshoy.com\\\/#\\\/schema\\\/logo\\\/image\\\/\"},\"sameAs\":[\"https:\\\/\\\/www.facebook.com\\\/CCCPBucaramanga\\\/\"]},{\"@type\":\"Person\",\"@id\":\"https:\\\/\\\/contadoreshoy.com\\\/#\\\/schema\\\/person\\\/96d8979cb865537c5dc9345e40089fc5\",\"name\":\"Miguel Antonio M\u00e1rquez Monta\u00f1ez\",\"description\":\"Contador P\u00fablico egresado de la Universidad Aut\u00f3noma de Bucaramanga - Asesor contable tributario con m\u00e1s de 25 a\u00f1os de experiencia - Conferencista en temas contables y tributarios - T\u00e9cnico en Hardware y Dise\u00f1o Web - Creador y director Grupo de Estudio Colegio Colombiano de Contadores P\u00fablicos de Bucaramanga - Creador y Master Web p\u00e1gina www.contadoresp\u00fablicossantander.com - Expresidente Colegio Colombiano de Contadores P\u00fablicos Bucaramanga\",\"url\":\"https:\\\/\\\/contadoreshoy.com\\\/?author=1\"}]}<\/script>\n<!-- \/ Yoast SEO plugin. -->","yoast_head_json":{"title":"Exclusi\u00f3n IVA sobre importaci\u00f3n de bienes donados - Contadores P\u00fablicos","robots":{"index":"index","follow":"follow","max-snippet":"max-snippet:-1","max-image-preview":"max-image-preview:large","max-video-preview":"max-video-preview:-1"},"canonical":"https:\/\/contadoreshoy.com\/?p=5802","og_locale":"es_ES","og_type":"article","og_title":"Exclusi\u00f3n IVA sobre importaci\u00f3n de bienes donados - Contadores P\u00fablicos","og_description":"DIAN OFICIO N\u00daMERO 000901 DE 2015 (julio 21) Subdirecci\u00f3n de Gesti\u00f3n Normativa y Doctrina Bogot\u00e1, D. C., 21 de julio de 2015 100202211- 00901 Bogot\u00e1, D. C. &nbsp; Referencia: Radicado&#46;&#46;&#46;","og_url":"https:\/\/contadoreshoy.com\/?p=5802","og_site_name":"Contadores P\u00fablicos","article_publisher":"https:\/\/www.facebook.com\/CCCPBucaramanga\/","article_published_time":"2015-09-10T02:40:59+00:00","article_modified_time":"2017-02-05T03:00:57+00:00","og_image":[{"width":400,"height":300,"url":"https:\/\/contadoreshoy.com\/wp-content\/uploads\/2015\/09\/Importaciones.jpg","type":"image\/jpeg"}],"author":"Miguel Antonio M\u00e1rquez Monta\u00f1ez","twitter_card":"summary_large_image","twitter_misc":{"Escrito por":"Miguel Antonio M\u00e1rquez Monta\u00f1ez","Tiempo de lectura":"9 minutos"},"schema":{"@context":"https:\/\/schema.org","@graph":[{"@type":"Article","@id":"https:\/\/contadoreshoy.com\/?p=5802#article","isPartOf":{"@id":"https:\/\/contadoreshoy.com\/?p=5802"},"author":{"name":"Miguel Antonio M\u00e1rquez Monta\u00f1ez","@id":"https:\/\/contadoreshoy.com\/#\/schema\/person\/96d8979cb865537c5dc9345e40089fc5"},"headline":"Exclusi\u00f3n IVA sobre importaci\u00f3n de bienes donados","datePublished":"2015-09-10T02:40:59+00:00","dateModified":"2017-02-05T03:00:57+00:00","mainEntityOfPage":{"@id":"https:\/\/contadoreshoy.com\/?p=5802"},"wordCount":1847,"commentCount":0,"publisher":{"@id":"https:\/\/contadoreshoy.com\/#organization"},"image":{"@id":"https:\/\/contadoreshoy.com\/?p=5802#primaryimage"},"thumbnailUrl":"https:\/\/contadoreshoy.com\/wp-content\/uploads\/2015\/09\/Importaciones.jpg","articleSection":["Conceptos y Oficios DIAN"],"inLanguage":"es","potentialAction":[{"@type":"CommentAction","name":"Comment","target":["https:\/\/contadoreshoy.com\/?p=5802#respond"]}]},{"@type":"WebPage","@id":"https:\/\/contadoreshoy.com\/?p=5802","url":"https:\/\/contadoreshoy.com\/?p=5802","name":"Exclusi\u00f3n IVA sobre importaci\u00f3n de bienes donados - Contadores P\u00fablicos","isPartOf":{"@id":"https:\/\/contadoreshoy.com\/#website"},"primaryImageOfPage":{"@id":"https:\/\/contadoreshoy.com\/?p=5802#primaryimage"},"image":{"@id":"https:\/\/contadoreshoy.com\/?p=5802#primaryimage"},"thumbnailUrl":"https:\/\/contadoreshoy.com\/wp-content\/uploads\/2015\/09\/Importaciones.jpg","datePublished":"2015-09-10T02:40:59+00:00","dateModified":"2017-02-05T03:00:57+00:00","breadcrumb":{"@id":"https:\/\/contadoreshoy.com\/?p=5802#breadcrumb"},"inLanguage":"es","potentialAction":[{"@type":"ReadAction","target":["https:\/\/contadoreshoy.com\/?p=5802"]}]},{"@type":"ImageObject","inLanguage":"es","@id":"https:\/\/contadoreshoy.com\/?p=5802#primaryimage","url":"https:\/\/contadoreshoy.com\/wp-content\/uploads\/2015\/09\/Importaciones.jpg","contentUrl":"https:\/\/contadoreshoy.com\/wp-content\/uploads\/2015\/09\/Importaciones.jpg","width":400,"height":300},{"@type":"BreadcrumbList","@id":"https:\/\/contadoreshoy.com\/?p=5802#breadcrumb","itemListElement":[{"@type":"ListItem","position":1,"name":"Portada","item":"https:\/\/contadoreshoy.com\/"},{"@type":"ListItem","position":2,"name":"Exclusi\u00f3n IVA sobre importaci\u00f3n de bienes donados"}]},{"@type":"WebSite","@id":"https:\/\/contadoreshoy.com\/#website","url":"https:\/\/contadoreshoy.com\/","name":"Contadorespublicossantander","description":"Portal para Contadores P\u00fablicos y empresarios","publisher":{"@id":"https:\/\/contadoreshoy.com\/#organization"},"potentialAction":[{"@type":"SearchAction","target":{"@type":"EntryPoint","urlTemplate":"https:\/\/contadoreshoy.com\/?s={search_term_string}"},"query-input":{"@type":"PropertyValueSpecification","valueRequired":true,"valueName":"search_term_string"}}],"inLanguage":"es"},{"@type":"Organization","@id":"https:\/\/contadoreshoy.com\/#organization","name":"Contadores P\u00fablicos de Santander","url":"https:\/\/contadoreshoy.com\/","logo":{"@type":"ImageObject","inLanguage":"es","@id":"https:\/\/contadoreshoy.com\/#\/schema\/logo\/image\/","url":"https:\/\/contadoreshoy.com\/wp-content\/uploads\/2024\/01\/cropped-cropped-Copia-de-M-1.jpg","contentUrl":"https:\/\/contadoreshoy.com\/wp-content\/uploads\/2024\/01\/cropped-cropped-Copia-de-M-1.jpg","width":499,"height":500,"caption":"Contadores P\u00fablicos de Santander"},"image":{"@id":"https:\/\/contadoreshoy.com\/#\/schema\/logo\/image\/"},"sameAs":["https:\/\/www.facebook.com\/CCCPBucaramanga\/"]},{"@type":"Person","@id":"https:\/\/contadoreshoy.com\/#\/schema\/person\/96d8979cb865537c5dc9345e40089fc5","name":"Miguel Antonio M\u00e1rquez Monta\u00f1ez","description":"Contador P\u00fablico egresado de la Universidad Aut\u00f3noma de Bucaramanga - Asesor contable tributario con m\u00e1s de 25 a\u00f1os de experiencia - Conferencista en temas contables y tributarios - T\u00e9cnico en Hardware y Dise\u00f1o Web - Creador y director Grupo de Estudio Colegio Colombiano de Contadores P\u00fablicos de Bucaramanga - Creador y Master Web p\u00e1gina www.contadoresp\u00fablicossantander.com - Expresidente Colegio Colombiano de Contadores P\u00fablicos Bucaramanga","url":"https:\/\/contadoreshoy.com\/?author=1"}]}},"_links":{"self":[{"href":"https:\/\/contadoreshoy.com\/index.php?rest_route=\/wp\/v2\/posts\/5802","targetHints":{"allow":["GET"]}}],"collection":[{"href":"https:\/\/contadoreshoy.com\/index.php?rest_route=\/wp\/v2\/posts"}],"about":[{"href":"https:\/\/contadoreshoy.com\/index.php?rest_route=\/wp\/v2\/types\/post"}],"author":[{"embeddable":true,"href":"https:\/\/contadoreshoy.com\/index.php?rest_route=\/wp\/v2\/users\/1"}],"replies":[{"embeddable":true,"href":"https:\/\/contadoreshoy.com\/index.php?rest_route=%2Fwp%2Fv2%2Fcomments&post=5802"}],"version-history":[{"count":1,"href":"https:\/\/contadoreshoy.com\/index.php?rest_route=\/wp\/v2\/posts\/5802\/revisions"}],"predecessor-version":[{"id":8074,"href":"https:\/\/contadoreshoy.com\/index.php?rest_route=\/wp\/v2\/posts\/5802\/revisions\/8074"}],"wp:featuredmedia":[{"embeddable":true,"href":"https:\/\/contadoreshoy.com\/index.php?rest_route=\/wp\/v2\/media\/5789"}],"wp:attachment":[{"href":"https:\/\/contadoreshoy.com\/index.php?rest_route=%2Fwp%2Fv2%2Fmedia&parent=5802"}],"wp:term":[{"taxonomy":"category","embeddable":true,"href":"https:\/\/contadoreshoy.com\/index.php?rest_route=%2Fwp%2Fv2%2Fcategories&post=5802"},{"taxonomy":"post_tag","embeddable":true,"href":"https:\/\/contadoreshoy.com\/index.php?rest_route=%2Fwp%2Fv2%2Ftags&post=5802"}],"curies":[{"name":"wp","href":"https:\/\/api.w.org\/{rel}","templated":true}]}}