{"id":5806,"date":"2015-09-09T21:50:58","date_gmt":"2015-09-10T02:50:58","guid":{"rendered":"http:\/\/colegiocolombianodecontadores.com\/?p=5806"},"modified":"2017-02-04T22:00:57","modified_gmt":"2017-02-05T03:00:57","slug":"utilidad-gravada-en-venta-voluntaria-de-inmueble","status":"publish","type":"post","link":"https:\/\/contadoreshoy.com\/?p=5806","title":{"rendered":"Utilidad gravada en venta voluntaria de inmueble"},"content":{"rendered":"<p><strong>OFICIO N\u00daMERO 021714 DE 2015 DIAN<br \/>\n<\/strong><\/p>\n<p>(julio 24)<\/p>\n<p>&nbsp;<\/p>\n<p>Subdirecci\u00f3n de Gesti\u00f3n Normativa y Doctrina<\/p>\n<p>Bogot\u00e1, D. C., 24 de julio de 2015<\/p>\n<p>&nbsp;<\/p>\n<p>100208221-000914<\/p>\n<p>&nbsp;<\/p>\n<p><strong>Referencia: \u00a0\u00a0\u00a0\u00a0\u00a0\u00a0 <\/strong>Radicado 100019044 del 08\/07\/2015<\/p>\n<p><strong>Tema \u00a0\u00a0\u00a0\u00a0\u00a0\u00a0\u00a0\u00a0\u00a0\u00a0\u00a0\u00a0 \u00a0\u00a0\u00a0\u00a0\u00a0\u00a0\u00a0<\/strong>Impuesto sobre la Renta y Complementarios<\/p>\n<p><strong>Descriptores \u00a0\u00a0\u00a0\u00a0\u00a0\u00a0\u00a0\u00a0\u00a0<\/strong>Utilidad en la Enajenaci\u00f3n de Inmuebles<\/p>\n<p><strong>Fuentes formales <\/strong>Estatuto Tributario art\u00edculos 35-1, 37, 366, 369, 401-2<\/p>\n<p>Ley 388 de 1997 arts. 58, 67<\/p>\n<p>Ley 9\u00aa de 1989 art\u00edculo 15<\/p>\n<p>Ley 3\u00aa de 1991 art\u00edculo 35<\/p>\n<p>Decreto n\u00famero 1056 de 1953 art\u00edculo 4\u00ba<\/p>\n<p>Ley 1274 de 2009 art\u00edculo 1\u00ba<\/p>\n<p>&nbsp;<\/p>\n<p style=\"text-align: justify;\">De conformidad con el art\u00edculo 20 del Decreto n\u00famero 4048 de 2008 es funci\u00f3n de esta Subdirecci\u00f3n absolver las consultas escritas que se formulen sobre la interpretaci\u00f3n y aplicaci\u00f3n de las normas tributarias de car\u00e1cter nacional, aduaneras y cambiarias en lo de competencia de la Entidad.<\/p>\n<p style=\"text-align: justify;\"><span style=\"color: #0000ff;\">A trav\u00e9s del radicado de la referencia se consulta si a la luz del art\u00edculo 4\u00ba del Decreto n\u00famero 1056 de 1953, el art\u00edculo 1\u00ba de la Ley 1274 de 2009 y el art\u00edculo 58 de la Ley 388 de 1997 se encuentra gravada con renta la utilidad obtenida en la enajenaci\u00f3n voluntaria de un inmueble a una Empresa Industrial y Comercial del Estado con destino a la construcci\u00f3n de una refiner\u00eda de petr\u00f3leos.<\/span><\/p>\n<p style=\"text-align: justify;\">Sobre el particular este Despacho trae a colaci\u00f3n la regla general consagrada en el Estatuto Tributario en sus art\u00edculos 366 y 369 en su numeral 2\u00ba, en el sentido que todos los pagos o abonos en cuenta susceptibles de constituir ingreso tributario est\u00e1n sometidos a retenci\u00f3n en la fuente, salvo que est\u00e9n determinados como exentos mediante disposici\u00f3n especial.<\/p>\n<p style=\"text-align: justify;\"><span style=\"color: #ff9900;\">La anterior precisi\u00f3n cobra importancia en la medida que el ingreso producto de la transferencia de bienes inmuebles que sean activos fijos a entidades p\u00fablicas y\/o mixtas en las cuales tenga mayor participaci\u00f3n el Estado por motivos de inter\u00e9s p\u00fablico o de utilidad p\u00fablica, era considerado un ingreso no constitutivo de renta ni ganancia ocasional por disposici\u00f3n de lo que se\u00f1alaba el art\u00edculo 37 del Estatuto Tributario. Sin embargo, por disposici\u00f3n de lo se\u00f1alado en el art\u00edculo 35-1, a partir del a\u00f1o gravable 2004 los ingresos por este concepto se gravar\u00e1n al ciento por ciento (100%).<\/span><\/p>\n<p style=\"text-align: justify;\">La excepci\u00f3n a esta regla la constituyen los beneficios establecidos en el inciso 4\u00ba del art\u00edculo 15 de la Ley 9\u00aa de 1989, subrogado por el art\u00edculo 35 de la Ley 3\u00aa de 1991, y el par\u00e1grafo 2\u00ba del art\u00edculo 67 de la Ley 388 de 1997, normas que contin\u00faan vigentes y cuya aplicaci\u00f3n no fue limitada por lo se\u00f1alado en el art\u00edculo 35-1 del Estatuto Tributario.<\/p>\n<p style=\"text-align: justify;\">Sobre el particular el Concepto n\u00famero 070056 del 18 de agosto de 2006 concluy\u00f3:<\/p>\n<p style=\"text-align: justify;\">En este orden de ideas, cuando el <strong>art\u00edculo 35-1 del Estatuto Tributario<\/strong>, modificado por el art\u00edculo 1\u00b0 de la Ley 863 de 2003, establece que a partir del a\u00f1o gravable 2004, los ingresos de que tratan, entre otros, el art\u00edculo 37 ib\u00eddem, quedan gravados en el ciento por ciento (100%) con el impuesto sobre la renta, dicha disposici\u00f3n, en virtud del principio de legalidad de los tributos, consagrado en el art\u00edculo 338 de la Constituci\u00f3n Pol\u00edtica, <strong>debe interpretarse referida a la utilidad en venta de inmuebles, contemplada en el art\u00edculo 37 del Estatuto Tributario,<\/strong> <strong>y no a la regulada en el inciso 4 del art\u00edculo 15 de la Ley 9\u00aa de 1989 subrogado por el art\u00edculo 35 de la Ley 3 de 1991, el par\u00e1grafo 2\u00b0 del art\u00edculo 67 de la Ley 388 de 1997 y el par\u00e1grafo 1\u00b0 del art\u00edculo 37 de la Ley 160 de 1994, normas estas especiales e independientes, no incorporadas al citado Estatuto y por lo tanto vigentes para efectos del beneficio por ellas creado<\/strong>. (Se resalta).<\/p>\n<p style=\"text-align: justify;\">El inciso 4\u00b0 del art\u00edculo 15 de la Ley 9\u00aa de 1989 subrogado por el art\u00edculo 35 de la Ley 3\u00aa de 1991, establece que el ingreso obtenido por la enajenaci\u00f3n de los inmuebles a los cuales se refiere la presente ley no constituye, para fines tributarios, renta gravable ni ganancia ocasional, siempre y cuando la negociaci\u00f3n se produzca por la v\u00eda de la enajenaci\u00f3n voluntaria. Es preciso recordar que mediante esta \u00faltima ley se crea el Sistema Nacional de Vivienda de Inter\u00e9s Social y se establece el subsidio familiar de vivienda, entre otras disposiciones.<\/p>\n<p style=\"text-align: justify;\">Por su parte el par\u00e1grafo 2\u00ba del art\u00edculo 67 de la Ley 388 de 1997, establece que el ingreso obtenido por la enajenaci\u00f3n de inmuebles, en casos de expropiaci\u00f3n por v\u00eda administrativa, no constituye, para fines tributarios, renta gravable ni ganancia ocasional, siempre y cuando la negociaci\u00f3n se realice por la v\u00eda de la enajenaci\u00f3n voluntaria.<\/p>\n<p style=\"text-align: justify;\">Igualmente el art\u00edculo 58 de la Ley 388 de 1997 enumera aquellas situaciones que dan lugar a decretar la expropiaci\u00f3n y adquisici\u00f3n de inmuebles por motivos de utilidad p\u00fablica o inter\u00e9s social as\u00ed:<\/p>\n<p style=\"text-align: justify;\">El art\u00edculo 10 de la Ley 9\u00aa de 1989, quedar\u00e1 as\u00ed:<\/p>\n<p style=\"text-align: justify;\">\u201cPara efectos de decretar su expropiaci\u00f3n y adem\u00e1s de los motivos determinados en otras leyes vigentes se declara de utilidad p\u00fablica o inter\u00e9s social la adquisici\u00f3n de inmuebles para destinarlos a los siguientes fines:<\/p>\n<ol style=\"text-align: justify;\">\n<li>Ejecuci\u00f3n de proyectos de construcci\u00f3n de infraestructura social en los sectores de<\/li>\n<\/ol>\n<p style=\"text-align: justify;\">la salud, educaci\u00f3n, recreaci\u00f3n, centrales de abasto y seguridad ciudadana;<\/p>\n<ol style=\"text-align: justify;\">\n<li>Desarrollo de proyectos de vivienda de inter\u00e9s social, incluyendo los de legalizaci\u00f3n de t\u00edtulos en urbanizaciones de hecho o ilegales diferentes a las contempladas en el art\u00edculo <u>53<\/u> de la Ley 9\u00aa de 1989, la rehabilitaci\u00f3n de inquilinatos y la reubicaci\u00f3n de asentamientos humanos ubicados en sectores de alto riesgo;<\/li>\n<li>Ejecuci\u00f3n de programas y proyectos de renovaci\u00f3n urbana y provisi\u00f3n de espacios<\/li>\n<\/ol>\n<p style=\"text-align: justify;\">p\u00fablicos urbanos;<\/p>\n<ol style=\"text-align: justify;\">\n<li>Ejecuci\u00f3n de proyectos de producci\u00f3n, ampliaci\u00f3n, abastecimiento y distribuci\u00f3n de<\/li>\n<\/ol>\n<p style=\"text-align: justify;\">servicios p\u00fablicos domiciliarios;<\/p>\n<ol style=\"text-align: justify;\">\n<li>Ejecuci\u00f3n de programas y proyectos de infraestructura vial y de sistemas de transporte masivo;<\/li>\n<li>Ejecuci\u00f3n de proyectos de ornato, turismo y deportes;<\/li>\n<li>Funcionamiento de las sedes administrativas de las entidades p\u00fablicas, con excepci\u00f3n de las empresas industriales y comerciales del Estado y las de las sociedades de econom\u00eda mixta, siempre y cuando su localizaci\u00f3n y la consideraci\u00f3n de utilidad p\u00fablica est\u00e9n claramente determinados en los planes de ordenamiento o en los instrumentos que los desarrollen; h) Preservaci\u00f3n del patrimonio cultural y natural de inter\u00e9s nacional, regional y local,<\/li>\n<\/ol>\n<p style=\"text-align: justify;\">incluidos el paisaj\u00edstico, ambiental, hist\u00f3rico y arquitect\u00f3nico;<\/p>\n<ol style=\"text-align: justify;\">\n<li>Constituci\u00f3n de zonas de reserva para la expansi\u00f3n futura de las ciudades;<\/li>\n<li>Constituci\u00f3n de zonas de reserva para la protecci\u00f3n del medio ambiente y los recursos<\/li>\n<\/ol>\n<p style=\"text-align: justify;\">h\u00eddricos;<\/p>\n<ol style=\"text-align: justify;\">\n<li>Ejecuci\u00f3n de proyectos de urbanizaci\u00f3n y de construcci\u00f3n prioritarios en los t\u00e9rminos<\/li>\n<\/ol>\n<p style=\"text-align: justify;\">previstos en los planes de ordenamiento, de acuerdo con lo dispuesto en la presente ley;<\/p>\n<ol style=\"text-align: justify;\">\n<li>Ejecuci\u00f3n de proyectos de urbanizaci\u00f3n, redesarrollo y renovaci\u00f3n urbana a trav\u00e9s de la modalidad de unidades de actuaci\u00f3n, mediante los instrumentos de reajuste de tierras, integraci\u00f3n inmobiliaria, cooperaci\u00f3n o los dem\u00e1s sistemas previstos en esta ley;<\/li>\n<li>El traslado de poblaciones por riesgos f\u00edsicos inminentes\u201d.<\/li>\n<\/ol>\n<p style=\"text-align: justify;\">Esta \u00faltima precisi\u00f3n cobra importancia, en la medida que para el caso materia de an\u00e1lisis no se trata de la adquisici\u00f3n de inmuebles por circunstancias declaradas \u201cde utilidad p\u00fablica o inter\u00e9s social\u201d de acuerdo con el art\u00edculo 58 de la ley 388 de 1997, requisito indispensable para que dicha enajenaci\u00f3n no est\u00e9 gravado con el impuesto sobre la renta y ganancia ocasional.<\/p>\n<p style=\"text-align: justify;\">As\u00ed las cosas, el art\u00edculo 58 de la Ley 388 de 1997 norma especial en materia fiscal, prevalece sobre la norma por usted citada.<\/p>\n<p style=\"text-align: justify;\">En los anteriores t\u00e9rminos se resuelve su solicitud.<\/p>\n<p style=\"text-align: justify;\">Cordialmente le informamos que tanto la normatividad en materia tributaria, aduanera y cambiaria, como los conceptos emitidos por la Direcci\u00f3n de Gesti\u00f3n Jur\u00eddica en estas materias pueden consultarse directamente en nuestra base de datos jur\u00eddica ingresando a la p\u00e1gina electr\u00f3nica de la DIAN: http:\/\/www.dian.gov.co siguiendo los \u00edconos: \u201cNormatividad\u201d \u2013 \u201cT\u00e9cnica\u201d y seleccionando los v\u00ednculos \u201cdoctrina\u201d y \u201cDirecci\u00f3n de Gesti\u00f3n Jur\u00eddica\u201d.<\/p>\n<p>&nbsp;<\/p>\n<p>Atentamente,<\/p>\n<p>&nbsp;<\/p>\n<p>El Subdirector de Gesti\u00f3n Normativa y Doctrina (e),<\/p>\n<p><em>Pedro Pablo Contreras Camargo.<\/em><\/p>\n<p><strong>(C. F.).<\/strong><\/p>\n","protected":false},"excerpt":{"rendered":"<p>Se consulta si a la luz del art\u00edculo 4\u00ba del Decreto n\u00famero 1056 de 1953, el art\u00edculo 1\u00ba de la Ley 1274 de 2009 y el art\u00edculo 58 de la Ley 388 de 1997 se encuentra gravada con renta la utilidad obtenida en la enajenaci\u00f3n voluntaria de un inmueble a una Empresa Industrial y Comercial del Estado con destino a la construcci\u00f3n de una refiner\u00eda de petr\u00f3leos.<\/p>\n","protected":false},"author":1,"featured_media":5791,"comment_status":"open","ping_status":"open","sticky":false,"template":"","format":"standard","meta":{"_monsterinsights_skip_tracking":false,"ngg_post_thumbnail":0,"footnotes":"","_links_to":"","_links_to_target":""},"categories":[456],"tags":[],"class_list":["post-5806","post","type-post","status-publish","format-standard","has-post-thumbnail","hentry","category-conceptos-y-oficios-dian"],"aioseo_notices":[],"aioseo_head":"\n\t\t<!-- All in One SEO 5.0.1.1 - aioseo.com -->\n\t<meta name=\"description\" content=\"Se consulta si a la luz del art\u00edculo 4\u00ba del Decreto n\u00famero 1056 de 1953, el art\u00edculo 1\u00ba de la Ley 1274 de 2009 y el art\u00edculo 58 de la Ley 388 de 1997 se encuentra gravada con renta la utilidad obtenida en la enajenaci\u00f3n voluntaria de un inmueble a una Empresa Industrial y Comercial del Estado con destino a la construcci\u00f3n de una refiner\u00eda de petr\u00f3leos.\" \/>\n\t<meta name=\"robots\" content=\"max-image-preview:large\" \/>\n\t<meta name=\"author\" content=\"Miguel Antonio M\u00e1rquez Monta\u00f1ez\"\/>\n\t<link rel=\"canonical\" href=\"https:\/\/contadoreshoy.com\/?p=5806\" \/>\n\t<meta name=\"generator\" content=\"All in One SEO (AIOSEO) 5.0.1.1\" \/>\n\t\t<meta property=\"og:locale\" content=\"es_ES\" \/>\n\t\t<meta property=\"og:site_name\" content=\"Contadores P\u00fablicos - Portal para Contadores P\u00fablicos y empresarios\" \/>\n\t\t<meta property=\"og:type\" content=\"article\" \/>\n\t\t<meta property=\"og:title\" content=\"Utilidad gravada en venta voluntaria de inmueble - Contadores P\u00fablicos\" \/>\n\t\t<meta property=\"og:description\" content=\"Se consulta si a la luz del art\u00edculo 4\u00ba del Decreto n\u00famero 1056 de 1953, el art\u00edculo 1\u00ba de la Ley 1274 de 2009 y el art\u00edculo 58 de la Ley 388 de 1997 se encuentra gravada con renta la utilidad obtenida en la enajenaci\u00f3n voluntaria de un inmueble a una Empresa Industrial y Comercial del Estado con destino a la construcci\u00f3n de una refiner\u00eda de petr\u00f3leos.\" \/>\n\t\t<meta property=\"og:url\" content=\"https:\/\/contadoreshoy.com\/?p=5806\" \/>\n\t\t<meta property=\"og:image\" content=\"https:\/\/contadoreshoy.com\/wp-content\/uploads\/2024\/01\/cropped-cropped-cropped-Copia-de-M.jpg\" \/>\n\t\t<meta property=\"og:image:secure_url\" content=\"https:\/\/contadoreshoy.com\/wp-content\/uploads\/2024\/01\/cropped-cropped-cropped-Copia-de-M.jpg\" \/>\n\t\t<meta property=\"og:image:width\" content=\"512\" \/>\n\t\t<meta property=\"og:image:height\" content=\"371\" \/>\n\t\t<meta property=\"article:published_time\" content=\"2015-09-10T02:50:58+00:00\" \/>\n\t\t<meta property=\"article:modified_time\" content=\"2017-02-05T03:00:57+00:00\" \/>\n\t\t<meta name=\"twitter:card\" content=\"summary_large_image\" \/>\n\t\t<meta name=\"twitter:title\" content=\"Utilidad gravada en venta voluntaria de inmueble - Contadores P\u00fablicos\" \/>\n\t\t<meta name=\"twitter:description\" content=\"Se consulta si a la luz del art\u00edculo 4\u00ba del Decreto n\u00famero 1056 de 1953, el art\u00edculo 1\u00ba de la Ley 1274 de 2009 y el art\u00edculo 58 de la Ley 388 de 1997 se encuentra gravada con renta la utilidad obtenida en la enajenaci\u00f3n voluntaria de un inmueble a una Empresa Industrial y Comercial del Estado con destino a la construcci\u00f3n de una refiner\u00eda de petr\u00f3leos.\" \/>\n\t\t<meta name=\"twitter:image\" content=\"https:\/\/contadoreshoy.com\/wp-content\/uploads\/2024\/01\/cropped-cropped-cropped-Copia-de-M.jpg\" \/>\n\t\t<script type=\"application\/ld+json\" class=\"aioseo-schema\">\n\t\t\t{\"@context\":\"https:\\\/\\\/schema.org\",\"@graph\":[{\"@type\":\"BlogPosting\",\"@id\":\"https:\\\/\\\/contadoreshoy.com\\\/?p=5806#blogposting\",\"name\":\"Utilidad gravada en venta voluntaria de inmueble - Contadores P\\u00fablicos\",\"headline\":\"Utilidad gravada en venta voluntaria de inmueble\",\"author\":{\"@id\":\"https:\\\/\\\/contadoreshoy.com\\\/?author=1#author\"},\"publisher\":{\"@id\":\"https:\\\/\\\/contadoreshoy.com\\\/#organization\"},\"image\":{\"@type\":\"ImageObject\",\"url\":\"https:\\\/\\\/contadoreshoy.com\\\/wp-content\\\/uploads\\\/2015\\\/09\\\/finca-raiz.jpg\",\"width\":400,\"height\":300},\"datePublished\":\"2015-09-09T21:50:58-05:00\",\"dateModified\":\"2017-02-04T22:00:57-05:00\",\"inLanguage\":\"es-ES\",\"mainEntityOfPage\":{\"@id\":\"https:\\\/\\\/contadoreshoy.com\\\/?p=5806#webpage\"},\"isPartOf\":{\"@id\":\"https:\\\/\\\/contadoreshoy.com\\\/?p=5806#webpage\"},\"articleSection\":\"Conceptos y Oficios DIAN\"},{\"@type\":\"BreadcrumbList\",\"@id\":\"https:\\\/\\\/contadoreshoy.com\\\/?p=5806#breadcrumblist\",\"itemListElement\":[{\"@type\":\"ListItem\",\"@id\":\"https:\\\/\\\/contadoreshoy.com#listItem\",\"position\":1,\"name\":\"Home\",\"item\":\"https:\\\/\\\/contadoreshoy.com\",\"nextItem\":{\"@type\":\"ListItem\",\"@id\":\"https:\\\/\\\/contadoreshoy.com\\\/?cat=456#listItem\",\"name\":\"Conceptos y Oficios DIAN\"}},{\"@type\":\"ListItem\",\"@id\":\"https:\\\/\\\/contadoreshoy.com\\\/?cat=456#listItem\",\"position\":2,\"name\":\"Conceptos y Oficios DIAN\",\"item\":\"https:\\\/\\\/contadoreshoy.com\\\/?cat=456\",\"nextItem\":{\"@type\":\"ListItem\",\"@id\":\"https:\\\/\\\/contadoreshoy.com\\\/?p=5806#listItem\",\"name\":\"Utilidad gravada en venta voluntaria de inmueble\"},\"previousItem\":{\"@type\":\"ListItem\",\"@id\":\"https:\\\/\\\/contadoreshoy.com#listItem\",\"name\":\"Home\"}},{\"@type\":\"ListItem\",\"@id\":\"https:\\\/\\\/contadoreshoy.com\\\/?p=5806#listItem\",\"position\":3,\"name\":\"Utilidad gravada en venta voluntaria de inmueble\",\"previousItem\":{\"@type\":\"ListItem\",\"@id\":\"https:\\\/\\\/contadoreshoy.com\\\/?cat=456#listItem\",\"name\":\"Conceptos y Oficios DIAN\"}}]},{\"@type\":\"Organization\",\"@id\":\"https:\\\/\\\/contadoreshoy.com\\\/#organization\",\"name\":\"Contadores P\\u00fablicos\",\"description\":\"Portal para Contadores P\\u00fablicos y empresarios\",\"url\":\"https:\\\/\\\/contadoreshoy.com\\\/\",\"logo\":{\"@type\":\"ImageObject\",\"url\":\"https:\\\/\\\/contadoreshoy.com\\\/wp-content\\\/uploads\\\/2024\\\/01\\\/cropped-cropped-Copia-de-M-1.jpg\",\"@id\":\"https:\\\/\\\/contadoreshoy.com\\\/?p=5806\\\/#organizationLogo\",\"width\":499,\"height\":500},\"image\":{\"@id\":\"https:\\\/\\\/contadoreshoy.com\\\/?p=5806\\\/#organizationLogo\"}},{\"@type\":\"Person\",\"@id\":\"https:\\\/\\\/contadoreshoy.com\\\/?author=1#author\",\"url\":\"https:\\\/\\\/contadoreshoy.com\\\/?author=1\",\"name\":\"Miguel Antonio M\\u00e1rquez Monta\\u00f1ez\"},{\"@type\":\"WebPage\",\"@id\":\"https:\\\/\\\/contadoreshoy.com\\\/?p=5806#webpage\",\"url\":\"https:\\\/\\\/contadoreshoy.com\\\/?p=5806\",\"name\":\"Utilidad gravada en venta voluntaria de inmueble - Contadores P\\u00fablicos\",\"description\":\"Se consulta si a la luz del art\\u00edculo 4\\u00ba del Decreto n\\u00famero 1056 de 1953, el art\\u00edculo 1\\u00ba de la Ley 1274 de 2009 y el art\\u00edculo 58 de la Ley 388 de 1997 se encuentra gravada con renta la utilidad obtenida en la enajenaci\\u00f3n voluntaria de un inmueble a una Empresa Industrial y Comercial del Estado con destino a la construcci\\u00f3n de una refiner\\u00eda de petr\\u00f3leos.\",\"inLanguage\":\"es-ES\",\"isPartOf\":{\"@id\":\"https:\\\/\\\/contadoreshoy.com\\\/#website\"},\"breadcrumb\":{\"@id\":\"https:\\\/\\\/contadoreshoy.com\\\/?p=5806#breadcrumblist\"},\"author\":{\"@id\":\"https:\\\/\\\/contadoreshoy.com\\\/?author=1#author\"},\"creator\":{\"@id\":\"https:\\\/\\\/contadoreshoy.com\\\/?author=1#author\"},\"image\":{\"@type\":\"ImageObject\",\"url\":\"https:\\\/\\\/contadoreshoy.com\\\/wp-content\\\/uploads\\\/2015\\\/09\\\/finca-raiz.jpg\",\"@id\":\"https:\\\/\\\/contadoreshoy.com\\\/?p=5806\\\/#mainImage\",\"width\":400,\"height\":300},\"primaryImageOfPage\":{\"@id\":\"https:\\\/\\\/contadoreshoy.com\\\/?p=5806#mainImage\"},\"datePublished\":\"2015-09-09T21:50:58-05:00\",\"dateModified\":\"2017-02-04T22:00:57-05:00\"},{\"@type\":\"WebSite\",\"@id\":\"https:\\\/\\\/contadoreshoy.com\\\/#website\",\"url\":\"https:\\\/\\\/contadoreshoy.com\\\/\",\"name\":\"Contadores P\\u00fablicos\",\"description\":\"Portal para Contadores P\\u00fablicos y empresarios\",\"inLanguage\":\"es-ES\",\"publisher\":{\"@id\":\"https:\\\/\\\/contadoreshoy.com\\\/#organization\"}}]}\n\t\t<\/script>\n\t\t<!-- All in One SEO -->\n\n","aioseo_head_json":{"title":"Utilidad gravada en venta voluntaria de inmueble - Contadores P\u00fablicos","description":"Se consulta si a la luz del art\u00edculo 4\u00ba del Decreto n\u00famero 1056 de 1953, el art\u00edculo 1\u00ba de la Ley 1274 de 2009 y el art\u00edculo 58 de la Ley 388 de 1997 se encuentra gravada con renta la utilidad obtenida en la enajenaci\u00f3n voluntaria de un inmueble a una Empresa Industrial y Comercial del Estado con destino a la construcci\u00f3n de una refiner\u00eda de petr\u00f3leos.","canonical_url":"https:\/\/contadoreshoy.com\/?p=5806","robots":"max-image-preview:large","keywords":"","webmasterTools":{"miscellaneous":""},"schema":{"@context":"https:\/\/schema.org","@graph":[{"@type":"BlogPosting","@id":"https:\/\/contadoreshoy.com\/?p=5806#blogposting","name":"Utilidad gravada en venta voluntaria de inmueble - Contadores P\u00fablicos","headline":"Utilidad gravada en venta voluntaria de inmueble","author":{"@id":"https:\/\/contadoreshoy.com\/?author=1#author"},"publisher":{"@id":"https:\/\/contadoreshoy.com\/#organization"},"image":{"@type":"ImageObject","url":"https:\/\/contadoreshoy.com\/wp-content\/uploads\/2015\/09\/finca-raiz.jpg","width":400,"height":300},"datePublished":"2015-09-09T21:50:58-05:00","dateModified":"2017-02-04T22:00:57-05:00","inLanguage":"es-ES","mainEntityOfPage":{"@id":"https:\/\/contadoreshoy.com\/?p=5806#webpage"},"isPartOf":{"@id":"https:\/\/contadoreshoy.com\/?p=5806#webpage"},"articleSection":"Conceptos y Oficios DIAN"},{"@type":"BreadcrumbList","@id":"https:\/\/contadoreshoy.com\/?p=5806#breadcrumblist","itemListElement":[{"@type":"ListItem","@id":"https:\/\/contadoreshoy.com#listItem","position":1,"name":"Home","item":"https:\/\/contadoreshoy.com","nextItem":{"@type":"ListItem","@id":"https:\/\/contadoreshoy.com\/?cat=456#listItem","name":"Conceptos y Oficios DIAN"}},{"@type":"ListItem","@id":"https:\/\/contadoreshoy.com\/?cat=456#listItem","position":2,"name":"Conceptos y Oficios DIAN","item":"https:\/\/contadoreshoy.com\/?cat=456","nextItem":{"@type":"ListItem","@id":"https:\/\/contadoreshoy.com\/?p=5806#listItem","name":"Utilidad gravada en venta voluntaria de inmueble"},"previousItem":{"@type":"ListItem","@id":"https:\/\/contadoreshoy.com#listItem","name":"Home"}},{"@type":"ListItem","@id":"https:\/\/contadoreshoy.com\/?p=5806#listItem","position":3,"name":"Utilidad gravada en venta voluntaria de inmueble","previousItem":{"@type":"ListItem","@id":"https:\/\/contadoreshoy.com\/?cat=456#listItem","name":"Conceptos y Oficios DIAN"}}]},{"@type":"Organization","@id":"https:\/\/contadoreshoy.com\/#organization","name":"Contadores P\u00fablicos","description":"Portal para Contadores P\u00fablicos y empresarios","url":"https:\/\/contadoreshoy.com\/","logo":{"@type":"ImageObject","url":"https:\/\/contadoreshoy.com\/wp-content\/uploads\/2024\/01\/cropped-cropped-Copia-de-M-1.jpg","@id":"https:\/\/contadoreshoy.com\/?p=5806\/#organizationLogo","width":499,"height":500},"image":{"@id":"https:\/\/contadoreshoy.com\/?p=5806\/#organizationLogo"}},{"@type":"Person","@id":"https:\/\/contadoreshoy.com\/?author=1#author","url":"https:\/\/contadoreshoy.com\/?author=1","name":"Miguel Antonio M\u00e1rquez Monta\u00f1ez"},{"@type":"WebPage","@id":"https:\/\/contadoreshoy.com\/?p=5806#webpage","url":"https:\/\/contadoreshoy.com\/?p=5806","name":"Utilidad gravada en venta voluntaria de inmueble - Contadores P\u00fablicos","description":"Se consulta si a la luz del art\u00edculo 4\u00ba del Decreto n\u00famero 1056 de 1953, el art\u00edculo 1\u00ba de la Ley 1274 de 2009 y el art\u00edculo 58 de la Ley 388 de 1997 se encuentra gravada con renta la utilidad obtenida en la enajenaci\u00f3n voluntaria de un inmueble a una Empresa Industrial y Comercial del Estado con destino a la construcci\u00f3n de una refiner\u00eda de petr\u00f3leos.","inLanguage":"es-ES","isPartOf":{"@id":"https:\/\/contadoreshoy.com\/#website"},"breadcrumb":{"@id":"https:\/\/contadoreshoy.com\/?p=5806#breadcrumblist"},"author":{"@id":"https:\/\/contadoreshoy.com\/?author=1#author"},"creator":{"@id":"https:\/\/contadoreshoy.com\/?author=1#author"},"image":{"@type":"ImageObject","url":"https:\/\/contadoreshoy.com\/wp-content\/uploads\/2015\/09\/finca-raiz.jpg","@id":"https:\/\/contadoreshoy.com\/?p=5806\/#mainImage","width":400,"height":300},"primaryImageOfPage":{"@id":"https:\/\/contadoreshoy.com\/?p=5806#mainImage"},"datePublished":"2015-09-09T21:50:58-05:00","dateModified":"2017-02-04T22:00:57-05:00"},{"@type":"WebSite","@id":"https:\/\/contadoreshoy.com\/#website","url":"https:\/\/contadoreshoy.com\/","name":"Contadores P\u00fablicos","description":"Portal para Contadores P\u00fablicos y empresarios","inLanguage":"es-ES","publisher":{"@id":"https:\/\/contadoreshoy.com\/#organization"}}]},"og:locale":"es_ES","og:site_name":"Contadores P\u00fablicos - Portal para Contadores P\u00fablicos y empresarios","og:type":"article","og:title":"Utilidad gravada en venta voluntaria de inmueble - Contadores P\u00fablicos","og:description":"Se consulta si a la luz del art\u00edculo 4\u00ba del Decreto n\u00famero 1056 de 1953, el art\u00edculo 1\u00ba de la Ley 1274 de 2009 y el art\u00edculo 58 de la Ley 388 de 1997 se encuentra gravada con renta la utilidad obtenida en la enajenaci\u00f3n voluntaria de un inmueble a una Empresa Industrial y Comercial del Estado con destino a la construcci\u00f3n de una refiner\u00eda de petr\u00f3leos.","og:url":"https:\/\/contadoreshoy.com\/?p=5806","og:image":"https:\/\/contadoreshoy.com\/wp-content\/uploads\/2024\/01\/cropped-cropped-cropped-Copia-de-M.jpg","og:image:secure_url":"https:\/\/contadoreshoy.com\/wp-content\/uploads\/2024\/01\/cropped-cropped-cropped-Copia-de-M.jpg","og:image:width":512,"og:image:height":371,"article:published_time":"2015-09-10T02:50:58+00:00","article:modified_time":"2017-02-05T03:00:57+00:00","twitter:card":"summary_large_image","twitter:title":"Utilidad gravada en venta voluntaria de inmueble - Contadores P\u00fablicos","twitter:description":"Se consulta si a la luz del art\u00edculo 4\u00ba del Decreto n\u00famero 1056 de 1953, el art\u00edculo 1\u00ba de la Ley 1274 de 2009 y el art\u00edculo 58 de la Ley 388 de 1997 se encuentra gravada con renta la utilidad obtenida en la enajenaci\u00f3n voluntaria de un inmueble a una Empresa Industrial y Comercial del Estado con destino a la construcci\u00f3n de una refiner\u00eda de petr\u00f3leos.","twitter:image":"https:\/\/contadoreshoy.com\/wp-content\/uploads\/2024\/01\/cropped-cropped-cropped-Copia-de-M.jpg"},"aioseo_meta_data":{"post_id":"5806","title":null,"description":null,"keywords":null,"keyphrases":null,"primary_term":null,"canonical_url":null,"og_title":null,"og_description":null,"og_object_type":"default","og_image_type":"default","og_image_url":null,"og_image_width":null,"og_image_height":null,"og_image_custom_url":null,"og_image_custom_fields":null,"og_video":null,"og_custom_url":null,"og_article_section":null,"og_article_tags":null,"twitter_use_og":false,"twitter_card":"default","twitter_image_type":"default","twitter_image_url":null,"twitter_image_custom_url":null,"twitter_image_custom_fields":null,"twitter_title":null,"twitter_description":null,"schema":{"blockGraphs":[],"customGraphs":[],"default":{"data":{"Article":[],"Course":[],"Dataset":[],"FAQPage":[],"Movie":[],"Person":[],"Product":[],"ProductReview":[],"Car":[],"Recipe":[],"Service":[],"SoftwareApplication":[],"WebPage":[]},"graphName":"","isEnabled":true},"graphs":[]},"schema_type":"default","schema_type_options":null,"pillar_content":false,"robots_default":true,"robots_noindex":false,"robots_noarchive":false,"robots_nosnippet":false,"robots_nofollow":false,"robots_noimageindex":false,"robots_noodp":false,"robots_notranslate":false,"robots_max_snippet":null,"robots_max_videopreview":null,"robots_max_imagepreview":"large","priority":null,"frequency":null,"local_seo":null,"breadcrumb_settings":null,"limit_modified_date":false,"ai":null,"created":"2024-03-05 01:07:26","updated":"2026-03-03 04:34:41","seo_analyzer_scan_date":null,"focus_keyword":null,"additional_keywords":null,"truseo_locale":null},"aioseo_breadcrumb":"<div class=\"aioseo-breadcrumbs\"><span class=\"aioseo-breadcrumb\">\n\t\t\t<a href=\"https:\/\/contadoreshoy.com\" title=\"Home\">Home<\/a>\n\t\t<\/span><span class=\"aioseo-breadcrumb-separator\">&raquo;<\/span><span class=\"aioseo-breadcrumb\">\n\t\t\t<a href=\"https:\/\/contadoreshoy.com\/?cat=456\" title=\"Conceptos y Oficios DIAN\">Conceptos y Oficios DIAN<\/a>\n\t\t<\/span><span class=\"aioseo-breadcrumb-separator\">&raquo;<\/span><span class=\"aioseo-breadcrumb\">\n\t\t\tUtilidad gravada en venta voluntaria de inmueble\n\t\t<\/span><\/div>","aioseo_breadcrumb_json":[{"label":"Home","link":"https:\/\/contadoreshoy.com"},{"label":"Conceptos y Oficios DIAN","link":"https:\/\/contadoreshoy.com\/?cat=456"},{"label":"Utilidad gravada en venta voluntaria de inmueble","link":"https:\/\/contadoreshoy.com\/?p=5806"}],"yoast_head":"<!-- This site is optimized with the Yoast SEO plugin v28.4 - https:\/\/yoast.com\/product\/yoast-seo-wordpress\/ -->\n<title>Utilidad gravada en venta voluntaria de inmueble - Contadores P\u00fablicos<\/title>\n<meta name=\"robots\" content=\"index, follow, max-snippet:-1, max-image-preview:large, max-video-preview:-1\" \/>\n<link rel=\"canonical\" href=\"https:\/\/contadoreshoy.com\/?p=5806\" \/>\n<meta property=\"og:locale\" content=\"es_ES\" \/>\n<meta property=\"og:type\" content=\"article\" \/>\n<meta property=\"og:title\" content=\"Utilidad gravada en venta voluntaria de inmueble - Contadores P\u00fablicos\" \/>\n<meta property=\"og:description\" content=\"Se consulta si a la luz del art\u00edculo 4\u00ba del Decreto n\u00famero 1056 de 1953, el art\u00edculo 1\u00ba de la Ley 1274 de 2009 y el art\u00edculo 58 de la Ley 388 de 1997 se encuentra gravada con renta la utilidad obtenida en la enajenaci\u00f3n voluntaria de un inmueble a una Empresa Industrial y Comercial del Estado con destino a la construcci\u00f3n de una refiner\u00eda de petr\u00f3leos.\" \/>\n<meta property=\"og:url\" content=\"https:\/\/contadoreshoy.com\/?p=5806\" \/>\n<meta property=\"og:site_name\" content=\"Contadores P\u00fablicos\" \/>\n<meta property=\"article:publisher\" content=\"https:\/\/www.facebook.com\/CCCPBucaramanga\/\" \/>\n<meta property=\"article:published_time\" content=\"2015-09-10T02:50:58+00:00\" \/>\n<meta property=\"article:modified_time\" content=\"2017-02-05T03:00:57+00:00\" \/>\n<meta property=\"og:image\" content=\"https:\/\/contadoreshoy.com\/wp-content\/uploads\/2015\/09\/finca-raiz.jpg\" \/>\n\t<meta property=\"og:image:width\" content=\"400\" \/>\n\t<meta property=\"og:image:height\" content=\"300\" \/>\n\t<meta property=\"og:image:type\" content=\"image\/jpeg\" \/>\n<meta name=\"author\" content=\"Miguel Antonio M\u00e1rquez Monta\u00f1ez\" \/>\n<meta name=\"twitter:card\" content=\"summary_large_image\" \/>\n<meta name=\"twitter:label1\" content=\"Escrito por\" \/>\n\t<meta name=\"twitter:data1\" content=\"Miguel Antonio M\u00e1rquez Monta\u00f1ez\" \/>\n\t<meta name=\"twitter:label2\" content=\"Tiempo de lectura\" \/>\n\t<meta name=\"twitter:data2\" content=\"7 minutos\" \/>\n<script type=\"application\/ld+json\" class=\"yoast-schema-graph\">{\"@context\":\"https:\\\/\\\/schema.org\",\"@graph\":[{\"@type\":\"Article\",\"@id\":\"https:\\\/\\\/contadoreshoy.com\\\/?p=5806#article\",\"isPartOf\":{\"@id\":\"https:\\\/\\\/contadoreshoy.com\\\/?p=5806\"},\"author\":{\"name\":\"Miguel Antonio M\u00e1rquez Monta\u00f1ez\",\"@id\":\"https:\\\/\\\/contadoreshoy.com\\\/#\\\/schema\\\/person\\\/96d8979cb865537c5dc9345e40089fc5\"},\"headline\":\"Utilidad gravada en venta voluntaria de inmueble\",\"datePublished\":\"2015-09-10T02:50:58+00:00\",\"dateModified\":\"2017-02-05T03:00:57+00:00\",\"mainEntityOfPage\":{\"@id\":\"https:\\\/\\\/contadoreshoy.com\\\/?p=5806\"},\"wordCount\":1381,\"commentCount\":0,\"publisher\":{\"@id\":\"https:\\\/\\\/contadoreshoy.com\\\/#organization\"},\"image\":{\"@id\":\"https:\\\/\\\/contadoreshoy.com\\\/?p=5806#primaryimage\"},\"thumbnailUrl\":\"https:\\\/\\\/contadoreshoy.com\\\/wp-content\\\/uploads\\\/2015\\\/09\\\/finca-raiz.jpg\",\"articleSection\":[\"Conceptos y Oficios DIAN\"],\"inLanguage\":\"es\",\"potentialAction\":[{\"@type\":\"CommentAction\",\"name\":\"Comment\",\"target\":[\"https:\\\/\\\/contadoreshoy.com\\\/?p=5806#respond\"]}]},{\"@type\":\"WebPage\",\"@id\":\"https:\\\/\\\/contadoreshoy.com\\\/?p=5806\",\"url\":\"https:\\\/\\\/contadoreshoy.com\\\/?p=5806\",\"name\":\"Utilidad gravada en venta voluntaria de inmueble - Contadores P\u00fablicos\",\"isPartOf\":{\"@id\":\"https:\\\/\\\/contadoreshoy.com\\\/#website\"},\"primaryImageOfPage\":{\"@id\":\"https:\\\/\\\/contadoreshoy.com\\\/?p=5806#primaryimage\"},\"image\":{\"@id\":\"https:\\\/\\\/contadoreshoy.com\\\/?p=5806#primaryimage\"},\"thumbnailUrl\":\"https:\\\/\\\/contadoreshoy.com\\\/wp-content\\\/uploads\\\/2015\\\/09\\\/finca-raiz.jpg\",\"datePublished\":\"2015-09-10T02:50:58+00:00\",\"dateModified\":\"2017-02-05T03:00:57+00:00\",\"breadcrumb\":{\"@id\":\"https:\\\/\\\/contadoreshoy.com\\\/?p=5806#breadcrumb\"},\"inLanguage\":\"es\",\"potentialAction\":[{\"@type\":\"ReadAction\",\"target\":[\"https:\\\/\\\/contadoreshoy.com\\\/?p=5806\"]}]},{\"@type\":\"ImageObject\",\"inLanguage\":\"es\",\"@id\":\"https:\\\/\\\/contadoreshoy.com\\\/?p=5806#primaryimage\",\"url\":\"https:\\\/\\\/contadoreshoy.com\\\/wp-content\\\/uploads\\\/2015\\\/09\\\/finca-raiz.jpg\",\"contentUrl\":\"https:\\\/\\\/contadoreshoy.com\\\/wp-content\\\/uploads\\\/2015\\\/09\\\/finca-raiz.jpg\",\"width\":400,\"height\":300},{\"@type\":\"BreadcrumbList\",\"@id\":\"https:\\\/\\\/contadoreshoy.com\\\/?p=5806#breadcrumb\",\"itemListElement\":[{\"@type\":\"ListItem\",\"position\":1,\"name\":\"Portada\",\"item\":\"https:\\\/\\\/contadoreshoy.com\\\/\"},{\"@type\":\"ListItem\",\"position\":2,\"name\":\"Utilidad gravada en venta voluntaria de inmueble\"}]},{\"@type\":\"WebSite\",\"@id\":\"https:\\\/\\\/contadoreshoy.com\\\/#website\",\"url\":\"https:\\\/\\\/contadoreshoy.com\\\/\",\"name\":\"Contadorespublicossantander\",\"description\":\"Portal para Contadores P\u00fablicos y empresarios\",\"publisher\":{\"@id\":\"https:\\\/\\\/contadoreshoy.com\\\/#organization\"},\"potentialAction\":[{\"@type\":\"SearchAction\",\"target\":{\"@type\":\"EntryPoint\",\"urlTemplate\":\"https:\\\/\\\/contadoreshoy.com\\\/?s={search_term_string}\"},\"query-input\":{\"@type\":\"PropertyValueSpecification\",\"valueRequired\":true,\"valueName\":\"search_term_string\"}}],\"inLanguage\":\"es\"},{\"@type\":\"Organization\",\"@id\":\"https:\\\/\\\/contadoreshoy.com\\\/#organization\",\"name\":\"Contadores P\u00fablicos de Santander\",\"url\":\"https:\\\/\\\/contadoreshoy.com\\\/\",\"logo\":{\"@type\":\"ImageObject\",\"inLanguage\":\"es\",\"@id\":\"https:\\\/\\\/contadoreshoy.com\\\/#\\\/schema\\\/logo\\\/image\\\/\",\"url\":\"https:\\\/\\\/contadoreshoy.com\\\/wp-content\\\/uploads\\\/2024\\\/01\\\/cropped-cropped-Copia-de-M-1.jpg\",\"contentUrl\":\"https:\\\/\\\/contadoreshoy.com\\\/wp-content\\\/uploads\\\/2024\\\/01\\\/cropped-cropped-Copia-de-M-1.jpg\",\"width\":499,\"height\":500,\"caption\":\"Contadores P\u00fablicos de Santander\"},\"image\":{\"@id\":\"https:\\\/\\\/contadoreshoy.com\\\/#\\\/schema\\\/logo\\\/image\\\/\"},\"sameAs\":[\"https:\\\/\\\/www.facebook.com\\\/CCCPBucaramanga\\\/\"]},{\"@type\":\"Person\",\"@id\":\"https:\\\/\\\/contadoreshoy.com\\\/#\\\/schema\\\/person\\\/96d8979cb865537c5dc9345e40089fc5\",\"name\":\"Miguel Antonio M\u00e1rquez Monta\u00f1ez\",\"description\":\"Contador P\u00fablico egresado de la Universidad Aut\u00f3noma de Bucaramanga - Asesor contable tributario con m\u00e1s de 25 a\u00f1os de experiencia - Conferencista en temas contables y tributarios - T\u00e9cnico en Hardware y Dise\u00f1o Web - Creador y director Grupo de Estudio Colegio Colombiano de Contadores P\u00fablicos de Bucaramanga - Creador y Master Web p\u00e1gina www.contadoresp\u00fablicossantander.com - Expresidente Colegio Colombiano de Contadores P\u00fablicos Bucaramanga\",\"url\":\"https:\\\/\\\/contadoreshoy.com\\\/?author=1\"}]}<\/script>\n<!-- \/ Yoast SEO plugin. -->","yoast_head_json":{"title":"Utilidad gravada en venta voluntaria de inmueble - Contadores P\u00fablicos","robots":{"index":"index","follow":"follow","max-snippet":"max-snippet:-1","max-image-preview":"max-image-preview:large","max-video-preview":"max-video-preview:-1"},"canonical":"https:\/\/contadoreshoy.com\/?p=5806","og_locale":"es_ES","og_type":"article","og_title":"Utilidad gravada en venta voluntaria de inmueble - Contadores P\u00fablicos","og_description":"Se consulta si a la luz del art\u00edculo 4\u00ba del Decreto n\u00famero 1056 de 1953, el art\u00edculo 1\u00ba de la Ley 1274 de 2009 y el art\u00edculo 58 de la Ley 388 de 1997 se encuentra gravada con renta la utilidad obtenida en la enajenaci\u00f3n voluntaria de un inmueble a una Empresa Industrial y Comercial del Estado con destino a la construcci\u00f3n de una refiner\u00eda de petr\u00f3leos.","og_url":"https:\/\/contadoreshoy.com\/?p=5806","og_site_name":"Contadores P\u00fablicos","article_publisher":"https:\/\/www.facebook.com\/CCCPBucaramanga\/","article_published_time":"2015-09-10T02:50:58+00:00","article_modified_time":"2017-02-05T03:00:57+00:00","og_image":[{"width":400,"height":300,"url":"https:\/\/contadoreshoy.com\/wp-content\/uploads\/2015\/09\/finca-raiz.jpg","type":"image\/jpeg"}],"author":"Miguel Antonio M\u00e1rquez Monta\u00f1ez","twitter_card":"summary_large_image","twitter_misc":{"Escrito por":"Miguel Antonio M\u00e1rquez Monta\u00f1ez","Tiempo de lectura":"7 minutos"},"schema":{"@context":"https:\/\/schema.org","@graph":[{"@type":"Article","@id":"https:\/\/contadoreshoy.com\/?p=5806#article","isPartOf":{"@id":"https:\/\/contadoreshoy.com\/?p=5806"},"author":{"name":"Miguel Antonio M\u00e1rquez Monta\u00f1ez","@id":"https:\/\/contadoreshoy.com\/#\/schema\/person\/96d8979cb865537c5dc9345e40089fc5"},"headline":"Utilidad gravada en venta voluntaria de inmueble","datePublished":"2015-09-10T02:50:58+00:00","dateModified":"2017-02-05T03:00:57+00:00","mainEntityOfPage":{"@id":"https:\/\/contadoreshoy.com\/?p=5806"},"wordCount":1381,"commentCount":0,"publisher":{"@id":"https:\/\/contadoreshoy.com\/#organization"},"image":{"@id":"https:\/\/contadoreshoy.com\/?p=5806#primaryimage"},"thumbnailUrl":"https:\/\/contadoreshoy.com\/wp-content\/uploads\/2015\/09\/finca-raiz.jpg","articleSection":["Conceptos y Oficios DIAN"],"inLanguage":"es","potentialAction":[{"@type":"CommentAction","name":"Comment","target":["https:\/\/contadoreshoy.com\/?p=5806#respond"]}]},{"@type":"WebPage","@id":"https:\/\/contadoreshoy.com\/?p=5806","url":"https:\/\/contadoreshoy.com\/?p=5806","name":"Utilidad gravada en venta voluntaria de inmueble - Contadores P\u00fablicos","isPartOf":{"@id":"https:\/\/contadoreshoy.com\/#website"},"primaryImageOfPage":{"@id":"https:\/\/contadoreshoy.com\/?p=5806#primaryimage"},"image":{"@id":"https:\/\/contadoreshoy.com\/?p=5806#primaryimage"},"thumbnailUrl":"https:\/\/contadoreshoy.com\/wp-content\/uploads\/2015\/09\/finca-raiz.jpg","datePublished":"2015-09-10T02:50:58+00:00","dateModified":"2017-02-05T03:00:57+00:00","breadcrumb":{"@id":"https:\/\/contadoreshoy.com\/?p=5806#breadcrumb"},"inLanguage":"es","potentialAction":[{"@type":"ReadAction","target":["https:\/\/contadoreshoy.com\/?p=5806"]}]},{"@type":"ImageObject","inLanguage":"es","@id":"https:\/\/contadoreshoy.com\/?p=5806#primaryimage","url":"https:\/\/contadoreshoy.com\/wp-content\/uploads\/2015\/09\/finca-raiz.jpg","contentUrl":"https:\/\/contadoreshoy.com\/wp-content\/uploads\/2015\/09\/finca-raiz.jpg","width":400,"height":300},{"@type":"BreadcrumbList","@id":"https:\/\/contadoreshoy.com\/?p=5806#breadcrumb","itemListElement":[{"@type":"ListItem","position":1,"name":"Portada","item":"https:\/\/contadoreshoy.com\/"},{"@type":"ListItem","position":2,"name":"Utilidad gravada en venta voluntaria de inmueble"}]},{"@type":"WebSite","@id":"https:\/\/contadoreshoy.com\/#website","url":"https:\/\/contadoreshoy.com\/","name":"Contadorespublicossantander","description":"Portal para Contadores P\u00fablicos y empresarios","publisher":{"@id":"https:\/\/contadoreshoy.com\/#organization"},"potentialAction":[{"@type":"SearchAction","target":{"@type":"EntryPoint","urlTemplate":"https:\/\/contadoreshoy.com\/?s={search_term_string}"},"query-input":{"@type":"PropertyValueSpecification","valueRequired":true,"valueName":"search_term_string"}}],"inLanguage":"es"},{"@type":"Organization","@id":"https:\/\/contadoreshoy.com\/#organization","name":"Contadores P\u00fablicos de Santander","url":"https:\/\/contadoreshoy.com\/","logo":{"@type":"ImageObject","inLanguage":"es","@id":"https:\/\/contadoreshoy.com\/#\/schema\/logo\/image\/","url":"https:\/\/contadoreshoy.com\/wp-content\/uploads\/2024\/01\/cropped-cropped-Copia-de-M-1.jpg","contentUrl":"https:\/\/contadoreshoy.com\/wp-content\/uploads\/2024\/01\/cropped-cropped-Copia-de-M-1.jpg","width":499,"height":500,"caption":"Contadores P\u00fablicos de Santander"},"image":{"@id":"https:\/\/contadoreshoy.com\/#\/schema\/logo\/image\/"},"sameAs":["https:\/\/www.facebook.com\/CCCPBucaramanga\/"]},{"@type":"Person","@id":"https:\/\/contadoreshoy.com\/#\/schema\/person\/96d8979cb865537c5dc9345e40089fc5","name":"Miguel Antonio M\u00e1rquez Monta\u00f1ez","description":"Contador P\u00fablico egresado de la Universidad Aut\u00f3noma de Bucaramanga - Asesor contable tributario con m\u00e1s de 25 a\u00f1os de experiencia - Conferencista en temas contables y tributarios - T\u00e9cnico en Hardware y Dise\u00f1o Web - Creador y director Grupo de Estudio Colegio Colombiano de Contadores P\u00fablicos de Bucaramanga - Creador y Master Web p\u00e1gina www.contadoresp\u00fablicossantander.com - Expresidente Colegio Colombiano de Contadores P\u00fablicos Bucaramanga","url":"https:\/\/contadoreshoy.com\/?author=1"}]}},"_links":{"self":[{"href":"https:\/\/contadoreshoy.com\/index.php?rest_route=\/wp\/v2\/posts\/5806","targetHints":{"allow":["GET"]}}],"collection":[{"href":"https:\/\/contadoreshoy.com\/index.php?rest_route=\/wp\/v2\/posts"}],"about":[{"href":"https:\/\/contadoreshoy.com\/index.php?rest_route=\/wp\/v2\/types\/post"}],"author":[{"embeddable":true,"href":"https:\/\/contadoreshoy.com\/index.php?rest_route=\/wp\/v2\/users\/1"}],"replies":[{"embeddable":true,"href":"https:\/\/contadoreshoy.com\/index.php?rest_route=%2Fwp%2Fv2%2Fcomments&post=5806"}],"version-history":[{"count":1,"href":"https:\/\/contadoreshoy.com\/index.php?rest_route=\/wp\/v2\/posts\/5806\/revisions"}],"predecessor-version":[{"id":8072,"href":"https:\/\/contadoreshoy.com\/index.php?rest_route=\/wp\/v2\/posts\/5806\/revisions\/8072"}],"wp:featuredmedia":[{"embeddable":true,"href":"https:\/\/contadoreshoy.com\/index.php?rest_route=\/wp\/v2\/media\/5791"}],"wp:attachment":[{"href":"https:\/\/contadoreshoy.com\/index.php?rest_route=%2Fwp%2Fv2%2Fmedia&parent=5806"}],"wp:term":[{"taxonomy":"category","embeddable":true,"href":"https:\/\/contadoreshoy.com\/index.php?rest_route=%2Fwp%2Fv2%2Fcategories&post=5806"},{"taxonomy":"post_tag","embeddable":true,"href":"https:\/\/contadoreshoy.com\/index.php?rest_route=%2Fwp%2Fv2%2Ftags&post=5806"}],"curies":[{"name":"wp","href":"https:\/\/api.w.org\/{rel}","templated":true}]}}