{"id":5855,"date":"2015-09-14T23:16:36","date_gmt":"2015-09-15T04:16:36","guid":{"rendered":"http:\/\/colegiocolombianodecontadores.com\/?p=5855"},"modified":"2017-02-04T22:00:57","modified_gmt":"2017-02-05T03:00:57","slug":"fotografo-trabajador-por-cuenta-propia","status":"publish","type":"post","link":"https:\/\/contadoreshoy.com\/?p=5855","title":{"rendered":"Fotogr\u00e1fo trabajador por cuenta propia ?"},"content":{"rendered":"<p style=\"text-align: center;\"><strong>OFICIO N\u00daMERO 022540 DE 2015 &#8211; DIAN<\/strong><\/p>\n<p style=\"text-align: center;\">(agosto 3)<\/p>\n<p>&nbsp;<\/p>\n<p>Subdirector de Gesti\u00f3n Normativa y Doctrina<\/p>\n<p>&nbsp;<\/p>\n<p>Bogot\u00e1, D. C., 24 de julio de 2015<\/p>\n<p>&nbsp;<\/p>\n<p>100208221-000915<\/p>\n<p>&nbsp;<\/p>\n<p><strong>Referencia<\/strong>: \u00a0\u00a0\u00a0\u00a0\u00a0\u00a0 Radicado 100011903 del 24\/04\/2015<\/p>\n<p>Tema \u00a0\u00a0\u00a0\u00a0\u00a0\u00a0\u00a0 \u00a0\u00a0\u00a0\u00a0\u00a0\u00a0\u00a0\u00a0\u00a0\u00a0\u00a0 Retenci\u00f3n en la fuente<\/p>\n<p>&nbsp;<\/p>\n<p>Descriptores \u00a0 Retenci\u00f3n en la fuente por rentas de trabajo Fuentes Formales Estatuto Tributario, art\u00edculos 329, 383 y 384; Decreto 3032 de 2013, art\u00edculos 1\u00b0 y 2\u00b0.<\/p>\n<p>&nbsp;<\/p>\n<p>De conformidad con el art\u00edculo 19 del Decreto 4048 de 2008, es funci\u00f3n de esta Direcci\u00f3n absolver las consultas escritas que se formulen sobre la interpretaci\u00f3n y aplicaci\u00f3n de las normas tributarias de car\u00e1cter nacional, aduaneras y cambiarias en lo de competencia de la Entidad, \u00e1mbito dentro del cual ser\u00e1 atendida su petici\u00f3n.<\/p>\n<p>&nbsp;<\/p>\n<p><span style=\"color: #0000ff;\">Consulta en el escrito de la referencia, si un fot\u00f3grafo que utiliza sus equipos para la prestaci\u00f3n del servicio de fotograf\u00eda, es considerado como trabajador por cuenta propia o como empleado, para efectos de retenci\u00f3n en la fuente.<\/span><\/p>\n<p>&nbsp;<\/p>\n<p>Sobre el particular se considera:<\/p>\n<p>&nbsp;<\/p>\n<p>En reiteradas oportunidades este Despacho se ha referido a los criterios que determinan la clasificaci\u00f3n de las personas naturales residentes en el pa\u00eds, en las categor\u00edas de empleado, trabajador por cuenta propia y otros contribuyentes, para efectos tributarios, una de ellas a trav\u00e9s del Oficio 017857 del 26 de marzo de 2013, el que por constituir doctrina vigente en la materia, transcribimos a continuaci\u00f3n parcialmente:<\/p>\n<p>&nbsp;<\/p>\n<p>\u201cDe conformidad con el art\u00edculo 329 del Estatuto Tributario, las personas naturales residentes en el pa\u00eds se clasifican en una de las siguientes categor\u00edas tributarias: empleado, trabajador por cuenta propia y otros contribuyentes.<\/p>\n<p>&nbsp;<\/p>\n<ol>\n<li>Empleado<\/li>\n<\/ol>\n<p>&nbsp;<\/p>\n<p>Es la persona natural residente en el pa\u00eds, cuyos ingresos provienen en un ochenta por ciento (80%) o m\u00e1s, de la prestaci\u00f3n de servicios de manera personal o de la realizaci\u00f3n de una actividad econ\u00f3mica por cuenta y riesgo del empleador o contratante, mediante una vinculaci\u00f3n laboral o legal y reglamentaria y\/o de cualquier otra naturaleza, independientemente de su denominaci\u00f3n.<\/p>\n<p>&nbsp;<\/p>\n<p>Igualmente pertenecen a la categor\u00eda de empleado las personas naturales residentes en el pa\u00eds que presten servicios en ejercicio de profesiones liberales o que presten servicios t\u00e9cnicos que no requieran la utilizaci\u00f3n de materiales o insumos especializados o de maquinaria especializada, siempre que el ochenta por ciento (80%) o m\u00e1s de sus ingresos provengan del ejercicio de dicha actividad.<\/p>\n<p>&nbsp;<\/p>\n<ol start=\"2\">\n<li>Trabajador por cuenta propia<\/li>\n<\/ol>\n<p>&nbsp;<\/p>\n<p>Se entiende como trabajador por cuenta propia, toda persona natural residente en el pa\u00eds, cuyos ingresos provienen en un ochenta por ciento (80%) o m\u00e1s de la realizaci\u00f3n de las actividades econ\u00f3micas se\u00f1aladas en el art\u00edculo 340 del Estatuto Tributario y cuya Renta Gravable Alternativa sea inferior a veintisiete mil (27.000) UVT, a saber:<\/p>\n<p>&nbsp;<\/p>\n<p>Actividades deportivas y otras actividades de esparcimiento:<\/p>\n<ul>\n<li>Agropecuario, silvicultura y pesca<\/li>\n<li>Comercio al por mayor<\/li>\n<li>Comercio al por menor<\/li>\n<li>Comercio de veh\u00edculos automotores, accesorios y productos conexos<\/li>\n<li>Construcci\u00f3n<\/li>\n<li>Electricidad, gas y vapor<\/li>\n<li>Fabricaci\u00f3n de productos minerales y otros<\/li>\n<li>Fabricaci\u00f3n de sustancias qu\u00edmicas<\/li>\n<li>Industria de la madera, corcho y papel<\/li>\n<li>Manufactura alimentos<\/li>\n<li>Manufactura textiles, prendas de vestir y cuero<\/li>\n<li>Miner\u00eda<\/li>\n<li>Servicio de transporte, almacenamiento y comunicaciones<\/li>\n<li>Servicios de hoteles, restaurantes y similares<\/li>\n<li>Servicios financieros<\/li>\n<\/ul>\n<p>&nbsp;<\/p>\n<ol start=\"3\">\n<li>Otros contribuyentes<\/li>\n<\/ol>\n<p>&nbsp;<\/p>\n<p>A esta categor\u00eda tributaria pertenecen, entre otros, las personas naturales residentes en el pa\u00eds que no clasifiquen dentro de las categor\u00edas de empleado o trabajador por cuenta propia, los pensionados que en virtud de sus dem\u00e1s ingresos no deban clasificarse en las categor\u00edas anteriores, los notarios (Decreto-ley 960 de 1970) y los servidores p\u00fablicos diplom\u00e1ticos, consulares y administrativos del Ministerio de Relaciones Exteriores a que se refiere el art\u00edculo 206-1 del Estatuto Tributario.(&#8230;)\u201d.<\/p>\n<p>&nbsp;<\/p>\n<p>Considerando los efectos que genera el art\u00edculo 329 del Estatuto Tributario en la aplicaci\u00f3n del r\u00e9gimen del impuesto sobre la renta y complementarios y en la pr\u00e1ctica de las retenciones en la fuente que a t\u00edtulo del mismo impuesto se deben efectuar a los contribuyentes, el Decreto 3032 de 2013 en su art\u00edculo 1\u00b0 precisa las definiciones, condiciones y requisitos que permiten la clasificaci\u00f3n de los contribuyentes en una o en otra categor\u00eda tributaria, de la siguiente manera:<\/p>\n<p>&nbsp;<\/p>\n<p>\u201c\u2026Profesi\u00f3n liberal: Se entiende por profesi\u00f3n liberal, toda actividad personal en la cual predomina el ejercicio del intelecto, reconocida por el Estado y para cuyo ejercicio se requiere:<\/p>\n<p>&nbsp;<\/p>\n<ol>\n<li>Habilitaci\u00f3n mediante t\u00edtulo acad\u00e9mico de estudios y grado de educaci\u00f3n superior; o habilitaci\u00f3n Estatal para las personas que sin t\u00edtulo profesional fueron autorizadas para ejercer.<\/li>\n<li>Inscripci\u00f3n en el registro nacional que las autoridades estatales de vigilancia, control y disciplinarias lleven conforme con la ley que regula la profesi\u00f3n liberal de que se trate, cuando la misma est\u00e9 oficialmente reglada.<\/li>\n<\/ol>\n<p>&nbsp;<\/p>\n<p>Se entiende que una persona ejerce una profesi\u00f3n liberal cuando realiza labores propias de tal profesi\u00f3n, independientemente de si tiene las habilitaciones o registros establecidos en las normas vigentes.<\/p>\n<p>&nbsp;<\/p>\n<p>Servicio t\u00e9cnico: Se considera servicio t\u00e9cnico la actividad, labor o trabajo prestado directamente por una persona natural mediante contrato de prestaci\u00f3n de servicios personales, para la utilizaci\u00f3n de conocimientos aplicados por medio del ejercicio de un arte, oficio o t\u00e9cnica, sin transferencia de dicho conocimiento. Los servicios prestados en ejercicio de una profesi\u00f3n liberal no se consideran servicios t\u00e9cnicos.<\/p>\n<p>&nbsp;<\/p>\n<p>Insumos o materiales especializados: Aquellos elementos tangibles y consumibles, adquiridos y utilizados \u00fanicamente para la prestaci\u00f3n del servicio o la realizaci\u00f3n de la actividad econ\u00f3mica que es fuente principal de su ingreso, y no con otros fines personales, comerciales o de otra \u00edndole, y para cuya utilizaci\u00f3n, manipulaci\u00f3n o aplicaci\u00f3n se requiere un espec\u00edfico conocimiento t\u00e9cnico o tecnol\u00f3gico.<\/p>\n<p>Maquinaria o equipo especializado: El conjunto de instrumentos, aparatos o dispositivos tangibles, adquiridos y utilizados \u00fanicamente para el desempe\u00f1o del servicio o la realizaci\u00f3n de la actividad econ\u00f3mica que es fuente principal de su ingreso, y no con otros fines personales, comerciales o de otra \u00edndole, y para cuya utilizaci\u00f3n, manipulaci\u00f3n o aplicaci\u00f3n se requiere un espec\u00edfico conocimiento t\u00e9cnico o tecnol\u00f3gico.<\/p>\n<p>&nbsp;<\/p>\n<p>Cuenta y riesgo propio:<\/p>\n<p>&nbsp;<\/p>\n<ol>\n<li>Una persona natural presta servicios personales por cuenta y riesgo propio si cumple la totalidad de las siguientes condiciones:<\/li>\n<\/ol>\n<p>&nbsp;<\/p>\n<ol>\n<li>Asume las p\u00e9rdidas monetarias que resulten de la prestaci\u00f3n del servicio;<\/li>\n<li>Asume la responsabilidad ante terceros por errores o fallas en la prestaci\u00f3n del servicio;<\/li>\n<li>Sus ingresos por concepto de esos servicios provienen de m\u00e1s de un contratante o pagador, cuyos contratos deben ser simult\u00e1neos al menos durante un mes del periodo gravable, y<\/li>\n<li>Incurre en costos y gastos fijos y necesarios para la prestaci\u00f3n de tales servicios, no relacionados directamente con alg\u00fan contrato espec\u00edfico, que representan al menos el veinticinco por ciento (25%) del total de los ingresos por servicios percibidos por la persona en el respectivo a\u00f1o gravable.<\/li>\n<\/ol>\n<p>&nbsp;<\/p>\n<ol start=\"2\">\n<li>Una persona natural realiza actividades econ\u00f3micas por cuenta y riesgo propio, distintas a la prestaci\u00f3n de servicios personales, si cumple la totalidad de las siguientes condiciones:<\/li>\n<\/ol>\n<p>&nbsp;<\/p>\n<ol>\n<li>Asume las p\u00e9rdidas monetarias que resulten de la realizaci\u00f3n de la actividad;<\/li>\n<\/ol>\n<p>&nbsp;<\/p>\n<p>Asume la responsabilidad ante terceros por errores o fallas en la realizaci\u00f3n de la actividad; c) Sus ingresos por concepto de esos servicios provienen de m\u00e1s de un contratante o pagador, cuyos contratos deben ser simult\u00e1neos al menos durante un mes del periodo gravable\u201d.<\/p>\n<p>&nbsp;<\/p>\n<p>El art\u00edculo 2\u00b0 del mencionado reglamento a su vez dispone:<\/p>\n<p>&nbsp;<\/p>\n<p>\u201c<strong>Art\u00edculo 2\u00b0. <em>Empleado<\/em>.<\/strong> Una persona natural residente en el pa\u00eds se considera empleado para efectos tributarios si en el respectivo a\u00f1o gravable cumple con uno de los tres conjuntos de condiciones siguientes:<\/p>\n<p>&nbsp;<\/p>\n<ol>\n<li>Conjunto 1:<\/li>\n<\/ol>\n<p>&nbsp;<\/p>\n<p>Sus ingresos brutos provienen en una proporci\u00f3n igual o superior a un ochenta por ciento (80%), de una vinculaci\u00f3n laboral o legal y reglamentaria, independientemente de su denominaci\u00f3n.<\/p>\n<p>&nbsp;<\/p>\n<ol start=\"2\">\n<li>Conjunto 2:<\/li>\n<\/ol>\n<p>&nbsp;<\/p>\n<ol>\n<li>Sus ingresos brutos provienen, en una proporci\u00f3n igual o superior a un ochenta por ciento (80%), de la prestaci\u00f3n de servicios de manera personal o de la realizaci\u00f3n de una actividad econ\u00f3mica, mediante una vinculaci\u00f3n de cualquier naturaleza, independientemente de su denominaci\u00f3n;<\/li>\n<li>No presta el respectivo servicio, o no realiza la actividad econ\u00f3mica, por su cuenta<\/li>\n<\/ol>\n<p>y riesgo, de conformidad con lo previsto en el art\u00edculo anterior.<\/p>\n<p>&nbsp;<\/p>\n<ol start=\"3\">\n<li>Conjunto 3:<\/li>\n<\/ol>\n<p>&nbsp;<\/p>\n<ol>\n<li>Sus ingresos brutos provienen, en una proporci\u00f3n igual o superior a un ochenta por ciento (80%), de la prestaci\u00f3n de servicios de manera personal o de la realizaci\u00f3n de una actividad econ\u00f3mica, mediante una vinculaci\u00f3n de cualquier naturaleza, independientemente de su denominaci\u00f3n;<\/li>\n<li>Presta el respectivo servicio, o realiza la actividad econ\u00f3mica, por su cuenta y riesgo,<\/li>\n<\/ol>\n<p>de conformidad con lo previsto en el art\u00edculo anterior;<\/p>\n<ol>\n<li>No presta servicios t\u00e9cnicos que requieren materiales o insumos especializados, o<\/li>\n<\/ol>\n<p>maquinaria o equipo especializado;<\/p>\n<ol>\n<li>El desarrollo de ninguna de las actividades se\u00f1aladas en el art\u00edculo 340 del Estatuto<\/li>\n<\/ol>\n<p>Tributario le genera m\u00e1s del veinte por ciento (20%) de sus ingresos brutos;<\/p>\n<ol>\n<li>No deriva m\u00e1s del veinte por ciento (20%) de sus ingresos del expendio, compraventa o distribuci\u00f3n de bienes y mercanc\u00edas, al por mayor o al por menor; ni de la producci\u00f3n, extracci\u00f3n, fabricaci\u00f3n, confecci\u00f3n, preparaci\u00f3n, transformaci\u00f3n, manufactura y ensamblaje de cualquier clase de materiales o bienes.<\/li>\n<\/ol>\n<p>&nbsp;<\/p>\n<p><strong>Par\u00e1grafo 1\u00b0.<\/strong> Para establecer el monto del ochenta por ciento (80%) a que se refieren los numerales precedentes, deben computarse y sumarse tanto los ingresos provenientes de la relaci\u00f3n laboral o legal y reglamentaria, los ingresos provenientes del ejercicio de profesiones liberales como tambi\u00e9n los provenientes de la prestaci\u00f3n de servicios t\u00e9cnicos, en el evento en que se perciban por un mismo contribuyente.<\/p>\n<p>&nbsp;<\/p>\n<p><strong>Par\u00e1grafo 2\u00b0.<\/strong> Para efectos de lo dispuesto en el art\u00edculo 329 del Estatuto Tributario se tendr\u00e1n en cuenta la totalidad de los ingresos que reciba la persona natural residente en el pa\u00eds, directa o indirectamente, con ocasi\u00f3n de la relaci\u00f3n contractual, laboral, legal o reglamentaria, independientemente de la denominaci\u00f3n o fuente que se le atribuya a dichos pagos\u201d.<\/p>\n<p>&nbsp;<\/p>\n<p>El art\u00edculo 3\u00b0 ib\u00eddem finalmente establece las condiciones para clasificarse en la categor\u00eda de trabajador por cuenta propia de la siguiente manera:<\/p>\n<p>&nbsp;<\/p>\n<p>\u201c<strong>Art\u00edculo 3\u00b0. <em>Trabajador por cuenta propia.<\/em><\/strong> Para los efectos del c\u00e1lculo del Impuesto M\u00ednimo Alternativo Simplificado (IMAS), de conformidad con lo establecido en los art\u00edculos 336 a 341 del Estatuto Tributario, una persona natural residente en el pa\u00eds se clasifica como trabajador por cuenta propia si en el respectivo a\u00f1o gravable cumple la totalidad de las siguientes condiciones:<\/p>\n<p>&nbsp;<\/p>\n<ol>\n<li>Sus ingresos provienen, en una proporci\u00f3n igual o superior a un ochenta por ciento (80%), de la realizaci\u00f3n de solo una de las actividades econ\u00f3micas se\u00f1aladas en el art\u00edculo 340 del Estatuto Tributario.<\/li>\n<li>Presta el servicio por su cuenta y riesgo.<\/li>\n<li>Su Renta Gravable Alternativa (RGA) es inferior a veintisiete mil (27.000) UVT.<\/li>\n<li>El patrimonio l\u00edquido declarado en el periodo gravable anterior es inferior a doce mil (12.000) UVT.<\/li>\n<\/ol>\n<p>&nbsp;<\/p>\n<p><strong>Par\u00e1grafo.<\/strong> Para efectos de establecer si una persona natural residente en el pa\u00eds clasifica en la categor\u00eda tributaria de trabajador por cuenta propia, las actividades econ\u00f3micas a que se refiere el art\u00edculo 340 del Estatuto Tributario se homologar\u00e1n, a los c\u00f3digos que correspondan a la misma actividad en la Resoluci\u00f3n n\u00famero 000139 de 2012 o las que la adicionen, sustituyan o modifiquen\u201d.<\/p>\n<p>&nbsp;<\/p>\n<p><span style=\"color: #ff9900;\">Ahora bien, en relaci\u00f3n con la actividad desarrollada por los profesionales de la fotograf\u00eda, vale la pena citar lo que en relaci\u00f3n con ella se afirm\u00f3 en el Concepto 007799 de 1993 en el que se manifest\u00f3: <strong><em>\u201c&#8230;la actividad de los profesionales de la fotograf\u00eda, supone una dedicaci\u00f3n profesional especializada y art\u00edstica, en la cual prima el factor intelectual sobre el puramente mec\u00e1nico o material\u2026\u201d.<\/em><\/strong><\/span><\/p>\n<p>&nbsp;<\/p>\n<p>Algunos elementos adicionales para determinar la clasificaci\u00f3n de los contribuyentes en una o en otra categor\u00eda tributaria fueron se\u00f1alados por esta Subdirecci\u00f3n en el Oficio 041872 de 2014 en el que se sostuvo:<\/p>\n<p>&nbsp;<\/p>\n<p>\u201cNo obstante los diferentes tipos de remuneraci\u00f3n, esta Dependencia ha considerado que \u201c&#8230; en los casos de prestaci\u00f3n de servicios de manera personal, no es relevante el tipo de vinculaci\u00f3n-laboral o legal y reglamentaria, o de cualquier otra naturaleza, ni su denominaci\u00f3n, para que sea catalogado como empleado, siempre que se cumplan los requisitos previstos en la ley para recibir tal calificaci\u00f3n. Igualmente, el concepto por el que sean percibidos los ingresos, verbigracia honorarios, no desnaturaliza la categor\u00eda de empleado, siempre y cuando se cumplan las condiciones exigidas en la ley para ostentar tal calidad\u201d. (Resaltado fuera de texto). Oficio 73472 de 2013\u2026\u201d.<\/p>\n<p>&nbsp;<\/p>\n<p>A partir de las disposiciones enunciadas corresponde al consultante establecer la categor\u00eda a la cual pertenece seg\u00fan las condiciones que cumpla, una vez establecida, para efectos de retenci\u00f3n en la fuente, de manera atenta nos remitimos a lo expuesto en el ya citado Oficio 017857 de 2014 en el que se manifest\u00f3:<\/p>\n<p>\u201c\u2026En materia de retenci\u00f3n en la fuente por concepto de rentas de trabajo, con base en la interpretaci\u00f3n arm\u00f3nica de los art\u00edculos 383 y 384 del Estatuto Tributario y del Decreto Reglamentario 00099 de 2013, se coligen las siguientes reglas:<\/p>\n<p>&nbsp;<\/p>\n<ol>\n<li>Retenci\u00f3n en la fuente para personas naturales pertenecientes a la categor\u00eda de empleados.<\/li>\n<\/ol>\n<p>&nbsp;<\/p>\n<p>A los pagos o abonos en cuenta efectuados a las personas naturales residentes en el pa\u00eds, pertenecientes a la categor\u00eda de empleados les aplica a partir del 1\u00b0 de enero de 2013, la tabla de retenci\u00f3n en la fuente contenida en el art\u00edculo 383 del Estatuto Tributario reglamentado por el Decreto 00099 de 2013.<\/p>\n<p>&nbsp;<\/p>\n<p>A partir del 1\u00b0 de abril de 2013, la retenci\u00f3n en la fuente mensual sobre los pagos o abonos en cuenta efectuados a las personas naturales residentes en el pa\u00eds pertenecientes a la categor\u00eda de empleados, cuyos ingresos totales en el a\u00f1o gravable inmediatamente anterior, sean iguales o superiores a cuatro mil setenta y tres (4.073) UVT, en ning\u00fan caso puede ser inferior a la que resulte mayor al aplicar la tabla del art\u00edculo 383 y la tabla del art\u00edculo 384 del Estatuto Tributario.<\/p>\n<p>&nbsp;<\/p>\n<ol start=\"2\">\n<li>Retenci\u00f3n en la fuente para personas naturales no pertenecientes a la categor\u00eda de empleados.<\/li>\n<\/ol>\n<p>&nbsp;<\/p>\n<ul>\n<li>Pagos provenientes de una relaci\u00f3n laboral<\/li>\n<\/ul>\n<p>&nbsp;<\/p>\n<ul>\n<li>Los pagos gravables provenientes de una relaci\u00f3n laboral o legal y reglamentaria, efectuados a personas naturales residentes en el pa\u00eds no pertenecientes a la categor\u00eda de empleados, est\u00e1n sometidos a la tabla de retenci\u00f3n en la fuente prevista en el art\u00edculo 383 del Estatuto Tributario.<\/li>\n<li>Los pagos gravables, por concepto de pensiones de jubilaci\u00f3n, invalidez, vejez, de sobrevivientes y sobre riesgos laborales, est\u00e1n sometidos a la tabla de retenci\u00f3n en la fuente prevista en el art\u00edculo 383 del Estatuto Tributario en consonancia con lo establecido en el art\u00edculo 206 del mismo ordenamiento.<\/li>\n<\/ul>\n<p>&nbsp;<\/p>\n<ul>\n<li>Pagos o abonos en cuenta por concepto de honorarios, comisiones y servicios.<\/li>\n<\/ul>\n<p>&nbsp;<\/p>\n<p>Los pagos o abonos en cuenta por concepto de honorarios, comisiones y servicios efectuados a personas naturales residentes en el pa\u00eds no pertenecientes a la categor\u00eda de empleados, est\u00e1n sometidos a las tarifas de retenci\u00f3n previstas en el art\u00edculo 392 del Estatuto Tributario en concordancia con el Decreto Reglamentario 260 de 2001.<\/p>\n<p>&nbsp;<\/p>\n<p><span style=\"color: #ff9900;\">En este contexto, para efectos de determinar el r\u00e9gimen de retenci\u00f3n en la fuente aplicable, es indispensable establecer la categor\u00eda tributaria a la cual pertenece la persona natural residente en el pa\u00eds beneficiaria del pago o abono en cuenta sobre el cual se practica la retenci\u00f3n.<\/span><\/p>\n<p>&nbsp;<\/p>\n<p><span style=\"color: #ff9900;\">As\u00ed las cosas, la retenci\u00f3n en la fuente aplicable sobre los pagos o abonos en cuenta efectuados a los sujetos denominados trabajadores independientes por la Ley 1527 de 2012, depender\u00e1 de la categor\u00eda tributaria en la cual deban clasificarse a la luz del art\u00edculo 329 del Estatuto Tributario\u2026\u201d.<\/span><\/p>\n<p>&nbsp;<\/p>\n<p>En los anteriores t\u00e9rminos se absuelve su consulta y cordialmente le informamos que tanto la normatividad en materia tributaria, aduanera y cambiaria, como los conceptos emitidos por la Direcci\u00f3n de Gesti\u00f3n Jur\u00eddica en estos temas pueden consultarse directamente en nuestras bases de datos jur\u00eddicas ingresando a la p\u00e1gina electr\u00f3nica de la DIAN: <u>http:\/\/ www.dian.qov.co<\/u> siguiendo el icono de \u201cNormatividad\u201d &#8211; \u201ct\u00e9cnica \u201c, y seleccionando los v\u00ednculos \u201cdoctrina\u201d y \u201cDirecci\u00f3n de Gesti\u00f3n Jur\u00eddica\u201d.<\/p>\n<p>&nbsp;<\/p>\n<p>Atentamente,<\/p>\n<p>&nbsp;<\/p>\n<p>El Subdirector de Gesti\u00f3n Normativa y Doctrina (e),<\/p>\n<p><em>Pedro Pablo Contreras Camargo.<\/em><\/p>\n<p><strong>(C. F.)<\/strong><\/p>\n","protected":false},"excerpt":{"rendered":"<p>Consulta en el escrito de la referencia, si un fot\u00f3grafo que utiliza sus equipos para la prestaci\u00f3n del servicio de fotograf\u00eda, es considerado como trabajador por cuenta propia o como empleado, para efectos de retenci\u00f3n en la fuente.<\/p>\n","protected":false},"author":1,"featured_media":5856,"comment_status":"open","ping_status":"open","sticky":false,"template":"","format":"standard","meta":{"_monsterinsights_skip_tracking":false,"ngg_post_thumbnail":0,"footnotes":"","_links_to":"","_links_to_target":""},"categories":[456,454],"tags":[],"class_list":["post-5855","post","type-post","status-publish","format-standard","has-post-thumbnail","hentry","category-conceptos-y-oficios-dian","category-sin-categoria"],"aioseo_notices":[],"aioseo_head":"\n\t\t<!-- All in One SEO 5.0.1.1 - aioseo.com -->\n\t<meta name=\"description\" content=\"Consulta en el escrito de la referencia, si un fot\u00f3grafo que utiliza sus equipos para la prestaci\u00f3n del servicio de fotograf\u00eda, es considerado como trabajador por cuenta propia o como empleado, para efectos de retenci\u00f3n en la fuente.\" \/>\n\t<meta name=\"robots\" content=\"max-image-preview:large\" \/>\n\t<meta name=\"author\" content=\"Miguel Antonio M\u00e1rquez Monta\u00f1ez\"\/>\n\t<link rel=\"canonical\" href=\"https:\/\/contadoreshoy.com\/?p=5855\" \/>\n\t<meta name=\"generator\" content=\"All in One SEO (AIOSEO) 5.0.1.1\" \/>\n\t\t<meta property=\"og:locale\" content=\"es_ES\" \/>\n\t\t<meta property=\"og:site_name\" content=\"Contadores P\u00fablicos - Portal para Contadores P\u00fablicos y empresarios\" \/>\n\t\t<meta property=\"og:type\" content=\"article\" \/>\n\t\t<meta property=\"og:title\" content=\"Fotogr\u00e1fo trabajador por cuenta propia ? - Contadores P\u00fablicos\" \/>\n\t\t<meta property=\"og:description\" content=\"Consulta en el escrito de la referencia, si un fot\u00f3grafo que utiliza sus equipos para la prestaci\u00f3n del servicio de fotograf\u00eda, es considerado como trabajador por cuenta propia o como empleado, para efectos de retenci\u00f3n en la fuente.\" \/>\n\t\t<meta property=\"og:url\" content=\"https:\/\/contadoreshoy.com\/?p=5855\" \/>\n\t\t<meta property=\"og:image\" content=\"https:\/\/contadoreshoy.com\/wp-content\/uploads\/2024\/01\/cropped-cropped-cropped-Copia-de-M.jpg\" \/>\n\t\t<meta property=\"og:image:secure_url\" content=\"https:\/\/contadoreshoy.com\/wp-content\/uploads\/2024\/01\/cropped-cropped-cropped-Copia-de-M.jpg\" \/>\n\t\t<meta property=\"og:image:width\" content=\"512\" \/>\n\t\t<meta property=\"og:image:height\" content=\"371\" \/>\n\t\t<meta property=\"article:published_time\" content=\"2015-09-15T04:16:36+00:00\" \/>\n\t\t<meta property=\"article:modified_time\" content=\"2017-02-05T03:00:57+00:00\" \/>\n\t\t<meta name=\"twitter:card\" content=\"summary_large_image\" \/>\n\t\t<meta name=\"twitter:title\" content=\"Fotogr\u00e1fo trabajador por cuenta propia ? - Contadores P\u00fablicos\" \/>\n\t\t<meta name=\"twitter:description\" content=\"Consulta en el escrito de la referencia, si un fot\u00f3grafo que utiliza sus equipos para la prestaci\u00f3n del servicio de fotograf\u00eda, es considerado como trabajador por cuenta propia o como empleado, para efectos de retenci\u00f3n en la fuente.\" \/>\n\t\t<meta name=\"twitter:image\" content=\"https:\/\/contadoreshoy.com\/wp-content\/uploads\/2024\/01\/cropped-cropped-cropped-Copia-de-M.jpg\" \/>\n\t\t<script type=\"application\/ld+json\" class=\"aioseo-schema\">\n\t\t\t{\"@context\":\"https:\\\/\\\/schema.org\",\"@graph\":[{\"@type\":\"BlogPosting\",\"@id\":\"https:\\\/\\\/contadoreshoy.com\\\/?p=5855#blogposting\",\"name\":\"Fotogr\\u00e1fo trabajador por cuenta propia ? - Contadores P\\u00fablicos\",\"headline\":\"Fotogr\\u00e1fo trabajador por cuenta propia ?\",\"author\":{\"@id\":\"https:\\\/\\\/contadoreshoy.com\\\/?author=1#author\"},\"publisher\":{\"@id\":\"https:\\\/\\\/contadoreshoy.com\\\/#organization\"},\"image\":{\"@type\":\"ImageObject\",\"url\":\"https:\\\/\\\/contadoreshoy.com\\\/wp-content\\\/uploads\\\/2015\\\/09\\\/Fotografo.jpg\",\"width\":400,\"height\":300},\"datePublished\":\"2015-09-14T23:16:36-05:00\",\"dateModified\":\"2017-02-04T22:00:57-05:00\",\"inLanguage\":\"es-ES\",\"mainEntityOfPage\":{\"@id\":\"https:\\\/\\\/contadoreshoy.com\\\/?p=5855#webpage\"},\"isPartOf\":{\"@id\":\"https:\\\/\\\/contadoreshoy.com\\\/?p=5855#webpage\"},\"articleSection\":\"Conceptos y Oficios DIAN, Sin categor\\u00eda\"},{\"@type\":\"BreadcrumbList\",\"@id\":\"https:\\\/\\\/contadoreshoy.com\\\/?p=5855#breadcrumblist\",\"itemListElement\":[{\"@type\":\"ListItem\",\"@id\":\"https:\\\/\\\/contadoreshoy.com#listItem\",\"position\":1,\"name\":\"Home\",\"item\":\"https:\\\/\\\/contadoreshoy.com\",\"nextItem\":{\"@type\":\"ListItem\",\"@id\":\"https:\\\/\\\/contadoreshoy.com\\\/?cat=454#listItem\",\"name\":\"Sin categor\\u00eda\"}},{\"@type\":\"ListItem\",\"@id\":\"https:\\\/\\\/contadoreshoy.com\\\/?cat=454#listItem\",\"position\":2,\"name\":\"Sin categor\\u00eda\",\"item\":\"https:\\\/\\\/contadoreshoy.com\\\/?cat=454\",\"nextItem\":{\"@type\":\"ListItem\",\"@id\":\"https:\\\/\\\/contadoreshoy.com\\\/?p=5855#listItem\",\"name\":\"Fotogr\\u00e1fo trabajador por cuenta propia ?\"},\"previousItem\":{\"@type\":\"ListItem\",\"@id\":\"https:\\\/\\\/contadoreshoy.com#listItem\",\"name\":\"Home\"}},{\"@type\":\"ListItem\",\"@id\":\"https:\\\/\\\/contadoreshoy.com\\\/?p=5855#listItem\",\"position\":3,\"name\":\"Fotogr\\u00e1fo trabajador por cuenta propia ?\",\"previousItem\":{\"@type\":\"ListItem\",\"@id\":\"https:\\\/\\\/contadoreshoy.com\\\/?cat=454#listItem\",\"name\":\"Sin categor\\u00eda\"}}]},{\"@type\":\"Organization\",\"@id\":\"https:\\\/\\\/contadoreshoy.com\\\/#organization\",\"name\":\"Contadores P\\u00fablicos\",\"description\":\"Portal para Contadores P\\u00fablicos y empresarios\",\"url\":\"https:\\\/\\\/contadoreshoy.com\\\/\",\"logo\":{\"@type\":\"ImageObject\",\"url\":\"https:\\\/\\\/contadoreshoy.com\\\/wp-content\\\/uploads\\\/2024\\\/01\\\/cropped-cropped-Copia-de-M-1.jpg\",\"@id\":\"https:\\\/\\\/contadoreshoy.com\\\/?p=5855\\\/#organizationLogo\",\"width\":499,\"height\":500},\"image\":{\"@id\":\"https:\\\/\\\/contadoreshoy.com\\\/?p=5855\\\/#organizationLogo\"}},{\"@type\":\"Person\",\"@id\":\"https:\\\/\\\/contadoreshoy.com\\\/?author=1#author\",\"url\":\"https:\\\/\\\/contadoreshoy.com\\\/?author=1\",\"name\":\"Miguel Antonio M\\u00e1rquez Monta\\u00f1ez\"},{\"@type\":\"WebPage\",\"@id\":\"https:\\\/\\\/contadoreshoy.com\\\/?p=5855#webpage\",\"url\":\"https:\\\/\\\/contadoreshoy.com\\\/?p=5855\",\"name\":\"Fotogr\\u00e1fo trabajador por cuenta propia ? - Contadores P\\u00fablicos\",\"description\":\"Consulta en el escrito de la referencia, si un fot\\u00f3grafo que utiliza sus equipos para la prestaci\\u00f3n del servicio de fotograf\\u00eda, es considerado como trabajador por cuenta propia o como empleado, para efectos de retenci\\u00f3n en la fuente.\",\"inLanguage\":\"es-ES\",\"isPartOf\":{\"@id\":\"https:\\\/\\\/contadoreshoy.com\\\/#website\"},\"breadcrumb\":{\"@id\":\"https:\\\/\\\/contadoreshoy.com\\\/?p=5855#breadcrumblist\"},\"author\":{\"@id\":\"https:\\\/\\\/contadoreshoy.com\\\/?author=1#author\"},\"creator\":{\"@id\":\"https:\\\/\\\/contadoreshoy.com\\\/?author=1#author\"},\"image\":{\"@type\":\"ImageObject\",\"url\":\"https:\\\/\\\/contadoreshoy.com\\\/wp-content\\\/uploads\\\/2015\\\/09\\\/Fotografo.jpg\",\"@id\":\"https:\\\/\\\/contadoreshoy.com\\\/?p=5855\\\/#mainImage\",\"width\":400,\"height\":300},\"primaryImageOfPage\":{\"@id\":\"https:\\\/\\\/contadoreshoy.com\\\/?p=5855#mainImage\"},\"datePublished\":\"2015-09-14T23:16:36-05:00\",\"dateModified\":\"2017-02-04T22:00:57-05:00\"},{\"@type\":\"WebSite\",\"@id\":\"https:\\\/\\\/contadoreshoy.com\\\/#website\",\"url\":\"https:\\\/\\\/contadoreshoy.com\\\/\",\"name\":\"Contadores P\\u00fablicos\",\"description\":\"Portal para Contadores P\\u00fablicos y empresarios\",\"inLanguage\":\"es-ES\",\"publisher\":{\"@id\":\"https:\\\/\\\/contadoreshoy.com\\\/#organization\"}}]}\n\t\t<\/script>\n\t\t<!-- All in One SEO -->\n\n","aioseo_head_json":{"title":"Fotogr\u00e1fo trabajador por cuenta propia ? - Contadores P\u00fablicos","description":"Consulta en el escrito de la referencia, si un fot\u00f3grafo que utiliza sus equipos para la prestaci\u00f3n del servicio de fotograf\u00eda, es considerado como trabajador por cuenta propia o como empleado, para efectos de retenci\u00f3n en la fuente.","canonical_url":"https:\/\/contadoreshoy.com\/?p=5855","robots":"max-image-preview:large","keywords":"","webmasterTools":{"miscellaneous":""},"schema":{"@context":"https:\/\/schema.org","@graph":[{"@type":"BlogPosting","@id":"https:\/\/contadoreshoy.com\/?p=5855#blogposting","name":"Fotogr\u00e1fo trabajador por cuenta propia ? - Contadores P\u00fablicos","headline":"Fotogr\u00e1fo trabajador por cuenta propia ?","author":{"@id":"https:\/\/contadoreshoy.com\/?author=1#author"},"publisher":{"@id":"https:\/\/contadoreshoy.com\/#organization"},"image":{"@type":"ImageObject","url":"https:\/\/contadoreshoy.com\/wp-content\/uploads\/2015\/09\/Fotografo.jpg","width":400,"height":300},"datePublished":"2015-09-14T23:16:36-05:00","dateModified":"2017-02-04T22:00:57-05:00","inLanguage":"es-ES","mainEntityOfPage":{"@id":"https:\/\/contadoreshoy.com\/?p=5855#webpage"},"isPartOf":{"@id":"https:\/\/contadoreshoy.com\/?p=5855#webpage"},"articleSection":"Conceptos y Oficios DIAN, Sin categor\u00eda"},{"@type":"BreadcrumbList","@id":"https:\/\/contadoreshoy.com\/?p=5855#breadcrumblist","itemListElement":[{"@type":"ListItem","@id":"https:\/\/contadoreshoy.com#listItem","position":1,"name":"Home","item":"https:\/\/contadoreshoy.com","nextItem":{"@type":"ListItem","@id":"https:\/\/contadoreshoy.com\/?cat=454#listItem","name":"Sin categor\u00eda"}},{"@type":"ListItem","@id":"https:\/\/contadoreshoy.com\/?cat=454#listItem","position":2,"name":"Sin categor\u00eda","item":"https:\/\/contadoreshoy.com\/?cat=454","nextItem":{"@type":"ListItem","@id":"https:\/\/contadoreshoy.com\/?p=5855#listItem","name":"Fotogr\u00e1fo trabajador por cuenta propia ?"},"previousItem":{"@type":"ListItem","@id":"https:\/\/contadoreshoy.com#listItem","name":"Home"}},{"@type":"ListItem","@id":"https:\/\/contadoreshoy.com\/?p=5855#listItem","position":3,"name":"Fotogr\u00e1fo trabajador por cuenta propia ?","previousItem":{"@type":"ListItem","@id":"https:\/\/contadoreshoy.com\/?cat=454#listItem","name":"Sin categor\u00eda"}}]},{"@type":"Organization","@id":"https:\/\/contadoreshoy.com\/#organization","name":"Contadores P\u00fablicos","description":"Portal para Contadores P\u00fablicos y empresarios","url":"https:\/\/contadoreshoy.com\/","logo":{"@type":"ImageObject","url":"https:\/\/contadoreshoy.com\/wp-content\/uploads\/2024\/01\/cropped-cropped-Copia-de-M-1.jpg","@id":"https:\/\/contadoreshoy.com\/?p=5855\/#organizationLogo","width":499,"height":500},"image":{"@id":"https:\/\/contadoreshoy.com\/?p=5855\/#organizationLogo"}},{"@type":"Person","@id":"https:\/\/contadoreshoy.com\/?author=1#author","url":"https:\/\/contadoreshoy.com\/?author=1","name":"Miguel Antonio M\u00e1rquez Monta\u00f1ez"},{"@type":"WebPage","@id":"https:\/\/contadoreshoy.com\/?p=5855#webpage","url":"https:\/\/contadoreshoy.com\/?p=5855","name":"Fotogr\u00e1fo trabajador por cuenta propia ? - Contadores P\u00fablicos","description":"Consulta en el escrito de la referencia, si un fot\u00f3grafo que utiliza sus equipos para la prestaci\u00f3n del servicio de fotograf\u00eda, es considerado como trabajador por cuenta propia o como empleado, para efectos de retenci\u00f3n en la fuente.","inLanguage":"es-ES","isPartOf":{"@id":"https:\/\/contadoreshoy.com\/#website"},"breadcrumb":{"@id":"https:\/\/contadoreshoy.com\/?p=5855#breadcrumblist"},"author":{"@id":"https:\/\/contadoreshoy.com\/?author=1#author"},"creator":{"@id":"https:\/\/contadoreshoy.com\/?author=1#author"},"image":{"@type":"ImageObject","url":"https:\/\/contadoreshoy.com\/wp-content\/uploads\/2015\/09\/Fotografo.jpg","@id":"https:\/\/contadoreshoy.com\/?p=5855\/#mainImage","width":400,"height":300},"primaryImageOfPage":{"@id":"https:\/\/contadoreshoy.com\/?p=5855#mainImage"},"datePublished":"2015-09-14T23:16:36-05:00","dateModified":"2017-02-04T22:00:57-05:00"},{"@type":"WebSite","@id":"https:\/\/contadoreshoy.com\/#website","url":"https:\/\/contadoreshoy.com\/","name":"Contadores P\u00fablicos","description":"Portal para Contadores P\u00fablicos y empresarios","inLanguage":"es-ES","publisher":{"@id":"https:\/\/contadoreshoy.com\/#organization"}}]},"og:locale":"es_ES","og:site_name":"Contadores P\u00fablicos - Portal para Contadores P\u00fablicos y empresarios","og:type":"article","og:title":"Fotogr\u00e1fo trabajador por cuenta propia ? - Contadores P\u00fablicos","og:description":"Consulta en el escrito de la referencia, si un fot\u00f3grafo que utiliza sus equipos para la prestaci\u00f3n del servicio de fotograf\u00eda, es considerado como trabajador por cuenta propia o como empleado, para efectos de retenci\u00f3n en la fuente.","og:url":"https:\/\/contadoreshoy.com\/?p=5855","og:image":"https:\/\/contadoreshoy.com\/wp-content\/uploads\/2024\/01\/cropped-cropped-cropped-Copia-de-M.jpg","og:image:secure_url":"https:\/\/contadoreshoy.com\/wp-content\/uploads\/2024\/01\/cropped-cropped-cropped-Copia-de-M.jpg","og:image:width":512,"og:image:height":371,"article:published_time":"2015-09-15T04:16:36+00:00","article:modified_time":"2017-02-05T03:00:57+00:00","twitter:card":"summary_large_image","twitter:title":"Fotogr\u00e1fo trabajador por cuenta propia ? - Contadores P\u00fablicos","twitter:description":"Consulta en el escrito de la referencia, si un fot\u00f3grafo que utiliza sus equipos para la prestaci\u00f3n del servicio de fotograf\u00eda, es considerado como trabajador por cuenta propia o como empleado, para efectos de retenci\u00f3n en la fuente.","twitter:image":"https:\/\/contadoreshoy.com\/wp-content\/uploads\/2024\/01\/cropped-cropped-cropped-Copia-de-M.jpg"},"aioseo_meta_data":{"post_id":"5855","title":null,"description":null,"keywords":null,"keyphrases":null,"primary_term":null,"canonical_url":null,"og_title":null,"og_description":null,"og_object_type":"default","og_image_type":"default","og_image_url":null,"og_image_width":null,"og_image_height":null,"og_image_custom_url":null,"og_image_custom_fields":null,"og_video":null,"og_custom_url":null,"og_article_section":null,"og_article_tags":null,"twitter_use_og":false,"twitter_card":"default","twitter_image_type":"default","twitter_image_url":null,"twitter_image_custom_url":null,"twitter_image_custom_fields":null,"twitter_title":null,"twitter_description":null,"schema":{"blockGraphs":[],"customGraphs":[],"default":{"data":{"Article":[],"Course":[],"Dataset":[],"FAQPage":[],"Movie":[],"Person":[],"Product":[],"ProductReview":[],"Car":[],"Recipe":[],"Service":[],"SoftwareApplication":[],"WebPage":[]},"graphName":"","isEnabled":true},"graphs":[]},"schema_type":"default","schema_type_options":null,"pillar_content":false,"robots_default":true,"robots_noindex":false,"robots_noarchive":false,"robots_nosnippet":false,"robots_nofollow":false,"robots_noimageindex":false,"robots_noodp":false,"robots_notranslate":false,"robots_max_snippet":null,"robots_max_videopreview":null,"robots_max_imagepreview":"large","priority":null,"frequency":null,"local_seo":null,"breadcrumb_settings":null,"limit_modified_date":false,"ai":null,"created":"2024-03-05 01:08:52","updated":"2026-03-03 04:34:41","seo_analyzer_scan_date":null,"focus_keyword":null,"additional_keywords":null,"truseo_locale":null},"aioseo_breadcrumb":"<div class=\"aioseo-breadcrumbs\"><span class=\"aioseo-breadcrumb\">\n\t\t\t<a href=\"https:\/\/contadoreshoy.com\" title=\"Home\">Home<\/a>\n\t\t<\/span><span class=\"aioseo-breadcrumb-separator\">&raquo;<\/span><span class=\"aioseo-breadcrumb\">\n\t\t\t<a href=\"https:\/\/contadoreshoy.com\/?cat=454\" title=\"Sin categor\u00eda\">Sin categor\u00eda<\/a>\n\t\t<\/span><span class=\"aioseo-breadcrumb-separator\">&raquo;<\/span><span class=\"aioseo-breadcrumb\">\n\t\t\tFotogr\u00e1fo trabajador por cuenta propia ?\n\t\t<\/span><\/div>","aioseo_breadcrumb_json":[{"label":"Home","link":"https:\/\/contadoreshoy.com"},{"label":"Sin categor\u00eda","link":"https:\/\/contadoreshoy.com\/?cat=454"},{"label":"Fotogr\u00e1fo trabajador por cuenta propia ?","link":"https:\/\/contadoreshoy.com\/?p=5855"}],"yoast_head":"<!-- This site is optimized with the Yoast SEO plugin v28.4 - https:\/\/yoast.com\/product\/yoast-seo-wordpress\/ -->\n<title>Fotogr\u00e1fo trabajador por cuenta propia ? - Contadores P\u00fablicos<\/title>\n<meta name=\"robots\" content=\"index, follow, max-snippet:-1, max-image-preview:large, max-video-preview:-1\" \/>\n<link rel=\"canonical\" href=\"https:\/\/contadoreshoy.com\/?p=5855\" \/>\n<meta property=\"og:locale\" content=\"es_ES\" \/>\n<meta property=\"og:type\" content=\"article\" \/>\n<meta property=\"og:title\" content=\"Fotogr\u00e1fo trabajador por cuenta propia ? - Contadores P\u00fablicos\" \/>\n<meta property=\"og:description\" content=\"Consulta en el escrito de la referencia, si un fot\u00f3grafo que utiliza sus equipos para la prestaci\u00f3n del servicio de fotograf\u00eda, es considerado como trabajador por cuenta propia o como empleado, para efectos de retenci\u00f3n en la fuente.\" \/>\n<meta property=\"og:url\" content=\"https:\/\/contadoreshoy.com\/?p=5855\" \/>\n<meta property=\"og:site_name\" content=\"Contadores P\u00fablicos\" \/>\n<meta property=\"article:publisher\" content=\"https:\/\/www.facebook.com\/CCCPBucaramanga\/\" \/>\n<meta property=\"article:published_time\" content=\"2015-09-15T04:16:36+00:00\" \/>\n<meta property=\"article:modified_time\" content=\"2017-02-05T03:00:57+00:00\" \/>\n<meta property=\"og:image\" content=\"https:\/\/contadoreshoy.com\/wp-content\/uploads\/2015\/09\/Fotografo.jpg\" \/>\n\t<meta property=\"og:image:width\" content=\"400\" \/>\n\t<meta property=\"og:image:height\" content=\"300\" \/>\n\t<meta property=\"og:image:type\" content=\"image\/jpeg\" \/>\n<meta name=\"author\" content=\"Miguel Antonio M\u00e1rquez Monta\u00f1ez\" \/>\n<meta name=\"twitter:card\" content=\"summary_large_image\" \/>\n<meta name=\"twitter:label1\" content=\"Escrito por\" \/>\n\t<meta name=\"twitter:data1\" content=\"Miguel Antonio M\u00e1rquez Monta\u00f1ez\" \/>\n\t<meta name=\"twitter:label2\" content=\"Tiempo de lectura\" \/>\n\t<meta name=\"twitter:data2\" content=\"14 minutos\" \/>\n<script type=\"application\/ld+json\" class=\"yoast-schema-graph\">{\"@context\":\"https:\\\/\\\/schema.org\",\"@graph\":[{\"@type\":\"Article\",\"@id\":\"https:\\\/\\\/contadoreshoy.com\\\/?p=5855#article\",\"isPartOf\":{\"@id\":\"https:\\\/\\\/contadoreshoy.com\\\/?p=5855\"},\"author\":{\"name\":\"Miguel Antonio M\u00e1rquez Monta\u00f1ez\",\"@id\":\"https:\\\/\\\/contadoreshoy.com\\\/#\\\/schema\\\/person\\\/96d8979cb865537c5dc9345e40089fc5\"},\"headline\":\"Fotogr\u00e1fo trabajador por cuenta propia ?\",\"datePublished\":\"2015-09-15T04:16:36+00:00\",\"dateModified\":\"2017-02-05T03:00:57+00:00\",\"mainEntityOfPage\":{\"@id\":\"https:\\\/\\\/contadoreshoy.com\\\/?p=5855\"},\"wordCount\":2832,\"commentCount\":0,\"publisher\":{\"@id\":\"https:\\\/\\\/contadoreshoy.com\\\/#organization\"},\"image\":{\"@id\":\"https:\\\/\\\/contadoreshoy.com\\\/?p=5855#primaryimage\"},\"thumbnailUrl\":\"https:\\\/\\\/contadoreshoy.com\\\/wp-content\\\/uploads\\\/2015\\\/09\\\/Fotografo.jpg\",\"articleSection\":[\"Conceptos y Oficios DIAN\"],\"inLanguage\":\"es\",\"potentialAction\":[{\"@type\":\"CommentAction\",\"name\":\"Comment\",\"target\":[\"https:\\\/\\\/contadoreshoy.com\\\/?p=5855#respond\"]}]},{\"@type\":\"WebPage\",\"@id\":\"https:\\\/\\\/contadoreshoy.com\\\/?p=5855\",\"url\":\"https:\\\/\\\/contadoreshoy.com\\\/?p=5855\",\"name\":\"Fotogr\u00e1fo trabajador por cuenta propia ? - Contadores P\u00fablicos\",\"isPartOf\":{\"@id\":\"https:\\\/\\\/contadoreshoy.com\\\/#website\"},\"primaryImageOfPage\":{\"@id\":\"https:\\\/\\\/contadoreshoy.com\\\/?p=5855#primaryimage\"},\"image\":{\"@id\":\"https:\\\/\\\/contadoreshoy.com\\\/?p=5855#primaryimage\"},\"thumbnailUrl\":\"https:\\\/\\\/contadoreshoy.com\\\/wp-content\\\/uploads\\\/2015\\\/09\\\/Fotografo.jpg\",\"datePublished\":\"2015-09-15T04:16:36+00:00\",\"dateModified\":\"2017-02-05T03:00:57+00:00\",\"breadcrumb\":{\"@id\":\"https:\\\/\\\/contadoreshoy.com\\\/?p=5855#breadcrumb\"},\"inLanguage\":\"es\",\"potentialAction\":[{\"@type\":\"ReadAction\",\"target\":[\"https:\\\/\\\/contadoreshoy.com\\\/?p=5855\"]}]},{\"@type\":\"ImageObject\",\"inLanguage\":\"es\",\"@id\":\"https:\\\/\\\/contadoreshoy.com\\\/?p=5855#primaryimage\",\"url\":\"https:\\\/\\\/contadoreshoy.com\\\/wp-content\\\/uploads\\\/2015\\\/09\\\/Fotografo.jpg\",\"contentUrl\":\"https:\\\/\\\/contadoreshoy.com\\\/wp-content\\\/uploads\\\/2015\\\/09\\\/Fotografo.jpg\",\"width\":400,\"height\":300},{\"@type\":\"BreadcrumbList\",\"@id\":\"https:\\\/\\\/contadoreshoy.com\\\/?p=5855#breadcrumb\",\"itemListElement\":[{\"@type\":\"ListItem\",\"position\":1,\"name\":\"Portada\",\"item\":\"https:\\\/\\\/contadoreshoy.com\\\/\"},{\"@type\":\"ListItem\",\"position\":2,\"name\":\"Fotogr\u00e1fo trabajador por cuenta propia ?\"}]},{\"@type\":\"WebSite\",\"@id\":\"https:\\\/\\\/contadoreshoy.com\\\/#website\",\"url\":\"https:\\\/\\\/contadoreshoy.com\\\/\",\"name\":\"Contadorespublicossantander\",\"description\":\"Portal para Contadores P\u00fablicos y empresarios\",\"publisher\":{\"@id\":\"https:\\\/\\\/contadoreshoy.com\\\/#organization\"},\"potentialAction\":[{\"@type\":\"SearchAction\",\"target\":{\"@type\":\"EntryPoint\",\"urlTemplate\":\"https:\\\/\\\/contadoreshoy.com\\\/?s={search_term_string}\"},\"query-input\":{\"@type\":\"PropertyValueSpecification\",\"valueRequired\":true,\"valueName\":\"search_term_string\"}}],\"inLanguage\":\"es\"},{\"@type\":\"Organization\",\"@id\":\"https:\\\/\\\/contadoreshoy.com\\\/#organization\",\"name\":\"Contadores P\u00fablicos de Santander\",\"url\":\"https:\\\/\\\/contadoreshoy.com\\\/\",\"logo\":{\"@type\":\"ImageObject\",\"inLanguage\":\"es\",\"@id\":\"https:\\\/\\\/contadoreshoy.com\\\/#\\\/schema\\\/logo\\\/image\\\/\",\"url\":\"https:\\\/\\\/contadoreshoy.com\\\/wp-content\\\/uploads\\\/2024\\\/01\\\/cropped-cropped-Copia-de-M-1.jpg\",\"contentUrl\":\"https:\\\/\\\/contadoreshoy.com\\\/wp-content\\\/uploads\\\/2024\\\/01\\\/cropped-cropped-Copia-de-M-1.jpg\",\"width\":499,\"height\":500,\"caption\":\"Contadores P\u00fablicos de Santander\"},\"image\":{\"@id\":\"https:\\\/\\\/contadoreshoy.com\\\/#\\\/schema\\\/logo\\\/image\\\/\"},\"sameAs\":[\"https:\\\/\\\/www.facebook.com\\\/CCCPBucaramanga\\\/\"]},{\"@type\":\"Person\",\"@id\":\"https:\\\/\\\/contadoreshoy.com\\\/#\\\/schema\\\/person\\\/96d8979cb865537c5dc9345e40089fc5\",\"name\":\"Miguel Antonio M\u00e1rquez Monta\u00f1ez\",\"description\":\"Contador P\u00fablico egresado de la Universidad Aut\u00f3noma de Bucaramanga - Asesor contable tributario con m\u00e1s de 25 a\u00f1os de experiencia - Conferencista en temas contables y tributarios - T\u00e9cnico en Hardware y Dise\u00f1o Web - Creador y director Grupo de Estudio Colegio Colombiano de Contadores P\u00fablicos de Bucaramanga - Creador y Master Web p\u00e1gina www.contadoresp\u00fablicossantander.com - Expresidente Colegio Colombiano de Contadores P\u00fablicos Bucaramanga\",\"url\":\"https:\\\/\\\/contadoreshoy.com\\\/?author=1\"}]}<\/script>\n<!-- \/ Yoast SEO plugin. -->","yoast_head_json":{"title":"Fotogr\u00e1fo trabajador por cuenta propia ? - Contadores P\u00fablicos","robots":{"index":"index","follow":"follow","max-snippet":"max-snippet:-1","max-image-preview":"max-image-preview:large","max-video-preview":"max-video-preview:-1"},"canonical":"https:\/\/contadoreshoy.com\/?p=5855","og_locale":"es_ES","og_type":"article","og_title":"Fotogr\u00e1fo trabajador por cuenta propia ? - Contadores P\u00fablicos","og_description":"Consulta en el escrito de la referencia, si un fot\u00f3grafo que utiliza sus equipos para la prestaci\u00f3n del servicio de fotograf\u00eda, es considerado como trabajador por cuenta propia o como empleado, para efectos de retenci\u00f3n en la fuente.","og_url":"https:\/\/contadoreshoy.com\/?p=5855","og_site_name":"Contadores P\u00fablicos","article_publisher":"https:\/\/www.facebook.com\/CCCPBucaramanga\/","article_published_time":"2015-09-15T04:16:36+00:00","article_modified_time":"2017-02-05T03:00:57+00:00","og_image":[{"width":400,"height":300,"url":"https:\/\/contadoreshoy.com\/wp-content\/uploads\/2015\/09\/Fotografo.jpg","type":"image\/jpeg"}],"author":"Miguel Antonio M\u00e1rquez Monta\u00f1ez","twitter_card":"summary_large_image","twitter_misc":{"Escrito por":"Miguel Antonio M\u00e1rquez Monta\u00f1ez","Tiempo de lectura":"14 minutos"},"schema":{"@context":"https:\/\/schema.org","@graph":[{"@type":"Article","@id":"https:\/\/contadoreshoy.com\/?p=5855#article","isPartOf":{"@id":"https:\/\/contadoreshoy.com\/?p=5855"},"author":{"name":"Miguel Antonio M\u00e1rquez Monta\u00f1ez","@id":"https:\/\/contadoreshoy.com\/#\/schema\/person\/96d8979cb865537c5dc9345e40089fc5"},"headline":"Fotogr\u00e1fo trabajador por cuenta propia ?","datePublished":"2015-09-15T04:16:36+00:00","dateModified":"2017-02-05T03:00:57+00:00","mainEntityOfPage":{"@id":"https:\/\/contadoreshoy.com\/?p=5855"},"wordCount":2832,"commentCount":0,"publisher":{"@id":"https:\/\/contadoreshoy.com\/#organization"},"image":{"@id":"https:\/\/contadoreshoy.com\/?p=5855#primaryimage"},"thumbnailUrl":"https:\/\/contadoreshoy.com\/wp-content\/uploads\/2015\/09\/Fotografo.jpg","articleSection":["Conceptos y Oficios DIAN"],"inLanguage":"es","potentialAction":[{"@type":"CommentAction","name":"Comment","target":["https:\/\/contadoreshoy.com\/?p=5855#respond"]}]},{"@type":"WebPage","@id":"https:\/\/contadoreshoy.com\/?p=5855","url":"https:\/\/contadoreshoy.com\/?p=5855","name":"Fotogr\u00e1fo trabajador por cuenta propia ? - Contadores P\u00fablicos","isPartOf":{"@id":"https:\/\/contadoreshoy.com\/#website"},"primaryImageOfPage":{"@id":"https:\/\/contadoreshoy.com\/?p=5855#primaryimage"},"image":{"@id":"https:\/\/contadoreshoy.com\/?p=5855#primaryimage"},"thumbnailUrl":"https:\/\/contadoreshoy.com\/wp-content\/uploads\/2015\/09\/Fotografo.jpg","datePublished":"2015-09-15T04:16:36+00:00","dateModified":"2017-02-05T03:00:57+00:00","breadcrumb":{"@id":"https:\/\/contadoreshoy.com\/?p=5855#breadcrumb"},"inLanguage":"es","potentialAction":[{"@type":"ReadAction","target":["https:\/\/contadoreshoy.com\/?p=5855"]}]},{"@type":"ImageObject","inLanguage":"es","@id":"https:\/\/contadoreshoy.com\/?p=5855#primaryimage","url":"https:\/\/contadoreshoy.com\/wp-content\/uploads\/2015\/09\/Fotografo.jpg","contentUrl":"https:\/\/contadoreshoy.com\/wp-content\/uploads\/2015\/09\/Fotografo.jpg","width":400,"height":300},{"@type":"BreadcrumbList","@id":"https:\/\/contadoreshoy.com\/?p=5855#breadcrumb","itemListElement":[{"@type":"ListItem","position":1,"name":"Portada","item":"https:\/\/contadoreshoy.com\/"},{"@type":"ListItem","position":2,"name":"Fotogr\u00e1fo trabajador por cuenta propia ?"}]},{"@type":"WebSite","@id":"https:\/\/contadoreshoy.com\/#website","url":"https:\/\/contadoreshoy.com\/","name":"Contadorespublicossantander","description":"Portal para Contadores P\u00fablicos y empresarios","publisher":{"@id":"https:\/\/contadoreshoy.com\/#organization"},"potentialAction":[{"@type":"SearchAction","target":{"@type":"EntryPoint","urlTemplate":"https:\/\/contadoreshoy.com\/?s={search_term_string}"},"query-input":{"@type":"PropertyValueSpecification","valueRequired":true,"valueName":"search_term_string"}}],"inLanguage":"es"},{"@type":"Organization","@id":"https:\/\/contadoreshoy.com\/#organization","name":"Contadores P\u00fablicos de Santander","url":"https:\/\/contadoreshoy.com\/","logo":{"@type":"ImageObject","inLanguage":"es","@id":"https:\/\/contadoreshoy.com\/#\/schema\/logo\/image\/","url":"https:\/\/contadoreshoy.com\/wp-content\/uploads\/2024\/01\/cropped-cropped-Copia-de-M-1.jpg","contentUrl":"https:\/\/contadoreshoy.com\/wp-content\/uploads\/2024\/01\/cropped-cropped-Copia-de-M-1.jpg","width":499,"height":500,"caption":"Contadores P\u00fablicos de Santander"},"image":{"@id":"https:\/\/contadoreshoy.com\/#\/schema\/logo\/image\/"},"sameAs":["https:\/\/www.facebook.com\/CCCPBucaramanga\/"]},{"@type":"Person","@id":"https:\/\/contadoreshoy.com\/#\/schema\/person\/96d8979cb865537c5dc9345e40089fc5","name":"Miguel Antonio M\u00e1rquez Monta\u00f1ez","description":"Contador P\u00fablico egresado de la Universidad Aut\u00f3noma de Bucaramanga - Asesor contable tributario con m\u00e1s de 25 a\u00f1os de experiencia - Conferencista en temas contables y tributarios - T\u00e9cnico en Hardware y Dise\u00f1o Web - Creador y director Grupo de Estudio Colegio Colombiano de Contadores P\u00fablicos de Bucaramanga - Creador y Master Web p\u00e1gina www.contadoresp\u00fablicossantander.com - Expresidente Colegio Colombiano de Contadores P\u00fablicos Bucaramanga","url":"https:\/\/contadoreshoy.com\/?author=1"}]}},"_links":{"self":[{"href":"https:\/\/contadoreshoy.com\/index.php?rest_route=\/wp\/v2\/posts\/5855","targetHints":{"allow":["GET"]}}],"collection":[{"href":"https:\/\/contadoreshoy.com\/index.php?rest_route=\/wp\/v2\/posts"}],"about":[{"href":"https:\/\/contadoreshoy.com\/index.php?rest_route=\/wp\/v2\/types\/post"}],"author":[{"embeddable":true,"href":"https:\/\/contadoreshoy.com\/index.php?rest_route=\/wp\/v2\/users\/1"}],"replies":[{"embeddable":true,"href":"https:\/\/contadoreshoy.com\/index.php?rest_route=%2Fwp%2Fv2%2Fcomments&post=5855"}],"version-history":[{"count":1,"href":"https:\/\/contadoreshoy.com\/index.php?rest_route=\/wp\/v2\/posts\/5855\/revisions"}],"predecessor-version":[{"id":8065,"href":"https:\/\/contadoreshoy.com\/index.php?rest_route=\/wp\/v2\/posts\/5855\/revisions\/8065"}],"wp:featuredmedia":[{"embeddable":true,"href":"https:\/\/contadoreshoy.com\/index.php?rest_route=\/wp\/v2\/media\/5856"}],"wp:attachment":[{"href":"https:\/\/contadoreshoy.com\/index.php?rest_route=%2Fwp%2Fv2%2Fmedia&parent=5855"}],"wp:term":[{"taxonomy":"category","embeddable":true,"href":"https:\/\/contadoreshoy.com\/index.php?rest_route=%2Fwp%2Fv2%2Fcategories&post=5855"},{"taxonomy":"post_tag","embeddable":true,"href":"https:\/\/contadoreshoy.com\/index.php?rest_route=%2Fwp%2Fv2%2Ftags&post=5855"}],"curies":[{"name":"wp","href":"https:\/\/api.w.org\/{rel}","templated":true}]}}