{"id":5863,"date":"2015-09-15T13:41:16","date_gmt":"2015-09-15T18:41:16","guid":{"rendered":"http:\/\/colegiocolombianodecontadores.com\/?p=5863"},"modified":"2017-02-04T22:00:56","modified_gmt":"2017-02-05T03:00:56","slug":"correccion-de-declaraciones-tributarias","status":"publish","type":"post","link":"https:\/\/contadoreshoy.com\/?p=5863","title":{"rendered":"Correcci\u00f3n de declaraciones tributarias"},"content":{"rendered":"<p style=\"text-align: center;\"><strong>OFICIO N\u00daMERO 022565 DE 2015 &#8211; DIAN<\/strong><\/p>\n<p style=\"text-align: center;\">(agosto 3)<\/p>\n<p>&nbsp;<\/p>\n<p>Subdirecci\u00f3n de Gesti\u00f3n Normativa y Doctrina<\/p>\n<p>&nbsp;<\/p>\n<p>Bogot\u00e1, D. C., 29 de julio de 2015<\/p>\n<p>&nbsp;<\/p>\n<p>100208221-000939<\/p>\n<p>&nbsp;<\/p>\n<p>Referencia: \u00a0\u00a0\u00a0\u00a0\u00a0\u00a0\u00a0\u00a0 Radicado 100008653 del 17\/03\/2015<\/p>\n<p>Tema: \u00a0\u00a0\u00a0\u00a0\u00a0\u00a0\u00a0\u00a0\u00a0\u00a0\u00a0\u00a0\u00a0\u00a0\u00a0\u00a0\u00a0\u00a0\u00a0 Procedimiento Tributario<\/p>\n<p>Descriptores: \u00a0\u00a0\u00a0\u00a0\u00a0\u00a0\u00a0 Correcci\u00f3n de declaraciones tributarias<\/p>\n<p>Fuentes Formales: Ley 962 de 2005 art\u00edculo 43, Circular DIAN 118\/05.<\/p>\n<p>Estatuto Tributario art\u00edculos 588 y 589.<\/p>\n<p>&nbsp;<\/p>\n<p>Conforme con el art\u00edculo 20 del Decreto 4048 de 2008, es funci\u00f3n de esta Subdirecci\u00f3n absolver de modo general las consultas escritas que se formulen sobre interpretaci\u00f3n y aplicaci\u00f3n de las normas tributarias de car\u00e1cter nacional, aduaneras y cambiarias en lo de competencia de esta entidad.<\/p>\n<p>&nbsp;<\/p>\n<p>En el escrito de la referencia hace alusi\u00f3n al Concepto n\u00famero 039724 de mayo 29 de 2007, en el que a la pregunta de cu\u00e1l es el procedimiento y t\u00e9rmino para corregir los errores u omisiones de imputaci\u00f3n o arrastre de saldos a favor del periodo anterior sin solicitud de devoluci\u00f3n; se se\u00f1al\u00f3 que es el previsto en el art\u00edculo 43 de la Ley 962 y la Circular 0118 de 2005, el cual deber\u00e1 adelantarse \u201cen todo caso dentro del t\u00e9rmino de firmeza de la declaraci\u00f3n objeto de correcci\u00f3n.\u201d.<\/p>\n<p>&nbsp;<\/p>\n<p>Luego de esta menci\u00f3n, plantea una situaci\u00f3n que a juicio de este Despacho no resulta del todo clara, por lo que, en aras de dar respuesta con base en el escrito, se har\u00e1 el siguiente planteamiento:<\/p>\n<p>&nbsp;<\/p>\n<p><span style=\"color: #0000ff;\">\u00bfCu\u00e1ndo con ocasi\u00f3n de la notificaci\u00f3n de un requerimiento especial o emplazamiento para corregir el contribuye corrige la declaraci\u00f3n, y esta afecta declaraciones posteriores en las que se disminuir\u00eda el saldo a favor a aumentar\u00eda el valor a pagar, es posible la correcci\u00f3n de estas \u00faltimas aplicando para el efecto el art\u00edculo 43 de la Ley 962 de 2005?, \u00bfse requiere que est\u00e9n dentro del t\u00e9rmino de firmeza?, o \u00bfdebe acudirse al procedimiento del art\u00edculo 588 del Estatuto Tributario?<\/span><\/p>\n<p>&nbsp;<\/p>\n<p>Para responder se hace necesario manifestar que, en efecto mediante el Concepto n\u00famero 039724 de mayo 29 de 2007, luego del an\u00e1lisis normativo y jurisprudencial, se concluy\u00f3 que la posibilidad de correcci\u00f3n que consagra el art\u00edculo 43 de la Ley 962 de 2005, solo puede ser ejercida dentro del t\u00e9rmino de firmeza de la declaraci\u00f3n, toda vez que una vez presentada dicha firmeza la declaraci\u00f3n se torna inmodificable tanto para el contribuyente como para la Administraci\u00f3n Fiscal. <em>Es importante se\u00f1alar que este concepto fue objeto de demanda de nulidad, y declarado ajustado a la ley, mediante Sentencia del Consejo de Estado de diciembre 5 de 2011, radicado 17545.<\/em><\/p>\n<p>&nbsp;<\/p>\n<p><span style=\"color: #ff9900;\">Con relaci\u00f3n a la aplicaci\u00f3n del art\u00edculo 43 de la Ley 962 de 2005, sobre correcci\u00f3n de errores e inconsistencias en las declaraciones y recibos de pago, en la Circular 00118 de 2005 expedida por la Direcci\u00f3n General de Impuestos Nacionales, se\u00f1ala en los apartes pertinentes<em>:<\/em><\/span><\/p>\n<p><span style=\"color: #ff9900;\"><em>\u201c\/ . . .<\/em><\/span><\/p>\n<p><span style=\"color: #ff9900;\"><strong><em>Art\u00edculo 43. Correcci\u00f3n de errores e inconsistencias en las declaraciones y recibos de pago.<\/em><\/strong><\/span><\/p>\n<p>&nbsp;<\/p>\n<ol>\n<li>En materia tributaria<\/li>\n<\/ol>\n<p>&nbsp;<\/p>\n<p>Aplica para todas las inconsistencias que se detecten a partir de la fecha de entrada en vigencia de la Ley 962 de 2005 (8 de julio de 2005), incluidas aquellas que se encuentren en declaraciones presentadas con anterioridad a la fecha de entrada en vigencia de la Ley.<\/p>\n<p>Este art\u00edculo hace referencia a los errores en el diligenciamiento de los formularios por parte de los contribuyentes, responsables, agentes de retenci\u00f3n y dem\u00e1s declarantes de los tributos, susceptibles de corregirse sin sanci\u00f3n por parte de la administraci\u00f3n o a solicitud del contribuyente, referidos a:<\/p>\n<p>(&#8230;)<\/p>\n<p>&#8230;\u00d8 Omisiones o errores de imputaci\u00f3n o arrastre, tales como saldos a favor del per\u00edodo anterior sin solicitud de devoluci\u00f3n y\/o compensaci\u00f3n; anticipo de renta y anticipo de la sobretasa,<\/p>\n<p>&nbsp;<\/p>\n<p>\u00d8 Errores de transcripci\u00f3n, siempre y cuando no se afecte el impuesto a cargo determinado por el respectivo per\u00edodo, o el total del valor de las retenciones declaradas, para el caso de la declaraci\u00f3n de retenci\u00f3n en la fuente,<\/p>\n<p>&nbsp;<\/p>\n<p>\u00d8 Errores aritm\u00e9ticos, siempre y cuando no se afecte el impuesto a cargo determinado por el respectivo per\u00edodo o el total del valor de las retenciones declaradas, para el caso de la declaraci\u00f3n de retenci\u00f3n en la fuente.<\/p>\n<p>&nbsp;<\/p>\n<p><em>La correcci\u00f3n es viable siempre y cuando la modificaci\u00f3n no resulte relevante para definir de fondo la determinaci\u00f3n del tributo o la discriminaci\u00f3n de los valores retenidos, para el caso de la declaraci\u00f3n mensual de retenci\u00f3n en la fuente. (&#8230;)\u201d.<\/em><\/p>\n<p>&nbsp;<\/p>\n<p><span style=\"color: #ff9900;\">En cuanto a los errores en la imputaci\u00f3n, mediante Oficio 089061 de noviembre 30 de 2005, pregunta 2 se dijo:<\/span><\/p>\n<p>&nbsp;<\/p>\n<p><span style=\"color: #0000ff;\"><em>\u201c&#8230; 2. \u00bfEs viable que la administraci\u00f3n de impuestos, en ejercicio de la facultad que le otorga el art\u00edculo 43 de la Ley 962 de 2005, corrija, de oficio o a petici\u00f3n de parte, errores de imputaci\u00f3n que alteren el valor a pagar o el saldo a favor?<\/em><\/span><\/p>\n<p>&nbsp;<\/p>\n<p><em><span style=\"color: #ff9900;\">Como se afirm\u00f3 en la respuesta anterior, el mecanismo especial consagrado por el art\u00edculo 43 de la Ley 962 de 2005, es aplicable a la correcci\u00f3n de errores e inconsistencias que se cometan en las casillas posteriores a la casilla total impuesto a cargo. As\u00ed lo manifest\u00f3 la Circular 0118 del 7 de octubre de 2005, al se\u00f1alar que son susceptibles de corregir sin sanci\u00f3n, entre otros, las \u201c(&#8230;) Omisiones o errores de imputaci\u00f3n o arrastre, tales como saldos a favor del periodo anterior sin solicitud de devoluci\u00f3n y\/o compensaci\u00f3n; anticipo de renta y anticipo de la sobretasa\u201d.<\/span> Igualmente precis\u00f3 la citada Circular que,&#8230;\u201d la correcci\u00f3n del anticipo que puede realizarse sin aplicaci\u00f3n de sanci\u00f3n es el referido al arrastre de anticipos del periodo anterior, pero en el evento en que se corrija la declaraci\u00f3n por parte del contribuyente con el objeto de modificar el anticipo para el a\u00f1o gravable siguiente, procede la aplicaci\u00f3n del art\u00edculo 588 o del par\u00e1grafo del art\u00edculo 589 del Estatuto Tributario, seg\u00fan el caso\u201d.<\/em><\/p>\n<p>&nbsp;<\/p>\n<p><span style=\"color: #ff9900;\"><em>Como quiera que los errores de imputaci\u00f3n se presentan en las casillas subsiguientes al total impuesto a cargo, y que no se trata de errores sustanciales para la determinaci\u00f3n del tributo, es claro que procede su correcci\u00f3n por parte de la DIAN de oficio o a solicitud de parte, ya sea que alteren o no el valor a pagar o el saldo a favor del contribuyente&#8230; (&#8230;).<\/em><\/span><\/p>\n<p>&nbsp;<\/p>\n<p>Con lo anterior, se clarifica que tipo de errores u omisiones son susceptibles de enmendarse mediante el procedimiento previsto en el art\u00edculo 43 de la Ley 963 de 2005 y la Circular 018 de esta entidad que contiene el procedimiento espec\u00edfico.<\/p>\n<p>&nbsp;<\/p>\n<p>Se trata entonces de \u201co<em>misiones o errores bien sea de imputaci\u00f3n, transcripci\u00f3n, y\/o aritm\u00e9ticos<\/em>\u201d que se hayan cometido en la respectiva declaraci\u00f3n y que no afecten de fondo la determinaci\u00f3n del tributo. No obstante, cuando como consecuencia de la actuaci\u00f3n de la Administraci\u00f3n Tributaria, el contribuyente debe corregir una declaraci\u00f3n que incide de fondo en la determinaci\u00f3n del tributo por determinado periodo gravable y el resultado de esta afecta la (s) declaraci\u00f3n(es) de per\u00edodos posteriores, en esencia frente a estas \u00faltimas<strong> no <\/strong>se est\u00e1 en presencia de un error de los antes se\u00f1alados que har\u00edan procedente la correcci\u00f3n en los t\u00e9rminos del art\u00edculo 43 de la citada Ley 962\/05.<\/p>\n<p>&nbsp;<\/p>\n<p>Esto porque la modificaci\u00f3n en el saldo a favor o a pagar que se produzca (en las declaraciones posteriores), obedece a la modificaci\u00f3n o cambio sustancial que se origin\u00f3 en la anterior declaraci\u00f3n. En tal caso, considera este Despacho que deber\u00e1 acudirse al procedimiento establecido en los art\u00edculos 588 o 589 del Estatuto Tributario, dependiendo el objeto de la correcci\u00f3n y dentro de los t\u00e9rminos previstos para los mismos.<\/p>\n<p>&nbsp;<\/p>\n<p>Finalmente hay que recordar que mediante el Oficio 089061\/05 antes citado, se dijo:<\/p>\n<p><em><u>\u201c..<span style=\"color: #0000ff;\">.<\/span><\/u><span style=\"color: #0000ff;\">5. \u00bfPierde vigencia el inciso cuarto del art\u00edculo 588 del Estatuto Tributario con la entrada en vigencia del art\u00edculo 43 de la Ley 962 de 2005?<\/span><\/em><\/p>\n<p>&nbsp;<\/p>\n<p><em>De conformidad con lo previsto en el art\u00edculo 71 del C\u00f3digo Civil la derogaci\u00f3n de las leyes se produce de manera expresa o t\u00e1cita. Es expresa cuando la nueva ley dice que deroga la anterior y es t\u00e1cita cuando la nueva ley contiene disposiciones que son incompatibles con la ley anterior. <span style=\"color: #ff9900;\">En el evento planteado considera este Despacho que no se produjo la derogatoria t\u00e1cita de los procedimientos actualmente previstos en el Estatuto Tributario, pues el contenido de la nueva ley no resulta contrario al contenido de las disposiciones fiscales vigentes, entre ellas el inciso cuarto del art\u00edculo 588 del Estatuto Tributario.<\/span> Lo que debe tenerse presente, en este caso, es que cuando se trate de los mismos supuestos previstos por la nueva ley para la correcci\u00f3n de errores e inconsistencias en las declaraciones tributarias, prevalecer\u00e1 la norma especial y posterior y por lo tanto tendr\u00e1 aplicaci\u00f3n la nueva ley y no la anterior, de conformidad con la regla de interpretaci\u00f3n de las leyes contenida en el art\u00edculo 5\u00b0 de la Ley 57 de 1887&#8230;\u201d.<\/em><\/p>\n<p>&nbsp;<\/p>\n<p>Finalmente, de manera cordial le informamos que la Direcci\u00f3n de Impuestos y Aduanas Nacionales, con el fin de facilitar a los contribuyentes, usuarios y p\u00fablico en general el acceso directo a sus pronunciamientos doctrinarios ha publicado en su p\u00e1gina de Internet <u>www.dian.gov.co<\/u>, http:\/\/www.dian.gov.co la base de conceptos en materia tributaria, aduanera y cambiaria expedidos desde el a\u00f1o 2001, a la cual se puede ingresar por el icono de \u201cNormatividad\u201d_-\u201ct\u00e9cnica\u201d- dando click en el link \u201cDoctrina\u201d \u2013 \u201cDirecci\u00f3n de Gesti\u00f3n Jur\u00eddica\u201d.<\/p>\n<p>&nbsp;<\/p>\n<p>Atentamente,<\/p>\n<p>&nbsp;<\/p>\n<p>El Subdirector de Gesti\u00f3n Normativa y Doctrina (e),<\/p>\n<table style=\"height: 5px;\" width=\"5\">\n<tbody>\n<tr>\n<td width=\"94\"><\/td>\n<\/tr>\n<tr>\n<td><\/td>\n<td><\/td>\n<\/tr>\n<\/tbody>\n<\/table>\n<p><em>Pedro Pablo Contreras Camargo.<\/em><\/p>\n<p>&nbsp;<\/p>\n","protected":false},"excerpt":{"rendered":"<p>\u00bfCu\u00e1ndo con ocasi\u00f3n de la notificaci\u00f3n de un requerimiento especial o emplazamiento para corregir el contribuye corrige la declaraci\u00f3n, y esta afecta declaraciones posteriores en las que se disminuir\u00eda el saldo a favor a aumentar\u00eda el valor a pagar, es posible la correcci\u00f3n de estas \u00faltimas aplicando para el efecto el art\u00edculo 43 de la Ley 962 de 2005?, \u00bfse requiere que est\u00e9n dentro del t\u00e9rmino de firmeza?, o \u00bfdebe acudirse al procedimiento del art\u00edculo 588 del Estatuto Tributario?<\/p>\n","protected":false},"author":1,"featured_media":5871,"comment_status":"open","ping_status":"open","sticky":false,"template":"","format":"standard","meta":{"_monsterinsights_skip_tracking":false,"ngg_post_thumbnail":0,"footnotes":"","_links_to":"","_links_to_target":""},"categories":[456],"tags":[],"class_list":["post-5863","post","type-post","status-publish","format-standard","has-post-thumbnail","hentry","category-conceptos-y-oficios-dian"],"aioseo_notices":[],"aioseo_head":"\n\t\t<!-- All in One SEO 5.0.1.1 - aioseo.com -->\n\t<meta name=\"description\" content=\"\u00bfCu\u00e1ndo con ocasi\u00f3n de la notificaci\u00f3n de un requerimiento especial o emplazamiento para corregir el contribuye corrige la declaraci\u00f3n, y esta afecta declaraciones posteriores en las que se disminuir\u00eda el saldo a favor a aumentar\u00eda el valor a pagar, es posible la correcci\u00f3n de estas \u00faltimas aplicando para el efecto el art\u00edculo 43 de la Ley 962 de 2005?, \u00bfse requiere que est\u00e9n dentro del t\u00e9rmino de firmeza?, o \u00bfdebe acudirse al procedimiento del art\u00edculo 588 del Estatuto Tributario?\" \/>\n\t<meta name=\"robots\" content=\"max-image-preview:large\" \/>\n\t<meta name=\"author\" content=\"Miguel Antonio M\u00e1rquez Monta\u00f1ez\"\/>\n\t<link rel=\"canonical\" href=\"https:\/\/contadoreshoy.com\/?p=5863\" \/>\n\t<meta name=\"generator\" content=\"All in One SEO (AIOSEO) 5.0.1.1\" \/>\n\t\t<meta property=\"og:locale\" content=\"es_ES\" \/>\n\t\t<meta property=\"og:site_name\" content=\"Contadores P\u00fablicos - Portal para Contadores P\u00fablicos y empresarios\" \/>\n\t\t<meta property=\"og:type\" content=\"article\" \/>\n\t\t<meta property=\"og:title\" content=\"Correcci\u00f3n de declaraciones tributarias - Contadores P\u00fablicos\" \/>\n\t\t<meta property=\"og:description\" content=\"\u00bfCu\u00e1ndo con ocasi\u00f3n de la notificaci\u00f3n de un requerimiento especial o emplazamiento para corregir el contribuye corrige la declaraci\u00f3n, y esta afecta declaraciones posteriores en las que se disminuir\u00eda el saldo a favor a aumentar\u00eda el valor a pagar, es posible la correcci\u00f3n de estas \u00faltimas aplicando para el efecto el art\u00edculo 43 de la Ley 962 de 2005?, \u00bfse requiere que est\u00e9n dentro del t\u00e9rmino de firmeza?, o \u00bfdebe acudirse al procedimiento del art\u00edculo 588 del Estatuto Tributario?\" \/>\n\t\t<meta property=\"og:url\" content=\"https:\/\/contadoreshoy.com\/?p=5863\" \/>\n\t\t<meta property=\"og:image\" content=\"https:\/\/contadoreshoy.com\/wp-content\/uploads\/2024\/01\/cropped-cropped-cropped-Copia-de-M.jpg\" \/>\n\t\t<meta property=\"og:image:secure_url\" content=\"https:\/\/contadoreshoy.com\/wp-content\/uploads\/2024\/01\/cropped-cropped-cropped-Copia-de-M.jpg\" \/>\n\t\t<meta property=\"og:image:width\" content=\"512\" \/>\n\t\t<meta property=\"og:image:height\" content=\"371\" \/>\n\t\t<meta property=\"article:published_time\" content=\"2015-09-15T18:41:16+00:00\" \/>\n\t\t<meta property=\"article:modified_time\" content=\"2017-02-05T03:00:56+00:00\" \/>\n\t\t<meta name=\"twitter:card\" content=\"summary_large_image\" \/>\n\t\t<meta name=\"twitter:title\" content=\"Correcci\u00f3n de declaraciones tributarias - Contadores P\u00fablicos\" \/>\n\t\t<meta name=\"twitter:description\" content=\"\u00bfCu\u00e1ndo con ocasi\u00f3n de la notificaci\u00f3n de un requerimiento especial o emplazamiento para corregir el contribuye corrige la declaraci\u00f3n, y esta afecta declaraciones posteriores en las que se disminuir\u00eda el saldo a favor a aumentar\u00eda el valor a pagar, es posible la correcci\u00f3n de estas \u00faltimas aplicando para el efecto el art\u00edculo 43 de la Ley 962 de 2005?, \u00bfse requiere que est\u00e9n dentro del t\u00e9rmino de firmeza?, o \u00bfdebe acudirse al procedimiento del art\u00edculo 588 del Estatuto Tributario?\" \/>\n\t\t<meta name=\"twitter:image\" content=\"https:\/\/contadoreshoy.com\/wp-content\/uploads\/2024\/01\/cropped-cropped-cropped-Copia-de-M.jpg\" \/>\n\t\t<script type=\"application\/ld+json\" class=\"aioseo-schema\">\n\t\t\t{\"@context\":\"https:\\\/\\\/schema.org\",\"@graph\":[{\"@type\":\"BlogPosting\",\"@id\":\"https:\\\/\\\/contadoreshoy.com\\\/?p=5863#blogposting\",\"name\":\"Correcci\\u00f3n de declaraciones tributarias - Contadores P\\u00fablicos\",\"headline\":\"Correcci\\u00f3n de declaraciones tributarias\",\"author\":{\"@id\":\"https:\\\/\\\/contadoreshoy.com\\\/?author=1#author\"},\"publisher\":{\"@id\":\"https:\\\/\\\/contadoreshoy.com\\\/#organization\"},\"image\":{\"@type\":\"ImageObject\",\"url\":\"https:\\\/\\\/contadoreshoy.com\\\/wp-content\\\/uploads\\\/2015\\\/09\\\/declaraci\\u00f3n-110.jpg\",\"width\":728,\"height\":943},\"datePublished\":\"2015-09-15T13:41:16-05:00\",\"dateModified\":\"2017-02-04T22:00:56-05:00\",\"inLanguage\":\"es-ES\",\"mainEntityOfPage\":{\"@id\":\"https:\\\/\\\/contadoreshoy.com\\\/?p=5863#webpage\"},\"isPartOf\":{\"@id\":\"https:\\\/\\\/contadoreshoy.com\\\/?p=5863#webpage\"},\"articleSection\":\"Conceptos y Oficios DIAN\"},{\"@type\":\"BreadcrumbList\",\"@id\":\"https:\\\/\\\/contadoreshoy.com\\\/?p=5863#breadcrumblist\",\"itemListElement\":[{\"@type\":\"ListItem\",\"@id\":\"https:\\\/\\\/contadoreshoy.com#listItem\",\"position\":1,\"name\":\"Home\",\"item\":\"https:\\\/\\\/contadoreshoy.com\",\"nextItem\":{\"@type\":\"ListItem\",\"@id\":\"https:\\\/\\\/contadoreshoy.com\\\/?cat=456#listItem\",\"name\":\"Conceptos y Oficios DIAN\"}},{\"@type\":\"ListItem\",\"@id\":\"https:\\\/\\\/contadoreshoy.com\\\/?cat=456#listItem\",\"position\":2,\"name\":\"Conceptos y Oficios DIAN\",\"item\":\"https:\\\/\\\/contadoreshoy.com\\\/?cat=456\",\"nextItem\":{\"@type\":\"ListItem\",\"@id\":\"https:\\\/\\\/contadoreshoy.com\\\/?p=5863#listItem\",\"name\":\"Correcci\\u00f3n de declaraciones tributarias\"},\"previousItem\":{\"@type\":\"ListItem\",\"@id\":\"https:\\\/\\\/contadoreshoy.com#listItem\",\"name\":\"Home\"}},{\"@type\":\"ListItem\",\"@id\":\"https:\\\/\\\/contadoreshoy.com\\\/?p=5863#listItem\",\"position\":3,\"name\":\"Correcci\\u00f3n de declaraciones tributarias\",\"previousItem\":{\"@type\":\"ListItem\",\"@id\":\"https:\\\/\\\/contadoreshoy.com\\\/?cat=456#listItem\",\"name\":\"Conceptos y Oficios DIAN\"}}]},{\"@type\":\"Organization\",\"@id\":\"https:\\\/\\\/contadoreshoy.com\\\/#organization\",\"name\":\"Contadores P\\u00fablicos\",\"description\":\"Portal para Contadores P\\u00fablicos y empresarios\",\"url\":\"https:\\\/\\\/contadoreshoy.com\\\/\",\"logo\":{\"@type\":\"ImageObject\",\"url\":\"https:\\\/\\\/contadoreshoy.com\\\/wp-content\\\/uploads\\\/2024\\\/01\\\/cropped-cropped-Copia-de-M-1.jpg\",\"@id\":\"https:\\\/\\\/contadoreshoy.com\\\/?p=5863\\\/#organizationLogo\",\"width\":499,\"height\":500},\"image\":{\"@id\":\"https:\\\/\\\/contadoreshoy.com\\\/?p=5863\\\/#organizationLogo\"}},{\"@type\":\"Person\",\"@id\":\"https:\\\/\\\/contadoreshoy.com\\\/?author=1#author\",\"url\":\"https:\\\/\\\/contadoreshoy.com\\\/?author=1\",\"name\":\"Miguel Antonio M\\u00e1rquez Monta\\u00f1ez\"},{\"@type\":\"WebPage\",\"@id\":\"https:\\\/\\\/contadoreshoy.com\\\/?p=5863#webpage\",\"url\":\"https:\\\/\\\/contadoreshoy.com\\\/?p=5863\",\"name\":\"Correcci\\u00f3n de declaraciones tributarias - Contadores P\\u00fablicos\",\"description\":\"\\u00bfCu\\u00e1ndo con ocasi\\u00f3n de la notificaci\\u00f3n de un requerimiento especial o emplazamiento para corregir el contribuye corrige la declaraci\\u00f3n, y esta afecta declaraciones posteriores en las que se disminuir\\u00eda el saldo a favor a aumentar\\u00eda el valor a pagar, es posible la correcci\\u00f3n de estas \\u00faltimas aplicando para el efecto el art\\u00edculo 43 de la Ley 962 de 2005?, \\u00bfse requiere que est\\u00e9n dentro del t\\u00e9rmino de firmeza?, o \\u00bfdebe acudirse al procedimiento del art\\u00edculo 588 del Estatuto Tributario?\",\"inLanguage\":\"es-ES\",\"isPartOf\":{\"@id\":\"https:\\\/\\\/contadoreshoy.com\\\/#website\"},\"breadcrumb\":{\"@id\":\"https:\\\/\\\/contadoreshoy.com\\\/?p=5863#breadcrumblist\"},\"author\":{\"@id\":\"https:\\\/\\\/contadoreshoy.com\\\/?author=1#author\"},\"creator\":{\"@id\":\"https:\\\/\\\/contadoreshoy.com\\\/?author=1#author\"},\"image\":{\"@type\":\"ImageObject\",\"url\":\"https:\\\/\\\/contadoreshoy.com\\\/wp-content\\\/uploads\\\/2015\\\/09\\\/declaraci\\u00f3n-110.jpg\",\"@id\":\"https:\\\/\\\/contadoreshoy.com\\\/?p=5863\\\/#mainImage\",\"width\":728,\"height\":943},\"primaryImageOfPage\":{\"@id\":\"https:\\\/\\\/contadoreshoy.com\\\/?p=5863#mainImage\"},\"datePublished\":\"2015-09-15T13:41:16-05:00\",\"dateModified\":\"2017-02-04T22:00:56-05:00\"},{\"@type\":\"WebSite\",\"@id\":\"https:\\\/\\\/contadoreshoy.com\\\/#website\",\"url\":\"https:\\\/\\\/contadoreshoy.com\\\/\",\"name\":\"Contadores P\\u00fablicos\",\"description\":\"Portal para Contadores P\\u00fablicos y empresarios\",\"inLanguage\":\"es-ES\",\"publisher\":{\"@id\":\"https:\\\/\\\/contadoreshoy.com\\\/#organization\"}}]}\n\t\t<\/script>\n\t\t<!-- All in One SEO -->\n\n","aioseo_head_json":{"title":"Correcci\u00f3n de declaraciones tributarias - Contadores P\u00fablicos","description":"\u00bfCu\u00e1ndo con ocasi\u00f3n de la notificaci\u00f3n de un requerimiento especial o emplazamiento para corregir el contribuye corrige la declaraci\u00f3n, y esta afecta declaraciones posteriores en las que se disminuir\u00eda el saldo a favor a aumentar\u00eda el valor a pagar, es posible la correcci\u00f3n de estas \u00faltimas aplicando para el efecto el art\u00edculo 43 de la Ley 962 de 2005?, \u00bfse requiere que est\u00e9n dentro del t\u00e9rmino de firmeza?, o \u00bfdebe acudirse al procedimiento del art\u00edculo 588 del Estatuto Tributario?","canonical_url":"https:\/\/contadoreshoy.com\/?p=5863","robots":"max-image-preview:large","keywords":"","webmasterTools":{"miscellaneous":""},"schema":{"@context":"https:\/\/schema.org","@graph":[{"@type":"BlogPosting","@id":"https:\/\/contadoreshoy.com\/?p=5863#blogposting","name":"Correcci\u00f3n de declaraciones tributarias - Contadores P\u00fablicos","headline":"Correcci\u00f3n de declaraciones tributarias","author":{"@id":"https:\/\/contadoreshoy.com\/?author=1#author"},"publisher":{"@id":"https:\/\/contadoreshoy.com\/#organization"},"image":{"@type":"ImageObject","url":"https:\/\/contadoreshoy.com\/wp-content\/uploads\/2015\/09\/declaraci\u00f3n-110.jpg","width":728,"height":943},"datePublished":"2015-09-15T13:41:16-05:00","dateModified":"2017-02-04T22:00:56-05:00","inLanguage":"es-ES","mainEntityOfPage":{"@id":"https:\/\/contadoreshoy.com\/?p=5863#webpage"},"isPartOf":{"@id":"https:\/\/contadoreshoy.com\/?p=5863#webpage"},"articleSection":"Conceptos y Oficios DIAN"},{"@type":"BreadcrumbList","@id":"https:\/\/contadoreshoy.com\/?p=5863#breadcrumblist","itemListElement":[{"@type":"ListItem","@id":"https:\/\/contadoreshoy.com#listItem","position":1,"name":"Home","item":"https:\/\/contadoreshoy.com","nextItem":{"@type":"ListItem","@id":"https:\/\/contadoreshoy.com\/?cat=456#listItem","name":"Conceptos y Oficios DIAN"}},{"@type":"ListItem","@id":"https:\/\/contadoreshoy.com\/?cat=456#listItem","position":2,"name":"Conceptos y Oficios DIAN","item":"https:\/\/contadoreshoy.com\/?cat=456","nextItem":{"@type":"ListItem","@id":"https:\/\/contadoreshoy.com\/?p=5863#listItem","name":"Correcci\u00f3n de declaraciones tributarias"},"previousItem":{"@type":"ListItem","@id":"https:\/\/contadoreshoy.com#listItem","name":"Home"}},{"@type":"ListItem","@id":"https:\/\/contadoreshoy.com\/?p=5863#listItem","position":3,"name":"Correcci\u00f3n de declaraciones tributarias","previousItem":{"@type":"ListItem","@id":"https:\/\/contadoreshoy.com\/?cat=456#listItem","name":"Conceptos y Oficios DIAN"}}]},{"@type":"Organization","@id":"https:\/\/contadoreshoy.com\/#organization","name":"Contadores P\u00fablicos","description":"Portal para Contadores P\u00fablicos y empresarios","url":"https:\/\/contadoreshoy.com\/","logo":{"@type":"ImageObject","url":"https:\/\/contadoreshoy.com\/wp-content\/uploads\/2024\/01\/cropped-cropped-Copia-de-M-1.jpg","@id":"https:\/\/contadoreshoy.com\/?p=5863\/#organizationLogo","width":499,"height":500},"image":{"@id":"https:\/\/contadoreshoy.com\/?p=5863\/#organizationLogo"}},{"@type":"Person","@id":"https:\/\/contadoreshoy.com\/?author=1#author","url":"https:\/\/contadoreshoy.com\/?author=1","name":"Miguel Antonio M\u00e1rquez Monta\u00f1ez"},{"@type":"WebPage","@id":"https:\/\/contadoreshoy.com\/?p=5863#webpage","url":"https:\/\/contadoreshoy.com\/?p=5863","name":"Correcci\u00f3n de declaraciones tributarias - Contadores P\u00fablicos","description":"\u00bfCu\u00e1ndo con ocasi\u00f3n de la notificaci\u00f3n de un requerimiento especial o emplazamiento para corregir el contribuye corrige la declaraci\u00f3n, y esta afecta declaraciones posteriores en las que se disminuir\u00eda el saldo a favor a aumentar\u00eda el valor a pagar, es posible la correcci\u00f3n de estas \u00faltimas aplicando para el efecto el art\u00edculo 43 de la Ley 962 de 2005?, \u00bfse requiere que est\u00e9n dentro del t\u00e9rmino de firmeza?, o \u00bfdebe acudirse al procedimiento del art\u00edculo 588 del Estatuto Tributario?","inLanguage":"es-ES","isPartOf":{"@id":"https:\/\/contadoreshoy.com\/#website"},"breadcrumb":{"@id":"https:\/\/contadoreshoy.com\/?p=5863#breadcrumblist"},"author":{"@id":"https:\/\/contadoreshoy.com\/?author=1#author"},"creator":{"@id":"https:\/\/contadoreshoy.com\/?author=1#author"},"image":{"@type":"ImageObject","url":"https:\/\/contadoreshoy.com\/wp-content\/uploads\/2015\/09\/declaraci\u00f3n-110.jpg","@id":"https:\/\/contadoreshoy.com\/?p=5863\/#mainImage","width":728,"height":943},"primaryImageOfPage":{"@id":"https:\/\/contadoreshoy.com\/?p=5863#mainImage"},"datePublished":"2015-09-15T13:41:16-05:00","dateModified":"2017-02-04T22:00:56-05:00"},{"@type":"WebSite","@id":"https:\/\/contadoreshoy.com\/#website","url":"https:\/\/contadoreshoy.com\/","name":"Contadores P\u00fablicos","description":"Portal para Contadores P\u00fablicos y empresarios","inLanguage":"es-ES","publisher":{"@id":"https:\/\/contadoreshoy.com\/#organization"}}]},"og:locale":"es_ES","og:site_name":"Contadores P\u00fablicos - Portal para Contadores P\u00fablicos y empresarios","og:type":"article","og:title":"Correcci\u00f3n de declaraciones tributarias - Contadores P\u00fablicos","og:description":"\u00bfCu\u00e1ndo con ocasi\u00f3n de la notificaci\u00f3n de un requerimiento especial o emplazamiento para corregir el contribuye corrige la declaraci\u00f3n, y esta afecta declaraciones posteriores en las que se disminuir\u00eda el saldo a favor a aumentar\u00eda el valor a pagar, es posible la correcci\u00f3n de estas \u00faltimas aplicando para el efecto el art\u00edculo 43 de la Ley 962 de 2005?, \u00bfse requiere que est\u00e9n dentro del t\u00e9rmino de firmeza?, o \u00bfdebe acudirse al procedimiento del art\u00edculo 588 del Estatuto Tributario?","og:url":"https:\/\/contadoreshoy.com\/?p=5863","og:image":"https:\/\/contadoreshoy.com\/wp-content\/uploads\/2024\/01\/cropped-cropped-cropped-Copia-de-M.jpg","og:image:secure_url":"https:\/\/contadoreshoy.com\/wp-content\/uploads\/2024\/01\/cropped-cropped-cropped-Copia-de-M.jpg","og:image:width":512,"og:image:height":371,"article:published_time":"2015-09-15T18:41:16+00:00","article:modified_time":"2017-02-05T03:00:56+00:00","twitter:card":"summary_large_image","twitter:title":"Correcci\u00f3n de declaraciones tributarias - Contadores P\u00fablicos","twitter:description":"\u00bfCu\u00e1ndo con ocasi\u00f3n de la notificaci\u00f3n de un requerimiento especial o emplazamiento para corregir el contribuye corrige la declaraci\u00f3n, y esta afecta declaraciones posteriores en las que se disminuir\u00eda el saldo a favor a aumentar\u00eda el valor a pagar, es posible la correcci\u00f3n de estas \u00faltimas aplicando para el efecto el art\u00edculo 43 de la Ley 962 de 2005?, \u00bfse requiere que est\u00e9n dentro del t\u00e9rmino de firmeza?, o \u00bfdebe acudirse al procedimiento del art\u00edculo 588 del Estatuto Tributario?","twitter:image":"https:\/\/contadoreshoy.com\/wp-content\/uploads\/2024\/01\/cropped-cropped-cropped-Copia-de-M.jpg"},"aioseo_meta_data":{"post_id":"5863","title":null,"description":null,"keywords":null,"keyphrases":null,"primary_term":null,"canonical_url":null,"og_title":null,"og_description":null,"og_object_type":"default","og_image_type":"default","og_image_url":null,"og_image_width":null,"og_image_height":null,"og_image_custom_url":null,"og_image_custom_fields":null,"og_video":null,"og_custom_url":null,"og_article_section":null,"og_article_tags":null,"twitter_use_og":false,"twitter_card":"default","twitter_image_type":"default","twitter_image_url":null,"twitter_image_custom_url":null,"twitter_image_custom_fields":null,"twitter_title":null,"twitter_description":null,"schema":{"blockGraphs":[],"customGraphs":[],"default":{"data":{"Article":[],"Course":[],"Dataset":[],"FAQPage":[],"Movie":[],"Person":[],"Product":[],"ProductReview":[],"Car":[],"Recipe":[],"Service":[],"SoftwareApplication":[],"WebPage":[]},"graphName":"","isEnabled":true},"graphs":[]},"schema_type":"default","schema_type_options":null,"pillar_content":false,"robots_default":true,"robots_noindex":false,"robots_noarchive":false,"robots_nosnippet":false,"robots_nofollow":false,"robots_noimageindex":false,"robots_noodp":false,"robots_notranslate":false,"robots_max_snippet":null,"robots_max_videopreview":null,"robots_max_imagepreview":"large","priority":null,"frequency":null,"local_seo":null,"breadcrumb_settings":null,"limit_modified_date":false,"ai":null,"created":"2024-03-05 01:08:52","updated":"2026-03-03 04:35:50","seo_analyzer_scan_date":null,"focus_keyword":null,"additional_keywords":null,"truseo_locale":null},"aioseo_breadcrumb":"<div class=\"aioseo-breadcrumbs\"><span class=\"aioseo-breadcrumb\">\n\t\t\t<a href=\"https:\/\/contadoreshoy.com\" title=\"Home\">Home<\/a>\n\t\t<\/span><span class=\"aioseo-breadcrumb-separator\">&raquo;<\/span><span class=\"aioseo-breadcrumb\">\n\t\t\t<a href=\"https:\/\/contadoreshoy.com\/?cat=456\" title=\"Conceptos y Oficios DIAN\">Conceptos y Oficios DIAN<\/a>\n\t\t<\/span><span class=\"aioseo-breadcrumb-separator\">&raquo;<\/span><span class=\"aioseo-breadcrumb\">\n\t\t\tCorrecci\u00f3n de declaraciones tributarias\n\t\t<\/span><\/div>","aioseo_breadcrumb_json":[{"label":"Home","link":"https:\/\/contadoreshoy.com"},{"label":"Conceptos y Oficios DIAN","link":"https:\/\/contadoreshoy.com\/?cat=456"},{"label":"Correcci\u00f3n de declaraciones tributarias","link":"https:\/\/contadoreshoy.com\/?p=5863"}],"yoast_head":"<!-- This site is optimized with the Yoast SEO plugin v28.4 - https:\/\/yoast.com\/product\/yoast-seo-wordpress\/ -->\n<title>Correcci\u00f3n de declaraciones tributarias - Contadores P\u00fablicos<\/title>\n<meta name=\"robots\" content=\"index, follow, max-snippet:-1, max-image-preview:large, max-video-preview:-1\" \/>\n<link rel=\"canonical\" href=\"https:\/\/contadoreshoy.com\/?p=5863\" \/>\n<meta property=\"og:locale\" content=\"es_ES\" \/>\n<meta property=\"og:type\" content=\"article\" \/>\n<meta property=\"og:title\" content=\"Correcci\u00f3n de declaraciones tributarias - Contadores P\u00fablicos\" \/>\n<meta property=\"og:description\" content=\"\u00bfCu\u00e1ndo con ocasi\u00f3n de la notificaci\u00f3n de un requerimiento especial o emplazamiento para corregir el contribuye corrige la declaraci\u00f3n, y esta afecta declaraciones posteriores en las que se disminuir\u00eda el saldo a favor a aumentar\u00eda el valor a pagar, es posible la correcci\u00f3n de estas \u00faltimas aplicando para el efecto el art\u00edculo 43 de la Ley 962 de 2005?, \u00bfse requiere que est\u00e9n dentro del t\u00e9rmino de firmeza?, o \u00bfdebe acudirse al procedimiento del art\u00edculo 588 del Estatuto Tributario?\" \/>\n<meta property=\"og:url\" content=\"https:\/\/contadoreshoy.com\/?p=5863\" \/>\n<meta property=\"og:site_name\" content=\"Contadores P\u00fablicos\" \/>\n<meta property=\"article:publisher\" content=\"https:\/\/www.facebook.com\/CCCPBucaramanga\/\" \/>\n<meta property=\"article:published_time\" content=\"2015-09-15T18:41:16+00:00\" \/>\n<meta property=\"article:modified_time\" content=\"2017-02-05T03:00:56+00:00\" \/>\n<meta property=\"og:image\" content=\"https:\/\/contadoreshoy.com\/wp-content\/uploads\/2015\/09\/declaraci\u00f3n-110.jpg\" \/>\n\t<meta property=\"og:image:width\" content=\"728\" \/>\n\t<meta property=\"og:image:height\" content=\"943\" \/>\n\t<meta property=\"og:image:type\" content=\"image\/jpeg\" \/>\n<meta name=\"author\" content=\"Miguel Antonio M\u00e1rquez Monta\u00f1ez\" \/>\n<meta name=\"twitter:card\" content=\"summary_large_image\" \/>\n<meta name=\"twitter:label1\" content=\"Escrito por\" \/>\n\t<meta name=\"twitter:data1\" content=\"Miguel Antonio M\u00e1rquez Monta\u00f1ez\" \/>\n\t<meta name=\"twitter:label2\" content=\"Tiempo de lectura\" \/>\n\t<meta name=\"twitter:data2\" content=\"8 minutos\" \/>\n<script type=\"application\/ld+json\" class=\"yoast-schema-graph\">{\"@context\":\"https:\\\/\\\/schema.org\",\"@graph\":[{\"@type\":\"Article\",\"@id\":\"https:\\\/\\\/contadoreshoy.com\\\/?p=5863#article\",\"isPartOf\":{\"@id\":\"https:\\\/\\\/contadoreshoy.com\\\/?p=5863\"},\"author\":{\"name\":\"Miguel Antonio M\u00e1rquez Monta\u00f1ez\",\"@id\":\"https:\\\/\\\/contadoreshoy.com\\\/#\\\/schema\\\/person\\\/96d8979cb865537c5dc9345e40089fc5\"},\"headline\":\"Correcci\u00f3n de declaraciones tributarias\",\"datePublished\":\"2015-09-15T18:41:16+00:00\",\"dateModified\":\"2017-02-05T03:00:56+00:00\",\"mainEntityOfPage\":{\"@id\":\"https:\\\/\\\/contadoreshoy.com\\\/?p=5863\"},\"wordCount\":1649,\"commentCount\":0,\"publisher\":{\"@id\":\"https:\\\/\\\/contadoreshoy.com\\\/#organization\"},\"image\":{\"@id\":\"https:\\\/\\\/contadoreshoy.com\\\/?p=5863#primaryimage\"},\"thumbnailUrl\":\"https:\\\/\\\/contadoreshoy.com\\\/wp-content\\\/uploads\\\/2015\\\/09\\\/declaraci\u00f3n-110.jpg\",\"articleSection\":[\"Conceptos y Oficios DIAN\"],\"inLanguage\":\"es\",\"potentialAction\":[{\"@type\":\"CommentAction\",\"name\":\"Comment\",\"target\":[\"https:\\\/\\\/contadoreshoy.com\\\/?p=5863#respond\"]}]},{\"@type\":\"WebPage\",\"@id\":\"https:\\\/\\\/contadoreshoy.com\\\/?p=5863\",\"url\":\"https:\\\/\\\/contadoreshoy.com\\\/?p=5863\",\"name\":\"Correcci\u00f3n de declaraciones tributarias - Contadores P\u00fablicos\",\"isPartOf\":{\"@id\":\"https:\\\/\\\/contadoreshoy.com\\\/#website\"},\"primaryImageOfPage\":{\"@id\":\"https:\\\/\\\/contadoreshoy.com\\\/?p=5863#primaryimage\"},\"image\":{\"@id\":\"https:\\\/\\\/contadoreshoy.com\\\/?p=5863#primaryimage\"},\"thumbnailUrl\":\"https:\\\/\\\/contadoreshoy.com\\\/wp-content\\\/uploads\\\/2015\\\/09\\\/declaraci\u00f3n-110.jpg\",\"datePublished\":\"2015-09-15T18:41:16+00:00\",\"dateModified\":\"2017-02-05T03:00:56+00:00\",\"breadcrumb\":{\"@id\":\"https:\\\/\\\/contadoreshoy.com\\\/?p=5863#breadcrumb\"},\"inLanguage\":\"es\",\"potentialAction\":[{\"@type\":\"ReadAction\",\"target\":[\"https:\\\/\\\/contadoreshoy.com\\\/?p=5863\"]}]},{\"@type\":\"ImageObject\",\"inLanguage\":\"es\",\"@id\":\"https:\\\/\\\/contadoreshoy.com\\\/?p=5863#primaryimage\",\"url\":\"https:\\\/\\\/contadoreshoy.com\\\/wp-content\\\/uploads\\\/2015\\\/09\\\/declaraci\u00f3n-110.jpg\",\"contentUrl\":\"https:\\\/\\\/contadoreshoy.com\\\/wp-content\\\/uploads\\\/2015\\\/09\\\/declaraci\u00f3n-110.jpg\",\"width\":728,\"height\":943},{\"@type\":\"BreadcrumbList\",\"@id\":\"https:\\\/\\\/contadoreshoy.com\\\/?p=5863#breadcrumb\",\"itemListElement\":[{\"@type\":\"ListItem\",\"position\":1,\"name\":\"Portada\",\"item\":\"https:\\\/\\\/contadoreshoy.com\\\/\"},{\"@type\":\"ListItem\",\"position\":2,\"name\":\"Correcci\u00f3n de declaraciones tributarias\"}]},{\"@type\":\"WebSite\",\"@id\":\"https:\\\/\\\/contadoreshoy.com\\\/#website\",\"url\":\"https:\\\/\\\/contadoreshoy.com\\\/\",\"name\":\"Contadorespublicossantander\",\"description\":\"Portal para Contadores P\u00fablicos y empresarios\",\"publisher\":{\"@id\":\"https:\\\/\\\/contadoreshoy.com\\\/#organization\"},\"potentialAction\":[{\"@type\":\"SearchAction\",\"target\":{\"@type\":\"EntryPoint\",\"urlTemplate\":\"https:\\\/\\\/contadoreshoy.com\\\/?s={search_term_string}\"},\"query-input\":{\"@type\":\"PropertyValueSpecification\",\"valueRequired\":true,\"valueName\":\"search_term_string\"}}],\"inLanguage\":\"es\"},{\"@type\":\"Organization\",\"@id\":\"https:\\\/\\\/contadoreshoy.com\\\/#organization\",\"name\":\"Contadores P\u00fablicos de Santander\",\"url\":\"https:\\\/\\\/contadoreshoy.com\\\/\",\"logo\":{\"@type\":\"ImageObject\",\"inLanguage\":\"es\",\"@id\":\"https:\\\/\\\/contadoreshoy.com\\\/#\\\/schema\\\/logo\\\/image\\\/\",\"url\":\"https:\\\/\\\/contadoreshoy.com\\\/wp-content\\\/uploads\\\/2024\\\/01\\\/cropped-cropped-Copia-de-M-1.jpg\",\"contentUrl\":\"https:\\\/\\\/contadoreshoy.com\\\/wp-content\\\/uploads\\\/2024\\\/01\\\/cropped-cropped-Copia-de-M-1.jpg\",\"width\":499,\"height\":500,\"caption\":\"Contadores P\u00fablicos de Santander\"},\"image\":{\"@id\":\"https:\\\/\\\/contadoreshoy.com\\\/#\\\/schema\\\/logo\\\/image\\\/\"},\"sameAs\":[\"https:\\\/\\\/www.facebook.com\\\/CCCPBucaramanga\\\/\"]},{\"@type\":\"Person\",\"@id\":\"https:\\\/\\\/contadoreshoy.com\\\/#\\\/schema\\\/person\\\/96d8979cb865537c5dc9345e40089fc5\",\"name\":\"Miguel Antonio M\u00e1rquez Monta\u00f1ez\",\"description\":\"Contador P\u00fablico egresado de la Universidad Aut\u00f3noma de Bucaramanga - Asesor contable tributario con m\u00e1s de 25 a\u00f1os de experiencia - Conferencista en temas contables y tributarios - T\u00e9cnico en Hardware y Dise\u00f1o Web - Creador y director Grupo de Estudio Colegio Colombiano de Contadores P\u00fablicos de Bucaramanga - Creador y Master Web p\u00e1gina www.contadoresp\u00fablicossantander.com - Expresidente Colegio Colombiano de Contadores P\u00fablicos Bucaramanga\",\"url\":\"https:\\\/\\\/contadoreshoy.com\\\/?author=1\"}]}<\/script>\n<!-- \/ Yoast SEO plugin. -->","yoast_head_json":{"title":"Correcci\u00f3n de declaraciones tributarias - Contadores P\u00fablicos","robots":{"index":"index","follow":"follow","max-snippet":"max-snippet:-1","max-image-preview":"max-image-preview:large","max-video-preview":"max-video-preview:-1"},"canonical":"https:\/\/contadoreshoy.com\/?p=5863","og_locale":"es_ES","og_type":"article","og_title":"Correcci\u00f3n de declaraciones tributarias - Contadores P\u00fablicos","og_description":"\u00bfCu\u00e1ndo con ocasi\u00f3n de la notificaci\u00f3n de un requerimiento especial o emplazamiento para corregir el contribuye corrige la declaraci\u00f3n, y esta afecta declaraciones posteriores en las que se disminuir\u00eda el saldo a favor a aumentar\u00eda el valor a pagar, es posible la correcci\u00f3n de estas \u00faltimas aplicando para el efecto el art\u00edculo 43 de la Ley 962 de 2005?, \u00bfse requiere que est\u00e9n dentro del t\u00e9rmino de firmeza?, o \u00bfdebe acudirse al procedimiento del art\u00edculo 588 del Estatuto Tributario?","og_url":"https:\/\/contadoreshoy.com\/?p=5863","og_site_name":"Contadores P\u00fablicos","article_publisher":"https:\/\/www.facebook.com\/CCCPBucaramanga\/","article_published_time":"2015-09-15T18:41:16+00:00","article_modified_time":"2017-02-05T03:00:56+00:00","og_image":[{"width":728,"height":943,"url":"https:\/\/contadoreshoy.com\/wp-content\/uploads\/2015\/09\/declaraci\u00f3n-110.jpg","type":"image\/jpeg"}],"author":"Miguel Antonio M\u00e1rquez Monta\u00f1ez","twitter_card":"summary_large_image","twitter_misc":{"Escrito por":"Miguel Antonio M\u00e1rquez Monta\u00f1ez","Tiempo de lectura":"8 minutos"},"schema":{"@context":"https:\/\/schema.org","@graph":[{"@type":"Article","@id":"https:\/\/contadoreshoy.com\/?p=5863#article","isPartOf":{"@id":"https:\/\/contadoreshoy.com\/?p=5863"},"author":{"name":"Miguel Antonio M\u00e1rquez Monta\u00f1ez","@id":"https:\/\/contadoreshoy.com\/#\/schema\/person\/96d8979cb865537c5dc9345e40089fc5"},"headline":"Correcci\u00f3n de declaraciones tributarias","datePublished":"2015-09-15T18:41:16+00:00","dateModified":"2017-02-05T03:00:56+00:00","mainEntityOfPage":{"@id":"https:\/\/contadoreshoy.com\/?p=5863"},"wordCount":1649,"commentCount":0,"publisher":{"@id":"https:\/\/contadoreshoy.com\/#organization"},"image":{"@id":"https:\/\/contadoreshoy.com\/?p=5863#primaryimage"},"thumbnailUrl":"https:\/\/contadoreshoy.com\/wp-content\/uploads\/2015\/09\/declaraci\u00f3n-110.jpg","articleSection":["Conceptos y Oficios DIAN"],"inLanguage":"es","potentialAction":[{"@type":"CommentAction","name":"Comment","target":["https:\/\/contadoreshoy.com\/?p=5863#respond"]}]},{"@type":"WebPage","@id":"https:\/\/contadoreshoy.com\/?p=5863","url":"https:\/\/contadoreshoy.com\/?p=5863","name":"Correcci\u00f3n de declaraciones tributarias - Contadores P\u00fablicos","isPartOf":{"@id":"https:\/\/contadoreshoy.com\/#website"},"primaryImageOfPage":{"@id":"https:\/\/contadoreshoy.com\/?p=5863#primaryimage"},"image":{"@id":"https:\/\/contadoreshoy.com\/?p=5863#primaryimage"},"thumbnailUrl":"https:\/\/contadoreshoy.com\/wp-content\/uploads\/2015\/09\/declaraci\u00f3n-110.jpg","datePublished":"2015-09-15T18:41:16+00:00","dateModified":"2017-02-05T03:00:56+00:00","breadcrumb":{"@id":"https:\/\/contadoreshoy.com\/?p=5863#breadcrumb"},"inLanguage":"es","potentialAction":[{"@type":"ReadAction","target":["https:\/\/contadoreshoy.com\/?p=5863"]}]},{"@type":"ImageObject","inLanguage":"es","@id":"https:\/\/contadoreshoy.com\/?p=5863#primaryimage","url":"https:\/\/contadoreshoy.com\/wp-content\/uploads\/2015\/09\/declaraci\u00f3n-110.jpg","contentUrl":"https:\/\/contadoreshoy.com\/wp-content\/uploads\/2015\/09\/declaraci\u00f3n-110.jpg","width":728,"height":943},{"@type":"BreadcrumbList","@id":"https:\/\/contadoreshoy.com\/?p=5863#breadcrumb","itemListElement":[{"@type":"ListItem","position":1,"name":"Portada","item":"https:\/\/contadoreshoy.com\/"},{"@type":"ListItem","position":2,"name":"Correcci\u00f3n de declaraciones tributarias"}]},{"@type":"WebSite","@id":"https:\/\/contadoreshoy.com\/#website","url":"https:\/\/contadoreshoy.com\/","name":"Contadorespublicossantander","description":"Portal para Contadores P\u00fablicos y empresarios","publisher":{"@id":"https:\/\/contadoreshoy.com\/#organization"},"potentialAction":[{"@type":"SearchAction","target":{"@type":"EntryPoint","urlTemplate":"https:\/\/contadoreshoy.com\/?s={search_term_string}"},"query-input":{"@type":"PropertyValueSpecification","valueRequired":true,"valueName":"search_term_string"}}],"inLanguage":"es"},{"@type":"Organization","@id":"https:\/\/contadoreshoy.com\/#organization","name":"Contadores P\u00fablicos de Santander","url":"https:\/\/contadoreshoy.com\/","logo":{"@type":"ImageObject","inLanguage":"es","@id":"https:\/\/contadoreshoy.com\/#\/schema\/logo\/image\/","url":"https:\/\/contadoreshoy.com\/wp-content\/uploads\/2024\/01\/cropped-cropped-Copia-de-M-1.jpg","contentUrl":"https:\/\/contadoreshoy.com\/wp-content\/uploads\/2024\/01\/cropped-cropped-Copia-de-M-1.jpg","width":499,"height":500,"caption":"Contadores P\u00fablicos de Santander"},"image":{"@id":"https:\/\/contadoreshoy.com\/#\/schema\/logo\/image\/"},"sameAs":["https:\/\/www.facebook.com\/CCCPBucaramanga\/"]},{"@type":"Person","@id":"https:\/\/contadoreshoy.com\/#\/schema\/person\/96d8979cb865537c5dc9345e40089fc5","name":"Miguel Antonio M\u00e1rquez Monta\u00f1ez","description":"Contador P\u00fablico egresado de la Universidad Aut\u00f3noma de Bucaramanga - Asesor contable tributario con m\u00e1s de 25 a\u00f1os de experiencia - Conferencista en temas contables y tributarios - T\u00e9cnico en Hardware y Dise\u00f1o Web - Creador y director Grupo de Estudio Colegio Colombiano de Contadores P\u00fablicos de Bucaramanga - Creador y Master Web p\u00e1gina www.contadoresp\u00fablicossantander.com - Expresidente Colegio Colombiano de Contadores P\u00fablicos Bucaramanga","url":"https:\/\/contadoreshoy.com\/?author=1"}]}},"_links":{"self":[{"href":"https:\/\/contadoreshoy.com\/index.php?rest_route=\/wp\/v2\/posts\/5863","targetHints":{"allow":["GET"]}}],"collection":[{"href":"https:\/\/contadoreshoy.com\/index.php?rest_route=\/wp\/v2\/posts"}],"about":[{"href":"https:\/\/contadoreshoy.com\/index.php?rest_route=\/wp\/v2\/types\/post"}],"author":[{"embeddable":true,"href":"https:\/\/contadoreshoy.com\/index.php?rest_route=\/wp\/v2\/users\/1"}],"replies":[{"embeddable":true,"href":"https:\/\/contadoreshoy.com\/index.php?rest_route=%2Fwp%2Fv2%2Fcomments&post=5863"}],"version-history":[{"count":1,"href":"https:\/\/contadoreshoy.com\/index.php?rest_route=\/wp\/v2\/posts\/5863\/revisions"}],"predecessor-version":[{"id":8063,"href":"https:\/\/contadoreshoy.com\/index.php?rest_route=\/wp\/v2\/posts\/5863\/revisions\/8063"}],"wp:featuredmedia":[{"embeddable":true,"href":"https:\/\/contadoreshoy.com\/index.php?rest_route=\/wp\/v2\/media\/5871"}],"wp:attachment":[{"href":"https:\/\/contadoreshoy.com\/index.php?rest_route=%2Fwp%2Fv2%2Fmedia&parent=5863"}],"wp:term":[{"taxonomy":"category","embeddable":true,"href":"https:\/\/contadoreshoy.com\/index.php?rest_route=%2Fwp%2Fv2%2Fcategories&post=5863"},{"taxonomy":"post_tag","embeddable":true,"href":"https:\/\/contadoreshoy.com\/index.php?rest_route=%2Fwp%2Fv2%2Ftags&post=5863"}],"curies":[{"name":"wp","href":"https:\/\/api.w.org\/{rel}","templated":true}]}}