{"id":5897,"date":"2015-09-16T19:12:08","date_gmt":"2015-09-17T00:12:08","guid":{"rendered":"http:\/\/colegiocolombianodecontadores.com\/?p=5897"},"modified":"2017-02-04T22:00:54","modified_gmt":"2017-02-05T03:00:54","slug":"iva-en-transporte-de-ambulancia","status":"publish","type":"post","link":"https:\/\/contadoreshoy.com\/?p=5897","title":{"rendered":"Servicio de ambulancia excluido del IVA"},"content":{"rendered":"<p style=\"text-align: center;\"><strong>OFICIO N\u00daMERO 022785 DE 2015 &#8211; DIAN<\/strong><\/p>\n<p style=\"text-align: center;\">(agosto 4)<\/p>\n<p>&nbsp;<\/p>\n<p>Subdirecci\u00f3n de Gesti\u00f3n Normativa y Doctrina Bogot\u00e1, D. C.<\/p>\n<p>&nbsp;<\/p>\n<p>100208221-000976<\/p>\n<p>&nbsp;<\/p>\n<p><strong>Referencia<\/strong>: Radicado 023368 del 11\/06\/2015<\/p>\n<p>&nbsp;<\/p>\n<p>Cordial saludo, se\u00f1or Victoria:<\/p>\n<p>&nbsp;<\/p>\n<p>De acuerdo con el art\u00edculo 20 del Decreto n\u00famero 4048 de 2008 es funci\u00f3n de esta Subdirecci\u00f3n absolver de modo general las consultas escritas que se formulen sobre interpretaci\u00f3n y aplicaci\u00f3n de las normas tributarias de car\u00e1cter nacional, aduaneras y cambiarias en lo de competencia de esta entidad.<\/p>\n<p>&nbsp;<\/p>\n<p>Previo a atender el tema cabe precisar que de acuerdo con nuestras funciones no es procedente conceptuar sobre los procedimientos espec\u00edficos a seguir, o las actuaciones por adelantar con ocasi\u00f3n de contratos p\u00fablicos o privados, tampoco corresponde definir, desatar, investigar o juzgar las actuaciones de los mismos, considerando que a esta Subdirecci\u00f3n le corresponde absolver consultas sobre interpretaci\u00f3n y aplicaci\u00f3n de normas tributarias de car\u00e1cter nacional, aduaneras y cambiarias.<\/p>\n<p>&nbsp;<\/p>\n<p><span style=\"color: #0000ff;\">En general la consulta se refiere al transporte de ambulancia terrestre para atender urgencias m\u00e9dicas, y si tal actividad de servicios est\u00e1 gravada con IVA.<\/span><\/p>\n<p>&nbsp;<\/p>\n<p>Sobre el particular debe se\u00f1alarse que el tema fue resuelto mediante el Concepto 001 de 2003, doctrina que se encuentra vigente, cuyos p\u00e1rrafos pertinentes explican:<\/p>\n<p>&nbsp;<\/p>\n<p><em>\u201cdescriptores: servicios excluidos.<\/em><\/p>\n<p><em> Servicios para la salud humana.<\/em><\/p>\n<p><em>(P\u00e1ginas 104-105)<\/em><\/p>\n<p>&nbsp;<\/p>\n<p>2.1.2.<strong><em> Transporte en ambulancia.<\/em><\/strong><\/p>\n<p>&nbsp;<\/p>\n<p><em>Atendiendo a la integralidad en la prestaci\u00f3n del servicio para la salud humana, es importante precisar que es necesario en algunas oportunidades para la efectiva prestaci\u00f3n del servicio, que las Entidades Promotoras de Salud (EPS) o las Administradoras del R\u00e9gimen Subsidiado en Salud (ARS) trasladen a sus afiliados a lugares distintos de su domicilio con el fin de que reciban consulta o tratamiento m\u00e9dico especializado. No es posible tomar en forma aislada el servicio de ambulancia y por lo mismo no puede menos que afirmarse que esta forma parte integral del Sistema General de Seguridad Social en Salud, y por lo tanto se encuentran excluidos del impuesto sobre las ventas, a la luz de lo dispuesto en el numeral 1 del art\u00edculo 476 del Estatuto Tributario.<\/em><\/p>\n<p>&nbsp;<\/p>\n<p><em><span style=\"color: #ff9900;\">A su vez, el servicio de ambulancia en la medida que tiene como finalidad proporcionar un medio de transporte id\u00f3neo a las personas que por su estado requieren ser trasladados en forma r\u00e1pida, a los centros de salud, y adicionalmente al comprender este servicio el de asistencia m\u00e9dica o param\u00e9dica, algunas veces, no puede menos que considerarse que tal actividad se enmarca dentro de los servicios m\u00e9dicos para la salud humana<\/span>.<\/em><\/p>\n<p>&nbsp;<\/p>\n<p><span style=\"color: #ff9900;\"><em>Si a lo anterior se agrega que las mismas instituciones de salud, en determinados casos, recomiendan el traslado de los pacientes a trav\u00e9s de estas, actividad de la cual depende la vida humana, el servicio de transporte en ambulancia goza del beneficio de la exclusi\u00f3n del impuesto sobre las ventas\u201d.<\/em><\/span><\/p>\n<p>&nbsp;<\/p>\n<p>En los anteriores t\u00e9rminos se absuelve su consulta y cordialmente le informamos que tanto la normatividad en materia tributaria, aduanera y cambiaria, como los conceptos emitidos por la Direcci\u00f3n de Gesti\u00f3n Jur\u00eddica en estas materias pueden consultarse directamente en nuestras bases de datos jur\u00eddicas ingresando a la p\u00e1gina electr\u00f3nica de la DIAN: <u>http:\/\/ www.dian.gov.co<\/u> siguiendo el \u00edcono de \u201cNormatividad\u201d \u2013 \u201ct\u00e9cnica\u201d, y seleccionando los v\u00ednculos \u201cdoctrina\u201d y \u201cDirecci\u00f3n de Gesti\u00f3n Jur\u00eddica\u201d.<\/p>\n<p>&nbsp;<\/p>\n<p>Atentamente,<\/p>\n<p>&nbsp;<\/p>\n<p>El Subdirector de Gesti\u00f3n Normativa y Doctrina (e),<\/p>\n<p>&nbsp;<\/p>\n<p><em>Pedro Pablo Contreras Camargo.<\/em><\/p>\n<p><strong>(C. F.).<\/strong><\/p>\n","protected":false},"excerpt":{"rendered":"<p>El servicio de ambulancia en la medida que tiene como finalidad proporcionar un medio de transporte id\u00f3neo a las personas que por su estado requieren ser trasladados en forma r\u00e1pida, a los centros de salud, y adicionalmente al comprender este servicio el de asistencia m\u00e9dica o param\u00e9dica, algunas veces, no puede menos que considerarse que tal actividad se enmarca dentro de los servicios m\u00e9dicos para la salud humana.<\/p>\n","protected":false},"author":1,"featured_media":5898,"comment_status":"open","ping_status":"open","sticky":false,"template":"","format":"standard","meta":{"_monsterinsights_skip_tracking":false,"ngg_post_thumbnail":0,"footnotes":"","_links_to":"","_links_to_target":""},"categories":[456],"tags":[],"class_list":["post-5897","post","type-post","status-publish","format-standard","has-post-thumbnail","hentry","category-conceptos-y-oficios-dian"],"aioseo_notices":[],"aioseo_head":"\n\t\t<!-- All in One SEO 5.0.1.1 - aioseo.com -->\n\t<meta name=\"description\" content=\"El servicio de ambulancia en la medida que tiene como finalidad proporcionar un medio de transporte id\u00f3neo a las personas que por su estado requieren ser trasladados en forma r\u00e1pida, a los centros de salud, y adicionalmente al comprender este servicio el de asistencia m\u00e9dica o param\u00e9dica, algunas veces, no puede menos que considerarse que tal actividad se enmarca dentro de los servicios m\u00e9dicos para la salud humana.\" \/>\n\t<meta name=\"robots\" content=\"max-image-preview:large\" \/>\n\t<meta name=\"author\" content=\"Miguel Antonio M\u00e1rquez Monta\u00f1ez\"\/>\n\t<link rel=\"canonical\" href=\"https:\/\/contadoreshoy.com\/?p=5897\" \/>\n\t<meta name=\"generator\" content=\"All in One SEO (AIOSEO) 5.0.1.1\" \/>\n\t\t<meta property=\"og:locale\" content=\"es_ES\" \/>\n\t\t<meta property=\"og:site_name\" content=\"Contadores P\u00fablicos - Portal para Contadores P\u00fablicos y empresarios\" \/>\n\t\t<meta property=\"og:type\" content=\"article\" \/>\n\t\t<meta property=\"og:title\" content=\"Servicio de ambulancia excluido del IVA - Contadores P\u00fablicos\" \/>\n\t\t<meta property=\"og:description\" content=\"El servicio de ambulancia en la medida que tiene como finalidad proporcionar un medio de transporte id\u00f3neo a las personas que por su estado requieren ser trasladados en forma r\u00e1pida, a los centros de salud, y adicionalmente al comprender este servicio el de asistencia m\u00e9dica o param\u00e9dica, algunas veces, no puede menos que considerarse que tal actividad se enmarca dentro de los servicios m\u00e9dicos para la salud humana.\" \/>\n\t\t<meta property=\"og:url\" content=\"https:\/\/contadoreshoy.com\/?p=5897\" \/>\n\t\t<meta property=\"og:image\" content=\"https:\/\/contadoreshoy.com\/wp-content\/uploads\/2024\/01\/cropped-cropped-cropped-Copia-de-M.jpg\" \/>\n\t\t<meta property=\"og:image:secure_url\" content=\"https:\/\/contadoreshoy.com\/wp-content\/uploads\/2024\/01\/cropped-cropped-cropped-Copia-de-M.jpg\" \/>\n\t\t<meta property=\"og:image:width\" content=\"512\" \/>\n\t\t<meta property=\"og:image:height\" content=\"371\" \/>\n\t\t<meta property=\"article:published_time\" content=\"2015-09-17T00:12:08+00:00\" \/>\n\t\t<meta property=\"article:modified_time\" content=\"2017-02-05T03:00:54+00:00\" \/>\n\t\t<meta name=\"twitter:card\" content=\"summary_large_image\" \/>\n\t\t<meta name=\"twitter:title\" content=\"Servicio de ambulancia excluido del IVA - Contadores P\u00fablicos\" \/>\n\t\t<meta name=\"twitter:description\" content=\"El servicio de ambulancia en la medida que tiene como finalidad proporcionar un medio de transporte id\u00f3neo a las personas que por su estado requieren ser trasladados en forma r\u00e1pida, a los centros de salud, y adicionalmente al comprender este servicio el de asistencia m\u00e9dica o param\u00e9dica, algunas veces, no puede menos que considerarse que tal actividad se enmarca dentro de los servicios m\u00e9dicos para la salud humana.\" \/>\n\t\t<meta name=\"twitter:image\" content=\"https:\/\/contadoreshoy.com\/wp-content\/uploads\/2024\/01\/cropped-cropped-cropped-Copia-de-M.jpg\" \/>\n\t\t<script type=\"application\/ld+json\" class=\"aioseo-schema\">\n\t\t\t{\"@context\":\"https:\\\/\\\/schema.org\",\"@graph\":[{\"@type\":\"BlogPosting\",\"@id\":\"https:\\\/\\\/contadoreshoy.com\\\/?p=5897#blogposting\",\"name\":\"Servicio de ambulancia excluido del IVA - Contadores P\\u00fablicos\",\"headline\":\"Servicio de ambulancia excluido del IVA\",\"author\":{\"@id\":\"https:\\\/\\\/contadoreshoy.com\\\/?author=1#author\"},\"publisher\":{\"@id\":\"https:\\\/\\\/contadoreshoy.com\\\/#organization\"},\"image\":{\"@type\":\"ImageObject\",\"url\":\"https:\\\/\\\/contadoreshoy.com\\\/wp-content\\\/uploads\\\/2015\\\/09\\\/ambulancia.jpg\",\"width\":600,\"height\":400},\"datePublished\":\"2015-09-16T19:12:08-05:00\",\"dateModified\":\"2017-02-04T22:00:54-05:00\",\"inLanguage\":\"es-ES\",\"mainEntityOfPage\":{\"@id\":\"https:\\\/\\\/contadoreshoy.com\\\/?p=5897#webpage\"},\"isPartOf\":{\"@id\":\"https:\\\/\\\/contadoreshoy.com\\\/?p=5897#webpage\"},\"articleSection\":\"Conceptos y Oficios DIAN\"},{\"@type\":\"BreadcrumbList\",\"@id\":\"https:\\\/\\\/contadoreshoy.com\\\/?p=5897#breadcrumblist\",\"itemListElement\":[{\"@type\":\"ListItem\",\"@id\":\"https:\\\/\\\/contadoreshoy.com#listItem\",\"position\":1,\"name\":\"Home\",\"item\":\"https:\\\/\\\/contadoreshoy.com\",\"nextItem\":{\"@type\":\"ListItem\",\"@id\":\"https:\\\/\\\/contadoreshoy.com\\\/?cat=456#listItem\",\"name\":\"Conceptos y Oficios DIAN\"}},{\"@type\":\"ListItem\",\"@id\":\"https:\\\/\\\/contadoreshoy.com\\\/?cat=456#listItem\",\"position\":2,\"name\":\"Conceptos y Oficios DIAN\",\"item\":\"https:\\\/\\\/contadoreshoy.com\\\/?cat=456\",\"nextItem\":{\"@type\":\"ListItem\",\"@id\":\"https:\\\/\\\/contadoreshoy.com\\\/?p=5897#listItem\",\"name\":\"Servicio de ambulancia excluido del IVA\"},\"previousItem\":{\"@type\":\"ListItem\",\"@id\":\"https:\\\/\\\/contadoreshoy.com#listItem\",\"name\":\"Home\"}},{\"@type\":\"ListItem\",\"@id\":\"https:\\\/\\\/contadoreshoy.com\\\/?p=5897#listItem\",\"position\":3,\"name\":\"Servicio de ambulancia excluido del IVA\",\"previousItem\":{\"@type\":\"ListItem\",\"@id\":\"https:\\\/\\\/contadoreshoy.com\\\/?cat=456#listItem\",\"name\":\"Conceptos y Oficios DIAN\"}}]},{\"@type\":\"Organization\",\"@id\":\"https:\\\/\\\/contadoreshoy.com\\\/#organization\",\"name\":\"Contadores P\\u00fablicos\",\"description\":\"Portal para Contadores P\\u00fablicos y empresarios\",\"url\":\"https:\\\/\\\/contadoreshoy.com\\\/\",\"logo\":{\"@type\":\"ImageObject\",\"url\":\"https:\\\/\\\/contadoreshoy.com\\\/wp-content\\\/uploads\\\/2024\\\/01\\\/cropped-cropped-Copia-de-M-1.jpg\",\"@id\":\"https:\\\/\\\/contadoreshoy.com\\\/?p=5897\\\/#organizationLogo\",\"width\":499,\"height\":500},\"image\":{\"@id\":\"https:\\\/\\\/contadoreshoy.com\\\/?p=5897\\\/#organizationLogo\"}},{\"@type\":\"Person\",\"@id\":\"https:\\\/\\\/contadoreshoy.com\\\/?author=1#author\",\"url\":\"https:\\\/\\\/contadoreshoy.com\\\/?author=1\",\"name\":\"Miguel Antonio M\\u00e1rquez Monta\\u00f1ez\"},{\"@type\":\"WebPage\",\"@id\":\"https:\\\/\\\/contadoreshoy.com\\\/?p=5897#webpage\",\"url\":\"https:\\\/\\\/contadoreshoy.com\\\/?p=5897\",\"name\":\"Servicio de ambulancia excluido del IVA - Contadores P\\u00fablicos\",\"description\":\"El servicio de ambulancia en la medida que tiene como finalidad proporcionar un medio de transporte id\\u00f3neo a las personas que por su estado requieren ser trasladados en forma r\\u00e1pida, a los centros de salud, y adicionalmente al comprender este servicio el de asistencia m\\u00e9dica o param\\u00e9dica, algunas veces, no puede menos que considerarse que tal actividad se enmarca dentro de los servicios m\\u00e9dicos para la salud humana.\",\"inLanguage\":\"es-ES\",\"isPartOf\":{\"@id\":\"https:\\\/\\\/contadoreshoy.com\\\/#website\"},\"breadcrumb\":{\"@id\":\"https:\\\/\\\/contadoreshoy.com\\\/?p=5897#breadcrumblist\"},\"author\":{\"@id\":\"https:\\\/\\\/contadoreshoy.com\\\/?author=1#author\"},\"creator\":{\"@id\":\"https:\\\/\\\/contadoreshoy.com\\\/?author=1#author\"},\"image\":{\"@type\":\"ImageObject\",\"url\":\"https:\\\/\\\/contadoreshoy.com\\\/wp-content\\\/uploads\\\/2015\\\/09\\\/ambulancia.jpg\",\"@id\":\"https:\\\/\\\/contadoreshoy.com\\\/?p=5897\\\/#mainImage\",\"width\":600,\"height\":400},\"primaryImageOfPage\":{\"@id\":\"https:\\\/\\\/contadoreshoy.com\\\/?p=5897#mainImage\"},\"datePublished\":\"2015-09-16T19:12:08-05:00\",\"dateModified\":\"2017-02-04T22:00:54-05:00\"},{\"@type\":\"WebSite\",\"@id\":\"https:\\\/\\\/contadoreshoy.com\\\/#website\",\"url\":\"https:\\\/\\\/contadoreshoy.com\\\/\",\"name\":\"Contadores P\\u00fablicos\",\"description\":\"Portal para Contadores P\\u00fablicos y empresarios\",\"inLanguage\":\"es-ES\",\"publisher\":{\"@id\":\"https:\\\/\\\/contadoreshoy.com\\\/#organization\"}}]}\n\t\t<\/script>\n\t\t<!-- All in One SEO -->\n\n","aioseo_head_json":{"title":"Servicio de ambulancia excluido del IVA - Contadores P\u00fablicos","description":"El servicio de ambulancia en la medida que tiene como finalidad proporcionar un medio de transporte id\u00f3neo a las personas que por su estado requieren ser trasladados en forma r\u00e1pida, a los centros de salud, y adicionalmente al comprender este servicio el de asistencia m\u00e9dica o param\u00e9dica, algunas veces, no puede menos que considerarse que tal actividad se enmarca dentro de los servicios m\u00e9dicos para la salud humana.","canonical_url":"https:\/\/contadoreshoy.com\/?p=5897","robots":"max-image-preview:large","keywords":"","webmasterTools":{"miscellaneous":""},"schema":{"@context":"https:\/\/schema.org","@graph":[{"@type":"BlogPosting","@id":"https:\/\/contadoreshoy.com\/?p=5897#blogposting","name":"Servicio de ambulancia excluido del IVA - Contadores P\u00fablicos","headline":"Servicio de ambulancia excluido del IVA","author":{"@id":"https:\/\/contadoreshoy.com\/?author=1#author"},"publisher":{"@id":"https:\/\/contadoreshoy.com\/#organization"},"image":{"@type":"ImageObject","url":"https:\/\/contadoreshoy.com\/wp-content\/uploads\/2015\/09\/ambulancia.jpg","width":600,"height":400},"datePublished":"2015-09-16T19:12:08-05:00","dateModified":"2017-02-04T22:00:54-05:00","inLanguage":"es-ES","mainEntityOfPage":{"@id":"https:\/\/contadoreshoy.com\/?p=5897#webpage"},"isPartOf":{"@id":"https:\/\/contadoreshoy.com\/?p=5897#webpage"},"articleSection":"Conceptos y Oficios DIAN"},{"@type":"BreadcrumbList","@id":"https:\/\/contadoreshoy.com\/?p=5897#breadcrumblist","itemListElement":[{"@type":"ListItem","@id":"https:\/\/contadoreshoy.com#listItem","position":1,"name":"Home","item":"https:\/\/contadoreshoy.com","nextItem":{"@type":"ListItem","@id":"https:\/\/contadoreshoy.com\/?cat=456#listItem","name":"Conceptos y Oficios DIAN"}},{"@type":"ListItem","@id":"https:\/\/contadoreshoy.com\/?cat=456#listItem","position":2,"name":"Conceptos y Oficios DIAN","item":"https:\/\/contadoreshoy.com\/?cat=456","nextItem":{"@type":"ListItem","@id":"https:\/\/contadoreshoy.com\/?p=5897#listItem","name":"Servicio de ambulancia excluido del IVA"},"previousItem":{"@type":"ListItem","@id":"https:\/\/contadoreshoy.com#listItem","name":"Home"}},{"@type":"ListItem","@id":"https:\/\/contadoreshoy.com\/?p=5897#listItem","position":3,"name":"Servicio de ambulancia excluido del IVA","previousItem":{"@type":"ListItem","@id":"https:\/\/contadoreshoy.com\/?cat=456#listItem","name":"Conceptos y Oficios DIAN"}}]},{"@type":"Organization","@id":"https:\/\/contadoreshoy.com\/#organization","name":"Contadores P\u00fablicos","description":"Portal para Contadores P\u00fablicos y empresarios","url":"https:\/\/contadoreshoy.com\/","logo":{"@type":"ImageObject","url":"https:\/\/contadoreshoy.com\/wp-content\/uploads\/2024\/01\/cropped-cropped-Copia-de-M-1.jpg","@id":"https:\/\/contadoreshoy.com\/?p=5897\/#organizationLogo","width":499,"height":500},"image":{"@id":"https:\/\/contadoreshoy.com\/?p=5897\/#organizationLogo"}},{"@type":"Person","@id":"https:\/\/contadoreshoy.com\/?author=1#author","url":"https:\/\/contadoreshoy.com\/?author=1","name":"Miguel Antonio M\u00e1rquez Monta\u00f1ez"},{"@type":"WebPage","@id":"https:\/\/contadoreshoy.com\/?p=5897#webpage","url":"https:\/\/contadoreshoy.com\/?p=5897","name":"Servicio de ambulancia excluido del IVA - Contadores P\u00fablicos","description":"El servicio de ambulancia en la medida que tiene como finalidad proporcionar un medio de transporte id\u00f3neo a las personas que por su estado requieren ser trasladados en forma r\u00e1pida, a los centros de salud, y adicionalmente al comprender este servicio el de asistencia m\u00e9dica o param\u00e9dica, algunas veces, no puede menos que considerarse que tal actividad se enmarca dentro de los servicios m\u00e9dicos para la salud humana.","inLanguage":"es-ES","isPartOf":{"@id":"https:\/\/contadoreshoy.com\/#website"},"breadcrumb":{"@id":"https:\/\/contadoreshoy.com\/?p=5897#breadcrumblist"},"author":{"@id":"https:\/\/contadoreshoy.com\/?author=1#author"},"creator":{"@id":"https:\/\/contadoreshoy.com\/?author=1#author"},"image":{"@type":"ImageObject","url":"https:\/\/contadoreshoy.com\/wp-content\/uploads\/2015\/09\/ambulancia.jpg","@id":"https:\/\/contadoreshoy.com\/?p=5897\/#mainImage","width":600,"height":400},"primaryImageOfPage":{"@id":"https:\/\/contadoreshoy.com\/?p=5897#mainImage"},"datePublished":"2015-09-16T19:12:08-05:00","dateModified":"2017-02-04T22:00:54-05:00"},{"@type":"WebSite","@id":"https:\/\/contadoreshoy.com\/#website","url":"https:\/\/contadoreshoy.com\/","name":"Contadores P\u00fablicos","description":"Portal para Contadores P\u00fablicos y empresarios","inLanguage":"es-ES","publisher":{"@id":"https:\/\/contadoreshoy.com\/#organization"}}]},"og:locale":"es_ES","og:site_name":"Contadores P\u00fablicos - Portal para Contadores P\u00fablicos y empresarios","og:type":"article","og:title":"Servicio de ambulancia excluido del IVA - Contadores P\u00fablicos","og:description":"El servicio de ambulancia en la medida que tiene como finalidad proporcionar un medio de transporte id\u00f3neo a las personas que por su estado requieren ser trasladados en forma r\u00e1pida, a los centros de salud, y adicionalmente al comprender este servicio el de asistencia m\u00e9dica o param\u00e9dica, algunas veces, no puede menos que considerarse que tal actividad se enmarca dentro de los servicios m\u00e9dicos para la salud humana.","og:url":"https:\/\/contadoreshoy.com\/?p=5897","og:image":"https:\/\/contadoreshoy.com\/wp-content\/uploads\/2024\/01\/cropped-cropped-cropped-Copia-de-M.jpg","og:image:secure_url":"https:\/\/contadoreshoy.com\/wp-content\/uploads\/2024\/01\/cropped-cropped-cropped-Copia-de-M.jpg","og:image:width":512,"og:image:height":371,"article:published_time":"2015-09-17T00:12:08+00:00","article:modified_time":"2017-02-05T03:00:54+00:00","twitter:card":"summary_large_image","twitter:title":"Servicio de ambulancia excluido del IVA - Contadores P\u00fablicos","twitter:description":"El servicio de ambulancia en la medida que tiene como finalidad proporcionar un medio de transporte id\u00f3neo a las personas que por su estado requieren ser trasladados en forma r\u00e1pida, a los centros de salud, y adicionalmente al comprender este servicio el de asistencia m\u00e9dica o param\u00e9dica, algunas veces, no puede menos que considerarse que tal actividad se enmarca dentro de los servicios m\u00e9dicos para la salud humana.","twitter:image":"https:\/\/contadoreshoy.com\/wp-content\/uploads\/2024\/01\/cropped-cropped-cropped-Copia-de-M.jpg"},"aioseo_meta_data":{"post_id":"5897","title":null,"description":null,"keywords":null,"keyphrases":null,"primary_term":null,"canonical_url":null,"og_title":null,"og_description":null,"og_object_type":"default","og_image_type":"default","og_image_url":null,"og_image_width":null,"og_image_height":null,"og_image_custom_url":null,"og_image_custom_fields":null,"og_video":null,"og_custom_url":null,"og_article_section":null,"og_article_tags":null,"twitter_use_og":false,"twitter_card":"default","twitter_image_type":"default","twitter_image_url":null,"twitter_image_custom_url":null,"twitter_image_custom_fields":null,"twitter_title":null,"twitter_description":null,"schema":{"blockGraphs":[],"customGraphs":[],"default":{"data":{"Article":[],"Course":[],"Dataset":[],"FAQPage":[],"Movie":[],"Person":[],"Product":[],"ProductReview":[],"Car":[],"Recipe":[],"Service":[],"SoftwareApplication":[],"WebPage":[]},"graphName":"","isEnabled":true},"graphs":[]},"schema_type":"default","schema_type_options":null,"pillar_content":false,"robots_default":true,"robots_noindex":false,"robots_noarchive":false,"robots_nosnippet":false,"robots_nofollow":false,"robots_noimageindex":false,"robots_noodp":false,"robots_notranslate":false,"robots_max_snippet":null,"robots_max_videopreview":null,"robots_max_imagepreview":"large","priority":null,"frequency":null,"local_seo":null,"breadcrumb_settings":null,"limit_modified_date":false,"ai":null,"created":"2024-03-05 01:13:29","updated":"2026-03-03 04:35:51","seo_analyzer_scan_date":null,"focus_keyword":null,"additional_keywords":null,"truseo_locale":null},"aioseo_breadcrumb":"<div class=\"aioseo-breadcrumbs\"><span class=\"aioseo-breadcrumb\">\n\t\t\t<a href=\"https:\/\/contadoreshoy.com\" title=\"Home\">Home<\/a>\n\t\t<\/span><span class=\"aioseo-breadcrumb-separator\">&raquo;<\/span><span class=\"aioseo-breadcrumb\">\n\t\t\t<a href=\"https:\/\/contadoreshoy.com\/?cat=456\" title=\"Conceptos y Oficios DIAN\">Conceptos y Oficios DIAN<\/a>\n\t\t<\/span><span class=\"aioseo-breadcrumb-separator\">&raquo;<\/span><span class=\"aioseo-breadcrumb\">\n\t\t\tServicio de ambulancia excluido del IVA\n\t\t<\/span><\/div>","aioseo_breadcrumb_json":[{"label":"Home","link":"https:\/\/contadoreshoy.com"},{"label":"Conceptos y Oficios DIAN","link":"https:\/\/contadoreshoy.com\/?cat=456"},{"label":"Servicio de ambulancia excluido del IVA","link":"https:\/\/contadoreshoy.com\/?p=5897"}],"yoast_head":"<!-- This site is optimized with the Yoast SEO plugin v28.4 - https:\/\/yoast.com\/product\/yoast-seo-wordpress\/ -->\n<title>Servicio de ambulancia excluido del IVA - Contadores P\u00fablicos<\/title>\n<meta name=\"robots\" content=\"index, follow, max-snippet:-1, max-image-preview:large, max-video-preview:-1\" \/>\n<link rel=\"canonical\" href=\"https:\/\/contadoreshoy.com\/?p=5897\" \/>\n<meta property=\"og:locale\" content=\"es_ES\" \/>\n<meta property=\"og:type\" content=\"article\" \/>\n<meta property=\"og:title\" content=\"Servicio de ambulancia excluido del IVA - Contadores P\u00fablicos\" \/>\n<meta property=\"og:description\" content=\"El servicio de ambulancia en la medida que tiene como finalidad proporcionar un medio de transporte id\u00f3neo a las personas que por su estado requieren ser trasladados en forma r\u00e1pida, a los centros de salud, y adicionalmente al comprender este servicio el de asistencia m\u00e9dica o param\u00e9dica, algunas veces, no puede menos que considerarse que tal actividad se enmarca dentro de los servicios m\u00e9dicos para la salud humana.\" \/>\n<meta property=\"og:url\" content=\"https:\/\/contadoreshoy.com\/?p=5897\" \/>\n<meta property=\"og:site_name\" content=\"Contadores P\u00fablicos\" \/>\n<meta property=\"article:publisher\" content=\"https:\/\/www.facebook.com\/CCCPBucaramanga\/\" \/>\n<meta property=\"article:published_time\" content=\"2015-09-17T00:12:08+00:00\" \/>\n<meta property=\"article:modified_time\" content=\"2017-02-05T03:00:54+00:00\" \/>\n<meta property=\"og:image\" content=\"https:\/\/contadoreshoy.com\/wp-content\/uploads\/2015\/09\/ambulancia.jpg\" \/>\n\t<meta property=\"og:image:width\" content=\"600\" \/>\n\t<meta property=\"og:image:height\" content=\"400\" \/>\n\t<meta property=\"og:image:type\" content=\"image\/jpeg\" \/>\n<meta name=\"author\" content=\"Miguel Antonio M\u00e1rquez Monta\u00f1ez\" \/>\n<meta name=\"twitter:card\" content=\"summary_large_image\" \/>\n<meta name=\"twitter:label1\" content=\"Escrito por\" \/>\n\t<meta name=\"twitter:data1\" content=\"Miguel Antonio M\u00e1rquez Monta\u00f1ez\" \/>\n\t<meta name=\"twitter:label2\" content=\"Tiempo de lectura\" \/>\n\t<meta name=\"twitter:data2\" content=\"3 minutos\" \/>\n<script type=\"application\/ld+json\" class=\"yoast-schema-graph\">{\"@context\":\"https:\\\/\\\/schema.org\",\"@graph\":[{\"@type\":\"Article\",\"@id\":\"https:\\\/\\\/contadoreshoy.com\\\/?p=5897#article\",\"isPartOf\":{\"@id\":\"https:\\\/\\\/contadoreshoy.com\\\/?p=5897\"},\"author\":{\"name\":\"Miguel Antonio M\u00e1rquez Monta\u00f1ez\",\"@id\":\"https:\\\/\\\/contadoreshoy.com\\\/#\\\/schema\\\/person\\\/96d8979cb865537c5dc9345e40089fc5\"},\"headline\":\"Servicio de ambulancia excluido del IVA\",\"datePublished\":\"2015-09-17T00:12:08+00:00\",\"dateModified\":\"2017-02-05T03:00:54+00:00\",\"mainEntityOfPage\":{\"@id\":\"https:\\\/\\\/contadoreshoy.com\\\/?p=5897\"},\"wordCount\":601,\"commentCount\":0,\"publisher\":{\"@id\":\"https:\\\/\\\/contadoreshoy.com\\\/#organization\"},\"image\":{\"@id\":\"https:\\\/\\\/contadoreshoy.com\\\/?p=5897#primaryimage\"},\"thumbnailUrl\":\"https:\\\/\\\/contadoreshoy.com\\\/wp-content\\\/uploads\\\/2015\\\/09\\\/ambulancia.jpg\",\"articleSection\":[\"Conceptos y Oficios DIAN\"],\"inLanguage\":\"es\",\"potentialAction\":[{\"@type\":\"CommentAction\",\"name\":\"Comment\",\"target\":[\"https:\\\/\\\/contadoreshoy.com\\\/?p=5897#respond\"]}]},{\"@type\":\"WebPage\",\"@id\":\"https:\\\/\\\/contadoreshoy.com\\\/?p=5897\",\"url\":\"https:\\\/\\\/contadoreshoy.com\\\/?p=5897\",\"name\":\"Servicio de ambulancia excluido del IVA - Contadores P\u00fablicos\",\"isPartOf\":{\"@id\":\"https:\\\/\\\/contadoreshoy.com\\\/#website\"},\"primaryImageOfPage\":{\"@id\":\"https:\\\/\\\/contadoreshoy.com\\\/?p=5897#primaryimage\"},\"image\":{\"@id\":\"https:\\\/\\\/contadoreshoy.com\\\/?p=5897#primaryimage\"},\"thumbnailUrl\":\"https:\\\/\\\/contadoreshoy.com\\\/wp-content\\\/uploads\\\/2015\\\/09\\\/ambulancia.jpg\",\"datePublished\":\"2015-09-17T00:12:08+00:00\",\"dateModified\":\"2017-02-05T03:00:54+00:00\",\"breadcrumb\":{\"@id\":\"https:\\\/\\\/contadoreshoy.com\\\/?p=5897#breadcrumb\"},\"inLanguage\":\"es\",\"potentialAction\":[{\"@type\":\"ReadAction\",\"target\":[\"https:\\\/\\\/contadoreshoy.com\\\/?p=5897\"]}]},{\"@type\":\"ImageObject\",\"inLanguage\":\"es\",\"@id\":\"https:\\\/\\\/contadoreshoy.com\\\/?p=5897#primaryimage\",\"url\":\"https:\\\/\\\/contadoreshoy.com\\\/wp-content\\\/uploads\\\/2015\\\/09\\\/ambulancia.jpg\",\"contentUrl\":\"https:\\\/\\\/contadoreshoy.com\\\/wp-content\\\/uploads\\\/2015\\\/09\\\/ambulancia.jpg\",\"width\":600,\"height\":400},{\"@type\":\"BreadcrumbList\",\"@id\":\"https:\\\/\\\/contadoreshoy.com\\\/?p=5897#breadcrumb\",\"itemListElement\":[{\"@type\":\"ListItem\",\"position\":1,\"name\":\"Portada\",\"item\":\"https:\\\/\\\/contadoreshoy.com\\\/\"},{\"@type\":\"ListItem\",\"position\":2,\"name\":\"Servicio de ambulancia excluido del IVA\"}]},{\"@type\":\"WebSite\",\"@id\":\"https:\\\/\\\/contadoreshoy.com\\\/#website\",\"url\":\"https:\\\/\\\/contadoreshoy.com\\\/\",\"name\":\"Contadorespublicossantander\",\"description\":\"Portal para Contadores P\u00fablicos y empresarios\",\"publisher\":{\"@id\":\"https:\\\/\\\/contadoreshoy.com\\\/#organization\"},\"potentialAction\":[{\"@type\":\"SearchAction\",\"target\":{\"@type\":\"EntryPoint\",\"urlTemplate\":\"https:\\\/\\\/contadoreshoy.com\\\/?s={search_term_string}\"},\"query-input\":{\"@type\":\"PropertyValueSpecification\",\"valueRequired\":true,\"valueName\":\"search_term_string\"}}],\"inLanguage\":\"es\"},{\"@type\":\"Organization\",\"@id\":\"https:\\\/\\\/contadoreshoy.com\\\/#organization\",\"name\":\"Contadores P\u00fablicos de Santander\",\"url\":\"https:\\\/\\\/contadoreshoy.com\\\/\",\"logo\":{\"@type\":\"ImageObject\",\"inLanguage\":\"es\",\"@id\":\"https:\\\/\\\/contadoreshoy.com\\\/#\\\/schema\\\/logo\\\/image\\\/\",\"url\":\"https:\\\/\\\/contadoreshoy.com\\\/wp-content\\\/uploads\\\/2024\\\/01\\\/cropped-cropped-Copia-de-M-1.jpg\",\"contentUrl\":\"https:\\\/\\\/contadoreshoy.com\\\/wp-content\\\/uploads\\\/2024\\\/01\\\/cropped-cropped-Copia-de-M-1.jpg\",\"width\":499,\"height\":500,\"caption\":\"Contadores P\u00fablicos de Santander\"},\"image\":{\"@id\":\"https:\\\/\\\/contadoreshoy.com\\\/#\\\/schema\\\/logo\\\/image\\\/\"},\"sameAs\":[\"https:\\\/\\\/www.facebook.com\\\/CCCPBucaramanga\\\/\"]},{\"@type\":\"Person\",\"@id\":\"https:\\\/\\\/contadoreshoy.com\\\/#\\\/schema\\\/person\\\/96d8979cb865537c5dc9345e40089fc5\",\"name\":\"Miguel Antonio M\u00e1rquez Monta\u00f1ez\",\"description\":\"Contador P\u00fablico egresado de la Universidad Aut\u00f3noma de Bucaramanga - Asesor contable tributario con m\u00e1s de 25 a\u00f1os de experiencia - Conferencista en temas contables y tributarios - T\u00e9cnico en Hardware y Dise\u00f1o Web - Creador y director Grupo de Estudio Colegio Colombiano de Contadores P\u00fablicos de Bucaramanga - Creador y Master Web p\u00e1gina www.contadoresp\u00fablicossantander.com - Expresidente Colegio Colombiano de Contadores P\u00fablicos Bucaramanga\",\"url\":\"https:\\\/\\\/contadoreshoy.com\\\/?author=1\"}]}<\/script>\n<!-- \/ Yoast SEO plugin. -->","yoast_head_json":{"title":"Servicio de ambulancia excluido del IVA - Contadores P\u00fablicos","robots":{"index":"index","follow":"follow","max-snippet":"max-snippet:-1","max-image-preview":"max-image-preview:large","max-video-preview":"max-video-preview:-1"},"canonical":"https:\/\/contadoreshoy.com\/?p=5897","og_locale":"es_ES","og_type":"article","og_title":"Servicio de ambulancia excluido del IVA - Contadores P\u00fablicos","og_description":"El servicio de ambulancia en la medida que tiene como finalidad proporcionar un medio de transporte id\u00f3neo a las personas que por su estado requieren ser trasladados en forma r\u00e1pida, a los centros de salud, y adicionalmente al comprender este servicio el de asistencia m\u00e9dica o param\u00e9dica, algunas veces, no puede menos que considerarse que tal actividad se enmarca dentro de los servicios m\u00e9dicos para la salud humana.","og_url":"https:\/\/contadoreshoy.com\/?p=5897","og_site_name":"Contadores P\u00fablicos","article_publisher":"https:\/\/www.facebook.com\/CCCPBucaramanga\/","article_published_time":"2015-09-17T00:12:08+00:00","article_modified_time":"2017-02-05T03:00:54+00:00","og_image":[{"width":600,"height":400,"url":"https:\/\/contadoreshoy.com\/wp-content\/uploads\/2015\/09\/ambulancia.jpg","type":"image\/jpeg"}],"author":"Miguel Antonio M\u00e1rquez Monta\u00f1ez","twitter_card":"summary_large_image","twitter_misc":{"Escrito por":"Miguel Antonio M\u00e1rquez Monta\u00f1ez","Tiempo de lectura":"3 minutos"},"schema":{"@context":"https:\/\/schema.org","@graph":[{"@type":"Article","@id":"https:\/\/contadoreshoy.com\/?p=5897#article","isPartOf":{"@id":"https:\/\/contadoreshoy.com\/?p=5897"},"author":{"name":"Miguel Antonio M\u00e1rquez Monta\u00f1ez","@id":"https:\/\/contadoreshoy.com\/#\/schema\/person\/96d8979cb865537c5dc9345e40089fc5"},"headline":"Servicio de ambulancia excluido del IVA","datePublished":"2015-09-17T00:12:08+00:00","dateModified":"2017-02-05T03:00:54+00:00","mainEntityOfPage":{"@id":"https:\/\/contadoreshoy.com\/?p=5897"},"wordCount":601,"commentCount":0,"publisher":{"@id":"https:\/\/contadoreshoy.com\/#organization"},"image":{"@id":"https:\/\/contadoreshoy.com\/?p=5897#primaryimage"},"thumbnailUrl":"https:\/\/contadoreshoy.com\/wp-content\/uploads\/2015\/09\/ambulancia.jpg","articleSection":["Conceptos y Oficios DIAN"],"inLanguage":"es","potentialAction":[{"@type":"CommentAction","name":"Comment","target":["https:\/\/contadoreshoy.com\/?p=5897#respond"]}]},{"@type":"WebPage","@id":"https:\/\/contadoreshoy.com\/?p=5897","url":"https:\/\/contadoreshoy.com\/?p=5897","name":"Servicio de ambulancia excluido del IVA - Contadores P\u00fablicos","isPartOf":{"@id":"https:\/\/contadoreshoy.com\/#website"},"primaryImageOfPage":{"@id":"https:\/\/contadoreshoy.com\/?p=5897#primaryimage"},"image":{"@id":"https:\/\/contadoreshoy.com\/?p=5897#primaryimage"},"thumbnailUrl":"https:\/\/contadoreshoy.com\/wp-content\/uploads\/2015\/09\/ambulancia.jpg","datePublished":"2015-09-17T00:12:08+00:00","dateModified":"2017-02-05T03:00:54+00:00","breadcrumb":{"@id":"https:\/\/contadoreshoy.com\/?p=5897#breadcrumb"},"inLanguage":"es","potentialAction":[{"@type":"ReadAction","target":["https:\/\/contadoreshoy.com\/?p=5897"]}]},{"@type":"ImageObject","inLanguage":"es","@id":"https:\/\/contadoreshoy.com\/?p=5897#primaryimage","url":"https:\/\/contadoreshoy.com\/wp-content\/uploads\/2015\/09\/ambulancia.jpg","contentUrl":"https:\/\/contadoreshoy.com\/wp-content\/uploads\/2015\/09\/ambulancia.jpg","width":600,"height":400},{"@type":"BreadcrumbList","@id":"https:\/\/contadoreshoy.com\/?p=5897#breadcrumb","itemListElement":[{"@type":"ListItem","position":1,"name":"Portada","item":"https:\/\/contadoreshoy.com\/"},{"@type":"ListItem","position":2,"name":"Servicio de ambulancia excluido del IVA"}]},{"@type":"WebSite","@id":"https:\/\/contadoreshoy.com\/#website","url":"https:\/\/contadoreshoy.com\/","name":"Contadorespublicossantander","description":"Portal para Contadores P\u00fablicos y empresarios","publisher":{"@id":"https:\/\/contadoreshoy.com\/#organization"},"potentialAction":[{"@type":"SearchAction","target":{"@type":"EntryPoint","urlTemplate":"https:\/\/contadoreshoy.com\/?s={search_term_string}"},"query-input":{"@type":"PropertyValueSpecification","valueRequired":true,"valueName":"search_term_string"}}],"inLanguage":"es"},{"@type":"Organization","@id":"https:\/\/contadoreshoy.com\/#organization","name":"Contadores P\u00fablicos de Santander","url":"https:\/\/contadoreshoy.com\/","logo":{"@type":"ImageObject","inLanguage":"es","@id":"https:\/\/contadoreshoy.com\/#\/schema\/logo\/image\/","url":"https:\/\/contadoreshoy.com\/wp-content\/uploads\/2024\/01\/cropped-cropped-Copia-de-M-1.jpg","contentUrl":"https:\/\/contadoreshoy.com\/wp-content\/uploads\/2024\/01\/cropped-cropped-Copia-de-M-1.jpg","width":499,"height":500,"caption":"Contadores P\u00fablicos de Santander"},"image":{"@id":"https:\/\/contadoreshoy.com\/#\/schema\/logo\/image\/"},"sameAs":["https:\/\/www.facebook.com\/CCCPBucaramanga\/"]},{"@type":"Person","@id":"https:\/\/contadoreshoy.com\/#\/schema\/person\/96d8979cb865537c5dc9345e40089fc5","name":"Miguel Antonio M\u00e1rquez Monta\u00f1ez","description":"Contador P\u00fablico egresado de la Universidad Aut\u00f3noma de Bucaramanga - Asesor contable tributario con m\u00e1s de 25 a\u00f1os de experiencia - Conferencista en temas contables y tributarios - T\u00e9cnico en Hardware y Dise\u00f1o Web - Creador y director Grupo de Estudio Colegio Colombiano de Contadores P\u00fablicos de Bucaramanga - Creador y Master Web p\u00e1gina www.contadoresp\u00fablicossantander.com - Expresidente Colegio Colombiano de Contadores P\u00fablicos Bucaramanga","url":"https:\/\/contadoreshoy.com\/?author=1"}]}},"_links":{"self":[{"href":"https:\/\/contadoreshoy.com\/index.php?rest_route=\/wp\/v2\/posts\/5897","targetHints":{"allow":["GET"]}}],"collection":[{"href":"https:\/\/contadoreshoy.com\/index.php?rest_route=\/wp\/v2\/posts"}],"about":[{"href":"https:\/\/contadoreshoy.com\/index.php?rest_route=\/wp\/v2\/types\/post"}],"author":[{"embeddable":true,"href":"https:\/\/contadoreshoy.com\/index.php?rest_route=\/wp\/v2\/users\/1"}],"replies":[{"embeddable":true,"href":"https:\/\/contadoreshoy.com\/index.php?rest_route=%2Fwp%2Fv2%2Fcomments&post=5897"}],"version-history":[{"count":1,"href":"https:\/\/contadoreshoy.com\/index.php?rest_route=\/wp\/v2\/posts\/5897\/revisions"}],"predecessor-version":[{"id":8056,"href":"https:\/\/contadoreshoy.com\/index.php?rest_route=\/wp\/v2\/posts\/5897\/revisions\/8056"}],"wp:featuredmedia":[{"embeddable":true,"href":"https:\/\/contadoreshoy.com\/index.php?rest_route=\/wp\/v2\/media\/5898"}],"wp:attachment":[{"href":"https:\/\/contadoreshoy.com\/index.php?rest_route=%2Fwp%2Fv2%2Fmedia&parent=5897"}],"wp:term":[{"taxonomy":"category","embeddable":true,"href":"https:\/\/contadoreshoy.com\/index.php?rest_route=%2Fwp%2Fv2%2Fcategories&post=5897"},{"taxonomy":"post_tag","embeddable":true,"href":"https:\/\/contadoreshoy.com\/index.php?rest_route=%2Fwp%2Fv2%2Ftags&post=5897"}],"curies":[{"name":"wp","href":"https:\/\/api.w.org\/{rel}","templated":true}]}}