{"id":5905,"date":"2015-09-16T21:12:45","date_gmt":"2015-09-17T02:12:45","guid":{"rendered":"http:\/\/colegiocolombianodecontadores.com\/?p=5905"},"modified":"2017-02-04T22:00:43","modified_gmt":"2017-02-05T03:00:43","slug":"cupo-del-servicio-publico-de-taxi-como-patrimonio","status":"publish","type":"post","link":"https:\/\/contadoreshoy.com\/?p=5905","title":{"rendered":"Cupo del servicio p\u00fablico de taxi como patrimonio"},"content":{"rendered":"<p><strong>OFICIO N\u00daMERO 023029 DE 2015 \u2013 DIAN<\/strong><\/p>\n<p>(agosto 5)<\/p>\n<p>&nbsp;<\/p>\n<p>Subdirecci\u00f3n de Gesti\u00f3n Normativa y Doctrina<\/p>\n<p>&nbsp;<\/p>\n<p>Bogot\u00e1, D. C., 3 agosto de 2015<\/p>\n<p>&nbsp;<\/p>\n<p>100208221-000923<\/p>\n<p>&nbsp;<\/p>\n<p><strong>Referencia<\/strong>: Radicado 000355 del 22\/07\/2015<\/p>\n<p>Tema: \u00a0\u00a0\u00a0\u00a0\u00a0\u00a0 \u00a0\u00a0\u00a0\u00a0\u00a0\u00a0\u00a0\u00a0\u00a0\u00a0\u00a0\u00a0 Procedimiento Tributario<\/p>\n<p>Descriptores: \u00a0\u00a0\u00a0\u00a0\u00a0 Declaraci\u00f3n del Impuesto Sobre la Renta y Complementarios<\/p>\n<p>Fuentes formales: Estatuto Tributario art\u00edculos 261, 262, 596 Cordial saludo, doctora Luisa Fernanda:<\/p>\n<p>&nbsp;<\/p>\n<p>De conformidad con el art\u00edculo 20 del Decreto n\u00famero 4048 de 2008 es funci\u00f3n de esta Subdirecci\u00f3n absolver las consultas escritas que se formulen sobre la interpretaci\u00f3n y aplicaci\u00f3n de las normas tributarias de car\u00e1cter nacional, aduaneras y cambiarias en lo de competencia de la Entidad.<\/p>\n<p>&nbsp;<\/p>\n<p><span style=\"color: #0000ff;\">A trav\u00e9s del radicado de la referencia se consulta si debe incluirse en la declaraci\u00f3n del impuesto de renta y complementario el denominado o llamado \u201ccupo\u201d como veh\u00edculo de servicio p\u00fablico de taxi.<\/span><\/p>\n<p>&nbsp;<\/p>\n<p>Sobre el particular este Despacho se permite indicar que el art\u00edculo 596 del Estatuto Tributario se\u00f1ala como uno de los requisitos de la declaraci\u00f3n del Impuesto sobre la Renta y Complementario, el debido diligenciamiento del formulario prescrito para el efecto que debe contener, entre otros, la discriminaci\u00f3n de los factores necesarios para determinar las bases gravables del impuesto.<\/p>\n<p>&nbsp;<\/p>\n<p>En ese sentido, uno de los elementos a considerar para este fin es el patrimonio bruto del contribuyente, el cual se encuentra constituido por el total de los bienes <u>y derechos<\/u> <u>apreciables en dinero<\/u> pose\u00eddos por el contribuyente en el \u00faltimo d\u00eda del a\u00f1o o per\u00edodo gravable, entendiendo por tales derechos los reales y personales, <u>en cuanto sean susceptibles<\/u> <u>de ser utilizados en cualquier forma para la obtenci\u00f3n de una renta<\/u> (art\u00edculos 261 y 262 del Estatuto Tributario).<\/p>\n<p>&nbsp;<\/p>\n<p>Este Despacho pone especial \u00e9nfasis a los derechos a incluir en el patrimonio, pues interpreta que el valor adicional pagado al comprar un veh\u00edculo, el \u201ccupo\u201d como veh\u00edculo de servicio p\u00fablico de taxi, corresponde a la noci\u00f3n de derecho a que se refieren las normas anteriormente mencionadas.<\/p>\n<p>&nbsp;<\/p>\n<p><span style=\"color: #ff9900;\">El \u201ccupo\u201d como veh\u00edculo de servicio p\u00fablico de taxi puede ser materia de cesi\u00f3n, posibilidad que hace necesario distinguir los dos activos involucrados: el veh\u00edculo y el derecho a circular como parte del sistema de transporte p\u00fablico, esta es la raz\u00f3n por la cual se puede interpretar que debe incluirse en la declaraci\u00f3n del impuesto de renta y complementario, como un derecho apreciable en dinero.<\/span><\/p>\n<p>&nbsp;<\/p>\n<p>En los anteriores t\u00e9rminos se resuelve su solicitud.<\/p>\n<p>&nbsp;<\/p>\n<p>Cordialmente le informamos que tanto la normatividad en materia tributaria, aduanera y cambiaria, como los conceptos emitidos por la Direcci\u00f3n de Gesti\u00f3n Jur\u00eddica en estas materias pueden consultarse directamente en nuestra base de datos jur\u00eddica ingresando a la p\u00e1gina electr\u00f3nica de la DIAN: http:\/\/www.dian.gov.co siguiendo los iconos: \u201cNormatividad\u201d \u2013 \u201cT\u00e9cnica\u201d y seleccionando los v\u00ednculos \u201cdoctrina\u201d y \u201cDirecci\u00f3n de Gesti\u00f3n Jur\u00eddica\u201d.<\/p>\n<p>&nbsp;<\/p>\n<p>Atentamente,<\/p>\n<p>El Subdirector de Gesti\u00f3n Normativa y Doctrina (e),<\/p>\n<p>&nbsp;<\/p>\n<p><em>Pedro Pablo Contreras Camargo.<\/em><\/p>\n<p><strong>(C. F.).<\/strong><\/p>\n","protected":false},"excerpt":{"rendered":"<p>El \u201ccupo\u201d como veh\u00edculo de servicio p\u00fablico de taxi puede ser materia de cesi\u00f3n, posibilidad que hace necesario distinguir los dos activos involucrados: el veh\u00edculo y el derecho a circular como parte del sistema de transporte p\u00fablico, esta es la raz\u00f3n por la cual se puede interpretar que debe incluirse en la declaraci\u00f3n del impuesto de renta y complementario, como un derecho apreciable en dinero.<\/p>\n","protected":false},"author":1,"featured_media":5906,"comment_status":"open","ping_status":"open","sticky":false,"template":"","format":"standard","meta":{"_monsterinsights_skip_tracking":false,"ngg_post_thumbnail":0,"footnotes":"","_links_to":"","_links_to_target":""},"categories":[456],"tags":[],"class_list":["post-5905","post","type-post","status-publish","format-standard","has-post-thumbnail","hentry","category-conceptos-y-oficios-dian"],"aioseo_notices":[],"aioseo_head":"\n\t\t<!-- All in One SEO 5.0.1.1 - aioseo.com -->\n\t<meta name=\"description\" content=\"El \u201ccupo\u201d como veh\u00edculo de servicio p\u00fablico de taxi puede ser materia de cesi\u00f3n, posibilidad que hace necesario distinguir los dos activos involucrados: el veh\u00edculo y el derecho a circular como parte del sistema de transporte p\u00fablico, esta es la raz\u00f3n por la cual se puede interpretar que debe incluirse en la declaraci\u00f3n del impuesto de renta y complementario, como un derecho apreciable en dinero.\" \/>\n\t<meta name=\"robots\" content=\"max-image-preview:large\" \/>\n\t<meta name=\"author\" content=\"Miguel Antonio M\u00e1rquez Monta\u00f1ez\"\/>\n\t<link rel=\"canonical\" href=\"https:\/\/contadoreshoy.com\/?p=5905\" \/>\n\t<meta name=\"generator\" content=\"All in One SEO (AIOSEO) 5.0.1.1\" \/>\n\t\t<meta property=\"og:locale\" content=\"es_ES\" \/>\n\t\t<meta property=\"og:site_name\" content=\"Contadores P\u00fablicos - Portal para Contadores P\u00fablicos y empresarios\" \/>\n\t\t<meta property=\"og:type\" content=\"article\" \/>\n\t\t<meta property=\"og:title\" content=\"Cupo del servicio p\u00fablico de taxi como patrimonio - Contadores P\u00fablicos\" \/>\n\t\t<meta property=\"og:description\" content=\"El \u201ccupo\u201d como veh\u00edculo de servicio p\u00fablico de taxi puede ser materia de cesi\u00f3n, posibilidad que hace necesario distinguir los dos activos involucrados: el veh\u00edculo y el derecho a circular como parte del sistema de transporte p\u00fablico, esta es la raz\u00f3n por la cual se puede interpretar que debe incluirse en la declaraci\u00f3n del impuesto de renta y complementario, como un derecho apreciable en dinero.\" \/>\n\t\t<meta property=\"og:url\" content=\"https:\/\/contadoreshoy.com\/?p=5905\" \/>\n\t\t<meta property=\"og:image\" content=\"https:\/\/contadoreshoy.com\/wp-content\/uploads\/2024\/01\/cropped-cropped-cropped-Copia-de-M.jpg\" \/>\n\t\t<meta property=\"og:image:secure_url\" content=\"https:\/\/contadoreshoy.com\/wp-content\/uploads\/2024\/01\/cropped-cropped-cropped-Copia-de-M.jpg\" \/>\n\t\t<meta property=\"og:image:width\" content=\"512\" \/>\n\t\t<meta property=\"og:image:height\" content=\"371\" \/>\n\t\t<meta property=\"article:published_time\" content=\"2015-09-17T02:12:45+00:00\" \/>\n\t\t<meta property=\"article:modified_time\" content=\"2017-02-05T03:00:43+00:00\" \/>\n\t\t<meta name=\"twitter:card\" content=\"summary_large_image\" \/>\n\t\t<meta name=\"twitter:title\" content=\"Cupo del servicio p\u00fablico de taxi como patrimonio - Contadores P\u00fablicos\" \/>\n\t\t<meta name=\"twitter:description\" content=\"El \u201ccupo\u201d como veh\u00edculo de servicio p\u00fablico de taxi puede ser materia de cesi\u00f3n, posibilidad que hace necesario distinguir los dos activos involucrados: el veh\u00edculo y el derecho a circular como parte del sistema de transporte p\u00fablico, esta es la raz\u00f3n por la cual se puede interpretar que debe incluirse en la declaraci\u00f3n del impuesto de renta y complementario, como un derecho apreciable en dinero.\" \/>\n\t\t<meta name=\"twitter:image\" content=\"https:\/\/contadoreshoy.com\/wp-content\/uploads\/2024\/01\/cropped-cropped-cropped-Copia-de-M.jpg\" \/>\n\t\t<script type=\"application\/ld+json\" class=\"aioseo-schema\">\n\t\t\t{\"@context\":\"https:\\\/\\\/schema.org\",\"@graph\":[{\"@type\":\"BlogPosting\",\"@id\":\"https:\\\/\\\/contadoreshoy.com\\\/?p=5905#blogposting\",\"name\":\"Cupo del servicio p\\u00fablico de taxi como patrimonio - Contadores P\\u00fablicos\",\"headline\":\"Cupo del servicio p\\u00fablico de taxi como patrimonio\",\"author\":{\"@id\":\"https:\\\/\\\/contadoreshoy.com\\\/?author=1#author\"},\"publisher\":{\"@id\":\"https:\\\/\\\/contadoreshoy.com\\\/#organization\"},\"image\":{\"@type\":\"ImageObject\",\"url\":\"https:\\\/\\\/contadoreshoy.com\\\/wp-content\\\/uploads\\\/2015\\\/09\\\/taxi-estambul.jpg\",\"width\":600,\"height\":400},\"datePublished\":\"2015-09-16T21:12:45-05:00\",\"dateModified\":\"2017-02-04T22:00:43-05:00\",\"inLanguage\":\"es-ES\",\"mainEntityOfPage\":{\"@id\":\"https:\\\/\\\/contadoreshoy.com\\\/?p=5905#webpage\"},\"isPartOf\":{\"@id\":\"https:\\\/\\\/contadoreshoy.com\\\/?p=5905#webpage\"},\"articleSection\":\"Conceptos y Oficios DIAN\"},{\"@type\":\"BreadcrumbList\",\"@id\":\"https:\\\/\\\/contadoreshoy.com\\\/?p=5905#breadcrumblist\",\"itemListElement\":[{\"@type\":\"ListItem\",\"@id\":\"https:\\\/\\\/contadoreshoy.com#listItem\",\"position\":1,\"name\":\"Home\",\"item\":\"https:\\\/\\\/contadoreshoy.com\",\"nextItem\":{\"@type\":\"ListItem\",\"@id\":\"https:\\\/\\\/contadoreshoy.com\\\/?cat=456#listItem\",\"name\":\"Conceptos y Oficios DIAN\"}},{\"@type\":\"ListItem\",\"@id\":\"https:\\\/\\\/contadoreshoy.com\\\/?cat=456#listItem\",\"position\":2,\"name\":\"Conceptos y Oficios DIAN\",\"item\":\"https:\\\/\\\/contadoreshoy.com\\\/?cat=456\",\"nextItem\":{\"@type\":\"ListItem\",\"@id\":\"https:\\\/\\\/contadoreshoy.com\\\/?p=5905#listItem\",\"name\":\"Cupo del servicio p\\u00fablico de taxi como patrimonio\"},\"previousItem\":{\"@type\":\"ListItem\",\"@id\":\"https:\\\/\\\/contadoreshoy.com#listItem\",\"name\":\"Home\"}},{\"@type\":\"ListItem\",\"@id\":\"https:\\\/\\\/contadoreshoy.com\\\/?p=5905#listItem\",\"position\":3,\"name\":\"Cupo del servicio p\\u00fablico de taxi como patrimonio\",\"previousItem\":{\"@type\":\"ListItem\",\"@id\":\"https:\\\/\\\/contadoreshoy.com\\\/?cat=456#listItem\",\"name\":\"Conceptos y Oficios DIAN\"}}]},{\"@type\":\"Organization\",\"@id\":\"https:\\\/\\\/contadoreshoy.com\\\/#organization\",\"name\":\"Contadores P\\u00fablicos\",\"description\":\"Portal para Contadores P\\u00fablicos y empresarios\",\"url\":\"https:\\\/\\\/contadoreshoy.com\\\/\",\"logo\":{\"@type\":\"ImageObject\",\"url\":\"https:\\\/\\\/contadoreshoy.com\\\/wp-content\\\/uploads\\\/2024\\\/01\\\/cropped-cropped-Copia-de-M-1.jpg\",\"@id\":\"https:\\\/\\\/contadoreshoy.com\\\/?p=5905\\\/#organizationLogo\",\"width\":499,\"height\":500},\"image\":{\"@id\":\"https:\\\/\\\/contadoreshoy.com\\\/?p=5905\\\/#organizationLogo\"}},{\"@type\":\"Person\",\"@id\":\"https:\\\/\\\/contadoreshoy.com\\\/?author=1#author\",\"url\":\"https:\\\/\\\/contadoreshoy.com\\\/?author=1\",\"name\":\"Miguel Antonio M\\u00e1rquez Monta\\u00f1ez\"},{\"@type\":\"WebPage\",\"@id\":\"https:\\\/\\\/contadoreshoy.com\\\/?p=5905#webpage\",\"url\":\"https:\\\/\\\/contadoreshoy.com\\\/?p=5905\",\"name\":\"Cupo del servicio p\\u00fablico de taxi como patrimonio - Contadores P\\u00fablicos\",\"description\":\"El \\u201ccupo\\u201d como veh\\u00edculo de servicio p\\u00fablico de taxi puede ser materia de cesi\\u00f3n, posibilidad que hace necesario distinguir los dos activos involucrados: el veh\\u00edculo y el derecho a circular como parte del sistema de transporte p\\u00fablico, esta es la raz\\u00f3n por la cual se puede interpretar que debe incluirse en la declaraci\\u00f3n del impuesto de renta y complementario, como un derecho apreciable en dinero.\",\"inLanguage\":\"es-ES\",\"isPartOf\":{\"@id\":\"https:\\\/\\\/contadoreshoy.com\\\/#website\"},\"breadcrumb\":{\"@id\":\"https:\\\/\\\/contadoreshoy.com\\\/?p=5905#breadcrumblist\"},\"author\":{\"@id\":\"https:\\\/\\\/contadoreshoy.com\\\/?author=1#author\"},\"creator\":{\"@id\":\"https:\\\/\\\/contadoreshoy.com\\\/?author=1#author\"},\"image\":{\"@type\":\"ImageObject\",\"url\":\"https:\\\/\\\/contadoreshoy.com\\\/wp-content\\\/uploads\\\/2015\\\/09\\\/taxi-estambul.jpg\",\"@id\":\"https:\\\/\\\/contadoreshoy.com\\\/?p=5905\\\/#mainImage\",\"width\":600,\"height\":400},\"primaryImageOfPage\":{\"@id\":\"https:\\\/\\\/contadoreshoy.com\\\/?p=5905#mainImage\"},\"datePublished\":\"2015-09-16T21:12:45-05:00\",\"dateModified\":\"2017-02-04T22:00:43-05:00\"},{\"@type\":\"WebSite\",\"@id\":\"https:\\\/\\\/contadoreshoy.com\\\/#website\",\"url\":\"https:\\\/\\\/contadoreshoy.com\\\/\",\"name\":\"Contadores P\\u00fablicos\",\"description\":\"Portal para Contadores P\\u00fablicos y empresarios\",\"inLanguage\":\"es-ES\",\"publisher\":{\"@id\":\"https:\\\/\\\/contadoreshoy.com\\\/#organization\"}}]}\n\t\t<\/script>\n\t\t<!-- All in One SEO -->\n\n","aioseo_head_json":{"title":"Cupo del servicio p\u00fablico de taxi como patrimonio - Contadores P\u00fablicos","description":"El \u201ccupo\u201d como veh\u00edculo de servicio p\u00fablico de taxi puede ser materia de cesi\u00f3n, posibilidad que hace necesario distinguir los dos activos involucrados: el veh\u00edculo y el derecho a circular como parte del sistema de transporte p\u00fablico, esta es la raz\u00f3n por la cual se puede interpretar que debe incluirse en la declaraci\u00f3n del impuesto de renta y complementario, como un derecho apreciable en dinero.","canonical_url":"https:\/\/contadoreshoy.com\/?p=5905","robots":"max-image-preview:large","keywords":"","webmasterTools":{"miscellaneous":""},"schema":{"@context":"https:\/\/schema.org","@graph":[{"@type":"BlogPosting","@id":"https:\/\/contadoreshoy.com\/?p=5905#blogposting","name":"Cupo del servicio p\u00fablico de taxi como patrimonio - Contadores P\u00fablicos","headline":"Cupo del servicio p\u00fablico de taxi como patrimonio","author":{"@id":"https:\/\/contadoreshoy.com\/?author=1#author"},"publisher":{"@id":"https:\/\/contadoreshoy.com\/#organization"},"image":{"@type":"ImageObject","url":"https:\/\/contadoreshoy.com\/wp-content\/uploads\/2015\/09\/taxi-estambul.jpg","width":600,"height":400},"datePublished":"2015-09-16T21:12:45-05:00","dateModified":"2017-02-04T22:00:43-05:00","inLanguage":"es-ES","mainEntityOfPage":{"@id":"https:\/\/contadoreshoy.com\/?p=5905#webpage"},"isPartOf":{"@id":"https:\/\/contadoreshoy.com\/?p=5905#webpage"},"articleSection":"Conceptos y Oficios DIAN"},{"@type":"BreadcrumbList","@id":"https:\/\/contadoreshoy.com\/?p=5905#breadcrumblist","itemListElement":[{"@type":"ListItem","@id":"https:\/\/contadoreshoy.com#listItem","position":1,"name":"Home","item":"https:\/\/contadoreshoy.com","nextItem":{"@type":"ListItem","@id":"https:\/\/contadoreshoy.com\/?cat=456#listItem","name":"Conceptos y Oficios DIAN"}},{"@type":"ListItem","@id":"https:\/\/contadoreshoy.com\/?cat=456#listItem","position":2,"name":"Conceptos y Oficios DIAN","item":"https:\/\/contadoreshoy.com\/?cat=456","nextItem":{"@type":"ListItem","@id":"https:\/\/contadoreshoy.com\/?p=5905#listItem","name":"Cupo del servicio p\u00fablico de taxi como patrimonio"},"previousItem":{"@type":"ListItem","@id":"https:\/\/contadoreshoy.com#listItem","name":"Home"}},{"@type":"ListItem","@id":"https:\/\/contadoreshoy.com\/?p=5905#listItem","position":3,"name":"Cupo del servicio p\u00fablico de taxi como patrimonio","previousItem":{"@type":"ListItem","@id":"https:\/\/contadoreshoy.com\/?cat=456#listItem","name":"Conceptos y Oficios DIAN"}}]},{"@type":"Organization","@id":"https:\/\/contadoreshoy.com\/#organization","name":"Contadores P\u00fablicos","description":"Portal para Contadores P\u00fablicos y empresarios","url":"https:\/\/contadoreshoy.com\/","logo":{"@type":"ImageObject","url":"https:\/\/contadoreshoy.com\/wp-content\/uploads\/2024\/01\/cropped-cropped-Copia-de-M-1.jpg","@id":"https:\/\/contadoreshoy.com\/?p=5905\/#organizationLogo","width":499,"height":500},"image":{"@id":"https:\/\/contadoreshoy.com\/?p=5905\/#organizationLogo"}},{"@type":"Person","@id":"https:\/\/contadoreshoy.com\/?author=1#author","url":"https:\/\/contadoreshoy.com\/?author=1","name":"Miguel Antonio M\u00e1rquez Monta\u00f1ez"},{"@type":"WebPage","@id":"https:\/\/contadoreshoy.com\/?p=5905#webpage","url":"https:\/\/contadoreshoy.com\/?p=5905","name":"Cupo del servicio p\u00fablico de taxi como patrimonio - Contadores P\u00fablicos","description":"El \u201ccupo\u201d como veh\u00edculo de servicio p\u00fablico de taxi puede ser materia de cesi\u00f3n, posibilidad que hace necesario distinguir los dos activos involucrados: el veh\u00edculo y el derecho a circular como parte del sistema de transporte p\u00fablico, esta es la raz\u00f3n por la cual se puede interpretar que debe incluirse en la declaraci\u00f3n del impuesto de renta y complementario, como un derecho apreciable en dinero.","inLanguage":"es-ES","isPartOf":{"@id":"https:\/\/contadoreshoy.com\/#website"},"breadcrumb":{"@id":"https:\/\/contadoreshoy.com\/?p=5905#breadcrumblist"},"author":{"@id":"https:\/\/contadoreshoy.com\/?author=1#author"},"creator":{"@id":"https:\/\/contadoreshoy.com\/?author=1#author"},"image":{"@type":"ImageObject","url":"https:\/\/contadoreshoy.com\/wp-content\/uploads\/2015\/09\/taxi-estambul.jpg","@id":"https:\/\/contadoreshoy.com\/?p=5905\/#mainImage","width":600,"height":400},"primaryImageOfPage":{"@id":"https:\/\/contadoreshoy.com\/?p=5905#mainImage"},"datePublished":"2015-09-16T21:12:45-05:00","dateModified":"2017-02-04T22:00:43-05:00"},{"@type":"WebSite","@id":"https:\/\/contadoreshoy.com\/#website","url":"https:\/\/contadoreshoy.com\/","name":"Contadores P\u00fablicos","description":"Portal para Contadores P\u00fablicos y empresarios","inLanguage":"es-ES","publisher":{"@id":"https:\/\/contadoreshoy.com\/#organization"}}]},"og:locale":"es_ES","og:site_name":"Contadores P\u00fablicos - Portal para Contadores P\u00fablicos y empresarios","og:type":"article","og:title":"Cupo del servicio p\u00fablico de taxi como patrimonio - Contadores P\u00fablicos","og:description":"El \u201ccupo\u201d como veh\u00edculo de servicio p\u00fablico de taxi puede ser materia de cesi\u00f3n, posibilidad que hace necesario distinguir los dos activos involucrados: el veh\u00edculo y el derecho a circular como parte del sistema de transporte p\u00fablico, esta es la raz\u00f3n por la cual se puede interpretar que debe incluirse en la declaraci\u00f3n del impuesto de renta y complementario, como un derecho apreciable en dinero.","og:url":"https:\/\/contadoreshoy.com\/?p=5905","og:image":"https:\/\/contadoreshoy.com\/wp-content\/uploads\/2024\/01\/cropped-cropped-cropped-Copia-de-M.jpg","og:image:secure_url":"https:\/\/contadoreshoy.com\/wp-content\/uploads\/2024\/01\/cropped-cropped-cropped-Copia-de-M.jpg","og:image:width":512,"og:image:height":371,"article:published_time":"2015-09-17T02:12:45+00:00","article:modified_time":"2017-02-05T03:00:43+00:00","twitter:card":"summary_large_image","twitter:title":"Cupo del servicio p\u00fablico de taxi como patrimonio - Contadores P\u00fablicos","twitter:description":"El \u201ccupo\u201d como veh\u00edculo de servicio p\u00fablico de taxi puede ser materia de cesi\u00f3n, posibilidad que hace necesario distinguir los dos activos involucrados: el veh\u00edculo y el derecho a circular como parte del sistema de transporte p\u00fablico, esta es la raz\u00f3n por la cual se puede interpretar que debe incluirse en la declaraci\u00f3n del impuesto de renta y complementario, como un derecho apreciable en dinero.","twitter:image":"https:\/\/contadoreshoy.com\/wp-content\/uploads\/2024\/01\/cropped-cropped-cropped-Copia-de-M.jpg"},"aioseo_meta_data":{"post_id":"5905","title":null,"description":null,"keywords":null,"keyphrases":null,"primary_term":null,"canonical_url":null,"og_title":null,"og_description":null,"og_object_type":"default","og_image_type":"default","og_image_url":null,"og_image_width":null,"og_image_height":null,"og_image_custom_url":null,"og_image_custom_fields":null,"og_video":null,"og_custom_url":null,"og_article_section":null,"og_article_tags":null,"twitter_use_og":false,"twitter_card":"default","twitter_image_type":"default","twitter_image_url":null,"twitter_image_custom_url":null,"twitter_image_custom_fields":null,"twitter_title":null,"twitter_description":null,"schema":{"blockGraphs":[],"customGraphs":[],"default":{"data":{"Article":[],"Course":[],"Dataset":[],"FAQPage":[],"Movie":[],"Person":[],"Product":[],"ProductReview":[],"Car":[],"Recipe":[],"Service":[],"SoftwareApplication":[],"WebPage":[]},"graphName":"","isEnabled":true},"graphs":[]},"schema_type":"default","schema_type_options":null,"pillar_content":false,"robots_default":true,"robots_noindex":false,"robots_noarchive":false,"robots_nosnippet":false,"robots_nofollow":false,"robots_noimageindex":false,"robots_noodp":false,"robots_notranslate":false,"robots_max_snippet":null,"robots_max_videopreview":null,"robots_max_imagepreview":"large","priority":null,"frequency":null,"local_seo":null,"breadcrumb_settings":null,"limit_modified_date":false,"ai":null,"created":"2024-03-05 01:13:29","updated":"2026-03-03 04:36:47","seo_analyzer_scan_date":null,"focus_keyword":null,"additional_keywords":null,"truseo_locale":null},"aioseo_breadcrumb":"<div class=\"aioseo-breadcrumbs\"><span class=\"aioseo-breadcrumb\">\n\t\t\t<a href=\"https:\/\/contadoreshoy.com\" title=\"Home\">Home<\/a>\n\t\t<\/span><span class=\"aioseo-breadcrumb-separator\">&raquo;<\/span><span class=\"aioseo-breadcrumb\">\n\t\t\t<a href=\"https:\/\/contadoreshoy.com\/?cat=456\" title=\"Conceptos y Oficios DIAN\">Conceptos y Oficios DIAN<\/a>\n\t\t<\/span><span class=\"aioseo-breadcrumb-separator\">&raquo;<\/span><span class=\"aioseo-breadcrumb\">\n\t\t\tCupo del servicio p\u00fablico de taxi como patrimonio\n\t\t<\/span><\/div>","aioseo_breadcrumb_json":[{"label":"Home","link":"https:\/\/contadoreshoy.com"},{"label":"Conceptos y Oficios DIAN","link":"https:\/\/contadoreshoy.com\/?cat=456"},{"label":"Cupo del servicio p\u00fablico de taxi como patrimonio","link":"https:\/\/contadoreshoy.com\/?p=5905"}],"yoast_head":"<!-- This site is optimized with the Yoast SEO plugin v28.4 - https:\/\/yoast.com\/product\/yoast-seo-wordpress\/ -->\n<title>Cupo del servicio p\u00fablico de taxi como patrimonio - Contadores P\u00fablicos<\/title>\n<meta name=\"robots\" content=\"index, follow, max-snippet:-1, max-image-preview:large, max-video-preview:-1\" \/>\n<link rel=\"canonical\" href=\"https:\/\/contadoreshoy.com\/?p=5905\" \/>\n<meta property=\"og:locale\" content=\"es_ES\" \/>\n<meta property=\"og:type\" content=\"article\" \/>\n<meta property=\"og:title\" content=\"Cupo del servicio p\u00fablico de taxi como patrimonio - Contadores P\u00fablicos\" \/>\n<meta property=\"og:description\" content=\"El \u201ccupo\u201d como veh\u00edculo de servicio p\u00fablico de taxi puede ser materia de cesi\u00f3n, posibilidad que hace necesario distinguir los dos activos involucrados: el veh\u00edculo y el derecho a circular como parte del sistema de transporte p\u00fablico, esta es la raz\u00f3n por la cual se puede interpretar que debe incluirse en la declaraci\u00f3n del impuesto de renta y complementario, como un derecho apreciable en dinero.\" \/>\n<meta property=\"og:url\" content=\"https:\/\/contadoreshoy.com\/?p=5905\" \/>\n<meta property=\"og:site_name\" content=\"Contadores P\u00fablicos\" \/>\n<meta property=\"article:publisher\" content=\"https:\/\/www.facebook.com\/CCCPBucaramanga\/\" \/>\n<meta property=\"article:published_time\" content=\"2015-09-17T02:12:45+00:00\" \/>\n<meta property=\"article:modified_time\" content=\"2017-02-05T03:00:43+00:00\" \/>\n<meta property=\"og:image\" content=\"https:\/\/contadoreshoy.com\/wp-content\/uploads\/2015\/09\/taxi-estambul.jpg\" \/>\n\t<meta property=\"og:image:width\" content=\"600\" \/>\n\t<meta property=\"og:image:height\" content=\"400\" \/>\n\t<meta property=\"og:image:type\" content=\"image\/jpeg\" \/>\n<meta name=\"author\" content=\"Miguel Antonio M\u00e1rquez Monta\u00f1ez\" \/>\n<meta name=\"twitter:card\" content=\"summary_large_image\" \/>\n<meta name=\"twitter:label1\" content=\"Escrito por\" \/>\n\t<meta name=\"twitter:data1\" content=\"Miguel Antonio M\u00e1rquez Monta\u00f1ez\" \/>\n\t<meta name=\"twitter:label2\" content=\"Tiempo de lectura\" \/>\n\t<meta name=\"twitter:data2\" content=\"3 minutos\" \/>\n<script type=\"application\/ld+json\" class=\"yoast-schema-graph\">{\"@context\":\"https:\\\/\\\/schema.org\",\"@graph\":[{\"@type\":\"Article\",\"@id\":\"https:\\\/\\\/contadoreshoy.com\\\/?p=5905#article\",\"isPartOf\":{\"@id\":\"https:\\\/\\\/contadoreshoy.com\\\/?p=5905\"},\"author\":{\"name\":\"Miguel Antonio M\u00e1rquez Monta\u00f1ez\",\"@id\":\"https:\\\/\\\/contadoreshoy.com\\\/#\\\/schema\\\/person\\\/96d8979cb865537c5dc9345e40089fc5\"},\"headline\":\"Cupo del servicio p\u00fablico de taxi como patrimonio\",\"datePublished\":\"2015-09-17T02:12:45+00:00\",\"dateModified\":\"2017-02-05T03:00:43+00:00\",\"mainEntityOfPage\":{\"@id\":\"https:\\\/\\\/contadoreshoy.com\\\/?p=5905\"},\"wordCount\":522,\"commentCount\":0,\"publisher\":{\"@id\":\"https:\\\/\\\/contadoreshoy.com\\\/#organization\"},\"image\":{\"@id\":\"https:\\\/\\\/contadoreshoy.com\\\/?p=5905#primaryimage\"},\"thumbnailUrl\":\"https:\\\/\\\/contadoreshoy.com\\\/wp-content\\\/uploads\\\/2015\\\/09\\\/taxi-estambul.jpg\",\"articleSection\":[\"Conceptos y Oficios DIAN\"],\"inLanguage\":\"es\",\"potentialAction\":[{\"@type\":\"CommentAction\",\"name\":\"Comment\",\"target\":[\"https:\\\/\\\/contadoreshoy.com\\\/?p=5905#respond\"]}]},{\"@type\":\"WebPage\",\"@id\":\"https:\\\/\\\/contadoreshoy.com\\\/?p=5905\",\"url\":\"https:\\\/\\\/contadoreshoy.com\\\/?p=5905\",\"name\":\"Cupo del servicio p\u00fablico de taxi como patrimonio - Contadores P\u00fablicos\",\"isPartOf\":{\"@id\":\"https:\\\/\\\/contadoreshoy.com\\\/#website\"},\"primaryImageOfPage\":{\"@id\":\"https:\\\/\\\/contadoreshoy.com\\\/?p=5905#primaryimage\"},\"image\":{\"@id\":\"https:\\\/\\\/contadoreshoy.com\\\/?p=5905#primaryimage\"},\"thumbnailUrl\":\"https:\\\/\\\/contadoreshoy.com\\\/wp-content\\\/uploads\\\/2015\\\/09\\\/taxi-estambul.jpg\",\"datePublished\":\"2015-09-17T02:12:45+00:00\",\"dateModified\":\"2017-02-05T03:00:43+00:00\",\"breadcrumb\":{\"@id\":\"https:\\\/\\\/contadoreshoy.com\\\/?p=5905#breadcrumb\"},\"inLanguage\":\"es\",\"potentialAction\":[{\"@type\":\"ReadAction\",\"target\":[\"https:\\\/\\\/contadoreshoy.com\\\/?p=5905\"]}]},{\"@type\":\"ImageObject\",\"inLanguage\":\"es\",\"@id\":\"https:\\\/\\\/contadoreshoy.com\\\/?p=5905#primaryimage\",\"url\":\"https:\\\/\\\/contadoreshoy.com\\\/wp-content\\\/uploads\\\/2015\\\/09\\\/taxi-estambul.jpg\",\"contentUrl\":\"https:\\\/\\\/contadoreshoy.com\\\/wp-content\\\/uploads\\\/2015\\\/09\\\/taxi-estambul.jpg\",\"width\":600,\"height\":400},{\"@type\":\"BreadcrumbList\",\"@id\":\"https:\\\/\\\/contadoreshoy.com\\\/?p=5905#breadcrumb\",\"itemListElement\":[{\"@type\":\"ListItem\",\"position\":1,\"name\":\"Portada\",\"item\":\"https:\\\/\\\/contadoreshoy.com\\\/\"},{\"@type\":\"ListItem\",\"position\":2,\"name\":\"Cupo del servicio p\u00fablico de taxi como patrimonio\"}]},{\"@type\":\"WebSite\",\"@id\":\"https:\\\/\\\/contadoreshoy.com\\\/#website\",\"url\":\"https:\\\/\\\/contadoreshoy.com\\\/\",\"name\":\"Contadorespublicossantander\",\"description\":\"Portal para Contadores P\u00fablicos y empresarios\",\"publisher\":{\"@id\":\"https:\\\/\\\/contadoreshoy.com\\\/#organization\"},\"potentialAction\":[{\"@type\":\"SearchAction\",\"target\":{\"@type\":\"EntryPoint\",\"urlTemplate\":\"https:\\\/\\\/contadoreshoy.com\\\/?s={search_term_string}\"},\"query-input\":{\"@type\":\"PropertyValueSpecification\",\"valueRequired\":true,\"valueName\":\"search_term_string\"}}],\"inLanguage\":\"es\"},{\"@type\":\"Organization\",\"@id\":\"https:\\\/\\\/contadoreshoy.com\\\/#organization\",\"name\":\"Contadores P\u00fablicos de Santander\",\"url\":\"https:\\\/\\\/contadoreshoy.com\\\/\",\"logo\":{\"@type\":\"ImageObject\",\"inLanguage\":\"es\",\"@id\":\"https:\\\/\\\/contadoreshoy.com\\\/#\\\/schema\\\/logo\\\/image\\\/\",\"url\":\"https:\\\/\\\/contadoreshoy.com\\\/wp-content\\\/uploads\\\/2024\\\/01\\\/cropped-cropped-Copia-de-M-1.jpg\",\"contentUrl\":\"https:\\\/\\\/contadoreshoy.com\\\/wp-content\\\/uploads\\\/2024\\\/01\\\/cropped-cropped-Copia-de-M-1.jpg\",\"width\":499,\"height\":500,\"caption\":\"Contadores P\u00fablicos de Santander\"},\"image\":{\"@id\":\"https:\\\/\\\/contadoreshoy.com\\\/#\\\/schema\\\/logo\\\/image\\\/\"},\"sameAs\":[\"https:\\\/\\\/www.facebook.com\\\/CCCPBucaramanga\\\/\"]},{\"@type\":\"Person\",\"@id\":\"https:\\\/\\\/contadoreshoy.com\\\/#\\\/schema\\\/person\\\/96d8979cb865537c5dc9345e40089fc5\",\"name\":\"Miguel Antonio M\u00e1rquez Monta\u00f1ez\",\"description\":\"Contador P\u00fablico egresado de la Universidad Aut\u00f3noma de Bucaramanga - Asesor contable tributario con m\u00e1s de 25 a\u00f1os de experiencia - Conferencista en temas contables y tributarios - T\u00e9cnico en Hardware y Dise\u00f1o Web - Creador y director Grupo de Estudio Colegio Colombiano de Contadores P\u00fablicos de Bucaramanga - Creador y Master Web p\u00e1gina www.contadoresp\u00fablicossantander.com - Expresidente Colegio Colombiano de Contadores P\u00fablicos Bucaramanga\",\"url\":\"https:\\\/\\\/contadoreshoy.com\\\/?author=1\"}]}<\/script>\n<!-- \/ Yoast SEO plugin. -->","yoast_head_json":{"title":"Cupo del servicio p\u00fablico de taxi como patrimonio - Contadores P\u00fablicos","robots":{"index":"index","follow":"follow","max-snippet":"max-snippet:-1","max-image-preview":"max-image-preview:large","max-video-preview":"max-video-preview:-1"},"canonical":"https:\/\/contadoreshoy.com\/?p=5905","og_locale":"es_ES","og_type":"article","og_title":"Cupo del servicio p\u00fablico de taxi como patrimonio - Contadores P\u00fablicos","og_description":"El \u201ccupo\u201d como veh\u00edculo de servicio p\u00fablico de taxi puede ser materia de cesi\u00f3n, posibilidad que hace necesario distinguir los dos activos involucrados: el veh\u00edculo y el derecho a circular como parte del sistema de transporte p\u00fablico, esta es la raz\u00f3n por la cual se puede interpretar que debe incluirse en la declaraci\u00f3n del impuesto de renta y complementario, como un derecho apreciable en dinero.","og_url":"https:\/\/contadoreshoy.com\/?p=5905","og_site_name":"Contadores P\u00fablicos","article_publisher":"https:\/\/www.facebook.com\/CCCPBucaramanga\/","article_published_time":"2015-09-17T02:12:45+00:00","article_modified_time":"2017-02-05T03:00:43+00:00","og_image":[{"width":600,"height":400,"url":"https:\/\/contadoreshoy.com\/wp-content\/uploads\/2015\/09\/taxi-estambul.jpg","type":"image\/jpeg"}],"author":"Miguel Antonio M\u00e1rquez Monta\u00f1ez","twitter_card":"summary_large_image","twitter_misc":{"Escrito por":"Miguel Antonio M\u00e1rquez Monta\u00f1ez","Tiempo de lectura":"3 minutos"},"schema":{"@context":"https:\/\/schema.org","@graph":[{"@type":"Article","@id":"https:\/\/contadoreshoy.com\/?p=5905#article","isPartOf":{"@id":"https:\/\/contadoreshoy.com\/?p=5905"},"author":{"name":"Miguel Antonio M\u00e1rquez Monta\u00f1ez","@id":"https:\/\/contadoreshoy.com\/#\/schema\/person\/96d8979cb865537c5dc9345e40089fc5"},"headline":"Cupo del servicio p\u00fablico de taxi como patrimonio","datePublished":"2015-09-17T02:12:45+00:00","dateModified":"2017-02-05T03:00:43+00:00","mainEntityOfPage":{"@id":"https:\/\/contadoreshoy.com\/?p=5905"},"wordCount":522,"commentCount":0,"publisher":{"@id":"https:\/\/contadoreshoy.com\/#organization"},"image":{"@id":"https:\/\/contadoreshoy.com\/?p=5905#primaryimage"},"thumbnailUrl":"https:\/\/contadoreshoy.com\/wp-content\/uploads\/2015\/09\/taxi-estambul.jpg","articleSection":["Conceptos y Oficios DIAN"],"inLanguage":"es","potentialAction":[{"@type":"CommentAction","name":"Comment","target":["https:\/\/contadoreshoy.com\/?p=5905#respond"]}]},{"@type":"WebPage","@id":"https:\/\/contadoreshoy.com\/?p=5905","url":"https:\/\/contadoreshoy.com\/?p=5905","name":"Cupo del servicio p\u00fablico de taxi como patrimonio - Contadores P\u00fablicos","isPartOf":{"@id":"https:\/\/contadoreshoy.com\/#website"},"primaryImageOfPage":{"@id":"https:\/\/contadoreshoy.com\/?p=5905#primaryimage"},"image":{"@id":"https:\/\/contadoreshoy.com\/?p=5905#primaryimage"},"thumbnailUrl":"https:\/\/contadoreshoy.com\/wp-content\/uploads\/2015\/09\/taxi-estambul.jpg","datePublished":"2015-09-17T02:12:45+00:00","dateModified":"2017-02-05T03:00:43+00:00","breadcrumb":{"@id":"https:\/\/contadoreshoy.com\/?p=5905#breadcrumb"},"inLanguage":"es","potentialAction":[{"@type":"ReadAction","target":["https:\/\/contadoreshoy.com\/?p=5905"]}]},{"@type":"ImageObject","inLanguage":"es","@id":"https:\/\/contadoreshoy.com\/?p=5905#primaryimage","url":"https:\/\/contadoreshoy.com\/wp-content\/uploads\/2015\/09\/taxi-estambul.jpg","contentUrl":"https:\/\/contadoreshoy.com\/wp-content\/uploads\/2015\/09\/taxi-estambul.jpg","width":600,"height":400},{"@type":"BreadcrumbList","@id":"https:\/\/contadoreshoy.com\/?p=5905#breadcrumb","itemListElement":[{"@type":"ListItem","position":1,"name":"Portada","item":"https:\/\/contadoreshoy.com\/"},{"@type":"ListItem","position":2,"name":"Cupo del servicio p\u00fablico de taxi como patrimonio"}]},{"@type":"WebSite","@id":"https:\/\/contadoreshoy.com\/#website","url":"https:\/\/contadoreshoy.com\/","name":"Contadorespublicossantander","description":"Portal para Contadores P\u00fablicos y empresarios","publisher":{"@id":"https:\/\/contadoreshoy.com\/#organization"},"potentialAction":[{"@type":"SearchAction","target":{"@type":"EntryPoint","urlTemplate":"https:\/\/contadoreshoy.com\/?s={search_term_string}"},"query-input":{"@type":"PropertyValueSpecification","valueRequired":true,"valueName":"search_term_string"}}],"inLanguage":"es"},{"@type":"Organization","@id":"https:\/\/contadoreshoy.com\/#organization","name":"Contadores P\u00fablicos de Santander","url":"https:\/\/contadoreshoy.com\/","logo":{"@type":"ImageObject","inLanguage":"es","@id":"https:\/\/contadoreshoy.com\/#\/schema\/logo\/image\/","url":"https:\/\/contadoreshoy.com\/wp-content\/uploads\/2024\/01\/cropped-cropped-Copia-de-M-1.jpg","contentUrl":"https:\/\/contadoreshoy.com\/wp-content\/uploads\/2024\/01\/cropped-cropped-Copia-de-M-1.jpg","width":499,"height":500,"caption":"Contadores P\u00fablicos de Santander"},"image":{"@id":"https:\/\/contadoreshoy.com\/#\/schema\/logo\/image\/"},"sameAs":["https:\/\/www.facebook.com\/CCCPBucaramanga\/"]},{"@type":"Person","@id":"https:\/\/contadoreshoy.com\/#\/schema\/person\/96d8979cb865537c5dc9345e40089fc5","name":"Miguel Antonio M\u00e1rquez Monta\u00f1ez","description":"Contador P\u00fablico egresado de la Universidad Aut\u00f3noma de Bucaramanga - Asesor contable tributario con m\u00e1s de 25 a\u00f1os de experiencia - Conferencista en temas contables y tributarios - T\u00e9cnico en Hardware y Dise\u00f1o Web - Creador y director Grupo de Estudio Colegio Colombiano de Contadores P\u00fablicos de Bucaramanga - Creador y Master Web p\u00e1gina www.contadoresp\u00fablicossantander.com - Expresidente Colegio Colombiano de Contadores P\u00fablicos Bucaramanga","url":"https:\/\/contadoreshoy.com\/?author=1"}]}},"_links":{"self":[{"href":"https:\/\/contadoreshoy.com\/index.php?rest_route=\/wp\/v2\/posts\/5905","targetHints":{"allow":["GET"]}}],"collection":[{"href":"https:\/\/contadoreshoy.com\/index.php?rest_route=\/wp\/v2\/posts"}],"about":[{"href":"https:\/\/contadoreshoy.com\/index.php?rest_route=\/wp\/v2\/types\/post"}],"author":[{"embeddable":true,"href":"https:\/\/contadoreshoy.com\/index.php?rest_route=\/wp\/v2\/users\/1"}],"replies":[{"embeddable":true,"href":"https:\/\/contadoreshoy.com\/index.php?rest_route=%2Fwp%2Fv2%2Fcomments&post=5905"}],"version-history":[{"count":1,"href":"https:\/\/contadoreshoy.com\/index.php?rest_route=\/wp\/v2\/posts\/5905\/revisions"}],"predecessor-version":[{"id":8052,"href":"https:\/\/contadoreshoy.com\/index.php?rest_route=\/wp\/v2\/posts\/5905\/revisions\/8052"}],"wp:featuredmedia":[{"embeddable":true,"href":"https:\/\/contadoreshoy.com\/index.php?rest_route=\/wp\/v2\/media\/5906"}],"wp:attachment":[{"href":"https:\/\/contadoreshoy.com\/index.php?rest_route=%2Fwp%2Fv2%2Fmedia&parent=5905"}],"wp:term":[{"taxonomy":"category","embeddable":true,"href":"https:\/\/contadoreshoy.com\/index.php?rest_route=%2Fwp%2Fv2%2Fcategories&post=5905"},{"taxonomy":"post_tag","embeddable":true,"href":"https:\/\/contadoreshoy.com\/index.php?rest_route=%2Fwp%2Fv2%2Ftags&post=5905"}],"curies":[{"name":"wp","href":"https:\/\/api.w.org\/{rel}","templated":true}]}}