{"id":5922,"date":"2015-09-18T08:48:42","date_gmt":"2015-09-18T13:48:42","guid":{"rendered":"http:\/\/colegiocolombianodecontadores.com\/?p=5922"},"modified":"2017-02-04T22:00:43","modified_gmt":"2017-02-05T03:00:43","slug":"implementacion-del-sistema-de-la-seguridad-y-salud-en-el-trabajo","status":"publish","type":"post","link":"https:\/\/contadoreshoy.com\/?p=5922","title":{"rendered":"Implementaci\u00f3n del Sistema de la Seguridad y Salud en el Trabajo"},"content":{"rendered":"<table align=\"center\">\n<tbody>\n<tr>\n<td width=\"96%\">\n<p align=\"center\"><span style=\"font-family: Arial, sans-serif;\"><span style=\"font-size: medium;\"><b>DECRETO 1443 DE 2014<\/b><\/span><\/span><\/p>\n<p align=\"center\"><span style=\"font-family: 'Times New Roman', serif;\"><span style=\"font-size: medium;\"><span style=\"color: #000000;\"><span style=\"font-family: Arial, sans-serif;\"><b>(Julio 31)<\/b><\/span><\/span><\/span><\/span><\/p>\n<p align=\"center\"><span style=\"font-family: 'Times New Roman', serif;\"><span style=\"font-size: medium;\"><span style=\"color: #000000;\"><span style=\"font-family: Arial, sans-serif;\"><b>Por el cual se dictan disposiciones para la implementaci\u00f3n del Sistema de Gesti\u00f3n de la Seguridad y Salud en el Trabajo (SG-SST).<\/b><\/span><\/span><\/span><\/span><\/p>\n<p align=\"center\"><span style=\"font-family: 'Times New Roman', serif;\"><span style=\"font-size: medium;\"><span style=\"color: #000000;\"><span style=\"font-family: Arial, sans-serif;\"><b>EL PRESIDENTE DE LA REP\u00daBLICA,<\/b><\/span><\/span><\/span><\/span><\/p>\n<p align=\"center\"><span style=\"font-family: Arial, sans-serif;\"><span style=\"font-size: medium;\"><b>en ejercicio de sus facultades legales, en especial de las que le confiere el numeral 11 del art\u00edculo 189 de la Constituci\u00f3n Pol\u00edtica y el art\u00edculo 1\u00b0 de la Ley 1562 de 2013, y<\/b><\/span><\/span><\/p>\n<p align=\"center\"><span style=\"font-family: Arial, sans-serif;\"><span style=\"font-size: medium;\"><b>CONSIDERANDO:<\/b><\/span><\/span><\/p>\n<p class=\"western\" align=\"justify\"><span style=\"font-family: Arial, sans-serif;\"><span style=\"font-size: medium;\">Que de conformidad con el art\u00edculo 2\u00b0 del Decreto n\u00famero 1295 de 1994, los objetivos generales del Sistema General de Riesgos Laborales son la promoci\u00f3n de la seguridad y salud en el trabajo y la prevenci\u00f3n de los riesgos laborales, para evitar accidentes de trabajo y enfermedades laborales.<\/span><\/span><\/p>\n<p align=\"justify\"><span style=\"font-family: Arial, sans-serif;\"><span style=\"font-size: medium;\">Que la Comunidad Andina, de la cual Colombia es pa\u00eds miembro, en la Decisi\u00f3n 584 adopt\u00f3 el \u201cInstrumento Andino de Seguridad y Salud en el Trabajo\u201d, mediante el cual se establecen las normas fundamentales en materia de seguridad y salud en el trabajo que sirven de base para la gradual y progresiva armonizaci\u00f3n de las leyes y los reglamentos que regulen las situaciones particulares de las actividades laborales que se desarrollan en cada uno de los Pa\u00edses Miembros, y que deber\u00e1n servir al mismo tiempo para impulsar en tales pa\u00edses la adopci\u00f3n de directrices sobre sistemas de gesti\u00f3n de la seguridad y la salud en el trabajo as\u00ed como el establecimiento de un sistema nacional de seguridad y salud en el trabajo; <\/span><\/span><\/p>\n<p align=\"justify\"><span style=\"font-family: Arial, sans-serif;\"><span style=\"font-size: medium;\">Que el art\u00edculo 56 del Decreto n\u00famero 1295 de 1994, sobre la prevenci\u00f3n de los riesgos laborales, establece como una de las responsabilidades del Gobierno Nacional, la de expedir las normas reglamentarias t\u00e9cnicas tendientes a garantizar la seguridad de los trabajadores y de la poblaci\u00f3n en general, en la prevenci\u00f3n de accidentes de trabajo y enfermedades laborales. <\/span><\/span><\/p>\n<p align=\"justify\"><span style=\"font-family: Arial, sans-serif;\"><span style=\"font-size: medium;\">Que el art\u00edculo 1\u00b0 de la Ley 1562 del 11 de julio de 2012, estableci\u00f3 que el programa de salud ocupacional se entender\u00e1 como el Sistema de Gesti\u00f3n de la Seguridad y Salud en el Trabajo (SG-SST). <\/span><\/span><\/p>\n<p align=\"justify\"><span style=\"font-family: Arial, sans-serif;\"><span style=\"font-size: medium;\">Que la Organizaci\u00f3n Internacional del Trabajo (OIT) public\u00f3 en el a\u00f1o 2001, las Directrices relativas a los sistemas de gesti\u00f3n de la seguridad y la salud en el trabajo (ILO-OSH 2001) las cuales, debido a su enfoque tripartito, se han convertido en un modelo ampliamente utilizado para elaborar normas nacionales en este \u00e1mbito y que como tal, se han tomado como gu\u00eda para elaborar el presente decreto. <\/span><\/span><\/p>\n<p align=\"justify\"><span style=\"font-family: Arial, sans-serif;\"><span style=\"font-size: medium;\">Que el Gobierno Nacional, a trav\u00e9s del Ministerio del Trabajo &#8211; Direcci\u00f3n de Riesgos Laborales, realiz\u00f3 consulta p\u00fablica y mesas de trabajo con expertos y representantes de la academia, sociedades cient\u00edficas, empleadores, trabajadores y Administradoras de Riesgos Laborales a nivel nacional, para compartir y concertar el contenido del presente decreto. <\/span><\/span><\/p>\n<p align=\"justify\"><span style=\"font-family: Arial, sans-serif;\"><span style=\"font-size: medium;\">En m\u00e9rito de lo expuesto, <\/span><\/span><\/p>\n<p align=\"center\"><span style=\"font-family: Arial, sans-serif;\"><span style=\"font-size: medium;\"><b>DECRETA: <\/b><\/span><\/span><\/p>\n<p align=\"center\"><span style=\"font-family: Arial, sans-serif;\"><span style=\"font-size: medium;\"><b>CAP\u00cdTULO I <\/b><\/span><\/span><\/p>\n<p align=\"center\"><span style=\"font-family: Arial, sans-serif;\"><span style=\"font-size: medium;\"><b>Objeto, campo de aplicaci\u00f3n y definiciones <\/b><\/span><\/span><\/p>\n<p align=\"justify\"><span style=\"font-family: 'Times New Roman', serif;\"><span style=\"font-size: medium;\"><span style=\"color: #000000;\"><span style=\"font-family: Arial,sans-serif;\"><b>Art\u00edculo 1\u00b0. <\/b><\/span><\/span><span style=\"color: #000000;\"><span style=\"font-family: Arial,sans-serif;\"><i><b>Objeto y Campo de Aplicaci\u00f3n.<\/b><\/i><\/span><\/span><i> <\/i><span style=\"color: #000000;\"><span style=\"font-family: Arial,sans-serif;\"><span style=\"color: #0000ff;\">El presente decreto tiene por objeto definir las directrices de obligatorio cumplimiento para implementar el Sistema de Gesti\u00f3n de la Seguridad y Salud en el Trabajo (SG-SST), que deben ser aplicadas por todos los empleadores p\u00fablicos y privados, los contratantes de personal bajo modalidad de contrato civil, comercial o administrativo, las organizaciones de econom\u00eda solidaria y del sector cooperativo, las empresas de servicios temporales y tener cobertura sobre los trabajadores dependientes, contratistas, trabajadores cooperados y los trabajadores en misi\u00f3n.<\/span> <\/span><\/span><\/span><\/span><\/p>\n<p align=\"justify\"><span style=\"font-family: 'Times New Roman', serif;\"><span style=\"font-size: medium;\"><span style=\"color: #000000;\"><span style=\"font-family: Arial, sans-serif;\"><b>Art\u00edculo 2\u00b0. <\/b><\/span><\/span><span style=\"color: #000000;\"><span style=\"font-family: Arial, sans-serif;\"><i><b>Definiciones.<\/b><\/i><\/span><\/span><i> <\/i><span style=\"color: #000000;\"><span style=\"font-family: Arial, sans-serif;\">Para los efectos del presente decreto, se aplican las siguientes definiciones: <\/span><\/span><\/span><\/span><\/p>\n<p align=\"justify\"><span style=\"font-family: 'Times New Roman', serif;\"><span style=\"font-size: medium;\"><span style=\"color: #000000;\"><span style=\"font-family: Arial, sans-serif;\">1. <\/span><\/span><span style=\"color: #000000;\"><span style=\"font-family: Arial, sans-serif;\"><b>Acci\u00f3n correctiva: <\/b><\/span><\/span><span style=\"color: #000000;\"><span style=\"font-family: Arial, sans-serif;\">Acci\u00f3n tomada para eliminar la causa de una no conformidad detectada u otra situaci\u00f3n no deseable. <\/span><\/span><\/span><\/span><\/p>\n<p align=\"justify\"><span style=\"font-family: 'Times New Roman', serif;\"><span style=\"font-size: medium;\"><span style=\"color: #000000;\"><span style=\"font-family: Arial, sans-serif;\">2. <\/span><\/span><span style=\"color: #000000;\"><span style=\"font-family: Arial, sans-serif;\"><b>Acci\u00f3n de mejora: <\/b><\/span><\/span><span style=\"color: #000000;\"><span style=\"font-family: Arial, sans-serif;\">Acci\u00f3n de optimizaci\u00f3n del Sistema de Gesti\u00f3n de la Seguridad y Salud en el Trabajo (SG-SST), para lograr mejoras en el desempe\u00f1o de la organizaci\u00f3n en la seguridad y la salud en el trabajo de forma coherente con su pol\u00edtica. <\/span><\/span><\/span><\/span><\/p>\n<p align=\"justify\"><span style=\"font-family: 'Times New Roman', serif;\"><span style=\"font-size: medium;\"><span style=\"color: #000000;\"><span style=\"font-family: Arial, sans-serif;\">3. <\/span><\/span><span style=\"color: #000000;\"><span style=\"font-family: Arial, sans-serif;\"><b>Acci\u00f3n preventiva: <\/b><\/span><\/span><span style=\"color: #000000;\"><span style=\"font-family: Arial, sans-serif;\">Acci\u00f3n para eliminar o mitigar la(s) causa(s) de una no conformidad potencial u otra situaci\u00f3n potencial no deseable. <\/span><\/span><\/span><\/span><\/p>\n<p align=\"justify\"><span style=\"font-family: 'Times New Roman', serif;\"><span style=\"font-size: medium;\"><span style=\"color: #000000;\"><span style=\"font-family: Arial, sans-serif;\">4. <\/span><\/span><span style=\"color: #000000;\"><span style=\"font-family: Arial, sans-serif;\"><b>Actividad no rutinaria: <\/b><\/span><\/span><span style=\"color: #000000;\"><span style=\"font-family: Arial, sans-serif;\">Actividad que no forma parte de la operaci\u00f3n normal de la organizaci\u00f3n o actividad que la organizaci\u00f3n ha determinado como no rutinaria por su baja frecuencia de ejecuci\u00f3n. <\/span><\/span><\/span><\/span><\/p>\n<p align=\"justify\"><span style=\"font-family: 'Times New Roman', serif;\"><span style=\"font-size: medium;\"><span style=\"color: #000000;\"><span style=\"font-family: Arial, sans-serif;\">5. <\/span><\/span><span style=\"color: #000000;\"><span style=\"font-family: Arial, sans-serif;\"><b>Actividad rutinaria: <\/b><\/span><\/span><span style=\"color: #000000;\"><span style=\"font-family: Arial, sans-serif;\">Actividad que forma parte de la operaci\u00f3n normal de la organizaci\u00f3n, se ha planificado y es estandarizable. <\/span><\/span><\/span><\/span><\/p>\n<p align=\"justify\"><span style=\"font-family: 'Times New Roman', serif;\"><span style=\"font-size: medium;\"><span style=\"color: #000000;\"><span style=\"font-family: Arial, sans-serif;\">6. <\/span><\/span><span style=\"color: #000000;\"><span style=\"font-family: Arial, sans-serif;\"><b>Alta direcci\u00f3n: <\/b><\/span><\/span><span style=\"color: #000000;\"><span style=\"font-family: Arial, sans-serif;\">Persona o grupo de personas que dirigen y controlan una empresa. <\/span><\/span><\/span><\/span><\/p>\n<p align=\"justify\"><span style=\"font-family: 'Times New Roman', serif;\"><span style=\"font-size: medium;\"><span style=\"color: #000000;\"><span style=\"font-family: Arial, sans-serif;\">7. <\/span><\/span><span style=\"color: #000000;\"><span style=\"font-family: Arial, sans-serif;\"><b>Amenaza: <\/b><\/span><\/span><span style=\"color: #000000;\"><span style=\"font-family: Arial, sans-serif;\">Peligro latente de que un evento f\u00edsico de origen natural, o causado, o inducido por la acci\u00f3n humana de manera accidental, se presente con una severidad suficiente para causar p\u00e9rdida de vidas, lesiones u otros impactos en la salud, as\u00ed como tambi\u00e9n da\u00f1os y p\u00e9rdidas en los bienes, la infraestructura, los medios de sustento, la prestaci\u00f3n de servicios y los recursos ambientales. <\/span><\/span><\/span><\/span><\/p>\n<p align=\"justify\"><span style=\"font-family: 'Times New Roman', serif;\"><span style=\"font-size: medium;\"><span style=\"color: #000000;\"><span style=\"font-family: Arial, sans-serif;\">8. <\/span><\/span><span style=\"color: #000000;\"><span style=\"font-family: Arial, sans-serif;\"><b>Autorreporte de condiciones de trabajo y salud: <\/b><\/span><\/span><span style=\"color: #000000;\"><span style=\"font-family: Arial, sans-serif;\">Proceso mediante el cual el trabajador o contratista reporta por escrito al empleador o contratante las condiciones adversas de seguridad y salud que identifica en su lugar de trabajo. <\/span><\/span><\/span><\/span><\/p>\n<p align=\"justify\"><span style=\"font-family: 'Times New Roman', serif;\"><span style=\"font-size: medium;\"><span style=\"color: #000000;\"><span style=\"font-family: Arial, sans-serif;\">9. <\/span><\/span><span style=\"color: #000000;\"><span style=\"font-family: Arial, sans-serif;\"><b>Centro de trabajo: <\/b><\/span><\/span><span style=\"color: #000000;\"><span style=\"font-family: Arial, sans-serif;\">Se entiende por Centro de Trabajo a toda edificaci\u00f3n o \u00e1rea a cielo abierto destinada a una actividad econ\u00f3mica en una empresa determinada. <\/span><\/span><\/span><\/span><\/p>\n<p align=\"justify\"><span style=\"font-family: 'Times New Roman', serif;\"><span style=\"font-size: medium;\"><span style=\"color: #000000;\"><span style=\"font-family: Arial, sans-serif;\">10. <\/span><\/span><span style=\"color: #000000;\"><span style=\"font-family: Arial, sans-serif;\"><b>Ciclo PHVA: <\/b><\/span><\/span><span style=\"color: #000000;\"><span style=\"font-family: Arial, sans-serif;\">Procedimiento l\u00f3gico y por etapas que permite el mejoramiento continuo a trav\u00e9s de los siguientes pasos: <\/span><\/span><\/span><\/span><\/p>\n<p align=\"justify\"><span style=\"font-family: 'Times New Roman', serif;\"><span style=\"font-size: medium;\"><span style=\"color: #000000;\"><span style=\"font-family: Arial, sans-serif;\"><b>Planificar:<\/b><\/span><\/span><span style=\"color: #000000;\"><span style=\"font-family: Arial, sans-serif;\"> Se debe planificar la forma de mejorar la seguridad y salud de los trabajadores, encontrando qu\u00e9 cosas se est\u00e1n haciendo incorrectamente o se pueden mejorar y determinando ideas para solucionar esos problemas. <\/span><\/span><\/span><\/span><\/p>\n<p align=\"justify\"><span style=\"font-family: 'Times New Roman', serif;\"><span style=\"font-size: medium;\"><span style=\"color: #000000;\"><span style=\"font-family: Arial, sans-serif;\"><b>Hacer:<\/b><\/span><\/span><span style=\"color: #000000;\"><span style=\"font-family: Arial, sans-serif;\"> Implementaci\u00f3n de las medidas planificadas. <\/span><\/span><\/span><\/span><\/p>\n<p align=\"justify\"><span style=\"font-family: 'Times New Roman', serif;\"><span style=\"font-size: medium;\"><span style=\"color: #000000;\"><span style=\"font-family: Arial, sans-serif;\"><b>Verificar:<\/b><\/span><\/span><span style=\"color: #000000;\"><span style=\"font-family: Arial, sans-serif;\"> Revisar que los procedimientos y acciones implementados est\u00e1n consiguiendo los resultados deseados. <\/span><\/span><\/span><\/span><\/p>\n<p align=\"justify\"><span style=\"font-family: 'Times New Roman', serif;\"><span style=\"font-size: medium;\"><span style=\"color: #000000;\"><span style=\"font-family: Arial, sans-serif;\"><b>Actuar:<\/b><\/span><\/span><span style=\"color: #000000;\"><span style=\"font-family: Arial, sans-serif;\"> Realizar acciones de mejora para obtener los mayores beneficios en la seguridad y salud de los trabajadores. <\/span><\/span><\/span><\/span><\/p>\n<p align=\"justify\"><span style=\"font-family: 'Times New Roman', serif;\"><span style=\"font-size: medium;\"><span style=\"color: #000000;\"><span style=\"font-family: Arial, sans-serif;\">11. <\/span><\/span><span style=\"color: #000000;\"><span style=\"font-family: Arial, sans-serif;\"><b>Condiciones de salud: <\/b><\/span><\/span><span style=\"color: #000000;\"><span style=\"font-family: Arial, sans-serif;\">El conjunto de variables objetivas y de autorreporte de condiciones fisiol\u00f3gicas, psicol\u00f3gicas y socioculturales que determinan el perfil sociodemogr\u00e1fico y de morbilidad de la poblaci\u00f3n trabajadora. <\/span><\/span><\/span><\/span><\/p>\n<p align=\"justify\"><span style=\"font-family: 'Times New Roman', serif;\"><span style=\"font-size: medium;\"><span style=\"color: #000000;\"><span style=\"font-family: Arial, sans-serif;\">12. <\/span><\/span><span style=\"color: #000000;\"><span style=\"font-family: Arial, sans-serif;\"><b>Condiciones y medio ambiente de trabajo: <\/b><\/span><\/span><span style=\"color: #000000;\"><span style=\"font-family: Arial, sans-serif;\">Aquellos elementos, agentes o factores que tienen influencia significativa en la generaci\u00f3n de riesgos para la seguridad y salud de los trabajadores quedan espec\u00edficamente incluidos en esta definici\u00f3n, entre otros: a) Las caracter\u00edsticas generales de los locales, instalaciones, m\u00e1quinas, equipos, herramientas, materias primas, productos y dem\u00e1s \u00fatiles existentes en el lugar de trabajo; b) Los agentes f\u00edsicos, qu\u00edmicos y biol\u00f3gicos presentes en el ambiente de trabajo y sus correspondientes intensidades, concentraciones o niveles de presencia; c) Los procedimientos para la utilizaci\u00f3n de los agentes citados en el apartado anterior, que influyan en la generaci\u00f3n de riesgos para los trabajadores y; d) La organizaci\u00f3n y ordenamiento de las labores, incluidos los factores ergon\u00f3micos o biomec\u00e1nicos y psicosociales. <\/span><\/span><\/span><\/span><\/p>\n<p align=\"justify\"><span style=\"font-family: 'Times New Roman', serif;\"><span style=\"font-size: medium;\"><span style=\"color: #000000;\"><span style=\"font-family: Arial, sans-serif;\">13. <\/span><\/span><span style=\"color: #000000;\"><span style=\"font-family: Arial, sans-serif;\"><b>Descripci\u00f3n sociodemogr\u00e1fica: <\/b><\/span><\/span><span style=\"color: #000000;\"><span style=\"font-family: Arial, sans-serif;\">Perfil sociodemogr\u00e1fico de la poblaci\u00f3n trabajadora, que incluye la descripci\u00f3n de las caracter\u00edsticas sociales y demogr\u00e1ficas de un grupo de trabajadores, tales como: grado de escolaridad, ingresos, lugar de residencia, composici\u00f3n familiar, estrato socioecon\u00f3mico, estado civil, raza, ocupaci\u00f3n, \u00e1rea de trabajo, edad, sexo y turno de trabajo. <\/span><\/span><\/span><\/span><\/p>\n<p align=\"justify\"><span style=\"font-family: 'Times New Roman', serif;\"><span style=\"font-size: medium;\"><span style=\"color: #000000;\"><span style=\"font-family: Arial, sans-serif;\">14. <\/span><\/span><span style=\"color: #000000;\"><span style=\"font-family: Arial, sans-serif;\"><b>Efectividad: <\/b><\/span><\/span><span style=\"color: #000000;\"><span style=\"font-family: Arial, sans-serif;\">Logro de los objetivos del Sistema de Gesti\u00f3n de la Seguridad y Salud en el Trabajo con la m\u00e1xima eficacia y la m\u00e1xima eficiencia. <\/span><\/span><\/span><\/span><\/p>\n<p align=\"justify\"><span style=\"font-family: 'Times New Roman', serif;\"><span style=\"font-size: medium;\"><span style=\"color: #000000;\"><span style=\"font-family: Arial, sans-serif;\">15. <\/span><\/span><span style=\"color: #000000;\"><span style=\"font-family: Arial, sans-serif;\"><b>Eficacia: <\/b><\/span><\/span><span style=\"color: #000000;\"><span style=\"font-family: Arial, sans-serif;\">Es la capacidad de alcanzar el efecto que espera o se desea tras la realizaci\u00f3n de una acci\u00f3n. <\/span><\/span><\/span><\/span><\/p>\n<p align=\"justify\"><span style=\"font-family: 'Times New Roman', serif;\"><span style=\"font-size: medium;\"><span style=\"color: #000000;\"><span style=\"font-family: Arial, sans-serif;\">16. <\/span><\/span><span style=\"color: #000000;\"><span style=\"font-family: Arial, sans-serif;\"><b>Eficiencia: <\/b><\/span><\/span><span style=\"color: #000000;\"><span style=\"font-family: Arial, sans-serif;\">Relaci\u00f3n entre el resultado alcanzado y los recursos utilizados. <\/span><\/span><\/span><\/span><\/p>\n<p align=\"justify\"><span style=\"font-family: 'Times New Roman', serif;\"><span style=\"font-size: medium;\"><span style=\"color: #000000;\"><span style=\"font-family: Arial, sans-serif;\">17. <\/span><\/span><span style=\"color: #000000;\"><span style=\"font-family: Arial, sans-serif;\"><b>Emergencia: <\/b><\/span><\/span><span style=\"color: #000000;\"><span style=\"font-family: Arial, sans-serif;\">Es aquella situaci\u00f3n de peligro o desastre o la inminencia del mismo, que afecta el funcionamiento normal de la empresa. Requiere de una reacci\u00f3n inmediata y coordinada de los trabajadores, brigadas de emergencias y primeros auxilios y en algunos casos de otros grupos de apoyo dependiendo de su magnitud. <\/span><\/span><\/span><\/span><\/p>\n<p align=\"justify\"><span style=\"font-family: 'Times New Roman', serif;\"><span style=\"font-size: medium;\"><span style=\"color: #000000;\"><span style=\"font-family: Arial, sans-serif;\">18. <\/span><\/span><span style=\"color: #000000;\"><span style=\"font-family: Arial, sans-serif;\"><b>Evaluaci\u00f3n del riesgo: <\/b><\/span><\/span><span style=\"color: #000000;\"><span style=\"font-family: Arial, sans-serif;\">Proceso para determinar el nivel de riesgo asociado al nivel de probabilidad de que dicho riesgo se concrete y al nivel de severidad de las consecuencias de esa concreci\u00f3n. <\/span><\/span><\/span><\/span><\/p>\n<p align=\"justify\"><span style=\"font-family: 'Times New Roman', serif;\"><span style=\"font-size: medium;\"><span style=\"color: #000000;\"><span style=\"font-family: Arial, sans-serif;\">19. <\/span><\/span><span style=\"color: #000000;\"><span style=\"font-family: Arial, sans-serif;\"><b>Evento Catastr\u00f3fico: <\/b><\/span><\/span><span style=\"color: #000000;\"><span style=\"font-family: Arial, sans-serif;\">Acontecimiento imprevisto y no deseado que altera significativamente el funcionamiento normal de la empresa, implica da\u00f1os masivos al personal que labora en instalaciones, par\u00e1lisis total de las actividades de la empresa o una parte de ella y que afecta a la cadena productiva, o genera destrucci\u00f3n parcial o total de una instalaci\u00f3n. <\/span><\/span><\/span><\/span><\/p>\n<p align=\"justify\"><span style=\"font-family: 'Times New Roman', serif;\"><span style=\"font-size: medium;\"><span style=\"color: #000000;\"><span style=\"font-family: Arial, sans-serif;\">20. <\/span><\/span><span style=\"color: #000000;\"><span style=\"font-family: Arial, sans-serif;\"><b>Identificaci\u00f3n del peligro: <\/b><\/span><\/span><span style=\"color: #000000;\"><span style=\"font-family: Arial, sans-serif;\">Proceso para establecer si existe un peligro y definir las caracter\u00edsticas de este. <\/span><\/span><\/span><\/span><\/p>\n<p align=\"justify\"><span style=\"font-family: 'Times New Roman', serif;\"><span style=\"font-size: medium;\"><span style=\"color: #000000;\"><span style=\"font-family: Arial, sans-serif;\">21. <\/span><\/span><span style=\"color: #000000;\"><span style=\"font-family: Arial, sans-serif;\"><b>Indicadores de estructura: <\/b><\/span><\/span><span style=\"color: #000000;\"><span style=\"font-family: Arial, sans-serif;\">Medidas verificables de la disponibilidad y acceso a recursos, pol\u00edticas y organizaci\u00f3n con que cuenta la empresa para atender las demandas y necesidades en Seguridad y Salud en el Trabajo. <\/span><\/span><\/span><\/span><\/p>\n<p align=\"justify\"><span style=\"font-family: 'Times New Roman', serif;\"><span style=\"font-size: medium;\"><span style=\"color: #000000;\"><span style=\"font-family: Arial, sans-serif;\">22. <\/span><\/span><span style=\"color: #000000;\"><span style=\"font-family: Arial, sans-serif;\"><b>Indicadores de proceso: <\/b><\/span><\/span><span style=\"color: #000000;\"><span style=\"font-family: Arial, sans-serif;\">Medidas verificables del grado de desarrollo e implementaci\u00f3n del SG-SST. <\/span><\/span><\/span><\/span><\/p>\n<p align=\"justify\"><span style=\"font-family: 'Times New Roman', serif;\"><span style=\"font-size: medium;\"><span style=\"color: #000000;\"><span style=\"font-family: Arial, sans-serif;\">23. <\/span><\/span><span style=\"color: #000000;\"><span style=\"font-family: Arial, sans-serif;\"><b>Indicadores de resultado: <\/b><\/span><\/span><span style=\"color: #000000;\"><span style=\"font-family: Arial, sans-serif;\">Medidas verificables de los cambios alcanzados en el periodo definido, teniendo como base la programaci\u00f3n hecha y la aplicaci\u00f3n de recursos propios del programa o del sistema de gesti\u00f3n. <\/span><\/span><\/span><\/span><\/p>\n<p align=\"justify\"><span style=\"font-family: 'Times New Roman', serif;\"><span style=\"font-size: medium;\"><span style=\"color: #000000;\"><span style=\"font-family: Arial, sans-serif;\">24. <\/span><\/span><span style=\"color: #000000;\"><span style=\"font-family: Arial, sans-serif;\"><b>Matriz legal: <\/b><\/span><\/span><span style=\"color: #000000;\"><span style=\"font-family: Arial, sans-serif;\">Es la compilaci\u00f3n de los requisitos normativos exigibles a la empresa acorde con las actividades propias e inherentes de su actividad productiva, los cuales dan los lineamientos normativos y t\u00e9cnicos para desarrollar el Sistema de Gesti\u00f3n de la Seguridad y Salud en el Trabajo (SG-SST), el cual deber\u00e1 actualizarse en la medida que sean emitidas nuevas disposiciones aplicables. <\/span><\/span><\/span><\/span><\/p>\n<p align=\"justify\"><span style=\"font-family: 'Times New Roman', serif;\"><span style=\"font-size: medium;\"><span style=\"color: #000000;\"><span style=\"font-family: Arial, sans-serif;\">25. <\/span><\/span><span style=\"color: #000000;\"><span style=\"font-family: Arial, sans-serif;\"><b>Mejora continua: <\/b><\/span><\/span><span style=\"color: #000000;\"><span style=\"font-family: Arial, sans-serif;\">Proceso recurrente de optimizaci\u00f3n del Sistema de Gesti\u00f3n de la Seguridad y Salud en el Trabajo, para lograr mejoras en el desempe\u00f1o en este campo, de forma coherente con la pol\u00edtica de Seguridad y Salud en el Trabajo (SST) de la organizaci\u00f3n. <\/span><\/span><\/span><\/span><\/p>\n<p align=\"justify\"><span style=\"font-family: 'Times New Roman', serif;\"><span style=\"font-size: medium;\"><span style=\"color: #000000;\"><span style=\"font-family: Arial, sans-serif;\">26. <\/span><\/span><span style=\"color: #000000;\"><span style=\"font-family: Arial, sans-serif;\"><b>No conformidad: <\/b><\/span><\/span><span style=\"color: #000000;\"><span style=\"font-family: Arial, sans-serif;\">No cumplimiento de un requisito. Puede ser una desviaci\u00f3n de est\u00e1ndares, pr\u00e1cticas, procedimientos de trabajo, requisitos normativos aplicables, entre otros. <\/span><\/span><\/span><\/span><\/p>\n<p align=\"justify\"><span style=\"font-family: 'Times New Roman', serif;\"><span style=\"font-size: medium;\"><span style=\"color: #000000;\"><span style=\"font-family: Arial, sans-serif;\">27. <\/span><\/span><span style=\"color: #000000;\"><span style=\"font-family: Arial, sans-serif;\"><b>Peligro: <\/b><\/span><\/span><span style=\"color: #000000;\"><span style=\"font-family: Arial, sans-serif;\">Fuente, situaci\u00f3n o acto con potencial de causar da\u00f1o en la salud de los trabajadores, en los equipos o en las instalaciones. <\/span><\/span><\/span><\/span><\/p>\n<p align=\"justify\"><span style=\"font-family: 'Times New Roman', serif;\"><span style=\"font-size: medium;\"><span style=\"color: #000000;\"><span style=\"font-family: Arial, sans-serif;\">28. <\/span><\/span><span style=\"color: #000000;\"><span style=\"font-family: Arial, sans-serif;\"><b>Pol\u00edtica de seguridad y salud en el trabajo: <\/b><\/span><\/span><span style=\"color: #000000;\"><span style=\"font-family: Arial, sans-serif;\">Es el compromiso de la alta direcci\u00f3n de una organizaci\u00f3n con la seguridad y la salud en el trabajo, expresadas formalmente, que define su alcance y compromete a toda la organizaci\u00f3n. <\/span><\/span><\/span><\/span><\/p>\n<p align=\"justify\"><span style=\"font-family: 'Times New Roman', serif;\"><span style=\"font-size: medium;\"><span style=\"color: #000000;\"><span style=\"font-family: Arial, sans-serif;\">29. <\/span><\/span><span style=\"color: #000000;\"><span style=\"font-family: Arial, sans-serif;\"><b>Registro: <\/b><\/span><\/span><span style=\"color: #000000;\"><span style=\"font-family: Arial, sans-serif;\">Documento que presenta resultados obtenidos o proporciona evidencia de las actividades desempe\u00f1adas. <\/span><\/span><\/span><\/span><\/p>\n<p align=\"justify\"><span style=\"font-family: 'Times New Roman', serif;\"><span style=\"font-size: medium;\"><span style=\"color: #000000;\"><span style=\"font-family: Arial, sans-serif;\">30. <\/span><\/span><span style=\"color: #000000;\"><span style=\"font-family: Arial, sans-serif;\"><b>Rendici\u00f3n de cuentas: <\/b><\/span><\/span><span style=\"color: #000000;\"><span style=\"font-family: Arial, sans-serif;\">Mecanismo por medio del cual las personas e instituciones informan sobre su desempe\u00f1o. <\/span><\/span><\/span><\/span><\/p>\n<p align=\"justify\"><span style=\"font-family: 'Times New Roman', serif;\"><span style=\"font-size: medium;\"><span style=\"color: #000000;\"><span style=\"font-family: Arial, sans-serif;\">31. <\/span><\/span><span style=\"color: #000000;\"><span style=\"font-family: Arial, sans-serif;\"><b>Revisi\u00f3n proactiva: <\/b><\/span><\/span><span style=\"color: #000000;\"><span style=\"font-family: Arial, sans-serif;\">Es el compromiso del empleador o contratante que implica la iniciativa y capacidad de anticipaci\u00f3n para el desarrollo de acciones preventivas y correctivas, as\u00ed como la toma de decisiones para generar mejoras en el SG-SST. <\/span><\/span><\/span><\/span><\/p>\n<p align=\"justify\"><span style=\"font-family: 'Times New Roman', serif;\"><span style=\"font-size: medium;\"><span style=\"color: #000000;\"><span style=\"font-family: Arial, sans-serif;\">32. <\/span><\/span><span style=\"color: #000000;\"><span style=\"font-family: Arial, sans-serif;\"><b>Revisi\u00f3n reactiva: <\/b><\/span><\/span><span style=\"color: #000000;\"><span style=\"font-family: Arial, sans-serif;\">Acciones para el seguimiento de enfermedades laborales, incidentes, accidentes de trabajo y ausentismo laboral por enfermedad. <\/span><\/span><\/span><\/span><\/p>\n<p align=\"justify\"><span style=\"font-family: 'Times New Roman', serif;\"><span style=\"font-size: medium;\"><span style=\"color: #000000;\"><span style=\"font-family: Arial, sans-serif;\">33. <\/span><\/span><span style=\"color: #000000;\"><span style=\"font-family: Arial, sans-serif;\"><b>Requisito Normativo: <\/b><\/span><\/span><span style=\"color: #000000;\"><span style=\"font-family: Arial, sans-serif;\">Requisito de seguridad y salud en el trabajo impuesto por una norma vigente y que aplica a las actividades de la organizaci\u00f3n. <\/span><\/span><\/span><\/span><\/p>\n<p align=\"justify\"><span style=\"font-family: 'Times New Roman', serif;\"><span style=\"font-size: medium;\"><span style=\"color: #000000;\"><span style=\"font-family: Arial, sans-serif;\">34. <\/span><\/span><span style=\"color: #000000;\"><span style=\"font-family: Arial, sans-serif;\"><b>Riesgo: <\/b><\/span><\/span><span style=\"color: #000000;\"><span style=\"font-family: Arial, sans-serif;\">Combinaci\u00f3n de la probabilidad de que ocurra una o m\u00e1s exposiciones o eventos peligrosos y la severidad del da\u00f1o que puede ser causada por estos. <\/span><\/span><\/span><\/span><\/p>\n<p align=\"justify\"><span style=\"font-family: 'Times New Roman', serif;\"><span style=\"font-size: medium;\"><span style=\"color: #000000;\"><span style=\"font-family: Arial, sans-serif;\">35. <\/span><\/span><span style=\"color: #000000;\"><span style=\"font-family: Arial, sans-serif;\"><b>Valoraci\u00f3n del riesgo: <\/b><\/span><\/span><span style=\"color: #000000;\"><span style=\"font-family: Arial, sans-serif;\">Consiste en emitir un juicio sobre la tolerancia o no del riesgo estimado. <\/span><\/span><\/span><\/span><\/p>\n<p class=\"western\" align=\"justify\"><span style=\"color: #000000;\"><span style=\"font-family: Arial, sans-serif;\"><span style=\"font-size: medium;\">36. <\/span><\/span><\/span><span style=\"color: #000000;\"><span style=\"font-family: Arial, sans-serif;\"><span style=\"font-size: medium;\"><b>Vigilancia de la salud en el trabajo o vigilancia epidemiol\u00f3gica de la salud en el trabajo: <\/b><\/span><\/span><\/span><span style=\"color: #000000;\"><span style=\"font-family: Arial, sans-serif;\"><span style=\"font-size: medium;\">Comprende la recopilaci\u00f3n, el an\u00e1lisis, la interpretaci\u00f3n y la difusi\u00f3n continuada y sistem\u00e1tica de datos a efectos de la prevenci\u00f3n. La vigilancia es indispensable para la planificaci\u00f3n, ejecuci\u00f3n y evaluaci\u00f3n de los programas de seguridad y salud en el trabajo, el control de los trastornos y lesiones relacionadas con el trabajo y el ausentismo laboral por enfermedad, as\u00ed como para la protecci\u00f3n y promoci\u00f3n de la salud de los trabajadores. Dicha vigilancia comprende tanto la vigilancia de la salud de los trabajadores como la del medio ambiente de trabajo.<\/span><\/span><\/span><\/p>\n<p align=\"justify\"><span style=\"font-family: 'Times New Roman', serif;\"><span style=\"font-size: medium;\"><span style=\"color: #000000;\"><span style=\"font-family: Arial, sans-serif;\"><b>Par\u00e1grafo 1\u00b0.<\/b><\/span><\/span><span style=\"color: #000000;\"><span style=\"font-family: Arial, sans-serif;\"> En aplicaci\u00f3n de lo establecido en el art\u00edculo 1\u00b0 de la Ley <a href=\"http:\/\/www.alcaldiabogota.gov.co\/sisjur\/normas\/Norma1.jsp?i=48365#0\">1562<\/a> de 2012, para todos los efectos se entender\u00e1 como seguridad y salud en el trabajo todo lo que antes de la entrada en vigencia de dicha ley hac\u00eda referencia al t\u00e9rmino salud ocupacional. <\/span><\/span><\/span><\/span><\/p>\n<p align=\"justify\"><span style=\"font-family: 'Times New Roman', serif;\"><span style=\"font-size: medium;\"><span style=\"color: #000000;\"><span style=\"font-family: Arial, sans-serif;\"><b>Par\u00e1grafo 2\u00b0.<\/b><\/span><\/span><span style=\"color: #000000;\"><span style=\"font-family: Arial, sans-serif;\"> Conforme al par\u00e1grafo anterior a partir de la fecha de publicaci\u00f3n del presente decreto se entender\u00e1 el Comit\u00e9 Paritario de Salud Ocupacional como Comit\u00e9 Paritario en Seguridad y Salud en el Trabajo y el Vig\u00eda en Salud Ocupacional como Vig\u00eda en Seguridad y Salud en el Trabajo, quienes tendr\u00e1n las funciones establecidas en la normatividad vigente. <\/span><\/span><\/span><\/span><\/p>\n<p align=\"justify\"><span style=\"font-family: 'Times New Roman', serif;\"><span style=\"font-size: medium;\"><span style=\"color: #000000;\"><span style=\"font-family: Arial, sans-serif;\"><b>Art\u00edculo 3\u00b0. <\/b><\/span><\/span><span style=\"color: #000000;\"><span style=\"font-family: Arial, sans-serif;\"><i><b>Seguridad y Salud en el Trabajo (SST).<\/b><\/i><\/span><\/span><i> <\/i><span style=\"color: #000000;\"><span style=\"font-family: Arial, sans-serif;\">La Seguridad y Salud en el Trabajo (SST) es la disciplina que trata de la prevenci\u00f3n de las lesiones y enfermedades causadas por las condiciones de trabajo, y de la protecci\u00f3n y promoci\u00f3n de la salud de los trabajadores. Tiene por objeto mejorar las condiciones y el medio ambiente de trabajo, as\u00ed como la salud en el trabajo, que conlleva la promoci\u00f3n y el mantenimiento del bienestar f\u00edsico, mental y social de los trabajadores en todas las ocupaciones. <\/span><\/span><\/span><\/span><\/p>\n<p align=\"justify\"><span style=\"font-family: 'Times New Roman', serif;\"><span style=\"font-size: medium;\"><span style=\"color: #000000;\"><span style=\"font-family: Arial, sans-serif;\"><b>Art\u00edculo 4\u00b0. <\/b><\/span><\/span><span style=\"color: #000000;\"><span style=\"font-family: Arial, sans-serif;\"><i><b>Sistema de Gesti\u00f3n de la Seguridad y Salud en el Trabajo (SG-SST).<\/b><\/i><\/span><\/span><i> <\/i><span style=\"color: #000000;\"><span style=\"font-family: Arial, sans-serif;\">El Sistema de Gesti\u00f3n de la Seguridad y Salud en el Trabajo (SG-SST) consiste en el desarrollo de un proceso l\u00f3gico y por etapas, basado en la mejora continua y que incluye la pol\u00edtica, la organizaci\u00f3n, la planificaci\u00f3n, la aplicaci\u00f3n, la evaluaci\u00f3n, la auditor\u00eda y las acciones de mejora con el objetivo de anticipar, reconocer, evaluar y controlar los riesgos que puedan afectar la seguridad y la salud en el trabajo. <\/span><\/span><\/span><\/span><\/p>\n<p align=\"justify\"><span style=\"font-family: Arial, sans-serif;\"><span style=\"font-size: medium;\">El SG-SST debe ser liderado e implementado por el empleador o contratante, con la participaci\u00f3n de los trabajadores y\/o contratistas, garantizando a trav\u00e9s de dicho sistema, la aplicaci\u00f3n de las medidas de Seguridad y Salud en el Trabajo, el mejoramiento del comportamiento de los trabajadores, las condiciones y el medio ambiente laboral, y el control eficaz de los peligros y riesgos en el lugar de trabajo. <\/span><\/span><\/p>\n<p align=\"justify\"><span style=\"font-family: Arial, sans-serif;\"><span style=\"font-size: medium;\">Para el efecto, el empleador o contratante debe abordar la prevenci\u00f3n de los accidentes y las enfermedades laborales y tambi\u00e9n la protecci\u00f3n y promoci\u00f3n de la salud de los trabajadores y\/o contratistas, a trav\u00e9s de la implementaci\u00f3n, mantenimiento y mejora continua de un sistema de gesti\u00f3n cuyos principios est\u00e9n basados en el ciclo PHVA (Planificar, Hacer, Verificar y Actuar). <\/span><\/span><\/p>\n<p align=\"justify\"><span style=\"font-family: 'Times New Roman', serif;\"><span style=\"font-size: medium;\"><span style=\"color: #000000;\"><span style=\"font-family: Arial, sans-serif;\"><b>Par\u00e1grafo 1\u00b0.<\/b><\/span><\/span><span style=\"color: #000000;\"><span style=\"font-family: Arial, sans-serif;\"> El Sistema de Gesti\u00f3n de la Seguridad y Salud en el Trabajo (SG-SST) debe adaptarse al tama\u00f1o y caracter\u00edsticas de la empresa; igualmente, puede ser compatible con los otros sistemas de gesti\u00f3n de la empresa y estar integrado en ellos. <\/span><\/span><\/span><\/span><\/p>\n<p align=\"justify\"><span style=\"font-family: 'Times New Roman', serif;\"><span style=\"font-size: medium;\"><span style=\"color: #000000;\"><span style=\"font-family: Arial, sans-serif;\"><b>Par\u00e1grafo 2\u00b0.<\/b><\/span><\/span><span style=\"color: #000000;\"><span style=\"font-family: Arial, sans-serif;\"> Dentro de los par\u00e1metros de selecci\u00f3n y evaluaci\u00f3n de proveedores y contratistas, el contratante podr\u00e1 incluir criterios que le permitan conocer que la empresa a contratar cuente con el Sistema de Gesti\u00f3n de la Seguridad y Salud en el Trabajo (SG-SST). <\/span><\/span><\/span><\/span><\/p>\n<p align=\"center\"><span style=\"font-family: Arial, sans-serif;\"><span style=\"font-size: medium;\"><b>CAP\u00cdTULO II <\/b><\/span><\/span><\/p>\n<p align=\"center\"><span style=\"font-family: Arial, sans-serif;\"><span style=\"font-size: medium;\"><b>Pol\u00edtica en seguridad y salud en el trabajo <\/b><\/span><\/span><\/p>\n<p align=\"justify\"><span style=\"font-family: 'Times New Roman', serif;\"><span style=\"font-size: medium;\"><span style=\"color: #000000;\"><span style=\"font-family: Arial, sans-serif;\"><b>Art\u00edculo 5\u00b0. <\/b><\/span><\/span><span style=\"color: #000000;\"><span style=\"font-family: Arial, sans-serif;\"><i><b>Pol\u00edtica de Seguridad y Salud en el Trabajo (SST).<\/b><\/i><\/span><\/span><i> <\/i><span style=\"color: #000000;\"><span style=\"font-family: Arial, sans-serif;\">El empleador o contratante debe establecer por escrito una pol\u00edtica de Seguridad y Salud en el Trabajo (SST) que debe ser parte de las pol\u00edticas de gesti\u00f3n de la empresa, con alcance sobre todos sus centros de trabajo y todos sus trabajadores, independiente de su forma de contrataci\u00f3n o vinculaci\u00f3n, incluyendo los contratistas y subcontratistas. Esta pol\u00edtica debe ser comunicada al Comit\u00e9 Paritario o Vig\u00eda de Seguridad y Salud en el Trabajo seg\u00fan corresponda de conformidad con la normatividad vigente. <\/span><\/span><\/span><\/span><\/p>\n<p align=\"justify\"><span style=\"font-family: 'Times New Roman', serif;\"><span style=\"font-size: medium;\"><span style=\"color: #000000;\"><span style=\"font-family: Arial, sans-serif;\"><b>Art\u00edculo 6\u00b0. <\/b><\/span><\/span><span style=\"color: #000000;\"><span style=\"font-family: Arial, sans-serif;\"><i><b>Requisitos de la Pol\u00edtica de Seguridad y Salud en el Trabajo (SST).<\/b><\/i><\/span><\/span><i> <\/i><span style=\"color: #000000;\"><span style=\"font-family: Arial, sans-serif;\">La Pol\u00edtica de SST de la empresa debe entre otros, cumplir con los siguientes requisitos: <\/span><\/span><\/span><\/span><\/p>\n<p align=\"justify\"><span style=\"font-family: Arial, sans-serif;\"><span style=\"font-size: medium;\">1. Establecer el compromiso de la empresa hacia la implementaci\u00f3n del SST de la empresa para la gesti\u00f3n de los riesgos laborales. <\/span><\/span><\/p>\n<p align=\"justify\"><span style=\"font-family: Arial, sans-serif;\"><span style=\"font-size: medium;\">2. Ser espec\u00edfica para la empresa y apropiada para la naturaleza de sus peligros y el tama\u00f1o de la organizaci\u00f3n. <\/span><\/span><\/p>\n<p align=\"justify\"><span style=\"font-family: Arial, sans-serif;\"><span style=\"font-size: medium;\">3. Ser concisa, redactada con claridad, estar fechada y firmada por el representante legal de la empresa. <\/span><\/span><\/p>\n<p align=\"justify\"><span style=\"font-family: Arial, sans-serif;\"><span style=\"font-size: medium;\">4. Debe ser difundida a todos los niveles de la organizaci\u00f3n y estar accesible a todos los trabajadores y dem\u00e1s partes interesadas, en el lugar de trabajo; y <\/span><\/span><\/p>\n<p align=\"justify\"><span style=\"font-family: Arial, sans-serif;\"><span style=\"font-size: medium;\">5. Ser revisada como m\u00ednimo una vez al a\u00f1o y de requerirse, actualizada acorde con los cambios tanto en materia de Seguridad y Salud en el Trabajo (SST), como en la empresa. <\/span><\/span><\/p>\n<p align=\"justify\"><span style=\"font-family: 'Times New Roman', serif;\"><span style=\"font-size: medium;\"><span style=\"color: #000000;\"><span style=\"font-family: Arial, sans-serif;\"><b>Art\u00edculo 7\u00b0. <\/b><\/span><\/span><span style=\"color: #000000;\"><span style=\"font-family: Arial, sans-serif;\"><i><b>Objetivos de la Pol\u00edtica de Seguridad y Salud en el Trabajo (SST).<\/b><\/i><\/span><\/span><i> <\/i><span style=\"color: #000000;\"><span style=\"font-family: Arial, sans-serif;\">La Pol\u00edtica de SST de la empresa debe incluir como m\u00ednimo los siguientes objetivos sobre los cuales la organizaci\u00f3n expresa su compromiso: <\/span><\/span><\/span><\/span><\/p>\n<p align=\"justify\"><span style=\"font-family: Arial, sans-serif;\"><span style=\"font-size: medium;\">1. Identificar los peligros, evaluar y valorar los riesgos y establecer los respectivos controles. <\/span><\/span><\/p>\n<p align=\"justify\"><span style=\"font-family: Arial, sans-serif;\"><span style=\"font-size: medium;\">2. Proteger la seguridad y salud de todos los trabajadores, mediante la mejora continua del Sistema de Gesti\u00f3n de la Seguridad y Salud en el Trabajo (SG-SST) en la empresa; y <\/span><\/span><\/p>\n<p align=\"justify\"><span style=\"font-family: Arial, sans-serif;\"><span style=\"font-size: medium;\">3. Cumplir la normatividad nacional vigente aplicable en materia de riesgos laborales. <\/span><\/span><\/p>\n<p align=\"center\"><span style=\"font-family: Arial, sans-serif;\"><span style=\"font-size: medium;\"><b>CAP\u00cdTULO III <\/b><\/span><\/span><\/p>\n<p align=\"center\"><span style=\"font-family: Arial, sans-serif;\"><span style=\"font-size: medium;\"><b>Organizaci\u00f3n del Sistema de Gesti\u00f3n de la Seguridad y Salud en el Trabajo <\/b><\/span><\/span><\/p>\n<p align=\"justify\"><span style=\"font-family: 'Times New Roman', serif;\"><span style=\"font-size: medium;\"><span style=\"color: #000000;\"><span style=\"font-family: Arial, sans-serif;\"><b>Art\u00edculo 8\u00b0. <\/b><\/span><\/span><span style=\"color: #000000;\"><span style=\"font-family: Arial, sans-serif;\"><i><b>Obligaciones de los Empleadores.<\/b><\/i><\/span><\/span><i> <\/i><span style=\"color: #000000;\"><span style=\"font-family: Arial, sans-serif;\">El empleador est\u00e1 obligado a la protecci\u00f3n de la seguridad y la salud de los trabajadores, acorde con lo establecido en la normatividad vigente. <\/span><\/span><\/span><\/span><\/p>\n<p align=\"justify\"><span style=\"font-family: Arial,sans-serif; color: #0000ff;\"><span style=\"font-size: medium;\">Dentro del Sistema de Gesti\u00f3n de la Seguridad y Salud en el Trabajo (SG-SST) en la empresa, el empleador tendr\u00e1 entre otras, las siguientes obligaciones: <\/span><\/span><\/p>\n<p class=\"western\" align=\"justify\"><span style=\"font-family: Arial, sans-serif;\"><span style=\"font-size: medium;\">1. Definir, firmar y divulgar la pol\u00edtica de Seguridad y Salud en el Trabajo a trav\u00e9s de documento escrito, el empleador debe suscribir la pol\u00edtica de seguridad y salud en el trabajo de la empresa, la cual deber\u00e1 proporcionar un marco de referencia para establecer y revisar los objetivos de seguridad y salud en el trabajo.<\/span><\/span><\/p>\n<p align=\"justify\"><span style=\"font-family: Arial, sans-serif;\"><span style=\"font-size: medium;\">2. Asignaci\u00f3n y Comunicaci\u00f3n de Responsabilidades: Debe asignar, documentar y comunicar las responsabilidades espec\u00edficas en Seguridad y Salud en el Trabajo (SST) a todos los niveles de la organizaci\u00f3n, incluida la alta direcci\u00f3n. <\/span><\/span><\/p>\n<p align=\"justify\"><span style=\"font-family: 'Times New Roman', serif;\"><span style=\"font-size: medium;\"><span style=\"color: #000000;\"><span style=\"font-family: Arial, sans-serif;\">3. Rendici\u00f3n de cuentas al interior de la empresa: A quienes se les hayan delegado responsabilidades en el Sistema de Gesti\u00f3n de la Seguridad y Salud en el Trabajo (SG-SST), tienen la obligaci\u00f3n de rendir cuentas internamente en relaci\u00f3n con su desempe\u00f1o. Esta rendici\u00f3n de cuentas se podr\u00e1 hacer a trav\u00e9s de medios escritos, electr\u00f3nicos, verbales o los que sean considerados por los responsables. La rendici\u00f3n se har\u00e1 como m\u00ednimo anualmente y deber\u00e1 quedar documentada. <\/span><\/span><\/span><\/span><\/p>\n<p align=\"justify\"><span style=\"font-family: Arial, sans-serif;\"><span style=\"font-size: medium;\">4. Definici\u00f3n de Recursos: Debe definir y asignar los recursos financieros, t\u00e9cnicos y el personal necesario para el dise\u00f1o, implementaci\u00f3n, revisi\u00f3n evaluaci\u00f3n y mejora de las medidas de prevenci\u00f3n y control, para la gesti\u00f3n eficaz de los peligros y riesgos en el lugar de trabajo y tambi\u00e9n, para que los responsables de la seguridad y salud en el trabajo en la empresa, el Comit\u00e9 Paritario o Vig\u00eda de Seguridad y Salud en el Trabajo seg\u00fan corresponda, puedan cumplir de manera satisfactoria con sus funciones. <\/span><\/span><\/p>\n<p align=\"justify\"><span style=\"font-family: Arial, sans-serif;\"><span style=\"font-size: medium;\">5. Cumplimiento de los Requisitos Normativos Aplicables: Debe garantizar que opera bajo el cumplimiento de la normatividad nacional vigente aplicable en materia de seguridad y salud en el trabajo, en armon\u00eda con los est\u00e1ndares m\u00ednimos del Sistema Obligatorio de Garant\u00eda de Calidad del Sistema General de Riesgos Laborales de que trata el art\u00edculo 14 de la Ley 1562 de 2012. <\/span><\/span><\/p>\n<p align=\"justify\"><span style=\"font-family: 'Times New Roman', serif;\"><span style=\"font-size: medium;\"><span style=\"color: #000000;\"><span style=\"font-family: Arial, sans-serif;\">6. Gesti\u00f3n de los Peligros y Riesgos: Debe adoptar disposiciones efectivas para desarrollar las medidas de identificaci\u00f3n de peligros, evaluaci\u00f3n y valoraci\u00f3n de los riesgos y establecimiento de controles que prevengan da\u00f1os en la salud de los trabajadores y\/o contratistas, en los equipos e instalaciones. <\/span><\/span><\/span><\/span><\/p>\n<p align=\"justify\"><span style=\"font-family: 'Times New Roman', serif;\"><span style=\"font-size: medium;\"><span style=\"color: #000000;\"><span style=\"font-family: Arial, sans-serif;\">7. Plan de Trabajo Anual en SST: Debe dise\u00f1ar y desarrollar un plan de trabajo anual para alcanzar cada uno de los objetivos propuestos en el Sistema de Gesti\u00f3n de la Seguridad y Salud en el Trabajo (SG-SST), el cual debe identificar claramente metas, responsabilidades, recursos y cronograma de actividades, en concordancia con los est\u00e1ndares m\u00ednimos del Sistema Obligatorio de Garant\u00eda de Calidad del Sistema General de Riesgos Laborales. <\/span><\/span><\/span><\/span><\/p>\n<p align=\"justify\"><span style=\"font-family: Arial, sans-serif;\"><span style=\"font-size: medium;\">8. Prevenci\u00f3n y Promoci\u00f3n de Riesgos Laborales: El empleador debe implementar y desarrollar actividades de prevenci\u00f3n de accidentes de trabajo y enfermedades laborales, as\u00ed como de promoci\u00f3n de la salud en el Sistema de Gesti\u00f3n de la Seguridad y Salud en el Trabajo (SG-SST), de conformidad con la normatividad vigente. <\/span><\/span><\/p>\n<p align=\"justify\"><span style=\"font-family: Arial, sans-serif;\"><span style=\"font-size: medium;\">9. Participaci\u00f3n de los Trabajadores: Debe asegurar la adopci\u00f3n de medidas eficaces que garanticen la participaci\u00f3n de todos los trabajadores y sus representantes ante el Comit\u00e9 Paritario o Vig\u00eda de Seguridad y Salud en el Trabajo, en la ejecuci\u00f3n de la pol\u00edtica y tambi\u00e9n que estos \u00faltimos funcionen y cuenten con el tiempo y dem\u00e1s recursos necesarios, acorde con la normatividad vigente que les es aplicable. <\/span><\/span><\/p>\n<p align=\"justify\"><span style=\"font-family: Arial, sans-serif;\"><span style=\"font-size: medium;\">As\u00ed mismo, el empleador debe informar a los trabajadores y\/o contratistas, a sus representantes ante el Comit\u00e9 Paritario o el Vig\u00eda de Seguridad y Salud en el Trabajo, seg\u00fan corresponda de conformidad con la normatividad vigente, sobre el desarrollo de todas las etapas del Sistema de Gesti\u00f3n de Seguridad de la Salud en el Trabajo SG-SST e igualmente, debe evaluar las recomendaciones emanadas de estos para el mejoramiento del SG-SST. <\/span><\/span><\/p>\n<p align=\"justify\"><span style=\"font-family: Arial, sans-serif;\"><span style=\"font-size: medium;\">El empleador debe garantizar la capacitaci\u00f3n de los trabajadores en los aspectos de seguridad y salud en el trabajo de acuerdo con las caracter\u00edsticas de la empresa, la identificaci\u00f3n de peligros, la evaluaci\u00f3n y valoraci\u00f3n de riesgos relacionados con su trabajo, incluidas las disposiciones relativas a las situaciones de emergencia, dentro de la jornada laboral de los trabajadores directos o en el desarrollo de la prestaci\u00f3n del servicio de los contratistas; <\/span><\/span><\/p>\n<p align=\"justify\"><span style=\"font-family: Arial, sans-serif;\"><span style=\"font-size: medium;\">10. Direcci\u00f3n de la Seguridad y Salud en el Trabajo\u2013SST en las Empresas: Debe garantizar la disponibilidad de personal responsable de la seguridad y la salud en el trabajo, cuyo perfil deber\u00e1 ser acorde con lo establecido con la normatividad vigente y los est\u00e1ndares m\u00ednimos que para tal efecto determine el Ministerio del Trabajo quienes deber\u00e1n, entre otras: <\/span><\/span><\/p>\n<p align=\"justify\"><span style=\"font-family: Arial, sans-serif;\"><span style=\"font-size: medium;\">a) Planear, organizar, dirigir, desarrollar y aplicar el Sistema de Gesti\u00f3n de la Seguridad y Salud en el Trabajo SG-SST, y como m\u00ednimo una (1) vez al a\u00f1o, realizar su evaluaci\u00f3n; <\/span><\/span><\/p>\n<p align=\"justify\"><span style=\"font-family: Arial, sans-serif;\"><span style=\"font-size: medium;\">b) Informar a la alta direcci\u00f3n sobre el funcionamiento y los resultados del Sistema de Gesti\u00f3n de la Seguridad y Salud en el Trabajo SG-SST, y; <\/span><\/span><\/p>\n<p align=\"justify\"><span style=\"font-family: Arial, sans-serif;\"><span style=\"font-size: medium;\">c) Promover la participaci\u00f3n de todos los miembros de la empresa en la implementaci\u00f3n del Sistema de Gesti\u00f3n de la Seguridad y Salud en el Trabajo SG-SST; y <\/span><\/span><\/p>\n<p align=\"justify\"><span style=\"font-family: Arial, sans-serif;\"><span style=\"font-size: medium;\">11. Integraci\u00f3n: El empleador debe involucrar los aspectos de Seguridad y Salud en el Trabajo, al conjunto de sistemas de gesti\u00f3n, procesos, procedimientos y decisiones en la empresa. <\/span><\/span><\/p>\n<p align=\"justify\"><span style=\"font-family: 'Times New Roman', serif;\"><span style=\"font-size: medium;\"><span style=\"color: #000000;\"><span style=\"font-family: Arial, sans-serif;\"><b>Par\u00e1grafo.<\/b><\/span><\/span><span style=\"color: #000000;\"><span style=\"font-family: Arial, sans-serif;\"> Por su importancia, el empleador debe identificar la normatividad nacional aplicable del Sistema General de Riesgos Laborales, la cual debe quedar plasmada en una matriz legal que debe actualizarse en la medida que sean emitidas nuevas disposiciones aplicables a la empresa. <\/span><\/span><\/span><\/span><\/p>\n<p align=\"justify\"><span style=\"font-family: 'Times New Roman', serif;\"><span style=\"font-size: medium;\"><span style=\"color: #000000;\"><span style=\"font-family: Arial, sans-serif;\"><b>Art\u00edculo 9\u00b0. <\/b><\/span><\/span><span style=\"color: #000000;\"><span style=\"font-family: Arial, sans-serif;\"><i><b>Obligaciones de las Administradoras de Riesgos Laborales (ARL).<\/b><\/i><\/span><\/span><i> <\/i><span style=\"color: #000000;\"><span style=\"font-family: Arial,sans-serif;\"><span style=\"color: #0000ff;\">Las Administradoras de Riesgos Laborales \u2013 ARL, dentro de las obligaciones que le confiere la normatividad vigente en el Sistema General de Riesgos Laborales, capacitar\u00e1n al Comit\u00e9 Paritario o Vig\u00eda de Seguridad y Salud en el Trabajo \u2013 COPASST o Vig\u00eda en Seguridad y Salud en el Trabajo en los aspectos relativos al SG-SST y prestar\u00e1n asesor\u00eda y asistencia t\u00e9cnica a sus empresas y trabajadores afiliados, en la implementaci\u00f3n del presente decreto.<\/span> <\/span><\/span><\/span><\/span><\/p>\n<p align=\"justify\"><span style=\"font-family: 'Times New Roman', serif;\"><span style=\"font-size: medium;\"><span style=\"color: #000000;\"><span style=\"font-family: Arial, sans-serif;\"><b>Art\u00edculo 10. <\/b><\/span><\/span><span style=\"color: #000000;\"><span style=\"font-family: Arial, sans-serif;\"><i><b>Responsabilidades de los trabajadores:<\/b><\/i><\/span><\/span><i> <\/i><span style=\"color: #0000ff;\"><span style=\"font-family: Arial,sans-serif;\">Los trabajadores, de conformidad con la normatividad vigente tendr\u00e1n entre otras, las siguientes responsabilidades: <\/span><\/span><\/span><\/span><\/p>\n<p align=\"justify\"><span style=\"font-family: Arial, sans-serif;\"><span style=\"font-size: medium;\">1. Procurar el cuidado integral de su salud; <\/span><\/span><\/p>\n<p align=\"justify\"><span style=\"font-family: Arial, sans-serif;\"><span style=\"font-size: medium;\">2. Suministrar informaci\u00f3n clara, veraz y completa sobre su estado de salud; <\/span><\/span><\/p>\n<p class=\"western\"><span style=\"font-family: Arial, sans-serif;\"><span style=\"font-size: medium;\">3. Cumplir las normas, reglamentos e instrucciones del Sistema de Gesti\u00f3n de la Seguridad y Salud en el Trabajo de la empresa;<\/span><\/span><\/p>\n<p align=\"justify\"><span style=\"font-family: Arial, sans-serif;\"><span style=\"font-size: medium;\">4. Informar oportunamente al empleador o contratante acerca de los peligros y riesgos latentes en su sitio de trabajo; <\/span><\/span><\/p>\n<p align=\"justify\"><span style=\"font-family: Arial, sans-serif;\"><span style=\"font-size: medium;\">5. Participar en las actividades de capacitaci\u00f3n en seguridad y salud en el trabajo definido en el plan de capacitaci\u00f3n del SG\u2013SST; y <\/span><\/span><\/p>\n<p align=\"justify\"><span style=\"font-family: Arial, sans-serif;\"><span style=\"font-size: medium;\">6. Participar y contribuir al cumplimiento de los objetivos del Sistema de Gesti\u00f3n de la Seguridad y Salud en el Trabajo SG-SST. <\/span><\/span><\/p>\n<p align=\"justify\"><span style=\"font-family: 'Times New Roman', serif;\"><span style=\"font-size: medium;\"><span style=\"color: #000000;\"><span style=\"font-family: Arial, sans-serif;\"><b>Art\u00edculo 11. <\/b><\/span><\/span><span style=\"color: #000000;\"><span style=\"font-family: Arial, sans-serif;\"><i><b>Capacitaci\u00f3n en Seguridad y Salud en el Trabajo <\/b><\/i><\/span><\/span><span style=\"color: #000000;\"><span style=\"font-family: Arial, sans-serif;\"><b>\u2013 <\/b><\/span><\/span><span style=\"color: #000000;\"><span style=\"font-family: Arial, sans-serif;\"><i><b>SST.<\/b><\/i><\/span><\/span><i> <\/i><span style=\"color: #000000;\"><span style=\"font-family: Arial, sans-serif;\">El empleador o contratante debe definir los requisitos de conocimiento y pr\u00e1ctica en seguridad y salud en el trabajo necesarios para sus trabajadores, tambi\u00e9n debe adoptar y mantener disposiciones para que estos los cumplan en todos los aspectos de la ejecuci\u00f3n de sus deberes u obligaciones, con el fin de prevenir accidentes de trabajo y enfermedades laborales. Para ello, debe desarrollar un programa de capacitaci\u00f3n que proporcione conocimiento para identificar los peligros y controlar los riesgos relacionados con el trabajo, hacerlo extensivo a todos los niveles de la organizaci\u00f3n incluyendo a trabajadores dependientes, contratistas, trabajadores cooperados y los trabajadores en misi\u00f3n, estar documentado, ser impartido por personal id\u00f3neo conforme a la normatividad vigente. <\/span><\/span><\/span><\/span><\/p>\n<p align=\"justify\"><span style=\"font-family: 'Times New Roman', serif;\"><span style=\"font-size: medium;\"><span style=\"color: #000000;\"><span style=\"font-family: Arial, sans-serif;\"><b>Par\u00e1grafo 1\u00b0.<\/b><\/span><\/span><span style=\"color: #000000;\"><span style=\"font-family: Arial, sans-serif;\"> El programa de capacitaci\u00f3n en seguridad y salud en el trabajo \u2013SST, debe ser revisado m\u00ednimo una (1) vez al a\u00f1o, con la participaci\u00f3n del Comit\u00e9 Paritario o Vig\u00eda de Seguridad y Salud en el Trabajo y la alta direcci\u00f3n de la empresa: con el fin de identificar las acciones de mejora. <\/span><\/span><\/span><\/span><\/p>\n<p align=\"justify\"><span style=\"font-family: 'Times New Roman', serif;\"><span style=\"font-size: medium;\"><span style=\"color: #000000;\"><span style=\"font-family: Arial, sans-serif;\"><b>Par\u00e1grafo 2\u00b0.<\/b><\/span><\/span><span style=\"color: #000000;\"><span style=\"font-family: Arial, sans-serif;\"> El empleador proporcionar\u00e1 a todo trabajador que ingrese por primera vez a la empresa, independiente de su forma de contrataci\u00f3n y vinculaci\u00f3n y de manera previa al inicio de sus labores, una inducci\u00f3n en los aspectos generales y espec\u00edficos de las actividades a realizar, que incluya entre otros, la identificaci\u00f3n y el control de peligros y riesgos en su trabajo y la prevenci\u00f3n de accidentes de trabajo y enfermedades laborales. <\/span><\/span><\/span><\/span><\/p>\n<p align=\"justify\"><span style=\"font-family: 'Times New Roman', serif;\"><span style=\"font-size: medium;\"><span style=\"color: #000000;\"><span style=\"font-family: Arial, sans-serif;\"><b>Art\u00edculo 12. <\/b><\/span><\/span><span style=\"color: #000000;\"><span style=\"font-family: Arial, sans-serif;\"><i><b>Documentaci\u00f3n.<\/b><\/i><\/span><\/span><i> <\/i><span style=\"color: #000000;\"><span style=\"font-family: Arial, sans-serif;\">El empleador debe mantener disponibles y debidamente actualizados entre otros, los siguientes documentos en relaci\u00f3n con el Sistema de Gesti\u00f3n de la Seguridad y Salud en el Trabajo SG-SST: <\/span><\/span><\/span><\/span><\/p>\n<p align=\"justify\"><span style=\"font-family: Arial, sans-serif;\"><span style=\"font-size: medium;\">1. La pol\u00edtica y los objetivos de la empresa en materia de seguridad y salud en el trabajo SST, firmados por el empleador; <\/span><\/span><\/p>\n<p align=\"justify\"><span style=\"font-family: Arial, sans-serif;\"><span style=\"font-size: medium;\">2. Las responsabilidades asignadas para la implementaci\u00f3n y mejora continua del Sistema de Gesti\u00f3n de la Seguridad y Salud en el trabajo SG-SST; <\/span><\/span><\/p>\n<p align=\"justify\"><span style=\"font-family: Arial, sans-serif;\"><span style=\"font-size: medium;\">3. La identificaci\u00f3n anual de peligros y evaluaci\u00f3n y valoraci\u00f3n de los riesgos; <\/span><\/span><\/p>\n<p align=\"justify\"><span style=\"font-family: Arial, sans-serif;\"><span style=\"font-size: medium;\">4. El informe de las condiciones de salud, junto con el perfil sociodemogr\u00e1fico de la poblaci\u00f3n trabajadora y seg\u00fan los lineamientos de los programas de vigilancia epidemiol\u00f3gica en concordancia con los riesgos existentes en la organizaci\u00f3n; <\/span><\/span><\/p>\n<p align=\"justify\"><span style=\"font-family: Arial, sans-serif;\"><span style=\"font-size: medium;\">5. El plan de trabajo anual en seguridad y salud en el trabajo &#8211; SST de la empresa, firmado por el empleador y el responsable del Sistema de Gesti\u00f3n de la Seguridad y Salud en el Trabajo SG-SST; <\/span><\/span><\/p>\n<p align=\"justify\"><span style=\"font-family: Arial, sans-serif;\"><span style=\"font-size: medium;\">6. El programa de capacitaci\u00f3n anual en seguridad y salud en el trabajo &#8211; SST, as\u00ed como de su cumplimiento incluyendo los soportes de inducci\u00f3n, reinducci\u00f3n y capacitaciones de los trabajadores dependientes, contratistas, cooperados y en misi\u00f3n; <\/span><\/span><\/p>\n<p align=\"justify\"><span style=\"font-family: Arial, sans-serif;\"><span style=\"font-size: medium;\">7. Los procedimientos e instructivos internos de seguridad y salud en el trabajo; <\/span><\/span><\/p>\n<p align=\"justify\"><span style=\"font-family: Arial, sans-serif;\"><span style=\"font-size: medium;\">8. Registros de entrega de equipos y elementos de protecci\u00f3n personal; <\/span><\/span><\/p>\n<p align=\"justify\"><span style=\"font-family: Arial, sans-serif;\"><span style=\"font-size: medium;\">9. Registro de entrega de los protocolos de seguridad, de las fichas t\u00e9cnicas cuando aplique y dem\u00e1s instructivos internos de seguridad y salud en el trabajo; <\/span><\/span><\/p>\n<p align=\"justify\"><span style=\"font-family: Arial, sans-serif;\"><span style=\"font-size: medium;\">10. Los soportes de la convocatoria, elecci\u00f3n y conformaci\u00f3n del Comit\u00e9 Paritario de Seguridad y Salud en el Trabajo y las actas de sus reuniones o la delegaci\u00f3n del Vig\u00eda de Seguridad y Salud en el Trabajo y los soportes de sus actuaciones; <\/span><\/span><\/p>\n<p align=\"justify\"><span style=\"font-family: Arial, sans-serif;\"><span style=\"font-size: medium;\">11. Los reportes y las investigaciones de los incidentes, accidentes de trabajo y enfermedades laborales de acuerdo con la normatividad vigente; <\/span><\/span><\/p>\n<p align=\"justify\"><span style=\"font-family: Arial, sans-serif;\"><span style=\"font-size: medium;\">12. La identificaci\u00f3n de las amenazas junto con la evaluaci\u00f3n de la vulnerabilidad y sus correspondientes planes de prevenci\u00f3n, preparaci\u00f3n y respuesta ante emergencias; <\/span><\/span><\/p>\n<p align=\"justify\"><span style=\"font-family: Arial, sans-serif;\"><span style=\"font-size: medium;\">13. Los programas de vigilancia epidemiol\u00f3gica de la salud de los trabajadores, incluidos los resultados de las mediciones ambientales y los perfiles de salud arrojados por los monitoreos biol\u00f3gicos, si esto \u00faltimo aplica seg\u00fan priorizaci\u00f3n de los riesgos. <\/span><\/span><\/p>\n<p align=\"justify\"><span style=\"font-family: Arial, sans-serif;\"><span style=\"font-size: medium;\">En el caso de contarse con servicios de m\u00e9dico especialista en medicina laboral o del trabajo, seg\u00fan lo establecido en la normatividad vigente, se deber\u00e1 tener documentado lo anterior y los resultados individuales de los monitoreos biol\u00f3gicos; <\/span><\/span><\/p>\n<p align=\"justify\"><span style=\"font-family: Arial, sans-serif;\"><span style=\"font-size: medium;\">14. Formatos de registros de las inspecciones a las instalaciones, m\u00e1quinas o equipos ejecutadas; <\/span><\/span><\/p>\n<p align=\"justify\"><span style=\"font-family: Arial, sans-serif;\"><span style=\"font-size: medium;\">15. La matriz legal actualizada que contemple las normas del Sistema General de Riesgos Laborales que le aplican a la empresa; y <\/span><\/span><\/p>\n<p align=\"justify\"><span style=\"font-family: Arial, sans-serif;\"><span style=\"font-size: medium;\">16. Evidencias de las gestiones adelantadas para el control de los riesgos prioritarios. <\/span><\/span><\/p>\n<p align=\"justify\"><span style=\"font-family: 'Times New Roman', serif;\"><span style=\"font-size: medium;\"><span style=\"color: #000000;\"><span style=\"font-family: Arial, sans-serif;\"><b>Par\u00e1grafo 1\u00b0.<\/b><\/span><\/span><span style=\"color: #000000;\"><span style=\"font-family: Arial, sans-serif;\"> Los documentos pueden existir en papel, disco magn\u00e9tico, \u00f3ptico o electr\u00f3nico, fotograf\u00eda, o una combinaci\u00f3n de estos y en custodia del responsable del desarrollo del Sistema de Gesti\u00f3n de la Seguridad y Salud en el Trabajo. <\/span><\/span><\/span><\/span><\/p>\n<p align=\"justify\"><span style=\"font-family: 'Times New Roman', serif;\"><span style=\"font-size: medium;\"><span style=\"color: #000000;\"><span style=\"font-family: Arial, sans-serif;\"><b>Par\u00e1grafo 2\u00b0.<\/b><\/span><\/span><span style=\"color: #000000;\"><span style=\"font-family: Arial, sans-serif;\"> La documentaci\u00f3n relacionada con el Sistema de Gesti\u00f3n de la Seguridad y Salud en el Trabajo &#8211; SG-SST, debe estar redactada de manera tal, que sea clara y entendible por las personas que tienen que aplicarla o consultarla. Igualmente, debe ser revisada y actualizada cuando sea necesario difundirse y ponerse a disposici\u00f3n de todos los trabajadores, en los apartes que les compete. <\/span><\/span><\/span><\/span><\/p>\n<p class=\"western\" align=\"justify\"><span style=\"color: #000000;\"><span style=\"font-family: Arial, sans-serif;\"><span style=\"font-size: medium;\"><b>Par\u00e1grafo 3\u00b0.<\/b><\/span><\/span><\/span><span style=\"color: #000000;\"><span style=\"font-family: Arial, sans-serif;\"><span style=\"font-size: medium;\"> El trabajador tiene derecho a consultar los registros relativos a su salud solicit\u00e1ndolo al m\u00e9dico responsable en la empresa, si lo tuviese, o a la instituci\u00f3n prestadora de servicios de seguridad y salud en el trabajo que los efectu\u00f3. En todo caso, se debe garantizar la confidencialidad de los documentos, acorde con la normatividad legal vigente.<\/span><\/span><\/span><\/p>\n<p align=\"justify\"><span style=\"font-family: 'Times New Roman', serif;\"><span style=\"font-size: medium;\"><span style=\"color: #000000;\"><span style=\"font-family: Arial, sans-serif;\"><b>Art\u00edculo 13. <\/b><\/span><\/span><span style=\"color: #000000;\"><span style=\"font-family: Arial, sans-serif;\"><i><b>Conservaci\u00f3n de los documentos.<\/b><\/i><\/span><\/span><i> <\/i><span style=\"color: #000000;\"><span style=\"font-family: Arial, sans-serif;\">El empleador debe conservar los registros y documentos que soportan el Sistema de Gesti\u00f3n de la Seguridad y Salud en el Trabajo SG-SST de manera controlada, garantizando que sean legibles, f\u00e1cilmente identificables y accesibles, protegidos contra da\u00f1o, deterioro o p\u00e9rdida. El responsable del SG-SST tendr\u00e1 acceso a todos los documentos y registros exceptuando el acceso a las historias cl\u00ednicas ocupacionales de los trabajadores cuando no tenga perfil de m\u00e9dico especialista en seguridad y salud en el trabajo. La conservaci\u00f3n puede hacerse de forma electr\u00f3nica de conformidad con lo establecido en el presente decreto siempre y cuando se garantice la preservaci\u00f3n de la informaci\u00f3n. <\/span><\/span><\/span><\/span><\/p>\n<p align=\"justify\"><span style=\"font-family: Arial, sans-serif;\"><span style=\"font-size: medium;\">Los siguientes documentos y registros, deben ser conservados por un periodo m\u00ednimo de veinte (20) a\u00f1os, contados a partir del momento en que cese la relaci\u00f3n laboral del trabajador con la empresa: <\/span><\/span><\/p>\n<p align=\"justify\"><span style=\"font-family: Arial, sans-serif;\"><span style=\"font-size: medium;\">1. Los resultados de los perfiles epidemiol\u00f3gicos de salud de los trabajadores, as\u00ed como los conceptos de los ex\u00e1menes de ingreso, peri\u00f3dicos y de retiro de los trabajadores, en caso que no cuente con los servicios de m\u00e9dico especialista en \u00e1reas afines a la seguridad y salud en el trabajo; <\/span><\/span><\/p>\n<p align=\"justify\"><span style=\"font-family: Arial, sans-serif;\"><span style=\"font-size: medium;\">2. Cuando la empresa cuente con m\u00e9dico especialista en \u00e1reas afines a la seguridad y salud en el trabajo, los resultados de ex\u00e1menes de ingreso, peri\u00f3dicos y de egreso, as\u00ed como los resultados de los ex\u00e1menes complementarios tales como paracl\u00ednicos, pruebas de monitoreo biol\u00f3gico, audiometr\u00edas, espirometr\u00edas, radiograf\u00edas de t\u00f3rax y en general, las que se realicen con el objeto de monitorear los efectos hacia la salud de la exposici\u00f3n a peligros y riesgos; cuya reserva y custodia est\u00e1 a cargo del m\u00e9dico correspondiente; <\/span><\/span><\/p>\n<p align=\"justify\"><span style=\"font-family: Arial, sans-serif;\"><span style=\"font-size: medium;\">3. Resultados de mediciones y monitoreo a los ambientes de trabajo, como resultado de los programas de vigilancia y control de los peligros y riesgos en seguridad y salud en el trabajo; <\/span><\/span><\/p>\n<p align=\"justify\"><span style=\"font-family: Arial, sans-serif;\"><span style=\"font-size: medium;\">4. Registros de las actividades de capacitaci\u00f3n, formaci\u00f3n y entrenamiento en seguridad y salud en el trabajo; y, <\/span><\/span><\/p>\n<p align=\"justify\"><span style=\"font-family: Arial, sans-serif;\"><span style=\"font-size: medium;\">5. Registro del suministro de elementos y equipos de protecci\u00f3n personal. <\/span><\/span><\/p>\n<p align=\"justify\"><span style=\"font-family: Arial, sans-serif;\"><span style=\"font-size: medium;\">Para los dem\u00e1s documentos y registros, el empleador deber\u00e1 elaborar y cumplir con un sistema de archivo o retenci\u00f3n documental, seg\u00fan aplique, acorde con la normatividad vigente y las pol\u00edticas de la empresa. <\/span><\/span><\/p>\n<p align=\"justify\"><span style=\"font-family: 'Times New Roman', serif;\"><span style=\"font-size: medium;\"><span style=\"color: #000000;\"><span style=\"font-family: Arial, sans-serif;\"><b>Art\u00edculo 14. <\/b><\/span><\/span><span style=\"color: #000000;\"><span style=\"font-family: Arial, sans-serif;\"><i><b>Comunicaci\u00f3n.<\/b><\/i><\/span><\/span><i> <\/i><span style=\"color: #000000;\"><span style=\"font-family: Arial, sans-serif;\">El empleador debe establecer mecanismos eficaces para: <\/span><\/span><\/span><\/span><\/p>\n<p align=\"justify\"><span style=\"font-family: Arial, sans-serif;\"><span style=\"font-size: medium;\">1. Recibir, documentar y responder adecuadamente a las comunicaciones internas y externas relativas a la seguridad y salud en el trabajo; <\/span><\/span><\/p>\n<p align=\"justify\"><span style=\"font-family: Arial, sans-serif;\"><span style=\"font-size: medium;\">2. Garantizar que se d\u00e9 a conocer el Sistema de Gesti\u00f3n de la Seguridad y Salud en el Trabajo SG-SST a los trabajadores y contratistas; y, <\/span><\/span><\/p>\n<p align=\"justify\"><span style=\"font-family: Arial, sans-serif;\"><span style=\"font-size: medium;\">3. Disponer de canales que permitan recolectar inquietudes, ideas y aportes de los trabajadores en materia de seguridad y salud en el trabajo para que sean consideradas y atendidas por los responsables en la empresa. <\/span><\/span><\/p>\n<p align=\"center\"><span style=\"font-family: Arial, sans-serif;\"><span style=\"font-size: medium;\"><b>CAP\u00cdTULO IV <\/b><\/span><\/span><\/p>\n<p align=\"center\"><span style=\"font-family: Arial, sans-serif;\"><span style=\"font-size: medium;\"><b>Planificaci\u00f3n <\/b><\/span><\/span><\/p>\n<p align=\"justify\"><span style=\"font-family: 'Times New Roman', serif;\"><span style=\"font-size: medium;\"><span style=\"color: #000000;\"><span style=\"font-family: Arial, sans-serif;\"><b>Art\u00edculo 15. <\/b><\/span><\/span><span style=\"color: #000000;\"><span style=\"font-family: Arial, sans-serif;\"><i><b>Identificaci\u00f3n de Peligros, Evaluaci\u00f3n y Valoraci\u00f3n de los Riesgos.<\/b><\/i><\/span><\/span><i> <\/i><span style=\"color: #000000;\"><span style=\"font-family: Arial, sans-serif;\">El empleador o contratante debe aplicar una metodolog\u00eda que sea sistem\u00e1tica, que tenga alcance sobre todos los procesos y actividades rutinarias y no rutinarias internas o externas, m\u00e1quinas y equipos, todos los centros de trabajo y todos los trabajadores independientemente de su forma de contrataci\u00f3n y vinculaci\u00f3n, que le permita identificar los peligros y evaluar los riesgos en seguridad y salud en el trabajo, con el fin que pueda priorizarlos y establecer los controles necesarios, realizando mediciones ambientales cuando se requiera. <\/span><\/span><\/span><\/span><\/p>\n<p align=\"justify\"><span style=\"font-family: Arial, sans-serif;\"><span style=\"font-size: medium;\">A partir de la vigencia del presente decreto, los panoramas de factores de riesgo se entender\u00e1n como identificaci\u00f3n de peligros, evaluaci\u00f3n y valoraci\u00f3n de los riesgos. <\/span><\/span><\/p>\n<p align=\"justify\"><span style=\"font-family: 'Times New Roman', serif;\"><span style=\"font-size: medium;\"><span style=\"color: #000000;\"><span style=\"font-family: Arial, sans-serif;\"><b>Par\u00e1grafo 1\u00b0.<\/b><\/span><\/span><span style=\"color: #000000;\"><span style=\"font-family: Arial, sans-serif;\"> La identificaci\u00f3n de peligros y evaluaci\u00f3n de los riesgos debe ser desarrollada por el empleador o contratante con la participaci\u00f3n y compromiso de todos los niveles de la empresa. Debe ser documentada y actualizada como m\u00ednimo de manera anual. <\/span><\/span><\/span><\/span><\/p>\n<p align=\"justify\"><span style=\"font-family: Arial, sans-serif;\"><span style=\"font-size: medium;\">Tambi\u00e9n se debe actualizar cada vez que ocurra un accidente de trabajo mortal o un evento catastr\u00f3fico en la empresa o cuando se presenten cambios en los procesos, en las instalaciones en la maquinaria o en los equipos. <\/span><\/span><\/p>\n<p align=\"justify\"><span style=\"font-family: 'Times New Roman', serif;\"><span style=\"font-size: medium;\"><span style=\"color: #000000;\"><span style=\"font-family: Arial, sans-serif;\"><b>Par\u00e1grafo 2\u00b0.<\/b><\/span><\/span><span style=\"color: #000000;\"><span style=\"font-family: Arial, sans-serif;\"> De acuerdo con la naturaleza de los peligros, la priorizaci\u00f3n realizada y la actividad econ\u00f3mica de la empresa, el empleador o contratante utilizar\u00e1 metodolog\u00edas adicionales para complementar la evaluaci\u00f3n de los riesgos en seguridad y salud en el trabajo ante peligros de origen f\u00edsicos, ergon\u00f3micos o biomec\u00e1nicos, biol\u00f3gicos, qu\u00edmicos, de seguridad, p\u00fablico, psicosociales, entre otros. <\/span><\/span><\/span><\/span><\/p>\n<p align=\"justify\"><span style=\"font-family: Arial, sans-serif;\"><span style=\"font-size: medium;\">Cuando en el proceso productivo, se involucren agentes potencialmente cancer\u00edgenos, deber\u00e1n ser considerados como prioritarios, independiente de su dosis y nivel de exposici\u00f3n. <\/span><\/span><\/p>\n<p align=\"justify\"><span style=\"font-family: 'Times New Roman', serif;\"><span style=\"font-size: medium;\"><span style=\"color: #000000;\"><span style=\"font-family: Arial, sans-serif;\"><b>Par\u00e1grafo 3\u00b0.<\/b><\/span><\/span><span style=\"color: #000000;\"><span style=\"font-family: Arial, sans-serif;\"> El empleador debe informar al Comit\u00e9 Paritario o Vig\u00eda de Seguridad y Salud en el Trabajo sobre los resultados de las evaluaciones de los ambientes de trabajo para que emita las recomendaciones a que haya lugar. <\/span><\/span><\/span><\/span><\/p>\n<p align=\"justify\"><span style=\"font-family: 'Times New Roman', serif;\"><span style=\"font-size: medium;\"><span style=\"color: #000000;\"><span style=\"font-family: Arial, sans-serif;\"><b>Par\u00e1grafo 4\u00b0.<\/b><\/span><\/span><span style=\"color: #000000;\"><span style=\"font-family: Arial, sans-serif;\"> Se debe identificar y relacionar en el Sistema de Gesti\u00f3n de la Seguridad y Salud en el Trabajo los trabajadores que se dediquen en forma permanente a las actividades de alto riesgo a las que hace referencia el Decreto <a href=\"http:\/\/www.alcaldiabogota.gov.co\/sisjur\/normas\/Norma1.jsp?i=9193#0\">2090<\/a> de 2003. <\/span><\/span><\/span><\/span><\/p>\n<p class=\"western\" align=\"justify\"><span style=\"color: #000000;\"><span style=\"font-family: Arial, sans-serif;\"><span style=\"font-size: medium;\"><b>Art\u00edculo 16. <\/b><\/span><\/span><\/span><span style=\"color: #000000;\"><span style=\"font-family: Arial, sans-serif;\"><span style=\"font-size: medium;\"><i><b>Evaluaci\u00f3n inicial del Sistema de Gesti\u00f3n de la Seguridad y Salud en el Trabajo SG-SST.<\/b><\/i><\/span><\/span><\/span><i> <\/i><span style=\"color: #000000;\"><span style=\"font-family: Arial, sans-serif;\"><span style=\"font-size: medium;\">La evaluaci\u00f3n inicial deber\u00e1 realizarse con el fin de identificar las prioridades en seguridad y salud en el trabajo para establecer el plan de trabajo anual o para la actualizaci\u00f3n del existente. El Sistema de Gesti\u00f3n de la Seguridad y Salud en el Trabajo existente a la entrada en vigencia del presente decreto deber\u00e1 examinarse teniendo en cuenta lo establecido en el presente art\u00edculo. Esta autoevaluaci\u00f3n debe ser realizada por personal id\u00f3neo de conformidad con la normatividad vigente, incluyendo los est\u00e1ndares m\u00ednimos que se reglamenten.<\/span><\/span><\/span><\/p>\n<p align=\"justify\"><span style=\"font-family: Arial, sans-serif;\"><span style=\"font-size: medium;\">La evaluaci\u00f3n inicial permitir\u00e1 mantener vigentes las prioridades en seguridad y salud en el trabajo acorde con los cambios en las condiciones y procesos de trabajo de la empresa y su entorno, y acorde con las modificaciones en la normatividad del Sistema General de Riesgos Laborales en Colombia. <\/span><\/span><\/p>\n<p align=\"justify\"><span style=\"font-family: Arial, sans-serif;\"><span style=\"font-size: medium;\">La evaluaci\u00f3n inicial debe incluir, entre otros, los siguientes aspectos: <\/span><\/span><\/p>\n<p align=\"justify\"><span style=\"font-family: Arial, sans-serif;\"><span style=\"font-size: medium;\">1. La identificaci\u00f3n de la normatividad vigente en materia de riesgos laborales incluyendo los est\u00e1ndares m\u00ednimos del Sistema de Garant\u00eda de Calidad del Sistema General de Riesgos Laborales para empleadores, que se reglamenten y le sean aplicables; <\/span><\/span><\/p>\n<p align=\"justify\"><span style=\"font-family: Arial, sans-serif;\"><span style=\"font-size: medium;\">2. La verificaci\u00f3n de la identificaci\u00f3n de los peligros, evaluaci\u00f3n y valoraci\u00f3n de los riesgos, la cual debe ser anual. En la identificaci\u00f3n de peligros deber\u00e1 contemplar los cambios de procesos, instalaciones, equipos, maquinarias, entre otros; <\/span><\/span><\/p>\n<p align=\"justify\"><span style=\"font-family: Arial, sans-serif;\"><span style=\"font-size: medium;\">3. La identificaci\u00f3n de las amenazas y evaluaci\u00f3n de la vulnerabilidad de la empresa; la cual debe ser anual; <\/span><\/span><\/p>\n<p align=\"justify\"><span style=\"font-family: Arial, sans-serif;\"><span style=\"font-size: medium;\">4. La evaluaci\u00f3n de la efectividad de las medidas implementadas, para controlar los peligros, riesgos y amenazas, que incluya los reportes de los trabajadores; la cual debe ser anual; <\/span><\/span><\/p>\n<p align=\"justify\"><span style=\"font-family: Arial, sans-serif;\"><span style=\"font-size: medium;\">5. El cumplimiento del programa de capacitaci\u00f3n anual, establecido por la empresa, incluyendo la inducci\u00f3n y reinducci\u00f3n para los trabajadores dependientes, cooperados, en misi\u00f3n y contratistas; <\/span><\/span><\/p>\n<p align=\"justify\"><span style=\"font-family: Arial, sans-serif;\"><span style=\"font-size: medium;\">6. La evaluaci\u00f3n de los puestos de trabajo en el marco de los programas de vigilancia epidemiol\u00f3gica de la salud de los trabajadores; <\/span><\/span><\/p>\n<p align=\"justify\"><span style=\"font-family: Arial, sans-serif;\"><span style=\"font-size: medium;\">7. La descripci\u00f3n sociodemogr\u00e1fica de los trabajadores y la caracterizaci\u00f3n de sus condiciones de salud, as\u00ed como la evaluaci\u00f3n y an\u00e1lisis de las estad\u00edsticas sobre la enfermedad y la accidentalidad; y <\/span><\/span><\/p>\n<p align=\"justify\"><span style=\"font-family: Arial, sans-serif;\"><span style=\"font-size: medium;\">8. Registro y seguimiento a los resultados de los indicadores definidos en el SGSST de la empresa del a\u00f1o inmediatamente anterior. <\/span><\/span><\/p>\n<p align=\"justify\"><span style=\"font-family: 'Times New Roman', serif;\"><span style=\"font-size: medium;\"><span style=\"color: #000000;\"><span style=\"font-family: Arial, sans-serif;\"><b>Par\u00e1grafo 1\u00b0.<\/b><\/span><\/span><span style=\"color: #000000;\"><span style=\"font-family: Arial, sans-serif;\"> A la entrada en vigencia del presente decreto, todos los empleadores deber\u00e1n realizar la evaluaci\u00f3n y an\u00e1lisis de las estad\u00edsticas sobre la enfermedad y la accidentalidad ocurrida en los dos (2) \u00faltimos a\u00f1os en la empresa, la cual debe servir para establecer una l\u00ednea base y para evaluar la mejora continua en el sistema. <\/span><\/span><\/span><\/span><\/p>\n<p align=\"justify\"><span style=\"font-family: 'Times New Roman', serif;\"><span style=\"font-size: medium;\"><span style=\"color: #000000;\"><span style=\"font-family: Arial, sans-serif;\"><b>Par\u00e1grafo 2\u00b0.<\/b><\/span><\/span><span style=\"color: #000000;\"><span style=\"font-family: Arial, sans-serif;\"> La evaluaci\u00f3n inicial debe estar documentada y debe ser la base para la toma de decisiones y la planificaci\u00f3n de la gesti\u00f3n de la seguridad y salud en el trabajo. <\/span><\/span><\/span><\/span><\/p>\n<p align=\"justify\"><span style=\"font-family: 'Times New Roman', serif;\"><span style=\"font-size: medium;\"><span style=\"color: #000000;\"><span style=\"font-family: Arial, sans-serif;\"><b>Par\u00e1grafo 3\u00b0.<\/b><\/span><\/span><span style=\"color: #000000;\"><span style=\"font-family: Arial, sans-serif;\"> El empleador o contratante debe facilitar mecanismos para el autorreporte de condiciones de trabajo y de salud por parte de los trabajadores o contratistas; esta informaci\u00f3n la debe utilizar como insumo para la actualizaci\u00f3n de las condiciones de seguridad y salud en el trabajo. <\/span><\/span><\/span><\/span><\/p>\n<p align=\"justify\"><span style=\"font-family: 'Times New Roman', serif;\"><span style=\"font-size: medium;\"><span style=\"color: #000000;\"><span style=\"font-family: Arial, sans-serif;\"><b>Art\u00edculo 17. <\/b><\/span><\/span><span style=\"color: #000000;\"><span style=\"font-family: Arial, sans-serif;\"><i><b>Planificaci\u00f3n del Sistema de Gesti\u00f3n de la Seguridad y Salud en el Trabajo SG-SST.<\/b><\/i><\/span><\/span><i> <\/i><span style=\"color: #000000;\"><span style=\"font-family: Arial, sans-serif;\">El empleador o contratante debe adoptar mecanismos para planificar el Sistema de Gesti\u00f3n de la Seguridad y Salud en el Trabajo SG-SST, basado en la evaluaci\u00f3n inicial y otros datos disponibles que aporten a este prop\u00f3sito. <\/span><\/span><\/span><\/span><\/p>\n<p align=\"justify\"><span style=\"font-family: Arial, sans-serif;\"><span style=\"font-size: medium;\">a) La planificaci\u00f3n debe aportar a: <\/span><\/span><\/p>\n<p align=\"justify\"><span style=\"font-family: Arial, sans-serif;\"><span style=\"font-size: medium;\">1. El cumplimiento con la legislaci\u00f3n nacional vigente en materia de riesgos laborales incluidos los est\u00e1ndares m\u00ednimos del Sistema de Garant\u00eda de Calidad del Sistema General de Riesgos Laborales que le apliquen en materia de seguridad y salud en el trabajo; <\/span><\/span><\/p>\n<p align=\"justify\"><span style=\"font-family: Arial, sans-serif;\"><span style=\"font-size: medium;\">2. El fortalecimiento de cada uno de los componentes (Pol\u00edtica, Objetivos, Planificaci\u00f3n, Aplicaci\u00f3n, Evaluaci\u00f3n Inicial, Auditor\u00eda y Mejora) del Sistema de Gesti\u00f3n de la Seguridad y Salud en el Trabajo SG-SST en la empresa; y, <\/span><\/span><\/p>\n<p align=\"justify\"><span style=\"font-family: Arial, sans-serif;\"><span style=\"font-size: medium;\">3. El mejoramiento continuo de los resultados en seguridad y salud en el trabajo de la empresa. <\/span><\/span><\/p>\n<p align=\"justify\"><span style=\"font-family: Arial, sans-serif;\"><span style=\"font-size: medium;\">b) La planificaci\u00f3n debe permitir entre otros, lo siguiente: <\/span><\/span><\/p>\n<p align=\"justify\"><span style=\"font-family: Arial, sans-serif;\"><span style=\"font-size: medium;\">1. Definir las prioridades en materia de seguridad y salud en el trabajo de la empresa; <\/span><\/span><\/p>\n<p align=\"justify\"><span style=\"font-family: Arial, sans-serif;\"><span style=\"font-size: medium;\">2. Definir objetivos del Sistema de Gesti\u00f3n de la Seguridad y Salud en el Trabajo SG-SST medibles y cuantificables, acorde con las prioridades definidas y alineados con la pol\u00edtica de seguridad y salud en el trabajo definida en la empresa; <\/span><\/span><\/p>\n<p align=\"justify\"><span style=\"font-family: Arial, sans-serif;\"><span style=\"font-size: medium;\">3. Establecer el plan de trabajo anual para alcanzar cada uno de los objetivos, en el que se especifiquen metas, actividades claras para su desarrollo, responsables y cronograma, responsables y recursos necesarios; <\/span><\/span><\/p>\n<p align=\"justify\"><span style=\"font-family: Arial, sans-serif;\"><span style=\"font-size: medium;\">4. Definir indicadores que permitan evaluar el Sistema de Gesti\u00f3n de la Seguridad y Salud en el Trabajo; y, <\/span><\/span><\/p>\n<p align=\"justify\"><span style=\"font-family: Arial, sans-serif;\"><span style=\"font-size: medium;\">5. Definir los recursos financieros, humanos, t\u00e9cnicos y de otra \u00edndole requeridos para la implementaci\u00f3n del Sistema de Gesti\u00f3n de la Seguridad y Salud en el Trabajo SG-SST. <\/span><\/span><\/p>\n<p align=\"justify\"><span style=\"font-family: 'Times New Roman', serif;\"><span style=\"font-size: medium;\"><span style=\"color: #000000;\"><span style=\"font-family: Arial, sans-serif;\"><b>Par\u00e1grafo 1\u00b0.<\/b><\/span><\/span><span style=\"color: #000000;\"><span style=\"font-family: Arial, sans-serif;\"> La planificaci\u00f3n en Seguridad y Salud en el Trabajo debe abarcar la implementaci\u00f3n y el funcionamiento de cada uno de los componentes del Sistema de Gesti\u00f3n de la Seguridad y Salud en el Trabajo SG-SST (Pol\u00edtica, Objetivos, Planificaci\u00f3n, Aplicaci\u00f3n, Evaluaci\u00f3n inicial, Auditor\u00eda y Mejora), desarrollados de conformidad con el presente decreto. <\/span><\/span><\/span><\/span><\/p>\n<p align=\"justify\"><span style=\"font-family: 'Times New Roman', serif;\"><span style=\"font-size: medium;\"><span style=\"color: #000000;\"><span style=\"font-family: Arial, sans-serif;\"><b>Par\u00e1grafo 2\u00b0.<\/b><\/span><\/span><span style=\"color: #000000;\"><span style=\"font-family: Arial, sans-serif;\"> El plan de trabajo anual debe ser firmado por el empleador y contener los objetivos, metas, actividades, responsables, cronograma y recursos del Sistema de Gesti\u00f3n de la Seguridad y Salud en el Trabajo SG-SST. <\/span><\/span><\/span><\/span><\/p>\n<p align=\"justify\"><span style=\"font-family: 'Times New Roman', serif;\"><span style=\"font-size: medium;\"><span style=\"color: #000000;\"><span style=\"font-family: Arial, sans-serif;\"><b>Art\u00edculo 18. <\/b><\/span><\/span><span style=\"color: #000000;\"><span style=\"font-family: Arial, sans-serif;\"><i><b>Objetivos del Sistema de Gesti\u00f3n de la Seguridad y Salud en el Trabajo SG-SST.<\/b><\/i><\/span><\/span><i> <\/i><span style=\"color: #000000;\"><span style=\"font-family: Arial, sans-serif;\">Los objetivos deben expresarse de conformidad con la pol\u00edtica de seguridad y salud en el trabajo establecida en la empresa y el resultado de la evaluaci\u00f3n inicial y auditor\u00edas que se realicen. <\/span><\/span><\/span><\/span><\/p>\n<p align=\"justify\"><span style=\"font-family: Arial, sans-serif;\"><span style=\"font-size: medium;\">Estos objetivos deben tener en cuenta entre otros aspectos, los siguientes: <\/span><\/span><\/p>\n<p align=\"justify\"><span style=\"font-family: Arial, sans-serif;\"><span style=\"font-size: medium;\">1. Ser claros, medibles, cuantificables y tener metas definidas para su cumplimiento; <\/span><\/span><\/p>\n<p class=\"western\"><span style=\"font-family: Arial, sans-serif;\"><span style=\"font-size: medium;\">2. Ser adecuados para las caracter\u00edsticas, el tama\u00f1o y la actividad econ\u00f3mica de la empresa;<\/span><\/span><\/p>\n<p align=\"justify\"><span style=\"font-family: Arial, sans-serif;\"><span style=\"font-size: medium;\">3. Ser coherentes con el de plan de trabajo anual en seguridad y salud en el trabajo de acuerdo con las prioridades identificadas; <\/span><\/span><\/p>\n<p align=\"justify\"><span style=\"font-family: Arial, sans-serif;\"><span style=\"font-size: medium;\">4. Ser compatibles con el cumplimiento de la normatividad vigente aplicable en materia de riesgos laborales, incluidos los est\u00e1ndares m\u00ednimos del Sistema de Garant\u00eda de Calidad del Sistema General de Riesgos Laborales que le apliquen; <\/span><\/span><\/p>\n<p align=\"justify\"><span style=\"font-family: Arial, sans-serif;\"><span style=\"font-size: medium;\">5. Estar documentados y ser comunicados a todos los trabajadores; y <\/span><\/span><\/p>\n<p align=\"justify\"><span style=\"font-family: Arial, sans-serif;\"><span style=\"font-size: medium;\">6. Ser revisados y evaluados peri\u00f3dicamente, m\u00ednimo una (1) vez al a\u00f1o y actualizados de ser necesario. <\/span><\/span><\/p>\n<p align=\"justify\"><span style=\"font-family: 'Times New Roman', serif;\"><span style=\"font-size: medium;\"><span style=\"color: #000000;\"><span style=\"font-family: Arial, sans-serif;\"><b>Art\u00edculo 19. <\/b><\/span><\/span><span style=\"color: #000000;\"><span style=\"font-family: Arial, sans-serif;\"><i><b>Indicadores del Sistema de Gesti\u00f3n de la Seguridad y Salud en el Trabajo SG-SST.<\/b><\/i><\/span><\/span><i> <\/i><span style=\"color: #000000;\"><span style=\"font-family: Arial, sans-serif;\">El empleador debe definir los indicadores (cualitativos o cuantitativos seg\u00fan corresponda) mediante los cuales se eval\u00faen la estructura, el proceso y los resultados del Sistema de Gesti\u00f3n de la Seguridad y Salud en el Trabajo SG-SST y debe hacer el seguimiento a los mismos. Estos indicadores deben alinearse con el plan estrat\u00e9gico de la empresa y hacer parte del mismo. <\/span><\/span><\/span><\/span><\/p>\n<p align=\"justify\"><span style=\"font-family: Arial, sans-serif;\"><span style=\"font-size: medium;\">Cada indicador debe contar con una ficha t\u00e9cnica que contenga las siguientes variables: <\/span><\/span><\/p>\n<p align=\"justify\"><span style=\"font-family: Arial, sans-serif;\"><span style=\"font-size: medium;\">1. Definici\u00f3n del indicador; <\/span><\/span><\/p>\n<p align=\"justify\"><span style=\"font-family: Arial, sans-serif;\"><span style=\"font-size: medium;\">2. Interpretaci\u00f3n del indicador; <\/span><\/span><\/p>\n<p align=\"justify\"><span style=\"font-family: Arial, sans-serif;\"><span style=\"font-size: medium;\">3. L\u00edmite para el indicador o valor a partir del cual se considera que cumple o no con el resultado esperado; <\/span><\/span><\/p>\n<p align=\"justify\"><span style=\"font-family: Arial, sans-serif;\"><span style=\"font-size: medium;\">4. M\u00e9todo de c\u00e1lculo; <\/span><\/span><\/p>\n<p align=\"justify\"><span style=\"font-family: Arial, sans-serif;\"><span style=\"font-size: medium;\">5. Fuente de la informaci\u00f3n para el c\u00e1lculo; <\/span><\/span><\/p>\n<p align=\"justify\"><span style=\"font-family: Arial, sans-serif;\"><span style=\"font-size: medium;\">6. Periodicidad del reporte; y <\/span><\/span><\/p>\n<p align=\"justify\"><span style=\"font-family: Arial, sans-serif;\"><span style=\"font-size: medium;\">7. Personas que deben conocer el resultado. <\/span><\/span><\/p>\n<p align=\"justify\"><span style=\"font-family: 'Times New Roman', serif;\"><span style=\"font-size: medium;\"><span style=\"color: #000000;\"><span style=\"font-family: Arial, sans-serif;\"><b>Art\u00edculo 20. <\/b><\/span><\/span><span style=\"color: #000000;\"><span style=\"font-family: Arial, sans-serif;\"><i><b>Indicadores que eval\u00faan la estructura del Sistema de Gesti\u00f3n de la Seguridad y Salud en el Trabajo SG-SST.<\/b><\/i><\/span><\/span><i> <\/i><span style=\"color: #000000;\"><span style=\"font-family: Arial, sans-serif;\">Para la definici\u00f3n y construcci\u00f3n de los indicadores que eval\u00faan la estructura, el empleador debe considerar entre otros, los siguientes aspectos: <\/span><\/span><\/span><\/span><\/p>\n<p align=\"justify\"><span style=\"font-family: Arial, sans-serif;\"><span style=\"font-size: medium;\">1. La pol\u00edtica de seguridad y salud en el trabajo y que est\u00e9 comunicada; <\/span><\/span><\/p>\n<p align=\"justify\"><span style=\"font-family: Arial, sans-serif;\"><span style=\"font-size: medium;\">2. Los objetivos y metas de seguridad y salud en el trabajo; <\/span><\/span><\/p>\n<p align=\"justify\"><span style=\"font-family: Arial, sans-serif;\"><span style=\"font-size: medium;\">3. El plan de trabajo anual en seguridad y salud en el trabajo y su cronograma; <\/span><\/span><\/p>\n<p align=\"justify\"><span style=\"font-family: Arial, sans-serif;\"><span style=\"font-size: medium;\">4. La asignaci\u00f3n de responsabilidades de los distintos niveles de la empresa frente al desarrollo del Sistema de Gesti\u00f3n de la Seguridad y Salud en el Trabajo; <\/span><\/span><\/p>\n<p align=\"justify\"><span style=\"font-family: Arial, sans-serif;\"><span style=\"font-size: medium;\">5. La asignaci\u00f3n de recursos humanos, f\u00edsicos y financieros y de otra \u00edndole requeridos para la implementaci\u00f3n del Sistema de Gesti\u00f3n de la Seguridad y Salud en el Trabajo; <\/span><\/span><\/p>\n<p align=\"justify\"><span style=\"font-family: Arial, sans-serif;\"><span style=\"font-size: medium;\">6. La definici\u00f3n del m\u00e9todo para identificar los peligros, para evaluar y calificar los riesgos, en el que se incluye un instrumento para que los trabajadores reporten las condiciones de trabajo peligrosas; <\/span><\/span><\/p>\n<p align=\"justify\"><span style=\"font-family: Arial, sans-serif;\"><span style=\"font-size: medium;\">7. La conformaci\u00f3n y funcionamiento del Comit\u00e9 Paritario o Vig\u00eda de seguridad y salud en el trabajo; <\/span><\/span><\/p>\n<p align=\"justify\"><span style=\"font-family: Arial, sans-serif;\"><span style=\"font-size: medium;\">8. Los documentos que soportan el Sistema de Gesti\u00f3n de la Seguridad y Salud en el Trabajo SG-SST; <\/span><\/span><\/p>\n<p align=\"justify\"><span style=\"font-family: Arial, sans-serif;\"><span style=\"font-size: medium;\">9. La existencia de un procedimiento para efectuar el diagn\u00f3stico de las condiciones de salud de los trabajadores para la definici\u00f3n de las prioridades de control e intervenci\u00f3n; <\/span><\/span><\/p>\n<p align=\"justify\"><span style=\"font-family: Arial, sans-serif;\"><span style=\"font-size: medium;\">10. La existencia de un plan para prevenci\u00f3n y atenci\u00f3n de emergencias en la organizaci\u00f3n; y <\/span><\/span><\/p>\n<p align=\"justify\"><span style=\"font-family: Arial, sans-serif;\"><span style=\"font-size: medium;\">11. La definici\u00f3n de un plan de capacitaci\u00f3n en seguridad y salud en el trabajo. <\/span><\/span><\/p>\n<p align=\"justify\"><span style=\"font-family: 'Times New Roman', serif;\"><span style=\"font-size: medium;\"><span style=\"color: #000000;\"><span style=\"font-family: Arial, sans-serif;\"><b>Art\u00edculo 21. <\/b><\/span><\/span><span style=\"color: #000000;\"><span style=\"font-family: Arial, sans-serif;\"><i><b>Indicadores que eval\u00faan el proceso del Sistema de Gesti\u00f3n de la Seguridad y Salud en el Trabajo SG-SST.<\/b><\/i><\/span><\/span><i> <\/i><span style=\"color: #000000;\"><span style=\"font-family: Arial, sans-serif;\">Para la definici\u00f3n y construcci\u00f3n de los indicadores que eval\u00faan el proceso, el empleador debe considerar entre otros: <\/span><\/span><\/span><\/span><\/p>\n<p align=\"justify\"><span style=\"font-family: Arial, sans-serif;\"><span style=\"font-size: medium;\">1. Evaluaci\u00f3n inicial (l\u00ednea base); <\/span><\/span><\/p>\n<p align=\"justify\"><span style=\"font-family: Arial, sans-serif;\"><span style=\"font-size: medium;\">2. Ejecuci\u00f3n del plan de trabajo anual en seguridad y salud en el trabajo y su cronograma; <\/span><\/span><\/p>\n<p align=\"justify\"><span style=\"font-family: Arial, sans-serif;\"><span style=\"font-size: medium;\">3. Ejecuci\u00f3n del Plan de Capacitaci\u00f3n en Seguridad y Salud en el Trabajo; <\/span><\/span><\/p>\n<p align=\"justify\"><span style=\"font-family: Arial, sans-serif;\"><span style=\"font-size: medium;\">4. Intervenci\u00f3n de los peligros identificados y los riesgos priorizados; <\/span><\/span><\/p>\n<p align=\"justify\"><span style=\"font-family: Arial, sans-serif;\"><span style=\"font-size: medium;\">5. Evaluaci\u00f3n de las condiciones de salud y de trabajo de los trabajadores de la empresa realizada en el \u00faltimo a\u00f1o; <\/span><\/span><\/p>\n<p align=\"justify\"><span style=\"font-family: Arial, sans-serif;\"><span style=\"font-size: medium;\">6. Ejecuci\u00f3n de las diferentes acciones preventivas, correctivas y de mejora, incluidas las acciones generadas en las investigaciones de los incidentes, accidentes y enfermedades laborales, as\u00ed como de las acciones generadas en las inspecciones de seguridad; <\/span><\/span><\/p>\n<p align=\"justify\"><span style=\"font-family: Arial, sans-serif;\"><span style=\"font-size: medium;\">7. Ejecuci\u00f3n del cronograma de las mediciones ambientales ocupacionales y sus resultados, si aplica; <\/span><\/span><\/p>\n<p align=\"justify\"><span style=\"font-family: Arial, sans-serif;\"><span style=\"font-size: medium;\">8. Desarrollo de los programas de vigilancia epidemiol\u00f3gica de acuerdo con el an\u00e1lisis de las condiciones de salud y de trabajo y a los riesgos priorizados; <\/span><\/span><\/p>\n<p align=\"justify\"><span style=\"font-family: Arial, sans-serif;\"><span style=\"font-size: medium;\">9. Cumplimiento de los procesos de reporte e investigaci\u00f3n de los incidentes, accidentes de trabajo y enfermedades laborales; <\/span><\/span><\/p>\n<p align=\"justify\"><span style=\"font-family: Arial, sans-serif;\"><span style=\"font-size: medium;\">10. Registro estad\u00edstico de enfermedades laborales, incidentes, accidentes de trabajo y ausentismo laboral por enfermedad; <\/span><\/span><\/p>\n<p align=\"justify\"><span style=\"font-family: Arial, sans-serif;\"><span style=\"font-size: medium;\">11. Ejecuci\u00f3n del plan para la prevenci\u00f3n y atenci\u00f3n de emergencias; y <\/span><\/span><\/p>\n<p align=\"justify\"><span style=\"font-family: Arial, sans-serif;\"><span style=\"font-size: medium;\">12. La estrategia de conservaci\u00f3n de los documentos. <\/span><\/span><\/p>\n<p align=\"justify\"><span style=\"font-family: 'Times New Roman', serif;\"><span style=\"font-size: medium;\"><span style=\"color: #000000;\"><span style=\"font-family: Arial, sans-serif;\"><b>Art\u00edculo 22. <\/b><\/span><\/span><span style=\"color: #000000;\"><span style=\"font-family: Arial, sans-serif;\"><i><b>Indicadores que eval\u00faan el resultado del Sistema de Gesti\u00f3n de la Seguridad y Salud en el Trabajo <\/b><\/i><\/span><\/span><span style=\"color: #000000;\"><span style=\"font-family: Arial, sans-serif;\"><b>SG-SST.<\/b><\/span><\/span><span style=\"color: #000000;\"><span style=\"font-family: Arial, sans-serif;\"> Para la definici\u00f3n y construcci\u00f3n de los indicadores que eval\u00faan el resultado, el empleador debe considerar entre otros: <\/span><\/span><\/span><\/span><\/p>\n<p align=\"justify\"><span style=\"font-family: Arial, sans-serif;\"><span style=\"font-size: medium;\">1. Cumplimiento de los requisitos normativos aplicables; <\/span><\/span><\/p>\n<p align=\"justify\"><span style=\"font-family: Arial, sans-serif;\"><span style=\"font-size: medium;\">2. Cumplimiento de los objetivos en seguridad y salud en el trabajo &#8211; SST; <\/span><\/span><\/p>\n<p class=\"western\"><span style=\"font-family: Arial, sans-serif;\"><span style=\"font-size: medium;\">3. El cumplimiento del plan de trabajo anual en seguridad y salud en el trabajo y su cronograma;<\/span><\/span><\/p>\n<p align=\"justify\"><span style=\"font-family: Arial, sans-serif;\"><span style=\"font-size: medium;\">4. Evaluaci\u00f3n de las no conformidades detectadas en el seguimiento al plan de trabajo anual en seguridad y salud en el trabajo; <\/span><\/span><\/p>\n<p align=\"justify\"><span style=\"font-family: Arial, sans-serif;\"><span style=\"font-size: medium;\">5. La evaluaci\u00f3n de las acciones preventivas, correctivas y de mejora, incluidas las acciones generadas en las investigaciones de los incidentes, accidentes de trabajo y enfermedades laborales, as\u00ed como de las acciones generadas en las inspecciones de seguridad; <\/span><\/span><\/p>\n<p align=\"justify\"><span style=\"font-family: Arial, sans-serif;\"><span style=\"font-size: medium;\">6. El cumplimiento de los programas de vigilancia epidemiol\u00f3gica de la salud de los trabajadores, acorde con las caracter\u00edsticas, peligros y riesgos de la empresa; <\/span><\/span><\/p>\n<p align=\"justify\"><span style=\"font-family: Arial, sans-serif;\"><span style=\"font-size: medium;\">7. La evaluaci\u00f3n de los resultados de los programas de rehabilitaci\u00f3n de la salud de los trabajadores; <\/span><\/span><\/p>\n<p align=\"justify\"><span style=\"font-family: Arial, sans-serif;\"><span style=\"font-size: medium;\">8. An\u00e1lisis de los registros de enfermedades laborales, incidentes, accidentes de trabajo y ausentismo laboral por enfermedad; <\/span><\/span><\/p>\n<p align=\"justify\"><span style=\"font-family: Arial, sans-serif;\"><span style=\"font-size: medium;\">9. An\u00e1lisis de los resultados en la implementaci\u00f3n de las medidas de control en los peligros identificados y los riesgos priorizados; y <\/span><\/span><\/p>\n<p align=\"justify\"><span style=\"font-family: Arial, sans-serif;\"><span style=\"font-size: medium;\">10. Evaluaci\u00f3n del cumplimiento del cronograma de las mediciones ambientales ocupacionales y sus resultados si aplica. <\/span><\/span><\/p>\n<p align=\"center\"><span style=\"font-family: Arial, sans-serif;\"><span style=\"font-size: medium;\"><b>CAP\u00cdTULO V <\/b><\/span><\/span><\/p>\n<p align=\"center\"><span style=\"font-family: Arial, sans-serif;\"><span style=\"font-size: medium;\"><b>Aplicaci\u00f3n <\/b><\/span><\/span><\/p>\n<p align=\"justify\"><span style=\"font-family: 'Times New Roman', serif;\"><span style=\"font-size: medium;\"><span style=\"color: #000000;\"><span style=\"font-family: Arial, sans-serif;\"><b>Art\u00edculo 23. <\/b><\/span><\/span><span style=\"color: #000000;\"><span style=\"font-family: Arial, sans-serif;\"><i><b>Gesti\u00f3n de los peligros y riesgos:<\/b><\/i><\/span><\/span><i> <\/i><span style=\"color: #000000;\"><span style=\"font-family: Arial, sans-serif;\">El empleador o contratante debe adoptar m\u00e9todos para la identificaci\u00f3n, prevenci\u00f3n, evaluaci\u00f3n, valoraci\u00f3n y control de los peligros y riesgos en la empresa. <\/span><\/span><\/span><\/span><\/p>\n<p align=\"justify\"><span style=\"font-family: 'Times New Roman', serif;\"><span style=\"font-size: medium;\"><span style=\"color: #000000;\"><span style=\"font-family: Arial, sans-serif;\"><b>Art\u00edculo 24. <\/b><\/span><\/span><span style=\"color: #000000;\"><span style=\"font-family: Arial, sans-serif;\"><i><b>Medidas de prevenci\u00f3n y control.<\/b><\/i><\/span><\/span><i> <\/i><span style=\"color: #000000;\"><span style=\"font-family: Arial, sans-serif;\">Las medidas de prevenci\u00f3n y control deben adoptarse con base en el an\u00e1lisis de pertinencia, teniendo en cuenta el siguiente esquema de jerarquizaci\u00f3n: <\/span><\/span><\/span><\/span><\/p>\n<p align=\"justify\"><span style=\"font-family: Arial, sans-serif;\"><span style=\"font-size: medium;\">1. Eliminaci\u00f3n del peligro\/riesgo: Medida que se toma para suprimir (hacer desaparecer) el peligro\/riesgo; <\/span><\/span><\/p>\n<p align=\"justify\"><span style=\"font-family: Arial, sans-serif;\"><span style=\"font-size: medium;\">2. Sustituci\u00f3n: Medida que se toma a fin de remplazar un peligro por otro que no genere riesgo o que genere menos riesgo; <\/span><\/span><\/p>\n<p align=\"justify\"><span style=\"font-family: Arial, sans-serif;\"><span style=\"font-size: medium;\">3. Controles de Ingenier\u00eda: Medidas t\u00e9cnicas para el control del peligro\/riesgo en su origen (fuente) o en el medio, tales como el confinamiento (encerramiento) de un peligro o un proceso de trabajo, aislamiento de un proceso peligroso o del trabajador y la ventilaci\u00f3n (general y localizada), entre otros; <\/span><\/span><\/p>\n<p align=\"justify\"><span style=\"font-family: Arial, sans-serif;\"><span style=\"font-size: medium;\">4. Controles Administrativos: Medidas que tienen como fin reducir el tiempo de exposici\u00f3n al peligro, tales como la rotaci\u00f3n de personal, cambios en la duraci\u00f3n o tipo de la jornada de trabajo. Incluyen tambi\u00e9n la se\u00f1alizaci\u00f3n, advertencia, demarcaci\u00f3n de zonas de riesgo, implementaci\u00f3n de sistemas de alarma, dise\u00f1o e implementaci\u00f3n de procedimientos y trabajos seguros, controles de acceso a \u00e1reas de riesgo, permisos de trabajo, entre otros; y, <\/span><\/span><\/p>\n<p align=\"justify\"><span style=\"font-family: Arial, sans-serif;\"><span style=\"font-size: medium;\">5. Equipos y Elementos de Protecci\u00f3n Personal y Colectivo: Medidas basadas en el uso de dispositivos, accesorios y vestimentas por parte de los trabajadores, con el fin de protegerlos contra posibles da\u00f1os a su salud o su integridad f\u00edsica derivados de la exposici\u00f3n a los peligros en el lugar de trabajo. El empleador deber\u00e1 suministrar elementos y equipos de protecci\u00f3n personal (EPP) que cumplan con las disposiciones legales vigentes. Los EPP deben usarse de manera complementaria a las anteriores medidas de control y nunca de manera aislada, y de acuerdo con la identificaci\u00f3n de peligros y evaluaci\u00f3n y valoraci\u00f3n de los riesgos. <\/span><\/span><\/p>\n<p align=\"justify\"><span style=\"font-family: 'Times New Roman', serif;\"><span style=\"font-size: medium;\"><span style=\"color: #000000;\"><span style=\"font-family: Arial, sans-serif;\"><b>Par\u00e1grafo 1\u00b0.<\/b><\/span><\/span><span style=\"color: #000000;\"><span style=\"font-family: Arial, sans-serif;\"> El empleador debe suministrar los equipos y elementos de protecci\u00f3n personal (EPP) sin ning\u00fan costo para el trabajador e igualmente, debe desarrollar las acciones necesarias para que sean utilizados por los trabajadores, para que estos conozcan el deber y la forma correcta de utilizarlos y para que el mantenimiento o reemplazo de los mismos se haga de forma tal, que se asegure su buen funcionamiento y recambio seg\u00fan vida \u00fatil para la protecci\u00f3n de los trabajadores. <\/span><\/span><\/span><\/span><\/p>\n<p align=\"justify\"><span style=\"font-family: 'Times New Roman', serif;\"><span style=\"font-size: medium;\"><span style=\"color: #000000;\"><span style=\"font-family: Arial, sans-serif;\"><b>Par\u00e1grafo 2\u00b0.<\/b><\/span><\/span><span style=\"color: #000000;\"><span style=\"font-family: Arial, sans-serif;\"> El empleador o contratante debe realizar el mantenimiento de las instalaciones, equipos y herramientas de acuerdo con los informes de inspecciones y con sujeci\u00f3n a los manuales de uso. <\/span><\/span><\/span><\/span><\/p>\n<p align=\"justify\"><span style=\"font-family: 'Times New Roman', serif;\"><span style=\"font-size: medium;\"><span style=\"color: #000000;\"><span style=\"font-family: Arial, sans-serif;\"><b>Par\u00e1grafo 3\u00b0.<\/b><\/span><\/span><span style=\"color: #000000;\"><span style=\"font-family: Arial, sans-serif;\"> El empleador debe desarrollar acciones de vigilancia de la salud de los trabajadores mediante las evaluaciones m\u00e9dicas de ingreso, peri\u00f3dicas, retiro y los programas de vigilancia epidemiol\u00f3gica, con el prop\u00f3sito de identificar precozmente efectos hacia la salud derivados de los ambientes de trabajo y evaluar la eficacia de las medidas de prevenci\u00f3n y control; <\/span><\/span><\/span><\/span><\/p>\n<p align=\"justify\"><span style=\"font-family: 'Times New Roman', serif;\"><span style=\"font-size: medium;\"><span style=\"color: #000000;\"><span style=\"font-family: Arial, sans-serif;\"><b>Par\u00e1grafo 4\u00b0.<\/b><\/span><\/span><span style=\"color: #000000;\"><span style=\"font-family: Arial, sans-serif;\"> El empleador o contratante debe corregir las condiciones inseguras que se presenten en el lugar de trabajo, de acuerdo con las condiciones espec\u00edficas y riesgos asociados a la tarea. <\/span><\/span><\/span><\/span><\/p>\n<p align=\"justify\"><span style=\"font-family: 'Times New Roman', serif;\"><span style=\"font-size: medium;\"><span style=\"color: #000000;\"><span style=\"font-family: Arial, sans-serif;\"><b>Art\u00edculo\u00a0<a id=\"sp25\" name=\"25\"><\/a>\u00a025. <\/b><\/span><\/span><span style=\"color: #000000;\"><span style=\"font-family: Arial, sans-serif;\"><i><b>Prevenci\u00f3n, preparaci\u00f3n y respuesta ante emergencias.<\/b><\/i><\/span><\/span><i> <\/i><span style=\"color: #000000;\"><span style=\"font-family: Arial, sans-serif;\">El empleador o contratante debe implementar y mantener las disposiciones necesarias en materia de prevenci\u00f3n, preparaci\u00f3n y respuesta ante emergencias, con cobertura a todos los centros y turnos de trabajo y todos los trabajadores, independiente de su forma de contrataci\u00f3n o vinculaci\u00f3n, incluidos contratistas y subcontratistas, as\u00ed como proveedores y visitantes. <\/span><\/span><\/span><\/span><\/p>\n<p align=\"justify\"><span style=\"font-family: Arial, sans-serif;\"><span style=\"font-size: medium;\">Para ello debe implementar un plan de prevenci\u00f3n, preparaci\u00f3n y respuesta ante emergencias que considere como m\u00ednimo, los siguientes aspectos: <\/span><\/span><\/p>\n<p align=\"justify\"><span style=\"font-family: Arial, sans-serif;\"><span style=\"font-size: medium;\">1. Identificar sistem\u00e1ticamente todas las amenazas que puedan afectar a la empresa; <\/span><\/span><\/p>\n<p align=\"justify\"><span style=\"font-family: Arial, sans-serif;\"><span style=\"font-size: medium;\">2. Identificar los recursos disponibles, incluyendo las medidas de prevenci\u00f3n y control existentes al interior de la empresa para prevenci\u00f3n, preparaci\u00f3n y respuesta ante emergencias, as\u00ed como las capacidades existentes en las redes institucionales y de ayuda mutua; <\/span><\/span><\/p>\n<p align=\"justify\"><span style=\"font-family: Arial, sans-serif;\"><span style=\"font-size: medium;\">3. Analizar la vulnerabilidad de la empresa frente a las amenazas identificadas, considerando las medidas de prevenci\u00f3n y control existentes; <\/span><\/span><\/p>\n<p class=\"western\" align=\"justify\"><span style=\"font-family: Arial, sans-serif;\"><span style=\"font-size: medium;\">4. Valorar y evaluar los riesgos considerando el n\u00famero de trabajadores expuestos, los bienes y servicios de la empresa;<\/span><\/span><\/p>\n<p align=\"justify\"><span style=\"font-family: Arial, sans-serif;\"><span style=\"font-size: medium;\">5. Dise\u00f1ar e implementar los procedimientos para prevenir y controlar las amenazas priorizadas o minimizar el impacto de las no prioritarias; <\/span><\/span><\/p>\n<p align=\"justify\"><span style=\"font-family: Arial, sans-serif;\"><span style=\"font-size: medium;\">6. Formular el plan de emergencia para responder ante la inminencia u ocurrencia de eventos potencialmente desastrosos; <\/span><\/span><\/p>\n<p align=\"justify\"><span style=\"font-family: Arial, sans-serif;\"><span style=\"font-size: medium;\">7. Asignar los recursos necesarios para dise\u00f1ar e implementar los programas, procedimientos o acciones necesarias, para prevenir y controlar las amenazas prioritarias o minimizar el impacto de las no prioritarias; <\/span><\/span><\/p>\n<p align=\"justify\"><span style=\"font-family: Arial, sans-serif;\"><span style=\"font-size: medium;\">8. Implementar las acciones factibles, para reducir la vulnerabilidad de la empresa frente a estas amenazas que incluye entre otros, la definici\u00f3n de planos de instalaciones y rutas de evacuaci\u00f3n; <\/span><\/span><\/p>\n<p align=\"justify\"><span style=\"font-family: Arial, sans-serif;\"><span style=\"font-size: medium;\">9. Informar, capacitar y entrenar incluyendo a todos los trabajadores, para que est\u00e9n en capacidad de actuar y proteger su salud e integridad, ante una emergencia real o potencial; <\/span><\/span><\/p>\n<p align=\"justify\"><span style=\"font-family: Arial, sans-serif;\"><span style=\"font-size: medium;\">10. Realizar simulacros como m\u00ednimo una (1) vez al a\u00f1o con la participaci\u00f3n de todos los trabajadores; <\/span><\/span><\/p>\n<p align=\"justify\"><span style=\"font-family: Arial, sans-serif;\"><span style=\"font-size: medium;\">11. Conformar, capacitar, entrenar y dotar la brigada de emergencias, acorde con su nivel de riesgo y los recursos disponibles, que incluya la atenci\u00f3n de primeros auxilios; <\/span><\/span><\/p>\n<p align=\"justify\"><span style=\"font-family: Arial, sans-serif;\"><span style=\"font-size: medium;\">12. Inspeccionar con la periodicidad que sea definida en el SG-SST, todos los equipos relacionados con la prevenci\u00f3n y atenci\u00f3n de emergencias incluyendo sistemas de alerta, se\u00f1alizaci\u00f3n y alarma, con el fin de garantizar su disponibilidad y buen funcionamiento; y <\/span><\/span><\/p>\n<p align=\"justify\"><span style=\"font-family: Arial, sans-serif;\"><span style=\"font-size: medium;\">13. Desarrollar programas o planes de ayuda mutua ante amenazas de inter\u00e9s com\u00fan, identificando los recursos para la prevenci\u00f3n, preparaci\u00f3n y respuesta ante emergencias en el entorno de la empresa y articul\u00e1ndose con los planes que para el mismo prop\u00f3sito puedan existir en la zona donde se ubica la empresa. <\/span><\/span><\/p>\n<p align=\"justify\"><span style=\"font-family: 'Times New Roman', serif;\"><span style=\"font-size: medium;\"><span style=\"color: #000000;\"><span style=\"font-family: Arial, sans-serif;\"><b>Par\u00e1grafo 1\u00b0.<\/b><\/span><\/span><span style=\"color: #000000;\"><span style=\"font-family: Arial, sans-serif;\"> De acuerdo con la magnitud de las amenazas y la evaluaci\u00f3n de la vulnerabilidad tanto interna como en el entorno y la actividad econ\u00f3mica de la empresa, el empleador o contratante puede articularse con las instituciones locales o regionales pertenecientes al Sistema Nacional de Gesti\u00f3n de Riesgos de Desastres en el marco de la Ley 1523 de 2012. <\/span><\/span><\/span><\/span><\/p>\n<p align=\"justify\"><span style=\"font-family: 'Times New Roman', serif;\"><span style=\"font-size: medium;\"><span style=\"color: #000000;\"><span style=\"font-family: Arial, sans-serif;\"><b>Par\u00e1grafo 2\u00b0.<\/b><\/span><\/span><span style=\"color: #000000;\"><span style=\"font-family: Arial, sans-serif;\"> El dise\u00f1o del plan de prevenci\u00f3n, preparaci\u00f3n y respuesta ante emergencias debe permitir su integraci\u00f3n con otras iniciativas, como los planes de continuidad de negocio, cuando as\u00ed proceda. <\/span><\/span><\/span><\/span><\/p>\n<p align=\"justify\"><span style=\"font-family: 'Times New Roman', serif;\"><span style=\"font-size: medium;\"><span style=\"color: #000000;\"><span style=\"font-family: Arial, sans-serif;\"><b>Art\u00edculo 26. <\/b><\/span><\/span><span style=\"color: #000000;\"><span style=\"font-family: Arial, sans-serif;\"><i><b>Gesti\u00f3n del cambio.<\/b><\/i><\/span><\/span><i> <\/i><span style=\"color: #000000;\"><span style=\"font-family: Arial, sans-serif;\">El empleador o contratante debe implementar y mantener un procedimiento para evaluar el impacto sobre la seguridad y salud en el trabajo que puedan generar los cambios internos (introducci\u00f3n de nuevos procesos, cambio en los m\u00e9todos de trabajo, cambios en instalaciones, entre otros) o los cambios externos (cambios en la legislaci\u00f3n, evoluci\u00f3n del conocimiento en seguridad y salud en el trabajo, entre otros). <\/span><\/span><\/span><\/span><\/p>\n<p align=\"justify\"><span style=\"font-family: 'Times New Roman', serif;\"><span style=\"font-size: medium;\"><span style=\"color: #000000;\"><span style=\"font-family: Arial, sans-serif;\">Para ello debe realizar la identificaci\u00f3n de peligros y la evaluaci\u00f3n de riesgos que puedan derivarse de estos cambios y debe adoptar las medidas de prevenci\u00f3n y control antes de su implementaci\u00f3n, con el apoyo del Comit\u00e9 Paritario o Vig\u00eda de Seguridad y Salud en el Trabajo. De la misma manera, debe actualizar el plan de trabajo anual en seguridad y salud en el trabajo. <\/span><\/span><\/span><\/span><\/p>\n<p align=\"justify\"><span style=\"font-family: 'Times New Roman', serif;\"><span style=\"font-size: medium;\"><span style=\"color: #000000;\"><span style=\"font-family: Arial, sans-serif;\"><b>Par\u00e1grafo.<\/b><\/span><\/span><span style=\"color: #000000;\"><span style=\"font-family: Arial, sans-serif;\"> Antes de introducir los cambios internos de que trata el presente art\u00edculo, el empleador debe informar y capacitar a los trabajadores relacionados con estas modificaciones. <\/span><\/span><\/span><\/span><\/p>\n<p align=\"justify\"><span style=\"font-family: 'Times New Roman', serif;\"><span style=\"font-size: medium;\"><span style=\"color: #000000;\"><span style=\"font-family: Arial, sans-serif;\"><b>Art\u00edculo 27. <\/b><\/span><\/span><span style=\"color: #000000;\"><span style=\"font-family: Arial, sans-serif;\"><i><b>Adquisiciones.<\/b><\/i><\/span><\/span><i> <\/i><span style=\"color: #000000;\"><span style=\"font-family: Arial, sans-serif;\">El empleador debe establecer y mantener un procedimiento con el fin de garantizar que se identifiquen y eval\u00faen en las especificaciones relativas a las compras o adquisiciones de productos y servicios, las disposiciones relacionadas con el cumplimiento del Sistema de Gesti\u00f3n de la Seguridad y Salud en el Trabajo SG-SST por parte de la empresa. <\/span><\/span><\/span><\/span><\/p>\n<p align=\"justify\"><span style=\"font-family: 'Times New Roman', serif;\"><span style=\"font-size: medium;\"><span style=\"color: #000000;\"><span style=\"font-family: Arial, sans-serif;\"><b>Art\u00edculo 28. <\/b><\/span><\/span><span style=\"color: #000000;\"><span style=\"font-family: Arial, sans-serif;\"><i><b>Contrataci\u00f3n.<\/b><\/i><\/span><\/span><i> <\/i><span style=\"color: #000000;\"><span style=\"font-family: Arial, sans-serif;\">El empleador debe adoptar y mantener las disposiciones que garanticen el cumplimiento de las normas de seguridad y salud en el trabajo de su empresa, por parte de los proveedores, trabajadores dependientes, trabajadores cooperados, trabajadores en misi\u00f3n, contratistas y sus trabajadores o subcontratistas, durante el desempe\u00f1o de las actividades objeto del contrato. <\/span><\/span><\/span><\/span><\/p>\n<p align=\"justify\"><span style=\"font-family: Arial, sans-serif;\"><span style=\"font-size: medium;\">Para este prop\u00f3sito, el empleador debe considerar como m\u00ednimo, los siguientes aspectos en materia de seguridad y salud el trabajo: <\/span><\/span><\/p>\n<p align=\"justify\"><span style=\"font-family: Arial, sans-serif;\"><span style=\"font-size: medium;\">1. Incluir los aspectos de seguridad y salud en el trabajo en la evaluaci\u00f3n y selecci\u00f3n de proveedores y contratistas; <\/span><\/span><\/p>\n<p align=\"justify\"><span style=\"font-family: Arial, sans-serif;\"><span style=\"font-size: medium;\">2. Procurar canales de comunicaci\u00f3n para la gesti\u00f3n de seguridad y salud en el trabajo con los proveedores, trabajadores cooperados, trabajadores en misi\u00f3n, contratistas y sus trabajadores o subcontratistas; <\/span><\/span><\/p>\n<p align=\"justify\"><span style=\"font-family: Arial, sans-serif;\"><span style=\"font-size: medium;\">3. Verificar antes del inicio del trabajo y peri\u00f3dicamente, el cumplimiento de la obligaci\u00f3n de afiliaci\u00f3n al Sistema General de Riesgos Laborales, considerando la rotaci\u00f3n del personal por parte de los proveedores contratistas y subcontratistas, de conformidad con la normatividad vigente; <\/span><\/span><\/p>\n<p align=\"justify\"><span style=\"font-family: Arial, sans-serif;\"><span style=\"font-size: medium;\">4. Informar a los proveedores y contratistas al igual que a los trabajadores de este \u00faltimo, previo al inicio del contrato, los peligros y riesgos generales y espec\u00edficos de su zona de trabajo incluidas las actividades o tareas de alto riesgo, rutinarias y no rutinarias, as\u00ed como la forma de controlarlos y las medidas de prevenci\u00f3n y atenci\u00f3n de emergencias. En este prop\u00f3sito, se debe revisar peri\u00f3dicamente durante cada a\u00f1o, la rotaci\u00f3n de personal y asegurar que dentro del alcance de este numeral, el nuevo personal reciba la misma informaci\u00f3n; <\/span><\/span><\/p>\n<p align=\"justify\"><span style=\"font-family: Arial, sans-serif;\"><span style=\"font-size: medium;\">5. Instruir a los proveedores, trabajadores cooperados, trabajadores en misi\u00f3n, contratistas y sus trabajadores o subcontratistas, sobre el deber de informarle, acerca de los presuntos accidentes de trabajo y enfermedades laborales ocurridos durante el periodo de vigencia del contrato para que el empleador o contratante ejerza las acciones de prevenci\u00f3n y control que est\u00e9n bajo su responsabilidad; y <\/span><\/span><\/p>\n<p align=\"justify\"><span style=\"font-family: Arial, sans-serif;\"><span style=\"font-size: medium;\">6. Verificar peri\u00f3dicamente y durante el desarrollo de las actividades objeto del contrato en la empresa, el cumplimiento de la normatividad en seguridad y salud el trabajo por parte de los trabajadores cooperados, trabajadores en misi\u00f3n, proveedores, contratistas y sus trabajadores o subcontratistas. <\/span><\/span><\/p>\n<p align=\"justify\"><span style=\"font-family: 'Times New Roman', serif;\"><span style=\"font-size: medium;\"><span style=\"color: #000000;\"><span style=\"font-family: Arial, sans-serif;\"><b>Par\u00e1grafo.<\/b><\/span><\/span><span style=\"color: #000000;\"><span style=\"font-family: Arial, sans-serif;\"> Para los efectos del Sistema de Gesti\u00f3n de la Seguridad y Salud en el Trabajo SG-SST, los proveedores y contratistas deben cumplir frente a sus trabajadores o subcontratistas, con las responsabilidades del presente decreto. <\/span><\/span><\/span><\/span><\/p>\n<p align=\"center\"><span style=\"font-family: Arial, sans-serif;\"><span style=\"font-size: medium;\"><b>CAP\u00cdTULO VI <\/b><\/span><\/span><\/p>\n<p align=\"center\"><span style=\"font-family: Arial, sans-serif;\"><span style=\"font-size: medium;\"><b>Auditor\u00eda y Revisi\u00f3n de la Alta Direcci\u00f3n <\/b><\/span><\/span><\/p>\n<p align=\"justify\"><span style=\"font-family: 'Times New Roman', serif;\"><span style=\"font-size: medium;\"><span style=\"color: #000000;\"><span style=\"font-family: Arial, sans-serif;\"><b>Art\u00edculo 29. <\/b><\/span><\/span><span style=\"color: #000000;\"><span style=\"font-family: Arial, sans-serif;\"><i><b>Auditor\u00eda de cumplimiento del Sistema de Gesti\u00f3n de la Seguridad y Salud en el Trabajo. SG-SST.<\/b><\/i><\/span><\/span><i> <\/i><span style=\"color: #000000;\"><span style=\"font-family: Arial, sans-serif;\">El empleador debe realizar una auditor\u00eda anual, la cual ser\u00e1 planificada con la participaci\u00f3n del Comit\u00e9 Paritario o Vig\u00eda de Seguridad y Salud en el Trabajo. Si la auditor\u00eda se realiza con personal interno de la entidad, debe ser independiente a la actividad, \u00e1rea o proceso objeto de verificaci\u00f3n. <\/span><\/span><\/span><\/span><\/p>\n<p align=\"justify\"><span style=\"font-family: 'Times New Roman', serif;\"><span style=\"font-size: medium;\"><span style=\"color: #000000;\"><span style=\"font-family: Arial, sans-serif;\"><b>Par\u00e1grafo.<\/b><\/span><\/span><span style=\"color: #000000;\"><span style=\"font-family: Arial, sans-serif;\"> El programa de auditor\u00eda debe comprender entre otros, la definici\u00f3n de la idoneidad de la persona que sea auditora, el alcance de la auditor\u00eda, la periodicidad, la metodolog\u00eda y la presentaci\u00f3n de informes, y debe tomarse en consideraci\u00f3n resultados de auditor\u00edas previas. La selecci\u00f3n del personal auditor no implicar\u00e1 necesariamente aumento en la planta de cargos existente. Los auditores no deben auditar su propio trabajo. <\/span><\/span><\/span><\/span><\/p>\n<p align=\"justify\"><span style=\"font-family: Arial, sans-serif;\"><span style=\"font-size: medium;\">Los resultados de la auditor\u00eda deben ser comunicados a los responsables de adelantar las medidas preventivas, correctivas o de mejora en la empresa. <\/span><\/span><\/p>\n<p align=\"justify\"><span style=\"font-family: 'Times New Roman', serif;\"><span style=\"font-size: medium;\"><span style=\"color: #000000;\"><span style=\"font-family: Arial, sans-serif;\"><b>Art\u00edculo 30. <\/b><\/span><\/span><span style=\"color: #000000;\"><span style=\"font-family: Arial, sans-serif;\"><i><b>Alcance de la auditor\u00eda de cumplimiento del Sistema de Gesti\u00f3n de la Seguridad y Salud en el Trabajo (SG-SST).<\/b><\/i><\/span><\/span><i> <\/i><span style=\"color: #000000;\"><span style=\"font-family: Arial, sans-serif;\">El proceso de auditor\u00eda de que trata el presente cap\u00edtulo, deber\u00e1 abarcar entre otros lo siguiente: <\/span><\/span><\/span><\/span><\/p>\n<p align=\"justify\"><span style=\"font-family: Arial, sans-serif;\"><span style=\"font-size: medium;\">1. El cumplimiento de la pol\u00edtica de seguridad y salud en el trabajo; <\/span><\/span><\/p>\n<p align=\"justify\"><span style=\"font-family: Arial, sans-serif;\"><span style=\"font-size: medium;\">2. El resultado de los indicadores de estructura, proceso y resultado; <\/span><\/span><\/p>\n<p align=\"justify\"><span style=\"font-family: Arial, sans-serif;\"><span style=\"font-size: medium;\">3. La participaci\u00f3n de los trabajadores; <\/span><\/span><\/p>\n<p align=\"justify\"><span style=\"font-family: Arial, sans-serif;\"><span style=\"font-size: medium;\">4. El desarrollo de la responsabilidad y la obligaci\u00f3n de rendir cuentas; <\/span><\/span><\/p>\n<p align=\"justify\"><span style=\"font-family: Arial, sans-serif;\"><span style=\"font-size: medium;\">5. El mecanismo de comunicaci\u00f3n de los contenidos del Sistema de Gesti\u00f3n de la Seguridad y Salud en el Trabajo (SG-SST), a los trabajadores; <\/span><\/span><\/p>\n<p align=\"justify\"><span style=\"font-family: Arial, sans-serif;\"><span style=\"font-size: medium;\">6. La planificaci\u00f3n, desarrollo y aplicaci\u00f3n del Sistema de Gesti\u00f3n de la Seguridad y Salud en el Trabajo (SG-SST); <\/span><\/span><\/p>\n<p align=\"justify\"><span style=\"font-family: Arial, sans-serif;\"><span style=\"font-size: medium;\">7. La gesti\u00f3n del cambio; <\/span><\/span><\/p>\n<p align=\"justify\"><span style=\"font-family: Arial, sans-serif;\"><span style=\"font-size: medium;\">8. La consideraci\u00f3n de la seguridad y salud en el trabajo en las nuevas adquisiciones; <\/span><\/span><\/p>\n<p align=\"justify\"><span style=\"font-family: Arial, sans-serif;\"><span style=\"font-size: medium;\">9. El alcance y aplicaci\u00f3n del Sistema de Gesti\u00f3n de la Seguridad y Salud en el Trabajo (SG-SST) frente a los proveedores y contratistas; <\/span><\/span><\/p>\n<p align=\"justify\"><span style=\"font-family: Arial, sans-serif;\"><span style=\"font-size: medium;\">10. La supervisi\u00f3n y medici\u00f3n de los resultados; <\/span><\/span><\/p>\n<p align=\"justify\"><span style=\"font-family: Arial, sans-serif;\"><span style=\"font-size: medium;\">11. El proceso de investigaci\u00f3n de incidentes, accidentes de trabajo y enfermedades laborales, y su efecto sobre el mejoramiento de la seguridad y salud en el trabajo en la empresa; <\/span><\/span><\/p>\n<p align=\"justify\"><span style=\"font-family: Arial, sans-serif;\"><span style=\"font-size: medium;\">12. El desarrollo del proceso de auditor\u00eda; y <\/span><\/span><\/p>\n<p align=\"justify\"><span style=\"font-family: Arial, sans-serif;\"><span style=\"font-size: medium;\">13. La evaluaci\u00f3n por parte de la alta direcci\u00f3n. <\/span><\/span><\/p>\n<p align=\"justify\"><span style=\"font-family: 'Times New Roman', serif;\"><span style=\"font-size: medium;\"><span style=\"color: #000000;\"><span style=\"font-family: Arial, sans-serif;\"><b>Art\u00edculo 31. <\/b><\/span><\/span><span style=\"color: #000000;\"><span style=\"font-family: Arial, sans-serif;\"><i><b>Revisi\u00f3n por la alta direcci\u00f3n.<\/b><\/i><\/span><\/span><i> <\/i><span style=\"color: #000000;\"><span style=\"font-family: Arial, sans-serif;\">La alta direcci\u00f3n, independiente del tama\u00f1o de la empresa, debe adelantar una revisi\u00f3n del Sistema de Gesti\u00f3n de la Seguridad y Salud en el Trabajo (SG-SST), la cual debe realizarse por lo menos una (1) vez al a\u00f1o, de conformidad con las modificaciones en los procesos, resultados de las auditor\u00edas y dem\u00e1s informes que permitan recopilar informaci\u00f3n sobre su funcionamiento. <\/span><\/span><\/span><\/span><\/p>\n<p align=\"justify\"><span style=\"font-family: Arial, sans-serif;\"><span style=\"font-size: medium;\">Dicha revisi\u00f3n debe determinar en qu\u00e9 medida se cumple con la pol\u00edtica y los objetivos de seguridad y salud en el trabajo y se controlan los riesgos. La revisi\u00f3n no debe hacerse \u00fanicamente de manera reactiva sobre los resultados (estad\u00edsticas sobre accidentes y enfermedades, entre otros), sino de manera proactiva y evaluar la estructura y el proceso de la gesti\u00f3n en seguridad y salud en el trabajo. <\/span><\/span><\/p>\n<p align=\"justify\"><span style=\"font-family: Arial, sans-serif;\"><span style=\"font-size: medium;\">La revisi\u00f3n de la alta direcci\u00f3n debe permitir: <\/span><\/span><\/p>\n<p align=\"justify\"><span style=\"font-family: Arial, sans-serif;\"><span style=\"font-size: medium;\">1. Revisar las estrategias implementadas y determinar si han sido eficaces para alcanzar los objetivos, metas y resultados esperados del Sistema de Gesti\u00f3n de la Seguridad y Salud en el Trabajo; <\/span><\/span><\/p>\n<p align=\"justify\"><span style=\"font-family: Arial, sans-serif;\"><span style=\"font-size: medium;\">2. Revisar el cumplimiento del plan de trabajo anual en seguridad y salud en el trabajo y su cronograma; <\/span><\/span><\/p>\n<p align=\"justify\"><span style=\"font-family: Arial, sans-serif;\"><span style=\"font-size: medium;\">3. Analizar la suficiencia de los recursos asignados para la implementaci\u00f3n del Sistema de Gesti\u00f3n de la Seguridad y Salud en el Trabajo y el cumplimiento de los resultados esperados; <\/span><\/span><\/p>\n<p align=\"justify\"><span style=\"font-family: Arial, sans-serif;\"><span style=\"font-size: medium;\">4. Revisar la capacidad del Sistema de Gesti\u00f3n de la Seguridad y Salud en el Trabajo (SG-SST), para satisfacer las necesidades globales de la empresa en materia de seguridad y salud en el trabajo; <\/span><\/span><\/p>\n<p align=\"justify\"><span style=\"font-family: Arial, sans-serif;\"><span style=\"font-size: medium;\">5. Analizar la necesidad de realizar cambios en el Sistema de Gesti\u00f3n de la Seguridad y Salud en el Trabajo (SG-SST), incluida la revisi\u00f3n de la pol\u00edtica y sus objetivos; <\/span><\/span><\/p>\n<p align=\"justify\"><span style=\"font-family: Arial, sans-serif;\"><span style=\"font-size: medium;\">6. Evaluar la eficacia de las medidas de seguimiento con base en las revisiones anteriores de la alta direcci\u00f3n y realizar los ajustes necesarios; <\/span><\/span><\/p>\n<p align=\"justify\"><span style=\"font-family: Arial, sans-serif;\"><span style=\"font-size: medium;\">7. Analizar el resultado de los indicadores y de las auditor\u00edas anteriores del Sistema de Gesti\u00f3n de la Seguridad y Salud en el Trabajo (SG-SST); <\/span><\/span><\/p>\n<p align=\"justify\"><span style=\"font-family: Arial, sans-serif;\"><span style=\"font-size: medium;\">8. Aportar informaci\u00f3n sobre nuevas prioridades y objetivos estrat\u00e9gicos de la organizaci\u00f3n que puedan ser insumos para la planificaci\u00f3n y la mejora continua; <\/span><\/span><\/p>\n<p align=\"justify\"><span style=\"font-family: Arial, sans-serif;\"><span style=\"font-size: medium;\">9. Recolectar informaci\u00f3n para determinar si las medidas de prevenci\u00f3n y control de peligros y riesgos se aplican y son eficaces; <\/span><\/span><\/p>\n<p align=\"justify\"><span style=\"font-family: Arial, sans-serif;\"><span style=\"font-size: medium;\">10. Intercambiar informaci\u00f3n con los trabajadores sobre los resultados y su desempe\u00f1o en seguridad y salud en el trabajo; <\/span><\/span><\/p>\n<p class=\"western\"><span style=\"font-family: Arial, sans-serif;\"><span style=\"font-size: medium;\">11 Servir de base para la adopci\u00f3n de decisiones que tengan por objeto mejorar la identificaci\u00f3n de peligros y el control de los riesgos y en general mejorar la gesti\u00f3n en seguridad y salud en el trabajo de la empresa;<\/span><\/span><\/p>\n<p align=\"justify\"><span style=\"font-family: Arial, sans-serif;\"><span style=\"font-size: medium;\">12. Determinar si promueve la participaci\u00f3n de los trabajadores; <\/span><\/span><\/p>\n<p align=\"justify\"><span style=\"font-family: Arial, sans-serif;\"><span style=\"font-size: medium;\">13. Evidenciar que se cumpla con la normatividad nacional vigente aplicable en materia de riesgos laborales, el cumplimiento de los est\u00e1ndares m\u00ednimos del Sistema de Garant\u00eda de Calidad del Sistema General de Riesgos Laborales que le apliquen: <\/span><\/span><\/p>\n<p align=\"justify\"><span style=\"font-family: Arial, sans-serif;\"><span style=\"font-size: medium;\">14. Establecer acciones que permitan la mejora continua en seguridad y salud en el trabajo: <\/span><\/span><\/p>\n<p align=\"justify\"><span style=\"font-family: Arial, sans-serif;\"><span style=\"font-size: medium;\">15. Establecer el cumplimiento de planes espec\u00edficos, de las metas establecidas y de los objetivos propuestos; <\/span><\/span><\/p>\n<p align=\"justify\"><span style=\"font-family: Arial, sans-serif;\"><span style=\"font-size: medium;\">16. Inspeccionar sistem\u00e1ticamente los puestos de trabajo, las m\u00e1quinas y equipos y en general, las instalaciones de la empresa; <\/span><\/span><\/p>\n<p align=\"justify\"><span style=\"font-family: Arial, sans-serif;\"><span style=\"font-size: medium;\">17. Vigilar las condiciones en los ambientes de trabajo; <\/span><\/span><\/p>\n<p align=\"justify\"><span style=\"font-family: Arial, sans-serif;\"><span style=\"font-size: medium;\">18. Vigilar las condiciones de salud de los trabajadores; <\/span><\/span><\/p>\n<p align=\"justify\"><span style=\"font-family: Arial, sans-serif;\"><span style=\"font-size: medium;\">19. Mantener actualizada la identificaci\u00f3n de peligros, la evaluaci\u00f3n y valoraci\u00f3n de los riesgos; <\/span><\/span><\/p>\n<p align=\"justify\"><span style=\"font-family: Arial, sans-serif;\"><span style=\"font-size: medium;\">20. Identificar la notificaci\u00f3n y la investigaci\u00f3n de incidentes, accidentes de trabajo y enfermedades laborales; <\/span><\/span><\/p>\n<p align=\"justify\"><span style=\"font-family: Arial, sans-serif;\"><span style=\"font-size: medium;\">21. Identificar ausentismo laboral por causas asociadas con seguridad y salud en el trabajo; <\/span><\/span><\/p>\n<p align=\"justify\"><span style=\"font-family: Arial, sans-serif;\"><span style=\"font-size: medium;\">22. Identificar p\u00e9rdidas como da\u00f1os a la propiedad, m\u00e1quinas y equipos entre otros, relacionados con seguridad y salud en el trabajo; <\/span><\/span><\/p>\n<p align=\"justify\"><span style=\"font-family: Arial, sans-serif;\"><span style=\"font-size: medium;\">23. Identificar deficiencias en la gesti\u00f3n de la seguridad y salud en el trabajo; <\/span><\/span><\/p>\n<p align=\"justify\"><span style=\"font-family: Arial, sans-serif;\"><span style=\"font-size: medium;\">24. Identificar la efectividad de los programas de rehabilitaci\u00f3n de la salud de los trabajadores. <\/span><\/span><\/p>\n<p align=\"justify\"><span style=\"font-family: 'Times New Roman', serif;\"><span style=\"font-size: medium;\"><span style=\"color: #000000;\"><span style=\"font-family: Arial, sans-serif;\"><b>Par\u00e1grafo.<\/b><\/span><\/span><span style=\"color: #000000;\"><span style=\"font-family: Arial, sans-serif;\"> Los resultados de la revisi\u00f3n de la alta direcci\u00f3n deben ser documentados y divulgados al Copasst o Vig\u00eda de Seguridad y Salud en el Trabajo y al responsable del Sistema de Gesti\u00f3n de la Seguridad y Salud en el Trabajo (SG-SST) quien deber\u00e1 definir e implementar las acciones preventivas, correctivas y de mejora a que hubiere lugar. <\/span><\/span><\/span><\/span><\/p>\n<p align=\"justify\"><span style=\"font-family: 'Times New Roman', serif;\"><span style=\"font-size: medium;\"><span style=\"color: #000000;\"><span style=\"font-family: Arial, sans-serif;\"><b>Art\u00edculo 32. <\/b><\/span><\/span><span style=\"color: #000000;\"><span style=\"font-family: Arial, sans-serif;\"><i><b>Investigaci\u00f3n de incidentes, accidentes de trabajo y enfermedades laborales.<\/b><\/i><\/span><\/span><i> <\/i><span style=\"color: #000000;\"><span style=\"font-family: Arial, sans-serif;\">La investigaci\u00f3n de las causas de los incidentes, accidentes de trabajo y enfermedades laborales, debe adelantarse acorde con lo establecido en el Decreto n\u00famero <a href=\"http:\/\/www.alcaldiabogota.gov.co\/sisjur\/normas\/Norma1.jsp?i=8804#0\">1530<\/a> de 1996, la Resoluci\u00f3n n\u00famero <a href=\"http:\/\/www.alcaldiabogota.gov.co\/sisjur\/normas\/Norma1.jsp?i=53497#0\">1401<\/a> de 2007 expedida por el entonces Ministerio de la Protecci\u00f3n Social, hoy Ministerio del Trabajo, y las disposiciones que los modifiquen, adicionen o sustituyan. El resultado de esta investigaci\u00f3n, debe permitir entre otras, las siguientes acciones: <\/span><\/span><\/span><\/span><\/p>\n<p align=\"justify\"><span style=\"font-family: Arial, sans-serif;\"><span style=\"font-size: medium;\">1. Identificar y documentar las deficiencias del Sistema de Gesti\u00f3n de la Seguridad y Salud en el Trabajo (SG-SST) lo cual debe ser el soporte para la implementaci\u00f3n de las acciones preventivas, correctivas y de mejora necesarias; <\/span><\/span><\/p>\n<p align=\"justify\"><span style=\"font-family: Arial, sans-serif;\"><span style=\"font-size: medium;\">2. Informar de sus resultados a los trabajadores directamente relacionados con sus causas o con sus controles, para que participen activamente en el desarrollo de las acciones preventivas, correctivas y de mejora; <\/span><\/span><\/p>\n<p align=\"justify\"><span style=\"font-family: Arial, sans-serif;\"><span style=\"font-size: medium;\">3. Informar a la alta direcci\u00f3n sobre el ausentismo laboral por incidentes, accidentes de trabajo y enfermedades laborales; y <\/span><\/span><\/p>\n<p align=\"justify\"><span style=\"font-family: Arial, sans-serif;\"><span style=\"font-size: medium;\">4. Alimentar el proceso de revisi\u00f3n que haga la alta direcci\u00f3n de la gesti\u00f3n en seguridad y salud en el trabajo y que se consideren tambi\u00e9n en las acciones de mejora continua. <\/span><\/span><\/p>\n<p align=\"justify\"><span style=\"font-family: 'Times New Roman', serif;\"><span style=\"font-size: medium;\"><span style=\"color: #000000;\"><span style=\"font-family: Arial, sans-serif;\"><b>Par\u00e1grafo 1\u00b0.<\/b><\/span><\/span><span style=\"color: #000000;\"><span style=\"font-family: Arial, sans-serif;\"> Los resultados de actuaciones administrativas desarrolladas por el Ministerio del Trabajo y las recomendaciones por parte de las Administradoras de Riesgos Laborales, deben ser considerados como insumo para plantear acciones correctivas, preventivas o de mejora en materia de seguridad y salud en el trabajo, respetando los requisitos de confidencialidad que apliquen de acuerdo con la legislaci\u00f3n vigente. <\/span><\/span><\/span><\/span><\/p>\n<p align=\"justify\"><span style=\"font-family: 'Times New Roman', serif;\"><span style=\"font-size: medium;\"><span style=\"color: #000000;\"><span style=\"font-family: Arial, sans-serif;\"><b>Par\u00e1grafo 2\u00b0.<\/b><\/span><\/span><span style=\"color: #000000;\"><span style=\"font-family: Arial, sans-serif;\"> Para las investigaciones de que trata el presente art\u00edculo, el empleador debe conformar un equipo investigador que integre como m\u00ednimo al jefe inmediato o supervisor del trabajador accidentado o del \u00e1rea donde ocurri\u00f3 el evento, a un representante del Comit\u00e9 Paritario o Vig\u00eda de Seguridad y Salud en el Trabajo y al responsable del Sistema de Gesti\u00f3n de la Seguridad y Salud en el Trabajo. Cuando el empleador no cuente con la estructura anterior, deber\u00e1 conformar un equipo investigador por trabajadores capacitados para tal fin. <\/span><\/span><\/span><\/span><\/p>\n<p align=\"center\"><span style=\"font-family: Arial, sans-serif;\"><span style=\"font-size: medium;\"><b>Cap\u00edtulo VII<\/b><\/span><\/span><\/p>\n<p align=\"center\"><span style=\"font-family: Arial, sans-serif;\"><span style=\"font-size: medium;\"><b>Mejoramiento<\/b><\/span><\/span><\/p>\n<p align=\"justify\"><span style=\"font-family: 'Times New Roman', serif;\"><span style=\"font-size: medium;\"><span style=\"color: #000000;\"><span style=\"font-family: Arial, sans-serif;\"><b>Art\u00edculo 33. <\/b><\/span><\/span><span style=\"color: #000000;\"><span style=\"font-family: Arial, sans-serif;\"><i><b>Acciones preventivas y correctivas.<\/b><\/i><\/span><\/span><i> <\/i><span style=\"color: #000000;\"><span style=\"font-family: Arial, sans-serif;\">El empleador debe garantizar que se definan e implementen las acciones preventivas y correctivas necesarias, con base en los resultados de la supervisi\u00f3n y medici\u00f3n de la eficacia del Sistema de Gesti\u00f3n de la Seguridad y Salud en el Trabajo (SG-SST), de las auditor\u00edas y de la revisi\u00f3n por la alta direcci\u00f3n. <\/span><\/span><\/span><\/span><\/p>\n<p align=\"justify\"><span style=\"font-family: Arial, sans-serif;\"><span style=\"font-size: medium;\">Estas acciones entre otras, deben estar orientadas a: <\/span><\/span><\/p>\n<p align=\"justify\"><span style=\"font-family: Arial, sans-serif;\"><span style=\"font-size: medium;\">1. Identificar y analizar las causas fundamentales de las no conformidades con base en lo establecido en el presente decreto y las dem\u00e1s disposiciones que regulan los aspectos del Sistema General de Riesgos Laborales; y, <\/span><\/span><\/p>\n<p align=\"justify\"><span style=\"font-family: Arial, sans-serif;\"><span style=\"font-size: medium;\">2. La adopci\u00f3n, planificaci\u00f3n, aplicaci\u00f3n, comprobaci\u00f3n de la eficacia y documentaci\u00f3n de las medidas preventivas y correctivas. <\/span><\/span><\/p>\n<p align=\"justify\"><span style=\"font-family: 'Times New Roman', serif;\"><span style=\"font-size: medium;\"><span style=\"color: #000000;\"><span style=\"font-family: Arial, sans-serif;\"><b>Par\u00e1grafo 1\u00b0.<\/b><\/span><\/span><span style=\"color: #000000;\"><span style=\"font-family: Arial, sans-serif;\"> Cuando se evidencie que las medidas de prevenci\u00f3n y protecci\u00f3n relativas a los peligros y riesgos en Seguridad y Salud en el Trabajo son inadecuadas o pueden dejar de ser eficaces, estas deber\u00e1n someterse a una evaluaci\u00f3n y jerarquizaci\u00f3n prioritaria y sin demora por parte del empleador o contratante, de acuerdo con lo establecido en el presente decreto. <\/span><\/span><\/span><\/span><\/p>\n<p align=\"justify\"><span style=\"font-family: 'Times New Roman', serif;\"><span style=\"font-size: medium;\"><span style=\"color: #000000;\"><span style=\"font-family: Arial, sans-serif;\"><b>Par\u00e1grafo 2\u00b0.<\/b><\/span><\/span><span style=\"color: #000000;\"><span style=\"font-family: Arial, sans-serif;\"> Todas las acciones preventivas y correctivas deben estar documentadas, ser difundidas a los niveles pertinentes, tener responsables y fechas de cumplimiento. <\/span><\/span><\/span><\/span><\/p>\n<p class=\"western\" align=\"justify\"><span style=\"color: #000000;\"><span style=\"font-family: Arial, sans-serif;\"><span style=\"font-size: medium;\"><b>Art\u00edculo 34. <\/b><\/span><\/span><\/span><span style=\"color: #000000;\"><span style=\"font-family: Arial, sans-serif;\"><span style=\"font-size: medium;\"><i><b>Mejora continua.<\/b><\/i><\/span><\/span><\/span><i> <\/i><span style=\"color: #000000;\"><span style=\"font-family: Arial, sans-serif;\"><span style=\"font-size: medium;\">El empleador debe dar las directrices y otorgar los recursos necesarios para la mejora continua del Sistema de Gesti\u00f3n de la Seguridad y Salud en el Trabajo (SG-SST), con el objetivo de mejorar la eficacia de todas sus actividades y el cumplimiento de sus prop\u00f3sitos. Entre otras, debe considerar las siguientes fuentes para identificar oportunidades de mejora:<\/span><\/span><\/span><\/p>\n<p align=\"justify\"><span style=\"font-family: Arial, sans-serif;\"><span style=\"font-size: medium;\">1. El cumplimiento de los objetivos del Sistema de Gesti\u00f3n de la Seguridad y Salud en el Trabajo (SG-SST); <\/span><\/span><\/p>\n<p align=\"justify\"><span style=\"font-family: Arial, sans-serif;\"><span style=\"font-size: medium;\">2. Los resultados de la intervenci\u00f3n en los peligros y los riesgos priorizados; <\/span><\/span><\/p>\n<p align=\"justify\"><span style=\"font-family: Arial, sans-serif;\"><span style=\"font-size: medium;\">3. Los resultados de la auditor\u00eda y revisi\u00f3n del Sistema de Gesti\u00f3n de la Seguridad y Salud en el Trabajo (SG-SST), incluyendo la investigaci\u00f3n de los incidentes, accidentes y enfermedades laborales; <\/span><\/span><\/p>\n<p align=\"justify\"><span style=\"font-family: Arial, sans-serif;\"><span style=\"font-size: medium;\">4. Las recomendaciones presentadas por los trabajadores y el Comit\u00e9 Paritario de Seguridad y Salud en el Trabajo o Vig\u00eda de Seguridad y Salud en el Trabajo, seg\u00fan corresponda; <\/span><\/span><\/p>\n<p align=\"justify\"><span style=\"font-family: Arial, sans-serif;\"><span style=\"font-size: medium;\">5. Los resultados de los programas de promoci\u00f3n y prevenci\u00f3n; <\/span><\/span><\/p>\n<p align=\"justify\"><span style=\"font-family: Arial, sans-serif;\"><span style=\"font-size: medium;\">6. El resultado de la supervisi\u00f3n realizado por la alta direcci\u00f3n; y <\/span><\/span><\/p>\n<p align=\"justify\"><span style=\"font-family: Arial, sans-serif;\"><span style=\"font-size: medium;\">7. Los cambios en legislaci\u00f3n que apliquen a la organizaci\u00f3n. <\/span><\/span><\/p>\n<p align=\"center\"><span style=\"font-family: Arial, sans-serif;\"><span style=\"font-size: medium;\"><b>Cap\u00edtulo VIII <\/b><\/span><\/span><\/p>\n<p align=\"center\"><span style=\"font-family: Arial, sans-serif;\"><span style=\"font-size: medium;\"><b>Disposiciones Finales <\/b><\/span><\/span><\/p>\n<p align=\"justify\"><span style=\"font-family: 'Times New Roman', serif;\"><span style=\"font-size: medium;\"><span style=\"color: #000000;\"><span style=\"font-family: Arial, sans-serif;\"><b>Art\u00edculo 35. <\/b><\/span><\/span><span style=\"color: #000000;\"><span style=\"font-family: Arial, sans-serif;\"><i><b>Capacitaci\u00f3n obligatoria.<\/b><\/i><\/span><\/span><i> <\/i><span style=\"color: #000000;\"><span style=\"font-family: Arial,sans-serif;\"><span style=\"color: #0000ff;\">Los responsables de la ejecuci\u00f3n de los Sistema de Gesti\u00f3n de la Seguridad y Salud en el Trabajo (SG-SST), deber\u00e1n realizar el curso de capacitaci\u00f3n virtual de cincuenta (50) horas sobre el Sistema de Gesti\u00f3n de la Seguridad y Salud en el Trabajo (SG-SST) que defina el Ministerio del Trabajo en desarrollo de las acciones se\u00f1aladas en el literal a) del art\u00edculo 12 de la Ley <a style=\"color: #0000ff;\" href=\"http:\/\/www.alcaldiabogota.gov.co\/sisjur\/normas\/Norma1.jsp?i=48365#0\">1562<\/a> de 2012, y obtener el certificado de aprobaci\u00f3n del mismo.<\/span> <\/span><\/span><\/span><\/span><\/p>\n<p align=\"justify\"><span style=\"font-family: 'Times New Roman', serif;\"><span style=\"font-size: medium;\"><span style=\"color: #000000;\"><span style=\"font-family: Arial,sans-serif;\"><b>Art\u00edculo 36. <\/b><\/span><\/span><span style=\"color: #000000;\"><span style=\"font-family: Arial,sans-serif;\"><i><b>Sanciones.<\/b><\/i><\/span><\/span><i> <\/i><span style=\"color: #000000;\"><span style=\"font-family: Arial,sans-serif;\"><span style=\"color: #0000ff;\">El incumplimiento a lo establecido en el presente decreto y dem\u00e1s normas que lo adicionen, modifiquen o sustituyan, ser\u00e1 sancionado en los t\u00e9rminos previstos en el art\u00edculo 91 del Decreto n\u00famero <a style=\"color: #0000ff;\" href=\"http:\/\/www.alcaldiabogota.gov.co\/sisjur\/normas\/Norma1.jsp?i=2629#0\">1295<\/a> de 1994, modificado parcialmente y adicionado por el art\u00edculo 13 de la Ley 1562 de 2012 y las normas que a su vez lo adicionen, modifiquen o sustituyan.<\/span> <\/span><\/span><\/span><\/span><\/p>\n<p align=\"justify\"><span style=\"font-family: 'Times New Roman', serif;\"><span style=\"font-size: medium;\"><span style=\"color: #000000;\"><span style=\"font-family: Arial, sans-serif;\"><b>Par\u00e1grafo.<\/b><\/span><\/span><span style=\"color: #000000;\"><span style=\"font-family: Arial, sans-serif;\">\u00a0<a id=\"sp36.P.1\" name=\"36.P.1\"><\/a>\u00a0Las Administradoras de Riesgos Laborales realizar\u00e1n la vigilancia delegada del cumplimiento de lo dispuesto en el presente decreto e informar\u00e1n a las Direcciones Territoriales del Ministerio del Trabajo los casos en los cuales se evidencia el no cumplimiento del mismo por parte de sus empresas afiliadas. <\/span><\/span><\/span><\/span><\/p>\n<p align=\"justify\"><span style=\"font-family: 'Times New Roman', serif;\"><span style=\"font-size: medium;\"><span style=\"color: #000000;\"><span style=\"font-family: Arial, sans-serif;\"><b>Art\u00edculo\u00a0<a id=\"sp37\" name=\"37\"><\/a>\u00a037. <\/b><\/span><\/span><span style=\"color: #000000;\"><span style=\"font-family: Arial, sans-serif;\"><i><b>Transici\u00f3n.<\/b><\/i><\/span><\/span><i> <\/i><span style=\"color: #0000ff;\"><span style=\"font-family: Arial,sans-serif;\">Los empleadores deber\u00e1n sustituir el Programa de Salud Ocupacional por el Sistema de Gesti\u00f3n de la Seguridad y Salud en el Trabajo (SG-SST) para lo cual, a partir de la publicaci\u00f3n del presente decreto deber\u00e1n dar inicio a las acciones necesarias para ajustarse a lo establecido en esta disposici\u00f3n y tendr\u00e1n unos plazos para culminar la totalidad del proceso, contados a partir de la entrada en vigencia del presente decreto, de la siguiente manera: <\/span><\/span><\/span><\/span><\/p>\n<p align=\"justify\"><span style=\"font-family: Arial, sans-serif;\"><span style=\"font-size: medium;\">a) Dieciocho (18) meses para las empresas de menos de diez (10) trabajadores. <\/span><\/span><\/p>\n<p align=\"justify\"><span style=\"font-family: Arial, sans-serif;\"><span style=\"font-size: medium;\">b) Veinticuatro (24) meses para las empresas con diez (10) a doscientos (200) trabajadores. <\/span><\/span><\/p>\n<p align=\"justify\"><span style=\"font-family: Arial, sans-serif;\"><span style=\"font-size: medium;\">c) Treinta (30) meses para las empresas de doscientos uno (201) o m\u00e1s trabajadores. <\/span><\/span><\/p>\n<p align=\"justify\"><span style=\"font-family: 'Times New Roman', serif;\"><span style=\"font-size: medium;\"><span style=\"color: #000000;\"><span style=\"font-family: Arial, sans-serif;\"><b>Par\u00e1grafo 1\u00b0.<\/b><\/span><\/span><span style=\"color: #000000;\"><span style=\"font-family: Arial, sans-serif;\"> Para ajustarse a los plazos establecidos en el presente art\u00edculo, las empresas tendr\u00e1n en cuenta el promedio de n\u00famero total de trabajadores, independientemente de su forma de contrataci\u00f3n, del a\u00f1o inmediatamente anterior a la fecha de publicaci\u00f3n del presente decreto, lo cual deber\u00e1 quedar certificado por el representante legal de la empresa. <\/span><\/span><\/span><\/span><\/p>\n<p align=\"justify\"><span style=\"font-family: 'Times New Roman', serif;\"><span style=\"font-size: medium;\"><span style=\"color: #000000;\"><span style=\"font-family: Arial, sans-serif;\"><b>Par\u00e1grafo 2\u00b0.<\/b><\/span><\/span><span style=\"color: #000000;\"><span style=\"font-family: Arial, sans-serif;\"> Para efectos del presente decreto, las Administradoras de Riesgos Laborales brindar\u00e1n asesor\u00eda y asistencia t\u00e9cnica a las empresas afiliadas para la implementaci\u00f3n del SG-SST, conforme a los plazos definidos en el presente art\u00edculo y del cumplimiento de esta obligaci\u00f3n, presentar\u00e1n informes semestrales a las Direcciones Territoriales del Ministerio del Trabajo. <\/span><\/span><\/span><\/span><\/p>\n<p align=\"justify\"><span style=\"font-family: 'Times New Roman', serif;\"><span style=\"font-size: medium;\"><span style=\"color: #000000;\"><span style=\"font-family: Arial, sans-serif;\"><b>Par\u00e1grafo 3\u00b0.<\/b><\/span><\/span><span style=\"color: #000000;\"><span style=\"font-family: Arial, sans-serif;\"> Hasta que se venzan los plazos establecidos en el presente art\u00edculo por tama\u00f1o de empresa, se deber\u00e1 dar cumplimiento a lo establecido en la resoluci\u00f3n n\u00famero 1016 de 1989. <\/span><\/span><\/span><\/span><\/p>\n<p align=\"justify\"><span style=\"font-family: 'Times New Roman', serif;\"><span style=\"font-size: medium;\"><span style=\"color: #000000;\"><span style=\"font-family: Arial, sans-serif;\"><b>Art\u00edculo 38. <\/b><\/span><\/span><span style=\"color: #000000;\"><span style=\"font-family: Arial, sans-serif;\"><i><b>Vigencia y derogatoria.<\/b><\/i><\/span><\/span><i> <\/i><span style=\"color: #000000;\"><span style=\"font-family: Arial, sans-serif;\">El presente decreto rige a partir de su publicaci\u00f3n, de conformidad con la transici\u00f3n establecida en el art\u00edculo 37 del presente decreto, y deroga las disposiciones que le sean contrarias. <\/span><\/span><\/span><\/span><\/p>\n<p align=\"center\"><span style=\"font-family: Arial, sans-serif;\"><span style=\"font-size: medium;\"><b>Publ\u00edquese y c\u00famplase.<\/b><\/span><\/span><\/p>\n<p align=\"center\"><span style=\"font-family: Arial, sans-serif;\"><span style=\"font-size: medium;\"><b>Dado en Bogot\u00e1 D. C., a 31 de julio de 2014.<\/b><\/span><\/span><\/p>\n<p align=\"center\"><span style=\"font-family: Arial, sans-serif;\"><span style=\"font-size: medium;\"><b>JUAN MANUEL SANTOS CALDER\u00d3N<\/b><\/span><\/span><\/p>\n<p align=\"center\"><span style=\"font-family: Arial, sans-serif;\"><span style=\"font-size: medium;\"><b>El Viceministro de Relaciones Laborales e Inspecci\u00f3n, encargado de las funciones del Despacho del Ministro del Trabajo,<\/b><\/span><\/span><\/p>\n<p class=\"western\" align=\"center\"><span style=\"font-family: Arial, sans-serif;\"><span style=\"font-size: medium;\"><b>JOS\u00c9 NO\u00c9 R\u00cdOS MU\u00d1OZ.<\/b><\/span><\/span><\/p>\n<p class=\"western\"><span style=\"font-family: Arial, sans-serif;\"><span style=\"font-size: medium;\"><b>NOTA: Publicado en el Diario Oficial 49229 de julio 31 de 2014<\/b><\/span><\/span><\/p>\n<\/td>\n<td width=\"2%\"><\/td>\n<\/tr>\n<\/tbody>\n<\/table>\n<table border=\"0\" width=\"100%\" cellspacing=\"0\" cellpadding=\"0\">\n<tbody>\n<tr>\n<td align=\"right\">\n<table border=\"0\" cellspacing=\"0\" cellpadding=\"0\">\n<tbody>\n<tr>\n<td class=\"OraBgColorDark\" align=\"right\"><img decoding=\"async\" src=\"http:\/\/www.alcaldiabogota.gov.co\/sisjur\/images\/FFFFFFbr.gif\" alt=\"\" \/><\/td>\n<\/tr>\n<\/tbody>\n<\/table>\n<\/td>\n<\/tr>\n<tr>\n<td class=\"OraBgColorDark\"><\/td>\n<\/tr>\n<\/tbody>\n<\/table>\n<p>&nbsp;<\/p>\n<table width=\"100%\">\n<tbody>\n<tr>\n<td align=\"right\"><\/td>\n<\/tr>\n<\/tbody>\n<\/table>\n","protected":false},"excerpt":{"rendered":"<p>Las multas por no implementar el Sistema de Gesti\u00f3n de la Seguridad y Salud en el Trabajo (SG-SST), ascienden a la suma de 20 a 1.000 Salarios m\u00ednimos mensuales legales vigentes.<br \/>\nEl plazo vence el 31 de diciembre de 2015, para las empresas con menos de 10 trabajadores; el 30 de junio de 2016, para las empresas con 10 a 200 trabajadores; el 31 de diciembre de 2016, para las empresas de 201 o m\u00e1s trabajadores.<\/p>\n","protected":false},"author":1,"featured_media":5923,"comment_status":"open","ping_status":"open","sticky":false,"template":"","format":"standard","meta":{"_monsterinsights_skip_tracking":false,"ngg_post_thumbnail":0,"footnotes":"","_links_to":"","_links_to_target":""},"categories":[454],"tags":[],"class_list":["post-5922","post","type-post","status-publish","format-standard","has-post-thumbnail","hentry","category-sin-categoria"],"aioseo_notices":[],"aioseo_head":"\n\t\t<!-- All in One SEO 5.0.1.1 - aioseo.com -->\n\t<meta name=\"description\" content=\"Las multas por no implementar el Sistema de Gesti\u00f3n de la Seguridad y Salud en el Trabajo (SG-SST), ascienden a la suma de 20 a 1.000 Salarios m\u00ednimos mensuales legales vigentes. El plazo vence el 31 de diciembre de 2015, para las empresas con menos de 10 trabajadores; el 30 de junio de 2016, para las empresas con 10 a 200 trabajadores; el 31 de diciembre de 2016, para las empresas de 201 o m\u00e1s trabajadores.\" \/>\n\t<meta name=\"robots\" content=\"max-image-preview:large\" \/>\n\t<meta name=\"author\" content=\"Miguel Antonio M\u00e1rquez Monta\u00f1ez\"\/>\n\t<link rel=\"canonical\" href=\"https:\/\/contadoreshoy.com\/?p=5922\" \/>\n\t<meta name=\"generator\" content=\"All in One SEO (AIOSEO) 5.0.1.1\" \/>\n\t\t<meta property=\"og:locale\" content=\"es_ES\" \/>\n\t\t<meta property=\"og:site_name\" content=\"Contadores P\u00fablicos - Portal para Contadores P\u00fablicos y empresarios\" \/>\n\t\t<meta property=\"og:type\" content=\"article\" \/>\n\t\t<meta property=\"og:title\" content=\"Implementaci\u00f3n del Sistema de la Seguridad y Salud en el Trabajo - Contadores P\u00fablicos\" \/>\n\t\t<meta property=\"og:description\" content=\"Las multas por no implementar el Sistema de Gesti\u00f3n de la Seguridad y Salud en el Trabajo (SG-SST), ascienden a la suma de 20 a 1.000 Salarios m\u00ednimos mensuales legales vigentes. El plazo vence el 31 de diciembre de 2015, para las empresas con menos de 10 trabajadores; el 30 de junio de 2016, para las empresas con 10 a 200 trabajadores; el 31 de diciembre de 2016, para las empresas de 201 o m\u00e1s trabajadores.\" \/>\n\t\t<meta property=\"og:url\" content=\"https:\/\/contadoreshoy.com\/?p=5922\" \/>\n\t\t<meta property=\"og:image\" content=\"https:\/\/contadoreshoy.com\/wp-content\/uploads\/2024\/01\/cropped-cropped-cropped-Copia-de-M.jpg\" \/>\n\t\t<meta property=\"og:image:secure_url\" content=\"https:\/\/contadoreshoy.com\/wp-content\/uploads\/2024\/01\/cropped-cropped-cropped-Copia-de-M.jpg\" \/>\n\t\t<meta property=\"og:image:width\" content=\"512\" \/>\n\t\t<meta property=\"og:image:height\" content=\"371\" \/>\n\t\t<meta property=\"article:published_time\" content=\"2015-09-18T13:48:42+00:00\" \/>\n\t\t<meta property=\"article:modified_time\" content=\"2017-02-05T03:00:43+00:00\" \/>\n\t\t<meta name=\"twitter:card\" content=\"summary_large_image\" \/>\n\t\t<meta name=\"twitter:title\" content=\"Implementaci\u00f3n del Sistema de la Seguridad y Salud en el Trabajo - Contadores P\u00fablicos\" \/>\n\t\t<meta name=\"twitter:description\" content=\"Las multas por no implementar el Sistema de Gesti\u00f3n de la Seguridad y Salud en el Trabajo (SG-SST), ascienden a la suma de 20 a 1.000 Salarios m\u00ednimos mensuales legales vigentes. El plazo vence el 31 de diciembre de 2015, para las empresas con menos de 10 trabajadores; el 30 de junio de 2016, para las empresas con 10 a 200 trabajadores; el 31 de diciembre de 2016, para las empresas de 201 o m\u00e1s trabajadores.\" \/>\n\t\t<meta name=\"twitter:image\" content=\"https:\/\/contadoreshoy.com\/wp-content\/uploads\/2024\/01\/cropped-cropped-cropped-Copia-de-M.jpg\" \/>\n\t\t<script type=\"application\/ld+json\" class=\"aioseo-schema\">\n\t\t\t{\"@context\":\"https:\\\/\\\/schema.org\",\"@graph\":[{\"@type\":\"BlogPosting\",\"@id\":\"https:\\\/\\\/contadoreshoy.com\\\/?p=5922#blogposting\",\"name\":\"Implementaci\\u00f3n del Sistema de la Seguridad y Salud en el Trabajo - Contadores P\\u00fablicos\",\"headline\":\"Implementaci\\u00f3n del Sistema de la Seguridad y Salud en el Trabajo\",\"author\":{\"@id\":\"https:\\\/\\\/contadoreshoy.com\\\/?author=1#author\"},\"publisher\":{\"@id\":\"https:\\\/\\\/contadoreshoy.com\\\/#organization\"},\"image\":{\"@type\":\"ImageObject\",\"url\":\"https:\\\/\\\/contadoreshoy.com\\\/wp-content\\\/uploads\\\/2015\\\/09\\\/SEGURIDAD-EN-EL-TRABAJO.jpg\",\"width\":600,\"height\":400},\"datePublished\":\"2015-09-18T08:48:42-05:00\",\"dateModified\":\"2017-02-04T22:00:43-05:00\",\"inLanguage\":\"es-ES\",\"mainEntityOfPage\":{\"@id\":\"https:\\\/\\\/contadoreshoy.com\\\/?p=5922#webpage\"},\"isPartOf\":{\"@id\":\"https:\\\/\\\/contadoreshoy.com\\\/?p=5922#webpage\"},\"articleSection\":\"Sin categor\\u00eda\"},{\"@type\":\"BreadcrumbList\",\"@id\":\"https:\\\/\\\/contadoreshoy.com\\\/?p=5922#breadcrumblist\",\"itemListElement\":[{\"@type\":\"ListItem\",\"@id\":\"https:\\\/\\\/contadoreshoy.com#listItem\",\"position\":1,\"name\":\"Home\",\"item\":\"https:\\\/\\\/contadoreshoy.com\",\"nextItem\":{\"@type\":\"ListItem\",\"@id\":\"https:\\\/\\\/contadoreshoy.com\\\/?cat=454#listItem\",\"name\":\"Sin categor\\u00eda\"}},{\"@type\":\"ListItem\",\"@id\":\"https:\\\/\\\/contadoreshoy.com\\\/?cat=454#listItem\",\"position\":2,\"name\":\"Sin categor\\u00eda\",\"item\":\"https:\\\/\\\/contadoreshoy.com\\\/?cat=454\",\"nextItem\":{\"@type\":\"ListItem\",\"@id\":\"https:\\\/\\\/contadoreshoy.com\\\/?p=5922#listItem\",\"name\":\"Implementaci\\u00f3n del Sistema de la Seguridad y Salud en el Trabajo\"},\"previousItem\":{\"@type\":\"ListItem\",\"@id\":\"https:\\\/\\\/contadoreshoy.com#listItem\",\"name\":\"Home\"}},{\"@type\":\"ListItem\",\"@id\":\"https:\\\/\\\/contadoreshoy.com\\\/?p=5922#listItem\",\"position\":3,\"name\":\"Implementaci\\u00f3n del Sistema de la Seguridad y Salud en el Trabajo\",\"previousItem\":{\"@type\":\"ListItem\",\"@id\":\"https:\\\/\\\/contadoreshoy.com\\\/?cat=454#listItem\",\"name\":\"Sin categor\\u00eda\"}}]},{\"@type\":\"Organization\",\"@id\":\"https:\\\/\\\/contadoreshoy.com\\\/#organization\",\"name\":\"Contadores P\\u00fablicos\",\"description\":\"Portal para Contadores P\\u00fablicos y empresarios\",\"url\":\"https:\\\/\\\/contadoreshoy.com\\\/\",\"logo\":{\"@type\":\"ImageObject\",\"url\":\"https:\\\/\\\/contadoreshoy.com\\\/wp-content\\\/uploads\\\/2024\\\/01\\\/cropped-cropped-Copia-de-M-1.jpg\",\"@id\":\"https:\\\/\\\/contadoreshoy.com\\\/?p=5922\\\/#organizationLogo\",\"width\":499,\"height\":500},\"image\":{\"@id\":\"https:\\\/\\\/contadoreshoy.com\\\/?p=5922\\\/#organizationLogo\"}},{\"@type\":\"Person\",\"@id\":\"https:\\\/\\\/contadoreshoy.com\\\/?author=1#author\",\"url\":\"https:\\\/\\\/contadoreshoy.com\\\/?author=1\",\"name\":\"Miguel Antonio M\\u00e1rquez Monta\\u00f1ez\"},{\"@type\":\"WebPage\",\"@id\":\"https:\\\/\\\/contadoreshoy.com\\\/?p=5922#webpage\",\"url\":\"https:\\\/\\\/contadoreshoy.com\\\/?p=5922\",\"name\":\"Implementaci\\u00f3n del Sistema de la Seguridad y Salud en el Trabajo - Contadores P\\u00fablicos\",\"description\":\"Las multas por no implementar el Sistema de Gesti\\u00f3n de la Seguridad y Salud en el Trabajo (SG-SST), ascienden a la suma de 20 a 1.000 Salarios m\\u00ednimos mensuales legales vigentes. El plazo vence el 31 de diciembre de 2015, para las empresas con menos de 10 trabajadores; el 30 de junio de 2016, para las empresas con 10 a 200 trabajadores; el 31 de diciembre de 2016, para las empresas de 201 o m\\u00e1s trabajadores.\",\"inLanguage\":\"es-ES\",\"isPartOf\":{\"@id\":\"https:\\\/\\\/contadoreshoy.com\\\/#website\"},\"breadcrumb\":{\"@id\":\"https:\\\/\\\/contadoreshoy.com\\\/?p=5922#breadcrumblist\"},\"author\":{\"@id\":\"https:\\\/\\\/contadoreshoy.com\\\/?author=1#author\"},\"creator\":{\"@id\":\"https:\\\/\\\/contadoreshoy.com\\\/?author=1#author\"},\"image\":{\"@type\":\"ImageObject\",\"url\":\"https:\\\/\\\/contadoreshoy.com\\\/wp-content\\\/uploads\\\/2015\\\/09\\\/SEGURIDAD-EN-EL-TRABAJO.jpg\",\"@id\":\"https:\\\/\\\/contadoreshoy.com\\\/?p=5922\\\/#mainImage\",\"width\":600,\"height\":400},\"primaryImageOfPage\":{\"@id\":\"https:\\\/\\\/contadoreshoy.com\\\/?p=5922#mainImage\"},\"datePublished\":\"2015-09-18T08:48:42-05:00\",\"dateModified\":\"2017-02-04T22:00:43-05:00\"},{\"@type\":\"WebSite\",\"@id\":\"https:\\\/\\\/contadoreshoy.com\\\/#website\",\"url\":\"https:\\\/\\\/contadoreshoy.com\\\/\",\"name\":\"Contadores P\\u00fablicos\",\"description\":\"Portal para Contadores P\\u00fablicos y empresarios\",\"inLanguage\":\"es-ES\",\"publisher\":{\"@id\":\"https:\\\/\\\/contadoreshoy.com\\\/#organization\"}}]}\n\t\t<\/script>\n\t\t<!-- All in One SEO -->\n\n","aioseo_head_json":{"title":"Implementaci\u00f3n del Sistema de la Seguridad y Salud en el Trabajo - Contadores P\u00fablicos","description":"Las multas por no implementar el Sistema de Gesti\u00f3n de la Seguridad y Salud en el Trabajo (SG-SST), ascienden a la suma de 20 a 1.000 Salarios m\u00ednimos mensuales legales vigentes. El plazo vence el 31 de diciembre de 2015, para las empresas con menos de 10 trabajadores; el 30 de junio de 2016, para las empresas con 10 a 200 trabajadores; el 31 de diciembre de 2016, para las empresas de 201 o m\u00e1s trabajadores.","canonical_url":"https:\/\/contadoreshoy.com\/?p=5922","robots":"max-image-preview:large","keywords":"","webmasterTools":{"miscellaneous":""},"schema":{"@context":"https:\/\/schema.org","@graph":[{"@type":"BlogPosting","@id":"https:\/\/contadoreshoy.com\/?p=5922#blogposting","name":"Implementaci\u00f3n del Sistema de la Seguridad y Salud en el Trabajo - Contadores P\u00fablicos","headline":"Implementaci\u00f3n del Sistema de la Seguridad y Salud en el Trabajo","author":{"@id":"https:\/\/contadoreshoy.com\/?author=1#author"},"publisher":{"@id":"https:\/\/contadoreshoy.com\/#organization"},"image":{"@type":"ImageObject","url":"https:\/\/contadoreshoy.com\/wp-content\/uploads\/2015\/09\/SEGURIDAD-EN-EL-TRABAJO.jpg","width":600,"height":400},"datePublished":"2015-09-18T08:48:42-05:00","dateModified":"2017-02-04T22:00:43-05:00","inLanguage":"es-ES","mainEntityOfPage":{"@id":"https:\/\/contadoreshoy.com\/?p=5922#webpage"},"isPartOf":{"@id":"https:\/\/contadoreshoy.com\/?p=5922#webpage"},"articleSection":"Sin categor\u00eda"},{"@type":"BreadcrumbList","@id":"https:\/\/contadoreshoy.com\/?p=5922#breadcrumblist","itemListElement":[{"@type":"ListItem","@id":"https:\/\/contadoreshoy.com#listItem","position":1,"name":"Home","item":"https:\/\/contadoreshoy.com","nextItem":{"@type":"ListItem","@id":"https:\/\/contadoreshoy.com\/?cat=454#listItem","name":"Sin categor\u00eda"}},{"@type":"ListItem","@id":"https:\/\/contadoreshoy.com\/?cat=454#listItem","position":2,"name":"Sin categor\u00eda","item":"https:\/\/contadoreshoy.com\/?cat=454","nextItem":{"@type":"ListItem","@id":"https:\/\/contadoreshoy.com\/?p=5922#listItem","name":"Implementaci\u00f3n del Sistema de la Seguridad y Salud en el Trabajo"},"previousItem":{"@type":"ListItem","@id":"https:\/\/contadoreshoy.com#listItem","name":"Home"}},{"@type":"ListItem","@id":"https:\/\/contadoreshoy.com\/?p=5922#listItem","position":3,"name":"Implementaci\u00f3n del Sistema de la Seguridad y Salud en el Trabajo","previousItem":{"@type":"ListItem","@id":"https:\/\/contadoreshoy.com\/?cat=454#listItem","name":"Sin categor\u00eda"}}]},{"@type":"Organization","@id":"https:\/\/contadoreshoy.com\/#organization","name":"Contadores P\u00fablicos","description":"Portal para Contadores P\u00fablicos y empresarios","url":"https:\/\/contadoreshoy.com\/","logo":{"@type":"ImageObject","url":"https:\/\/contadoreshoy.com\/wp-content\/uploads\/2024\/01\/cropped-cropped-Copia-de-M-1.jpg","@id":"https:\/\/contadoreshoy.com\/?p=5922\/#organizationLogo","width":499,"height":500},"image":{"@id":"https:\/\/contadoreshoy.com\/?p=5922\/#organizationLogo"}},{"@type":"Person","@id":"https:\/\/contadoreshoy.com\/?author=1#author","url":"https:\/\/contadoreshoy.com\/?author=1","name":"Miguel Antonio M\u00e1rquez Monta\u00f1ez"},{"@type":"WebPage","@id":"https:\/\/contadoreshoy.com\/?p=5922#webpage","url":"https:\/\/contadoreshoy.com\/?p=5922","name":"Implementaci\u00f3n del Sistema de la Seguridad y Salud en el Trabajo - Contadores P\u00fablicos","description":"Las multas por no implementar el Sistema de Gesti\u00f3n de la Seguridad y Salud en el Trabajo (SG-SST), ascienden a la suma de 20 a 1.000 Salarios m\u00ednimos mensuales legales vigentes. El plazo vence el 31 de diciembre de 2015, para las empresas con menos de 10 trabajadores; el 30 de junio de 2016, para las empresas con 10 a 200 trabajadores; el 31 de diciembre de 2016, para las empresas de 201 o m\u00e1s trabajadores.","inLanguage":"es-ES","isPartOf":{"@id":"https:\/\/contadoreshoy.com\/#website"},"breadcrumb":{"@id":"https:\/\/contadoreshoy.com\/?p=5922#breadcrumblist"},"author":{"@id":"https:\/\/contadoreshoy.com\/?author=1#author"},"creator":{"@id":"https:\/\/contadoreshoy.com\/?author=1#author"},"image":{"@type":"ImageObject","url":"https:\/\/contadoreshoy.com\/wp-content\/uploads\/2015\/09\/SEGURIDAD-EN-EL-TRABAJO.jpg","@id":"https:\/\/contadoreshoy.com\/?p=5922\/#mainImage","width":600,"height":400},"primaryImageOfPage":{"@id":"https:\/\/contadoreshoy.com\/?p=5922#mainImage"},"datePublished":"2015-09-18T08:48:42-05:00","dateModified":"2017-02-04T22:00:43-05:00"},{"@type":"WebSite","@id":"https:\/\/contadoreshoy.com\/#website","url":"https:\/\/contadoreshoy.com\/","name":"Contadores P\u00fablicos","description":"Portal para Contadores P\u00fablicos y empresarios","inLanguage":"es-ES","publisher":{"@id":"https:\/\/contadoreshoy.com\/#organization"}}]},"og:locale":"es_ES","og:site_name":"Contadores P\u00fablicos - Portal para Contadores P\u00fablicos y empresarios","og:type":"article","og:title":"Implementaci\u00f3n del Sistema de la Seguridad y Salud en el Trabajo - Contadores P\u00fablicos","og:description":"Las multas por no implementar el Sistema de Gesti\u00f3n de la Seguridad y Salud en el Trabajo (SG-SST), ascienden a la suma de 20 a 1.000 Salarios m\u00ednimos mensuales legales vigentes. El plazo vence el 31 de diciembre de 2015, para las empresas con menos de 10 trabajadores; el 30 de junio de 2016, para las empresas con 10 a 200 trabajadores; el 31 de diciembre de 2016, para las empresas de 201 o m\u00e1s trabajadores.","og:url":"https:\/\/contadoreshoy.com\/?p=5922","og:image":"https:\/\/contadoreshoy.com\/wp-content\/uploads\/2024\/01\/cropped-cropped-cropped-Copia-de-M.jpg","og:image:secure_url":"https:\/\/contadoreshoy.com\/wp-content\/uploads\/2024\/01\/cropped-cropped-cropped-Copia-de-M.jpg","og:image:width":512,"og:image:height":371,"article:published_time":"2015-09-18T13:48:42+00:00","article:modified_time":"2017-02-05T03:00:43+00:00","twitter:card":"summary_large_image","twitter:title":"Implementaci\u00f3n del Sistema de la Seguridad y Salud en el Trabajo - Contadores P\u00fablicos","twitter:description":"Las multas por no implementar el Sistema de Gesti\u00f3n de la Seguridad y Salud en el Trabajo (SG-SST), ascienden a la suma de 20 a 1.000 Salarios m\u00ednimos mensuales legales vigentes. El plazo vence el 31 de diciembre de 2015, para las empresas con menos de 10 trabajadores; el 30 de junio de 2016, para las empresas con 10 a 200 trabajadores; el 31 de diciembre de 2016, para las empresas de 201 o m\u00e1s trabajadores.","twitter:image":"https:\/\/contadoreshoy.com\/wp-content\/uploads\/2024\/01\/cropped-cropped-cropped-Copia-de-M.jpg"},"aioseo_meta_data":{"post_id":"5922","title":null,"description":null,"keywords":null,"keyphrases":null,"primary_term":null,"canonical_url":null,"og_title":null,"og_description":null,"og_object_type":"default","og_image_type":"default","og_image_url":null,"og_image_width":null,"og_image_height":null,"og_image_custom_url":null,"og_image_custom_fields":null,"og_video":null,"og_custom_url":null,"og_article_section":null,"og_article_tags":null,"twitter_use_og":false,"twitter_card":"default","twitter_image_type":"default","twitter_image_url":null,"twitter_image_custom_url":null,"twitter_image_custom_fields":null,"twitter_title":null,"twitter_description":null,"schema":{"blockGraphs":[],"customGraphs":[],"default":{"data":{"Article":[],"Course":[],"Dataset":[],"FAQPage":[],"Movie":[],"Person":[],"Product":[],"ProductReview":[],"Car":[],"Recipe":[],"Service":[],"SoftwareApplication":[],"WebPage":[]},"graphName":"","isEnabled":true},"graphs":[]},"schema_type":"default","schema_type_options":null,"pillar_content":false,"robots_default":true,"robots_noindex":false,"robots_noarchive":false,"robots_nosnippet":false,"robots_nofollow":false,"robots_noimageindex":false,"robots_noodp":false,"robots_notranslate":false,"robots_max_snippet":null,"robots_max_videopreview":null,"robots_max_imagepreview":"large","priority":null,"frequency":null,"local_seo":null,"breadcrumb_settings":null,"limit_modified_date":false,"ai":null,"created":"2024-03-05 01:13:29","updated":"2026-03-03 04:36:47","seo_analyzer_scan_date":null,"focus_keyword":null,"additional_keywords":null,"truseo_locale":null},"aioseo_breadcrumb":"<div class=\"aioseo-breadcrumbs\"><span class=\"aioseo-breadcrumb\">\n\t\t\t<a href=\"https:\/\/contadoreshoy.com\" title=\"Home\">Home<\/a>\n\t\t<\/span><span class=\"aioseo-breadcrumb-separator\">&raquo;<\/span><span class=\"aioseo-breadcrumb\">\n\t\t\t<a href=\"https:\/\/contadoreshoy.com\/?cat=454\" title=\"Sin categor\u00eda\">Sin categor\u00eda<\/a>\n\t\t<\/span><span class=\"aioseo-breadcrumb-separator\">&raquo;<\/span><span class=\"aioseo-breadcrumb\">\n\t\t\tImplementaci\u00f3n del Sistema de la Seguridad y Salud en el Trabajo\n\t\t<\/span><\/div>","aioseo_breadcrumb_json":[{"label":"Home","link":"https:\/\/contadoreshoy.com"},{"label":"Sin categor\u00eda","link":"https:\/\/contadoreshoy.com\/?cat=454"},{"label":"Implementaci\u00f3n del Sistema de la Seguridad y Salud en el Trabajo","link":"https:\/\/contadoreshoy.com\/?p=5922"}],"yoast_head":"<!-- This site is optimized with the Yoast SEO plugin v28.4 - https:\/\/yoast.com\/product\/yoast-seo-wordpress\/ -->\n<title>Implementaci\u00f3n del Sistema de la Seguridad y Salud en el Trabajo - Contadores P\u00fablicos<\/title>\n<meta name=\"robots\" content=\"index, follow, max-snippet:-1, max-image-preview:large, max-video-preview:-1\" \/>\n<link rel=\"canonical\" href=\"https:\/\/contadoreshoy.com\/?p=5922\" \/>\n<meta property=\"og:locale\" content=\"es_ES\" \/>\n<meta property=\"og:type\" content=\"article\" \/>\n<meta property=\"og:title\" content=\"Implementaci\u00f3n del Sistema de la Seguridad y Salud en el Trabajo - Contadores P\u00fablicos\" \/>\n<meta property=\"og:description\" content=\"Las multas por no implementar el Sistema de Gesti\u00f3n de la Seguridad y Salud en el Trabajo (SG-SST), ascienden a la suma de 20 a 1.000 Salarios m\u00ednimos mensuales legales vigentes. El plazo vence el 31 de diciembre de 2015, para las empresas con menos de 10 trabajadores; el 30 de junio de 2016, para las empresas con 10 a 200 trabajadores; el 31 de diciembre de 2016, para las empresas de 201 o m\u00e1s trabajadores.\" \/>\n<meta property=\"og:url\" content=\"https:\/\/contadoreshoy.com\/?p=5922\" \/>\n<meta property=\"og:site_name\" content=\"Contadores P\u00fablicos\" \/>\n<meta property=\"article:publisher\" content=\"https:\/\/www.facebook.com\/CCCPBucaramanga\/\" \/>\n<meta property=\"article:published_time\" content=\"2015-09-18T13:48:42+00:00\" \/>\n<meta property=\"article:modified_time\" content=\"2017-02-05T03:00:43+00:00\" \/>\n<meta property=\"og:image\" content=\"https:\/\/contadoreshoy.com\/wp-content\/uploads\/2015\/09\/SEGURIDAD-EN-EL-TRABAJO.jpg\" \/>\n\t<meta property=\"og:image:width\" content=\"600\" \/>\n\t<meta property=\"og:image:height\" content=\"400\" \/>\n\t<meta property=\"og:image:type\" content=\"image\/jpeg\" \/>\n<meta name=\"author\" content=\"Miguel Antonio M\u00e1rquez Monta\u00f1ez\" \/>\n<meta name=\"twitter:card\" content=\"summary_large_image\" \/>\n<meta name=\"twitter:label1\" content=\"Escrito por\" \/>\n\t<meta name=\"twitter:data1\" content=\"Miguel Antonio M\u00e1rquez Monta\u00f1ez\" \/>\n\t<meta name=\"twitter:label2\" content=\"Tiempo de lectura\" \/>\n\t<meta name=\"twitter:data2\" content=\"61 minutos\" \/>\n<script type=\"application\/ld+json\" class=\"yoast-schema-graph\">{\"@context\":\"https:\\\/\\\/schema.org\",\"@graph\":[{\"@type\":\"Article\",\"@id\":\"https:\\\/\\\/contadoreshoy.com\\\/?p=5922#article\",\"isPartOf\":{\"@id\":\"https:\\\/\\\/contadoreshoy.com\\\/?p=5922\"},\"author\":{\"name\":\"Miguel Antonio M\u00e1rquez Monta\u00f1ez\",\"@id\":\"https:\\\/\\\/contadoreshoy.com\\\/#\\\/schema\\\/person\\\/96d8979cb865537c5dc9345e40089fc5\"},\"headline\":\"Implementaci\u00f3n del Sistema de la Seguridad y Salud en el Trabajo\",\"datePublished\":\"2015-09-18T13:48:42+00:00\",\"dateModified\":\"2017-02-05T03:00:43+00:00\",\"mainEntityOfPage\":{\"@id\":\"https:\\\/\\\/contadoreshoy.com\\\/?p=5922\"},\"wordCount\":12246,\"commentCount\":0,\"publisher\":{\"@id\":\"https:\\\/\\\/contadoreshoy.com\\\/#organization\"},\"image\":{\"@id\":\"https:\\\/\\\/contadoreshoy.com\\\/?p=5922#primaryimage\"},\"thumbnailUrl\":\"https:\\\/\\\/contadoreshoy.com\\\/wp-content\\\/uploads\\\/2015\\\/09\\\/SEGURIDAD-EN-EL-TRABAJO.jpg\",\"inLanguage\":\"es\",\"potentialAction\":[{\"@type\":\"CommentAction\",\"name\":\"Comment\",\"target\":[\"https:\\\/\\\/contadoreshoy.com\\\/?p=5922#respond\"]}]},{\"@type\":\"WebPage\",\"@id\":\"https:\\\/\\\/contadoreshoy.com\\\/?p=5922\",\"url\":\"https:\\\/\\\/contadoreshoy.com\\\/?p=5922\",\"name\":\"Implementaci\u00f3n del Sistema de la Seguridad y Salud en el Trabajo - Contadores P\u00fablicos\",\"isPartOf\":{\"@id\":\"https:\\\/\\\/contadoreshoy.com\\\/#website\"},\"primaryImageOfPage\":{\"@id\":\"https:\\\/\\\/contadoreshoy.com\\\/?p=5922#primaryimage\"},\"image\":{\"@id\":\"https:\\\/\\\/contadoreshoy.com\\\/?p=5922#primaryimage\"},\"thumbnailUrl\":\"https:\\\/\\\/contadoreshoy.com\\\/wp-content\\\/uploads\\\/2015\\\/09\\\/SEGURIDAD-EN-EL-TRABAJO.jpg\",\"datePublished\":\"2015-09-18T13:48:42+00:00\",\"dateModified\":\"2017-02-05T03:00:43+00:00\",\"breadcrumb\":{\"@id\":\"https:\\\/\\\/contadoreshoy.com\\\/?p=5922#breadcrumb\"},\"inLanguage\":\"es\",\"potentialAction\":[{\"@type\":\"ReadAction\",\"target\":[\"https:\\\/\\\/contadoreshoy.com\\\/?p=5922\"]}]},{\"@type\":\"ImageObject\",\"inLanguage\":\"es\",\"@id\":\"https:\\\/\\\/contadoreshoy.com\\\/?p=5922#primaryimage\",\"url\":\"https:\\\/\\\/contadoreshoy.com\\\/wp-content\\\/uploads\\\/2015\\\/09\\\/SEGURIDAD-EN-EL-TRABAJO.jpg\",\"contentUrl\":\"https:\\\/\\\/contadoreshoy.com\\\/wp-content\\\/uploads\\\/2015\\\/09\\\/SEGURIDAD-EN-EL-TRABAJO.jpg\",\"width\":600,\"height\":400},{\"@type\":\"BreadcrumbList\",\"@id\":\"https:\\\/\\\/contadoreshoy.com\\\/?p=5922#breadcrumb\",\"itemListElement\":[{\"@type\":\"ListItem\",\"position\":1,\"name\":\"Portada\",\"item\":\"https:\\\/\\\/contadoreshoy.com\\\/\"},{\"@type\":\"ListItem\",\"position\":2,\"name\":\"Implementaci\u00f3n del Sistema de la Seguridad y Salud en el Trabajo\"}]},{\"@type\":\"WebSite\",\"@id\":\"https:\\\/\\\/contadoreshoy.com\\\/#website\",\"url\":\"https:\\\/\\\/contadoreshoy.com\\\/\",\"name\":\"Contadorespublicossantander\",\"description\":\"Portal para Contadores P\u00fablicos y empresarios\",\"publisher\":{\"@id\":\"https:\\\/\\\/contadoreshoy.com\\\/#organization\"},\"potentialAction\":[{\"@type\":\"SearchAction\",\"target\":{\"@type\":\"EntryPoint\",\"urlTemplate\":\"https:\\\/\\\/contadoreshoy.com\\\/?s={search_term_string}\"},\"query-input\":{\"@type\":\"PropertyValueSpecification\",\"valueRequired\":true,\"valueName\":\"search_term_string\"}}],\"inLanguage\":\"es\"},{\"@type\":\"Organization\",\"@id\":\"https:\\\/\\\/contadoreshoy.com\\\/#organization\",\"name\":\"Contadores P\u00fablicos de Santander\",\"url\":\"https:\\\/\\\/contadoreshoy.com\\\/\",\"logo\":{\"@type\":\"ImageObject\",\"inLanguage\":\"es\",\"@id\":\"https:\\\/\\\/contadoreshoy.com\\\/#\\\/schema\\\/logo\\\/image\\\/\",\"url\":\"https:\\\/\\\/contadoreshoy.com\\\/wp-content\\\/uploads\\\/2024\\\/01\\\/cropped-cropped-Copia-de-M-1.jpg\",\"contentUrl\":\"https:\\\/\\\/contadoreshoy.com\\\/wp-content\\\/uploads\\\/2024\\\/01\\\/cropped-cropped-Copia-de-M-1.jpg\",\"width\":499,\"height\":500,\"caption\":\"Contadores P\u00fablicos de Santander\"},\"image\":{\"@id\":\"https:\\\/\\\/contadoreshoy.com\\\/#\\\/schema\\\/logo\\\/image\\\/\"},\"sameAs\":[\"https:\\\/\\\/www.facebook.com\\\/CCCPBucaramanga\\\/\"]},{\"@type\":\"Person\",\"@id\":\"https:\\\/\\\/contadoreshoy.com\\\/#\\\/schema\\\/person\\\/96d8979cb865537c5dc9345e40089fc5\",\"name\":\"Miguel Antonio M\u00e1rquez Monta\u00f1ez\",\"description\":\"Contador P\u00fablico egresado de la Universidad Aut\u00f3noma de Bucaramanga - Asesor contable tributario con m\u00e1s de 25 a\u00f1os de experiencia - Conferencista en temas contables y tributarios - T\u00e9cnico en Hardware y Dise\u00f1o Web - Creador y director Grupo de Estudio Colegio Colombiano de Contadores P\u00fablicos de Bucaramanga - Creador y Master Web p\u00e1gina www.contadoresp\u00fablicossantander.com - Expresidente Colegio Colombiano de Contadores P\u00fablicos Bucaramanga\",\"url\":\"https:\\\/\\\/contadoreshoy.com\\\/?author=1\"}]}<\/script>\n<!-- \/ Yoast SEO plugin. -->","yoast_head_json":{"title":"Implementaci\u00f3n del Sistema de la Seguridad y Salud en el Trabajo - Contadores P\u00fablicos","robots":{"index":"index","follow":"follow","max-snippet":"max-snippet:-1","max-image-preview":"max-image-preview:large","max-video-preview":"max-video-preview:-1"},"canonical":"https:\/\/contadoreshoy.com\/?p=5922","og_locale":"es_ES","og_type":"article","og_title":"Implementaci\u00f3n del Sistema de la Seguridad y Salud en el Trabajo - Contadores P\u00fablicos","og_description":"Las multas por no implementar el Sistema de Gesti\u00f3n de la Seguridad y Salud en el Trabajo (SG-SST), ascienden a la suma de 20 a 1.000 Salarios m\u00ednimos mensuales legales vigentes. El plazo vence el 31 de diciembre de 2015, para las empresas con menos de 10 trabajadores; el 30 de junio de 2016, para las empresas con 10 a 200 trabajadores; el 31 de diciembre de 2016, para las empresas de 201 o m\u00e1s trabajadores.","og_url":"https:\/\/contadoreshoy.com\/?p=5922","og_site_name":"Contadores P\u00fablicos","article_publisher":"https:\/\/www.facebook.com\/CCCPBucaramanga\/","article_published_time":"2015-09-18T13:48:42+00:00","article_modified_time":"2017-02-05T03:00:43+00:00","og_image":[{"width":600,"height":400,"url":"https:\/\/contadoreshoy.com\/wp-content\/uploads\/2015\/09\/SEGURIDAD-EN-EL-TRABAJO.jpg","type":"image\/jpeg"}],"author":"Miguel Antonio M\u00e1rquez Monta\u00f1ez","twitter_card":"summary_large_image","twitter_misc":{"Escrito por":"Miguel Antonio M\u00e1rquez Monta\u00f1ez","Tiempo de lectura":"61 minutos"},"schema":{"@context":"https:\/\/schema.org","@graph":[{"@type":"Article","@id":"https:\/\/contadoreshoy.com\/?p=5922#article","isPartOf":{"@id":"https:\/\/contadoreshoy.com\/?p=5922"},"author":{"name":"Miguel Antonio M\u00e1rquez Monta\u00f1ez","@id":"https:\/\/contadoreshoy.com\/#\/schema\/person\/96d8979cb865537c5dc9345e40089fc5"},"headline":"Implementaci\u00f3n del Sistema de la Seguridad y Salud en el Trabajo","datePublished":"2015-09-18T13:48:42+00:00","dateModified":"2017-02-05T03:00:43+00:00","mainEntityOfPage":{"@id":"https:\/\/contadoreshoy.com\/?p=5922"},"wordCount":12246,"commentCount":0,"publisher":{"@id":"https:\/\/contadoreshoy.com\/#organization"},"image":{"@id":"https:\/\/contadoreshoy.com\/?p=5922#primaryimage"},"thumbnailUrl":"https:\/\/contadoreshoy.com\/wp-content\/uploads\/2015\/09\/SEGURIDAD-EN-EL-TRABAJO.jpg","inLanguage":"es","potentialAction":[{"@type":"CommentAction","name":"Comment","target":["https:\/\/contadoreshoy.com\/?p=5922#respond"]}]},{"@type":"WebPage","@id":"https:\/\/contadoreshoy.com\/?p=5922","url":"https:\/\/contadoreshoy.com\/?p=5922","name":"Implementaci\u00f3n del Sistema de la Seguridad y Salud en el Trabajo - Contadores P\u00fablicos","isPartOf":{"@id":"https:\/\/contadoreshoy.com\/#website"},"primaryImageOfPage":{"@id":"https:\/\/contadoreshoy.com\/?p=5922#primaryimage"},"image":{"@id":"https:\/\/contadoreshoy.com\/?p=5922#primaryimage"},"thumbnailUrl":"https:\/\/contadoreshoy.com\/wp-content\/uploads\/2015\/09\/SEGURIDAD-EN-EL-TRABAJO.jpg","datePublished":"2015-09-18T13:48:42+00:00","dateModified":"2017-02-05T03:00:43+00:00","breadcrumb":{"@id":"https:\/\/contadoreshoy.com\/?p=5922#breadcrumb"},"inLanguage":"es","potentialAction":[{"@type":"ReadAction","target":["https:\/\/contadoreshoy.com\/?p=5922"]}]},{"@type":"ImageObject","inLanguage":"es","@id":"https:\/\/contadoreshoy.com\/?p=5922#primaryimage","url":"https:\/\/contadoreshoy.com\/wp-content\/uploads\/2015\/09\/SEGURIDAD-EN-EL-TRABAJO.jpg","contentUrl":"https:\/\/contadoreshoy.com\/wp-content\/uploads\/2015\/09\/SEGURIDAD-EN-EL-TRABAJO.jpg","width":600,"height":400},{"@type":"BreadcrumbList","@id":"https:\/\/contadoreshoy.com\/?p=5922#breadcrumb","itemListElement":[{"@type":"ListItem","position":1,"name":"Portada","item":"https:\/\/contadoreshoy.com\/"},{"@type":"ListItem","position":2,"name":"Implementaci\u00f3n del Sistema de la Seguridad y Salud en el Trabajo"}]},{"@type":"WebSite","@id":"https:\/\/contadoreshoy.com\/#website","url":"https:\/\/contadoreshoy.com\/","name":"Contadorespublicossantander","description":"Portal para Contadores P\u00fablicos y empresarios","publisher":{"@id":"https:\/\/contadoreshoy.com\/#organization"},"potentialAction":[{"@type":"SearchAction","target":{"@type":"EntryPoint","urlTemplate":"https:\/\/contadoreshoy.com\/?s={search_term_string}"},"query-input":{"@type":"PropertyValueSpecification","valueRequired":true,"valueName":"search_term_string"}}],"inLanguage":"es"},{"@type":"Organization","@id":"https:\/\/contadoreshoy.com\/#organization","name":"Contadores P\u00fablicos de Santander","url":"https:\/\/contadoreshoy.com\/","logo":{"@type":"ImageObject","inLanguage":"es","@id":"https:\/\/contadoreshoy.com\/#\/schema\/logo\/image\/","url":"https:\/\/contadoreshoy.com\/wp-content\/uploads\/2024\/01\/cropped-cropped-Copia-de-M-1.jpg","contentUrl":"https:\/\/contadoreshoy.com\/wp-content\/uploads\/2024\/01\/cropped-cropped-Copia-de-M-1.jpg","width":499,"height":500,"caption":"Contadores P\u00fablicos de Santander"},"image":{"@id":"https:\/\/contadoreshoy.com\/#\/schema\/logo\/image\/"},"sameAs":["https:\/\/www.facebook.com\/CCCPBucaramanga\/"]},{"@type":"Person","@id":"https:\/\/contadoreshoy.com\/#\/schema\/person\/96d8979cb865537c5dc9345e40089fc5","name":"Miguel Antonio M\u00e1rquez Monta\u00f1ez","description":"Contador P\u00fablico egresado de la Universidad Aut\u00f3noma de Bucaramanga - Asesor contable tributario con m\u00e1s de 25 a\u00f1os de experiencia - Conferencista en temas contables y tributarios - T\u00e9cnico en Hardware y Dise\u00f1o Web - Creador y director Grupo de Estudio Colegio Colombiano de Contadores P\u00fablicos de Bucaramanga - Creador y Master Web p\u00e1gina www.contadoresp\u00fablicossantander.com - Expresidente Colegio Colombiano de Contadores P\u00fablicos Bucaramanga","url":"https:\/\/contadoreshoy.com\/?author=1"}]}},"_links":{"self":[{"href":"https:\/\/contadoreshoy.com\/index.php?rest_route=\/wp\/v2\/posts\/5922","targetHints":{"allow":["GET"]}}],"collection":[{"href":"https:\/\/contadoreshoy.com\/index.php?rest_route=\/wp\/v2\/posts"}],"about":[{"href":"https:\/\/contadoreshoy.com\/index.php?rest_route=\/wp\/v2\/types\/post"}],"author":[{"embeddable":true,"href":"https:\/\/contadoreshoy.com\/index.php?rest_route=\/wp\/v2\/users\/1"}],"replies":[{"embeddable":true,"href":"https:\/\/contadoreshoy.com\/index.php?rest_route=%2Fwp%2Fv2%2Fcomments&post=5922"}],"version-history":[{"count":1,"href":"https:\/\/contadoreshoy.com\/index.php?rest_route=\/wp\/v2\/posts\/5922\/revisions"}],"predecessor-version":[{"id":8051,"href":"https:\/\/contadoreshoy.com\/index.php?rest_route=\/wp\/v2\/posts\/5922\/revisions\/8051"}],"wp:featuredmedia":[{"embeddable":true,"href":"https:\/\/contadoreshoy.com\/index.php?rest_route=\/wp\/v2\/media\/5923"}],"wp:attachment":[{"href":"https:\/\/contadoreshoy.com\/index.php?rest_route=%2Fwp%2Fv2%2Fmedia&parent=5922"}],"wp:term":[{"taxonomy":"category","embeddable":true,"href":"https:\/\/contadoreshoy.com\/index.php?rest_route=%2Fwp%2Fv2%2Fcategories&post=5922"},{"taxonomy":"post_tag","embeddable":true,"href":"https:\/\/contadoreshoy.com\/index.php?rest_route=%2Fwp%2Fv2%2Ftags&post=5922"}],"curies":[{"name":"wp","href":"https:\/\/api.w.org\/{rel}","templated":true}]}}