{"id":5936,"date":"2015-09-21T21:44:12","date_gmt":"2015-09-22T02:44:12","guid":{"rendered":"http:\/\/colegiocolombianodecontadores.com\/?p=5936"},"modified":"2017-02-04T22:00:42","modified_gmt":"2017-02-05T03:00:42","slug":"venta-de-establecimiento-de-comercio-reconocido-como-deposito-franco","status":"publish","type":"post","link":"https:\/\/contadoreshoy.com\/?p=5936","title":{"rendered":"Venta de establecimiento de comercio reconocido como dep\u00f3sito Franco"},"content":{"rendered":"<p style=\"text-align: center;\"><strong>OFICIO N\u00daMERO 023133 DE 2015 &#8211; DIAN<br \/>\n<\/strong><\/p>\n<p style=\"text-align: center;\">(agosto 6)<\/p>\n<p>Subdirecci\u00f3n de Gesti\u00f3n Normativa y Doctrina<\/p>\n<p>Bogot\u00e1, D. C., 3 de agosto de 2015<\/p>\n<p>100208221-000992<\/p>\n<p>Ref.: Radicado 49001 de 04\/08\/2014<\/p>\n<p>Tema : Aduanas<\/p>\n<p>Descriptores : Dep\u00f3sitos Francos Autorizados &#8211; Requisitos<\/p>\n<p>Fuentes Formales: Decreto 2685 de 1999, art\u00edculos 50, 51 y 63<\/p>\n<p style=\"text-align: justify;\">Acorde con lo preceptuado en el art\u00edculo 20 del Decreto 4048 de 2008, este Despacho est\u00e1 facultado para resolver las consultas que se formulen sobre la interpretaci\u00f3n y aplicaci\u00f3n de las normas tributarias, aduaneras y cambiarias, en el marco de la competencia asignada a la Direcci\u00f3n de Impuestos y Aduanas Nacionales.<\/p>\n<p style=\"text-align: justify;\">Se consulta con respecto a los Dep\u00f3sitos Francos:<\/p>\n<ol style=\"text-align: justify;\">\n<li><span style=\"color: #0000ff;\">Un establecimiento de comercio reconocido como dep\u00f3sito franco \u201c\u00bfpuede ser vendido a una persona natural o jur\u00eddica?\u201d<\/span><\/li>\n<li><span style=\"color: #0000ff;\">Al realizarse la venta del establecimiento de comercio, \u201cse transfiere al comprador el derecho de hacer uso de tal figura aduanera \u00bfy desde qu\u00e9 fecha?<\/span><\/li>\n<li><span style=\"color: #0000ff;\">El nuevo titular del establecimiento, debe adelantar alg\u00fan tr\u00e1mite ante la DIAN y \u00bfqu\u00e9 requisitos requiere?\u201d.<\/span><\/li>\n<li><span style=\"color: #0000ff;\">\u00bfQu\u00e9 efectos tributarios conlleva la venta del establecimiento?<\/span><\/li>\n<\/ol>\n<p style=\"text-align: justify;\"><span style=\"color: #ff9900;\">Sea lo primero precisar que la actividad mercantil del establecimiento de comercio que tiene la calidad de dep\u00f3sitos francos se encuentra sometidos a la regulaci\u00f3n aduanera se\u00f1alada en el art\u00edculo 63 del Decreto 2685 de 1999, como: \u201c<em>aquellos lugares habilitados por la Direcci\u00f3n de Impuestos y Aduanas Nacionales para el almacenamiento, exhibici\u00f3n y venta de mercanc\u00edas a viajeros que ingresen o salgan del territorio aduanero nacional\u2026\u201d.<\/em><\/span><\/p>\n<p style=\"text-align: justify;\"><span style=\"color: #ff9900;\">La habilitaci\u00f3n de estos dep\u00f3sitos solo podr\u00e1 realizarse dentro de las instalaciones de los aeropuertos y de los puertos mar\u00edtimos con operaci\u00f3n internacional.<\/span><\/p>\n<p style=\"text-align: justify;\">En dichos dep\u00f3sitos solo se podr\u00e1n almacenar las mercanc\u00edas que seg\u00fan lo previsto en este Decreto y en las normas que lo reglamenten, puedan ser objeto de este tratamiento.<\/p>\n<p style=\"text-align: justify;\">Las instalaciones y el \u00e1rea de almacenamiento deber\u00e1n cumplir con las especificaciones t\u00e9cnicas y de seguridad que la autoridad aduanera determine para el adecuado almacenamiento de las mercanc\u00edas.<\/p>\n<p style=\"text-align: justify;\"><span style=\"color: #ff9900;\">Ahora bien de conformidad con la legislaci\u00f3n aduanera, para efectos de obtener la habilitaci\u00f3n de un Dep\u00f3sito Franco, el solicitante que pretenda ser titular de la misma, debe reunir o acreditar requisitos relativos entre otros, a los dispuestos en los art\u00edculos 63, 65, 69 y 71 del citado decreto.<\/span><\/p>\n<p style=\"text-align: justify;\">La habilitaci\u00f3n de un dep\u00f3sito franco se concede previo el cumplimiento de los requisitos se\u00f1alados en cita, al acreditar las condiciones y requisitos ante la autoridad aduanera, oblig\u00e1ndose el titular a mantenerlos durante la vigencia de la misma, pudiendo esta en cualquier momento verificarlos.<\/p>\n<p style=\"text-align: justify;\">El cambio de titular de la habilitaci\u00f3n como consecuencia de la venta del establecimiento de comercio, implica que el nuevo titular debe reunir los requisitos exigibles para la habilitaci\u00f3n, debiendo en consecuencia existir un acto administrativo en el cual se consigne dicha circunstancia y se reconozca como tal.<\/p>\n<p style=\"text-align: justify;\"><span style=\"color: #ff9900;\">As\u00ed las cosas, no existe impedimento o restricci\u00f3n legal alguna que impida la venta del establecimiento de comercio siempre y cuando el nuevo titular re\u00fana los requisitos exigidos por la legislaci\u00f3n aduanera para el otorgamiento de la habilitaci\u00f3n del Dep\u00f3sito Franco y en cuanto a los efectos tributarios que conlleva la venta, son los generales consagrados en la legislaci\u00f3n tributaria para esta clase de operaciones, no teniendo por tanto un tratamiento tributario especial.<\/span><\/p>\n<p style=\"text-align: justify;\">En los anteriores t\u00e9rminos se resuelve su consulta y cordialmente le informamos que tanto la normatividad en materia tributaria, aduanera y cambiaria, como los conceptos emitidos por la Direcci\u00f3n de Gesti\u00f3n Jur\u00eddica en estas materias pueden consultarse directamente en nuestra base de datos jur\u00eddica ingresando a la p\u00e1gina electr\u00f3nica de la DIAN: www.dian. gov.co siguiendo los iconos: \u201cNormatividad\u201d &#8211; \u201ct\u00e9cnica\u201d y seleccionando los v\u00ednculos \u201cDoctrina\u201d y \u201cDirecci\u00f3n de Gesti\u00f3n Jur\u00eddica\u201d.<\/p>\n<p style=\"text-align: justify;\">Atentamente,<\/p>\n<p style=\"text-align: justify;\">El Subdirector de Gesti\u00f3n Normativa y Doctrina (e),<\/p>\n<p style=\"text-align: justify;\"><em>Pedro Pablo Contreras Camargo.<\/em><\/p>\n<p style=\"text-align: justify;\"><strong>(C. F.).<\/strong><\/p>\n","protected":false},"excerpt":{"rendered":"<p>Un establecimiento de comercio reconocido como dep\u00f3sito franco \u201c\u00bfpuede ser vendido a una persona natural o jur\u00eddica?\u201d<\/p>\n","protected":false},"author":1,"featured_media":5937,"comment_status":"open","ping_status":"open","sticky":false,"template":"","format":"standard","meta":{"_monsterinsights_skip_tracking":false,"ngg_post_thumbnail":0,"footnotes":"","_links_to":"","_links_to_target":""},"categories":[456],"tags":[],"class_list":["post-5936","post","type-post","status-publish","format-standard","has-post-thumbnail","hentry","category-conceptos-y-oficios-dian"],"aioseo_notices":[],"aioseo_head":"\n\t\t<!-- All in One SEO 5.0.1.1 - aioseo.com -->\n\t<meta name=\"description\" content=\"Un establecimiento de comercio reconocido como dep\u00f3sito franco \u201c\u00bfpuede ser vendido a una persona natural o jur\u00eddica?\u201d\" \/>\n\t<meta name=\"robots\" content=\"max-image-preview:large\" \/>\n\t<meta name=\"author\" content=\"Miguel Antonio M\u00e1rquez Monta\u00f1ez\"\/>\n\t<link rel=\"canonical\" href=\"https:\/\/contadoreshoy.com\/?p=5936\" \/>\n\t<meta name=\"generator\" content=\"All in One SEO (AIOSEO) 5.0.1.1\" \/>\n\t\t<meta property=\"og:locale\" content=\"es_ES\" \/>\n\t\t<meta property=\"og:site_name\" content=\"Contadores P\u00fablicos - Portal para Contadores P\u00fablicos y empresarios\" \/>\n\t\t<meta property=\"og:type\" content=\"article\" \/>\n\t\t<meta property=\"og:title\" content=\"Venta de establecimiento de comercio reconocido como dep\u00f3sito Franco - Contadores P\u00fablicos\" \/>\n\t\t<meta property=\"og:description\" content=\"Un establecimiento de comercio reconocido como dep\u00f3sito franco \u201c\u00bfpuede ser vendido a una persona natural o jur\u00eddica?\u201d\" \/>\n\t\t<meta property=\"og:url\" content=\"https:\/\/contadoreshoy.com\/?p=5936\" \/>\n\t\t<meta property=\"og:image\" content=\"https:\/\/contadoreshoy.com\/wp-content\/uploads\/2024\/01\/cropped-cropped-cropped-Copia-de-M.jpg\" \/>\n\t\t<meta property=\"og:image:secure_url\" content=\"https:\/\/contadoreshoy.com\/wp-content\/uploads\/2024\/01\/cropped-cropped-cropped-Copia-de-M.jpg\" \/>\n\t\t<meta property=\"og:image:width\" content=\"512\" \/>\n\t\t<meta property=\"og:image:height\" content=\"371\" \/>\n\t\t<meta property=\"article:published_time\" content=\"2015-09-22T02:44:12+00:00\" \/>\n\t\t<meta property=\"article:modified_time\" content=\"2017-02-05T03:00:42+00:00\" \/>\n\t\t<meta name=\"twitter:card\" content=\"summary_large_image\" \/>\n\t\t<meta name=\"twitter:title\" content=\"Venta de establecimiento de comercio reconocido como dep\u00f3sito Franco - Contadores P\u00fablicos\" \/>\n\t\t<meta name=\"twitter:description\" content=\"Un establecimiento de comercio reconocido como dep\u00f3sito franco \u201c\u00bfpuede ser vendido a una persona natural o jur\u00eddica?\u201d\" \/>\n\t\t<meta name=\"twitter:image\" content=\"https:\/\/contadoreshoy.com\/wp-content\/uploads\/2024\/01\/cropped-cropped-cropped-Copia-de-M.jpg\" \/>\n\t\t<script type=\"application\/ld+json\" class=\"aioseo-schema\">\n\t\t\t{\"@context\":\"https:\\\/\\\/schema.org\",\"@graph\":[{\"@type\":\"BlogPosting\",\"@id\":\"https:\\\/\\\/contadoreshoy.com\\\/?p=5936#blogposting\",\"name\":\"Venta de establecimiento de comercio reconocido como dep\\u00f3sito Franco - Contadores P\\u00fablicos\",\"headline\":\"Venta de establecimiento de comercio reconocido como dep\\u00f3sito Franco\",\"author\":{\"@id\":\"https:\\\/\\\/contadoreshoy.com\\\/?author=1#author\"},\"publisher\":{\"@id\":\"https:\\\/\\\/contadoreshoy.com\\\/#organization\"},\"image\":{\"@type\":\"ImageObject\",\"url\":\"https:\\\/\\\/contadoreshoy.com\\\/wp-content\\\/uploads\\\/2015\\\/09\\\/Dep\\u00f3sito-franco.jpg\",\"width\":600,\"height\":400},\"datePublished\":\"2015-09-21T21:44:12-05:00\",\"dateModified\":\"2017-02-04T22:00:42-05:00\",\"inLanguage\":\"es-ES\",\"mainEntityOfPage\":{\"@id\":\"https:\\\/\\\/contadoreshoy.com\\\/?p=5936#webpage\"},\"isPartOf\":{\"@id\":\"https:\\\/\\\/contadoreshoy.com\\\/?p=5936#webpage\"},\"articleSection\":\"Conceptos y Oficios DIAN\"},{\"@type\":\"BreadcrumbList\",\"@id\":\"https:\\\/\\\/contadoreshoy.com\\\/?p=5936#breadcrumblist\",\"itemListElement\":[{\"@type\":\"ListItem\",\"@id\":\"https:\\\/\\\/contadoreshoy.com#listItem\",\"position\":1,\"name\":\"Home\",\"item\":\"https:\\\/\\\/contadoreshoy.com\",\"nextItem\":{\"@type\":\"ListItem\",\"@id\":\"https:\\\/\\\/contadoreshoy.com\\\/?cat=456#listItem\",\"name\":\"Conceptos y Oficios DIAN\"}},{\"@type\":\"ListItem\",\"@id\":\"https:\\\/\\\/contadoreshoy.com\\\/?cat=456#listItem\",\"position\":2,\"name\":\"Conceptos y Oficios DIAN\",\"item\":\"https:\\\/\\\/contadoreshoy.com\\\/?cat=456\",\"nextItem\":{\"@type\":\"ListItem\",\"@id\":\"https:\\\/\\\/contadoreshoy.com\\\/?p=5936#listItem\",\"name\":\"Venta de establecimiento de comercio reconocido como dep\\u00f3sito Franco\"},\"previousItem\":{\"@type\":\"ListItem\",\"@id\":\"https:\\\/\\\/contadoreshoy.com#listItem\",\"name\":\"Home\"}},{\"@type\":\"ListItem\",\"@id\":\"https:\\\/\\\/contadoreshoy.com\\\/?p=5936#listItem\",\"position\":3,\"name\":\"Venta de establecimiento de comercio reconocido como dep\\u00f3sito Franco\",\"previousItem\":{\"@type\":\"ListItem\",\"@id\":\"https:\\\/\\\/contadoreshoy.com\\\/?cat=456#listItem\",\"name\":\"Conceptos y Oficios DIAN\"}}]},{\"@type\":\"Organization\",\"@id\":\"https:\\\/\\\/contadoreshoy.com\\\/#organization\",\"name\":\"Contadores P\\u00fablicos\",\"description\":\"Portal para Contadores P\\u00fablicos y empresarios\",\"url\":\"https:\\\/\\\/contadoreshoy.com\\\/\",\"logo\":{\"@type\":\"ImageObject\",\"url\":\"https:\\\/\\\/contadoreshoy.com\\\/wp-content\\\/uploads\\\/2024\\\/01\\\/cropped-cropped-Copia-de-M-1.jpg\",\"@id\":\"https:\\\/\\\/contadoreshoy.com\\\/?p=5936\\\/#organizationLogo\",\"width\":499,\"height\":500},\"image\":{\"@id\":\"https:\\\/\\\/contadoreshoy.com\\\/?p=5936\\\/#organizationLogo\"}},{\"@type\":\"Person\",\"@id\":\"https:\\\/\\\/contadoreshoy.com\\\/?author=1#author\",\"url\":\"https:\\\/\\\/contadoreshoy.com\\\/?author=1\",\"name\":\"Miguel Antonio M\\u00e1rquez Monta\\u00f1ez\"},{\"@type\":\"WebPage\",\"@id\":\"https:\\\/\\\/contadoreshoy.com\\\/?p=5936#webpage\",\"url\":\"https:\\\/\\\/contadoreshoy.com\\\/?p=5936\",\"name\":\"Venta de establecimiento de comercio reconocido como dep\\u00f3sito Franco - Contadores P\\u00fablicos\",\"description\":\"Un establecimiento de comercio reconocido como dep\\u00f3sito franco \\u201c\\u00bfpuede ser vendido a una persona natural o jur\\u00eddica?\\u201d\",\"inLanguage\":\"es-ES\",\"isPartOf\":{\"@id\":\"https:\\\/\\\/contadoreshoy.com\\\/#website\"},\"breadcrumb\":{\"@id\":\"https:\\\/\\\/contadoreshoy.com\\\/?p=5936#breadcrumblist\"},\"author\":{\"@id\":\"https:\\\/\\\/contadoreshoy.com\\\/?author=1#author\"},\"creator\":{\"@id\":\"https:\\\/\\\/contadoreshoy.com\\\/?author=1#author\"},\"image\":{\"@type\":\"ImageObject\",\"url\":\"https:\\\/\\\/contadoreshoy.com\\\/wp-content\\\/uploads\\\/2015\\\/09\\\/Dep\\u00f3sito-franco.jpg\",\"@id\":\"https:\\\/\\\/contadoreshoy.com\\\/?p=5936\\\/#mainImage\",\"width\":600,\"height\":400},\"primaryImageOfPage\":{\"@id\":\"https:\\\/\\\/contadoreshoy.com\\\/?p=5936#mainImage\"},\"datePublished\":\"2015-09-21T21:44:12-05:00\",\"dateModified\":\"2017-02-04T22:00:42-05:00\"},{\"@type\":\"WebSite\",\"@id\":\"https:\\\/\\\/contadoreshoy.com\\\/#website\",\"url\":\"https:\\\/\\\/contadoreshoy.com\\\/\",\"name\":\"Contadores P\\u00fablicos\",\"description\":\"Portal para Contadores P\\u00fablicos y empresarios\",\"inLanguage\":\"es-ES\",\"publisher\":{\"@id\":\"https:\\\/\\\/contadoreshoy.com\\\/#organization\"}}]}\n\t\t<\/script>\n\t\t<!-- All in One SEO -->\n\n","aioseo_head_json":{"title":"Venta de establecimiento de comercio reconocido como dep\u00f3sito Franco - Contadores P\u00fablicos","description":"Un establecimiento de comercio reconocido como dep\u00f3sito franco \u201c\u00bfpuede ser vendido a una persona natural o jur\u00eddica?\u201d","canonical_url":"https:\/\/contadoreshoy.com\/?p=5936","robots":"max-image-preview:large","keywords":"","webmasterTools":{"miscellaneous":""},"schema":{"@context":"https:\/\/schema.org","@graph":[{"@type":"BlogPosting","@id":"https:\/\/contadoreshoy.com\/?p=5936#blogposting","name":"Venta de establecimiento de comercio reconocido como dep\u00f3sito Franco - Contadores P\u00fablicos","headline":"Venta de establecimiento de comercio reconocido como dep\u00f3sito Franco","author":{"@id":"https:\/\/contadoreshoy.com\/?author=1#author"},"publisher":{"@id":"https:\/\/contadoreshoy.com\/#organization"},"image":{"@type":"ImageObject","url":"https:\/\/contadoreshoy.com\/wp-content\/uploads\/2015\/09\/Dep\u00f3sito-franco.jpg","width":600,"height":400},"datePublished":"2015-09-21T21:44:12-05:00","dateModified":"2017-02-04T22:00:42-05:00","inLanguage":"es-ES","mainEntityOfPage":{"@id":"https:\/\/contadoreshoy.com\/?p=5936#webpage"},"isPartOf":{"@id":"https:\/\/contadoreshoy.com\/?p=5936#webpage"},"articleSection":"Conceptos y Oficios DIAN"},{"@type":"BreadcrumbList","@id":"https:\/\/contadoreshoy.com\/?p=5936#breadcrumblist","itemListElement":[{"@type":"ListItem","@id":"https:\/\/contadoreshoy.com#listItem","position":1,"name":"Home","item":"https:\/\/contadoreshoy.com","nextItem":{"@type":"ListItem","@id":"https:\/\/contadoreshoy.com\/?cat=456#listItem","name":"Conceptos y Oficios DIAN"}},{"@type":"ListItem","@id":"https:\/\/contadoreshoy.com\/?cat=456#listItem","position":2,"name":"Conceptos y Oficios DIAN","item":"https:\/\/contadoreshoy.com\/?cat=456","nextItem":{"@type":"ListItem","@id":"https:\/\/contadoreshoy.com\/?p=5936#listItem","name":"Venta de establecimiento de comercio reconocido como dep\u00f3sito Franco"},"previousItem":{"@type":"ListItem","@id":"https:\/\/contadoreshoy.com#listItem","name":"Home"}},{"@type":"ListItem","@id":"https:\/\/contadoreshoy.com\/?p=5936#listItem","position":3,"name":"Venta de establecimiento de comercio reconocido como dep\u00f3sito Franco","previousItem":{"@type":"ListItem","@id":"https:\/\/contadoreshoy.com\/?cat=456#listItem","name":"Conceptos y Oficios DIAN"}}]},{"@type":"Organization","@id":"https:\/\/contadoreshoy.com\/#organization","name":"Contadores P\u00fablicos","description":"Portal para Contadores P\u00fablicos y empresarios","url":"https:\/\/contadoreshoy.com\/","logo":{"@type":"ImageObject","url":"https:\/\/contadoreshoy.com\/wp-content\/uploads\/2024\/01\/cropped-cropped-Copia-de-M-1.jpg","@id":"https:\/\/contadoreshoy.com\/?p=5936\/#organizationLogo","width":499,"height":500},"image":{"@id":"https:\/\/contadoreshoy.com\/?p=5936\/#organizationLogo"}},{"@type":"Person","@id":"https:\/\/contadoreshoy.com\/?author=1#author","url":"https:\/\/contadoreshoy.com\/?author=1","name":"Miguel Antonio M\u00e1rquez Monta\u00f1ez"},{"@type":"WebPage","@id":"https:\/\/contadoreshoy.com\/?p=5936#webpage","url":"https:\/\/contadoreshoy.com\/?p=5936","name":"Venta de establecimiento de comercio reconocido como dep\u00f3sito Franco - Contadores P\u00fablicos","description":"Un establecimiento de comercio reconocido como dep\u00f3sito franco \u201c\u00bfpuede ser vendido a una persona natural o jur\u00eddica?\u201d","inLanguage":"es-ES","isPartOf":{"@id":"https:\/\/contadoreshoy.com\/#website"},"breadcrumb":{"@id":"https:\/\/contadoreshoy.com\/?p=5936#breadcrumblist"},"author":{"@id":"https:\/\/contadoreshoy.com\/?author=1#author"},"creator":{"@id":"https:\/\/contadoreshoy.com\/?author=1#author"},"image":{"@type":"ImageObject","url":"https:\/\/contadoreshoy.com\/wp-content\/uploads\/2015\/09\/Dep\u00f3sito-franco.jpg","@id":"https:\/\/contadoreshoy.com\/?p=5936\/#mainImage","width":600,"height":400},"primaryImageOfPage":{"@id":"https:\/\/contadoreshoy.com\/?p=5936#mainImage"},"datePublished":"2015-09-21T21:44:12-05:00","dateModified":"2017-02-04T22:00:42-05:00"},{"@type":"WebSite","@id":"https:\/\/contadoreshoy.com\/#website","url":"https:\/\/contadoreshoy.com\/","name":"Contadores P\u00fablicos","description":"Portal para Contadores P\u00fablicos y empresarios","inLanguage":"es-ES","publisher":{"@id":"https:\/\/contadoreshoy.com\/#organization"}}]},"og:locale":"es_ES","og:site_name":"Contadores P\u00fablicos - Portal para Contadores P\u00fablicos y empresarios","og:type":"article","og:title":"Venta de establecimiento de comercio reconocido como dep\u00f3sito Franco - Contadores P\u00fablicos","og:description":"Un establecimiento de comercio reconocido como dep\u00f3sito franco \u201c\u00bfpuede ser vendido a una persona natural o jur\u00eddica?\u201d","og:url":"https:\/\/contadoreshoy.com\/?p=5936","og:image":"https:\/\/contadoreshoy.com\/wp-content\/uploads\/2024\/01\/cropped-cropped-cropped-Copia-de-M.jpg","og:image:secure_url":"https:\/\/contadoreshoy.com\/wp-content\/uploads\/2024\/01\/cropped-cropped-cropped-Copia-de-M.jpg","og:image:width":512,"og:image:height":371,"article:published_time":"2015-09-22T02:44:12+00:00","article:modified_time":"2017-02-05T03:00:42+00:00","twitter:card":"summary_large_image","twitter:title":"Venta de establecimiento de comercio reconocido como dep\u00f3sito Franco - Contadores P\u00fablicos","twitter:description":"Un establecimiento de comercio reconocido como dep\u00f3sito franco \u201c\u00bfpuede ser vendido a una persona natural o jur\u00eddica?\u201d","twitter:image":"https:\/\/contadoreshoy.com\/wp-content\/uploads\/2024\/01\/cropped-cropped-cropped-Copia-de-M.jpg"},"aioseo_meta_data":{"post_id":"5936","title":null,"description":null,"keywords":null,"keyphrases":null,"primary_term":null,"canonical_url":null,"og_title":null,"og_description":null,"og_object_type":"default","og_image_type":"default","og_image_url":null,"og_image_width":null,"og_image_height":null,"og_image_custom_url":null,"og_image_custom_fields":null,"og_video":null,"og_custom_url":null,"og_article_section":null,"og_article_tags":null,"twitter_use_og":false,"twitter_card":"default","twitter_image_type":"default","twitter_image_url":null,"twitter_image_custom_url":null,"twitter_image_custom_fields":null,"twitter_title":null,"twitter_description":null,"schema":{"blockGraphs":[],"customGraphs":[],"default":{"data":{"Article":[],"Course":[],"Dataset":[],"FAQPage":[],"Movie":[],"Person":[],"Product":[],"ProductReview":[],"Car":[],"Recipe":[],"Service":[],"SoftwareApplication":[],"WebPage":[]},"graphName":"","isEnabled":true},"graphs":[]},"schema_type":"default","schema_type_options":null,"pillar_content":false,"robots_default":true,"robots_noindex":false,"robots_noarchive":false,"robots_nosnippet":false,"robots_nofollow":false,"robots_noimageindex":false,"robots_noodp":false,"robots_notranslate":false,"robots_max_snippet":null,"robots_max_videopreview":null,"robots_max_imagepreview":"large","priority":null,"frequency":null,"local_seo":null,"breadcrumb_settings":null,"limit_modified_date":false,"ai":null,"created":"2024-03-05 01:14:36","updated":"2026-03-03 04:36:47","seo_analyzer_scan_date":null,"focus_keyword":null,"additional_keywords":null,"truseo_locale":null},"aioseo_breadcrumb":"<div class=\"aioseo-breadcrumbs\"><span class=\"aioseo-breadcrumb\">\n\t\t\t<a href=\"https:\/\/contadoreshoy.com\" title=\"Home\">Home<\/a>\n\t\t<\/span><span class=\"aioseo-breadcrumb-separator\">&raquo;<\/span><span class=\"aioseo-breadcrumb\">\n\t\t\t<a href=\"https:\/\/contadoreshoy.com\/?cat=456\" title=\"Conceptos y Oficios DIAN\">Conceptos y Oficios DIAN<\/a>\n\t\t<\/span><span class=\"aioseo-breadcrumb-separator\">&raquo;<\/span><span class=\"aioseo-breadcrumb\">\n\t\t\tVenta de establecimiento de comercio reconocido como dep\u00f3sito Franco\n\t\t<\/span><\/div>","aioseo_breadcrumb_json":[{"label":"Home","link":"https:\/\/contadoreshoy.com"},{"label":"Conceptos y Oficios DIAN","link":"https:\/\/contadoreshoy.com\/?cat=456"},{"label":"Venta de establecimiento de comercio reconocido como dep\u00f3sito Franco","link":"https:\/\/contadoreshoy.com\/?p=5936"}],"yoast_head":"<!-- This site is optimized with the Yoast SEO plugin v28.4 - https:\/\/yoast.com\/product\/yoast-seo-wordpress\/ -->\n<title>Venta de establecimiento de comercio reconocido como dep\u00f3sito Franco - Contadores P\u00fablicos<\/title>\n<meta name=\"robots\" content=\"index, follow, max-snippet:-1, max-image-preview:large, max-video-preview:-1\" \/>\n<link rel=\"canonical\" href=\"https:\/\/contadoreshoy.com\/?p=5936\" \/>\n<meta property=\"og:locale\" content=\"es_ES\" \/>\n<meta property=\"og:type\" content=\"article\" \/>\n<meta property=\"og:title\" content=\"Venta de establecimiento de comercio reconocido como dep\u00f3sito Franco - Contadores P\u00fablicos\" \/>\n<meta property=\"og:description\" content=\"Un establecimiento de comercio reconocido como dep\u00f3sito franco \u201c\u00bfpuede ser vendido a una persona natural o jur\u00eddica?\u201d\" \/>\n<meta property=\"og:url\" content=\"https:\/\/contadoreshoy.com\/?p=5936\" \/>\n<meta property=\"og:site_name\" content=\"Contadores P\u00fablicos\" \/>\n<meta property=\"article:publisher\" content=\"https:\/\/www.facebook.com\/CCCPBucaramanga\/\" \/>\n<meta property=\"article:published_time\" content=\"2015-09-22T02:44:12+00:00\" \/>\n<meta property=\"article:modified_time\" content=\"2017-02-05T03:00:42+00:00\" \/>\n<meta property=\"og:image\" content=\"https:\/\/contadoreshoy.com\/wp-content\/uploads\/2015\/09\/Dep\u00f3sito-franco.jpg\" \/>\n\t<meta property=\"og:image:width\" content=\"600\" \/>\n\t<meta property=\"og:image:height\" content=\"400\" \/>\n\t<meta property=\"og:image:type\" content=\"image\/jpeg\" \/>\n<meta name=\"author\" content=\"Miguel Antonio M\u00e1rquez Monta\u00f1ez\" \/>\n<meta name=\"twitter:card\" content=\"summary_large_image\" \/>\n<meta name=\"twitter:label1\" content=\"Escrito por\" \/>\n\t<meta name=\"twitter:data1\" content=\"Miguel Antonio M\u00e1rquez Monta\u00f1ez\" \/>\n\t<meta name=\"twitter:label2\" content=\"Tiempo de lectura\" \/>\n\t<meta name=\"twitter:data2\" content=\"3 minutos\" \/>\n<script type=\"application\/ld+json\" class=\"yoast-schema-graph\">{\"@context\":\"https:\\\/\\\/schema.org\",\"@graph\":[{\"@type\":\"Article\",\"@id\":\"https:\\\/\\\/contadoreshoy.com\\\/?p=5936#article\",\"isPartOf\":{\"@id\":\"https:\\\/\\\/contadoreshoy.com\\\/?p=5936\"},\"author\":{\"name\":\"Miguel Antonio M\u00e1rquez Monta\u00f1ez\",\"@id\":\"https:\\\/\\\/contadoreshoy.com\\\/#\\\/schema\\\/person\\\/96d8979cb865537c5dc9345e40089fc5\"},\"headline\":\"Venta de establecimiento de comercio reconocido como dep\u00f3sito Franco\",\"datePublished\":\"2015-09-22T02:44:12+00:00\",\"dateModified\":\"2017-02-05T03:00:42+00:00\",\"mainEntityOfPage\":{\"@id\":\"https:\\\/\\\/contadoreshoy.com\\\/?p=5936\"},\"wordCount\":669,\"commentCount\":0,\"publisher\":{\"@id\":\"https:\\\/\\\/contadoreshoy.com\\\/#organization\"},\"image\":{\"@id\":\"https:\\\/\\\/contadoreshoy.com\\\/?p=5936#primaryimage\"},\"thumbnailUrl\":\"https:\\\/\\\/contadoreshoy.com\\\/wp-content\\\/uploads\\\/2015\\\/09\\\/Dep\u00f3sito-franco.jpg\",\"articleSection\":[\"Conceptos y Oficios DIAN\"],\"inLanguage\":\"es\",\"potentialAction\":[{\"@type\":\"CommentAction\",\"name\":\"Comment\",\"target\":[\"https:\\\/\\\/contadoreshoy.com\\\/?p=5936#respond\"]}]},{\"@type\":\"WebPage\",\"@id\":\"https:\\\/\\\/contadoreshoy.com\\\/?p=5936\",\"url\":\"https:\\\/\\\/contadoreshoy.com\\\/?p=5936\",\"name\":\"Venta de establecimiento de comercio reconocido como dep\u00f3sito Franco - Contadores P\u00fablicos\",\"isPartOf\":{\"@id\":\"https:\\\/\\\/contadoreshoy.com\\\/#website\"},\"primaryImageOfPage\":{\"@id\":\"https:\\\/\\\/contadoreshoy.com\\\/?p=5936#primaryimage\"},\"image\":{\"@id\":\"https:\\\/\\\/contadoreshoy.com\\\/?p=5936#primaryimage\"},\"thumbnailUrl\":\"https:\\\/\\\/contadoreshoy.com\\\/wp-content\\\/uploads\\\/2015\\\/09\\\/Dep\u00f3sito-franco.jpg\",\"datePublished\":\"2015-09-22T02:44:12+00:00\",\"dateModified\":\"2017-02-05T03:00:42+00:00\",\"breadcrumb\":{\"@id\":\"https:\\\/\\\/contadoreshoy.com\\\/?p=5936#breadcrumb\"},\"inLanguage\":\"es\",\"potentialAction\":[{\"@type\":\"ReadAction\",\"target\":[\"https:\\\/\\\/contadoreshoy.com\\\/?p=5936\"]}]},{\"@type\":\"ImageObject\",\"inLanguage\":\"es\",\"@id\":\"https:\\\/\\\/contadoreshoy.com\\\/?p=5936#primaryimage\",\"url\":\"https:\\\/\\\/contadoreshoy.com\\\/wp-content\\\/uploads\\\/2015\\\/09\\\/Dep\u00f3sito-franco.jpg\",\"contentUrl\":\"https:\\\/\\\/contadoreshoy.com\\\/wp-content\\\/uploads\\\/2015\\\/09\\\/Dep\u00f3sito-franco.jpg\",\"width\":600,\"height\":400},{\"@type\":\"BreadcrumbList\",\"@id\":\"https:\\\/\\\/contadoreshoy.com\\\/?p=5936#breadcrumb\",\"itemListElement\":[{\"@type\":\"ListItem\",\"position\":1,\"name\":\"Portada\",\"item\":\"https:\\\/\\\/contadoreshoy.com\\\/\"},{\"@type\":\"ListItem\",\"position\":2,\"name\":\"Venta de establecimiento de comercio reconocido como dep\u00f3sito Franco\"}]},{\"@type\":\"WebSite\",\"@id\":\"https:\\\/\\\/contadoreshoy.com\\\/#website\",\"url\":\"https:\\\/\\\/contadoreshoy.com\\\/\",\"name\":\"Contadorespublicossantander\",\"description\":\"Portal para Contadores P\u00fablicos y empresarios\",\"publisher\":{\"@id\":\"https:\\\/\\\/contadoreshoy.com\\\/#organization\"},\"potentialAction\":[{\"@type\":\"SearchAction\",\"target\":{\"@type\":\"EntryPoint\",\"urlTemplate\":\"https:\\\/\\\/contadoreshoy.com\\\/?s={search_term_string}\"},\"query-input\":{\"@type\":\"PropertyValueSpecification\",\"valueRequired\":true,\"valueName\":\"search_term_string\"}}],\"inLanguage\":\"es\"},{\"@type\":\"Organization\",\"@id\":\"https:\\\/\\\/contadoreshoy.com\\\/#organization\",\"name\":\"Contadores P\u00fablicos de Santander\",\"url\":\"https:\\\/\\\/contadoreshoy.com\\\/\",\"logo\":{\"@type\":\"ImageObject\",\"inLanguage\":\"es\",\"@id\":\"https:\\\/\\\/contadoreshoy.com\\\/#\\\/schema\\\/logo\\\/image\\\/\",\"url\":\"https:\\\/\\\/contadoreshoy.com\\\/wp-content\\\/uploads\\\/2024\\\/01\\\/cropped-cropped-Copia-de-M-1.jpg\",\"contentUrl\":\"https:\\\/\\\/contadoreshoy.com\\\/wp-content\\\/uploads\\\/2024\\\/01\\\/cropped-cropped-Copia-de-M-1.jpg\",\"width\":499,\"height\":500,\"caption\":\"Contadores P\u00fablicos de Santander\"},\"image\":{\"@id\":\"https:\\\/\\\/contadoreshoy.com\\\/#\\\/schema\\\/logo\\\/image\\\/\"},\"sameAs\":[\"https:\\\/\\\/www.facebook.com\\\/CCCPBucaramanga\\\/\"]},{\"@type\":\"Person\",\"@id\":\"https:\\\/\\\/contadoreshoy.com\\\/#\\\/schema\\\/person\\\/96d8979cb865537c5dc9345e40089fc5\",\"name\":\"Miguel Antonio M\u00e1rquez Monta\u00f1ez\",\"description\":\"Contador P\u00fablico egresado de la Universidad Aut\u00f3noma de Bucaramanga - Asesor contable tributario con m\u00e1s de 25 a\u00f1os de experiencia - Conferencista en temas contables y tributarios - T\u00e9cnico en Hardware y Dise\u00f1o Web - Creador y director Grupo de Estudio Colegio Colombiano de Contadores P\u00fablicos de Bucaramanga - Creador y Master Web p\u00e1gina www.contadoresp\u00fablicossantander.com - Expresidente Colegio Colombiano de Contadores P\u00fablicos Bucaramanga\",\"url\":\"https:\\\/\\\/contadoreshoy.com\\\/?author=1\"}]}<\/script>\n<!-- \/ Yoast SEO plugin. -->","yoast_head_json":{"title":"Venta de establecimiento de comercio reconocido como dep\u00f3sito Franco - Contadores P\u00fablicos","robots":{"index":"index","follow":"follow","max-snippet":"max-snippet:-1","max-image-preview":"max-image-preview:large","max-video-preview":"max-video-preview:-1"},"canonical":"https:\/\/contadoreshoy.com\/?p=5936","og_locale":"es_ES","og_type":"article","og_title":"Venta de establecimiento de comercio reconocido como dep\u00f3sito Franco - Contadores P\u00fablicos","og_description":"Un establecimiento de comercio reconocido como dep\u00f3sito franco \u201c\u00bfpuede ser vendido a una persona natural o jur\u00eddica?\u201d","og_url":"https:\/\/contadoreshoy.com\/?p=5936","og_site_name":"Contadores P\u00fablicos","article_publisher":"https:\/\/www.facebook.com\/CCCPBucaramanga\/","article_published_time":"2015-09-22T02:44:12+00:00","article_modified_time":"2017-02-05T03:00:42+00:00","og_image":[{"width":600,"height":400,"url":"https:\/\/contadoreshoy.com\/wp-content\/uploads\/2015\/09\/Dep\u00f3sito-franco.jpg","type":"image\/jpeg"}],"author":"Miguel Antonio M\u00e1rquez Monta\u00f1ez","twitter_card":"summary_large_image","twitter_misc":{"Escrito por":"Miguel Antonio M\u00e1rquez Monta\u00f1ez","Tiempo de lectura":"3 minutos"},"schema":{"@context":"https:\/\/schema.org","@graph":[{"@type":"Article","@id":"https:\/\/contadoreshoy.com\/?p=5936#article","isPartOf":{"@id":"https:\/\/contadoreshoy.com\/?p=5936"},"author":{"name":"Miguel Antonio M\u00e1rquez Monta\u00f1ez","@id":"https:\/\/contadoreshoy.com\/#\/schema\/person\/96d8979cb865537c5dc9345e40089fc5"},"headline":"Venta de establecimiento de comercio reconocido como dep\u00f3sito Franco","datePublished":"2015-09-22T02:44:12+00:00","dateModified":"2017-02-05T03:00:42+00:00","mainEntityOfPage":{"@id":"https:\/\/contadoreshoy.com\/?p=5936"},"wordCount":669,"commentCount":0,"publisher":{"@id":"https:\/\/contadoreshoy.com\/#organization"},"image":{"@id":"https:\/\/contadoreshoy.com\/?p=5936#primaryimage"},"thumbnailUrl":"https:\/\/contadoreshoy.com\/wp-content\/uploads\/2015\/09\/Dep\u00f3sito-franco.jpg","articleSection":["Conceptos y Oficios DIAN"],"inLanguage":"es","potentialAction":[{"@type":"CommentAction","name":"Comment","target":["https:\/\/contadoreshoy.com\/?p=5936#respond"]}]},{"@type":"WebPage","@id":"https:\/\/contadoreshoy.com\/?p=5936","url":"https:\/\/contadoreshoy.com\/?p=5936","name":"Venta de establecimiento de comercio reconocido como dep\u00f3sito Franco - Contadores P\u00fablicos","isPartOf":{"@id":"https:\/\/contadoreshoy.com\/#website"},"primaryImageOfPage":{"@id":"https:\/\/contadoreshoy.com\/?p=5936#primaryimage"},"image":{"@id":"https:\/\/contadoreshoy.com\/?p=5936#primaryimage"},"thumbnailUrl":"https:\/\/contadoreshoy.com\/wp-content\/uploads\/2015\/09\/Dep\u00f3sito-franco.jpg","datePublished":"2015-09-22T02:44:12+00:00","dateModified":"2017-02-05T03:00:42+00:00","breadcrumb":{"@id":"https:\/\/contadoreshoy.com\/?p=5936#breadcrumb"},"inLanguage":"es","potentialAction":[{"@type":"ReadAction","target":["https:\/\/contadoreshoy.com\/?p=5936"]}]},{"@type":"ImageObject","inLanguage":"es","@id":"https:\/\/contadoreshoy.com\/?p=5936#primaryimage","url":"https:\/\/contadoreshoy.com\/wp-content\/uploads\/2015\/09\/Dep\u00f3sito-franco.jpg","contentUrl":"https:\/\/contadoreshoy.com\/wp-content\/uploads\/2015\/09\/Dep\u00f3sito-franco.jpg","width":600,"height":400},{"@type":"BreadcrumbList","@id":"https:\/\/contadoreshoy.com\/?p=5936#breadcrumb","itemListElement":[{"@type":"ListItem","position":1,"name":"Portada","item":"https:\/\/contadoreshoy.com\/"},{"@type":"ListItem","position":2,"name":"Venta de establecimiento de comercio reconocido como dep\u00f3sito Franco"}]},{"@type":"WebSite","@id":"https:\/\/contadoreshoy.com\/#website","url":"https:\/\/contadoreshoy.com\/","name":"Contadorespublicossantander","description":"Portal para Contadores P\u00fablicos y empresarios","publisher":{"@id":"https:\/\/contadoreshoy.com\/#organization"},"potentialAction":[{"@type":"SearchAction","target":{"@type":"EntryPoint","urlTemplate":"https:\/\/contadoreshoy.com\/?s={search_term_string}"},"query-input":{"@type":"PropertyValueSpecification","valueRequired":true,"valueName":"search_term_string"}}],"inLanguage":"es"},{"@type":"Organization","@id":"https:\/\/contadoreshoy.com\/#organization","name":"Contadores P\u00fablicos de Santander","url":"https:\/\/contadoreshoy.com\/","logo":{"@type":"ImageObject","inLanguage":"es","@id":"https:\/\/contadoreshoy.com\/#\/schema\/logo\/image\/","url":"https:\/\/contadoreshoy.com\/wp-content\/uploads\/2024\/01\/cropped-cropped-Copia-de-M-1.jpg","contentUrl":"https:\/\/contadoreshoy.com\/wp-content\/uploads\/2024\/01\/cropped-cropped-Copia-de-M-1.jpg","width":499,"height":500,"caption":"Contadores P\u00fablicos de Santander"},"image":{"@id":"https:\/\/contadoreshoy.com\/#\/schema\/logo\/image\/"},"sameAs":["https:\/\/www.facebook.com\/CCCPBucaramanga\/"]},{"@type":"Person","@id":"https:\/\/contadoreshoy.com\/#\/schema\/person\/96d8979cb865537c5dc9345e40089fc5","name":"Miguel Antonio M\u00e1rquez Monta\u00f1ez","description":"Contador P\u00fablico egresado de la Universidad Aut\u00f3noma de Bucaramanga - Asesor contable tributario con m\u00e1s de 25 a\u00f1os de experiencia - Conferencista en temas contables y tributarios - T\u00e9cnico en Hardware y Dise\u00f1o Web - Creador y director Grupo de Estudio Colegio Colombiano de Contadores P\u00fablicos de Bucaramanga - Creador y Master Web p\u00e1gina www.contadoresp\u00fablicossantander.com - Expresidente Colegio Colombiano de Contadores P\u00fablicos Bucaramanga","url":"https:\/\/contadoreshoy.com\/?author=1"}]}},"_links":{"self":[{"href":"https:\/\/contadoreshoy.com\/index.php?rest_route=\/wp\/v2\/posts\/5936","targetHints":{"allow":["GET"]}}],"collection":[{"href":"https:\/\/contadoreshoy.com\/index.php?rest_route=\/wp\/v2\/posts"}],"about":[{"href":"https:\/\/contadoreshoy.com\/index.php?rest_route=\/wp\/v2\/types\/post"}],"author":[{"embeddable":true,"href":"https:\/\/contadoreshoy.com\/index.php?rest_route=\/wp\/v2\/users\/1"}],"replies":[{"embeddable":true,"href":"https:\/\/contadoreshoy.com\/index.php?rest_route=%2Fwp%2Fv2%2Fcomments&post=5936"}],"version-history":[{"count":1,"href":"https:\/\/contadoreshoy.com\/index.php?rest_route=\/wp\/v2\/posts\/5936\/revisions"}],"predecessor-version":[{"id":8049,"href":"https:\/\/contadoreshoy.com\/index.php?rest_route=\/wp\/v2\/posts\/5936\/revisions\/8049"}],"wp:featuredmedia":[{"embeddable":true,"href":"https:\/\/contadoreshoy.com\/index.php?rest_route=\/wp\/v2\/media\/5937"}],"wp:attachment":[{"href":"https:\/\/contadoreshoy.com\/index.php?rest_route=%2Fwp%2Fv2%2Fmedia&parent=5936"}],"wp:term":[{"taxonomy":"category","embeddable":true,"href":"https:\/\/contadoreshoy.com\/index.php?rest_route=%2Fwp%2Fv2%2Fcategories&post=5936"},{"taxonomy":"post_tag","embeddable":true,"href":"https:\/\/contadoreshoy.com\/index.php?rest_route=%2Fwp%2Fv2%2Ftags&post=5936"}],"curies":[{"name":"wp","href":"https:\/\/api.w.org\/{rel}","templated":true}]}}