{"id":5943,"date":"2015-09-23T08:15:30","date_gmt":"2015-09-23T13:15:30","guid":{"rendered":"http:\/\/colegiocolombianodecontadores.com\/?p=5943"},"modified":"2017-02-04T22:00:42","modified_gmt":"2017-02-05T03:00:42","slug":"contratos-de-obra-publica-excluidos-del-iva","status":"publish","type":"post","link":"https:\/\/contadoreshoy.com\/?p=5943","title":{"rendered":"Contratos de obra p\u00fablica excluidos del IVA"},"content":{"rendered":"<p style=\"text-align: center;\"><strong>OFICIO N\u00daMERO 023336 DE 2015 &#8211; DIAN<br \/>\n<\/strong><\/p>\n<p style=\"text-align: center;\">(agosto 11)<\/p>\n<p>Bogot\u00e1, D. C., 10 agosto de 2015<\/p>\n<p>100208221-001041<\/p>\n<p>Referencia: Radicado 008896 del 05\/03\/2015<\/p>\n<p>Tema :\u00a0\u00a0\u00a0\u00a0\u00a0\u00a0 Impuesto a las ventas<\/p>\n<p>Descriptores:\u00a0 Servicios Excluidos<\/p>\n<p>Fuentes Formales : Ley 21 de 1992 art\u00edculo 100; Ley 80 de 1993 art\u00edculo 32; Ley 1508 de 2012 art\u00edculo 1; Decreto 63 de 2005 art\u00edculos 1, 2<\/p>\n<p style=\"text-align: justify;\">De conformidad con el art\u00edculo 20 del Decreto 4048 de 2008 es funci\u00f3n de esta Subdirecci\u00f3n absolver las consultas escritas que se formulen sobre la interpretaci\u00f3n y aplicaci\u00f3n de las normas tributarias de car\u00e1cter nacional, aduaneras y cambiarias Ien lo de competencia de la Entidad.<\/p>\n<p style=\"text-align: justify;\">Mediante el radicado de la referencia <span style=\"color: #0000ff;\">consulta si la exclusi\u00f3n del impuesto sobre las ventas contenida en el art\u00edculo 100 de la Ley 21 de 1992, resulta aplicable a un inversionista privado en desarrollo de un contrato celebrado con una entidad estatal, en el marco de una Asociaci\u00f3n P\u00fablico Privada (en adelante APP).<\/span><\/p>\n<p style=\"text-align: justify;\">Sobre el particular se considera:<\/p>\n<p style=\"text-align: justify;\">Consagra el art\u00edculo 100 de la Ley 21 de 1992 una exclusi\u00f3n del impuesto sobre las ventas para los contratos de obra p\u00fablica en los siguientes t\u00e9rminos:<\/p>\n<p style=\"text-align: justify;\"><span style=\"color: #ff9900;\">\u201cArt\u00edculo 100. Los <strong>contratos de obra p\u00fablica<\/strong> que celebren las personas naturales o jur\u00eddicas con las entidades territoriales y\/o con las entidades descentralizadas del orden Departamental y Municipal <strong>estar\u00e1n excluidos del IVA.<\/strong><\/span><\/p>\n<p style=\"text-align: justify;\">(Se resalta)\u201d.<\/p>\n<p style=\"text-align: justify;\">N\u00f3tese como la exclusi\u00f3n opera en funci\u00f3n del tipo de contrato que se desarrolla, en este caso de obra p\u00fablica y no de la calidad del sujeto que lo desarrolla, precisi\u00f3n que cobra importancia debido a que en los antecedentes de la consulta se trae a colaci\u00f3n el concepto 069631 del 27 de septiembre de 2005, el cual precisa el Concepto Unificado 0001 de 2003, en el aparte correspondiente al numeral \u201c1.4. SERVICIO DE CONSTRUCCI\u00d3N (P\u00c1GINA 143-144) DESCRIPTORES: SERVICIOS GRAVADOS\u201d.<\/p>\n<p style=\"text-align: justify;\"><span style=\"color: #ff9900;\">En la referida doctrina se indica que los contratos de obra p\u00fablica celebrados por las entidades territoriales y\/o descentralizadas del orden municipal, distrital o departamental con consorcios o uniones temporales, no causan el impuesto sobre las ventas, tesis con la cual este despacho entiende se extiende la aplicaci\u00f3n de la exclusi\u00f3n a estos tipos de colaboraciones solo en el entendido de que presten el servicio en desarrollo de estos contratos de obra p\u00fablica<\/span>.<\/p>\n<p style=\"text-align: justify;\">Este despacho considera que igual an\u00e1lisis merecen las actividades a que se refiere la Ley 1508 de 2012, por la cual se establece el r\u00e9gimen jur\u00eddico de las APP, cuya definici\u00f3n est\u00e1 prevista en su art\u00edculo 1\u00b0 as\u00ed:<\/p>\n<p style=\"text-align: justify;\">\u201cArt\u00edculo 1\u00b0. <em>Definici\u00f3n<\/em>. Las Asociaciones P\u00fablico Privadas son un instrumento de vinculaci\u00f3n de capital privado, <strong>que se materializan en un contrato entre una entidad estatal y una persona natural o jur\u00eddica de derecho privado, para la provisi\u00f3n de bienes p\u00fablicos y de sus servicios relacionados<\/strong>, que involucra la retenci\u00f3n y transferencia de riesgos entre las partes y mecanismos de pago, relacionados con la disponibilidad y el nivel de servicio de la infraestructura y\/o servicio.<\/p>\n<p style=\"text-align: justify;\">(Se resalta)\u201d.<\/p>\n<p style=\"text-align: justify;\">De la anterior definici\u00f3n se tiene que la menci\u00f3n de contrato entre una entidad estatal y una persona natural o jur\u00eddica de derecho privado, no necesariamente se refiere en todos los casos a contratos de obra p\u00fablica, incluso en esquemas de APP que se desarrollen bajo la Ley 1508 de 2012 en el sector de Agua Potable y Saneamiento B\u00e1sico, que es materia de inquietud por parte del consultante y se encuentra reglamentado a trav\u00e9s del Decreto 63 de 2005.<\/p>\n<p style=\"text-align: justify;\">Sobre el particular es preciso considerar, para efectos del an\u00e1lisis a realizar sobre si resulta aplicable la exclusi\u00f3n del impuesto sobre las ventas contenida en el art\u00edculo 100 de la Ley 21 de 1992 en el desarrollo de contratos bajo esquemas de APP, la prevista en el art\u00edculo 32 de la Ley 80 de 1993 de contratos de obra p\u00fablica:<\/p>\n<p style=\"text-align: justify;\"><span style=\"color: #ff9900;\">\u201cSon contratos de obra los que celebren las entidades estatales para la construcci\u00f3n, mantenimiento, instalaci\u00f3n y, en general, para la realizaci\u00f3n de cualquier otro <strong>trabajo material sobre bienes inmuebles, cualquiera sea la modalidad de ejecuci\u00f3n y pago.<\/strong><\/span><\/p>\n<p style=\"text-align: justify;\">(&#8230;)<\/p>\n<p style=\"text-align: justify;\">(Se resalta)\u201d.<\/p>\n<p style=\"text-align: justify;\"><span style=\"color: #ff9900;\">As\u00ed las cosas si los contratos celebrados en esquemas de APP, que se desarrollen bajo la Ley 1508 de 2012 en el sector de Agua Potable y Saneamiento B\u00e1sico corresponden a contratos de obra p\u00fablica estar\u00e1n excluidos del IVA, en los t\u00e9rminos del art\u00edculo 100 de la Ley 21 de 1992.<\/span><\/p>\n<p style=\"text-align: justify;\">En los anteriores t\u00e9rminos se resuelve su consulta y cordialmente le informamos que tanto la normatividad en materia tributaria, aduanera y cambiaria, como los conceptos emitidos por la Direcci\u00f3n de Gesti\u00f3n Jur\u00eddica en estas materias pueden consultarse directamente en nuestra base de datos jur\u00eddica ingresando a la p\u00e1gina electr\u00f3nica de la DIAN: http:\/\/www. dian.gov.co siguiendo los \u00edconos: \u201cNormatividad\u201d \u2013 \u201cT\u00e9cnica\u201d y seleccionando los v\u00ednculos \u201cdoctrina\u201d y \u201cDirecci\u00f3n de Gesti\u00f3n Jur\u00eddica\u201d.<\/p>\n<p style=\"text-align: justify;\">Atentamente,<\/p>\n<p style=\"text-align: justify;\">El Subdirector de Gesti\u00f3n Normativa y Doctrina (e),<\/p>\n<p style=\"text-align: justify;\"><em>Pedro Pablo Contreras Camargo.<\/em><\/p>\n<p style=\"text-align: justify;\"><strong>(C. F.).<\/strong><\/p>\n","protected":false},"excerpt":{"rendered":"<p> Los contratos de obra p\u00fablica que celebren las personas naturales o jur\u00eddicas con las entidades territoriales y\/o con las entidades descentralizadas del orden Departamental y Municipal estar\u00e1n excluidos del IVA.<\/p>\n","protected":false},"author":1,"featured_media":5944,"comment_status":"open","ping_status":"open","sticky":false,"template":"","format":"standard","meta":{"_monsterinsights_skip_tracking":false,"ngg_post_thumbnail":0,"footnotes":"","_links_to":"","_links_to_target":""},"categories":[456],"tags":[],"class_list":["post-5943","post","type-post","status-publish","format-standard","has-post-thumbnail","hentry","category-conceptos-y-oficios-dian"],"aioseo_notices":[],"aioseo_head":"\n\t\t<!-- All in One SEO 5.0.1.1 - aioseo.com -->\n\t<meta name=\"description\" content=\"Los contratos de obra p\u00fablica que celebren las personas naturales o jur\u00eddicas con las entidades territoriales y\/o con las entidades descentralizadas del orden Departamental y Municipal estar\u00e1n excluidos del IVA.\" \/>\n\t<meta name=\"robots\" content=\"max-image-preview:large\" \/>\n\t<meta name=\"author\" content=\"Miguel Antonio M\u00e1rquez Monta\u00f1ez\"\/>\n\t<link rel=\"canonical\" href=\"https:\/\/contadoreshoy.com\/?p=5943\" \/>\n\t<meta name=\"generator\" content=\"All in One SEO (AIOSEO) 5.0.1.1\" \/>\n\t\t<meta property=\"og:locale\" content=\"es_ES\" \/>\n\t\t<meta property=\"og:site_name\" content=\"Contadores P\u00fablicos - Portal para Contadores P\u00fablicos y empresarios\" \/>\n\t\t<meta property=\"og:type\" content=\"article\" \/>\n\t\t<meta property=\"og:title\" content=\"Contratos de obra p\u00fablica excluidos del IVA - Contadores P\u00fablicos\" \/>\n\t\t<meta property=\"og:description\" content=\"Los contratos de obra p\u00fablica que celebren las personas naturales o jur\u00eddicas con las entidades territoriales y\/o con las entidades descentralizadas del orden Departamental y Municipal estar\u00e1n excluidos del IVA.\" \/>\n\t\t<meta property=\"og:url\" content=\"https:\/\/contadoreshoy.com\/?p=5943\" \/>\n\t\t<meta property=\"og:image\" content=\"https:\/\/contadoreshoy.com\/wp-content\/uploads\/2024\/01\/cropped-cropped-cropped-Copia-de-M.jpg\" \/>\n\t\t<meta property=\"og:image:secure_url\" content=\"https:\/\/contadoreshoy.com\/wp-content\/uploads\/2024\/01\/cropped-cropped-cropped-Copia-de-M.jpg\" \/>\n\t\t<meta property=\"og:image:width\" content=\"512\" \/>\n\t\t<meta property=\"og:image:height\" content=\"371\" \/>\n\t\t<meta property=\"article:published_time\" content=\"2015-09-23T13:15:30+00:00\" \/>\n\t\t<meta property=\"article:modified_time\" content=\"2017-02-05T03:00:42+00:00\" \/>\n\t\t<meta name=\"twitter:card\" content=\"summary_large_image\" \/>\n\t\t<meta name=\"twitter:title\" content=\"Contratos de obra p\u00fablica excluidos del IVA - Contadores P\u00fablicos\" \/>\n\t\t<meta name=\"twitter:description\" content=\"Los contratos de obra p\u00fablica que celebren las personas naturales o jur\u00eddicas con las entidades territoriales y\/o con las entidades descentralizadas del orden Departamental y Municipal estar\u00e1n excluidos del IVA.\" \/>\n\t\t<meta name=\"twitter:image\" content=\"https:\/\/contadoreshoy.com\/wp-content\/uploads\/2024\/01\/cropped-cropped-cropped-Copia-de-M.jpg\" \/>\n\t\t<script type=\"application\/ld+json\" class=\"aioseo-schema\">\n\t\t\t{\"@context\":\"https:\\\/\\\/schema.org\",\"@graph\":[{\"@type\":\"BlogPosting\",\"@id\":\"https:\\\/\\\/contadoreshoy.com\\\/?p=5943#blogposting\",\"name\":\"Contratos de obra p\\u00fablica excluidos del IVA - Contadores P\\u00fablicos\",\"headline\":\"Contratos de obra p\\u00fablica excluidos del IVA\",\"author\":{\"@id\":\"https:\\\/\\\/contadoreshoy.com\\\/?author=1#author\"},\"publisher\":{\"@id\":\"https:\\\/\\\/contadoreshoy.com\\\/#organization\"},\"image\":{\"@type\":\"ImageObject\",\"url\":\"https:\\\/\\\/contadoreshoy.com\\\/wp-content\\\/uploads\\\/2015\\\/09\\\/obras-p\\u00fablicas.jpg\",\"width\":600,\"height\":400,\"caption\":\"OLYMPUS DIGITAL CAMERA\"},\"datePublished\":\"2015-09-23T08:15:30-05:00\",\"dateModified\":\"2017-02-04T22:00:42-05:00\",\"inLanguage\":\"es-ES\",\"mainEntityOfPage\":{\"@id\":\"https:\\\/\\\/contadoreshoy.com\\\/?p=5943#webpage\"},\"isPartOf\":{\"@id\":\"https:\\\/\\\/contadoreshoy.com\\\/?p=5943#webpage\"},\"articleSection\":\"Conceptos y Oficios DIAN\"},{\"@type\":\"BreadcrumbList\",\"@id\":\"https:\\\/\\\/contadoreshoy.com\\\/?p=5943#breadcrumblist\",\"itemListElement\":[{\"@type\":\"ListItem\",\"@id\":\"https:\\\/\\\/contadoreshoy.com#listItem\",\"position\":1,\"name\":\"Home\",\"item\":\"https:\\\/\\\/contadoreshoy.com\",\"nextItem\":{\"@type\":\"ListItem\",\"@id\":\"https:\\\/\\\/contadoreshoy.com\\\/?cat=456#listItem\",\"name\":\"Conceptos y Oficios DIAN\"}},{\"@type\":\"ListItem\",\"@id\":\"https:\\\/\\\/contadoreshoy.com\\\/?cat=456#listItem\",\"position\":2,\"name\":\"Conceptos y Oficios DIAN\",\"item\":\"https:\\\/\\\/contadoreshoy.com\\\/?cat=456\",\"nextItem\":{\"@type\":\"ListItem\",\"@id\":\"https:\\\/\\\/contadoreshoy.com\\\/?p=5943#listItem\",\"name\":\"Contratos de obra p\\u00fablica excluidos del IVA\"},\"previousItem\":{\"@type\":\"ListItem\",\"@id\":\"https:\\\/\\\/contadoreshoy.com#listItem\",\"name\":\"Home\"}},{\"@type\":\"ListItem\",\"@id\":\"https:\\\/\\\/contadoreshoy.com\\\/?p=5943#listItem\",\"position\":3,\"name\":\"Contratos de obra p\\u00fablica excluidos del IVA\",\"previousItem\":{\"@type\":\"ListItem\",\"@id\":\"https:\\\/\\\/contadoreshoy.com\\\/?cat=456#listItem\",\"name\":\"Conceptos y Oficios DIAN\"}}]},{\"@type\":\"Organization\",\"@id\":\"https:\\\/\\\/contadoreshoy.com\\\/#organization\",\"name\":\"Contadores P\\u00fablicos\",\"description\":\"Portal para Contadores P\\u00fablicos y empresarios\",\"url\":\"https:\\\/\\\/contadoreshoy.com\\\/\",\"logo\":{\"@type\":\"ImageObject\",\"url\":\"https:\\\/\\\/contadoreshoy.com\\\/wp-content\\\/uploads\\\/2024\\\/01\\\/cropped-cropped-Copia-de-M-1.jpg\",\"@id\":\"https:\\\/\\\/contadoreshoy.com\\\/?p=5943\\\/#organizationLogo\",\"width\":499,\"height\":500},\"image\":{\"@id\":\"https:\\\/\\\/contadoreshoy.com\\\/?p=5943\\\/#organizationLogo\"}},{\"@type\":\"Person\",\"@id\":\"https:\\\/\\\/contadoreshoy.com\\\/?author=1#author\",\"url\":\"https:\\\/\\\/contadoreshoy.com\\\/?author=1\",\"name\":\"Miguel Antonio M\\u00e1rquez Monta\\u00f1ez\"},{\"@type\":\"WebPage\",\"@id\":\"https:\\\/\\\/contadoreshoy.com\\\/?p=5943#webpage\",\"url\":\"https:\\\/\\\/contadoreshoy.com\\\/?p=5943\",\"name\":\"Contratos de obra p\\u00fablica excluidos del IVA - Contadores P\\u00fablicos\",\"description\":\"Los contratos de obra p\\u00fablica que celebren las personas naturales o jur\\u00eddicas con las entidades territoriales y\\\/o con las entidades descentralizadas del orden Departamental y Municipal estar\\u00e1n excluidos del IVA.\",\"inLanguage\":\"es-ES\",\"isPartOf\":{\"@id\":\"https:\\\/\\\/contadoreshoy.com\\\/#website\"},\"breadcrumb\":{\"@id\":\"https:\\\/\\\/contadoreshoy.com\\\/?p=5943#breadcrumblist\"},\"author\":{\"@id\":\"https:\\\/\\\/contadoreshoy.com\\\/?author=1#author\"},\"creator\":{\"@id\":\"https:\\\/\\\/contadoreshoy.com\\\/?author=1#author\"},\"image\":{\"@type\":\"ImageObject\",\"url\":\"https:\\\/\\\/contadoreshoy.com\\\/wp-content\\\/uploads\\\/2015\\\/09\\\/obras-p\\u00fablicas.jpg\",\"@id\":\"https:\\\/\\\/contadoreshoy.com\\\/?p=5943\\\/#mainImage\",\"width\":600,\"height\":400,\"caption\":\"OLYMPUS DIGITAL CAMERA\"},\"primaryImageOfPage\":{\"@id\":\"https:\\\/\\\/contadoreshoy.com\\\/?p=5943#mainImage\"},\"datePublished\":\"2015-09-23T08:15:30-05:00\",\"dateModified\":\"2017-02-04T22:00:42-05:00\"},{\"@type\":\"WebSite\",\"@id\":\"https:\\\/\\\/contadoreshoy.com\\\/#website\",\"url\":\"https:\\\/\\\/contadoreshoy.com\\\/\",\"name\":\"Contadores P\\u00fablicos\",\"description\":\"Portal para Contadores P\\u00fablicos y empresarios\",\"inLanguage\":\"es-ES\",\"publisher\":{\"@id\":\"https:\\\/\\\/contadoreshoy.com\\\/#organization\"}}]}\n\t\t<\/script>\n\t\t<!-- All in One SEO -->\n\n","aioseo_head_json":{"title":"Contratos de obra p\u00fablica excluidos del IVA - Contadores P\u00fablicos","description":"Los contratos de obra p\u00fablica que celebren las personas naturales o jur\u00eddicas con las entidades territoriales y\/o con las entidades descentralizadas del orden Departamental y Municipal estar\u00e1n excluidos del IVA.","canonical_url":"https:\/\/contadoreshoy.com\/?p=5943","robots":"max-image-preview:large","keywords":"","webmasterTools":{"miscellaneous":""},"schema":{"@context":"https:\/\/schema.org","@graph":[{"@type":"BlogPosting","@id":"https:\/\/contadoreshoy.com\/?p=5943#blogposting","name":"Contratos de obra p\u00fablica excluidos del IVA - Contadores P\u00fablicos","headline":"Contratos de obra p\u00fablica excluidos del IVA","author":{"@id":"https:\/\/contadoreshoy.com\/?author=1#author"},"publisher":{"@id":"https:\/\/contadoreshoy.com\/#organization"},"image":{"@type":"ImageObject","url":"https:\/\/contadoreshoy.com\/wp-content\/uploads\/2015\/09\/obras-p\u00fablicas.jpg","width":600,"height":400,"caption":"OLYMPUS DIGITAL CAMERA"},"datePublished":"2015-09-23T08:15:30-05:00","dateModified":"2017-02-04T22:00:42-05:00","inLanguage":"es-ES","mainEntityOfPage":{"@id":"https:\/\/contadoreshoy.com\/?p=5943#webpage"},"isPartOf":{"@id":"https:\/\/contadoreshoy.com\/?p=5943#webpage"},"articleSection":"Conceptos y Oficios DIAN"},{"@type":"BreadcrumbList","@id":"https:\/\/contadoreshoy.com\/?p=5943#breadcrumblist","itemListElement":[{"@type":"ListItem","@id":"https:\/\/contadoreshoy.com#listItem","position":1,"name":"Home","item":"https:\/\/contadoreshoy.com","nextItem":{"@type":"ListItem","@id":"https:\/\/contadoreshoy.com\/?cat=456#listItem","name":"Conceptos y Oficios DIAN"}},{"@type":"ListItem","@id":"https:\/\/contadoreshoy.com\/?cat=456#listItem","position":2,"name":"Conceptos y Oficios DIAN","item":"https:\/\/contadoreshoy.com\/?cat=456","nextItem":{"@type":"ListItem","@id":"https:\/\/contadoreshoy.com\/?p=5943#listItem","name":"Contratos de obra p\u00fablica excluidos del IVA"},"previousItem":{"@type":"ListItem","@id":"https:\/\/contadoreshoy.com#listItem","name":"Home"}},{"@type":"ListItem","@id":"https:\/\/contadoreshoy.com\/?p=5943#listItem","position":3,"name":"Contratos de obra p\u00fablica excluidos del IVA","previousItem":{"@type":"ListItem","@id":"https:\/\/contadoreshoy.com\/?cat=456#listItem","name":"Conceptos y Oficios DIAN"}}]},{"@type":"Organization","@id":"https:\/\/contadoreshoy.com\/#organization","name":"Contadores P\u00fablicos","description":"Portal para Contadores P\u00fablicos y empresarios","url":"https:\/\/contadoreshoy.com\/","logo":{"@type":"ImageObject","url":"https:\/\/contadoreshoy.com\/wp-content\/uploads\/2024\/01\/cropped-cropped-Copia-de-M-1.jpg","@id":"https:\/\/contadoreshoy.com\/?p=5943\/#organizationLogo","width":499,"height":500},"image":{"@id":"https:\/\/contadoreshoy.com\/?p=5943\/#organizationLogo"}},{"@type":"Person","@id":"https:\/\/contadoreshoy.com\/?author=1#author","url":"https:\/\/contadoreshoy.com\/?author=1","name":"Miguel Antonio M\u00e1rquez Monta\u00f1ez"},{"@type":"WebPage","@id":"https:\/\/contadoreshoy.com\/?p=5943#webpage","url":"https:\/\/contadoreshoy.com\/?p=5943","name":"Contratos de obra p\u00fablica excluidos del IVA - Contadores P\u00fablicos","description":"Los contratos de obra p\u00fablica que celebren las personas naturales o jur\u00eddicas con las entidades territoriales y\/o con las entidades descentralizadas del orden Departamental y Municipal estar\u00e1n excluidos del IVA.","inLanguage":"es-ES","isPartOf":{"@id":"https:\/\/contadoreshoy.com\/#website"},"breadcrumb":{"@id":"https:\/\/contadoreshoy.com\/?p=5943#breadcrumblist"},"author":{"@id":"https:\/\/contadoreshoy.com\/?author=1#author"},"creator":{"@id":"https:\/\/contadoreshoy.com\/?author=1#author"},"image":{"@type":"ImageObject","url":"https:\/\/contadoreshoy.com\/wp-content\/uploads\/2015\/09\/obras-p\u00fablicas.jpg","@id":"https:\/\/contadoreshoy.com\/?p=5943\/#mainImage","width":600,"height":400,"caption":"OLYMPUS DIGITAL CAMERA"},"primaryImageOfPage":{"@id":"https:\/\/contadoreshoy.com\/?p=5943#mainImage"},"datePublished":"2015-09-23T08:15:30-05:00","dateModified":"2017-02-04T22:00:42-05:00"},{"@type":"WebSite","@id":"https:\/\/contadoreshoy.com\/#website","url":"https:\/\/contadoreshoy.com\/","name":"Contadores P\u00fablicos","description":"Portal para Contadores P\u00fablicos y empresarios","inLanguage":"es-ES","publisher":{"@id":"https:\/\/contadoreshoy.com\/#organization"}}]},"og:locale":"es_ES","og:site_name":"Contadores P\u00fablicos - Portal para Contadores P\u00fablicos y empresarios","og:type":"article","og:title":"Contratos de obra p\u00fablica excluidos del IVA - Contadores P\u00fablicos","og:description":"Los contratos de obra p\u00fablica que celebren las personas naturales o jur\u00eddicas con las entidades territoriales y\/o con las entidades descentralizadas del orden Departamental y Municipal estar\u00e1n excluidos del IVA.","og:url":"https:\/\/contadoreshoy.com\/?p=5943","og:image":"https:\/\/contadoreshoy.com\/wp-content\/uploads\/2024\/01\/cropped-cropped-cropped-Copia-de-M.jpg","og:image:secure_url":"https:\/\/contadoreshoy.com\/wp-content\/uploads\/2024\/01\/cropped-cropped-cropped-Copia-de-M.jpg","og:image:width":512,"og:image:height":371,"article:published_time":"2015-09-23T13:15:30+00:00","article:modified_time":"2017-02-05T03:00:42+00:00","twitter:card":"summary_large_image","twitter:title":"Contratos de obra p\u00fablica excluidos del IVA - Contadores P\u00fablicos","twitter:description":"Los contratos de obra p\u00fablica que celebren las personas naturales o jur\u00eddicas con las entidades territoriales y\/o con las entidades descentralizadas del orden Departamental y Municipal estar\u00e1n excluidos del IVA.","twitter:image":"https:\/\/contadoreshoy.com\/wp-content\/uploads\/2024\/01\/cropped-cropped-cropped-Copia-de-M.jpg"},"aioseo_meta_data":{"post_id":"5943","title":null,"description":null,"keywords":null,"keyphrases":null,"primary_term":null,"canonical_url":null,"og_title":null,"og_description":null,"og_object_type":"default","og_image_type":"default","og_image_url":null,"og_image_width":null,"og_image_height":null,"og_image_custom_url":null,"og_image_custom_fields":null,"og_video":null,"og_custom_url":null,"og_article_section":null,"og_article_tags":null,"twitter_use_og":false,"twitter_card":"default","twitter_image_type":"default","twitter_image_url":null,"twitter_image_custom_url":null,"twitter_image_custom_fields":null,"twitter_title":null,"twitter_description":null,"schema":{"blockGraphs":[],"customGraphs":[],"default":{"data":{"Article":[],"Course":[],"Dataset":[],"FAQPage":[],"Movie":[],"Person":[],"Product":[],"ProductReview":[],"Car":[],"Recipe":[],"Service":[],"SoftwareApplication":[],"WebPage":[]},"graphName":"","isEnabled":true},"graphs":[]},"schema_type":"default","schema_type_options":null,"pillar_content":false,"robots_default":true,"robots_noindex":false,"robots_noarchive":false,"robots_nosnippet":false,"robots_nofollow":false,"robots_noimageindex":false,"robots_noodp":false,"robots_notranslate":false,"robots_max_snippet":null,"robots_max_videopreview":null,"robots_max_imagepreview":"large","priority":null,"frequency":null,"local_seo":null,"breadcrumb_settings":null,"limit_modified_date":false,"ai":null,"created":"2024-03-05 01:14:36","updated":"2026-03-03 04:36:47","seo_analyzer_scan_date":null,"focus_keyword":null,"additional_keywords":null,"truseo_locale":null},"aioseo_breadcrumb":"<div class=\"aioseo-breadcrumbs\"><span class=\"aioseo-breadcrumb\">\n\t\t\t<a href=\"https:\/\/contadoreshoy.com\" title=\"Home\">Home<\/a>\n\t\t<\/span><span class=\"aioseo-breadcrumb-separator\">&raquo;<\/span><span class=\"aioseo-breadcrumb\">\n\t\t\t<a href=\"https:\/\/contadoreshoy.com\/?cat=456\" title=\"Conceptos y Oficios DIAN\">Conceptos y Oficios DIAN<\/a>\n\t\t<\/span><span class=\"aioseo-breadcrumb-separator\">&raquo;<\/span><span class=\"aioseo-breadcrumb\">\n\t\t\tContratos de obra p\u00fablica excluidos del IVA\n\t\t<\/span><\/div>","aioseo_breadcrumb_json":[{"label":"Home","link":"https:\/\/contadoreshoy.com"},{"label":"Conceptos y Oficios DIAN","link":"https:\/\/contadoreshoy.com\/?cat=456"},{"label":"Contratos de obra p\u00fablica excluidos del IVA","link":"https:\/\/contadoreshoy.com\/?p=5943"}],"yoast_head":"<!-- This site is optimized with the Yoast SEO plugin v28.4 - https:\/\/yoast.com\/product\/yoast-seo-wordpress\/ -->\n<title>Contratos de obra p\u00fablica excluidos del IVA - Contadores P\u00fablicos<\/title>\n<meta name=\"robots\" content=\"index, follow, max-snippet:-1, max-image-preview:large, max-video-preview:-1\" \/>\n<link rel=\"canonical\" href=\"https:\/\/contadoreshoy.com\/?p=5943\" \/>\n<meta property=\"og:locale\" content=\"es_ES\" \/>\n<meta property=\"og:type\" content=\"article\" \/>\n<meta property=\"og:title\" content=\"Contratos de obra p\u00fablica excluidos del IVA - Contadores P\u00fablicos\" \/>\n<meta property=\"og:description\" content=\"Los contratos de obra p\u00fablica que celebren las personas naturales o jur\u00eddicas con las entidades territoriales y\/o con las entidades descentralizadas del orden Departamental y Municipal estar\u00e1n excluidos del IVA.\" \/>\n<meta property=\"og:url\" content=\"https:\/\/contadoreshoy.com\/?p=5943\" \/>\n<meta property=\"og:site_name\" content=\"Contadores P\u00fablicos\" \/>\n<meta property=\"article:publisher\" content=\"https:\/\/www.facebook.com\/CCCPBucaramanga\/\" \/>\n<meta property=\"article:published_time\" content=\"2015-09-23T13:15:30+00:00\" \/>\n<meta property=\"article:modified_time\" content=\"2017-02-05T03:00:42+00:00\" \/>\n<meta property=\"og:image\" content=\"https:\/\/contadoreshoy.com\/wp-content\/uploads\/2015\/09\/obras-p\u00fablicas.jpg\" \/>\n\t<meta property=\"og:image:width\" content=\"600\" \/>\n\t<meta property=\"og:image:height\" content=\"400\" \/>\n\t<meta property=\"og:image:type\" content=\"image\/jpeg\" \/>\n<meta name=\"author\" content=\"Miguel Antonio M\u00e1rquez Monta\u00f1ez\" \/>\n<meta name=\"twitter:card\" content=\"summary_large_image\" \/>\n<meta name=\"twitter:label1\" content=\"Escrito por\" \/>\n\t<meta name=\"twitter:data1\" content=\"Miguel Antonio M\u00e1rquez Monta\u00f1ez\" \/>\n\t<meta name=\"twitter:label2\" content=\"Tiempo de lectura\" \/>\n\t<meta name=\"twitter:data2\" content=\"4 minutos\" \/>\n<script type=\"application\/ld+json\" class=\"yoast-schema-graph\">{\"@context\":\"https:\\\/\\\/schema.org\",\"@graph\":[{\"@type\":\"Article\",\"@id\":\"https:\\\/\\\/contadoreshoy.com\\\/?p=5943#article\",\"isPartOf\":{\"@id\":\"https:\\\/\\\/contadoreshoy.com\\\/?p=5943\"},\"author\":{\"name\":\"Miguel Antonio M\u00e1rquez Monta\u00f1ez\",\"@id\":\"https:\\\/\\\/contadoreshoy.com\\\/#\\\/schema\\\/person\\\/96d8979cb865537c5dc9345e40089fc5\"},\"headline\":\"Contratos de obra p\u00fablica excluidos del IVA\",\"datePublished\":\"2015-09-23T13:15:30+00:00\",\"dateModified\":\"2017-02-05T03:00:42+00:00\",\"mainEntityOfPage\":{\"@id\":\"https:\\\/\\\/contadoreshoy.com\\\/?p=5943\"},\"wordCount\":842,\"commentCount\":0,\"publisher\":{\"@id\":\"https:\\\/\\\/contadoreshoy.com\\\/#organization\"},\"image\":{\"@id\":\"https:\\\/\\\/contadoreshoy.com\\\/?p=5943#primaryimage\"},\"thumbnailUrl\":\"https:\\\/\\\/contadoreshoy.com\\\/wp-content\\\/uploads\\\/2015\\\/09\\\/obras-p\u00fablicas.jpg\",\"articleSection\":[\"Conceptos y Oficios DIAN\"],\"inLanguage\":\"es\",\"potentialAction\":[{\"@type\":\"CommentAction\",\"name\":\"Comment\",\"target\":[\"https:\\\/\\\/contadoreshoy.com\\\/?p=5943#respond\"]}]},{\"@type\":\"WebPage\",\"@id\":\"https:\\\/\\\/contadoreshoy.com\\\/?p=5943\",\"url\":\"https:\\\/\\\/contadoreshoy.com\\\/?p=5943\",\"name\":\"Contratos de obra p\u00fablica excluidos del IVA - Contadores P\u00fablicos\",\"isPartOf\":{\"@id\":\"https:\\\/\\\/contadoreshoy.com\\\/#website\"},\"primaryImageOfPage\":{\"@id\":\"https:\\\/\\\/contadoreshoy.com\\\/?p=5943#primaryimage\"},\"image\":{\"@id\":\"https:\\\/\\\/contadoreshoy.com\\\/?p=5943#primaryimage\"},\"thumbnailUrl\":\"https:\\\/\\\/contadoreshoy.com\\\/wp-content\\\/uploads\\\/2015\\\/09\\\/obras-p\u00fablicas.jpg\",\"datePublished\":\"2015-09-23T13:15:30+00:00\",\"dateModified\":\"2017-02-05T03:00:42+00:00\",\"breadcrumb\":{\"@id\":\"https:\\\/\\\/contadoreshoy.com\\\/?p=5943#breadcrumb\"},\"inLanguage\":\"es\",\"potentialAction\":[{\"@type\":\"ReadAction\",\"target\":[\"https:\\\/\\\/contadoreshoy.com\\\/?p=5943\"]}]},{\"@type\":\"ImageObject\",\"inLanguage\":\"es\",\"@id\":\"https:\\\/\\\/contadoreshoy.com\\\/?p=5943#primaryimage\",\"url\":\"https:\\\/\\\/contadoreshoy.com\\\/wp-content\\\/uploads\\\/2015\\\/09\\\/obras-p\u00fablicas.jpg\",\"contentUrl\":\"https:\\\/\\\/contadoreshoy.com\\\/wp-content\\\/uploads\\\/2015\\\/09\\\/obras-p\u00fablicas.jpg\",\"width\":600,\"height\":400,\"caption\":\"OLYMPUS DIGITAL CAMERA\"},{\"@type\":\"BreadcrumbList\",\"@id\":\"https:\\\/\\\/contadoreshoy.com\\\/?p=5943#breadcrumb\",\"itemListElement\":[{\"@type\":\"ListItem\",\"position\":1,\"name\":\"Portada\",\"item\":\"https:\\\/\\\/contadoreshoy.com\\\/\"},{\"@type\":\"ListItem\",\"position\":2,\"name\":\"Contratos de obra p\u00fablica excluidos del IVA\"}]},{\"@type\":\"WebSite\",\"@id\":\"https:\\\/\\\/contadoreshoy.com\\\/#website\",\"url\":\"https:\\\/\\\/contadoreshoy.com\\\/\",\"name\":\"Contadorespublicossantander\",\"description\":\"Portal para Contadores P\u00fablicos y empresarios\",\"publisher\":{\"@id\":\"https:\\\/\\\/contadoreshoy.com\\\/#organization\"},\"potentialAction\":[{\"@type\":\"SearchAction\",\"target\":{\"@type\":\"EntryPoint\",\"urlTemplate\":\"https:\\\/\\\/contadoreshoy.com\\\/?s={search_term_string}\"},\"query-input\":{\"@type\":\"PropertyValueSpecification\",\"valueRequired\":true,\"valueName\":\"search_term_string\"}}],\"inLanguage\":\"es\"},{\"@type\":\"Organization\",\"@id\":\"https:\\\/\\\/contadoreshoy.com\\\/#organization\",\"name\":\"Contadores P\u00fablicos de Santander\",\"url\":\"https:\\\/\\\/contadoreshoy.com\\\/\",\"logo\":{\"@type\":\"ImageObject\",\"inLanguage\":\"es\",\"@id\":\"https:\\\/\\\/contadoreshoy.com\\\/#\\\/schema\\\/logo\\\/image\\\/\",\"url\":\"https:\\\/\\\/contadoreshoy.com\\\/wp-content\\\/uploads\\\/2024\\\/01\\\/cropped-cropped-Copia-de-M-1.jpg\",\"contentUrl\":\"https:\\\/\\\/contadoreshoy.com\\\/wp-content\\\/uploads\\\/2024\\\/01\\\/cropped-cropped-Copia-de-M-1.jpg\",\"width\":499,\"height\":500,\"caption\":\"Contadores P\u00fablicos de Santander\"},\"image\":{\"@id\":\"https:\\\/\\\/contadoreshoy.com\\\/#\\\/schema\\\/logo\\\/image\\\/\"},\"sameAs\":[\"https:\\\/\\\/www.facebook.com\\\/CCCPBucaramanga\\\/\"]},{\"@type\":\"Person\",\"@id\":\"https:\\\/\\\/contadoreshoy.com\\\/#\\\/schema\\\/person\\\/96d8979cb865537c5dc9345e40089fc5\",\"name\":\"Miguel Antonio M\u00e1rquez Monta\u00f1ez\",\"description\":\"Contador P\u00fablico egresado de la Universidad Aut\u00f3noma de Bucaramanga - Asesor contable tributario con m\u00e1s de 25 a\u00f1os de experiencia - Conferencista en temas contables y tributarios - T\u00e9cnico en Hardware y Dise\u00f1o Web - Creador y director Grupo de Estudio Colegio Colombiano de Contadores P\u00fablicos de Bucaramanga - Creador y Master Web p\u00e1gina www.contadoresp\u00fablicossantander.com - Expresidente Colegio Colombiano de Contadores P\u00fablicos Bucaramanga\",\"url\":\"https:\\\/\\\/contadoreshoy.com\\\/?author=1\"}]}<\/script>\n<!-- \/ Yoast SEO plugin. -->","yoast_head_json":{"title":"Contratos de obra p\u00fablica excluidos del IVA - Contadores P\u00fablicos","robots":{"index":"index","follow":"follow","max-snippet":"max-snippet:-1","max-image-preview":"max-image-preview:large","max-video-preview":"max-video-preview:-1"},"canonical":"https:\/\/contadoreshoy.com\/?p=5943","og_locale":"es_ES","og_type":"article","og_title":"Contratos de obra p\u00fablica excluidos del IVA - Contadores P\u00fablicos","og_description":"Los contratos de obra p\u00fablica que celebren las personas naturales o jur\u00eddicas con las entidades territoriales y\/o con las entidades descentralizadas del orden Departamental y Municipal estar\u00e1n excluidos del IVA.","og_url":"https:\/\/contadoreshoy.com\/?p=5943","og_site_name":"Contadores P\u00fablicos","article_publisher":"https:\/\/www.facebook.com\/CCCPBucaramanga\/","article_published_time":"2015-09-23T13:15:30+00:00","article_modified_time":"2017-02-05T03:00:42+00:00","og_image":[{"width":600,"height":400,"url":"https:\/\/contadoreshoy.com\/wp-content\/uploads\/2015\/09\/obras-p\u00fablicas.jpg","type":"image\/jpeg"}],"author":"Miguel Antonio M\u00e1rquez Monta\u00f1ez","twitter_card":"summary_large_image","twitter_misc":{"Escrito por":"Miguel Antonio M\u00e1rquez Monta\u00f1ez","Tiempo de lectura":"4 minutos"},"schema":{"@context":"https:\/\/schema.org","@graph":[{"@type":"Article","@id":"https:\/\/contadoreshoy.com\/?p=5943#article","isPartOf":{"@id":"https:\/\/contadoreshoy.com\/?p=5943"},"author":{"name":"Miguel Antonio M\u00e1rquez Monta\u00f1ez","@id":"https:\/\/contadoreshoy.com\/#\/schema\/person\/96d8979cb865537c5dc9345e40089fc5"},"headline":"Contratos de obra p\u00fablica excluidos del IVA","datePublished":"2015-09-23T13:15:30+00:00","dateModified":"2017-02-05T03:00:42+00:00","mainEntityOfPage":{"@id":"https:\/\/contadoreshoy.com\/?p=5943"},"wordCount":842,"commentCount":0,"publisher":{"@id":"https:\/\/contadoreshoy.com\/#organization"},"image":{"@id":"https:\/\/contadoreshoy.com\/?p=5943#primaryimage"},"thumbnailUrl":"https:\/\/contadoreshoy.com\/wp-content\/uploads\/2015\/09\/obras-p\u00fablicas.jpg","articleSection":["Conceptos y Oficios DIAN"],"inLanguage":"es","potentialAction":[{"@type":"CommentAction","name":"Comment","target":["https:\/\/contadoreshoy.com\/?p=5943#respond"]}]},{"@type":"WebPage","@id":"https:\/\/contadoreshoy.com\/?p=5943","url":"https:\/\/contadoreshoy.com\/?p=5943","name":"Contratos de obra p\u00fablica excluidos del IVA - Contadores P\u00fablicos","isPartOf":{"@id":"https:\/\/contadoreshoy.com\/#website"},"primaryImageOfPage":{"@id":"https:\/\/contadoreshoy.com\/?p=5943#primaryimage"},"image":{"@id":"https:\/\/contadoreshoy.com\/?p=5943#primaryimage"},"thumbnailUrl":"https:\/\/contadoreshoy.com\/wp-content\/uploads\/2015\/09\/obras-p\u00fablicas.jpg","datePublished":"2015-09-23T13:15:30+00:00","dateModified":"2017-02-05T03:00:42+00:00","breadcrumb":{"@id":"https:\/\/contadoreshoy.com\/?p=5943#breadcrumb"},"inLanguage":"es","potentialAction":[{"@type":"ReadAction","target":["https:\/\/contadoreshoy.com\/?p=5943"]}]},{"@type":"ImageObject","inLanguage":"es","@id":"https:\/\/contadoreshoy.com\/?p=5943#primaryimage","url":"https:\/\/contadoreshoy.com\/wp-content\/uploads\/2015\/09\/obras-p\u00fablicas.jpg","contentUrl":"https:\/\/contadoreshoy.com\/wp-content\/uploads\/2015\/09\/obras-p\u00fablicas.jpg","width":600,"height":400,"caption":"OLYMPUS DIGITAL CAMERA"},{"@type":"BreadcrumbList","@id":"https:\/\/contadoreshoy.com\/?p=5943#breadcrumb","itemListElement":[{"@type":"ListItem","position":1,"name":"Portada","item":"https:\/\/contadoreshoy.com\/"},{"@type":"ListItem","position":2,"name":"Contratos de obra p\u00fablica excluidos del IVA"}]},{"@type":"WebSite","@id":"https:\/\/contadoreshoy.com\/#website","url":"https:\/\/contadoreshoy.com\/","name":"Contadorespublicossantander","description":"Portal para Contadores P\u00fablicos y empresarios","publisher":{"@id":"https:\/\/contadoreshoy.com\/#organization"},"potentialAction":[{"@type":"SearchAction","target":{"@type":"EntryPoint","urlTemplate":"https:\/\/contadoreshoy.com\/?s={search_term_string}"},"query-input":{"@type":"PropertyValueSpecification","valueRequired":true,"valueName":"search_term_string"}}],"inLanguage":"es"},{"@type":"Organization","@id":"https:\/\/contadoreshoy.com\/#organization","name":"Contadores P\u00fablicos de Santander","url":"https:\/\/contadoreshoy.com\/","logo":{"@type":"ImageObject","inLanguage":"es","@id":"https:\/\/contadoreshoy.com\/#\/schema\/logo\/image\/","url":"https:\/\/contadoreshoy.com\/wp-content\/uploads\/2024\/01\/cropped-cropped-Copia-de-M-1.jpg","contentUrl":"https:\/\/contadoreshoy.com\/wp-content\/uploads\/2024\/01\/cropped-cropped-Copia-de-M-1.jpg","width":499,"height":500,"caption":"Contadores P\u00fablicos de Santander"},"image":{"@id":"https:\/\/contadoreshoy.com\/#\/schema\/logo\/image\/"},"sameAs":["https:\/\/www.facebook.com\/CCCPBucaramanga\/"]},{"@type":"Person","@id":"https:\/\/contadoreshoy.com\/#\/schema\/person\/96d8979cb865537c5dc9345e40089fc5","name":"Miguel Antonio M\u00e1rquez Monta\u00f1ez","description":"Contador P\u00fablico egresado de la Universidad Aut\u00f3noma de Bucaramanga - Asesor contable tributario con m\u00e1s de 25 a\u00f1os de experiencia - Conferencista en temas contables y tributarios - T\u00e9cnico en Hardware y Dise\u00f1o Web - Creador y director Grupo de Estudio Colegio Colombiano de Contadores P\u00fablicos de Bucaramanga - Creador y Master Web p\u00e1gina www.contadoresp\u00fablicossantander.com - Expresidente Colegio Colombiano de Contadores P\u00fablicos Bucaramanga","url":"https:\/\/contadoreshoy.com\/?author=1"}]}},"_links":{"self":[{"href":"https:\/\/contadoreshoy.com\/index.php?rest_route=\/wp\/v2\/posts\/5943","targetHints":{"allow":["GET"]}}],"collection":[{"href":"https:\/\/contadoreshoy.com\/index.php?rest_route=\/wp\/v2\/posts"}],"about":[{"href":"https:\/\/contadoreshoy.com\/index.php?rest_route=\/wp\/v2\/types\/post"}],"author":[{"embeddable":true,"href":"https:\/\/contadoreshoy.com\/index.php?rest_route=\/wp\/v2\/users\/1"}],"replies":[{"embeddable":true,"href":"https:\/\/contadoreshoy.com\/index.php?rest_route=%2Fwp%2Fv2%2Fcomments&post=5943"}],"version-history":[{"count":1,"href":"https:\/\/contadoreshoy.com\/index.php?rest_route=\/wp\/v2\/posts\/5943\/revisions"}],"predecessor-version":[{"id":8047,"href":"https:\/\/contadoreshoy.com\/index.php?rest_route=\/wp\/v2\/posts\/5943\/revisions\/8047"}],"wp:featuredmedia":[{"embeddable":true,"href":"https:\/\/contadoreshoy.com\/index.php?rest_route=\/wp\/v2\/media\/5944"}],"wp:attachment":[{"href":"https:\/\/contadoreshoy.com\/index.php?rest_route=%2Fwp%2Fv2%2Fmedia&parent=5943"}],"wp:term":[{"taxonomy":"category","embeddable":true,"href":"https:\/\/contadoreshoy.com\/index.php?rest_route=%2Fwp%2Fv2%2Fcategories&post=5943"},{"taxonomy":"post_tag","embeddable":true,"href":"https:\/\/contadoreshoy.com\/index.php?rest_route=%2Fwp%2Fv2%2Ftags&post=5943"}],"curies":[{"name":"wp","href":"https:\/\/api.w.org\/{rel}","templated":true}]}}