{"id":6047,"date":"2015-09-29T21:26:29","date_gmt":"2015-09-30T02:26:29","guid":{"rendered":"http:\/\/colegiocolombianodecontadores.com\/?p=6047"},"modified":"2017-02-04T22:00:41","modified_gmt":"2017-02-05T03:00:41","slug":"pago-de-anticipos-iva-para-contribuyentes-de-periodo-anual","status":"publish","type":"post","link":"https:\/\/contadoreshoy.com\/?p=6047","title":{"rendered":"Pago de anticipos IVA para contribuyentes de per\u00edodo anual"},"content":{"rendered":"<p style=\"text-align: center;\">OFICIO N\u00daMERO 023334 DE 2015 -DIAN<br \/>\n(agosto 11)<\/p>\n<p>Subdirecci\u00f3n de Gesti\u00f3n Normativa y Doctrina<br \/>\nBogot\u00e1, D. C., 10 de agosto de 2015<br \/>\n100208221-001040<br \/>\nReferencia: Radicado n\u00famero 007648 del 04\/03\/2015<\/p>\n<p>Cordial saludo se\u00f1or Rueda:<\/p>\n<p style=\"text-align: justify;\">\nDe conformidad con el art\u00edculo 20 del Decreto n\u00famero 4048 de 2008 es funci\u00f3n de este Despacho absolver las consultas escritas que se formulen sobre interpretaci\u00f3n y aplicaci\u00f3n de las normas tributarias de car\u00e1cter nacional, aduaneras y cambiarias en lo de competencia de esta entidad.<\/p>\n<p style=\"text-align: justify;\">\n<span style=\"color: #0000ff;\">En el escrito de la referencia manifiesta en primer lugar qu\u00e9 a cargo de la empresa que representa, figura una deuda por concepto de Impuesto sobre las ventas primer periodo 2013, la cual, seg\u00fan le han informado, obedece a un asunto de inconveniente con el sistema inform\u00e1tico electr\u00f3nico de esta entidad, dado que su empresa ha cumplido en cada oportunidad. A este respecto, estamos dando traslado a la Direcci\u00f3n de Gesti\u00f3n Organizacional quien tiene a su cargo estos sistemas inform\u00e1ticos, para lo de su competencia.<\/span><\/p>\n<p style=\"text-align: justify;\">\n<span style=\"color: #0000ff;\">De otra parte pregunta \u00bfC\u00f3mo debieron pagarse los anticipos y presentarse la declaraci\u00f3n anual del Impuesto sobre las ventas respecto del a\u00f1o 2013? <\/span><br \/>\n<span style=\"color: #0000ff;\">El Estatuto Tributario, en el art\u00edculo 600 modificado por el art\u00edculo 61 de la Ley 1607 de 2012 establece los periodos gravables para los responsables del impuesto sobre las ventas.<\/span><\/p>\n<p style=\"text-align: justify;\">\n<span style=\"color: #ff9900;\">Esta disposici\u00f3n fue reglamentada por el Decreto n\u00famero 1794 de 2013:<\/span><\/p>\n<p style=\"text-align: justify;\">\n<span style=\"color: #ff9900;\">\u201cArt\u00edculo 25. Pagos cuatrimestrales sin declaraci\u00f3n a modo de anticipo del impuesto sobre las ventas. Los responsables del impuesto sobre las ventas cuyo periodo gravable es anual, de conformidad con el numeral 3 del art\u00edculo 600 del Estatuto Tributario, deber\u00e1n tener en cuenta lo siguiente:<\/span><\/p>\n<ol style=\"text-align: justify;\">\n<li><span style=\"color: #ff9900;\">El 30% de anticipo cuatrimestral deber\u00e1 calcularse sobre la suma de la casilla \u201csaldo a pagar por impuesto\u201d de la totalidad de las declaraciones del impuesto sobre las ventas correspondientes al a\u00f1o gravable inmediatamente anterior;<\/span><\/li>\n<li><span style=\"color: #ff6600;\"><strong>En caso de que el valor calculado en el literal anterior haya arrojado un saldo a favor del contribuyente, este no estar\u00e1 obligado a hacer los abonos parciales de que trata el presente art\u00edculo;<\/strong><\/span><\/li>\n<li><span style=\"color: #ff6600;\"><strong>En caso de que el contribuyente se encuentre en liquidaci\u00f3n, los anticipos deber\u00e1n pagarse solo si este realiza operaciones gravadas en el cuatrimestre anterior a la fecha de pago del anticipo correspondiente;<\/strong><\/span><\/li>\n<li><span style=\"color: #ff9900;\">Para el pago del anticipo de que trata el presente art\u00edculo, el responsable deber\u00e1 utilizar el recibo de pago n\u00famero 490 prescrito por la U.A.E. Direcci\u00f3n de Impuestos y Aduanas Nacionales, y efectuar el pago en los plazos se\u00f1alados por el Gobierno nacional&#8230;\u201d.<\/span><\/li>\n<\/ol>\n<p style=\"text-align: justify;\">(&#8230;)<\/p>\n<p style=\"text-align: justify;\"><span style=\"color: #ff9900;\">Art\u00edculo 26. <em>Monto m\u00e1ximo de los anticipos. <\/em>Para efectos de lo previsto en el numeral 3 del art\u00edculo <u>600<\/u> del Estatuto Tributario, <strong><span style=\"color: #ff6600;\">el monto m\u00e1ximo de los pagos cuatrimestrales por concepto de impuesto sobre las ventas, que en todo caso no podr\u00e1n exceder el valor del Impuesto sobre las Ventas generado por las operaciones efectivamente realizadas en el respectivo periodo, ser\u00e1 el siguiente:<\/span><\/strong><\/span><\/p>\n<ol style=\"text-align: justify;\">\n<li>Un primer pago, por el 30% del total de los IVA pagado a 31 de diciembre del a\u00f1o anterior, que se cancelar\u00e1 en el mes de mayo, de conformidad con los plazos establecidos por la UAE-DIAN;<\/li>\n<li>Un segundo pago, por el 30% del total de los IVA pagado a 31 de diciembre del a\u00f1o anterior, que se cancelar\u00e1 en el mes de septiembre, de conformidad con los plazos establecidos por la UAE-DIAN;<\/li>\n<\/ol>\n<ol style=\"text-align: justify;\">\n<li>Un \u00faltimo pago, que corresponder\u00e1 al saldo por impuesto sobre las ventas efectivamente generado en el periodo gravable y que deber\u00e1 pagarse al tiempo con la presentaci\u00f3n de la declaraci\u00f3n de IVA.<\/li>\n<\/ol>\n<p style=\"text-align: justify;\">Par\u00e1grafo 1\u00b0. <span style=\"color: #ff6600;\"><strong>Cuando el contribuyente no haya realizado operaciones gravadas con el impuesto sobre las ventas, en el cuatrimestre anterior a la fecha de pago del anticipo correspondiente, no deber\u00e1 pagar el impuesto mediante anticipo a que hacen referencia los literales a y b del presente art\u00edculo.<\/strong><\/span><\/p>\n<p style=\"text-align: justify;\">Par\u00e1grafo 2\u00b0. Para los responsables cuyo periodo gravable es anual conforme a lo establecido en el presente art\u00edculo, que hubieren pagado el primer anticipo antes de la entrada en vigencia del presente decreto, los valores efectivamente pagados que superen el monto m\u00e1ximo establecido en el presente art\u00edculo, podr\u00e1n ser tomados como un abono al siguiente anticipo o al saldo a pagar en la declaraci\u00f3n del impuesto sobre las ventas del periodo\u201d.<\/p>\n<p style=\"text-align: justify;\">As\u00ed mismo, mediante el Decreto n\u00famero 187 de febrero 12 de 2013, se adicion\u00f3 y modific\u00f3 el Decreto n\u00famero 2634 de 2012 que consagr\u00f3 los plazos para cumplir con la presentaci\u00f3n y pago de las declaraciones tributarias. Espec\u00edficamente frente al caso que nos ocupa precis\u00f3:<\/p>\n<p style=\"text-align: justify;\">\u201c(&#8230;) Art\u00edculo 1\u00b0. Modificase el art\u00edculo <u>23<\/u> del Decreto n\u00famero 2634 de 2012, el cual quedar\u00e1 as\u00ed:<\/p>\n<p style=\"text-align: justify;\">\u201c<strong>Art\u00edculo 23. <\/strong><em>Declaraci\u00f3n y pago del impuesto sobre las ventas.<\/em><\/p>\n<p style=\"text-align: justify;\">(&#8230;)<\/p>\n<p style=\"text-align: justify;\">Declaraci\u00f3n anual y pago del Impuesto sobre las Ventas<\/p>\n<p style=\"text-align: justify;\">Los responsables de este impuesto, personas jur\u00eddicas y naturales cuyos ingresos brutos generados a 31 de diciembre del a\u00f1o gravable 2012, sean inferiores a quince mil (15.000) UVT ($390.735.000), deber\u00e1n presentar la declaraci\u00f3n del impuesto sobre las ventas de manera anual utilizando el formulario prescrito por la Direcci\u00f3n de Impuestos y Aduanas Nacionales (DIAN).<\/p>\n<p style=\"text-align: justify;\">Los responsables aqu\u00ed mencionados deber\u00e1n hacer pagos cuatrimestrales sin declaraci\u00f3n, a modo de anticipo del impuesto sobre las ventas; los montos de dichos pagos se calcular\u00e1n y pagar\u00e1n teniendo en cuenta el valor del IVA total pagado a 31 de diciembre del a\u00f1o gravable 2012 y dividiendo dicho monto as\u00ed:<\/p>\n<ol style=\"text-align: justify;\">\n<li>Un primer pago equivalente al 30% del total del IVA pagado a 31 de diciembre del a\u00f1o gravable 2012, que se cancelar\u00e1 en el mes de mayo, de acuerdo con el \u00faltimo d\u00edgito del NIT. del responsable, que conste en el Certificado del Registro \u00danico Tributario (RUT), sin tener en cuenta el d\u00edgito de verificaci\u00f3n.<\/li>\n<\/ol>\n<table width=\"369\">\n<tbody>\n<tr>\n<td width=\"128\"><strong>Si el \u00faltimo d\u00edgito es<\/strong><\/td>\n<td width=\"241\"><strong>Primer pago 30% 2013 hasta el d\u00eda<\/strong><\/td>\n<\/tr>\n<tr>\n<td width=\"128\">&nbsp;<\/td>\n<td width=\"241\">1 9 de mayo de 2013<\/td>\n<\/tr>\n<tr>\n<td width=\"128\">&nbsp;<\/td>\n<td width=\"241\">210 de mayo de 2013<\/td>\n<\/tr>\n<tr>\n<td width=\"128\">&nbsp;<\/td>\n<td width=\"241\">314 de mayo de 2013<\/td>\n<\/tr>\n<tr>\n<td width=\"128\">&nbsp;<\/td>\n<td width=\"241\">415 de mayo de 2013<\/td>\n<\/tr>\n<tr>\n<td width=\"128\">&nbsp;<\/td>\n<td width=\"241\">516 de mayo de 2013<\/td>\n<\/tr>\n<tr>\n<td width=\"128\">&nbsp;<\/td>\n<td width=\"241\">617 de mayo de 2013<\/td>\n<\/tr>\n<tr>\n<td width=\"128\">&nbsp;<\/td>\n<td width=\"241\">720 de mayo de 2013<\/td>\n<\/tr>\n<tr>\n<td width=\"128\">&nbsp;<\/td>\n<td width=\"241\">821 de mayo de 2013<\/td>\n<\/tr>\n<tr>\n<td width=\"128\">&nbsp;<\/td>\n<td width=\"241\">922 de mayo de 2013<\/td>\n<\/tr>\n<tr>\n<td width=\"128\">&nbsp;<\/td>\n<td width=\"241\">023 de mayo de 2013<\/td>\n<\/tr>\n<\/tbody>\n<\/table>\n<ol style=\"text-align: justify;\">\n<li>Un segundo pago equivalente al 30% del total del IVA pagado a 31 de diciembre del a\u00f1o gravable 2012, que se cancelar\u00e1 en el mes de septiembre, de acuerdo con el \u00faltimo d\u00edgito del NIT. del responsable, que conste en el Certificado del Registro \u00danico Tributario (RUT), sin tener en cuenta el d\u00edgito de verificaci\u00f3n.<\/li>\n<\/ol>\n<table width=\"318\">\n<tbody>\n<tr>\n<td width=\"118\"><strong>Si el \u00faltimo d\u00edgito es<\/strong><\/td>\n<td width=\"200\"><strong>Segundo pago 30% 2013 hasta el d\u00eda<\/strong><\/td>\n<\/tr>\n<tr>\n<td colspan=\"2\" width=\"318\">19 de septiembre de 2013<\/td>\n<\/tr>\n<tr>\n<td colspan=\"2\" width=\"318\">210 de septiembre de 2013<\/td>\n<\/tr>\n<tr>\n<td colspan=\"2\" width=\"318\">311 de septiembre de 2013<\/td>\n<\/tr>\n<tr>\n<td colspan=\"2\" width=\"318\">412 de septiembre de 2013<\/td>\n<\/tr>\n<tr>\n<td colspan=\"2\" width=\"318\">513 de septiembre de 2013<\/td>\n<\/tr>\n<tr>\n<td colspan=\"2\" width=\"318\">616 de septiembre de 2013<\/td>\n<\/tr>\n<tr>\n<td colspan=\"2\" width=\"318\">717 de septiembre de 2013<\/td>\n<\/tr>\n<tr>\n<td colspan=\"2\" width=\"318\">818 de septiembre de 2013<\/td>\n<\/tr>\n<tr>\n<td colspan=\"2\" width=\"318\">919 de septiembre de 2013<\/td>\n<\/tr>\n<tr>\n<td colspan=\"2\" width=\"318\">020 de septiembre de 2013<\/td>\n<\/tr>\n<\/tbody>\n<\/table>\n<ol style=\"text-align: justify;\">\n<li>Un \u00faltimo pago que corresponder\u00e1 al saldo por impuesto sobre las ventas del a\u00f1o gravable 2013 efectivamente generado en el periodo gravable y que deber\u00e1 pagarse al tiempo con la declaraci\u00f3n de IVA.<\/li>\n<\/ol>\n<table width=\"452\">\n<tbody>\n<tr>\n<td width=\"116\"><strong>Si el \u00faltimo d\u00edgito es<\/strong><\/td>\n<td width=\"336\"><strong>Pago saldo 40% y presentaci\u00f3n de la declaraci\u00f3n 2013 hasta el d\u00eda<\/strong><\/td>\n<\/tr>\n<tr>\n<td width=\"116\">&nbsp;<\/td>\n<td width=\"336\">110 de enero de 2014<\/td>\n<\/tr>\n<tr>\n<td width=\"116\">&nbsp;<\/td>\n<td width=\"336\">213 de enero de 2014<\/td>\n<\/tr>\n<tr>\n<td width=\"116\">&nbsp;<\/td>\n<td width=\"336\">314 de enero de 2014<\/td>\n<\/tr>\n<tr>\n<td width=\"116\">&nbsp;<\/td>\n<td width=\"336\">415 de enero de 2014<\/td>\n<\/tr>\n<tr>\n<td width=\"116\">&nbsp;<\/td>\n<td width=\"336\">516 de enero de 2014<\/td>\n<\/tr>\n<tr>\n<td width=\"116\">&nbsp;<\/td>\n<td width=\"336\">617 de enero de 2014<\/td>\n<\/tr>\n<tr>\n<td width=\"116\">&nbsp;<\/td>\n<td width=\"336\">720 de enero de 2014<\/td>\n<\/tr>\n<tr>\n<td width=\"116\">&nbsp;<\/td>\n<td width=\"336\">821 de enero de 2014<\/td>\n<\/tr>\n<tr>\n<td width=\"116\">&nbsp;<\/td>\n<td width=\"336\">922 de enero de 2014<\/td>\n<\/tr>\n<tr>\n<td width=\"116\">&nbsp;<\/td>\n<td width=\"336\">023 de enero de 2014<\/td>\n<\/tr>\n<\/tbody>\n<\/table>\n<p style=\"text-align: justify;\">(&#8230;) &#8230;<\/p>\n<p style=\"text-align: justify;\">Par\u00e1grafo transitorio. Los responsables obligados a presentar declaraci\u00f3n bimestral del impuesto sobre las ventas que no hayan cumplido la obligaci\u00f3n de presentar las declaraciones del impuesto sobre las ventas en ceros (0) en los meses en los cuales no realizaron operaciones sometidas al impuesto ni operaciones que den lugar a impuestos descontables, ajustes o deducciones en los t\u00e9rminos de los art\u00edculos <u>484<\/u> y <u>486<\/u> del Estatuto Tributario desde que tengan la obligaci\u00f3n, podr\u00e1n presentar esas declaraciones dentro de los seis (6) meses siguientes a la vigencia de la Ley <u>1607<\/u> de 2012, sin liquidar sanci\u00f3n por extemporaneidad. (&#8230;)\u201d.<\/p>\n<p style=\"text-align: justify;\">Finalmente, de manera cordial le informamos que la Direcci\u00f3n de Impuestos y Aduanas Nacionales, con el fin de facilitar a los contribuyentes, usuarios y p\u00fablico en general el acceso directo a sus pronunciamientos doctrinarios ha publicado en su p\u00e1gina de Internet www.dian.gov.co,http:\/\/www.dian.gov.co la base de conceptos en materia tributaria, aduanera y cambiaria expedidos desde el a\u00f1o 2001, a la cual se puede ingresar por el icono de \u201cNormatividad\u201d_-\u201ct\u00e9cnica\u201d- dando click en el link \u201cDoctrina\u201d \u2013 \u201cDirecci\u00f3n de Gesti\u00f3n Jur\u00eddica\u201d.<\/p>\n<p style=\"text-align: justify;\">Atentamente,<\/p>\n<p style=\"text-align: justify;\">El Subdirector de Gesti\u00f3n Normativa y Doctrina (e),<\/p>\n<p style=\"text-align: justify;\"><em>Pedro Pablo Contreras Camargo.<\/em><\/p>\n","protected":false},"excerpt":{"rendered":"<p>El 30% de anticipo cuatrimestral deber\u00e1 calcularse sobre la suma de la casilla \u201csaldo a pagar por impuesto\u201d de la totalidad de las declaraciones del impuesto sobre las ventas correspondientes al a\u00f1o gravable inmediatamente anterior; En caso de que el valor calculado en el literal anterior haya arrojado un saldo a favor del contribuyente, este no estar\u00e1 obligado a hacer los abonos parciales.<\/p>\n","protected":false},"author":1,"featured_media":6048,"comment_status":"open","ping_status":"open","sticky":false,"template":"","format":"standard","meta":{"_monsterinsights_skip_tracking":false,"ngg_post_thumbnail":0,"footnotes":"","_links_to":"","_links_to_target":""},"categories":[454],"tags":[],"class_list":["post-6047","post","type-post","status-publish","format-standard","has-post-thumbnail","hentry","category-sin-categoria"],"aioseo_notices":[],"aioseo_head":"\n\t\t<!-- All in One SEO 5.0.1.1 - aioseo.com -->\n\t<meta name=\"description\" content=\"El 30% de anticipo cuatrimestral deber\u00e1 calcularse sobre la suma de la casilla \u201csaldo a pagar por impuesto\u201d de la totalidad de las declaraciones del impuesto sobre las ventas correspondientes al a\u00f1o gravable inmediatamente anterior; En caso de que el valor calculado en el literal anterior haya arrojado un saldo a favor del contribuyente, este no estar\u00e1 obligado a hacer los abonos parciales.\" \/>\n\t<meta name=\"robots\" content=\"max-image-preview:large\" \/>\n\t<meta name=\"author\" content=\"Miguel Antonio M\u00e1rquez Monta\u00f1ez\"\/>\n\t<link rel=\"canonical\" href=\"https:\/\/contadoreshoy.com\/?p=6047\" \/>\n\t<meta name=\"generator\" content=\"All in One SEO (AIOSEO) 5.0.1.1\" \/>\n\t\t<meta property=\"og:locale\" content=\"es_ES\" \/>\n\t\t<meta property=\"og:site_name\" content=\"Contadores P\u00fablicos - Portal para Contadores P\u00fablicos y empresarios\" \/>\n\t\t<meta property=\"og:type\" content=\"article\" \/>\n\t\t<meta property=\"og:title\" content=\"Pago de anticipos IVA para contribuyentes de per\u00edodo anual - Contadores P\u00fablicos\" \/>\n\t\t<meta property=\"og:description\" content=\"El 30% de anticipo cuatrimestral deber\u00e1 calcularse sobre la suma de la casilla \u201csaldo a pagar por impuesto\u201d de la totalidad de las declaraciones del impuesto sobre las ventas correspondientes al a\u00f1o gravable inmediatamente anterior; En caso de que el valor calculado en el literal anterior haya arrojado un saldo a favor del contribuyente, este no estar\u00e1 obligado a hacer los abonos parciales.\" \/>\n\t\t<meta property=\"og:url\" content=\"https:\/\/contadoreshoy.com\/?p=6047\" \/>\n\t\t<meta property=\"og:image\" content=\"https:\/\/contadoreshoy.com\/wp-content\/uploads\/2024\/01\/cropped-cropped-cropped-Copia-de-M.jpg\" \/>\n\t\t<meta property=\"og:image:secure_url\" content=\"https:\/\/contadoreshoy.com\/wp-content\/uploads\/2024\/01\/cropped-cropped-cropped-Copia-de-M.jpg\" \/>\n\t\t<meta property=\"og:image:width\" content=\"512\" \/>\n\t\t<meta property=\"og:image:height\" content=\"371\" \/>\n\t\t<meta property=\"article:published_time\" content=\"2015-09-30T02:26:29+00:00\" \/>\n\t\t<meta property=\"article:modified_time\" content=\"2017-02-05T03:00:41+00:00\" \/>\n\t\t<meta name=\"twitter:card\" content=\"summary_large_image\" \/>\n\t\t<meta name=\"twitter:title\" content=\"Pago de anticipos IVA para contribuyentes de per\u00edodo anual - Contadores P\u00fablicos\" \/>\n\t\t<meta name=\"twitter:description\" content=\"El 30% de anticipo cuatrimestral deber\u00e1 calcularse sobre la suma de la casilla \u201csaldo a pagar por impuesto\u201d de la totalidad de las declaraciones del impuesto sobre las ventas correspondientes al a\u00f1o gravable inmediatamente anterior; En caso de que el valor calculado en el literal anterior haya arrojado un saldo a favor del contribuyente, este no estar\u00e1 obligado a hacer los abonos parciales.\" \/>\n\t\t<meta name=\"twitter:image\" content=\"https:\/\/contadoreshoy.com\/wp-content\/uploads\/2024\/01\/cropped-cropped-cropped-Copia-de-M.jpg\" \/>\n\t\t<script type=\"application\/ld+json\" class=\"aioseo-schema\">\n\t\t\t{\"@context\":\"https:\\\/\\\/schema.org\",\"@graph\":[{\"@type\":\"BlogPosting\",\"@id\":\"https:\\\/\\\/contadoreshoy.com\\\/?p=6047#blogposting\",\"name\":\"Pago de anticipos IVA para contribuyentes de per\\u00edodo anual - Contadores P\\u00fablicos\",\"headline\":\"Pago de anticipos IVA para contribuyentes de per\\u00edodo anual\",\"author\":{\"@id\":\"https:\\\/\\\/contadoreshoy.com\\\/?author=1#author\"},\"publisher\":{\"@id\":\"https:\\\/\\\/contadoreshoy.com\\\/#organization\"},\"image\":{\"@type\":\"ImageObject\",\"url\":\"https:\\\/\\\/contadoreshoy.com\\\/wp-content\\\/uploads\\\/2015\\\/09\\\/pago-de-impuestos.jpg\",\"width\":600,\"height\":400},\"datePublished\":\"2015-09-29T21:26:29-05:00\",\"dateModified\":\"2017-02-04T22:00:41-05:00\",\"inLanguage\":\"es-ES\",\"mainEntityOfPage\":{\"@id\":\"https:\\\/\\\/contadoreshoy.com\\\/?p=6047#webpage\"},\"isPartOf\":{\"@id\":\"https:\\\/\\\/contadoreshoy.com\\\/?p=6047#webpage\"},\"articleSection\":\"Sin categor\\u00eda\"},{\"@type\":\"BreadcrumbList\",\"@id\":\"https:\\\/\\\/contadoreshoy.com\\\/?p=6047#breadcrumblist\",\"itemListElement\":[{\"@type\":\"ListItem\",\"@id\":\"https:\\\/\\\/contadoreshoy.com#listItem\",\"position\":1,\"name\":\"Home\",\"item\":\"https:\\\/\\\/contadoreshoy.com\",\"nextItem\":{\"@type\":\"ListItem\",\"@id\":\"https:\\\/\\\/contadoreshoy.com\\\/?cat=454#listItem\",\"name\":\"Sin categor\\u00eda\"}},{\"@type\":\"ListItem\",\"@id\":\"https:\\\/\\\/contadoreshoy.com\\\/?cat=454#listItem\",\"position\":2,\"name\":\"Sin categor\\u00eda\",\"item\":\"https:\\\/\\\/contadoreshoy.com\\\/?cat=454\",\"nextItem\":{\"@type\":\"ListItem\",\"@id\":\"https:\\\/\\\/contadoreshoy.com\\\/?p=6047#listItem\",\"name\":\"Pago de anticipos IVA para contribuyentes de per\\u00edodo anual\"},\"previousItem\":{\"@type\":\"ListItem\",\"@id\":\"https:\\\/\\\/contadoreshoy.com#listItem\",\"name\":\"Home\"}},{\"@type\":\"ListItem\",\"@id\":\"https:\\\/\\\/contadoreshoy.com\\\/?p=6047#listItem\",\"position\":3,\"name\":\"Pago de anticipos IVA para contribuyentes de per\\u00edodo anual\",\"previousItem\":{\"@type\":\"ListItem\",\"@id\":\"https:\\\/\\\/contadoreshoy.com\\\/?cat=454#listItem\",\"name\":\"Sin categor\\u00eda\"}}]},{\"@type\":\"Organization\",\"@id\":\"https:\\\/\\\/contadoreshoy.com\\\/#organization\",\"name\":\"Contadores P\\u00fablicos\",\"description\":\"Portal para Contadores P\\u00fablicos y empresarios\",\"url\":\"https:\\\/\\\/contadoreshoy.com\\\/\",\"logo\":{\"@type\":\"ImageObject\",\"url\":\"https:\\\/\\\/contadoreshoy.com\\\/wp-content\\\/uploads\\\/2024\\\/01\\\/cropped-cropped-Copia-de-M-1.jpg\",\"@id\":\"https:\\\/\\\/contadoreshoy.com\\\/?p=6047\\\/#organizationLogo\",\"width\":499,\"height\":500},\"image\":{\"@id\":\"https:\\\/\\\/contadoreshoy.com\\\/?p=6047\\\/#organizationLogo\"}},{\"@type\":\"Person\",\"@id\":\"https:\\\/\\\/contadoreshoy.com\\\/?author=1#author\",\"url\":\"https:\\\/\\\/contadoreshoy.com\\\/?author=1\",\"name\":\"Miguel Antonio M\\u00e1rquez Monta\\u00f1ez\"},{\"@type\":\"WebPage\",\"@id\":\"https:\\\/\\\/contadoreshoy.com\\\/?p=6047#webpage\",\"url\":\"https:\\\/\\\/contadoreshoy.com\\\/?p=6047\",\"name\":\"Pago de anticipos IVA para contribuyentes de per\\u00edodo anual - Contadores P\\u00fablicos\",\"description\":\"El 30% de anticipo cuatrimestral deber\\u00e1 calcularse sobre la suma de la casilla \\u201csaldo a pagar por impuesto\\u201d de la totalidad de las declaraciones del impuesto sobre las ventas correspondientes al a\\u00f1o gravable inmediatamente anterior; En caso de que el valor calculado en el literal anterior haya arrojado un saldo a favor del contribuyente, este no estar\\u00e1 obligado a hacer los abonos parciales.\",\"inLanguage\":\"es-ES\",\"isPartOf\":{\"@id\":\"https:\\\/\\\/contadoreshoy.com\\\/#website\"},\"breadcrumb\":{\"@id\":\"https:\\\/\\\/contadoreshoy.com\\\/?p=6047#breadcrumblist\"},\"author\":{\"@id\":\"https:\\\/\\\/contadoreshoy.com\\\/?author=1#author\"},\"creator\":{\"@id\":\"https:\\\/\\\/contadoreshoy.com\\\/?author=1#author\"},\"image\":{\"@type\":\"ImageObject\",\"url\":\"https:\\\/\\\/contadoreshoy.com\\\/wp-content\\\/uploads\\\/2015\\\/09\\\/pago-de-impuestos.jpg\",\"@id\":\"https:\\\/\\\/contadoreshoy.com\\\/?p=6047\\\/#mainImage\",\"width\":600,\"height\":400},\"primaryImageOfPage\":{\"@id\":\"https:\\\/\\\/contadoreshoy.com\\\/?p=6047#mainImage\"},\"datePublished\":\"2015-09-29T21:26:29-05:00\",\"dateModified\":\"2017-02-04T22:00:41-05:00\"},{\"@type\":\"WebSite\",\"@id\":\"https:\\\/\\\/contadoreshoy.com\\\/#website\",\"url\":\"https:\\\/\\\/contadoreshoy.com\\\/\",\"name\":\"Contadores P\\u00fablicos\",\"description\":\"Portal para Contadores P\\u00fablicos y empresarios\",\"inLanguage\":\"es-ES\",\"publisher\":{\"@id\":\"https:\\\/\\\/contadoreshoy.com\\\/#organization\"}}]}\n\t\t<\/script>\n\t\t<!-- All in One SEO -->\n\n","aioseo_head_json":{"title":"Pago de anticipos IVA para contribuyentes de per\u00edodo anual - Contadores P\u00fablicos","description":"El 30% de anticipo cuatrimestral deber\u00e1 calcularse sobre la suma de la casilla \u201csaldo a pagar por impuesto\u201d de la totalidad de las declaraciones del impuesto sobre las ventas correspondientes al a\u00f1o gravable inmediatamente anterior; En caso de que el valor calculado en el literal anterior haya arrojado un saldo a favor del contribuyente, este no estar\u00e1 obligado a hacer los abonos parciales.","canonical_url":"https:\/\/contadoreshoy.com\/?p=6047","robots":"max-image-preview:large","keywords":"","webmasterTools":{"miscellaneous":""},"schema":{"@context":"https:\/\/schema.org","@graph":[{"@type":"BlogPosting","@id":"https:\/\/contadoreshoy.com\/?p=6047#blogposting","name":"Pago de anticipos IVA para contribuyentes de per\u00edodo anual - Contadores P\u00fablicos","headline":"Pago de anticipos IVA para contribuyentes de per\u00edodo anual","author":{"@id":"https:\/\/contadoreshoy.com\/?author=1#author"},"publisher":{"@id":"https:\/\/contadoreshoy.com\/#organization"},"image":{"@type":"ImageObject","url":"https:\/\/contadoreshoy.com\/wp-content\/uploads\/2015\/09\/pago-de-impuestos.jpg","width":600,"height":400},"datePublished":"2015-09-29T21:26:29-05:00","dateModified":"2017-02-04T22:00:41-05:00","inLanguage":"es-ES","mainEntityOfPage":{"@id":"https:\/\/contadoreshoy.com\/?p=6047#webpage"},"isPartOf":{"@id":"https:\/\/contadoreshoy.com\/?p=6047#webpage"},"articleSection":"Sin categor\u00eda"},{"@type":"BreadcrumbList","@id":"https:\/\/contadoreshoy.com\/?p=6047#breadcrumblist","itemListElement":[{"@type":"ListItem","@id":"https:\/\/contadoreshoy.com#listItem","position":1,"name":"Home","item":"https:\/\/contadoreshoy.com","nextItem":{"@type":"ListItem","@id":"https:\/\/contadoreshoy.com\/?cat=454#listItem","name":"Sin categor\u00eda"}},{"@type":"ListItem","@id":"https:\/\/contadoreshoy.com\/?cat=454#listItem","position":2,"name":"Sin categor\u00eda","item":"https:\/\/contadoreshoy.com\/?cat=454","nextItem":{"@type":"ListItem","@id":"https:\/\/contadoreshoy.com\/?p=6047#listItem","name":"Pago de anticipos IVA para contribuyentes de per\u00edodo anual"},"previousItem":{"@type":"ListItem","@id":"https:\/\/contadoreshoy.com#listItem","name":"Home"}},{"@type":"ListItem","@id":"https:\/\/contadoreshoy.com\/?p=6047#listItem","position":3,"name":"Pago de anticipos IVA para contribuyentes de per\u00edodo anual","previousItem":{"@type":"ListItem","@id":"https:\/\/contadoreshoy.com\/?cat=454#listItem","name":"Sin categor\u00eda"}}]},{"@type":"Organization","@id":"https:\/\/contadoreshoy.com\/#organization","name":"Contadores P\u00fablicos","description":"Portal para Contadores P\u00fablicos y empresarios","url":"https:\/\/contadoreshoy.com\/","logo":{"@type":"ImageObject","url":"https:\/\/contadoreshoy.com\/wp-content\/uploads\/2024\/01\/cropped-cropped-Copia-de-M-1.jpg","@id":"https:\/\/contadoreshoy.com\/?p=6047\/#organizationLogo","width":499,"height":500},"image":{"@id":"https:\/\/contadoreshoy.com\/?p=6047\/#organizationLogo"}},{"@type":"Person","@id":"https:\/\/contadoreshoy.com\/?author=1#author","url":"https:\/\/contadoreshoy.com\/?author=1","name":"Miguel Antonio M\u00e1rquez Monta\u00f1ez"},{"@type":"WebPage","@id":"https:\/\/contadoreshoy.com\/?p=6047#webpage","url":"https:\/\/contadoreshoy.com\/?p=6047","name":"Pago de anticipos IVA para contribuyentes de per\u00edodo anual - Contadores P\u00fablicos","description":"El 30% de anticipo cuatrimestral deber\u00e1 calcularse sobre la suma de la casilla \u201csaldo a pagar por impuesto\u201d de la totalidad de las declaraciones del impuesto sobre las ventas correspondientes al a\u00f1o gravable inmediatamente anterior; En caso de que el valor calculado en el literal anterior haya arrojado un saldo a favor del contribuyente, este no estar\u00e1 obligado a hacer los abonos parciales.","inLanguage":"es-ES","isPartOf":{"@id":"https:\/\/contadoreshoy.com\/#website"},"breadcrumb":{"@id":"https:\/\/contadoreshoy.com\/?p=6047#breadcrumblist"},"author":{"@id":"https:\/\/contadoreshoy.com\/?author=1#author"},"creator":{"@id":"https:\/\/contadoreshoy.com\/?author=1#author"},"image":{"@type":"ImageObject","url":"https:\/\/contadoreshoy.com\/wp-content\/uploads\/2015\/09\/pago-de-impuestos.jpg","@id":"https:\/\/contadoreshoy.com\/?p=6047\/#mainImage","width":600,"height":400},"primaryImageOfPage":{"@id":"https:\/\/contadoreshoy.com\/?p=6047#mainImage"},"datePublished":"2015-09-29T21:26:29-05:00","dateModified":"2017-02-04T22:00:41-05:00"},{"@type":"WebSite","@id":"https:\/\/contadoreshoy.com\/#website","url":"https:\/\/contadoreshoy.com\/","name":"Contadores P\u00fablicos","description":"Portal para Contadores P\u00fablicos y empresarios","inLanguage":"es-ES","publisher":{"@id":"https:\/\/contadoreshoy.com\/#organization"}}]},"og:locale":"es_ES","og:site_name":"Contadores P\u00fablicos - Portal para Contadores P\u00fablicos y empresarios","og:type":"article","og:title":"Pago de anticipos IVA para contribuyentes de per\u00edodo anual - Contadores P\u00fablicos","og:description":"El 30% de anticipo cuatrimestral deber\u00e1 calcularse sobre la suma de la casilla \u201csaldo a pagar por impuesto\u201d de la totalidad de las declaraciones del impuesto sobre las ventas correspondientes al a\u00f1o gravable inmediatamente anterior; En caso de que el valor calculado en el literal anterior haya arrojado un saldo a favor del contribuyente, este no estar\u00e1 obligado a hacer los abonos parciales.","og:url":"https:\/\/contadoreshoy.com\/?p=6047","og:image":"https:\/\/contadoreshoy.com\/wp-content\/uploads\/2024\/01\/cropped-cropped-cropped-Copia-de-M.jpg","og:image:secure_url":"https:\/\/contadoreshoy.com\/wp-content\/uploads\/2024\/01\/cropped-cropped-cropped-Copia-de-M.jpg","og:image:width":512,"og:image:height":371,"article:published_time":"2015-09-30T02:26:29+00:00","article:modified_time":"2017-02-05T03:00:41+00:00","twitter:card":"summary_large_image","twitter:title":"Pago de anticipos IVA para contribuyentes de per\u00edodo anual - Contadores P\u00fablicos","twitter:description":"El 30% de anticipo cuatrimestral deber\u00e1 calcularse sobre la suma de la casilla \u201csaldo a pagar por impuesto\u201d de la totalidad de las declaraciones del impuesto sobre las ventas correspondientes al a\u00f1o gravable inmediatamente anterior; En caso de que el valor calculado en el literal anterior haya arrojado un saldo a favor del contribuyente, este no estar\u00e1 obligado a hacer los abonos parciales.","twitter:image":"https:\/\/contadoreshoy.com\/wp-content\/uploads\/2024\/01\/cropped-cropped-cropped-Copia-de-M.jpg"},"aioseo_meta_data":{"post_id":"6047","title":null,"description":null,"keywords":null,"keyphrases":null,"primary_term":null,"canonical_url":null,"og_title":null,"og_description":null,"og_object_type":"default","og_image_type":"default","og_image_url":null,"og_image_width":null,"og_image_height":null,"og_image_custom_url":null,"og_image_custom_fields":null,"og_video":null,"og_custom_url":null,"og_article_section":null,"og_article_tags":null,"twitter_use_og":false,"twitter_card":"default","twitter_image_type":"default","twitter_image_url":null,"twitter_image_custom_url":null,"twitter_image_custom_fields":null,"twitter_title":null,"twitter_description":null,"schema":{"blockGraphs":[],"customGraphs":[],"default":{"data":{"Article":[],"Course":[],"Dataset":[],"FAQPage":[],"Movie":[],"Person":[],"Product":[],"ProductReview":[],"Car":[],"Recipe":[],"Service":[],"SoftwareApplication":[],"WebPage":[]},"graphName":"","isEnabled":true},"graphs":[]},"schema_type":"default","schema_type_options":null,"pillar_content":false,"robots_default":true,"robots_noindex":false,"robots_noarchive":false,"robots_nosnippet":false,"robots_nofollow":false,"robots_noimageindex":false,"robots_noodp":false,"robots_notranslate":false,"robots_max_snippet":null,"robots_max_videopreview":null,"robots_max_imagepreview":"large","priority":null,"frequency":null,"local_seo":null,"breadcrumb_settings":null,"limit_modified_date":false,"ai":null,"created":"2024-03-05 01:16:33","updated":"2026-03-03 04:37:47","seo_analyzer_scan_date":null,"focus_keyword":null,"additional_keywords":null,"truseo_locale":null},"aioseo_breadcrumb":"<div class=\"aioseo-breadcrumbs\"><span class=\"aioseo-breadcrumb\">\n\t\t\t<a href=\"https:\/\/contadoreshoy.com\" title=\"Home\">Home<\/a>\n\t\t<\/span><span class=\"aioseo-breadcrumb-separator\">&raquo;<\/span><span class=\"aioseo-breadcrumb\">\n\t\t\t<a href=\"https:\/\/contadoreshoy.com\/?cat=454\" title=\"Sin categor\u00eda\">Sin categor\u00eda<\/a>\n\t\t<\/span><span class=\"aioseo-breadcrumb-separator\">&raquo;<\/span><span class=\"aioseo-breadcrumb\">\n\t\t\tPago de anticipos IVA para contribuyentes de per\u00edodo anual\n\t\t<\/span><\/div>","aioseo_breadcrumb_json":[{"label":"Home","link":"https:\/\/contadoreshoy.com"},{"label":"Sin categor\u00eda","link":"https:\/\/contadoreshoy.com\/?cat=454"},{"label":"Pago de anticipos IVA para contribuyentes de per\u00edodo anual","link":"https:\/\/contadoreshoy.com\/?p=6047"}],"yoast_head":"<!-- This site is optimized with the Yoast SEO plugin v28.4 - https:\/\/yoast.com\/product\/yoast-seo-wordpress\/ -->\n<title>Pago de anticipos IVA para contribuyentes de per\u00edodo anual - Contadores P\u00fablicos<\/title>\n<meta name=\"robots\" content=\"index, follow, max-snippet:-1, max-image-preview:large, max-video-preview:-1\" \/>\n<link rel=\"canonical\" href=\"https:\/\/contadoreshoy.com\/?p=6047\" \/>\n<meta property=\"og:locale\" content=\"es_ES\" \/>\n<meta property=\"og:type\" content=\"article\" \/>\n<meta property=\"og:title\" content=\"Pago de anticipos IVA para contribuyentes de per\u00edodo anual - Contadores P\u00fablicos\" \/>\n<meta property=\"og:description\" content=\"El 30% de anticipo cuatrimestral deber\u00e1 calcularse sobre la suma de la casilla \u201csaldo a pagar por impuesto\u201d de la totalidad de las declaraciones del impuesto sobre las ventas correspondientes al a\u00f1o gravable inmediatamente anterior; En caso de que el valor calculado en el literal anterior haya arrojado un saldo a favor del contribuyente, este no estar\u00e1 obligado a hacer los abonos parciales.\" \/>\n<meta property=\"og:url\" content=\"https:\/\/contadoreshoy.com\/?p=6047\" \/>\n<meta property=\"og:site_name\" content=\"Contadores P\u00fablicos\" \/>\n<meta property=\"article:publisher\" content=\"https:\/\/www.facebook.com\/CCCPBucaramanga\/\" \/>\n<meta property=\"article:published_time\" content=\"2015-09-30T02:26:29+00:00\" \/>\n<meta property=\"article:modified_time\" content=\"2017-02-05T03:00:41+00:00\" \/>\n<meta property=\"og:image\" content=\"https:\/\/contadoreshoy.com\/wp-content\/uploads\/2015\/09\/pago-de-impuestos.jpg\" \/>\n\t<meta property=\"og:image:width\" content=\"600\" \/>\n\t<meta property=\"og:image:height\" content=\"400\" \/>\n\t<meta property=\"og:image:type\" content=\"image\/jpeg\" \/>\n<meta name=\"author\" content=\"Miguel Antonio M\u00e1rquez Monta\u00f1ez\" \/>\n<meta name=\"twitter:card\" content=\"summary_large_image\" \/>\n<meta name=\"twitter:label1\" content=\"Escrito por\" \/>\n\t<meta name=\"twitter:data1\" content=\"Miguel Antonio M\u00e1rquez Monta\u00f1ez\" \/>\n\t<meta name=\"twitter:label2\" content=\"Tiempo de lectura\" \/>\n\t<meta name=\"twitter:data2\" content=\"7 minutos\" \/>\n<script type=\"application\/ld+json\" class=\"yoast-schema-graph\">{\"@context\":\"https:\\\/\\\/schema.org\",\"@graph\":[{\"@type\":\"Article\",\"@id\":\"https:\\\/\\\/contadoreshoy.com\\\/?p=6047#article\",\"isPartOf\":{\"@id\":\"https:\\\/\\\/contadoreshoy.com\\\/?p=6047\"},\"author\":{\"name\":\"Miguel Antonio M\u00e1rquez Monta\u00f1ez\",\"@id\":\"https:\\\/\\\/contadoreshoy.com\\\/#\\\/schema\\\/person\\\/96d8979cb865537c5dc9345e40089fc5\"},\"headline\":\"Pago de anticipos IVA para contribuyentes de per\u00edodo anual\",\"datePublished\":\"2015-09-30T02:26:29+00:00\",\"dateModified\":\"2017-02-05T03:00:41+00:00\",\"mainEntityOfPage\":{\"@id\":\"https:\\\/\\\/contadoreshoy.com\\\/?p=6047\"},\"wordCount\":1430,\"commentCount\":0,\"publisher\":{\"@id\":\"https:\\\/\\\/contadoreshoy.com\\\/#organization\"},\"image\":{\"@id\":\"https:\\\/\\\/contadoreshoy.com\\\/?p=6047#primaryimage\"},\"thumbnailUrl\":\"https:\\\/\\\/contadoreshoy.com\\\/wp-content\\\/uploads\\\/2015\\\/09\\\/pago-de-impuestos.jpg\",\"inLanguage\":\"es\",\"potentialAction\":[{\"@type\":\"CommentAction\",\"name\":\"Comment\",\"target\":[\"https:\\\/\\\/contadoreshoy.com\\\/?p=6047#respond\"]}]},{\"@type\":\"WebPage\",\"@id\":\"https:\\\/\\\/contadoreshoy.com\\\/?p=6047\",\"url\":\"https:\\\/\\\/contadoreshoy.com\\\/?p=6047\",\"name\":\"Pago de anticipos IVA para contribuyentes de per\u00edodo anual - Contadores P\u00fablicos\",\"isPartOf\":{\"@id\":\"https:\\\/\\\/contadoreshoy.com\\\/#website\"},\"primaryImageOfPage\":{\"@id\":\"https:\\\/\\\/contadoreshoy.com\\\/?p=6047#primaryimage\"},\"image\":{\"@id\":\"https:\\\/\\\/contadoreshoy.com\\\/?p=6047#primaryimage\"},\"thumbnailUrl\":\"https:\\\/\\\/contadoreshoy.com\\\/wp-content\\\/uploads\\\/2015\\\/09\\\/pago-de-impuestos.jpg\",\"datePublished\":\"2015-09-30T02:26:29+00:00\",\"dateModified\":\"2017-02-05T03:00:41+00:00\",\"breadcrumb\":{\"@id\":\"https:\\\/\\\/contadoreshoy.com\\\/?p=6047#breadcrumb\"},\"inLanguage\":\"es\",\"potentialAction\":[{\"@type\":\"ReadAction\",\"target\":[\"https:\\\/\\\/contadoreshoy.com\\\/?p=6047\"]}]},{\"@type\":\"ImageObject\",\"inLanguage\":\"es\",\"@id\":\"https:\\\/\\\/contadoreshoy.com\\\/?p=6047#primaryimage\",\"url\":\"https:\\\/\\\/contadoreshoy.com\\\/wp-content\\\/uploads\\\/2015\\\/09\\\/pago-de-impuestos.jpg\",\"contentUrl\":\"https:\\\/\\\/contadoreshoy.com\\\/wp-content\\\/uploads\\\/2015\\\/09\\\/pago-de-impuestos.jpg\",\"width\":600,\"height\":400},{\"@type\":\"BreadcrumbList\",\"@id\":\"https:\\\/\\\/contadoreshoy.com\\\/?p=6047#breadcrumb\",\"itemListElement\":[{\"@type\":\"ListItem\",\"position\":1,\"name\":\"Portada\",\"item\":\"https:\\\/\\\/contadoreshoy.com\\\/\"},{\"@type\":\"ListItem\",\"position\":2,\"name\":\"Pago de anticipos IVA para contribuyentes de per\u00edodo anual\"}]},{\"@type\":\"WebSite\",\"@id\":\"https:\\\/\\\/contadoreshoy.com\\\/#website\",\"url\":\"https:\\\/\\\/contadoreshoy.com\\\/\",\"name\":\"Contadorespublicossantander\",\"description\":\"Portal para Contadores P\u00fablicos y empresarios\",\"publisher\":{\"@id\":\"https:\\\/\\\/contadoreshoy.com\\\/#organization\"},\"potentialAction\":[{\"@type\":\"SearchAction\",\"target\":{\"@type\":\"EntryPoint\",\"urlTemplate\":\"https:\\\/\\\/contadoreshoy.com\\\/?s={search_term_string}\"},\"query-input\":{\"@type\":\"PropertyValueSpecification\",\"valueRequired\":true,\"valueName\":\"search_term_string\"}}],\"inLanguage\":\"es\"},{\"@type\":\"Organization\",\"@id\":\"https:\\\/\\\/contadoreshoy.com\\\/#organization\",\"name\":\"Contadores P\u00fablicos de Santander\",\"url\":\"https:\\\/\\\/contadoreshoy.com\\\/\",\"logo\":{\"@type\":\"ImageObject\",\"inLanguage\":\"es\",\"@id\":\"https:\\\/\\\/contadoreshoy.com\\\/#\\\/schema\\\/logo\\\/image\\\/\",\"url\":\"https:\\\/\\\/contadoreshoy.com\\\/wp-content\\\/uploads\\\/2024\\\/01\\\/cropped-cropped-Copia-de-M-1.jpg\",\"contentUrl\":\"https:\\\/\\\/contadoreshoy.com\\\/wp-content\\\/uploads\\\/2024\\\/01\\\/cropped-cropped-Copia-de-M-1.jpg\",\"width\":499,\"height\":500,\"caption\":\"Contadores P\u00fablicos de Santander\"},\"image\":{\"@id\":\"https:\\\/\\\/contadoreshoy.com\\\/#\\\/schema\\\/logo\\\/image\\\/\"},\"sameAs\":[\"https:\\\/\\\/www.facebook.com\\\/CCCPBucaramanga\\\/\"]},{\"@type\":\"Person\",\"@id\":\"https:\\\/\\\/contadoreshoy.com\\\/#\\\/schema\\\/person\\\/96d8979cb865537c5dc9345e40089fc5\",\"name\":\"Miguel Antonio M\u00e1rquez Monta\u00f1ez\",\"description\":\"Contador P\u00fablico egresado de la Universidad Aut\u00f3noma de Bucaramanga - Asesor contable tributario con m\u00e1s de 25 a\u00f1os de experiencia - Conferencista en temas contables y tributarios - T\u00e9cnico en Hardware y Dise\u00f1o Web - Creador y director Grupo de Estudio Colegio Colombiano de Contadores P\u00fablicos de Bucaramanga - Creador y Master Web p\u00e1gina www.contadoresp\u00fablicossantander.com - Expresidente Colegio Colombiano de Contadores P\u00fablicos Bucaramanga\",\"url\":\"https:\\\/\\\/contadoreshoy.com\\\/?author=1\"}]}<\/script>\n<!-- \/ Yoast SEO plugin. -->","yoast_head_json":{"title":"Pago de anticipos IVA para contribuyentes de per\u00edodo anual - Contadores P\u00fablicos","robots":{"index":"index","follow":"follow","max-snippet":"max-snippet:-1","max-image-preview":"max-image-preview:large","max-video-preview":"max-video-preview:-1"},"canonical":"https:\/\/contadoreshoy.com\/?p=6047","og_locale":"es_ES","og_type":"article","og_title":"Pago de anticipos IVA para contribuyentes de per\u00edodo anual - Contadores P\u00fablicos","og_description":"El 30% de anticipo cuatrimestral deber\u00e1 calcularse sobre la suma de la casilla \u201csaldo a pagar por impuesto\u201d de la totalidad de las declaraciones del impuesto sobre las ventas correspondientes al a\u00f1o gravable inmediatamente anterior; En caso de que el valor calculado en el literal anterior haya arrojado un saldo a favor del contribuyente, este no estar\u00e1 obligado a hacer los abonos parciales.","og_url":"https:\/\/contadoreshoy.com\/?p=6047","og_site_name":"Contadores P\u00fablicos","article_publisher":"https:\/\/www.facebook.com\/CCCPBucaramanga\/","article_published_time":"2015-09-30T02:26:29+00:00","article_modified_time":"2017-02-05T03:00:41+00:00","og_image":[{"width":600,"height":400,"url":"https:\/\/contadoreshoy.com\/wp-content\/uploads\/2015\/09\/pago-de-impuestos.jpg","type":"image\/jpeg"}],"author":"Miguel Antonio M\u00e1rquez Monta\u00f1ez","twitter_card":"summary_large_image","twitter_misc":{"Escrito por":"Miguel Antonio M\u00e1rquez Monta\u00f1ez","Tiempo de lectura":"7 minutos"},"schema":{"@context":"https:\/\/schema.org","@graph":[{"@type":"Article","@id":"https:\/\/contadoreshoy.com\/?p=6047#article","isPartOf":{"@id":"https:\/\/contadoreshoy.com\/?p=6047"},"author":{"name":"Miguel Antonio M\u00e1rquez Monta\u00f1ez","@id":"https:\/\/contadoreshoy.com\/#\/schema\/person\/96d8979cb865537c5dc9345e40089fc5"},"headline":"Pago de anticipos IVA para contribuyentes de per\u00edodo anual","datePublished":"2015-09-30T02:26:29+00:00","dateModified":"2017-02-05T03:00:41+00:00","mainEntityOfPage":{"@id":"https:\/\/contadoreshoy.com\/?p=6047"},"wordCount":1430,"commentCount":0,"publisher":{"@id":"https:\/\/contadoreshoy.com\/#organization"},"image":{"@id":"https:\/\/contadoreshoy.com\/?p=6047#primaryimage"},"thumbnailUrl":"https:\/\/contadoreshoy.com\/wp-content\/uploads\/2015\/09\/pago-de-impuestos.jpg","inLanguage":"es","potentialAction":[{"@type":"CommentAction","name":"Comment","target":["https:\/\/contadoreshoy.com\/?p=6047#respond"]}]},{"@type":"WebPage","@id":"https:\/\/contadoreshoy.com\/?p=6047","url":"https:\/\/contadoreshoy.com\/?p=6047","name":"Pago de anticipos IVA para contribuyentes de per\u00edodo anual - Contadores P\u00fablicos","isPartOf":{"@id":"https:\/\/contadoreshoy.com\/#website"},"primaryImageOfPage":{"@id":"https:\/\/contadoreshoy.com\/?p=6047#primaryimage"},"image":{"@id":"https:\/\/contadoreshoy.com\/?p=6047#primaryimage"},"thumbnailUrl":"https:\/\/contadoreshoy.com\/wp-content\/uploads\/2015\/09\/pago-de-impuestos.jpg","datePublished":"2015-09-30T02:26:29+00:00","dateModified":"2017-02-05T03:00:41+00:00","breadcrumb":{"@id":"https:\/\/contadoreshoy.com\/?p=6047#breadcrumb"},"inLanguage":"es","potentialAction":[{"@type":"ReadAction","target":["https:\/\/contadoreshoy.com\/?p=6047"]}]},{"@type":"ImageObject","inLanguage":"es","@id":"https:\/\/contadoreshoy.com\/?p=6047#primaryimage","url":"https:\/\/contadoreshoy.com\/wp-content\/uploads\/2015\/09\/pago-de-impuestos.jpg","contentUrl":"https:\/\/contadoreshoy.com\/wp-content\/uploads\/2015\/09\/pago-de-impuestos.jpg","width":600,"height":400},{"@type":"BreadcrumbList","@id":"https:\/\/contadoreshoy.com\/?p=6047#breadcrumb","itemListElement":[{"@type":"ListItem","position":1,"name":"Portada","item":"https:\/\/contadoreshoy.com\/"},{"@type":"ListItem","position":2,"name":"Pago de anticipos IVA para contribuyentes de per\u00edodo anual"}]},{"@type":"WebSite","@id":"https:\/\/contadoreshoy.com\/#website","url":"https:\/\/contadoreshoy.com\/","name":"Contadorespublicossantander","description":"Portal para Contadores P\u00fablicos y empresarios","publisher":{"@id":"https:\/\/contadoreshoy.com\/#organization"},"potentialAction":[{"@type":"SearchAction","target":{"@type":"EntryPoint","urlTemplate":"https:\/\/contadoreshoy.com\/?s={search_term_string}"},"query-input":{"@type":"PropertyValueSpecification","valueRequired":true,"valueName":"search_term_string"}}],"inLanguage":"es"},{"@type":"Organization","@id":"https:\/\/contadoreshoy.com\/#organization","name":"Contadores P\u00fablicos de Santander","url":"https:\/\/contadoreshoy.com\/","logo":{"@type":"ImageObject","inLanguage":"es","@id":"https:\/\/contadoreshoy.com\/#\/schema\/logo\/image\/","url":"https:\/\/contadoreshoy.com\/wp-content\/uploads\/2024\/01\/cropped-cropped-Copia-de-M-1.jpg","contentUrl":"https:\/\/contadoreshoy.com\/wp-content\/uploads\/2024\/01\/cropped-cropped-Copia-de-M-1.jpg","width":499,"height":500,"caption":"Contadores P\u00fablicos de Santander"},"image":{"@id":"https:\/\/contadoreshoy.com\/#\/schema\/logo\/image\/"},"sameAs":["https:\/\/www.facebook.com\/CCCPBucaramanga\/"]},{"@type":"Person","@id":"https:\/\/contadoreshoy.com\/#\/schema\/person\/96d8979cb865537c5dc9345e40089fc5","name":"Miguel Antonio M\u00e1rquez Monta\u00f1ez","description":"Contador P\u00fablico egresado de la Universidad Aut\u00f3noma de Bucaramanga - Asesor contable tributario con m\u00e1s de 25 a\u00f1os de experiencia - Conferencista en temas contables y tributarios - T\u00e9cnico en Hardware y Dise\u00f1o Web - Creador y director Grupo de Estudio Colegio Colombiano de Contadores P\u00fablicos de Bucaramanga - Creador y Master Web p\u00e1gina www.contadoresp\u00fablicossantander.com - Expresidente Colegio Colombiano de Contadores P\u00fablicos Bucaramanga","url":"https:\/\/contadoreshoy.com\/?author=1"}]}},"_links":{"self":[{"href":"https:\/\/contadoreshoy.com\/index.php?rest_route=\/wp\/v2\/posts\/6047","targetHints":{"allow":["GET"]}}],"collection":[{"href":"https:\/\/contadoreshoy.com\/index.php?rest_route=\/wp\/v2\/posts"}],"about":[{"href":"https:\/\/contadoreshoy.com\/index.php?rest_route=\/wp\/v2\/types\/post"}],"author":[{"embeddable":true,"href":"https:\/\/contadoreshoy.com\/index.php?rest_route=\/wp\/v2\/users\/1"}],"replies":[{"embeddable":true,"href":"https:\/\/contadoreshoy.com\/index.php?rest_route=%2Fwp%2Fv2%2Fcomments&post=6047"}],"version-history":[{"count":1,"href":"https:\/\/contadoreshoy.com\/index.php?rest_route=\/wp\/v2\/posts\/6047\/revisions"}],"predecessor-version":[{"id":8039,"href":"https:\/\/contadoreshoy.com\/index.php?rest_route=\/wp\/v2\/posts\/6047\/revisions\/8039"}],"wp:featuredmedia":[{"embeddable":true,"href":"https:\/\/contadoreshoy.com\/index.php?rest_route=\/wp\/v2\/media\/6048"}],"wp:attachment":[{"href":"https:\/\/contadoreshoy.com\/index.php?rest_route=%2Fwp%2Fv2%2Fmedia&parent=6047"}],"wp:term":[{"taxonomy":"category","embeddable":true,"href":"https:\/\/contadoreshoy.com\/index.php?rest_route=%2Fwp%2Fv2%2Fcategories&post=6047"},{"taxonomy":"post_tag","embeddable":true,"href":"https:\/\/contadoreshoy.com\/index.php?rest_route=%2Fwp%2Fv2%2Ftags&post=6047"}],"curies":[{"name":"wp","href":"https:\/\/api.w.org\/{rel}","templated":true}]}}