{"id":6062,"date":"2015-09-30T15:38:16","date_gmt":"2015-09-30T20:38:16","guid":{"rendered":"http:\/\/colegiocolombianodecontadores.com\/?p=6062"},"modified":"2017-02-04T22:00:41","modified_gmt":"2017-02-05T03:00:41","slug":"declaracion-anual-de-activos-en-el-exterior","status":"publish","type":"post","link":"https:\/\/contadoreshoy.com\/?p=6062","title":{"rendered":"Declaraci\u00f3n anual de activos en el Exterior"},"content":{"rendered":"<p style=\"text-align: center;\"><strong>RESOLUCI\u00d3N N\u00daMERO 000096 DE 2015<\/strong> DIAN<\/p>\n<p style=\"text-align: center;\">Direcci\u00f3n de Impuestos y Aduanas Nacionales<\/p>\n<p style=\"text-align: center;\">Resoluciones<\/p>\n<h4 style=\"text-align: center;\">(septiembre 14)<\/h4>\n<p><span style=\"color: #0000ff;\"><em>por la cual se prescribe el formulario Declaraci\u00f3n Anual de Activos en el Exterior.<\/em><\/span><\/p>\n<p>El Director General de Impuestos y Aduanas Nacionales, en uso de sus facultades legales y en especial de las que le confieren el numeral 12 del art\u00edculo 6\u00b0 del Decreto 4048 de 2008, los art\u00edculos 574 y 578 del Estatuto Tributario, los art\u00edculos 42 y 43 de la Ley 1739 de 2014,<\/p>\n<p style=\"text-align: center;\">CONSIDERANDO:<\/p>\n<p style=\"text-align: justify;\">Que mediante Ley 1739 de 2014 \u201cse modifica el Estatuto Tributario, la Ley 1607 de 2012, se crean mecanismos de lucha contra la evasi\u00f3n, y se dictan otras disposiciones\u201d.<\/p>\n<p style=\"text-align: justify;\">Que de conformidad con lo previsto por los art\u00edculos 578 y 579-2 del Estatuto Tributario, es facultad del Director de Impuestos y Aduanas Nacionales, prescribir los formularios para la presentaci\u00f3n de las declaraciones tributarias y se\u00f1alar los contribuyentes, responsables o agentes retenedores obligados a cumplir con la presentaci\u00f3n de las declaraciones y pagos tributarios a trav\u00e9s de los medios electr\u00f3nicos.<\/p>\n<p style=\"text-align: justify;\"><span style=\"color: #0000ff;\">Que mediante el art\u00edculo 42 de la Ley 1739 de 2014, se adicion\u00f3 el <a style=\"color: #0000ff;\" href=\"http:\/\/www.estatutotributario.com\/\">numeral 5 al art\u00ed<\/a><a style=\"color: #0000ff;\" href=\"http:\/\/www.estatutotributario.com\/\">culo 574 del Estatuto Tributario<\/a>; y agreg\u00f3 a las declaraciones tributarias a presentar por los contribuyentes, declarantes y agentes de retenci\u00f3n en la fuente, la Declaraci\u00f3n anual de activos en el exterior.<\/span><\/p>\n<p style=\"text-align: justify;\">Que con la misma ley, se adicion\u00f3 el <a href=\"http:\/\/www.estatutotributario.com\/\">art\u00edculo 607 dentro del Estatuto Tributario<\/a> con el cual se deja establecido el contenido de dicha declaraci\u00f3n.<\/p>\n<p>Que en cumplimiento de lo dispuesto en el art\u00edculo 8\u00b0 numeral 8 de la Ley 1437 de 2011, el proyecto de resoluci\u00f3n fue publicado en la p\u00e1gina web de la Direcci\u00f3n de Impuestos y Aduanas Nacionales,<\/p>\n<p style=\"text-align: center;\">RESUELVE:<\/p>\n<p style=\"text-align: justify;\"><span style=\"color: #ff9900;\">Art\u00edculo 1\u00b0. <em>Declaraci\u00f3n Anual de Activos en el Exterior.<\/em> Prescribir para la presentaci\u00f3n de la \u201cDeclaraci\u00f3n Anual de Activos en el exterior\u201d, correspondiente al a\u00f1o gravable 2015, el Formulario Modelo n\u00famero 160<\/span>, dise\u00f1o que hace parte integral de la presente Resoluci\u00f3n. El n\u00famero preimpreso inicia con 2015, contenido establecido.<\/p>\n<p style=\"text-align: justify;\"><span style=\"color: #ff6600;\">La Declaraci\u00f3n Anual de Activos en el Exterior ser\u00e1 de uso obligatorio para los contribuyentes del impuesto sobre la renta y complementarios, sujetos a este impuesto respecto de sus ingresos de fuente nacional y extranjera, y de su patrimonio pose\u00eddo dentro y fuera del pa\u00eds, que al 1\u00b0 de enero del a\u00f1o posean activos en el exterior de cualquier naturaleza.<\/span><\/p>\n<p style=\"text-align: justify;\"><span style=\"text-decoration: underline;\"><strong><span style=\"color: #ff6600; text-decoration: underline;\">Los contribuyentes del impuesto sobre la renta y complementarios obligados a presentar la Declaraci\u00f3n Anual de Activos en el Exterior, Formulario Modelo n\u00famero 160 deber\u00e1n hacerlo a trav\u00e9s de los servicios inform\u00e1ticos electr\u00f3nicos, utilizando el mecanismo de firma digital emitido por la DIAN. Las declaraciones presentadas por un medio diferente, se tendr\u00e1n como no presentadas.<\/span><\/strong><\/span><\/p>\n<p style=\"text-align: justify;\"><span style=\"color: #ff6600;\">Art\u00edculo 2\u00b0. <em>Sanci\u00f3n por no Presentaci\u00f3n o Presentaci\u00f3n Extempor\u00e1nea<\/em>. La sanci\u00f3n aplicable en caso de no presentaci\u00f3n o presentaci\u00f3n extempor\u00e1nea de la Declaraci\u00f3n Anual de Activos en el Exterior, es la dispuesta en el art\u00edculo 651 del Estatuto Tributario, relativa al no env\u00edo de informaci\u00f3n.<\/span><\/p>\n<p style=\"text-align: justify;\">Art\u00edculo 3\u00b0. <em>Inconvenientes T\u00e9cnicos.<\/em> Cuando por inconvenientes t\u00e9cnicos no haya disponibilidad de los servicios inform\u00e1ticos electr\u00f3nicos o se presenten situaciones de fuerza mayor que le impidan al contribuyente cumplir dentro del vencimiento del plazo fijado para declarar con la presentaci\u00f3n de la declaraci\u00f3n en forma virtual, no se aplicar\u00e1 la sanci\u00f3n de extemporaneidad en el suministro de la informaci\u00f3n, establecida en el literal a) del art\u00edculo 651 del Estatuto Tributario, siempre y cuando la declaraci\u00f3n virtual se presente a m\u00e1s tardar al d\u00eda siguiente a aquel en que los servicios inform\u00e1ticos de la Direcci\u00f3n de Impuestos y Aduanas Nacionales (DIAN), se hayan restablecido o la situaci\u00f3n de fuerza mayor se haya superado.<\/p>\n<p style=\"text-align: justify;\">Art\u00edculo 4\u00b0. <em>Vigencia<\/em>. La presente Resoluci\u00f3n rige a partir de la fecha de su publicaci\u00f3n.<\/p>\n<p style=\"text-align: justify;\">Publ\u00edquese y c\u00famplase.<\/p>\n<p style=\"text-align: justify;\">Dada en Bogot\u00e1 D. C., a 14 de septiembre de 2015.<\/p>\n<p style=\"text-align: justify;\">El Director General,<\/p>\n<p style=\"text-align: justify;\"><em>Santiago Rojas Arroyo.<\/em><\/p>\n<p style=\"text-align: justify;\">\n<p style=\"text-align: justify;\">\n<h5 style=\"text-align: center;\">Instructivo para el Diligenciamiento de la Declaraci\u00f3n Anual de Activos en el Exterior<\/h5>\n<p style=\"text-align: justify;\">\n<p style=\"text-align: justify;\">Estas instrucciones son una orientaci\u00f3n general para el diligenciamiento del formulario y no eximen de la obligaci\u00f3n de aplicar, en cada caso particular, las normas legales que regulan la Declaraci\u00f3n Anual de Activos en el Exterior. Si se trata de la correcci\u00f3n de alg\u00fan dato de su declaraci\u00f3n, deber\u00e1 diligenciar todas las casillas de un nuevo formulario, el cual reemplaza totalmente al anterior.<\/p>\n<p style=\"text-align: justify;\">Todas las casillas destinadas a valores deben ser diligenciadas y aproximadas al m\u00faltiplo de mil (1.000) m\u00e1s cercano, si no hay cantidad que registrar, escriba cero (0), no utilice signos negativos ni encierre las cifras en par\u00e9ntesis.<\/p>\n<p style=\"text-align: justify;\">Esta declaraci\u00f3n debe ser diligenciada por los contribuyentes sujetos al impuesto de renta y complementarios respecto de sus ingresos de fuente nacional y extranjera y de su patrimonio pose\u00eddo dentro y fuera del pa\u00eds, que a 1 de enero de cada a\u00f1o a declarar, posean activos en el exterior de cualquier naturaleza.<\/p>\n<ol style=\"text-align: justify;\">\n<li><strong> A\u00f1o: <\/strong>Corresponde al a\u00f1o gravable que se declara. Viene diligenciado.<\/li>\n<li><strong>N\u00famero de formulario: <\/strong>Espacio determinado para el n\u00famero \u00fanico asignado por la DIAN a cada uno de los formularios.<\/li>\n<li><strong>N\u00famero de Identificaci\u00f3n Tributaria (NIT): <\/strong>Corresponde al N\u00famero de Identificaci\u00f3n Tributaria asignado al contribuyente por la DIAN, sin el d\u00edgito de verificaci\u00f3n, antes del gui\u00f3n, tal como aparece en la casilla 5 de la hoja principal del \u00faltimo Registro \u00danico Tributario (RUT) actualizado. En ning\u00fan caso escriba puntos, guiones o letras.<\/li>\n<li><strong>DV: <\/strong>Corresponde al n\u00famero que en su NIT se encuentra separado por un gui\u00f3n, llamado \u201cD\u00edgito de Verificaci\u00f3n\u201d (DV), tal como aparece en la casilla 6 de la hoja principal del \u00faltimo RUT actualizado.<\/li>\n<li><strong>Primer apellido: <\/strong>Corresponde al primer apellido, tal como figura en el documento de identificaci\u00f3n, el cual debe coincidir con el registrado en la casilla 31 de la hoja principal del \u00faltimo RUT actualizado; si no coincide, actualice el RUT antes de presentar la declaraci\u00f3n.<\/li>\n<li><strong>Segundo apellido: <\/strong>Corresponde al segundo apellido, tal como figura en el documento de identificaci\u00f3n, el cual debe coincidir con el registrado en la casilla 32 de la hoja principal del \u00faltimo RUT actualizado; si no coincide, actualice el RUT antes de presentar la declaraci\u00f3n.<\/li>\n<li><strong>Primer nombre: <\/strong>Corresponde al primer nombre, tal como figura en el documento de identificaci\u00f3n, el cual debe coincidir con el registrado en la casilla 33 de la hoja principal del \u00faltimo RUT actualizado; si no coincide, actualice el RUT antes de presentar la declaraci\u00f3n.<\/li>\n<li><strong>Otros nombres: <\/strong>Corresponde al segundo nombre (u otros nombres), tal como figura en el documento de identificaci\u00f3n, los cuales deben coincidir con los registrados en la casilla 34 de la hoja principal del \u00faltimo<\/li>\n<\/ol>\n<p style=\"text-align: justify;\">RUT actualizado; si no coinciden actualice el RUT, antes de presentar la declaraci\u00f3n.<\/p>\n<ol style=\"text-align: justify;\" start=\"11\">\n<li><strong>Raz\u00f3n social: <\/strong>Si es persona jur\u00eddica o sociedad de hecho, escriba la raz\u00f3n social completa, la cual debe coincidir con la registrada en la casilla 35 de la hoja principal del \u00faltimo RUT actualizado; si no coincide, actualice el RUT antes de presentar la declaraci\u00f3n.<\/li>\n<li><strong>C\u00f3digo Direcci\u00f3n Seccional: <\/strong>Corresponde al c\u00f3digo de la Direcci\u00f3n Seccional del domicilio principal de su actividad o negocio, seg\u00fan lo informado en la casilla 12 del Registro \u00danico Tributario \u201cRUT\u201d. Verifique que el dato corresponda al \u00faltimo RUT actualizado; si no coincide actualice el RUT antes de presentar la declaraci\u00f3n.<\/li>\n<\/ol>\n<p style=\"text-align: justify;\"><strong>Si es una correcci\u00f3n indique<\/strong><\/p>\n<ol style=\"text-align: justify;\" start=\"25\">\n<li><strong>C\u00f3d. : C\u00f3digo, \u201c1\u201d <\/strong>si es una correcci\u00f3n a la declaraci\u00f3n privada y <strong>\u201c3\u201d <\/strong>&lt; si se corrige con posterioridad a un acto administrativo.<\/li>\n<li><strong> formulario anterior: <\/strong>Corresponde al n\u00famero de la declaraci\u00f3n que se va a corregir.<\/li>\n<li><strong>Valor patrimonial superior a 3.580 UVT?: <\/strong>Marque con X la opci\u00f3n <strong>Si<\/strong>, cuando el valor total de los activos a declarar es superior a 3.580 UVT, o <strong>No<\/strong> cuando el valor total de los activos es igual o menor a 3.580 UVT.<\/li>\n<\/ol>\n<p style=\"text-align: justify;\"><strong>Activos pose\u00eddos en el exterior con valor patrimonial superior a<\/strong><\/p>\n<p style=\"text-align: justify;\"><strong>3.580 UVT<\/strong><\/p>\n<ol style=\"text-align: justify;\" start=\"28\">\n<li><strong>Valor patrimonial activos fijos:<\/strong> El sistema calcula autom\u00e1ticamente la sumatoria del valor de los \u00edtems registrados en la hoja dos, casilla 40 (Valor patrimonial $) de acuerdo con la naturaleza del activo.<\/li>\n<li><strong>Valor patrimonial activos movibles: <\/strong>El sistema calcula autom\u00e1ticamente la sumatoria del valor de los \u00edtems registrados en la hoja dos casilla 40 (Valor patrimonial $) de acuerdo con la naturaleza del activo.<\/li>\n<li><strong>Total activos con valores &gt; 3.580 UVT: <\/strong>Corresponde a la sumatoria de los valores registrados en las casillas 28 (Valor patrimonial activos fijos) y 29 (Valor patrimonial activos movibles), que el sistema calcula de manera autom\u00e1tica.<\/li>\n<\/ol>\n<p style=\"text-align: justify;\"><strong>Activos pose\u00eddos en el exterior con valor patrimonial igual o menor a 3.580 UVT<\/strong><\/p>\n<ol style=\"text-align: justify;\" start=\"31\">\n<li><strong>Valor patrimonial activos fijos:<\/strong> El sistema calcula autom\u00e1ticamente la sumatoria del valor de los \u00edtems registrados en la hoja dos, casilla 40 de acuerdo con la naturaleza del activo.<\/li>\n<li><strong>Valor patrimonial activos movibles: <\/strong>El sistema calcula autom\u00e1ticamente la sumatoria del valor de los \u00edtems registrados en la hoja dos, casilla 40 de acuerdo con la naturaleza del activo.<\/li>\n<li><strong>Total activos con valores &lt;= 3.580 UVT: <\/strong>Corresponde a la sumatoria de los valores registrados en las casillas 31 (Valor patrimonial activos fijos) y 32 (Valor patrimonial activos movibles) que el sistema calcula de manera autom\u00e1tica.<\/li>\n<\/ol>\n<p style=\"text-align: justify;\"><strong>SECCI\u00d3N SIGNATARIOS<\/strong><\/p>\n<ol style=\"text-align: justify;\" start=\"34\">\n<li><strong> identificaci\u00f3n Tributaria (NIT) signatario: <\/strong>Si usted firma como representante de persona jur\u00eddica o de persona natural declarante, debe estar registrado en el Registro \u00danico Tributario RUT. Escriba el n\u00famero de identificaci\u00f3n tributaria que le asign\u00f3 la DIAN para este efecto, sin d\u00edgito de verificaci\u00f3n, casilla 5 de la hoja principal del \u00faltimo RUT actualizado. En ning\u00fan caso escriba puntos, guiones o letras.<\/li>\n<li><strong>DV: <\/strong>Si usted firma como representante del declarante, escriba el n\u00famero que en el NIT se encuentra separado, denominado \u201cD\u00edgito de Verificaci\u00f3n\u201d, tal y como aparece en la casilla 6 de la hoja principal del \u00faltimo RUT actualizado.<\/li>\n<\/ol>\n<p style=\"text-align: justify;\"><strong>Hoja 2 Relaci\u00f3n de activos en el exterior<\/strong><\/p>\n<p style=\"text-align: justify;\">De acuerdo a la respuesta marcada con \u201cX\u201d en la casilla 27 (Valor patrimonial superior a 3.580 UVT?), el sistema despliega las casillas para su diligenciamiento de la hoja 2, as\u00ed:<\/p>\n<p style=\"text-align: justify;\"><strong>Opci\u00f3n SI<\/strong>, casillas 36, 37, 38, 39 y 40. <strong>Opci\u00f3n NO<\/strong>, casillas 36, 37 y 40.<\/p>\n<ol style=\"text-align: justify;\" start=\"36\">\n<li><strong>Jurisdicci\u00f3n: <\/strong>Seleccione de la lista el pa\u00eds donde se encuentra registrado el activo a declarar. En caso de que el activo no est\u00e9 sujeto a registro, indique el pa\u00eds donde se encuentra ubicado el activo.<\/li>\n<li><strong>Naturaleza del activo: <\/strong>Seleccione de la lista la naturaleza del activo conforme a lo se\u00f1alado en el art\u00edculo 60 del Estatuto Tributario. (Fijo o Movible)<\/li>\n<li><strong>Tipo de Activo: <\/strong>Seleccione de la lista el tipo de activo que corresponda al bien a declarar.<\/li>\n<li><strong>Identificaci\u00f3n del activo: <\/strong>Escriba el c\u00f3digo \u00fanico que identifica el bien a declarar, de acuerdo con las normas aplicables en la jurisdicci\u00f3n en la cual se encuentra ubicado. En el caso que no sea posible identificarlo a trav\u00e9s de un c\u00f3digo \u00fanico registre No Aplica. Para los activos financieros registre el n\u00famero de identificaci\u00f3n del activo y el nombre de la Entidad.<\/li>\n<\/ol>\n<table style=\"height: 5px;\" width=\"14\">\n<tbody>\n<tr>\n<td width=\"471\"><\/td>\n<\/tr>\n<tr>\n<td><\/td>\n<td><\/td>\n<\/tr>\n<\/tbody>\n<\/table>\n<p style=\"text-align: justify;\">\n40. <strong>Valor Patrimonial<\/strong>: Para registrar el valor patrimonial de los activos pose\u00eddos en el exterior tenga en cuenta que se deben estimar en moneda nacional de acuerdo con la Tasa Representativa del Mercado TMR a\u00a0\u00a0 31 de diciembre del a\u00f1o inmediatamente anterior al de la declaraci\u00f3n, conforme a lo establecido en el Libro Primero, T\u00edtulo II, Cap\u00edtulo I del Estatuto Tributario (Art\u00edculos 261 a 280).<\/p>\n<ol start=\"981\">\n<li style=\"text-align: justify;\"><strong> C\u00f3digo representaci\u00f3n. <\/strong>Escriba en esta casilla el c\u00f3digo que corresponda al tipo de representaci\u00f3n de quien firma como representante del declarante, de acuerdo con la casilla 98 del Registro \u00danico Tributario del declarante.<\/li>\n<\/ol>\n","protected":false},"excerpt":{"rendered":"<p>La Declaraci\u00f3n Anual de Activos en el Exterior ser\u00e1 de uso obligatorio para los contribuyentes del impuesto sobre la renta y complementarios, sujetos a este impuesto respecto de sus ingresos de fuente nacional y extranjera, y de su patrimonio pose\u00eddo dentro y fuera del pa\u00eds, que al 1\u00b0 de enero del a\u00f1o posean activos en el exterior de cualquier naturaleza.<\/p>\n","protected":false},"author":1,"featured_media":6063,"comment_status":"open","ping_status":"open","sticky":false,"template":"","format":"standard","meta":{"_monsterinsights_skip_tracking":false,"ngg_post_thumbnail":0,"footnotes":"","_links_to":"","_links_to_target":""},"categories":[359],"tags":[],"class_list":["post-6062","post","type-post","status-publish","format-standard","has-post-thumbnail","hentry","category-decretos"],"aioseo_notices":[],"aioseo_head":"\n\t\t<!-- All in One SEO 5.0.1.1 - aioseo.com -->\n\t<meta name=\"description\" content=\"La Declaraci\u00f3n Anual de Activos en el Exterior ser\u00e1 de uso obligatorio para los contribuyentes del impuesto sobre la renta y complementarios, sujetos a este impuesto respecto de sus ingresos de fuente nacional y extranjera, y de su patrimonio pose\u00eddo dentro y fuera del pa\u00eds, que al 1\u00b0 de enero del a\u00f1o posean activos en el exterior de cualquier naturaleza.\" \/>\n\t<meta name=\"robots\" content=\"max-image-preview:large\" \/>\n\t<meta name=\"author\" content=\"Miguel Antonio M\u00e1rquez Monta\u00f1ez\"\/>\n\t<link rel=\"canonical\" href=\"https:\/\/contadoreshoy.com\/?p=6062\" \/>\n\t<meta name=\"generator\" content=\"All in One SEO (AIOSEO) 5.0.1.1\" \/>\n\t\t<meta property=\"og:locale\" content=\"es_ES\" \/>\n\t\t<meta property=\"og:site_name\" content=\"Contadores P\u00fablicos - Portal para Contadores P\u00fablicos y empresarios\" \/>\n\t\t<meta property=\"og:type\" content=\"article\" \/>\n\t\t<meta property=\"og:title\" content=\"Declaraci\u00f3n anual de activos en el Exterior - Contadores P\u00fablicos\" \/>\n\t\t<meta property=\"og:description\" content=\"La Declaraci\u00f3n Anual de Activos en el Exterior ser\u00e1 de uso obligatorio para los contribuyentes del impuesto sobre la renta y complementarios, sujetos a este impuesto respecto de sus ingresos de fuente nacional y extranjera, y de su patrimonio pose\u00eddo dentro y fuera del pa\u00eds, que al 1\u00b0 de enero del a\u00f1o posean activos en el exterior de cualquier naturaleza.\" \/>\n\t\t<meta property=\"og:url\" content=\"https:\/\/contadoreshoy.com\/?p=6062\" \/>\n\t\t<meta property=\"og:image\" content=\"https:\/\/contadoreshoy.com\/wp-content\/uploads\/2024\/01\/cropped-cropped-cropped-Copia-de-M.jpg\" \/>\n\t\t<meta property=\"og:image:secure_url\" content=\"https:\/\/contadoreshoy.com\/wp-content\/uploads\/2024\/01\/cropped-cropped-cropped-Copia-de-M.jpg\" \/>\n\t\t<meta property=\"og:image:width\" content=\"512\" \/>\n\t\t<meta property=\"og:image:height\" content=\"371\" \/>\n\t\t<meta property=\"article:published_time\" content=\"2015-09-30T20:38:16+00:00\" \/>\n\t\t<meta property=\"article:modified_time\" content=\"2017-02-05T03:00:41+00:00\" \/>\n\t\t<meta name=\"twitter:card\" content=\"summary_large_image\" \/>\n\t\t<meta name=\"twitter:title\" content=\"Declaraci\u00f3n anual de activos en el Exterior - Contadores P\u00fablicos\" \/>\n\t\t<meta name=\"twitter:description\" content=\"La Declaraci\u00f3n Anual de Activos en el Exterior ser\u00e1 de uso obligatorio para los contribuyentes del impuesto sobre la renta y complementarios, sujetos a este impuesto respecto de sus ingresos de fuente nacional y extranjera, y de su patrimonio pose\u00eddo dentro y fuera del pa\u00eds, que al 1\u00b0 de enero del a\u00f1o posean activos en el exterior de cualquier naturaleza.\" \/>\n\t\t<meta name=\"twitter:image\" content=\"https:\/\/contadoreshoy.com\/wp-content\/uploads\/2024\/01\/cropped-cropped-cropped-Copia-de-M.jpg\" \/>\n\t\t<script type=\"application\/ld+json\" class=\"aioseo-schema\">\n\t\t\t{\"@context\":\"https:\\\/\\\/schema.org\",\"@graph\":[{\"@type\":\"BlogPosting\",\"@id\":\"https:\\\/\\\/contadoreshoy.com\\\/?p=6062#blogposting\",\"name\":\"Declaraci\\u00f3n anual de activos en el Exterior - Contadores P\\u00fablicos\",\"headline\":\"Declaraci\\u00f3n anual de activos en el Exterior\",\"author\":{\"@id\":\"https:\\\/\\\/contadoreshoy.com\\\/?author=1#author\"},\"publisher\":{\"@id\":\"https:\\\/\\\/contadoreshoy.com\\\/#organization\"},\"image\":{\"@type\":\"ImageObject\",\"url\":\"https:\\\/\\\/contadoreshoy.com\\\/wp-content\\\/uploads\\\/2015\\\/09\\\/Formulari-160-DIAN-Activos-en-el-exterior-scaled.jpg\",\"width\":957,\"height\":2560},\"datePublished\":\"2015-09-30T15:38:16-05:00\",\"dateModified\":\"2017-02-04T22:00:41-05:00\",\"inLanguage\":\"es-ES\",\"mainEntityOfPage\":{\"@id\":\"https:\\\/\\\/contadoreshoy.com\\\/?p=6062#webpage\"},\"isPartOf\":{\"@id\":\"https:\\\/\\\/contadoreshoy.com\\\/?p=6062#webpage\"},\"articleSection\":\"Decretos\"},{\"@type\":\"BreadcrumbList\",\"@id\":\"https:\\\/\\\/contadoreshoy.com\\\/?p=6062#breadcrumblist\",\"itemListElement\":[{\"@type\":\"ListItem\",\"@id\":\"https:\\\/\\\/contadoreshoy.com#listItem\",\"position\":1,\"name\":\"Home\",\"item\":\"https:\\\/\\\/contadoreshoy.com\",\"nextItem\":{\"@type\":\"ListItem\",\"@id\":\"https:\\\/\\\/contadoreshoy.com\\\/?cat=404#listItem\",\"name\":\"Normas y C\\u00f3digos\"}},{\"@type\":\"ListItem\",\"@id\":\"https:\\\/\\\/contadoreshoy.com\\\/?cat=404#listItem\",\"position\":2,\"name\":\"Normas y C\\u00f3digos\",\"item\":\"https:\\\/\\\/contadoreshoy.com\\\/?cat=404\",\"nextItem\":{\"@type\":\"ListItem\",\"@id\":\"https:\\\/\\\/contadoreshoy.com\\\/?cat=357#listItem\",\"name\":\"Normas\"},\"previousItem\":{\"@type\":\"ListItem\",\"@id\":\"https:\\\/\\\/contadoreshoy.com#listItem\",\"name\":\"Home\"}},{\"@type\":\"ListItem\",\"@id\":\"https:\\\/\\\/contadoreshoy.com\\\/?cat=357#listItem\",\"position\":3,\"name\":\"Normas\",\"item\":\"https:\\\/\\\/contadoreshoy.com\\\/?cat=357\",\"nextItem\":{\"@type\":\"ListItem\",\"@id\":\"https:\\\/\\\/contadoreshoy.com\\\/?cat=359#listItem\",\"name\":\"Decretos\"},\"previousItem\":{\"@type\":\"ListItem\",\"@id\":\"https:\\\/\\\/contadoreshoy.com\\\/?cat=404#listItem\",\"name\":\"Normas y C\\u00f3digos\"}},{\"@type\":\"ListItem\",\"@id\":\"https:\\\/\\\/contadoreshoy.com\\\/?cat=359#listItem\",\"position\":4,\"name\":\"Decretos\",\"item\":\"https:\\\/\\\/contadoreshoy.com\\\/?cat=359\",\"nextItem\":{\"@type\":\"ListItem\",\"@id\":\"https:\\\/\\\/contadoreshoy.com\\\/?p=6062#listItem\",\"name\":\"Declaraci\\u00f3n anual de activos en el Exterior\"},\"previousItem\":{\"@type\":\"ListItem\",\"@id\":\"https:\\\/\\\/contadoreshoy.com\\\/?cat=357#listItem\",\"name\":\"Normas\"}},{\"@type\":\"ListItem\",\"@id\":\"https:\\\/\\\/contadoreshoy.com\\\/?p=6062#listItem\",\"position\":5,\"name\":\"Declaraci\\u00f3n anual de activos en el Exterior\",\"previousItem\":{\"@type\":\"ListItem\",\"@id\":\"https:\\\/\\\/contadoreshoy.com\\\/?cat=359#listItem\",\"name\":\"Decretos\"}}]},{\"@type\":\"Organization\",\"@id\":\"https:\\\/\\\/contadoreshoy.com\\\/#organization\",\"name\":\"Contadores P\\u00fablicos\",\"description\":\"Portal para Contadores P\\u00fablicos y empresarios\",\"url\":\"https:\\\/\\\/contadoreshoy.com\\\/\",\"logo\":{\"@type\":\"ImageObject\",\"url\":\"https:\\\/\\\/contadoreshoy.com\\\/wp-content\\\/uploads\\\/2024\\\/01\\\/cropped-cropped-Copia-de-M-1.jpg\",\"@id\":\"https:\\\/\\\/contadoreshoy.com\\\/?p=6062\\\/#organizationLogo\",\"width\":499,\"height\":500},\"image\":{\"@id\":\"https:\\\/\\\/contadoreshoy.com\\\/?p=6062\\\/#organizationLogo\"}},{\"@type\":\"Person\",\"@id\":\"https:\\\/\\\/contadoreshoy.com\\\/?author=1#author\",\"url\":\"https:\\\/\\\/contadoreshoy.com\\\/?author=1\",\"name\":\"Miguel Antonio M\\u00e1rquez Monta\\u00f1ez\"},{\"@type\":\"WebPage\",\"@id\":\"https:\\\/\\\/contadoreshoy.com\\\/?p=6062#webpage\",\"url\":\"https:\\\/\\\/contadoreshoy.com\\\/?p=6062\",\"name\":\"Declaraci\\u00f3n anual de activos en el Exterior - Contadores P\\u00fablicos\",\"description\":\"La Declaraci\\u00f3n Anual de Activos en el Exterior ser\\u00e1 de uso obligatorio para los contribuyentes del impuesto sobre la renta y complementarios, sujetos a este impuesto respecto de sus ingresos de fuente nacional y extranjera, y de su patrimonio pose\\u00eddo dentro y fuera del pa\\u00eds, que al 1\\u00b0 de enero del a\\u00f1o posean activos en el exterior de cualquier naturaleza.\",\"inLanguage\":\"es-ES\",\"isPartOf\":{\"@id\":\"https:\\\/\\\/contadoreshoy.com\\\/#website\"},\"breadcrumb\":{\"@id\":\"https:\\\/\\\/contadoreshoy.com\\\/?p=6062#breadcrumblist\"},\"author\":{\"@id\":\"https:\\\/\\\/contadoreshoy.com\\\/?author=1#author\"},\"creator\":{\"@id\":\"https:\\\/\\\/contadoreshoy.com\\\/?author=1#author\"},\"image\":{\"@type\":\"ImageObject\",\"url\":\"https:\\\/\\\/contadoreshoy.com\\\/wp-content\\\/uploads\\\/2015\\\/09\\\/Formulari-160-DIAN-Activos-en-el-exterior-scaled.jpg\",\"@id\":\"https:\\\/\\\/contadoreshoy.com\\\/?p=6062\\\/#mainImage\",\"width\":957,\"height\":2560},\"primaryImageOfPage\":{\"@id\":\"https:\\\/\\\/contadoreshoy.com\\\/?p=6062#mainImage\"},\"datePublished\":\"2015-09-30T15:38:16-05:00\",\"dateModified\":\"2017-02-04T22:00:41-05:00\"},{\"@type\":\"WebSite\",\"@id\":\"https:\\\/\\\/contadoreshoy.com\\\/#website\",\"url\":\"https:\\\/\\\/contadoreshoy.com\\\/\",\"name\":\"Contadores P\\u00fablicos\",\"description\":\"Portal para Contadores P\\u00fablicos y empresarios\",\"inLanguage\":\"es-ES\",\"publisher\":{\"@id\":\"https:\\\/\\\/contadoreshoy.com\\\/#organization\"}}]}\n\t\t<\/script>\n\t\t<!-- All in One SEO -->\n\n","aioseo_head_json":{"title":"Declaraci\u00f3n anual de activos en el Exterior - Contadores P\u00fablicos","description":"La Declaraci\u00f3n Anual de Activos en el Exterior ser\u00e1 de uso obligatorio para los contribuyentes del impuesto sobre la renta y complementarios, sujetos a este impuesto respecto de sus ingresos de fuente nacional y extranjera, y de su patrimonio pose\u00eddo dentro y fuera del pa\u00eds, que al 1\u00b0 de enero del a\u00f1o posean activos en el exterior de cualquier naturaleza.","canonical_url":"https:\/\/contadoreshoy.com\/?p=6062","robots":"max-image-preview:large","keywords":"","webmasterTools":{"miscellaneous":""},"schema":{"@context":"https:\/\/schema.org","@graph":[{"@type":"BlogPosting","@id":"https:\/\/contadoreshoy.com\/?p=6062#blogposting","name":"Declaraci\u00f3n anual de activos en el Exterior - Contadores P\u00fablicos","headline":"Declaraci\u00f3n anual de activos en el Exterior","author":{"@id":"https:\/\/contadoreshoy.com\/?author=1#author"},"publisher":{"@id":"https:\/\/contadoreshoy.com\/#organization"},"image":{"@type":"ImageObject","url":"https:\/\/contadoreshoy.com\/wp-content\/uploads\/2015\/09\/Formulari-160-DIAN-Activos-en-el-exterior-scaled.jpg","width":957,"height":2560},"datePublished":"2015-09-30T15:38:16-05:00","dateModified":"2017-02-04T22:00:41-05:00","inLanguage":"es-ES","mainEntityOfPage":{"@id":"https:\/\/contadoreshoy.com\/?p=6062#webpage"},"isPartOf":{"@id":"https:\/\/contadoreshoy.com\/?p=6062#webpage"},"articleSection":"Decretos"},{"@type":"BreadcrumbList","@id":"https:\/\/contadoreshoy.com\/?p=6062#breadcrumblist","itemListElement":[{"@type":"ListItem","@id":"https:\/\/contadoreshoy.com#listItem","position":1,"name":"Home","item":"https:\/\/contadoreshoy.com","nextItem":{"@type":"ListItem","@id":"https:\/\/contadoreshoy.com\/?cat=404#listItem","name":"Normas y C\u00f3digos"}},{"@type":"ListItem","@id":"https:\/\/contadoreshoy.com\/?cat=404#listItem","position":2,"name":"Normas y C\u00f3digos","item":"https:\/\/contadoreshoy.com\/?cat=404","nextItem":{"@type":"ListItem","@id":"https:\/\/contadoreshoy.com\/?cat=357#listItem","name":"Normas"},"previousItem":{"@type":"ListItem","@id":"https:\/\/contadoreshoy.com#listItem","name":"Home"}},{"@type":"ListItem","@id":"https:\/\/contadoreshoy.com\/?cat=357#listItem","position":3,"name":"Normas","item":"https:\/\/contadoreshoy.com\/?cat=357","nextItem":{"@type":"ListItem","@id":"https:\/\/contadoreshoy.com\/?cat=359#listItem","name":"Decretos"},"previousItem":{"@type":"ListItem","@id":"https:\/\/contadoreshoy.com\/?cat=404#listItem","name":"Normas y C\u00f3digos"}},{"@type":"ListItem","@id":"https:\/\/contadoreshoy.com\/?cat=359#listItem","position":4,"name":"Decretos","item":"https:\/\/contadoreshoy.com\/?cat=359","nextItem":{"@type":"ListItem","@id":"https:\/\/contadoreshoy.com\/?p=6062#listItem","name":"Declaraci\u00f3n anual de activos en el Exterior"},"previousItem":{"@type":"ListItem","@id":"https:\/\/contadoreshoy.com\/?cat=357#listItem","name":"Normas"}},{"@type":"ListItem","@id":"https:\/\/contadoreshoy.com\/?p=6062#listItem","position":5,"name":"Declaraci\u00f3n anual de activos en el Exterior","previousItem":{"@type":"ListItem","@id":"https:\/\/contadoreshoy.com\/?cat=359#listItem","name":"Decretos"}}]},{"@type":"Organization","@id":"https:\/\/contadoreshoy.com\/#organization","name":"Contadores P\u00fablicos","description":"Portal para Contadores P\u00fablicos y empresarios","url":"https:\/\/contadoreshoy.com\/","logo":{"@type":"ImageObject","url":"https:\/\/contadoreshoy.com\/wp-content\/uploads\/2024\/01\/cropped-cropped-Copia-de-M-1.jpg","@id":"https:\/\/contadoreshoy.com\/?p=6062\/#organizationLogo","width":499,"height":500},"image":{"@id":"https:\/\/contadoreshoy.com\/?p=6062\/#organizationLogo"}},{"@type":"Person","@id":"https:\/\/contadoreshoy.com\/?author=1#author","url":"https:\/\/contadoreshoy.com\/?author=1","name":"Miguel Antonio M\u00e1rquez Monta\u00f1ez"},{"@type":"WebPage","@id":"https:\/\/contadoreshoy.com\/?p=6062#webpage","url":"https:\/\/contadoreshoy.com\/?p=6062","name":"Declaraci\u00f3n anual de activos en el Exterior - Contadores P\u00fablicos","description":"La Declaraci\u00f3n Anual de Activos en el Exterior ser\u00e1 de uso obligatorio para los contribuyentes del impuesto sobre la renta y complementarios, sujetos a este impuesto respecto de sus ingresos de fuente nacional y extranjera, y de su patrimonio pose\u00eddo dentro y fuera del pa\u00eds, que al 1\u00b0 de enero del a\u00f1o posean activos en el exterior de cualquier naturaleza.","inLanguage":"es-ES","isPartOf":{"@id":"https:\/\/contadoreshoy.com\/#website"},"breadcrumb":{"@id":"https:\/\/contadoreshoy.com\/?p=6062#breadcrumblist"},"author":{"@id":"https:\/\/contadoreshoy.com\/?author=1#author"},"creator":{"@id":"https:\/\/contadoreshoy.com\/?author=1#author"},"image":{"@type":"ImageObject","url":"https:\/\/contadoreshoy.com\/wp-content\/uploads\/2015\/09\/Formulari-160-DIAN-Activos-en-el-exterior-scaled.jpg","@id":"https:\/\/contadoreshoy.com\/?p=6062\/#mainImage","width":957,"height":2560},"primaryImageOfPage":{"@id":"https:\/\/contadoreshoy.com\/?p=6062#mainImage"},"datePublished":"2015-09-30T15:38:16-05:00","dateModified":"2017-02-04T22:00:41-05:00"},{"@type":"WebSite","@id":"https:\/\/contadoreshoy.com\/#website","url":"https:\/\/contadoreshoy.com\/","name":"Contadores P\u00fablicos","description":"Portal para Contadores P\u00fablicos y empresarios","inLanguage":"es-ES","publisher":{"@id":"https:\/\/contadoreshoy.com\/#organization"}}]},"og:locale":"es_ES","og:site_name":"Contadores P\u00fablicos - Portal para Contadores P\u00fablicos y empresarios","og:type":"article","og:title":"Declaraci\u00f3n anual de activos en el Exterior - Contadores P\u00fablicos","og:description":"La Declaraci\u00f3n Anual de Activos en el Exterior ser\u00e1 de uso obligatorio para los contribuyentes del impuesto sobre la renta y complementarios, sujetos a este impuesto respecto de sus ingresos de fuente nacional y extranjera, y de su patrimonio pose\u00eddo dentro y fuera del pa\u00eds, que al 1\u00b0 de enero del a\u00f1o posean activos en el exterior de cualquier naturaleza.","og:url":"https:\/\/contadoreshoy.com\/?p=6062","og:image":"https:\/\/contadoreshoy.com\/wp-content\/uploads\/2024\/01\/cropped-cropped-cropped-Copia-de-M.jpg","og:image:secure_url":"https:\/\/contadoreshoy.com\/wp-content\/uploads\/2024\/01\/cropped-cropped-cropped-Copia-de-M.jpg","og:image:width":512,"og:image:height":371,"article:published_time":"2015-09-30T20:38:16+00:00","article:modified_time":"2017-02-05T03:00:41+00:00","twitter:card":"summary_large_image","twitter:title":"Declaraci\u00f3n anual de activos en el Exterior - Contadores P\u00fablicos","twitter:description":"La Declaraci\u00f3n Anual de Activos en el Exterior ser\u00e1 de uso obligatorio para los contribuyentes del impuesto sobre la renta y complementarios, sujetos a este impuesto respecto de sus ingresos de fuente nacional y extranjera, y de su patrimonio pose\u00eddo dentro y fuera del pa\u00eds, que al 1\u00b0 de enero del a\u00f1o posean activos en el exterior de cualquier naturaleza.","twitter:image":"https:\/\/contadoreshoy.com\/wp-content\/uploads\/2024\/01\/cropped-cropped-cropped-Copia-de-M.jpg"},"aioseo_meta_data":{"post_id":"6062","title":null,"description":null,"keywords":null,"keyphrases":null,"primary_term":null,"canonical_url":null,"og_title":null,"og_description":null,"og_object_type":"default","og_image_type":"default","og_image_url":null,"og_image_width":null,"og_image_height":null,"og_image_custom_url":null,"og_image_custom_fields":null,"og_video":null,"og_custom_url":null,"og_article_section":null,"og_article_tags":null,"twitter_use_og":false,"twitter_card":"default","twitter_image_type":"default","twitter_image_url":null,"twitter_image_custom_url":null,"twitter_image_custom_fields":null,"twitter_title":null,"twitter_description":null,"schema":{"blockGraphs":[],"customGraphs":[],"default":{"data":{"Article":[],"Course":[],"Dataset":[],"FAQPage":[],"Movie":[],"Person":[],"Product":[],"ProductReview":[],"Car":[],"Recipe":[],"Service":[],"SoftwareApplication":[],"WebPage":[]},"graphName":"","isEnabled":true},"graphs":[]},"schema_type":"default","schema_type_options":null,"pillar_content":false,"robots_default":true,"robots_noindex":false,"robots_noarchive":false,"robots_nosnippet":false,"robots_nofollow":false,"robots_noimageindex":false,"robots_noodp":false,"robots_notranslate":false,"robots_max_snippet":null,"robots_max_videopreview":null,"robots_max_imagepreview":"large","priority":null,"frequency":null,"local_seo":null,"breadcrumb_settings":null,"limit_modified_date":false,"ai":null,"created":"2024-03-05 01:16:33","updated":"2026-03-03 04:37:47","seo_analyzer_scan_date":null,"focus_keyword":null,"additional_keywords":null,"truseo_locale":null},"aioseo_breadcrumb":"<div class=\"aioseo-breadcrumbs\"><span class=\"aioseo-breadcrumb\">\n\t\t\t<a href=\"https:\/\/contadoreshoy.com\" title=\"Home\">Home<\/a>\n\t\t<\/span><span class=\"aioseo-breadcrumb-separator\">&raquo;<\/span><span class=\"aioseo-breadcrumb\">\n\t\t\t<a href=\"https:\/\/contadoreshoy.com\/?cat=404\" title=\"Normas y C\u00f3digos\">Normas y C\u00f3digos<\/a>\n\t\t<\/span><span class=\"aioseo-breadcrumb-separator\">&raquo;<\/span><span class=\"aioseo-breadcrumb\">\n\t\t\t<a href=\"https:\/\/contadoreshoy.com\/?cat=357\" title=\"Normas\">Normas<\/a>\n\t\t<\/span><span class=\"aioseo-breadcrumb-separator\">&raquo;<\/span><span class=\"aioseo-breadcrumb\">\n\t\t\t<a href=\"https:\/\/contadoreshoy.com\/?cat=359\" title=\"Decretos\">Decretos<\/a>\n\t\t<\/span><span class=\"aioseo-breadcrumb-separator\">&raquo;<\/span><span class=\"aioseo-breadcrumb\">\n\t\t\tDeclaraci\u00f3n anual de activos en el Exterior\n\t\t<\/span><\/div>","aioseo_breadcrumb_json":[{"label":"Home","link":"https:\/\/contadoreshoy.com"},{"label":"Normas y C\u00f3digos","link":"https:\/\/contadoreshoy.com\/?cat=404"},{"label":"Normas","link":"https:\/\/contadoreshoy.com\/?cat=357"},{"label":"Decretos","link":"https:\/\/contadoreshoy.com\/?cat=359"},{"label":"Declaraci\u00f3n anual de activos en el Exterior","link":"https:\/\/contadoreshoy.com\/?p=6062"}],"yoast_head":"<!-- This site is optimized with the Yoast SEO plugin v28.4 - https:\/\/yoast.com\/product\/yoast-seo-wordpress\/ -->\n<title>Declaraci\u00f3n anual de activos en el Exterior - Contadores P\u00fablicos<\/title>\n<meta name=\"robots\" content=\"index, follow, max-snippet:-1, max-image-preview:large, max-video-preview:-1\" \/>\n<link rel=\"canonical\" href=\"https:\/\/contadoreshoy.com\/?p=6062\" \/>\n<meta property=\"og:locale\" content=\"es_ES\" \/>\n<meta property=\"og:type\" content=\"article\" \/>\n<meta property=\"og:title\" content=\"Declaraci\u00f3n anual de activos en el Exterior - Contadores P\u00fablicos\" \/>\n<meta property=\"og:description\" content=\"La Declaraci\u00f3n Anual de Activos en el Exterior ser\u00e1 de uso obligatorio para los contribuyentes del impuesto sobre la renta y complementarios, sujetos a este impuesto respecto de sus ingresos de fuente nacional y extranjera, y de su patrimonio pose\u00eddo dentro y fuera del pa\u00eds, que al 1\u00b0 de enero del a\u00f1o posean activos en el exterior de cualquier naturaleza.\" \/>\n<meta property=\"og:url\" content=\"https:\/\/contadoreshoy.com\/?p=6062\" \/>\n<meta property=\"og:site_name\" content=\"Contadores P\u00fablicos\" \/>\n<meta property=\"article:publisher\" content=\"https:\/\/www.facebook.com\/CCCPBucaramanga\/\" \/>\n<meta property=\"article:published_time\" content=\"2015-09-30T20:38:16+00:00\" \/>\n<meta property=\"article:modified_time\" content=\"2017-02-05T03:00:41+00:00\" \/>\n<meta property=\"og:image\" content=\"https:\/\/contadoreshoy.com\/wp-content\/uploads\/2015\/09\/Formulari-160-DIAN-Activos-en-el-exterior.jpg\" \/>\n\t<meta property=\"og:image:width\" content=\"1325\" \/>\n\t<meta property=\"og:image:height\" content=\"3544\" \/>\n\t<meta property=\"og:image:type\" content=\"image\/jpeg\" \/>\n<meta name=\"author\" content=\"Miguel Antonio M\u00e1rquez Monta\u00f1ez\" \/>\n<meta name=\"twitter:card\" content=\"summary_large_image\" \/>\n<meta name=\"twitter:label1\" content=\"Escrito por\" \/>\n\t<meta name=\"twitter:data1\" content=\"Miguel Antonio M\u00e1rquez Monta\u00f1ez\" \/>\n\t<meta name=\"twitter:label2\" content=\"Tiempo de lectura\" \/>\n\t<meta name=\"twitter:data2\" content=\"10 minutos\" \/>\n<script type=\"application\/ld+json\" class=\"yoast-schema-graph\">{\"@context\":\"https:\\\/\\\/schema.org\",\"@graph\":[{\"@type\":\"Article\",\"@id\":\"https:\\\/\\\/contadoreshoy.com\\\/?p=6062#article\",\"isPartOf\":{\"@id\":\"https:\\\/\\\/contadoreshoy.com\\\/?p=6062\"},\"author\":{\"name\":\"Miguel Antonio M\u00e1rquez Monta\u00f1ez\",\"@id\":\"https:\\\/\\\/contadoreshoy.com\\\/#\\\/schema\\\/person\\\/96d8979cb865537c5dc9345e40089fc5\"},\"headline\":\"Declaraci\u00f3n anual de activos en el Exterior\",\"datePublished\":\"2015-09-30T20:38:16+00:00\",\"dateModified\":\"2017-02-05T03:00:41+00:00\",\"mainEntityOfPage\":{\"@id\":\"https:\\\/\\\/contadoreshoy.com\\\/?p=6062\"},\"wordCount\":1983,\"commentCount\":0,\"publisher\":{\"@id\":\"https:\\\/\\\/contadoreshoy.com\\\/#organization\"},\"image\":{\"@id\":\"https:\\\/\\\/contadoreshoy.com\\\/?p=6062#primaryimage\"},\"thumbnailUrl\":\"https:\\\/\\\/contadoreshoy.com\\\/wp-content\\\/uploads\\\/2015\\\/09\\\/Formulari-160-DIAN-Activos-en-el-exterior-scaled.jpg\",\"articleSection\":[\"Decretos\"],\"inLanguage\":\"es\",\"potentialAction\":[{\"@type\":\"CommentAction\",\"name\":\"Comment\",\"target\":[\"https:\\\/\\\/contadoreshoy.com\\\/?p=6062#respond\"]}]},{\"@type\":\"WebPage\",\"@id\":\"https:\\\/\\\/contadoreshoy.com\\\/?p=6062\",\"url\":\"https:\\\/\\\/contadoreshoy.com\\\/?p=6062\",\"name\":\"Declaraci\u00f3n anual de activos en el Exterior - Contadores P\u00fablicos\",\"isPartOf\":{\"@id\":\"https:\\\/\\\/contadoreshoy.com\\\/#website\"},\"primaryImageOfPage\":{\"@id\":\"https:\\\/\\\/contadoreshoy.com\\\/?p=6062#primaryimage\"},\"image\":{\"@id\":\"https:\\\/\\\/contadoreshoy.com\\\/?p=6062#primaryimage\"},\"thumbnailUrl\":\"https:\\\/\\\/contadoreshoy.com\\\/wp-content\\\/uploads\\\/2015\\\/09\\\/Formulari-160-DIAN-Activos-en-el-exterior-scaled.jpg\",\"datePublished\":\"2015-09-30T20:38:16+00:00\",\"dateModified\":\"2017-02-05T03:00:41+00:00\",\"breadcrumb\":{\"@id\":\"https:\\\/\\\/contadoreshoy.com\\\/?p=6062#breadcrumb\"},\"inLanguage\":\"es\",\"potentialAction\":[{\"@type\":\"ReadAction\",\"target\":[\"https:\\\/\\\/contadoreshoy.com\\\/?p=6062\"]}]},{\"@type\":\"ImageObject\",\"inLanguage\":\"es\",\"@id\":\"https:\\\/\\\/contadoreshoy.com\\\/?p=6062#primaryimage\",\"url\":\"https:\\\/\\\/contadoreshoy.com\\\/wp-content\\\/uploads\\\/2015\\\/09\\\/Formulari-160-DIAN-Activos-en-el-exterior-scaled.jpg\",\"contentUrl\":\"https:\\\/\\\/contadoreshoy.com\\\/wp-content\\\/uploads\\\/2015\\\/09\\\/Formulari-160-DIAN-Activos-en-el-exterior-scaled.jpg\",\"width\":957,\"height\":2560},{\"@type\":\"BreadcrumbList\",\"@id\":\"https:\\\/\\\/contadoreshoy.com\\\/?p=6062#breadcrumb\",\"itemListElement\":[{\"@type\":\"ListItem\",\"position\":1,\"name\":\"Portada\",\"item\":\"https:\\\/\\\/contadoreshoy.com\\\/\"},{\"@type\":\"ListItem\",\"position\":2,\"name\":\"Declaraci\u00f3n anual de activos en el Exterior\"}]},{\"@type\":\"WebSite\",\"@id\":\"https:\\\/\\\/contadoreshoy.com\\\/#website\",\"url\":\"https:\\\/\\\/contadoreshoy.com\\\/\",\"name\":\"Contadorespublicossantander\",\"description\":\"Portal para Contadores P\u00fablicos y empresarios\",\"publisher\":{\"@id\":\"https:\\\/\\\/contadoreshoy.com\\\/#organization\"},\"potentialAction\":[{\"@type\":\"SearchAction\",\"target\":{\"@type\":\"EntryPoint\",\"urlTemplate\":\"https:\\\/\\\/contadoreshoy.com\\\/?s={search_term_string}\"},\"query-input\":{\"@type\":\"PropertyValueSpecification\",\"valueRequired\":true,\"valueName\":\"search_term_string\"}}],\"inLanguage\":\"es\"},{\"@type\":\"Organization\",\"@id\":\"https:\\\/\\\/contadoreshoy.com\\\/#organization\",\"name\":\"Contadores P\u00fablicos de Santander\",\"url\":\"https:\\\/\\\/contadoreshoy.com\\\/\",\"logo\":{\"@type\":\"ImageObject\",\"inLanguage\":\"es\",\"@id\":\"https:\\\/\\\/contadoreshoy.com\\\/#\\\/schema\\\/logo\\\/image\\\/\",\"url\":\"https:\\\/\\\/contadoreshoy.com\\\/wp-content\\\/uploads\\\/2024\\\/01\\\/cropped-cropped-Copia-de-M-1.jpg\",\"contentUrl\":\"https:\\\/\\\/contadoreshoy.com\\\/wp-content\\\/uploads\\\/2024\\\/01\\\/cropped-cropped-Copia-de-M-1.jpg\",\"width\":499,\"height\":500,\"caption\":\"Contadores P\u00fablicos de Santander\"},\"image\":{\"@id\":\"https:\\\/\\\/contadoreshoy.com\\\/#\\\/schema\\\/logo\\\/image\\\/\"},\"sameAs\":[\"https:\\\/\\\/www.facebook.com\\\/CCCPBucaramanga\\\/\"]},{\"@type\":\"Person\",\"@id\":\"https:\\\/\\\/contadoreshoy.com\\\/#\\\/schema\\\/person\\\/96d8979cb865537c5dc9345e40089fc5\",\"name\":\"Miguel Antonio M\u00e1rquez Monta\u00f1ez\",\"description\":\"Contador P\u00fablico egresado de la Universidad Aut\u00f3noma de Bucaramanga - Asesor contable tributario con m\u00e1s de 25 a\u00f1os de experiencia - Conferencista en temas contables y tributarios - T\u00e9cnico en Hardware y Dise\u00f1o Web - Creador y director Grupo de Estudio Colegio Colombiano de Contadores P\u00fablicos de Bucaramanga - Creador y Master Web p\u00e1gina www.contadoresp\u00fablicossantander.com - Expresidente Colegio Colombiano de Contadores P\u00fablicos Bucaramanga\",\"url\":\"https:\\\/\\\/contadoreshoy.com\\\/?author=1\"}]}<\/script>\n<!-- \/ Yoast SEO plugin. -->","yoast_head_json":{"title":"Declaraci\u00f3n anual de activos en el Exterior - Contadores P\u00fablicos","robots":{"index":"index","follow":"follow","max-snippet":"max-snippet:-1","max-image-preview":"max-image-preview:large","max-video-preview":"max-video-preview:-1"},"canonical":"https:\/\/contadoreshoy.com\/?p=6062","og_locale":"es_ES","og_type":"article","og_title":"Declaraci\u00f3n anual de activos en el Exterior - Contadores P\u00fablicos","og_description":"La Declaraci\u00f3n Anual de Activos en el Exterior ser\u00e1 de uso obligatorio para los contribuyentes del impuesto sobre la renta y complementarios, sujetos a este impuesto respecto de sus ingresos de fuente nacional y extranjera, y de su patrimonio pose\u00eddo dentro y fuera del pa\u00eds, que al 1\u00b0 de enero del a\u00f1o posean activos en el exterior de cualquier naturaleza.","og_url":"https:\/\/contadoreshoy.com\/?p=6062","og_site_name":"Contadores P\u00fablicos","article_publisher":"https:\/\/www.facebook.com\/CCCPBucaramanga\/","article_published_time":"2015-09-30T20:38:16+00:00","article_modified_time":"2017-02-05T03:00:41+00:00","og_image":[{"width":1325,"height":3544,"url":"https:\/\/contadoreshoy.com\/wp-content\/uploads\/2015\/09\/Formulari-160-DIAN-Activos-en-el-exterior.jpg","type":"image\/jpeg"}],"author":"Miguel Antonio M\u00e1rquez Monta\u00f1ez","twitter_card":"summary_large_image","twitter_misc":{"Escrito por":"Miguel Antonio M\u00e1rquez Monta\u00f1ez","Tiempo de lectura":"10 minutos"},"schema":{"@context":"https:\/\/schema.org","@graph":[{"@type":"Article","@id":"https:\/\/contadoreshoy.com\/?p=6062#article","isPartOf":{"@id":"https:\/\/contadoreshoy.com\/?p=6062"},"author":{"name":"Miguel Antonio M\u00e1rquez Monta\u00f1ez","@id":"https:\/\/contadoreshoy.com\/#\/schema\/person\/96d8979cb865537c5dc9345e40089fc5"},"headline":"Declaraci\u00f3n anual de activos en el Exterior","datePublished":"2015-09-30T20:38:16+00:00","dateModified":"2017-02-05T03:00:41+00:00","mainEntityOfPage":{"@id":"https:\/\/contadoreshoy.com\/?p=6062"},"wordCount":1983,"commentCount":0,"publisher":{"@id":"https:\/\/contadoreshoy.com\/#organization"},"image":{"@id":"https:\/\/contadoreshoy.com\/?p=6062#primaryimage"},"thumbnailUrl":"https:\/\/contadoreshoy.com\/wp-content\/uploads\/2015\/09\/Formulari-160-DIAN-Activos-en-el-exterior-scaled.jpg","articleSection":["Decretos"],"inLanguage":"es","potentialAction":[{"@type":"CommentAction","name":"Comment","target":["https:\/\/contadoreshoy.com\/?p=6062#respond"]}]},{"@type":"WebPage","@id":"https:\/\/contadoreshoy.com\/?p=6062","url":"https:\/\/contadoreshoy.com\/?p=6062","name":"Declaraci\u00f3n anual de activos en el Exterior - Contadores P\u00fablicos","isPartOf":{"@id":"https:\/\/contadoreshoy.com\/#website"},"primaryImageOfPage":{"@id":"https:\/\/contadoreshoy.com\/?p=6062#primaryimage"},"image":{"@id":"https:\/\/contadoreshoy.com\/?p=6062#primaryimage"},"thumbnailUrl":"https:\/\/contadoreshoy.com\/wp-content\/uploads\/2015\/09\/Formulari-160-DIAN-Activos-en-el-exterior-scaled.jpg","datePublished":"2015-09-30T20:38:16+00:00","dateModified":"2017-02-05T03:00:41+00:00","breadcrumb":{"@id":"https:\/\/contadoreshoy.com\/?p=6062#breadcrumb"},"inLanguage":"es","potentialAction":[{"@type":"ReadAction","target":["https:\/\/contadoreshoy.com\/?p=6062"]}]},{"@type":"ImageObject","inLanguage":"es","@id":"https:\/\/contadoreshoy.com\/?p=6062#primaryimage","url":"https:\/\/contadoreshoy.com\/wp-content\/uploads\/2015\/09\/Formulari-160-DIAN-Activos-en-el-exterior-scaled.jpg","contentUrl":"https:\/\/contadoreshoy.com\/wp-content\/uploads\/2015\/09\/Formulari-160-DIAN-Activos-en-el-exterior-scaled.jpg","width":957,"height":2560},{"@type":"BreadcrumbList","@id":"https:\/\/contadoreshoy.com\/?p=6062#breadcrumb","itemListElement":[{"@type":"ListItem","position":1,"name":"Portada","item":"https:\/\/contadoreshoy.com\/"},{"@type":"ListItem","position":2,"name":"Declaraci\u00f3n anual de activos en el Exterior"}]},{"@type":"WebSite","@id":"https:\/\/contadoreshoy.com\/#website","url":"https:\/\/contadoreshoy.com\/","name":"Contadorespublicossantander","description":"Portal para Contadores P\u00fablicos y empresarios","publisher":{"@id":"https:\/\/contadoreshoy.com\/#organization"},"potentialAction":[{"@type":"SearchAction","target":{"@type":"EntryPoint","urlTemplate":"https:\/\/contadoreshoy.com\/?s={search_term_string}"},"query-input":{"@type":"PropertyValueSpecification","valueRequired":true,"valueName":"search_term_string"}}],"inLanguage":"es"},{"@type":"Organization","@id":"https:\/\/contadoreshoy.com\/#organization","name":"Contadores P\u00fablicos de Santander","url":"https:\/\/contadoreshoy.com\/","logo":{"@type":"ImageObject","inLanguage":"es","@id":"https:\/\/contadoreshoy.com\/#\/schema\/logo\/image\/","url":"https:\/\/contadoreshoy.com\/wp-content\/uploads\/2024\/01\/cropped-cropped-Copia-de-M-1.jpg","contentUrl":"https:\/\/contadoreshoy.com\/wp-content\/uploads\/2024\/01\/cropped-cropped-Copia-de-M-1.jpg","width":499,"height":500,"caption":"Contadores P\u00fablicos de Santander"},"image":{"@id":"https:\/\/contadoreshoy.com\/#\/schema\/logo\/image\/"},"sameAs":["https:\/\/www.facebook.com\/CCCPBucaramanga\/"]},{"@type":"Person","@id":"https:\/\/contadoreshoy.com\/#\/schema\/person\/96d8979cb865537c5dc9345e40089fc5","name":"Miguel Antonio M\u00e1rquez Monta\u00f1ez","description":"Contador P\u00fablico egresado de la Universidad Aut\u00f3noma de Bucaramanga - Asesor contable tributario con m\u00e1s de 25 a\u00f1os de experiencia - Conferencista en temas contables y tributarios - T\u00e9cnico en Hardware y Dise\u00f1o Web - Creador y director Grupo de Estudio Colegio Colombiano de Contadores P\u00fablicos de Bucaramanga - Creador y Master Web p\u00e1gina www.contadoresp\u00fablicossantander.com - Expresidente Colegio Colombiano de Contadores P\u00fablicos Bucaramanga","url":"https:\/\/contadoreshoy.com\/?author=1"}]}},"_links":{"self":[{"href":"https:\/\/contadoreshoy.com\/index.php?rest_route=\/wp\/v2\/posts\/6062","targetHints":{"allow":["GET"]}}],"collection":[{"href":"https:\/\/contadoreshoy.com\/index.php?rest_route=\/wp\/v2\/posts"}],"about":[{"href":"https:\/\/contadoreshoy.com\/index.php?rest_route=\/wp\/v2\/types\/post"}],"author":[{"embeddable":true,"href":"https:\/\/contadoreshoy.com\/index.php?rest_route=\/wp\/v2\/users\/1"}],"replies":[{"embeddable":true,"href":"https:\/\/contadoreshoy.com\/index.php?rest_route=%2Fwp%2Fv2%2Fcomments&post=6062"}],"version-history":[{"count":1,"href":"https:\/\/contadoreshoy.com\/index.php?rest_route=\/wp\/v2\/posts\/6062\/revisions"}],"predecessor-version":[{"id":8037,"href":"https:\/\/contadoreshoy.com\/index.php?rest_route=\/wp\/v2\/posts\/6062\/revisions\/8037"}],"wp:featuredmedia":[{"embeddable":true,"href":"https:\/\/contadoreshoy.com\/index.php?rest_route=\/wp\/v2\/media\/6063"}],"wp:attachment":[{"href":"https:\/\/contadoreshoy.com\/index.php?rest_route=%2Fwp%2Fv2%2Fmedia&parent=6062"}],"wp:term":[{"taxonomy":"category","embeddable":true,"href":"https:\/\/contadoreshoy.com\/index.php?rest_route=%2Fwp%2Fv2%2Fcategories&post=6062"},{"taxonomy":"post_tag","embeddable":true,"href":"https:\/\/contadoreshoy.com\/index.php?rest_route=%2Fwp%2Fv2%2Ftags&post=6062"}],"curies":[{"name":"wp","href":"https:\/\/api.w.org\/{rel}","templated":true}]}}