{"id":6104,"date":"2015-10-05T22:45:59","date_gmt":"2015-10-06T03:45:59","guid":{"rendered":"http:\/\/colegiocolombianodecontadores.com\/?p=6104"},"modified":"2017-02-04T22:00:26","modified_gmt":"2017-02-05T03:00:26","slug":"compatibilidad-pension-de-invalidez-y-pension-de-jubilacion","status":"publish","type":"post","link":"https:\/\/contadoreshoy.com\/?p=6104","title":{"rendered":"Compatibilidad Pensi\u00f3n de Invalidez y Pensi\u00f3n de Jubilaci\u00f3n"},"content":{"rendered":"<h2 style=\"text-align: center;\"><\/h2>\n<h3 style=\"text-align: left;\"><\/h3>\n<p style=\"text-align: center;\"><span style=\"font-size: 12pt;\"><strong>MINTRABAJO<\/strong><\/span><\/p>\n<p style=\"text-align: center;\"><span style=\"font-size: 12pt;\"><strong>COMPATIBILIDAD PENSI\u00d3N DE INVALIDEZ Y PENSI\u00d3N DE JUBILACI\u00d3N<\/strong><\/span><\/p>\n<p><span style=\"font-size: 12pt;\">1200000-112533<\/span><\/p>\n<p><span style=\"font-size: 12pt;\">Bogot\u00e1 D.C., 24 de Junio 2015 \u00a0\u00a0\u00a0\u00a0\u00a0\u00a0\u00a0\u00a0 \u00a0\u00a0\u00a0\u00a0\u00a0\u00a0\u00a0\u00a0\u00a0\u00a0\u00a0 \u00a0\u00a0\u00a0\u00a0\u00a0\u00a0\u00a0\u00a0\u00a0\u00a0\u00a0 \u00a0\u00a0\u00a0\u00a0\u00a0\u00a0\u00a0\u00a0\u00a0\u00a0\u00a0 \u00a0\u00a0\u00a0\u00a0\u00a0\u00a0\u00a0\u00a0\u00a0\u00a0\u00a0 \u00a0\u00a0\u00a0\u00a0\u00a0\u00a0\u00a0\u00a0\u00a0\u00a0\u00a0 \u00a0\u00a0\u00a0\u00a0\u00a0\u00a0\u00a0\u00a0\u00a0\u00a0\u00a0 \u00a0\u00a0\u00a0\u00a0\u00a0\u00a0\u00a0\u00a0\u00a0\u00a0 \u00a0\u00a0\u00a0\u00a0\u00a0\u00a0\u00a0\u00a0\u00a0\u00a0\u00a0\u00a0\u00a0\u00a0\u00a0\u00a0\u00a0<\/span><\/p>\n<h3><\/h3>\n<p><span style=\"font-size: 12pt;\">Se\u00f1ora:<\/span><\/p>\n<p>LUZ MABEL RODRIGUEZ NU\u00d1EZ<\/p>\n<p><span style=\"font-size: 12pt;\">Calle 4 No. 37 B \u2013 21 Apartamento 315 Edificio Plazoleta de Taban\u00e1 I \u2013 Puente Aranda\u00a0 Bogot\u00e1 D.C.,\u00a0<\/span><\/p>\n<p>&nbsp;<\/p>\n<p>&nbsp;<\/p>\n<p><span style=\"font-size: 12pt;\">Asunto: Radicado No. 53945 del\u00a0 01 de Abril de 2015\u00a0<\/span><\/p>\n<p>&nbsp;<\/p>\n<p><span style=\"font-size: 12pt;\">Se\u00f1ora Rodriguez:<\/span><\/p>\n<p>&nbsp;<\/p>\n<p style=\"text-align: justify;\"><span style=\"font-size: 12pt;\">De manera atenta, damos respuesta a su comunicaci\u00f3n radicada con el n\u00famero del asunto, mediante la cual <span style=\"color: #0000ff;\">solicita se aclare si es incompatible la pensi\u00f3n de invalidez y la pensi\u00f3n de pensi\u00f3n de jubilaci\u00f3n, si se puede seguir cotizando a pensi\u00f3n de jubilaci\u00f3n estando con la pensi\u00f3n de invalidez y si en caso de no ser compatibles ambas pensiones se puede renunciar a la pensi\u00f3n de invalidez en favor de la pensi\u00f3n de jubilaci\u00f3n?,<\/span>\u00a0 nos permitimos informarle:\u00a0<\/span><\/p>\n<p style=\"text-align: justify;\"><span style=\"color: #ff9900; font-size: 12pt;\">En primer lugar, consideramos pertinente se\u00f1alar que el\u00a0 literal j) del art\u00edculo 13 de la Ley 100 de 1993, dispone lo siguiente:<\/span><\/p>\n<p style=\"text-align: justify;\"><span style=\"color: #ff9900; font-size: 12pt;\"><em>\u00abNing\u00fan afiliado podr\u00e1 recibir simult\u00e1neamente pensiones de invalidez y vejez\u00bb <\/em><\/span><\/p>\n<p style=\"text-align: justify;\"><span style=\"font-size: 12pt;\"><em>\u00a0<\/em><em>\u00a0<\/em><\/span><\/p>\n<p style=\"text-align: justify;\"><span style=\"font-size: 12pt;\">De otra parte, el art\u00edculo 31 de\u00a0 la ley 100 de 1993 se\u00f1ala:<\/span><\/p>\n<p style=\"text-align: justify;\"><span style=\"font-size: 12pt;\">\u201c<em>El R\u00e9gimen de Prima Media con Prestaci\u00f3n Definida es aquel mediante el cual los afiliados o sus beneficiarios obtienen una pensi\u00f3n de vejez, de invalidez o de sobrevivientes, o un indemnizaci\u00f3n, previamente definidas de acuerdo con lo previsto en el presente t\u00edtulo. <\/em><\/span><\/p>\n<p style=\"text-align: justify;\"><span style=\"font-size: 12pt;\"><em>\u00a0<\/em><\/span><\/p>\n<p style=\"text-align: justify;\"><span style=\"font-size: 12pt;\"><em>Ser\u00e1n aplicables a este r\u00e9gimen las disposiciones vigentes para los seguros de invalidez, vejez y muerte a cargo del Instituto de Seguros Sociales, con las adiciones, modificaciones y excepciones contenidas en esta ley.\u201d <\/em><\/span><\/p>\n<p style=\"text-align: justify;\"><span style=\"font-size: 12pt;\"><em>\u00a0<\/em><\/span><\/p>\n<p style=\"text-align: justify;\"><span style=\"font-size: 12pt;\"><em>\u00a0<\/em>Por expresa remisi\u00f3n que efect\u00faa la citada disposici\u00f3n, todo aquello que no se encuentra regulado en el Sistema General de Pensiones contenido en la Ley 100 de 1993, su modificatoria la Ley 797 de 2003 y sus decretos reglamentarios, se remitir\u00e1 en el R\u00e9gimen de Prima Media con Prestaci\u00f3n Definida, al Acuerdo 049 de 1990 aprobado mediante Decreto 758 del mismo a\u00f1o, el cual, en el inciso 3\u00ba del art\u00edculo 10\u00ba establece:<\/span><\/p>\n<p style=\"text-align: justify;\"><span style=\"color: #ff9900; font-size: 12pt;\"><em>\u201cLa pensi\u00f3n de invalidez se convertir\u00e1 en pensi\u00f3n de vejez, a partir del cumplimiento de la edad m\u00ednima fijada para adquirir este derecho.\u201d <\/em><\/span><\/p>\n<p style=\"text-align: justify;\"><span style=\"color: #ff9900; font-size: 12pt;\">En este orden de ideas, considera esta Oficina que solamente cuando el pensionado por invalidez acredite la edad\u00a0 y semanas de cotizaci\u00f3n establecidas en el Sistema General de Pensiones, su prestaci\u00f3n podr\u00eda transformarse en pensi\u00f3n de vejez.<\/span><\/p>\n<p style=\"text-align: justify;\"><span style=\"color: #ff9900; font-size: 12pt;\">Sin embargo, es pertinente indicar que la pensi\u00f3n por excelencia es la de vejez y que las pensiones de invalidez son susceptibles de modificaci\u00f3n o retiro, de acuerdo con la evoluci\u00f3n del estado que las origin\u00f3.\u00a0\u00a0<\/span><\/p>\n<p style=\"text-align: justify;\"><span style=\"font-size: 12pt;\">Por otra parte, frente al tema la H. Corte Constitucional mediante Sentencia C-674 de 2001, Magistrado Ponente: Dr.\u00a0 Eduardo Montealegre Lynett,\u00a0 precis\u00f3:\u00a0<\/span><\/p>\n<p style=\"text-align: justify;\"><span style=\"font-size: 12pt;\"><em>\u00a0<\/em><\/span><br \/>\n<span style=\"font-size: 12pt;\"> <em>\u201c(\u2026) <span style=\"color: #ff9900;\"><strong><u>De otro lado, es claro que si el pensionado por invalidez re\u00fane adem\u00e1s los requisitos para acceder<\/u> <u>a la pensi\u00f3n de vejez, y \u00e9sta le resulta m\u00e1s favorable, entonces puede solicitar el reconocimiento de<\/u> <u>esta \u00faltima, aunque obviamente no puede acumular las dos pensiones<\/u>.<\/strong><\/span>\u00a0 As\u00ed si una persona inv\u00e1lida ya hubiera realizado las cotizaciones necesarias para acceder a la pensi\u00f3n de vejez, y s\u00f3lo le falta el requisito de edad para obtenerla, es obvio que cuando llegue a esa edad, podr\u00e1 solicitar su reconocimiento\u201d.\u00a0 (Subrayas y negrillas fuera del texto)\u00a0\u00a0\u00a0 <\/em><\/span><\/p>\n<p style=\"text-align: justify;\"><span style=\"font-size: 12pt;\"><em>\u00a0<\/em><\/span><\/p>\n<p style=\"text-align: justify;\"><span style=\"font-size: 12pt;\">Lo anterior, significa que no ser\u00eda impedimento acceder\u00a0 a la pensi\u00f3n de jubilaci\u00f3n estando ya con anterioridad reconocida\u00a0 la pensi\u00f3n invalidez, pues como ya se anot\u00f3, podr\u00e1 a voluntad propia continuar cotizando para que su prestaci\u00f3n se pueda convertir en una pensi\u00f3n de jubilaci\u00f3n.<\/span><\/p>\n<p style=\"text-align: justify;\"><span style=\"font-size: 12pt;\">La presente consulta, se absuelve en los t\u00e9rminos del art\u00edculo 25 del C\u00f3digo Contencioso Administrativo.<\/span><\/p>\n<p style=\"text-align: justify;\"><span style=\"font-size: 12pt;\">Cordialmente, \u00a0\u00a0\u00a0\u00a0\u00a0\u00a0\u00a0\u00a0\u00a0\u00a0\u00a0 \u00a0<\/span><\/p>\n<p style=\"text-align: justify;\"><span style=\"font-size: 12pt;\"><strong>\u00a0<\/strong><\/span><\/p>\n<p style=\"text-align: justify;\"><span style=\"font-size: 12pt;\"><strong>\u00a0<\/strong><\/span><span style=\"font-size: 12pt;\">ZULLY EDITH AVILA RODRIGUEZ<\/span><\/p>\n<p style=\"text-align: justify;\"><span style=\"font-size: 12pt;\">Coordinadora Grupo Interno de Trabajo de Atenci\u00f3n de\u00a0<\/span><span style=\"font-size: 12pt;\">Consultas en materia de Seguridad Social Integral<\/span><\/p>\n<h3 style=\"text-align: center;\"><\/h3>\n<p style=\"text-align: center;\"><span style=\"font-size: 12pt;\"><strong>APORTES SALUD EN PENSI\u00d3N COMPARTIDA<\/strong><\/span><\/p>\n<h3 style=\"text-align: justify;\"><\/h3>\n<p>1200000-36278 Marzo 04 de 2015<\/p>\n<p>ASUNTO: Radicado No. 165681<\/p>\n<p>&nbsp;<\/p>\n<p style=\"text-align: justify;\"><span style=\"font-size: 12pt;\"><span style=\"color: #0000ff;\">\u00bflas personas que perciben pensi\u00f3n convencional otorgada por el empleador y la pensi\u00f3n de vejez reconocida por el Seguro Social (hoy Colpensiones), deben efectuar aportes al Sistema de Salud por ambas asignaciones?<\/span><\/span><\/p>\n<p style=\"text-align: justify;\"><span style=\"font-size: 12pt; color: #ff9900;\">Al respecto, es necesario precisar que la pensi\u00f3n compartida entre un empleador y una Administradora de Pensiones es una sola, independiente de que en su cancelaci\u00f3n intervengan dos partes.<\/span><\/p>\n<p style=\"text-align: justify;\"><span style=\"font-size: 12pt;\"> Ahora bien, para efectos del pago de las cotizaciones de los pensionados, el r\u00e9gimen contributivo del Sistema General de Seguridad Social en Salud, en el numeral 1\u00b0, literal a) del art\u00edculo 157 de la Ley 100 de 1993, se\u00f1ala que los afiliados al Sistema General de Seguridad Social en Salud mediante el r\u00e9gimen contributivo, son las personas vinculadas a trav\u00e9s de contratos de trabajo, los servidores p\u00fablicos, los pensionados y jubilados y los trabajadores independientes con capacidad de pago.<\/span><\/p>\n<p style=\"text-align: justify;\"><span style=\"font-size: 12pt;\">As\u00ed mismo, el inciso 50 del art\u00edculo 65 del Decreto 806 de 1998, indica que la cotizaci\u00f3n en salud para los pensionados se calcular\u00e1 con base en la mesada pensional.<\/span><\/p>\n<p style=\"text-align: justify;\"><span style=\"font-size: 12pt;\"><span style=\"color: #ff9900;\">El art\u00edculo 52 del Decreto 806 de 1998, establece que cuando una persona sea dependiente de m\u00e1s de un empleador o reciba pensi\u00f3n de m\u00e1s de una Administradora de Pensiones, cotizar\u00e1 sobre la totalidad de los ingresos con un tope m\u00e1ximo de veinticinco salarios m\u00ednimos mensuales legales vigentes,\u00a0<\/span><span style=\"color: #ff9900;\">en una misma Entidad Promotora de Salud (E.P.S.), informando de tal situaci\u00f3n a los empleadores o Administradoras de Pensiones correspondientes.<\/span><\/span><\/p>\n<p style=\"text-align: justify;\"><span style=\"font-size: 12pt;\">Por su parte, el art\u00edculo 10 de la Ley 1250 de 2008 se\u00f1ala \u00abLa cotizaci\u00f3n mensual al r\u00e9gimen contributivo de salud de los pensionados ser\u00e1 del 12% del ingreso de la respectiva mesada pensional, la cual se har\u00e1 efectiva a partir de\/primero de enero de 2008\u00bb.<\/span><\/p>\n<p style=\"text-align: justify;\"><span style=\"font-size: 12pt;\">En este orden de ideas, esta Oficina Jur\u00eddica considera que <span style=\"color: #ff9900;\">aunque el pago de las pensiones sea compartido entre el empleador y el Seguro Social, la mesada pensional es una sola y por lo tanto se debe aplicar el art\u00edculo 52 del Decreto 806 de 1998; en efecto, la obligaci\u00f3n de\u00a0<\/span><span style=\"color: #ff9900;\">cotizar se predica del monto total que se recibe por concepto de pensi\u00f3n, caso en el cual las dos entidades pagadoras de la pensi\u00f3n deben descontar el aporte del 12% respecto de lo que cada una de ellas le paga<\/span>.<\/span><\/p>\n<p style=\"text-align: justify;\"><span style=\"font-size: 12pt;\">En este sentido damos respuesta a su comunicaci\u00f3n, no sin antes advertir que este concepto tiene los alcances determinados en el art\u00edculo 25 del C\u00f3digo Contencioso Administrativo.<\/span><\/p>\n<p style=\"text-align: justify;\"><span style=\"font-size: 12pt;\"><strong>\u00a0<\/strong><\/span><\/p>\n<p style=\"text-align: justify;\"><span style=\"font-size: 12pt;\">Cordialmente<\/span><\/p>\n<p style=\"text-align: justify;\"><span style=\"font-size: 12pt;\">DIEGO FELIPE JIM\u00c9NEZ ANGARITA <\/span><\/p>\n<p style=\"text-align: justify;\"><span style=\"font-size: 12pt;\">Coordinador Grupo Interno de Trabajo de Atenci\u00f3n de\u00a0<\/span><span style=\"font-size: 12pt; line-height: 1.5;\">Consultas en Materia de Seguridad Social Integral<\/span><\/p>\n<p style=\"text-align: justify;\"><span style=\"font-size: 12pt;\"><strong>AFILIACI\u00d3N A LA CAJA DE COMPENSACI\u00d3N FAMILIAR DEL PENSIONADO<\/strong><\/span><\/p>\n<p style=\"text-align: justify;\"><span style=\"font-size: 12pt;\">1200000-115024<\/span><\/p>\n<p style=\"text-align: justify;\"><span style=\"font-size: 12pt;\">Bogot\u00e1, D.C. \u00a0 \u00a0 \u00a0 \u00a0 \u00a0 \u00a0 \u00a0 \u00a0 \u00a0 \u00a0 \u00a0 \u00a0 \u00a0 \u00a0 \u00a0 \u00a0 \u00a0 \u00a0 \u00a0 \u00a0 \u00a0 \u00a0 \u00a0 \u00a0 \u00a0 \u00a0 \u00a0 \u00a0 \u00a0 \u00a0 \u00a0 \u00a0 \u00a0 \u00a0 \u00a0 \u00a0 \u00a0 \u00a0 \u00a0 \u00a0 \u00a0 \u00a0 \u00a0 \u00a0 \u00a0 \u00a0 \u00a0 \u00a0 \u00a0 \u00a0 \u00a0 \u00a0 \u00a0\u00a0<\/span><\/p>\n<p style=\"text-align: justify;\">\n<p style=\"text-align: justify;\"><span style=\"font-size: 12pt;\"><strong>Asunto<\/strong>: \u00a0\u00a0\u00a0\u00a0\u00a0 Radicado No. 58013 \/ 2015<\/span><\/p>\n<p style=\"text-align: justify;\">\n<p style=\"text-align: justify;\"><span style=\"font-size: 12pt;\">De manera atenta, <span style=\"color: #0000ff;\">damos respuesta a la consulta trasladada por la Superintendencia Financiera de Colombia radicado bajo el n\u00famero del asunto, mediante la cual solicita informaci\u00f3n sobre la reglamentaci\u00f3n que existe para la afiliaci\u00f3n a la caja de compensaci\u00f3n familiar\u00a0 para pensionados<\/span>, motivo por el cual nos permitimos informarle:\u00a0\u00a0<\/span><\/p>\n<p style=\"text-align: justify;\"><span style=\"font-size: 12pt;\"><em>\u00a0<\/em><\/span><\/p>\n<p style=\"text-align: justify;\">\n<p style=\"text-align: justify;\"><span style=\"font-size: 12pt;\">En principio es preciso aclarar que la afiliaci\u00f3n a las Cajas de Compensaci\u00f3n Familiar para los pensionados se encuentran reglamentada por el decreto 867 de 2014.<\/span><\/p>\n<p style=\"text-align: justify;\">\n<p style=\"text-align: justify;\"><span style=\"font-size: 12pt;\">As\u00ed las cosas, encontramos en la parte considerativa de citado decreto se dispuso:\u00a0\u00a0<\/span><\/p>\n<p style=\"text-align: justify;\">\n<p style=\"text-align: justify;\"><span style=\"color: #ff9900; font-size: 12pt;\"><em>\u201cLey 1643 de 2013 dispuso que las Cajas de Compensaci\u00f3n Familiar deber\u00e1n prestar a los pensionados, cuya mesada pensional sea hasta de un salario y medio\u00a0 (1.5) m\u00ednimo legal mensual vigente los servicios a que tienen derecho los trabajadores activos en materia de recreaci\u00f3n, deporte y cultura, sin que sea necesario el pago de cotizaci\u00f3n alguna.\u201d <\/em><\/span><\/p>\n<p style=\"text-align: justify;\"><span style=\"font-size: 12pt;\"><em>\u00a0<\/em><em>\u00a0<\/em><\/span><\/p>\n<p style=\"text-align: justify;\"><span style=\"font-size: 12pt;\">As\u00ed mismo en su art\u00edculo 3 prev\u00e9:<\/span><\/p>\n<p style=\"text-align: justify;\">\n<p style=\"text-align: justify;\"><span style=\"color: #ff9900; font-size: 12pt;\"><strong><em>Art\u00edculo 3. Afiliaci\u00f3n.<\/em><\/strong><em> Los pensionados que devenguen hasta uno punto cinco (1.5) salarios m\u00ednimos mensuales legales vigentes SMLMV de mesada. Se afiliar\u00e1n a la Caja de Compensaci\u00f3n Familiar a la que estuvieron afiliados en su \u00faltima vinculaci\u00f3n laboral. En ning\u00fan caso podr\u00e1n estar afiliados a m\u00e1s de una Caja de Compensaci\u00f3n Familiar. <\/em><\/span><\/p>\n<p style=\"text-align: justify;\"><span style=\"font-size: 12pt;\"><em>\u00a0<\/em><\/span><\/p>\n<p style=\"text-align: justify;\"><span style=\"font-size: 12pt;\">Es decir, que para los pensionados cuya mesada no sobrepase un Salario y Medio (1.5) M\u00ednimo legal mensual vigente no se acarreara valor de cotizaci\u00f3n.\u00a0<\/span><\/p>\n<p style=\"text-align: justify;\">\n<p style=\"text-align: justify;\"><span style=\"color: #ff9900; font-size: 12pt;\">Adicionalmente, conforme al <strong>art\u00edculo 11<\/strong>, contempla la posibilidad de efectuar <strong>aportes voluntarios<\/strong> de los pensionados con mesadas hasta el (1.5), en donde se les permite efectuar cotizaciones desde el (0.6%) de la mesada pensional para poder acceder a turismo y capacitaciones y del (2%) para acceder a todas las prestaciones que tiene un trabajador activo excepto la cuota monetaria.\u00a0<\/span><\/p>\n<p style=\"text-align: justify;\">\n<p style=\"text-align: justify;\"><span style=\"font-size: 12pt;\">Ahora bien, con respecto al tr\u00e1mite de afiliaci\u00f3n en el art\u00edculo 5 del precitado decreto se establece:\u00a0<\/span><\/p>\n<p style=\"text-align: justify;\">\n<p style=\"text-align: justify;\"><span style=\"font-size: 12pt;\"><strong><em>Art\u00edculo 5. <span style=\"color: #ff9900;\">Obligaciones de las Entidades Pagadoras de Pensiones<\/span><\/em><\/strong><em>. Colpensiones, la UGPP, las Administradoras de Fondos de Pensiones, las Administradoras de Riesgos Laborales y dem\u00e1s entidades responsables del pago de pensiones, <strong>asumir\u00e1n las siguientes tareas: <\/strong><\/em><\/span><\/p>\n<p style=\"text-align: justify;\"><span style=\"font-size: 12pt;\"><em>\u00a0<\/em><\/span><\/p>\n<ol style=\"text-align: justify;\">\n<li><span style=\"font-size: 12pt;\"><em>Promover la afiliaci\u00f3n de los pensionados a las Cajas de Compensaci\u00f3n Familiar. <\/em><\/span><\/li>\n<\/ol>\n<p style=\"text-align: justify;\"><span style=\"font-size: 12pt;\"><em>\u00a0<\/em><\/span><\/p>\n<ol style=\"text-align: justify;\">\n<li><span style=\"color: #ff9900; font-size: 12pt;\"><em><u>Para los pensionados que devenguen hasta uno punto cinco (1.5) SMLMV de mesada,<\/u> <u>determinar los medios y canales de comunicaci\u00f3n para que se tramite la afiliaci\u00f3n a la Caja de<\/u> <u>Compensaci\u00f3n Familiar que corresponda, a fin de garantizar el acceso a los servicios.<\/u> <\/em><\/span><\/li>\n<\/ol>\n<p style=\"text-align: justify;\"><span style=\"font-size: 12pt;\"><em>\u00a0<\/em><\/span><\/p>\n<ol style=\"text-align: justify;\" start=\"2013\">\n<li><span style=\"font-size: 12pt;\"><em>Informar a los pensionados el derecho que les asiste de afiliarse a una Caja de Compensaci\u00f3n Familiar, as\u00ed como los beneficios que establece la Ley 1643 de 2013. (Subrayado Fuera de Texto). <\/em><\/span><\/li>\n<\/ol>\n<p style=\"text-align: justify;\">\n<p style=\"text-align: justify;\"><span style=\"color: #ff9900; font-size: 12pt;\">Ello quiere decir, que corresponder\u00e1 a la Administradora de Fondo de Pensiones o a las Administradoras de Riesgos Laborales seg\u00fan sea el caso u origen de la pensi\u00f3n (Vejez o Invalidez), determinar el proceso o el mecanismo para promover dicha afiliaci\u00f3n.\u00a0<\/span><\/p>\n<p style=\"text-align: justify;\">\n<p style=\"text-align: justify;\">\n<p style=\"text-align: justify;\"><span style=\"font-size: 12pt;\">En este sentido damos respuesta a su comunicaci\u00f3n, no sin antes advertir que este concepto tiene los alcances determinados en el art\u00edculo 25 del C\u00f3digo Contencioso Administrativo.<\/span><\/p>\n<p style=\"text-align: justify;\">\n<p style=\"text-align: justify;\"><span style=\"font-size: 12pt;\">Cordialmente,<\/span><\/p>\n<p style=\"text-align: justify;\">\n<p style=\"text-align: justify;\">\n<p style=\"text-align: justify;\"><span style=\"font-size: 12pt;\"><strong>ZULLY EDITH AVILA RODRIGUEZ <\/strong><\/span><\/p>\n<p style=\"text-align: justify;\"><span style=\"font-size: 12pt;\">Coordinadora Grupo Interno de Trabajo de Atenci\u00f3n de\u00a0<\/span><span style=\"font-size: 12pt;\">Consultas en materia de Seguridad Social Integral\u00a0\u00a0<\/span><\/p>\n<p style=\"text-align: justify;\">\n<p style=\"text-align: justify;\">\n","protected":false},"excerpt":{"rendered":"<p>Ning\u00fan afiliado podr\u00e1 recibir simult\u00e1neamente pensiones de invalidez y vejez. La pensi\u00f3n de invalidez se convertir\u00e1 en pensi\u00f3n de vejez, a partir del cumplimiento de la edad m\u00ednima fijada para adquirir este derecho.<\/p>\n","protected":false},"author":1,"featured_media":6105,"comment_status":"open","ping_status":"open","sticky":false,"template":"","format":"standard","meta":{"_monsterinsights_skip_tracking":false,"ngg_post_thumbnail":0,"footnotes":"","_links_to":"","_links_to_target":""},"categories":[456,454,458],"tags":[],"class_list":["post-6104","post","type-post","status-publish","format-standard","has-post-thumbnail","hentry","category-conceptos-y-oficios-dian","category-sin-categoria","category-ultimas"],"aioseo_notices":[],"aioseo_head":"\n\t\t<!-- All in One SEO 5.0.1.1 - aioseo.com -->\n\t<meta name=\"description\" content=\"Ning\u00fan afiliado podr\u00e1 recibir simult\u00e1neamente pensiones de invalidez y vejez. La pensi\u00f3n de invalidez se convertir\u00e1 en pensi\u00f3n de vejez, a partir del cumplimiento de la edad m\u00ednima fijada para adquirir este derecho.\" \/>\n\t<meta name=\"robots\" content=\"max-image-preview:large\" \/>\n\t<meta name=\"author\" content=\"Miguel Antonio M\u00e1rquez Monta\u00f1ez\"\/>\n\t<link rel=\"canonical\" href=\"https:\/\/contadoreshoy.com\/?p=6104\" \/>\n\t<meta name=\"generator\" content=\"All in One SEO (AIOSEO) 5.0.1.1\" \/>\n\t\t<meta property=\"og:locale\" content=\"es_ES\" \/>\n\t\t<meta property=\"og:site_name\" content=\"Contadores P\u00fablicos - Portal para Contadores P\u00fablicos y empresarios\" \/>\n\t\t<meta property=\"og:type\" content=\"article\" \/>\n\t\t<meta property=\"og:title\" content=\"Compatibilidad Pensi\u00f3n de Invalidez y Pensi\u00f3n de Jubilaci\u00f3n - Contadores P\u00fablicos\" \/>\n\t\t<meta property=\"og:description\" content=\"Ning\u00fan afiliado podr\u00e1 recibir simult\u00e1neamente pensiones de invalidez y vejez. La pensi\u00f3n de invalidez se convertir\u00e1 en pensi\u00f3n de vejez, a partir del cumplimiento de la edad m\u00ednima fijada para adquirir este derecho.\" \/>\n\t\t<meta property=\"og:url\" content=\"https:\/\/contadoreshoy.com\/?p=6104\" \/>\n\t\t<meta property=\"og:image\" content=\"https:\/\/contadoreshoy.com\/wp-content\/uploads\/2024\/01\/cropped-cropped-cropped-Copia-de-M.jpg\" \/>\n\t\t<meta property=\"og:image:secure_url\" content=\"https:\/\/contadoreshoy.com\/wp-content\/uploads\/2024\/01\/cropped-cropped-cropped-Copia-de-M.jpg\" \/>\n\t\t<meta property=\"og:image:width\" content=\"512\" \/>\n\t\t<meta property=\"og:image:height\" content=\"371\" \/>\n\t\t<meta property=\"article:published_time\" content=\"2015-10-06T03:45:59+00:00\" \/>\n\t\t<meta property=\"article:modified_time\" content=\"2017-02-05T03:00:26+00:00\" \/>\n\t\t<meta name=\"twitter:card\" content=\"summary_large_image\" \/>\n\t\t<meta name=\"twitter:title\" content=\"Compatibilidad Pensi\u00f3n de Invalidez y Pensi\u00f3n de Jubilaci\u00f3n - Contadores P\u00fablicos\" \/>\n\t\t<meta name=\"twitter:description\" content=\"Ning\u00fan afiliado podr\u00e1 recibir simult\u00e1neamente pensiones de invalidez y vejez. La pensi\u00f3n de invalidez se convertir\u00e1 en pensi\u00f3n de vejez, a partir del cumplimiento de la edad m\u00ednima fijada para adquirir este derecho.\" \/>\n\t\t<meta name=\"twitter:image\" content=\"https:\/\/contadoreshoy.com\/wp-content\/uploads\/2024\/01\/cropped-cropped-cropped-Copia-de-M.jpg\" \/>\n\t\t<script type=\"application\/ld+json\" class=\"aioseo-schema\">\n\t\t\t{\"@context\":\"https:\\\/\\\/schema.org\",\"@graph\":[{\"@type\":\"BlogPosting\",\"@id\":\"https:\\\/\\\/contadoreshoy.com\\\/?p=6104#blogposting\",\"name\":\"Compatibilidad Pensi\\u00f3n de Invalidez y Pensi\\u00f3n de Jubilaci\\u00f3n - Contadores P\\u00fablicos\",\"headline\":\"Compatibilidad Pensi\\u00f3n de Invalidez y Pensi\\u00f3n de Jubilaci\\u00f3n\",\"author\":{\"@id\":\"https:\\\/\\\/contadoreshoy.com\\\/?author=1#author\"},\"publisher\":{\"@id\":\"https:\\\/\\\/contadoreshoy.com\\\/#organization\"},\"image\":{\"@type\":\"ImageObject\",\"url\":\"https:\\\/\\\/contadoreshoy.com\\\/wp-content\\\/uploads\\\/2015\\\/10\\\/Pensionado-2.jpg\",\"width\":600,\"height\":400},\"datePublished\":\"2015-10-05T22:45:59-05:00\",\"dateModified\":\"2017-02-04T22:00:26-05:00\",\"inLanguage\":\"es-ES\",\"mainEntityOfPage\":{\"@id\":\"https:\\\/\\\/contadoreshoy.com\\\/?p=6104#webpage\"},\"isPartOf\":{\"@id\":\"https:\\\/\\\/contadoreshoy.com\\\/?p=6104#webpage\"},\"articleSection\":\"Conceptos y Oficios DIAN, Sin categor\\u00eda, Ultimas Noticias\"},{\"@type\":\"BreadcrumbList\",\"@id\":\"https:\\\/\\\/contadoreshoy.com\\\/?p=6104#breadcrumblist\",\"itemListElement\":[{\"@type\":\"ListItem\",\"@id\":\"https:\\\/\\\/contadoreshoy.com#listItem\",\"position\":1,\"name\":\"Home\",\"item\":\"https:\\\/\\\/contadoreshoy.com\",\"nextItem\":{\"@type\":\"ListItem\",\"@id\":\"https:\\\/\\\/contadoreshoy.com\\\/?cat=454#listItem\",\"name\":\"Sin categor\\u00eda\"}},{\"@type\":\"ListItem\",\"@id\":\"https:\\\/\\\/contadoreshoy.com\\\/?cat=454#listItem\",\"position\":2,\"name\":\"Sin categor\\u00eda\",\"item\":\"https:\\\/\\\/contadoreshoy.com\\\/?cat=454\",\"nextItem\":{\"@type\":\"ListItem\",\"@id\":\"https:\\\/\\\/contadoreshoy.com\\\/?p=6104#listItem\",\"name\":\"Compatibilidad Pensi\\u00f3n de Invalidez y Pensi\\u00f3n de Jubilaci\\u00f3n\"},\"previousItem\":{\"@type\":\"ListItem\",\"@id\":\"https:\\\/\\\/contadoreshoy.com#listItem\",\"name\":\"Home\"}},{\"@type\":\"ListItem\",\"@id\":\"https:\\\/\\\/contadoreshoy.com\\\/?p=6104#listItem\",\"position\":3,\"name\":\"Compatibilidad Pensi\\u00f3n de Invalidez y Pensi\\u00f3n de Jubilaci\\u00f3n\",\"previousItem\":{\"@type\":\"ListItem\",\"@id\":\"https:\\\/\\\/contadoreshoy.com\\\/?cat=454#listItem\",\"name\":\"Sin categor\\u00eda\"}}]},{\"@type\":\"Organization\",\"@id\":\"https:\\\/\\\/contadoreshoy.com\\\/#organization\",\"name\":\"Contadores P\\u00fablicos\",\"description\":\"Portal para Contadores P\\u00fablicos y empresarios\",\"url\":\"https:\\\/\\\/contadoreshoy.com\\\/\",\"logo\":{\"@type\":\"ImageObject\",\"url\":\"https:\\\/\\\/contadoreshoy.com\\\/wp-content\\\/uploads\\\/2024\\\/01\\\/cropped-cropped-Copia-de-M-1.jpg\",\"@id\":\"https:\\\/\\\/contadoreshoy.com\\\/?p=6104\\\/#organizationLogo\",\"width\":499,\"height\":500},\"image\":{\"@id\":\"https:\\\/\\\/contadoreshoy.com\\\/?p=6104\\\/#organizationLogo\"}},{\"@type\":\"Person\",\"@id\":\"https:\\\/\\\/contadoreshoy.com\\\/?author=1#author\",\"url\":\"https:\\\/\\\/contadoreshoy.com\\\/?author=1\",\"name\":\"Miguel Antonio M\\u00e1rquez Monta\\u00f1ez\"},{\"@type\":\"WebPage\",\"@id\":\"https:\\\/\\\/contadoreshoy.com\\\/?p=6104#webpage\",\"url\":\"https:\\\/\\\/contadoreshoy.com\\\/?p=6104\",\"name\":\"Compatibilidad Pensi\\u00f3n de Invalidez y Pensi\\u00f3n de Jubilaci\\u00f3n - Contadores P\\u00fablicos\",\"description\":\"Ning\\u00fan afiliado podr\\u00e1 recibir simult\\u00e1neamente pensiones de invalidez y vejez. La pensi\\u00f3n de invalidez se convertir\\u00e1 en pensi\\u00f3n de vejez, a partir del cumplimiento de la edad m\\u00ednima fijada para adquirir este derecho.\",\"inLanguage\":\"es-ES\",\"isPartOf\":{\"@id\":\"https:\\\/\\\/contadoreshoy.com\\\/#website\"},\"breadcrumb\":{\"@id\":\"https:\\\/\\\/contadoreshoy.com\\\/?p=6104#breadcrumblist\"},\"author\":{\"@id\":\"https:\\\/\\\/contadoreshoy.com\\\/?author=1#author\"},\"creator\":{\"@id\":\"https:\\\/\\\/contadoreshoy.com\\\/?author=1#author\"},\"image\":{\"@type\":\"ImageObject\",\"url\":\"https:\\\/\\\/contadoreshoy.com\\\/wp-content\\\/uploads\\\/2015\\\/10\\\/Pensionado-2.jpg\",\"@id\":\"https:\\\/\\\/contadoreshoy.com\\\/?p=6104\\\/#mainImage\",\"width\":600,\"height\":400},\"primaryImageOfPage\":{\"@id\":\"https:\\\/\\\/contadoreshoy.com\\\/?p=6104#mainImage\"},\"datePublished\":\"2015-10-05T22:45:59-05:00\",\"dateModified\":\"2017-02-04T22:00:26-05:00\"},{\"@type\":\"WebSite\",\"@id\":\"https:\\\/\\\/contadoreshoy.com\\\/#website\",\"url\":\"https:\\\/\\\/contadoreshoy.com\\\/\",\"name\":\"Contadores P\\u00fablicos\",\"description\":\"Portal para Contadores P\\u00fablicos y empresarios\",\"inLanguage\":\"es-ES\",\"publisher\":{\"@id\":\"https:\\\/\\\/contadoreshoy.com\\\/#organization\"}}]}\n\t\t<\/script>\n\t\t<!-- All in One SEO -->\n\n","aioseo_head_json":{"title":"Compatibilidad Pensi\u00f3n de Invalidez y Pensi\u00f3n de Jubilaci\u00f3n - Contadores P\u00fablicos","description":"Ning\u00fan afiliado podr\u00e1 recibir simult\u00e1neamente pensiones de invalidez y vejez. La pensi\u00f3n de invalidez se convertir\u00e1 en pensi\u00f3n de vejez, a partir del cumplimiento de la edad m\u00ednima fijada para adquirir este derecho.","canonical_url":"https:\/\/contadoreshoy.com\/?p=6104","robots":"max-image-preview:large","keywords":"","webmasterTools":{"miscellaneous":""},"schema":{"@context":"https:\/\/schema.org","@graph":[{"@type":"BlogPosting","@id":"https:\/\/contadoreshoy.com\/?p=6104#blogposting","name":"Compatibilidad Pensi\u00f3n de Invalidez y Pensi\u00f3n de Jubilaci\u00f3n - Contadores P\u00fablicos","headline":"Compatibilidad Pensi\u00f3n de Invalidez y Pensi\u00f3n de Jubilaci\u00f3n","author":{"@id":"https:\/\/contadoreshoy.com\/?author=1#author"},"publisher":{"@id":"https:\/\/contadoreshoy.com\/#organization"},"image":{"@type":"ImageObject","url":"https:\/\/contadoreshoy.com\/wp-content\/uploads\/2015\/10\/Pensionado-2.jpg","width":600,"height":400},"datePublished":"2015-10-05T22:45:59-05:00","dateModified":"2017-02-04T22:00:26-05:00","inLanguage":"es-ES","mainEntityOfPage":{"@id":"https:\/\/contadoreshoy.com\/?p=6104#webpage"},"isPartOf":{"@id":"https:\/\/contadoreshoy.com\/?p=6104#webpage"},"articleSection":"Conceptos y Oficios DIAN, Sin categor\u00eda, Ultimas Noticias"},{"@type":"BreadcrumbList","@id":"https:\/\/contadoreshoy.com\/?p=6104#breadcrumblist","itemListElement":[{"@type":"ListItem","@id":"https:\/\/contadoreshoy.com#listItem","position":1,"name":"Home","item":"https:\/\/contadoreshoy.com","nextItem":{"@type":"ListItem","@id":"https:\/\/contadoreshoy.com\/?cat=454#listItem","name":"Sin categor\u00eda"}},{"@type":"ListItem","@id":"https:\/\/contadoreshoy.com\/?cat=454#listItem","position":2,"name":"Sin categor\u00eda","item":"https:\/\/contadoreshoy.com\/?cat=454","nextItem":{"@type":"ListItem","@id":"https:\/\/contadoreshoy.com\/?p=6104#listItem","name":"Compatibilidad Pensi\u00f3n de Invalidez y Pensi\u00f3n de Jubilaci\u00f3n"},"previousItem":{"@type":"ListItem","@id":"https:\/\/contadoreshoy.com#listItem","name":"Home"}},{"@type":"ListItem","@id":"https:\/\/contadoreshoy.com\/?p=6104#listItem","position":3,"name":"Compatibilidad Pensi\u00f3n de Invalidez y Pensi\u00f3n de Jubilaci\u00f3n","previousItem":{"@type":"ListItem","@id":"https:\/\/contadoreshoy.com\/?cat=454#listItem","name":"Sin categor\u00eda"}}]},{"@type":"Organization","@id":"https:\/\/contadoreshoy.com\/#organization","name":"Contadores P\u00fablicos","description":"Portal para Contadores P\u00fablicos y empresarios","url":"https:\/\/contadoreshoy.com\/","logo":{"@type":"ImageObject","url":"https:\/\/contadoreshoy.com\/wp-content\/uploads\/2024\/01\/cropped-cropped-Copia-de-M-1.jpg","@id":"https:\/\/contadoreshoy.com\/?p=6104\/#organizationLogo","width":499,"height":500},"image":{"@id":"https:\/\/contadoreshoy.com\/?p=6104\/#organizationLogo"}},{"@type":"Person","@id":"https:\/\/contadoreshoy.com\/?author=1#author","url":"https:\/\/contadoreshoy.com\/?author=1","name":"Miguel Antonio M\u00e1rquez Monta\u00f1ez"},{"@type":"WebPage","@id":"https:\/\/contadoreshoy.com\/?p=6104#webpage","url":"https:\/\/contadoreshoy.com\/?p=6104","name":"Compatibilidad Pensi\u00f3n de Invalidez y Pensi\u00f3n de Jubilaci\u00f3n - Contadores P\u00fablicos","description":"Ning\u00fan afiliado podr\u00e1 recibir simult\u00e1neamente pensiones de invalidez y vejez. La pensi\u00f3n de invalidez se convertir\u00e1 en pensi\u00f3n de vejez, a partir del cumplimiento de la edad m\u00ednima fijada para adquirir este derecho.","inLanguage":"es-ES","isPartOf":{"@id":"https:\/\/contadoreshoy.com\/#website"},"breadcrumb":{"@id":"https:\/\/contadoreshoy.com\/?p=6104#breadcrumblist"},"author":{"@id":"https:\/\/contadoreshoy.com\/?author=1#author"},"creator":{"@id":"https:\/\/contadoreshoy.com\/?author=1#author"},"image":{"@type":"ImageObject","url":"https:\/\/contadoreshoy.com\/wp-content\/uploads\/2015\/10\/Pensionado-2.jpg","@id":"https:\/\/contadoreshoy.com\/?p=6104\/#mainImage","width":600,"height":400},"primaryImageOfPage":{"@id":"https:\/\/contadoreshoy.com\/?p=6104#mainImage"},"datePublished":"2015-10-05T22:45:59-05:00","dateModified":"2017-02-04T22:00:26-05:00"},{"@type":"WebSite","@id":"https:\/\/contadoreshoy.com\/#website","url":"https:\/\/contadoreshoy.com\/","name":"Contadores P\u00fablicos","description":"Portal para Contadores P\u00fablicos y empresarios","inLanguage":"es-ES","publisher":{"@id":"https:\/\/contadoreshoy.com\/#organization"}}]},"og:locale":"es_ES","og:site_name":"Contadores P\u00fablicos - Portal para Contadores P\u00fablicos y empresarios","og:type":"article","og:title":"Compatibilidad Pensi\u00f3n de Invalidez y Pensi\u00f3n de Jubilaci\u00f3n - Contadores P\u00fablicos","og:description":"Ning\u00fan afiliado podr\u00e1 recibir simult\u00e1neamente pensiones de invalidez y vejez. La pensi\u00f3n de invalidez se convertir\u00e1 en pensi\u00f3n de vejez, a partir del cumplimiento de la edad m\u00ednima fijada para adquirir este derecho.","og:url":"https:\/\/contadoreshoy.com\/?p=6104","og:image":"https:\/\/contadoreshoy.com\/wp-content\/uploads\/2024\/01\/cropped-cropped-cropped-Copia-de-M.jpg","og:image:secure_url":"https:\/\/contadoreshoy.com\/wp-content\/uploads\/2024\/01\/cropped-cropped-cropped-Copia-de-M.jpg","og:image:width":512,"og:image:height":371,"article:published_time":"2015-10-06T03:45:59+00:00","article:modified_time":"2017-02-05T03:00:26+00:00","twitter:card":"summary_large_image","twitter:title":"Compatibilidad Pensi\u00f3n de Invalidez y Pensi\u00f3n de Jubilaci\u00f3n - Contadores P\u00fablicos","twitter:description":"Ning\u00fan afiliado podr\u00e1 recibir simult\u00e1neamente pensiones de invalidez y vejez. La pensi\u00f3n de invalidez se convertir\u00e1 en pensi\u00f3n de vejez, a partir del cumplimiento de la edad m\u00ednima fijada para adquirir este derecho.","twitter:image":"https:\/\/contadoreshoy.com\/wp-content\/uploads\/2024\/01\/cropped-cropped-cropped-Copia-de-M.jpg"},"aioseo_meta_data":{"post_id":"6104","title":null,"description":null,"keywords":null,"keyphrases":null,"primary_term":null,"canonical_url":null,"og_title":null,"og_description":null,"og_object_type":"default","og_image_type":"default","og_image_url":null,"og_image_width":null,"og_image_height":null,"og_image_custom_url":null,"og_image_custom_fields":null,"og_video":null,"og_custom_url":null,"og_article_section":null,"og_article_tags":null,"twitter_use_og":false,"twitter_card":"default","twitter_image_type":"default","twitter_image_url":null,"twitter_image_custom_url":null,"twitter_image_custom_fields":null,"twitter_title":null,"twitter_description":null,"schema":{"blockGraphs":[],"customGraphs":[],"default":{"data":{"Article":[],"Course":[],"Dataset":[],"FAQPage":[],"Movie":[],"Person":[],"Product":[],"ProductReview":[],"Car":[],"Recipe":[],"Service":[],"SoftwareApplication":[],"WebPage":[]},"graphName":"","isEnabled":true},"graphs":[]},"schema_type":"default","schema_type_options":null,"pillar_content":false,"robots_default":true,"robots_noindex":false,"robots_noarchive":false,"robots_nosnippet":false,"robots_nofollow":false,"robots_noimageindex":false,"robots_noodp":false,"robots_notranslate":false,"robots_max_snippet":null,"robots_max_videopreview":null,"robots_max_imagepreview":"large","priority":null,"frequency":null,"local_seo":null,"breadcrumb_settings":null,"limit_modified_date":false,"ai":null,"created":"2024-03-05 01:18:12","updated":"2026-03-03 04:38:43","seo_analyzer_scan_date":null,"focus_keyword":null,"additional_keywords":null,"truseo_locale":null},"aioseo_breadcrumb":"<div class=\"aioseo-breadcrumbs\"><span class=\"aioseo-breadcrumb\">\n\t\t\t<a href=\"https:\/\/contadoreshoy.com\" title=\"Home\">Home<\/a>\n\t\t<\/span><span class=\"aioseo-breadcrumb-separator\">&raquo;<\/span><span class=\"aioseo-breadcrumb\">\n\t\t\t<a href=\"https:\/\/contadoreshoy.com\/?cat=454\" title=\"Sin categor\u00eda\">Sin categor\u00eda<\/a>\n\t\t<\/span><span class=\"aioseo-breadcrumb-separator\">&raquo;<\/span><span class=\"aioseo-breadcrumb\">\n\t\t\tCompatibilidad Pensi\u00f3n de Invalidez y Pensi\u00f3n de Jubilaci\u00f3n\n\t\t<\/span><\/div>","aioseo_breadcrumb_json":[{"label":"Home","link":"https:\/\/contadoreshoy.com"},{"label":"Sin categor\u00eda","link":"https:\/\/contadoreshoy.com\/?cat=454"},{"label":"Compatibilidad Pensi\u00f3n de Invalidez y Pensi\u00f3n de Jubilaci\u00f3n","link":"https:\/\/contadoreshoy.com\/?p=6104"}],"yoast_head":"<!-- This site is optimized with the Yoast SEO plugin v28.4 - https:\/\/yoast.com\/product\/yoast-seo-wordpress\/ -->\n<title>Compatibilidad Pensi\u00f3n de Invalidez y Pensi\u00f3n de Jubilaci\u00f3n - Contadores P\u00fablicos<\/title>\n<meta name=\"robots\" content=\"index, follow, max-snippet:-1, max-image-preview:large, max-video-preview:-1\" \/>\n<link rel=\"canonical\" href=\"https:\/\/contadoreshoy.com\/?p=6104\" \/>\n<meta property=\"og:locale\" content=\"es_ES\" \/>\n<meta property=\"og:type\" content=\"article\" \/>\n<meta property=\"og:title\" content=\"Compatibilidad Pensi\u00f3n de Invalidez y Pensi\u00f3n de Jubilaci\u00f3n - Contadores P\u00fablicos\" \/>\n<meta property=\"og:description\" content=\"Ning\u00fan afiliado podr\u00e1 recibir simult\u00e1neamente pensiones de invalidez y vejez. La pensi\u00f3n de invalidez se convertir\u00e1 en pensi\u00f3n de vejez, a partir del cumplimiento de la edad m\u00ednima fijada para adquirir este derecho.\" \/>\n<meta property=\"og:url\" content=\"https:\/\/contadoreshoy.com\/?p=6104\" \/>\n<meta property=\"og:site_name\" content=\"Contadores P\u00fablicos\" \/>\n<meta property=\"article:publisher\" content=\"https:\/\/www.facebook.com\/CCCPBucaramanga\/\" \/>\n<meta property=\"article:published_time\" content=\"2015-10-06T03:45:59+00:00\" \/>\n<meta property=\"article:modified_time\" content=\"2017-02-05T03:00:26+00:00\" \/>\n<meta property=\"og:image\" content=\"https:\/\/contadoreshoy.com\/wp-content\/uploads\/2015\/10\/Pensionado-2.jpg\" \/>\n\t<meta property=\"og:image:width\" content=\"600\" \/>\n\t<meta property=\"og:image:height\" content=\"400\" \/>\n\t<meta property=\"og:image:type\" content=\"image\/jpeg\" \/>\n<meta name=\"author\" content=\"Miguel Antonio M\u00e1rquez Monta\u00f1ez\" \/>\n<meta name=\"twitter:card\" content=\"summary_large_image\" \/>\n<meta name=\"twitter:label1\" content=\"Escrito por\" \/>\n\t<meta name=\"twitter:data1\" content=\"Miguel Antonio M\u00e1rquez Monta\u00f1ez\" \/>\n\t<meta name=\"twitter:label2\" content=\"Tiempo de lectura\" \/>\n\t<meta name=\"twitter:data2\" content=\"8 minutos\" \/>\n<script type=\"application\/ld+json\" class=\"yoast-schema-graph\">{\"@context\":\"https:\\\/\\\/schema.org\",\"@graph\":[{\"@type\":\"Article\",\"@id\":\"https:\\\/\\\/contadoreshoy.com\\\/?p=6104#article\",\"isPartOf\":{\"@id\":\"https:\\\/\\\/contadoreshoy.com\\\/?p=6104\"},\"author\":{\"name\":\"Miguel Antonio M\u00e1rquez Monta\u00f1ez\",\"@id\":\"https:\\\/\\\/contadoreshoy.com\\\/#\\\/schema\\\/person\\\/96d8979cb865537c5dc9345e40089fc5\"},\"headline\":\"Compatibilidad Pensi\u00f3n de Invalidez y Pensi\u00f3n de Jubilaci\u00f3n\",\"datePublished\":\"2015-10-06T03:45:59+00:00\",\"dateModified\":\"2017-02-05T03:00:26+00:00\",\"mainEntityOfPage\":{\"@id\":\"https:\\\/\\\/contadoreshoy.com\\\/?p=6104\"},\"wordCount\":1671,\"commentCount\":0,\"publisher\":{\"@id\":\"https:\\\/\\\/contadoreshoy.com\\\/#organization\"},\"image\":{\"@id\":\"https:\\\/\\\/contadoreshoy.com\\\/?p=6104#primaryimage\"},\"thumbnailUrl\":\"https:\\\/\\\/contadoreshoy.com\\\/wp-content\\\/uploads\\\/2015\\\/10\\\/Pensionado-2.jpg\",\"articleSection\":{\"0\":\"Conceptos y Oficios DIAN\",\"2\":\"Ultimas Noticias\"},\"inLanguage\":\"es\",\"potentialAction\":[{\"@type\":\"CommentAction\",\"name\":\"Comment\",\"target\":[\"https:\\\/\\\/contadoreshoy.com\\\/?p=6104#respond\"]}]},{\"@type\":\"WebPage\",\"@id\":\"https:\\\/\\\/contadoreshoy.com\\\/?p=6104\",\"url\":\"https:\\\/\\\/contadoreshoy.com\\\/?p=6104\",\"name\":\"Compatibilidad Pensi\u00f3n de Invalidez y Pensi\u00f3n de Jubilaci\u00f3n - Contadores P\u00fablicos\",\"isPartOf\":{\"@id\":\"https:\\\/\\\/contadoreshoy.com\\\/#website\"},\"primaryImageOfPage\":{\"@id\":\"https:\\\/\\\/contadoreshoy.com\\\/?p=6104#primaryimage\"},\"image\":{\"@id\":\"https:\\\/\\\/contadoreshoy.com\\\/?p=6104#primaryimage\"},\"thumbnailUrl\":\"https:\\\/\\\/contadoreshoy.com\\\/wp-content\\\/uploads\\\/2015\\\/10\\\/Pensionado-2.jpg\",\"datePublished\":\"2015-10-06T03:45:59+00:00\",\"dateModified\":\"2017-02-05T03:00:26+00:00\",\"breadcrumb\":{\"@id\":\"https:\\\/\\\/contadoreshoy.com\\\/?p=6104#breadcrumb\"},\"inLanguage\":\"es\",\"potentialAction\":[{\"@type\":\"ReadAction\",\"target\":[\"https:\\\/\\\/contadoreshoy.com\\\/?p=6104\"]}]},{\"@type\":\"ImageObject\",\"inLanguage\":\"es\",\"@id\":\"https:\\\/\\\/contadoreshoy.com\\\/?p=6104#primaryimage\",\"url\":\"https:\\\/\\\/contadoreshoy.com\\\/wp-content\\\/uploads\\\/2015\\\/10\\\/Pensionado-2.jpg\",\"contentUrl\":\"https:\\\/\\\/contadoreshoy.com\\\/wp-content\\\/uploads\\\/2015\\\/10\\\/Pensionado-2.jpg\",\"width\":600,\"height\":400},{\"@type\":\"BreadcrumbList\",\"@id\":\"https:\\\/\\\/contadoreshoy.com\\\/?p=6104#breadcrumb\",\"itemListElement\":[{\"@type\":\"ListItem\",\"position\":1,\"name\":\"Portada\",\"item\":\"https:\\\/\\\/contadoreshoy.com\\\/\"},{\"@type\":\"ListItem\",\"position\":2,\"name\":\"Compatibilidad Pensi\u00f3n de Invalidez y Pensi\u00f3n de Jubilaci\u00f3n\"}]},{\"@type\":\"WebSite\",\"@id\":\"https:\\\/\\\/contadoreshoy.com\\\/#website\",\"url\":\"https:\\\/\\\/contadoreshoy.com\\\/\",\"name\":\"Contadorespublicossantander\",\"description\":\"Portal para Contadores P\u00fablicos y empresarios\",\"publisher\":{\"@id\":\"https:\\\/\\\/contadoreshoy.com\\\/#organization\"},\"potentialAction\":[{\"@type\":\"SearchAction\",\"target\":{\"@type\":\"EntryPoint\",\"urlTemplate\":\"https:\\\/\\\/contadoreshoy.com\\\/?s={search_term_string}\"},\"query-input\":{\"@type\":\"PropertyValueSpecification\",\"valueRequired\":true,\"valueName\":\"search_term_string\"}}],\"inLanguage\":\"es\"},{\"@type\":\"Organization\",\"@id\":\"https:\\\/\\\/contadoreshoy.com\\\/#organization\",\"name\":\"Contadores P\u00fablicos de Santander\",\"url\":\"https:\\\/\\\/contadoreshoy.com\\\/\",\"logo\":{\"@type\":\"ImageObject\",\"inLanguage\":\"es\",\"@id\":\"https:\\\/\\\/contadoreshoy.com\\\/#\\\/schema\\\/logo\\\/image\\\/\",\"url\":\"https:\\\/\\\/contadoreshoy.com\\\/wp-content\\\/uploads\\\/2024\\\/01\\\/cropped-cropped-Copia-de-M-1.jpg\",\"contentUrl\":\"https:\\\/\\\/contadoreshoy.com\\\/wp-content\\\/uploads\\\/2024\\\/01\\\/cropped-cropped-Copia-de-M-1.jpg\",\"width\":499,\"height\":500,\"caption\":\"Contadores P\u00fablicos de Santander\"},\"image\":{\"@id\":\"https:\\\/\\\/contadoreshoy.com\\\/#\\\/schema\\\/logo\\\/image\\\/\"},\"sameAs\":[\"https:\\\/\\\/www.facebook.com\\\/CCCPBucaramanga\\\/\"]},{\"@type\":\"Person\",\"@id\":\"https:\\\/\\\/contadoreshoy.com\\\/#\\\/schema\\\/person\\\/96d8979cb865537c5dc9345e40089fc5\",\"name\":\"Miguel Antonio M\u00e1rquez Monta\u00f1ez\",\"description\":\"Contador P\u00fablico egresado de la Universidad Aut\u00f3noma de Bucaramanga - Asesor contable tributario con m\u00e1s de 25 a\u00f1os de experiencia - Conferencista en temas contables y tributarios - T\u00e9cnico en Hardware y Dise\u00f1o Web - Creador y director Grupo de Estudio Colegio Colombiano de Contadores P\u00fablicos de Bucaramanga - Creador y Master Web p\u00e1gina www.contadoresp\u00fablicossantander.com - Expresidente Colegio Colombiano de Contadores P\u00fablicos Bucaramanga\",\"url\":\"https:\\\/\\\/contadoreshoy.com\\\/?author=1\"}]}<\/script>\n<!-- \/ Yoast SEO plugin. -->","yoast_head_json":{"title":"Compatibilidad Pensi\u00f3n de Invalidez y Pensi\u00f3n de Jubilaci\u00f3n - Contadores P\u00fablicos","robots":{"index":"index","follow":"follow","max-snippet":"max-snippet:-1","max-image-preview":"max-image-preview:large","max-video-preview":"max-video-preview:-1"},"canonical":"https:\/\/contadoreshoy.com\/?p=6104","og_locale":"es_ES","og_type":"article","og_title":"Compatibilidad Pensi\u00f3n de Invalidez y Pensi\u00f3n de Jubilaci\u00f3n - Contadores P\u00fablicos","og_description":"Ning\u00fan afiliado podr\u00e1 recibir simult\u00e1neamente pensiones de invalidez y vejez. La pensi\u00f3n de invalidez se convertir\u00e1 en pensi\u00f3n de vejez, a partir del cumplimiento de la edad m\u00ednima fijada para adquirir este derecho.","og_url":"https:\/\/contadoreshoy.com\/?p=6104","og_site_name":"Contadores P\u00fablicos","article_publisher":"https:\/\/www.facebook.com\/CCCPBucaramanga\/","article_published_time":"2015-10-06T03:45:59+00:00","article_modified_time":"2017-02-05T03:00:26+00:00","og_image":[{"width":600,"height":400,"url":"https:\/\/contadoreshoy.com\/wp-content\/uploads\/2015\/10\/Pensionado-2.jpg","type":"image\/jpeg"}],"author":"Miguel Antonio M\u00e1rquez Monta\u00f1ez","twitter_card":"summary_large_image","twitter_misc":{"Escrito por":"Miguel Antonio M\u00e1rquez Monta\u00f1ez","Tiempo de lectura":"8 minutos"},"schema":{"@context":"https:\/\/schema.org","@graph":[{"@type":"Article","@id":"https:\/\/contadoreshoy.com\/?p=6104#article","isPartOf":{"@id":"https:\/\/contadoreshoy.com\/?p=6104"},"author":{"name":"Miguel Antonio M\u00e1rquez Monta\u00f1ez","@id":"https:\/\/contadoreshoy.com\/#\/schema\/person\/96d8979cb865537c5dc9345e40089fc5"},"headline":"Compatibilidad Pensi\u00f3n de Invalidez y Pensi\u00f3n de Jubilaci\u00f3n","datePublished":"2015-10-06T03:45:59+00:00","dateModified":"2017-02-05T03:00:26+00:00","mainEntityOfPage":{"@id":"https:\/\/contadoreshoy.com\/?p=6104"},"wordCount":1671,"commentCount":0,"publisher":{"@id":"https:\/\/contadoreshoy.com\/#organization"},"image":{"@id":"https:\/\/contadoreshoy.com\/?p=6104#primaryimage"},"thumbnailUrl":"https:\/\/contadoreshoy.com\/wp-content\/uploads\/2015\/10\/Pensionado-2.jpg","articleSection":{"0":"Conceptos y Oficios DIAN","2":"Ultimas Noticias"},"inLanguage":"es","potentialAction":[{"@type":"CommentAction","name":"Comment","target":["https:\/\/contadoreshoy.com\/?p=6104#respond"]}]},{"@type":"WebPage","@id":"https:\/\/contadoreshoy.com\/?p=6104","url":"https:\/\/contadoreshoy.com\/?p=6104","name":"Compatibilidad Pensi\u00f3n de Invalidez y Pensi\u00f3n de Jubilaci\u00f3n - Contadores P\u00fablicos","isPartOf":{"@id":"https:\/\/contadoreshoy.com\/#website"},"primaryImageOfPage":{"@id":"https:\/\/contadoreshoy.com\/?p=6104#primaryimage"},"image":{"@id":"https:\/\/contadoreshoy.com\/?p=6104#primaryimage"},"thumbnailUrl":"https:\/\/contadoreshoy.com\/wp-content\/uploads\/2015\/10\/Pensionado-2.jpg","datePublished":"2015-10-06T03:45:59+00:00","dateModified":"2017-02-05T03:00:26+00:00","breadcrumb":{"@id":"https:\/\/contadoreshoy.com\/?p=6104#breadcrumb"},"inLanguage":"es","potentialAction":[{"@type":"ReadAction","target":["https:\/\/contadoreshoy.com\/?p=6104"]}]},{"@type":"ImageObject","inLanguage":"es","@id":"https:\/\/contadoreshoy.com\/?p=6104#primaryimage","url":"https:\/\/contadoreshoy.com\/wp-content\/uploads\/2015\/10\/Pensionado-2.jpg","contentUrl":"https:\/\/contadoreshoy.com\/wp-content\/uploads\/2015\/10\/Pensionado-2.jpg","width":600,"height":400},{"@type":"BreadcrumbList","@id":"https:\/\/contadoreshoy.com\/?p=6104#breadcrumb","itemListElement":[{"@type":"ListItem","position":1,"name":"Portada","item":"https:\/\/contadoreshoy.com\/"},{"@type":"ListItem","position":2,"name":"Compatibilidad Pensi\u00f3n de Invalidez y Pensi\u00f3n de Jubilaci\u00f3n"}]},{"@type":"WebSite","@id":"https:\/\/contadoreshoy.com\/#website","url":"https:\/\/contadoreshoy.com\/","name":"Contadorespublicossantander","description":"Portal para Contadores P\u00fablicos y empresarios","publisher":{"@id":"https:\/\/contadoreshoy.com\/#organization"},"potentialAction":[{"@type":"SearchAction","target":{"@type":"EntryPoint","urlTemplate":"https:\/\/contadoreshoy.com\/?s={search_term_string}"},"query-input":{"@type":"PropertyValueSpecification","valueRequired":true,"valueName":"search_term_string"}}],"inLanguage":"es"},{"@type":"Organization","@id":"https:\/\/contadoreshoy.com\/#organization","name":"Contadores P\u00fablicos de Santander","url":"https:\/\/contadoreshoy.com\/","logo":{"@type":"ImageObject","inLanguage":"es","@id":"https:\/\/contadoreshoy.com\/#\/schema\/logo\/image\/","url":"https:\/\/contadoreshoy.com\/wp-content\/uploads\/2024\/01\/cropped-cropped-Copia-de-M-1.jpg","contentUrl":"https:\/\/contadoreshoy.com\/wp-content\/uploads\/2024\/01\/cropped-cropped-Copia-de-M-1.jpg","width":499,"height":500,"caption":"Contadores P\u00fablicos de Santander"},"image":{"@id":"https:\/\/contadoreshoy.com\/#\/schema\/logo\/image\/"},"sameAs":["https:\/\/www.facebook.com\/CCCPBucaramanga\/"]},{"@type":"Person","@id":"https:\/\/contadoreshoy.com\/#\/schema\/person\/96d8979cb865537c5dc9345e40089fc5","name":"Miguel Antonio M\u00e1rquez Monta\u00f1ez","description":"Contador P\u00fablico egresado de la Universidad Aut\u00f3noma de Bucaramanga - Asesor contable tributario con m\u00e1s de 25 a\u00f1os de experiencia - Conferencista en temas contables y tributarios - T\u00e9cnico en Hardware y Dise\u00f1o Web - Creador y director Grupo de Estudio Colegio Colombiano de Contadores P\u00fablicos de Bucaramanga - Creador y Master Web p\u00e1gina www.contadoresp\u00fablicossantander.com - Expresidente Colegio Colombiano de Contadores P\u00fablicos Bucaramanga","url":"https:\/\/contadoreshoy.com\/?author=1"}]}},"_links":{"self":[{"href":"https:\/\/contadoreshoy.com\/index.php?rest_route=\/wp\/v2\/posts\/6104","targetHints":{"allow":["GET"]}}],"collection":[{"href":"https:\/\/contadoreshoy.com\/index.php?rest_route=\/wp\/v2\/posts"}],"about":[{"href":"https:\/\/contadoreshoy.com\/index.php?rest_route=\/wp\/v2\/types\/post"}],"author":[{"embeddable":true,"href":"https:\/\/contadoreshoy.com\/index.php?rest_route=\/wp\/v2\/users\/1"}],"replies":[{"embeddable":true,"href":"https:\/\/contadoreshoy.com\/index.php?rest_route=%2Fwp%2Fv2%2Fcomments&post=6104"}],"version-history":[{"count":1,"href":"https:\/\/contadoreshoy.com\/index.php?rest_route=\/wp\/v2\/posts\/6104\/revisions"}],"predecessor-version":[{"id":8029,"href":"https:\/\/contadoreshoy.com\/index.php?rest_route=\/wp\/v2\/posts\/6104\/revisions\/8029"}],"wp:featuredmedia":[{"embeddable":true,"href":"https:\/\/contadoreshoy.com\/index.php?rest_route=\/wp\/v2\/media\/6105"}],"wp:attachment":[{"href":"https:\/\/contadoreshoy.com\/index.php?rest_route=%2Fwp%2Fv2%2Fmedia&parent=6104"}],"wp:term":[{"taxonomy":"category","embeddable":true,"href":"https:\/\/contadoreshoy.com\/index.php?rest_route=%2Fwp%2Fv2%2Fcategories&post=6104"},{"taxonomy":"post_tag","embeddable":true,"href":"https:\/\/contadoreshoy.com\/index.php?rest_route=%2Fwp%2Fv2%2Ftags&post=6104"}],"curies":[{"name":"wp","href":"https:\/\/api.w.org\/{rel}","templated":true}]}}