{"id":6146,"date":"2015-10-12T23:32:13","date_gmt":"2015-10-13T04:32:13","guid":{"rendered":"http:\/\/colegiocolombianodecontadores.com\/?p=6146"},"modified":"2017-02-04T22:00:25","modified_gmt":"2017-02-05T03:00:25","slug":"impuesto-cree-sociedades-en-reorganizacion","status":"publish","type":"post","link":"https:\/\/contadoreshoy.com\/?p=6146","title":{"rendered":"Impuesto CREE sociedades en reorganizaci\u00f3n"},"content":{"rendered":"<p style=\"text-align: center;\"><strong>OFICIO N\u00daMERO 024445 DE 2015 DIAN<\/strong><\/p>\n<p style=\"text-align: center;\"><strong>(<\/strong>agosto 24)<\/p>\n<p>Subdirecci\u00f3n de Gesti\u00f3n Normativa y Doctrina<\/p>\n<p>Bogot\u00e1, D. C., agosto de 2015<\/p>\n<p>100208221-001119<\/p>\n<p><strong>Ref.: Radicado 100015683 del 26\/05\/2015<\/strong><\/p>\n<p>Tema: \u00a0 \u00a0 \u00a0 \u00a0 \u00a0 \u00a0 \u00a0 \u00a0 \u00a0Impuesto sobre la renta para la equidad &#8211; CREE<\/p>\n<p>Descriptores: \u00a0 \u00a0 Sujetos pasivos<\/p>\n<p style=\"text-align: justify;\">Fuentes Formales: Ley 1116 de 2006, art\u00edculo 1; Decreto 2623 de 2014, art\u00edculos 19 y 20, Decreto 2972 20 de diciembre de 2013, art\u00edculos 19, 20.<\/p>\n<p style=\"text-align: justify;\">De conformidad con el art\u00edculo 20 del Decreto 4048 de 2008, es funci\u00f3n de esta Subdirecci\u00f3n absolver las consultas escritas que se formulen sobre la interpretaci\u00f3n y aplicaci\u00f3n de las normas tributarias de car\u00e1cter nacional, aduaneras y cambiarias en lo de competencia de la Entidad, \u00e1mbito dentro del cual ser\u00e1 atendida su petici\u00f3n.<\/p>\n<p style=\"text-align: justify;\"><span style=\"color: #0000ff;\">Consulta en el escrito de la referencia, si una sociedad por acciones simplificada, en reorganizaci\u00f3n, que se acogi\u00f3 a la Ley 1116 de 2006 en el a\u00f1o 2014 por encontrarse en esa condici\u00f3n se encuentra exonerada del pago del impuesto sobre la renta para la equidad \u2013 CREE.<\/span><\/p>\n<p style=\"text-align: justify;\">La anterior inquietud se plantea teniendo en cuenta el Oficio 773121 de 2 de diciembre de 2013, del cual se solicita informar si se encuentra vigente.<\/p>\n<p style=\"text-align: justify;\">Sobre el particular se considera:<\/p>\n<p style=\"text-align: justify;\">En primer lugar se precisa, que el n\u00famero correcto del Oficio al cual se refiere el consultante es el 077312, emitido por este Despacho el d\u00eda 2 de diciembre de 2013, el cual fue modificado por la Direcci\u00f3n de Gesti\u00f3n Jur\u00eddica a trav\u00e9s del Oficio 023001 de 9 de abril de 2014, en los siguientes t\u00e9rminos:<\/p>\n<p style=\"text-align: justify;\">\u201c\u2026 El Decreto 2701 de noviembre 22 de 2013, mediante el cual se reglament\u00f3 lo dispuesto en los art\u00edculos 20, 21, 22, y 23 de la Ley 1607 de 2012, dispuso en sus art\u00edculos 1\u00b0 y 2 \u00b0, lo siguiente :<\/p>\n<p style=\"text-align: justify;\"><span style=\"color: #ff9900;\"><strong><em>\u201cArt\u00edculo 1\u00b0. Hecho generador.<\/em><\/strong><em> El hecho generador del Impuesto sobre la Renta para la Equidad (CREE) es la obtenci\u00f3n de ingresos susceptibles de incrementar el patrimonio de los sujetos pasivos en el a\u00f1o o per\u00edodo gravable conforme lo dispuesto en el art\u00edculo 21 de la Ley 1607 de 2012.<\/em><\/span><\/p>\n<p style=\"text-align: justify;\"><span style=\"color: #ff9900;\"><strong><em>Art\u00edculo 2\u00b0. Sujetos pasivos<\/em><\/strong><em>. Son sujetos pasivos del Impuesto sobre la Renta para la Equidad (CREE) las sociedades y personas jur\u00eddicas y asimiladas contribuyentes declarantes del impuesto sobre la renta, as\u00ed como las sociedades y entidades extranjeras contribuyentes declarantes del impuesto sobre la renta por sus ingresos de fuente nacional obtenidos mediante sucursales y establecimientos permanentes.<\/em><\/span><\/p>\n<p style=\"text-align: justify;\"><span style=\"color: #ff9900;\"><em>No son sujetos pasivos del Impuesto sobre la Renta para la Equidad (CREE):<\/em><\/span><\/p>\n<ol style=\"text-align: justify;\">\n<li><em>Las entidades sin \u00e1nimo de lucro. <\/em><\/li>\n<li><em>Las sociedades declaradas como zonas francas al 31 de diciembre de 2012 o aquellas que hubieren radicado la respectiva solicitud ante el Comit\u00e9 Intersectorial de Zonas Francas a 31 de diciembre de 2012. <\/em><\/li>\n<li><em>Las personas jur\u00eddicas que sean usuarios de Zona Franca y que se encuentren sujetas a la tarifa especial del Impuesto sobre la Renta y Complementarios del quince por ciento (15%) establecida en el inciso 1<\/em><em> del art\u00edculo 240-1 del Estatuto Tributario.<\/em><\/li>\n<li><em>Quienes no hayan sido previstos en la ley como sujetos pasivos del impuesto\u201d. <\/em><\/li>\n<\/ol>\n<p style=\"text-align: justify;\">As\u00ed mismo, los art\u00edculos 19 y 20 del Decreto 2972 de 20 de diciembre de 2013, establecen:<\/p>\n<p style=\"text-align: justify;\"><em>\u201c<strong>Art\u00edculo 19. Contribuyentes obligados a presentar declaraci\u00f3n del impuesto sobre la renta para la equidad (CREE).<\/strong> Est\u00e1n obligados a presentar declaraci\u00f3n del impuesto sobre la renta para la equidad (CREE) por el a\u00f1o gravable 2013, los contribuyentes sometidos a dicho impuesto:<\/em><\/p>\n<ol style=\"text-align: justify;\">\n<li><em>Las sociedades y personas jur\u00eddicas y asimiladas contribuyentes declarantes del impuesto sobre la renta y complementarios.<\/em><\/li>\n<li><em>Las sociedades y entidades extranjeras contribuyentes declarantes del impuesto sobre la renta por sus ingresos de fuente nacional obtenidos mediante sucursales y establecimientos permanentes.<\/em><\/li>\n<\/ol>\n<p style=\"text-align: justify;\"><strong><em>Art\u00edculo 20. Declaraci\u00f3n del Impuesto sobre la Renta para la Equidad (CREE).<\/em><\/strong><em> Por el a\u00f1o gravable 2013 deber\u00e1n presentar la declaraci\u00f3n del impuesto sobre la renta para la equidad (CREE), los sujetos pasivos del impuesto, se\u00f1alados en el art\u00edculo anterior, para lo cual deber\u00e1n utilizar el formulario prescrito por la Unidad Administrativa Especial Direcci\u00f3n de Impuestos y Aduanas Nacionales (DIAN) y presentarla dentro de los plazos previstos en el art\u00edculo siguiente.<\/em><\/p>\n<p style=\"text-align: justify;\"><em>Par\u00e1grafo.<span style=\"color: #ff9900;\"> Se entender\u00e1n como no presentadas las declaraciones, que se presenten sin pago total dentro del plazo para declarar.<\/span> Las declaraciones que se hayan presentado sin pago total antes del vencimiento para declarar, producir\u00e1n efectos legales, siempre y cuando el pago del impuesto se efect\u00fae o se haya efectuado dentro del plazo fijado para ello en el ordenamiento jur\u00eddico\u201d.<\/em><\/p>\n<p style=\"text-align: justify;\"><span style=\"text-decoration: underline;\"><span style=\"color: #ff9900; text-decoration: underline;\"><strong>En raz\u00f3n a lo anterior, se observa que las sociedades en liquidaci\u00f3n judicial de que trata la Ley 1116 de 2006, no est\u00e1n excluidas como sujetos pasivos del Impuesto sobre la Renta para la Equidad (CREE)<\/strong><\/span><\/span>, circunstancia que obliga a este tipo de sociedades a cumplir la obligaci\u00f3n formal de presentar la declaraci\u00f3n anual del Impuesto sobre la Renta para la Equidad (CREE) dentro de los plazos establecidos mediante el art\u00edculo 3\u00b0 del Decreto Reglamentario 214 de febrero 10 de 2014, para lo cual deber\u00e1 efectuar la <strong>depuraci\u00f3n prevista en el art\u00edculo 3\u00b0 del Decreto 2701 de 2013, <\/strong>que a la letra reza :<\/p>\n<p style=\"text-align: justify;\"><em>\u201cDe la totalidad de los ingresos brutos realizados en el a\u00f1o o periodo gravable, susceptibles de incrementar el patrimonio, sin incluir las ganancias ocasionales, se restar\u00e1n \u00fanicamente: <\/em><\/p>\n<ol style=\"text-align: justify;\">\n<li><em>Las devoluciones, rebajas y descuentos. <\/em><\/li>\n<li><em>Los ingresos no constitutivos de renta previstos en el art\u00edculo 22 de la Ley 1607 de 2012 que en el a\u00f1o gravable correspondan a ingresos no constitutivos de renta ni ganancia ocasional.<\/em><\/li>\n<li><em>Los costos aceptables para la determinaci\u00f3n del Impuesto sobre la Renta y Complementarios de conformidad con el Cap\u00edtulo II del T\u00edtulo 1 del Libro Primero del Estatuto Tributario. <\/em><\/li>\n<li><em>&lt;Numeral modificado por el art\u00edculo 6\u00b0 del Decreto 3048 de 2013. El nuevo texto es el siguiente:&gt; Las deducciones de los art\u00edculos 107 a 117, 120 a 124, 126-1, 127-1, 145, 146, 148, 149, 159, 171 174 y 176 del Estatuto Tributario, siempre que cumplan con los requisitos de los art\u00edculos 107 y 108 del Estatuto Tributario, as\u00ed como las correspondientes a la depreciaci\u00f3n y amortizaci\u00f3n de inversiones previstas en los art\u00edculos 127, 128 a 131-1 y 134 a 144 del Estatuto Tributario.<\/em><\/li>\n<\/ol>\n<p style=\"text-align: justify;\"><em>Estas deducciones se aplicar\u00e1n con las limitaciones y restricciones de los art\u00edculos 118, 124-1, 124-2, 151 a 155 y 177 a 177-2 del Estatuto Tributario.<\/em><\/p>\n<ol style=\"text-align: justify;\" start=\"5\">\n<li><em>Las rentas exentas de que trata la Decisi\u00f3n 578 de la Comunidad Andina de Naciones que contiene el r\u00e9gimen para evitar la doble tributaci\u00f3n y prevenir la evasi\u00f3n fiscal, el art\u00edculo 4 del Decreto 841 de 1998, el art\u00edculo 135 de la Ley 100 de 1993, los art\u00edculos 16 y 56 de la Ley 546 de 1999 y las exenciones contempladas en el numeral 9 del art\u00edculo 207-2 del Estatuto Tributario por los a\u00f1os 2013 a 2017. <\/em><\/li>\n<\/ol>\n<p style=\"text-align: justify;\"><em>Par\u00e1grafo 1\u00b0. La base gravable determinada en el presente art\u00edculo incluir\u00e1 la renta l\u00edquida por recuperaci\u00f3n de deducciones. <\/em><\/p>\n<p style=\"text-align: justify;\"><em>Par\u00e1grafo 2\u00b0. En todo caso, la base gravable del Impuesto sobre la Renta para la Equidad (CREE), no podr\u00e1 ser inferior al 3% del patrimonio l\u00edquido del contribuyente en el \u00faltimo d\u00eda del a\u00f1o gravable inmediatamente anterior determinado conforme a los art\u00edculos 189 y 193 del Estatuto Tributario. Esta base ser\u00e1 aplicada por la totalidad de los contribuyentes del Impuesto sobre la Renta para la Equidad (CREE)\u201d. <\/em><\/p>\n<p style=\"text-align: justify;\"><span style=\"color: #ff9900;\">En consecuencia, en relaci\u00f3n con los Oficios n\u00famero 079817 de diciembre 12 de 2013 y 077312 de diciembre 2 de 2013, se modifica parte de su contenido en cuanto a que las sociedades en proceso de liquidaci\u00f3n judicial, al no estar excluidas de manera expresa como sujetos pasivos del CREE por la Ley 1607 de 2013, los Decretos 1828 de 2013, 2701 de 2013 y 2972 de 2013, deber\u00e1n presentar la declaraci\u00f3n anual del Impuesto sobre la Renta para la Equidad (CREE), por el correspondiente per\u00edodo gravable o por la fracci\u00f3n de a\u00f1o de conformidad con los literales b) y c) del art\u00edculo 595 del Estatuto Tributario.<\/span><\/p>\n<p style=\"text-align: justify;\"><span style=\"color: #ff9900;\">As\u00ed mismo, respecto a los Oficios n\u00famero 079817 de diciembre 12 de 2013 y 077312 de diciembre 2 de 2013, en donde se precisa que a partir del momento en que las sociedades entran en el proceso de liquidaci\u00f3n judicial de la Ley 1116 de 2006, no podr\u00e1n realizar operaciones en desarrollo de su objeto social y su capacidad jur\u00eddica \u00fanicamente se conserva para los actos necesarios a la inmediata liquidaci\u00f3n, no proceder\u00e1 la pr\u00e1ctica de la autorretenci\u00f3n del Impuesto sobre la Renta para la Equidad (CREE), se aclara que en el caso de que por alguna raz\u00f3n extraordinaria dentro del proceso de liquidaci\u00f3n judicial, se llegare a obtener alg\u00fan ingreso susceptible de incrementar el patrimonio, el liquidador de la sociedad deber\u00e1 cumplir con la obligaci\u00f3n de autorretenedor del CREE.<\/span><\/p>\n<p style=\"text-align: justify;\">En los anteriores t\u00e9rminos, se modifican y aclaran en lo pertinente, los Oficios n\u00famero 079817 de diciembre 12 de 2013 y 077312 de diciembre 2 de 2013\u2026\u201d.<\/p>\n<p style=\"text-align: justify;\">A una sociedad por acciones simplificada, que se encuentre en el proceso de reorganizaci\u00f3n previsto en la Ley 1116 de 2006, le es aplicable la doctrina previamente transcrita, teniendo en cuenta adicionalmente lo preceptuado por el art\u00edculo 1\u00ba de la Ley 1116 de 2006, por la cual se establece el R\u00e9gimen de Insolvencia Empresarial, que se\u00f1ala:<\/p>\n<p style=\"text-align: justify;\"><em>\u201c<strong>Art\u00edculo 1\u00b0. Finalidad del r\u00e9gimen de insolvencia.<\/strong><\/em> El r\u00e9gimen judicial de insolvencia regulado en la presente ley, tiene por objeto la protecci\u00f3n del cr\u00e9dito y la recuperaci\u00f3n y conservaci\u00f3n de la empresa como unidad de explotaci\u00f3n econ\u00f3mica y fuente generadora de empleo, a trav\u00e9s de los procesos de reorganizaci\u00f3n y de liquidaci\u00f3n judicial, siempre bajo el criterio de agregaci\u00f3n de valor.<\/p>\n<p style=\"text-align: justify;\">El proceso de reorganizaci\u00f3n pretende a trav\u00e9s de un acuerdo, preservar empresas viables y normalizar sus relaciones comerciales y crediticias, mediante su reestructuraci\u00f3n operacional, administrativa, de activos o pasivos\u2026<\/p>\n<p style=\"text-align: justify;\">El r\u00e9gimen de insolvencia, adem\u00e1s, propicia y protege la buena fe en las relaciones comerciales y patrimoniales en general y sanciona las conductas que le sean contrarias\u201d.<\/p>\n<p style=\"text-align: justify;\">Finalmente, de manera atenta le informamos, que los art\u00edculos 19 y 20 del Decreto 2623 de 2014 establecen los obligados a presentar declaraci\u00f3n del Impuesto sobre la Renta para la Equidad (CREE) por el a\u00f1o gravable 2014, y quienes deben presentar la declaraci\u00f3n del mismo impuesto, de la siguiente manera:<\/p>\n<p style=\"text-align: justify;\">Art\u00edculo 19. <em>Contribuyentes Obligados a Presentar Declaraci\u00f3n del Impuesto sobre la Renta para la Equidad <\/em>(CREE). Est\u00e1n obligados a presentar declaraci\u00f3n del Impuesto sobre la Renta para la Equidad (CREE) por el a\u00f1o gravable 2014, los contribuyentes sometidos a dicho impuesto:<\/p>\n<ol style=\"text-align: justify;\">\n<li>Las sociedades y personas jur\u00eddicas y asimiladas contribuyentes declarantes del impuesto sobre la renta y complementarios.<\/li>\n<li>Las sociedades y entidades extranjeras contribuyentes declarantes del impuesto sobre la renta por sus ingresos de fuente nacional obtenidos mediante sucursales y establecimientos permanentes.<\/li>\n<\/ol>\n<p style=\"text-align: justify;\">Art\u00edculo 20. <em>Declaraci\u00f3n del Impuesto sobre la Renta para la Equidad (CREE)<\/em>. Por el a\u00f1o gravable 2014 deber\u00e1n presentar la declaraci\u00f3n del Impuesto sobre la Renta para la Equidad (CREE), los sujetos pasivos del impuesto se\u00f1alados en el art\u00edculo anterior, para lo cual deber\u00e1n utilizar el formulario prescrito por la Unidad Administrativa Especial Direcci\u00f3n de Impuestos y Aduanas Nacionales (DIAN) y presentarla dentro de los plazos previstos en el art\u00edculo siguiente.<\/p>\n<p style=\"text-align: justify;\">Par\u00e1grafo. Se entender\u00e1n como no presentadas las declaraciones que se presenten sin pago total dentro del plazo para declarar. Las declaraciones que se hayan presentado sin pago total antes del vencimiento para declarar, producir\u00e1n efectos legales, siempre y cuando el pago del impuesto se efect\u00fae o se haya efectuado dentro del plazo fijado para ello en el ordenamiento jur\u00eddico\u201d.<\/p>\n<p style=\"text-align: justify;\">En los anteriores t\u00e9rminos se absuelve su consulta y cordialmente le informamos que tanto la normatividad en materia tributaria, aduanera y cambiaria, como los conceptos emitidos por la Direcci\u00f3n de Gesti\u00f3n Jur\u00eddica en estos temas pueden consultarse directamente en nuestras bases de datos jur\u00eddicas ingresando a la p\u00e1gina electr\u00f3nica de la DIAN: http:\/\/www.dian.gov. co siguiendo el \u00edcono de \u201cNormatividad\u201d &#8211; \u201cT\u00e9cnica\u201d, y seleccionando los v\u00ednculos \u201cDoctrina\u201d y \u201cDirecci\u00f3n de Gesti\u00f3n Jur\u00eddica\u201d.<\/p>\n<p style=\"text-align: justify;\">Atentamente,<\/p>\n<p style=\"text-align: justify;\">El Subdirector de Gesti\u00f3n Normativa y Doctrina,<\/p>\n<p style=\"text-align: justify;\"><em>Pedro Pablo Contreras Camargo. <\/em><strong>(C. F.).<\/strong><\/p>\n","protected":false},"excerpt":{"rendered":"<p> Las sociedades en liquidaci\u00f3n judicial de que trata la Ley 1116 de 2006, no est\u00e1n excluidas como sujetos pasivos del Impuesto sobre la Renta para la Equidad (CREE), circunstancia que obliga a este tipo de sociedades a cumplir la obligaci\u00f3n formal de presentar la declaraci\u00f3n anual del Impuesto sobre la Renta para la Equidad (CREE)<\/p>\n","protected":false},"author":1,"featured_media":6198,"comment_status":"open","ping_status":"open","sticky":false,"template":"","format":"standard","meta":{"_monsterinsights_skip_tracking":false,"ngg_post_thumbnail":0,"footnotes":"","_links_to":"","_links_to_target":""},"categories":[456,454],"tags":[],"class_list":["post-6146","post","type-post","status-publish","format-standard","has-post-thumbnail","hentry","category-conceptos-y-oficios-dian","category-sin-categoria"],"aioseo_notices":[],"aioseo_head":"\n\t\t<!-- All in One SEO 5.0.1.1 - aioseo.com -->\n\t<meta name=\"description\" content=\"Las sociedades en liquidaci\u00f3n judicial de que trata la Ley 1116 de 2006, no est\u00e1n excluidas como sujetos pasivos del Impuesto sobre la Renta para la Equidad (CREE), circunstancia que obliga a este tipo de sociedades a cumplir la obligaci\u00f3n formal de presentar la declaraci\u00f3n anual del Impuesto sobre la Renta para la Equidad (CREE)\" \/>\n\t<meta name=\"robots\" content=\"max-image-preview:large\" \/>\n\t<meta name=\"author\" content=\"Miguel Antonio M\u00e1rquez Monta\u00f1ez\"\/>\n\t<link rel=\"canonical\" href=\"https:\/\/contadoreshoy.com\/?p=6146\" \/>\n\t<meta name=\"generator\" content=\"All in One SEO (AIOSEO) 5.0.1.1\" \/>\n\t\t<meta property=\"og:locale\" content=\"es_ES\" \/>\n\t\t<meta property=\"og:site_name\" content=\"Contadores P\u00fablicos - Portal para Contadores P\u00fablicos y empresarios\" \/>\n\t\t<meta property=\"og:type\" content=\"article\" \/>\n\t\t<meta property=\"og:title\" content=\"Impuesto CREE sociedades en reorganizaci\u00f3n - Contadores P\u00fablicos\" \/>\n\t\t<meta property=\"og:description\" content=\"Las sociedades en liquidaci\u00f3n judicial de que trata la Ley 1116 de 2006, no est\u00e1n excluidas como sujetos pasivos del Impuesto sobre la Renta para la Equidad (CREE), circunstancia que obliga a este tipo de sociedades a cumplir la obligaci\u00f3n formal de presentar la declaraci\u00f3n anual del Impuesto sobre la Renta para la Equidad (CREE)\" \/>\n\t\t<meta property=\"og:url\" content=\"https:\/\/contadoreshoy.com\/?p=6146\" \/>\n\t\t<meta property=\"og:image\" content=\"https:\/\/contadoreshoy.com\/wp-content\/uploads\/2024\/01\/cropped-cropped-cropped-Copia-de-M.jpg\" \/>\n\t\t<meta property=\"og:image:secure_url\" content=\"https:\/\/contadoreshoy.com\/wp-content\/uploads\/2024\/01\/cropped-cropped-cropped-Copia-de-M.jpg\" \/>\n\t\t<meta property=\"og:image:width\" content=\"512\" \/>\n\t\t<meta property=\"og:image:height\" content=\"371\" \/>\n\t\t<meta property=\"article:published_time\" content=\"2015-10-13T04:32:13+00:00\" \/>\n\t\t<meta property=\"article:modified_time\" content=\"2017-02-05T03:00:25+00:00\" \/>\n\t\t<meta name=\"twitter:card\" content=\"summary_large_image\" \/>\n\t\t<meta name=\"twitter:title\" content=\"Impuesto CREE sociedades en reorganizaci\u00f3n - Contadores P\u00fablicos\" \/>\n\t\t<meta name=\"twitter:description\" content=\"Las sociedades en liquidaci\u00f3n judicial de que trata la Ley 1116 de 2006, no est\u00e1n excluidas como sujetos pasivos del Impuesto sobre la Renta para la Equidad (CREE), circunstancia que obliga a este tipo de sociedades a cumplir la obligaci\u00f3n formal de presentar la declaraci\u00f3n anual del Impuesto sobre la Renta para la Equidad (CREE)\" \/>\n\t\t<meta name=\"twitter:image\" content=\"https:\/\/contadoreshoy.com\/wp-content\/uploads\/2024\/01\/cropped-cropped-cropped-Copia-de-M.jpg\" \/>\n\t\t<script type=\"application\/ld+json\" class=\"aioseo-schema\">\n\t\t\t{\"@context\":\"https:\\\/\\\/schema.org\",\"@graph\":[{\"@type\":\"BlogPosting\",\"@id\":\"https:\\\/\\\/contadoreshoy.com\\\/?p=6146#blogposting\",\"name\":\"Impuesto CREE sociedades en reorganizaci\\u00f3n - Contadores P\\u00fablicos\",\"headline\":\"Impuesto CREE sociedades en reorganizaci\\u00f3n\",\"author\":{\"@id\":\"https:\\\/\\\/contadoreshoy.com\\\/?author=1#author\"},\"publisher\":{\"@id\":\"https:\\\/\\\/contadoreshoy.com\\\/#organization\"},\"image\":{\"@type\":\"ImageObject\",\"url\":\"https:\\\/\\\/contadoreshoy.com\\\/wp-content\\\/uploads\\\/2015\\\/10\\\/Reorganizaci\\u00f3n.jpg\",\"width\":600,\"height\":400},\"datePublished\":\"2015-10-12T23:32:13-05:00\",\"dateModified\":\"2017-02-04T22:00:25-05:00\",\"inLanguage\":\"es-ES\",\"mainEntityOfPage\":{\"@id\":\"https:\\\/\\\/contadoreshoy.com\\\/?p=6146#webpage\"},\"isPartOf\":{\"@id\":\"https:\\\/\\\/contadoreshoy.com\\\/?p=6146#webpage\"},\"articleSection\":\"Conceptos y Oficios DIAN, Sin categor\\u00eda\"},{\"@type\":\"BreadcrumbList\",\"@id\":\"https:\\\/\\\/contadoreshoy.com\\\/?p=6146#breadcrumblist\",\"itemListElement\":[{\"@type\":\"ListItem\",\"@id\":\"https:\\\/\\\/contadoreshoy.com#listItem\",\"position\":1,\"name\":\"Home\",\"item\":\"https:\\\/\\\/contadoreshoy.com\",\"nextItem\":{\"@type\":\"ListItem\",\"@id\":\"https:\\\/\\\/contadoreshoy.com\\\/?cat=454#listItem\",\"name\":\"Sin categor\\u00eda\"}},{\"@type\":\"ListItem\",\"@id\":\"https:\\\/\\\/contadoreshoy.com\\\/?cat=454#listItem\",\"position\":2,\"name\":\"Sin categor\\u00eda\",\"item\":\"https:\\\/\\\/contadoreshoy.com\\\/?cat=454\",\"nextItem\":{\"@type\":\"ListItem\",\"@id\":\"https:\\\/\\\/contadoreshoy.com\\\/?p=6146#listItem\",\"name\":\"Impuesto CREE sociedades en reorganizaci\\u00f3n\"},\"previousItem\":{\"@type\":\"ListItem\",\"@id\":\"https:\\\/\\\/contadoreshoy.com#listItem\",\"name\":\"Home\"}},{\"@type\":\"ListItem\",\"@id\":\"https:\\\/\\\/contadoreshoy.com\\\/?p=6146#listItem\",\"position\":3,\"name\":\"Impuesto CREE sociedades en reorganizaci\\u00f3n\",\"previousItem\":{\"@type\":\"ListItem\",\"@id\":\"https:\\\/\\\/contadoreshoy.com\\\/?cat=454#listItem\",\"name\":\"Sin categor\\u00eda\"}}]},{\"@type\":\"Organization\",\"@id\":\"https:\\\/\\\/contadoreshoy.com\\\/#organization\",\"name\":\"Contadores P\\u00fablicos\",\"description\":\"Portal para Contadores P\\u00fablicos y empresarios\",\"url\":\"https:\\\/\\\/contadoreshoy.com\\\/\",\"logo\":{\"@type\":\"ImageObject\",\"url\":\"https:\\\/\\\/contadoreshoy.com\\\/wp-content\\\/uploads\\\/2024\\\/01\\\/cropped-cropped-Copia-de-M-1.jpg\",\"@id\":\"https:\\\/\\\/contadoreshoy.com\\\/?p=6146\\\/#organizationLogo\",\"width\":499,\"height\":500},\"image\":{\"@id\":\"https:\\\/\\\/contadoreshoy.com\\\/?p=6146\\\/#organizationLogo\"}},{\"@type\":\"Person\",\"@id\":\"https:\\\/\\\/contadoreshoy.com\\\/?author=1#author\",\"url\":\"https:\\\/\\\/contadoreshoy.com\\\/?author=1\",\"name\":\"Miguel Antonio M\\u00e1rquez Monta\\u00f1ez\"},{\"@type\":\"WebPage\",\"@id\":\"https:\\\/\\\/contadoreshoy.com\\\/?p=6146#webpage\",\"url\":\"https:\\\/\\\/contadoreshoy.com\\\/?p=6146\",\"name\":\"Impuesto CREE sociedades en reorganizaci\\u00f3n - Contadores P\\u00fablicos\",\"description\":\"Las sociedades en liquidaci\\u00f3n judicial de que trata la Ley 1116 de 2006, no est\\u00e1n excluidas como sujetos pasivos del Impuesto sobre la Renta para la Equidad (CREE), circunstancia que obliga a este tipo de sociedades a cumplir la obligaci\\u00f3n formal de presentar la declaraci\\u00f3n anual del Impuesto sobre la Renta para la Equidad (CREE)\",\"inLanguage\":\"es-ES\",\"isPartOf\":{\"@id\":\"https:\\\/\\\/contadoreshoy.com\\\/#website\"},\"breadcrumb\":{\"@id\":\"https:\\\/\\\/contadoreshoy.com\\\/?p=6146#breadcrumblist\"},\"author\":{\"@id\":\"https:\\\/\\\/contadoreshoy.com\\\/?author=1#author\"},\"creator\":{\"@id\":\"https:\\\/\\\/contadoreshoy.com\\\/?author=1#author\"},\"image\":{\"@type\":\"ImageObject\",\"url\":\"https:\\\/\\\/contadoreshoy.com\\\/wp-content\\\/uploads\\\/2015\\\/10\\\/Reorganizaci\\u00f3n.jpg\",\"@id\":\"https:\\\/\\\/contadoreshoy.com\\\/?p=6146\\\/#mainImage\",\"width\":600,\"height\":400},\"primaryImageOfPage\":{\"@id\":\"https:\\\/\\\/contadoreshoy.com\\\/?p=6146#mainImage\"},\"datePublished\":\"2015-10-12T23:32:13-05:00\",\"dateModified\":\"2017-02-04T22:00:25-05:00\"},{\"@type\":\"WebSite\",\"@id\":\"https:\\\/\\\/contadoreshoy.com\\\/#website\",\"url\":\"https:\\\/\\\/contadoreshoy.com\\\/\",\"name\":\"Contadores P\\u00fablicos\",\"description\":\"Portal para Contadores P\\u00fablicos y empresarios\",\"inLanguage\":\"es-ES\",\"publisher\":{\"@id\":\"https:\\\/\\\/contadoreshoy.com\\\/#organization\"}}]}\n\t\t<\/script>\n\t\t<!-- All in One SEO -->\n\n","aioseo_head_json":{"title":"Impuesto CREE sociedades en reorganizaci\u00f3n - Contadores P\u00fablicos","description":"Las sociedades en liquidaci\u00f3n judicial de que trata la Ley 1116 de 2006, no est\u00e1n excluidas como sujetos pasivos del Impuesto sobre la Renta para la Equidad (CREE), circunstancia que obliga a este tipo de sociedades a cumplir la obligaci\u00f3n formal de presentar la declaraci\u00f3n anual del Impuesto sobre la Renta para la Equidad (CREE)","canonical_url":"https:\/\/contadoreshoy.com\/?p=6146","robots":"max-image-preview:large","keywords":"","webmasterTools":{"miscellaneous":""},"schema":{"@context":"https:\/\/schema.org","@graph":[{"@type":"BlogPosting","@id":"https:\/\/contadoreshoy.com\/?p=6146#blogposting","name":"Impuesto CREE sociedades en reorganizaci\u00f3n - Contadores P\u00fablicos","headline":"Impuesto CREE sociedades en reorganizaci\u00f3n","author":{"@id":"https:\/\/contadoreshoy.com\/?author=1#author"},"publisher":{"@id":"https:\/\/contadoreshoy.com\/#organization"},"image":{"@type":"ImageObject","url":"https:\/\/contadoreshoy.com\/wp-content\/uploads\/2015\/10\/Reorganizaci\u00f3n.jpg","width":600,"height":400},"datePublished":"2015-10-12T23:32:13-05:00","dateModified":"2017-02-04T22:00:25-05:00","inLanguage":"es-ES","mainEntityOfPage":{"@id":"https:\/\/contadoreshoy.com\/?p=6146#webpage"},"isPartOf":{"@id":"https:\/\/contadoreshoy.com\/?p=6146#webpage"},"articleSection":"Conceptos y Oficios DIAN, Sin categor\u00eda"},{"@type":"BreadcrumbList","@id":"https:\/\/contadoreshoy.com\/?p=6146#breadcrumblist","itemListElement":[{"@type":"ListItem","@id":"https:\/\/contadoreshoy.com#listItem","position":1,"name":"Home","item":"https:\/\/contadoreshoy.com","nextItem":{"@type":"ListItem","@id":"https:\/\/contadoreshoy.com\/?cat=454#listItem","name":"Sin categor\u00eda"}},{"@type":"ListItem","@id":"https:\/\/contadoreshoy.com\/?cat=454#listItem","position":2,"name":"Sin categor\u00eda","item":"https:\/\/contadoreshoy.com\/?cat=454","nextItem":{"@type":"ListItem","@id":"https:\/\/contadoreshoy.com\/?p=6146#listItem","name":"Impuesto CREE sociedades en reorganizaci\u00f3n"},"previousItem":{"@type":"ListItem","@id":"https:\/\/contadoreshoy.com#listItem","name":"Home"}},{"@type":"ListItem","@id":"https:\/\/contadoreshoy.com\/?p=6146#listItem","position":3,"name":"Impuesto CREE sociedades en reorganizaci\u00f3n","previousItem":{"@type":"ListItem","@id":"https:\/\/contadoreshoy.com\/?cat=454#listItem","name":"Sin categor\u00eda"}}]},{"@type":"Organization","@id":"https:\/\/contadoreshoy.com\/#organization","name":"Contadores P\u00fablicos","description":"Portal para Contadores P\u00fablicos y empresarios","url":"https:\/\/contadoreshoy.com\/","logo":{"@type":"ImageObject","url":"https:\/\/contadoreshoy.com\/wp-content\/uploads\/2024\/01\/cropped-cropped-Copia-de-M-1.jpg","@id":"https:\/\/contadoreshoy.com\/?p=6146\/#organizationLogo","width":499,"height":500},"image":{"@id":"https:\/\/contadoreshoy.com\/?p=6146\/#organizationLogo"}},{"@type":"Person","@id":"https:\/\/contadoreshoy.com\/?author=1#author","url":"https:\/\/contadoreshoy.com\/?author=1","name":"Miguel Antonio M\u00e1rquez Monta\u00f1ez"},{"@type":"WebPage","@id":"https:\/\/contadoreshoy.com\/?p=6146#webpage","url":"https:\/\/contadoreshoy.com\/?p=6146","name":"Impuesto CREE sociedades en reorganizaci\u00f3n - Contadores P\u00fablicos","description":"Las sociedades en liquidaci\u00f3n judicial de que trata la Ley 1116 de 2006, no est\u00e1n excluidas como sujetos pasivos del Impuesto sobre la Renta para la Equidad (CREE), circunstancia que obliga a este tipo de sociedades a cumplir la obligaci\u00f3n formal de presentar la declaraci\u00f3n anual del Impuesto sobre la Renta para la Equidad (CREE)","inLanguage":"es-ES","isPartOf":{"@id":"https:\/\/contadoreshoy.com\/#website"},"breadcrumb":{"@id":"https:\/\/contadoreshoy.com\/?p=6146#breadcrumblist"},"author":{"@id":"https:\/\/contadoreshoy.com\/?author=1#author"},"creator":{"@id":"https:\/\/contadoreshoy.com\/?author=1#author"},"image":{"@type":"ImageObject","url":"https:\/\/contadoreshoy.com\/wp-content\/uploads\/2015\/10\/Reorganizaci\u00f3n.jpg","@id":"https:\/\/contadoreshoy.com\/?p=6146\/#mainImage","width":600,"height":400},"primaryImageOfPage":{"@id":"https:\/\/contadoreshoy.com\/?p=6146#mainImage"},"datePublished":"2015-10-12T23:32:13-05:00","dateModified":"2017-02-04T22:00:25-05:00"},{"@type":"WebSite","@id":"https:\/\/contadoreshoy.com\/#website","url":"https:\/\/contadoreshoy.com\/","name":"Contadores P\u00fablicos","description":"Portal para Contadores P\u00fablicos y empresarios","inLanguage":"es-ES","publisher":{"@id":"https:\/\/contadoreshoy.com\/#organization"}}]},"og:locale":"es_ES","og:site_name":"Contadores P\u00fablicos - Portal para Contadores P\u00fablicos y empresarios","og:type":"article","og:title":"Impuesto CREE sociedades en reorganizaci\u00f3n - Contadores P\u00fablicos","og:description":"Las sociedades en liquidaci\u00f3n judicial de que trata la Ley 1116 de 2006, no est\u00e1n excluidas como sujetos pasivos del Impuesto sobre la Renta para la Equidad (CREE), circunstancia que obliga a este tipo de sociedades a cumplir la obligaci\u00f3n formal de presentar la declaraci\u00f3n anual del Impuesto sobre la Renta para la Equidad (CREE)","og:url":"https:\/\/contadoreshoy.com\/?p=6146","og:image":"https:\/\/contadoreshoy.com\/wp-content\/uploads\/2024\/01\/cropped-cropped-cropped-Copia-de-M.jpg","og:image:secure_url":"https:\/\/contadoreshoy.com\/wp-content\/uploads\/2024\/01\/cropped-cropped-cropped-Copia-de-M.jpg","og:image:width":512,"og:image:height":371,"article:published_time":"2015-10-13T04:32:13+00:00","article:modified_time":"2017-02-05T03:00:25+00:00","twitter:card":"summary_large_image","twitter:title":"Impuesto CREE sociedades en reorganizaci\u00f3n - Contadores P\u00fablicos","twitter:description":"Las sociedades en liquidaci\u00f3n judicial de que trata la Ley 1116 de 2006, no est\u00e1n excluidas como sujetos pasivos del Impuesto sobre la Renta para la Equidad (CREE), circunstancia que obliga a este tipo de sociedades a cumplir la obligaci\u00f3n formal de presentar la declaraci\u00f3n anual del Impuesto sobre la Renta para la Equidad (CREE)","twitter:image":"https:\/\/contadoreshoy.com\/wp-content\/uploads\/2024\/01\/cropped-cropped-cropped-Copia-de-M.jpg"},"aioseo_meta_data":{"post_id":"6146","title":null,"description":null,"keywords":null,"keyphrases":null,"primary_term":null,"canonical_url":null,"og_title":null,"og_description":null,"og_object_type":"default","og_image_type":"default","og_image_url":null,"og_image_width":null,"og_image_height":null,"og_image_custom_url":null,"og_image_custom_fields":null,"og_video":null,"og_custom_url":null,"og_article_section":null,"og_article_tags":null,"twitter_use_og":false,"twitter_card":"default","twitter_image_type":"default","twitter_image_url":null,"twitter_image_custom_url":null,"twitter_image_custom_fields":null,"twitter_title":null,"twitter_description":null,"schema":{"blockGraphs":[],"customGraphs":[],"default":{"data":{"Article":[],"Course":[],"Dataset":[],"FAQPage":[],"Movie":[],"Person":[],"Product":[],"ProductReview":[],"Car":[],"Recipe":[],"Service":[],"SoftwareApplication":[],"WebPage":[]},"graphName":"","isEnabled":true},"graphs":[]},"schema_type":"default","schema_type_options":null,"pillar_content":false,"robots_default":true,"robots_noindex":false,"robots_noarchive":false,"robots_nosnippet":false,"robots_nofollow":false,"robots_noimageindex":false,"robots_noodp":false,"robots_notranslate":false,"robots_max_snippet":null,"robots_max_videopreview":null,"robots_max_imagepreview":"large","priority":null,"frequency":null,"local_seo":null,"breadcrumb_settings":null,"limit_modified_date":false,"ai":null,"created":"2024-03-05 01:18:12","updated":"2026-03-03 04:39:41","seo_analyzer_scan_date":null,"focus_keyword":null,"additional_keywords":null,"truseo_locale":null},"aioseo_breadcrumb":"<div class=\"aioseo-breadcrumbs\"><span class=\"aioseo-breadcrumb\">\n\t\t\t<a href=\"https:\/\/contadoreshoy.com\" title=\"Home\">Home<\/a>\n\t\t<\/span><span class=\"aioseo-breadcrumb-separator\">&raquo;<\/span><span class=\"aioseo-breadcrumb\">\n\t\t\t<a href=\"https:\/\/contadoreshoy.com\/?cat=454\" title=\"Sin categor\u00eda\">Sin categor\u00eda<\/a>\n\t\t<\/span><span class=\"aioseo-breadcrumb-separator\">&raquo;<\/span><span class=\"aioseo-breadcrumb\">\n\t\t\tImpuesto CREE sociedades en reorganizaci\u00f3n\n\t\t<\/span><\/div>","aioseo_breadcrumb_json":[{"label":"Home","link":"https:\/\/contadoreshoy.com"},{"label":"Sin categor\u00eda","link":"https:\/\/contadoreshoy.com\/?cat=454"},{"label":"Impuesto CREE sociedades en reorganizaci\u00f3n","link":"https:\/\/contadoreshoy.com\/?p=6146"}],"yoast_head":"<!-- This site is optimized with the Yoast SEO plugin v28.4 - https:\/\/yoast.com\/product\/yoast-seo-wordpress\/ -->\n<title>Impuesto CREE sociedades en reorganizaci\u00f3n - Contadores P\u00fablicos<\/title>\n<meta name=\"robots\" content=\"index, follow, max-snippet:-1, max-image-preview:large, max-video-preview:-1\" \/>\n<link rel=\"canonical\" href=\"https:\/\/contadoreshoy.com\/?p=6146\" \/>\n<meta property=\"og:locale\" content=\"es_ES\" \/>\n<meta property=\"og:type\" content=\"article\" \/>\n<meta property=\"og:title\" content=\"Impuesto CREE sociedades en reorganizaci\u00f3n - Contadores P\u00fablicos\" \/>\n<meta property=\"og:description\" content=\"Las sociedades en liquidaci\u00f3n judicial de que trata la Ley 1116 de 2006, no est\u00e1n excluidas como sujetos pasivos del Impuesto sobre la Renta para la Equidad (CREE), circunstancia que obliga a este tipo de sociedades a cumplir la obligaci\u00f3n formal de presentar la declaraci\u00f3n anual del Impuesto sobre la Renta para la Equidad (CREE)\" \/>\n<meta property=\"og:url\" content=\"https:\/\/contadoreshoy.com\/?p=6146\" \/>\n<meta property=\"og:site_name\" content=\"Contadores P\u00fablicos\" \/>\n<meta property=\"article:publisher\" content=\"https:\/\/www.facebook.com\/CCCPBucaramanga\/\" \/>\n<meta property=\"article:published_time\" content=\"2015-10-13T04:32:13+00:00\" \/>\n<meta property=\"article:modified_time\" content=\"2017-02-05T03:00:25+00:00\" \/>\n<meta property=\"og:image\" content=\"https:\/\/contadoreshoy.com\/wp-content\/uploads\/2015\/10\/Reorganizaci\u00f3n.jpg\" \/>\n\t<meta property=\"og:image:width\" content=\"600\" \/>\n\t<meta property=\"og:image:height\" content=\"400\" \/>\n\t<meta property=\"og:image:type\" content=\"image\/jpeg\" \/>\n<meta name=\"author\" content=\"Miguel Antonio M\u00e1rquez Monta\u00f1ez\" \/>\n<meta name=\"twitter:card\" content=\"summary_large_image\" \/>\n<meta name=\"twitter:label1\" content=\"Escrito por\" \/>\n\t<meta name=\"twitter:data1\" content=\"Miguel Antonio M\u00e1rquez Monta\u00f1ez\" \/>\n\t<meta name=\"twitter:label2\" content=\"Tiempo de lectura\" \/>\n\t<meta name=\"twitter:data2\" content=\"10 minutos\" \/>\n<script type=\"application\/ld+json\" class=\"yoast-schema-graph\">{\"@context\":\"https:\\\/\\\/schema.org\",\"@graph\":[{\"@type\":\"Article\",\"@id\":\"https:\\\/\\\/contadoreshoy.com\\\/?p=6146#article\",\"isPartOf\":{\"@id\":\"https:\\\/\\\/contadoreshoy.com\\\/?p=6146\"},\"author\":{\"name\":\"Miguel Antonio M\u00e1rquez Monta\u00f1ez\",\"@id\":\"https:\\\/\\\/contadoreshoy.com\\\/#\\\/schema\\\/person\\\/96d8979cb865537c5dc9345e40089fc5\"},\"headline\":\"Impuesto CREE sociedades en reorganizaci\u00f3n\",\"datePublished\":\"2015-10-13T04:32:13+00:00\",\"dateModified\":\"2017-02-05T03:00:25+00:00\",\"mainEntityOfPage\":{\"@id\":\"https:\\\/\\\/contadoreshoy.com\\\/?p=6146\"},\"wordCount\":2002,\"commentCount\":0,\"publisher\":{\"@id\":\"https:\\\/\\\/contadoreshoy.com\\\/#organization\"},\"image\":{\"@id\":\"https:\\\/\\\/contadoreshoy.com\\\/?p=6146#primaryimage\"},\"thumbnailUrl\":\"https:\\\/\\\/contadoreshoy.com\\\/wp-content\\\/uploads\\\/2015\\\/10\\\/Reorganizaci\u00f3n.jpg\",\"articleSection\":[\"Conceptos y Oficios DIAN\"],\"inLanguage\":\"es\",\"potentialAction\":[{\"@type\":\"CommentAction\",\"name\":\"Comment\",\"target\":[\"https:\\\/\\\/contadoreshoy.com\\\/?p=6146#respond\"]}]},{\"@type\":\"WebPage\",\"@id\":\"https:\\\/\\\/contadoreshoy.com\\\/?p=6146\",\"url\":\"https:\\\/\\\/contadoreshoy.com\\\/?p=6146\",\"name\":\"Impuesto CREE sociedades en reorganizaci\u00f3n - Contadores P\u00fablicos\",\"isPartOf\":{\"@id\":\"https:\\\/\\\/contadoreshoy.com\\\/#website\"},\"primaryImageOfPage\":{\"@id\":\"https:\\\/\\\/contadoreshoy.com\\\/?p=6146#primaryimage\"},\"image\":{\"@id\":\"https:\\\/\\\/contadoreshoy.com\\\/?p=6146#primaryimage\"},\"thumbnailUrl\":\"https:\\\/\\\/contadoreshoy.com\\\/wp-content\\\/uploads\\\/2015\\\/10\\\/Reorganizaci\u00f3n.jpg\",\"datePublished\":\"2015-10-13T04:32:13+00:00\",\"dateModified\":\"2017-02-05T03:00:25+00:00\",\"breadcrumb\":{\"@id\":\"https:\\\/\\\/contadoreshoy.com\\\/?p=6146#breadcrumb\"},\"inLanguage\":\"es\",\"potentialAction\":[{\"@type\":\"ReadAction\",\"target\":[\"https:\\\/\\\/contadoreshoy.com\\\/?p=6146\"]}]},{\"@type\":\"ImageObject\",\"inLanguage\":\"es\",\"@id\":\"https:\\\/\\\/contadoreshoy.com\\\/?p=6146#primaryimage\",\"url\":\"https:\\\/\\\/contadoreshoy.com\\\/wp-content\\\/uploads\\\/2015\\\/10\\\/Reorganizaci\u00f3n.jpg\",\"contentUrl\":\"https:\\\/\\\/contadoreshoy.com\\\/wp-content\\\/uploads\\\/2015\\\/10\\\/Reorganizaci\u00f3n.jpg\",\"width\":600,\"height\":400},{\"@type\":\"BreadcrumbList\",\"@id\":\"https:\\\/\\\/contadoreshoy.com\\\/?p=6146#breadcrumb\",\"itemListElement\":[{\"@type\":\"ListItem\",\"position\":1,\"name\":\"Portada\",\"item\":\"https:\\\/\\\/contadoreshoy.com\\\/\"},{\"@type\":\"ListItem\",\"position\":2,\"name\":\"Impuesto CREE sociedades en reorganizaci\u00f3n\"}]},{\"@type\":\"WebSite\",\"@id\":\"https:\\\/\\\/contadoreshoy.com\\\/#website\",\"url\":\"https:\\\/\\\/contadoreshoy.com\\\/\",\"name\":\"Contadorespublicossantander\",\"description\":\"Portal para Contadores P\u00fablicos y empresarios\",\"publisher\":{\"@id\":\"https:\\\/\\\/contadoreshoy.com\\\/#organization\"},\"potentialAction\":[{\"@type\":\"SearchAction\",\"target\":{\"@type\":\"EntryPoint\",\"urlTemplate\":\"https:\\\/\\\/contadoreshoy.com\\\/?s={search_term_string}\"},\"query-input\":{\"@type\":\"PropertyValueSpecification\",\"valueRequired\":true,\"valueName\":\"search_term_string\"}}],\"inLanguage\":\"es\"},{\"@type\":\"Organization\",\"@id\":\"https:\\\/\\\/contadoreshoy.com\\\/#organization\",\"name\":\"Contadores P\u00fablicos de Santander\",\"url\":\"https:\\\/\\\/contadoreshoy.com\\\/\",\"logo\":{\"@type\":\"ImageObject\",\"inLanguage\":\"es\",\"@id\":\"https:\\\/\\\/contadoreshoy.com\\\/#\\\/schema\\\/logo\\\/image\\\/\",\"url\":\"https:\\\/\\\/contadoreshoy.com\\\/wp-content\\\/uploads\\\/2024\\\/01\\\/cropped-cropped-Copia-de-M-1.jpg\",\"contentUrl\":\"https:\\\/\\\/contadoreshoy.com\\\/wp-content\\\/uploads\\\/2024\\\/01\\\/cropped-cropped-Copia-de-M-1.jpg\",\"width\":499,\"height\":500,\"caption\":\"Contadores P\u00fablicos de Santander\"},\"image\":{\"@id\":\"https:\\\/\\\/contadoreshoy.com\\\/#\\\/schema\\\/logo\\\/image\\\/\"},\"sameAs\":[\"https:\\\/\\\/www.facebook.com\\\/CCCPBucaramanga\\\/\"]},{\"@type\":\"Person\",\"@id\":\"https:\\\/\\\/contadoreshoy.com\\\/#\\\/schema\\\/person\\\/96d8979cb865537c5dc9345e40089fc5\",\"name\":\"Miguel Antonio M\u00e1rquez Monta\u00f1ez\",\"description\":\"Contador P\u00fablico egresado de la Universidad Aut\u00f3noma de Bucaramanga - Asesor contable tributario con m\u00e1s de 25 a\u00f1os de experiencia - Conferencista en temas contables y tributarios - T\u00e9cnico en Hardware y Dise\u00f1o Web - Creador y director Grupo de Estudio Colegio Colombiano de Contadores P\u00fablicos de Bucaramanga - Creador y Master Web p\u00e1gina www.contadoresp\u00fablicossantander.com - Expresidente Colegio Colombiano de Contadores P\u00fablicos Bucaramanga\",\"url\":\"https:\\\/\\\/contadoreshoy.com\\\/?author=1\"}]}<\/script>\n<!-- \/ Yoast SEO plugin. -->","yoast_head_json":{"title":"Impuesto CREE sociedades en reorganizaci\u00f3n - Contadores P\u00fablicos","robots":{"index":"index","follow":"follow","max-snippet":"max-snippet:-1","max-image-preview":"max-image-preview:large","max-video-preview":"max-video-preview:-1"},"canonical":"https:\/\/contadoreshoy.com\/?p=6146","og_locale":"es_ES","og_type":"article","og_title":"Impuesto CREE sociedades en reorganizaci\u00f3n - Contadores P\u00fablicos","og_description":"Las sociedades en liquidaci\u00f3n judicial de que trata la Ley 1116 de 2006, no est\u00e1n excluidas como sujetos pasivos del Impuesto sobre la Renta para la Equidad (CREE), circunstancia que obliga a este tipo de sociedades a cumplir la obligaci\u00f3n formal de presentar la declaraci\u00f3n anual del Impuesto sobre la Renta para la Equidad (CREE)","og_url":"https:\/\/contadoreshoy.com\/?p=6146","og_site_name":"Contadores P\u00fablicos","article_publisher":"https:\/\/www.facebook.com\/CCCPBucaramanga\/","article_published_time":"2015-10-13T04:32:13+00:00","article_modified_time":"2017-02-05T03:00:25+00:00","og_image":[{"width":600,"height":400,"url":"https:\/\/contadoreshoy.com\/wp-content\/uploads\/2015\/10\/Reorganizaci\u00f3n.jpg","type":"image\/jpeg"}],"author":"Miguel Antonio M\u00e1rquez Monta\u00f1ez","twitter_card":"summary_large_image","twitter_misc":{"Escrito por":"Miguel Antonio M\u00e1rquez Monta\u00f1ez","Tiempo de lectura":"10 minutos"},"schema":{"@context":"https:\/\/schema.org","@graph":[{"@type":"Article","@id":"https:\/\/contadoreshoy.com\/?p=6146#article","isPartOf":{"@id":"https:\/\/contadoreshoy.com\/?p=6146"},"author":{"name":"Miguel Antonio M\u00e1rquez Monta\u00f1ez","@id":"https:\/\/contadoreshoy.com\/#\/schema\/person\/96d8979cb865537c5dc9345e40089fc5"},"headline":"Impuesto CREE sociedades en reorganizaci\u00f3n","datePublished":"2015-10-13T04:32:13+00:00","dateModified":"2017-02-05T03:00:25+00:00","mainEntityOfPage":{"@id":"https:\/\/contadoreshoy.com\/?p=6146"},"wordCount":2002,"commentCount":0,"publisher":{"@id":"https:\/\/contadoreshoy.com\/#organization"},"image":{"@id":"https:\/\/contadoreshoy.com\/?p=6146#primaryimage"},"thumbnailUrl":"https:\/\/contadoreshoy.com\/wp-content\/uploads\/2015\/10\/Reorganizaci\u00f3n.jpg","articleSection":["Conceptos y Oficios DIAN"],"inLanguage":"es","potentialAction":[{"@type":"CommentAction","name":"Comment","target":["https:\/\/contadoreshoy.com\/?p=6146#respond"]}]},{"@type":"WebPage","@id":"https:\/\/contadoreshoy.com\/?p=6146","url":"https:\/\/contadoreshoy.com\/?p=6146","name":"Impuesto CREE sociedades en reorganizaci\u00f3n - Contadores P\u00fablicos","isPartOf":{"@id":"https:\/\/contadoreshoy.com\/#website"},"primaryImageOfPage":{"@id":"https:\/\/contadoreshoy.com\/?p=6146#primaryimage"},"image":{"@id":"https:\/\/contadoreshoy.com\/?p=6146#primaryimage"},"thumbnailUrl":"https:\/\/contadoreshoy.com\/wp-content\/uploads\/2015\/10\/Reorganizaci\u00f3n.jpg","datePublished":"2015-10-13T04:32:13+00:00","dateModified":"2017-02-05T03:00:25+00:00","breadcrumb":{"@id":"https:\/\/contadoreshoy.com\/?p=6146#breadcrumb"},"inLanguage":"es","potentialAction":[{"@type":"ReadAction","target":["https:\/\/contadoreshoy.com\/?p=6146"]}]},{"@type":"ImageObject","inLanguage":"es","@id":"https:\/\/contadoreshoy.com\/?p=6146#primaryimage","url":"https:\/\/contadoreshoy.com\/wp-content\/uploads\/2015\/10\/Reorganizaci\u00f3n.jpg","contentUrl":"https:\/\/contadoreshoy.com\/wp-content\/uploads\/2015\/10\/Reorganizaci\u00f3n.jpg","width":600,"height":400},{"@type":"BreadcrumbList","@id":"https:\/\/contadoreshoy.com\/?p=6146#breadcrumb","itemListElement":[{"@type":"ListItem","position":1,"name":"Portada","item":"https:\/\/contadoreshoy.com\/"},{"@type":"ListItem","position":2,"name":"Impuesto CREE sociedades en reorganizaci\u00f3n"}]},{"@type":"WebSite","@id":"https:\/\/contadoreshoy.com\/#website","url":"https:\/\/contadoreshoy.com\/","name":"Contadorespublicossantander","description":"Portal para Contadores P\u00fablicos y empresarios","publisher":{"@id":"https:\/\/contadoreshoy.com\/#organization"},"potentialAction":[{"@type":"SearchAction","target":{"@type":"EntryPoint","urlTemplate":"https:\/\/contadoreshoy.com\/?s={search_term_string}"},"query-input":{"@type":"PropertyValueSpecification","valueRequired":true,"valueName":"search_term_string"}}],"inLanguage":"es"},{"@type":"Organization","@id":"https:\/\/contadoreshoy.com\/#organization","name":"Contadores P\u00fablicos de Santander","url":"https:\/\/contadoreshoy.com\/","logo":{"@type":"ImageObject","inLanguage":"es","@id":"https:\/\/contadoreshoy.com\/#\/schema\/logo\/image\/","url":"https:\/\/contadoreshoy.com\/wp-content\/uploads\/2024\/01\/cropped-cropped-Copia-de-M-1.jpg","contentUrl":"https:\/\/contadoreshoy.com\/wp-content\/uploads\/2024\/01\/cropped-cropped-Copia-de-M-1.jpg","width":499,"height":500,"caption":"Contadores P\u00fablicos de Santander"},"image":{"@id":"https:\/\/contadoreshoy.com\/#\/schema\/logo\/image\/"},"sameAs":["https:\/\/www.facebook.com\/CCCPBucaramanga\/"]},{"@type":"Person","@id":"https:\/\/contadoreshoy.com\/#\/schema\/person\/96d8979cb865537c5dc9345e40089fc5","name":"Miguel Antonio M\u00e1rquez Monta\u00f1ez","description":"Contador P\u00fablico egresado de la Universidad Aut\u00f3noma de Bucaramanga - Asesor contable tributario con m\u00e1s de 25 a\u00f1os de experiencia - Conferencista en temas contables y tributarios - T\u00e9cnico en Hardware y Dise\u00f1o Web - Creador y director Grupo de Estudio Colegio Colombiano de Contadores P\u00fablicos de Bucaramanga - Creador y Master Web p\u00e1gina www.contadoresp\u00fablicossantander.com - Expresidente Colegio Colombiano de Contadores P\u00fablicos Bucaramanga","url":"https:\/\/contadoreshoy.com\/?author=1"}]}},"_links":{"self":[{"href":"https:\/\/contadoreshoy.com\/index.php?rest_route=\/wp\/v2\/posts\/6146","targetHints":{"allow":["GET"]}}],"collection":[{"href":"https:\/\/contadoreshoy.com\/index.php?rest_route=\/wp\/v2\/posts"}],"about":[{"href":"https:\/\/contadoreshoy.com\/index.php?rest_route=\/wp\/v2\/types\/post"}],"author":[{"embeddable":true,"href":"https:\/\/contadoreshoy.com\/index.php?rest_route=\/wp\/v2\/users\/1"}],"replies":[{"embeddable":true,"href":"https:\/\/contadoreshoy.com\/index.php?rest_route=%2Fwp%2Fv2%2Fcomments&post=6146"}],"version-history":[{"count":1,"href":"https:\/\/contadoreshoy.com\/index.php?rest_route=\/wp\/v2\/posts\/6146\/revisions"}],"predecessor-version":[{"id":8023,"href":"https:\/\/contadoreshoy.com\/index.php?rest_route=\/wp\/v2\/posts\/6146\/revisions\/8023"}],"wp:featuredmedia":[{"embeddable":true,"href":"https:\/\/contadoreshoy.com\/index.php?rest_route=\/wp\/v2\/media\/6198"}],"wp:attachment":[{"href":"https:\/\/contadoreshoy.com\/index.php?rest_route=%2Fwp%2Fv2%2Fmedia&parent=6146"}],"wp:term":[{"taxonomy":"category","embeddable":true,"href":"https:\/\/contadoreshoy.com\/index.php?rest_route=%2Fwp%2Fv2%2Fcategories&post=6146"},{"taxonomy":"post_tag","embeddable":true,"href":"https:\/\/contadoreshoy.com\/index.php?rest_route=%2Fwp%2Fv2%2Ftags&post=6146"}],"curies":[{"name":"wp","href":"https:\/\/api.w.org\/{rel}","templated":true}]}}