{"id":6148,"date":"2015-10-13T23:39:10","date_gmt":"2015-10-14T04:39:10","guid":{"rendered":"http:\/\/colegiocolombianodecontadores.com\/?p=6148"},"modified":"2017-02-04T22:00:25","modified_gmt":"2017-02-05T03:00:25","slug":"depuracion-de-la-base-de-retencion-en-la-fuente-por-ingresos-laborales","status":"publish","type":"post","link":"https:\/\/contadoreshoy.com\/?p=6148","title":{"rendered":"Retenci\u00f3n en la fuente sobre cesant\u00edas e intereses cesant\u00edas ?"},"content":{"rendered":"<p style=\"text-align: center;\"><strong>OFICIO N\u00daMERO 025475 DE 2015 \u00a0DIAN<\/strong><\/p>\n<p style=\"text-align: center;\">(septiembre 2)<\/p>\n<p>Subdirecci\u00f3n de Gesti\u00f3n Normativa y Doctrina<\/p>\n<p>Bogot\u00e1, D. C., \u2026 de agosto de 2015<\/p>\n<p>100208221-01183<\/p>\n<p><strong>Ref.: Radicado 000294 del 01\/06\/2015<\/strong><\/p>\n<p>Tema: \u00a0 \u00a0 \u00a0 \u00a0 \u00a0 \u00a0 \u00a0 \u00a0 \u00a0 \u00a0 \u00a0 \u00a0 \u00a0 \u00a0 \u00a0 \u00a0 \u00a0 Retenci\u00f3n en la fuente<\/p>\n<p>Descriptores: \u00a0 \u00a0 \u00a0 \u00a0 \u00a0 \u00a0 \u00a0 \u00a0 \u00a0 \u00a0<span style=\"color: #0000ff;\"> \u00a0Depuraci\u00f3n de la base de retenci\u00f3n en la fuente por ingresos laborales<\/span><\/p>\n<p>Fuentes Formales \u00a0 \u00a0 \u00a0 \u00a0 \u00a0 \u00a0 \u00a0Estatuto Tributario, art\u00edculos 206 numerales 4, 383 y 384; Decreto 1070 de 2013, art\u00edculos 2 y 6; Decreto 0099 de 2013, art\u00edculo 3; C\u00f3digo Civil, \u00a0 \u00a0 \u00a0 \u00a0 \u00a0 \u00a0 \u00a0 \u00a0 \u00a0 \u00a0 \u00a0 \u00a0 \u00a0 \u00a0 \u00a0 \u00a0 \u00a0 \u00a0 \u00a0 \u00a0 \u00a0 \u00a0 \u00a0 \u00a0 \u00a0art\u00edculo 27<\/p>\n<p style=\"text-align: justify;\">De conformidad con el art\u00edculo 20 del Decreto 4048 de 2008, es funci\u00f3n de esta Subdirecci\u00f3n absolver las consultas escritas que se formulen sobre la interpretaci\u00f3n y aplicaci\u00f3n de las normas tributarias de car\u00e1cter nacional, aduaneras y cambiarias en lo de competencia de la Entidad, \u00e1mbito dentro del cual ser\u00e1 atendida su petici\u00f3n.<\/p>\n<p style=\"text-align: justify;\"><span style=\"color: #0000ff;\">Consulta en el escrito de la referencia, si el objeto de la consulta a la que se dio respuesta a trav\u00e9s del Oficio 008720 de 20 de marzo de 2015, por parte de la Direcci\u00f3n de Gesti\u00f3n Jur\u00eddica de esta Entidad, era \u201cse\u00f1alar que los intereses de cesant\u00edas y cesant\u00edas no est\u00e1n exentos del impuesto a la renta\u201d.<\/span><\/p>\n<p style=\"text-align: justify;\"><span style=\"color: #0000ff;\">Lo anterior, teniendo en cuenta que con base en el mencionado Concepto, un pagador est\u00e1 realizando retenci\u00f3n en la fuente sobre los intereses de cesant\u00edas y cesant\u00edas que se liquidan de manera parcial, generando desigualdad \u201c\u2026 y desestimulando indebidamente a quienes a\u00fan conservan el r\u00e9gimen de retroactividad de cesant\u00edas, ya que a quienes les consignan en los Fondos privados no se les da el mismo trato por parte de la empresa, ni del Fondo mismo\u2026\u201d.<\/span><\/p>\n<p style=\"text-align: justify;\">Sobre el particular se considera:<\/p>\n<p style=\"text-align: justify;\">El problema jur\u00eddico planteado en el Oficio 008720 de 20 de marzo de 2015, se concret\u00f3 en establecer si la depuraci\u00f3n de la base del c\u00e1lculo de la retenci\u00f3n en la fuente aplicable a los pagos efectuados a los empleados que se encuentren vinculados mediante una relaci\u00f3n laboral, legal o reglamentaria, es la misma para la aplicaci\u00f3n de los art\u00edculos 383 y 384 del Estatuto Tributario, problema jur\u00eddico que se resolvi\u00f3 acudiendo a la regla de interpretaci\u00f3n contenida en el art\u00edculo 27 del C\u00f3digo Civil, en virtud de la cual cuando el sentido de la ley sea claro, no se desatender\u00e1 su tenor literal so pretexto de consultar su esp\u00edritu.<\/p>\n<p style=\"text-align: justify;\">De acuerdo con lo anterior, se cit\u00f3 el marco normativo vigente aplicable al interrogante propuesto, dentro del cual se incluy\u00f3 el art\u00edculo 2\u00b0 del Decreto 1070 de 2013, norma que consagra el proceso de determinaci\u00f3n de la base gravable para la retenci\u00f3n en la fuente para empleados, para la aplicaci\u00f3n de la tarifa prevista en el art\u00edculo 383 del Ordenamiento Tributario, en los siguientes t\u00e9rminos:<\/p>\n<p style=\"text-align: justify;\">\u201cArt\u00edculo 2\u00b0<em>. <span style=\"color: #ff9900;\">Depuraci\u00f3n de la base del c\u00e1lculo de la retenci\u00f3n en la fuente. <\/span><\/em><span style=\"color: #ff9900;\">Para obtener la base de retenci\u00f3n en la fuente sobre los pagos o abonos en cuenta por concepto de rentas de trabajo efectuados a las personas naturales pertenecientes a la categor\u00eda de empleados, se podr\u00e1n detraer los siguientes factores:<\/span><\/p>\n<ol style=\"text-align: justify;\">\n<li>Los ingresos que la ley de manera taxativa prev\u00e9 como no constitutivos de renta ni ganancia ocasional.<\/li>\n<li>Las deducciones a que se refiere el art\u00edculo 387 del Estatuto Tributario, reglamentado por el art\u00edculo 2\u00b0 del Decreto n\u00famero 0099 de 2013.<\/li>\n<li>Los aportes obligatorios al Sistema General de Seguridad Social en Salud.<\/li>\n<li><u>Las rentas que la ley de manera taxativa prev\u00e9 como exentas<\/u> en raz\u00f3n a su origen y beneficiario. Lo previsto en el numeral 10 del art\u00edculo 206 del Estatuto Tributario procede tambi\u00e9n para las personas naturales clasificadas en la categor\u00eda de empleados cuyos pagos o abonos en cuenta no provengan de una relaci\u00f3n laboral, o legal y reglamentaria, de conformidad con lo previsto en el inciso 1\u00ba del art\u00edculo 383 del Estatuto Tributario\u2026\u201d. (Subrayado fuera de texto). <span style=\"color: #ff9900;\">Dentro de las rentas que la ley de manera taxativa prev\u00e9 como exentas en raz\u00f3n a su origen y beneficiario, se encuentra el auxilio de cesant\u00eda y los intereses sobre cesant\u00edas, siempre y cuando sean recibidos por trabajadores cuyo ingreso mensual promedio en los seis (6) \u00faltimos meses de vinculaci\u00f3n laboral no exceda de 350 UVT. (Estatuto Tributario, art\u00edculo 206, numeral 4).<\/span><\/li>\n<\/ol>\n<p style=\"text-align: justify;\"><span style=\"color: #ff9900;\">En este sentido, tanto las cesant\u00edas como los intereses de cesant\u00edas est\u00e1n gravados, excepto la parte que no exceda el valor determinado en el citado numeral 4 del art\u00edculo 206 del Estatuto Tributario.<\/span><\/p>\n<p style=\"text-align: justify;\">El art\u00edculo 6\u00ba del Decreto 1070 de 2013 a su vez establece el proceso de determinaci\u00f3n de la base gravable para la retenci\u00f3n en la fuente para empleados, para la aplicaci\u00f3n de la tarifa prevista en el art\u00edculo 384 del Estatuto Tributario, se\u00f1alando:<\/p>\n<p style=\"text-align: justify;\">\u201cArt\u00edculo 6\u00b0.<span style=\"color: #ff9900;\"> <em>Depuraci\u00f3n de la base gravable de la retenci\u00f3n en la fuente m\u00ednima para empleados.<\/em> <\/span>Para efectos del c\u00e1lculo de la retenci\u00f3n en la fuente m\u00ednima establecida en el art\u00edculo 384 del Estatuto Tributario, para los empleados cuyos ingresos provengan de una relaci\u00f3n laboral, o legal y reglamentaria se podr\u00e1n detraer <u>adem\u00e1s<\/u> los siguientes conceptos:<\/p>\n<ol style=\"text-align: justify;\">\n<li>a) Los gastos de representaci\u00f3n considerados como exentos de Impuesto sobre la Renta, seg\u00fan los requisitos y l\u00edmites establecidos en el numeral 7 del art\u00edculo 206 del Estatuto Tributario; b) El exceso del salario b\u00e1sico de los oficiales y suboficiales de las Fuerzas Militares y la<\/li>\n<\/ol>\n<p style=\"text-align: justify;\">Polic\u00eda Nacional;<\/p>\n<ol style=\"text-align: justify;\">\n<li>c) El pago correspondiente a la licencia de maternidad\u201d.<\/li>\n<\/ol>\n<p style=\"text-align: justify;\">El art\u00edculo 3\u00ba del Decreto 0099 de 2013, de otra parte precept\u00faa:<\/p>\n<p style=\"text-align: justify;\">\u201cArt\u00edculo 3\u00b0. <em>Retenci\u00f3n en la fuente m\u00ednima para empleados por concepto de rentas de trabajo.<\/em> A partir del 1\u00b0 de abril de 2013, la retenci\u00f3n en la fuente por el concepto de ingreso a que se refiere este Decreto, aplicable a las personas naturales pertenecientes a la categor\u00eda de empleado a que se refiere el art\u00edculo 329 del Estatuto Tributario, obligados a presentar declaraci\u00f3n del impuesto sobre la renta, en ning\u00fan caso podr\u00e1 ser inferior al mayor valor mensual de retenci\u00f3n que resulte de aplicar la tabla de retenci\u00f3n contenida en el art\u00edculo 1\u00b0 de este Decreto, o la que resulte de aplicar a los Pagos Mensuales o mensualizados (PM) la siguiente tabla, a la base de retenci\u00f3n en la fuente, determinada al restar los aportes al sistema general de seguridad social (Aportes obligatorios a salud, pensiones y Riesgos Laborales ARL) a cargo del empleado del total del pago mensual o abono en cuenta:\u2026\u201d.<\/p>\n<p style=\"text-align: justify;\"><span style=\"color: #ff9900;\">Como se puede observar, tanto los art\u00edculos 2\u00b0 y 6\u00b0 del Decreto 1070 de 2013, como el art\u00edculo 3\u00b0 del Decreto 0099 de 2013, establecen de manera expresa los valores que se pueden detraer para determinar la base de retenci\u00f3n en la fuente, sin que en las dos \u00faltimas disposiciones se incluyan el auxilio de cesant\u00eda y los intereses sobre cesant\u00edas.<\/span><\/p>\n<p style=\"text-align: justify;\"><span style=\"color: #ff9900;\">Por lo anterior, considera este Despacho que tanto la tesis como la interpretaci\u00f3n expuestas en el Oficio 008720 de 20 de marzo de 2015, se ajustan a las normas tributarias que regulan la materia.<\/span><\/p>\n<p style=\"text-align: justify;\">Finalmente, por tener relaci\u00f3n con el tema consultado de manera atenta adjuntamos copia del Oficio 057063 de 2014, para su conocimiento.<\/p>\n<p style=\"text-align: justify;\">En los anteriores t\u00e9rminos se absuelve su consulta y cordialmente le informamos que tanto la normatividad en materia tributaria, aduanera y cambiaria, como los conceptos emitidos por la Direcci\u00f3n de Gesti\u00f3n Jur\u00eddica en estos temas pueden consultarse directamente en nuestras bases de datos jur\u00eddicas ingresando a la p\u00e1gina electr\u00f3nica de la DIAN: http:\/\/www.dian.gov. co siguiendo el \u00edcono de \u201cNormatividad\u201d &#8211; \u201cT\u00e9cnica\u201d, y seleccionando los v\u00ednculos \u201cDoctrina\u201d y \u201cDirecci\u00f3n de Gesti\u00f3n Jur\u00eddica\u201d.<\/p>\n<p style=\"text-align: justify;\">Atentamente,<\/p>\n<p style=\"text-align: justify;\">El Subdirector de Gesti\u00f3n Normativa y Doctrina,<\/p>\n<p style=\"text-align: justify;\"><em>Pedro Pablo Contreras Camargo. <\/em><strong>(C. F.).<\/strong><\/p>\n","protected":false},"excerpt":{"rendered":"<p>Tanto los art\u00edculos 2\u00b0 y 6\u00b0 del Decreto 1070 de 2013, como el art\u00edculo 3\u00b0 del Decreto 0099 de 2013, establecen de manera expresa los valores que se pueden detraer para determinar la base de retenci\u00f3n en la fuente, sin que en las dos \u00faltimas disposiciones se incluyan el auxilio de cesant\u00eda y los intereses sobre cesant\u00edas.<\/p>\n","protected":false},"author":1,"featured_media":6200,"comment_status":"open","ping_status":"open","sticky":false,"template":"","format":"standard","meta":{"_monsterinsights_skip_tracking":false,"ngg_post_thumbnail":0,"footnotes":"","_links_to":"","_links_to_target":""},"categories":[456,454],"tags":[],"class_list":["post-6148","post","type-post","status-publish","format-standard","has-post-thumbnail","hentry","category-conceptos-y-oficios-dian","category-sin-categoria"],"aioseo_notices":[],"aioseo_head":"\n\t\t<!-- All in One SEO 5.0.1.1 - aioseo.com -->\n\t<meta name=\"description\" content=\"Tanto los art\u00edculos 2\u00b0 y 6\u00b0 del Decreto 1070 de 2013, como el art\u00edculo 3\u00b0 del Decreto 0099 de 2013, establecen de manera expresa los valores que se pueden detraer para determinar la base de retenci\u00f3n en la fuente, sin que en las dos \u00faltimas disposiciones se incluyan el auxilio de cesant\u00eda y los intereses sobre cesant\u00edas.\" \/>\n\t<meta name=\"robots\" content=\"max-image-preview:large\" \/>\n\t<meta name=\"author\" content=\"Miguel Antonio M\u00e1rquez Monta\u00f1ez\"\/>\n\t<link rel=\"canonical\" href=\"https:\/\/contadoreshoy.com\/?p=6148\" \/>\n\t<meta name=\"generator\" content=\"All in One SEO (AIOSEO) 5.0.1.1\" \/>\n\t\t<meta property=\"og:locale\" content=\"es_ES\" \/>\n\t\t<meta property=\"og:site_name\" content=\"Contadores P\u00fablicos - Portal para Contadores P\u00fablicos y empresarios\" \/>\n\t\t<meta property=\"og:type\" content=\"article\" \/>\n\t\t<meta property=\"og:title\" content=\"Retenci\u00f3n en la fuente sobre cesant\u00edas e intereses cesant\u00edas ? - Contadores P\u00fablicos\" \/>\n\t\t<meta property=\"og:description\" content=\"Tanto los art\u00edculos 2\u00b0 y 6\u00b0 del Decreto 1070 de 2013, como el art\u00edculo 3\u00b0 del Decreto 0099 de 2013, establecen de manera expresa los valores que se pueden detraer para determinar la base de retenci\u00f3n en la fuente, sin que en las dos \u00faltimas disposiciones se incluyan el auxilio de cesant\u00eda y los intereses sobre cesant\u00edas.\" \/>\n\t\t<meta property=\"og:url\" content=\"https:\/\/contadoreshoy.com\/?p=6148\" \/>\n\t\t<meta property=\"og:image\" content=\"https:\/\/contadoreshoy.com\/wp-content\/uploads\/2024\/01\/cropped-cropped-cropped-Copia-de-M.jpg\" \/>\n\t\t<meta property=\"og:image:secure_url\" content=\"https:\/\/contadoreshoy.com\/wp-content\/uploads\/2024\/01\/cropped-cropped-cropped-Copia-de-M.jpg\" \/>\n\t\t<meta property=\"og:image:width\" content=\"512\" \/>\n\t\t<meta property=\"og:image:height\" content=\"371\" \/>\n\t\t<meta property=\"article:published_time\" content=\"2015-10-14T04:39:10+00:00\" \/>\n\t\t<meta property=\"article:modified_time\" content=\"2017-02-05T03:00:25+00:00\" \/>\n\t\t<meta name=\"twitter:card\" content=\"summary_large_image\" \/>\n\t\t<meta name=\"twitter:title\" content=\"Retenci\u00f3n en la fuente sobre cesant\u00edas e intereses cesant\u00edas ? - Contadores P\u00fablicos\" \/>\n\t\t<meta name=\"twitter:description\" content=\"Tanto los art\u00edculos 2\u00b0 y 6\u00b0 del Decreto 1070 de 2013, como el art\u00edculo 3\u00b0 del Decreto 0099 de 2013, establecen de manera expresa los valores que se pueden detraer para determinar la base de retenci\u00f3n en la fuente, sin que en las dos \u00faltimas disposiciones se incluyan el auxilio de cesant\u00eda y los intereses sobre cesant\u00edas.\" \/>\n\t\t<meta name=\"twitter:image\" content=\"https:\/\/contadoreshoy.com\/wp-content\/uploads\/2024\/01\/cropped-cropped-cropped-Copia-de-M.jpg\" \/>\n\t\t<script type=\"application\/ld+json\" class=\"aioseo-schema\">\n\t\t\t{\"@context\":\"https:\\\/\\\/schema.org\",\"@graph\":[{\"@type\":\"BlogPosting\",\"@id\":\"https:\\\/\\\/contadoreshoy.com\\\/?p=6148#blogposting\",\"name\":\"Retenci\\u00f3n en la fuente sobre cesant\\u00edas e intereses cesant\\u00edas ? - Contadores P\\u00fablicos\",\"headline\":\"Retenci\\u00f3n en la fuente sobre cesant\\u00edas e intereses cesant\\u00edas ?\",\"author\":{\"@id\":\"https:\\\/\\\/contadoreshoy.com\\\/?author=1#author\"},\"publisher\":{\"@id\":\"https:\\\/\\\/contadoreshoy.com\\\/#organization\"},\"image\":{\"@type\":\"ImageObject\",\"url\":\"https:\\\/\\\/contadoreshoy.com\\\/wp-content\\\/uploads\\\/2015\\\/10\\\/cesante.jpg\",\"width\":600,\"height\":400},\"datePublished\":\"2015-10-13T23:39:10-05:00\",\"dateModified\":\"2017-02-04T22:00:25-05:00\",\"inLanguage\":\"es-ES\",\"mainEntityOfPage\":{\"@id\":\"https:\\\/\\\/contadoreshoy.com\\\/?p=6148#webpage\"},\"isPartOf\":{\"@id\":\"https:\\\/\\\/contadoreshoy.com\\\/?p=6148#webpage\"},\"articleSection\":\"Conceptos y Oficios DIAN, Sin categor\\u00eda\"},{\"@type\":\"BreadcrumbList\",\"@id\":\"https:\\\/\\\/contadoreshoy.com\\\/?p=6148#breadcrumblist\",\"itemListElement\":[{\"@type\":\"ListItem\",\"@id\":\"https:\\\/\\\/contadoreshoy.com#listItem\",\"position\":1,\"name\":\"Home\",\"item\":\"https:\\\/\\\/contadoreshoy.com\",\"nextItem\":{\"@type\":\"ListItem\",\"@id\":\"https:\\\/\\\/contadoreshoy.com\\\/?cat=454#listItem\",\"name\":\"Sin categor\\u00eda\"}},{\"@type\":\"ListItem\",\"@id\":\"https:\\\/\\\/contadoreshoy.com\\\/?cat=454#listItem\",\"position\":2,\"name\":\"Sin categor\\u00eda\",\"item\":\"https:\\\/\\\/contadoreshoy.com\\\/?cat=454\",\"nextItem\":{\"@type\":\"ListItem\",\"@id\":\"https:\\\/\\\/contadoreshoy.com\\\/?p=6148#listItem\",\"name\":\"Retenci\\u00f3n en la fuente sobre cesant\\u00edas e intereses cesant\\u00edas ?\"},\"previousItem\":{\"@type\":\"ListItem\",\"@id\":\"https:\\\/\\\/contadoreshoy.com#listItem\",\"name\":\"Home\"}},{\"@type\":\"ListItem\",\"@id\":\"https:\\\/\\\/contadoreshoy.com\\\/?p=6148#listItem\",\"position\":3,\"name\":\"Retenci\\u00f3n en la fuente sobre cesant\\u00edas e intereses cesant\\u00edas ?\",\"previousItem\":{\"@type\":\"ListItem\",\"@id\":\"https:\\\/\\\/contadoreshoy.com\\\/?cat=454#listItem\",\"name\":\"Sin categor\\u00eda\"}}]},{\"@type\":\"Organization\",\"@id\":\"https:\\\/\\\/contadoreshoy.com\\\/#organization\",\"name\":\"Contadores P\\u00fablicos\",\"description\":\"Portal para Contadores P\\u00fablicos y empresarios\",\"url\":\"https:\\\/\\\/contadoreshoy.com\\\/\",\"logo\":{\"@type\":\"ImageObject\",\"url\":\"https:\\\/\\\/contadoreshoy.com\\\/wp-content\\\/uploads\\\/2024\\\/01\\\/cropped-cropped-Copia-de-M-1.jpg\",\"@id\":\"https:\\\/\\\/contadoreshoy.com\\\/?p=6148\\\/#organizationLogo\",\"width\":499,\"height\":500},\"image\":{\"@id\":\"https:\\\/\\\/contadoreshoy.com\\\/?p=6148\\\/#organizationLogo\"}},{\"@type\":\"Person\",\"@id\":\"https:\\\/\\\/contadoreshoy.com\\\/?author=1#author\",\"url\":\"https:\\\/\\\/contadoreshoy.com\\\/?author=1\",\"name\":\"Miguel Antonio M\\u00e1rquez Monta\\u00f1ez\"},{\"@type\":\"WebPage\",\"@id\":\"https:\\\/\\\/contadoreshoy.com\\\/?p=6148#webpage\",\"url\":\"https:\\\/\\\/contadoreshoy.com\\\/?p=6148\",\"name\":\"Retenci\\u00f3n en la fuente sobre cesant\\u00edas e intereses cesant\\u00edas ? - Contadores P\\u00fablicos\",\"description\":\"Tanto los art\\u00edculos 2\\u00b0 y 6\\u00b0 del Decreto 1070 de 2013, como el art\\u00edculo 3\\u00b0 del Decreto 0099 de 2013, establecen de manera expresa los valores que se pueden detraer para determinar la base de retenci\\u00f3n en la fuente, sin que en las dos \\u00faltimas disposiciones se incluyan el auxilio de cesant\\u00eda y los intereses sobre cesant\\u00edas.\",\"inLanguage\":\"es-ES\",\"isPartOf\":{\"@id\":\"https:\\\/\\\/contadoreshoy.com\\\/#website\"},\"breadcrumb\":{\"@id\":\"https:\\\/\\\/contadoreshoy.com\\\/?p=6148#breadcrumblist\"},\"author\":{\"@id\":\"https:\\\/\\\/contadoreshoy.com\\\/?author=1#author\"},\"creator\":{\"@id\":\"https:\\\/\\\/contadoreshoy.com\\\/?author=1#author\"},\"image\":{\"@type\":\"ImageObject\",\"url\":\"https:\\\/\\\/contadoreshoy.com\\\/wp-content\\\/uploads\\\/2015\\\/10\\\/cesante.jpg\",\"@id\":\"https:\\\/\\\/contadoreshoy.com\\\/?p=6148\\\/#mainImage\",\"width\":600,\"height\":400},\"primaryImageOfPage\":{\"@id\":\"https:\\\/\\\/contadoreshoy.com\\\/?p=6148#mainImage\"},\"datePublished\":\"2015-10-13T23:39:10-05:00\",\"dateModified\":\"2017-02-04T22:00:25-05:00\"},{\"@type\":\"WebSite\",\"@id\":\"https:\\\/\\\/contadoreshoy.com\\\/#website\",\"url\":\"https:\\\/\\\/contadoreshoy.com\\\/\",\"name\":\"Contadores P\\u00fablicos\",\"description\":\"Portal para Contadores P\\u00fablicos y empresarios\",\"inLanguage\":\"es-ES\",\"publisher\":{\"@id\":\"https:\\\/\\\/contadoreshoy.com\\\/#organization\"}}]}\n\t\t<\/script>\n\t\t<!-- All in One SEO -->\n\n","aioseo_head_json":{"title":"Retenci\u00f3n en la fuente sobre cesant\u00edas e intereses cesant\u00edas ? - Contadores P\u00fablicos","description":"Tanto los art\u00edculos 2\u00b0 y 6\u00b0 del Decreto 1070 de 2013, como el art\u00edculo 3\u00b0 del Decreto 0099 de 2013, establecen de manera expresa los valores que se pueden detraer para determinar la base de retenci\u00f3n en la fuente, sin que en las dos \u00faltimas disposiciones se incluyan el auxilio de cesant\u00eda y los intereses sobre cesant\u00edas.","canonical_url":"https:\/\/contadoreshoy.com\/?p=6148","robots":"max-image-preview:large","keywords":"","webmasterTools":{"miscellaneous":""},"schema":{"@context":"https:\/\/schema.org","@graph":[{"@type":"BlogPosting","@id":"https:\/\/contadoreshoy.com\/?p=6148#blogposting","name":"Retenci\u00f3n en la fuente sobre cesant\u00edas e intereses cesant\u00edas ? - Contadores P\u00fablicos","headline":"Retenci\u00f3n en la fuente sobre cesant\u00edas e intereses cesant\u00edas ?","author":{"@id":"https:\/\/contadoreshoy.com\/?author=1#author"},"publisher":{"@id":"https:\/\/contadoreshoy.com\/#organization"},"image":{"@type":"ImageObject","url":"https:\/\/contadoreshoy.com\/wp-content\/uploads\/2015\/10\/cesante.jpg","width":600,"height":400},"datePublished":"2015-10-13T23:39:10-05:00","dateModified":"2017-02-04T22:00:25-05:00","inLanguage":"es-ES","mainEntityOfPage":{"@id":"https:\/\/contadoreshoy.com\/?p=6148#webpage"},"isPartOf":{"@id":"https:\/\/contadoreshoy.com\/?p=6148#webpage"},"articleSection":"Conceptos y Oficios DIAN, Sin categor\u00eda"},{"@type":"BreadcrumbList","@id":"https:\/\/contadoreshoy.com\/?p=6148#breadcrumblist","itemListElement":[{"@type":"ListItem","@id":"https:\/\/contadoreshoy.com#listItem","position":1,"name":"Home","item":"https:\/\/contadoreshoy.com","nextItem":{"@type":"ListItem","@id":"https:\/\/contadoreshoy.com\/?cat=454#listItem","name":"Sin categor\u00eda"}},{"@type":"ListItem","@id":"https:\/\/contadoreshoy.com\/?cat=454#listItem","position":2,"name":"Sin categor\u00eda","item":"https:\/\/contadoreshoy.com\/?cat=454","nextItem":{"@type":"ListItem","@id":"https:\/\/contadoreshoy.com\/?p=6148#listItem","name":"Retenci\u00f3n en la fuente sobre cesant\u00edas e intereses cesant\u00edas ?"},"previousItem":{"@type":"ListItem","@id":"https:\/\/contadoreshoy.com#listItem","name":"Home"}},{"@type":"ListItem","@id":"https:\/\/contadoreshoy.com\/?p=6148#listItem","position":3,"name":"Retenci\u00f3n en la fuente sobre cesant\u00edas e intereses cesant\u00edas ?","previousItem":{"@type":"ListItem","@id":"https:\/\/contadoreshoy.com\/?cat=454#listItem","name":"Sin categor\u00eda"}}]},{"@type":"Organization","@id":"https:\/\/contadoreshoy.com\/#organization","name":"Contadores P\u00fablicos","description":"Portal para Contadores P\u00fablicos y empresarios","url":"https:\/\/contadoreshoy.com\/","logo":{"@type":"ImageObject","url":"https:\/\/contadoreshoy.com\/wp-content\/uploads\/2024\/01\/cropped-cropped-Copia-de-M-1.jpg","@id":"https:\/\/contadoreshoy.com\/?p=6148\/#organizationLogo","width":499,"height":500},"image":{"@id":"https:\/\/contadoreshoy.com\/?p=6148\/#organizationLogo"}},{"@type":"Person","@id":"https:\/\/contadoreshoy.com\/?author=1#author","url":"https:\/\/contadoreshoy.com\/?author=1","name":"Miguel Antonio M\u00e1rquez Monta\u00f1ez"},{"@type":"WebPage","@id":"https:\/\/contadoreshoy.com\/?p=6148#webpage","url":"https:\/\/contadoreshoy.com\/?p=6148","name":"Retenci\u00f3n en la fuente sobre cesant\u00edas e intereses cesant\u00edas ? - Contadores P\u00fablicos","description":"Tanto los art\u00edculos 2\u00b0 y 6\u00b0 del Decreto 1070 de 2013, como el art\u00edculo 3\u00b0 del Decreto 0099 de 2013, establecen de manera expresa los valores que se pueden detraer para determinar la base de retenci\u00f3n en la fuente, sin que en las dos \u00faltimas disposiciones se incluyan el auxilio de cesant\u00eda y los intereses sobre cesant\u00edas.","inLanguage":"es-ES","isPartOf":{"@id":"https:\/\/contadoreshoy.com\/#website"},"breadcrumb":{"@id":"https:\/\/contadoreshoy.com\/?p=6148#breadcrumblist"},"author":{"@id":"https:\/\/contadoreshoy.com\/?author=1#author"},"creator":{"@id":"https:\/\/contadoreshoy.com\/?author=1#author"},"image":{"@type":"ImageObject","url":"https:\/\/contadoreshoy.com\/wp-content\/uploads\/2015\/10\/cesante.jpg","@id":"https:\/\/contadoreshoy.com\/?p=6148\/#mainImage","width":600,"height":400},"primaryImageOfPage":{"@id":"https:\/\/contadoreshoy.com\/?p=6148#mainImage"},"datePublished":"2015-10-13T23:39:10-05:00","dateModified":"2017-02-04T22:00:25-05:00"},{"@type":"WebSite","@id":"https:\/\/contadoreshoy.com\/#website","url":"https:\/\/contadoreshoy.com\/","name":"Contadores P\u00fablicos","description":"Portal para Contadores P\u00fablicos y empresarios","inLanguage":"es-ES","publisher":{"@id":"https:\/\/contadoreshoy.com\/#organization"}}]},"og:locale":"es_ES","og:site_name":"Contadores P\u00fablicos - Portal para Contadores P\u00fablicos y empresarios","og:type":"article","og:title":"Retenci\u00f3n en la fuente sobre cesant\u00edas e intereses cesant\u00edas ? - Contadores P\u00fablicos","og:description":"Tanto los art\u00edculos 2\u00b0 y 6\u00b0 del Decreto 1070 de 2013, como el art\u00edculo 3\u00b0 del Decreto 0099 de 2013, establecen de manera expresa los valores que se pueden detraer para determinar la base de retenci\u00f3n en la fuente, sin que en las dos \u00faltimas disposiciones se incluyan el auxilio de cesant\u00eda y los intereses sobre cesant\u00edas.","og:url":"https:\/\/contadoreshoy.com\/?p=6148","og:image":"https:\/\/contadoreshoy.com\/wp-content\/uploads\/2024\/01\/cropped-cropped-cropped-Copia-de-M.jpg","og:image:secure_url":"https:\/\/contadoreshoy.com\/wp-content\/uploads\/2024\/01\/cropped-cropped-cropped-Copia-de-M.jpg","og:image:width":512,"og:image:height":371,"article:published_time":"2015-10-14T04:39:10+00:00","article:modified_time":"2017-02-05T03:00:25+00:00","twitter:card":"summary_large_image","twitter:title":"Retenci\u00f3n en la fuente sobre cesant\u00edas e intereses cesant\u00edas ? - Contadores P\u00fablicos","twitter:description":"Tanto los art\u00edculos 2\u00b0 y 6\u00b0 del Decreto 1070 de 2013, como el art\u00edculo 3\u00b0 del Decreto 0099 de 2013, establecen de manera expresa los valores que se pueden detraer para determinar la base de retenci\u00f3n en la fuente, sin que en las dos \u00faltimas disposiciones se incluyan el auxilio de cesant\u00eda y los intereses sobre cesant\u00edas.","twitter:image":"https:\/\/contadoreshoy.com\/wp-content\/uploads\/2024\/01\/cropped-cropped-cropped-Copia-de-M.jpg"},"aioseo_meta_data":{"post_id":"6148","title":null,"description":null,"keywords":null,"keyphrases":null,"primary_term":null,"canonical_url":null,"og_title":null,"og_description":null,"og_object_type":"default","og_image_type":"default","og_image_url":null,"og_image_width":null,"og_image_height":null,"og_image_custom_url":null,"og_image_custom_fields":null,"og_video":null,"og_custom_url":null,"og_article_section":null,"og_article_tags":null,"twitter_use_og":false,"twitter_card":"default","twitter_image_type":"default","twitter_image_url":null,"twitter_image_custom_url":null,"twitter_image_custom_fields":null,"twitter_title":null,"twitter_description":null,"schema":{"blockGraphs":[],"customGraphs":[],"default":{"data":{"Article":[],"Course":[],"Dataset":[],"FAQPage":[],"Movie":[],"Person":[],"Product":[],"ProductReview":[],"Car":[],"Recipe":[],"Service":[],"SoftwareApplication":[],"WebPage":[]},"graphName":"","isEnabled":true},"graphs":[]},"schema_type":"default","schema_type_options":null,"pillar_content":false,"robots_default":true,"robots_noindex":false,"robots_noarchive":false,"robots_nosnippet":false,"robots_nofollow":false,"robots_noimageindex":false,"robots_noodp":false,"robots_notranslate":false,"robots_max_snippet":null,"robots_max_videopreview":null,"robots_max_imagepreview":"large","priority":null,"frequency":null,"local_seo":null,"breadcrumb_settings":null,"limit_modified_date":false,"ai":null,"created":"2024-03-05 01:18:12","updated":"2026-03-03 04:39:41","seo_analyzer_scan_date":null,"focus_keyword":null,"additional_keywords":null,"truseo_locale":null},"aioseo_breadcrumb":"<div class=\"aioseo-breadcrumbs\"><span class=\"aioseo-breadcrumb\">\n\t\t\t<a href=\"https:\/\/contadoreshoy.com\" title=\"Home\">Home<\/a>\n\t\t<\/span><span class=\"aioseo-breadcrumb-separator\">&raquo;<\/span><span class=\"aioseo-breadcrumb\">\n\t\t\t<a href=\"https:\/\/contadoreshoy.com\/?cat=454\" title=\"Sin categor\u00eda\">Sin categor\u00eda<\/a>\n\t\t<\/span><span class=\"aioseo-breadcrumb-separator\">&raquo;<\/span><span class=\"aioseo-breadcrumb\">\n\t\t\tRetenci\u00f3n en la fuente sobre cesant\u00edas e intereses cesant\u00edas ?\n\t\t<\/span><\/div>","aioseo_breadcrumb_json":[{"label":"Home","link":"https:\/\/contadoreshoy.com"},{"label":"Sin categor\u00eda","link":"https:\/\/contadoreshoy.com\/?cat=454"},{"label":"Retenci\u00f3n en la fuente sobre cesant\u00edas e intereses cesant\u00edas ?","link":"https:\/\/contadoreshoy.com\/?p=6148"}],"yoast_head":"<!-- This site is optimized with the Yoast SEO plugin v28.4 - https:\/\/yoast.com\/product\/yoast-seo-wordpress\/ -->\n<title>Retenci\u00f3n en la fuente sobre cesant\u00edas e intereses cesant\u00edas ? - Contadores P\u00fablicos<\/title>\n<meta name=\"robots\" content=\"index, follow, max-snippet:-1, max-image-preview:large, max-video-preview:-1\" \/>\n<link rel=\"canonical\" href=\"https:\/\/contadoreshoy.com\/?p=6148\" \/>\n<meta property=\"og:locale\" content=\"es_ES\" \/>\n<meta property=\"og:type\" content=\"article\" \/>\n<meta property=\"og:title\" content=\"Retenci\u00f3n en la fuente sobre cesant\u00edas e intereses cesant\u00edas ? - Contadores P\u00fablicos\" \/>\n<meta property=\"og:description\" content=\"Tanto los art\u00edculos 2\u00b0 y 6\u00b0 del Decreto 1070 de 2013, como el art\u00edculo 3\u00b0 del Decreto 0099 de 2013, establecen de manera expresa los valores que se pueden detraer para determinar la base de retenci\u00f3n en la fuente, sin que en las dos \u00faltimas disposiciones se incluyan el auxilio de cesant\u00eda y los intereses sobre cesant\u00edas.\" \/>\n<meta property=\"og:url\" content=\"https:\/\/contadoreshoy.com\/?p=6148\" \/>\n<meta property=\"og:site_name\" content=\"Contadores P\u00fablicos\" \/>\n<meta property=\"article:publisher\" content=\"https:\/\/www.facebook.com\/CCCPBucaramanga\/\" \/>\n<meta property=\"article:published_time\" content=\"2015-10-14T04:39:10+00:00\" \/>\n<meta property=\"article:modified_time\" content=\"2017-02-05T03:00:25+00:00\" \/>\n<meta property=\"og:image\" content=\"https:\/\/contadoreshoy.com\/wp-content\/uploads\/2015\/10\/cesante.jpg\" \/>\n\t<meta property=\"og:image:width\" content=\"600\" \/>\n\t<meta property=\"og:image:height\" content=\"400\" \/>\n\t<meta property=\"og:image:type\" content=\"image\/jpeg\" \/>\n<meta name=\"author\" content=\"Miguel Antonio M\u00e1rquez Monta\u00f1ez\" \/>\n<meta name=\"twitter:card\" content=\"summary_large_image\" \/>\n<meta name=\"twitter:label1\" content=\"Escrito por\" \/>\n\t<meta name=\"twitter:data1\" content=\"Miguel Antonio M\u00e1rquez Monta\u00f1ez\" \/>\n\t<meta name=\"twitter:label2\" content=\"Tiempo de lectura\" \/>\n\t<meta name=\"twitter:data2\" content=\"6 minutos\" \/>\n<script type=\"application\/ld+json\" class=\"yoast-schema-graph\">{\"@context\":\"https:\\\/\\\/schema.org\",\"@graph\":[{\"@type\":\"Article\",\"@id\":\"https:\\\/\\\/contadoreshoy.com\\\/?p=6148#article\",\"isPartOf\":{\"@id\":\"https:\\\/\\\/contadoreshoy.com\\\/?p=6148\"},\"author\":{\"name\":\"Miguel Antonio M\u00e1rquez Monta\u00f1ez\",\"@id\":\"https:\\\/\\\/contadoreshoy.com\\\/#\\\/schema\\\/person\\\/96d8979cb865537c5dc9345e40089fc5\"},\"headline\":\"Retenci\u00f3n en la fuente sobre cesant\u00edas e intereses cesant\u00edas ?\",\"datePublished\":\"2015-10-14T04:39:10+00:00\",\"dateModified\":\"2017-02-05T03:00:25+00:00\",\"mainEntityOfPage\":{\"@id\":\"https:\\\/\\\/contadoreshoy.com\\\/?p=6148\"},\"wordCount\":1308,\"commentCount\":0,\"publisher\":{\"@id\":\"https:\\\/\\\/contadoreshoy.com\\\/#organization\"},\"image\":{\"@id\":\"https:\\\/\\\/contadoreshoy.com\\\/?p=6148#primaryimage\"},\"thumbnailUrl\":\"https:\\\/\\\/contadoreshoy.com\\\/wp-content\\\/uploads\\\/2015\\\/10\\\/cesante.jpg\",\"articleSection\":[\"Conceptos y Oficios DIAN\"],\"inLanguage\":\"es\",\"potentialAction\":[{\"@type\":\"CommentAction\",\"name\":\"Comment\",\"target\":[\"https:\\\/\\\/contadoreshoy.com\\\/?p=6148#respond\"]}]},{\"@type\":\"WebPage\",\"@id\":\"https:\\\/\\\/contadoreshoy.com\\\/?p=6148\",\"url\":\"https:\\\/\\\/contadoreshoy.com\\\/?p=6148\",\"name\":\"Retenci\u00f3n en la fuente sobre cesant\u00edas e intereses cesant\u00edas ? - Contadores P\u00fablicos\",\"isPartOf\":{\"@id\":\"https:\\\/\\\/contadoreshoy.com\\\/#website\"},\"primaryImageOfPage\":{\"@id\":\"https:\\\/\\\/contadoreshoy.com\\\/?p=6148#primaryimage\"},\"image\":{\"@id\":\"https:\\\/\\\/contadoreshoy.com\\\/?p=6148#primaryimage\"},\"thumbnailUrl\":\"https:\\\/\\\/contadoreshoy.com\\\/wp-content\\\/uploads\\\/2015\\\/10\\\/cesante.jpg\",\"datePublished\":\"2015-10-14T04:39:10+00:00\",\"dateModified\":\"2017-02-05T03:00:25+00:00\",\"breadcrumb\":{\"@id\":\"https:\\\/\\\/contadoreshoy.com\\\/?p=6148#breadcrumb\"},\"inLanguage\":\"es\",\"potentialAction\":[{\"@type\":\"ReadAction\",\"target\":[\"https:\\\/\\\/contadoreshoy.com\\\/?p=6148\"]}]},{\"@type\":\"ImageObject\",\"inLanguage\":\"es\",\"@id\":\"https:\\\/\\\/contadoreshoy.com\\\/?p=6148#primaryimage\",\"url\":\"https:\\\/\\\/contadoreshoy.com\\\/wp-content\\\/uploads\\\/2015\\\/10\\\/cesante.jpg\",\"contentUrl\":\"https:\\\/\\\/contadoreshoy.com\\\/wp-content\\\/uploads\\\/2015\\\/10\\\/cesante.jpg\",\"width\":600,\"height\":400},{\"@type\":\"BreadcrumbList\",\"@id\":\"https:\\\/\\\/contadoreshoy.com\\\/?p=6148#breadcrumb\",\"itemListElement\":[{\"@type\":\"ListItem\",\"position\":1,\"name\":\"Portada\",\"item\":\"https:\\\/\\\/contadoreshoy.com\\\/\"},{\"@type\":\"ListItem\",\"position\":2,\"name\":\"Retenci\u00f3n en la fuente sobre cesant\u00edas e intereses cesant\u00edas ?\"}]},{\"@type\":\"WebSite\",\"@id\":\"https:\\\/\\\/contadoreshoy.com\\\/#website\",\"url\":\"https:\\\/\\\/contadoreshoy.com\\\/\",\"name\":\"Contadorespublicossantander\",\"description\":\"Portal para Contadores P\u00fablicos y empresarios\",\"publisher\":{\"@id\":\"https:\\\/\\\/contadoreshoy.com\\\/#organization\"},\"potentialAction\":[{\"@type\":\"SearchAction\",\"target\":{\"@type\":\"EntryPoint\",\"urlTemplate\":\"https:\\\/\\\/contadoreshoy.com\\\/?s={search_term_string}\"},\"query-input\":{\"@type\":\"PropertyValueSpecification\",\"valueRequired\":true,\"valueName\":\"search_term_string\"}}],\"inLanguage\":\"es\"},{\"@type\":\"Organization\",\"@id\":\"https:\\\/\\\/contadoreshoy.com\\\/#organization\",\"name\":\"Contadores P\u00fablicos de Santander\",\"url\":\"https:\\\/\\\/contadoreshoy.com\\\/\",\"logo\":{\"@type\":\"ImageObject\",\"inLanguage\":\"es\",\"@id\":\"https:\\\/\\\/contadoreshoy.com\\\/#\\\/schema\\\/logo\\\/image\\\/\",\"url\":\"https:\\\/\\\/contadoreshoy.com\\\/wp-content\\\/uploads\\\/2024\\\/01\\\/cropped-cropped-Copia-de-M-1.jpg\",\"contentUrl\":\"https:\\\/\\\/contadoreshoy.com\\\/wp-content\\\/uploads\\\/2024\\\/01\\\/cropped-cropped-Copia-de-M-1.jpg\",\"width\":499,\"height\":500,\"caption\":\"Contadores P\u00fablicos de Santander\"},\"image\":{\"@id\":\"https:\\\/\\\/contadoreshoy.com\\\/#\\\/schema\\\/logo\\\/image\\\/\"},\"sameAs\":[\"https:\\\/\\\/www.facebook.com\\\/CCCPBucaramanga\\\/\"]},{\"@type\":\"Person\",\"@id\":\"https:\\\/\\\/contadoreshoy.com\\\/#\\\/schema\\\/person\\\/96d8979cb865537c5dc9345e40089fc5\",\"name\":\"Miguel Antonio M\u00e1rquez Monta\u00f1ez\",\"description\":\"Contador P\u00fablico egresado de la Universidad Aut\u00f3noma de Bucaramanga - Asesor contable tributario con m\u00e1s de 25 a\u00f1os de experiencia - Conferencista en temas contables y tributarios - T\u00e9cnico en Hardware y Dise\u00f1o Web - Creador y director Grupo de Estudio Colegio Colombiano de Contadores P\u00fablicos de Bucaramanga - Creador y Master Web p\u00e1gina www.contadoresp\u00fablicossantander.com - Expresidente Colegio Colombiano de Contadores P\u00fablicos Bucaramanga\",\"url\":\"https:\\\/\\\/contadoreshoy.com\\\/?author=1\"}]}<\/script>\n<!-- \/ Yoast SEO plugin. -->","yoast_head_json":{"title":"Retenci\u00f3n en la fuente sobre cesant\u00edas e intereses cesant\u00edas ? - Contadores P\u00fablicos","robots":{"index":"index","follow":"follow","max-snippet":"max-snippet:-1","max-image-preview":"max-image-preview:large","max-video-preview":"max-video-preview:-1"},"canonical":"https:\/\/contadoreshoy.com\/?p=6148","og_locale":"es_ES","og_type":"article","og_title":"Retenci\u00f3n en la fuente sobre cesant\u00edas e intereses cesant\u00edas ? - Contadores P\u00fablicos","og_description":"Tanto los art\u00edculos 2\u00b0 y 6\u00b0 del Decreto 1070 de 2013, como el art\u00edculo 3\u00b0 del Decreto 0099 de 2013, establecen de manera expresa los valores que se pueden detraer para determinar la base de retenci\u00f3n en la fuente, sin que en las dos \u00faltimas disposiciones se incluyan el auxilio de cesant\u00eda y los intereses sobre cesant\u00edas.","og_url":"https:\/\/contadoreshoy.com\/?p=6148","og_site_name":"Contadores P\u00fablicos","article_publisher":"https:\/\/www.facebook.com\/CCCPBucaramanga\/","article_published_time":"2015-10-14T04:39:10+00:00","article_modified_time":"2017-02-05T03:00:25+00:00","og_image":[{"width":600,"height":400,"url":"https:\/\/contadoreshoy.com\/wp-content\/uploads\/2015\/10\/cesante.jpg","type":"image\/jpeg"}],"author":"Miguel Antonio M\u00e1rquez Monta\u00f1ez","twitter_card":"summary_large_image","twitter_misc":{"Escrito por":"Miguel Antonio M\u00e1rquez Monta\u00f1ez","Tiempo de lectura":"6 minutos"},"schema":{"@context":"https:\/\/schema.org","@graph":[{"@type":"Article","@id":"https:\/\/contadoreshoy.com\/?p=6148#article","isPartOf":{"@id":"https:\/\/contadoreshoy.com\/?p=6148"},"author":{"name":"Miguel Antonio M\u00e1rquez Monta\u00f1ez","@id":"https:\/\/contadoreshoy.com\/#\/schema\/person\/96d8979cb865537c5dc9345e40089fc5"},"headline":"Retenci\u00f3n en la fuente sobre cesant\u00edas e intereses cesant\u00edas ?","datePublished":"2015-10-14T04:39:10+00:00","dateModified":"2017-02-05T03:00:25+00:00","mainEntityOfPage":{"@id":"https:\/\/contadoreshoy.com\/?p=6148"},"wordCount":1308,"commentCount":0,"publisher":{"@id":"https:\/\/contadoreshoy.com\/#organization"},"image":{"@id":"https:\/\/contadoreshoy.com\/?p=6148#primaryimage"},"thumbnailUrl":"https:\/\/contadoreshoy.com\/wp-content\/uploads\/2015\/10\/cesante.jpg","articleSection":["Conceptos y Oficios DIAN"],"inLanguage":"es","potentialAction":[{"@type":"CommentAction","name":"Comment","target":["https:\/\/contadoreshoy.com\/?p=6148#respond"]}]},{"@type":"WebPage","@id":"https:\/\/contadoreshoy.com\/?p=6148","url":"https:\/\/contadoreshoy.com\/?p=6148","name":"Retenci\u00f3n en la fuente sobre cesant\u00edas e intereses cesant\u00edas ? - Contadores P\u00fablicos","isPartOf":{"@id":"https:\/\/contadoreshoy.com\/#website"},"primaryImageOfPage":{"@id":"https:\/\/contadoreshoy.com\/?p=6148#primaryimage"},"image":{"@id":"https:\/\/contadoreshoy.com\/?p=6148#primaryimage"},"thumbnailUrl":"https:\/\/contadoreshoy.com\/wp-content\/uploads\/2015\/10\/cesante.jpg","datePublished":"2015-10-14T04:39:10+00:00","dateModified":"2017-02-05T03:00:25+00:00","breadcrumb":{"@id":"https:\/\/contadoreshoy.com\/?p=6148#breadcrumb"},"inLanguage":"es","potentialAction":[{"@type":"ReadAction","target":["https:\/\/contadoreshoy.com\/?p=6148"]}]},{"@type":"ImageObject","inLanguage":"es","@id":"https:\/\/contadoreshoy.com\/?p=6148#primaryimage","url":"https:\/\/contadoreshoy.com\/wp-content\/uploads\/2015\/10\/cesante.jpg","contentUrl":"https:\/\/contadoreshoy.com\/wp-content\/uploads\/2015\/10\/cesante.jpg","width":600,"height":400},{"@type":"BreadcrumbList","@id":"https:\/\/contadoreshoy.com\/?p=6148#breadcrumb","itemListElement":[{"@type":"ListItem","position":1,"name":"Portada","item":"https:\/\/contadoreshoy.com\/"},{"@type":"ListItem","position":2,"name":"Retenci\u00f3n en la fuente sobre cesant\u00edas e intereses cesant\u00edas ?"}]},{"@type":"WebSite","@id":"https:\/\/contadoreshoy.com\/#website","url":"https:\/\/contadoreshoy.com\/","name":"Contadorespublicossantander","description":"Portal para Contadores P\u00fablicos y empresarios","publisher":{"@id":"https:\/\/contadoreshoy.com\/#organization"},"potentialAction":[{"@type":"SearchAction","target":{"@type":"EntryPoint","urlTemplate":"https:\/\/contadoreshoy.com\/?s={search_term_string}"},"query-input":{"@type":"PropertyValueSpecification","valueRequired":true,"valueName":"search_term_string"}}],"inLanguage":"es"},{"@type":"Organization","@id":"https:\/\/contadoreshoy.com\/#organization","name":"Contadores P\u00fablicos de Santander","url":"https:\/\/contadoreshoy.com\/","logo":{"@type":"ImageObject","inLanguage":"es","@id":"https:\/\/contadoreshoy.com\/#\/schema\/logo\/image\/","url":"https:\/\/contadoreshoy.com\/wp-content\/uploads\/2024\/01\/cropped-cropped-Copia-de-M-1.jpg","contentUrl":"https:\/\/contadoreshoy.com\/wp-content\/uploads\/2024\/01\/cropped-cropped-Copia-de-M-1.jpg","width":499,"height":500,"caption":"Contadores P\u00fablicos de Santander"},"image":{"@id":"https:\/\/contadoreshoy.com\/#\/schema\/logo\/image\/"},"sameAs":["https:\/\/www.facebook.com\/CCCPBucaramanga\/"]},{"@type":"Person","@id":"https:\/\/contadoreshoy.com\/#\/schema\/person\/96d8979cb865537c5dc9345e40089fc5","name":"Miguel Antonio M\u00e1rquez Monta\u00f1ez","description":"Contador P\u00fablico egresado de la Universidad Aut\u00f3noma de Bucaramanga - Asesor contable tributario con m\u00e1s de 25 a\u00f1os de experiencia - Conferencista en temas contables y tributarios - T\u00e9cnico en Hardware y Dise\u00f1o Web - Creador y director Grupo de Estudio Colegio Colombiano de Contadores P\u00fablicos de Bucaramanga - Creador y Master Web p\u00e1gina www.contadoresp\u00fablicossantander.com - Expresidente Colegio Colombiano de Contadores P\u00fablicos Bucaramanga","url":"https:\/\/contadoreshoy.com\/?author=1"}]}},"_links":{"self":[{"href":"https:\/\/contadoreshoy.com\/index.php?rest_route=\/wp\/v2\/posts\/6148","targetHints":{"allow":["GET"]}}],"collection":[{"href":"https:\/\/contadoreshoy.com\/index.php?rest_route=\/wp\/v2\/posts"}],"about":[{"href":"https:\/\/contadoreshoy.com\/index.php?rest_route=\/wp\/v2\/types\/post"}],"author":[{"embeddable":true,"href":"https:\/\/contadoreshoy.com\/index.php?rest_route=\/wp\/v2\/users\/1"}],"replies":[{"embeddable":true,"href":"https:\/\/contadoreshoy.com\/index.php?rest_route=%2Fwp%2Fv2%2Fcomments&post=6148"}],"version-history":[{"count":1,"href":"https:\/\/contadoreshoy.com\/index.php?rest_route=\/wp\/v2\/posts\/6148\/revisions"}],"predecessor-version":[{"id":8021,"href":"https:\/\/contadoreshoy.com\/index.php?rest_route=\/wp\/v2\/posts\/6148\/revisions\/8021"}],"wp:featuredmedia":[{"embeddable":true,"href":"https:\/\/contadoreshoy.com\/index.php?rest_route=\/wp\/v2\/media\/6200"}],"wp:attachment":[{"href":"https:\/\/contadoreshoy.com\/index.php?rest_route=%2Fwp%2Fv2%2Fmedia&parent=6148"}],"wp:term":[{"taxonomy":"category","embeddable":true,"href":"https:\/\/contadoreshoy.com\/index.php?rest_route=%2Fwp%2Fv2%2Fcategories&post=6148"},{"taxonomy":"post_tag","embeddable":true,"href":"https:\/\/contadoreshoy.com\/index.php?rest_route=%2Fwp%2Fv2%2Ftags&post=6148"}],"curies":[{"name":"wp","href":"https:\/\/api.w.org\/{rel}","templated":true}]}}