{"id":6150,"date":"2015-10-14T23:46:48","date_gmt":"2015-10-15T04:46:48","guid":{"rendered":"http:\/\/colegiocolombianodecontadores.com\/?p=6150"},"modified":"2017-02-04T22:00:25","modified_gmt":"2017-02-05T03:00:25","slug":"fabricacion-de-tarjetones-para-ejercer-el-voto-gravados-con-iva","status":"publish","type":"post","link":"https:\/\/contadoreshoy.com\/?p=6150","title":{"rendered":"Fabricaci\u00f3n de tarjetones para ejercer el voto est\u00e1 gravado con IVA ?"},"content":{"rendered":"<p style=\"text-align: center;\"><strong>OFICIO N\u00daMERO 025523 DE 2015\u00a0 DIAN<br \/>\n<\/strong><\/p>\n<p style=\"text-align: center;\">(septiembre 2)<\/p>\n<p>Subdirecci\u00f3n de Gesti\u00f3n Normativa y Doctrina<\/p>\n<p>Bogot\u00e1, D. C., 31 de agosto de 2015<\/p>\n<p>100208221-001186<\/p>\n<p style=\"text-align: justify;\"><strong>Ref.: Radicado 100022762 del 5\/08\/2015 <\/strong>Cordial saludo, se\u00f1ora Francia:<\/p>\n<p style=\"text-align: justify;\">De conformidad con el art\u00edculo 20 del Decreto n\u00famero 4048 de 2008, este despacho est\u00e1 facultado para absolver las consultas escritas que se formulen sobre la interpretaci\u00f3n y aplicaci\u00f3n de las normas tributarias, aduaneras o de comercio exterior y control cambiario en lo de competencia de la Direcci\u00f3n de Impuestos y Aduanas Nacionales.<\/p>\n<p style=\"text-align: justify;\"><span style=\"color: #0000ff;\">Consulta usted si el servicio de fabricaci\u00f3n (dise\u00f1o, impresi\u00f3n, encuadernaci\u00f3n) de tarjetones para ejercer el derecho al voto por parte de invidentes, se encuentra gravado con el impuesto sobre las ventas.<\/span><\/p>\n<p style=\"text-align: justify;\">Con respecto a los bienes necesarios para sobrellevar el estado de invidencia, <span style=\"color: #ff9900;\">el art\u00edculo 424 del E.T., se\u00f1ala como excluida del IVA la venta e importaci\u00f3n de los siguientes bienes, entre otros bienes:<\/span><\/p>\n<p style=\"text-align: justify;\"><em>90.21 Art\u00edculos y aparatos de ortopedia, incluidas las fajas y vendajes m\u00e9dicoquir\u00fargicos y las muletas; tablillas, f\u00e9rulas u otros art\u00edculos y aparatos para fracturas; art\u00edculos y aparatos de pr\u00f3tesis; aud\u00edfonos y dem\u00e1s aparatos que lleve la propia persona o se le implanten para compensar un defecto o incapacidad. Las impresoras braille, m\u00e1quinas inteligentes de lectura para ciegos, software lector de pantalla para ciegos, estereotipadoras braille, <span style=\"color: #ff9900;\"><u>l\u00edneas braille, regletas braille,<\/u> cajas aritm\u00e9ticas y de dibujo braille, <u>elementos<\/u> <\/span><u><span style=\"color: #ff9900;\">manuales o mec\u00e1nicos de escritura del sistema braille<\/span>,<\/u> as\u00ed como los bastones para ciegos aunque est\u00e9n dotados de tecnolog\u00eda, contenidos en esta partida arancelaria\u201d.<\/em> (Se subraya)<\/p>\n<p style=\"text-align: justify;\">Ahora bien, con respecto a los servicios intermedios de la producci\u00f3n la doctrina ha se\u00f1alado:<\/p>\n<p style=\"text-align: justify;\"><em>\u201cLos servicios intermedios de la producci\u00f3n, a los que se refiere el par\u00e1grafo del art\u00edculo 476 del Estatuto Tributario, hacen relaci\u00f3n a los trabajos de fabricaci\u00f3n, elaboraci\u00f3n o construcci\u00f3n de bienes corporales muebles, realizados por encargo de terceros, ya sea que supongan la obtenci\u00f3n del producto final o constituyan una etapa de su fabricaci\u00f3n, elaboraci\u00f3n o construcci\u00f3n o puesta en condiciones de utilizaci\u00f3n. <\/em><\/p>\n<p style=\"text-align: justify;\"><em>Este Despacho ha expresado en reiteradas oportunidades que los servicios de que trata el par\u00e1grafo del art\u00edculo 476 del Estatuto Tributario son aquellos de cuya prestaci\u00f3n se derive directamente un bien corporal mueble realizado dentro de un proceso de transformaci\u00f3n o se coloque en condiciones de utilizaci\u00f3n, es decir, que la relaci\u00f3n entre el servicio y el producto debe ser directa y mediata, de lo contrario no puede hablarse de servicio intermedio de la producci\u00f3n.<\/em><\/p>\n<p style=\"text-align: justify;\"><span style=\"color: #ff9900;\"><em>No sobra advertir, si quien presta el servicio pone la materia prima se pierde la esencia del concepto de servicio y simplemente se trata de la venta de un bien, en cuyo caso se deben cumplir todos los requisitos para la procedencia de la exclusi\u00f3n en la compraventa\u2026\u201d.<\/em><\/span><\/p>\n<p style=\"text-align: justify;\"><em>\u201cLa tarifa en los servicios intermedios de la producci\u00f3n es la aplicable que corresponda al bien que resulte de la prestaci\u00f3n del servicio.\u201d<\/em><strong> Oficio 097648 de 2006 noviembre 17.<\/strong><\/p>\n<p style=\"text-align: justify;\"><span style=\"color: #ff9900;\">En el caso que nos ocupa el servicio intermedio de la producci\u00f3n de los bienes referidos, da como resultado final el cuadernillo de lectura braille previsto como excluido del IVA, dentro de las especificaciones de la partida arancelaria dadas por el legislador, y por ende este servicio intermedio de la producci\u00f3n ha de entenderse para efectos pr\u00e1cticos como excluido del IVA.<\/span><\/p>\n<p style=\"text-align: justify;\">En los anteriores t\u00e9rminos se resuelve su consulta y de manera cordial le informa el despacho que la Direcci\u00f3n de Impuestos y Aduanas Nacionales, con el fin de facilitar a los contribuyentes, usuarios y p\u00fablico en general el acceso directo a sus pronunciamientos doctrinarios ha publicado en su p\u00e1gina de Internet <a href=\"http:\/\/www.dian.gov.co\">http:\/\/www.dian.gov<\/a><a href=\"http:\/\/www.dian.gov.co\">.co<\/a> la base de conceptos en materia tributaria, aduanera y cambiaria expedidos desde el a\u00f1o 2001, a la cual se puede ingresar por el \u00edcono de \u201cNormatividad\u201d_- \u201cT\u00e9cnica\u201d- dando click en el link \u201cDoctrina\u201d \u2013 \u201cDirecci\u00f3n de Gesti\u00f3n Jur\u00eddica\u201d.<\/p>\n<p style=\"text-align: justify;\">Atentamente,<\/p>\n<p style=\"text-align: justify;\">El Subdirector de Gesti\u00f3n Normativa y Doctrina (e), Direcci\u00f3n de Gesti\u00f3n Jur\u00eddica <em>Pedro Pablo Contreras Camargo.<\/em><\/p>\n<p style=\"text-align: justify;\"><strong>(C. F.).<\/strong><\/p>\n","protected":false},"excerpt":{"rendered":"<p>El servicio de fabricaci\u00f3n de tarjetones para ejercer el voto por parte de invidentes, ha de entenderse para efectos pr\u00e1cticos como excluido del IVA.<\/p>\n","protected":false},"author":1,"featured_media":6203,"comment_status":"open","ping_status":"open","sticky":false,"template":"","format":"standard","meta":{"_monsterinsights_skip_tracking":false,"ngg_post_thumbnail":0,"footnotes":"","_links_to":"","_links_to_target":""},"categories":[456,454],"tags":[],"class_list":["post-6150","post","type-post","status-publish","format-standard","has-post-thumbnail","hentry","category-conceptos-y-oficios-dian","category-sin-categoria"],"aioseo_notices":[],"aioseo_head":"\n\t\t<!-- All in One SEO 5.0.1.1 - aioseo.com -->\n\t<meta name=\"description\" content=\"El servicio de fabricaci\u00f3n de tarjetones para ejercer el voto por parte de invidentes, ha de entenderse para efectos pr\u00e1cticos como excluido del IVA.\" \/>\n\t<meta name=\"robots\" content=\"max-image-preview:large\" \/>\n\t<meta name=\"author\" content=\"Miguel Antonio M\u00e1rquez Monta\u00f1ez\"\/>\n\t<link rel=\"canonical\" href=\"https:\/\/contadoreshoy.com\/?p=6150\" \/>\n\t<meta name=\"generator\" content=\"All in One SEO (AIOSEO) 5.0.1.1\" \/>\n\t\t<meta property=\"og:locale\" content=\"es_ES\" \/>\n\t\t<meta property=\"og:site_name\" content=\"Contadores P\u00fablicos - Portal para Contadores P\u00fablicos y empresarios\" \/>\n\t\t<meta property=\"og:type\" content=\"article\" \/>\n\t\t<meta property=\"og:title\" content=\"Fabricaci\u00f3n de tarjetones para ejercer el voto est\u00e1 gravado con IVA ? - Contadores P\u00fablicos\" \/>\n\t\t<meta property=\"og:description\" content=\"El servicio de fabricaci\u00f3n de tarjetones para ejercer el voto por parte de invidentes, ha de entenderse para efectos pr\u00e1cticos como excluido del IVA.\" \/>\n\t\t<meta property=\"og:url\" content=\"https:\/\/contadoreshoy.com\/?p=6150\" \/>\n\t\t<meta property=\"og:image\" content=\"https:\/\/contadoreshoy.com\/wp-content\/uploads\/2024\/01\/cropped-cropped-cropped-Copia-de-M.jpg\" \/>\n\t\t<meta property=\"og:image:secure_url\" content=\"https:\/\/contadoreshoy.com\/wp-content\/uploads\/2024\/01\/cropped-cropped-cropped-Copia-de-M.jpg\" \/>\n\t\t<meta property=\"og:image:width\" content=\"512\" \/>\n\t\t<meta property=\"og:image:height\" content=\"371\" \/>\n\t\t<meta property=\"article:published_time\" content=\"2015-10-15T04:46:48+00:00\" \/>\n\t\t<meta property=\"article:modified_time\" content=\"2017-02-05T03:00:25+00:00\" \/>\n\t\t<meta name=\"twitter:card\" content=\"summary_large_image\" \/>\n\t\t<meta name=\"twitter:title\" content=\"Fabricaci\u00f3n de tarjetones para ejercer el voto est\u00e1 gravado con IVA ? - Contadores P\u00fablicos\" \/>\n\t\t<meta name=\"twitter:description\" content=\"El servicio de fabricaci\u00f3n de tarjetones para ejercer el voto por parte de invidentes, ha de entenderse para efectos pr\u00e1cticos como excluido del IVA.\" \/>\n\t\t<meta name=\"twitter:image\" content=\"https:\/\/contadoreshoy.com\/wp-content\/uploads\/2024\/01\/cropped-cropped-cropped-Copia-de-M.jpg\" \/>\n\t\t<script type=\"application\/ld+json\" class=\"aioseo-schema\">\n\t\t\t{\"@context\":\"https:\\\/\\\/schema.org\",\"@graph\":[{\"@type\":\"BlogPosting\",\"@id\":\"https:\\\/\\\/contadoreshoy.com\\\/?p=6150#blogposting\",\"name\":\"Fabricaci\\u00f3n de tarjetones para ejercer el voto est\\u00e1 gravado con IVA ? - Contadores P\\u00fablicos\",\"headline\":\"Fabricaci\\u00f3n de tarjetones para ejercer el voto est\\u00e1 gravado con IVA ?\",\"author\":{\"@id\":\"https:\\\/\\\/contadoreshoy.com\\\/?author=1#author\"},\"publisher\":{\"@id\":\"https:\\\/\\\/contadoreshoy.com\\\/#organization\"},\"image\":{\"@type\":\"ImageObject\",\"url\":\"https:\\\/\\\/contadoreshoy.com\\\/wp-content\\\/uploads\\\/2015\\\/10\\\/braile.jpg\",\"width\":600,\"height\":400},\"datePublished\":\"2015-10-14T23:46:48-05:00\",\"dateModified\":\"2017-02-04T22:00:25-05:00\",\"inLanguage\":\"es-ES\",\"mainEntityOfPage\":{\"@id\":\"https:\\\/\\\/contadoreshoy.com\\\/?p=6150#webpage\"},\"isPartOf\":{\"@id\":\"https:\\\/\\\/contadoreshoy.com\\\/?p=6150#webpage\"},\"articleSection\":\"Conceptos y Oficios DIAN, Sin categor\\u00eda\"},{\"@type\":\"BreadcrumbList\",\"@id\":\"https:\\\/\\\/contadoreshoy.com\\\/?p=6150#breadcrumblist\",\"itemListElement\":[{\"@type\":\"ListItem\",\"@id\":\"https:\\\/\\\/contadoreshoy.com#listItem\",\"position\":1,\"name\":\"Home\",\"item\":\"https:\\\/\\\/contadoreshoy.com\",\"nextItem\":{\"@type\":\"ListItem\",\"@id\":\"https:\\\/\\\/contadoreshoy.com\\\/?cat=454#listItem\",\"name\":\"Sin categor\\u00eda\"}},{\"@type\":\"ListItem\",\"@id\":\"https:\\\/\\\/contadoreshoy.com\\\/?cat=454#listItem\",\"position\":2,\"name\":\"Sin categor\\u00eda\",\"item\":\"https:\\\/\\\/contadoreshoy.com\\\/?cat=454\",\"nextItem\":{\"@type\":\"ListItem\",\"@id\":\"https:\\\/\\\/contadoreshoy.com\\\/?p=6150#listItem\",\"name\":\"Fabricaci\\u00f3n de tarjetones para ejercer el voto est\\u00e1 gravado con IVA ?\"},\"previousItem\":{\"@type\":\"ListItem\",\"@id\":\"https:\\\/\\\/contadoreshoy.com#listItem\",\"name\":\"Home\"}},{\"@type\":\"ListItem\",\"@id\":\"https:\\\/\\\/contadoreshoy.com\\\/?p=6150#listItem\",\"position\":3,\"name\":\"Fabricaci\\u00f3n de tarjetones para ejercer el voto est\\u00e1 gravado con IVA ?\",\"previousItem\":{\"@type\":\"ListItem\",\"@id\":\"https:\\\/\\\/contadoreshoy.com\\\/?cat=454#listItem\",\"name\":\"Sin categor\\u00eda\"}}]},{\"@type\":\"Organization\",\"@id\":\"https:\\\/\\\/contadoreshoy.com\\\/#organization\",\"name\":\"Contadores P\\u00fablicos\",\"description\":\"Portal para Contadores P\\u00fablicos y empresarios\",\"url\":\"https:\\\/\\\/contadoreshoy.com\\\/\",\"logo\":{\"@type\":\"ImageObject\",\"url\":\"https:\\\/\\\/contadoreshoy.com\\\/wp-content\\\/uploads\\\/2024\\\/01\\\/cropped-cropped-Copia-de-M-1.jpg\",\"@id\":\"https:\\\/\\\/contadoreshoy.com\\\/?p=6150\\\/#organizationLogo\",\"width\":499,\"height\":500},\"image\":{\"@id\":\"https:\\\/\\\/contadoreshoy.com\\\/?p=6150\\\/#organizationLogo\"}},{\"@type\":\"Person\",\"@id\":\"https:\\\/\\\/contadoreshoy.com\\\/?author=1#author\",\"url\":\"https:\\\/\\\/contadoreshoy.com\\\/?author=1\",\"name\":\"Miguel Antonio M\\u00e1rquez Monta\\u00f1ez\"},{\"@type\":\"WebPage\",\"@id\":\"https:\\\/\\\/contadoreshoy.com\\\/?p=6150#webpage\",\"url\":\"https:\\\/\\\/contadoreshoy.com\\\/?p=6150\",\"name\":\"Fabricaci\\u00f3n de tarjetones para ejercer el voto est\\u00e1 gravado con IVA ? - Contadores P\\u00fablicos\",\"description\":\"El servicio de fabricaci\\u00f3n de tarjetones para ejercer el voto por parte de invidentes, ha de entenderse para efectos pr\\u00e1cticos como excluido del IVA.\",\"inLanguage\":\"es-ES\",\"isPartOf\":{\"@id\":\"https:\\\/\\\/contadoreshoy.com\\\/#website\"},\"breadcrumb\":{\"@id\":\"https:\\\/\\\/contadoreshoy.com\\\/?p=6150#breadcrumblist\"},\"author\":{\"@id\":\"https:\\\/\\\/contadoreshoy.com\\\/?author=1#author\"},\"creator\":{\"@id\":\"https:\\\/\\\/contadoreshoy.com\\\/?author=1#author\"},\"image\":{\"@type\":\"ImageObject\",\"url\":\"https:\\\/\\\/contadoreshoy.com\\\/wp-content\\\/uploads\\\/2015\\\/10\\\/braile.jpg\",\"@id\":\"https:\\\/\\\/contadoreshoy.com\\\/?p=6150\\\/#mainImage\",\"width\":600,\"height\":400},\"primaryImageOfPage\":{\"@id\":\"https:\\\/\\\/contadoreshoy.com\\\/?p=6150#mainImage\"},\"datePublished\":\"2015-10-14T23:46:48-05:00\",\"dateModified\":\"2017-02-04T22:00:25-05:00\"},{\"@type\":\"WebSite\",\"@id\":\"https:\\\/\\\/contadoreshoy.com\\\/#website\",\"url\":\"https:\\\/\\\/contadoreshoy.com\\\/\",\"name\":\"Contadores P\\u00fablicos\",\"description\":\"Portal para Contadores P\\u00fablicos y empresarios\",\"inLanguage\":\"es-ES\",\"publisher\":{\"@id\":\"https:\\\/\\\/contadoreshoy.com\\\/#organization\"}}]}\n\t\t<\/script>\n\t\t<!-- All in One SEO -->\n\n","aioseo_head_json":{"title":"Fabricaci\u00f3n de tarjetones para ejercer el voto est\u00e1 gravado con IVA ? - Contadores P\u00fablicos","description":"El servicio de fabricaci\u00f3n de tarjetones para ejercer el voto por parte de invidentes, ha de entenderse para efectos pr\u00e1cticos como excluido del IVA.","canonical_url":"https:\/\/contadoreshoy.com\/?p=6150","robots":"max-image-preview:large","keywords":"","webmasterTools":{"miscellaneous":""},"schema":{"@context":"https:\/\/schema.org","@graph":[{"@type":"BlogPosting","@id":"https:\/\/contadoreshoy.com\/?p=6150#blogposting","name":"Fabricaci\u00f3n de tarjetones para ejercer el voto est\u00e1 gravado con IVA ? - Contadores P\u00fablicos","headline":"Fabricaci\u00f3n de tarjetones para ejercer el voto est\u00e1 gravado con IVA ?","author":{"@id":"https:\/\/contadoreshoy.com\/?author=1#author"},"publisher":{"@id":"https:\/\/contadoreshoy.com\/#organization"},"image":{"@type":"ImageObject","url":"https:\/\/contadoreshoy.com\/wp-content\/uploads\/2015\/10\/braile.jpg","width":600,"height":400},"datePublished":"2015-10-14T23:46:48-05:00","dateModified":"2017-02-04T22:00:25-05:00","inLanguage":"es-ES","mainEntityOfPage":{"@id":"https:\/\/contadoreshoy.com\/?p=6150#webpage"},"isPartOf":{"@id":"https:\/\/contadoreshoy.com\/?p=6150#webpage"},"articleSection":"Conceptos y Oficios DIAN, Sin categor\u00eda"},{"@type":"BreadcrumbList","@id":"https:\/\/contadoreshoy.com\/?p=6150#breadcrumblist","itemListElement":[{"@type":"ListItem","@id":"https:\/\/contadoreshoy.com#listItem","position":1,"name":"Home","item":"https:\/\/contadoreshoy.com","nextItem":{"@type":"ListItem","@id":"https:\/\/contadoreshoy.com\/?cat=454#listItem","name":"Sin categor\u00eda"}},{"@type":"ListItem","@id":"https:\/\/contadoreshoy.com\/?cat=454#listItem","position":2,"name":"Sin categor\u00eda","item":"https:\/\/contadoreshoy.com\/?cat=454","nextItem":{"@type":"ListItem","@id":"https:\/\/contadoreshoy.com\/?p=6150#listItem","name":"Fabricaci\u00f3n de tarjetones para ejercer el voto est\u00e1 gravado con IVA ?"},"previousItem":{"@type":"ListItem","@id":"https:\/\/contadoreshoy.com#listItem","name":"Home"}},{"@type":"ListItem","@id":"https:\/\/contadoreshoy.com\/?p=6150#listItem","position":3,"name":"Fabricaci\u00f3n de tarjetones para ejercer el voto est\u00e1 gravado con IVA ?","previousItem":{"@type":"ListItem","@id":"https:\/\/contadoreshoy.com\/?cat=454#listItem","name":"Sin categor\u00eda"}}]},{"@type":"Organization","@id":"https:\/\/contadoreshoy.com\/#organization","name":"Contadores P\u00fablicos","description":"Portal para Contadores P\u00fablicos y empresarios","url":"https:\/\/contadoreshoy.com\/","logo":{"@type":"ImageObject","url":"https:\/\/contadoreshoy.com\/wp-content\/uploads\/2024\/01\/cropped-cropped-Copia-de-M-1.jpg","@id":"https:\/\/contadoreshoy.com\/?p=6150\/#organizationLogo","width":499,"height":500},"image":{"@id":"https:\/\/contadoreshoy.com\/?p=6150\/#organizationLogo"}},{"@type":"Person","@id":"https:\/\/contadoreshoy.com\/?author=1#author","url":"https:\/\/contadoreshoy.com\/?author=1","name":"Miguel Antonio M\u00e1rquez Monta\u00f1ez"},{"@type":"WebPage","@id":"https:\/\/contadoreshoy.com\/?p=6150#webpage","url":"https:\/\/contadoreshoy.com\/?p=6150","name":"Fabricaci\u00f3n de tarjetones para ejercer el voto est\u00e1 gravado con IVA ? - Contadores P\u00fablicos","description":"El servicio de fabricaci\u00f3n de tarjetones para ejercer el voto por parte de invidentes, ha de entenderse para efectos pr\u00e1cticos como excluido del IVA.","inLanguage":"es-ES","isPartOf":{"@id":"https:\/\/contadoreshoy.com\/#website"},"breadcrumb":{"@id":"https:\/\/contadoreshoy.com\/?p=6150#breadcrumblist"},"author":{"@id":"https:\/\/contadoreshoy.com\/?author=1#author"},"creator":{"@id":"https:\/\/contadoreshoy.com\/?author=1#author"},"image":{"@type":"ImageObject","url":"https:\/\/contadoreshoy.com\/wp-content\/uploads\/2015\/10\/braile.jpg","@id":"https:\/\/contadoreshoy.com\/?p=6150\/#mainImage","width":600,"height":400},"primaryImageOfPage":{"@id":"https:\/\/contadoreshoy.com\/?p=6150#mainImage"},"datePublished":"2015-10-14T23:46:48-05:00","dateModified":"2017-02-04T22:00:25-05:00"},{"@type":"WebSite","@id":"https:\/\/contadoreshoy.com\/#website","url":"https:\/\/contadoreshoy.com\/","name":"Contadores P\u00fablicos","description":"Portal para Contadores P\u00fablicos y empresarios","inLanguage":"es-ES","publisher":{"@id":"https:\/\/contadoreshoy.com\/#organization"}}]},"og:locale":"es_ES","og:site_name":"Contadores P\u00fablicos - Portal para Contadores P\u00fablicos y empresarios","og:type":"article","og:title":"Fabricaci\u00f3n de tarjetones para ejercer el voto est\u00e1 gravado con IVA ? - Contadores P\u00fablicos","og:description":"El servicio de fabricaci\u00f3n de tarjetones para ejercer el voto por parte de invidentes, ha de entenderse para efectos pr\u00e1cticos como excluido del IVA.","og:url":"https:\/\/contadoreshoy.com\/?p=6150","og:image":"https:\/\/contadoreshoy.com\/wp-content\/uploads\/2024\/01\/cropped-cropped-cropped-Copia-de-M.jpg","og:image:secure_url":"https:\/\/contadoreshoy.com\/wp-content\/uploads\/2024\/01\/cropped-cropped-cropped-Copia-de-M.jpg","og:image:width":512,"og:image:height":371,"article:published_time":"2015-10-15T04:46:48+00:00","article:modified_time":"2017-02-05T03:00:25+00:00","twitter:card":"summary_large_image","twitter:title":"Fabricaci\u00f3n de tarjetones para ejercer el voto est\u00e1 gravado con IVA ? - Contadores P\u00fablicos","twitter:description":"El servicio de fabricaci\u00f3n de tarjetones para ejercer el voto por parte de invidentes, ha de entenderse para efectos pr\u00e1cticos como excluido del IVA.","twitter:image":"https:\/\/contadoreshoy.com\/wp-content\/uploads\/2024\/01\/cropped-cropped-cropped-Copia-de-M.jpg"},"aioseo_meta_data":{"post_id":"6150","title":null,"description":null,"keywords":null,"keyphrases":null,"primary_term":null,"canonical_url":null,"og_title":null,"og_description":null,"og_object_type":"default","og_image_type":"default","og_image_url":null,"og_image_width":null,"og_image_height":null,"og_image_custom_url":null,"og_image_custom_fields":null,"og_video":null,"og_custom_url":null,"og_article_section":null,"og_article_tags":null,"twitter_use_og":false,"twitter_card":"default","twitter_image_type":"default","twitter_image_url":null,"twitter_image_custom_url":null,"twitter_image_custom_fields":null,"twitter_title":null,"twitter_description":null,"schema":{"blockGraphs":[],"customGraphs":[],"default":{"data":{"Article":[],"Course":[],"Dataset":[],"FAQPage":[],"Movie":[],"Person":[],"Product":[],"ProductReview":[],"Car":[],"Recipe":[],"Service":[],"SoftwareApplication":[],"WebPage":[]},"graphName":"","isEnabled":true},"graphs":[]},"schema_type":"default","schema_type_options":null,"pillar_content":false,"robots_default":true,"robots_noindex":false,"robots_noarchive":false,"robots_nosnippet":false,"robots_nofollow":false,"robots_noimageindex":false,"robots_noodp":false,"robots_notranslate":false,"robots_max_snippet":null,"robots_max_videopreview":null,"robots_max_imagepreview":"large","priority":null,"frequency":null,"local_seo":null,"breadcrumb_settings":null,"limit_modified_date":false,"ai":null,"created":"2024-03-05 01:19:35","updated":"2026-03-03 04:39:41","seo_analyzer_scan_date":null,"focus_keyword":null,"additional_keywords":null,"truseo_locale":null},"aioseo_breadcrumb":"<div class=\"aioseo-breadcrumbs\"><span class=\"aioseo-breadcrumb\">\n\t\t\t<a href=\"https:\/\/contadoreshoy.com\" title=\"Home\">Home<\/a>\n\t\t<\/span><span class=\"aioseo-breadcrumb-separator\">&raquo;<\/span><span class=\"aioseo-breadcrumb\">\n\t\t\t<a href=\"https:\/\/contadoreshoy.com\/?cat=454\" title=\"Sin categor\u00eda\">Sin categor\u00eda<\/a>\n\t\t<\/span><span class=\"aioseo-breadcrumb-separator\">&raquo;<\/span><span class=\"aioseo-breadcrumb\">\n\t\t\tFabricaci\u00f3n de tarjetones para ejercer el voto est\u00e1 gravado con IVA ?\n\t\t<\/span><\/div>","aioseo_breadcrumb_json":[{"label":"Home","link":"https:\/\/contadoreshoy.com"},{"label":"Sin categor\u00eda","link":"https:\/\/contadoreshoy.com\/?cat=454"},{"label":"Fabricaci\u00f3n de tarjetones para ejercer el voto est\u00e1 gravado con IVA ?","link":"https:\/\/contadoreshoy.com\/?p=6150"}],"yoast_head":"<!-- This site is optimized with the Yoast SEO plugin v28.4 - https:\/\/yoast.com\/product\/yoast-seo-wordpress\/ -->\n<title>Fabricaci\u00f3n de tarjetones para ejercer el voto est\u00e1 gravado con IVA ? - Contadores P\u00fablicos<\/title>\n<meta name=\"robots\" content=\"index, follow, max-snippet:-1, max-image-preview:large, max-video-preview:-1\" \/>\n<link rel=\"canonical\" href=\"https:\/\/contadoreshoy.com\/?p=6150\" \/>\n<meta property=\"og:locale\" content=\"es_ES\" \/>\n<meta property=\"og:type\" content=\"article\" \/>\n<meta property=\"og:title\" content=\"Fabricaci\u00f3n de tarjetones para ejercer el voto est\u00e1 gravado con IVA ? - Contadores P\u00fablicos\" \/>\n<meta property=\"og:description\" content=\"El servicio de fabricaci\u00f3n de tarjetones para ejercer el voto por parte de invidentes, ha de entenderse para efectos pr\u00e1cticos como excluido del IVA.\" \/>\n<meta property=\"og:url\" content=\"https:\/\/contadoreshoy.com\/?p=6150\" \/>\n<meta property=\"og:site_name\" content=\"Contadores P\u00fablicos\" \/>\n<meta property=\"article:publisher\" content=\"https:\/\/www.facebook.com\/CCCPBucaramanga\/\" \/>\n<meta property=\"article:published_time\" content=\"2015-10-15T04:46:48+00:00\" \/>\n<meta property=\"article:modified_time\" content=\"2017-02-05T03:00:25+00:00\" \/>\n<meta property=\"og:image\" content=\"https:\/\/contadoreshoy.com\/wp-content\/uploads\/2015\/10\/braile.jpg\" \/>\n\t<meta property=\"og:image:width\" content=\"600\" \/>\n\t<meta property=\"og:image:height\" content=\"400\" \/>\n\t<meta property=\"og:image:type\" content=\"image\/jpeg\" \/>\n<meta name=\"author\" content=\"Miguel Antonio M\u00e1rquez Monta\u00f1ez\" \/>\n<meta name=\"twitter:card\" content=\"summary_large_image\" \/>\n<meta name=\"twitter:label1\" content=\"Escrito por\" \/>\n\t<meta name=\"twitter:data1\" content=\"Miguel Antonio M\u00e1rquez Monta\u00f1ez\" \/>\n\t<meta name=\"twitter:label2\" content=\"Tiempo de lectura\" \/>\n\t<meta name=\"twitter:data2\" content=\"4 minutos\" \/>\n<script type=\"application\/ld+json\" class=\"yoast-schema-graph\">{\"@context\":\"https:\\\/\\\/schema.org\",\"@graph\":[{\"@type\":\"Article\",\"@id\":\"https:\\\/\\\/contadoreshoy.com\\\/?p=6150#article\",\"isPartOf\":{\"@id\":\"https:\\\/\\\/contadoreshoy.com\\\/?p=6150\"},\"author\":{\"name\":\"Miguel Antonio M\u00e1rquez Monta\u00f1ez\",\"@id\":\"https:\\\/\\\/contadoreshoy.com\\\/#\\\/schema\\\/person\\\/96d8979cb865537c5dc9345e40089fc5\"},\"headline\":\"Fabricaci\u00f3n de tarjetones para ejercer el voto est\u00e1 gravado con IVA ?\",\"datePublished\":\"2015-10-15T04:46:48+00:00\",\"dateModified\":\"2017-02-05T03:00:25+00:00\",\"mainEntityOfPage\":{\"@id\":\"https:\\\/\\\/contadoreshoy.com\\\/?p=6150\"},\"wordCount\":722,\"commentCount\":0,\"publisher\":{\"@id\":\"https:\\\/\\\/contadoreshoy.com\\\/#organization\"},\"image\":{\"@id\":\"https:\\\/\\\/contadoreshoy.com\\\/?p=6150#primaryimage\"},\"thumbnailUrl\":\"https:\\\/\\\/contadoreshoy.com\\\/wp-content\\\/uploads\\\/2015\\\/10\\\/braile.jpg\",\"articleSection\":[\"Conceptos y Oficios DIAN\"],\"inLanguage\":\"es\",\"potentialAction\":[{\"@type\":\"CommentAction\",\"name\":\"Comment\",\"target\":[\"https:\\\/\\\/contadoreshoy.com\\\/?p=6150#respond\"]}]},{\"@type\":\"WebPage\",\"@id\":\"https:\\\/\\\/contadoreshoy.com\\\/?p=6150\",\"url\":\"https:\\\/\\\/contadoreshoy.com\\\/?p=6150\",\"name\":\"Fabricaci\u00f3n de tarjetones para ejercer el voto est\u00e1 gravado con IVA ? - Contadores P\u00fablicos\",\"isPartOf\":{\"@id\":\"https:\\\/\\\/contadoreshoy.com\\\/#website\"},\"primaryImageOfPage\":{\"@id\":\"https:\\\/\\\/contadoreshoy.com\\\/?p=6150#primaryimage\"},\"image\":{\"@id\":\"https:\\\/\\\/contadoreshoy.com\\\/?p=6150#primaryimage\"},\"thumbnailUrl\":\"https:\\\/\\\/contadoreshoy.com\\\/wp-content\\\/uploads\\\/2015\\\/10\\\/braile.jpg\",\"datePublished\":\"2015-10-15T04:46:48+00:00\",\"dateModified\":\"2017-02-05T03:00:25+00:00\",\"breadcrumb\":{\"@id\":\"https:\\\/\\\/contadoreshoy.com\\\/?p=6150#breadcrumb\"},\"inLanguage\":\"es\",\"potentialAction\":[{\"@type\":\"ReadAction\",\"target\":[\"https:\\\/\\\/contadoreshoy.com\\\/?p=6150\"]}]},{\"@type\":\"ImageObject\",\"inLanguage\":\"es\",\"@id\":\"https:\\\/\\\/contadoreshoy.com\\\/?p=6150#primaryimage\",\"url\":\"https:\\\/\\\/contadoreshoy.com\\\/wp-content\\\/uploads\\\/2015\\\/10\\\/braile.jpg\",\"contentUrl\":\"https:\\\/\\\/contadoreshoy.com\\\/wp-content\\\/uploads\\\/2015\\\/10\\\/braile.jpg\",\"width\":600,\"height\":400},{\"@type\":\"BreadcrumbList\",\"@id\":\"https:\\\/\\\/contadoreshoy.com\\\/?p=6150#breadcrumb\",\"itemListElement\":[{\"@type\":\"ListItem\",\"position\":1,\"name\":\"Portada\",\"item\":\"https:\\\/\\\/contadoreshoy.com\\\/\"},{\"@type\":\"ListItem\",\"position\":2,\"name\":\"Fabricaci\u00f3n de tarjetones para ejercer el voto est\u00e1 gravado con IVA ?\"}]},{\"@type\":\"WebSite\",\"@id\":\"https:\\\/\\\/contadoreshoy.com\\\/#website\",\"url\":\"https:\\\/\\\/contadoreshoy.com\\\/\",\"name\":\"Contadorespublicossantander\",\"description\":\"Portal para Contadores P\u00fablicos y empresarios\",\"publisher\":{\"@id\":\"https:\\\/\\\/contadoreshoy.com\\\/#organization\"},\"potentialAction\":[{\"@type\":\"SearchAction\",\"target\":{\"@type\":\"EntryPoint\",\"urlTemplate\":\"https:\\\/\\\/contadoreshoy.com\\\/?s={search_term_string}\"},\"query-input\":{\"@type\":\"PropertyValueSpecification\",\"valueRequired\":true,\"valueName\":\"search_term_string\"}}],\"inLanguage\":\"es\"},{\"@type\":\"Organization\",\"@id\":\"https:\\\/\\\/contadoreshoy.com\\\/#organization\",\"name\":\"Contadores P\u00fablicos de Santander\",\"url\":\"https:\\\/\\\/contadoreshoy.com\\\/\",\"logo\":{\"@type\":\"ImageObject\",\"inLanguage\":\"es\",\"@id\":\"https:\\\/\\\/contadoreshoy.com\\\/#\\\/schema\\\/logo\\\/image\\\/\",\"url\":\"https:\\\/\\\/contadoreshoy.com\\\/wp-content\\\/uploads\\\/2024\\\/01\\\/cropped-cropped-Copia-de-M-1.jpg\",\"contentUrl\":\"https:\\\/\\\/contadoreshoy.com\\\/wp-content\\\/uploads\\\/2024\\\/01\\\/cropped-cropped-Copia-de-M-1.jpg\",\"width\":499,\"height\":500,\"caption\":\"Contadores P\u00fablicos de Santander\"},\"image\":{\"@id\":\"https:\\\/\\\/contadoreshoy.com\\\/#\\\/schema\\\/logo\\\/image\\\/\"},\"sameAs\":[\"https:\\\/\\\/www.facebook.com\\\/CCCPBucaramanga\\\/\"]},{\"@type\":\"Person\",\"@id\":\"https:\\\/\\\/contadoreshoy.com\\\/#\\\/schema\\\/person\\\/96d8979cb865537c5dc9345e40089fc5\",\"name\":\"Miguel Antonio M\u00e1rquez Monta\u00f1ez\",\"description\":\"Contador P\u00fablico egresado de la Universidad Aut\u00f3noma de Bucaramanga - Asesor contable tributario con m\u00e1s de 25 a\u00f1os de experiencia - Conferencista en temas contables y tributarios - T\u00e9cnico en Hardware y Dise\u00f1o Web - Creador y director Grupo de Estudio Colegio Colombiano de Contadores P\u00fablicos de Bucaramanga - Creador y Master Web p\u00e1gina www.contadoresp\u00fablicossantander.com - Expresidente Colegio Colombiano de Contadores P\u00fablicos Bucaramanga\",\"url\":\"https:\\\/\\\/contadoreshoy.com\\\/?author=1\"}]}<\/script>\n<!-- \/ Yoast SEO plugin. -->","yoast_head_json":{"title":"Fabricaci\u00f3n de tarjetones para ejercer el voto est\u00e1 gravado con IVA ? - Contadores P\u00fablicos","robots":{"index":"index","follow":"follow","max-snippet":"max-snippet:-1","max-image-preview":"max-image-preview:large","max-video-preview":"max-video-preview:-1"},"canonical":"https:\/\/contadoreshoy.com\/?p=6150","og_locale":"es_ES","og_type":"article","og_title":"Fabricaci\u00f3n de tarjetones para ejercer el voto est\u00e1 gravado con IVA ? - Contadores P\u00fablicos","og_description":"El servicio de fabricaci\u00f3n de tarjetones para ejercer el voto por parte de invidentes, ha de entenderse para efectos pr\u00e1cticos como excluido del IVA.","og_url":"https:\/\/contadoreshoy.com\/?p=6150","og_site_name":"Contadores P\u00fablicos","article_publisher":"https:\/\/www.facebook.com\/CCCPBucaramanga\/","article_published_time":"2015-10-15T04:46:48+00:00","article_modified_time":"2017-02-05T03:00:25+00:00","og_image":[{"width":600,"height":400,"url":"https:\/\/contadoreshoy.com\/wp-content\/uploads\/2015\/10\/braile.jpg","type":"image\/jpeg"}],"author":"Miguel Antonio M\u00e1rquez Monta\u00f1ez","twitter_card":"summary_large_image","twitter_misc":{"Escrito por":"Miguel Antonio M\u00e1rquez Monta\u00f1ez","Tiempo de lectura":"4 minutos"},"schema":{"@context":"https:\/\/schema.org","@graph":[{"@type":"Article","@id":"https:\/\/contadoreshoy.com\/?p=6150#article","isPartOf":{"@id":"https:\/\/contadoreshoy.com\/?p=6150"},"author":{"name":"Miguel Antonio M\u00e1rquez Monta\u00f1ez","@id":"https:\/\/contadoreshoy.com\/#\/schema\/person\/96d8979cb865537c5dc9345e40089fc5"},"headline":"Fabricaci\u00f3n de tarjetones para ejercer el voto est\u00e1 gravado con IVA ?","datePublished":"2015-10-15T04:46:48+00:00","dateModified":"2017-02-05T03:00:25+00:00","mainEntityOfPage":{"@id":"https:\/\/contadoreshoy.com\/?p=6150"},"wordCount":722,"commentCount":0,"publisher":{"@id":"https:\/\/contadoreshoy.com\/#organization"},"image":{"@id":"https:\/\/contadoreshoy.com\/?p=6150#primaryimage"},"thumbnailUrl":"https:\/\/contadoreshoy.com\/wp-content\/uploads\/2015\/10\/braile.jpg","articleSection":["Conceptos y Oficios DIAN"],"inLanguage":"es","potentialAction":[{"@type":"CommentAction","name":"Comment","target":["https:\/\/contadoreshoy.com\/?p=6150#respond"]}]},{"@type":"WebPage","@id":"https:\/\/contadoreshoy.com\/?p=6150","url":"https:\/\/contadoreshoy.com\/?p=6150","name":"Fabricaci\u00f3n de tarjetones para ejercer el voto est\u00e1 gravado con IVA ? - Contadores P\u00fablicos","isPartOf":{"@id":"https:\/\/contadoreshoy.com\/#website"},"primaryImageOfPage":{"@id":"https:\/\/contadoreshoy.com\/?p=6150#primaryimage"},"image":{"@id":"https:\/\/contadoreshoy.com\/?p=6150#primaryimage"},"thumbnailUrl":"https:\/\/contadoreshoy.com\/wp-content\/uploads\/2015\/10\/braile.jpg","datePublished":"2015-10-15T04:46:48+00:00","dateModified":"2017-02-05T03:00:25+00:00","breadcrumb":{"@id":"https:\/\/contadoreshoy.com\/?p=6150#breadcrumb"},"inLanguage":"es","potentialAction":[{"@type":"ReadAction","target":["https:\/\/contadoreshoy.com\/?p=6150"]}]},{"@type":"ImageObject","inLanguage":"es","@id":"https:\/\/contadoreshoy.com\/?p=6150#primaryimage","url":"https:\/\/contadoreshoy.com\/wp-content\/uploads\/2015\/10\/braile.jpg","contentUrl":"https:\/\/contadoreshoy.com\/wp-content\/uploads\/2015\/10\/braile.jpg","width":600,"height":400},{"@type":"BreadcrumbList","@id":"https:\/\/contadoreshoy.com\/?p=6150#breadcrumb","itemListElement":[{"@type":"ListItem","position":1,"name":"Portada","item":"https:\/\/contadoreshoy.com\/"},{"@type":"ListItem","position":2,"name":"Fabricaci\u00f3n de tarjetones para ejercer el voto est\u00e1 gravado con IVA ?"}]},{"@type":"WebSite","@id":"https:\/\/contadoreshoy.com\/#website","url":"https:\/\/contadoreshoy.com\/","name":"Contadorespublicossantander","description":"Portal para Contadores P\u00fablicos y empresarios","publisher":{"@id":"https:\/\/contadoreshoy.com\/#organization"},"potentialAction":[{"@type":"SearchAction","target":{"@type":"EntryPoint","urlTemplate":"https:\/\/contadoreshoy.com\/?s={search_term_string}"},"query-input":{"@type":"PropertyValueSpecification","valueRequired":true,"valueName":"search_term_string"}}],"inLanguage":"es"},{"@type":"Organization","@id":"https:\/\/contadoreshoy.com\/#organization","name":"Contadores P\u00fablicos de Santander","url":"https:\/\/contadoreshoy.com\/","logo":{"@type":"ImageObject","inLanguage":"es","@id":"https:\/\/contadoreshoy.com\/#\/schema\/logo\/image\/","url":"https:\/\/contadoreshoy.com\/wp-content\/uploads\/2024\/01\/cropped-cropped-Copia-de-M-1.jpg","contentUrl":"https:\/\/contadoreshoy.com\/wp-content\/uploads\/2024\/01\/cropped-cropped-Copia-de-M-1.jpg","width":499,"height":500,"caption":"Contadores P\u00fablicos de Santander"},"image":{"@id":"https:\/\/contadoreshoy.com\/#\/schema\/logo\/image\/"},"sameAs":["https:\/\/www.facebook.com\/CCCPBucaramanga\/"]},{"@type":"Person","@id":"https:\/\/contadoreshoy.com\/#\/schema\/person\/96d8979cb865537c5dc9345e40089fc5","name":"Miguel Antonio M\u00e1rquez Monta\u00f1ez","description":"Contador P\u00fablico egresado de la Universidad Aut\u00f3noma de Bucaramanga - Asesor contable tributario con m\u00e1s de 25 a\u00f1os de experiencia - Conferencista en temas contables y tributarios - T\u00e9cnico en Hardware y Dise\u00f1o Web - Creador y director Grupo de Estudio Colegio Colombiano de Contadores P\u00fablicos de Bucaramanga - Creador y Master Web p\u00e1gina www.contadoresp\u00fablicossantander.com - Expresidente Colegio Colombiano de Contadores P\u00fablicos Bucaramanga","url":"https:\/\/contadoreshoy.com\/?author=1"}]}},"_links":{"self":[{"href":"https:\/\/contadoreshoy.com\/index.php?rest_route=\/wp\/v2\/posts\/6150","targetHints":{"allow":["GET"]}}],"collection":[{"href":"https:\/\/contadoreshoy.com\/index.php?rest_route=\/wp\/v2\/posts"}],"about":[{"href":"https:\/\/contadoreshoy.com\/index.php?rest_route=\/wp\/v2\/types\/post"}],"author":[{"embeddable":true,"href":"https:\/\/contadoreshoy.com\/index.php?rest_route=\/wp\/v2\/users\/1"}],"replies":[{"embeddable":true,"href":"https:\/\/contadoreshoy.com\/index.php?rest_route=%2Fwp%2Fv2%2Fcomments&post=6150"}],"version-history":[{"count":1,"href":"https:\/\/contadoreshoy.com\/index.php?rest_route=\/wp\/v2\/posts\/6150\/revisions"}],"predecessor-version":[{"id":8020,"href":"https:\/\/contadoreshoy.com\/index.php?rest_route=\/wp\/v2\/posts\/6150\/revisions\/8020"}],"wp:featuredmedia":[{"embeddable":true,"href":"https:\/\/contadoreshoy.com\/index.php?rest_route=\/wp\/v2\/media\/6203"}],"wp:attachment":[{"href":"https:\/\/contadoreshoy.com\/index.php?rest_route=%2Fwp%2Fv2%2Fmedia&parent=6150"}],"wp:term":[{"taxonomy":"category","embeddable":true,"href":"https:\/\/contadoreshoy.com\/index.php?rest_route=%2Fwp%2Fv2%2Fcategories&post=6150"},{"taxonomy":"post_tag","embeddable":true,"href":"https:\/\/contadoreshoy.com\/index.php?rest_route=%2Fwp%2Fv2%2Ftags&post=6150"}],"curies":[{"name":"wp","href":"https:\/\/api.w.org\/{rel}","templated":true}]}}