{"id":6152,"date":"2015-10-15T23:48:40","date_gmt":"2015-10-16T04:48:40","guid":{"rendered":"http:\/\/colegiocolombianodecontadores.com\/?p=6152"},"modified":"2017-02-04T22:00:25","modified_gmt":"2017-02-05T03:00:25","slug":"tenencia-minima-de-acciones-en-escision-reorganizativa","status":"publish","type":"post","link":"https:\/\/contadoreshoy.com\/?p=6152","title":{"rendered":"Tenencia m\u00ednima de acciones en escisi\u00f3n reorganizativa"},"content":{"rendered":"<p style=\"text-align: center;\"><strong>OFICIO N\u00daMERO 025600 DE 2015 DIAN<br \/>\n<\/strong><\/p>\n<p style=\"text-align: center;\">(septiembre 2)<\/p>\n<p>Subdirecci\u00f3n de Gesti\u00f3n Normativa y Doctrina<\/p>\n<p>Bogot\u00e1, D. C., 31 de agosto de 2015<\/p>\n<p>100208221-001192<\/p>\n<p><strong>Ref.: Radicado 008733 del 22\/10\/2014<\/strong><\/p>\n<p>Tema: \u00a0 \u00a0 \u00a0 \u00a0 \u00a0 \u00a0 \u00a0 \u00a0 \u00a0 \u00a0 \u00a0 \u00a0 \u00a0 \u00a0 \u00a0 \u00a0 \u00a0 \u00a0 \u00a0 Impuesto sobre la renta y complementarios.<\/p>\n<p>Descriptores: \u00a0 \u00a0 \u00a0 \u00a0 \u00a0 \u00a0 \u00a0 \u00a0 \u00a0 \u00a0 \u00a0 \u00a0 \u00a0Escisiones reorganizativas &#8211; enajenaci\u00f3n de acciones &#8211; tenencia m\u00ednima<\/p>\n<p>Fuentes Formales: \u00a0 \u00a0 \u00a0 \u00a0 \u00a0 \u00a0 \u00a0 \u00a0 Estatuto Tributario, art\u00edculo 319-6 numeral 4<\/p>\n<p>Cordial saludo, se\u00f1or Gonz\u00e1lez.<\/p>\n<p style=\"text-align: justify;\">De conformidad con el art\u00edculo 20 del Decreto 4048 de 2008, este despacho est\u00e1 facultado para absolver las consultas escritas que se formulen sobre la interpretaci\u00f3n y aplicaci\u00f3n de las normas tributarias, aduaneras o de comercio exterior y control cambiario en lo de competencia de la Direcci\u00f3n de Impuestos y Aduanas Nacionales.<\/p>\n<p style=\"text-align: justify;\">En radicado de la referencia consulta <span style=\"color: #0000ff;\">\u00bf\u201cpara el caso de la escisi\u00f3n reorganizativa, las acciones que est\u00e1n sujetas al cumplimiento del requisito de tenencia m\u00ednima aplica, solamente a las acciones de la sociedad beneficiaria de la escisi\u00f3n o tambi\u00e9n aplica a las acciones que se conservan en la sociedad escindente?\u201d.<\/span><\/p>\n<p style=\"text-align: justify;\">Para el efecto se considera:<\/p>\n<p style=\"text-align: justify;\">El art\u00edculo 98 de la Ley 1607 de 2012 adicion\u00f3 el Libro 1 del Estatuto Tributario con el T\u00edtulo IV regulando el tema de Reorganizaciones Empresariales, t\u00edtulo que comprende las reorganizaciones empresariales a trav\u00e9s de fusiones y\/o escisiones. El art\u00edculo 319-5, prev\u00e9 lo relativo a las fusiones y escisiones reorganizativas, as\u00ed:<\/p>\n<p style=\"text-align: justify;\"><em>\u201cART\u00cdCULO 319-5.<strong> FUSIONES Y ESCISIONES REORGANIZATIVAS.<\/strong><u> Se entiende por<\/u> <u>tales,<\/u> aquellas fusiones en las cuales las entidades participantes en la fusi\u00f3n est\u00e9n vinculadas entre s\u00ed y <u>aquellas escisiones en las cuales la entidad escindente y las entidades beneficiarias,<\/u> <u>si existieren al momento de la escisi\u00f3n, est\u00e9n vinculadas entre s\u00ed.<\/u> Tambi\u00e9n tendr\u00e1n el car\u00e1cter de fusiones reorganizativas aquellas fusiones por absorci\u00f3n entre una sociedad matriz y sus subordinadas. <u>As\u00ed mismo, tendr\u00e1n el car\u00e1cter de reorganizativas las escisiones por creaci\u00f3n,<\/u> <u>siempre que el patrimonio de las sociedades beneficiarias creadas en virtud de la escisi\u00f3n<\/u> <u>est\u00e9 constituido exclusivamente por el patrimonio escindindo existente al momento de la<\/u> <u>escisi\u00f3n.<\/u> Para efectos de la determinaci\u00f3n de la existencia o no de vinculaci\u00f3n, se acudir\u00e1 a los criterios establecidos en el art\u00edculo 260-1 de este Estatuto\u201d.<\/em> (Subrayado fuera de texto).<\/p>\n<p style=\"text-align: justify;\">De otra parte, el art\u00edculo 319-6 del Estatuto Tributario, se\u00f1ala, entre otros, los efectos de las escisiones reorganizativas, en los siguientes t\u00e9rminos:<\/p>\n<p style=\"text-align: justify;\"><em>ART\u00cdCULO 319-6. <strong>EFECTOS EN LAS FUSIONES Y ESCISIONES REORGANIZATIVAS ENTRE ENTIDADES.<\/strong> Las Fusiones y <u>Escisiones Reorganizativas tendr\u00e1n los<\/u> <u>efectos que a continuaci\u00f3n se se\u00f1alan<\/u>:<\/em><\/p>\n<ol style=\"text-align: justify;\">\n<li><em><u>No se entender\u00e1 que las entidades intervinientes en la respectiva<\/u> fusi\u00f3n o <u>escisi\u00f3n, sea<\/u> <u>como<\/u> absorbidas o <u>escindentes (es decir, como enajenantes) o como<\/u> absorbentes resultantes de la fusi\u00f3n o <u>beneficiarias (es decir, como adquirentes), experimentan ingreso gravable<\/u> <u>alguno como consecuencia de la transferencia de activos entre s\u00ed, ni se entender\u00e1 que dicha<\/u> <u>transferencia constituye enajenaci\u00f3n para efectos fiscales.<\/u><\/em><\/li>\n<li><em><u>Para la entidad adquirente el costo fiscal de los bienes transferidos ser\u00e1 el mismo que<\/u> <u>tenga la enajenante respecto de tales bienes,<\/u> de lo cual se dejar\u00e1 constancia en el documento que contenga el acto jur\u00eddico de fusi\u00f3n o escisi\u00f3n. Para efectos de depreciaci\u00f3n o amortizaci\u00f3n fiscal en cabeza de la entidad adquirente, no habr\u00e1 lugar a extensiones o reducciones en la vida \u00fatil de los bienes transferidos, ni a modificaciones del costo fiscal base de depreciaci\u00f3n o amortizaci\u00f3n.<\/em><\/li>\n<li><em><u>Los bienes transferidos conservar\u00e1n para efectos fiscales en la entidad adquirente, la<\/u> <u>misma naturaleza de activos fijos o movibles que tengan para la entidad enajenante<\/u> en el momento de la respectiva fusi\u00f3n o escisi\u00f3n.<\/em><\/li>\n<li><em><u>Respecto de los accionistas, socios o part\u00edcipes en las entidades participantes, no<\/u> <u>se entender\u00e1 que existe enajenaci\u00f3n de acciones, cuotas o participaciones, siempre que se<\/u> <u>cumplan los siguientes requisitos: \u00a0\u00a0<\/u><\/em><\/li>\n<\/ol>\n<ul>\n<li style=\"text-align: justify;\"><em>Que en el caso de la fusi\u00f3n, los accionistas, socios o part\u00edcipes titulares de por lo menos el ochenta y cinco por ciento (85%) de las acciones, cuotas, participaciones, derechos econ\u00f3micos y derechos pol\u00edticos en cada una de las entidades fusionadas, participen luego de la fusi\u00f3n en la entidad absorbente o resultante de la fusi\u00f3n, con acciones, cuotas sociales, participaciones, derechos econ\u00f3micos y derechos pol\u00edticos equivalentes en sustancia, a aquellos que tengan antes de la fusi\u00f3n aunque proporcionales a su participaci\u00f3n en la entidad resultante de la fusi\u00f3n;<\/em><\/li>\n<li style=\"text-align: justify;\"><em><u>Que en el caso de la escisi\u00f3n, los accionistas, socios o part\u00edcipes titulares de por lo<\/u> <u>menos el ochenta y cinco por ciento (85%) de las acciones, cuotas, participaciones, derechos<\/u> <u>econ\u00f3micos y derechos pol\u00edticos en la entidad escindente, participen luego de la escisi\u00f3n<\/u> <u>en la enajenante misma o en una o m\u00e1s de las entidades beneficiarias, con acciones, cuotas<\/u> <u>sociales, participaciones, derechos econ\u00f3micos y derechos pol\u00edticos equivalentes en sustancia<\/u> <u>a aquellos que tengan antes de la escisi\u00f3n, aunque en proporci\u00f3n a su participaci\u00f3n en la<\/u> <u>entidad enajenante o beneficiaria respectiva;<\/u><\/em><\/li>\n<li style=\"text-align: justify;\"><em><u>Que en los eventos previstos en los literales a) y b) anteriores, la participaci\u00f3n o<\/u> <u>derechos que reciba el respectivo accionista, socio o part\u00edcipe en la entidad resultante de la<\/u> <u>fusi\u00f3n o en la escindente o en la entidad beneficiaria o beneficiarias respectivas constituya<\/u> <u>no menos del noventa y nueve por ciento (99%) de la contraprestaci\u00f3n que reciba el respectivo accionista, socio o part\u00edcipe por sus acciones, cuotas, participaciones o derechos en<\/u> <u>la entidad absorbente o escindente sobre bases comerciales razonables<\/u> seg\u00fan las mismas se reflejen en el m\u00e9todo de valoraci\u00f3n y en el mecanismo de intercambio adoptado para la respectiva fusi\u00f3n o escisi\u00f3n;<\/em><\/li>\n<li style=\"text-align: justify;\"><em><u>Si los accionistas, socios o part\u00edcipes a que se refieren los literales a) y b) anteriores,<\/u> <u>enajenan o ceden a cualquier t\u00edtulo las acciones, cuotas sociales, participaciones, derechos<\/u> <u>pol\u00edticos o econ\u00f3micos antes de que finalice el segundo a\u00f1o gravable siguiente al a\u00f1o gravable en el cual se perfeccione la respectiva fusi\u00f3n o escisi\u00f3n, deber\u00e1n pagar por concepto de<\/u> <u>impuesto sobre la renta y complementarios por el respectivo acto de enajenaci\u00f3n o cesi\u00f3n,<\/u> <u>el que aplique al mismo acto de enajenaci\u00f3n, adicionado en un treinta por ciento (30%), sin<\/u> <u>que en ning\u00fan caso dicho impuesto de renta resulte inferior al diez por ciento (10%) del valor<\/u> <u>asignado a las acciones, cuotas, participaciones o derechos del respectivo accionista, socio<\/u> <u>o part\u00edcipe en la<\/u> fusi\u00f3n o <u>escisi\u00f3n seg\u00fan el m\u00e9todo de valoraci\u00f3n adoptado para la misma.<\/u> Las disposiciones contenidas en este literal c) no aplicar\u00e1n a ventas forzadas, transferencias por causa de muerte, transferencias a t\u00edtulo de escisi\u00f3n o fusi\u00f3n que cumpla con los mismos requisitos establecidos en este art\u00edculo y transferencias a t\u00edtulo de liquidaci\u00f3n;<\/em><\/li>\n<li style=\"text-align: justify;\"><em>Los accionistas, socios o part\u00edcipes a que se refieren los literales a) y b) anteriores, tendr\u00e1n como <u>costo fiscal respecto de las acciones, cuotas sociales o participaciones que<\/u> <u>reciban en la entidad adquirente respectiva<\/u>, el mismo costo fiscal que ten\u00edan respecto de las acciones, cuotas sociales o participaciones en la entidad enajenante, <u>sin que se entienda que<\/u> <u>existe soluci\u00f3n de continuidad en la propiedad sobre la inversi\u00f3n,<\/u> ni que haya lugar a cambio alguno en cuanto a la naturaleza de la inversi\u00f3n como activo fijo o movible;\u00a0<\/em><\/li>\n<li><em>Si como contraprestaci\u00f3n por todas o parte de las acciones, cuotas sociales, participaciones o derechos que cualquiera de los accionistas, socios o part\u00edcipes de cualquiera de las entidades enajenantes, estos recibieran dinero <u>u otras especies distintas de acciones, cuotas<\/u> <u>sociales, participaciones o derechos en la entidad adquirente, la totalidad de las acciones,<\/u> <u>cuotas sociales, participaciones o derechos que tengan en el momento de la fusi\u00f3n o escisi\u00f3n<\/u> <u>en la entidad enajenante,<\/u> se entender\u00e1n enajenadas bajo las reglas generales establecidas en este Estatuto y en otras leyes y estar\u00e1n sometidas a los impuestos aplicables. <\/em>(Subrayado fuera de texto).<strong><em>Par\u00e1grafo 1\u00b0.<\/em><\/strong><em> Para efectos tributarios se entender\u00e1 que se est\u00e1 frente a un proceso de escisi\u00f3n cuando el patrimonio escindido de la(s) entidad(es) escindente(s) o enajenante(s) califique como una o m\u00e1s unidades de explotaci\u00f3n econ\u00f3mica o como uno o m\u00e1s establecimientos de comercio, y no como activos individualmente considerados o como contrapartida para segregar cuentas patrimoniales, caso en el cual la respectiva escisi\u00f3n tendr\u00e1 el tratamiento aplicable a la enajenaci\u00f3n de activos.<\/em>\n<p style=\"text-align: justify;\"><strong><em>Par\u00e1grafo 2\u00b0.<\/em><\/strong><em> Las disposiciones contenidas en este art\u00edculo se aplicar\u00e1n a las fusiones y escisiones reorganizativas que involucren entidades nacionales y extranjeras siempre que, en el caso de la fusi\u00f3n, la entidad absorbente o adquirente sea una entidad nacional, y que, en el caso de la escisi\u00f3n, la(s) entidad(es) beneficiaria(s) o adquirente(s) sea(n) entidad(es) nacional(es.)<\/em><\/p>\n<p style=\"text-align: justify;\">Por su parte, la Ley 222 de 1995, que modific\u00f3 el C\u00f3digo de Comercio, en su art\u00edculo 3\u00b0, se refiere a las modalidades de escisi\u00f3n, as\u00ed:<\/p>\n<p style=\"text-align: justify;\"><em>\u201cARTICULO 3\u00ba. <strong>MODALIDADES<\/strong>. Habr\u00e1 Escisi\u00f3n cuando:<\/em><\/p>\n<ol style=\"text-align: justify;\">\n<li><em>Una sociedad sin disolverse, <u>transfiere en bloque una o varias partes de su patrimonio<\/u> a una o m\u00e1s sociedades existentes o las destina a la creaci\u00f3n de una o varias sociedades.<\/em><\/li>\n<li><em>Una sociedad se disuelve sin liquidarse, <u>dividiendo su patrimonio en dos o m\u00e1s partes<\/u>, que se transfieren a varias sociedades existentes o se destinan a la creaci\u00f3n de nuevas sociedades.<\/em><\/li>\n<\/ol>\n<p style=\"text-align: justify;\"><em><u>La sociedad o sociedades destinatarias de las transferencias resultantes de la escisi\u00f3n,<\/u> <u>se denominar\u00e1n sociedades beneficiarias.\u201d<\/u> (Subrayado fuera de texto).<\/em><\/p>\n<p style=\"text-align: justify;\">Lo anterior implica que pueden darse varias situaciones en el caso de la escisi\u00f3n. Es as\u00ed como la sociedad escindente puede transferir una o varias partes de su patrimonio a otras sociedades ya existentes (escisi\u00f3n por absorci\u00f3n parcial) o para crear nuevas sociedades (escisi\u00f3n por creaci\u00f3n parcial), conservando parte del patrimonio, o puede dividir su patrimonio y destinarlo a sociedades existentes (escisi\u00f3n por absorci\u00f3n total) o nuevas (escisi\u00f3n por creaci\u00f3n total), sin conservar para s\u00ed parte del mismo.<\/p>\n<p style=\"text-align: justify;\">Cuando la sociedad escindente ceda o transfiera todo su patrimonio, estar\u00edamos frente a una escisi\u00f3n total. Cuando la sociedad escindente conserva o mantiene parte del patrimonio, estar\u00edamos frente a una escisi\u00f3n parcial. En todo caso, la enajenante es la sociedad que se escinde en cualquiera de estas alternativas y, beneficiarias o adquirentes, las que reciben los bloques de la escindente en alguna de estas alternativas.<\/p>\n<p style=\"text-align: justify;\">Ahora bien, en t\u00e9rminos generales, se observa que el art\u00edculo 319-6 del Estatuto Tributario, establece para el caso de las escisiones reorganizativas que cumplan con los supuestos all\u00ed se\u00f1alados, que las entidades que intervienen no experimentan ingreso gravable como producto de la transferencia de activos entre s\u00ed.<\/p>\n<p style=\"text-align: justify;\">El art\u00edculo 319-6 ib\u00eddem, dados unos supuestos, establece los efectos de la escisi\u00f3n para las sociedades intervinientes (numerales 1 a 3); y as\u00ed mismo, prev\u00e9 en el numeral 4 los efectos respecto de los accionistas, socios o part\u00edcipes, se\u00f1alando <strong>que no se entender\u00e1 que existe enajenaci\u00f3n, de acciones, cuotas o participaciones siempre que se cumplan los requisitos que se indican en los siguientes literales<\/strong>.<\/p>\n<p style=\"text-align: justify;\">Es decir, que trat\u00e1ndose de escisiones reorganizativas, lo cual implica vinculaci\u00f3n entre las entidades intervinientes, tendr\u00eda respecto de los socios un efecto neutro, en tanto se cumplan los requisitos del mencionado numeral, requisitos que tienen que ver con participaci\u00f3n m\u00ednima (titularidad), literal b); contraprestaci\u00f3n m\u00ednima, literal c) y tenencia m\u00ednima, literal d).<\/p>\n<p style=\"text-align: justify;\">En el literal b) de este numeral 4, para el caso de la escisi\u00f3n reorganizativa, se indica que los socios, part\u00edcipes o accionistas titulares de por lo menos el 85% de los derechos en la sociedad escindente, participen despu\u00e9s de la escisi\u00f3n, bien sea en la misma escindente o en las beneficiarias con derechos equivalentes a los que ten\u00edan antes de la escisi\u00f3n. Es decir, que en conjunto los titulares de las acciones, cuotas o participaciones mantengan su participaci\u00f3n y no pase a terceros. (Titularidad).<\/p>\n<p style=\"text-align: justify;\">El literal c) indica que los accionistas de las sociedades intervinientes en la escisi\u00f3n deben recibir como retribuci\u00f3n en la operaci\u00f3n por lo menos el 99% en acciones bien sea en la escindente o en las beneficiarias; (contraprestaci\u00f3n m\u00ednima).<\/p>\n<p style=\"text-align: justify;\">El literal d) se refiere a la tenencia m\u00ednimo por los dos a\u00f1os siguientes al perfeccionamiento de la escisi\u00f3n, so pena de pagar el valor del impuesto incrementado en un 30% sobre las acciones que se enajenen. (Tenencia m\u00ednima).<\/p>\n<p style=\"text-align: justify;\">Este \u00faltimo literal, hace referencia en general a las escisiones reorganizativas y se remite al literal b) que contempla el requisito de participaci\u00f3n m\u00ednima (titularidad), en los t\u00e9rminos ya vistos.<\/p>\n<p style=\"text-align: justify;\">Ahora bien, cuando el literal e) del numeral 4 del art\u00edculo 319-6 del Estatuto Tributario, dispone que: <em>\u201c<u>Los accionistas, socios o part\u00edcipes a que se refieren los literales a) y b) <\/u>anteriores,<u> tendr\u00e1n como costo fiscal respecto de las acciones, cuotas sociales o participaciones<\/u> <u>que reciban en la entidad adquirente respectiva, el mismo costo fiscal que ten\u00edan respecto de<\/u> <u>las acciones, cuotas sociales o participaciones en la entidad enajenante<\/u>, sin que se entienda que existe soluci\u00f3n de continuidad en la propiedad sobre la inversi\u00f3n, ni que haya lugar a cambio alguno en cuanto a la naturaleza de la inversi\u00f3n como activo fijo o movible\u201d, <\/em>es claro que en el marco de estas operaciones, los socios (bien\u00a0sea personas jur\u00eddicas o naturales), en la pr\u00e1ctica entregan sus t\u00edtulos representativos de la participaci\u00f3n en el capital de la sociedad absorbida, escindida o dominada recibiendo t\u00edtulos representativos de la participaci\u00f3n en la sociedad beneficiaria o adquirente del patrimonio escindido (sin perjuicio de la reorganizaci\u00f3n del capital de la entidad escindente) y, que la participaci\u00f3n que recibe el socio en la sociedad beneficiaria o adquirente a cambio de t\u00edtulos representativos del capital social de esta \u00faltima sociedad, implican precisamente una operaci\u00f3n neutra desde el punto de vista fiscal, en tanto para efectos fiscales, las participaciones, acciones o cuotas recibidas en la sociedad adquirente, tienen el mismo costo fiscal que ten\u00edan los t\u00edtulos antes de la escisi\u00f3n.En este sentido, la tributaci\u00f3n por la utilidad que podr\u00eda resultar por efectos de la operaci\u00f3n, queda suspendida, no obstante, se causar\u00e1 si tiene lugar la enajenaci\u00f3n antes del t\u00e9rmino de dos a\u00f1os siguientes a la escisi\u00f3n (tenencia m\u00ednima). Si bien, fiscalmente por efectos de la escisi\u00f3n en tanto se cumplan las condiciones del art\u00edculo 319-6, se reconoce el mismo valor de origen bajo el entendido que la operaci\u00f3n no constituye enajenaci\u00f3n, de otra parte, en el evento que las acciones, cuotas sociales o participaciones que se reciban en la entidad adquirente, se enajenen, tiene lugar el incumplimiento y, por tanto, el impuesto en las condiciones se\u00f1aladas en el literal d) del numeral 4 de este art\u00edculo.<\/p>\n<p style=\"text-align: justify;\">En la medida que el literal e) del numeral 4 del art\u00edculo 319, alude a los accionistas, socios o part\u00edcipes a que se refiere el literal b), y se refiere al costo fiscal de las acciones, cuotas sociales o participaciones <strong>que estos reciban en la entidad adquirente respectiva<\/strong>, tienen el mismo costo fiscal que ten\u00edan respecto de las acciones, cuotas sociales o participaciones en la entidad enajenante, es claro que, el principio de neutralidad fiscal en la operaci\u00f3n est\u00e1 referido a las acciones que se reciben en la sociedad adquirente; por tanto, debe entenderse, que la limitaci\u00f3n temporal, en cuanto a la tenencia al menos por los dos a\u00f1os siguientes a la escisi\u00f3n para que opere este tratamiento, recae sobre las acciones, participaciones o cuotas que se recibe en la entidad beneficiaria o adquirente y, son estas las acciones, participaciones o cuotas que de enajenarse antes del t\u00e9rmino legalmente indicado supondr\u00edan el pago del impuesto de renta incrementado en el 30%, sin que en ning\u00fan caso este impuesto resulte inferior al 10% del valor asignado a las acciones, cuotas, participaciones o derechos del respectivo accionista, socio o part\u00edcipe en la escisi\u00f3n, seg\u00fan el m\u00e9todo de valoraci\u00f3n adoptado para la misma.<\/p>\n<p style=\"text-align: justify;\">En este contexto, <span style=\"color: #ff9900;\">si la escisi\u00f3n reorganizativa es parcial, lo que supone que la sociedad escindente permanece con parte de las acciones, cuotas o participaciones, la restricci\u00f3n temporal en el sentido de mantenerse por dos a\u00f1os siguientes a la escisi\u00f3n no se hace extensiva a las acciones, cuotas o participaciones que los socios mantienen en esta. La limitaci\u00f3n temporal aplica a las acciones, cuotas o participaciones que se reciben por los accionistas en la entidad adquirente o beneficiaria como se desprende de la interpretaci\u00f3n del literal e) del numeral 4 del art\u00edculo 319-6 del Estatuto Tributario, en concordancia con el literal d) del mismo art\u00edculo.<\/span><\/p>\n<p style=\"text-align: justify;\">En los anteriores t\u00e9rminos se absuelve su inquietud y cordialmente le informamos que tanto la normatividad en materia tributaria, aduanera y cambiaria como los conceptos emitidos por la Direcci\u00f3n de Gesti\u00f3n Jur\u00eddica en este \u00e1mbito pueden consultarse en nuestra base de datos jur\u00eddica ingresando a la p\u00e1gina electr\u00f3nica de la DIAN: www.dian.gov.co, siguiendo los \u00edconos: \u201cNormatividad\u201d- \u201cT\u00e9cnica\u201d y seleccionando \u201cDoctrina\u201d y \u201cDirecci\u00f3n de Gesti\u00f3n jur\u00eddica\u201d.<\/p>\n<p style=\"text-align: justify;\">Atentamente,<\/p>\n<p style=\"text-align: justify;\">El Subdirector de Gesti\u00f3n Normativa y Doctrina (e),<\/p>\n<p style=\"text-align: justify;\"><em>Pedro Pablo Contreras Camargo.<\/em><\/p>\n<p style=\"text-align: justify;\"><strong>(C. F.).<\/strong><\/p>\n<\/li>\n<\/ul>\n","protected":false},"excerpt":{"rendered":"<p>Si la escisi\u00f3n reorganizativa es parcial, lo que supone que la sociedad escindente permanece con parte de las acciones, cuotas o participaciones, la restricci\u00f3n temporal en el sentido de mantenerse por dos a\u00f1os siguientes a la escisi\u00f3n no se hace extensiva a las acciones, cuotas o participaciones que los socios mantienen en esta. <\/p>\n","protected":false},"author":1,"featured_media":6207,"comment_status":"open","ping_status":"open","sticky":false,"template":"","format":"standard","meta":{"_monsterinsights_skip_tracking":false,"ngg_post_thumbnail":0,"footnotes":"","_links_to":"","_links_to_target":""},"categories":[456,454],"tags":[],"class_list":["post-6152","post","type-post","status-publish","format-standard","has-post-thumbnail","hentry","category-conceptos-y-oficios-dian","category-sin-categoria"],"aioseo_notices":[],"aioseo_head":"\n\t\t<!-- All in One SEO 5.0.1.1 - aioseo.com -->\n\t<meta name=\"description\" content=\"Si la escisi\u00f3n reorganizativa es parcial, lo que supone que la sociedad escindente permanece con parte de las acciones, cuotas o participaciones, la restricci\u00f3n temporal en el sentido de mantenerse por dos a\u00f1os siguientes a la escisi\u00f3n no se hace extensiva a las acciones, cuotas o participaciones que los socios mantienen en esta.\" \/>\n\t<meta name=\"robots\" content=\"max-image-preview:large\" \/>\n\t<meta name=\"author\" content=\"Miguel Antonio M\u00e1rquez Monta\u00f1ez\"\/>\n\t<link rel=\"canonical\" href=\"https:\/\/contadoreshoy.com\/?p=6152\" \/>\n\t<meta name=\"generator\" content=\"All in One SEO (AIOSEO) 5.0.1.1\" \/>\n\t\t<meta property=\"og:locale\" content=\"es_ES\" \/>\n\t\t<meta property=\"og:site_name\" content=\"Contadores P\u00fablicos - Portal para Contadores P\u00fablicos y empresarios\" \/>\n\t\t<meta property=\"og:type\" content=\"article\" \/>\n\t\t<meta property=\"og:title\" content=\"Tenencia m\u00ednima de acciones en escisi\u00f3n reorganizativa - Contadores P\u00fablicos\" \/>\n\t\t<meta property=\"og:description\" content=\"Si la escisi\u00f3n reorganizativa es parcial, lo que supone que la sociedad escindente permanece con parte de las acciones, cuotas o participaciones, la restricci\u00f3n temporal en el sentido de mantenerse por dos a\u00f1os siguientes a la escisi\u00f3n no se hace extensiva a las acciones, cuotas o participaciones que los socios mantienen en esta.\" \/>\n\t\t<meta property=\"og:url\" content=\"https:\/\/contadoreshoy.com\/?p=6152\" \/>\n\t\t<meta property=\"og:image\" content=\"https:\/\/contadoreshoy.com\/wp-content\/uploads\/2024\/01\/cropped-cropped-cropped-Copia-de-M.jpg\" \/>\n\t\t<meta property=\"og:image:secure_url\" content=\"https:\/\/contadoreshoy.com\/wp-content\/uploads\/2024\/01\/cropped-cropped-cropped-Copia-de-M.jpg\" \/>\n\t\t<meta property=\"og:image:width\" content=\"512\" \/>\n\t\t<meta property=\"og:image:height\" content=\"371\" \/>\n\t\t<meta property=\"article:published_time\" content=\"2015-10-16T04:48:40+00:00\" \/>\n\t\t<meta property=\"article:modified_time\" content=\"2017-02-05T03:00:25+00:00\" \/>\n\t\t<meta name=\"twitter:card\" content=\"summary_large_image\" \/>\n\t\t<meta name=\"twitter:title\" content=\"Tenencia m\u00ednima de acciones en escisi\u00f3n reorganizativa - Contadores P\u00fablicos\" \/>\n\t\t<meta name=\"twitter:description\" content=\"Si la escisi\u00f3n reorganizativa es parcial, lo que supone que la sociedad escindente permanece con parte de las acciones, cuotas o participaciones, la restricci\u00f3n temporal en el sentido de mantenerse por dos a\u00f1os siguientes a la escisi\u00f3n no se hace extensiva a las acciones, cuotas o participaciones que los socios mantienen en esta.\" \/>\n\t\t<meta name=\"twitter:image\" content=\"https:\/\/contadoreshoy.com\/wp-content\/uploads\/2024\/01\/cropped-cropped-cropped-Copia-de-M.jpg\" \/>\n\t\t<script type=\"application\/ld+json\" class=\"aioseo-schema\">\n\t\t\t{\"@context\":\"https:\\\/\\\/schema.org\",\"@graph\":[{\"@type\":\"BlogPosting\",\"@id\":\"https:\\\/\\\/contadoreshoy.com\\\/?p=6152#blogposting\",\"name\":\"Tenencia m\\u00ednima de acciones en escisi\\u00f3n reorganizativa - Contadores P\\u00fablicos\",\"headline\":\"Tenencia m\\u00ednima de acciones en escisi\\u00f3n reorganizativa\",\"author\":{\"@id\":\"https:\\\/\\\/contadoreshoy.com\\\/?author=1#author\"},\"publisher\":{\"@id\":\"https:\\\/\\\/contadoreshoy.com\\\/#organization\"},\"image\":{\"@type\":\"ImageObject\",\"url\":\"https:\\\/\\\/contadoreshoy.com\\\/wp-content\\\/uploads\\\/2015\\\/10\\\/escisi\\u00f3n.jpg\",\"width\":600,\"height\":400},\"datePublished\":\"2015-10-15T23:48:40-05:00\",\"dateModified\":\"2017-02-04T22:00:25-05:00\",\"inLanguage\":\"es-ES\",\"mainEntityOfPage\":{\"@id\":\"https:\\\/\\\/contadoreshoy.com\\\/?p=6152#webpage\"},\"isPartOf\":{\"@id\":\"https:\\\/\\\/contadoreshoy.com\\\/?p=6152#webpage\"},\"articleSection\":\"Conceptos y Oficios DIAN, Sin categor\\u00eda\"},{\"@type\":\"BreadcrumbList\",\"@id\":\"https:\\\/\\\/contadoreshoy.com\\\/?p=6152#breadcrumblist\",\"itemListElement\":[{\"@type\":\"ListItem\",\"@id\":\"https:\\\/\\\/contadoreshoy.com#listItem\",\"position\":1,\"name\":\"Home\",\"item\":\"https:\\\/\\\/contadoreshoy.com\",\"nextItem\":{\"@type\":\"ListItem\",\"@id\":\"https:\\\/\\\/contadoreshoy.com\\\/?cat=454#listItem\",\"name\":\"Sin categor\\u00eda\"}},{\"@type\":\"ListItem\",\"@id\":\"https:\\\/\\\/contadoreshoy.com\\\/?cat=454#listItem\",\"position\":2,\"name\":\"Sin categor\\u00eda\",\"item\":\"https:\\\/\\\/contadoreshoy.com\\\/?cat=454\",\"nextItem\":{\"@type\":\"ListItem\",\"@id\":\"https:\\\/\\\/contadoreshoy.com\\\/?p=6152#listItem\",\"name\":\"Tenencia m\\u00ednima de acciones en escisi\\u00f3n reorganizativa\"},\"previousItem\":{\"@type\":\"ListItem\",\"@id\":\"https:\\\/\\\/contadoreshoy.com#listItem\",\"name\":\"Home\"}},{\"@type\":\"ListItem\",\"@id\":\"https:\\\/\\\/contadoreshoy.com\\\/?p=6152#listItem\",\"position\":3,\"name\":\"Tenencia m\\u00ednima de acciones en escisi\\u00f3n reorganizativa\",\"previousItem\":{\"@type\":\"ListItem\",\"@id\":\"https:\\\/\\\/contadoreshoy.com\\\/?cat=454#listItem\",\"name\":\"Sin categor\\u00eda\"}}]},{\"@type\":\"Organization\",\"@id\":\"https:\\\/\\\/contadoreshoy.com\\\/#organization\",\"name\":\"Contadores P\\u00fablicos\",\"description\":\"Portal para Contadores P\\u00fablicos y empresarios\",\"url\":\"https:\\\/\\\/contadoreshoy.com\\\/\",\"logo\":{\"@type\":\"ImageObject\",\"url\":\"https:\\\/\\\/contadoreshoy.com\\\/wp-content\\\/uploads\\\/2024\\\/01\\\/cropped-cropped-Copia-de-M-1.jpg\",\"@id\":\"https:\\\/\\\/contadoreshoy.com\\\/?p=6152\\\/#organizationLogo\",\"width\":499,\"height\":500},\"image\":{\"@id\":\"https:\\\/\\\/contadoreshoy.com\\\/?p=6152\\\/#organizationLogo\"}},{\"@type\":\"Person\",\"@id\":\"https:\\\/\\\/contadoreshoy.com\\\/?author=1#author\",\"url\":\"https:\\\/\\\/contadoreshoy.com\\\/?author=1\",\"name\":\"Miguel Antonio M\\u00e1rquez Monta\\u00f1ez\"},{\"@type\":\"WebPage\",\"@id\":\"https:\\\/\\\/contadoreshoy.com\\\/?p=6152#webpage\",\"url\":\"https:\\\/\\\/contadoreshoy.com\\\/?p=6152\",\"name\":\"Tenencia m\\u00ednima de acciones en escisi\\u00f3n reorganizativa - Contadores P\\u00fablicos\",\"description\":\"Si la escisi\\u00f3n reorganizativa es parcial, lo que supone que la sociedad escindente permanece con parte de las acciones, cuotas o participaciones, la restricci\\u00f3n temporal en el sentido de mantenerse por dos a\\u00f1os siguientes a la escisi\\u00f3n no se hace extensiva a las acciones, cuotas o participaciones que los socios mantienen en esta.\",\"inLanguage\":\"es-ES\",\"isPartOf\":{\"@id\":\"https:\\\/\\\/contadoreshoy.com\\\/#website\"},\"breadcrumb\":{\"@id\":\"https:\\\/\\\/contadoreshoy.com\\\/?p=6152#breadcrumblist\"},\"author\":{\"@id\":\"https:\\\/\\\/contadoreshoy.com\\\/?author=1#author\"},\"creator\":{\"@id\":\"https:\\\/\\\/contadoreshoy.com\\\/?author=1#author\"},\"image\":{\"@type\":\"ImageObject\",\"url\":\"https:\\\/\\\/contadoreshoy.com\\\/wp-content\\\/uploads\\\/2015\\\/10\\\/escisi\\u00f3n.jpg\",\"@id\":\"https:\\\/\\\/contadoreshoy.com\\\/?p=6152\\\/#mainImage\",\"width\":600,\"height\":400},\"primaryImageOfPage\":{\"@id\":\"https:\\\/\\\/contadoreshoy.com\\\/?p=6152#mainImage\"},\"datePublished\":\"2015-10-15T23:48:40-05:00\",\"dateModified\":\"2017-02-04T22:00:25-05:00\"},{\"@type\":\"WebSite\",\"@id\":\"https:\\\/\\\/contadoreshoy.com\\\/#website\",\"url\":\"https:\\\/\\\/contadoreshoy.com\\\/\",\"name\":\"Contadores P\\u00fablicos\",\"description\":\"Portal para Contadores P\\u00fablicos y empresarios\",\"inLanguage\":\"es-ES\",\"publisher\":{\"@id\":\"https:\\\/\\\/contadoreshoy.com\\\/#organization\"}}]}\n\t\t<\/script>\n\t\t<!-- All in One SEO -->\n\n","aioseo_head_json":{"title":"Tenencia m\u00ednima de acciones en escisi\u00f3n reorganizativa - Contadores P\u00fablicos","description":"Si la escisi\u00f3n reorganizativa es parcial, lo que supone que la sociedad escindente permanece con parte de las acciones, cuotas o participaciones, la restricci\u00f3n temporal en el sentido de mantenerse por dos a\u00f1os siguientes a la escisi\u00f3n no se hace extensiva a las acciones, cuotas o participaciones que los socios mantienen en esta.","canonical_url":"https:\/\/contadoreshoy.com\/?p=6152","robots":"max-image-preview:large","keywords":"","webmasterTools":{"miscellaneous":""},"schema":{"@context":"https:\/\/schema.org","@graph":[{"@type":"BlogPosting","@id":"https:\/\/contadoreshoy.com\/?p=6152#blogposting","name":"Tenencia m\u00ednima de acciones en escisi\u00f3n reorganizativa - Contadores P\u00fablicos","headline":"Tenencia m\u00ednima de acciones en escisi\u00f3n reorganizativa","author":{"@id":"https:\/\/contadoreshoy.com\/?author=1#author"},"publisher":{"@id":"https:\/\/contadoreshoy.com\/#organization"},"image":{"@type":"ImageObject","url":"https:\/\/contadoreshoy.com\/wp-content\/uploads\/2015\/10\/escisi\u00f3n.jpg","width":600,"height":400},"datePublished":"2015-10-15T23:48:40-05:00","dateModified":"2017-02-04T22:00:25-05:00","inLanguage":"es-ES","mainEntityOfPage":{"@id":"https:\/\/contadoreshoy.com\/?p=6152#webpage"},"isPartOf":{"@id":"https:\/\/contadoreshoy.com\/?p=6152#webpage"},"articleSection":"Conceptos y Oficios DIAN, Sin categor\u00eda"},{"@type":"BreadcrumbList","@id":"https:\/\/contadoreshoy.com\/?p=6152#breadcrumblist","itemListElement":[{"@type":"ListItem","@id":"https:\/\/contadoreshoy.com#listItem","position":1,"name":"Home","item":"https:\/\/contadoreshoy.com","nextItem":{"@type":"ListItem","@id":"https:\/\/contadoreshoy.com\/?cat=454#listItem","name":"Sin categor\u00eda"}},{"@type":"ListItem","@id":"https:\/\/contadoreshoy.com\/?cat=454#listItem","position":2,"name":"Sin categor\u00eda","item":"https:\/\/contadoreshoy.com\/?cat=454","nextItem":{"@type":"ListItem","@id":"https:\/\/contadoreshoy.com\/?p=6152#listItem","name":"Tenencia m\u00ednima de acciones en escisi\u00f3n reorganizativa"},"previousItem":{"@type":"ListItem","@id":"https:\/\/contadoreshoy.com#listItem","name":"Home"}},{"@type":"ListItem","@id":"https:\/\/contadoreshoy.com\/?p=6152#listItem","position":3,"name":"Tenencia m\u00ednima de acciones en escisi\u00f3n reorganizativa","previousItem":{"@type":"ListItem","@id":"https:\/\/contadoreshoy.com\/?cat=454#listItem","name":"Sin categor\u00eda"}}]},{"@type":"Organization","@id":"https:\/\/contadoreshoy.com\/#organization","name":"Contadores P\u00fablicos","description":"Portal para Contadores P\u00fablicos y empresarios","url":"https:\/\/contadoreshoy.com\/","logo":{"@type":"ImageObject","url":"https:\/\/contadoreshoy.com\/wp-content\/uploads\/2024\/01\/cropped-cropped-Copia-de-M-1.jpg","@id":"https:\/\/contadoreshoy.com\/?p=6152\/#organizationLogo","width":499,"height":500},"image":{"@id":"https:\/\/contadoreshoy.com\/?p=6152\/#organizationLogo"}},{"@type":"Person","@id":"https:\/\/contadoreshoy.com\/?author=1#author","url":"https:\/\/contadoreshoy.com\/?author=1","name":"Miguel Antonio M\u00e1rquez Monta\u00f1ez"},{"@type":"WebPage","@id":"https:\/\/contadoreshoy.com\/?p=6152#webpage","url":"https:\/\/contadoreshoy.com\/?p=6152","name":"Tenencia m\u00ednima de acciones en escisi\u00f3n reorganizativa - Contadores P\u00fablicos","description":"Si la escisi\u00f3n reorganizativa es parcial, lo que supone que la sociedad escindente permanece con parte de las acciones, cuotas o participaciones, la restricci\u00f3n temporal en el sentido de mantenerse por dos a\u00f1os siguientes a la escisi\u00f3n no se hace extensiva a las acciones, cuotas o participaciones que los socios mantienen en esta.","inLanguage":"es-ES","isPartOf":{"@id":"https:\/\/contadoreshoy.com\/#website"},"breadcrumb":{"@id":"https:\/\/contadoreshoy.com\/?p=6152#breadcrumblist"},"author":{"@id":"https:\/\/contadoreshoy.com\/?author=1#author"},"creator":{"@id":"https:\/\/contadoreshoy.com\/?author=1#author"},"image":{"@type":"ImageObject","url":"https:\/\/contadoreshoy.com\/wp-content\/uploads\/2015\/10\/escisi\u00f3n.jpg","@id":"https:\/\/contadoreshoy.com\/?p=6152\/#mainImage","width":600,"height":400},"primaryImageOfPage":{"@id":"https:\/\/contadoreshoy.com\/?p=6152#mainImage"},"datePublished":"2015-10-15T23:48:40-05:00","dateModified":"2017-02-04T22:00:25-05:00"},{"@type":"WebSite","@id":"https:\/\/contadoreshoy.com\/#website","url":"https:\/\/contadoreshoy.com\/","name":"Contadores P\u00fablicos","description":"Portal para Contadores P\u00fablicos y empresarios","inLanguage":"es-ES","publisher":{"@id":"https:\/\/contadoreshoy.com\/#organization"}}]},"og:locale":"es_ES","og:site_name":"Contadores P\u00fablicos - Portal para Contadores P\u00fablicos y empresarios","og:type":"article","og:title":"Tenencia m\u00ednima de acciones en escisi\u00f3n reorganizativa - Contadores P\u00fablicos","og:description":"Si la escisi\u00f3n reorganizativa es parcial, lo que supone que la sociedad escindente permanece con parte de las acciones, cuotas o participaciones, la restricci\u00f3n temporal en el sentido de mantenerse por dos a\u00f1os siguientes a la escisi\u00f3n no se hace extensiva a las acciones, cuotas o participaciones que los socios mantienen en esta.","og:url":"https:\/\/contadoreshoy.com\/?p=6152","og:image":"https:\/\/contadoreshoy.com\/wp-content\/uploads\/2024\/01\/cropped-cropped-cropped-Copia-de-M.jpg","og:image:secure_url":"https:\/\/contadoreshoy.com\/wp-content\/uploads\/2024\/01\/cropped-cropped-cropped-Copia-de-M.jpg","og:image:width":512,"og:image:height":371,"article:published_time":"2015-10-16T04:48:40+00:00","article:modified_time":"2017-02-05T03:00:25+00:00","twitter:card":"summary_large_image","twitter:title":"Tenencia m\u00ednima de acciones en escisi\u00f3n reorganizativa - Contadores P\u00fablicos","twitter:description":"Si la escisi\u00f3n reorganizativa es parcial, lo que supone que la sociedad escindente permanece con parte de las acciones, cuotas o participaciones, la restricci\u00f3n temporal en el sentido de mantenerse por dos a\u00f1os siguientes a la escisi\u00f3n no se hace extensiva a las acciones, cuotas o participaciones que los socios mantienen en esta.","twitter:image":"https:\/\/contadoreshoy.com\/wp-content\/uploads\/2024\/01\/cropped-cropped-cropped-Copia-de-M.jpg"},"aioseo_meta_data":{"post_id":"6152","title":null,"description":null,"keywords":null,"keyphrases":null,"primary_term":null,"canonical_url":null,"og_title":null,"og_description":null,"og_object_type":"default","og_image_type":"default","og_image_url":null,"og_image_width":null,"og_image_height":null,"og_image_custom_url":null,"og_image_custom_fields":null,"og_video":null,"og_custom_url":null,"og_article_section":null,"og_article_tags":null,"twitter_use_og":false,"twitter_card":"default","twitter_image_type":"default","twitter_image_url":null,"twitter_image_custom_url":null,"twitter_image_custom_fields":null,"twitter_title":null,"twitter_description":null,"schema":{"blockGraphs":[],"customGraphs":[],"default":{"data":{"Article":[],"Course":[],"Dataset":[],"FAQPage":[],"Movie":[],"Person":[],"Product":[],"ProductReview":[],"Car":[],"Recipe":[],"Service":[],"SoftwareApplication":[],"WebPage":[]},"graphName":"","isEnabled":true},"graphs":[]},"schema_type":"default","schema_type_options":null,"pillar_content":false,"robots_default":true,"robots_noindex":false,"robots_noarchive":false,"robots_nosnippet":false,"robots_nofollow":false,"robots_noimageindex":false,"robots_noodp":false,"robots_notranslate":false,"robots_max_snippet":null,"robots_max_videopreview":null,"robots_max_imagepreview":"large","priority":null,"frequency":null,"local_seo":null,"breadcrumb_settings":null,"limit_modified_date":false,"ai":null,"created":"2024-03-05 01:19:35","updated":"2026-03-03 04:39:41","seo_analyzer_scan_date":null,"focus_keyword":null,"additional_keywords":null,"truseo_locale":null},"aioseo_breadcrumb":"<div class=\"aioseo-breadcrumbs\"><span class=\"aioseo-breadcrumb\">\n\t\t\t<a href=\"https:\/\/contadoreshoy.com\" title=\"Home\">Home<\/a>\n\t\t<\/span><span class=\"aioseo-breadcrumb-separator\">&raquo;<\/span><span class=\"aioseo-breadcrumb\">\n\t\t\t<a href=\"https:\/\/contadoreshoy.com\/?cat=454\" title=\"Sin categor\u00eda\">Sin categor\u00eda<\/a>\n\t\t<\/span><span class=\"aioseo-breadcrumb-separator\">&raquo;<\/span><span class=\"aioseo-breadcrumb\">\n\t\t\tTenencia m\u00ednima de acciones en escisi\u00f3n reorganizativa\n\t\t<\/span><\/div>","aioseo_breadcrumb_json":[{"label":"Home","link":"https:\/\/contadoreshoy.com"},{"label":"Sin categor\u00eda","link":"https:\/\/contadoreshoy.com\/?cat=454"},{"label":"Tenencia m\u00ednima de acciones en escisi\u00f3n reorganizativa","link":"https:\/\/contadoreshoy.com\/?p=6152"}],"yoast_head":"<!-- This site is optimized with the Yoast SEO plugin v28.4 - https:\/\/yoast.com\/product\/yoast-seo-wordpress\/ -->\n<title>Tenencia m\u00ednima de acciones en escisi\u00f3n reorganizativa - Contadores P\u00fablicos<\/title>\n<meta name=\"robots\" content=\"index, follow, max-snippet:-1, max-image-preview:large, max-video-preview:-1\" \/>\n<link rel=\"canonical\" href=\"https:\/\/contadoreshoy.com\/?p=6152\" \/>\n<meta property=\"og:locale\" content=\"es_ES\" \/>\n<meta property=\"og:type\" content=\"article\" \/>\n<meta property=\"og:title\" content=\"Tenencia m\u00ednima de acciones en escisi\u00f3n reorganizativa - Contadores P\u00fablicos\" \/>\n<meta property=\"og:description\" content=\"Si la escisi\u00f3n reorganizativa es parcial, lo que supone que la sociedad escindente permanece con parte de las acciones, cuotas o participaciones, la restricci\u00f3n temporal en el sentido de mantenerse por dos a\u00f1os siguientes a la escisi\u00f3n no se hace extensiva a las acciones, cuotas o participaciones que los socios mantienen en esta.\" \/>\n<meta property=\"og:url\" content=\"https:\/\/contadoreshoy.com\/?p=6152\" \/>\n<meta property=\"og:site_name\" content=\"Contadores P\u00fablicos\" \/>\n<meta property=\"article:publisher\" content=\"https:\/\/www.facebook.com\/CCCPBucaramanga\/\" \/>\n<meta property=\"article:published_time\" content=\"2015-10-16T04:48:40+00:00\" \/>\n<meta property=\"article:modified_time\" content=\"2017-02-05T03:00:25+00:00\" \/>\n<meta property=\"og:image\" content=\"https:\/\/contadoreshoy.com\/wp-content\/uploads\/2015\/10\/escisi\u00f3n.jpg\" \/>\n\t<meta property=\"og:image:width\" content=\"600\" \/>\n\t<meta property=\"og:image:height\" content=\"400\" \/>\n\t<meta property=\"og:image:type\" content=\"image\/jpeg\" \/>\n<meta name=\"author\" content=\"Miguel Antonio M\u00e1rquez Monta\u00f1ez\" \/>\n<meta name=\"twitter:card\" content=\"summary_large_image\" \/>\n<meta name=\"twitter:label1\" content=\"Escrito por\" \/>\n\t<meta name=\"twitter:data1\" content=\"Miguel Antonio M\u00e1rquez Monta\u00f1ez\" \/>\n\t<meta name=\"twitter:label2\" content=\"Tiempo de lectura\" \/>\n\t<meta name=\"twitter:data2\" content=\"15 minutos\" \/>\n<script type=\"application\/ld+json\" class=\"yoast-schema-graph\">{\"@context\":\"https:\\\/\\\/schema.org\",\"@graph\":[{\"@type\":\"Article\",\"@id\":\"https:\\\/\\\/contadoreshoy.com\\\/?p=6152#article\",\"isPartOf\":{\"@id\":\"https:\\\/\\\/contadoreshoy.com\\\/?p=6152\"},\"author\":{\"name\":\"Miguel Antonio M\u00e1rquez Monta\u00f1ez\",\"@id\":\"https:\\\/\\\/contadoreshoy.com\\\/#\\\/schema\\\/person\\\/96d8979cb865537c5dc9345e40089fc5\"},\"headline\":\"Tenencia m\u00ednima de acciones en escisi\u00f3n reorganizativa\",\"datePublished\":\"2015-10-16T04:48:40+00:00\",\"dateModified\":\"2017-02-05T03:00:25+00:00\",\"mainEntityOfPage\":{\"@id\":\"https:\\\/\\\/contadoreshoy.com\\\/?p=6152\"},\"wordCount\":2966,\"commentCount\":0,\"publisher\":{\"@id\":\"https:\\\/\\\/contadoreshoy.com\\\/#organization\"},\"image\":{\"@id\":\"https:\\\/\\\/contadoreshoy.com\\\/?p=6152#primaryimage\"},\"thumbnailUrl\":\"https:\\\/\\\/contadoreshoy.com\\\/wp-content\\\/uploads\\\/2015\\\/10\\\/escisi\u00f3n.jpg\",\"articleSection\":[\"Conceptos y Oficios DIAN\"],\"inLanguage\":\"es\",\"potentialAction\":[{\"@type\":\"CommentAction\",\"name\":\"Comment\",\"target\":[\"https:\\\/\\\/contadoreshoy.com\\\/?p=6152#respond\"]}]},{\"@type\":\"WebPage\",\"@id\":\"https:\\\/\\\/contadoreshoy.com\\\/?p=6152\",\"url\":\"https:\\\/\\\/contadoreshoy.com\\\/?p=6152\",\"name\":\"Tenencia m\u00ednima de acciones en escisi\u00f3n reorganizativa - Contadores P\u00fablicos\",\"isPartOf\":{\"@id\":\"https:\\\/\\\/contadoreshoy.com\\\/#website\"},\"primaryImageOfPage\":{\"@id\":\"https:\\\/\\\/contadoreshoy.com\\\/?p=6152#primaryimage\"},\"image\":{\"@id\":\"https:\\\/\\\/contadoreshoy.com\\\/?p=6152#primaryimage\"},\"thumbnailUrl\":\"https:\\\/\\\/contadoreshoy.com\\\/wp-content\\\/uploads\\\/2015\\\/10\\\/escisi\u00f3n.jpg\",\"datePublished\":\"2015-10-16T04:48:40+00:00\",\"dateModified\":\"2017-02-05T03:00:25+00:00\",\"breadcrumb\":{\"@id\":\"https:\\\/\\\/contadoreshoy.com\\\/?p=6152#breadcrumb\"},\"inLanguage\":\"es\",\"potentialAction\":[{\"@type\":\"ReadAction\",\"target\":[\"https:\\\/\\\/contadoreshoy.com\\\/?p=6152\"]}]},{\"@type\":\"ImageObject\",\"inLanguage\":\"es\",\"@id\":\"https:\\\/\\\/contadoreshoy.com\\\/?p=6152#primaryimage\",\"url\":\"https:\\\/\\\/contadoreshoy.com\\\/wp-content\\\/uploads\\\/2015\\\/10\\\/escisi\u00f3n.jpg\",\"contentUrl\":\"https:\\\/\\\/contadoreshoy.com\\\/wp-content\\\/uploads\\\/2015\\\/10\\\/escisi\u00f3n.jpg\",\"width\":600,\"height\":400},{\"@type\":\"BreadcrumbList\",\"@id\":\"https:\\\/\\\/contadoreshoy.com\\\/?p=6152#breadcrumb\",\"itemListElement\":[{\"@type\":\"ListItem\",\"position\":1,\"name\":\"Portada\",\"item\":\"https:\\\/\\\/contadoreshoy.com\\\/\"},{\"@type\":\"ListItem\",\"position\":2,\"name\":\"Tenencia m\u00ednima de acciones en escisi\u00f3n reorganizativa\"}]},{\"@type\":\"WebSite\",\"@id\":\"https:\\\/\\\/contadoreshoy.com\\\/#website\",\"url\":\"https:\\\/\\\/contadoreshoy.com\\\/\",\"name\":\"Contadorespublicossantander\",\"description\":\"Portal para Contadores P\u00fablicos y empresarios\",\"publisher\":{\"@id\":\"https:\\\/\\\/contadoreshoy.com\\\/#organization\"},\"potentialAction\":[{\"@type\":\"SearchAction\",\"target\":{\"@type\":\"EntryPoint\",\"urlTemplate\":\"https:\\\/\\\/contadoreshoy.com\\\/?s={search_term_string}\"},\"query-input\":{\"@type\":\"PropertyValueSpecification\",\"valueRequired\":true,\"valueName\":\"search_term_string\"}}],\"inLanguage\":\"es\"},{\"@type\":\"Organization\",\"@id\":\"https:\\\/\\\/contadoreshoy.com\\\/#organization\",\"name\":\"Contadores P\u00fablicos de Santander\",\"url\":\"https:\\\/\\\/contadoreshoy.com\\\/\",\"logo\":{\"@type\":\"ImageObject\",\"inLanguage\":\"es\",\"@id\":\"https:\\\/\\\/contadoreshoy.com\\\/#\\\/schema\\\/logo\\\/image\\\/\",\"url\":\"https:\\\/\\\/contadoreshoy.com\\\/wp-content\\\/uploads\\\/2024\\\/01\\\/cropped-cropped-Copia-de-M-1.jpg\",\"contentUrl\":\"https:\\\/\\\/contadoreshoy.com\\\/wp-content\\\/uploads\\\/2024\\\/01\\\/cropped-cropped-Copia-de-M-1.jpg\",\"width\":499,\"height\":500,\"caption\":\"Contadores P\u00fablicos de Santander\"},\"image\":{\"@id\":\"https:\\\/\\\/contadoreshoy.com\\\/#\\\/schema\\\/logo\\\/image\\\/\"},\"sameAs\":[\"https:\\\/\\\/www.facebook.com\\\/CCCPBucaramanga\\\/\"]},{\"@type\":\"Person\",\"@id\":\"https:\\\/\\\/contadoreshoy.com\\\/#\\\/schema\\\/person\\\/96d8979cb865537c5dc9345e40089fc5\",\"name\":\"Miguel Antonio M\u00e1rquez Monta\u00f1ez\",\"description\":\"Contador P\u00fablico egresado de la Universidad Aut\u00f3noma de Bucaramanga - Asesor contable tributario con m\u00e1s de 25 a\u00f1os de experiencia - Conferencista en temas contables y tributarios - T\u00e9cnico en Hardware y Dise\u00f1o Web - Creador y director Grupo de Estudio Colegio Colombiano de Contadores P\u00fablicos de Bucaramanga - Creador y Master Web p\u00e1gina www.contadoresp\u00fablicossantander.com - Expresidente Colegio Colombiano de Contadores P\u00fablicos Bucaramanga\",\"url\":\"https:\\\/\\\/contadoreshoy.com\\\/?author=1\"}]}<\/script>\n<!-- \/ Yoast SEO plugin. -->","yoast_head_json":{"title":"Tenencia m\u00ednima de acciones en escisi\u00f3n reorganizativa - Contadores P\u00fablicos","robots":{"index":"index","follow":"follow","max-snippet":"max-snippet:-1","max-image-preview":"max-image-preview:large","max-video-preview":"max-video-preview:-1"},"canonical":"https:\/\/contadoreshoy.com\/?p=6152","og_locale":"es_ES","og_type":"article","og_title":"Tenencia m\u00ednima de acciones en escisi\u00f3n reorganizativa - Contadores P\u00fablicos","og_description":"Si la escisi\u00f3n reorganizativa es parcial, lo que supone que la sociedad escindente permanece con parte de las acciones, cuotas o participaciones, la restricci\u00f3n temporal en el sentido de mantenerse por dos a\u00f1os siguientes a la escisi\u00f3n no se hace extensiva a las acciones, cuotas o participaciones que los socios mantienen en esta.","og_url":"https:\/\/contadoreshoy.com\/?p=6152","og_site_name":"Contadores P\u00fablicos","article_publisher":"https:\/\/www.facebook.com\/CCCPBucaramanga\/","article_published_time":"2015-10-16T04:48:40+00:00","article_modified_time":"2017-02-05T03:00:25+00:00","og_image":[{"width":600,"height":400,"url":"https:\/\/contadoreshoy.com\/wp-content\/uploads\/2015\/10\/escisi\u00f3n.jpg","type":"image\/jpeg"}],"author":"Miguel Antonio M\u00e1rquez Monta\u00f1ez","twitter_card":"summary_large_image","twitter_misc":{"Escrito por":"Miguel Antonio M\u00e1rquez Monta\u00f1ez","Tiempo de lectura":"15 minutos"},"schema":{"@context":"https:\/\/schema.org","@graph":[{"@type":"Article","@id":"https:\/\/contadoreshoy.com\/?p=6152#article","isPartOf":{"@id":"https:\/\/contadoreshoy.com\/?p=6152"},"author":{"name":"Miguel Antonio M\u00e1rquez Monta\u00f1ez","@id":"https:\/\/contadoreshoy.com\/#\/schema\/person\/96d8979cb865537c5dc9345e40089fc5"},"headline":"Tenencia m\u00ednima de acciones en escisi\u00f3n reorganizativa","datePublished":"2015-10-16T04:48:40+00:00","dateModified":"2017-02-05T03:00:25+00:00","mainEntityOfPage":{"@id":"https:\/\/contadoreshoy.com\/?p=6152"},"wordCount":2966,"commentCount":0,"publisher":{"@id":"https:\/\/contadoreshoy.com\/#organization"},"image":{"@id":"https:\/\/contadoreshoy.com\/?p=6152#primaryimage"},"thumbnailUrl":"https:\/\/contadoreshoy.com\/wp-content\/uploads\/2015\/10\/escisi\u00f3n.jpg","articleSection":["Conceptos y Oficios DIAN"],"inLanguage":"es","potentialAction":[{"@type":"CommentAction","name":"Comment","target":["https:\/\/contadoreshoy.com\/?p=6152#respond"]}]},{"@type":"WebPage","@id":"https:\/\/contadoreshoy.com\/?p=6152","url":"https:\/\/contadoreshoy.com\/?p=6152","name":"Tenencia m\u00ednima de acciones en escisi\u00f3n reorganizativa - Contadores P\u00fablicos","isPartOf":{"@id":"https:\/\/contadoreshoy.com\/#website"},"primaryImageOfPage":{"@id":"https:\/\/contadoreshoy.com\/?p=6152#primaryimage"},"image":{"@id":"https:\/\/contadoreshoy.com\/?p=6152#primaryimage"},"thumbnailUrl":"https:\/\/contadoreshoy.com\/wp-content\/uploads\/2015\/10\/escisi\u00f3n.jpg","datePublished":"2015-10-16T04:48:40+00:00","dateModified":"2017-02-05T03:00:25+00:00","breadcrumb":{"@id":"https:\/\/contadoreshoy.com\/?p=6152#breadcrumb"},"inLanguage":"es","potentialAction":[{"@type":"ReadAction","target":["https:\/\/contadoreshoy.com\/?p=6152"]}]},{"@type":"ImageObject","inLanguage":"es","@id":"https:\/\/contadoreshoy.com\/?p=6152#primaryimage","url":"https:\/\/contadoreshoy.com\/wp-content\/uploads\/2015\/10\/escisi\u00f3n.jpg","contentUrl":"https:\/\/contadoreshoy.com\/wp-content\/uploads\/2015\/10\/escisi\u00f3n.jpg","width":600,"height":400},{"@type":"BreadcrumbList","@id":"https:\/\/contadoreshoy.com\/?p=6152#breadcrumb","itemListElement":[{"@type":"ListItem","position":1,"name":"Portada","item":"https:\/\/contadoreshoy.com\/"},{"@type":"ListItem","position":2,"name":"Tenencia m\u00ednima de acciones en escisi\u00f3n reorganizativa"}]},{"@type":"WebSite","@id":"https:\/\/contadoreshoy.com\/#website","url":"https:\/\/contadoreshoy.com\/","name":"Contadorespublicossantander","description":"Portal para Contadores P\u00fablicos y empresarios","publisher":{"@id":"https:\/\/contadoreshoy.com\/#organization"},"potentialAction":[{"@type":"SearchAction","target":{"@type":"EntryPoint","urlTemplate":"https:\/\/contadoreshoy.com\/?s={search_term_string}"},"query-input":{"@type":"PropertyValueSpecification","valueRequired":true,"valueName":"search_term_string"}}],"inLanguage":"es"},{"@type":"Organization","@id":"https:\/\/contadoreshoy.com\/#organization","name":"Contadores P\u00fablicos de Santander","url":"https:\/\/contadoreshoy.com\/","logo":{"@type":"ImageObject","inLanguage":"es","@id":"https:\/\/contadoreshoy.com\/#\/schema\/logo\/image\/","url":"https:\/\/contadoreshoy.com\/wp-content\/uploads\/2024\/01\/cropped-cropped-Copia-de-M-1.jpg","contentUrl":"https:\/\/contadoreshoy.com\/wp-content\/uploads\/2024\/01\/cropped-cropped-Copia-de-M-1.jpg","width":499,"height":500,"caption":"Contadores P\u00fablicos de Santander"},"image":{"@id":"https:\/\/contadoreshoy.com\/#\/schema\/logo\/image\/"},"sameAs":["https:\/\/www.facebook.com\/CCCPBucaramanga\/"]},{"@type":"Person","@id":"https:\/\/contadoreshoy.com\/#\/schema\/person\/96d8979cb865537c5dc9345e40089fc5","name":"Miguel Antonio M\u00e1rquez Monta\u00f1ez","description":"Contador P\u00fablico egresado de la Universidad Aut\u00f3noma de Bucaramanga - Asesor contable tributario con m\u00e1s de 25 a\u00f1os de experiencia - Conferencista en temas contables y tributarios - T\u00e9cnico en Hardware y Dise\u00f1o Web - Creador y director Grupo de Estudio Colegio Colombiano de Contadores P\u00fablicos de Bucaramanga - Creador y Master Web p\u00e1gina www.contadoresp\u00fablicossantander.com - Expresidente Colegio Colombiano de Contadores P\u00fablicos Bucaramanga","url":"https:\/\/contadoreshoy.com\/?author=1"}]}},"_links":{"self":[{"href":"https:\/\/contadoreshoy.com\/index.php?rest_route=\/wp\/v2\/posts\/6152","targetHints":{"allow":["GET"]}}],"collection":[{"href":"https:\/\/contadoreshoy.com\/index.php?rest_route=\/wp\/v2\/posts"}],"about":[{"href":"https:\/\/contadoreshoy.com\/index.php?rest_route=\/wp\/v2\/types\/post"}],"author":[{"embeddable":true,"href":"https:\/\/contadoreshoy.com\/index.php?rest_route=\/wp\/v2\/users\/1"}],"replies":[{"embeddable":true,"href":"https:\/\/contadoreshoy.com\/index.php?rest_route=%2Fwp%2Fv2%2Fcomments&post=6152"}],"version-history":[{"count":1,"href":"https:\/\/contadoreshoy.com\/index.php?rest_route=\/wp\/v2\/posts\/6152\/revisions"}],"predecessor-version":[{"id":8019,"href":"https:\/\/contadoreshoy.com\/index.php?rest_route=\/wp\/v2\/posts\/6152\/revisions\/8019"}],"wp:featuredmedia":[{"embeddable":true,"href":"https:\/\/contadoreshoy.com\/index.php?rest_route=\/wp\/v2\/media\/6207"}],"wp:attachment":[{"href":"https:\/\/contadoreshoy.com\/index.php?rest_route=%2Fwp%2Fv2%2Fmedia&parent=6152"}],"wp:term":[{"taxonomy":"category","embeddable":true,"href":"https:\/\/contadoreshoy.com\/index.php?rest_route=%2Fwp%2Fv2%2Fcategories&post=6152"},{"taxonomy":"post_tag","embeddable":true,"href":"https:\/\/contadoreshoy.com\/index.php?rest_route=%2Fwp%2Fv2%2Ftags&post=6152"}],"curies":[{"name":"wp","href":"https:\/\/api.w.org\/{rel}","templated":true}]}}