{"id":6220,"date":"2015-10-22T00:03:47","date_gmt":"2015-10-22T05:03:47","guid":{"rendered":"http:\/\/colegiocolombianodecontadores.com\/?p=6220"},"modified":"2017-02-04T22:00:11","modified_gmt":"2017-02-05T03:00:11","slug":"impuestos-por-la-toma-de-fotografias-videos-o-imagenes","status":"publish","type":"post","link":"https:\/\/contadoreshoy.com\/?p=6220","title":{"rendered":"Impuestos por la toma de fotografias, videos o im\u00e1genes ???"},"content":{"rendered":"<p style=\"text-align: center;\">Parques Nacionales Naturales de Colombia<\/p>\n<p style=\"text-align: center;\">Resoluciones<\/p>\n<p style=\"text-align: center;\"><strong>RESOLUCI\u00d3N N\u00daMERO 0396 DE 2015<\/strong><\/p>\n<p style=\"text-align: center;\">(octubre 5)<\/p>\n<p style=\"text-align: justify;\"><span style=\"color: #0000ff;\"><em>por la cual se regula la actividad de realizaci\u00f3n de obras audiovisuales y toma de fotograf\u00edas en las \u00e1reas del Sistema de Parques Nacionales Naturales y su uso posterior, y se adoptan otras determinaciones.<\/em><\/span><\/p>\n<p style=\"text-align: justify;\">La Directora General de Parques Nacionales Naturales de Colombia, en ejercicio de las facultades que le confiere el Decreto n\u00famero 3572 de 2011, y<\/p>\n<p style=\"text-align: center;\">CONSIDERANDO:<\/p>\n<p style=\"text-align: justify;\">Que el art\u00edculo 328 del Decreto Ley 2811 de 1974 establece entre las finalidades del Sistema de Parques Nacionales Naturales la de conservar valores sobresalientes de fauna y flora, paisajes o reliquias hist\u00f3ricas, culturales o arqueol\u00f3gicas, para darles un r\u00e9gimen especial de manejo, fundado en una planeaci\u00f3n integral, con principios ecol\u00f3gicos, as\u00ed como la de evitar su deterioro.<\/p>\n<p style=\"text-align: justify;\">Que el art\u00edculo 332 del Decreto Ley 2811 de 1974 estableci\u00f3 que dentro de las \u00e1reas del Sistema de Parques Nacionales Naturales solo se permiten las actividades de conservaci\u00f3n, recuperaci\u00f3n y control, investigaci\u00f3n, educaci\u00f3n, recreaci\u00f3n y cultura.<\/p>\n<p style=\"text-align: justify;\">Que el art\u00edculo primero del Decreto Ley 3572 de fecha 27 de septiembre de 2011, crea la Unidad Administrativa denominada Parques Nacionales Naturales de Colombia, del orden nacional, sin personer\u00eda jur\u00eddica, con autonom\u00eda administrativa y financiera, con jurisdicci\u00f3n en todo territorio nacional en los t\u00e9rminos del art\u00edculo\u00a067 de la Ley 489 de 1998, encargada de la administraci\u00f3n y manejo del Sistema de Parques Nacionales Naturales y la coordinaci\u00f3n del Sistema Nacional de \u00c1reas Protegidas.<\/p>\n<p style=\"text-align: justify;\">Que el art\u00edculo segundo del citado Decreto Ley, en cuanto se refiere a la funci\u00f3n de administraci\u00f3n y manejo de las \u00e1reas del Sistema, establece entre otras funciones de Parques Nacionales Naturales de Colombia, la reglamentaci\u00f3n del uso y el funcionamiento de las \u00e1reas que lo conforman de acuerdo con el Decreto n\u00famero 2811 de 1974, Ley 99 de 1993 y sus decretos reglamentarios, el otorgar permisos, concesiones y dem\u00e1s autorizaciones ambientales para el uso y aprovechamiento de los recursos naturales renovables, y la liquidaci\u00f3n, cobro y recaudo conforme a la ley, los derechos tasas , multas, contribuciones y tarifas por el uso y aprovechamiento de los recursos naturales renovables de las \u00e1reas del Sistema de Parques Nacionales Naturales y de los dem\u00e1s bienes y servicios suministrados por dichas \u00e1reas.<\/p>\n<p style=\"text-align: justify;\">Que el art\u00edculo 9\u00b0 del mismo Decreto Ley, estable las funciones de la Direcci\u00f3n General, y en su numeral 2 faculta a la Directora para adoptar los instrumentos de planificaci\u00f3n, programas, proyectos relacionados con la administraci\u00f3n y manejo del Sistema de Parques Nacionales Naturales en el marco de la pol\u00edtica que defina el Ministerio de Ambiente y Desarrollo Sostenible.<\/p>\n<p style=\"text-align: justify;\">Que el art\u00edculo 23 del Decreto n\u00famero 622 de 1977 reglamentario del Decreto Ley 2811 de 1977, hoy compilado en el Decreto \u00danico 1076 de 2015, en su regulaci\u00f3n establece que las actividades permitidas en las \u00e1reas del Sistema de Parques Nacionales Naturales, dentro de las cuales se encuentra la recreaci\u00f3n, solamente podr\u00e1n desarrollar siempre y cuando no causen alteraciones significativas al ambiente natural.<\/p>\n<p style=\"text-align: justify;\">Que en el art\u00edculo 13 numerales 8 y 17 del citado Decreto n\u00famero 622 de 1977, hoy art\u00edculo 2.2.2.1.10.1. del Decreto \u00danico 1076 de 2015, se\u00f1ala que a Parques Nacionales Naturales de Colombia le corresponde coordinar y adelantar la divulgaci\u00f3n de las distintas \u00e1reas del Sistema de Parques Nacionales Naturales, adem\u00e1s de establecer los mecanismos que estime convenientes para obtener los recursos destinados a la ejecuci\u00f3n de programas, siempre y cuando los mismos no atenten contra tales \u00e1reas, ni conlleven menoscabo o degradaci\u00f3n alguna en las mismas.<\/p>\n<p style=\"text-align: justify;\">Que conforme a lo dispuesto en el numeral 18 ib\u00eddem, le corresponde a Parques Nacionales Naturales de Colombia, regular la realizaci\u00f3n de propaganda relacionada con paisajes naturales o con la protecci\u00f3n de los recursos naturales.<\/p>\n<p style=\"text-align: justify;\"><span style=\"color: #0000ff;\">Que el art\u00edculo 2.2.2.1.15.2 numeral 9 del prenombrado decreto, proh\u00edbe taxativamente tomar fotograf\u00edas, pel\u00edculas o grabaciones de los valores naturales, al interior de las \u00e1reas del Sistema, sin aprobaci\u00f3n previa de Parques Nacionales Naturales.<\/span><\/p>\n<p style=\"text-align: justify;\">Que para Parques Nacionales Naturales de Colombia, resulta de gran importancia la divulgaci\u00f3n y promoci\u00f3n de las \u00e1reas protegidas, como estrategia fundamental para la conservaci\u00f3n de las mismas, mediante el conocimiento de los valores naturales y culturales que en ellas se protegen.<\/p>\n<p style=\"text-align: justify;\"><span style=\"color: #ff9900;\">Que los valores sobresalientes de fauna y flora, las reliquias hist\u00f3ricas, culturales o arqueol\u00f3gicas y el recurso paisaj\u00edstico incorporado en las \u00e1reas del Sistema de Parques Nacionales Naturales, constituyen un activo ambiental de la Naci\u00f3n; en consecuencia su aprovechamiento, uso y disfrute por parte de los particulares exige un compromiso correlativo encaminado a garantizar la protecci\u00f3n del ambiente, su diversidad e integridad reflejado en un cobro por parte de Parques Nacionales por prestar el servicio eco sist\u00e9mico para su captura en obras audiovisuales y fotogr\u00e1ficas.<\/span><\/p>\n<p style=\"text-align: justify;\"><span style=\"color: #ff9900;\">Que por lo anterior, le corresponde a Parques Nacionales Naturales de Colombia reglamentar y establecer el procedimiento para otorgar el permiso para la realizaci\u00f3n de obras audiovisuales toma de fotograf\u00edas, as\u00ed como los valores a cobrar por estas actividades cuando se pretendan realizar en las \u00e1reas del Sistema, y para sus usos posteriores.<\/span><\/p>\n<p style=\"text-align: justify;\">Que Parques Nacionales Naturales de Colombia en funci\u00f3n del fortalecimiento de capacidades para la administraci\u00f3n y posicionamiento de del Sistema de Parques Nacionales Naturales establecer\u00e1 un tratamiento diferencial a aquellas actividades que est\u00e9n exclusivamente dirigidas a la divulgaci\u00f3n de los aspectos naturales e hist\u00f3ricos-culturales de un \u00e1rea protegida del Sistema de Parques Nacionales Naturales.<\/p>\n<p style=\"text-align: justify;\">Que de acuerdo con el numeral 11 del art\u00edculo 13 del Decreto Ley 3572 de 2011, corresponde a la Subdirecci\u00f3n de Gesti\u00f3n y Manejo de \u00c1reas Protegidas, emitir conceptos t\u00e9cnicos relacionados con la implementaci\u00f3n de pol\u00edticas, planes, programas, proyectos, normas, procedimientos y tr\u00e1mites administrativos ambientales relacionados con la administraci\u00f3n y manejo de las \u00e1reas del Sistema de Parques Nacionales Naturales.<\/p>\n<p style=\"text-align: justify;\">Que de acuerdo al memorando n\u00famero 20143000002433 de la Subdirecci\u00f3n de Sostenibilidad y Servicios Ambientales, que contiene el estudio econ\u00f3mico para el \u201cCobro por producciones de Fotograf\u00eda y Audiovisuales en Sistema de Parques Nacionales Naturales de Colombia, se destaca que las producciones de fotograf\u00eda y audiovisuales que se realizan en las \u00e1reas protegidas, hacen uso del servicio ecosist\u00e9mico por el valor est\u00e9tico de estas \u00e1reas, puesto que los Parques Nacionales Naturales tienen las condiciones de conservaci\u00f3n para prestar el servicio y gozan de amplia oferta de valores naturales y paisaj\u00edsticos. En el mencionado estudio respecto al cobro se advirti\u00f3:<\/p>\n<p style=\"text-align: justify;\">\u201cCOBRO POR PRODUCCIONES DE FOTOGRAF\u00cdA Y AUDIOVISUALES EN EL SISTEMA DE PARQUES NACIONALES NATURALES DE COLOMBIA\u201d<\/p>\n<p style=\"text-align: justify;\">(\u2026)<\/p>\n<ol style=\"text-align: justify;\">\n<li><span style=\"color: #0000ff;\"><strong>COBRO POR PRODUCCI\u00d3N DE FOTOGRAF\u00cdA Y AUDIOVISUALES <\/strong><\/span><\/li>\n<\/ol>\n<p style=\"text-align: justify;\"><strong>2014<\/strong>: El cobro para el a\u00f1o 2014 se realiza a partir de dos cuestiones:<\/p>\n<ol style=\"text-align: justify;\">\n<li>Teniendo en cuenta los presupuestos destinados por la entidad para actividades de regulaci\u00f3n y control de usos en los Parques Nacionales Naturales, se establece la siguiente f\u00f3rmula para el c\u00e1lculo:<\/li>\n<\/ol>\n<p style=\"text-align: justify;\"><strong><em>Variables que intervienen en el cobro:<\/em><\/strong><\/p>\n<ul style=\"text-align: justify;\">\n<li>Presupuesto de Parques Nacionales Naturales por Fonam e Inversi\u00f3n, a trav\u00e9s del subpro grama: regular y controlar el uso y aprovechamiento de los recursos naturales en las \u00e1reas del SPNN \u2192 \u2211RCU<\/li>\n<li>Estad\u00edsticas de demanda \u2192 \u00c2<\/li>\n<li>Participaci\u00f3n de Filmaci\u00f3n y Fotograf\u00eda dentro de la oferta de servicios de los Parques<\/li>\n<\/ul>\n<p style=\"text-align: justify;\">Nacionales Naturales de Colombia \u2192 \u0108<\/p>\n<ul style=\"text-align: justify;\">\n<li>El n\u00famero asociado al salario m\u00ednimo legal vigente de 2014.<\/li>\n<li>El coeficiente de actualizaci\u00f3n anual del cobro, es el Salario M\u00ednimo Legal Vigente<\/li>\n<\/ul>\n<p style=\"text-align: justify;\">(SMLV).<\/p>\n<p style=\"text-align: justify;\">La f\u00f3rmula que nos sustenta el cobro actual de las tarifas de filmaci\u00f3n y fotograf\u00eda es:<\/p>\n<p style=\"text-align: justify;\">(\u2211RCU* \u0108\/\u00c2)=N\u00famero (asociado a una unidad de medida que no pierda su poder adquisitivo se asocia al n\u00famero de smmlv).<\/p>\n<p style=\"text-align: justify;\">Supuestos son:<\/p>\n<ul style=\"text-align: justify;\">\n<li>Fotograf\u00eda corresponde al 34% dentro de la actividad.<\/li>\n<li>Filmaci\u00f3n corresponde al 66% dentro de la actividad.<\/li>\n<li>Se asume el 3% como la participaci\u00f3n de la actividad de filmaci\u00f3n y fotograf\u00eda dentro de la oferta de Parques Nacionales Naturales.<\/li>\n<\/ul>\n<ol style=\"text-align: justify;\" start=\"2\">\n<li>El cobro hist\u00f3rico por la prestaci\u00f3n del servicio de Fotograf\u00eda y Audiovisuales que ha venido realizando Parques Nacionales Naturales de Colombia, en el cual es importante agrupar par\u00e1metros y no generar una alta diferenciaci\u00f3n de las tarifas, ayudando con ello al c\u00e1lculo del monto referente al servicio, los procesos administrativos y su control y vigilancia.<\/li>\n<\/ol>\n<p style=\"text-align: justify;\">En ese sentido se recomienda tener en cuenta dos variables: El tipo de actividad y la cantidad de personas que intervienen. Se plantea el siguiente cobro:<\/p>\n<table style=\"height: 583px;\" width=\"1110\">\n<tbody>\n<tr>\n<td width=\"392\"><span style=\"color: #0000ff;\"><strong>Tarifas para cobro<\/strong><\/span><\/td>\n<td width=\"61\">&nbsp;<\/td>\n<\/tr>\n<tr>\n<td width=\"392\"><span style=\"color: #000000;\"><strong>AUDIOVISUALES<\/strong><\/span><\/td>\n<td width=\"61\"><span style=\"color: #ff9900;\"><strong>SMLV<\/strong><\/span><\/td>\n<\/tr>\n<tr>\n<td width=\"392\"><span style=\"color: #ff9900;\">Valor d\u00eda en proyectos que intervienes entre 1 y 20 personas.<\/span><\/td>\n<td width=\"61\"><span style=\"color: #ff9900;\">8<\/span><\/td>\n<\/tr>\n<tr>\n<td width=\"392\"><span style=\"color: #ff9900;\">Valor d\u00eda en proyectos que intervienen + de 20 personas, tendr\u00e1 incremento de 1,5 SMDLV por personal adicional.<\/span><\/td>\n<td width=\"61\"><span style=\"color: #ff9900;\">1,5<\/span><\/td>\n<\/tr>\n<tr>\n<td width=\"392\"><strong>FOTOGRAF\u00cdA<\/strong><\/td>\n<td width=\"61\"><strong>SMLV<\/strong><\/td>\n<\/tr>\n<tr>\n<td width=\"392\"><span style=\"color: #ff9900;\">Valor por d\u00eda fotograf\u00eda en proyectos en los que intervienen entre 1 y 5 personas.<\/span><\/td>\n<td width=\"61\"><span style=\"color: #ff9900;\">4<\/span><\/td>\n<\/tr>\n<tr>\n<td width=\"392\"><span style=\"color: #ff9900;\">Valor por d\u00eda fotograf\u00eda en proyectos en los que intervienen + de 5 personas SMDLV por personal adicional.<\/span><\/td>\n<td width=\"61\"><span style=\"color: #ff9900;\">1,5<\/span><\/td>\n<\/tr>\n<\/tbody>\n<\/table>\n<p style=\"text-align: justify;\">Que mediante Resoluci\u00f3n n\u00famero 017 del 23 de enero de 2007, expedida por la Direcci\u00f3n General, se regula las actividades de toma de fotograf\u00edas, grabaciones de video y filmaciones en \u00e1reas del Sistema de Parques Nacionales Naturales y uso posterior, y se toman otras determinaciones.<\/p>\n<p style=\"text-align: justify;\">Que mediante Resoluci\u00f3n n\u00famero 0248 del 29 de diciembre de 2011, por la cual se adopta una referencia normativa, se establece que las disposiciones de car\u00e1cter general y abstracto dictadas por Parques Nacionales Naturales que hac\u00edan referencia al derogado Decreto Ley 216 de 2003, deber\u00e1 entenderse referidas al Decreto Ley 3572 de 2011, por lo cual se corrobora la vigencia de la citada Resoluci\u00f3n n\u00famero 017 de 2007.<\/p>\n<p style=\"text-align: justify;\">Que mediante el art\u00edculo 2\u00b0 de la Resoluci\u00f3n n\u00famero 092 del 9 de noviembre de 2011, que adopta lo contemplado en el numeral 14 del art\u00edculo 13 del Decreto n\u00famero 3572 de 2011 la Directora General de Parques Nacionales Naturales delega en el cargo de Subdirector de Gesti\u00f3n y Manejo la funci\u00f3n de <em>\u201cotorgar permisos, concesiones y dem\u00e1s autorizaciones para el uso y aprovechamiento de los recursos naturales renovables asociados al Sistema de Parques Nacionales Naturales&#8230;\u201d.<\/em><\/p>\n<p style=\"text-align: justify;\">Que mediante Resoluci\u00f3n n\u00famero 180 del 10 de junio de 2014 <em>por la cual se derogan las Resoluciones 033 del 7 de octubre de 2011, 009 del 20 de enero de 2012 y 0434 del 23 de diciembre de 2013 y se conforman los Grupo Internos de Trabajo de Parques Nacionales Naturales de Colombia y se determinan sus funciones<\/em>, se conforma el Grupo de Tr\u00e1mites y Evaluaci\u00f3n Ambiental el cual tiene la funci\u00f3n de: adelantar los tr\u00e1mites administrativos ambientales y proyectar los actos administrativos que haya lugar para el otorgamiento de permisos, concesiones, autorizaciones y dem\u00e1s instrumentos de control y seguimiento ambiental, para el uso\u00a0y aprovechamiento de recursos naturales renovables en las \u00e1reas del Sistema de Parques Nacionales Naturales.<\/p>\n<p style=\"text-align: justify;\">Que en la misma Resoluci\u00f3n se crea el Grupo de Comunicaci\u00f3n y Educaci\u00f3n Ambiental, el cual le corresponde direccionar el dise\u00f1o, implementaci\u00f3n y seguimiento de los lineamientos estrat\u00e9gicos de comunicaci\u00f3n y educaci\u00f3n ambiental de Parques Nacionales Naturales de Colombia, entre otras de acuerdo a su nivel, naturaleza y \u00e1rea de desempe\u00f1o respectivamente.<\/p>\n<p style=\"text-align: justify;\">Que con la entrada en vigencia de la Ley 1437 de 2011 C\u00f3digo de Procedimiento Administrativo y de lo Contencioso-Administrativo, y la Ley 1755 de 2015 que regula el Derecho Fundamental de Petici\u00f3n y se sustituye un t\u00edtulo del C\u00f3digo de Procedimiento Administrativo y de lo Contencioso-Administrativo, se modific\u00f3 el procedimiento que adelantan las entidades p\u00fablicas, y en consecuencia se hace necesario realizar la revisi\u00f3n y ajuste el procedimiento que regula la autorizaci\u00f3n establecida mediante Resoluci\u00f3n n\u00famero 017 del 2007.<\/p>\n<p style=\"text-align: justify;\">Que en m\u00e9rito de lo expuesto,<\/p>\n<p style=\"text-align: center;\">RESUELVE:<\/p>\n<p style=\"text-align: justify;\"><span style=\"color: #0000ff;\">Art\u00edculo 1\u00b0. <em>Objeto<\/em>.\u00b7 La presente resoluci\u00f3n tiene por objeto definir el procedimiento para otorgar permisos para las actividades de realizaci\u00f3n de obras audiovisuales y toma de fotograf\u00edas en las \u00e1reas del Sistema de Parques Nacionales Naturales, establecer el r\u00e9gimen aplicable a estas actividades, su uso posterior y el valor de cobro por la realizaci\u00f3n de estas actividades en las \u00e1reas del Sistema.<\/span><\/p>\n<p style=\"text-align: justify;\"><span style=\"color: #ff9900;\">Art\u00edculo 2\u00b0. <em>Definiciones<\/em><\/span>. Para efectos del presente acto administrativo se establecen las siguientes definiciones:<\/p>\n<p style=\"text-align: justify;\"><strong>Usuario<\/strong>: Persona natural o jur\u00eddica que solicita un permiso para realizar trabajos audiovisuales y de fotograf\u00eda en las \u00e1reas del Sistema de Parques Nacionales Naturales, y\/o para realizar un uso posterior.<\/p>\n<p style=\"text-align: justify;\"><strong>Obra Audiovisual<\/strong>: Toda creaci\u00f3n expresada mediante una serie de im\u00e1genes asociadas, con o sin sonorizaci\u00f3n incorporada, que est\u00e9 destinada esencialmente a ser mostrada a trav\u00e9s aparatos de proyecci\u00f3n o cualquier otro medio de comunicaci\u00f3n de la imagen y de sonido, independientemente de las caracter\u00edsticas del soporte material que la contiene.<\/p>\n<p style=\"text-align: justify;\">Obra Audiovisual de tipo documental: Trabajo de filmaci\u00f3n destinado inequ\u00edvocamente a la difusi\u00f3n o educaci\u00f3n sobre los aspectos naturales, hist\u00f3rico-culturales o servicios ambientales de un \u00e1rea protegida del Sistema de Parques Nacionales Naturales y\/o de los acontecimientos que sobre ellos influyan.<\/p>\n<p style=\"text-align: justify;\"><strong>Obra Audiovisual de tipo no documental<\/strong>. Trabajo de filmaci\u00f3n que por sus caracter\u00edsticas argumentales o tem\u00e1ticas no involucra, o lo hace en forma secundaria, los aspectos naturales e hist\u00f3ricoc ulturales de un \u00e1rea protegida del Sistema de Parques Nacionales Naturales y los acontecimientos que sobre ellos influyan.<\/p>\n<p style=\"text-align: justify;\"><strong>Fotograf\u00eda documental<\/strong>: Aquella cuyo prop\u00f3sito es la difusi\u00f3n y educaci\u00f3n sobre los aspectos naturales, hist\u00f3rico-culturales o servicios ambientales de un \u00e1rea protegida del Sistema de Parques Nacionales Naturales y\/o de los acontecimientos que sobre ellos influyan.<\/p>\n<p style=\"text-align: justify;\"><strong>Fotograf\u00eda no documental<\/strong>: Aquella cuyo prop\u00f3sito sea total o parcialmente diferente al de la fotograf\u00eda documental.<\/p>\n<p style=\"text-align: justify;\"><strong>Hecho noticioso<\/strong>: Refiere a una nueva informaci\u00f3n sobre sucesos recientes y\/o su desarrollo, la cual ser\u00e1 divulgada a trav\u00e9s de uno o m\u00e1s medios, haciendo uso de los diferentes g\u00e9neros period\u00edsticos existentes.<\/p>\n<p style=\"text-align: justify;\">Art\u00edculo 3\u00b0. <em>Clasificaci\u00f3n<\/em>. Para los efectos del presente acto administrativo, las obras se clasifican en:<\/p>\n<ol style=\"text-align: justify;\">\n<li>OBRAS AUDIOVISUALES:\n<ul>\n<li>De tipo documental<\/li>\n<li>De tipo no documental<\/li>\n<\/ul>\n<\/li>\n<li>OBRAS FOTOGR\u00c1FICAS:\n<ul>\n<li>Fotograf\u00eda documental.<\/li>\n<li>Fotograf\u00eda no documental.<\/li>\n<\/ul>\n<\/li>\n<\/ol>\n<p style=\"text-align: justify;\"><span style=\"color: #ff9900;\">Art\u00edculo 4\u00b0. <\/span><em><span style=\"color: #ff9900;\">Permiso de filmaci\u00f3n y\/o toma de fotograf\u00edas<\/span>. <\/em>El usuario que pretenda realizar una obra audiovisual o la toma de fotograf\u00edas que involucren aspectos naturales o hist\u00f3ricos de \u00e1reas del Sistema de Parques Nacionales, as\u00ed como la disposici\u00f3n del material para su uso posterior, deber\u00e1 obtener un permiso de filmaci\u00f3n y\/o toma de fotograf\u00edas.<\/p>\n<p style=\"text-align: justify;\"><span style=\"color: #ff9900;\">Art\u00edculo 5\u00b0. <em>Procedimiento<\/em><\/span>. Para llevar a cabo las actividades de filmaci\u00f3n y toma de fotograf\u00edas recogidas en este acto administrativo, el usuario deber\u00e1:<\/p>\n<ol style=\"text-align: justify;\">\n<li>Presentar en la ventanilla de Atenci\u00f3n al Usuario la solicitud de permiso contenida en el formato adoptado por la Subdirecci\u00f3n de Gesti\u00f3n y Manejo, por escrito o por medio electr\u00f3nico de conformidad con la Ley 1437 de 2011 C\u00f3digo de Procedimiento Administrativo y de lo Contencioso-Administrativo, as\u00ed como realizar el respectivo pago por concepto de evaluaci\u00f3n de acuerdo con regulaci\u00f3n que expida la Entidad.<\/li>\n<\/ol>\n<p style=\"text-align: justify;\">Al recibir la solicitud, se deber\u00e1 verificar el pago de la evaluaci\u00f3n y si la informaci\u00f3n y documentaci\u00f3n requerida est\u00e1 completa para proceder a radicarla, en el acto de recibo se deber\u00e1 indicar al peticionario lo que falte. Si este insiste en que se radique, as\u00ed se har\u00e1 dejando constancia de los requisitos o documentos faltantes.<\/p>\n<ol style=\"text-align: justify;\" start=\"2\">\n<li>Radicado el formato de solicitud, se remitir\u00e1 a la Subdirecci\u00f3n de Gesti\u00f3n y Manejo de \u00c1reas Protegidas con el fin de que se revise que se encuentre correctamente diligenciado y que se hayan adjuntado los documentos y soportes respectivos, s\u00ed se constata que la solicitud est\u00e1 incompleta pero la actuaci\u00f3n puede continuar sin oponerse a la ley, dentro de los diez (10) d\u00edas h\u00e1biles siguientes a la fecha de radicaci\u00f3n, mediante acto administrativo motivado se requerir\u00e1 al peticionario para que en el t\u00e9rmino m\u00e1ximo de un (1) mes contado a partir de la notificaci\u00f3n de dicho acto, ajuste, complemente y\/o allegue la informaci\u00f3n requerida para dar inicio al tr\u00e1mite, so pena de declarar el desistimiento del tr\u00e1mite y ordenar el archivo definitivo del expediente mediante acto administrativo motivado que se notificar\u00e1 personalmente, sobre el cual solo procede el recurso de reposici\u00f3n, sin perjuicio de que la respectiva solicitud pueda ser nuevamente presentada con el lleno de los requisitos legales.<\/li>\n<li>Agotado el tr\u00e1mite anterior, la Subdirecci\u00f3n de Gesti\u00f3n y Manejo dentro de los cinco (5) d\u00edas h\u00e1biles siguientes al recibo, expedir\u00e1 auto de inicio de tr\u00e1mite de Permiso de filmaci\u00f3n y\/o toma de fotograf\u00edas en los t\u00e9rminos del art\u00edculo 70 de la Ley 99 de 1993.<\/li>\n<\/ol>\n<p style=\"text-align: justify;\">En dicho acto se le solicitar\u00e1 al Grupo de Comunicaciones y Educaci\u00f3n Ambiental, emita memorando en el que se determine la naturaleza de tipo de obra que se pretende realizar dentro del \u00e1rea protegida, y se expida concepto t\u00e9cnico por la Subdirecci\u00f3n de Gesti\u00f3n y Manejo de \u00c1reas Protegidas para que eval\u00fae la actividad y realice la respectiva liquidaci\u00f3n de la tarifa de valor de seguimiento, para lo cual contar\u00e1n con cinco (15) d\u00edas h\u00e1biles.<\/p>\n<p style=\"text-align: justify;\">Cuando en la actuaci\u00f3n administrativa advierta que terceras personas puedan resultar directamente afectadas por la decisi\u00f3n, les comunicar\u00e1 la existencia de la actuaci\u00f3n, el objeto de la misma y el nombre del peticionario, si lo hubiere, para que puedan constituirse como parte y hacer valer sus derechos.<\/p>\n<p style=\"text-align: justify;\">El auto de inicio se deber\u00e1 notificar conforme a los par\u00e1metros establecidos en la Ley 1437 de 2011, y publicar en la Gaceta Ambiental de Parques Nacionales Naturales de Colombia.<\/p>\n<ol style=\"text-align: justify;\" start=\"4\">\n<li>Cuando en el curso de una actuaci\u00f3n administrativa la autoridad advierta que el peticionario debe realizar una gesti\u00f3n de tr\u00e1mite a su cargo, necesaria para adoptar una decisi\u00f3n de fondo, lo requerir\u00e1 por una sola vez para que la efect\u00fae en el t\u00e9rmino de un (1 ) mes, lapso durante el cual se suspender\u00e1 el t\u00e9rmino para decidir.<\/li>\n<\/ol>\n<p style=\"text-align: justify;\">Se entender\u00e1 que el peticionario ha desistido de su solicitud cuando no satisfaga el requerimiento, salvo que antes de vencer el plazo concedido solicite pr\u00f3rroga hasta por un t\u00e9rmino igual.<\/p>\n<p style=\"text-align: justify;\">Vencidos los t\u00e9rminos establecidos en el este art\u00edculo, la autoridad decretar\u00e1 el desistimiento y el archivo del expediente, mediante acto administrativo motivado, que se notificar\u00e1 personalmente, contra el cual \u00fanicamente procede recurso de reposici\u00f3n, sin perjuicio de que la respectiva solicitud pueda ser nuevamente presentada con el lleno de los requisitos legales.<\/p>\n<ol style=\"text-align: justify;\" start=\"5\">\n<li>Dentro de los diez (10) d\u00edas h\u00e1biles siguientes a la emisi\u00f3n del concepto t\u00e9cnico, la Subdirecci\u00f3n de Gesti\u00f3n y Manejo de \u00c1reas Protegidas resolver\u00e1 la solicitud; la decisi\u00f3n ser\u00e1 recogida en acto administrativo, el cual incorpora el memorando emitido por el Grupo de Comunicaciones y Educaci\u00f3n Ambiental que determinar\u00e1 la naturaleza del tipo de obra, el concepto t\u00e9cnico y establecer\u00e1 las obligaciones que sean conducentes y pertinentes.<\/li>\n<\/ol>\n<p style=\"text-align: justify;\">La decisi\u00f3n correspondiente se notificar\u00e1 al usuario conforme a los par\u00e1metros establecidos en la Ley 1437 de 2011, y se publicar\u00e1 en los t\u00e9rminos del art\u00edculo 71 de la Ley 99 de 1993.<\/p>\n<ol style=\"text-align: justify;\" start=\"6\">\n<li>Contra el acto administrativo que otorga o niega el permiso de filmaci\u00f3n y\/o toma de fotograf\u00edas, proceder\u00e1 el recurso de reposici\u00f3n.<\/li>\n<\/ol>\n<p style=\"text-align: justify;\">Par\u00e1grafo 1\u00b0. El procedimiento administrativo podr\u00e1 realizarse a trav\u00e9s de medio electr\u00f3nico, para lo cual deber\u00e1 registrar su direcci\u00f3n de correo electr\u00f3nico en la base de datos dispuesta para tal fin por la Entidad, con el fin de continuar la actuaci\u00f3n por este medio. En cualquier tiempo del tr\u00e1mite el usuario podr\u00e1 solicitar recibir notificaci\u00f3n o comunicaciones por un medio diferente.<\/p>\n<p style=\"text-align: justify;\">Art\u00edculo 6\u00b0. <em>De la consulta previa.<\/em> En caso en que las actividades de realizaci\u00f3n de obras audiovisuales y\/o toma de fotograf\u00edas requieran cumplir con la consulta previa a los grupos \u00e9tnicos, el usuario ser\u00e1 el responsable de adelantarla conforme al tr\u00e1mite legal vigente. El cumplimiento de dicho requisito es obligatorio, previo a la adopci\u00f3n de la decisi\u00f3n administrativa.<\/p>\n<p style=\"text-align: justify;\">Art\u00edculo 7\u00b0. <em>Modificaciones durante el tr\u00e1mite del permiso.<\/em> Dentro de los quince (15) d\u00edas calendario contados a partir de la notificaci\u00f3n del auto de inicio, el interesado podr\u00e1 modificar la solicitud inicial, en cuyo caso la Subdirecci\u00f3n de Gesti\u00f3n y Manejo de \u00c1reas Protegidas, determinar\u00e1 la pertinencia o no de suspender los t\u00e9rminos del proceso por un t\u00e9rmino m\u00e1ximo de treinta (30) d\u00edas calendario, para solicitar informaci\u00f3n complementaria y ajustada a las modificaciones del proyecto.<\/p>\n<p style=\"text-align: justify;\">Art\u00edculo 8\u00b0. <em>Modificaciones durante la ejecuci\u00f3n del permiso.<\/em> Una vez otorgado el permiso para la realizaci\u00f3n de obras audiovisuales y\/o toma de fotograf\u00edas, cualquier modificaci\u00f3n del programa de actividades, deber\u00e1 ser previamente aprobada por la Subdirecci\u00f3n de Gesti\u00f3n y Manejo de \u00c1reas Protegidas. Si el cambio en la informaci\u00f3n fuere sustancial, de tal manera que altere las obligaciones resultantes del otorgamiento del permiso inicial, tal modificaci\u00f3n deber\u00e1 tramitarse como un nuevo\u00a0permiso, evento en el cual cesan los efectos del permiso inicial y la actividad deber\u00e1 ser inmediatamente suspendida.<\/p>\n<p style=\"text-align: justify;\">Art\u00edculo 9\u00b0. <em>obligaciones<\/em>: En caso de permitirse por parte de la Subdirecci\u00f3n de Gesti\u00f3n y Manejo de \u00c1reas Protegidas el ejercicio de las actividades reguladas en el presente acto administrativo, el equipo de trabajo que adquiere el permiso deber\u00e1:<\/p>\n<ol style=\"text-align: justify;\">\n<li>Cumplir las normas aplicables al Sistema de Parques Nacionales Naturales.<\/li>\n<li>Respetar los derechos de las comunidades que habitan o hacen uso material e inmaterial del \u00e1rea protegida.<\/li>\n<li>Cumplir disposiciones que regulan las condiciones de acceso e ingreso en las \u00e1reas del Sistema de Parques Nacionales Naturales.<\/li>\n<li>Tener muy presente las recomendaciones y obligaciones que imponga el Jefe del \u00e1rea protegida.<\/li>\n<li>Exhibir ante los funcionarios del \u00e1rea protegida el permiso respectivo junto con el comprobante del pago de la tarifa y el seguimiento, as\u00ed como identificarse debidamente cuando se le requiera.<\/li>\n<li>Presentarse antes de iniciar las tareas de producci\u00f3n ante el Jefe del \u00e1rea protegida en d\u00edas y horarios calendario, salvo que en forma escrita y previa se hubiera acordado otro momento; Las actividades de filmaci\u00f3n, o trabajo fotogr\u00e1fico no podr\u00e1n iniciarse sin haber cumplido este punto.<\/li>\n<li>Mantener libre de residuos el \u00e1rea de trabajo durante el tiempo que dure la producci\u00f3n.<\/li>\n<li>Una vez finalizada la misma, proceder al retiro de todos los elementos que se hubieren utilizado durante el trabajo, debiendo quedar el sitio tal y como se encontraba al inicio del mismo.<\/li>\n<\/ol>\n<p style=\"text-align: justify;\"><span style=\"color: #ff9900;\">Art\u00edculo 10. <em>Entrega posterior de material documental<\/em>.<\/span> Adem\u00e1s de las obligaciones previstas en cada acto administrativo, el usuario del permiso deber\u00e1 entregar a Parques Nacionales dentro de los sesenta (60) d\u00edas calendario siguientes al vencimiento del permiso lo siguiente:<\/p>\n<ol style=\"text-align: justify;\">\n<li>Sobre permisos otorgados para la realizaci\u00f3n de filmaciones documentales: Copia del 50% del material f\u00edlmico o de video no editado realizado exclusivamente en el \u00e1rea protegida, en formato profesional digital o de calidades superiores.<\/li>\n<li>Sobre permisos otorgados para la realizaci\u00f3n de fotograf\u00eda documental: Un porcentaje equivalente al 40% del total de las fotograf\u00edas tomadas en el \u00e1rea protegida, en diapositiva o formato digital de alta resoluci\u00f3n, para lo cual, el beneficiario deber\u00e1 presentar el material fotogr\u00e1fico en Parques Nacionales para efectuar la selecci\u00f3n respectiva.<\/li>\n<\/ol>\n<p style=\"text-align: justify;\"><span style=\"color: #0000ff;\">Art\u00edculo 11. <em>Tarifas<\/em>. El usuario con anterioridad a la iniciaci\u00f3n de los trabajos autorizados, deber\u00e1 cancelar el valor o tarifa que se se\u00f1ala en el permiso.<\/span><\/p>\n<ol>\n<li style=\"text-align: justify;\"><strong>Filmaciones o grabaciones de video<\/strong>. El valor de la tarifa ser\u00e1 el resultado de la sumatoria de los elementos que se discriminan en la siguiente tabla:<\/li>\n<\/ol>\n<table style=\"height: 271px;\" width=\"1127\">\n<tbody>\n<tr>\n<td width=\"378\"><span style=\"color: #ff9900;\"><strong>AUDIOVISUALES<\/strong><\/span><\/td>\n<td width=\"75\"><strong>SMLV<\/strong>*<\/td>\n<\/tr>\n<tr>\n<td width=\"378\">Valor d\u00eda en proyectos que intervienen entre 1 a 20 personas.<\/td>\n<td width=\"75\">8<\/td>\n<\/tr>\n<tr>\n<td width=\"378\">Valor d\u00eda en proyectos que intervienen + de 20 personas, tendr\u00e1 incremento de 1,5 SMDLV** por persona adicional.<\/td>\n<td width=\"75\">1,5<\/td>\n<\/tr>\n<\/tbody>\n<\/table>\n<ol>\n<li><strong>Fotograf\u00eda<\/strong>. El valor de la tarifa ser\u00e1 el resultado de la sumatoria de los elementos que se discriminan en la siguiente tabla:<\/li>\n<\/ol>\n<table style=\"height: 247px;\" width=\"1127\">\n<tbody>\n<tr>\n<td width=\"378\"><span style=\"color: #ff9900;\"><strong>FOTOGRAF\u00cdA <\/strong><\/span><\/td>\n<td width=\"75\"><strong>SMLV<\/strong>*<\/td>\n<\/tr>\n<tr>\n<td width=\"378\">Valor por d\u00eda fotograf\u00eda en proyectos en los que intervienen entre 1 a 5 personas.<\/td>\n<td width=\"75\">4<\/td>\n<\/tr>\n<tr>\n<td width=\"378\">Valor d\u00eda fotograf\u00eda en proyectos que intervienen + de 5 personas, SMDLV** por persona adicional.<\/td>\n<td width=\"75\">1,5<\/td>\n<\/tr>\n<\/tbody>\n<\/table>\n<p style=\"text-align: justify;\">* Salario m\u00ednimo legal mensual vigente.<\/p>\n<p style=\"text-align: justify;\">** Salario m\u00ednimo legal diario vigente.<\/p>\n<p style=\"text-align: justify;\"><span style=\"color: #ff9900;\">Par\u00e1grafo. Las tarifas para la realizaci\u00f3n de obras audiovisuales y\/o tomas de fotograf\u00eda en las \u00e1reas del Sistema de Parques Nacionales Naturales, no incluyen el valor por el derecho de ingreso y permanencia de cada uno de los participantes en el proyecto, el cual deber\u00e1 ser cancelado de acuerdo con lo dispuesto por la Resoluci\u00f3n 245 del 06 de julio de 2012, o la norma que la modifique o sustituya.<\/span><\/p>\n<p style=\"text-align: justify;\"><span style=\"color: #0000ff;\"><strong>Art\u00edculo 12. <\/strong><em><strong>Exenciones al pago de la tarifa<\/strong>. <\/em><\/span>Previo permiso de acuerdo con el tr\u00e1mite establecido en la presente resoluci\u00f3n, estar\u00e1n exentas del pago de las tarifas establecidas en el art\u00edculo d\u00e9cimo primero la realizaci\u00f3n de trabajos o actividades que se enumeran a continuaci\u00f3n:<\/p>\n<ol style=\"text-align: justify;\">\n<li>Las filmaciones de tipo documental.<\/li>\n<li>Las fotograf\u00edas de tipo documental.<\/li>\n<li>Las actividades de filmaci\u00f3n y\/o fotograf\u00eda que realicen las autoridades p\u00fablicas en el ejercicio de sus funciones; dicho material no podr\u00e1 ser comercializado y en tal evento dicha conducta constituye una infracci\u00f3n al r\u00e9gimen que se adopta en el presente acto administrativo y en consecuencia dar\u00e1 lugar a las sanciones respectivas.<\/li>\n<\/ol>\n<p style=\"text-align: justify;\"><span style=\"color: #0000ff;\"><strong>Art\u00edculo 13. <\/strong><em><strong>Excepciones a la solicitud del permiso<\/strong>:<\/em><\/span> Las siguientes actividades quedar\u00e1n exceptas del tr\u00e1mite del permiso:<\/p>\n<ol style=\"text-align: justify;\">\n<li>Las filmaciones y\/o fotograf\u00edas que se realicen para el cubrimiento de hechos noticiosos dentro de las \u00e1reas protegidas desarrolladas por periodistas identificados mediante documento que los acredite como tal.<\/li>\n<li><span style=\"color: #ff9900;\">Las filmaciones y\/o fotograf\u00edas que involucren los aspectos naturales o hist\u00f3ricos en \u00e1reas del Sistema de Parques Nacionales Naturales durante visitas tur\u00edsticas, cuando su finalidad esencial y exclusiva sea el disfrute de los valores excepcionales de las \u00e1reas del Sistema o el sano esparcimiento, y su uso sea de car\u00e1cter privado o siendo p\u00fablico en redes sociales no tenga una finalidad comercial, sin perjuicio de la tarifa o contraprestaci\u00f3n econ\u00f3mica generada a futuro por el uso posterior del material bajo las condiciones reguladas en este acto administrativo<\/span>.<\/li>\n<li>Las filmaciones y\/o fotograf\u00edas que realice el personal vinculado a Parques Nacionales Naturales de Colombia en el ejercicio y con ocasi\u00f3n de las labores o actividades que les han sido encomendadas en el desarrollo de sus funciones; dicho material se presume transferido a Parques Nacionales en virtud de la vinculaci\u00f3n laboral sucinta con el personal y no podr\u00e1 ser comercializado por este y, en tal evento, dicha conducta constituye una infracci\u00f3n al r\u00e9gimen de derechos de autor y al adoptado en el presente acto administrativo y en consecuencia dar\u00e1 lugar a las sanciones respectivas.<\/li>\n<li>Las filmaciones y\/o fotograf\u00edas que se realicen en el marco de un permiso de recolecci\u00f3n de espec\u00edmenes de la diversidad biol\u00f3gica con fines de investigaci\u00f3n cient\u00edfica no comercial o en otras autorizaciones de investigaci\u00f3n.<\/li>\n<\/ol>\n<p style=\"text-align: justify;\">Art\u00edculo 14. <em>Uso posterior de trabajo audiovisual y\/o fotogr\u00e1fico<\/em>. Sin perjuicio de los derechos de autor previstos en la ley respecto de la obra originaria que dio lugar al permiso de filmaci\u00f3n y\/o fotograf\u00eda, toda persona natural o jur\u00eddica, cada vez que utilice nuevamente, en cualquier tiempo o lugar, las fotograf\u00edas o filmaciones en las que se incorporaron los recursos paisaj\u00edsticos o hist\u00f3ricos de las \u00e1reas del Sistema de Parques Nacionales Naturales de Colombia para la creaci\u00f3n de una nueva obra, deber\u00e1 obtener un permiso para el efecto, y cancelar a favor de Parques Nacionales Naturales de Colombia una tarifa por la explotaci\u00f3n o aprovechamiento de estos recursos, la cual se determinar\u00e1 mediante acto administrativo suscrito por la Subdirecci\u00f3n de Gesti\u00f3n y Manejo.<\/p>\n<p style=\"text-align: justify;\">Par\u00e1grafo 1\u00b0. El uso posterior de obras audiovisuales y\/o fotograf\u00edas, indistintamente de la clasificaci\u00f3n de la obra y del permiso de origen, cuyo prop\u00f3sito sea la creaci\u00f3n de una obra documental, no estar\u00e1n sujetas a permiso, ni habr\u00e1 lugar a la liquidaci\u00f3n y pago de la tarifa se\u00f1alada en el art\u00edculo 16 de esta resoluci\u00f3n.<\/p>\n<p style=\"text-align: justify;\">Par\u00e1grafo 2\u00b0. El uso posterior de obras audiovisuales, y\/o fotograf\u00edas, indistintamente de la clasificaci\u00f3n de la obra y del permiso de origen, cuyo prop\u00f3sito sea el cubrimiento de hechos noticiosos, no estar\u00e1n sujetas a permiso, ni habr\u00e1 lugar a la liquidaci\u00f3n y pago de la tarifa se\u00f1alada en el art\u00edculo 16 de esta resoluci\u00f3n.<\/p>\n<p style=\"text-align: justify;\">Se deben reconocer en todos los casos, los derechos de autor de las obras por utilizar, de acuerdo con la Ley 23 de 1982 sobre derechos de autor, la Ley 44 de 1993, el Decreto 1474 de 2002 y todas aquellas normas que las modifiquen o sustituyan.<\/p>\n<p style=\"text-align: justify;\">Art\u00edculo 15. <em>Procedimiento de uso posterior.<\/em> Para llevar a cabo las actividades de uso posterior de obras audiovisuales y toma de fotograf\u00eda recogidas en este acto administrativo, el interesado deber\u00e1:<\/p>\n<ol style=\"text-align: justify;\">\n<li>Presentar en la ventanilla de Atenci\u00f3n al Usuario la solicitud de permiso contenida en el formato adoptado por la Subdirecci\u00f3n de Gesti\u00f3n y Manejo de \u00c1reas Protegidas, con los anexos requeridos, por escrito o por medio electr\u00f3nico, de conformidad con la Ley 1437 de 2011 C\u00f3digo de Procedimiento Administrativo y de lo ContenciosoAdministrativo, incluyendo una copia del material objeto de uso posterior.<\/li>\n<\/ol>\n<p style=\"text-align: justify;\">Al recibir la solicitud, se deber\u00e1 verificar si la misma est\u00e1 completa para proceder a radicarla, en el acto de recibo se deber\u00e1 indicar al peticionario lo que falte. Si este insiste en que se radique, as\u00ed se har\u00e1 dejando constancia de los requisitos o documentos faltantes.<\/p>\n<ol style=\"text-align: justify;\" start=\"2\">\n<li>Radicado el formato de solicitud, se remitir\u00e1 a la Subdirecci\u00f3n de Gesti\u00f3n y Manejo de \u00c1reas Protegidas con el fin de que se revise que se encuentre correctamente diligenciado y que se hayan adjuntado los documentos y soportes respectivos, si se constata que la solicitud est\u00e1 incompleta pero la actuaci\u00f3n puede continuar sin oponerse a la ley, dentro de los diez (10) d\u00edas h\u00e1biles siguientes a la fecha de radicaci\u00f3n, mediante acto administrativo motivado se requerir\u00e1 al peticionario para que en el t\u00e9rmino m\u00e1ximo de un (1) mes contado a partir de la notificaci\u00f3n de dicho acto, ajuste, complemente y\/o allegue la informaci\u00f3n requerida para dar inicio al tr\u00e1mite, so pena de declarar el desistimiento del tr\u00e1mite y ordenar el archivo definitivo del expediente mediante acto administrativo motivado que se notificar\u00e1 personalmente, sobre el cual solo procede el recurso de reposici\u00f3n, sin perjuicio de que la respectiva solicitud pueda ser nuevamente presentada con el lleno de los requisitos legales.<\/li>\n<li>Agotado el tr\u00e1mite anterior, la Subdirecci\u00f3n de Gesti\u00f3n y Manejo de \u00c1reas Protegidas dentro de los cinco (5) d\u00edas h\u00e1biles siguientes al recibo, expedir\u00e1 auto de inicio de tr\u00e1mite en los t\u00e9rminos del art\u00edculo 70 de la Ley 99 de 1993, en el que se entender\u00e1 que empieza a correr el t\u00e9rmino para resolver la petici\u00f3n.<\/li>\n<\/ol>\n<p style=\"text-align: justify;\">En dicho acto se le solicitar\u00e1 al Grupo de Comunicaciones y Educaci\u00f3n Ambiental, emita memorando en el que se determine la naturaleza y el tipo de la obra que se pretende realizar, y la Subdirecci\u00f3n de Gesti\u00f3n y Manejo de \u00c1reas Protegidas para\u00a0que eval\u00fae la actividad y realice la respectiva liquidaci\u00f3n de la tarifa que pagar por concepto de realizaci\u00f3n del proyecto, para lo cual contar\u00e1 con cinco (5) d\u00edas h\u00e1biles.<\/p>\n<p style=\"text-align: justify;\">Cuando en la actuaci\u00f3n administrativa advierta que terceras personas puedan resultar directamente afectadas por la decisi\u00f3n, les comunicar\u00e1 la existencia de la actuaci\u00f3n, el objeto de la misma y el nombre del peticionario, si lo hubiere, para que puedan constituirse como parte y hacer valer sus derechos.<\/p>\n<p style=\"text-align: justify;\">El auto de inicio se deber\u00e1 notificar conforme a los par\u00e1metros establecidos en la Ley 1437 de 2011, y publicar en la <em>Gaceta Ambiental<\/em> de Parques Nacionales Naturales de Colombia.<\/p>\n<ol style=\"text-align: justify;\">\n<li>Cuando en el curso de la actuaci\u00f3n administrativa la autoridad advierta que el peticionario debe realizar una gesti\u00f3n de tr\u00e1mite a su cargo, necesaria para adoptar una decisi\u00f3n de fondo, lo requerir\u00e1 por una sola vez para que la efect\u00fae en el t\u00e9rmino de un (1) mes, lapso durante el cual se suspender\u00e1 el t\u00e9rmino para decidir.<\/li>\n<\/ol>\n<p style=\"text-align: justify;\">Se entender\u00e1 que el peticionario ha desistido de su solicitud cuando no satisfaga el requerimiento, salvo que antes de vencer el plazo concedido solicite pr\u00f3rroga hasta por un t\u00e9rmino igual.<\/p>\n<p style=\"text-align: justify;\">Vencidos los t\u00e9rminos establecidos, la autoridad decretar\u00e1 el desistimiento y el archivo del expediente, mediante acto administrativo motivado, que se notificar\u00e1 personalmente, contra el cual \u00fanicamente procede recurso de reposici\u00f3n, sin perjuicio de que la respectiva solicitud pueda ser nuevamente presentada con el lleno de los requisitos legales.<\/p>\n<ol style=\"text-align: justify;\" start=\"2\">\n<li>Dentro de los diez (10) d\u00edas h\u00e1biles siguientes a la emisi\u00f3n del concepto t\u00e9cnico, la Subdirecci\u00f3n de Gesti\u00f3n y Manejo de \u00c1reas Protegidas resolver\u00e1 la solicitud; la decisi\u00f3n ser\u00e1 recogida en acto administrativo, el cual incorpora el memorando emitido por el Grupo de Comunicaciones y Educaci\u00f3n Ambiental que determinar\u00e1 la naturaleza de la obra audiovisual, y la liquidaci\u00f3n de la tarifa que pagar por concepto de realizaci\u00f3n del proyecto, as\u00ed como las recomendaciones y obligaciones que sean conducentes y pertinentes.<\/li>\n<\/ol>\n<p style=\"text-align: justify;\">La decisi\u00f3n correspondiente se notificar\u00e1 al usuario conforme a los par\u00e1metros establecidos en la Ley 1437 de 2011, y se publicar\u00e1 en los t\u00e9rminos del art\u00edculo 71 de la Ley 99 de 1993.<\/p>\n<ol style=\"text-align: justify;\" start=\"3\">\n<li>Contra el acto administrativo que otorga o niega el permiso de uso posterior del material de filmaci\u00f3n o fotograf\u00eda, proceder\u00e1 el recurso de reposici\u00f3n.<\/li>\n<\/ol>\n<p style=\"text-align: justify;\">Par\u00e1grafo 1\u00b0. Los trabajos de uso posterior de material f\u00edlmico y fotogr\u00e1fico solo se podr\u00e1n llevar a cabo, una vez el usuario haya cancelado las tarifas establecidas por conceptos de realizaci\u00f3n del proyecto, las cuales se establecer\u00e1n con claridad en el correspondiente acto administrativo.<\/p>\n<p style=\"text-align: justify;\">Si el usuario decide no hacer uso del permiso otorgado dentro del t\u00e9rmino previsto en el mismo, su vigencia, previa solicitud, podr\u00e1 ser modificada por un t\u00e9rmino equivalente al inicialmente otorgado.<\/p>\n<p style=\"text-align: justify;\">Par\u00e1grafo 2\u00b0. El procedimiento administrativo podr\u00e1 realizarse a trav\u00e9s de medio electr\u00f3nico, para lo cual deber\u00e1 registrar su direcci\u00f3n de correo electr\u00f3nico en la base de datos dispuesta para tal fin por la entidad, con el fin de continuar la actuaci\u00f3n por este medio. En cualquier tiempo del tr\u00e1mite el usuario podr\u00e1 solicitar recibir notificaci\u00f3n o comunicaciones por un medio diferente.<\/p>\n<p style=\"text-align: justify;\"><span style=\"color: #0000ff;\">Art\u00edculo 16. <em>Tarifas permiso uso posterior.<\/em><\/span> El usuario, con anterioridad a la iniciaci\u00f3n de los trabajos autorizados, deber\u00e1 cancelar el valor o tarifa que se se\u00f1ala en el permiso.<\/p>\n<p style=\"text-align: justify;\">El valor de la tarifa se\u00f1alado en el permiso ser\u00e1 previamente liquidado por la Subdirecci\u00f3n de Gesti\u00f3n y Manejo de \u00c1reas Protegidas en los siguientes t\u00e9rminos:<\/p>\n<ol>\n<li style=\"text-align: justify;\"><strong>Uso posterior de obras audiovisuales para uso no documental<\/strong>: El valor de la tarifa de uso posterior de obras audiovisuales para uso no documental ser\u00e1 igual a dos (2) salarios m\u00ednimos legales mensuales vigentes (smlmv), por cada minuto de material f\u00edlmico.<\/li>\n<li style=\"text-align: justify;\"><strong>Uso posterior de fotograf\u00eda para uso no documental<\/strong>: El valor de la tarifa de uso posterior de fotograf\u00edas para uso no documental ser\u00e1 el resultado de la aplicaci\u00f3n de la siguiente tabla:<\/li>\n<\/ol>\n<table style=\"height: 304px;\" width=\"1089\">\n<tbody>\n<tr>\n<td width=\"38\"><strong>\u00cdTEM<\/strong><\/td>\n<td width=\"340\"><strong>ASPECTO<\/strong><\/td>\n<td width=\"75\"><strong>MONTO <\/strong><\/td>\n<\/tr>\n<tr>\n<td width=\"38\">1<\/td>\n<td width=\"340\">Entre 1 y 10 fotograf\u00edas<\/td>\n<td width=\"75\">4 SMLMV*<\/td>\n<\/tr>\n<tr>\n<td width=\"38\">2<\/td>\n<td width=\"340\">Cada fotograf\u00eda adicional a las 10 iniciales tendr\u00e1 un valor unitario de 10 SML-<\/p>\n<p>DV<\/td>\n<td width=\"75\">10 SMLDV**<\/td>\n<\/tr>\n<\/tbody>\n<\/table>\n<p style=\"text-align: justify;\">* Salario m\u00ednimo legal mensual vigente.<\/p>\n<p style=\"text-align: justify;\">** Salario m\u00ednimo legal diario vigente.<\/p>\n<p style=\"text-align: justify;\">Par\u00e1grafo. El permiso de uso posterior de obras audiovisuales y\/o fotograf\u00edas, \u00fanicamente ampara la realizaci\u00f3n del proyecto o actividad se\u00f1alado por el usuario, el desconocimiento de esta premisa se tipifica como una infracci\u00f3n al r\u00e9gimen previsto en este acto administrativo.<\/p>\n<p style=\"text-align: justify;\">Art\u00edculo 17. <em>Obligaciones<\/em>. En todos los casos, y sin excepci\u00f3n alguna, el beneficiario de un permiso de filmaci\u00f3n y\/o toma de fotograf\u00edas o su uso posterior, deber\u00e1 incorporar el correspondiente cr\u00e9dito en favor de Parques Nacionales Naturales de Colombia y el \u00e1rea protegida en la cual fue desarrollado el trabajo.<\/p>\n<p style=\"text-align: justify;\">Art\u00edculo 18. <em>Notificaciones<\/em>. Para efectos de las notificaciones de los actos administrativos dentro del tr\u00e1mite de solicitud de permiso de filmaci\u00f3n, grabaci\u00f3n de<\/p>\n<p style=\"text-align: justify;\">video y\/o toma de fotograf\u00edas, y uso posterior, se tendr\u00e1n en cuenta las disposiciones contempladas en el Cap\u00edtulo V del C\u00f3digo de Procedimiento Administrativo y de lo ContenciosoAdministrativo, Ley 1437 de 2011.<\/p>\n<p style=\"text-align: justify;\">Art\u00edculo 19. <em>Convocatoria de medios. <\/em>Parques Nacionales, en ejercicio de sus funciones, podr\u00e1 programar y convocar giras con periodistas y medios de comunicaci\u00f3n, eventos, ruedas de prensa y otros mecanismos de divulgaci\u00f3n, caso en el cual no habr\u00e1 lugar a aplicar los procedimientos establecidos en el presente acto administrativo, ni a la liquidaci\u00f3n y pago de las tarifas se\u00f1aladas en esta resoluci\u00f3n.<\/p>\n<p style=\"text-align: justify;\">Par\u00e1grafo. El uso posterior de obras audiovisuales y\/o fotograf\u00edas tomadas en virtud del cubrimiento de hechos noticiosos que se desarrollen en las \u00e1reas protegidas y que involucre este mismo fin, no estar\u00e1n sujetas a permiso, ni habr\u00e1 lugar a la liquidaci\u00f3n y pago de la tarifa se\u00f1alada en el art\u00edculo d\u00e9cimo sexto de esta resoluci\u00f3n.<\/p>\n<p style=\"text-align: justify;\">Art\u00edculo 20. <em>Incumplimiento de obligaciones.<\/em> Las infracciones a lo previsto en la presente resoluci\u00f3n, a las obligaciones establecidas en el respectivo permiso, dar\u00e1n lugar a la aplicaci\u00f3n de las medidas preventivas y sanciones establecidas en la Ley 1333 de 2009.<\/p>\n<p style=\"text-align: justify;\">Art\u00edculo 21. <em>Derogatorias<\/em>: El presente acto administrativo deroga en su totalidad la Resoluci\u00f3n n\u00famero 017 de 2007.<\/p>\n<p style=\"text-align: justify;\">Art\u00edculo 22. <em>Vigencia y publicaci\u00f3n.<\/em> Deber\u00e1 publicarse en la <em>Gaceta Ambiental<\/em> de la entidad y rige a partir de la fecha de su expedici\u00f3n y publicaci\u00f3n en el <strong><em>Diario Oficial<\/em><\/strong>.<\/p>\n<p style=\"text-align: justify;\">Publ\u00edquese, comun\u00edquese y c\u00famplase.<\/p>\n<p style=\"text-align: justify;\">Dada en Bogot\u00e1, D. C., a 5 de octubre de 2015.<\/p>\n<p style=\"text-align: justify;\">La Directora General,<\/p>\n<p style=\"text-align: justify;\"><em>Julia Miranda Londo\u00f1o. <\/em><strong>(C. F.)<\/strong>.<\/p>\n","protected":false},"excerpt":{"rendered":"<p>Las filmaciones y\/o fotograf\u00edas en parques Nacionales, generan valores a cargo del usuario que van entre 4 a 8 salarios m\u00ednimos mensuales legales vigentes por d\u00eda; adicional se debe pagar el derecho de ingreso al parque.<\/p>\n","protected":false},"author":1,"featured_media":6221,"comment_status":"open","ping_status":"open","sticky":false,"template":"","format":"standard","meta":{"_monsterinsights_skip_tracking":false,"ngg_post_thumbnail":0,"footnotes":"","_links_to":"","_links_to_target":""},"categories":[456,454],"tags":[],"class_list":["post-6220","post","type-post","status-publish","format-standard","has-post-thumbnail","hentry","category-conceptos-y-oficios-dian","category-sin-categoria"],"aioseo_notices":[],"aioseo_head":"\n\t\t<!-- All in One SEO 5.0.1.1 - aioseo.com -->\n\t<meta name=\"description\" content=\"Las filmaciones y\/o fotograf\u00edas en parques Nacionales, generan valores a cargo del usuario que van entre 4 a 8 salarios m\u00ednimos mensuales legales vigentes por d\u00eda; adicional se debe pagar el derecho de ingreso al parque.\" \/>\n\t<meta name=\"robots\" content=\"max-image-preview:large\" \/>\n\t<meta name=\"author\" content=\"Miguel Antonio M\u00e1rquez Monta\u00f1ez\"\/>\n\t<link rel=\"canonical\" href=\"https:\/\/contadoreshoy.com\/?p=6220\" \/>\n\t<meta name=\"generator\" content=\"All in One SEO (AIOSEO) 5.0.1.1\" \/>\n\t\t<meta property=\"og:locale\" content=\"es_ES\" \/>\n\t\t<meta property=\"og:site_name\" content=\"Contadores P\u00fablicos - Portal para Contadores P\u00fablicos y empresarios\" \/>\n\t\t<meta property=\"og:type\" content=\"article\" \/>\n\t\t<meta property=\"og:title\" content=\"Impuestos por la toma de fotografias, videos o im\u00e1genes ??? - Contadores P\u00fablicos\" \/>\n\t\t<meta property=\"og:description\" content=\"Las filmaciones y\/o fotograf\u00edas en parques Nacionales, generan valores a cargo del usuario que van entre 4 a 8 salarios m\u00ednimos mensuales legales vigentes por d\u00eda; adicional se debe pagar el derecho de ingreso al parque.\" \/>\n\t\t<meta property=\"og:url\" content=\"https:\/\/contadoreshoy.com\/?p=6220\" \/>\n\t\t<meta property=\"og:image\" content=\"https:\/\/contadoreshoy.com\/wp-content\/uploads\/2024\/01\/cropped-cropped-cropped-Copia-de-M.jpg\" \/>\n\t\t<meta property=\"og:image:secure_url\" content=\"https:\/\/contadoreshoy.com\/wp-content\/uploads\/2024\/01\/cropped-cropped-cropped-Copia-de-M.jpg\" \/>\n\t\t<meta property=\"og:image:width\" content=\"512\" \/>\n\t\t<meta property=\"og:image:height\" content=\"371\" \/>\n\t\t<meta property=\"article:published_time\" content=\"2015-10-22T05:03:47+00:00\" \/>\n\t\t<meta property=\"article:modified_time\" content=\"2017-02-05T03:00:11+00:00\" \/>\n\t\t<meta name=\"twitter:card\" content=\"summary_large_image\" \/>\n\t\t<meta name=\"twitter:title\" content=\"Impuestos por la toma de fotografias, videos o im\u00e1genes ??? - Contadores P\u00fablicos\" \/>\n\t\t<meta name=\"twitter:description\" content=\"Las filmaciones y\/o fotograf\u00edas en parques Nacionales, generan valores a cargo del usuario que van entre 4 a 8 salarios m\u00ednimos mensuales legales vigentes por d\u00eda; adicional se debe pagar el derecho de ingreso al parque.\" \/>\n\t\t<meta name=\"twitter:image\" content=\"https:\/\/contadoreshoy.com\/wp-content\/uploads\/2024\/01\/cropped-cropped-cropped-Copia-de-M.jpg\" \/>\n\t\t<script type=\"application\/ld+json\" class=\"aioseo-schema\">\n\t\t\t{\"@context\":\"https:\\\/\\\/schema.org\",\"@graph\":[{\"@type\":\"BlogPosting\",\"@id\":\"https:\\\/\\\/contadoreshoy.com\\\/?p=6220#blogposting\",\"name\":\"Impuestos por la toma de fotografias, videos o im\\u00e1genes ??? - Contadores P\\u00fablicos\",\"headline\":\"Impuestos por la toma de fotografias, videos o im\\u00e1genes ???\",\"author\":{\"@id\":\"https:\\\/\\\/contadoreshoy.com\\\/?author=1#author\"},\"publisher\":{\"@id\":\"https:\\\/\\\/contadoreshoy.com\\\/#organization\"},\"image\":{\"@type\":\"ImageObject\",\"url\":\"https:\\\/\\\/contadoreshoy.com\\\/wp-content\\\/uploads\\\/2015\\\/10\\\/parque-natural.jpg\",\"width\":600,\"height\":400},\"datePublished\":\"2015-10-22T00:03:47-05:00\",\"dateModified\":\"2017-02-04T22:00:11-05:00\",\"inLanguage\":\"es-ES\",\"mainEntityOfPage\":{\"@id\":\"https:\\\/\\\/contadoreshoy.com\\\/?p=6220#webpage\"},\"isPartOf\":{\"@id\":\"https:\\\/\\\/contadoreshoy.com\\\/?p=6220#webpage\"},\"articleSection\":\"Conceptos y Oficios DIAN, Sin categor\\u00eda\"},{\"@type\":\"BreadcrumbList\",\"@id\":\"https:\\\/\\\/contadoreshoy.com\\\/?p=6220#breadcrumblist\",\"itemListElement\":[{\"@type\":\"ListItem\",\"@id\":\"https:\\\/\\\/contadoreshoy.com#listItem\",\"position\":1,\"name\":\"Home\",\"item\":\"https:\\\/\\\/contadoreshoy.com\",\"nextItem\":{\"@type\":\"ListItem\",\"@id\":\"https:\\\/\\\/contadoreshoy.com\\\/?cat=454#listItem\",\"name\":\"Sin categor\\u00eda\"}},{\"@type\":\"ListItem\",\"@id\":\"https:\\\/\\\/contadoreshoy.com\\\/?cat=454#listItem\",\"position\":2,\"name\":\"Sin categor\\u00eda\",\"item\":\"https:\\\/\\\/contadoreshoy.com\\\/?cat=454\",\"nextItem\":{\"@type\":\"ListItem\",\"@id\":\"https:\\\/\\\/contadoreshoy.com\\\/?p=6220#listItem\",\"name\":\"Impuestos por la toma de fotografias, videos o im\\u00e1genes ???\"},\"previousItem\":{\"@type\":\"ListItem\",\"@id\":\"https:\\\/\\\/contadoreshoy.com#listItem\",\"name\":\"Home\"}},{\"@type\":\"ListItem\",\"@id\":\"https:\\\/\\\/contadoreshoy.com\\\/?p=6220#listItem\",\"position\":3,\"name\":\"Impuestos por la toma de fotografias, videos o im\\u00e1genes ???\",\"previousItem\":{\"@type\":\"ListItem\",\"@id\":\"https:\\\/\\\/contadoreshoy.com\\\/?cat=454#listItem\",\"name\":\"Sin categor\\u00eda\"}}]},{\"@type\":\"Organization\",\"@id\":\"https:\\\/\\\/contadoreshoy.com\\\/#organization\",\"name\":\"Contadores P\\u00fablicos\",\"description\":\"Portal para Contadores P\\u00fablicos y empresarios\",\"url\":\"https:\\\/\\\/contadoreshoy.com\\\/\",\"logo\":{\"@type\":\"ImageObject\",\"url\":\"https:\\\/\\\/contadoreshoy.com\\\/wp-content\\\/uploads\\\/2024\\\/01\\\/cropped-cropped-Copia-de-M-1.jpg\",\"@id\":\"https:\\\/\\\/contadoreshoy.com\\\/?p=6220\\\/#organizationLogo\",\"width\":499,\"height\":500},\"image\":{\"@id\":\"https:\\\/\\\/contadoreshoy.com\\\/?p=6220\\\/#organizationLogo\"}},{\"@type\":\"Person\",\"@id\":\"https:\\\/\\\/contadoreshoy.com\\\/?author=1#author\",\"url\":\"https:\\\/\\\/contadoreshoy.com\\\/?author=1\",\"name\":\"Miguel Antonio M\\u00e1rquez Monta\\u00f1ez\"},{\"@type\":\"WebPage\",\"@id\":\"https:\\\/\\\/contadoreshoy.com\\\/?p=6220#webpage\",\"url\":\"https:\\\/\\\/contadoreshoy.com\\\/?p=6220\",\"name\":\"Impuestos por la toma de fotografias, videos o im\\u00e1genes ??? - Contadores P\\u00fablicos\",\"description\":\"Las filmaciones y\\\/o fotograf\\u00edas en parques Nacionales, generan valores a cargo del usuario que van entre 4 a 8 salarios m\\u00ednimos mensuales legales vigentes por d\\u00eda; adicional se debe pagar el derecho de ingreso al parque.\",\"inLanguage\":\"es-ES\",\"isPartOf\":{\"@id\":\"https:\\\/\\\/contadoreshoy.com\\\/#website\"},\"breadcrumb\":{\"@id\":\"https:\\\/\\\/contadoreshoy.com\\\/?p=6220#breadcrumblist\"},\"author\":{\"@id\":\"https:\\\/\\\/contadoreshoy.com\\\/?author=1#author\"},\"creator\":{\"@id\":\"https:\\\/\\\/contadoreshoy.com\\\/?author=1#author\"},\"image\":{\"@type\":\"ImageObject\",\"url\":\"https:\\\/\\\/contadoreshoy.com\\\/wp-content\\\/uploads\\\/2015\\\/10\\\/parque-natural.jpg\",\"@id\":\"https:\\\/\\\/contadoreshoy.com\\\/?p=6220\\\/#mainImage\",\"width\":600,\"height\":400},\"primaryImageOfPage\":{\"@id\":\"https:\\\/\\\/contadoreshoy.com\\\/?p=6220#mainImage\"},\"datePublished\":\"2015-10-22T00:03:47-05:00\",\"dateModified\":\"2017-02-04T22:00:11-05:00\"},{\"@type\":\"WebSite\",\"@id\":\"https:\\\/\\\/contadoreshoy.com\\\/#website\",\"url\":\"https:\\\/\\\/contadoreshoy.com\\\/\",\"name\":\"Contadores P\\u00fablicos\",\"description\":\"Portal para Contadores P\\u00fablicos y empresarios\",\"inLanguage\":\"es-ES\",\"publisher\":{\"@id\":\"https:\\\/\\\/contadoreshoy.com\\\/#organization\"}}]}\n\t\t<\/script>\n\t\t<!-- All in One SEO -->\n\n","aioseo_head_json":{"title":"Impuestos por la toma de fotografias, videos o im\u00e1genes ??? - Contadores P\u00fablicos","description":"Las filmaciones y\/o fotograf\u00edas en parques Nacionales, generan valores a cargo del usuario que van entre 4 a 8 salarios m\u00ednimos mensuales legales vigentes por d\u00eda; adicional se debe pagar el derecho de ingreso al parque.","canonical_url":"https:\/\/contadoreshoy.com\/?p=6220","robots":"max-image-preview:large","keywords":"","webmasterTools":{"miscellaneous":""},"schema":{"@context":"https:\/\/schema.org","@graph":[{"@type":"BlogPosting","@id":"https:\/\/contadoreshoy.com\/?p=6220#blogposting","name":"Impuestos por la toma de fotografias, videos o im\u00e1genes ??? - Contadores P\u00fablicos","headline":"Impuestos por la toma de fotografias, videos o im\u00e1genes ???","author":{"@id":"https:\/\/contadoreshoy.com\/?author=1#author"},"publisher":{"@id":"https:\/\/contadoreshoy.com\/#organization"},"image":{"@type":"ImageObject","url":"https:\/\/contadoreshoy.com\/wp-content\/uploads\/2015\/10\/parque-natural.jpg","width":600,"height":400},"datePublished":"2015-10-22T00:03:47-05:00","dateModified":"2017-02-04T22:00:11-05:00","inLanguage":"es-ES","mainEntityOfPage":{"@id":"https:\/\/contadoreshoy.com\/?p=6220#webpage"},"isPartOf":{"@id":"https:\/\/contadoreshoy.com\/?p=6220#webpage"},"articleSection":"Conceptos y Oficios DIAN, Sin categor\u00eda"},{"@type":"BreadcrumbList","@id":"https:\/\/contadoreshoy.com\/?p=6220#breadcrumblist","itemListElement":[{"@type":"ListItem","@id":"https:\/\/contadoreshoy.com#listItem","position":1,"name":"Home","item":"https:\/\/contadoreshoy.com","nextItem":{"@type":"ListItem","@id":"https:\/\/contadoreshoy.com\/?cat=454#listItem","name":"Sin categor\u00eda"}},{"@type":"ListItem","@id":"https:\/\/contadoreshoy.com\/?cat=454#listItem","position":2,"name":"Sin categor\u00eda","item":"https:\/\/contadoreshoy.com\/?cat=454","nextItem":{"@type":"ListItem","@id":"https:\/\/contadoreshoy.com\/?p=6220#listItem","name":"Impuestos por la toma de fotografias, videos o im\u00e1genes ???"},"previousItem":{"@type":"ListItem","@id":"https:\/\/contadoreshoy.com#listItem","name":"Home"}},{"@type":"ListItem","@id":"https:\/\/contadoreshoy.com\/?p=6220#listItem","position":3,"name":"Impuestos por la toma de fotografias, videos o im\u00e1genes ???","previousItem":{"@type":"ListItem","@id":"https:\/\/contadoreshoy.com\/?cat=454#listItem","name":"Sin categor\u00eda"}}]},{"@type":"Organization","@id":"https:\/\/contadoreshoy.com\/#organization","name":"Contadores P\u00fablicos","description":"Portal para Contadores P\u00fablicos y empresarios","url":"https:\/\/contadoreshoy.com\/","logo":{"@type":"ImageObject","url":"https:\/\/contadoreshoy.com\/wp-content\/uploads\/2024\/01\/cropped-cropped-Copia-de-M-1.jpg","@id":"https:\/\/contadoreshoy.com\/?p=6220\/#organizationLogo","width":499,"height":500},"image":{"@id":"https:\/\/contadoreshoy.com\/?p=6220\/#organizationLogo"}},{"@type":"Person","@id":"https:\/\/contadoreshoy.com\/?author=1#author","url":"https:\/\/contadoreshoy.com\/?author=1","name":"Miguel Antonio M\u00e1rquez Monta\u00f1ez"},{"@type":"WebPage","@id":"https:\/\/contadoreshoy.com\/?p=6220#webpage","url":"https:\/\/contadoreshoy.com\/?p=6220","name":"Impuestos por la toma de fotografias, videos o im\u00e1genes ??? - Contadores P\u00fablicos","description":"Las filmaciones y\/o fotograf\u00edas en parques Nacionales, generan valores a cargo del usuario que van entre 4 a 8 salarios m\u00ednimos mensuales legales vigentes por d\u00eda; adicional se debe pagar el derecho de ingreso al parque.","inLanguage":"es-ES","isPartOf":{"@id":"https:\/\/contadoreshoy.com\/#website"},"breadcrumb":{"@id":"https:\/\/contadoreshoy.com\/?p=6220#breadcrumblist"},"author":{"@id":"https:\/\/contadoreshoy.com\/?author=1#author"},"creator":{"@id":"https:\/\/contadoreshoy.com\/?author=1#author"},"image":{"@type":"ImageObject","url":"https:\/\/contadoreshoy.com\/wp-content\/uploads\/2015\/10\/parque-natural.jpg","@id":"https:\/\/contadoreshoy.com\/?p=6220\/#mainImage","width":600,"height":400},"primaryImageOfPage":{"@id":"https:\/\/contadoreshoy.com\/?p=6220#mainImage"},"datePublished":"2015-10-22T00:03:47-05:00","dateModified":"2017-02-04T22:00:11-05:00"},{"@type":"WebSite","@id":"https:\/\/contadoreshoy.com\/#website","url":"https:\/\/contadoreshoy.com\/","name":"Contadores P\u00fablicos","description":"Portal para Contadores P\u00fablicos y empresarios","inLanguage":"es-ES","publisher":{"@id":"https:\/\/contadoreshoy.com\/#organization"}}]},"og:locale":"es_ES","og:site_name":"Contadores P\u00fablicos - Portal para Contadores P\u00fablicos y empresarios","og:type":"article","og:title":"Impuestos por la toma de fotografias, videos o im\u00e1genes ??? - Contadores P\u00fablicos","og:description":"Las filmaciones y\/o fotograf\u00edas en parques Nacionales, generan valores a cargo del usuario que van entre 4 a 8 salarios m\u00ednimos mensuales legales vigentes por d\u00eda; adicional se debe pagar el derecho de ingreso al parque.","og:url":"https:\/\/contadoreshoy.com\/?p=6220","og:image":"https:\/\/contadoreshoy.com\/wp-content\/uploads\/2024\/01\/cropped-cropped-cropped-Copia-de-M.jpg","og:image:secure_url":"https:\/\/contadoreshoy.com\/wp-content\/uploads\/2024\/01\/cropped-cropped-cropped-Copia-de-M.jpg","og:image:width":512,"og:image:height":371,"article:published_time":"2015-10-22T05:03:47+00:00","article:modified_time":"2017-02-05T03:00:11+00:00","twitter:card":"summary_large_image","twitter:title":"Impuestos por la toma de fotografias, videos o im\u00e1genes ??? - Contadores P\u00fablicos","twitter:description":"Las filmaciones y\/o fotograf\u00edas en parques Nacionales, generan valores a cargo del usuario que van entre 4 a 8 salarios m\u00ednimos mensuales legales vigentes por d\u00eda; adicional se debe pagar el derecho de ingreso al parque.","twitter:image":"https:\/\/contadoreshoy.com\/wp-content\/uploads\/2024\/01\/cropped-cropped-cropped-Copia-de-M.jpg"},"aioseo_meta_data":{"post_id":"6220","title":null,"description":null,"keywords":null,"keyphrases":null,"primary_term":null,"canonical_url":null,"og_title":null,"og_description":null,"og_object_type":"default","og_image_type":"default","og_image_url":null,"og_image_width":null,"og_image_height":null,"og_image_custom_url":null,"og_image_custom_fields":null,"og_video":null,"og_custom_url":null,"og_article_section":null,"og_article_tags":null,"twitter_use_og":false,"twitter_card":"default","twitter_image_type":"default","twitter_image_url":null,"twitter_image_custom_url":null,"twitter_image_custom_fields":null,"twitter_title":null,"twitter_description":null,"schema":{"blockGraphs":[],"customGraphs":[],"default":{"data":{"Article":[],"Course":[],"Dataset":[],"FAQPage":[],"Movie":[],"Person":[],"Product":[],"ProductReview":[],"Car":[],"Recipe":[],"Service":[],"SoftwareApplication":[],"WebPage":[]},"graphName":"","isEnabled":true},"graphs":[]},"schema_type":"default","schema_type_options":null,"pillar_content":false,"robots_default":true,"robots_noindex":false,"robots_noarchive":false,"robots_nosnippet":false,"robots_nofollow":false,"robots_noimageindex":false,"robots_noodp":false,"robots_notranslate":false,"robots_max_snippet":null,"robots_max_videopreview":null,"robots_max_imagepreview":"large","priority":null,"frequency":null,"local_seo":null,"breadcrumb_settings":null,"limit_modified_date":false,"ai":null,"created":"2024-03-05 01:19:35","updated":"2026-03-03 04:40:49","seo_analyzer_scan_date":null,"focus_keyword":null,"additional_keywords":null,"truseo_locale":null},"aioseo_breadcrumb":"<div class=\"aioseo-breadcrumbs\"><span class=\"aioseo-breadcrumb\">\n\t\t\t<a href=\"https:\/\/contadoreshoy.com\" title=\"Home\">Home<\/a>\n\t\t<\/span><span class=\"aioseo-breadcrumb-separator\">&raquo;<\/span><span class=\"aioseo-breadcrumb\">\n\t\t\t<a href=\"https:\/\/contadoreshoy.com\/?cat=454\" title=\"Sin categor\u00eda\">Sin categor\u00eda<\/a>\n\t\t<\/span><span class=\"aioseo-breadcrumb-separator\">&raquo;<\/span><span class=\"aioseo-breadcrumb\">\n\t\t\tImpuestos por la toma de fotografias, videos o im\u00e1genes ???\n\t\t<\/span><\/div>","aioseo_breadcrumb_json":[{"label":"Home","link":"https:\/\/contadoreshoy.com"},{"label":"Sin categor\u00eda","link":"https:\/\/contadoreshoy.com\/?cat=454"},{"label":"Impuestos por la toma de fotografias, videos o im\u00e1genes ???","link":"https:\/\/contadoreshoy.com\/?p=6220"}],"yoast_head":"<!-- This site is optimized with the Yoast SEO plugin v28.4 - https:\/\/yoast.com\/product\/yoast-seo-wordpress\/ -->\n<title>Impuestos por la toma de fotografias, videos o im\u00e1genes ??? - Contadores P\u00fablicos<\/title>\n<meta name=\"robots\" content=\"index, follow, max-snippet:-1, max-image-preview:large, max-video-preview:-1\" \/>\n<link rel=\"canonical\" href=\"https:\/\/contadoreshoy.com\/?p=6220\" \/>\n<meta property=\"og:locale\" content=\"es_ES\" \/>\n<meta property=\"og:type\" content=\"article\" \/>\n<meta property=\"og:title\" content=\"Impuestos por la toma de fotografias, videos o im\u00e1genes ??? - Contadores P\u00fablicos\" \/>\n<meta property=\"og:description\" content=\"Las filmaciones y\/o fotograf\u00edas en parques Nacionales, generan valores a cargo del usuario que van entre 4 a 8 salarios m\u00ednimos mensuales legales vigentes por d\u00eda; adicional se debe pagar el derecho de ingreso al parque.\" \/>\n<meta property=\"og:url\" content=\"https:\/\/contadoreshoy.com\/?p=6220\" \/>\n<meta property=\"og:site_name\" content=\"Contadores P\u00fablicos\" \/>\n<meta property=\"article:publisher\" content=\"https:\/\/www.facebook.com\/CCCPBucaramanga\/\" \/>\n<meta property=\"article:published_time\" content=\"2015-10-22T05:03:47+00:00\" \/>\n<meta property=\"article:modified_time\" content=\"2017-02-05T03:00:11+00:00\" \/>\n<meta property=\"og:image\" content=\"https:\/\/contadoreshoy.com\/wp-content\/uploads\/2015\/10\/parque-natural.jpg\" \/>\n\t<meta property=\"og:image:width\" content=\"600\" \/>\n\t<meta property=\"og:image:height\" content=\"400\" \/>\n\t<meta property=\"og:image:type\" content=\"image\/jpeg\" \/>\n<meta name=\"author\" content=\"Miguel Antonio M\u00e1rquez Monta\u00f1ez\" \/>\n<meta name=\"twitter:card\" content=\"summary_large_image\" \/>\n<meta name=\"twitter:label1\" content=\"Escrito por\" \/>\n\t<meta name=\"twitter:data1\" content=\"Miguel Antonio M\u00e1rquez Monta\u00f1ez\" \/>\n\t<meta name=\"twitter:label2\" content=\"Tiempo de lectura\" \/>\n\t<meta name=\"twitter:data2\" content=\"32 minutos\" \/>\n<script type=\"application\/ld+json\" class=\"yoast-schema-graph\">{\"@context\":\"https:\\\/\\\/schema.org\",\"@graph\":[{\"@type\":\"Article\",\"@id\":\"https:\\\/\\\/contadoreshoy.com\\\/?p=6220#article\",\"isPartOf\":{\"@id\":\"https:\\\/\\\/contadoreshoy.com\\\/?p=6220\"},\"author\":{\"name\":\"Miguel Antonio M\u00e1rquez Monta\u00f1ez\",\"@id\":\"https:\\\/\\\/contadoreshoy.com\\\/#\\\/schema\\\/person\\\/96d8979cb865537c5dc9345e40089fc5\"},\"headline\":\"Impuestos por la toma de fotografias, videos o im\u00e1genes ???\",\"datePublished\":\"2015-10-22T05:03:47+00:00\",\"dateModified\":\"2017-02-05T03:00:11+00:00\",\"mainEntityOfPage\":{\"@id\":\"https:\\\/\\\/contadoreshoy.com\\\/?p=6220\"},\"wordCount\":6409,\"commentCount\":0,\"publisher\":{\"@id\":\"https:\\\/\\\/contadoreshoy.com\\\/#organization\"},\"image\":{\"@id\":\"https:\\\/\\\/contadoreshoy.com\\\/?p=6220#primaryimage\"},\"thumbnailUrl\":\"https:\\\/\\\/contadoreshoy.com\\\/wp-content\\\/uploads\\\/2015\\\/10\\\/parque-natural.jpg\",\"articleSection\":[\"Conceptos y Oficios DIAN\"],\"inLanguage\":\"es\",\"potentialAction\":[{\"@type\":\"CommentAction\",\"name\":\"Comment\",\"target\":[\"https:\\\/\\\/contadoreshoy.com\\\/?p=6220#respond\"]}]},{\"@type\":\"WebPage\",\"@id\":\"https:\\\/\\\/contadoreshoy.com\\\/?p=6220\",\"url\":\"https:\\\/\\\/contadoreshoy.com\\\/?p=6220\",\"name\":\"Impuestos por la toma de fotografias, videos o im\u00e1genes ??? - Contadores P\u00fablicos\",\"isPartOf\":{\"@id\":\"https:\\\/\\\/contadoreshoy.com\\\/#website\"},\"primaryImageOfPage\":{\"@id\":\"https:\\\/\\\/contadoreshoy.com\\\/?p=6220#primaryimage\"},\"image\":{\"@id\":\"https:\\\/\\\/contadoreshoy.com\\\/?p=6220#primaryimage\"},\"thumbnailUrl\":\"https:\\\/\\\/contadoreshoy.com\\\/wp-content\\\/uploads\\\/2015\\\/10\\\/parque-natural.jpg\",\"datePublished\":\"2015-10-22T05:03:47+00:00\",\"dateModified\":\"2017-02-05T03:00:11+00:00\",\"breadcrumb\":{\"@id\":\"https:\\\/\\\/contadoreshoy.com\\\/?p=6220#breadcrumb\"},\"inLanguage\":\"es\",\"potentialAction\":[{\"@type\":\"ReadAction\",\"target\":[\"https:\\\/\\\/contadoreshoy.com\\\/?p=6220\"]}]},{\"@type\":\"ImageObject\",\"inLanguage\":\"es\",\"@id\":\"https:\\\/\\\/contadoreshoy.com\\\/?p=6220#primaryimage\",\"url\":\"https:\\\/\\\/contadoreshoy.com\\\/wp-content\\\/uploads\\\/2015\\\/10\\\/parque-natural.jpg\",\"contentUrl\":\"https:\\\/\\\/contadoreshoy.com\\\/wp-content\\\/uploads\\\/2015\\\/10\\\/parque-natural.jpg\",\"width\":600,\"height\":400},{\"@type\":\"BreadcrumbList\",\"@id\":\"https:\\\/\\\/contadoreshoy.com\\\/?p=6220#breadcrumb\",\"itemListElement\":[{\"@type\":\"ListItem\",\"position\":1,\"name\":\"Portada\",\"item\":\"https:\\\/\\\/contadoreshoy.com\\\/\"},{\"@type\":\"ListItem\",\"position\":2,\"name\":\"Impuestos por la toma de fotografias, videos o im\u00e1genes ???\"}]},{\"@type\":\"WebSite\",\"@id\":\"https:\\\/\\\/contadoreshoy.com\\\/#website\",\"url\":\"https:\\\/\\\/contadoreshoy.com\\\/\",\"name\":\"Contadorespublicossantander\",\"description\":\"Portal para Contadores P\u00fablicos y empresarios\",\"publisher\":{\"@id\":\"https:\\\/\\\/contadoreshoy.com\\\/#organization\"},\"potentialAction\":[{\"@type\":\"SearchAction\",\"target\":{\"@type\":\"EntryPoint\",\"urlTemplate\":\"https:\\\/\\\/contadoreshoy.com\\\/?s={search_term_string}\"},\"query-input\":{\"@type\":\"PropertyValueSpecification\",\"valueRequired\":true,\"valueName\":\"search_term_string\"}}],\"inLanguage\":\"es\"},{\"@type\":\"Organization\",\"@id\":\"https:\\\/\\\/contadoreshoy.com\\\/#organization\",\"name\":\"Contadores P\u00fablicos de Santander\",\"url\":\"https:\\\/\\\/contadoreshoy.com\\\/\",\"logo\":{\"@type\":\"ImageObject\",\"inLanguage\":\"es\",\"@id\":\"https:\\\/\\\/contadoreshoy.com\\\/#\\\/schema\\\/logo\\\/image\\\/\",\"url\":\"https:\\\/\\\/contadoreshoy.com\\\/wp-content\\\/uploads\\\/2024\\\/01\\\/cropped-cropped-Copia-de-M-1.jpg\",\"contentUrl\":\"https:\\\/\\\/contadoreshoy.com\\\/wp-content\\\/uploads\\\/2024\\\/01\\\/cropped-cropped-Copia-de-M-1.jpg\",\"width\":499,\"height\":500,\"caption\":\"Contadores P\u00fablicos de Santander\"},\"image\":{\"@id\":\"https:\\\/\\\/contadoreshoy.com\\\/#\\\/schema\\\/logo\\\/image\\\/\"},\"sameAs\":[\"https:\\\/\\\/www.facebook.com\\\/CCCPBucaramanga\\\/\"]},{\"@type\":\"Person\",\"@id\":\"https:\\\/\\\/contadoreshoy.com\\\/#\\\/schema\\\/person\\\/96d8979cb865537c5dc9345e40089fc5\",\"name\":\"Miguel Antonio M\u00e1rquez Monta\u00f1ez\",\"description\":\"Contador P\u00fablico egresado de la Universidad Aut\u00f3noma de Bucaramanga - Asesor contable tributario con m\u00e1s de 25 a\u00f1os de experiencia - Conferencista en temas contables y tributarios - T\u00e9cnico en Hardware y Dise\u00f1o Web - Creador y director Grupo de Estudio Colegio Colombiano de Contadores P\u00fablicos de Bucaramanga - Creador y Master Web p\u00e1gina www.contadoresp\u00fablicossantander.com - Expresidente Colegio Colombiano de Contadores P\u00fablicos Bucaramanga\",\"url\":\"https:\\\/\\\/contadoreshoy.com\\\/?author=1\"}]}<\/script>\n<!-- \/ Yoast SEO plugin. -->","yoast_head_json":{"title":"Impuestos por la toma de fotografias, videos o im\u00e1genes ??? - Contadores P\u00fablicos","robots":{"index":"index","follow":"follow","max-snippet":"max-snippet:-1","max-image-preview":"max-image-preview:large","max-video-preview":"max-video-preview:-1"},"canonical":"https:\/\/contadoreshoy.com\/?p=6220","og_locale":"es_ES","og_type":"article","og_title":"Impuestos por la toma de fotografias, videos o im\u00e1genes ??? - Contadores P\u00fablicos","og_description":"Las filmaciones y\/o fotograf\u00edas en parques Nacionales, generan valores a cargo del usuario que van entre 4 a 8 salarios m\u00ednimos mensuales legales vigentes por d\u00eda; adicional se debe pagar el derecho de ingreso al parque.","og_url":"https:\/\/contadoreshoy.com\/?p=6220","og_site_name":"Contadores P\u00fablicos","article_publisher":"https:\/\/www.facebook.com\/CCCPBucaramanga\/","article_published_time":"2015-10-22T05:03:47+00:00","article_modified_time":"2017-02-05T03:00:11+00:00","og_image":[{"width":600,"height":400,"url":"https:\/\/contadoreshoy.com\/wp-content\/uploads\/2015\/10\/parque-natural.jpg","type":"image\/jpeg"}],"author":"Miguel Antonio M\u00e1rquez Monta\u00f1ez","twitter_card":"summary_large_image","twitter_misc":{"Escrito por":"Miguel Antonio M\u00e1rquez Monta\u00f1ez","Tiempo de lectura":"32 minutos"},"schema":{"@context":"https:\/\/schema.org","@graph":[{"@type":"Article","@id":"https:\/\/contadoreshoy.com\/?p=6220#article","isPartOf":{"@id":"https:\/\/contadoreshoy.com\/?p=6220"},"author":{"name":"Miguel Antonio M\u00e1rquez Monta\u00f1ez","@id":"https:\/\/contadoreshoy.com\/#\/schema\/person\/96d8979cb865537c5dc9345e40089fc5"},"headline":"Impuestos por la toma de fotografias, videos o im\u00e1genes ???","datePublished":"2015-10-22T05:03:47+00:00","dateModified":"2017-02-05T03:00:11+00:00","mainEntityOfPage":{"@id":"https:\/\/contadoreshoy.com\/?p=6220"},"wordCount":6409,"commentCount":0,"publisher":{"@id":"https:\/\/contadoreshoy.com\/#organization"},"image":{"@id":"https:\/\/contadoreshoy.com\/?p=6220#primaryimage"},"thumbnailUrl":"https:\/\/contadoreshoy.com\/wp-content\/uploads\/2015\/10\/parque-natural.jpg","articleSection":["Conceptos y Oficios DIAN"],"inLanguage":"es","potentialAction":[{"@type":"CommentAction","name":"Comment","target":["https:\/\/contadoreshoy.com\/?p=6220#respond"]}]},{"@type":"WebPage","@id":"https:\/\/contadoreshoy.com\/?p=6220","url":"https:\/\/contadoreshoy.com\/?p=6220","name":"Impuestos por la toma de fotografias, videos o im\u00e1genes ??? - Contadores P\u00fablicos","isPartOf":{"@id":"https:\/\/contadoreshoy.com\/#website"},"primaryImageOfPage":{"@id":"https:\/\/contadoreshoy.com\/?p=6220#primaryimage"},"image":{"@id":"https:\/\/contadoreshoy.com\/?p=6220#primaryimage"},"thumbnailUrl":"https:\/\/contadoreshoy.com\/wp-content\/uploads\/2015\/10\/parque-natural.jpg","datePublished":"2015-10-22T05:03:47+00:00","dateModified":"2017-02-05T03:00:11+00:00","breadcrumb":{"@id":"https:\/\/contadoreshoy.com\/?p=6220#breadcrumb"},"inLanguage":"es","potentialAction":[{"@type":"ReadAction","target":["https:\/\/contadoreshoy.com\/?p=6220"]}]},{"@type":"ImageObject","inLanguage":"es","@id":"https:\/\/contadoreshoy.com\/?p=6220#primaryimage","url":"https:\/\/contadoreshoy.com\/wp-content\/uploads\/2015\/10\/parque-natural.jpg","contentUrl":"https:\/\/contadoreshoy.com\/wp-content\/uploads\/2015\/10\/parque-natural.jpg","width":600,"height":400},{"@type":"BreadcrumbList","@id":"https:\/\/contadoreshoy.com\/?p=6220#breadcrumb","itemListElement":[{"@type":"ListItem","position":1,"name":"Portada","item":"https:\/\/contadoreshoy.com\/"},{"@type":"ListItem","position":2,"name":"Impuestos por la toma de fotografias, videos o im\u00e1genes ???"}]},{"@type":"WebSite","@id":"https:\/\/contadoreshoy.com\/#website","url":"https:\/\/contadoreshoy.com\/","name":"Contadorespublicossantander","description":"Portal para Contadores P\u00fablicos y empresarios","publisher":{"@id":"https:\/\/contadoreshoy.com\/#organization"},"potentialAction":[{"@type":"SearchAction","target":{"@type":"EntryPoint","urlTemplate":"https:\/\/contadoreshoy.com\/?s={search_term_string}"},"query-input":{"@type":"PropertyValueSpecification","valueRequired":true,"valueName":"search_term_string"}}],"inLanguage":"es"},{"@type":"Organization","@id":"https:\/\/contadoreshoy.com\/#organization","name":"Contadores P\u00fablicos de Santander","url":"https:\/\/contadoreshoy.com\/","logo":{"@type":"ImageObject","inLanguage":"es","@id":"https:\/\/contadoreshoy.com\/#\/schema\/logo\/image\/","url":"https:\/\/contadoreshoy.com\/wp-content\/uploads\/2024\/01\/cropped-cropped-Copia-de-M-1.jpg","contentUrl":"https:\/\/contadoreshoy.com\/wp-content\/uploads\/2024\/01\/cropped-cropped-Copia-de-M-1.jpg","width":499,"height":500,"caption":"Contadores P\u00fablicos de Santander"},"image":{"@id":"https:\/\/contadoreshoy.com\/#\/schema\/logo\/image\/"},"sameAs":["https:\/\/www.facebook.com\/CCCPBucaramanga\/"]},{"@type":"Person","@id":"https:\/\/contadoreshoy.com\/#\/schema\/person\/96d8979cb865537c5dc9345e40089fc5","name":"Miguel Antonio M\u00e1rquez Monta\u00f1ez","description":"Contador P\u00fablico egresado de la Universidad Aut\u00f3noma de Bucaramanga - Asesor contable tributario con m\u00e1s de 25 a\u00f1os de experiencia - Conferencista en temas contables y tributarios - T\u00e9cnico en Hardware y Dise\u00f1o Web - Creador y director Grupo de Estudio Colegio Colombiano de Contadores P\u00fablicos de Bucaramanga - Creador y Master Web p\u00e1gina www.contadoresp\u00fablicossantander.com - Expresidente Colegio Colombiano de Contadores P\u00fablicos Bucaramanga","url":"https:\/\/contadoreshoy.com\/?author=1"}]}},"_links":{"self":[{"href":"https:\/\/contadoreshoy.com\/index.php?rest_route=\/wp\/v2\/posts\/6220","targetHints":{"allow":["GET"]}}],"collection":[{"href":"https:\/\/contadoreshoy.com\/index.php?rest_route=\/wp\/v2\/posts"}],"about":[{"href":"https:\/\/contadoreshoy.com\/index.php?rest_route=\/wp\/v2\/types\/post"}],"author":[{"embeddable":true,"href":"https:\/\/contadoreshoy.com\/index.php?rest_route=\/wp\/v2\/users\/1"}],"replies":[{"embeddable":true,"href":"https:\/\/contadoreshoy.com\/index.php?rest_route=%2Fwp%2Fv2%2Fcomments&post=6220"}],"version-history":[{"count":1,"href":"https:\/\/contadoreshoy.com\/index.php?rest_route=\/wp\/v2\/posts\/6220\/revisions"}],"predecessor-version":[{"id":8011,"href":"https:\/\/contadoreshoy.com\/index.php?rest_route=\/wp\/v2\/posts\/6220\/revisions\/8011"}],"wp:featuredmedia":[{"embeddable":true,"href":"https:\/\/contadoreshoy.com\/index.php?rest_route=\/wp\/v2\/media\/6221"}],"wp:attachment":[{"href":"https:\/\/contadoreshoy.com\/index.php?rest_route=%2Fwp%2Fv2%2Fmedia&parent=6220"}],"wp:term":[{"taxonomy":"category","embeddable":true,"href":"https:\/\/contadoreshoy.com\/index.php?rest_route=%2Fwp%2Fv2%2Fcategories&post=6220"},{"taxonomy":"post_tag","embeddable":true,"href":"https:\/\/contadoreshoy.com\/index.php?rest_route=%2Fwp%2Fv2%2Ftags&post=6220"}],"curies":[{"name":"wp","href":"https:\/\/api.w.org\/{rel}","templated":true}]}}