{"id":6277,"date":"2015-10-27T22:49:09","date_gmt":"2015-10-28T03:49:09","guid":{"rendered":"http:\/\/colegiocolombianodecontadores.com\/?p=6277"},"modified":"2017-02-04T22:00:11","modified_gmt":"2017-02-05T03:00:11","slug":"anexos-tecnicos-para-reporte-de-informacion-asociaciones-que-afilian-colectivamente-a-seguridad-social","status":"publish","type":"post","link":"https:\/\/contadoreshoy.com\/?p=6277","title":{"rendered":"Anexos T\u00e9cnicos para reporte de informaci\u00f3n asociaciones que afilian colectivamente a seguridad social"},"content":{"rendered":"<p>La resoluci\u00f3n 4285 de octubre 21 de 2015, del ministerio de salud y protecci\u00f3n social, tiene por objeto adoptar los anexos t\u00e9cnicos para el reporte de la informaci\u00f3n trimestral por parte de las asociaciones, agremiaciones y comunidades religiosas que afilian colectivamente trabajadores independientes al Sistema de Seguridad Social Integral.<\/p>\n<p><a href=\"https:\/\/www.minsalud.gov.co\/Normatividad_Nuevo\/Resoluci%C3%B3n%204285%20de%202015.pdf\" target=\"_blank\">Resoluci\u00f3n 4285 octubre 21 de 2015 Ministerio de salud y protecci\u00f3n social<\/a><\/p>\n","protected":false},"excerpt":{"rendered":"<p>Resoluci\u00f3n 4285 octubre 21 de 2015, por la cual se establecen los anexos t\u00e9cnicos para el reporte de la informaci\u00f3n por parte de las asociaciones, agremiaciones y comunidades religiosas que afilian colectivamente a sus miembros al Sistema de Seguridad Social Integral.<\/p>\n","protected":false},"author":1,"featured_media":6278,"comment_status":"open","ping_status":"open","sticky":false,"template":"","format":"standard","meta":{"_monsterinsights_skip_tracking":false,"ngg_post_thumbnail":0,"footnotes":"","_links_to":"","_links_to_target":""},"categories":[360,454],"tags":[],"class_list":["post-6277","post","type-post","status-publish","format-standard","has-post-thumbnail","hentry","category-resoluciones","category-sin-categoria"],"aioseo_notices":[],"aioseo_head":"\n\t\t<!-- All in One SEO 5.0.1.1 - aioseo.com -->\n\t<meta name=\"description\" content=\"Resoluci\u00f3n 4285 octubre 21 de 2015, por la cual se establecen los anexos t\u00e9cnicos para el reporte de la informaci\u00f3n por parte de las asociaciones, agremiaciones y comunidades religiosas que afilian colectivamente a sus miembros al Sistema de Seguridad Social Integral.\" \/>\n\t<meta name=\"robots\" content=\"max-image-preview:large\" \/>\n\t<meta name=\"author\" content=\"Miguel Antonio M\u00e1rquez Monta\u00f1ez\"\/>\n\t<link rel=\"canonical\" href=\"https:\/\/contadoreshoy.com\/?p=6277\" \/>\n\t<meta name=\"generator\" content=\"All in One SEO (AIOSEO) 5.0.1.1\" \/>\n\t\t<meta property=\"og:locale\" content=\"es_ES\" \/>\n\t\t<meta property=\"og:site_name\" content=\"Contadores P\u00fablicos - Portal para Contadores P\u00fablicos y empresarios\" \/>\n\t\t<meta property=\"og:type\" content=\"article\" \/>\n\t\t<meta property=\"og:title\" content=\"Anexos T\u00e9cnicos para reporte de informaci\u00f3n asociaciones que afilian colectivamente a seguridad social - Contadores P\u00fablicos\" \/>\n\t\t<meta property=\"og:description\" content=\"Resoluci\u00f3n 4285 octubre 21 de 2015, por la cual se establecen los anexos t\u00e9cnicos para el reporte de la informaci\u00f3n por parte de las asociaciones, agremiaciones y comunidades religiosas que afilian colectivamente a sus miembros al Sistema de Seguridad Social Integral.\" \/>\n\t\t<meta property=\"og:url\" content=\"https:\/\/contadoreshoy.com\/?p=6277\" \/>\n\t\t<meta property=\"og:image\" content=\"https:\/\/contadoreshoy.com\/wp-content\/uploads\/2024\/01\/cropped-cropped-cropped-Copia-de-M.jpg\" \/>\n\t\t<meta property=\"og:image:secure_url\" content=\"https:\/\/contadoreshoy.com\/wp-content\/uploads\/2024\/01\/cropped-cropped-cropped-Copia-de-M.jpg\" \/>\n\t\t<meta property=\"og:image:width\" content=\"512\" \/>\n\t\t<meta property=\"og:image:height\" content=\"371\" \/>\n\t\t<meta property=\"article:published_time\" content=\"2015-10-28T03:49:09+00:00\" \/>\n\t\t<meta property=\"article:modified_time\" content=\"2017-02-05T03:00:11+00:00\" \/>\n\t\t<meta name=\"twitter:card\" content=\"summary_large_image\" \/>\n\t\t<meta name=\"twitter:title\" content=\"Anexos T\u00e9cnicos para reporte de informaci\u00f3n asociaciones que afilian colectivamente a seguridad social - Contadores P\u00fablicos\" \/>\n\t\t<meta name=\"twitter:description\" content=\"Resoluci\u00f3n 4285 octubre 21 de 2015, por la cual se establecen los anexos t\u00e9cnicos para el reporte de la informaci\u00f3n por parte de las asociaciones, agremiaciones y comunidades religiosas que afilian colectivamente a sus miembros al Sistema de Seguridad Social Integral.\" \/>\n\t\t<meta name=\"twitter:image\" content=\"https:\/\/contadoreshoy.com\/wp-content\/uploads\/2024\/01\/cropped-cropped-cropped-Copia-de-M.jpg\" \/>\n\t\t<script type=\"application\/ld+json\" class=\"aioseo-schema\">\n\t\t\t{\"@context\":\"https:\\\/\\\/schema.org\",\"@graph\":[{\"@type\":\"BlogPosting\",\"@id\":\"https:\\\/\\\/contadoreshoy.com\\\/?p=6277#blogposting\",\"name\":\"Anexos T\\u00e9cnicos para reporte de informaci\\u00f3n asociaciones que afilian colectivamente a seguridad social - Contadores P\\u00fablicos\",\"headline\":\"Anexos T\\u00e9cnicos para reporte de informaci\\u00f3n asociaciones que afilian colectivamente a seguridad social\",\"author\":{\"@id\":\"https:\\\/\\\/contadoreshoy.com\\\/?author=1#author\"},\"publisher\":{\"@id\":\"https:\\\/\\\/contadoreshoy.com\\\/#organization\"},\"image\":{\"@type\":\"ImageObject\",\"url\":\"https:\\\/\\\/contadoreshoy.com\\\/wp-content\\\/uploads\\\/2015\\\/10\\\/gremios.jpg\",\"width\":600,\"height\":400},\"datePublished\":\"2015-10-27T22:49:09-05:00\",\"dateModified\":\"2017-02-04T22:00:11-05:00\",\"inLanguage\":\"es-ES\",\"mainEntityOfPage\":{\"@id\":\"https:\\\/\\\/contadoreshoy.com\\\/?p=6277#webpage\"},\"isPartOf\":{\"@id\":\"https:\\\/\\\/contadoreshoy.com\\\/?p=6277#webpage\"},\"articleSection\":\"Resoluciones, Sin categor\\u00eda\"},{\"@type\":\"BreadcrumbList\",\"@id\":\"https:\\\/\\\/contadoreshoy.com\\\/?p=6277#breadcrumblist\",\"itemListElement\":[{\"@type\":\"ListItem\",\"@id\":\"https:\\\/\\\/contadoreshoy.com#listItem\",\"position\":1,\"name\":\"Home\",\"item\":\"https:\\\/\\\/contadoreshoy.com\",\"nextItem\":{\"@type\":\"ListItem\",\"@id\":\"https:\\\/\\\/contadoreshoy.com\\\/?cat=404#listItem\",\"name\":\"Normas y C\\u00f3digos\"}},{\"@type\":\"ListItem\",\"@id\":\"https:\\\/\\\/contadoreshoy.com\\\/?cat=404#listItem\",\"position\":2,\"name\":\"Normas y C\\u00f3digos\",\"item\":\"https:\\\/\\\/contadoreshoy.com\\\/?cat=404\",\"nextItem\":{\"@type\":\"ListItem\",\"@id\":\"https:\\\/\\\/contadoreshoy.com\\\/?cat=357#listItem\",\"name\":\"Normas\"},\"previousItem\":{\"@type\":\"ListItem\",\"@id\":\"https:\\\/\\\/contadoreshoy.com#listItem\",\"name\":\"Home\"}},{\"@type\":\"ListItem\",\"@id\":\"https:\\\/\\\/contadoreshoy.com\\\/?cat=357#listItem\",\"position\":3,\"name\":\"Normas\",\"item\":\"https:\\\/\\\/contadoreshoy.com\\\/?cat=357\",\"nextItem\":{\"@type\":\"ListItem\",\"@id\":\"https:\\\/\\\/contadoreshoy.com\\\/?cat=360#listItem\",\"name\":\"Resoluciones\"},\"previousItem\":{\"@type\":\"ListItem\",\"@id\":\"https:\\\/\\\/contadoreshoy.com\\\/?cat=404#listItem\",\"name\":\"Normas y C\\u00f3digos\"}},{\"@type\":\"ListItem\",\"@id\":\"https:\\\/\\\/contadoreshoy.com\\\/?cat=360#listItem\",\"position\":4,\"name\":\"Resoluciones\",\"item\":\"https:\\\/\\\/contadoreshoy.com\\\/?cat=360\",\"nextItem\":{\"@type\":\"ListItem\",\"@id\":\"https:\\\/\\\/contadoreshoy.com\\\/?p=6277#listItem\",\"name\":\"Anexos T\\u00e9cnicos para reporte de informaci\\u00f3n asociaciones que afilian colectivamente a seguridad social\"},\"previousItem\":{\"@type\":\"ListItem\",\"@id\":\"https:\\\/\\\/contadoreshoy.com\\\/?cat=357#listItem\",\"name\":\"Normas\"}},{\"@type\":\"ListItem\",\"@id\":\"https:\\\/\\\/contadoreshoy.com\\\/?p=6277#listItem\",\"position\":5,\"name\":\"Anexos T\\u00e9cnicos para reporte de informaci\\u00f3n asociaciones que afilian colectivamente a seguridad social\",\"previousItem\":{\"@type\":\"ListItem\",\"@id\":\"https:\\\/\\\/contadoreshoy.com\\\/?cat=360#listItem\",\"name\":\"Resoluciones\"}}]},{\"@type\":\"Organization\",\"@id\":\"https:\\\/\\\/contadoreshoy.com\\\/#organization\",\"name\":\"Contadores P\\u00fablicos\",\"description\":\"Portal para Contadores P\\u00fablicos y empresarios\",\"url\":\"https:\\\/\\\/contadoreshoy.com\\\/\",\"logo\":{\"@type\":\"ImageObject\",\"url\":\"https:\\\/\\\/contadoreshoy.com\\\/wp-content\\\/uploads\\\/2024\\\/01\\\/cropped-cropped-Copia-de-M-1.jpg\",\"@id\":\"https:\\\/\\\/contadoreshoy.com\\\/?p=6277\\\/#organizationLogo\",\"width\":499,\"height\":500},\"image\":{\"@id\":\"https:\\\/\\\/contadoreshoy.com\\\/?p=6277\\\/#organizationLogo\"}},{\"@type\":\"Person\",\"@id\":\"https:\\\/\\\/contadoreshoy.com\\\/?author=1#author\",\"url\":\"https:\\\/\\\/contadoreshoy.com\\\/?author=1\",\"name\":\"Miguel Antonio M\\u00e1rquez Monta\\u00f1ez\"},{\"@type\":\"WebPage\",\"@id\":\"https:\\\/\\\/contadoreshoy.com\\\/?p=6277#webpage\",\"url\":\"https:\\\/\\\/contadoreshoy.com\\\/?p=6277\",\"name\":\"Anexos T\\u00e9cnicos para reporte de informaci\\u00f3n asociaciones que afilian colectivamente a seguridad social - Contadores P\\u00fablicos\",\"description\":\"Resoluci\\u00f3n 4285 octubre 21 de 2015, por la cual se establecen los anexos t\\u00e9cnicos para el reporte de la informaci\\u00f3n por parte de las asociaciones, agremiaciones y comunidades religiosas que afilian colectivamente a sus miembros al Sistema de Seguridad Social Integral.\",\"inLanguage\":\"es-ES\",\"isPartOf\":{\"@id\":\"https:\\\/\\\/contadoreshoy.com\\\/#website\"},\"breadcrumb\":{\"@id\":\"https:\\\/\\\/contadoreshoy.com\\\/?p=6277#breadcrumblist\"},\"author\":{\"@id\":\"https:\\\/\\\/contadoreshoy.com\\\/?author=1#author\"},\"creator\":{\"@id\":\"https:\\\/\\\/contadoreshoy.com\\\/?author=1#author\"},\"image\":{\"@type\":\"ImageObject\",\"url\":\"https:\\\/\\\/contadoreshoy.com\\\/wp-content\\\/uploads\\\/2015\\\/10\\\/gremios.jpg\",\"@id\":\"https:\\\/\\\/contadoreshoy.com\\\/?p=6277\\\/#mainImage\",\"width\":600,\"height\":400},\"primaryImageOfPage\":{\"@id\":\"https:\\\/\\\/contadoreshoy.com\\\/?p=6277#mainImage\"},\"datePublished\":\"2015-10-27T22:49:09-05:00\",\"dateModified\":\"2017-02-04T22:00:11-05:00\"},{\"@type\":\"WebSite\",\"@id\":\"https:\\\/\\\/contadoreshoy.com\\\/#website\",\"url\":\"https:\\\/\\\/contadoreshoy.com\\\/\",\"name\":\"Contadores P\\u00fablicos\",\"description\":\"Portal para Contadores P\\u00fablicos y empresarios\",\"inLanguage\":\"es-ES\",\"publisher\":{\"@id\":\"https:\\\/\\\/contadoreshoy.com\\\/#organization\"}}]}\n\t\t<\/script>\n\t\t<!-- All in One SEO -->\n\n","aioseo_head_json":{"title":"Anexos T\u00e9cnicos para reporte de informaci\u00f3n asociaciones que afilian colectivamente a seguridad social - Contadores P\u00fablicos","description":"Resoluci\u00f3n 4285 octubre 21 de 2015, por la cual se establecen los anexos t\u00e9cnicos para el reporte de la informaci\u00f3n por parte de las asociaciones, agremiaciones y comunidades religiosas que afilian colectivamente a sus miembros al Sistema de Seguridad Social Integral.","canonical_url":"https:\/\/contadoreshoy.com\/?p=6277","robots":"max-image-preview:large","keywords":"","webmasterTools":{"miscellaneous":""},"schema":{"@context":"https:\/\/schema.org","@graph":[{"@type":"BlogPosting","@id":"https:\/\/contadoreshoy.com\/?p=6277#blogposting","name":"Anexos T\u00e9cnicos para reporte de informaci\u00f3n asociaciones que afilian colectivamente a seguridad social - Contadores P\u00fablicos","headline":"Anexos T\u00e9cnicos para reporte de informaci\u00f3n asociaciones que afilian colectivamente a seguridad social","author":{"@id":"https:\/\/contadoreshoy.com\/?author=1#author"},"publisher":{"@id":"https:\/\/contadoreshoy.com\/#organization"},"image":{"@type":"ImageObject","url":"https:\/\/contadoreshoy.com\/wp-content\/uploads\/2015\/10\/gremios.jpg","width":600,"height":400},"datePublished":"2015-10-27T22:49:09-05:00","dateModified":"2017-02-04T22:00:11-05:00","inLanguage":"es-ES","mainEntityOfPage":{"@id":"https:\/\/contadoreshoy.com\/?p=6277#webpage"},"isPartOf":{"@id":"https:\/\/contadoreshoy.com\/?p=6277#webpage"},"articleSection":"Resoluciones, Sin categor\u00eda"},{"@type":"BreadcrumbList","@id":"https:\/\/contadoreshoy.com\/?p=6277#breadcrumblist","itemListElement":[{"@type":"ListItem","@id":"https:\/\/contadoreshoy.com#listItem","position":1,"name":"Home","item":"https:\/\/contadoreshoy.com","nextItem":{"@type":"ListItem","@id":"https:\/\/contadoreshoy.com\/?cat=404#listItem","name":"Normas y C\u00f3digos"}},{"@type":"ListItem","@id":"https:\/\/contadoreshoy.com\/?cat=404#listItem","position":2,"name":"Normas y C\u00f3digos","item":"https:\/\/contadoreshoy.com\/?cat=404","nextItem":{"@type":"ListItem","@id":"https:\/\/contadoreshoy.com\/?cat=357#listItem","name":"Normas"},"previousItem":{"@type":"ListItem","@id":"https:\/\/contadoreshoy.com#listItem","name":"Home"}},{"@type":"ListItem","@id":"https:\/\/contadoreshoy.com\/?cat=357#listItem","position":3,"name":"Normas","item":"https:\/\/contadoreshoy.com\/?cat=357","nextItem":{"@type":"ListItem","@id":"https:\/\/contadoreshoy.com\/?cat=360#listItem","name":"Resoluciones"},"previousItem":{"@type":"ListItem","@id":"https:\/\/contadoreshoy.com\/?cat=404#listItem","name":"Normas y C\u00f3digos"}},{"@type":"ListItem","@id":"https:\/\/contadoreshoy.com\/?cat=360#listItem","position":4,"name":"Resoluciones","item":"https:\/\/contadoreshoy.com\/?cat=360","nextItem":{"@type":"ListItem","@id":"https:\/\/contadoreshoy.com\/?p=6277#listItem","name":"Anexos T\u00e9cnicos para reporte de informaci\u00f3n asociaciones que afilian colectivamente a seguridad social"},"previousItem":{"@type":"ListItem","@id":"https:\/\/contadoreshoy.com\/?cat=357#listItem","name":"Normas"}},{"@type":"ListItem","@id":"https:\/\/contadoreshoy.com\/?p=6277#listItem","position":5,"name":"Anexos T\u00e9cnicos para reporte de informaci\u00f3n asociaciones que afilian colectivamente a seguridad social","previousItem":{"@type":"ListItem","@id":"https:\/\/contadoreshoy.com\/?cat=360#listItem","name":"Resoluciones"}}]},{"@type":"Organization","@id":"https:\/\/contadoreshoy.com\/#organization","name":"Contadores P\u00fablicos","description":"Portal para Contadores P\u00fablicos y empresarios","url":"https:\/\/contadoreshoy.com\/","logo":{"@type":"ImageObject","url":"https:\/\/contadoreshoy.com\/wp-content\/uploads\/2024\/01\/cropped-cropped-Copia-de-M-1.jpg","@id":"https:\/\/contadoreshoy.com\/?p=6277\/#organizationLogo","width":499,"height":500},"image":{"@id":"https:\/\/contadoreshoy.com\/?p=6277\/#organizationLogo"}},{"@type":"Person","@id":"https:\/\/contadoreshoy.com\/?author=1#author","url":"https:\/\/contadoreshoy.com\/?author=1","name":"Miguel Antonio M\u00e1rquez Monta\u00f1ez"},{"@type":"WebPage","@id":"https:\/\/contadoreshoy.com\/?p=6277#webpage","url":"https:\/\/contadoreshoy.com\/?p=6277","name":"Anexos T\u00e9cnicos para reporte de informaci\u00f3n asociaciones que afilian colectivamente a seguridad social - Contadores P\u00fablicos","description":"Resoluci\u00f3n 4285 octubre 21 de 2015, por la cual se establecen los anexos t\u00e9cnicos para el reporte de la informaci\u00f3n por parte de las asociaciones, agremiaciones y comunidades religiosas que afilian colectivamente a sus miembros al Sistema de Seguridad Social Integral.","inLanguage":"es-ES","isPartOf":{"@id":"https:\/\/contadoreshoy.com\/#website"},"breadcrumb":{"@id":"https:\/\/contadoreshoy.com\/?p=6277#breadcrumblist"},"author":{"@id":"https:\/\/contadoreshoy.com\/?author=1#author"},"creator":{"@id":"https:\/\/contadoreshoy.com\/?author=1#author"},"image":{"@type":"ImageObject","url":"https:\/\/contadoreshoy.com\/wp-content\/uploads\/2015\/10\/gremios.jpg","@id":"https:\/\/contadoreshoy.com\/?p=6277\/#mainImage","width":600,"height":400},"primaryImageOfPage":{"@id":"https:\/\/contadoreshoy.com\/?p=6277#mainImage"},"datePublished":"2015-10-27T22:49:09-05:00","dateModified":"2017-02-04T22:00:11-05:00"},{"@type":"WebSite","@id":"https:\/\/contadoreshoy.com\/#website","url":"https:\/\/contadoreshoy.com\/","name":"Contadores P\u00fablicos","description":"Portal para Contadores P\u00fablicos y empresarios","inLanguage":"es-ES","publisher":{"@id":"https:\/\/contadoreshoy.com\/#organization"}}]},"og:locale":"es_ES","og:site_name":"Contadores P\u00fablicos - Portal para Contadores P\u00fablicos y empresarios","og:type":"article","og:title":"Anexos T\u00e9cnicos para reporte de informaci\u00f3n asociaciones que afilian colectivamente a seguridad social - Contadores P\u00fablicos","og:description":"Resoluci\u00f3n 4285 octubre 21 de 2015, por la cual se establecen los anexos t\u00e9cnicos para el reporte de la informaci\u00f3n por parte de las asociaciones, agremiaciones y comunidades religiosas que afilian colectivamente a sus miembros al Sistema de Seguridad Social Integral.","og:url":"https:\/\/contadoreshoy.com\/?p=6277","og:image":"https:\/\/contadoreshoy.com\/wp-content\/uploads\/2024\/01\/cropped-cropped-cropped-Copia-de-M.jpg","og:image:secure_url":"https:\/\/contadoreshoy.com\/wp-content\/uploads\/2024\/01\/cropped-cropped-cropped-Copia-de-M.jpg","og:image:width":512,"og:image:height":371,"article:published_time":"2015-10-28T03:49:09+00:00","article:modified_time":"2017-02-05T03:00:11+00:00","twitter:card":"summary_large_image","twitter:title":"Anexos T\u00e9cnicos para reporte de informaci\u00f3n asociaciones que afilian colectivamente a seguridad social - Contadores P\u00fablicos","twitter:description":"Resoluci\u00f3n 4285 octubre 21 de 2015, por la cual se establecen los anexos t\u00e9cnicos para el reporte de la informaci\u00f3n por parte de las asociaciones, agremiaciones y comunidades religiosas que afilian colectivamente a sus miembros al Sistema de Seguridad Social Integral.","twitter:image":"https:\/\/contadoreshoy.com\/wp-content\/uploads\/2024\/01\/cropped-cropped-cropped-Copia-de-M.jpg"},"aioseo_meta_data":{"post_id":"6277","title":null,"description":null,"keywords":null,"keyphrases":null,"primary_term":null,"canonical_url":null,"og_title":null,"og_description":null,"og_object_type":"default","og_image_type":"default","og_image_url":null,"og_image_width":null,"og_image_height":null,"og_image_custom_url":null,"og_image_custom_fields":null,"og_video":null,"og_custom_url":null,"og_article_section":null,"og_article_tags":null,"twitter_use_og":false,"twitter_card":"default","twitter_image_type":"default","twitter_image_url":null,"twitter_image_custom_url":null,"twitter_image_custom_fields":null,"twitter_title":null,"twitter_description":null,"schema":{"blockGraphs":[],"customGraphs":[],"default":{"data":{"Article":[],"Course":[],"Dataset":[],"FAQPage":[],"Movie":[],"Person":[],"Product":[],"ProductReview":[],"Car":[],"Recipe":[],"Service":[],"SoftwareApplication":[],"WebPage":[]},"graphName":"","isEnabled":true},"graphs":[]},"schema_type":"default","schema_type_options":null,"pillar_content":false,"robots_default":true,"robots_noindex":false,"robots_noarchive":false,"robots_nosnippet":false,"robots_nofollow":false,"robots_noimageindex":false,"robots_noodp":false,"robots_notranslate":false,"robots_max_snippet":null,"robots_max_videopreview":null,"robots_max_imagepreview":"large","priority":null,"frequency":null,"local_seo":null,"breadcrumb_settings":null,"limit_modified_date":false,"ai":null,"created":"2024-03-05 01:22:13","updated":"2026-03-03 04:40:49","seo_analyzer_scan_date":null,"focus_keyword":null,"additional_keywords":null,"truseo_locale":null},"aioseo_breadcrumb":"<div class=\"aioseo-breadcrumbs\"><span class=\"aioseo-breadcrumb\">\n\t\t\t<a href=\"https:\/\/contadoreshoy.com\" title=\"Home\">Home<\/a>\n\t\t<\/span><span class=\"aioseo-breadcrumb-separator\">&raquo;<\/span><span class=\"aioseo-breadcrumb\">\n\t\t\t<a href=\"https:\/\/contadoreshoy.com\/?cat=404\" title=\"Normas y C\u00f3digos\">Normas y C\u00f3digos<\/a>\n\t\t<\/span><span class=\"aioseo-breadcrumb-separator\">&raquo;<\/span><span class=\"aioseo-breadcrumb\">\n\t\t\t<a href=\"https:\/\/contadoreshoy.com\/?cat=357\" title=\"Normas\">Normas<\/a>\n\t\t<\/span><span class=\"aioseo-breadcrumb-separator\">&raquo;<\/span><span class=\"aioseo-breadcrumb\">\n\t\t\t<a href=\"https:\/\/contadoreshoy.com\/?cat=360\" title=\"Resoluciones\">Resoluciones<\/a>\n\t\t<\/span><span class=\"aioseo-breadcrumb-separator\">&raquo;<\/span><span class=\"aioseo-breadcrumb\">\n\t\t\tAnexos T\u00e9cnicos para reporte de informaci\u00f3n asociaciones que afilian colectivamente a seguridad social\n\t\t<\/span><\/div>","aioseo_breadcrumb_json":[{"label":"Home","link":"https:\/\/contadoreshoy.com"},{"label":"Normas y C\u00f3digos","link":"https:\/\/contadoreshoy.com\/?cat=404"},{"label":"Normas","link":"https:\/\/contadoreshoy.com\/?cat=357"},{"label":"Resoluciones","link":"https:\/\/contadoreshoy.com\/?cat=360"},{"label":"Anexos T\u00e9cnicos para reporte de informaci\u00f3n asociaciones que afilian colectivamente a seguridad social","link":"https:\/\/contadoreshoy.com\/?p=6277"}],"yoast_head":"<!-- This site is optimized with the Yoast SEO plugin v28.4 - https:\/\/yoast.com\/product\/yoast-seo-wordpress\/ -->\n<title>Anexos T\u00e9cnicos para reporte de informaci\u00f3n asociaciones que afilian colectivamente a seguridad social - Contadores P\u00fablicos<\/title>\n<meta name=\"robots\" content=\"index, follow, max-snippet:-1, max-image-preview:large, max-video-preview:-1\" \/>\n<link rel=\"canonical\" href=\"https:\/\/contadoreshoy.com\/?p=6277\" \/>\n<meta property=\"og:locale\" content=\"es_ES\" \/>\n<meta property=\"og:type\" content=\"article\" \/>\n<meta property=\"og:title\" content=\"Anexos T\u00e9cnicos para reporte de informaci\u00f3n asociaciones que afilian colectivamente a seguridad social - Contadores P\u00fablicos\" \/>\n<meta property=\"og:description\" content=\"Resoluci\u00f3n 4285 octubre 21 de 2015, por la cual se establecen los anexos t\u00e9cnicos para el reporte de la informaci\u00f3n por parte de las asociaciones, agremiaciones y comunidades religiosas que afilian colectivamente a sus miembros al Sistema de Seguridad Social Integral.\" \/>\n<meta property=\"og:url\" content=\"https:\/\/contadoreshoy.com\/?p=6277\" \/>\n<meta property=\"og:site_name\" content=\"Contadores P\u00fablicos\" \/>\n<meta property=\"article:publisher\" content=\"https:\/\/www.facebook.com\/CCCPBucaramanga\/\" \/>\n<meta property=\"article:published_time\" content=\"2015-10-28T03:49:09+00:00\" \/>\n<meta property=\"article:modified_time\" content=\"2017-02-05T03:00:11+00:00\" \/>\n<meta property=\"og:image\" content=\"https:\/\/contadoreshoy.com\/wp-content\/uploads\/2015\/10\/gremios.jpg\" \/>\n\t<meta property=\"og:image:width\" content=\"600\" \/>\n\t<meta property=\"og:image:height\" content=\"400\" \/>\n\t<meta property=\"og:image:type\" content=\"image\/jpeg\" \/>\n<meta name=\"author\" content=\"Miguel Antonio M\u00e1rquez Monta\u00f1ez\" \/>\n<meta name=\"twitter:card\" content=\"summary_large_image\" \/>\n<meta name=\"twitter:label1\" content=\"Escrito por\" \/>\n\t<meta name=\"twitter:data1\" content=\"Miguel Antonio M\u00e1rquez Monta\u00f1ez\" \/>\n<script type=\"application\/ld+json\" class=\"yoast-schema-graph\">{\"@context\":\"https:\\\/\\\/schema.org\",\"@graph\":[{\"@type\":\"Article\",\"@id\":\"https:\\\/\\\/contadoreshoy.com\\\/?p=6277#article\",\"isPartOf\":{\"@id\":\"https:\\\/\\\/contadoreshoy.com\\\/?p=6277\"},\"author\":{\"name\":\"Miguel Antonio M\u00e1rquez Monta\u00f1ez\",\"@id\":\"https:\\\/\\\/contadoreshoy.com\\\/#\\\/schema\\\/person\\\/96d8979cb865537c5dc9345e40089fc5\"},\"headline\":\"Anexos T\u00e9cnicos para reporte de informaci\u00f3n asociaciones que afilian colectivamente a seguridad social\",\"datePublished\":\"2015-10-28T03:49:09+00:00\",\"dateModified\":\"2017-02-05T03:00:11+00:00\",\"mainEntityOfPage\":{\"@id\":\"https:\\\/\\\/contadoreshoy.com\\\/?p=6277\"},\"wordCount\":76,\"commentCount\":0,\"publisher\":{\"@id\":\"https:\\\/\\\/contadoreshoy.com\\\/#organization\"},\"image\":{\"@id\":\"https:\\\/\\\/contadoreshoy.com\\\/?p=6277#primaryimage\"},\"thumbnailUrl\":\"https:\\\/\\\/contadoreshoy.com\\\/wp-content\\\/uploads\\\/2015\\\/10\\\/gremios.jpg\",\"articleSection\":[\"Resoluciones\"],\"inLanguage\":\"es\",\"potentialAction\":[{\"@type\":\"CommentAction\",\"name\":\"Comment\",\"target\":[\"https:\\\/\\\/contadoreshoy.com\\\/?p=6277#respond\"]}]},{\"@type\":\"WebPage\",\"@id\":\"https:\\\/\\\/contadoreshoy.com\\\/?p=6277\",\"url\":\"https:\\\/\\\/contadoreshoy.com\\\/?p=6277\",\"name\":\"Anexos T\u00e9cnicos para reporte de informaci\u00f3n asociaciones que afilian colectivamente a seguridad social - Contadores P\u00fablicos\",\"isPartOf\":{\"@id\":\"https:\\\/\\\/contadoreshoy.com\\\/#website\"},\"primaryImageOfPage\":{\"@id\":\"https:\\\/\\\/contadoreshoy.com\\\/?p=6277#primaryimage\"},\"image\":{\"@id\":\"https:\\\/\\\/contadoreshoy.com\\\/?p=6277#primaryimage\"},\"thumbnailUrl\":\"https:\\\/\\\/contadoreshoy.com\\\/wp-content\\\/uploads\\\/2015\\\/10\\\/gremios.jpg\",\"datePublished\":\"2015-10-28T03:49:09+00:00\",\"dateModified\":\"2017-02-05T03:00:11+00:00\",\"breadcrumb\":{\"@id\":\"https:\\\/\\\/contadoreshoy.com\\\/?p=6277#breadcrumb\"},\"inLanguage\":\"es\",\"potentialAction\":[{\"@type\":\"ReadAction\",\"target\":[\"https:\\\/\\\/contadoreshoy.com\\\/?p=6277\"]}]},{\"@type\":\"ImageObject\",\"inLanguage\":\"es\",\"@id\":\"https:\\\/\\\/contadoreshoy.com\\\/?p=6277#primaryimage\",\"url\":\"https:\\\/\\\/contadoreshoy.com\\\/wp-content\\\/uploads\\\/2015\\\/10\\\/gremios.jpg\",\"contentUrl\":\"https:\\\/\\\/contadoreshoy.com\\\/wp-content\\\/uploads\\\/2015\\\/10\\\/gremios.jpg\",\"width\":600,\"height\":400},{\"@type\":\"BreadcrumbList\",\"@id\":\"https:\\\/\\\/contadoreshoy.com\\\/?p=6277#breadcrumb\",\"itemListElement\":[{\"@type\":\"ListItem\",\"position\":1,\"name\":\"Portada\",\"item\":\"https:\\\/\\\/contadoreshoy.com\\\/\"},{\"@type\":\"ListItem\",\"position\":2,\"name\":\"Anexos T\u00e9cnicos para reporte de informaci\u00f3n asociaciones que afilian colectivamente a seguridad social\"}]},{\"@type\":\"WebSite\",\"@id\":\"https:\\\/\\\/contadoreshoy.com\\\/#website\",\"url\":\"https:\\\/\\\/contadoreshoy.com\\\/\",\"name\":\"Contadorespublicossantander\",\"description\":\"Portal para Contadores P\u00fablicos y empresarios\",\"publisher\":{\"@id\":\"https:\\\/\\\/contadoreshoy.com\\\/#organization\"},\"potentialAction\":[{\"@type\":\"SearchAction\",\"target\":{\"@type\":\"EntryPoint\",\"urlTemplate\":\"https:\\\/\\\/contadoreshoy.com\\\/?s={search_term_string}\"},\"query-input\":{\"@type\":\"PropertyValueSpecification\",\"valueRequired\":true,\"valueName\":\"search_term_string\"}}],\"inLanguage\":\"es\"},{\"@type\":\"Organization\",\"@id\":\"https:\\\/\\\/contadoreshoy.com\\\/#organization\",\"name\":\"Contadores P\u00fablicos de Santander\",\"url\":\"https:\\\/\\\/contadoreshoy.com\\\/\",\"logo\":{\"@type\":\"ImageObject\",\"inLanguage\":\"es\",\"@id\":\"https:\\\/\\\/contadoreshoy.com\\\/#\\\/schema\\\/logo\\\/image\\\/\",\"url\":\"https:\\\/\\\/contadoreshoy.com\\\/wp-content\\\/uploads\\\/2024\\\/01\\\/cropped-cropped-Copia-de-M-1.jpg\",\"contentUrl\":\"https:\\\/\\\/contadoreshoy.com\\\/wp-content\\\/uploads\\\/2024\\\/01\\\/cropped-cropped-Copia-de-M-1.jpg\",\"width\":499,\"height\":500,\"caption\":\"Contadores P\u00fablicos de Santander\"},\"image\":{\"@id\":\"https:\\\/\\\/contadoreshoy.com\\\/#\\\/schema\\\/logo\\\/image\\\/\"},\"sameAs\":[\"https:\\\/\\\/www.facebook.com\\\/CCCPBucaramanga\\\/\"]},{\"@type\":\"Person\",\"@id\":\"https:\\\/\\\/contadoreshoy.com\\\/#\\\/schema\\\/person\\\/96d8979cb865537c5dc9345e40089fc5\",\"name\":\"Miguel Antonio M\u00e1rquez Monta\u00f1ez\",\"description\":\"Contador P\u00fablico egresado de la Universidad Aut\u00f3noma de Bucaramanga - Asesor contable tributario con m\u00e1s de 25 a\u00f1os de experiencia - Conferencista en temas contables y tributarios - T\u00e9cnico en Hardware y Dise\u00f1o Web - Creador y director Grupo de Estudio Colegio Colombiano de Contadores P\u00fablicos de Bucaramanga - Creador y Master Web p\u00e1gina www.contadoresp\u00fablicossantander.com - Expresidente Colegio Colombiano de Contadores P\u00fablicos Bucaramanga\",\"url\":\"https:\\\/\\\/contadoreshoy.com\\\/?author=1\"}]}<\/script>\n<!-- \/ Yoast SEO plugin. -->","yoast_head_json":{"title":"Anexos T\u00e9cnicos para reporte de informaci\u00f3n asociaciones que afilian colectivamente a seguridad social - Contadores P\u00fablicos","robots":{"index":"index","follow":"follow","max-snippet":"max-snippet:-1","max-image-preview":"max-image-preview:large","max-video-preview":"max-video-preview:-1"},"canonical":"https:\/\/contadoreshoy.com\/?p=6277","og_locale":"es_ES","og_type":"article","og_title":"Anexos T\u00e9cnicos para reporte de informaci\u00f3n asociaciones que afilian colectivamente a seguridad social - Contadores P\u00fablicos","og_description":"Resoluci\u00f3n 4285 octubre 21 de 2015, por la cual se establecen los anexos t\u00e9cnicos para el reporte de la informaci\u00f3n por parte de las asociaciones, agremiaciones y comunidades religiosas que afilian colectivamente a sus miembros al Sistema de Seguridad Social Integral.","og_url":"https:\/\/contadoreshoy.com\/?p=6277","og_site_name":"Contadores P\u00fablicos","article_publisher":"https:\/\/www.facebook.com\/CCCPBucaramanga\/","article_published_time":"2015-10-28T03:49:09+00:00","article_modified_time":"2017-02-05T03:00:11+00:00","og_image":[{"width":600,"height":400,"url":"https:\/\/contadoreshoy.com\/wp-content\/uploads\/2015\/10\/gremios.jpg","type":"image\/jpeg"}],"author":"Miguel Antonio M\u00e1rquez Monta\u00f1ez","twitter_card":"summary_large_image","twitter_misc":{"Escrito por":"Miguel Antonio M\u00e1rquez Monta\u00f1ez"},"schema":{"@context":"https:\/\/schema.org","@graph":[{"@type":"Article","@id":"https:\/\/contadoreshoy.com\/?p=6277#article","isPartOf":{"@id":"https:\/\/contadoreshoy.com\/?p=6277"},"author":{"name":"Miguel Antonio M\u00e1rquez Monta\u00f1ez","@id":"https:\/\/contadoreshoy.com\/#\/schema\/person\/96d8979cb865537c5dc9345e40089fc5"},"headline":"Anexos T\u00e9cnicos para reporte de informaci\u00f3n asociaciones que afilian colectivamente a seguridad social","datePublished":"2015-10-28T03:49:09+00:00","dateModified":"2017-02-05T03:00:11+00:00","mainEntityOfPage":{"@id":"https:\/\/contadoreshoy.com\/?p=6277"},"wordCount":76,"commentCount":0,"publisher":{"@id":"https:\/\/contadoreshoy.com\/#organization"},"image":{"@id":"https:\/\/contadoreshoy.com\/?p=6277#primaryimage"},"thumbnailUrl":"https:\/\/contadoreshoy.com\/wp-content\/uploads\/2015\/10\/gremios.jpg","articleSection":["Resoluciones"],"inLanguage":"es","potentialAction":[{"@type":"CommentAction","name":"Comment","target":["https:\/\/contadoreshoy.com\/?p=6277#respond"]}]},{"@type":"WebPage","@id":"https:\/\/contadoreshoy.com\/?p=6277","url":"https:\/\/contadoreshoy.com\/?p=6277","name":"Anexos T\u00e9cnicos para reporte de informaci\u00f3n asociaciones que afilian colectivamente a seguridad social - Contadores P\u00fablicos","isPartOf":{"@id":"https:\/\/contadoreshoy.com\/#website"},"primaryImageOfPage":{"@id":"https:\/\/contadoreshoy.com\/?p=6277#primaryimage"},"image":{"@id":"https:\/\/contadoreshoy.com\/?p=6277#primaryimage"},"thumbnailUrl":"https:\/\/contadoreshoy.com\/wp-content\/uploads\/2015\/10\/gremios.jpg","datePublished":"2015-10-28T03:49:09+00:00","dateModified":"2017-02-05T03:00:11+00:00","breadcrumb":{"@id":"https:\/\/contadoreshoy.com\/?p=6277#breadcrumb"},"inLanguage":"es","potentialAction":[{"@type":"ReadAction","target":["https:\/\/contadoreshoy.com\/?p=6277"]}]},{"@type":"ImageObject","inLanguage":"es","@id":"https:\/\/contadoreshoy.com\/?p=6277#primaryimage","url":"https:\/\/contadoreshoy.com\/wp-content\/uploads\/2015\/10\/gremios.jpg","contentUrl":"https:\/\/contadoreshoy.com\/wp-content\/uploads\/2015\/10\/gremios.jpg","width":600,"height":400},{"@type":"BreadcrumbList","@id":"https:\/\/contadoreshoy.com\/?p=6277#breadcrumb","itemListElement":[{"@type":"ListItem","position":1,"name":"Portada","item":"https:\/\/contadoreshoy.com\/"},{"@type":"ListItem","position":2,"name":"Anexos T\u00e9cnicos para reporte de informaci\u00f3n asociaciones que afilian colectivamente a seguridad social"}]},{"@type":"WebSite","@id":"https:\/\/contadoreshoy.com\/#website","url":"https:\/\/contadoreshoy.com\/","name":"Contadorespublicossantander","description":"Portal para Contadores P\u00fablicos y empresarios","publisher":{"@id":"https:\/\/contadoreshoy.com\/#organization"},"potentialAction":[{"@type":"SearchAction","target":{"@type":"EntryPoint","urlTemplate":"https:\/\/contadoreshoy.com\/?s={search_term_string}"},"query-input":{"@type":"PropertyValueSpecification","valueRequired":true,"valueName":"search_term_string"}}],"inLanguage":"es"},{"@type":"Organization","@id":"https:\/\/contadoreshoy.com\/#organization","name":"Contadores P\u00fablicos de Santander","url":"https:\/\/contadoreshoy.com\/","logo":{"@type":"ImageObject","inLanguage":"es","@id":"https:\/\/contadoreshoy.com\/#\/schema\/logo\/image\/","url":"https:\/\/contadoreshoy.com\/wp-content\/uploads\/2024\/01\/cropped-cropped-Copia-de-M-1.jpg","contentUrl":"https:\/\/contadoreshoy.com\/wp-content\/uploads\/2024\/01\/cropped-cropped-Copia-de-M-1.jpg","width":499,"height":500,"caption":"Contadores P\u00fablicos de Santander"},"image":{"@id":"https:\/\/contadoreshoy.com\/#\/schema\/logo\/image\/"},"sameAs":["https:\/\/www.facebook.com\/CCCPBucaramanga\/"]},{"@type":"Person","@id":"https:\/\/contadoreshoy.com\/#\/schema\/person\/96d8979cb865537c5dc9345e40089fc5","name":"Miguel Antonio M\u00e1rquez Monta\u00f1ez","description":"Contador P\u00fablico egresado de la Universidad Aut\u00f3noma de Bucaramanga - Asesor contable tributario con m\u00e1s de 25 a\u00f1os de experiencia - Conferencista en temas contables y tributarios - T\u00e9cnico en Hardware y Dise\u00f1o Web - Creador y director Grupo de Estudio Colegio Colombiano de Contadores P\u00fablicos de Bucaramanga - Creador y Master Web p\u00e1gina www.contadoresp\u00fablicossantander.com - Expresidente Colegio Colombiano de Contadores P\u00fablicos Bucaramanga","url":"https:\/\/contadoreshoy.com\/?author=1"}]}},"_links":{"self":[{"href":"https:\/\/contadoreshoy.com\/index.php?rest_route=\/wp\/v2\/posts\/6277","targetHints":{"allow":["GET"]}}],"collection":[{"href":"https:\/\/contadoreshoy.com\/index.php?rest_route=\/wp\/v2\/posts"}],"about":[{"href":"https:\/\/contadoreshoy.com\/index.php?rest_route=\/wp\/v2\/types\/post"}],"author":[{"embeddable":true,"href":"https:\/\/contadoreshoy.com\/index.php?rest_route=\/wp\/v2\/users\/1"}],"replies":[{"embeddable":true,"href":"https:\/\/contadoreshoy.com\/index.php?rest_route=%2Fwp%2Fv2%2Fcomments&post=6277"}],"version-history":[{"count":1,"href":"https:\/\/contadoreshoy.com\/index.php?rest_route=\/wp\/v2\/posts\/6277\/revisions"}],"predecessor-version":[{"id":8005,"href":"https:\/\/contadoreshoy.com\/index.php?rest_route=\/wp\/v2\/posts\/6277\/revisions\/8005"}],"wp:featuredmedia":[{"embeddable":true,"href":"https:\/\/contadoreshoy.com\/index.php?rest_route=\/wp\/v2\/media\/6278"}],"wp:attachment":[{"href":"https:\/\/contadoreshoy.com\/index.php?rest_route=%2Fwp%2Fv2%2Fmedia&parent=6277"}],"wp:term":[{"taxonomy":"category","embeddable":true,"href":"https:\/\/contadoreshoy.com\/index.php?rest_route=%2Fwp%2Fv2%2Fcategories&post=6277"},{"taxonomy":"post_tag","embeddable":true,"href":"https:\/\/contadoreshoy.com\/index.php?rest_route=%2Fwp%2Fv2%2Ftags&post=6277"}],"curies":[{"name":"wp","href":"https:\/\/api.w.org\/{rel}","templated":true}]}}