{"id":6280,"date":"2015-10-29T14:40:47","date_gmt":"2015-10-29T19:40:47","guid":{"rendered":"http:\/\/colegiocolombianodecontadores.com\/?p=6280"},"modified":"2017-02-04T22:00:10","modified_gmt":"2017-02-05T03:00:10","slug":"retiro-de-inventarios-se-debe-facturar-al-valor-comercial","status":"publish","type":"post","link":"https:\/\/contadoreshoy.com\/?p=6280","title":{"rendered":"Retiro de inventarios se debe facturar al valor comercial"},"content":{"rendered":"<p style=\"text-align: center;\">CONCEPTO 25511 SEPTIEMBRE 02 DE 2015 DIAN<\/p>\n<p style=\"text-align: justify;\">Tema:\u00a0\u00a0 Retiro de inventario de mercanc\u00edas para uso de la empresa<\/p>\n<p style=\"text-align: justify;\">\u201cEn relaci\u00f3n con el Oficio 064185 de 26 de noviembre de 2014, emitido por la Direcci\u00f3n de Gesti\u00f3n Jur\u00eddica de la Direcci\u00f3n de Impuestos y Aduanas<br \/>\nNacionales, plantea los siguientes interrogantes:<\/p>\n<p style=\"text-align: justify;\">\n\u201cDe acuerdo con lo expuesto, si bien los documentos que se producen para registrar operaciones realizadas con terceros, entre ellos las facturas de<br \/>\nventas, son considerados de orden externo, en el caso sometido a revisi\u00f3n en esa oportunidad (Oficio 064185 de 26 de noviembre de 2014), <span style=\"color: #ff9900;\">no obstante que la operaci\u00f3n no se realiza con un tercero, subsiste la obligaci\u00f3n de facturar<\/span> en cumplimiento de las disposiciones tributarias especiales vigentes\u201d.<\/p>\n<p style=\"text-align: justify;\">\n\u201cSeg\u00fan el citado oficio, <span style=\"color: #ff9900;\">al diligenciar la factura para registrar el retiro del inventario de una mercanc\u00eda para deducci\u00f3n de la misma persona que hace<\/span><br \/>\n<span style=\"color: #ff9900;\">el retiro, debe indicar el mismo nombre y NIT de la persona en cumplimiento de los literales b) y c) del art\u00edculo 617 del Estatuto Tributario\u201d<\/span><br \/>\n\u201cEstablecida la obligaci\u00f3n legal de facturar, quien se encuentre obligado, deber\u00e1 hacerlo cumpliendo los requisitos previstos en la ley,&#8217; ellos los<br \/>\nestablecidos en los literales b) y c) del art\u00edculo 617 del Estatuto Tributario\u201d<br \/>\n(\u2026)<br \/>\n\u201cRespecto de estos dos interrogantes se precisa que<span style=\"color: #0000ff;\"> los retiros de bienes corporales muebles del inventario hechos por el responsable para su uso o<\/span><br \/>\n<span style=\"color: #ff9900;\"><span style=\"color: #0000ff;\">para formar parte de los activos fijos de la empresa<\/span>,<\/span> como ya se anot\u00f3, <span style=\"color: #ff9900;\">constituyen hecho generador del impuesto sobre las ventas<\/span> en virtud de lo<br \/>\ndispuesto en el literal b) del art\u00edculo 421 del Estatuto Tributario, en estos casos, <span style=\"color: #ff9900;\">teniendo en cuenta que el vendedor es el mismo comprador, el<\/span><br \/>\n<span style=\"color: #ff9900;\">impuesto a las ventas generado por el responsable no puede ser tratado como descontable considerando que cuando los bienes se compraron<\/span><br \/>\n<span style=\"color: #ff9900;\">inicialmente, se descont\u00f3 el IVA\u201d.<\/span><\/p>\n<p style=\"text-align: justify;\">\n<span style=\"color: #0000ff;\">\u201cEl valor comercial para generar el IVA en el retiro del inventario de mercanc\u00edas para gasto de la empresa, es el mismo precio con el cual vendo mercanc\u00edas a terceros, es como m\u00ednimo el costo, o puede ser inferior al costo?.<\/span><\/p>\n<p style=\"text-align: justify;\">\n\u201cEl art\u00edculo 453 del mismo Ordenamiento, en relaci\u00f3n con las operaciones sub facturadas a su vez dispone:<\/p>\n<p style=\"text-align: justify;\">\n<span style=\"color: #0000ff;\">\u00abART\u00cdCULO 453. VALOR DE LAS OPERACIONES SUBFACTURADAS O NO FACTURADAS.<\/span> <span style=\"color: #ff9900;\">Cuando se establezca la inexistencia de factura o<\/span><br \/>\n<span style=\"color: #ff9900;\">documento equivalente, o cuando estos muestren como monto de la operaci\u00f3n valores inferiores al corriente en plaza, se considerara, salvo<\/span><br \/>\n<span style=\"color: #ff9900;\">prueba en contrario, como valor de la operaci\u00f3n atribuible a la venta o prestaci\u00f3n del servicio gravado, el corriente en plaza.\u00bb<\/span><\/p>\n<p style=\"text-align: justify;\">\nLa Oficina Jur\u00eddica de la Direcci\u00f3n de Impuestos y Aduanas Nacionales mediante Concepto 21956 de 2006 al resolver una consulta referida al retiro<br \/>\nde inventarios manifest\u00f3:<\/p>\n<p style=\"text-align: justify;\">\n\u00ab&#8230; Debe recordarse que, por disposici\u00f3n de los art\u00edculos 453 y 458 del Estatuto Tributario, <span style=\"color: #ff9900;\">la base para liquidar el impuesto en estos casos es el<\/span><br \/>\n<span style=\"color: #ff9900;\">valor comercial, es decir, el precio de venta al p\u00fablico\u201d. <\/span><\/p>\n<p style=\"text-align: justify;\">Ajuste del IVA para bienes por situaciones de hurto, p\u00e9rdida o da\u00f1ado. Este pronunciamiento est\u00e1 en el concepto No. 25513 del 2 de septiembre de 2015, del cual es del caso destacar lo siguiente:<br \/>\n(\u2026)<br \/>\n\u201cEl art\u00edculo 486 del mismo Ordenamiento a su vez establece un ajuste de los impuestos descontables en los siguientes t\u00e9rminos:<\/p>\n<p style=\"text-align: justify;\">\n\u00ab<span style=\"color: #0000ff;\">ARTICULO 486. AJUSTE DE LOS IMPUESTOS DESCONTABLES<\/span>. El total de los impuestos descontables computables en el periodo gravable<br \/>\nque resulte de acuerdo con lo dispuesto en el art\u00edculo anterior 485, se ajustara restando:<\/p>\n<p style=\"text-align: justify;\">\na) El impuesto correspondiente a los bienes gravados devueltos por el responsable durante el periodo.<br \/>\nb) El impuesto correspondiente a adquisiciones gravadas, que se anulen, rescindan, o resuelvan durante el periodo.<\/p>\n<p style=\"text-align: justify;\">\n<span style=\"color: #ff9900;\">PARAGRAFO: Habr\u00e1 lugar al ajuste de que trata este art\u00edculo en el caso p\u00e9rdidas, hurto, o castigo de inventario a menos que el contribuyente<\/span><br \/>\n<span style=\"color: #ff9900;\">demuestre que el bien es de f\u00e1cil destrucci\u00f3n o p\u00e9rdida y la perdida no excede del 3% del valor de la suma del inventario inicial m\u00e1s las compras.\u00bb<\/span><\/p>\n<p style=\"text-align: justify;\">\n<span style=\"text-decoration: underline;\"><strong><span style=\"color: #ff6600; text-decoration: underline;\">\u201cComo se puede observar, el par\u00e1grafo de la disposici\u00f3n previamente transcrita se refiere al IVA pagado en la adquisici\u00f3n de los bienes frente a <\/span><\/strong><\/span><span style=\"text-decoration: underline;\"><strong><span style=\"color: #ff6600; text-decoration: underline;\">los cuales posteriormente se configura la situaci\u00f3n de p\u00e9rdida, hurto o castigo de inventario, eventos en los cuales se deben ajustar los impuestos <\/span><\/strong><\/span><span style=\"text-decoration: underline;\"><strong><span style=\"color: #ff6600; text-decoration: underline;\">descontables, rest\u00e1ndolos del total de los impuestos descontables computables en el per\u00edodo gravable correspondiente<\/span><\/strong><\/span>, excepto en los casos<br \/>\nen los que el contribuyente demuestra que el bien es de f\u00e1cil destrucci\u00f3n o p\u00e9rdida, y la p\u00e9rdida no excede del 3% del valor de la suma del inventario<br \/>\ninicial m\u00e1s las compras\u201d.<\/p>\n<p style=\"text-align: justify;\">\nDe conformidad con lo expuesto, la parte final, numeral 1.2.7 Concepto 00001 de 2003 al que hace referencia su consulta, contin\u00faa vigente por<br \/>\ncorresponder a supuestos de hecho diferentes a los consagrados en el par\u00e1grafo del art\u00edculo 486 del Estatuto Tributario.<\/p>\n<p style=\"text-align: justify;\">\n<span style=\"text-decoration: underline;\"><strong><span style=\"color: #ff6600; text-decoration: underline;\">Finalmente, se recuerda que los retiros de bienes corporales muebles del inventario hechos por el responsable para su uso o para formar parte de <\/span><\/strong><\/span><span style=\"text-decoration: underline;\"><strong><span style=\"color: #ff6600; text-decoration: underline;\">los activos fijos de la empresa, constituyen hecho generador del Impuesto sobre las ventas en virtud de lo dispuesto en el literal b) del art\u00edculo 421 del <\/span><\/strong><\/span><span style=\"text-decoration: underline;\"><strong><span style=\"color: #ff6600; text-decoration: underline;\">Estatuto Tributario, pero en estos casos, teniendo en cuenta que el vendedor es el mismo comprador, el impuesto a las ventas generado por el <\/span><\/strong><\/span><span style=\"text-decoration: underline;\"><strong><span style=\"color: #ff6600; text-decoration: underline;\">responsable no puede ser tratado como descontable considerando que cuando los bienes se compraron inicialmente, se descont\u00f3 el IVA\u201d.<\/span><\/strong><\/span><\/p>\n","protected":false},"excerpt":{"rendered":"<p>Los retiros de bienes corporales muebles del inventario hechos por el responsable para su uso o para formar parte de los activos fijos de la empresa, constituyen hecho generador del Impuesto sobre las ventas y este no puede ser tratado como descontable considerando que cuando los bienes se compraron inicialmente, se descont\u00f3 el IVA\u201d.<\/p>\n","protected":false},"author":1,"featured_media":6281,"comment_status":"open","ping_status":"open","sticky":false,"template":"","format":"standard","meta":{"_monsterinsights_skip_tracking":false,"ngg_post_thumbnail":0,"footnotes":"","_links_to":"","_links_to_target":""},"categories":[456],"tags":[],"class_list":["post-6280","post","type-post","status-publish","format-standard","has-post-thumbnail","hentry","category-conceptos-y-oficios-dian"],"aioseo_notices":[],"aioseo_head":"\n\t\t<!-- All in One SEO 5.0.1.1 - aioseo.com -->\n\t<meta name=\"description\" content=\"Los retiros de bienes corporales muebles del inventario hechos por el responsable para su uso o para formar parte de los activos fijos de la empresa, constituyen hecho generador del Impuesto sobre las ventas y este no puede ser tratado como descontable considerando que cuando los bienes se compraron inicialmente, se descont\u00f3 el IVA\u201d.\" \/>\n\t<meta name=\"robots\" content=\"max-image-preview:large\" \/>\n\t<meta name=\"author\" content=\"Miguel Antonio M\u00e1rquez Monta\u00f1ez\"\/>\n\t<link rel=\"canonical\" href=\"https:\/\/contadoreshoy.com\/?p=6280\" \/>\n\t<meta name=\"generator\" content=\"All in One SEO (AIOSEO) 5.0.1.1\" \/>\n\t\t<meta property=\"og:locale\" content=\"es_ES\" \/>\n\t\t<meta property=\"og:site_name\" content=\"Contadores P\u00fablicos - Portal para Contadores P\u00fablicos y empresarios\" \/>\n\t\t<meta property=\"og:type\" content=\"article\" \/>\n\t\t<meta property=\"og:title\" content=\"Retiro de inventarios se debe facturar al valor comercial - Contadores P\u00fablicos\" \/>\n\t\t<meta property=\"og:description\" content=\"Los retiros de bienes corporales muebles del inventario hechos por el responsable para su uso o para formar parte de los activos fijos de la empresa, constituyen hecho generador del Impuesto sobre las ventas y este no puede ser tratado como descontable considerando que cuando los bienes se compraron inicialmente, se descont\u00f3 el IVA\u201d.\" \/>\n\t\t<meta property=\"og:url\" content=\"https:\/\/contadoreshoy.com\/?p=6280\" \/>\n\t\t<meta property=\"og:image\" content=\"https:\/\/contadoreshoy.com\/wp-content\/uploads\/2024\/01\/cropped-cropped-cropped-Copia-de-M.jpg\" \/>\n\t\t<meta property=\"og:image:secure_url\" content=\"https:\/\/contadoreshoy.com\/wp-content\/uploads\/2024\/01\/cropped-cropped-cropped-Copia-de-M.jpg\" \/>\n\t\t<meta property=\"og:image:width\" content=\"512\" \/>\n\t\t<meta property=\"og:image:height\" content=\"371\" \/>\n\t\t<meta property=\"article:published_time\" content=\"2015-10-29T19:40:47+00:00\" \/>\n\t\t<meta property=\"article:modified_time\" content=\"2017-02-05T03:00:10+00:00\" \/>\n\t\t<meta name=\"twitter:card\" content=\"summary_large_image\" \/>\n\t\t<meta name=\"twitter:title\" content=\"Retiro de inventarios se debe facturar al valor comercial - Contadores P\u00fablicos\" \/>\n\t\t<meta name=\"twitter:description\" content=\"Los retiros de bienes corporales muebles del inventario hechos por el responsable para su uso o para formar parte de los activos fijos de la empresa, constituyen hecho generador del Impuesto sobre las ventas y este no puede ser tratado como descontable considerando que cuando los bienes se compraron inicialmente, se descont\u00f3 el IVA\u201d.\" \/>\n\t\t<meta name=\"twitter:image\" content=\"https:\/\/contadoreshoy.com\/wp-content\/uploads\/2024\/01\/cropped-cropped-cropped-Copia-de-M.jpg\" \/>\n\t\t<script type=\"application\/ld+json\" class=\"aioseo-schema\">\n\t\t\t{\"@context\":\"https:\\\/\\\/schema.org\",\"@graph\":[{\"@type\":\"BlogPosting\",\"@id\":\"https:\\\/\\\/contadoreshoy.com\\\/?p=6280#blogposting\",\"name\":\"Retiro de inventarios se debe facturar al valor comercial - Contadores P\\u00fablicos\",\"headline\":\"Retiro de inventarios se debe facturar al valor comercial\",\"author\":{\"@id\":\"https:\\\/\\\/contadoreshoy.com\\\/?author=1#author\"},\"publisher\":{\"@id\":\"https:\\\/\\\/contadoreshoy.com\\\/#organization\"},\"image\":{\"@type\":\"ImageObject\",\"url\":\"https:\\\/\\\/contadoreshoy.com\\\/wp-content\\\/uploads\\\/2015\\\/10\\\/retiro-de-inventario.jpg\",\"width\":600,\"height\":400},\"datePublished\":\"2015-10-29T14:40:47-05:00\",\"dateModified\":\"2017-02-04T22:00:10-05:00\",\"inLanguage\":\"es-ES\",\"mainEntityOfPage\":{\"@id\":\"https:\\\/\\\/contadoreshoy.com\\\/?p=6280#webpage\"},\"isPartOf\":{\"@id\":\"https:\\\/\\\/contadoreshoy.com\\\/?p=6280#webpage\"},\"articleSection\":\"Conceptos y Oficios DIAN\"},{\"@type\":\"BreadcrumbList\",\"@id\":\"https:\\\/\\\/contadoreshoy.com\\\/?p=6280#breadcrumblist\",\"itemListElement\":[{\"@type\":\"ListItem\",\"@id\":\"https:\\\/\\\/contadoreshoy.com#listItem\",\"position\":1,\"name\":\"Home\",\"item\":\"https:\\\/\\\/contadoreshoy.com\",\"nextItem\":{\"@type\":\"ListItem\",\"@id\":\"https:\\\/\\\/contadoreshoy.com\\\/?cat=456#listItem\",\"name\":\"Conceptos y Oficios DIAN\"}},{\"@type\":\"ListItem\",\"@id\":\"https:\\\/\\\/contadoreshoy.com\\\/?cat=456#listItem\",\"position\":2,\"name\":\"Conceptos y Oficios DIAN\",\"item\":\"https:\\\/\\\/contadoreshoy.com\\\/?cat=456\",\"nextItem\":{\"@type\":\"ListItem\",\"@id\":\"https:\\\/\\\/contadoreshoy.com\\\/?p=6280#listItem\",\"name\":\"Retiro de inventarios se debe facturar al valor comercial\"},\"previousItem\":{\"@type\":\"ListItem\",\"@id\":\"https:\\\/\\\/contadoreshoy.com#listItem\",\"name\":\"Home\"}},{\"@type\":\"ListItem\",\"@id\":\"https:\\\/\\\/contadoreshoy.com\\\/?p=6280#listItem\",\"position\":3,\"name\":\"Retiro de inventarios se debe facturar al valor comercial\",\"previousItem\":{\"@type\":\"ListItem\",\"@id\":\"https:\\\/\\\/contadoreshoy.com\\\/?cat=456#listItem\",\"name\":\"Conceptos y Oficios DIAN\"}}]},{\"@type\":\"Organization\",\"@id\":\"https:\\\/\\\/contadoreshoy.com\\\/#organization\",\"name\":\"Contadores P\\u00fablicos\",\"description\":\"Portal para Contadores P\\u00fablicos y empresarios\",\"url\":\"https:\\\/\\\/contadoreshoy.com\\\/\",\"logo\":{\"@type\":\"ImageObject\",\"url\":\"https:\\\/\\\/contadoreshoy.com\\\/wp-content\\\/uploads\\\/2024\\\/01\\\/cropped-cropped-Copia-de-M-1.jpg\",\"@id\":\"https:\\\/\\\/contadoreshoy.com\\\/?p=6280\\\/#organizationLogo\",\"width\":499,\"height\":500},\"image\":{\"@id\":\"https:\\\/\\\/contadoreshoy.com\\\/?p=6280\\\/#organizationLogo\"}},{\"@type\":\"Person\",\"@id\":\"https:\\\/\\\/contadoreshoy.com\\\/?author=1#author\",\"url\":\"https:\\\/\\\/contadoreshoy.com\\\/?author=1\",\"name\":\"Miguel Antonio M\\u00e1rquez Monta\\u00f1ez\"},{\"@type\":\"WebPage\",\"@id\":\"https:\\\/\\\/contadoreshoy.com\\\/?p=6280#webpage\",\"url\":\"https:\\\/\\\/contadoreshoy.com\\\/?p=6280\",\"name\":\"Retiro de inventarios se debe facturar al valor comercial - Contadores P\\u00fablicos\",\"description\":\"Los retiros de bienes corporales muebles del inventario hechos por el responsable para su uso o para formar parte de los activos fijos de la empresa, constituyen hecho generador del Impuesto sobre las ventas y este no puede ser tratado como descontable considerando que cuando los bienes se compraron inicialmente, se descont\\u00f3 el IVA\\u201d.\",\"inLanguage\":\"es-ES\",\"isPartOf\":{\"@id\":\"https:\\\/\\\/contadoreshoy.com\\\/#website\"},\"breadcrumb\":{\"@id\":\"https:\\\/\\\/contadoreshoy.com\\\/?p=6280#breadcrumblist\"},\"author\":{\"@id\":\"https:\\\/\\\/contadoreshoy.com\\\/?author=1#author\"},\"creator\":{\"@id\":\"https:\\\/\\\/contadoreshoy.com\\\/?author=1#author\"},\"image\":{\"@type\":\"ImageObject\",\"url\":\"https:\\\/\\\/contadoreshoy.com\\\/wp-content\\\/uploads\\\/2015\\\/10\\\/retiro-de-inventario.jpg\",\"@id\":\"https:\\\/\\\/contadoreshoy.com\\\/?p=6280\\\/#mainImage\",\"width\":600,\"height\":400},\"primaryImageOfPage\":{\"@id\":\"https:\\\/\\\/contadoreshoy.com\\\/?p=6280#mainImage\"},\"datePublished\":\"2015-10-29T14:40:47-05:00\",\"dateModified\":\"2017-02-04T22:00:10-05:00\"},{\"@type\":\"WebSite\",\"@id\":\"https:\\\/\\\/contadoreshoy.com\\\/#website\",\"url\":\"https:\\\/\\\/contadoreshoy.com\\\/\",\"name\":\"Contadores P\\u00fablicos\",\"description\":\"Portal para Contadores P\\u00fablicos y empresarios\",\"inLanguage\":\"es-ES\",\"publisher\":{\"@id\":\"https:\\\/\\\/contadoreshoy.com\\\/#organization\"}}]}\n\t\t<\/script>\n\t\t<!-- All in One SEO -->\n\n","aioseo_head_json":{"title":"Retiro de inventarios se debe facturar al valor comercial - Contadores P\u00fablicos","description":"Los retiros de bienes corporales muebles del inventario hechos por el responsable para su uso o para formar parte de los activos fijos de la empresa, constituyen hecho generador del Impuesto sobre las ventas y este no puede ser tratado como descontable considerando que cuando los bienes se compraron inicialmente, se descont\u00f3 el IVA\u201d.","canonical_url":"https:\/\/contadoreshoy.com\/?p=6280","robots":"max-image-preview:large","keywords":"","webmasterTools":{"miscellaneous":""},"schema":{"@context":"https:\/\/schema.org","@graph":[{"@type":"BlogPosting","@id":"https:\/\/contadoreshoy.com\/?p=6280#blogposting","name":"Retiro de inventarios se debe facturar al valor comercial - Contadores P\u00fablicos","headline":"Retiro de inventarios se debe facturar al valor comercial","author":{"@id":"https:\/\/contadoreshoy.com\/?author=1#author"},"publisher":{"@id":"https:\/\/contadoreshoy.com\/#organization"},"image":{"@type":"ImageObject","url":"https:\/\/contadoreshoy.com\/wp-content\/uploads\/2015\/10\/retiro-de-inventario.jpg","width":600,"height":400},"datePublished":"2015-10-29T14:40:47-05:00","dateModified":"2017-02-04T22:00:10-05:00","inLanguage":"es-ES","mainEntityOfPage":{"@id":"https:\/\/contadoreshoy.com\/?p=6280#webpage"},"isPartOf":{"@id":"https:\/\/contadoreshoy.com\/?p=6280#webpage"},"articleSection":"Conceptos y Oficios DIAN"},{"@type":"BreadcrumbList","@id":"https:\/\/contadoreshoy.com\/?p=6280#breadcrumblist","itemListElement":[{"@type":"ListItem","@id":"https:\/\/contadoreshoy.com#listItem","position":1,"name":"Home","item":"https:\/\/contadoreshoy.com","nextItem":{"@type":"ListItem","@id":"https:\/\/contadoreshoy.com\/?cat=456#listItem","name":"Conceptos y Oficios DIAN"}},{"@type":"ListItem","@id":"https:\/\/contadoreshoy.com\/?cat=456#listItem","position":2,"name":"Conceptos y Oficios DIAN","item":"https:\/\/contadoreshoy.com\/?cat=456","nextItem":{"@type":"ListItem","@id":"https:\/\/contadoreshoy.com\/?p=6280#listItem","name":"Retiro de inventarios se debe facturar al valor comercial"},"previousItem":{"@type":"ListItem","@id":"https:\/\/contadoreshoy.com#listItem","name":"Home"}},{"@type":"ListItem","@id":"https:\/\/contadoreshoy.com\/?p=6280#listItem","position":3,"name":"Retiro de inventarios se debe facturar al valor comercial","previousItem":{"@type":"ListItem","@id":"https:\/\/contadoreshoy.com\/?cat=456#listItem","name":"Conceptos y Oficios DIAN"}}]},{"@type":"Organization","@id":"https:\/\/contadoreshoy.com\/#organization","name":"Contadores P\u00fablicos","description":"Portal para Contadores P\u00fablicos y empresarios","url":"https:\/\/contadoreshoy.com\/","logo":{"@type":"ImageObject","url":"https:\/\/contadoreshoy.com\/wp-content\/uploads\/2024\/01\/cropped-cropped-Copia-de-M-1.jpg","@id":"https:\/\/contadoreshoy.com\/?p=6280\/#organizationLogo","width":499,"height":500},"image":{"@id":"https:\/\/contadoreshoy.com\/?p=6280\/#organizationLogo"}},{"@type":"Person","@id":"https:\/\/contadoreshoy.com\/?author=1#author","url":"https:\/\/contadoreshoy.com\/?author=1","name":"Miguel Antonio M\u00e1rquez Monta\u00f1ez"},{"@type":"WebPage","@id":"https:\/\/contadoreshoy.com\/?p=6280#webpage","url":"https:\/\/contadoreshoy.com\/?p=6280","name":"Retiro de inventarios se debe facturar al valor comercial - Contadores P\u00fablicos","description":"Los retiros de bienes corporales muebles del inventario hechos por el responsable para su uso o para formar parte de los activos fijos de la empresa, constituyen hecho generador del Impuesto sobre las ventas y este no puede ser tratado como descontable considerando que cuando los bienes se compraron inicialmente, se descont\u00f3 el IVA\u201d.","inLanguage":"es-ES","isPartOf":{"@id":"https:\/\/contadoreshoy.com\/#website"},"breadcrumb":{"@id":"https:\/\/contadoreshoy.com\/?p=6280#breadcrumblist"},"author":{"@id":"https:\/\/contadoreshoy.com\/?author=1#author"},"creator":{"@id":"https:\/\/contadoreshoy.com\/?author=1#author"},"image":{"@type":"ImageObject","url":"https:\/\/contadoreshoy.com\/wp-content\/uploads\/2015\/10\/retiro-de-inventario.jpg","@id":"https:\/\/contadoreshoy.com\/?p=6280\/#mainImage","width":600,"height":400},"primaryImageOfPage":{"@id":"https:\/\/contadoreshoy.com\/?p=6280#mainImage"},"datePublished":"2015-10-29T14:40:47-05:00","dateModified":"2017-02-04T22:00:10-05:00"},{"@type":"WebSite","@id":"https:\/\/contadoreshoy.com\/#website","url":"https:\/\/contadoreshoy.com\/","name":"Contadores P\u00fablicos","description":"Portal para Contadores P\u00fablicos y empresarios","inLanguage":"es-ES","publisher":{"@id":"https:\/\/contadoreshoy.com\/#organization"}}]},"og:locale":"es_ES","og:site_name":"Contadores P\u00fablicos - Portal para Contadores P\u00fablicos y empresarios","og:type":"article","og:title":"Retiro de inventarios se debe facturar al valor comercial - Contadores P\u00fablicos","og:description":"Los retiros de bienes corporales muebles del inventario hechos por el responsable para su uso o para formar parte de los activos fijos de la empresa, constituyen hecho generador del Impuesto sobre las ventas y este no puede ser tratado como descontable considerando que cuando los bienes se compraron inicialmente, se descont\u00f3 el IVA\u201d.","og:url":"https:\/\/contadoreshoy.com\/?p=6280","og:image":"https:\/\/contadoreshoy.com\/wp-content\/uploads\/2024\/01\/cropped-cropped-cropped-Copia-de-M.jpg","og:image:secure_url":"https:\/\/contadoreshoy.com\/wp-content\/uploads\/2024\/01\/cropped-cropped-cropped-Copia-de-M.jpg","og:image:width":512,"og:image:height":371,"article:published_time":"2015-10-29T19:40:47+00:00","article:modified_time":"2017-02-05T03:00:10+00:00","twitter:card":"summary_large_image","twitter:title":"Retiro de inventarios se debe facturar al valor comercial - Contadores P\u00fablicos","twitter:description":"Los retiros de bienes corporales muebles del inventario hechos por el responsable para su uso o para formar parte de los activos fijos de la empresa, constituyen hecho generador del Impuesto sobre las ventas y este no puede ser tratado como descontable considerando que cuando los bienes se compraron inicialmente, se descont\u00f3 el IVA\u201d.","twitter:image":"https:\/\/contadoreshoy.com\/wp-content\/uploads\/2024\/01\/cropped-cropped-cropped-Copia-de-M.jpg"},"aioseo_meta_data":{"post_id":"6280","title":null,"description":null,"keywords":null,"keyphrases":null,"primary_term":null,"canonical_url":null,"og_title":null,"og_description":null,"og_object_type":"default","og_image_type":"default","og_image_url":null,"og_image_width":null,"og_image_height":null,"og_image_custom_url":null,"og_image_custom_fields":null,"og_video":null,"og_custom_url":null,"og_article_section":null,"og_article_tags":null,"twitter_use_og":false,"twitter_card":"default","twitter_image_type":"default","twitter_image_url":null,"twitter_image_custom_url":null,"twitter_image_custom_fields":null,"twitter_title":null,"twitter_description":null,"schema":{"blockGraphs":[],"customGraphs":[],"default":{"data":{"Article":[],"Course":[],"Dataset":[],"FAQPage":[],"Movie":[],"Person":[],"Product":[],"ProductReview":[],"Car":[],"Recipe":[],"Service":[],"SoftwareApplication":[],"WebPage":[]},"graphName":"","isEnabled":true},"graphs":[]},"schema_type":"default","schema_type_options":null,"pillar_content":false,"robots_default":true,"robots_noindex":false,"robots_noarchive":false,"robots_nosnippet":false,"robots_nofollow":false,"robots_noimageindex":false,"robots_noodp":false,"robots_notranslate":false,"robots_max_snippet":null,"robots_max_videopreview":null,"robots_max_imagepreview":"large","priority":null,"frequency":null,"local_seo":null,"breadcrumb_settings":null,"limit_modified_date":false,"ai":null,"created":"2024-03-05 01:22:13","updated":"2026-03-03 04:42:08","seo_analyzer_scan_date":null,"focus_keyword":null,"additional_keywords":null,"truseo_locale":null},"aioseo_breadcrumb":"<div class=\"aioseo-breadcrumbs\"><span class=\"aioseo-breadcrumb\">\n\t\t\t<a href=\"https:\/\/contadoreshoy.com\" title=\"Home\">Home<\/a>\n\t\t<\/span><span class=\"aioseo-breadcrumb-separator\">&raquo;<\/span><span class=\"aioseo-breadcrumb\">\n\t\t\t<a href=\"https:\/\/contadoreshoy.com\/?cat=456\" title=\"Conceptos y Oficios DIAN\">Conceptos y Oficios DIAN<\/a>\n\t\t<\/span><span class=\"aioseo-breadcrumb-separator\">&raquo;<\/span><span class=\"aioseo-breadcrumb\">\n\t\t\tRetiro de inventarios se debe facturar al valor comercial\n\t\t<\/span><\/div>","aioseo_breadcrumb_json":[{"label":"Home","link":"https:\/\/contadoreshoy.com"},{"label":"Conceptos y Oficios DIAN","link":"https:\/\/contadoreshoy.com\/?cat=456"},{"label":"Retiro de inventarios se debe facturar al valor comercial","link":"https:\/\/contadoreshoy.com\/?p=6280"}],"yoast_head":"<!-- This site is optimized with the Yoast SEO plugin v28.4 - https:\/\/yoast.com\/product\/yoast-seo-wordpress\/ -->\n<title>Retiro de inventarios se debe facturar al valor comercial - Contadores P\u00fablicos<\/title>\n<meta name=\"robots\" content=\"index, follow, max-snippet:-1, max-image-preview:large, max-video-preview:-1\" \/>\n<link rel=\"canonical\" href=\"https:\/\/contadoreshoy.com\/?p=6280\" \/>\n<meta property=\"og:locale\" content=\"es_ES\" \/>\n<meta property=\"og:type\" content=\"article\" \/>\n<meta property=\"og:title\" content=\"Retiro de inventarios se debe facturar al valor comercial - Contadores P\u00fablicos\" \/>\n<meta property=\"og:description\" content=\"Los retiros de bienes corporales muebles del inventario hechos por el responsable para su uso o para formar parte de los activos fijos de la empresa, constituyen hecho generador del Impuesto sobre las ventas y este no puede ser tratado como descontable considerando que cuando los bienes se compraron inicialmente, se descont\u00f3 el IVA\u201d.\" \/>\n<meta property=\"og:url\" content=\"https:\/\/contadoreshoy.com\/?p=6280\" \/>\n<meta property=\"og:site_name\" content=\"Contadores P\u00fablicos\" \/>\n<meta property=\"article:publisher\" content=\"https:\/\/www.facebook.com\/CCCPBucaramanga\/\" \/>\n<meta property=\"article:published_time\" content=\"2015-10-29T19:40:47+00:00\" \/>\n<meta property=\"article:modified_time\" content=\"2017-02-05T03:00:10+00:00\" \/>\n<meta property=\"og:image\" content=\"https:\/\/contadoreshoy.com\/wp-content\/uploads\/2015\/10\/retiro-de-inventario.jpg\" \/>\n\t<meta property=\"og:image:width\" content=\"600\" \/>\n\t<meta property=\"og:image:height\" content=\"400\" \/>\n\t<meta property=\"og:image:type\" content=\"image\/jpeg\" \/>\n<meta name=\"author\" content=\"Miguel Antonio M\u00e1rquez Monta\u00f1ez\" \/>\n<meta name=\"twitter:card\" content=\"summary_large_image\" \/>\n<meta name=\"twitter:label1\" content=\"Escrito por\" \/>\n\t<meta name=\"twitter:data1\" content=\"Miguel Antonio M\u00e1rquez Monta\u00f1ez\" \/>\n\t<meta name=\"twitter:label2\" content=\"Tiempo de lectura\" \/>\n\t<meta name=\"twitter:data2\" content=\"5 minutos\" \/>\n<script type=\"application\/ld+json\" class=\"yoast-schema-graph\">{\"@context\":\"https:\\\/\\\/schema.org\",\"@graph\":[{\"@type\":\"Article\",\"@id\":\"https:\\\/\\\/contadoreshoy.com\\\/?p=6280#article\",\"isPartOf\":{\"@id\":\"https:\\\/\\\/contadoreshoy.com\\\/?p=6280\"},\"author\":{\"name\":\"Miguel Antonio M\u00e1rquez Monta\u00f1ez\",\"@id\":\"https:\\\/\\\/contadoreshoy.com\\\/#\\\/schema\\\/person\\\/96d8979cb865537c5dc9345e40089fc5\"},\"headline\":\"Retiro de inventarios se debe facturar al valor comercial\",\"datePublished\":\"2015-10-29T19:40:47+00:00\",\"dateModified\":\"2017-02-05T03:00:10+00:00\",\"mainEntityOfPage\":{\"@id\":\"https:\\\/\\\/contadoreshoy.com\\\/?p=6280\"},\"wordCount\":921,\"commentCount\":0,\"publisher\":{\"@id\":\"https:\\\/\\\/contadoreshoy.com\\\/#organization\"},\"image\":{\"@id\":\"https:\\\/\\\/contadoreshoy.com\\\/?p=6280#primaryimage\"},\"thumbnailUrl\":\"https:\\\/\\\/contadoreshoy.com\\\/wp-content\\\/uploads\\\/2015\\\/10\\\/retiro-de-inventario.jpg\",\"articleSection\":[\"Conceptos y Oficios DIAN\"],\"inLanguage\":\"es\",\"potentialAction\":[{\"@type\":\"CommentAction\",\"name\":\"Comment\",\"target\":[\"https:\\\/\\\/contadoreshoy.com\\\/?p=6280#respond\"]}]},{\"@type\":\"WebPage\",\"@id\":\"https:\\\/\\\/contadoreshoy.com\\\/?p=6280\",\"url\":\"https:\\\/\\\/contadoreshoy.com\\\/?p=6280\",\"name\":\"Retiro de inventarios se debe facturar al valor comercial - Contadores P\u00fablicos\",\"isPartOf\":{\"@id\":\"https:\\\/\\\/contadoreshoy.com\\\/#website\"},\"primaryImageOfPage\":{\"@id\":\"https:\\\/\\\/contadoreshoy.com\\\/?p=6280#primaryimage\"},\"image\":{\"@id\":\"https:\\\/\\\/contadoreshoy.com\\\/?p=6280#primaryimage\"},\"thumbnailUrl\":\"https:\\\/\\\/contadoreshoy.com\\\/wp-content\\\/uploads\\\/2015\\\/10\\\/retiro-de-inventario.jpg\",\"datePublished\":\"2015-10-29T19:40:47+00:00\",\"dateModified\":\"2017-02-05T03:00:10+00:00\",\"breadcrumb\":{\"@id\":\"https:\\\/\\\/contadoreshoy.com\\\/?p=6280#breadcrumb\"},\"inLanguage\":\"es\",\"potentialAction\":[{\"@type\":\"ReadAction\",\"target\":[\"https:\\\/\\\/contadoreshoy.com\\\/?p=6280\"]}]},{\"@type\":\"ImageObject\",\"inLanguage\":\"es\",\"@id\":\"https:\\\/\\\/contadoreshoy.com\\\/?p=6280#primaryimage\",\"url\":\"https:\\\/\\\/contadoreshoy.com\\\/wp-content\\\/uploads\\\/2015\\\/10\\\/retiro-de-inventario.jpg\",\"contentUrl\":\"https:\\\/\\\/contadoreshoy.com\\\/wp-content\\\/uploads\\\/2015\\\/10\\\/retiro-de-inventario.jpg\",\"width\":600,\"height\":400},{\"@type\":\"BreadcrumbList\",\"@id\":\"https:\\\/\\\/contadoreshoy.com\\\/?p=6280#breadcrumb\",\"itemListElement\":[{\"@type\":\"ListItem\",\"position\":1,\"name\":\"Portada\",\"item\":\"https:\\\/\\\/contadoreshoy.com\\\/\"},{\"@type\":\"ListItem\",\"position\":2,\"name\":\"Retiro de inventarios se debe facturar al valor comercial\"}]},{\"@type\":\"WebSite\",\"@id\":\"https:\\\/\\\/contadoreshoy.com\\\/#website\",\"url\":\"https:\\\/\\\/contadoreshoy.com\\\/\",\"name\":\"Contadorespublicossantander\",\"description\":\"Portal para Contadores P\u00fablicos y empresarios\",\"publisher\":{\"@id\":\"https:\\\/\\\/contadoreshoy.com\\\/#organization\"},\"potentialAction\":[{\"@type\":\"SearchAction\",\"target\":{\"@type\":\"EntryPoint\",\"urlTemplate\":\"https:\\\/\\\/contadoreshoy.com\\\/?s={search_term_string}\"},\"query-input\":{\"@type\":\"PropertyValueSpecification\",\"valueRequired\":true,\"valueName\":\"search_term_string\"}}],\"inLanguage\":\"es\"},{\"@type\":\"Organization\",\"@id\":\"https:\\\/\\\/contadoreshoy.com\\\/#organization\",\"name\":\"Contadores P\u00fablicos de Santander\",\"url\":\"https:\\\/\\\/contadoreshoy.com\\\/\",\"logo\":{\"@type\":\"ImageObject\",\"inLanguage\":\"es\",\"@id\":\"https:\\\/\\\/contadoreshoy.com\\\/#\\\/schema\\\/logo\\\/image\\\/\",\"url\":\"https:\\\/\\\/contadoreshoy.com\\\/wp-content\\\/uploads\\\/2024\\\/01\\\/cropped-cropped-Copia-de-M-1.jpg\",\"contentUrl\":\"https:\\\/\\\/contadoreshoy.com\\\/wp-content\\\/uploads\\\/2024\\\/01\\\/cropped-cropped-Copia-de-M-1.jpg\",\"width\":499,\"height\":500,\"caption\":\"Contadores P\u00fablicos de Santander\"},\"image\":{\"@id\":\"https:\\\/\\\/contadoreshoy.com\\\/#\\\/schema\\\/logo\\\/image\\\/\"},\"sameAs\":[\"https:\\\/\\\/www.facebook.com\\\/CCCPBucaramanga\\\/\"]},{\"@type\":\"Person\",\"@id\":\"https:\\\/\\\/contadoreshoy.com\\\/#\\\/schema\\\/person\\\/96d8979cb865537c5dc9345e40089fc5\",\"name\":\"Miguel Antonio M\u00e1rquez Monta\u00f1ez\",\"description\":\"Contador P\u00fablico egresado de la Universidad Aut\u00f3noma de Bucaramanga - Asesor contable tributario con m\u00e1s de 25 a\u00f1os de experiencia - Conferencista en temas contables y tributarios - T\u00e9cnico en Hardware y Dise\u00f1o Web - Creador y director Grupo de Estudio Colegio Colombiano de Contadores P\u00fablicos de Bucaramanga - Creador y Master Web p\u00e1gina www.contadoresp\u00fablicossantander.com - Expresidente Colegio Colombiano de Contadores P\u00fablicos Bucaramanga\",\"url\":\"https:\\\/\\\/contadoreshoy.com\\\/?author=1\"}]}<\/script>\n<!-- \/ Yoast SEO plugin. -->","yoast_head_json":{"title":"Retiro de inventarios se debe facturar al valor comercial - Contadores P\u00fablicos","robots":{"index":"index","follow":"follow","max-snippet":"max-snippet:-1","max-image-preview":"max-image-preview:large","max-video-preview":"max-video-preview:-1"},"canonical":"https:\/\/contadoreshoy.com\/?p=6280","og_locale":"es_ES","og_type":"article","og_title":"Retiro de inventarios se debe facturar al valor comercial - Contadores P\u00fablicos","og_description":"Los retiros de bienes corporales muebles del inventario hechos por el responsable para su uso o para formar parte de los activos fijos de la empresa, constituyen hecho generador del Impuesto sobre las ventas y este no puede ser tratado como descontable considerando que cuando los bienes se compraron inicialmente, se descont\u00f3 el IVA\u201d.","og_url":"https:\/\/contadoreshoy.com\/?p=6280","og_site_name":"Contadores P\u00fablicos","article_publisher":"https:\/\/www.facebook.com\/CCCPBucaramanga\/","article_published_time":"2015-10-29T19:40:47+00:00","article_modified_time":"2017-02-05T03:00:10+00:00","og_image":[{"width":600,"height":400,"url":"https:\/\/contadoreshoy.com\/wp-content\/uploads\/2015\/10\/retiro-de-inventario.jpg","type":"image\/jpeg"}],"author":"Miguel Antonio M\u00e1rquez Monta\u00f1ez","twitter_card":"summary_large_image","twitter_misc":{"Escrito por":"Miguel Antonio M\u00e1rquez Monta\u00f1ez","Tiempo de lectura":"5 minutos"},"schema":{"@context":"https:\/\/schema.org","@graph":[{"@type":"Article","@id":"https:\/\/contadoreshoy.com\/?p=6280#article","isPartOf":{"@id":"https:\/\/contadoreshoy.com\/?p=6280"},"author":{"name":"Miguel Antonio M\u00e1rquez Monta\u00f1ez","@id":"https:\/\/contadoreshoy.com\/#\/schema\/person\/96d8979cb865537c5dc9345e40089fc5"},"headline":"Retiro de inventarios se debe facturar al valor comercial","datePublished":"2015-10-29T19:40:47+00:00","dateModified":"2017-02-05T03:00:10+00:00","mainEntityOfPage":{"@id":"https:\/\/contadoreshoy.com\/?p=6280"},"wordCount":921,"commentCount":0,"publisher":{"@id":"https:\/\/contadoreshoy.com\/#organization"},"image":{"@id":"https:\/\/contadoreshoy.com\/?p=6280#primaryimage"},"thumbnailUrl":"https:\/\/contadoreshoy.com\/wp-content\/uploads\/2015\/10\/retiro-de-inventario.jpg","articleSection":["Conceptos y Oficios DIAN"],"inLanguage":"es","potentialAction":[{"@type":"CommentAction","name":"Comment","target":["https:\/\/contadoreshoy.com\/?p=6280#respond"]}]},{"@type":"WebPage","@id":"https:\/\/contadoreshoy.com\/?p=6280","url":"https:\/\/contadoreshoy.com\/?p=6280","name":"Retiro de inventarios se debe facturar al valor comercial - Contadores P\u00fablicos","isPartOf":{"@id":"https:\/\/contadoreshoy.com\/#website"},"primaryImageOfPage":{"@id":"https:\/\/contadoreshoy.com\/?p=6280#primaryimage"},"image":{"@id":"https:\/\/contadoreshoy.com\/?p=6280#primaryimage"},"thumbnailUrl":"https:\/\/contadoreshoy.com\/wp-content\/uploads\/2015\/10\/retiro-de-inventario.jpg","datePublished":"2015-10-29T19:40:47+00:00","dateModified":"2017-02-05T03:00:10+00:00","breadcrumb":{"@id":"https:\/\/contadoreshoy.com\/?p=6280#breadcrumb"},"inLanguage":"es","potentialAction":[{"@type":"ReadAction","target":["https:\/\/contadoreshoy.com\/?p=6280"]}]},{"@type":"ImageObject","inLanguage":"es","@id":"https:\/\/contadoreshoy.com\/?p=6280#primaryimage","url":"https:\/\/contadoreshoy.com\/wp-content\/uploads\/2015\/10\/retiro-de-inventario.jpg","contentUrl":"https:\/\/contadoreshoy.com\/wp-content\/uploads\/2015\/10\/retiro-de-inventario.jpg","width":600,"height":400},{"@type":"BreadcrumbList","@id":"https:\/\/contadoreshoy.com\/?p=6280#breadcrumb","itemListElement":[{"@type":"ListItem","position":1,"name":"Portada","item":"https:\/\/contadoreshoy.com\/"},{"@type":"ListItem","position":2,"name":"Retiro de inventarios se debe facturar al valor comercial"}]},{"@type":"WebSite","@id":"https:\/\/contadoreshoy.com\/#website","url":"https:\/\/contadoreshoy.com\/","name":"Contadorespublicossantander","description":"Portal para Contadores P\u00fablicos y empresarios","publisher":{"@id":"https:\/\/contadoreshoy.com\/#organization"},"potentialAction":[{"@type":"SearchAction","target":{"@type":"EntryPoint","urlTemplate":"https:\/\/contadoreshoy.com\/?s={search_term_string}"},"query-input":{"@type":"PropertyValueSpecification","valueRequired":true,"valueName":"search_term_string"}}],"inLanguage":"es"},{"@type":"Organization","@id":"https:\/\/contadoreshoy.com\/#organization","name":"Contadores P\u00fablicos de Santander","url":"https:\/\/contadoreshoy.com\/","logo":{"@type":"ImageObject","inLanguage":"es","@id":"https:\/\/contadoreshoy.com\/#\/schema\/logo\/image\/","url":"https:\/\/contadoreshoy.com\/wp-content\/uploads\/2024\/01\/cropped-cropped-Copia-de-M-1.jpg","contentUrl":"https:\/\/contadoreshoy.com\/wp-content\/uploads\/2024\/01\/cropped-cropped-Copia-de-M-1.jpg","width":499,"height":500,"caption":"Contadores P\u00fablicos de Santander"},"image":{"@id":"https:\/\/contadoreshoy.com\/#\/schema\/logo\/image\/"},"sameAs":["https:\/\/www.facebook.com\/CCCPBucaramanga\/"]},{"@type":"Person","@id":"https:\/\/contadoreshoy.com\/#\/schema\/person\/96d8979cb865537c5dc9345e40089fc5","name":"Miguel Antonio M\u00e1rquez Monta\u00f1ez","description":"Contador P\u00fablico egresado de la Universidad Aut\u00f3noma de Bucaramanga - Asesor contable tributario con m\u00e1s de 25 a\u00f1os de experiencia - Conferencista en temas contables y tributarios - T\u00e9cnico en Hardware y Dise\u00f1o Web - Creador y director Grupo de Estudio Colegio Colombiano de Contadores P\u00fablicos de Bucaramanga - Creador y Master Web p\u00e1gina www.contadoresp\u00fablicossantander.com - Expresidente Colegio Colombiano de Contadores P\u00fablicos Bucaramanga","url":"https:\/\/contadoreshoy.com\/?author=1"}]}},"_links":{"self":[{"href":"https:\/\/contadoreshoy.com\/index.php?rest_route=\/wp\/v2\/posts\/6280","targetHints":{"allow":["GET"]}}],"collection":[{"href":"https:\/\/contadoreshoy.com\/index.php?rest_route=\/wp\/v2\/posts"}],"about":[{"href":"https:\/\/contadoreshoy.com\/index.php?rest_route=\/wp\/v2\/types\/post"}],"author":[{"embeddable":true,"href":"https:\/\/contadoreshoy.com\/index.php?rest_route=\/wp\/v2\/users\/1"}],"replies":[{"embeddable":true,"href":"https:\/\/contadoreshoy.com\/index.php?rest_route=%2Fwp%2Fv2%2Fcomments&post=6280"}],"version-history":[{"count":1,"href":"https:\/\/contadoreshoy.com\/index.php?rest_route=\/wp\/v2\/posts\/6280\/revisions"}],"predecessor-version":[{"id":8002,"href":"https:\/\/contadoreshoy.com\/index.php?rest_route=\/wp\/v2\/posts\/6280\/revisions\/8002"}],"wp:featuredmedia":[{"embeddable":true,"href":"https:\/\/contadoreshoy.com\/index.php?rest_route=\/wp\/v2\/media\/6281"}],"wp:attachment":[{"href":"https:\/\/contadoreshoy.com\/index.php?rest_route=%2Fwp%2Fv2%2Fmedia&parent=6280"}],"wp:term":[{"taxonomy":"category","embeddable":true,"href":"https:\/\/contadoreshoy.com\/index.php?rest_route=%2Fwp%2Fv2%2Fcategories&post=6280"},{"taxonomy":"post_tag","embeddable":true,"href":"https:\/\/contadoreshoy.com\/index.php?rest_route=%2Fwp%2Fv2%2Ftags&post=6280"}],"curies":[{"name":"wp","href":"https:\/\/api.w.org\/{rel}","templated":true}]}}