{"id":6283,"date":"2015-10-29T12:48:18","date_gmt":"2015-10-29T17:48:18","guid":{"rendered":"http:\/\/colegiocolombianodecontadores.com\/?p=6283"},"modified":"2017-02-04T22:00:11","modified_gmt":"2017-02-05T03:00:11","slug":"vence-plazo-de-implementacion-del-sistema-de-gestion-de-la-seguridad-y-salud-en-el-trabajo","status":"publish","type":"post","link":"https:\/\/contadoreshoy.com\/?p=6283","title":{"rendered":"Vence plazo de implementaci\u00f3n del Sistema de Gesti\u00f3n de la Seguridad y Salud en el trabajo"},"content":{"rendered":"<table border=\"1\" cellspacing=\"1\" cellpadding=\"1\">\n<tbody>\n<tr>\n<td>\n<div style=\"text-align: justify;\"><span style=\"color: #ff0000;\">\u00a1 URGENTE \u00a1<\/span> \u00a0 VENCE PLAZO DE IMPLEMENTACI\u00d3N DEL SISTEMA DE GESTI\u00d3N DE LA SEGURIDAD Y SALUD EN EL TRABAJO<\/div>\n<div style=\"text-align: justify;\"><\/div>\n<div style=\"text-align: justify;\"><\/div>\n<div style=\"text-align: justify;\"><span style=\"color: #0000ff;\">El decreto 1443 de julio 31 de 2014 del Ministerio de Trabajo, estableci\u00f3 la obligaci\u00f3n de implementar el Sistema de Gesti\u00f3n de la Seguridad y Salud en el Trabajo (SG-SST), y los plazos para su implementaci\u00f3n, de acuerdo al n\u00famero de empleados, vencen en las siguientes fechas:<\/span><\/div>\n<div style=\"text-align: justify;\"><\/div>\n<ol style=\"text-align: justify;\">\n<li>Empresas con menos de 10 trabajadores, plazo hasta el 31 de enero de 2016;<\/li>\n<li>Empresas con 10 a 200 trabajadores, plazo hasta el 31 de julio de 2016;<\/li>\n<li>Empresas con 201 o mas trabajadores, plazo hasta el 31 de enero de 2017.<\/li>\n<\/ol>\n<div style=\"text-align: justify;\">\n<p><span style=\"color: #ff9900;\">El incumplimiento<\/span> a esta obligaci\u00f3n ser\u00e1 sancionado en los t\u00e9rminos previstos en el art\u00edculo 91 del decreto 1295 de 1994, el cual <span style=\"color: #ff9900;\">establece multas mensuales consecutivas hasta por 500 salarios m\u00ednimos legales mensuales<\/span>, y en caso de no corregir la inconsistencia o el incumplimiento, dentro del t\u00e9rmino que establezca el Ministerio de Trabajo y Seguridad Social, se proceder\u00e1 a ordenar la suspensi\u00f3n de actividades hasta por seis meses. Transcurrido este t\u00e9rmino, la direcci\u00f3n T\u00e9cnica de Riesgos Profesionales del Ministerio de Trabajo y Seguridad Social determinar\u00e1 el cierre definitivo de la empresa o actividad econ\u00f3mica.<\/p>\n<p>&nbsp;<\/p>\n<p><span style=\"color: #0000ff;\">Obligaciones de las Administradoras de Riesgos laborales ARL<\/span><\/p>\n<p>Las administradoras de Riesgos Laborales &#8211; ARL, <span style=\"color: #ff9900;\">capacitar\u00e1n al comit\u00e9 paritario o vig\u00eda de seguridad<\/span> y salud en el trabajo &#8211; COPASST o Vig\u00eda en seguridad y salud en el trabajo en los aspectos relativos al SG-SST<span style=\"color: #ff9900;\"> y prestar\u00e1n asesor\u00eda y asistencia t\u00e9cnica a sus empresas y trabajadores afiliados<\/span>, en la implementaci\u00f3n del presente decreto.<\/p>\n<p><span style=\"color: #0000ff;\">Que es el Sistema de Gesti\u00f3n de la Seguridad y Salud en el Trabajo (SG-SST) ?<\/span><\/p>\n<p>El sistema de Gesti\u00f3n de la Seguridad y Salud en el Trabajo (SG-SST) consiste en el desarrollo de un proceso l\u00f3gico y por etapas, basado en el mejora cont\u00ednua y que incluye la pol\u00edtica, la organizaci\u00f3n, la planificaci\u00f3n, la aplicaci\u00f3n, la evaluaci\u00f3n, la auditor\u00eda y las acciones de mejora con el objetivo de anticipar, reconocer, evaluar y controlar los riesgos que puedan afectar la seguridad y la salud en el trabajo.<\/p>\n<p><span style=\"color: #0000ff;\">Obligaciones varias<\/span><\/p>\n<\/div>\n<ol style=\"text-align: justify;\">\n<li>El SG-SST debe ser liderado \u00a0e implementado por el empleador o contratante, con la participaci\u00f3n de los trabajadores y\/o contratistas.<\/li>\n<li>El empleador debe abordar la prevenci\u00f3n de los accidentes y las enfermedades laborales y tambi\u00e9n la protecci\u00f3n y promoci\u00f3n de la salud de los trabajadores y\/o contratistas, a trav\u00e9s de la implementaci\u00f3n, mantenimiento y mejora continua de un sistema de gesti\u00f3n cuyos principios est\u00e9n basados en el ciclo PHVA (Planificar, Hacer, Verificar y Actuar).<\/li>\n<li>El empleador o contratante debe establecer por escrito una pol\u00edtica de seguridad y salud en el trabajo, que debe ser parte de las pol\u00edticas de gesti\u00f3n de la empresa, con alcance sobre todos sus centros de trabajo y todos sus trabajadores, independiente de su forma de contrataci\u00f3n o vinculaci\u00f3n, incluyendo los contratistas y subcontratistas.<\/li>\n<li>El programa en seguridad y salud en el trabajo debe ser revisado m\u00ednimo una vez al a\u00f1o.<\/li>\n<li>El empleador proporcionar\u00e1 a todo trabajador que ingrese por primera vez a la empresa, una inducci\u00f3n en los aspectos generales y espec\u00edficos de las actividades a realizar, que incluya entre otros, la identificaci\u00f3n y el control de peligros y riesgos en su trabajo y la prevenci\u00f3n de accidentes de trabajo y enfermedades laborales.<\/li>\n<li>A la entrada en vigencia del presente decreto, todos los empleadores deber\u00e1n realizar la evaluaci\u00f3n y an\u00e1lisis de las estad\u00edsticas sobre la enfermedad y la accidentalidad ocurrida en los 2 \u00faltimos a\u00f1os en la empresa.<\/li>\n<li>El empleador debe realizar una auditor\u00eda anual, la cual ser\u00e1 planificada con la participaci\u00f3n del comit\u00e9 paritario o Vig\u00eda de seguridad y salud en el trabajo.<\/li>\n<li>La alta direcci\u00f3n, independiente del tama\u00f1o de la empresa, debe adelantar una revisi\u00f3n del sistema de gesti\u00f3n de la seguridad y salud en el trabajo (SG-SST), la cual debe realizarse por lo menos una vez al a\u00f1o.<\/li>\n<li>El empleador debe garantizar que se definan e implementen las acciones preventivas y correctivas necesarias, con base en los resultados de la supervisi\u00f3n y medici\u00f3n de la eficacia del sistema de gesti\u00f3n de la seguridad y salud en el trabajo (SG-SST), de las auditor\u00edas y de la revisi\u00f3n por la alta direcci\u00f3n.<\/li>\n<li>El empleador debe dar las directrices y otorgar los recursos necesarios para la mejora continua del sistema de gesti\u00f3n de la seguridad y salud en el trabajo (SG-SST), con el objetivo de mejorar la eficacia de todas sus actividades y el cumplimiento de sus prop\u00f3sitos.<\/li>\n<li><span style=\"color: #ff9900;\"><u><strong>Los responsables de la ejecuci\u00f3n de los sistemas de gesti\u00f3n de la seguridad y salud en el trabajo (SG-SST), deber\u00e1n realizar el curso de capacitaci\u00f3n virtual de cincuenta (50) horas sobre el sistema de gesti\u00f3n de la seguridad y salud en el tabajo (SG-SST) que defina el ministerio del trabajo.<\/strong><\/u><\/span><\/li>\n<li>Los empleadores deber\u00e1n sustituir el programa de salud ocupacional por el sistema de gesti\u00f3n de la seguridad y salud en el trabajo (SG-SST) para lo cual, a partir de la publicaci\u00f3n del presente decreto deber\u00e1n dar inicio a las acciones necesarias para ajustarse a lo establecido en esta disposici\u00f3n.<\/li>\n<\/ol>\n<div style=\"text-align: justify;\"><span style=\"color: #ff6600;\">Comun\u00edquese con su Administradora de Riesgos Laborales (ARL) y solicite capacitaci\u00f3n y asesor\u00eda.<\/span><\/div>\n<div style=\"text-align: justify;\"><\/div>\n<div style=\"text-align: justify;\"><a href=\"http:\/\/www.alcaldiabogota.gov.co\/sisjur\/normas\/Norma1.jsp?i=58841\" target=\"_blank\">Decreto 1443 de julio 31 2014<\/a><\/div>\n<div style=\"text-align: justify;\"><\/div>\n<\/td>\n<\/tr>\n<tr>\n<td><\/td>\n<\/tr>\n<tr>\n<td>\n<div style=\"text-align: center;\"><\/div>\n<div style=\"text-align: center;\"><a href=\"http:\/\/colegiocolombianodecontadores.com\/wp-content\/uploads\/2015\/10\/COPASST.jpg\"><img loading=\"lazy\" decoding=\"async\" class=\"aligncenter size-full wp-image-6287\" src=\"http:\/\/colegiocolombianodecontadores.com\/wp-content\/uploads\/2015\/10\/COPASST.jpg\" alt=\"COPASST\" width=\"600\" height=\"400\" srcset=\"https:\/\/contadoreshoy.com\/wp-content\/uploads\/2015\/10\/COPASST.jpg 600w, https:\/\/contadoreshoy.com\/wp-content\/uploads\/2015\/10\/COPASST-300x200.jpg 300w\" sizes=\"auto, (max-width: 600px) 100vw, 600px\" \/><\/a><\/div>\n<div style=\"text-align: center;\"><\/div>\n<div style=\"text-align: center;\">COMITE PARITARIO DE SEGURIDAD Y SALUD EN EL TRABAJO &#8211; COPASST, (Anteriormente COPASO)<\/div>\n<div style=\"text-align: justify;\">\n<p><span style=\"color: #0000ff;\">Funci\u00f3n del comit\u00e9<\/span><\/p>\n<p>&nbsp;<\/p>\n<p>Este comit\u00e9 tiene como funci\u00f3n el promocionar la salud ocupacional en todos los niveles de la empresa, promulgar y sustentar pr\u00e1cticas saludables, motivar a los trabajadores en adquisici\u00f3n de h\u00e1bitos seguros y trabajar mancomunadamente con las directivas y el responsable de salud ocupacional para lograr los objetivos y metas propuestas.<\/p>\n<p><span style=\"color: #0000ff;\">Cuales empresas est\u00e1n obligadas a conformar el comit\u00e9?<\/span><\/p>\n<p><span style=\"color: #ff9900;\">Todas las empresas e instituciones, p\u00fablicas o privadas, que tengan a su servicio diez (10) o m\u00e1s trabajadores<\/span>, est\u00e1n obligadas a conformar un comit\u00e9 de medicina, higiene y seguridad industrial.<\/p>\n<p><span style=\"color: #0000ff;\">Conformaci\u00f3n del comit\u00e9<\/span><\/p>\n<p><span style=\"color: #ff9900;\">El comit\u00e9 estar\u00e1 compuesto por un n\u00famero igual de representantes del empleador y de los trabajadores<\/span>, con sus respectivos suplentes, asi:<\/p>\n<\/div>\n<ol style=\"text-align: justify;\">\n<li>De 10 a 49 trabajadores, un representante por cada una de las partes;<\/li>\n<li>De 50 a 499 trabajadores, dos representantes por cada una de las partes;<\/li>\n<li>De 500 a 999 trabajadores, tres representantes por cada una de las partes;<\/li>\n<li>De 1.000 o m\u00e1s trabajadores, cuatro representantes por cada una de las partes.<\/li>\n<\/ol>\n<div style=\"text-align: justify;\">\n<p><span style=\"color: #0000ff;\">Y para las empresas de menos de 10 trabajadores ?<\/span><\/p>\n<p>&nbsp;<\/p>\n<p>Para las empresas de menos de 10 trabajadores, contin\u00faa vigente el art\u00edculo 35 del Decreto 1295 de 1994, que <span style=\"color: #ff9900;\">obliga a nombrar un Vig\u00eda de seguridad<\/span> y salud en el trabajo, que tiene las mismas funciones del comit\u00e9 paritario de salud ocupacional (COPASST).<\/p>\n<p><span style=\"color: #0000ff;\">Y como se eligen los integrantes del COPASST y el Vig\u00eda ?<\/span><\/p>\n<p>El empleador debe nombrar sus representantes y los trabajadores, elegir los suyos mediante votaci\u00f3n libre. Esto aplica para un per\u00edodo de 2 a\u00f1os con la posibilidad de reelecci\u00f3n.<\/p>\n<p>El Vig\u00eda de salud y seguridad en el trabajo es elegido por el empleador, no requiere proceso de votaci\u00f3n.<\/p>\n<p><span style=\"color: #0000ff;\">Y el comit\u00e9 debe registrarse en el Ministerio de Trabajo ?<\/span><\/p>\n<p><span style=\"color: #ff9900;\">No es necesario<\/span> registrar el comit\u00e9 en el Ministerio del Trabajo, debido a que la ley 1429 de 2010 elimin\u00f3 expresamente esta obligaci\u00f3n.<\/p>\n<p><span style=\"color: #0000ff;\">Cada cuanto debe reunirse el comit\u00e9 ?<\/span><\/p>\n<p><span style=\"color: #ff9900;\">El COPASST debe reunirse por lo menos uan vez al mes<\/span> dentro de las instalaciones de la empresa en horario laboral y mantener un archivo de las actas de reuni\u00f3n con los soportes de la gesti\u00f3n realizada.<\/p>\n<p><span style=\"color: #0000ff;\">La empresa debe facilitar las reuniones del comit\u00e9 ?<\/span><\/p>\n<p><span style=\"color: #ff9900;\">La empresa debe proporcionar a los integrantes m\u00ednimo 4 horas semanales<\/span> dentro de la jornada de trabajo, las cuales son destinadas al funcionamiento del comit\u00e9.<\/p>\n<p><a href=\"http:\/\/www.alcaldiabogota.gov.co\/sisjur\/normas\/Norma1.jsp?i=5411\" target=\"_blank\">Resoluci\u00f3n 2013 de 1986 &#8211; Conformaci\u00f3n del COPASST<\/a><\/p>\n<p><a href=\"http:\/\/www.alcaldiabogota.gov.co\/sisjur\/normas\/Norma1.jsp?i=2629\" target=\"_blank\">Decreto 1295 de 1994 &#8211; Art 35 Obligaci\u00f3n nombrar Vig\u00eda<\/a><\/p>\n<\/div>\n<\/td>\n<\/tr>\n<\/tbody>\n<\/table>\n","protected":false},"excerpt":{"rendered":"<p>El decreto 1443 de julio 31 de 2014 del Ministerio de Trabajo, estableci\u00f3 la obligaci\u00f3n de implementar el Sistema de Gesti\u00f3n de la Seguridad y Salud en el Trabajo (SG-SST). El incumplimiento a esta obligaci\u00f3n ser\u00e1 sancionado con multas mensuales consecutivas hasta por 500 salarios m\u00ednimos legales mensuales.<\/p>\n","protected":false},"author":1,"featured_media":6284,"comment_status":"open","ping_status":"open","sticky":false,"template":"","format":"standard","meta":{"_monsterinsights_skip_tracking":false,"ngg_post_thumbnail":0,"footnotes":"","_links_to":"","_links_to_target":""},"categories":[459,454,458],"tags":[],"class_list":["post-6283","post","type-post","status-publish","format-standard","has-post-thumbnail","hentry","category-obligaciones","category-sin-categoria","category-ultimas"],"aioseo_notices":[],"aioseo_head":"\n\t\t<!-- All in One SEO 5.0.1.1 - aioseo.com -->\n\t<meta name=\"description\" content=\"El decreto 1443 de julio 31 de 2014 del Ministerio de Trabajo, estableci\u00f3 la obligaci\u00f3n de implementar el Sistema de Gesti\u00f3n de la Seguridad y Salud en el Trabajo (SG-SST). El incumplimiento a esta obligaci\u00f3n ser\u00e1 sancionado con multas mensuales consecutivas hasta por 500 salarios m\u00ednimos legales mensuales.\" \/>\n\t<meta name=\"robots\" content=\"max-image-preview:large\" \/>\n\t<meta name=\"author\" content=\"Miguel Antonio M\u00e1rquez Monta\u00f1ez\"\/>\n\t<link rel=\"canonical\" href=\"https:\/\/contadoreshoy.com\/?p=6283\" \/>\n\t<meta name=\"generator\" content=\"All in One SEO (AIOSEO) 5.0.1.1\" \/>\n\t\t<meta property=\"og:locale\" content=\"es_ES\" \/>\n\t\t<meta property=\"og:site_name\" content=\"Contadores P\u00fablicos - Portal para Contadores P\u00fablicos y empresarios\" \/>\n\t\t<meta property=\"og:type\" content=\"article\" \/>\n\t\t<meta property=\"og:title\" content=\"Vence plazo de implementaci\u00f3n del Sistema de Gesti\u00f3n de la Seguridad y Salud en el trabajo - Contadores P\u00fablicos\" \/>\n\t\t<meta property=\"og:description\" content=\"El decreto 1443 de julio 31 de 2014 del Ministerio de Trabajo, estableci\u00f3 la obligaci\u00f3n de implementar el Sistema de Gesti\u00f3n de la Seguridad y Salud en el Trabajo (SG-SST). El incumplimiento a esta obligaci\u00f3n ser\u00e1 sancionado con multas mensuales consecutivas hasta por 500 salarios m\u00ednimos legales mensuales.\" \/>\n\t\t<meta property=\"og:url\" content=\"https:\/\/contadoreshoy.com\/?p=6283\" \/>\n\t\t<meta property=\"og:image\" content=\"https:\/\/contadoreshoy.com\/wp-content\/uploads\/2024\/01\/cropped-cropped-cropped-Copia-de-M.jpg\" \/>\n\t\t<meta property=\"og:image:secure_url\" content=\"https:\/\/contadoreshoy.com\/wp-content\/uploads\/2024\/01\/cropped-cropped-cropped-Copia-de-M.jpg\" \/>\n\t\t<meta property=\"og:image:width\" content=\"512\" \/>\n\t\t<meta property=\"og:image:height\" content=\"371\" \/>\n\t\t<meta property=\"article:published_time\" content=\"2015-10-29T17:48:18+00:00\" \/>\n\t\t<meta property=\"article:modified_time\" content=\"2017-02-05T03:00:11+00:00\" \/>\n\t\t<meta name=\"twitter:card\" content=\"summary_large_image\" \/>\n\t\t<meta name=\"twitter:title\" content=\"Vence plazo de implementaci\u00f3n del Sistema de Gesti\u00f3n de la Seguridad y Salud en el trabajo - Contadores P\u00fablicos\" \/>\n\t\t<meta name=\"twitter:description\" content=\"El decreto 1443 de julio 31 de 2014 del Ministerio de Trabajo, estableci\u00f3 la obligaci\u00f3n de implementar el Sistema de Gesti\u00f3n de la Seguridad y Salud en el Trabajo (SG-SST). El incumplimiento a esta obligaci\u00f3n ser\u00e1 sancionado con multas mensuales consecutivas hasta por 500 salarios m\u00ednimos legales mensuales.\" \/>\n\t\t<meta name=\"twitter:image\" content=\"https:\/\/contadoreshoy.com\/wp-content\/uploads\/2024\/01\/cropped-cropped-cropped-Copia-de-M.jpg\" \/>\n\t\t<script type=\"application\/ld+json\" class=\"aioseo-schema\">\n\t\t\t{\"@context\":\"https:\\\/\\\/schema.org\",\"@graph\":[{\"@type\":\"BlogPosting\",\"@id\":\"https:\\\/\\\/contadoreshoy.com\\\/?p=6283#blogposting\",\"name\":\"Vence plazo de implementaci\\u00f3n del Sistema de Gesti\\u00f3n de la Seguridad y Salud en el trabajo - Contadores P\\u00fablicos\",\"headline\":\"Vence plazo de implementaci\\u00f3n del Sistema de Gesti\\u00f3n de la Seguridad y Salud en el trabajo\",\"author\":{\"@id\":\"https:\\\/\\\/contadoreshoy.com\\\/?author=1#author\"},\"publisher\":{\"@id\":\"https:\\\/\\\/contadoreshoy.com\\\/#organization\"},\"image\":{\"@type\":\"ImageObject\",\"url\":\"https:\\\/\\\/contadoreshoy.com\\\/wp-content\\\/uploads\\\/2015\\\/10\\\/comit\\u00e9-paritario.jpg\",\"width\":600,\"height\":400},\"datePublished\":\"2015-10-29T12:48:18-05:00\",\"dateModified\":\"2017-02-04T22:00:11-05:00\",\"inLanguage\":\"es-ES\",\"mainEntityOfPage\":{\"@id\":\"https:\\\/\\\/contadoreshoy.com\\\/?p=6283#webpage\"},\"isPartOf\":{\"@id\":\"https:\\\/\\\/contadoreshoy.com\\\/?p=6283#webpage\"},\"articleSection\":\"Obligaciones, Sin categor\\u00eda, Ultimas Noticias\"},{\"@type\":\"BreadcrumbList\",\"@id\":\"https:\\\/\\\/contadoreshoy.com\\\/?p=6283#breadcrumblist\",\"itemListElement\":[{\"@type\":\"ListItem\",\"@id\":\"https:\\\/\\\/contadoreshoy.com#listItem\",\"position\":1,\"name\":\"Home\",\"item\":\"https:\\\/\\\/contadoreshoy.com\",\"nextItem\":{\"@type\":\"ListItem\",\"@id\":\"https:\\\/\\\/contadoreshoy.com\\\/?cat=454#listItem\",\"name\":\"Sin categor\\u00eda\"}},{\"@type\":\"ListItem\",\"@id\":\"https:\\\/\\\/contadoreshoy.com\\\/?cat=454#listItem\",\"position\":2,\"name\":\"Sin categor\\u00eda\",\"item\":\"https:\\\/\\\/contadoreshoy.com\\\/?cat=454\",\"nextItem\":{\"@type\":\"ListItem\",\"@id\":\"https:\\\/\\\/contadoreshoy.com\\\/?p=6283#listItem\",\"name\":\"Vence plazo de implementaci\\u00f3n del Sistema de Gesti\\u00f3n de la Seguridad y Salud en el trabajo\"},\"previousItem\":{\"@type\":\"ListItem\",\"@id\":\"https:\\\/\\\/contadoreshoy.com#listItem\",\"name\":\"Home\"}},{\"@type\":\"ListItem\",\"@id\":\"https:\\\/\\\/contadoreshoy.com\\\/?p=6283#listItem\",\"position\":3,\"name\":\"Vence plazo de implementaci\\u00f3n del Sistema de Gesti\\u00f3n de la Seguridad y Salud en el trabajo\",\"previousItem\":{\"@type\":\"ListItem\",\"@id\":\"https:\\\/\\\/contadoreshoy.com\\\/?cat=454#listItem\",\"name\":\"Sin categor\\u00eda\"}}]},{\"@type\":\"Organization\",\"@id\":\"https:\\\/\\\/contadoreshoy.com\\\/#organization\",\"name\":\"Contadores P\\u00fablicos\",\"description\":\"Portal para Contadores P\\u00fablicos y empresarios\",\"url\":\"https:\\\/\\\/contadoreshoy.com\\\/\",\"logo\":{\"@type\":\"ImageObject\",\"url\":\"https:\\\/\\\/contadoreshoy.com\\\/wp-content\\\/uploads\\\/2024\\\/01\\\/cropped-cropped-Copia-de-M-1.jpg\",\"@id\":\"https:\\\/\\\/contadoreshoy.com\\\/?p=6283\\\/#organizationLogo\",\"width\":499,\"height\":500},\"image\":{\"@id\":\"https:\\\/\\\/contadoreshoy.com\\\/?p=6283\\\/#organizationLogo\"}},{\"@type\":\"Person\",\"@id\":\"https:\\\/\\\/contadoreshoy.com\\\/?author=1#author\",\"url\":\"https:\\\/\\\/contadoreshoy.com\\\/?author=1\",\"name\":\"Miguel Antonio M\\u00e1rquez Monta\\u00f1ez\"},{\"@type\":\"WebPage\",\"@id\":\"https:\\\/\\\/contadoreshoy.com\\\/?p=6283#webpage\",\"url\":\"https:\\\/\\\/contadoreshoy.com\\\/?p=6283\",\"name\":\"Vence plazo de implementaci\\u00f3n del Sistema de Gesti\\u00f3n de la Seguridad y Salud en el trabajo - Contadores P\\u00fablicos\",\"description\":\"El decreto 1443 de julio 31 de 2014 del Ministerio de Trabajo, estableci\\u00f3 la obligaci\\u00f3n de implementar el Sistema de Gesti\\u00f3n de la Seguridad y Salud en el Trabajo (SG-SST). El incumplimiento a esta obligaci\\u00f3n ser\\u00e1 sancionado con multas mensuales consecutivas hasta por 500 salarios m\\u00ednimos legales mensuales.\",\"inLanguage\":\"es-ES\",\"isPartOf\":{\"@id\":\"https:\\\/\\\/contadoreshoy.com\\\/#website\"},\"breadcrumb\":{\"@id\":\"https:\\\/\\\/contadoreshoy.com\\\/?p=6283#breadcrumblist\"},\"author\":{\"@id\":\"https:\\\/\\\/contadoreshoy.com\\\/?author=1#author\"},\"creator\":{\"@id\":\"https:\\\/\\\/contadoreshoy.com\\\/?author=1#author\"},\"image\":{\"@type\":\"ImageObject\",\"url\":\"https:\\\/\\\/contadoreshoy.com\\\/wp-content\\\/uploads\\\/2015\\\/10\\\/comit\\u00e9-paritario.jpg\",\"@id\":\"https:\\\/\\\/contadoreshoy.com\\\/?p=6283\\\/#mainImage\",\"width\":600,\"height\":400},\"primaryImageOfPage\":{\"@id\":\"https:\\\/\\\/contadoreshoy.com\\\/?p=6283#mainImage\"},\"datePublished\":\"2015-10-29T12:48:18-05:00\",\"dateModified\":\"2017-02-04T22:00:11-05:00\"},{\"@type\":\"WebSite\",\"@id\":\"https:\\\/\\\/contadoreshoy.com\\\/#website\",\"url\":\"https:\\\/\\\/contadoreshoy.com\\\/\",\"name\":\"Contadores P\\u00fablicos\",\"description\":\"Portal para Contadores P\\u00fablicos y empresarios\",\"inLanguage\":\"es-ES\",\"publisher\":{\"@id\":\"https:\\\/\\\/contadoreshoy.com\\\/#organization\"}}]}\n\t\t<\/script>\n\t\t<!-- All in One SEO -->\n\n","aioseo_head_json":{"title":"Vence plazo de implementaci\u00f3n del Sistema de Gesti\u00f3n de la Seguridad y Salud en el trabajo - Contadores P\u00fablicos","description":"El decreto 1443 de julio 31 de 2014 del Ministerio de Trabajo, estableci\u00f3 la obligaci\u00f3n de implementar el Sistema de Gesti\u00f3n de la Seguridad y Salud en el Trabajo (SG-SST). El incumplimiento a esta obligaci\u00f3n ser\u00e1 sancionado con multas mensuales consecutivas hasta por 500 salarios m\u00ednimos legales mensuales.","canonical_url":"https:\/\/contadoreshoy.com\/?p=6283","robots":"max-image-preview:large","keywords":"","webmasterTools":{"miscellaneous":""},"schema":{"@context":"https:\/\/schema.org","@graph":[{"@type":"BlogPosting","@id":"https:\/\/contadoreshoy.com\/?p=6283#blogposting","name":"Vence plazo de implementaci\u00f3n del Sistema de Gesti\u00f3n de la Seguridad y Salud en el trabajo - Contadores P\u00fablicos","headline":"Vence plazo de implementaci\u00f3n del Sistema de Gesti\u00f3n de la Seguridad y Salud en el trabajo","author":{"@id":"https:\/\/contadoreshoy.com\/?author=1#author"},"publisher":{"@id":"https:\/\/contadoreshoy.com\/#organization"},"image":{"@type":"ImageObject","url":"https:\/\/contadoreshoy.com\/wp-content\/uploads\/2015\/10\/comit\u00e9-paritario.jpg","width":600,"height":400},"datePublished":"2015-10-29T12:48:18-05:00","dateModified":"2017-02-04T22:00:11-05:00","inLanguage":"es-ES","mainEntityOfPage":{"@id":"https:\/\/contadoreshoy.com\/?p=6283#webpage"},"isPartOf":{"@id":"https:\/\/contadoreshoy.com\/?p=6283#webpage"},"articleSection":"Obligaciones, Sin categor\u00eda, Ultimas Noticias"},{"@type":"BreadcrumbList","@id":"https:\/\/contadoreshoy.com\/?p=6283#breadcrumblist","itemListElement":[{"@type":"ListItem","@id":"https:\/\/contadoreshoy.com#listItem","position":1,"name":"Home","item":"https:\/\/contadoreshoy.com","nextItem":{"@type":"ListItem","@id":"https:\/\/contadoreshoy.com\/?cat=454#listItem","name":"Sin categor\u00eda"}},{"@type":"ListItem","@id":"https:\/\/contadoreshoy.com\/?cat=454#listItem","position":2,"name":"Sin categor\u00eda","item":"https:\/\/contadoreshoy.com\/?cat=454","nextItem":{"@type":"ListItem","@id":"https:\/\/contadoreshoy.com\/?p=6283#listItem","name":"Vence plazo de implementaci\u00f3n del Sistema de Gesti\u00f3n de la Seguridad y Salud en el trabajo"},"previousItem":{"@type":"ListItem","@id":"https:\/\/contadoreshoy.com#listItem","name":"Home"}},{"@type":"ListItem","@id":"https:\/\/contadoreshoy.com\/?p=6283#listItem","position":3,"name":"Vence plazo de implementaci\u00f3n del Sistema de Gesti\u00f3n de la Seguridad y Salud en el trabajo","previousItem":{"@type":"ListItem","@id":"https:\/\/contadoreshoy.com\/?cat=454#listItem","name":"Sin categor\u00eda"}}]},{"@type":"Organization","@id":"https:\/\/contadoreshoy.com\/#organization","name":"Contadores P\u00fablicos","description":"Portal para Contadores P\u00fablicos y empresarios","url":"https:\/\/contadoreshoy.com\/","logo":{"@type":"ImageObject","url":"https:\/\/contadoreshoy.com\/wp-content\/uploads\/2024\/01\/cropped-cropped-Copia-de-M-1.jpg","@id":"https:\/\/contadoreshoy.com\/?p=6283\/#organizationLogo","width":499,"height":500},"image":{"@id":"https:\/\/contadoreshoy.com\/?p=6283\/#organizationLogo"}},{"@type":"Person","@id":"https:\/\/contadoreshoy.com\/?author=1#author","url":"https:\/\/contadoreshoy.com\/?author=1","name":"Miguel Antonio M\u00e1rquez Monta\u00f1ez"},{"@type":"WebPage","@id":"https:\/\/contadoreshoy.com\/?p=6283#webpage","url":"https:\/\/contadoreshoy.com\/?p=6283","name":"Vence plazo de implementaci\u00f3n del Sistema de Gesti\u00f3n de la Seguridad y Salud en el trabajo - Contadores P\u00fablicos","description":"El decreto 1443 de julio 31 de 2014 del Ministerio de Trabajo, estableci\u00f3 la obligaci\u00f3n de implementar el Sistema de Gesti\u00f3n de la Seguridad y Salud en el Trabajo (SG-SST). El incumplimiento a esta obligaci\u00f3n ser\u00e1 sancionado con multas mensuales consecutivas hasta por 500 salarios m\u00ednimos legales mensuales.","inLanguage":"es-ES","isPartOf":{"@id":"https:\/\/contadoreshoy.com\/#website"},"breadcrumb":{"@id":"https:\/\/contadoreshoy.com\/?p=6283#breadcrumblist"},"author":{"@id":"https:\/\/contadoreshoy.com\/?author=1#author"},"creator":{"@id":"https:\/\/contadoreshoy.com\/?author=1#author"},"image":{"@type":"ImageObject","url":"https:\/\/contadoreshoy.com\/wp-content\/uploads\/2015\/10\/comit\u00e9-paritario.jpg","@id":"https:\/\/contadoreshoy.com\/?p=6283\/#mainImage","width":600,"height":400},"primaryImageOfPage":{"@id":"https:\/\/contadoreshoy.com\/?p=6283#mainImage"},"datePublished":"2015-10-29T12:48:18-05:00","dateModified":"2017-02-04T22:00:11-05:00"},{"@type":"WebSite","@id":"https:\/\/contadoreshoy.com\/#website","url":"https:\/\/contadoreshoy.com\/","name":"Contadores P\u00fablicos","description":"Portal para Contadores P\u00fablicos y empresarios","inLanguage":"es-ES","publisher":{"@id":"https:\/\/contadoreshoy.com\/#organization"}}]},"og:locale":"es_ES","og:site_name":"Contadores P\u00fablicos - Portal para Contadores P\u00fablicos y empresarios","og:type":"article","og:title":"Vence plazo de implementaci\u00f3n del Sistema de Gesti\u00f3n de la Seguridad y Salud en el trabajo - Contadores P\u00fablicos","og:description":"El decreto 1443 de julio 31 de 2014 del Ministerio de Trabajo, estableci\u00f3 la obligaci\u00f3n de implementar el Sistema de Gesti\u00f3n de la Seguridad y Salud en el Trabajo (SG-SST). El incumplimiento a esta obligaci\u00f3n ser\u00e1 sancionado con multas mensuales consecutivas hasta por 500 salarios m\u00ednimos legales mensuales.","og:url":"https:\/\/contadoreshoy.com\/?p=6283","og:image":"https:\/\/contadoreshoy.com\/wp-content\/uploads\/2024\/01\/cropped-cropped-cropped-Copia-de-M.jpg","og:image:secure_url":"https:\/\/contadoreshoy.com\/wp-content\/uploads\/2024\/01\/cropped-cropped-cropped-Copia-de-M.jpg","og:image:width":512,"og:image:height":371,"article:published_time":"2015-10-29T17:48:18+00:00","article:modified_time":"2017-02-05T03:00:11+00:00","twitter:card":"summary_large_image","twitter:title":"Vence plazo de implementaci\u00f3n del Sistema de Gesti\u00f3n de la Seguridad y Salud en el trabajo - Contadores P\u00fablicos","twitter:description":"El decreto 1443 de julio 31 de 2014 del Ministerio de Trabajo, estableci\u00f3 la obligaci\u00f3n de implementar el Sistema de Gesti\u00f3n de la Seguridad y Salud en el Trabajo (SG-SST). El incumplimiento a esta obligaci\u00f3n ser\u00e1 sancionado con multas mensuales consecutivas hasta por 500 salarios m\u00ednimos legales mensuales.","twitter:image":"https:\/\/contadoreshoy.com\/wp-content\/uploads\/2024\/01\/cropped-cropped-cropped-Copia-de-M.jpg"},"aioseo_meta_data":{"post_id":"6283","title":null,"description":null,"keywords":null,"keyphrases":null,"primary_term":null,"canonical_url":null,"og_title":null,"og_description":null,"og_object_type":"default","og_image_type":"default","og_image_url":null,"og_image_width":null,"og_image_height":null,"og_image_custom_url":null,"og_image_custom_fields":null,"og_video":null,"og_custom_url":null,"og_article_section":null,"og_article_tags":null,"twitter_use_og":false,"twitter_card":"default","twitter_image_type":"default","twitter_image_url":null,"twitter_image_custom_url":null,"twitter_image_custom_fields":null,"twitter_title":null,"twitter_description":null,"schema":{"blockGraphs":[],"customGraphs":[],"default":{"data":{"Article":[],"Course":[],"Dataset":[],"FAQPage":[],"Movie":[],"Person":[],"Product":[],"ProductReview":[],"Car":[],"Recipe":[],"Service":[],"SoftwareApplication":[],"WebPage":[]},"graphName":"","isEnabled":true},"graphs":[]},"schema_type":"default","schema_type_options":null,"pillar_content":false,"robots_default":true,"robots_noindex":false,"robots_noarchive":false,"robots_nosnippet":false,"robots_nofollow":false,"robots_noimageindex":false,"robots_noodp":false,"robots_notranslate":false,"robots_max_snippet":null,"robots_max_videopreview":null,"robots_max_imagepreview":"large","priority":null,"frequency":null,"local_seo":null,"breadcrumb_settings":null,"limit_modified_date":false,"ai":null,"created":"2024-03-05 01:22:13","updated":"2026-03-03 04:42:08","seo_analyzer_scan_date":null,"focus_keyword":null,"additional_keywords":null,"truseo_locale":null},"aioseo_breadcrumb":"<div class=\"aioseo-breadcrumbs\"><span class=\"aioseo-breadcrumb\">\n\t\t\t<a href=\"https:\/\/contadoreshoy.com\" title=\"Home\">Home<\/a>\n\t\t<\/span><span class=\"aioseo-breadcrumb-separator\">&raquo;<\/span><span class=\"aioseo-breadcrumb\">\n\t\t\t<a href=\"https:\/\/contadoreshoy.com\/?cat=454\" title=\"Sin categor\u00eda\">Sin categor\u00eda<\/a>\n\t\t<\/span><span class=\"aioseo-breadcrumb-separator\">&raquo;<\/span><span class=\"aioseo-breadcrumb\">\n\t\t\tVence plazo de implementaci\u00f3n del Sistema de Gesti\u00f3n de la Seguridad y Salud en el trabajo\n\t\t<\/span><\/div>","aioseo_breadcrumb_json":[{"label":"Home","link":"https:\/\/contadoreshoy.com"},{"label":"Sin categor\u00eda","link":"https:\/\/contadoreshoy.com\/?cat=454"},{"label":"Vence plazo de implementaci\u00f3n del Sistema de Gesti\u00f3n de la Seguridad y Salud en el trabajo","link":"https:\/\/contadoreshoy.com\/?p=6283"}],"yoast_head":"<!-- This site is optimized with the Yoast SEO plugin v28.4 - https:\/\/yoast.com\/product\/yoast-seo-wordpress\/ -->\n<title>Vence plazo de implementaci\u00f3n del Sistema de Gesti\u00f3n de la Seguridad y Salud en el trabajo - Contadores P\u00fablicos<\/title>\n<meta name=\"robots\" content=\"index, follow, max-snippet:-1, max-image-preview:large, max-video-preview:-1\" \/>\n<link rel=\"canonical\" href=\"https:\/\/contadoreshoy.com\/?p=6283\" \/>\n<meta property=\"og:locale\" content=\"es_ES\" \/>\n<meta property=\"og:type\" content=\"article\" \/>\n<meta property=\"og:title\" content=\"Vence plazo de implementaci\u00f3n del Sistema de Gesti\u00f3n de la Seguridad y Salud en el trabajo - Contadores P\u00fablicos\" \/>\n<meta property=\"og:description\" content=\"El decreto 1443 de julio 31 de 2014 del Ministerio de Trabajo, estableci\u00f3 la obligaci\u00f3n de implementar el Sistema de Gesti\u00f3n de la Seguridad y Salud en el Trabajo (SG-SST). El incumplimiento a esta obligaci\u00f3n ser\u00e1 sancionado con multas mensuales consecutivas hasta por 500 salarios m\u00ednimos legales mensuales.\" \/>\n<meta property=\"og:url\" content=\"https:\/\/contadoreshoy.com\/?p=6283\" \/>\n<meta property=\"og:site_name\" content=\"Contadores P\u00fablicos\" \/>\n<meta property=\"article:publisher\" content=\"https:\/\/www.facebook.com\/CCCPBucaramanga\/\" \/>\n<meta property=\"article:published_time\" content=\"2015-10-29T17:48:18+00:00\" \/>\n<meta property=\"article:modified_time\" content=\"2017-02-05T03:00:11+00:00\" \/>\n<meta property=\"og:image\" content=\"https:\/\/contadoreshoy.com\/wp-content\/uploads\/2015\/10\/comit\u00e9-paritario.jpg\" \/>\n\t<meta property=\"og:image:width\" content=\"600\" \/>\n\t<meta property=\"og:image:height\" content=\"400\" \/>\n\t<meta property=\"og:image:type\" content=\"image\/jpeg\" \/>\n<meta name=\"author\" content=\"Miguel Antonio M\u00e1rquez Monta\u00f1ez\" \/>\n<meta name=\"twitter:card\" content=\"summary_large_image\" \/>\n<meta name=\"twitter:label1\" content=\"Escrito por\" \/>\n\t<meta name=\"twitter:data1\" content=\"Miguel Antonio M\u00e1rquez Monta\u00f1ez\" \/>\n\t<meta name=\"twitter:label2\" content=\"Tiempo de lectura\" \/>\n\t<meta name=\"twitter:data2\" content=\"7 minutos\" \/>\n<script type=\"application\/ld+json\" class=\"yoast-schema-graph\">{\"@context\":\"https:\\\/\\\/schema.org\",\"@graph\":[{\"@type\":\"Article\",\"@id\":\"https:\\\/\\\/contadoreshoy.com\\\/?p=6283#article\",\"isPartOf\":{\"@id\":\"https:\\\/\\\/contadoreshoy.com\\\/?p=6283\"},\"author\":{\"name\":\"Miguel Antonio M\u00e1rquez Monta\u00f1ez\",\"@id\":\"https:\\\/\\\/contadoreshoy.com\\\/#\\\/schema\\\/person\\\/96d8979cb865537c5dc9345e40089fc5\"},\"headline\":\"Vence plazo de implementaci\u00f3n del Sistema de Gesti\u00f3n de la Seguridad y Salud en el trabajo\",\"datePublished\":\"2015-10-29T17:48:18+00:00\",\"dateModified\":\"2017-02-05T03:00:11+00:00\",\"mainEntityOfPage\":{\"@id\":\"https:\\\/\\\/contadoreshoy.com\\\/?p=6283\"},\"wordCount\":1375,\"commentCount\":0,\"publisher\":{\"@id\":\"https:\\\/\\\/contadoreshoy.com\\\/#organization\"},\"image\":{\"@id\":\"https:\\\/\\\/contadoreshoy.com\\\/?p=6283#primaryimage\"},\"thumbnailUrl\":\"https:\\\/\\\/contadoreshoy.com\\\/wp-content\\\/uploads\\\/2015\\\/10\\\/comit\u00e9-paritario.jpg\",\"articleSection\":{\"0\":\"Obligaciones\",\"2\":\"Ultimas Noticias\"},\"inLanguage\":\"es\",\"potentialAction\":[{\"@type\":\"CommentAction\",\"name\":\"Comment\",\"target\":[\"https:\\\/\\\/contadoreshoy.com\\\/?p=6283#respond\"]}]},{\"@type\":\"WebPage\",\"@id\":\"https:\\\/\\\/contadoreshoy.com\\\/?p=6283\",\"url\":\"https:\\\/\\\/contadoreshoy.com\\\/?p=6283\",\"name\":\"Vence plazo de implementaci\u00f3n del Sistema de Gesti\u00f3n de la Seguridad y Salud en el trabajo - Contadores P\u00fablicos\",\"isPartOf\":{\"@id\":\"https:\\\/\\\/contadoreshoy.com\\\/#website\"},\"primaryImageOfPage\":{\"@id\":\"https:\\\/\\\/contadoreshoy.com\\\/?p=6283#primaryimage\"},\"image\":{\"@id\":\"https:\\\/\\\/contadoreshoy.com\\\/?p=6283#primaryimage\"},\"thumbnailUrl\":\"https:\\\/\\\/contadoreshoy.com\\\/wp-content\\\/uploads\\\/2015\\\/10\\\/comit\u00e9-paritario.jpg\",\"datePublished\":\"2015-10-29T17:48:18+00:00\",\"dateModified\":\"2017-02-05T03:00:11+00:00\",\"breadcrumb\":{\"@id\":\"https:\\\/\\\/contadoreshoy.com\\\/?p=6283#breadcrumb\"},\"inLanguage\":\"es\",\"potentialAction\":[{\"@type\":\"ReadAction\",\"target\":[\"https:\\\/\\\/contadoreshoy.com\\\/?p=6283\"]}]},{\"@type\":\"ImageObject\",\"inLanguage\":\"es\",\"@id\":\"https:\\\/\\\/contadoreshoy.com\\\/?p=6283#primaryimage\",\"url\":\"https:\\\/\\\/contadoreshoy.com\\\/wp-content\\\/uploads\\\/2015\\\/10\\\/comit\u00e9-paritario.jpg\",\"contentUrl\":\"https:\\\/\\\/contadoreshoy.com\\\/wp-content\\\/uploads\\\/2015\\\/10\\\/comit\u00e9-paritario.jpg\",\"width\":600,\"height\":400},{\"@type\":\"BreadcrumbList\",\"@id\":\"https:\\\/\\\/contadoreshoy.com\\\/?p=6283#breadcrumb\",\"itemListElement\":[{\"@type\":\"ListItem\",\"position\":1,\"name\":\"Portada\",\"item\":\"https:\\\/\\\/contadoreshoy.com\\\/\"},{\"@type\":\"ListItem\",\"position\":2,\"name\":\"Vence plazo de implementaci\u00f3n del Sistema de Gesti\u00f3n de la Seguridad y Salud en el trabajo\"}]},{\"@type\":\"WebSite\",\"@id\":\"https:\\\/\\\/contadoreshoy.com\\\/#website\",\"url\":\"https:\\\/\\\/contadoreshoy.com\\\/\",\"name\":\"Contadorespublicossantander\",\"description\":\"Portal para Contadores P\u00fablicos y empresarios\",\"publisher\":{\"@id\":\"https:\\\/\\\/contadoreshoy.com\\\/#organization\"},\"potentialAction\":[{\"@type\":\"SearchAction\",\"target\":{\"@type\":\"EntryPoint\",\"urlTemplate\":\"https:\\\/\\\/contadoreshoy.com\\\/?s={search_term_string}\"},\"query-input\":{\"@type\":\"PropertyValueSpecification\",\"valueRequired\":true,\"valueName\":\"search_term_string\"}}],\"inLanguage\":\"es\"},{\"@type\":\"Organization\",\"@id\":\"https:\\\/\\\/contadoreshoy.com\\\/#organization\",\"name\":\"Contadores P\u00fablicos de Santander\",\"url\":\"https:\\\/\\\/contadoreshoy.com\\\/\",\"logo\":{\"@type\":\"ImageObject\",\"inLanguage\":\"es\",\"@id\":\"https:\\\/\\\/contadoreshoy.com\\\/#\\\/schema\\\/logo\\\/image\\\/\",\"url\":\"https:\\\/\\\/contadoreshoy.com\\\/wp-content\\\/uploads\\\/2024\\\/01\\\/cropped-cropped-Copia-de-M-1.jpg\",\"contentUrl\":\"https:\\\/\\\/contadoreshoy.com\\\/wp-content\\\/uploads\\\/2024\\\/01\\\/cropped-cropped-Copia-de-M-1.jpg\",\"width\":499,\"height\":500,\"caption\":\"Contadores P\u00fablicos de Santander\"},\"image\":{\"@id\":\"https:\\\/\\\/contadoreshoy.com\\\/#\\\/schema\\\/logo\\\/image\\\/\"},\"sameAs\":[\"https:\\\/\\\/www.facebook.com\\\/CCCPBucaramanga\\\/\"]},{\"@type\":\"Person\",\"@id\":\"https:\\\/\\\/contadoreshoy.com\\\/#\\\/schema\\\/person\\\/96d8979cb865537c5dc9345e40089fc5\",\"name\":\"Miguel Antonio M\u00e1rquez Monta\u00f1ez\",\"description\":\"Contador P\u00fablico egresado de la Universidad Aut\u00f3noma de Bucaramanga - Asesor contable tributario con m\u00e1s de 25 a\u00f1os de experiencia - Conferencista en temas contables y tributarios - T\u00e9cnico en Hardware y Dise\u00f1o Web - Creador y director Grupo de Estudio Colegio Colombiano de Contadores P\u00fablicos de Bucaramanga - Creador y Master Web p\u00e1gina www.contadoresp\u00fablicossantander.com - Expresidente Colegio Colombiano de Contadores P\u00fablicos Bucaramanga\",\"url\":\"https:\\\/\\\/contadoreshoy.com\\\/?author=1\"}]}<\/script>\n<!-- \/ Yoast SEO plugin. -->","yoast_head_json":{"title":"Vence plazo de implementaci\u00f3n del Sistema de Gesti\u00f3n de la Seguridad y Salud en el trabajo - Contadores P\u00fablicos","robots":{"index":"index","follow":"follow","max-snippet":"max-snippet:-1","max-image-preview":"max-image-preview:large","max-video-preview":"max-video-preview:-1"},"canonical":"https:\/\/contadoreshoy.com\/?p=6283","og_locale":"es_ES","og_type":"article","og_title":"Vence plazo de implementaci\u00f3n del Sistema de Gesti\u00f3n de la Seguridad y Salud en el trabajo - Contadores P\u00fablicos","og_description":"El decreto 1443 de julio 31 de 2014 del Ministerio de Trabajo, estableci\u00f3 la obligaci\u00f3n de implementar el Sistema de Gesti\u00f3n de la Seguridad y Salud en el Trabajo (SG-SST). El incumplimiento a esta obligaci\u00f3n ser\u00e1 sancionado con multas mensuales consecutivas hasta por 500 salarios m\u00ednimos legales mensuales.","og_url":"https:\/\/contadoreshoy.com\/?p=6283","og_site_name":"Contadores P\u00fablicos","article_publisher":"https:\/\/www.facebook.com\/CCCPBucaramanga\/","article_published_time":"2015-10-29T17:48:18+00:00","article_modified_time":"2017-02-05T03:00:11+00:00","og_image":[{"width":600,"height":400,"url":"https:\/\/contadoreshoy.com\/wp-content\/uploads\/2015\/10\/comit\u00e9-paritario.jpg","type":"image\/jpeg"}],"author":"Miguel Antonio M\u00e1rquez Monta\u00f1ez","twitter_card":"summary_large_image","twitter_misc":{"Escrito por":"Miguel Antonio M\u00e1rquez Monta\u00f1ez","Tiempo de lectura":"7 minutos"},"schema":{"@context":"https:\/\/schema.org","@graph":[{"@type":"Article","@id":"https:\/\/contadoreshoy.com\/?p=6283#article","isPartOf":{"@id":"https:\/\/contadoreshoy.com\/?p=6283"},"author":{"name":"Miguel Antonio M\u00e1rquez Monta\u00f1ez","@id":"https:\/\/contadoreshoy.com\/#\/schema\/person\/96d8979cb865537c5dc9345e40089fc5"},"headline":"Vence plazo de implementaci\u00f3n del Sistema de Gesti\u00f3n de la Seguridad y Salud en el trabajo","datePublished":"2015-10-29T17:48:18+00:00","dateModified":"2017-02-05T03:00:11+00:00","mainEntityOfPage":{"@id":"https:\/\/contadoreshoy.com\/?p=6283"},"wordCount":1375,"commentCount":0,"publisher":{"@id":"https:\/\/contadoreshoy.com\/#organization"},"image":{"@id":"https:\/\/contadoreshoy.com\/?p=6283#primaryimage"},"thumbnailUrl":"https:\/\/contadoreshoy.com\/wp-content\/uploads\/2015\/10\/comit\u00e9-paritario.jpg","articleSection":{"0":"Obligaciones","2":"Ultimas Noticias"},"inLanguage":"es","potentialAction":[{"@type":"CommentAction","name":"Comment","target":["https:\/\/contadoreshoy.com\/?p=6283#respond"]}]},{"@type":"WebPage","@id":"https:\/\/contadoreshoy.com\/?p=6283","url":"https:\/\/contadoreshoy.com\/?p=6283","name":"Vence plazo de implementaci\u00f3n del Sistema de Gesti\u00f3n de la Seguridad y Salud en el trabajo - Contadores P\u00fablicos","isPartOf":{"@id":"https:\/\/contadoreshoy.com\/#website"},"primaryImageOfPage":{"@id":"https:\/\/contadoreshoy.com\/?p=6283#primaryimage"},"image":{"@id":"https:\/\/contadoreshoy.com\/?p=6283#primaryimage"},"thumbnailUrl":"https:\/\/contadoreshoy.com\/wp-content\/uploads\/2015\/10\/comit\u00e9-paritario.jpg","datePublished":"2015-10-29T17:48:18+00:00","dateModified":"2017-02-05T03:00:11+00:00","breadcrumb":{"@id":"https:\/\/contadoreshoy.com\/?p=6283#breadcrumb"},"inLanguage":"es","potentialAction":[{"@type":"ReadAction","target":["https:\/\/contadoreshoy.com\/?p=6283"]}]},{"@type":"ImageObject","inLanguage":"es","@id":"https:\/\/contadoreshoy.com\/?p=6283#primaryimage","url":"https:\/\/contadoreshoy.com\/wp-content\/uploads\/2015\/10\/comit\u00e9-paritario.jpg","contentUrl":"https:\/\/contadoreshoy.com\/wp-content\/uploads\/2015\/10\/comit\u00e9-paritario.jpg","width":600,"height":400},{"@type":"BreadcrumbList","@id":"https:\/\/contadoreshoy.com\/?p=6283#breadcrumb","itemListElement":[{"@type":"ListItem","position":1,"name":"Portada","item":"https:\/\/contadoreshoy.com\/"},{"@type":"ListItem","position":2,"name":"Vence plazo de implementaci\u00f3n del Sistema de Gesti\u00f3n de la Seguridad y Salud en el trabajo"}]},{"@type":"WebSite","@id":"https:\/\/contadoreshoy.com\/#website","url":"https:\/\/contadoreshoy.com\/","name":"Contadorespublicossantander","description":"Portal para Contadores P\u00fablicos y empresarios","publisher":{"@id":"https:\/\/contadoreshoy.com\/#organization"},"potentialAction":[{"@type":"SearchAction","target":{"@type":"EntryPoint","urlTemplate":"https:\/\/contadoreshoy.com\/?s={search_term_string}"},"query-input":{"@type":"PropertyValueSpecification","valueRequired":true,"valueName":"search_term_string"}}],"inLanguage":"es"},{"@type":"Organization","@id":"https:\/\/contadoreshoy.com\/#organization","name":"Contadores P\u00fablicos de Santander","url":"https:\/\/contadoreshoy.com\/","logo":{"@type":"ImageObject","inLanguage":"es","@id":"https:\/\/contadoreshoy.com\/#\/schema\/logo\/image\/","url":"https:\/\/contadoreshoy.com\/wp-content\/uploads\/2024\/01\/cropped-cropped-Copia-de-M-1.jpg","contentUrl":"https:\/\/contadoreshoy.com\/wp-content\/uploads\/2024\/01\/cropped-cropped-Copia-de-M-1.jpg","width":499,"height":500,"caption":"Contadores P\u00fablicos de Santander"},"image":{"@id":"https:\/\/contadoreshoy.com\/#\/schema\/logo\/image\/"},"sameAs":["https:\/\/www.facebook.com\/CCCPBucaramanga\/"]},{"@type":"Person","@id":"https:\/\/contadoreshoy.com\/#\/schema\/person\/96d8979cb865537c5dc9345e40089fc5","name":"Miguel Antonio M\u00e1rquez Monta\u00f1ez","description":"Contador P\u00fablico egresado de la Universidad Aut\u00f3noma de Bucaramanga - Asesor contable tributario con m\u00e1s de 25 a\u00f1os de experiencia - Conferencista en temas contables y tributarios - T\u00e9cnico en Hardware y Dise\u00f1o Web - Creador y director Grupo de Estudio Colegio Colombiano de Contadores P\u00fablicos de Bucaramanga - Creador y Master Web p\u00e1gina www.contadoresp\u00fablicossantander.com - Expresidente Colegio Colombiano de Contadores P\u00fablicos Bucaramanga","url":"https:\/\/contadoreshoy.com\/?author=1"}]}},"_links":{"self":[{"href":"https:\/\/contadoreshoy.com\/index.php?rest_route=\/wp\/v2\/posts\/6283","targetHints":{"allow":["GET"]}}],"collection":[{"href":"https:\/\/contadoreshoy.com\/index.php?rest_route=\/wp\/v2\/posts"}],"about":[{"href":"https:\/\/contadoreshoy.com\/index.php?rest_route=\/wp\/v2\/types\/post"}],"author":[{"embeddable":true,"href":"https:\/\/contadoreshoy.com\/index.php?rest_route=\/wp\/v2\/users\/1"}],"replies":[{"embeddable":true,"href":"https:\/\/contadoreshoy.com\/index.php?rest_route=%2Fwp%2Fv2%2Fcomments&post=6283"}],"version-history":[{"count":1,"href":"https:\/\/contadoreshoy.com\/index.php?rest_route=\/wp\/v2\/posts\/6283\/revisions"}],"predecessor-version":[{"id":8003,"href":"https:\/\/contadoreshoy.com\/index.php?rest_route=\/wp\/v2\/posts\/6283\/revisions\/8003"}],"wp:featuredmedia":[{"embeddable":true,"href":"https:\/\/contadoreshoy.com\/index.php?rest_route=\/wp\/v2\/media\/6284"}],"wp:attachment":[{"href":"https:\/\/contadoreshoy.com\/index.php?rest_route=%2Fwp%2Fv2%2Fmedia&parent=6283"}],"wp:term":[{"taxonomy":"category","embeddable":true,"href":"https:\/\/contadoreshoy.com\/index.php?rest_route=%2Fwp%2Fv2%2Fcategories&post=6283"},{"taxonomy":"post_tag","embeddable":true,"href":"https:\/\/contadoreshoy.com\/index.php?rest_route=%2Fwp%2Fv2%2Ftags&post=6283"}],"curies":[{"name":"wp","href":"https:\/\/api.w.org\/{rel}","templated":true}]}}