{"id":6292,"date":"2015-11-03T09:58:05","date_gmt":"2015-11-03T14:58:05","guid":{"rendered":"http:\/\/colegiocolombianodecontadores.com\/?p=6292"},"modified":"2017-02-04T22:00:10","modified_gmt":"2017-02-05T03:00:10","slug":"tratamiento-impuesto-sobre-las-ventas-sobre-compras-a-no-responsables-del-iva","status":"publish","type":"post","link":"https:\/\/contadoreshoy.com\/?p=6292","title":{"rendered":"Tratamiento impuesto sobre las ventas sobre compras a no responsables del IVA"},"content":{"rendered":"<p style=\"text-align: center;\">OFICIO N\u00daMERO 001211 DE 2015 &#8211; DIAN<br \/>\n(septiembre 10)<\/p>\n<p style=\"text-align: justify;\">Subdirecci\u00f3n de Gesti\u00f3n Normativa y Doctrina<br \/>\nBogot\u00e1, D.C., 10 de septiembre de 2015<br \/>\n100208221-001211<\/p>\n<p style=\"text-align: justify;\">Referencia: Radicado n\u00famero 3808 del 09\/09\/2015 Cordial saludo doctora Mariana:<\/p>\n<p style=\"text-align: justify;\">De conformidad con el art\u00edculo 20 del Decreto 4048 de 2008, es funci\u00f3n de esta Subdirecci\u00f3n absolver las consultas escritas que se formulen sobre la interpretaci\u00f3n y aplicaci\u00f3n de las normas tributarias, aduaneras y cambiarias de car\u00e1cter nacional, en lo de competencia de la Entidad, \u00e1mbito dentro del cual ser\u00e1 atendida su solicitud.<\/p>\n<p style=\"text-align: justify;\"><span style=\"color: #0000ff;\">Se\u00f1ala en su consulta el tratamiento para efectos del Impuesto sobre las Ventas en aquellos casos en donde se suministren bienes y servicios gravados por los sujetos no responsables del Impuesto Sobre la Venta.<\/span><\/p>\n<p style=\"text-align: justify;\"><span style=\"color: #ff9900;\">Al respecto nos permitimos manifestar que este despacho ha se\u00f1alado en numerosos pronunciamientos el tema por usted consultado, siendo el m\u00e1s relevante lo se\u00f1alado en el concepto Unificado del Impuesto sobre las Ventas en donde se indic\u00f3:<\/span><\/p>\n<p style=\"text-align: justify;\">\u201c2.4.2. RESPONSABILIDAD EN LAS OPERACIONES REALIZADAS POR RESPONSABLES DEL R\u00c9GIMEN COM\u00daN CON RESPONSABLES DEL R\u00c9GIMEN SIMPLIFICADO.<\/p>\n<p style=\"text-align: justify;\"><span style=\"color: #ff9900;\">Respecto del IVA sobre adquisiciones de bienes y de servicios a personas del r\u00e9gimen simplificado del impuesto sobre las ventas, debe recordarse que el Estatuto Tributario, modificado en estos aspectos por la Ley 223 de 1995, introdujo la figura de la retenci\u00f3n del impuesto sobre las ventas,<\/span> y la posterior reforma tributaria introducida por la Ley 633 de 2000, mantuvo dicha figura con la modificaci\u00f3n en el porcentaje de retenci\u00f3n el cual pas\u00f3 del 50%, a ser el 75% del impuesto generado en la operaci\u00f3n (art\u00edculo 24 de la Ley 633 de 2000 que modific\u00f3 el inciso 2\u00ba del art\u00edculo 437-1 del Estatuto Tributario). (Negrilla fuera de texto).<\/p>\n<p style=\"text-align: justify;\"><span style=\"color: #ff9900;\">Conforme con lo dispuesto en el numeral 4 del art\u00edculo 437 del citado ordenamiento tambi\u00e9n son responsables del impuesto sobre las ventas los responsables del r\u00e9gimen com\u00fan cuando realicen compras o adquieran servicios gravados de personas pertenecientes al r\u00e9gimen simplificado, por el valor del impuesto retenido sobre dichas transacciones. El Decreto 380 de 1996 dispone que en esta clase de transacciones el adquirente del r\u00e9gimen com\u00fan debe asumir la retenci\u00f3n en la fuente a t\u00edtulo del IVA, sin afectar el precio cobrado por el responsable del r\u00e9gimen simplificado, y que podr\u00e1 llevar el IVA asumido por retenci\u00f3n a su declaraci\u00f3n bimestral, si se cumplen los requisitos para tratarlo como impuesto descontable, conforme se prev\u00e9 en el art\u00edculo 485-1 del Estatuto Tributario.<\/span><\/p>\n<p style=\"text-align: justify;\">En conclusi\u00f3n, cuando el responsable del r\u00e9gimen simplificado realice operaciones con uno del r\u00e9gimen com\u00fan, en virtud de la Ley 223 de 1995 que introdujo el sistema de retenci\u00f3n del impuesto sobre las ventas, se deber\u00e1 asumir por parte de este \u00faltimo en el momento en que efect\u00fae el respectivo pago o abono en cuenta, lo que ocurra primero, la retenci\u00f3n equivalente al setenta y cinco por ciento (75%) del valor del impuesto generado.<\/p>\n<p style=\"text-align: justify;\"><span style=\"color: #ff9900;\">Trat\u00e1ndose de profesionales independientes que presten servicios sometidos al IVA y que correspondan al r\u00e9gimen simplificado de ese impuesto, la responsabilidad por el IVA se traslada a quienes contraten con ellos, siempre y cuando se trate de responsables del r\u00e9gimen com\u00fan del IVA<\/span>.<span style=\"color: #ff9900;\"> El monto retenido debe ser declarado y consignado con la declaraci\u00f3n mensual de retenciones y, adem\u00e1s, podr\u00e1 ser tratado como impuesto descontable en las correspondientes declaraciones bimestrales del IVA, en las condiciones establecidas en el art\u00edculo 485-1 del Estatuto Tributario.<\/span><\/p>\n<p style=\"text-align: justify;\"><span style=\"color: #ff9900;\">En forma similar, si durante la ejecuci\u00f3n de un contrato de obra p\u00fablica (construcci\u00f3n de bien inmueble), el contratista a fin de darle cumplimiento al mismo adquiere bienes o servicios de responsables del r\u00e9gimen simplificado, el contratista siempre y cuando sea responsable del r\u00e9gimen com\u00fan deber\u00e1 actuar como agente de retenci\u00f3n del impuesto sobre las ventas,<\/span> tal y como lo se\u00f1alan los art\u00edculos 437 y 437-2 del Estatuto Tributario, para lo cual debe asumir la retenci\u00f3n del impuesto, de conformidad con lo establecido en el art\u00edculo 4\u00ba del Decreto 380 de 1996.<\/p>\n<p style=\"text-align: justify;\"><span style=\"color: #0000ff;\">Ahora bien, en lo que respecta a operaciones realizadas por parte de Entidades Estatales y no responsables del Impuesto sobre las ventas, el precitado concepto manifest\u00f3:<\/span><\/p>\n<p style=\"text-align: justify;\">Frente al tema de retenciones de IVA asumidas al r\u00e9gimen simplificado, se observa que la Ley 223 de 1995, introdujo la retenci\u00f3n en la fuente a t\u00edtulo de IVA. Esto implica para el adquirente del bien o servicio gravado, detraer una parte del impuesto que le es facturado por el vendedor. En efecto, el art\u00edculo 437-2 del Estatuto Tributario dispone: \u201cArt\u00edculo 437-1. Retenci\u00f3n en la fuente en el impuesto sobre las ventas. Con el fin de facilitar, acelerar y asegurar el recaudo del impuesto sobre las ventas, se establece la retenci\u00f3n en la fuente en este impuesto, la cual deber\u00e1 practicarse en el momento en que se realice el pago o abono en cuenta, lo que ocurra primero.\/\u2026\/\u201d<\/p>\n<p style=\"text-align: justify;\">El impuesto retenido a t\u00edtulo de IVA deber\u00e1 incluirse por el agente retenedor en la declaraci\u00f3n de retenci\u00f3n en la fuente del per\u00edodo, en la secci\u00f3n pertinente.<\/p>\n<p style=\"text-align: justify;\">Por su parte, el art\u00edculo 437-2 establece: \u201cArt\u00edculo 437-2. Agentes de retenci\u00f3n en el impuesto sobre las ventas. Actuar\u00e1n como agentes retenedores del impuesto sobre las ventas en la adquisici\u00f3n de bienes y servicios gravados: \/\u2026\/<\/p>\n<p style=\"text-align: justify;\">4. Los responsables del r\u00e9gimen com\u00fan, cuando adquieran bienes corporales muebles o servicios gravados, de personas que pertenezcan al r\u00e9gimen simplificado.\u201d \/\u2026\/\u201d<\/p>\n<p style=\"text-align: justify;\">En efecto, trat\u00e1ndose de compras de bienes o servicios a responsables del r\u00e9gimen simplificado, los cuales no deben facturar el IVA, el legislador estableci\u00f3 para el comprador, que de acuerdo con la ley tenga calidad de responsable del impuesto sobre las ventas y agente retenedor a t\u00edtulo de IVA, la autoliquidaci\u00f3n y asunci\u00f3n de una parte del impuesto, como una retenci\u00f3n por IVA al r\u00e9gimen simplificado, y corresponde al c\u00e1lculo de un IVA te\u00f3rico, que asume el comprador.<\/p>\n<p style=\"text-align: justify;\">Esta figura atiende igualmente al mecanismo de la retenci\u00f3n en la fuente y debe incluirse en la declaraci\u00f3n de retenci\u00f3n en la fuente del mes en que se autoliquide, y pagarse con la respectiva declaraci\u00f3n mensual de retenciones.<\/p>\n<p style=\"text-align: justify;\">Comoquiera que conceptualmente la retenci\u00f3n en la fuente a t\u00edtulo de IVA, asumida en las compras a responsables del r\u00e9gimen simplificado, tiene el tratamiento de una retenci\u00f3n y opera conforme a las reglas que aplican a la misma, y deben incluirse, en la declaraci\u00f3n de retenci\u00f3n en la fuente, tiene para las Entidades Ejecutoras de Presupuesto General de la Naci\u00f3n, el mismo tratamiento de las retenciones en la fuente. En este sentido, debe causarse y practicarse cuando se efect\u00fae el pago e incluirse en la declaraci\u00f3n de retenci\u00f3n del respectivo per\u00edodo en la secci\u00f3n de retenciones practicadas a t\u00edtulo de impuesto sobre las ventas (IVA) atendiendo a la fecha en que pague la obligaci\u00f3n.<\/p>\n<p style=\"text-align: justify;\"><span style=\"color: #ff6600;\">En suma, las Entidades Ejecutoras de Presupuesto General de la Naci\u00f3n deben practicar las retenciones, bien sea a t\u00edtulo de renta, IVA o timbre, en el momento del pago de acuerdo con lo dispuesto en el art\u00edculo 76 de la Ley 633 de 2000, disposici\u00f3n que prevalece por ser una norma especial.<\/span><\/p>\n<p style=\"text-align: justify;\"><span style=\"color: #ff6600;\">El IVA asumido a los responsables del r\u00e9gimen simplificado, en la pr\u00e1ctica, es un valor que el responsable del impuesto sobre las ventas avanza al Estado a trav\u00e9s de su declaraci\u00f3n de retenci\u00f3n en la fuente y puede recuperar a trav\u00e9s de su declaraci\u00f3n del impuesto sobre las ventas o puede llevarlo como mayor valor del costo o gasto si no corresponde a un IVA que pueda ser tratado como descontable. Es as\u00ed como, en el primer caso, tendr\u00eda que incluirse en la declaraci\u00f3n bimestral posterior a la declaraci\u00f3n de retenci\u00f3n en la fuente, o de los dos per\u00edodos siguientes. En caso de no corresponder a un impuesto descontable deber\u00e1 ser tratado como mayor valor del bien o servicios.<\/span> En cualquier caso, debe tenerse presente, que lo que primero que debe ocurrir es la pr\u00e1ctica de la retenci\u00f3n en la fuente o autoliquidaci\u00f3n del IVA asumido al simplificado cuando se efect\u00faa el pago y solo despu\u00e9s de ocurrido este hecho puede ser incluido en la respectiva declaraci\u00f3n bimestral del impuesto sobre las ventas o ser tratado como mayor valor del costo o gasto, seg\u00fan el caso.<\/p>\n<p style=\"text-align: justify;\">Lo anterior debe tenerse en cuenta para los efectos pertinentes de la contrataci\u00f3n a que haya lugar, puesto que la competencia nuestra es la interpretaci\u00f3n de las normas de car\u00e1cter tributario, aduanero y cambiario de competencia de la DIAN.<\/p>\n<p style=\"text-align: justify;\">En los anteriores t\u00e9rminos se resuelve su consulta y le informamos que los conceptos emitidos por la Direcci\u00f3n de Gesti\u00f3n Jur\u00eddica pueden consultarse en la p\u00e1gina electr\u00f3nica de la DIAN: http:\/\/www.dian.gov.co siguiendo los \u00edconos: \u201cNormatividad\u201d &#8211; \u201ct\u00e9cnica\u201d y seleccionando los v\u00ednculos \u201cDoctrina\u201d y \u201cDirecci\u00f3n de Gesti\u00f3n Jur\u00eddica\u201d.<\/p>\n<p style=\"text-align: justify;\">Atentamente,<br \/>\nEl Subdirector de Gesti\u00f3n Normativa y Doctrina (E),<br \/>\nPedro Pablo Contreras Camargo.<br \/>\n(C. F.).<\/p>\n<p style=\"text-align: justify;\"><span style=\"color: #ff0000;\">Porcentaje de retenci\u00f3n de IVA actual es del 15%.<\/span><\/p>\n","protected":false},"excerpt":{"rendered":"<p>Son responsables del impuesto sobre las ventas los responsables del r\u00e9gimen com\u00fan cuando realicen compras o adquieran servicios gravados de personas pertenecientes al r\u00e9gimen simplificado, por el valor del impuesto retenido sobre dichas transacciones. Porcentaje de Retenci\u00f3n de IVA actual es del 15%.<\/p>\n","protected":false},"author":1,"featured_media":6293,"comment_status":"open","ping_status":"open","sticky":false,"template":"","format":"standard","meta":{"_monsterinsights_skip_tracking":false,"ngg_post_thumbnail":0,"footnotes":"","_links_to":"","_links_to_target":""},"categories":[456],"tags":[],"class_list":["post-6292","post","type-post","status-publish","format-standard","has-post-thumbnail","hentry","category-conceptos-y-oficios-dian"],"aioseo_notices":[],"aioseo_head":"\n\t\t<!-- All in One SEO 5.0.1.1 - aioseo.com -->\n\t<meta name=\"description\" content=\"Son responsables del impuesto sobre las ventas los responsables del r\u00e9gimen com\u00fan cuando realicen compras o adquieran servicios gravados de personas pertenecientes al r\u00e9gimen simplificado, por el valor del impuesto retenido sobre dichas transacciones. Porcentaje de Retenci\u00f3n de IVA actual es del 15%.\" \/>\n\t<meta name=\"robots\" content=\"max-image-preview:large\" \/>\n\t<meta name=\"author\" content=\"Miguel Antonio M\u00e1rquez Monta\u00f1ez\"\/>\n\t<link rel=\"canonical\" href=\"https:\/\/contadoreshoy.com\/?p=6292\" \/>\n\t<meta name=\"generator\" content=\"All in One SEO (AIOSEO) 5.0.1.1\" \/>\n\t\t<meta property=\"og:locale\" content=\"es_ES\" \/>\n\t\t<meta property=\"og:site_name\" content=\"Contadores P\u00fablicos - Portal para Contadores P\u00fablicos y empresarios\" \/>\n\t\t<meta property=\"og:type\" content=\"article\" \/>\n\t\t<meta property=\"og:title\" content=\"Tratamiento impuesto sobre las ventas sobre compras a no responsables del IVA - Contadores P\u00fablicos\" \/>\n\t\t<meta property=\"og:description\" content=\"Son responsables del impuesto sobre las ventas los responsables del r\u00e9gimen com\u00fan cuando realicen compras o adquieran servicios gravados de personas pertenecientes al r\u00e9gimen simplificado, por el valor del impuesto retenido sobre dichas transacciones. Porcentaje de Retenci\u00f3n de IVA actual es del 15%.\" \/>\n\t\t<meta property=\"og:url\" content=\"https:\/\/contadoreshoy.com\/?p=6292\" \/>\n\t\t<meta property=\"og:image\" content=\"https:\/\/contadoreshoy.com\/wp-content\/uploads\/2024\/01\/cropped-cropped-cropped-Copia-de-M.jpg\" \/>\n\t\t<meta property=\"og:image:secure_url\" content=\"https:\/\/contadoreshoy.com\/wp-content\/uploads\/2024\/01\/cropped-cropped-cropped-Copia-de-M.jpg\" \/>\n\t\t<meta property=\"og:image:width\" content=\"512\" \/>\n\t\t<meta property=\"og:image:height\" content=\"371\" \/>\n\t\t<meta property=\"article:published_time\" content=\"2015-11-03T14:58:05+00:00\" \/>\n\t\t<meta property=\"article:modified_time\" content=\"2017-02-05T03:00:10+00:00\" \/>\n\t\t<meta name=\"twitter:card\" content=\"summary_large_image\" \/>\n\t\t<meta name=\"twitter:title\" content=\"Tratamiento impuesto sobre las ventas sobre compras a no responsables del IVA - Contadores P\u00fablicos\" \/>\n\t\t<meta name=\"twitter:description\" content=\"Son responsables del impuesto sobre las ventas los responsables del r\u00e9gimen com\u00fan cuando realicen compras o adquieran servicios gravados de personas pertenecientes al r\u00e9gimen simplificado, por el valor del impuesto retenido sobre dichas transacciones. Porcentaje de Retenci\u00f3n de IVA actual es del 15%.\" \/>\n\t\t<meta name=\"twitter:image\" content=\"https:\/\/contadoreshoy.com\/wp-content\/uploads\/2024\/01\/cropped-cropped-cropped-Copia-de-M.jpg\" \/>\n\t\t<script type=\"application\/ld+json\" class=\"aioseo-schema\">\n\t\t\t{\"@context\":\"https:\\\/\\\/schema.org\",\"@graph\":[{\"@type\":\"BlogPosting\",\"@id\":\"https:\\\/\\\/contadoreshoy.com\\\/?p=6292#blogposting\",\"name\":\"Tratamiento impuesto sobre las ventas sobre compras a no responsables del IVA - Contadores P\\u00fablicos\",\"headline\":\"Tratamiento impuesto sobre las ventas sobre compras a no responsables del IVA\",\"author\":{\"@id\":\"https:\\\/\\\/contadoreshoy.com\\\/?author=1#author\"},\"publisher\":{\"@id\":\"https:\\\/\\\/contadoreshoy.com\\\/#organization\"},\"image\":{\"@type\":\"ImageObject\",\"url\":\"https:\\\/\\\/contadoreshoy.com\\\/wp-content\\\/uploads\\\/2015\\\/11\\\/ventas-no-responsables-IVA.jpg\",\"width\":600,\"height\":400},\"datePublished\":\"2015-11-03T09:58:05-05:00\",\"dateModified\":\"2017-02-04T22:00:10-05:00\",\"inLanguage\":\"es-ES\",\"mainEntityOfPage\":{\"@id\":\"https:\\\/\\\/contadoreshoy.com\\\/?p=6292#webpage\"},\"isPartOf\":{\"@id\":\"https:\\\/\\\/contadoreshoy.com\\\/?p=6292#webpage\"},\"articleSection\":\"Conceptos y Oficios DIAN\"},{\"@type\":\"BreadcrumbList\",\"@id\":\"https:\\\/\\\/contadoreshoy.com\\\/?p=6292#breadcrumblist\",\"itemListElement\":[{\"@type\":\"ListItem\",\"@id\":\"https:\\\/\\\/contadoreshoy.com#listItem\",\"position\":1,\"name\":\"Home\",\"item\":\"https:\\\/\\\/contadoreshoy.com\",\"nextItem\":{\"@type\":\"ListItem\",\"@id\":\"https:\\\/\\\/contadoreshoy.com\\\/?cat=456#listItem\",\"name\":\"Conceptos y Oficios DIAN\"}},{\"@type\":\"ListItem\",\"@id\":\"https:\\\/\\\/contadoreshoy.com\\\/?cat=456#listItem\",\"position\":2,\"name\":\"Conceptos y Oficios DIAN\",\"item\":\"https:\\\/\\\/contadoreshoy.com\\\/?cat=456\",\"nextItem\":{\"@type\":\"ListItem\",\"@id\":\"https:\\\/\\\/contadoreshoy.com\\\/?p=6292#listItem\",\"name\":\"Tratamiento impuesto sobre las ventas sobre compras a no responsables del IVA\"},\"previousItem\":{\"@type\":\"ListItem\",\"@id\":\"https:\\\/\\\/contadoreshoy.com#listItem\",\"name\":\"Home\"}},{\"@type\":\"ListItem\",\"@id\":\"https:\\\/\\\/contadoreshoy.com\\\/?p=6292#listItem\",\"position\":3,\"name\":\"Tratamiento impuesto sobre las ventas sobre compras a no responsables del IVA\",\"previousItem\":{\"@type\":\"ListItem\",\"@id\":\"https:\\\/\\\/contadoreshoy.com\\\/?cat=456#listItem\",\"name\":\"Conceptos y Oficios DIAN\"}}]},{\"@type\":\"Organization\",\"@id\":\"https:\\\/\\\/contadoreshoy.com\\\/#organization\",\"name\":\"Contadores P\\u00fablicos\",\"description\":\"Portal para Contadores P\\u00fablicos y empresarios\",\"url\":\"https:\\\/\\\/contadoreshoy.com\\\/\",\"logo\":{\"@type\":\"ImageObject\",\"url\":\"https:\\\/\\\/contadoreshoy.com\\\/wp-content\\\/uploads\\\/2024\\\/01\\\/cropped-cropped-Copia-de-M-1.jpg\",\"@id\":\"https:\\\/\\\/contadoreshoy.com\\\/?p=6292\\\/#organizationLogo\",\"width\":499,\"height\":500},\"image\":{\"@id\":\"https:\\\/\\\/contadoreshoy.com\\\/?p=6292\\\/#organizationLogo\"}},{\"@type\":\"Person\",\"@id\":\"https:\\\/\\\/contadoreshoy.com\\\/?author=1#author\",\"url\":\"https:\\\/\\\/contadoreshoy.com\\\/?author=1\",\"name\":\"Miguel Antonio M\\u00e1rquez Monta\\u00f1ez\"},{\"@type\":\"WebPage\",\"@id\":\"https:\\\/\\\/contadoreshoy.com\\\/?p=6292#webpage\",\"url\":\"https:\\\/\\\/contadoreshoy.com\\\/?p=6292\",\"name\":\"Tratamiento impuesto sobre las ventas sobre compras a no responsables del IVA - Contadores P\\u00fablicos\",\"description\":\"Son responsables del impuesto sobre las ventas los responsables del r\\u00e9gimen com\\u00fan cuando realicen compras o adquieran servicios gravados de personas pertenecientes al r\\u00e9gimen simplificado, por el valor del impuesto retenido sobre dichas transacciones. Porcentaje de Retenci\\u00f3n de IVA actual es del 15%.\",\"inLanguage\":\"es-ES\",\"isPartOf\":{\"@id\":\"https:\\\/\\\/contadoreshoy.com\\\/#website\"},\"breadcrumb\":{\"@id\":\"https:\\\/\\\/contadoreshoy.com\\\/?p=6292#breadcrumblist\"},\"author\":{\"@id\":\"https:\\\/\\\/contadoreshoy.com\\\/?author=1#author\"},\"creator\":{\"@id\":\"https:\\\/\\\/contadoreshoy.com\\\/?author=1#author\"},\"image\":{\"@type\":\"ImageObject\",\"url\":\"https:\\\/\\\/contadoreshoy.com\\\/wp-content\\\/uploads\\\/2015\\\/11\\\/ventas-no-responsables-IVA.jpg\",\"@id\":\"https:\\\/\\\/contadoreshoy.com\\\/?p=6292\\\/#mainImage\",\"width\":600,\"height\":400},\"primaryImageOfPage\":{\"@id\":\"https:\\\/\\\/contadoreshoy.com\\\/?p=6292#mainImage\"},\"datePublished\":\"2015-11-03T09:58:05-05:00\",\"dateModified\":\"2017-02-04T22:00:10-05:00\"},{\"@type\":\"WebSite\",\"@id\":\"https:\\\/\\\/contadoreshoy.com\\\/#website\",\"url\":\"https:\\\/\\\/contadoreshoy.com\\\/\",\"name\":\"Contadores P\\u00fablicos\",\"description\":\"Portal para Contadores P\\u00fablicos y empresarios\",\"inLanguage\":\"es-ES\",\"publisher\":{\"@id\":\"https:\\\/\\\/contadoreshoy.com\\\/#organization\"}}]}\n\t\t<\/script>\n\t\t<!-- All in One SEO -->\n\n","aioseo_head_json":{"title":"Tratamiento impuesto sobre las ventas sobre compras a no responsables del IVA - Contadores P\u00fablicos","description":"Son responsables del impuesto sobre las ventas los responsables del r\u00e9gimen com\u00fan cuando realicen compras o adquieran servicios gravados de personas pertenecientes al r\u00e9gimen simplificado, por el valor del impuesto retenido sobre dichas transacciones. Porcentaje de Retenci\u00f3n de IVA actual es del 15%.","canonical_url":"https:\/\/contadoreshoy.com\/?p=6292","robots":"max-image-preview:large","keywords":"","webmasterTools":{"miscellaneous":""},"schema":{"@context":"https:\/\/schema.org","@graph":[{"@type":"BlogPosting","@id":"https:\/\/contadoreshoy.com\/?p=6292#blogposting","name":"Tratamiento impuesto sobre las ventas sobre compras a no responsables del IVA - Contadores P\u00fablicos","headline":"Tratamiento impuesto sobre las ventas sobre compras a no responsables del IVA","author":{"@id":"https:\/\/contadoreshoy.com\/?author=1#author"},"publisher":{"@id":"https:\/\/contadoreshoy.com\/#organization"},"image":{"@type":"ImageObject","url":"https:\/\/contadoreshoy.com\/wp-content\/uploads\/2015\/11\/ventas-no-responsables-IVA.jpg","width":600,"height":400},"datePublished":"2015-11-03T09:58:05-05:00","dateModified":"2017-02-04T22:00:10-05:00","inLanguage":"es-ES","mainEntityOfPage":{"@id":"https:\/\/contadoreshoy.com\/?p=6292#webpage"},"isPartOf":{"@id":"https:\/\/contadoreshoy.com\/?p=6292#webpage"},"articleSection":"Conceptos y Oficios DIAN"},{"@type":"BreadcrumbList","@id":"https:\/\/contadoreshoy.com\/?p=6292#breadcrumblist","itemListElement":[{"@type":"ListItem","@id":"https:\/\/contadoreshoy.com#listItem","position":1,"name":"Home","item":"https:\/\/contadoreshoy.com","nextItem":{"@type":"ListItem","@id":"https:\/\/contadoreshoy.com\/?cat=456#listItem","name":"Conceptos y Oficios DIAN"}},{"@type":"ListItem","@id":"https:\/\/contadoreshoy.com\/?cat=456#listItem","position":2,"name":"Conceptos y Oficios DIAN","item":"https:\/\/contadoreshoy.com\/?cat=456","nextItem":{"@type":"ListItem","@id":"https:\/\/contadoreshoy.com\/?p=6292#listItem","name":"Tratamiento impuesto sobre las ventas sobre compras a no responsables del IVA"},"previousItem":{"@type":"ListItem","@id":"https:\/\/contadoreshoy.com#listItem","name":"Home"}},{"@type":"ListItem","@id":"https:\/\/contadoreshoy.com\/?p=6292#listItem","position":3,"name":"Tratamiento impuesto sobre las ventas sobre compras a no responsables del IVA","previousItem":{"@type":"ListItem","@id":"https:\/\/contadoreshoy.com\/?cat=456#listItem","name":"Conceptos y Oficios DIAN"}}]},{"@type":"Organization","@id":"https:\/\/contadoreshoy.com\/#organization","name":"Contadores P\u00fablicos","description":"Portal para Contadores P\u00fablicos y empresarios","url":"https:\/\/contadoreshoy.com\/","logo":{"@type":"ImageObject","url":"https:\/\/contadoreshoy.com\/wp-content\/uploads\/2024\/01\/cropped-cropped-Copia-de-M-1.jpg","@id":"https:\/\/contadoreshoy.com\/?p=6292\/#organizationLogo","width":499,"height":500},"image":{"@id":"https:\/\/contadoreshoy.com\/?p=6292\/#organizationLogo"}},{"@type":"Person","@id":"https:\/\/contadoreshoy.com\/?author=1#author","url":"https:\/\/contadoreshoy.com\/?author=1","name":"Miguel Antonio M\u00e1rquez Monta\u00f1ez"},{"@type":"WebPage","@id":"https:\/\/contadoreshoy.com\/?p=6292#webpage","url":"https:\/\/contadoreshoy.com\/?p=6292","name":"Tratamiento impuesto sobre las ventas sobre compras a no responsables del IVA - Contadores P\u00fablicos","description":"Son responsables del impuesto sobre las ventas los responsables del r\u00e9gimen com\u00fan cuando realicen compras o adquieran servicios gravados de personas pertenecientes al r\u00e9gimen simplificado, por el valor del impuesto retenido sobre dichas transacciones. Porcentaje de Retenci\u00f3n de IVA actual es del 15%.","inLanguage":"es-ES","isPartOf":{"@id":"https:\/\/contadoreshoy.com\/#website"},"breadcrumb":{"@id":"https:\/\/contadoreshoy.com\/?p=6292#breadcrumblist"},"author":{"@id":"https:\/\/contadoreshoy.com\/?author=1#author"},"creator":{"@id":"https:\/\/contadoreshoy.com\/?author=1#author"},"image":{"@type":"ImageObject","url":"https:\/\/contadoreshoy.com\/wp-content\/uploads\/2015\/11\/ventas-no-responsables-IVA.jpg","@id":"https:\/\/contadoreshoy.com\/?p=6292\/#mainImage","width":600,"height":400},"primaryImageOfPage":{"@id":"https:\/\/contadoreshoy.com\/?p=6292#mainImage"},"datePublished":"2015-11-03T09:58:05-05:00","dateModified":"2017-02-04T22:00:10-05:00"},{"@type":"WebSite","@id":"https:\/\/contadoreshoy.com\/#website","url":"https:\/\/contadoreshoy.com\/","name":"Contadores P\u00fablicos","description":"Portal para Contadores P\u00fablicos y empresarios","inLanguage":"es-ES","publisher":{"@id":"https:\/\/contadoreshoy.com\/#organization"}}]},"og:locale":"es_ES","og:site_name":"Contadores P\u00fablicos - Portal para Contadores P\u00fablicos y empresarios","og:type":"article","og:title":"Tratamiento impuesto sobre las ventas sobre compras a no responsables del IVA - Contadores P\u00fablicos","og:description":"Son responsables del impuesto sobre las ventas los responsables del r\u00e9gimen com\u00fan cuando realicen compras o adquieran servicios gravados de personas pertenecientes al r\u00e9gimen simplificado, por el valor del impuesto retenido sobre dichas transacciones. Porcentaje de Retenci\u00f3n de IVA actual es del 15%.","og:url":"https:\/\/contadoreshoy.com\/?p=6292","og:image":"https:\/\/contadoreshoy.com\/wp-content\/uploads\/2024\/01\/cropped-cropped-cropped-Copia-de-M.jpg","og:image:secure_url":"https:\/\/contadoreshoy.com\/wp-content\/uploads\/2024\/01\/cropped-cropped-cropped-Copia-de-M.jpg","og:image:width":512,"og:image:height":371,"article:published_time":"2015-11-03T14:58:05+00:00","article:modified_time":"2017-02-05T03:00:10+00:00","twitter:card":"summary_large_image","twitter:title":"Tratamiento impuesto sobre las ventas sobre compras a no responsables del IVA - Contadores P\u00fablicos","twitter:description":"Son responsables del impuesto sobre las ventas los responsables del r\u00e9gimen com\u00fan cuando realicen compras o adquieran servicios gravados de personas pertenecientes al r\u00e9gimen simplificado, por el valor del impuesto retenido sobre dichas transacciones. Porcentaje de Retenci\u00f3n de IVA actual es del 15%.","twitter:image":"https:\/\/contadoreshoy.com\/wp-content\/uploads\/2024\/01\/cropped-cropped-cropped-Copia-de-M.jpg"},"aioseo_meta_data":{"post_id":"6292","title":null,"description":null,"keywords":null,"keyphrases":null,"primary_term":null,"canonical_url":null,"og_title":null,"og_description":null,"og_object_type":"default","og_image_type":"default","og_image_url":null,"og_image_width":null,"og_image_height":null,"og_image_custom_url":null,"og_image_custom_fields":null,"og_video":null,"og_custom_url":null,"og_article_section":null,"og_article_tags":null,"twitter_use_og":false,"twitter_card":"default","twitter_image_type":"default","twitter_image_url":null,"twitter_image_custom_url":null,"twitter_image_custom_fields":null,"twitter_title":null,"twitter_description":null,"schema":{"blockGraphs":[],"customGraphs":[],"default":{"data":{"Article":[],"Course":[],"Dataset":[],"FAQPage":[],"Movie":[],"Person":[],"Product":[],"ProductReview":[],"Car":[],"Recipe":[],"Service":[],"SoftwareApplication":[],"WebPage":[]},"graphName":"","isEnabled":true},"graphs":[]},"schema_type":"default","schema_type_options":null,"pillar_content":false,"robots_default":true,"robots_noindex":false,"robots_noarchive":false,"robots_nosnippet":false,"robots_nofollow":false,"robots_noimageindex":false,"robots_noodp":false,"robots_notranslate":false,"robots_max_snippet":null,"robots_max_videopreview":null,"robots_max_imagepreview":"large","priority":null,"frequency":null,"local_seo":null,"breadcrumb_settings":null,"limit_modified_date":false,"ai":null,"created":"2024-03-05 01:22:13","updated":"2026-03-03 04:42:08","seo_analyzer_scan_date":null,"focus_keyword":null,"additional_keywords":null,"truseo_locale":null},"aioseo_breadcrumb":"<div class=\"aioseo-breadcrumbs\"><span class=\"aioseo-breadcrumb\">\n\t\t\t<a href=\"https:\/\/contadoreshoy.com\" title=\"Home\">Home<\/a>\n\t\t<\/span><span class=\"aioseo-breadcrumb-separator\">&raquo;<\/span><span class=\"aioseo-breadcrumb\">\n\t\t\t<a href=\"https:\/\/contadoreshoy.com\/?cat=456\" title=\"Conceptos y Oficios DIAN\">Conceptos y Oficios DIAN<\/a>\n\t\t<\/span><span class=\"aioseo-breadcrumb-separator\">&raquo;<\/span><span class=\"aioseo-breadcrumb\">\n\t\t\tTratamiento impuesto sobre las ventas sobre compras a no responsables del IVA\n\t\t<\/span><\/div>","aioseo_breadcrumb_json":[{"label":"Home","link":"https:\/\/contadoreshoy.com"},{"label":"Conceptos y Oficios DIAN","link":"https:\/\/contadoreshoy.com\/?cat=456"},{"label":"Tratamiento impuesto sobre las ventas sobre compras a no responsables del IVA","link":"https:\/\/contadoreshoy.com\/?p=6292"}],"yoast_head":"<!-- This site is optimized with the Yoast SEO plugin v28.4 - https:\/\/yoast.com\/product\/yoast-seo-wordpress\/ -->\n<title>Tratamiento impuesto sobre las ventas sobre compras a no responsables del IVA - Contadores P\u00fablicos<\/title>\n<meta name=\"robots\" content=\"index, follow, max-snippet:-1, max-image-preview:large, max-video-preview:-1\" \/>\n<link rel=\"canonical\" href=\"https:\/\/contadoreshoy.com\/?p=6292\" \/>\n<meta property=\"og:locale\" content=\"es_ES\" \/>\n<meta property=\"og:type\" content=\"article\" \/>\n<meta property=\"og:title\" content=\"Tratamiento impuesto sobre las ventas sobre compras a no responsables del IVA - Contadores P\u00fablicos\" \/>\n<meta property=\"og:description\" content=\"Son responsables del impuesto sobre las ventas los responsables del r\u00e9gimen com\u00fan cuando realicen compras o adquieran servicios gravados de personas pertenecientes al r\u00e9gimen simplificado, por el valor del impuesto retenido sobre dichas transacciones. Porcentaje de Retenci\u00f3n de IVA actual es del 15%.\" \/>\n<meta property=\"og:url\" content=\"https:\/\/contadoreshoy.com\/?p=6292\" \/>\n<meta property=\"og:site_name\" content=\"Contadores P\u00fablicos\" \/>\n<meta property=\"article:publisher\" content=\"https:\/\/www.facebook.com\/CCCPBucaramanga\/\" \/>\n<meta property=\"article:published_time\" content=\"2015-11-03T14:58:05+00:00\" \/>\n<meta property=\"article:modified_time\" content=\"2017-02-05T03:00:10+00:00\" \/>\n<meta property=\"og:image\" content=\"https:\/\/contadoreshoy.com\/wp-content\/uploads\/2015\/11\/ventas-no-responsables-IVA.jpg\" \/>\n\t<meta property=\"og:image:width\" content=\"600\" \/>\n\t<meta property=\"og:image:height\" content=\"400\" \/>\n\t<meta property=\"og:image:type\" content=\"image\/jpeg\" \/>\n<meta name=\"author\" content=\"Miguel Antonio M\u00e1rquez Monta\u00f1ez\" \/>\n<meta name=\"twitter:card\" content=\"summary_large_image\" \/>\n<meta name=\"twitter:label1\" content=\"Escrito por\" \/>\n\t<meta name=\"twitter:data1\" content=\"Miguel Antonio M\u00e1rquez Monta\u00f1ez\" \/>\n\t<meta name=\"twitter:label2\" content=\"Tiempo de lectura\" \/>\n\t<meta name=\"twitter:data2\" content=\"8 minutos\" \/>\n<script type=\"application\/ld+json\" class=\"yoast-schema-graph\">{\"@context\":\"https:\\\/\\\/schema.org\",\"@graph\":[{\"@type\":\"Article\",\"@id\":\"https:\\\/\\\/contadoreshoy.com\\\/?p=6292#article\",\"isPartOf\":{\"@id\":\"https:\\\/\\\/contadoreshoy.com\\\/?p=6292\"},\"author\":{\"name\":\"Miguel Antonio M\u00e1rquez Monta\u00f1ez\",\"@id\":\"https:\\\/\\\/contadoreshoy.com\\\/#\\\/schema\\\/person\\\/96d8979cb865537c5dc9345e40089fc5\"},\"headline\":\"Tratamiento impuesto sobre las ventas sobre compras a no responsables del IVA\",\"datePublished\":\"2015-11-03T14:58:05+00:00\",\"dateModified\":\"2017-02-05T03:00:10+00:00\",\"mainEntityOfPage\":{\"@id\":\"https:\\\/\\\/contadoreshoy.com\\\/?p=6292\"},\"wordCount\":1582,\"commentCount\":0,\"publisher\":{\"@id\":\"https:\\\/\\\/contadoreshoy.com\\\/#organization\"},\"image\":{\"@id\":\"https:\\\/\\\/contadoreshoy.com\\\/?p=6292#primaryimage\"},\"thumbnailUrl\":\"https:\\\/\\\/contadoreshoy.com\\\/wp-content\\\/uploads\\\/2015\\\/11\\\/ventas-no-responsables-IVA.jpg\",\"articleSection\":[\"Conceptos y Oficios DIAN\"],\"inLanguage\":\"es\",\"potentialAction\":[{\"@type\":\"CommentAction\",\"name\":\"Comment\",\"target\":[\"https:\\\/\\\/contadoreshoy.com\\\/?p=6292#respond\"]}]},{\"@type\":\"WebPage\",\"@id\":\"https:\\\/\\\/contadoreshoy.com\\\/?p=6292\",\"url\":\"https:\\\/\\\/contadoreshoy.com\\\/?p=6292\",\"name\":\"Tratamiento impuesto sobre las ventas sobre compras a no responsables del IVA - Contadores P\u00fablicos\",\"isPartOf\":{\"@id\":\"https:\\\/\\\/contadoreshoy.com\\\/#website\"},\"primaryImageOfPage\":{\"@id\":\"https:\\\/\\\/contadoreshoy.com\\\/?p=6292#primaryimage\"},\"image\":{\"@id\":\"https:\\\/\\\/contadoreshoy.com\\\/?p=6292#primaryimage\"},\"thumbnailUrl\":\"https:\\\/\\\/contadoreshoy.com\\\/wp-content\\\/uploads\\\/2015\\\/11\\\/ventas-no-responsables-IVA.jpg\",\"datePublished\":\"2015-11-03T14:58:05+00:00\",\"dateModified\":\"2017-02-05T03:00:10+00:00\",\"breadcrumb\":{\"@id\":\"https:\\\/\\\/contadoreshoy.com\\\/?p=6292#breadcrumb\"},\"inLanguage\":\"es\",\"potentialAction\":[{\"@type\":\"ReadAction\",\"target\":[\"https:\\\/\\\/contadoreshoy.com\\\/?p=6292\"]}]},{\"@type\":\"ImageObject\",\"inLanguage\":\"es\",\"@id\":\"https:\\\/\\\/contadoreshoy.com\\\/?p=6292#primaryimage\",\"url\":\"https:\\\/\\\/contadoreshoy.com\\\/wp-content\\\/uploads\\\/2015\\\/11\\\/ventas-no-responsables-IVA.jpg\",\"contentUrl\":\"https:\\\/\\\/contadoreshoy.com\\\/wp-content\\\/uploads\\\/2015\\\/11\\\/ventas-no-responsables-IVA.jpg\",\"width\":600,\"height\":400},{\"@type\":\"BreadcrumbList\",\"@id\":\"https:\\\/\\\/contadoreshoy.com\\\/?p=6292#breadcrumb\",\"itemListElement\":[{\"@type\":\"ListItem\",\"position\":1,\"name\":\"Portada\",\"item\":\"https:\\\/\\\/contadoreshoy.com\\\/\"},{\"@type\":\"ListItem\",\"position\":2,\"name\":\"Tratamiento impuesto sobre las ventas sobre compras a no responsables del IVA\"}]},{\"@type\":\"WebSite\",\"@id\":\"https:\\\/\\\/contadoreshoy.com\\\/#website\",\"url\":\"https:\\\/\\\/contadoreshoy.com\\\/\",\"name\":\"Contadorespublicossantander\",\"description\":\"Portal para Contadores P\u00fablicos y empresarios\",\"publisher\":{\"@id\":\"https:\\\/\\\/contadoreshoy.com\\\/#organization\"},\"potentialAction\":[{\"@type\":\"SearchAction\",\"target\":{\"@type\":\"EntryPoint\",\"urlTemplate\":\"https:\\\/\\\/contadoreshoy.com\\\/?s={search_term_string}\"},\"query-input\":{\"@type\":\"PropertyValueSpecification\",\"valueRequired\":true,\"valueName\":\"search_term_string\"}}],\"inLanguage\":\"es\"},{\"@type\":\"Organization\",\"@id\":\"https:\\\/\\\/contadoreshoy.com\\\/#organization\",\"name\":\"Contadores P\u00fablicos de Santander\",\"url\":\"https:\\\/\\\/contadoreshoy.com\\\/\",\"logo\":{\"@type\":\"ImageObject\",\"inLanguage\":\"es\",\"@id\":\"https:\\\/\\\/contadoreshoy.com\\\/#\\\/schema\\\/logo\\\/image\\\/\",\"url\":\"https:\\\/\\\/contadoreshoy.com\\\/wp-content\\\/uploads\\\/2024\\\/01\\\/cropped-cropped-Copia-de-M-1.jpg\",\"contentUrl\":\"https:\\\/\\\/contadoreshoy.com\\\/wp-content\\\/uploads\\\/2024\\\/01\\\/cropped-cropped-Copia-de-M-1.jpg\",\"width\":499,\"height\":500,\"caption\":\"Contadores P\u00fablicos de Santander\"},\"image\":{\"@id\":\"https:\\\/\\\/contadoreshoy.com\\\/#\\\/schema\\\/logo\\\/image\\\/\"},\"sameAs\":[\"https:\\\/\\\/www.facebook.com\\\/CCCPBucaramanga\\\/\"]},{\"@type\":\"Person\",\"@id\":\"https:\\\/\\\/contadoreshoy.com\\\/#\\\/schema\\\/person\\\/96d8979cb865537c5dc9345e40089fc5\",\"name\":\"Miguel Antonio M\u00e1rquez Monta\u00f1ez\",\"description\":\"Contador P\u00fablico egresado de la Universidad Aut\u00f3noma de Bucaramanga - Asesor contable tributario con m\u00e1s de 25 a\u00f1os de experiencia - Conferencista en temas contables y tributarios - T\u00e9cnico en Hardware y Dise\u00f1o Web - Creador y director Grupo de Estudio Colegio Colombiano de Contadores P\u00fablicos de Bucaramanga - Creador y Master Web p\u00e1gina www.contadoresp\u00fablicossantander.com - Expresidente Colegio Colombiano de Contadores P\u00fablicos Bucaramanga\",\"url\":\"https:\\\/\\\/contadoreshoy.com\\\/?author=1\"}]}<\/script>\n<!-- \/ Yoast SEO plugin. -->","yoast_head_json":{"title":"Tratamiento impuesto sobre las ventas sobre compras a no responsables del IVA - Contadores P\u00fablicos","robots":{"index":"index","follow":"follow","max-snippet":"max-snippet:-1","max-image-preview":"max-image-preview:large","max-video-preview":"max-video-preview:-1"},"canonical":"https:\/\/contadoreshoy.com\/?p=6292","og_locale":"es_ES","og_type":"article","og_title":"Tratamiento impuesto sobre las ventas sobre compras a no responsables del IVA - Contadores P\u00fablicos","og_description":"Son responsables del impuesto sobre las ventas los responsables del r\u00e9gimen com\u00fan cuando realicen compras o adquieran servicios gravados de personas pertenecientes al r\u00e9gimen simplificado, por el valor del impuesto retenido sobre dichas transacciones. Porcentaje de Retenci\u00f3n de IVA actual es del 15%.","og_url":"https:\/\/contadoreshoy.com\/?p=6292","og_site_name":"Contadores P\u00fablicos","article_publisher":"https:\/\/www.facebook.com\/CCCPBucaramanga\/","article_published_time":"2015-11-03T14:58:05+00:00","article_modified_time":"2017-02-05T03:00:10+00:00","og_image":[{"width":600,"height":400,"url":"https:\/\/contadoreshoy.com\/wp-content\/uploads\/2015\/11\/ventas-no-responsables-IVA.jpg","type":"image\/jpeg"}],"author":"Miguel Antonio M\u00e1rquez Monta\u00f1ez","twitter_card":"summary_large_image","twitter_misc":{"Escrito por":"Miguel Antonio M\u00e1rquez Monta\u00f1ez","Tiempo de lectura":"8 minutos"},"schema":{"@context":"https:\/\/schema.org","@graph":[{"@type":"Article","@id":"https:\/\/contadoreshoy.com\/?p=6292#article","isPartOf":{"@id":"https:\/\/contadoreshoy.com\/?p=6292"},"author":{"name":"Miguel Antonio M\u00e1rquez Monta\u00f1ez","@id":"https:\/\/contadoreshoy.com\/#\/schema\/person\/96d8979cb865537c5dc9345e40089fc5"},"headline":"Tratamiento impuesto sobre las ventas sobre compras a no responsables del IVA","datePublished":"2015-11-03T14:58:05+00:00","dateModified":"2017-02-05T03:00:10+00:00","mainEntityOfPage":{"@id":"https:\/\/contadoreshoy.com\/?p=6292"},"wordCount":1582,"commentCount":0,"publisher":{"@id":"https:\/\/contadoreshoy.com\/#organization"},"image":{"@id":"https:\/\/contadoreshoy.com\/?p=6292#primaryimage"},"thumbnailUrl":"https:\/\/contadoreshoy.com\/wp-content\/uploads\/2015\/11\/ventas-no-responsables-IVA.jpg","articleSection":["Conceptos y Oficios DIAN"],"inLanguage":"es","potentialAction":[{"@type":"CommentAction","name":"Comment","target":["https:\/\/contadoreshoy.com\/?p=6292#respond"]}]},{"@type":"WebPage","@id":"https:\/\/contadoreshoy.com\/?p=6292","url":"https:\/\/contadoreshoy.com\/?p=6292","name":"Tratamiento impuesto sobre las ventas sobre compras a no responsables del IVA - Contadores P\u00fablicos","isPartOf":{"@id":"https:\/\/contadoreshoy.com\/#website"},"primaryImageOfPage":{"@id":"https:\/\/contadoreshoy.com\/?p=6292#primaryimage"},"image":{"@id":"https:\/\/contadoreshoy.com\/?p=6292#primaryimage"},"thumbnailUrl":"https:\/\/contadoreshoy.com\/wp-content\/uploads\/2015\/11\/ventas-no-responsables-IVA.jpg","datePublished":"2015-11-03T14:58:05+00:00","dateModified":"2017-02-05T03:00:10+00:00","breadcrumb":{"@id":"https:\/\/contadoreshoy.com\/?p=6292#breadcrumb"},"inLanguage":"es","potentialAction":[{"@type":"ReadAction","target":["https:\/\/contadoreshoy.com\/?p=6292"]}]},{"@type":"ImageObject","inLanguage":"es","@id":"https:\/\/contadoreshoy.com\/?p=6292#primaryimage","url":"https:\/\/contadoreshoy.com\/wp-content\/uploads\/2015\/11\/ventas-no-responsables-IVA.jpg","contentUrl":"https:\/\/contadoreshoy.com\/wp-content\/uploads\/2015\/11\/ventas-no-responsables-IVA.jpg","width":600,"height":400},{"@type":"BreadcrumbList","@id":"https:\/\/contadoreshoy.com\/?p=6292#breadcrumb","itemListElement":[{"@type":"ListItem","position":1,"name":"Portada","item":"https:\/\/contadoreshoy.com\/"},{"@type":"ListItem","position":2,"name":"Tratamiento impuesto sobre las ventas sobre compras a no responsables del IVA"}]},{"@type":"WebSite","@id":"https:\/\/contadoreshoy.com\/#website","url":"https:\/\/contadoreshoy.com\/","name":"Contadorespublicossantander","description":"Portal para Contadores P\u00fablicos y empresarios","publisher":{"@id":"https:\/\/contadoreshoy.com\/#organization"},"potentialAction":[{"@type":"SearchAction","target":{"@type":"EntryPoint","urlTemplate":"https:\/\/contadoreshoy.com\/?s={search_term_string}"},"query-input":{"@type":"PropertyValueSpecification","valueRequired":true,"valueName":"search_term_string"}}],"inLanguage":"es"},{"@type":"Organization","@id":"https:\/\/contadoreshoy.com\/#organization","name":"Contadores P\u00fablicos de Santander","url":"https:\/\/contadoreshoy.com\/","logo":{"@type":"ImageObject","inLanguage":"es","@id":"https:\/\/contadoreshoy.com\/#\/schema\/logo\/image\/","url":"https:\/\/contadoreshoy.com\/wp-content\/uploads\/2024\/01\/cropped-cropped-Copia-de-M-1.jpg","contentUrl":"https:\/\/contadoreshoy.com\/wp-content\/uploads\/2024\/01\/cropped-cropped-Copia-de-M-1.jpg","width":499,"height":500,"caption":"Contadores P\u00fablicos de Santander"},"image":{"@id":"https:\/\/contadoreshoy.com\/#\/schema\/logo\/image\/"},"sameAs":["https:\/\/www.facebook.com\/CCCPBucaramanga\/"]},{"@type":"Person","@id":"https:\/\/contadoreshoy.com\/#\/schema\/person\/96d8979cb865537c5dc9345e40089fc5","name":"Miguel Antonio M\u00e1rquez Monta\u00f1ez","description":"Contador P\u00fablico egresado de la Universidad Aut\u00f3noma de Bucaramanga - Asesor contable tributario con m\u00e1s de 25 a\u00f1os de experiencia - Conferencista en temas contables y tributarios - T\u00e9cnico en Hardware y Dise\u00f1o Web - Creador y director Grupo de Estudio Colegio Colombiano de Contadores P\u00fablicos de Bucaramanga - Creador y Master Web p\u00e1gina www.contadoresp\u00fablicossantander.com - Expresidente Colegio Colombiano de Contadores P\u00fablicos Bucaramanga","url":"https:\/\/contadoreshoy.com\/?author=1"}]}},"_links":{"self":[{"href":"https:\/\/contadoreshoy.com\/index.php?rest_route=\/wp\/v2\/posts\/6292","targetHints":{"allow":["GET"]}}],"collection":[{"href":"https:\/\/contadoreshoy.com\/index.php?rest_route=\/wp\/v2\/posts"}],"about":[{"href":"https:\/\/contadoreshoy.com\/index.php?rest_route=\/wp\/v2\/types\/post"}],"author":[{"embeddable":true,"href":"https:\/\/contadoreshoy.com\/index.php?rest_route=\/wp\/v2\/users\/1"}],"replies":[{"embeddable":true,"href":"https:\/\/contadoreshoy.com\/index.php?rest_route=%2Fwp%2Fv2%2Fcomments&post=6292"}],"version-history":[{"count":1,"href":"https:\/\/contadoreshoy.com\/index.php?rest_route=\/wp\/v2\/posts\/6292\/revisions"}],"predecessor-version":[{"id":7999,"href":"https:\/\/contadoreshoy.com\/index.php?rest_route=\/wp\/v2\/posts\/6292\/revisions\/7999"}],"wp:featuredmedia":[{"embeddable":true,"href":"https:\/\/contadoreshoy.com\/index.php?rest_route=\/wp\/v2\/media\/6293"}],"wp:attachment":[{"href":"https:\/\/contadoreshoy.com\/index.php?rest_route=%2Fwp%2Fv2%2Fmedia&parent=6292"}],"wp:term":[{"taxonomy":"category","embeddable":true,"href":"https:\/\/contadoreshoy.com\/index.php?rest_route=%2Fwp%2Fv2%2Fcategories&post=6292"},{"taxonomy":"post_tag","embeddable":true,"href":"https:\/\/contadoreshoy.com\/index.php?rest_route=%2Fwp%2Fv2%2Ftags&post=6292"}],"curies":[{"name":"wp","href":"https:\/\/api.w.org\/{rel}","templated":true}]}}