{"id":6319,"date":"2016-03-09T17:48:41","date_gmt":"2016-03-09T22:48:41","guid":{"rendered":"http:\/\/colegiocolombianodecontadores.com\/?p=6319"},"modified":"2017-02-04T21:58:58","modified_gmt":"2017-02-05T02:58:58","slug":"informacion-exogena-anos-gravables-2015-y-2016","status":"publish","type":"post","link":"https:\/\/contadoreshoy.com\/?p=6319","title":{"rendered":"Informaci\u00f3n Ex\u00f3gena a\u00f1os gravables 2015 y 2016"},"content":{"rendered":"<p style=\"text-align: center;\"><a href=\"http:\/\/colegiocolombianodecontadores.com\/wp-content\/uploads\/2015\/11\/Resolucion_000220_31102014.pdf\" target=\"_blank\">RESOLUCI\u00d3N 000220 DE OCTUBRE 31 DE 2014 DIAN<\/a><\/p>\n<p style=\"text-align: center;\">INFORMACI\u00d3N EX\u00d3GENA A\u00d1O GRAVABLE 2015<\/p>\n<p>&nbsp;<\/p>\n<p style=\"text-align: justify;\">La resoluci\u00f3n 000220 de octubre 31 de 2014, expedida por la DIAN, estableci\u00f3 el grupo de obligados a suministrar la informaci\u00f3n tributaria por el a\u00f1o gravable 2015, y se\u00f1al\u00f3 el contenido, caracter\u00edsticas t\u00e9cnicas para la presentaci\u00f3n y fij\u00f3 los plazos para su entrega.<\/p>\n<p style=\"text-align: justify;\"><span style=\"text-decoration: underline;\">Informantes que deben reportar mensualmente<\/span><\/p>\n<p style=\"text-align: justify;\">Las entidades p\u00fablicas o privadas que celebren convenios de cooperaci\u00f3n y asistencia t\u00e9cnica para el apoyo y ejecuci\u00f3n de sus programas o proyectos, con organismos internacionales, deben reportar mensualmente.<\/p>\n<p style=\"text-align: justify;\"><span style=\"text-decoration: underline;\">Informaci\u00f3n que debe ser reportada anualmente por periodos mensuales por las entidades financieras y otras entidades<\/span><\/p>\n<p style=\"text-align: justify;\">Las entidades vigiladas por la superintendencia financiera de Colombia, las cooperativas de ahorro y cr\u00e9dito y otras entidades debe reportar anualmente por periodos mensuales.<\/p>\n<p style=\"text-align: justify;\"><span style=\"text-decoration: underline;\">Informaci\u00f3n que debe ser reportada anualmente<\/span><\/p>\n<p style=\"text-align: justify;\">a) Las personas naturales y asimiladas, que en el a\u00f1o gravable 2013 hayan obtenido ingresos brutos superiores a $500.000.000;<\/p>\n<p style=\"text-align: justify;\">b) Las personas jur\u00eddicas, sociedades y asimiladas y dem\u00e1s entidades p\u00fablicas y privadas obligadas a presentar declaraci\u00f3n del impuesto sobre la renta y complementarios o de ingresos y patrimonio que en el a\u00f1o gravable 2013 hayan obtenido ingresos brutos superiores a $100.000.000.<\/p>\n<p style=\"text-align: justify;\">c) Todas las personas jur\u00eddicas y personas naturales que efect\u00faen retenciones y autorretenciones en la fuente, a t\u00edtulo del impuesto sobre la renta, impuestos sobre las ventas (IVA), timbre e impuesto sobre la renta para la Equidad (CREE), independientemente del monto de los ingresos obtenidos.<\/p>\n<p style=\"text-align: justify;\"><span style=\"text-decoration: underline;\">Valores m\u00ednimos a reportar<\/span><\/p>\n<ul>\n<li style=\"text-align: justify;\">Beneficiarios de pagos o abonos en cuenta iguales o superiores a $100.000;<\/li>\n<li style=\"text-align: justify;\">Trabajadores que durante el a\u00f1o gravable 2015 se les hubieren realizado pagos o abonos en cuenta por conceptos de salarios y dem\u00e1s remuneraciones laborales, honorarios, comisiones, servicios y otros pagos, cuyo valor acumulado sea igual o superior a $5.000.000;<\/li>\n<li style=\"text-align: justify;\">Informaci\u00f3n de quienes se recibieron ingresos, cuando el valor acumulado del a\u00f1o hubiese sido igual o superior a $500.000;<\/li>\n<li style=\"text-align: justify;\">Informaci\u00f3n de los acreedores, cuando el saldo acumulado a 31 de diciembre es igual o superior a $1.000.000. Cuando el salto total de los pasivos a 31 de diciembre de 2015, es igual o superior a $100.000.000, deber\u00e1 informarse cada uno de los acreedores con saldos iguales o superiores a $500.000;<\/li>\n<li style=\"text-align: justify;\">Informaci\u00f3n de los deudores con saldo a diciembre 31 de 2015, iguales o superiores a $1.000.000. Si el saldo total de los cr\u00e9ditos a 31 de diciembre de 2015, es igual o superior a $100.000.000, deber\u00e1 informarse a cada uno de los deudores con saldos acumulados igual o superiores a $500.000.<\/li>\n<\/ul>\n<p><a href=\"http:\/\/colegiocolombianodecontadores.com\/wp-content\/uploads\/2015\/11\/Resolucion_000220_31102014.pdf\" target=\"_blank\">Resoluci\u00f3n 0220 octubre 31 de 2014 &#8211; Ex\u00f3gena a\u00f1o gravable 2015<\/a><\/p>\n<p>&nbsp;<\/p>\n<p style=\"text-align: center;\"><a href=\"http:\/\/www.dian.gov.co\/descargas\/normatividad\/2015\/Resoluciones\/Resolucion_000078_22_Julio_2015.pdf\" target=\"_blank\">RESOLUCI\u00d3N N\u00daMERO 0078 JULIO 22 DE 2015 DIAN<\/a><\/p>\n<p style=\"text-align: center;\">MODIFICA LA RESOLUCI\u00d3N 220 DE OCTUBRE 31 DE 2014 &#8211; INFORMACI\u00d3N EX\u00d3GENA A\u00d1O GRAVABLE 2015<\/p>\n<p style=\"text-align: justify;\">La resoluci\u00f3n 0078 de julio 22 de 2015, modifica la resoluci\u00f3n 220 de octubre 31 de 2014, en los art\u00edculos 4, 5, 34 y 38, en lo que respecta a las entidades p\u00fablicas o privadas que celebren convenios de cooperaci\u00f3n y asistencia t\u00e9cnica con organismos internacionales, y a las personas naturales y asimiladas que cancelen su registro mercantil o terminen sus actividades durante el a\u00f1o 2015 y las personas jur\u00eddicas y asimiladas y dem\u00e1s entidades que se liquiden durante el a\u00f1o 2015 y cumplan los requisitos para estar obligados a reportar informaci\u00f3n del a\u00f1o gravable 2015.<\/p>\n<p><a href=\"http:\/\/www.dian.gov.co\/descargas\/normatividad\/2015\/Resoluciones\/Resolucion_000078_22_Julio_2015.pdf\" target=\"_blank\">Resoluci\u00f3n 0078 julio 22 de 2015 &#8211; Ex\u00f3gena a\u00f1o gravable 2015<\/a><\/p>\n<p>&nbsp;<\/p>\n<p style=\"text-align: center;\"><a href=\"http:\/\/www.dian.gov.co\/descargas\/normatividad\/2015\/Resoluciones\/Resolucion_111_2015\/Resolucion_000111_29_Octubre_2015.pdf\" target=\"_blank\">RESOLUCI\u00d3N 111 OCTUBRE 29 DE 2015 DIAN<\/a><\/p>\n<p style=\"text-align: center;\">MODIFICA LA RESOLUCI\u00d3N\u00a0 220 DE OCTUBRE 31 DE 2014 Y SE SOLICITA LA INFORMACI\u00d3N PREVISTA EN EL DECRETO 2733 DE 2012 &#8211; INFORMACI\u00d3N EX\u00d3GENA 2015<\/p>\n<p style=\"text-align: left;\">La resoluci\u00f3n 111 de octubre 29 de 2015, modifica la resoluci\u00f3n 220 de octubre 31 de 2014, en los art\u00edculos 4, 8, 12, 13, 14, 18, 31, 32, 33 y 37 en lo que respecta a:<\/p>\n<ul>\n<li style=\"text-align: left;\">Ingresos recibidos para terceros;<\/li>\n<li style=\"text-align: left;\">Informaci\u00f3n\u00a0 de personas naturales calificadas en la categor\u00eda de empleados, contenida en el certificado de ingresos y retenciones, formato 220;<\/li>\n<li style=\"text-align: left;\">Empleadores que ocupen a mujeres v\u00edctimas de la violencia comprobada;<\/li>\n<li style=\"text-align: left;\">Sociedades administradoras del dep\u00f3sito centralizado de valores DECEVAL;<\/li>\n<li style=\"text-align: left;\">Fondos de Inversi\u00f3n colectiva;<\/li>\n<li style=\"text-align: left;\">Fondos de pensiones obligatorias y fondos de pensiones, jubilaci\u00f3n e invalidez;<\/li>\n<li style=\"text-align: left;\">Fondos de cesant\u00edas;<\/li>\n<li style=\"text-align: left;\">Sociedades fiduciarias;<\/li>\n<li style=\"text-align: left;\">Descuentos tributarios solicitados;<\/li>\n<li style=\"text-align: left;\">Ingresos no constitutivos de renta o ganancia ocasional;<\/li>\n<li style=\"text-align: left;\">Impuesto predial, de veh\u00edculos y el impuesto de industria y comercio;<\/li>\n<li style=\"text-align: left;\">Compra de bonos electr\u00f3nicos o papel de servicio, cheques o vales para beneficio de los trabajadores;<\/li>\n<li style=\"text-align: left;\">C\u00f3digo \u00fanico institucional (CUIN) de las entidades p\u00fablicas;<\/li>\n<\/ul>\n<p><a href=\"http:\/\/www.dian.gov.co\/descargas\/normatividad\/2015\/Resoluciones\/Resolucion_111_2015\/Resolucion_000111_29_Octubre_2015.pdf\" target=\"_blank\">Resoluci\u00f3n 111 de octubre 29 de 2015 &#8211; Ex\u00f3gena a\u00f1o gravable 2015<\/a><\/p>\n<p>&nbsp;<\/p>\n<p style=\"text-align: center;\"><a href=\"http:\/\/www.dian.gov.co\/descargas\/normatividad\/2016\/Resoluciones\/Resolucion_24_2016\/Resolucion_000024_del_8_de_marzo_de_2016.pdf\" target=\"_blank\">RESOLUCI\u00d3N 0024 DE MARZO 08 DE 2016<\/a><\/p>\n<p style=\"text-align: center;\">MODIFICA LA RESOLUCI\u00d3N 220 DEL 31 DE OCTUBRE DE 2014<\/p>\n<p>Modifica el literal p) del articulo 4 de la resoluci\u00f3n 00220 de octubre 31 de 2014, modificado por el art\u00edculo 1 de la resoluci\u00f3n 0111 de 2015 (personas naturales o jur\u00eddicas o entidades que efect\u00faen pagos a personas naturales y deban expedir el certificado de ingresos y retenciones).<\/p>\n<p>Modifica el art\u00edculo 29 de la resoluci\u00f3n 220 de 2014, modificado por el art\u00edculo 11 de la resoluci\u00f3n 111 de 2015 (Informaci\u00f3n del certificado de ingresos y retenciones para personas naturales empleados a\u00f1o gravable 2015).<\/p>\n<p>Modifica algunos anexos t\u00e9cnicos y amplia el plazo para suministrar la informaci\u00f3n anual y anualmente con corte mensual.<\/p>\n<p><a href=\"http:\/\/www.dian.gov.co\/descargas\/normatividad\/2016\/Resoluciones\/Resolucion_24_2016\/Resolucion_000024_del_8_de_marzo_de_2016.pdf\" target=\"_blank\">Resoluci\u00f3n 0024 de marzo 08 de 2016 &#8211; ex\u00f3gena a\u00f1o gravable 2015<\/a><\/p>\n<p style=\"text-align: center;\"><a href=\"http:\/\/colegiocolombianodecontadores.com\/wp-content\/uploads\/2015\/11\/RESOLUCION-112-OCTUBRE-29-DE-2015.pdf\" target=\"_blank\">RESOLUCI\u00d3N 000112 DE OCTUBRE 29 DE 2015 DIAN<\/a><\/p>\n<p style=\"text-align: center;\">INFORMACI\u00d3N EX\u00d3GENA A\u00d1O GRAVABLE 2016<\/p>\n<p style=\"text-align: justify;\">La resoluci\u00f3n 000112 de octubre 29 de 2015, expedida por la DIAN, estableci\u00f3 el grupo de obligados a suministrar la informaci\u00f3n tributaria por el a\u00f1o gravable 2016, y se\u00f1al\u00f3 el contenido, caracter\u00edsticas t\u00e9cnicas para la presentaci\u00f3n y fij\u00f3 los plazos para su entrega.<\/p>\n<p style=\"text-align: justify;\"><span style=\"text-decoration: underline;\">Informantes que deben reportar mensualmente<\/span><\/p>\n<p style=\"text-align: justify;\">Las entidades p\u00fablicas o privadas que celebren convenios de cooperaci\u00f3n y asistencia t\u00e9cnica para el apoyo y ejecuci\u00f3n de sus programas o proyectos, con organismos internacionales, deben reportar mensualmente.<\/p>\n<p style=\"text-align: justify;\"><span style=\"text-decoration: underline;\">Informaci\u00f3n que debe ser reportada anualmente por periodos mensuales por las entidades financieras y otras entidades<\/span><\/p>\n<p style=\"text-align: justify;\">Las entidades vigiladas por la superintendencia financiera de Colombia, las cooperativas de ahorro y cr\u00e9dito y otras entidades debe reportar anualmente por periodos mensuales.<\/p>\n<p style=\"text-align: justify;\"><span style=\"text-decoration: underline;\">Informaci\u00f3n que debe ser reportada anualmente<\/span><\/p>\n<p style=\"text-align: justify;\">a) Las personas naturales y asimiladas, que en el a\u00f1o gravable 2014 hayan obtenido ingresos brutos superiores a $500.000.000;<\/p>\n<p style=\"text-align: justify;\">b) Las personas jur\u00eddicas, sociedades y asimiladas y dem\u00e1s entidades p\u00fablicas y privadas obligadas a presentar declaraci\u00f3n del impuesto sobre la renta y complementarios o de ingresos y patrimonio que en el a\u00f1o gravable 2014 hayan obtenido ingresos brutos superiores a $100.000.000.<\/p>\n<p style=\"text-align: justify;\">c) Todas las personas jur\u00eddicas y personas naturales que efect\u00faen retenciones y autorretenciones en la fuente, a t\u00edtulo del impuesto sobre la renta, impuestos sobre las ventas (IVA), timbre e impuesto sobre la renta para la Equidad (CREE), independientemente del monto de los ingresos obtenidos.<\/p>\n<p style=\"text-align: justify;\"><span style=\"text-decoration: underline;\">Valores m\u00ednimos a reportar<\/span><\/p>\n<ul>\n<li style=\"text-align: justify;\">Beneficiarios de pagos o abonos en cuenta iguales o superiores a $100.000;<\/li>\n<li style=\"text-align: justify;\">Trabajadores que durante el a\u00f1o gravable 2015 se les hubieren realizado pagos o abonos en cuenta por conceptos de salarios y dem\u00e1s remuneraciones laborales, honorarios, comisiones, servicios y otros pagos, sin importar el monto;<\/li>\n<li style=\"text-align: justify;\">Informaci\u00f3n de quienes se recibieron ingresos, cuando el valor acumulado del a\u00f1o hubiese sido igual o superior a $500.000;<\/li>\n<li style=\"text-align: justify;\">Informaci\u00f3n de los acreedores por cualquier \u00edndole, sin importar el monto;<\/li>\n<li style=\"text-align: justify;\">Informaci\u00f3n de los deudores por concepto de cr\u00e9ditos activos, sin importar el monto.<\/li>\n<\/ul>\n<p><a href=\"http:\/\/colegiocolombianodecontadores.com\/wp-content\/uploads\/2015\/11\/RESOLUCION-112-OCTUBRE-29-DE-2015.pdf\" target=\"_blank\">Resoluci\u00f3n 112 octubre de 2015 &#8211; Ex\u00f3gena a\u00f1o gravable 2016<\/a><\/p>\n<p>&nbsp;<\/p>\n<p><a href=\"https:\/\/drive.google.com\/folderview?id=0B9NcOwSifqZsQ2h4Y0RmclhLQ1U&amp;usp=sharing\" target=\"_blank\">Presentaci\u00f3n DIAN informaci\u00f3n ex\u00f3gena a\u00f1o gravable 2015<\/a><\/p>\n","protected":false},"excerpt":{"rendered":"<p>Las resoluciones 000220 de octubre 31 de 2014, y  000112 de octubre 29 de 2015 expedidas por la DIAN, establecieron el grupo de obligados a suministrar la informaci\u00f3n tributaria por los a\u00f1os gravables 2015 y 2016, y se\u00f1alaron el contenido, caracter\u00edsticas t\u00e9cnicas para la presentaci\u00f3n y los plazos para su entrega.<\/p>\n","protected":false},"author":1,"featured_media":6323,"comment_status":"open","ping_status":"open","sticky":false,"template":"","format":"standard","meta":{"_monsterinsights_skip_tracking":false,"ngg_post_thumbnail":0,"footnotes":"","_links_to":"","_links_to_target":""},"categories":[454],"tags":[],"class_list":["post-6319","post","type-post","status-publish","format-standard","has-post-thumbnail","hentry","category-sin-categoria"],"aioseo_notices":[],"aioseo_head":"\n\t\t<!-- All in One SEO 5.0.1.1 - aioseo.com -->\n\t<meta name=\"description\" content=\"Las resoluciones 000220 de octubre 31 de 2014, y 000112 de octubre 29 de 2015 expedidas por la DIAN, establecieron el grupo de obligados a suministrar la informaci\u00f3n tributaria por los a\u00f1os gravables 2015 y 2016, y se\u00f1alaron el contenido, caracter\u00edsticas t\u00e9cnicas para la presentaci\u00f3n y los plazos para su entrega.\" \/>\n\t<meta name=\"robots\" content=\"max-image-preview:large\" \/>\n\t<meta name=\"author\" content=\"Miguel Antonio M\u00e1rquez Monta\u00f1ez\"\/>\n\t<link rel=\"canonical\" href=\"https:\/\/contadoreshoy.com\/?p=6319\" \/>\n\t<meta name=\"generator\" content=\"All in One SEO (AIOSEO) 5.0.1.1\" \/>\n\t\t<meta property=\"og:locale\" content=\"es_ES\" \/>\n\t\t<meta property=\"og:site_name\" content=\"Contadores P\u00fablicos - Portal para Contadores P\u00fablicos y empresarios\" \/>\n\t\t<meta property=\"og:type\" content=\"article\" \/>\n\t\t<meta property=\"og:title\" content=\"Informaci\u00f3n Ex\u00f3gena a\u00f1os gravables 2015 y 2016 - Contadores P\u00fablicos\" \/>\n\t\t<meta property=\"og:description\" content=\"Las resoluciones 000220 de octubre 31 de 2014, y 000112 de octubre 29 de 2015 expedidas por la DIAN, establecieron el grupo de obligados a suministrar la informaci\u00f3n tributaria por los a\u00f1os gravables 2015 y 2016, y se\u00f1alaron el contenido, caracter\u00edsticas t\u00e9cnicas para la presentaci\u00f3n y los plazos para su entrega.\" \/>\n\t\t<meta property=\"og:url\" content=\"https:\/\/contadoreshoy.com\/?p=6319\" \/>\n\t\t<meta property=\"og:image\" content=\"https:\/\/contadoreshoy.com\/wp-content\/uploads\/2024\/01\/cropped-cropped-cropped-Copia-de-M.jpg\" \/>\n\t\t<meta property=\"og:image:secure_url\" content=\"https:\/\/contadoreshoy.com\/wp-content\/uploads\/2024\/01\/cropped-cropped-cropped-Copia-de-M.jpg\" \/>\n\t\t<meta property=\"og:image:width\" content=\"512\" \/>\n\t\t<meta property=\"og:image:height\" content=\"371\" \/>\n\t\t<meta property=\"article:published_time\" content=\"2016-03-09T22:48:41+00:00\" \/>\n\t\t<meta property=\"article:modified_time\" content=\"2017-02-05T02:58:58+00:00\" \/>\n\t\t<meta name=\"twitter:card\" content=\"summary_large_image\" \/>\n\t\t<meta name=\"twitter:title\" content=\"Informaci\u00f3n Ex\u00f3gena a\u00f1os gravables 2015 y 2016 - Contadores P\u00fablicos\" \/>\n\t\t<meta name=\"twitter:description\" content=\"Las resoluciones 000220 de octubre 31 de 2014, y 000112 de octubre 29 de 2015 expedidas por la DIAN, establecieron el grupo de obligados a suministrar la informaci\u00f3n tributaria por los a\u00f1os gravables 2015 y 2016, y se\u00f1alaron el contenido, caracter\u00edsticas t\u00e9cnicas para la presentaci\u00f3n y los plazos para su entrega.\" \/>\n\t\t<meta name=\"twitter:image\" content=\"https:\/\/contadoreshoy.com\/wp-content\/uploads\/2024\/01\/cropped-cropped-cropped-Copia-de-M.jpg\" \/>\n\t\t<script type=\"application\/ld+json\" class=\"aioseo-schema\">\n\t\t\t{\"@context\":\"https:\\\/\\\/schema.org\",\"@graph\":[{\"@type\":\"BlogPosting\",\"@id\":\"https:\\\/\\\/contadoreshoy.com\\\/?p=6319#blogposting\",\"name\":\"Informaci\\u00f3n Ex\\u00f3gena a\\u00f1os gravables 2015 y 2016 - Contadores P\\u00fablicos\",\"headline\":\"Informaci\\u00f3n Ex\\u00f3gena a\\u00f1os gravables 2015 y 2016\",\"author\":{\"@id\":\"https:\\\/\\\/contadoreshoy.com\\\/?author=1#author\"},\"publisher\":{\"@id\":\"https:\\\/\\\/contadoreshoy.com\\\/#organization\"},\"image\":{\"@type\":\"ImageObject\",\"url\":\"https:\\\/\\\/contadoreshoy.com\\\/wp-content\\\/uploads\\\/2015\\\/11\\\/Informaci\\u00f3n-ex\\u00f3gena-a\\u00f1os-gravables-2015-y-2016.png\",\"width\":800,\"height\":600},\"datePublished\":\"2016-03-09T17:48:41-05:00\",\"dateModified\":\"2017-02-04T21:58:58-05:00\",\"inLanguage\":\"es-ES\",\"mainEntityOfPage\":{\"@id\":\"https:\\\/\\\/contadoreshoy.com\\\/?p=6319#webpage\"},\"isPartOf\":{\"@id\":\"https:\\\/\\\/contadoreshoy.com\\\/?p=6319#webpage\"},\"articleSection\":\"Sin categor\\u00eda\"},{\"@type\":\"BreadcrumbList\",\"@id\":\"https:\\\/\\\/contadoreshoy.com\\\/?p=6319#breadcrumblist\",\"itemListElement\":[{\"@type\":\"ListItem\",\"@id\":\"https:\\\/\\\/contadoreshoy.com#listItem\",\"position\":1,\"name\":\"Home\",\"item\":\"https:\\\/\\\/contadoreshoy.com\",\"nextItem\":{\"@type\":\"ListItem\",\"@id\":\"https:\\\/\\\/contadoreshoy.com\\\/?cat=454#listItem\",\"name\":\"Sin categor\\u00eda\"}},{\"@type\":\"ListItem\",\"@id\":\"https:\\\/\\\/contadoreshoy.com\\\/?cat=454#listItem\",\"position\":2,\"name\":\"Sin categor\\u00eda\",\"item\":\"https:\\\/\\\/contadoreshoy.com\\\/?cat=454\",\"nextItem\":{\"@type\":\"ListItem\",\"@id\":\"https:\\\/\\\/contadoreshoy.com\\\/?p=6319#listItem\",\"name\":\"Informaci\\u00f3n Ex\\u00f3gena a\\u00f1os gravables 2015 y 2016\"},\"previousItem\":{\"@type\":\"ListItem\",\"@id\":\"https:\\\/\\\/contadoreshoy.com#listItem\",\"name\":\"Home\"}},{\"@type\":\"ListItem\",\"@id\":\"https:\\\/\\\/contadoreshoy.com\\\/?p=6319#listItem\",\"position\":3,\"name\":\"Informaci\\u00f3n Ex\\u00f3gena a\\u00f1os gravables 2015 y 2016\",\"previousItem\":{\"@type\":\"ListItem\",\"@id\":\"https:\\\/\\\/contadoreshoy.com\\\/?cat=454#listItem\",\"name\":\"Sin categor\\u00eda\"}}]},{\"@type\":\"Organization\",\"@id\":\"https:\\\/\\\/contadoreshoy.com\\\/#organization\",\"name\":\"Contadores P\\u00fablicos\",\"description\":\"Portal para Contadores P\\u00fablicos y empresarios\",\"url\":\"https:\\\/\\\/contadoreshoy.com\\\/\",\"logo\":{\"@type\":\"ImageObject\",\"url\":\"https:\\\/\\\/contadoreshoy.com\\\/wp-content\\\/uploads\\\/2024\\\/01\\\/cropped-cropped-Copia-de-M-1.jpg\",\"@id\":\"https:\\\/\\\/contadoreshoy.com\\\/?p=6319\\\/#organizationLogo\",\"width\":499,\"height\":500},\"image\":{\"@id\":\"https:\\\/\\\/contadoreshoy.com\\\/?p=6319\\\/#organizationLogo\"}},{\"@type\":\"Person\",\"@id\":\"https:\\\/\\\/contadoreshoy.com\\\/?author=1#author\",\"url\":\"https:\\\/\\\/contadoreshoy.com\\\/?author=1\",\"name\":\"Miguel Antonio M\\u00e1rquez Monta\\u00f1ez\"},{\"@type\":\"WebPage\",\"@id\":\"https:\\\/\\\/contadoreshoy.com\\\/?p=6319#webpage\",\"url\":\"https:\\\/\\\/contadoreshoy.com\\\/?p=6319\",\"name\":\"Informaci\\u00f3n Ex\\u00f3gena a\\u00f1os gravables 2015 y 2016 - Contadores P\\u00fablicos\",\"description\":\"Las resoluciones 000220 de octubre 31 de 2014, y 000112 de octubre 29 de 2015 expedidas por la DIAN, establecieron el grupo de obligados a suministrar la informaci\\u00f3n tributaria por los a\\u00f1os gravables 2015 y 2016, y se\\u00f1alaron el contenido, caracter\\u00edsticas t\\u00e9cnicas para la presentaci\\u00f3n y los plazos para su entrega.\",\"inLanguage\":\"es-ES\",\"isPartOf\":{\"@id\":\"https:\\\/\\\/contadoreshoy.com\\\/#website\"},\"breadcrumb\":{\"@id\":\"https:\\\/\\\/contadoreshoy.com\\\/?p=6319#breadcrumblist\"},\"author\":{\"@id\":\"https:\\\/\\\/contadoreshoy.com\\\/?author=1#author\"},\"creator\":{\"@id\":\"https:\\\/\\\/contadoreshoy.com\\\/?author=1#author\"},\"image\":{\"@type\":\"ImageObject\",\"url\":\"https:\\\/\\\/contadoreshoy.com\\\/wp-content\\\/uploads\\\/2015\\\/11\\\/Informaci\\u00f3n-ex\\u00f3gena-a\\u00f1os-gravables-2015-y-2016.png\",\"@id\":\"https:\\\/\\\/contadoreshoy.com\\\/?p=6319\\\/#mainImage\",\"width\":800,\"height\":600},\"primaryImageOfPage\":{\"@id\":\"https:\\\/\\\/contadoreshoy.com\\\/?p=6319#mainImage\"},\"datePublished\":\"2016-03-09T17:48:41-05:00\",\"dateModified\":\"2017-02-04T21:58:58-05:00\"},{\"@type\":\"WebSite\",\"@id\":\"https:\\\/\\\/contadoreshoy.com\\\/#website\",\"url\":\"https:\\\/\\\/contadoreshoy.com\\\/\",\"name\":\"Contadores P\\u00fablicos\",\"description\":\"Portal para Contadores P\\u00fablicos y empresarios\",\"inLanguage\":\"es-ES\",\"publisher\":{\"@id\":\"https:\\\/\\\/contadoreshoy.com\\\/#organization\"}}]}\n\t\t<\/script>\n\t\t<!-- All in One SEO -->\n\n","aioseo_head_json":{"title":"Informaci\u00f3n Ex\u00f3gena a\u00f1os gravables 2015 y 2016 - Contadores P\u00fablicos","description":"Las resoluciones 000220 de octubre 31 de 2014, y 000112 de octubre 29 de 2015 expedidas por la DIAN, establecieron el grupo de obligados a suministrar la informaci\u00f3n tributaria por los a\u00f1os gravables 2015 y 2016, y se\u00f1alaron el contenido, caracter\u00edsticas t\u00e9cnicas para la presentaci\u00f3n y los plazos para su entrega.","canonical_url":"https:\/\/contadoreshoy.com\/?p=6319","robots":"max-image-preview:large","keywords":"","webmasterTools":{"miscellaneous":""},"schema":{"@context":"https:\/\/schema.org","@graph":[{"@type":"BlogPosting","@id":"https:\/\/contadoreshoy.com\/?p=6319#blogposting","name":"Informaci\u00f3n Ex\u00f3gena a\u00f1os gravables 2015 y 2016 - Contadores P\u00fablicos","headline":"Informaci\u00f3n Ex\u00f3gena a\u00f1os gravables 2015 y 2016","author":{"@id":"https:\/\/contadoreshoy.com\/?author=1#author"},"publisher":{"@id":"https:\/\/contadoreshoy.com\/#organization"},"image":{"@type":"ImageObject","url":"https:\/\/contadoreshoy.com\/wp-content\/uploads\/2015\/11\/Informaci\u00f3n-ex\u00f3gena-a\u00f1os-gravables-2015-y-2016.png","width":800,"height":600},"datePublished":"2016-03-09T17:48:41-05:00","dateModified":"2017-02-04T21:58:58-05:00","inLanguage":"es-ES","mainEntityOfPage":{"@id":"https:\/\/contadoreshoy.com\/?p=6319#webpage"},"isPartOf":{"@id":"https:\/\/contadoreshoy.com\/?p=6319#webpage"},"articleSection":"Sin categor\u00eda"},{"@type":"BreadcrumbList","@id":"https:\/\/contadoreshoy.com\/?p=6319#breadcrumblist","itemListElement":[{"@type":"ListItem","@id":"https:\/\/contadoreshoy.com#listItem","position":1,"name":"Home","item":"https:\/\/contadoreshoy.com","nextItem":{"@type":"ListItem","@id":"https:\/\/contadoreshoy.com\/?cat=454#listItem","name":"Sin categor\u00eda"}},{"@type":"ListItem","@id":"https:\/\/contadoreshoy.com\/?cat=454#listItem","position":2,"name":"Sin categor\u00eda","item":"https:\/\/contadoreshoy.com\/?cat=454","nextItem":{"@type":"ListItem","@id":"https:\/\/contadoreshoy.com\/?p=6319#listItem","name":"Informaci\u00f3n Ex\u00f3gena a\u00f1os gravables 2015 y 2016"},"previousItem":{"@type":"ListItem","@id":"https:\/\/contadoreshoy.com#listItem","name":"Home"}},{"@type":"ListItem","@id":"https:\/\/contadoreshoy.com\/?p=6319#listItem","position":3,"name":"Informaci\u00f3n Ex\u00f3gena a\u00f1os gravables 2015 y 2016","previousItem":{"@type":"ListItem","@id":"https:\/\/contadoreshoy.com\/?cat=454#listItem","name":"Sin categor\u00eda"}}]},{"@type":"Organization","@id":"https:\/\/contadoreshoy.com\/#organization","name":"Contadores P\u00fablicos","description":"Portal para Contadores P\u00fablicos y empresarios","url":"https:\/\/contadoreshoy.com\/","logo":{"@type":"ImageObject","url":"https:\/\/contadoreshoy.com\/wp-content\/uploads\/2024\/01\/cropped-cropped-Copia-de-M-1.jpg","@id":"https:\/\/contadoreshoy.com\/?p=6319\/#organizationLogo","width":499,"height":500},"image":{"@id":"https:\/\/contadoreshoy.com\/?p=6319\/#organizationLogo"}},{"@type":"Person","@id":"https:\/\/contadoreshoy.com\/?author=1#author","url":"https:\/\/contadoreshoy.com\/?author=1","name":"Miguel Antonio M\u00e1rquez Monta\u00f1ez"},{"@type":"WebPage","@id":"https:\/\/contadoreshoy.com\/?p=6319#webpage","url":"https:\/\/contadoreshoy.com\/?p=6319","name":"Informaci\u00f3n Ex\u00f3gena a\u00f1os gravables 2015 y 2016 - Contadores P\u00fablicos","description":"Las resoluciones 000220 de octubre 31 de 2014, y 000112 de octubre 29 de 2015 expedidas por la DIAN, establecieron el grupo de obligados a suministrar la informaci\u00f3n tributaria por los a\u00f1os gravables 2015 y 2016, y se\u00f1alaron el contenido, caracter\u00edsticas t\u00e9cnicas para la presentaci\u00f3n y los plazos para su entrega.","inLanguage":"es-ES","isPartOf":{"@id":"https:\/\/contadoreshoy.com\/#website"},"breadcrumb":{"@id":"https:\/\/contadoreshoy.com\/?p=6319#breadcrumblist"},"author":{"@id":"https:\/\/contadoreshoy.com\/?author=1#author"},"creator":{"@id":"https:\/\/contadoreshoy.com\/?author=1#author"},"image":{"@type":"ImageObject","url":"https:\/\/contadoreshoy.com\/wp-content\/uploads\/2015\/11\/Informaci\u00f3n-ex\u00f3gena-a\u00f1os-gravables-2015-y-2016.png","@id":"https:\/\/contadoreshoy.com\/?p=6319\/#mainImage","width":800,"height":600},"primaryImageOfPage":{"@id":"https:\/\/contadoreshoy.com\/?p=6319#mainImage"},"datePublished":"2016-03-09T17:48:41-05:00","dateModified":"2017-02-04T21:58:58-05:00"},{"@type":"WebSite","@id":"https:\/\/contadoreshoy.com\/#website","url":"https:\/\/contadoreshoy.com\/","name":"Contadores P\u00fablicos","description":"Portal para Contadores P\u00fablicos y empresarios","inLanguage":"es-ES","publisher":{"@id":"https:\/\/contadoreshoy.com\/#organization"}}]},"og:locale":"es_ES","og:site_name":"Contadores P\u00fablicos - Portal para Contadores P\u00fablicos y empresarios","og:type":"article","og:title":"Informaci\u00f3n Ex\u00f3gena a\u00f1os gravables 2015 y 2016 - Contadores P\u00fablicos","og:description":"Las resoluciones 000220 de octubre 31 de 2014, y 000112 de octubre 29 de 2015 expedidas por la DIAN, establecieron el grupo de obligados a suministrar la informaci\u00f3n tributaria por los a\u00f1os gravables 2015 y 2016, y se\u00f1alaron el contenido, caracter\u00edsticas t\u00e9cnicas para la presentaci\u00f3n y los plazos para su entrega.","og:url":"https:\/\/contadoreshoy.com\/?p=6319","og:image":"https:\/\/contadoreshoy.com\/wp-content\/uploads\/2024\/01\/cropped-cropped-cropped-Copia-de-M.jpg","og:image:secure_url":"https:\/\/contadoreshoy.com\/wp-content\/uploads\/2024\/01\/cropped-cropped-cropped-Copia-de-M.jpg","og:image:width":512,"og:image:height":371,"article:published_time":"2016-03-09T22:48:41+00:00","article:modified_time":"2017-02-05T02:58:58+00:00","twitter:card":"summary_large_image","twitter:title":"Informaci\u00f3n Ex\u00f3gena a\u00f1os gravables 2015 y 2016 - Contadores P\u00fablicos","twitter:description":"Las resoluciones 000220 de octubre 31 de 2014, y 000112 de octubre 29 de 2015 expedidas por la DIAN, establecieron el grupo de obligados a suministrar la informaci\u00f3n tributaria por los a\u00f1os gravables 2015 y 2016, y se\u00f1alaron el contenido, caracter\u00edsticas t\u00e9cnicas para la presentaci\u00f3n y los plazos para su entrega.","twitter:image":"https:\/\/contadoreshoy.com\/wp-content\/uploads\/2024\/01\/cropped-cropped-cropped-Copia-de-M.jpg"},"aioseo_meta_data":{"post_id":"6319","title":null,"description":null,"keywords":null,"keyphrases":null,"primary_term":null,"canonical_url":null,"og_title":null,"og_description":null,"og_object_type":"default","og_image_type":"default","og_image_url":null,"og_image_width":null,"og_image_height":null,"og_image_custom_url":null,"og_image_custom_fields":null,"og_video":null,"og_custom_url":null,"og_article_section":null,"og_article_tags":null,"twitter_use_og":false,"twitter_card":"default","twitter_image_type":"default","twitter_image_url":null,"twitter_image_custom_url":null,"twitter_image_custom_fields":null,"twitter_title":null,"twitter_description":null,"schema":{"blockGraphs":[],"customGraphs":[],"default":{"data":{"Article":[],"Course":[],"Dataset":[],"FAQPage":[],"Movie":[],"Person":[],"Product":[],"ProductReview":[],"Car":[],"Recipe":[],"Service":[],"SoftwareApplication":[],"WebPage":[]},"graphName":"","isEnabled":true},"graphs":[]},"schema_type":"default","schema_type_options":null,"pillar_content":false,"robots_default":true,"robots_noindex":false,"robots_noarchive":false,"robots_nosnippet":false,"robots_nofollow":false,"robots_noimageindex":false,"robots_noodp":false,"robots_notranslate":false,"robots_max_snippet":null,"robots_max_videopreview":null,"robots_max_imagepreview":"large","priority":null,"frequency":null,"local_seo":null,"breadcrumb_settings":null,"limit_modified_date":false,"ai":null,"created":"2024-03-05 01:34:25","updated":"2026-03-03 04:49:41","seo_analyzer_scan_date":null,"focus_keyword":null,"additional_keywords":null,"truseo_locale":null},"aioseo_breadcrumb":"<div class=\"aioseo-breadcrumbs\"><span class=\"aioseo-breadcrumb\">\n\t\t\t<a href=\"https:\/\/contadoreshoy.com\" title=\"Home\">Home<\/a>\n\t\t<\/span><span class=\"aioseo-breadcrumb-separator\">&raquo;<\/span><span class=\"aioseo-breadcrumb\">\n\t\t\t<a href=\"https:\/\/contadoreshoy.com\/?cat=454\" title=\"Sin categor\u00eda\">Sin categor\u00eda<\/a>\n\t\t<\/span><span class=\"aioseo-breadcrumb-separator\">&raquo;<\/span><span class=\"aioseo-breadcrumb\">\n\t\t\tInformaci\u00f3n Ex\u00f3gena a\u00f1os gravables 2015 y 2016\n\t\t<\/span><\/div>","aioseo_breadcrumb_json":[{"label":"Home","link":"https:\/\/contadoreshoy.com"},{"label":"Sin categor\u00eda","link":"https:\/\/contadoreshoy.com\/?cat=454"},{"label":"Informaci\u00f3n Ex\u00f3gena a\u00f1os gravables 2015 y 2016","link":"https:\/\/contadoreshoy.com\/?p=6319"}],"yoast_head":"<!-- This site is optimized with the Yoast SEO plugin v28.4 - https:\/\/yoast.com\/product\/yoast-seo-wordpress\/ -->\n<title>Informaci\u00f3n Ex\u00f3gena a\u00f1os gravables 2015 y 2016 - Contadores P\u00fablicos<\/title>\n<meta name=\"robots\" content=\"index, follow, max-snippet:-1, max-image-preview:large, max-video-preview:-1\" \/>\n<link rel=\"canonical\" href=\"https:\/\/contadoreshoy.com\/?p=6319\" \/>\n<meta property=\"og:locale\" content=\"es_ES\" \/>\n<meta property=\"og:type\" content=\"article\" \/>\n<meta property=\"og:title\" content=\"Informaci\u00f3n Ex\u00f3gena a\u00f1os gravables 2015 y 2016 - Contadores P\u00fablicos\" \/>\n<meta property=\"og:description\" content=\"Las resoluciones 000220 de octubre 31 de 2014, y 000112 de octubre 29 de 2015 expedidas por la DIAN, establecieron el grupo de obligados a suministrar la informaci\u00f3n tributaria por los a\u00f1os gravables 2015 y 2016, y se\u00f1alaron el contenido, caracter\u00edsticas t\u00e9cnicas para la presentaci\u00f3n y los plazos para su entrega.\" \/>\n<meta property=\"og:url\" content=\"https:\/\/contadoreshoy.com\/?p=6319\" \/>\n<meta property=\"og:site_name\" content=\"Contadores P\u00fablicos\" \/>\n<meta property=\"article:publisher\" content=\"https:\/\/www.facebook.com\/CCCPBucaramanga\/\" \/>\n<meta property=\"article:published_time\" content=\"2016-03-09T22:48:41+00:00\" \/>\n<meta property=\"article:modified_time\" content=\"2017-02-05T02:58:58+00:00\" \/>\n<meta property=\"og:image\" content=\"https:\/\/contadoreshoy.com\/wp-content\/uploads\/2015\/11\/Informaci\u00f3n-ex\u00f3gena-a\u00f1os-gravables-2015-y-2016.png\" \/>\n\t<meta property=\"og:image:width\" content=\"800\" \/>\n\t<meta property=\"og:image:height\" content=\"600\" \/>\n\t<meta property=\"og:image:type\" content=\"image\/png\" \/>\n<meta name=\"author\" content=\"Miguel Antonio M\u00e1rquez Monta\u00f1ez\" \/>\n<meta name=\"twitter:card\" content=\"summary_large_image\" \/>\n<meta name=\"twitter:label1\" content=\"Escrito por\" \/>\n\t<meta name=\"twitter:data1\" content=\"Miguel Antonio M\u00e1rquez Monta\u00f1ez\" \/>\n\t<meta name=\"twitter:label2\" content=\"Tiempo de lectura\" \/>\n\t<meta name=\"twitter:data2\" content=\"6 minutos\" \/>\n<script type=\"application\/ld+json\" class=\"yoast-schema-graph\">{\"@context\":\"https:\\\/\\\/schema.org\",\"@graph\":[{\"@type\":\"Article\",\"@id\":\"https:\\\/\\\/contadoreshoy.com\\\/?p=6319#article\",\"isPartOf\":{\"@id\":\"https:\\\/\\\/contadoreshoy.com\\\/?p=6319\"},\"author\":{\"name\":\"Miguel Antonio M\u00e1rquez Monta\u00f1ez\",\"@id\":\"https:\\\/\\\/contadoreshoy.com\\\/#\\\/schema\\\/person\\\/96d8979cb865537c5dc9345e40089fc5\"},\"headline\":\"Informaci\u00f3n Ex\u00f3gena a\u00f1os gravables 2015 y 2016\",\"datePublished\":\"2016-03-09T22:48:41+00:00\",\"dateModified\":\"2017-02-05T02:58:58+00:00\",\"mainEntityOfPage\":{\"@id\":\"https:\\\/\\\/contadoreshoy.com\\\/?p=6319\"},\"wordCount\":1253,\"commentCount\":0,\"publisher\":{\"@id\":\"https:\\\/\\\/contadoreshoy.com\\\/#organization\"},\"image\":{\"@id\":\"https:\\\/\\\/contadoreshoy.com\\\/?p=6319#primaryimage\"},\"thumbnailUrl\":\"https:\\\/\\\/contadoreshoy.com\\\/wp-content\\\/uploads\\\/2015\\\/11\\\/Informaci\u00f3n-ex\u00f3gena-a\u00f1os-gravables-2015-y-2016.png\",\"inLanguage\":\"es\",\"potentialAction\":[{\"@type\":\"CommentAction\",\"name\":\"Comment\",\"target\":[\"https:\\\/\\\/contadoreshoy.com\\\/?p=6319#respond\"]}]},{\"@type\":\"WebPage\",\"@id\":\"https:\\\/\\\/contadoreshoy.com\\\/?p=6319\",\"url\":\"https:\\\/\\\/contadoreshoy.com\\\/?p=6319\",\"name\":\"Informaci\u00f3n Ex\u00f3gena a\u00f1os gravables 2015 y 2016 - Contadores P\u00fablicos\",\"isPartOf\":{\"@id\":\"https:\\\/\\\/contadoreshoy.com\\\/#website\"},\"primaryImageOfPage\":{\"@id\":\"https:\\\/\\\/contadoreshoy.com\\\/?p=6319#primaryimage\"},\"image\":{\"@id\":\"https:\\\/\\\/contadoreshoy.com\\\/?p=6319#primaryimage\"},\"thumbnailUrl\":\"https:\\\/\\\/contadoreshoy.com\\\/wp-content\\\/uploads\\\/2015\\\/11\\\/Informaci\u00f3n-ex\u00f3gena-a\u00f1os-gravables-2015-y-2016.png\",\"datePublished\":\"2016-03-09T22:48:41+00:00\",\"dateModified\":\"2017-02-05T02:58:58+00:00\",\"breadcrumb\":{\"@id\":\"https:\\\/\\\/contadoreshoy.com\\\/?p=6319#breadcrumb\"},\"inLanguage\":\"es\",\"potentialAction\":[{\"@type\":\"ReadAction\",\"target\":[\"https:\\\/\\\/contadoreshoy.com\\\/?p=6319\"]}]},{\"@type\":\"ImageObject\",\"inLanguage\":\"es\",\"@id\":\"https:\\\/\\\/contadoreshoy.com\\\/?p=6319#primaryimage\",\"url\":\"https:\\\/\\\/contadoreshoy.com\\\/wp-content\\\/uploads\\\/2015\\\/11\\\/Informaci\u00f3n-ex\u00f3gena-a\u00f1os-gravables-2015-y-2016.png\",\"contentUrl\":\"https:\\\/\\\/contadoreshoy.com\\\/wp-content\\\/uploads\\\/2015\\\/11\\\/Informaci\u00f3n-ex\u00f3gena-a\u00f1os-gravables-2015-y-2016.png\",\"width\":800,\"height\":600},{\"@type\":\"BreadcrumbList\",\"@id\":\"https:\\\/\\\/contadoreshoy.com\\\/?p=6319#breadcrumb\",\"itemListElement\":[{\"@type\":\"ListItem\",\"position\":1,\"name\":\"Portada\",\"item\":\"https:\\\/\\\/contadoreshoy.com\\\/\"},{\"@type\":\"ListItem\",\"position\":2,\"name\":\"Informaci\u00f3n Ex\u00f3gena a\u00f1os gravables 2015 y 2016\"}]},{\"@type\":\"WebSite\",\"@id\":\"https:\\\/\\\/contadoreshoy.com\\\/#website\",\"url\":\"https:\\\/\\\/contadoreshoy.com\\\/\",\"name\":\"Contadorespublicossantander\",\"description\":\"Portal para Contadores P\u00fablicos y empresarios\",\"publisher\":{\"@id\":\"https:\\\/\\\/contadoreshoy.com\\\/#organization\"},\"potentialAction\":[{\"@type\":\"SearchAction\",\"target\":{\"@type\":\"EntryPoint\",\"urlTemplate\":\"https:\\\/\\\/contadoreshoy.com\\\/?s={search_term_string}\"},\"query-input\":{\"@type\":\"PropertyValueSpecification\",\"valueRequired\":true,\"valueName\":\"search_term_string\"}}],\"inLanguage\":\"es\"},{\"@type\":\"Organization\",\"@id\":\"https:\\\/\\\/contadoreshoy.com\\\/#organization\",\"name\":\"Contadores P\u00fablicos de Santander\",\"url\":\"https:\\\/\\\/contadoreshoy.com\\\/\",\"logo\":{\"@type\":\"ImageObject\",\"inLanguage\":\"es\",\"@id\":\"https:\\\/\\\/contadoreshoy.com\\\/#\\\/schema\\\/logo\\\/image\\\/\",\"url\":\"https:\\\/\\\/contadoreshoy.com\\\/wp-content\\\/uploads\\\/2024\\\/01\\\/cropped-cropped-Copia-de-M-1.jpg\",\"contentUrl\":\"https:\\\/\\\/contadoreshoy.com\\\/wp-content\\\/uploads\\\/2024\\\/01\\\/cropped-cropped-Copia-de-M-1.jpg\",\"width\":499,\"height\":500,\"caption\":\"Contadores P\u00fablicos de Santander\"},\"image\":{\"@id\":\"https:\\\/\\\/contadoreshoy.com\\\/#\\\/schema\\\/logo\\\/image\\\/\"},\"sameAs\":[\"https:\\\/\\\/www.facebook.com\\\/CCCPBucaramanga\\\/\"]},{\"@type\":\"Person\",\"@id\":\"https:\\\/\\\/contadoreshoy.com\\\/#\\\/schema\\\/person\\\/96d8979cb865537c5dc9345e40089fc5\",\"name\":\"Miguel Antonio M\u00e1rquez Monta\u00f1ez\",\"description\":\"Contador P\u00fablico egresado de la Universidad Aut\u00f3noma de Bucaramanga - Asesor contable tributario con m\u00e1s de 25 a\u00f1os de experiencia - Conferencista en temas contables y tributarios - T\u00e9cnico en Hardware y Dise\u00f1o Web - Creador y director Grupo de Estudio Colegio Colombiano de Contadores P\u00fablicos de Bucaramanga - Creador y Master Web p\u00e1gina www.contadoresp\u00fablicossantander.com - Expresidente Colegio Colombiano de Contadores P\u00fablicos Bucaramanga\",\"url\":\"https:\\\/\\\/contadoreshoy.com\\\/?author=1\"}]}<\/script>\n<!-- \/ Yoast SEO plugin. -->","yoast_head_json":{"title":"Informaci\u00f3n Ex\u00f3gena a\u00f1os gravables 2015 y 2016 - Contadores P\u00fablicos","robots":{"index":"index","follow":"follow","max-snippet":"max-snippet:-1","max-image-preview":"max-image-preview:large","max-video-preview":"max-video-preview:-1"},"canonical":"https:\/\/contadoreshoy.com\/?p=6319","og_locale":"es_ES","og_type":"article","og_title":"Informaci\u00f3n Ex\u00f3gena a\u00f1os gravables 2015 y 2016 - Contadores P\u00fablicos","og_description":"Las resoluciones 000220 de octubre 31 de 2014, y 000112 de octubre 29 de 2015 expedidas por la DIAN, establecieron el grupo de obligados a suministrar la informaci\u00f3n tributaria por los a\u00f1os gravables 2015 y 2016, y se\u00f1alaron el contenido, caracter\u00edsticas t\u00e9cnicas para la presentaci\u00f3n y los plazos para su entrega.","og_url":"https:\/\/contadoreshoy.com\/?p=6319","og_site_name":"Contadores P\u00fablicos","article_publisher":"https:\/\/www.facebook.com\/CCCPBucaramanga\/","article_published_time":"2016-03-09T22:48:41+00:00","article_modified_time":"2017-02-05T02:58:58+00:00","og_image":[{"width":800,"height":600,"url":"https:\/\/contadoreshoy.com\/wp-content\/uploads\/2015\/11\/Informaci\u00f3n-ex\u00f3gena-a\u00f1os-gravables-2015-y-2016.png","type":"image\/png"}],"author":"Miguel Antonio M\u00e1rquez Monta\u00f1ez","twitter_card":"summary_large_image","twitter_misc":{"Escrito por":"Miguel Antonio M\u00e1rquez Monta\u00f1ez","Tiempo de lectura":"6 minutos"},"schema":{"@context":"https:\/\/schema.org","@graph":[{"@type":"Article","@id":"https:\/\/contadoreshoy.com\/?p=6319#article","isPartOf":{"@id":"https:\/\/contadoreshoy.com\/?p=6319"},"author":{"name":"Miguel Antonio M\u00e1rquez Monta\u00f1ez","@id":"https:\/\/contadoreshoy.com\/#\/schema\/person\/96d8979cb865537c5dc9345e40089fc5"},"headline":"Informaci\u00f3n Ex\u00f3gena a\u00f1os gravables 2015 y 2016","datePublished":"2016-03-09T22:48:41+00:00","dateModified":"2017-02-05T02:58:58+00:00","mainEntityOfPage":{"@id":"https:\/\/contadoreshoy.com\/?p=6319"},"wordCount":1253,"commentCount":0,"publisher":{"@id":"https:\/\/contadoreshoy.com\/#organization"},"image":{"@id":"https:\/\/contadoreshoy.com\/?p=6319#primaryimage"},"thumbnailUrl":"https:\/\/contadoreshoy.com\/wp-content\/uploads\/2015\/11\/Informaci\u00f3n-ex\u00f3gena-a\u00f1os-gravables-2015-y-2016.png","inLanguage":"es","potentialAction":[{"@type":"CommentAction","name":"Comment","target":["https:\/\/contadoreshoy.com\/?p=6319#respond"]}]},{"@type":"WebPage","@id":"https:\/\/contadoreshoy.com\/?p=6319","url":"https:\/\/contadoreshoy.com\/?p=6319","name":"Informaci\u00f3n Ex\u00f3gena a\u00f1os gravables 2015 y 2016 - Contadores P\u00fablicos","isPartOf":{"@id":"https:\/\/contadoreshoy.com\/#website"},"primaryImageOfPage":{"@id":"https:\/\/contadoreshoy.com\/?p=6319#primaryimage"},"image":{"@id":"https:\/\/contadoreshoy.com\/?p=6319#primaryimage"},"thumbnailUrl":"https:\/\/contadoreshoy.com\/wp-content\/uploads\/2015\/11\/Informaci\u00f3n-ex\u00f3gena-a\u00f1os-gravables-2015-y-2016.png","datePublished":"2016-03-09T22:48:41+00:00","dateModified":"2017-02-05T02:58:58+00:00","breadcrumb":{"@id":"https:\/\/contadoreshoy.com\/?p=6319#breadcrumb"},"inLanguage":"es","potentialAction":[{"@type":"ReadAction","target":["https:\/\/contadoreshoy.com\/?p=6319"]}]},{"@type":"ImageObject","inLanguage":"es","@id":"https:\/\/contadoreshoy.com\/?p=6319#primaryimage","url":"https:\/\/contadoreshoy.com\/wp-content\/uploads\/2015\/11\/Informaci\u00f3n-ex\u00f3gena-a\u00f1os-gravables-2015-y-2016.png","contentUrl":"https:\/\/contadoreshoy.com\/wp-content\/uploads\/2015\/11\/Informaci\u00f3n-ex\u00f3gena-a\u00f1os-gravables-2015-y-2016.png","width":800,"height":600},{"@type":"BreadcrumbList","@id":"https:\/\/contadoreshoy.com\/?p=6319#breadcrumb","itemListElement":[{"@type":"ListItem","position":1,"name":"Portada","item":"https:\/\/contadoreshoy.com\/"},{"@type":"ListItem","position":2,"name":"Informaci\u00f3n Ex\u00f3gena a\u00f1os gravables 2015 y 2016"}]},{"@type":"WebSite","@id":"https:\/\/contadoreshoy.com\/#website","url":"https:\/\/contadoreshoy.com\/","name":"Contadorespublicossantander","description":"Portal para Contadores P\u00fablicos y empresarios","publisher":{"@id":"https:\/\/contadoreshoy.com\/#organization"},"potentialAction":[{"@type":"SearchAction","target":{"@type":"EntryPoint","urlTemplate":"https:\/\/contadoreshoy.com\/?s={search_term_string}"},"query-input":{"@type":"PropertyValueSpecification","valueRequired":true,"valueName":"search_term_string"}}],"inLanguage":"es"},{"@type":"Organization","@id":"https:\/\/contadoreshoy.com\/#organization","name":"Contadores P\u00fablicos de Santander","url":"https:\/\/contadoreshoy.com\/","logo":{"@type":"ImageObject","inLanguage":"es","@id":"https:\/\/contadoreshoy.com\/#\/schema\/logo\/image\/","url":"https:\/\/contadoreshoy.com\/wp-content\/uploads\/2024\/01\/cropped-cropped-Copia-de-M-1.jpg","contentUrl":"https:\/\/contadoreshoy.com\/wp-content\/uploads\/2024\/01\/cropped-cropped-Copia-de-M-1.jpg","width":499,"height":500,"caption":"Contadores P\u00fablicos de Santander"},"image":{"@id":"https:\/\/contadoreshoy.com\/#\/schema\/logo\/image\/"},"sameAs":["https:\/\/www.facebook.com\/CCCPBucaramanga\/"]},{"@type":"Person","@id":"https:\/\/contadoreshoy.com\/#\/schema\/person\/96d8979cb865537c5dc9345e40089fc5","name":"Miguel Antonio M\u00e1rquez Monta\u00f1ez","description":"Contador P\u00fablico egresado de la Universidad Aut\u00f3noma de Bucaramanga - Asesor contable tributario con m\u00e1s de 25 a\u00f1os de experiencia - Conferencista en temas contables y tributarios - T\u00e9cnico en Hardware y Dise\u00f1o Web - Creador y director Grupo de Estudio Colegio Colombiano de Contadores P\u00fablicos de Bucaramanga - Creador y Master Web p\u00e1gina www.contadoresp\u00fablicossantander.com - Expresidente Colegio Colombiano de Contadores P\u00fablicos Bucaramanga","url":"https:\/\/contadoreshoy.com\/?author=1"}]}},"_links":{"self":[{"href":"https:\/\/contadoreshoy.com\/index.php?rest_route=\/wp\/v2\/posts\/6319","targetHints":{"allow":["GET"]}}],"collection":[{"href":"https:\/\/contadoreshoy.com\/index.php?rest_route=\/wp\/v2\/posts"}],"about":[{"href":"https:\/\/contadoreshoy.com\/index.php?rest_route=\/wp\/v2\/types\/post"}],"author":[{"embeddable":true,"href":"https:\/\/contadoreshoy.com\/index.php?rest_route=\/wp\/v2\/users\/1"}],"replies":[{"embeddable":true,"href":"https:\/\/contadoreshoy.com\/index.php?rest_route=%2Fwp%2Fv2%2Fcomments&post=6319"}],"version-history":[{"count":1,"href":"https:\/\/contadoreshoy.com\/index.php?rest_route=\/wp\/v2\/posts\/6319\/revisions"}],"predecessor-version":[{"id":7905,"href":"https:\/\/contadoreshoy.com\/index.php?rest_route=\/wp\/v2\/posts\/6319\/revisions\/7905"}],"wp:featuredmedia":[{"embeddable":true,"href":"https:\/\/contadoreshoy.com\/index.php?rest_route=\/wp\/v2\/media\/6323"}],"wp:attachment":[{"href":"https:\/\/contadoreshoy.com\/index.php?rest_route=%2Fwp%2Fv2%2Fmedia&parent=6319"}],"wp:term":[{"taxonomy":"category","embeddable":true,"href":"https:\/\/contadoreshoy.com\/index.php?rest_route=%2Fwp%2Fv2%2Fcategories&post=6319"},{"taxonomy":"post_tag","embeddable":true,"href":"https:\/\/contadoreshoy.com\/index.php?rest_route=%2Fwp%2Fv2%2Ftags&post=6319"}],"curies":[{"name":"wp","href":"https:\/\/api.w.org\/{rel}","templated":true}]}}