{"id":6346,"date":"2015-11-14T20:24:21","date_gmt":"2015-11-15T01:24:21","guid":{"rendered":"http:\/\/colegiocolombianodecontadores.com\/?p=6346"},"modified":"2017-02-04T21:59:56","modified_gmt":"2017-02-05T02:59:56","slug":"base-gravable-del-impuesto-a-la-riqueza-para-las-cooperativas","status":"publish","type":"post","link":"https:\/\/contadoreshoy.com\/?p=6346","title":{"rendered":"Base gravable del impuesto a la riqueza para las cooperativas"},"content":{"rendered":"<p style=\"text-align: center;\"><strong>OFICIO N\u00daMERO 027890 DE 2015 DIAN<\/strong><\/p>\n<p style=\"text-align: center;\">(septiembre 24)<\/p>\n<p>Direcci\u00f3n de Gesti\u00f3n Jur\u00eddica<\/p>\n<p>Bogot\u00e1, D. C., 23 de septiembre de 2015<\/p>\n<p>100202208-0940<\/p>\n<p>&nbsp;<\/p>\n<p>Se\u00f1ores<\/p>\n<p>CARLOS ERNESTO ACERO S\u00c1NCHEZ<\/p>\n<p>Presidente Ejecutivo<\/p>\n<p>JORGE HERNANDO LEAL USSA<\/p>\n<p>Representante Legal<\/p>\n<p>Confederaci\u00f3n de Cooperativas de Colombia (Confecoop)<\/p>\n<p>Carrera 15 N\u00b0 97-40 Oficina 601 Bogot\u00e1, D. C.<\/p>\n<p>&nbsp;<\/p>\n<p><strong>Referencia:<\/strong> Radicados n\u00fameros 1789 del 12 de mayo de 2015 y n\u00famero 029776 del 24 de julio de 2015.<\/p>\n<table style=\"height: 407px;\" width=\"1172\">\n<tbody>\n<tr>\n<td width=\"113\">Tema<\/td>\n<td width=\"340\">Impuesto a la Riqueza<\/p>\n<p>Impuesto sobre la Renta y Complementarios<\/td>\n<\/tr>\n<tr>\n<td width=\"113\">Descriptores<\/td>\n<td width=\"340\">BASE DEL IMPUESTO A LA RIQUEZA<\/p>\n<p>R\u00e9gimen Tributario Especial<\/td>\n<\/tr>\n<tr>\n<td width=\"113\">Fuentes formales<\/td>\n<td width=\"340\">Art\u00edculos 19 y 295-2 del Estatuto Tributario, 12 del Decreto n\u00famero 4400 de 2004; Conceptos n\u00famero 000660 del 4 de enero de 2008 y n\u00famero 024258 del 20 de agosto de 2015; Oficios n\u00famero 049412 del 15 de agosto de 2014 y n\u00famero 001408 del 21 de enero de 2015.<\/td>\n<\/tr>\n<\/tbody>\n<\/table>\n<p>Atento saludo se\u00f1ores Acero S\u00e1nchez y Leal Ussa:<\/p>\n<p style=\"text-align: justify;\">De conformidad con el art\u00edculo 19 del Decreto n\u00famero 4048 de 2008, es funci\u00f3n de esta Direcci\u00f3n absolver las consultas escritas que se formulen sobre la interpretaci\u00f3n y aplicaci\u00f3n de las normas tributarias de car\u00e1cter nacional, aduaneras y cambiarias en lo de competencia de la Entidad.<\/p>\n<p style=\"text-align: justify;\"><span style=\"color: #0000ff;\">Mediante los radicados de la referencia solicitan <em>\u201cla revisi\u00f3n de los pronunciamientos emitidos (\u2026) en relaci\u00f3n con la forma de determinar la base gravable del impuesto a la riqueza para las cooperativas, y la tarifa de retenci\u00f3n en la fuente en t\u00edtulos de renta fija\u201d<\/em>, entre otros.<\/span><\/p>\n<p style=\"text-align: justify;\">Asimismo, exponen algunos acontecimientos <em>\u201cque se han venido presentando en algunas regiones del pa\u00eds, derivados de interpretaciones dadas por algunos funcionarios seccionales (\u2026) al r\u00e9gimen tributario especial\u201d<\/em> sobre lo cual requieren la <em>\u201crevisi\u00f3n y el pronunciamiento correspondiente\u201d<\/em>.<\/p>\n<p style=\"text-align: justify;\"><strong>Tal es el caso de una interpretaci\u00f3n del art\u00edculo 10 de la Ley 79 de 1988 que han efectuado funcionarios de Direcciones Seccionales de Impuestos trat\u00e1ndose de las cooperativas de ahorro y cr\u00e9dito, pues <em>\u201cha optado por aplicar la presunci\u00f3n de que todos los ingresos no operacionales se originan en operaciones con terceros\u201d<\/em>, raz\u00f3n por la cual <em>\u201cdebieron ser llevados al fondo especial no distribuible\u201d<\/em> y <em>\u201c[b]ajo esta premisa se quiere gravar con el 20% la totalidad de los ingresos no operacionales (\u2026) inclusive sin tener en cuenta la existencia de costos asociados\u201d<\/em>.<\/strong><\/p>\n<p style=\"text-align: justify;\"><strong>Concordante con lo anterior, a\u00f1aden que Administraciones Seccionales <em>\u201cargumentan que la inversi\u00f3n del 20% en educaci\u00f3n formal debe realizarse sobre el total del beneficio contable, desconociendo que seg\u00fan el art\u00edculo 10 de la Ley 79 de 1988, los excedentes generados de la prestaci\u00f3n de servicios a terceros deben llevarse a un fondo social no susceptible de repartici\u00f3n\u201d<\/em>.<\/strong><\/p>\n<p style=\"text-align: justify;\"><strong>Tambi\u00e9n expresan que <em>\u201c[d]espu\u00e9s de varios a\u00f1os de haber sido aceptadas las reservas constituidas con cargo al gasto, conforme a lo establecido en el art\u00edculo 56 de la Ley 79 de 1988, la DIAN ha empezado a cuestionar esta \u2018deducci\u00f3n\u00b4\u201d<\/em>, <em>\u201c[e]n algunos casos ha rechazado el gasto por esta reserva y solicita el pago del 20% de impuesto de renta sobre este `egreso no procedente\u2019; en otros casos, ha argumentado que es una distribuci\u00f3n de excedentes que no cumple con el art\u00edculo 54 de la Ley 79 de 1988 y, por lo tanto, ha exigido el pago del 20% sobre el total del excedente fiscal rechazando la renta exenta por inversi\u00f3n en educaci\u00f3n formal\u201d.<\/em><\/strong><\/p>\n<p style=\"text-align: justify;\">Finalmente, aseveran:<\/p>\n<p style=\"text-align: justify;\"><em>\u201cEn las liquidaciones oficiales se impone la sanci\u00f3n de inexactitud (\u2026). Sin embargo, creemos que las actuaciones de las cooperativas est\u00e1n fundamentadas en una sana interpretaci\u00f3n de las normas, de la jurisprudencia y de los conceptos de la DIAN, raz\u00f3n por la cual se le debe excluir de la aplicaci\u00f3n de dicha sanci\u00f3n (\u2026)\u201d<\/em>.<\/p>\n<p style=\"text-align: justify;\">Referente a los antepuestos acontecimientos, es preciso recordar que en materia tributaria se encuentran instituidos el recurso de reconsideraci\u00f3n \u2013y para ciertos casos los recursos de reposici\u00f3n y de apelaci\u00f3n\u2013 junto con la acci\u00f3n de revocatoria directa con el prop\u00f3sito de garantizar a los administrados la posibilidad de impugnar o controvertir los actos proferidos por la autoridad en desarrollo de la actuaci\u00f3n administrativa; de modo que, frente a las objeciones planteadas en torno a las actuaciones de las Administraciones Seccionales de Impuestos y\/o Aduanas deber\u00e1 acudirse a los medios previamente indicados, siempre que sea procedente y oportuno en los t\u00e9rminos de la ley.<\/p>\n<p style=\"text-align: justify;\"><span style=\"color: #0000ff;\">Especificado lo antepuesto, proceder\u00e1 este Despacho a pronunciarse sobre los temas propuestos.<\/span><\/p>\n<ol style=\"text-align: justify;\">\n<li><strong><span style=\"color: #0000ff;\">Base gravable del impuesto a la riqueza para las cooperativas <\/span><\/strong><\/li>\n<\/ol>\n<p style=\"text-align: justify;\">Indican que, acorde con el art\u00edculo 295-2 del Estatuto Tributario, <em>\u201clas cooperativas pueden excluir de la base gravable el valor patrimonial de los aportes realizados por los asociados\u201d<\/em>, empero, esta Entidad <em>\u201cllega a la conclusi\u00f3n de que es el <strong>valor patrimonial neto<\/strong>, en el concepto radicado con el n\u00famero 000S2015004349 del 17 de febrero de 2015\u201d <\/em>(negrilla fuera de texto).<\/p>\n<p style=\"text-align: justify;\">Agregan que <em>\u201cConfecoop radic\u00f3 una comunicaci\u00f3n (\u2026) en la cual explic\u00f3 que el concepto `neto\u00b4 no est\u00e1 establecido en el numeral 9\u00b0 de dicho art\u00edculo para las cooperativas (\u2026) y que el mismo no es aplicable a los aportes sociales de los asociados, pues estos no son activos sino un factor patrimonial con caracter\u00edsticas de pasivo\u201d.<\/em><\/p>\n<p style=\"text-align: justify;\">En efecto, mediante Concepto n\u00famero 004349 del 17 de febrero de 2015 la Subdirecci\u00f3n de Gesti\u00f3n de Normativa y Doctrina de esta Entidad expres\u00f3:<\/p>\n<p style=\"text-align: justify;\"><em>\u201cPara la depuraci\u00f3n de los valores patrimoniales de los aportes sociales, realizados por los asociados de las entidades del sector solidario, conforme con el numeral 9 del art\u00edculo 295-2 del Estatuto Tributario, se determinar\u00e1n por el procedimiento del par\u00e1grafo 2\u00b0 del mismo art\u00edculo.<\/em><\/p>\n<p style=\"text-align: justify;\"><em>(\u2026)<\/em><\/p>\n<p style=\"text-align: justify;\"><em>As\u00ed las cosas, para las personas jur\u00eddicas el valor patrimonial que pueden depurar por aportes sociales a la base del impuesto a la Riqueza, se obtiene de la aplicaci\u00f3n del siguiente procedimiento: <\/em><\/p>\n<ol style=\"text-align: justify;\">\n<li><strong><em>Se obtiene un porcentaje que resulta de dividir el patrimonio l\u00edquido por el patrimonio bruto. <\/em><\/strong><\/li>\n<li><strong><em>Tal porcentaje as\u00ed obtenido se multiplica por el valor patrimonial del bien, cuyo resultado es el que se debe excluir de la base gravable.<\/em><\/strong><\/li>\n<\/ol>\n<p style=\"text-align: justify;\"><em>En virtud de lo anterior, <span style=\"color: #ff9900;\"><strong>se colige que el tratamiento acertado para la depuraci\u00f3n de los aportes sociales, es a trav\u00e9s de la aplicaci\u00f3n del par\u00e1grafo 2\u00b0 del art\u00edculo 295-2 del Estatuto Tributario<\/strong><\/span>, lo anterior por ser regla general, aplicable a las entidades por las que Ud. indaga\u201d. (sic) <\/em>(negrilla fuera de texto).<\/p>\n<p style=\"text-align: justify;\">Sobre el particular, el art\u00edculo 295-2 del Estatuto Tributario y en concreto su numeral 9 consagra:<\/p>\n<p style=\"text-align: justify;\"><em>\u201cArt\u00edculo 295-2. Base Gravable. &lt;Art\u00edculo adicionado por el art\u00edculo 4\u00b0 de la Ley 1739 de 2014. El nuevo texto es el siguiente:&gt; La base gravable del impuesto a la riqueza es el valor del patrimonio bruto de las personas jur\u00eddicas y sociedades de hecho pose\u00eddo a 1\u00b0 de enero de 2015, 2016 y 2017 menos las deudas a cargo de las mismas vigentes en esas mismas fechas, y en el caso de personas naturales y sucesiones il\u00edquidas, el patrimonio bruto pose\u00eddo por ellas a 1\u00b0 de enero de 2015, 2016, 2017 y 2018 menos las deudas a cargo de las mismas vigentes en esas mismas fechas, determinados en ambos casos conforme a lo previsto en el T\u00edtulo II del Libro I de este Estatuto, <span style=\"color: #ff9900;\"><strong>excluyendo el valor patrimonial que tengan al 1\u00b0 de enero de 2015, 2016 y 2017 para los contribuyentes personas jur\u00eddicas<\/strong> y sociedades de hecho, y el que tengan a 1\u00b0 de enero de 2015, 2016, 2017 y 2018 las personas naturales y las sucesiones il\u00edquidas, los siguientes bienes:<\/span><\/em><\/p>\n<p style=\"text-align: justify;\"><span style=\"color: #ff9900;\"><em>(\u2026)<\/em><\/span><\/p>\n<ol style=\"text-align: justify;\" start=\"9\">\n<li><span style=\"color: #ff9900;\"><em> Los contribuyentes a que se refiere el numeral 4 del art\u00edculo 19 de este Estatuto,\u00a0 <\/em><\/span><\/li>\n<\/ol>\n<p style=\"text-align: justify;\"><em>(\u2026)\u201d <\/em>(negrilla fuera de texto).<\/p>\n<p style=\"text-align: justify;\">A su vez, el par\u00e1grafo 2\u00b0 de la norma transcrita se\u00f1ala:<\/p>\n<p style=\"text-align: justify;\"><em>\u201cPar\u00e1grafo 2\u00b0. <strong>Los valores patrimoniales que se pueden excluir de la base gravable del Impuesto a la Riqueza se determinar\u00e1n de conformidad con lo previsto en el T\u00edtulo II del Libro I de este Estatuto<\/strong>. El valor patrimonial neto de los bienes que se excluyen de la base gravable, es el que se obtenga de multiplicar el valor patrimonial del bien por el porcentaje que resulte de dividir el patrimonio l\u00edquido por el patrimonio bruto a 1\u00b0 de enero de 2015, a 1\u00b0 de enero de 2016, a 1\u00b0 de enero de 2017 en el caso de los contribuyentes personas jur\u00eddicas y sociedades de hecho, y el que resulte de dividir el patrimonio l\u00edquido por el patrimonio bruto a 1\u00b0 de enero de 2015, 1\u00b0 de enero de 2016, 1\u00b0 de enero de 2017 y 1\u00b0 de enero de 2018 en el caso de los contribuyentes personas naturales y sucesiones il\u00edquidas\u201d. <\/em>(Negrilla fuera de texto).<\/p>\n<p style=\"text-align: justify;\">Luego, advirtiendo que el par\u00e1grafo 2\u00b0 del art\u00edculo 295-2 <em>ib\u00eddem<\/em> comprende dos tratamientos tributarios diferentes, separados entre s\u00ed por el uso ling\u00fc\u00edstico del signo <em>punto y seguido<\/em> \u2013 cuya finalidad es separar los enunciados que integran un p\u00e1rrafo, en palabras de la Real Academia Espa\u00f1ola (Diccionario panhisp\u00e1nico de dudas, 2005) \u2013 y referidos a la determinaci\u00f3n de valores patrimoniales y de valores patrimoniales netos, <span style=\"color: #ff9900;\">es razonable concluir que, en atenci\u00f3n al numeral 9 de la misma norma (que dicho sea de paso se refiere estrictamente a valor patrimonial), en cuanto a los aportes sociales realizados por los asociados de las entidades del sector solidario, su valor patrimonial se determina conforme lo contemplado en el T\u00edtulo II del Libro I del Estatuto Tributario, contrario a lo expresado en el pronunciamiento objeto de disenso.<\/span><\/p>\n<p style=\"text-align: justify;\">Por tal raz\u00f3n, esta Direcci\u00f3n se permite revocar el Concepto n\u00famero 004349 del 17 de febrero de 2015.<\/p>\n<ol style=\"text-align: justify;\" start=\"2\">\n<li><span style=\"color: #0000ff;\"><strong>C\u00e1lculo del beneficio neto para las cooperativas <\/strong><\/span><\/li>\n<\/ol>\n<p style=\"text-align: justify;\">Manifiestan que en el c\u00e1lculo del beneficio neto previsto en el art\u00edculo 10 de la Ley 1066 de 2006, en trat\u00e1ndose de cooperativas, <em>\u201c[l]os funcionarios de la DIAN (\u2026) no aceptan gastos tales como el GMF, provisiones, impuesto al patrimonio, entre otros, por no estar permitidos en el Estatuto Tributario\u201d<\/em>.<\/p>\n<p style=\"text-align: justify;\">Agregan que Confecoop <em>\u201cno comparte la anterior interpretaci\u00f3n pues el sentido de la norma es que el c\u00e1lculo (\u2026) se realizar\u00e1 de acuerdo a como lo establezca la ley y la normatividad cooperativa vigente. Por esta raz\u00f3n, no es posible entender, como lo hacen algunos funcionarios (\u2026) que dicho art\u00edculo 10 se refiere a la ley tributaria ya que la norma no hizo esa distinci\u00f3n\u201d<\/em>.<\/p>\n<p style=\"text-align: justify;\">Denotan que <em>\u201c[c]on la expedici\u00f3n de la Ley 1066 se derog\u00f3 t\u00e1citamente la segunda parte del art\u00edculo 11 del Decreto n\u00famero 4400 de 2004, modificado por el art\u00edculo 5\u00b0 del Decreto n\u00famero 640 del 9 de marzo de 2005\u201d (sic)<\/em>, interpretaci\u00f3n que <em>\u201cfue avalada por la DIAN\u201d<\/em>; de modo que, al ser claro <em>\u201cque a las cooperativas no les aplica lo dispuesto en los art\u00edculos 3\u00b0, 4\u00b0 y 5\u00b0 del Decreto n\u00famero 4400 de 2004\u201d <\/em>solicita la revocatoria del <em>\u201cConcepto n\u00famero 016648 del 18 de diciembre de 2014\u201d<\/em> al desconocer lo establecido en el art\u00edculo 10 de la Ley 1066 de 2006. Del mencionado pronunciamiento tambi\u00e9n a\u00f1aden que <em>\u201ccontrar\u00edan la ley las respuestas a las preguntas 2, 3 y 7 (\u2026) en las que se afirma que el 50% del GMF, el impuesto al patrimonio y el impuesto de veh\u00edculos no son egresos procedentes para las cooperativas\u201d<\/em>.<\/p>\n<p style=\"text-align: justify;\">Adem\u00e1s, se\u00f1alan que <em>\u201cel Concepto n\u00famero 056644 de 2010 induce a una interpretaci\u00f3n err\u00f3nea de la ley al agregar una coma (,) que en el texto original del art\u00edculo 10 de la Ley 1066 de 2006 publicado en el <strong>Diario Oficial<\/strong> no existe\u201d<\/em> y que <em>\u201ccon base en este error se han proferido actos administrativos en los que se afirma que el t\u00e9rmino \u2018ley\u2019 se refiere a la ley tributaria\u201d.<\/em><\/p>\n<p style=\"text-align: justify;\">Al respecto, mediante Concepto n\u00famero 024258 del 20 de agosto de 2015 se declar\u00f3:<\/p>\n<p style=\"text-align: justify;\"><em>\u201cEl art\u00edculo 19 del Estatuto Tributario prev\u00e9 un r\u00e9gimen especial para determinar el impuesto sobre la renta de acuerdo con lo establecido en el Titulo VI del mismo ordenamiento jur\u00eddico (art\u00edculo 356 y siguientes), r\u00e9gimen que aplica taxativamente a los sujetos enumerados en esta disposici\u00f3n, entre ellas las se\u00f1aladas en el numeral 4, as\u00ed:<\/em><\/p>\n<p style=\"text-align: justify;\"><em>\u2018Las cooperativas, sus asociaciones, uniones, ligas centrales, organismos de grado superior de car\u00e1cter financiero, las asociaciones mutualistas, instituciones auxiliares del cooperativismo, confederaciones cooperativas, previstas en la legislaci\u00f3n cooperativa, vigilados por alguna superintendencia u organismos de control. Estas entidades estar\u00e1n exentas del impuesto sobre la renta y complementarios si el veinte por ciento (20%) del excedente, tomado en su totalidad del fondo de educaci\u00f3n y solidaridad de que trata el art\u00edculo 54 de la Ley 79 de 1988, se destina de manera aut\u00f3noma por las propias cooperativas a financiar cupos y programas de educaci\u00f3n formal en instituciones autorizadas por el Ministerio de Educaci\u00f3n Nacional\u2019.<\/em><\/p>\n<p style=\"text-align: justify;\"><em>El inciso 2\u00b0 de este numeral se\u00f1ala que:<\/em><\/p>\n<p style=\"text-align: justify;\"><em>\u2018El beneficio neto o excedente de estas entidades estar\u00e1 sujeto a impuesto cuando lo destinen en todo o en parte en forma diferente a lo establecido en este art\u00edculo y en la legislaci\u00f3n cooperativa vigente\u2019.<\/em><\/p>\n<p style=\"text-align: justify;\"><em>Y, en el inciso siguiente, adicionado por el art\u00edculo 10 de la Ley 1066 de 2006, se indica que:<\/em><\/p>\n<p style=\"text-align: justify;\"><em>`El c\u00e1lculo de este beneficio neto o excedente se realizar\u00e1 de acuerdo a como lo establezca la ley y la normatividad cooperativa vigente\u00b4. <\/em><\/p>\n<p style=\"text-align: justify;\"><em>Ahora bien, el art\u00edculo 356 del Estatuto Tributario establece:<\/em><\/p>\n<p style=\"text-align: justify;\"><em>\u2018Art\u00edculo 356. Tratamiento especial para algunos contribuyentes. Los contribuyentes a que se refiere el art\u00edculo 19, est\u00e1n sometidos al impuesto de renta y complementarios sobre el beneficio neto o excedente a la tarifa \u00fanica del veinte por ciento (20%)\u2019.<\/em><\/p>\n<p style=\"text-align: justify;\"><em>En relaci\u00f3n con la depuraci\u00f3n y la forma de obtener el beneficio neto o excedente el art\u00edculo 357 ib\u00eddem, dispone.<\/em><\/p>\n<p style=\"text-align: justify;\"><em>\u2018Art\u00edculo 357. <span style=\"color: #ff9900;\">Determinaci\u00f3n del beneficio neto o excedente. Para determinar el beneficio neto o excedente se tomar\u00e1 la totalidad de los ingresos, cualquiera sea su naturaleza, y se restar\u00e1 el valor de los egresos de cualquier naturaleza, que tengan relaci\u00f3n de causalidad con los ingresos o con el cumplimiento de su objeto social de conformidad con lo dispuesto en este T\u00edtulo, incluyendo en los egresos las inversiones que hagan en cumplimiento del mismo\u2019.<\/span><\/em><\/p>\n<p style=\"text-align: justify;\"><em>Por su parte, el Decreto 4400 de 2004, por el cual se reglamenta el art\u00edculo 19 y el T\u00edtulo VI, Libro I del Estatuto Tributario referente al R\u00e9gimen Tributario Especial y se dictan otras disposiciones, modificado parcialmente por el Decreto 640 de 2005, en el art\u00edculo 4\u00b0 se refiere a los egresos procedentes y el art\u00edculo 5\u00b0 a la determinaci\u00f3n del beneficio neto o excedente.<\/em><\/p>\n<p style=\"text-align: justify;\"><em>As\u00ed mismo, se observa que el art\u00edculo 11 del Decreto n\u00famero 4400 de 2004, relativo a la determinaci\u00f3n del beneficio neto o excedente para las entidades del sector cooperativo y asociaciones mutuales, fue modificada por el art\u00edculo 5\u00b0 del Decreto n\u00famero 640 de 2005, de acuerdo con el cual, para tal efecto estas entidades determinar\u00e1n el beneficio neto o excedente conforme con el procedimiento establecido en los art\u00edculos 3\u00b0, 4\u00b0 y 5\u00b0 del Decreto n\u00famero 4400 de 2004.<\/em><\/p>\n<p style=\"text-align: justify;\"><em>Ahora bien,<span style=\"color: #ff9900;\"> <strong>es claro que estas disposiciones son anteriores a la modificaci\u00f3n introducida al numeral 4 del art\u00edculo 19 Estatuto Tributario por el art\u00edculo 10 de la Ley 1066 de 2006, seg\u00fan la cual para el c\u00e1lculo del beneficio neto o excedente, las entidades a que se refiere este numeral, lo realizar\u00e1n de acuerdo como lo establezca la ley y la normatividad cooperativa vigente, lo que implica que el procedimiento se\u00f1alado en los art\u00edculos 3\u00b0, 4\u00b0 y 5\u00b0 del Decreto n\u00famero 4400 y su modificatorio no tienen lugar en este caso, en virtud de la respectiva modificaci\u00f3n legal<\/strong>.<\/span><\/em><\/p>\n<p style=\"text-align: justify;\"><em>No obstante lo anterior, mediante Concepto n\u00famero 016648 de 2014, al resolver diferentes preguntas tendientes a establecer la inclusi\u00f3n o no de algunos pagos para efectos del c\u00e1lculo del beneficio neto o excedente para el sector cooperativo, se interpret\u00f3 que era necesario considerar en primer lugar lo que se entiende como egreso procedente y se indic\u00f3 que:<\/em><\/p>\n<p style=\"text-align: justify;\"><em>\u2018En el caso de las cooperativas la determinaci\u00f3n del beneficio neto o excedente se calcula por la resta entre ingresos y egresos procedentes en aplicaci\u00f3n del art\u00edculo 357 del Estatuto Tributario y los art\u00edculo 4\u00b0 y 5\u00b0 del Decreto n\u00famero 4400 de 2005\u2019.<\/em><\/p>\n<p style=\"text-align: justify;\"><em>Y as\u00ed mismo, que:<\/em><\/p>\n<p style=\"text-align: justify;\"><em>\u2018\u2026 para efectos de determinar los egresos procedentes realizados debe observarse la relaci\u00f3n de causalidad con los ingresos o con el objeto social\u2019.<\/em><\/p>\n<p style=\"text-align: justify;\"><em>Ahora bien, revisado el fallo del Consejo de Estado, Sala de lo Contencioso Administrativo, Secci\u00f3n Cuarta, Expediente n\u00famero 16612 del 26 de noviembre de 2009, en un caso particular y concreto, donde el tema objeto de discusi\u00f3n era si las cooperativas pod\u00edan tener en cuenta como egreso procedente el GMF, despu\u00e9s de analizar las normas aplicables a la \u00e9poca de los hechos, se concluye de acuerdo con la normatividad vigente en materia cooperativa, que: <\/em><\/p>\n<p style=\"text-align: justify;\"><em>\u2018<span style=\"color: #ff9900;\">En consecuencia, <strong>trat\u00e1ndose concretamente de los egresos de las cooperativas proceder\u00e1n aquellos que constituyan costo o gasto y tengan relaci\u00f3n de causalidad con los ingresos y los que no teniendo relaci\u00f3n de causalidad con los ingresos, o que no sean necesarios y proporcionados de acuerdo con las dem\u00e1s actividades comerciales de la cooperativa, ser\u00e1n procedentes los que sean realizados de conformidad con lo previsto en la legislaci\u00f3n cooperativa<\/strong>. <\/span><\/em><\/p>\n<p style=\"text-align: justify;\"><span style=\"text-decoration: underline;\"><span style=\"color: #ff9900; text-decoration: underline;\"><em>Ahora bien, el art\u00edculo 872 del Estatuto Tributario no permite deducir de la renta bruta de los contribuyentes el GMF, sin embargo, la Sala considera que tal norma no es aplicable a las cooperativas porque, como se vio, tienen una forma de establecer el beneficio neto, que es la base gravable del impuesto, especial y diferente a la de los dem\u00e1s contribuyentes del r\u00e9gimen especial, con una procedencia de egresos especial para ellas. De manera que si para otros contribuyentes el gasto por concepto de GMF no es procedente, para las cooperativas s\u00ed lo ser\u00e1 si es realizado conforme a la normatividad cooperativa. <\/em><\/span><\/span><\/p>\n<p style=\"text-align: justify;\"><span style=\"color: #ff9900;\"><strong><em>Si bien, la norma que proh\u00edbe la deducci\u00f3n del GMF y la que establece una especialidad en la determinaci\u00f3n del beneficio neto de las cooperativas, tienen el mismo rango, para la Sala prima la especial de las cooperativas porque constituye una regulaci\u00f3n completa y excluyente, en materia de egresos, de las dem\u00e1s disposiciones, a\u00fan de las que regulan a las entidades del r\u00e9gimen especial. <\/em><\/strong><\/span><\/p>\n<p style=\"text-align: justify;\"><em>Teniendo en cuenta lo anterior, dentro de la normatividad de las cooperativas el Plan \u00danico de Cuentas establecido por la Resoluci\u00f3n n\u00famero 1515 de 2001 de la Superintendencia de la Econom\u00eda Solidaria establece el pago de impuestos obligatorio a favor del Estado diferentes a los de renta y complementarios, como gastos de ventas de la clase 5, grupo 52, c\u00f3digo 5215 y concretamente, el impuesto del 3 por mil en la cuenta 521575. <\/em><\/p>\n<p style=\"text-align: justify;\"><em>Seg\u00fan la descripci\u00f3n del PUC, la cuenta 52 &#8211; gastos de ventas &#8211; comprende los gastos ocasionados en el desarrollo principal del objeto social de la entidad y se registran, sobre la base de causaci\u00f3n, las sumas o valores en que se incurre durante el ejercicio, directamente relacionados con la gesti\u00f3n de ventas encaminada a la direcci\u00f3n, planeaci\u00f3n, organizaci\u00f3n de las pol\u00edticas establecidas para el desarrollo de la actividad de ventas de la entidad incluyendo b\u00e1sicamente las incurridas en las \u00e1reas ejecutiva, de distribuci\u00f3n, mercadeo, comercializaci\u00f3n, promoci\u00f3n, publicidad y ventas. Se clasifican bajo los conceptos de gastos de personal, honorarios, impuestos, arrendamientos, contribuciones y afiliaciones, seguros, servicios, provisiones entre otros\u2019.<\/em><\/p>\n<p style=\"text-align: justify;\"><em>Despu\u00e9s de plantear la din\u00e1mica de la cuenta 5215 correspondiente a impuestos, se concluye que:<\/em><\/p>\n<p style=\"text-align: justify;\"><em>\u2018<span style=\"color: #ff9900;\">De acuerdo con lo anterior, el GMF pagado por la actora es un gasto ocasionado en el desarrollo de su objeto social, raz\u00f3n por la cual es realizado conforme a la normatividad de las cooperativas y en tal sentido es un egreso procedente para determinar el beneficio neto o excedente por la vigencia discutida\u2019.<\/span><\/em><\/p>\n<p style=\"text-align: justify;\"><em>Al respecto se observa, sin perjuicio del valor del an\u00e1lisis y la conclusi\u00f3n a que llega el Consejo de Estado en el fallo que se cita, que el mismo tiene como fundamento el texto del numeral 4 del art\u00edculo 19 que reg\u00eda antes de la modificaci\u00f3n efectuada por el art\u00edculo 8\u00b0 de la Ley 863 de 2003, disposici\u00f3n que modific\u00f3 el art\u00edculo 19 del Estatuto Tributario, eliminando el inciso que remit\u00eda a la normatividad cooperativa para efectos de la determinaci\u00f3n del beneficio neto o excedente en el caso de las cooperativas.<\/em><\/p>\n<p style=\"text-align: justify;\"><em>Siendo en ese nuevo contexto, que tiene lugar la expedici\u00f3n en el a\u00f1o 2004 del Decreto n\u00famero 4400 que, como se ha indicado, fue parcialmente modificado por el Decreto n\u00famero 640 de 2005.<\/em><\/p>\n<p style=\"text-align: justify;\"><em>En efecto, la segunda parte del art\u00edculo 11 del Decreto n\u00famero 4400 de 2006 una vez modificado por el art\u00edculo 5\u00b0 del Decreto n\u00famero 640 de 2005, dispone que: \u2018A su vez el beneficio neto o excedente fiscal que se refleja en la declaraci\u00f3n del impuesto sobre la renta y complementarios se determinar\u00e1 conforme al procedimiento previsto en los art\u00edculos 3\u00b0, 4\u00b0 y 5\u00b0 de este decreto\u2019.<\/em><\/p>\n<p style=\"text-align: justify;\"><em>No obstante, con posterioridad tiene lugar la expedici\u00f3n de la Ley 1066 de 2006, que introdujo nuevamente en el numeral 4 del art\u00edculo 19 del Estatuto Tributario la disposici\u00f3n que expresamente indica, para efectos del c\u00e1lculo del beneficio neto o excedente de las entidades listadas en ese numeral, se realizar\u00e1 de acuerdo a como lo establezca la ley y la normatividad cooperativa vigente.<\/em><\/p>\n<p style=\"text-align: justify;\"><em>Ahora bien, <strong>es preciso mencionar que mediante Concepto n\u00famero 000660 de 2008, la DIAN, se refiere a la derogatoria t\u00e1cita del art\u00edculo 11 del Decreto n\u00famero 4400 de 2004 modificado por el art\u00edculo 4\u00b0 del Decreto n\u00famero 640 de 2005 con ocasi\u00f3n del art\u00edculo 10 de la Ley 1066 de 2006<\/strong>. En este concepto, previa consideraci\u00f3n del art\u00edculo 71 del C\u00f3digo Civil sobre derogatoria de las leyes, se destaca que, la misma es t\u00e1cita cuando la nueva ley contiene disposiciones contrarias que no pueden conciliarse con la ley anterior. Indicando, as\u00ed mismo que:<\/em><\/p>\n<p style=\"text-align: justify;\"><em>\u2018\u2026 el art\u00edculo 3\u00ba de la Ley 153 de 1887, consagra que es insubsistente una disposici\u00f3n legal por declaraci\u00f3n expresa del legislador, o por incompatibilidad con disposiciones especiales posteriores, o por existir una ley nueva que regule \u00edntegramente la materia a que la disposici\u00f3n anterior se refer\u00eda.<\/em><\/p>\n<p style=\"text-align: justify;\"><em>El presupuesto de la derogaci\u00f3n t\u00e1cita, es que las dos leyes sean irreconciliables, esto es, que la una no pueda subsistir, junto con la otra, as\u00ed lo ha sostenido la Honorable Corte Suprema de Justicia:<\/em><\/p>\n<p style=\"text-align: justify;\"><em>\u2018La derogaci\u00f3n t\u00e1cita encuentra su fundamento o raz\u00f3n de ser en que, existiendo dos leyes contradictorias de diversas \u00e9pocas, tiene que entenderse que la segunda ha sido dictada por el legislador con el prop\u00f3sito de modificar o corregir la primera\u2019. (Sala de Casaci\u00f3n Civil, 28 de marzo de 1984).<\/em><\/p>\n<p style=\"text-align: justify;\"><em>En este orden de ideas, <strong>es forzoso concluir que la remisi\u00f3n que hace el inciso final del numeral 4 del art\u00edculo 19 del Estatuto Tributario, a la ley y la normatividad cooperativa vigente, deroga t\u00e1citamente la segunda parte del art\u00edculo 11 del Decreto Reglamentario n\u00famero 4400 de 2004, modificado por el art\u00edculo 5\u00ba del Decreto n\u00famero 640 de 2005<\/strong>.<\/em><\/p>\n<p style=\"text-align: justify;\"><em>Para mayor claridad, resulta pertinente traer a colaci\u00f3n la exposici\u00f3n de motivos de la Ley 1016 de 2006, en especial la explicaci\u00f3n del art\u00edculo 10 codificado inicialmente bajo el n\u00famero 13 del Proyecto de ley n\u00famero 296 de 2005 C\u00e1mara (<strong>Gaceta del Congreso<\/strong> n\u00famero 61 del 23 de febrero de 2005):<\/em><\/p>\n<p style=\"text-align: justify;\"><em>\u2018C\u00e1lculo del beneficio neto o excedente por parte de las entidades cooperativas.<\/em><\/p>\n<p style=\"text-align: justify;\"><em>Se propone adicionar el numeral 4 del art\u00edculo 19 del Estatuto Tributario estableciendo que las entidades cooperativas, sus asociaciones, uniones, ligas centrales, organismos de grado superior de car\u00e1cter financiero, las asociaciones mutualistas, instituciones auxiliares del cooperativismo y confederaciones cooperativas determinen el beneficio neto o excedente de conformidad a lo establecido en la normatividad cooperativa, para efectos de pertenecer al r\u00e9gimen tributario especial. Con esta adici\u00f3n se restablece dicho tratamiento tal como se realizaba antes de la modificaci\u00f3n introducida por la Ley 863 de 2003 para estos contribuyentes\u2019.<\/em><\/p>\n<p style=\"text-align: justify;\"><em><span style=\"color: #ff9900;\">De acuerdo con lo anterior, <strong>se revoca el Concepto n\u00famero 016648 de 2014, toda vez que el an\u00e1lisis efectuado en el mismo se fundament\u00f3 en el Decreto n\u00famero 4400 de 2004 y su modificatorio, el Decreto n\u00famero 640 de 2005, remitiendo para efectos del c\u00e1lculo del beneficio neto o excedente de las cooperativas a los art\u00edculos 4\u00b0 y 5\u00b0 del Decreto n\u00famero 4400, lo cual no tiene lugar<\/strong><\/span> como quiera que atendiendo a la modificaci\u00f3n introducida en el numeral 4 del art\u00edculo 19 del Estatuto Tributario por el art\u00edculo 10 de la Ley 1066 de 2006, para efectos del c\u00e1lculo del beneficio neto de las cooperativas debe estarse a lo dispuesto en la ley y la normatividad cooperativa vigente.<\/em><\/p>\n<p style=\"text-align: justify;\"><em><span style=\"color: #ff9900;\">En consecuencia, <strong>cuando se trate de la determinaci\u00f3n del beneficio neto o excedente de las entidades listadas en el numeral 4 del art\u00edculo 19 del Estatuto Tributario, al establecer la procedencia de los respectivos egresos debe tenerse en cuenta lo dispuesto en el art\u00edculo 10 de la Ley 1066 de 2006, es decir, debe procederse acorde con lo dispuesto en la ley y la normatividad cooperativa vigente<\/strong><\/span>\u201d. <\/em>(Negrilla fuera de texto).<\/p>\n<p style=\"text-align: justify;\">En cuanto al Oficio n\u00famero 056644 del 9 de agosto de 2010, al decirse que <em>\u201c[e]l c\u00e1lculo del beneficio neto o excedente, se debe hacer conforme lo dispone la ley, y la normatividad cooperativa\u201d <\/em>(negrilla fuera de texto), es propicia su aclaraci\u00f3n en el sentido de eliminar el signo de puntuaci\u00f3n alegado e indebidamente empleado, a fin de evitar un entendimiento err\u00f3neo del inciso final del numeral 4 del art\u00edculo 19 del Estatuto Tributario.<\/p>\n<ol style=\"text-align: justify;\" start=\"3\">\n<li><span style=\"color: #0000ff;\"><strong>Exenci\u00f3n del beneficio neto para las cooperativas <\/strong><\/span><\/li>\n<\/ol>\n<p style=\"text-align: justify;\">Anotan que <em>\u201c[d]e acuerdo con los funcionarios de la DIAN, los egresos rechazados ocasionan el pago del impuesto a la tarifa del 20%, situaci\u00f3n que no procede conforme al art\u00edculo 12 del Decreto n\u00famero 4400 de 2004 (\u2026) el cual establece que el beneficio neto o\u00a0<\/em><em>excedente fiscal estar\u00e1 exento del impuesto sobre la renta y complementarios si cumple con las condiciones que all\u00ed se establecen\u201d. <\/em><\/p>\n<p style=\"text-align: justify;\">Asimismo, <em>\u201c[e]s importante resaltar que el citado art\u00edculo hace (\u2026) una remisi\u00f3n expresa a la normatividad cooperativa, pues establece que para que el beneficio neto fiscal est\u00e9 exento del impuesto de renta, el beneficio neto contable debe destinarse en los t\u00e9rminos establecidos por la misma normatividad cooperativa e invertir por lo menos el 20% en programas de educaci\u00f3n formal\u201d.<\/em><\/p>\n<p style=\"text-align: justify;\"><em>\u201cSin embargo, los funcionarios de algunas seccionales de la DIAN consideran que se debe seguir el siguiente procedimiento:<\/em><\/p>\n<ul style=\"text-align: justify;\">\n<li><em>El Excedente fiscal es igual al excedente contable m\u00e1s los egresos no procedentes.<\/em><\/li>\n<li><em>Sobre el excedente contable se puede solicitar la renta exenta por inversi\u00f3n en educaci\u00f3n formal y sobre los egresos no procedentes se debe pagar el 20% del impuesto de renta\u201d (sic).<\/em><\/li>\n<\/ul>\n<p style=\"text-align: justify;\">Por lo anterior solicitan <em>\u201cse reitere que cuando se cumplan los requisitos exigidos en el art\u00edculo 12 del Decreto n\u00famero 4400 de 2004 (\u2026) referentes a la distribuci\u00f3n del excedente contable seg\u00fan lo dispuesto en la Ley 79 de 1988 y a la inversi\u00f3n del 20% del excedente contable en educaci\u00f3n formal conforme a la normatividad vigente, el excedente fiscal es exento\u201d. <\/em><\/p>\n<p style=\"text-align: justify;\">En relaci\u00f3n con lo planteado, mediante Oficio n\u00famero 001408 del 21 de enero de 2015 se asever\u00f3 acerca del beneficio consultado:<\/p>\n<p style=\"text-align: justify;\"><em>\u201cEl art\u00edculo 19 y los precitados del Estatuto Tributario fueron reglamentados mediante el Decreto n\u00famero 4400 de 2004 modificado por el Decreto n\u00famero 640 de 2005 referentes al r\u00e9gimen tributario especial.<\/em><\/p>\n<p style=\"text-align: justify;\"><em>Cabe destacar que <strong>es necesario que se cumpla con todas las condiciones se\u00f1aladas en la normatividad anterior para obtener el beneficio<\/strong>, habida cuenta que en caso de omitir el cumplimiento de estas exigencias, resulta inaplicable tarifa especial de renta consagrada para este tipo de personas jur\u00eddicas\u201d. <\/em>(Negrilla fuera de texto).<\/p>\n<p style=\"text-align: justify;\">Luego, <span style=\"color: #ff9900;\">en los t\u00e9rminos del art\u00edculo 12 del Decreto n\u00famero 4400 de 2004, el beneficio neto o excedente fiscal para las entidades del sector cooperativo y asociaciones mutuales estar\u00e1 exento del impuesto sobre la renta y complementarios en tanto se cumplan las siguientes condiciones:<\/span><\/p>\n<p style=\"text-align: justify;\"><span style=\"color: #ff9900;\"><em>\u201ca) Que el beneficio neto o excedente contable <strong>se destine exclusivamente seg\u00fan lo establecido en la Ley 79 de 1988, para el caso de las cooperativas<\/strong> y en el Decreto n\u00famero <\/em><\/span><span style=\"color: #ff9900;\"><em>1480 de 1989, para las asociaciones mutuales, y<\/em><\/span><\/p>\n<ol style=\"text-align: justify;\">\n<li><span style=\"color: #ff9900;\"><em>b) Que de conformidad con el numeral 4 del art\u00edculo 19 del Estatuto Tributario, <strong>al menos el veinte por ciento (20%) del beneficio neto o excedente contable, se destine de manera aut\u00f3noma por las propias cooperativas a financiar cupos y programas de educaci\u00f3n formal en instituciones autorizadas por el Ministerio de Educaci\u00f3n Nacional<\/strong>, de acuerdo con las disposiciones reglamentarias vigentes. Estos recursos ser\u00e1n apropiados de los Fondos de Educaci\u00f3n y Solidaridad de que trata el art\u00edculo 54 de la Ley 79 de 1988 y del Fondo Social Mutual de que trata el art\u00edculo 20 del Decreto n\u00famero 1480 de 1989\u201d. <\/em>(Negrilla fuera de texto).<\/span><\/li>\n<\/ol>\n<p style=\"text-align: justify;\"><span style=\"color: #ff9900;\">Es de resaltar que la misma disposici\u00f3n instaura en su inciso final que <em>\u201c<span style=\"text-decoration: underline; font-size: 14pt;\"><strong>la destinaci\u00f3n del excedente contable, en todo o en parte, en forma diferente a lo aqu\u00ed establecido<\/strong><\/span>, <span style=\"font-size: 14pt;\"><span style=\"text-decoration: underline;\"><strong>har\u00e1 gravable la totalidad del beneficio neto o excedente fiscal determinado<\/strong><\/span>,<\/span> sin que sea posible afectarlo con egreso ni con descuento alguno\u201d <\/em>(negrilla fuera de texto).<\/span><\/p>\n<p style=\"text-align: justify;\">As\u00ed las cosas, se reitera lo expresado en el Oficio n\u00famero 001408 del 21 de enero de 2015.<\/p>\n<ol style=\"text-align: justify;\" start=\"4\">\n<li><span style=\"color: #0000ff;\"><strong>Retenci\u00f3n en la fuente en t\u00edtulos de renta fija <\/strong><\/span><\/li>\n<\/ol>\n<p style=\"text-align: justify;\">Manifiestan que <em>\u201c[e]l art\u00edculo 3\u00b0 del Decreto n\u00famero 2418 de 2013, disminuye al 4% la tarifa de retenci\u00f3n en la fuente para los t\u00edtulos de renta fija, refiri\u00e9ndose a estos en forma gen\u00e9rica, es decir, sin cualificaciones\u201d.<\/em> De manera que, <em>\u201c[o]bservando el principio de interpretaci\u00f3n seg\u00fan el cual cuando la ley no distingue, no le es dado hacerlo al interprete, esta Confederaci\u00f3n concluy\u00f3 que dentro de tales t\u00edtulos est\u00e1n incluidos los CDAT que emiten las cooperativas a sus asociados, por ser t\u00edtulos de renta fija\u201d<\/em>.<\/p>\n<p style=\"text-align: justify;\">Por tal raz\u00f3n solicita la revocatoria del Oficio n\u00famero 008175 del 16 de marzo de 2015, pues <em>\u201cdesconoce que uno de los objetivos de este decreto es incentivar el ahorro y que, desde esa perspectiva, estos dos t\u00edtulos cumplen la misma funci\u00f3n\u201d<\/em>.<\/p>\n<p style=\"text-align: justify;\">Sobre el particular, en el aludido Oficio se declar\u00f3:<\/p>\n<p style=\"text-align: justify;\"><em>\u201cEn particular se solicita la revisi\u00f3n del Concepto n\u00famero 0494879 de agosto de 2014 relacionado con la retenci\u00f3n en la fuente sobre rendimientos financieros para los dep\u00f3sitos de ahorro a la vista y CDAT que realizan los asociados a cooperativas<\/em><\/p>\n<ol style=\"text-align: justify;\">\n<li><span style=\"color: #ff9900;\"><em> La discusi\u00f3n gira en torno a la definici\u00f3n de t\u00edtulos de renta fija y su menci\u00f3n en el art\u00edculo 3\u00b0 del Decreto n\u00famero 2418 de 2013 cuyo tenor literal se\u00f1ala:<\/em><\/span><\/li>\n<\/ol>\n<p style=\"text-align: justify;\"><em><span style=\"color: #ff9900;\">Art\u00edculo 3\u00b0. Tarifa de retenci\u00f3n en rendimientos financieros provenientes de t\u00edtulos de renta fija. Todas las referencias hechas en el Decreto n\u00famero 700 de 1997, en particular las que se realizan en el art\u00edculo 4\u00b0, el par\u00e1grafo del art\u00edculo 12, el par\u00e1grafo del art\u00edculo 13, el art\u00edculo 24, el numeral 5 del art\u00edculo 33 y el inciso 2\u00b0 del par\u00e1grafo del art\u00edculo 42 del Decreto n\u00famero 700 de 1997, a la tarifa de retenci\u00f3n en la fuente <u>por concepto de<\/u> <u>rendimientos financieros provenientes de t\u00edtulos con intereses y\/o descuentos o generados<\/u> <u>en sus enajenaciones<\/u> del siete por ciento (7.0%), ser\u00e1n efectuadas a la tarifa del cuatro por ciento (4.0%).<\/span> (Subrayados fuera de texto).<\/em><\/p>\n<p style=\"text-align: justify;\"><em><em>Como se encuentra en el aparte subrayado de la norma transcrita el cambio de tarifa dispuesto por la norma se refiere a la tarifa de retenci\u00f3n en la fuente por concepto de rendimientos financieros provenientes de t\u00edtulos con intereses y\/o descuentos o por sus\u00a0<\/em><\/em><em>enajenaciones, circunstancia que fue suficientemente explicada en el concepto del cual se pide reconsideraci\u00f3n.<\/em><\/p>\n<p style=\"text-align: justify;\"><em>Esta situaci\u00f3n fundament\u00f3 la tesis jur\u00eddica expuesta, habida cuenta que en aplicaci\u00f3n de las reglas generales de hermen\u00e9utica jur\u00eddica, <strong>las palabras contenidas en la ley deben entenderse en su sentido natural y obvio conforme lo dispuesto en los art\u00edculos 28 y 29 del C\u00f3digo Civil<\/strong>.<\/em><\/p>\n<p style=\"text-align: justify;\"><em>Art\u00edculo 28. &lt;Significado de las palabras&gt;. Las palabras de la ley se entender\u00e1n en su sentido natural y obvio, seg\u00fan el uso general de las mismas palabras; pero cuando el legislador las haya definido expresamente para ciertas materias, se les dar\u00e1 en estas su significado legal. <\/em><\/p>\n<p style=\"text-align: justify;\"><em>Art\u00edculo 29. &lt;Palabras t\u00e9cnicas. Las palabras t\u00e9cnicas de toda ciencia o arte se tomar\u00e1n en el sentido que les den los que profesan la misma ciencia o arte; a menos que aparezca claramente que se han formado en sentido diverso. <\/em><\/p>\n<p style=\"text-align: justify;\"><em>En concordancia con lo anterior, <strong>se acudi\u00f3 a la definici\u00f3n t\u00e9cnica emitida por La Superintendencia Financiera como organismo rector de la materia que defini\u00f3 los t\u00edtulos de renta fija y de la entidad encargada de la vigilancia de aquellos que se dedican a actividades que involucran la expedici\u00f3n y negociaci\u00f3n de los mismos; es decir, se dio pleno cumplimiento a la aplicaci\u00f3n de las normas de interpretaci\u00f3n al buscar la definici\u00f3n t\u00e9cnica del t\u00e9rmino \u201ct\u00edtulos de renta fija\u201d y su relaci\u00f3n con los CDAT.<\/strong><\/em><\/p>\n<p style=\"text-align: justify;\"><span style=\"color: #ff9900;\"><em>Resultado de lo mencionado <strong>se lleg\u00f3 a la conclusi\u00f3n que la norma no aplica para los CDAT considerando que estos no son t\u00edtulos valores y por tanto, no son t\u00edtulos de renta fija<\/strong>.<\/em><\/span><\/p>\n<ol style=\"text-align: justify;\" start=\"2\">\n<li><em> No obstante la claridad en la estructura y la consistencia del planteamiento jur\u00eddico el consultante argumenta que la norma en estudio no hace referencia a t\u00edtulos valores, y que es necesario que fuera expresado particularmente para evitar interpretaciones.<\/em><\/li>\n<\/ol>\n<p style=\"text-align: justify;\"><em>Frente a dicho argumento cabe destacar que no es de recibo por este despacho, en tanto, existe expresa menci\u00f3n de los t\u00edtulos de renta fija, y para el an\u00e1lisis se utilizaron las definiciones t\u00e9cnicas de este tipo de t\u00edtulos, las cuales fueron emitidas por autoridades en la materia, quienes profesan la actividad mercantil y la vigilancia financiera relacionada con este tipo de documentos o t\u00edtulos, como bien fue expuesto en el Concepto n\u00famero 049489 de 2014, sin que dicha interpretaci\u00f3n excediera los l\u00edmites que fijan las normas que regulan tal actuaci\u00f3n.<\/em><\/p>\n<p style=\"text-align: justify;\"><em>Por tanto, <strong>si la norma no trae la menci\u00f3n completa de t\u00edtulos valores, se debe hacer uso de las normas interpretativas que posibilitan buscar su verdadero alcance y sentido, resultado de lo cual se encuentra que revisando el contenido integral de sus t\u00e9rminos y la definici\u00f3n de los mismos puede deducirse, sin lugar a dudas, que se trata de t\u00edtulos valores<\/strong>.<\/em><\/p>\n<p style=\"text-align: justify;\"><em>En cuanto a la segunda raz\u00f3n expuesta para la revisi\u00f3n del concepto, en la cual se expone que la conclusi\u00f3n afecta a las cooperativas que ejercen la actividad financiera, es menester precisar que <strong>el desarrollo de las funciones de interpretaci\u00f3n de la ley que realiza esta entidad no puede estar condicionado a la conveniencia de los particulares, ni a las consecuencias que surgen de la aplicaci\u00f3n de las normas objeto de estudio, sino al imperio de la ley<\/strong>, en especial, a la aplicaci\u00f3n de las disposiciones que consagran las reglas para su interpretaci\u00f3n.<\/em><\/p>\n<p style=\"text-align: justify;\"><em>Adicionalmente, al tratarse de una tarifa consagrada para ciertos hechos, su interpretaci\u00f3n es de car\u00e1cter restrictivo atendiendo las circunstancias expresamente reguladas en la ley, no puede v\u00eda doctrina hacerse extensiva su aplicaci\u00f3n a otros sucesos no contemplados en los preceptos pertinentes.<\/em><\/p>\n<p style=\"text-align: justify;\"><span style=\"color: #ff9900;\"><em>As\u00ed las cosas, no hay lugar a la modificaci\u00f3n o aclaraci\u00f3n del concepto censurado y procede su ratificaci\u00f3n en todo su contenido\u201d. <\/em>(Negrilla fuera de texto).<\/span><\/p>\n<p style=\"text-align: justify;\"><span style=\"color: #ff9900;\">Luego, toda vez que no se aportan nuevos argumentos jur\u00eddicos con miras a analizar la revocatoria del pronunciamiento transcrito, esta Direcci\u00f3n se permite confirmar el Oficio n\u00famero 008175 del 16 de marzo de 2015.<\/span><\/p>\n<p style=\"text-align: justify;\">En los anteriores t\u00e9rminos se resuelve su solicitud y cordialmente le informamos que tanto la normatividad en materia tributaria, aduanera y cambiaria, como los conceptos emitidos por la Direcci\u00f3n de Gesti\u00f3n Jur\u00eddica en estas materias pueden consultarse directamente en nuestras bases de datos jur\u00eddica ingresando a la p\u00e1gina electr\u00f3nica de la DIAN: <a href=\"http:\/\/www.dian.gov.co\">www. <\/a><a href=\"http:\/\/www.dian.gov.co\">dian.gov.co<\/a> siguiendo los iconos: \u201cNormatividad\u201d &#8211; \u201ct\u00e9cnica\u201d y seleccionando \u201cDoctrina\u201d y Direcci\u00f3n Gesti\u00f3n Jur\u00eddica.<\/p>\n<p style=\"text-align: justify;\">Atentamente,<\/p>\n<p style=\"text-align: justify;\">La Directora de Gesti\u00f3n Jur\u00eddica,<\/p>\n<p style=\"text-align: justify;\"><em>Dalila Astrid Hern\u00e1ndez Corzo. <\/em><strong>(C. F.).<\/strong><\/p>\n","protected":false},"excerpt":{"rendered":"<p>Las cooperativas, para determinar la base gravable del impuesto a la riqueza, pueden excluir de su base el valor patrimonial de los aportes sociales realizados por sus asociados.<\/p>\n","protected":false},"author":1,"featured_media":6348,"comment_status":"open","ping_status":"open","sticky":false,"template":"","format":"standard","meta":{"_monsterinsights_skip_tracking":false,"ngg_post_thumbnail":0,"footnotes":"","_links_to":"","_links_to_target":""},"categories":[456,454],"tags":[],"class_list":["post-6346","post","type-post","status-publish","format-standard","has-post-thumbnail","hentry","category-conceptos-y-oficios-dian","category-sin-categoria"],"aioseo_notices":[],"aioseo_head":"\n\t\t<!-- All in One SEO 5.0.1.1 - aioseo.com -->\n\t<meta name=\"description\" content=\"Las cooperativas, para determinar la base gravable del impuesto a la riqueza, pueden excluir de su base el valor patrimonial de los aportes sociales realizados por sus asociados.\" \/>\n\t<meta name=\"robots\" content=\"max-image-preview:large\" \/>\n\t<meta name=\"author\" content=\"Miguel Antonio M\u00e1rquez Monta\u00f1ez\"\/>\n\t<link rel=\"canonical\" href=\"https:\/\/contadoreshoy.com\/?p=6346\" \/>\n\t<meta name=\"generator\" content=\"All in One SEO (AIOSEO) 5.0.1.1\" \/>\n\t\t<meta property=\"og:locale\" content=\"es_ES\" \/>\n\t\t<meta property=\"og:site_name\" content=\"Contadores P\u00fablicos - Portal para Contadores P\u00fablicos y empresarios\" \/>\n\t\t<meta property=\"og:type\" content=\"article\" \/>\n\t\t<meta property=\"og:title\" content=\"Base gravable del impuesto a la riqueza para las cooperativas - Contadores P\u00fablicos\" \/>\n\t\t<meta property=\"og:description\" content=\"Las cooperativas, para determinar la base gravable del impuesto a la riqueza, pueden excluir de su base el valor patrimonial de los aportes sociales realizados por sus asociados.\" \/>\n\t\t<meta property=\"og:url\" content=\"https:\/\/contadoreshoy.com\/?p=6346\" \/>\n\t\t<meta property=\"og:image\" content=\"https:\/\/contadoreshoy.com\/wp-content\/uploads\/2024\/01\/cropped-cropped-cropped-Copia-de-M.jpg\" \/>\n\t\t<meta property=\"og:image:secure_url\" content=\"https:\/\/contadoreshoy.com\/wp-content\/uploads\/2024\/01\/cropped-cropped-cropped-Copia-de-M.jpg\" \/>\n\t\t<meta property=\"og:image:width\" content=\"512\" \/>\n\t\t<meta property=\"og:image:height\" content=\"371\" \/>\n\t\t<meta property=\"article:published_time\" content=\"2015-11-15T01:24:21+00:00\" \/>\n\t\t<meta property=\"article:modified_time\" content=\"2017-02-05T02:59:56+00:00\" \/>\n\t\t<meta name=\"twitter:card\" content=\"summary_large_image\" \/>\n\t\t<meta name=\"twitter:title\" content=\"Base gravable del impuesto a la riqueza para las cooperativas - Contadores P\u00fablicos\" \/>\n\t\t<meta name=\"twitter:description\" content=\"Las cooperativas, para determinar la base gravable del impuesto a la riqueza, pueden excluir de su base el valor patrimonial de los aportes sociales realizados por sus asociados.\" \/>\n\t\t<meta name=\"twitter:image\" content=\"https:\/\/contadoreshoy.com\/wp-content\/uploads\/2024\/01\/cropped-cropped-cropped-Copia-de-M.jpg\" \/>\n\t\t<script type=\"application\/ld+json\" class=\"aioseo-schema\">\n\t\t\t{\"@context\":\"https:\\\/\\\/schema.org\",\"@graph\":[{\"@type\":\"BlogPosting\",\"@id\":\"https:\\\/\\\/contadoreshoy.com\\\/?p=6346#blogposting\",\"name\":\"Base gravable del impuesto a la riqueza para las cooperativas - Contadores P\\u00fablicos\",\"headline\":\"Base gravable del impuesto a la riqueza para las cooperativas\",\"author\":{\"@id\":\"https:\\\/\\\/contadoreshoy.com\\\/?author=1#author\"},\"publisher\":{\"@id\":\"https:\\\/\\\/contadoreshoy.com\\\/#organization\"},\"image\":{\"@type\":\"ImageObject\",\"url\":\"https:\\\/\\\/contadoreshoy.com\\\/wp-content\\\/uploads\\\/2015\\\/11\\\/cooperativa.jpg\",\"width\":600,\"height\":400},\"datePublished\":\"2015-11-14T20:24:21-05:00\",\"dateModified\":\"2017-02-04T21:59:56-05:00\",\"inLanguage\":\"es-ES\",\"mainEntityOfPage\":{\"@id\":\"https:\\\/\\\/contadoreshoy.com\\\/?p=6346#webpage\"},\"isPartOf\":{\"@id\":\"https:\\\/\\\/contadoreshoy.com\\\/?p=6346#webpage\"},\"articleSection\":\"Conceptos y Oficios DIAN, Sin categor\\u00eda\"},{\"@type\":\"BreadcrumbList\",\"@id\":\"https:\\\/\\\/contadoreshoy.com\\\/?p=6346#breadcrumblist\",\"itemListElement\":[{\"@type\":\"ListItem\",\"@id\":\"https:\\\/\\\/contadoreshoy.com#listItem\",\"position\":1,\"name\":\"Home\",\"item\":\"https:\\\/\\\/contadoreshoy.com\",\"nextItem\":{\"@type\":\"ListItem\",\"@id\":\"https:\\\/\\\/contadoreshoy.com\\\/?cat=454#listItem\",\"name\":\"Sin categor\\u00eda\"}},{\"@type\":\"ListItem\",\"@id\":\"https:\\\/\\\/contadoreshoy.com\\\/?cat=454#listItem\",\"position\":2,\"name\":\"Sin categor\\u00eda\",\"item\":\"https:\\\/\\\/contadoreshoy.com\\\/?cat=454\",\"nextItem\":{\"@type\":\"ListItem\",\"@id\":\"https:\\\/\\\/contadoreshoy.com\\\/?p=6346#listItem\",\"name\":\"Base gravable del impuesto a la riqueza para las cooperativas\"},\"previousItem\":{\"@type\":\"ListItem\",\"@id\":\"https:\\\/\\\/contadoreshoy.com#listItem\",\"name\":\"Home\"}},{\"@type\":\"ListItem\",\"@id\":\"https:\\\/\\\/contadoreshoy.com\\\/?p=6346#listItem\",\"position\":3,\"name\":\"Base gravable del impuesto a la riqueza para las cooperativas\",\"previousItem\":{\"@type\":\"ListItem\",\"@id\":\"https:\\\/\\\/contadoreshoy.com\\\/?cat=454#listItem\",\"name\":\"Sin categor\\u00eda\"}}]},{\"@type\":\"Organization\",\"@id\":\"https:\\\/\\\/contadoreshoy.com\\\/#organization\",\"name\":\"Contadores P\\u00fablicos\",\"description\":\"Portal para Contadores P\\u00fablicos y empresarios\",\"url\":\"https:\\\/\\\/contadoreshoy.com\\\/\",\"logo\":{\"@type\":\"ImageObject\",\"url\":\"https:\\\/\\\/contadoreshoy.com\\\/wp-content\\\/uploads\\\/2024\\\/01\\\/cropped-cropped-Copia-de-M-1.jpg\",\"@id\":\"https:\\\/\\\/contadoreshoy.com\\\/?p=6346\\\/#organizationLogo\",\"width\":499,\"height\":500},\"image\":{\"@id\":\"https:\\\/\\\/contadoreshoy.com\\\/?p=6346\\\/#organizationLogo\"}},{\"@type\":\"Person\",\"@id\":\"https:\\\/\\\/contadoreshoy.com\\\/?author=1#author\",\"url\":\"https:\\\/\\\/contadoreshoy.com\\\/?author=1\",\"name\":\"Miguel Antonio M\\u00e1rquez Monta\\u00f1ez\"},{\"@type\":\"WebPage\",\"@id\":\"https:\\\/\\\/contadoreshoy.com\\\/?p=6346#webpage\",\"url\":\"https:\\\/\\\/contadoreshoy.com\\\/?p=6346\",\"name\":\"Base gravable del impuesto a la riqueza para las cooperativas - Contadores P\\u00fablicos\",\"description\":\"Las cooperativas, para determinar la base gravable del impuesto a la riqueza, pueden excluir de su base el valor patrimonial de los aportes sociales realizados por sus asociados.\",\"inLanguage\":\"es-ES\",\"isPartOf\":{\"@id\":\"https:\\\/\\\/contadoreshoy.com\\\/#website\"},\"breadcrumb\":{\"@id\":\"https:\\\/\\\/contadoreshoy.com\\\/?p=6346#breadcrumblist\"},\"author\":{\"@id\":\"https:\\\/\\\/contadoreshoy.com\\\/?author=1#author\"},\"creator\":{\"@id\":\"https:\\\/\\\/contadoreshoy.com\\\/?author=1#author\"},\"image\":{\"@type\":\"ImageObject\",\"url\":\"https:\\\/\\\/contadoreshoy.com\\\/wp-content\\\/uploads\\\/2015\\\/11\\\/cooperativa.jpg\",\"@id\":\"https:\\\/\\\/contadoreshoy.com\\\/?p=6346\\\/#mainImage\",\"width\":600,\"height\":400},\"primaryImageOfPage\":{\"@id\":\"https:\\\/\\\/contadoreshoy.com\\\/?p=6346#mainImage\"},\"datePublished\":\"2015-11-14T20:24:21-05:00\",\"dateModified\":\"2017-02-04T21:59:56-05:00\"},{\"@type\":\"WebSite\",\"@id\":\"https:\\\/\\\/contadoreshoy.com\\\/#website\",\"url\":\"https:\\\/\\\/contadoreshoy.com\\\/\",\"name\":\"Contadores P\\u00fablicos\",\"description\":\"Portal para Contadores P\\u00fablicos y empresarios\",\"inLanguage\":\"es-ES\",\"publisher\":{\"@id\":\"https:\\\/\\\/contadoreshoy.com\\\/#organization\"}}]}\n\t\t<\/script>\n\t\t<!-- All in One SEO -->\n\n","aioseo_head_json":{"title":"Base gravable del impuesto a la riqueza para las cooperativas - Contadores P\u00fablicos","description":"Las cooperativas, para determinar la base gravable del impuesto a la riqueza, pueden excluir de su base el valor patrimonial de los aportes sociales realizados por sus asociados.","canonical_url":"https:\/\/contadoreshoy.com\/?p=6346","robots":"max-image-preview:large","keywords":"","webmasterTools":{"miscellaneous":""},"schema":{"@context":"https:\/\/schema.org","@graph":[{"@type":"BlogPosting","@id":"https:\/\/contadoreshoy.com\/?p=6346#blogposting","name":"Base gravable del impuesto a la riqueza para las cooperativas - Contadores P\u00fablicos","headline":"Base gravable del impuesto a la riqueza para las cooperativas","author":{"@id":"https:\/\/contadoreshoy.com\/?author=1#author"},"publisher":{"@id":"https:\/\/contadoreshoy.com\/#organization"},"image":{"@type":"ImageObject","url":"https:\/\/contadoreshoy.com\/wp-content\/uploads\/2015\/11\/cooperativa.jpg","width":600,"height":400},"datePublished":"2015-11-14T20:24:21-05:00","dateModified":"2017-02-04T21:59:56-05:00","inLanguage":"es-ES","mainEntityOfPage":{"@id":"https:\/\/contadoreshoy.com\/?p=6346#webpage"},"isPartOf":{"@id":"https:\/\/contadoreshoy.com\/?p=6346#webpage"},"articleSection":"Conceptos y Oficios DIAN, Sin categor\u00eda"},{"@type":"BreadcrumbList","@id":"https:\/\/contadoreshoy.com\/?p=6346#breadcrumblist","itemListElement":[{"@type":"ListItem","@id":"https:\/\/contadoreshoy.com#listItem","position":1,"name":"Home","item":"https:\/\/contadoreshoy.com","nextItem":{"@type":"ListItem","@id":"https:\/\/contadoreshoy.com\/?cat=454#listItem","name":"Sin categor\u00eda"}},{"@type":"ListItem","@id":"https:\/\/contadoreshoy.com\/?cat=454#listItem","position":2,"name":"Sin categor\u00eda","item":"https:\/\/contadoreshoy.com\/?cat=454","nextItem":{"@type":"ListItem","@id":"https:\/\/contadoreshoy.com\/?p=6346#listItem","name":"Base gravable del impuesto a la riqueza para las cooperativas"},"previousItem":{"@type":"ListItem","@id":"https:\/\/contadoreshoy.com#listItem","name":"Home"}},{"@type":"ListItem","@id":"https:\/\/contadoreshoy.com\/?p=6346#listItem","position":3,"name":"Base gravable del impuesto a la riqueza para las cooperativas","previousItem":{"@type":"ListItem","@id":"https:\/\/contadoreshoy.com\/?cat=454#listItem","name":"Sin categor\u00eda"}}]},{"@type":"Organization","@id":"https:\/\/contadoreshoy.com\/#organization","name":"Contadores P\u00fablicos","description":"Portal para Contadores P\u00fablicos y empresarios","url":"https:\/\/contadoreshoy.com\/","logo":{"@type":"ImageObject","url":"https:\/\/contadoreshoy.com\/wp-content\/uploads\/2024\/01\/cropped-cropped-Copia-de-M-1.jpg","@id":"https:\/\/contadoreshoy.com\/?p=6346\/#organizationLogo","width":499,"height":500},"image":{"@id":"https:\/\/contadoreshoy.com\/?p=6346\/#organizationLogo"}},{"@type":"Person","@id":"https:\/\/contadoreshoy.com\/?author=1#author","url":"https:\/\/contadoreshoy.com\/?author=1","name":"Miguel Antonio M\u00e1rquez Monta\u00f1ez"},{"@type":"WebPage","@id":"https:\/\/contadoreshoy.com\/?p=6346#webpage","url":"https:\/\/contadoreshoy.com\/?p=6346","name":"Base gravable del impuesto a la riqueza para las cooperativas - Contadores P\u00fablicos","description":"Las cooperativas, para determinar la base gravable del impuesto a la riqueza, pueden excluir de su base el valor patrimonial de los aportes sociales realizados por sus asociados.","inLanguage":"es-ES","isPartOf":{"@id":"https:\/\/contadoreshoy.com\/#website"},"breadcrumb":{"@id":"https:\/\/contadoreshoy.com\/?p=6346#breadcrumblist"},"author":{"@id":"https:\/\/contadoreshoy.com\/?author=1#author"},"creator":{"@id":"https:\/\/contadoreshoy.com\/?author=1#author"},"image":{"@type":"ImageObject","url":"https:\/\/contadoreshoy.com\/wp-content\/uploads\/2015\/11\/cooperativa.jpg","@id":"https:\/\/contadoreshoy.com\/?p=6346\/#mainImage","width":600,"height":400},"primaryImageOfPage":{"@id":"https:\/\/contadoreshoy.com\/?p=6346#mainImage"},"datePublished":"2015-11-14T20:24:21-05:00","dateModified":"2017-02-04T21:59:56-05:00"},{"@type":"WebSite","@id":"https:\/\/contadoreshoy.com\/#website","url":"https:\/\/contadoreshoy.com\/","name":"Contadores P\u00fablicos","description":"Portal para Contadores P\u00fablicos y empresarios","inLanguage":"es-ES","publisher":{"@id":"https:\/\/contadoreshoy.com\/#organization"}}]},"og:locale":"es_ES","og:site_name":"Contadores P\u00fablicos - Portal para Contadores P\u00fablicos y empresarios","og:type":"article","og:title":"Base gravable del impuesto a la riqueza para las cooperativas - Contadores P\u00fablicos","og:description":"Las cooperativas, para determinar la base gravable del impuesto a la riqueza, pueden excluir de su base el valor patrimonial de los aportes sociales realizados por sus asociados.","og:url":"https:\/\/contadoreshoy.com\/?p=6346","og:image":"https:\/\/contadoreshoy.com\/wp-content\/uploads\/2024\/01\/cropped-cropped-cropped-Copia-de-M.jpg","og:image:secure_url":"https:\/\/contadoreshoy.com\/wp-content\/uploads\/2024\/01\/cropped-cropped-cropped-Copia-de-M.jpg","og:image:width":512,"og:image:height":371,"article:published_time":"2015-11-15T01:24:21+00:00","article:modified_time":"2017-02-05T02:59:56+00:00","twitter:card":"summary_large_image","twitter:title":"Base gravable del impuesto a la riqueza para las cooperativas - Contadores P\u00fablicos","twitter:description":"Las cooperativas, para determinar la base gravable del impuesto a la riqueza, pueden excluir de su base el valor patrimonial de los aportes sociales realizados por sus asociados.","twitter:image":"https:\/\/contadoreshoy.com\/wp-content\/uploads\/2024\/01\/cropped-cropped-cropped-Copia-de-M.jpg"},"aioseo_meta_data":{"post_id":"6346","title":null,"description":null,"keywords":null,"keyphrases":null,"primary_term":null,"canonical_url":null,"og_title":null,"og_description":null,"og_object_type":"default","og_image_type":"default","og_image_url":null,"og_image_width":null,"og_image_height":null,"og_image_custom_url":null,"og_image_custom_fields":null,"og_video":null,"og_custom_url":null,"og_article_section":null,"og_article_tags":null,"twitter_use_og":false,"twitter_card":"default","twitter_image_type":"default","twitter_image_url":null,"twitter_image_custom_url":null,"twitter_image_custom_fields":null,"twitter_title":null,"twitter_description":null,"schema":{"blockGraphs":[],"customGraphs":[],"default":{"data":{"Article":[],"Course":[],"Dataset":[],"FAQPage":[],"Movie":[],"Person":[],"Product":[],"ProductReview":[],"Car":[],"Recipe":[],"Service":[],"SoftwareApplication":[],"WebPage":[]},"graphName":"","isEnabled":true},"graphs":[]},"schema_type":"default","schema_type_options":null,"pillar_content":false,"robots_default":true,"robots_noindex":false,"robots_noarchive":false,"robots_nosnippet":false,"robots_nofollow":false,"robots_noimageindex":false,"robots_noodp":false,"robots_notranslate":false,"robots_max_snippet":null,"robots_max_videopreview":null,"robots_max_imagepreview":"large","priority":null,"frequency":null,"local_seo":null,"breadcrumb_settings":null,"limit_modified_date":false,"ai":null,"created":"2024-03-05 01:25:02","updated":"2026-03-03 04:42:42","seo_analyzer_scan_date":null,"focus_keyword":null,"additional_keywords":null,"truseo_locale":null},"aioseo_breadcrumb":"<div class=\"aioseo-breadcrumbs\"><span class=\"aioseo-breadcrumb\">\n\t\t\t<a href=\"https:\/\/contadoreshoy.com\" title=\"Home\">Home<\/a>\n\t\t<\/span><span class=\"aioseo-breadcrumb-separator\">&raquo;<\/span><span class=\"aioseo-breadcrumb\">\n\t\t\t<a href=\"https:\/\/contadoreshoy.com\/?cat=454\" title=\"Sin categor\u00eda\">Sin categor\u00eda<\/a>\n\t\t<\/span><span class=\"aioseo-breadcrumb-separator\">&raquo;<\/span><span class=\"aioseo-breadcrumb\">\n\t\t\tBase gravable del impuesto a la riqueza para las cooperativas\n\t\t<\/span><\/div>","aioseo_breadcrumb_json":[{"label":"Home","link":"https:\/\/contadoreshoy.com"},{"label":"Sin categor\u00eda","link":"https:\/\/contadoreshoy.com\/?cat=454"},{"label":"Base gravable del impuesto a la riqueza para las cooperativas","link":"https:\/\/contadoreshoy.com\/?p=6346"}],"yoast_head":"<!-- This site is optimized with the Yoast SEO plugin v28.4 - https:\/\/yoast.com\/product\/yoast-seo-wordpress\/ -->\n<title>Base gravable del impuesto a la riqueza para las cooperativas - Contadores P\u00fablicos<\/title>\n<meta name=\"robots\" content=\"index, follow, max-snippet:-1, max-image-preview:large, max-video-preview:-1\" \/>\n<link rel=\"canonical\" href=\"https:\/\/contadoreshoy.com\/?p=6346\" \/>\n<meta property=\"og:locale\" content=\"es_ES\" \/>\n<meta property=\"og:type\" content=\"article\" \/>\n<meta property=\"og:title\" content=\"Base gravable del impuesto a la riqueza para las cooperativas - Contadores P\u00fablicos\" \/>\n<meta property=\"og:description\" content=\"Las cooperativas, para determinar la base gravable del impuesto a la riqueza, pueden excluir de su base el valor patrimonial de los aportes sociales realizados por sus asociados.\" \/>\n<meta property=\"og:url\" content=\"https:\/\/contadoreshoy.com\/?p=6346\" \/>\n<meta property=\"og:site_name\" content=\"Contadores P\u00fablicos\" \/>\n<meta property=\"article:publisher\" content=\"https:\/\/www.facebook.com\/CCCPBucaramanga\/\" \/>\n<meta property=\"article:published_time\" content=\"2015-11-15T01:24:21+00:00\" \/>\n<meta property=\"article:modified_time\" content=\"2017-02-05T02:59:56+00:00\" \/>\n<meta property=\"og:image\" content=\"https:\/\/contadoreshoy.com\/wp-content\/uploads\/2015\/11\/cooperativa.jpg\" \/>\n\t<meta property=\"og:image:width\" content=\"600\" \/>\n\t<meta property=\"og:image:height\" content=\"400\" \/>\n\t<meta property=\"og:image:type\" content=\"image\/jpeg\" \/>\n<meta name=\"author\" content=\"Miguel Antonio M\u00e1rquez Monta\u00f1ez\" \/>\n<meta name=\"twitter:card\" content=\"summary_large_image\" \/>\n<meta name=\"twitter:label1\" content=\"Escrito por\" \/>\n\t<meta name=\"twitter:data1\" content=\"Miguel Antonio M\u00e1rquez Monta\u00f1ez\" \/>\n\t<meta name=\"twitter:label2\" content=\"Tiempo de lectura\" \/>\n\t<meta name=\"twitter:data2\" content=\"30 minutos\" \/>\n<script type=\"application\/ld+json\" class=\"yoast-schema-graph\">{\"@context\":\"https:\\\/\\\/schema.org\",\"@graph\":[{\"@type\":\"Article\",\"@id\":\"https:\\\/\\\/contadoreshoy.com\\\/?p=6346#article\",\"isPartOf\":{\"@id\":\"https:\\\/\\\/contadoreshoy.com\\\/?p=6346\"},\"author\":{\"name\":\"Miguel Antonio M\u00e1rquez Monta\u00f1ez\",\"@id\":\"https:\\\/\\\/contadoreshoy.com\\\/#\\\/schema\\\/person\\\/96d8979cb865537c5dc9345e40089fc5\"},\"headline\":\"Base gravable del impuesto a la riqueza para las cooperativas\",\"datePublished\":\"2015-11-15T01:24:21+00:00\",\"dateModified\":\"2017-02-05T02:59:56+00:00\",\"mainEntityOfPage\":{\"@id\":\"https:\\\/\\\/contadoreshoy.com\\\/?p=6346\"},\"wordCount\":6055,\"commentCount\":0,\"publisher\":{\"@id\":\"https:\\\/\\\/contadoreshoy.com\\\/#organization\"},\"image\":{\"@id\":\"https:\\\/\\\/contadoreshoy.com\\\/?p=6346#primaryimage\"},\"thumbnailUrl\":\"https:\\\/\\\/contadoreshoy.com\\\/wp-content\\\/uploads\\\/2015\\\/11\\\/cooperativa.jpg\",\"articleSection\":[\"Conceptos y Oficios DIAN\"],\"inLanguage\":\"es\",\"potentialAction\":[{\"@type\":\"CommentAction\",\"name\":\"Comment\",\"target\":[\"https:\\\/\\\/contadoreshoy.com\\\/?p=6346#respond\"]}]},{\"@type\":\"WebPage\",\"@id\":\"https:\\\/\\\/contadoreshoy.com\\\/?p=6346\",\"url\":\"https:\\\/\\\/contadoreshoy.com\\\/?p=6346\",\"name\":\"Base gravable del impuesto a la riqueza para las cooperativas - Contadores P\u00fablicos\",\"isPartOf\":{\"@id\":\"https:\\\/\\\/contadoreshoy.com\\\/#website\"},\"primaryImageOfPage\":{\"@id\":\"https:\\\/\\\/contadoreshoy.com\\\/?p=6346#primaryimage\"},\"image\":{\"@id\":\"https:\\\/\\\/contadoreshoy.com\\\/?p=6346#primaryimage\"},\"thumbnailUrl\":\"https:\\\/\\\/contadoreshoy.com\\\/wp-content\\\/uploads\\\/2015\\\/11\\\/cooperativa.jpg\",\"datePublished\":\"2015-11-15T01:24:21+00:00\",\"dateModified\":\"2017-02-05T02:59:56+00:00\",\"breadcrumb\":{\"@id\":\"https:\\\/\\\/contadoreshoy.com\\\/?p=6346#breadcrumb\"},\"inLanguage\":\"es\",\"potentialAction\":[{\"@type\":\"ReadAction\",\"target\":[\"https:\\\/\\\/contadoreshoy.com\\\/?p=6346\"]}]},{\"@type\":\"ImageObject\",\"inLanguage\":\"es\",\"@id\":\"https:\\\/\\\/contadoreshoy.com\\\/?p=6346#primaryimage\",\"url\":\"https:\\\/\\\/contadoreshoy.com\\\/wp-content\\\/uploads\\\/2015\\\/11\\\/cooperativa.jpg\",\"contentUrl\":\"https:\\\/\\\/contadoreshoy.com\\\/wp-content\\\/uploads\\\/2015\\\/11\\\/cooperativa.jpg\",\"width\":600,\"height\":400},{\"@type\":\"BreadcrumbList\",\"@id\":\"https:\\\/\\\/contadoreshoy.com\\\/?p=6346#breadcrumb\",\"itemListElement\":[{\"@type\":\"ListItem\",\"position\":1,\"name\":\"Portada\",\"item\":\"https:\\\/\\\/contadoreshoy.com\\\/\"},{\"@type\":\"ListItem\",\"position\":2,\"name\":\"Base gravable del impuesto a la riqueza para las cooperativas\"}]},{\"@type\":\"WebSite\",\"@id\":\"https:\\\/\\\/contadoreshoy.com\\\/#website\",\"url\":\"https:\\\/\\\/contadoreshoy.com\\\/\",\"name\":\"Contadorespublicossantander\",\"description\":\"Portal para Contadores P\u00fablicos y empresarios\",\"publisher\":{\"@id\":\"https:\\\/\\\/contadoreshoy.com\\\/#organization\"},\"potentialAction\":[{\"@type\":\"SearchAction\",\"target\":{\"@type\":\"EntryPoint\",\"urlTemplate\":\"https:\\\/\\\/contadoreshoy.com\\\/?s={search_term_string}\"},\"query-input\":{\"@type\":\"PropertyValueSpecification\",\"valueRequired\":true,\"valueName\":\"search_term_string\"}}],\"inLanguage\":\"es\"},{\"@type\":\"Organization\",\"@id\":\"https:\\\/\\\/contadoreshoy.com\\\/#organization\",\"name\":\"Contadores P\u00fablicos de Santander\",\"url\":\"https:\\\/\\\/contadoreshoy.com\\\/\",\"logo\":{\"@type\":\"ImageObject\",\"inLanguage\":\"es\",\"@id\":\"https:\\\/\\\/contadoreshoy.com\\\/#\\\/schema\\\/logo\\\/image\\\/\",\"url\":\"https:\\\/\\\/contadoreshoy.com\\\/wp-content\\\/uploads\\\/2024\\\/01\\\/cropped-cropped-Copia-de-M-1.jpg\",\"contentUrl\":\"https:\\\/\\\/contadoreshoy.com\\\/wp-content\\\/uploads\\\/2024\\\/01\\\/cropped-cropped-Copia-de-M-1.jpg\",\"width\":499,\"height\":500,\"caption\":\"Contadores P\u00fablicos de Santander\"},\"image\":{\"@id\":\"https:\\\/\\\/contadoreshoy.com\\\/#\\\/schema\\\/logo\\\/image\\\/\"},\"sameAs\":[\"https:\\\/\\\/www.facebook.com\\\/CCCPBucaramanga\\\/\"]},{\"@type\":\"Person\",\"@id\":\"https:\\\/\\\/contadoreshoy.com\\\/#\\\/schema\\\/person\\\/96d8979cb865537c5dc9345e40089fc5\",\"name\":\"Miguel Antonio M\u00e1rquez Monta\u00f1ez\",\"description\":\"Contador P\u00fablico egresado de la Universidad Aut\u00f3noma de Bucaramanga - Asesor contable tributario con m\u00e1s de 25 a\u00f1os de experiencia - Conferencista en temas contables y tributarios - T\u00e9cnico en Hardware y Dise\u00f1o Web - Creador y director Grupo de Estudio Colegio Colombiano de Contadores P\u00fablicos de Bucaramanga - Creador y Master Web p\u00e1gina www.contadoresp\u00fablicossantander.com - Expresidente Colegio Colombiano de Contadores P\u00fablicos Bucaramanga\",\"url\":\"https:\\\/\\\/contadoreshoy.com\\\/?author=1\"}]}<\/script>\n<!-- \/ Yoast SEO plugin. -->","yoast_head_json":{"title":"Base gravable del impuesto a la riqueza para las cooperativas - Contadores P\u00fablicos","robots":{"index":"index","follow":"follow","max-snippet":"max-snippet:-1","max-image-preview":"max-image-preview:large","max-video-preview":"max-video-preview:-1"},"canonical":"https:\/\/contadoreshoy.com\/?p=6346","og_locale":"es_ES","og_type":"article","og_title":"Base gravable del impuesto a la riqueza para las cooperativas - Contadores P\u00fablicos","og_description":"Las cooperativas, para determinar la base gravable del impuesto a la riqueza, pueden excluir de su base el valor patrimonial de los aportes sociales realizados por sus asociados.","og_url":"https:\/\/contadoreshoy.com\/?p=6346","og_site_name":"Contadores P\u00fablicos","article_publisher":"https:\/\/www.facebook.com\/CCCPBucaramanga\/","article_published_time":"2015-11-15T01:24:21+00:00","article_modified_time":"2017-02-05T02:59:56+00:00","og_image":[{"width":600,"height":400,"url":"https:\/\/contadoreshoy.com\/wp-content\/uploads\/2015\/11\/cooperativa.jpg","type":"image\/jpeg"}],"author":"Miguel Antonio M\u00e1rquez Monta\u00f1ez","twitter_card":"summary_large_image","twitter_misc":{"Escrito por":"Miguel Antonio M\u00e1rquez Monta\u00f1ez","Tiempo de lectura":"30 minutos"},"schema":{"@context":"https:\/\/schema.org","@graph":[{"@type":"Article","@id":"https:\/\/contadoreshoy.com\/?p=6346#article","isPartOf":{"@id":"https:\/\/contadoreshoy.com\/?p=6346"},"author":{"name":"Miguel Antonio M\u00e1rquez Monta\u00f1ez","@id":"https:\/\/contadoreshoy.com\/#\/schema\/person\/96d8979cb865537c5dc9345e40089fc5"},"headline":"Base gravable del impuesto a la riqueza para las cooperativas","datePublished":"2015-11-15T01:24:21+00:00","dateModified":"2017-02-05T02:59:56+00:00","mainEntityOfPage":{"@id":"https:\/\/contadoreshoy.com\/?p=6346"},"wordCount":6055,"commentCount":0,"publisher":{"@id":"https:\/\/contadoreshoy.com\/#organization"},"image":{"@id":"https:\/\/contadoreshoy.com\/?p=6346#primaryimage"},"thumbnailUrl":"https:\/\/contadoreshoy.com\/wp-content\/uploads\/2015\/11\/cooperativa.jpg","articleSection":["Conceptos y Oficios DIAN"],"inLanguage":"es","potentialAction":[{"@type":"CommentAction","name":"Comment","target":["https:\/\/contadoreshoy.com\/?p=6346#respond"]}]},{"@type":"WebPage","@id":"https:\/\/contadoreshoy.com\/?p=6346","url":"https:\/\/contadoreshoy.com\/?p=6346","name":"Base gravable del impuesto a la riqueza para las cooperativas - Contadores P\u00fablicos","isPartOf":{"@id":"https:\/\/contadoreshoy.com\/#website"},"primaryImageOfPage":{"@id":"https:\/\/contadoreshoy.com\/?p=6346#primaryimage"},"image":{"@id":"https:\/\/contadoreshoy.com\/?p=6346#primaryimage"},"thumbnailUrl":"https:\/\/contadoreshoy.com\/wp-content\/uploads\/2015\/11\/cooperativa.jpg","datePublished":"2015-11-15T01:24:21+00:00","dateModified":"2017-02-05T02:59:56+00:00","breadcrumb":{"@id":"https:\/\/contadoreshoy.com\/?p=6346#breadcrumb"},"inLanguage":"es","potentialAction":[{"@type":"ReadAction","target":["https:\/\/contadoreshoy.com\/?p=6346"]}]},{"@type":"ImageObject","inLanguage":"es","@id":"https:\/\/contadoreshoy.com\/?p=6346#primaryimage","url":"https:\/\/contadoreshoy.com\/wp-content\/uploads\/2015\/11\/cooperativa.jpg","contentUrl":"https:\/\/contadoreshoy.com\/wp-content\/uploads\/2015\/11\/cooperativa.jpg","width":600,"height":400},{"@type":"BreadcrumbList","@id":"https:\/\/contadoreshoy.com\/?p=6346#breadcrumb","itemListElement":[{"@type":"ListItem","position":1,"name":"Portada","item":"https:\/\/contadoreshoy.com\/"},{"@type":"ListItem","position":2,"name":"Base gravable del impuesto a la riqueza para las cooperativas"}]},{"@type":"WebSite","@id":"https:\/\/contadoreshoy.com\/#website","url":"https:\/\/contadoreshoy.com\/","name":"Contadorespublicossantander","description":"Portal para Contadores P\u00fablicos y empresarios","publisher":{"@id":"https:\/\/contadoreshoy.com\/#organization"},"potentialAction":[{"@type":"SearchAction","target":{"@type":"EntryPoint","urlTemplate":"https:\/\/contadoreshoy.com\/?s={search_term_string}"},"query-input":{"@type":"PropertyValueSpecification","valueRequired":true,"valueName":"search_term_string"}}],"inLanguage":"es"},{"@type":"Organization","@id":"https:\/\/contadoreshoy.com\/#organization","name":"Contadores P\u00fablicos de Santander","url":"https:\/\/contadoreshoy.com\/","logo":{"@type":"ImageObject","inLanguage":"es","@id":"https:\/\/contadoreshoy.com\/#\/schema\/logo\/image\/","url":"https:\/\/contadoreshoy.com\/wp-content\/uploads\/2024\/01\/cropped-cropped-Copia-de-M-1.jpg","contentUrl":"https:\/\/contadoreshoy.com\/wp-content\/uploads\/2024\/01\/cropped-cropped-Copia-de-M-1.jpg","width":499,"height":500,"caption":"Contadores P\u00fablicos de Santander"},"image":{"@id":"https:\/\/contadoreshoy.com\/#\/schema\/logo\/image\/"},"sameAs":["https:\/\/www.facebook.com\/CCCPBucaramanga\/"]},{"@type":"Person","@id":"https:\/\/contadoreshoy.com\/#\/schema\/person\/96d8979cb865537c5dc9345e40089fc5","name":"Miguel Antonio M\u00e1rquez Monta\u00f1ez","description":"Contador P\u00fablico egresado de la Universidad Aut\u00f3noma de Bucaramanga - Asesor contable tributario con m\u00e1s de 25 a\u00f1os de experiencia - Conferencista en temas contables y tributarios - T\u00e9cnico en Hardware y Dise\u00f1o Web - Creador y director Grupo de Estudio Colegio Colombiano de Contadores P\u00fablicos de Bucaramanga - Creador y Master Web p\u00e1gina www.contadoresp\u00fablicossantander.com - Expresidente Colegio Colombiano de Contadores P\u00fablicos Bucaramanga","url":"https:\/\/contadoreshoy.com\/?author=1"}]}},"_links":{"self":[{"href":"https:\/\/contadoreshoy.com\/index.php?rest_route=\/wp\/v2\/posts\/6346","targetHints":{"allow":["GET"]}}],"collection":[{"href":"https:\/\/contadoreshoy.com\/index.php?rest_route=\/wp\/v2\/posts"}],"about":[{"href":"https:\/\/contadoreshoy.com\/index.php?rest_route=\/wp\/v2\/types\/post"}],"author":[{"embeddable":true,"href":"https:\/\/contadoreshoy.com\/index.php?rest_route=\/wp\/v2\/users\/1"}],"replies":[{"embeddable":true,"href":"https:\/\/contadoreshoy.com\/index.php?rest_route=%2Fwp%2Fv2%2Fcomments&post=6346"}],"version-history":[{"count":1,"href":"https:\/\/contadoreshoy.com\/index.php?rest_route=\/wp\/v2\/posts\/6346\/revisions"}],"predecessor-version":[{"id":7987,"href":"https:\/\/contadoreshoy.com\/index.php?rest_route=\/wp\/v2\/posts\/6346\/revisions\/7987"}],"wp:featuredmedia":[{"embeddable":true,"href":"https:\/\/contadoreshoy.com\/index.php?rest_route=\/wp\/v2\/media\/6348"}],"wp:attachment":[{"href":"https:\/\/contadoreshoy.com\/index.php?rest_route=%2Fwp%2Fv2%2Fmedia&parent=6346"}],"wp:term":[{"taxonomy":"category","embeddable":true,"href":"https:\/\/contadoreshoy.com\/index.php?rest_route=%2Fwp%2Fv2%2Fcategories&post=6346"},{"taxonomy":"post_tag","embeddable":true,"href":"https:\/\/contadoreshoy.com\/index.php?rest_route=%2Fwp%2Fv2%2Ftags&post=6346"}],"curies":[{"name":"wp","href":"https:\/\/api.w.org\/{rel}","templated":true}]}}