{"id":6350,"date":"2015-11-13T21:39:41","date_gmt":"2015-11-14T02:39:41","guid":{"rendered":"http:\/\/colegiocolombianodecontadores.com\/?p=6350"},"modified":"2017-02-04T21:59:57","modified_gmt":"2017-02-05T02:59:57","slug":"resolucion-84295-octubre-28-de-2015-amplia-plazo-para-adoptar-programa-de-gestion-documental","status":"publish","type":"post","link":"https:\/\/contadoreshoy.com\/?p=6350","title":{"rendered":"Resoluci\u00f3n 84295 octubre 28 de 2015 &#8211; Ampl\u00eda plazo para adoptar programa de gesti\u00f3n documental."},"content":{"rendered":"<p style=\"text-align: center;\">Superintendencia de Industria y Comercio<\/p>\n<p style=\"text-align: center;\"><strong>RESOLUCI\u00d3N N\u00daMERO 84295 DE 2015<\/strong><\/p>\n<p style=\"text-align: center;\">(octubre 28)<\/p>\n<p><span style=\"color: #0000ff;\"><em>por la cual se modifica el art\u00edculo 12 de la Resoluci\u00f3n n\u00famero 8934 de 2014.<\/em><\/span><\/p>\n<p>El Superintendente de Industria y Comercio, en ejercicio de sus facultades legales y, en particular, las previstas en la Ley 594 de 2000 y en los Decretos n\u00fameros 2578 y 2609 de 2012 y 4886 de 2011, y<\/p>\n<p>CONSIDERANDO:<\/p>\n<p><span style=\"color: #0000ff;\">Que el art\u00edculo 26 del Decreto n\u00famero 2578 de 2012 establece la obligaci\u00f3n que tienen las empresas e instituciones privadas que est\u00e9n bajo la vigilancia del Estado, a contar con archivos creados, organizados, preservados y controlados, teniendo en cuenta los principios archiv\u00edsticos, el ciclo de vida de los documentos, las normas que regulan cada sector, as\u00ed como las establecidas en la Ley 594 de 2000;<\/span><\/p>\n<p>Que en los art\u00edculos 35 y 36 del Decreto n\u00famero 2609 de 2012 se prev\u00e9 la responsabilidad de los Ministerios y las Superintendencias, en sus respectivos sectores, para establecer normas en cuanto a la formulaci\u00f3n, implementaci\u00f3n y evaluaci\u00f3n del programa de gesti\u00f3n documental de las entidades privadas bajo su inspecci\u00f3n y vigilancia; as\u00ed mismo, dispone que el Archivo General de la Naci\u00f3n coordinar\u00e1 con los Ministerios y Superintendencias el desarrollo de la normativa que en materia de gesti\u00f3n documental deba expedirse para las entidades privadas bajo el control y vigilancia de dichas autoridades;<\/p>\n<p>Que la Superintendencia de Industria y Comercio, en cumplimiento de lo dispuesto en la Ley 594 de 2000 y los Decretos n\u00fameros 2578 y 2609 de 2012, expidi\u00f3 la Resoluci\u00f3n n\u00famero 8934 del 19 de febrero de 2014, mediante la cual se establecen las directrices en materia de gesti\u00f3n documental y organizaci\u00f3n de archivos que deben cumplir los vigilados por esta Entidad;<\/p>\n<p>Que en el art\u00edculo 12 de la Resoluci\u00f3n n\u00famero 8934 de 2014 se se\u00f1ala:<\/p>\n<p><em>\u201cLa presente resoluci\u00f3n establece un plazo de un (1) a\u00f1o contado a partir de su entrada en vigencia, para que las empresas e instituciones privadas elaboren sus tablas de retenci\u00f3n documental y adopten el programa de gesti\u00f3n documental respectivo, el cual deber\u00e1 incluir las pol\u00edticas para la adopci\u00f3n e implementaci\u00f3n de la gesti\u00f3n de documentos electr\u00f3nicos de archivo, as\u00ed como un plan para la organizaci\u00f3n de fondos documentales acumulados\u201d;<\/em><\/p>\n<p>Que mediante Resoluci\u00f3n n\u00famero 723 de 2015 se modific\u00f3 el art\u00edculo 12 de la Resoluci\u00f3n n\u00famero 8934 de 2014, en el sentido de ampliar el plazo hasta el 31 de octubre de 2015 para que las entidades vigiladas por esta Superintendencia elaboren sus tablas de retenci\u00f3n documental y adopten el programa de gesti\u00f3n documental respectivo, el cual deber\u00e1 incluir las pol\u00edticas para la adopci\u00f3n e implementaci\u00f3n de la gesti\u00f3n de documentos electr\u00f3nicos de archivo, as\u00ed como un plan para la organizaci\u00f3n de fondos documentales acumulados;<\/p>\n<p>Que se han recibido peticiones con el objeto de que se ampl\u00ede el t\u00e9rmino otorgado para que las entidades vigiladas por esta Superintendencia cumplan con las directrices en materia de gesti\u00f3n documental y organizaci\u00f3n de archivos, raz\u00f3n por la cual, se ampl\u00eda el plazo hasta el 31 de marzo de 2016 para que acredite dicho cumplimiento; En m\u00e9rito de lo expuesto,<\/p>\n<p style=\"text-align: center;\">RESUELVE:<\/p>\n<p>Art\u00edculo 1\u00b0. Modificar el art\u00edculo 12 de la Resoluci\u00f3n n\u00famero 8934 de 2015, el cual quedar\u00e1 as\u00ed:<\/p>\n<p>\u201c<strong>Art\u00edculo 12<\/strong>.<strong><span style=\"color: #ff9900;\"> La presente resoluci\u00f3n otorga plazo hasta el 31 de marzo de 2016, para que las empresas e instituciones privadas elaboren sus tablas de retenci\u00f3n documental y adopten el programa de gesti\u00f3n documental respectivo, el cual deber\u00e1 incluir las pol\u00edticas para la adopci\u00f3n e implementaci\u00f3n de la gesti\u00f3n de documentos electr\u00f3nicos de archivo, as\u00ed como un plan para la organizaci\u00f3n de fondos documentales acumulados\u201d.<\/span><\/strong><\/p>\n<p>Art\u00edculo 2\u00b0. La presente resoluci\u00f3n rige a partir de la fecha de su publicaci\u00f3n.<\/p>\n<p>Publ\u00edquese y c\u00famplase.<\/p>\n<p>Dada en Bogot\u00e1, D. C., a 28 de octubre de 2015.<\/p>\n<p>El Superintendente de Industria y Comercio,<\/p>\n","protected":false},"excerpt":{"rendered":"<p>Plazo hasta el 31 de marzo de 2016, para que las empresas e instituciones privadas elaboren sus tablas de retenci\u00f3n documental y adopten el programa de gesti\u00f3n documental .<\/p>\n","protected":false},"author":1,"featured_media":0,"comment_status":"open","ping_status":"open","sticky":false,"template":"","format":"standard","meta":{"_monsterinsights_skip_tracking":false,"ngg_post_thumbnail":0,"footnotes":"","_links_to":"","_links_to_target":""},"categories":[454],"tags":[],"class_list":["post-6350","post","type-post","status-publish","format-standard","hentry","category-sin-categoria"],"aioseo_notices":[],"aioseo_head":"\n\t\t<!-- All in One SEO 5.0.1.1 - aioseo.com -->\n\t<meta name=\"description\" content=\"Plazo hasta el 31 de marzo de 2016, para que las empresas e instituciones privadas elaboren sus tablas de retenci\u00f3n documental y adopten el programa de gesti\u00f3n documental .\" \/>\n\t<meta name=\"robots\" content=\"max-image-preview:large\" \/>\n\t<meta name=\"author\" content=\"Miguel Antonio M\u00e1rquez Monta\u00f1ez\"\/>\n\t<link rel=\"canonical\" href=\"https:\/\/contadoreshoy.com\/?p=6350\" \/>\n\t<meta name=\"generator\" content=\"All in One SEO (AIOSEO) 5.0.1.1\" \/>\n\t\t<meta property=\"og:locale\" content=\"es_ES\" \/>\n\t\t<meta property=\"og:site_name\" content=\"Contadores P\u00fablicos - Portal para Contadores P\u00fablicos y empresarios\" \/>\n\t\t<meta property=\"og:type\" content=\"article\" \/>\n\t\t<meta property=\"og:title\" content=\"Resoluci\u00f3n 84295 octubre 28 de 2015 \u2013 Ampl\u00eda plazo para adoptar programa de gesti\u00f3n documental. - Contadores P\u00fablicos\" \/>\n\t\t<meta property=\"og:description\" content=\"Plazo hasta el 31 de marzo de 2016, para que las empresas e instituciones privadas elaboren sus tablas de retenci\u00f3n documental y adopten el programa de gesti\u00f3n documental .\" \/>\n\t\t<meta property=\"og:url\" content=\"https:\/\/contadoreshoy.com\/?p=6350\" \/>\n\t\t<meta property=\"og:image\" content=\"https:\/\/contadoreshoy.com\/wp-content\/uploads\/2024\/01\/cropped-cropped-cropped-Copia-de-M.jpg\" \/>\n\t\t<meta property=\"og:image:secure_url\" content=\"https:\/\/contadoreshoy.com\/wp-content\/uploads\/2024\/01\/cropped-cropped-cropped-Copia-de-M.jpg\" \/>\n\t\t<meta property=\"og:image:width\" content=\"512\" \/>\n\t\t<meta property=\"og:image:height\" content=\"371\" \/>\n\t\t<meta property=\"article:published_time\" content=\"2015-11-14T02:39:41+00:00\" \/>\n\t\t<meta property=\"article:modified_time\" content=\"2017-02-05T02:59:57+00:00\" \/>\n\t\t<meta name=\"twitter:card\" content=\"summary_large_image\" \/>\n\t\t<meta name=\"twitter:title\" content=\"Resoluci\u00f3n 84295 octubre 28 de 2015 \u2013 Ampl\u00eda plazo para adoptar programa de gesti\u00f3n documental. - Contadores P\u00fablicos\" \/>\n\t\t<meta name=\"twitter:description\" content=\"Plazo hasta el 31 de marzo de 2016, para que las empresas e instituciones privadas elaboren sus tablas de retenci\u00f3n documental y adopten el programa de gesti\u00f3n documental .\" \/>\n\t\t<meta name=\"twitter:image\" content=\"https:\/\/contadoreshoy.com\/wp-content\/uploads\/2024\/01\/cropped-cropped-cropped-Copia-de-M.jpg\" \/>\n\t\t<script type=\"application\/ld+json\" class=\"aioseo-schema\">\n\t\t\t{\"@context\":\"https:\\\/\\\/schema.org\",\"@graph\":[{\"@type\":\"BlogPosting\",\"@id\":\"https:\\\/\\\/contadoreshoy.com\\\/?p=6350#blogposting\",\"name\":\"Resoluci\\u00f3n 84295 octubre 28 de 2015 \\u2013 Ampl\\u00eda plazo para adoptar programa de gesti\\u00f3n documental. - Contadores P\\u00fablicos\",\"headline\":\"Resoluci\\u00f3n 84295 octubre 28 de 2015 &#8211; Ampl\\u00eda plazo para adoptar programa de gesti\\u00f3n documental.\",\"author\":{\"@id\":\"https:\\\/\\\/contadoreshoy.com\\\/?author=1#author\"},\"publisher\":{\"@id\":\"https:\\\/\\\/contadoreshoy.com\\\/#organization\"},\"image\":{\"@type\":\"ImageObject\",\"url\":\"https:\\\/\\\/contadoreshoy.com\\\/wp-content\\\/uploads\\\/2024\\\/01\\\/cropped-cropped-Copia-de-M-1.jpg\",\"@id\":\"https:\\\/\\\/contadoreshoy.com\\\/#articleImage\",\"width\":499,\"height\":500},\"datePublished\":\"2015-11-13T21:39:41-05:00\",\"dateModified\":\"2017-02-04T21:59:57-05:00\",\"inLanguage\":\"es-ES\",\"mainEntityOfPage\":{\"@id\":\"https:\\\/\\\/contadoreshoy.com\\\/?p=6350#webpage\"},\"isPartOf\":{\"@id\":\"https:\\\/\\\/contadoreshoy.com\\\/?p=6350#webpage\"},\"articleSection\":\"Sin categor\\u00eda\"},{\"@type\":\"BreadcrumbList\",\"@id\":\"https:\\\/\\\/contadoreshoy.com\\\/?p=6350#breadcrumblist\",\"itemListElement\":[{\"@type\":\"ListItem\",\"@id\":\"https:\\\/\\\/contadoreshoy.com#listItem\",\"position\":1,\"name\":\"Home\",\"item\":\"https:\\\/\\\/contadoreshoy.com\",\"nextItem\":{\"@type\":\"ListItem\",\"@id\":\"https:\\\/\\\/contadoreshoy.com\\\/?cat=454#listItem\",\"name\":\"Sin categor\\u00eda\"}},{\"@type\":\"ListItem\",\"@id\":\"https:\\\/\\\/contadoreshoy.com\\\/?cat=454#listItem\",\"position\":2,\"name\":\"Sin categor\\u00eda\",\"item\":\"https:\\\/\\\/contadoreshoy.com\\\/?cat=454\",\"nextItem\":{\"@type\":\"ListItem\",\"@id\":\"https:\\\/\\\/contadoreshoy.com\\\/?p=6350#listItem\",\"name\":\"Resoluci\\u00f3n 84295 octubre 28 de 2015 &#8211; Ampl\\u00eda plazo para adoptar programa de gesti\\u00f3n documental.\"},\"previousItem\":{\"@type\":\"ListItem\",\"@id\":\"https:\\\/\\\/contadoreshoy.com#listItem\",\"name\":\"Home\"}},{\"@type\":\"ListItem\",\"@id\":\"https:\\\/\\\/contadoreshoy.com\\\/?p=6350#listItem\",\"position\":3,\"name\":\"Resoluci\\u00f3n 84295 octubre 28 de 2015 &#8211; Ampl\\u00eda plazo para adoptar programa de gesti\\u00f3n documental.\",\"previousItem\":{\"@type\":\"ListItem\",\"@id\":\"https:\\\/\\\/contadoreshoy.com\\\/?cat=454#listItem\",\"name\":\"Sin categor\\u00eda\"}}]},{\"@type\":\"Organization\",\"@id\":\"https:\\\/\\\/contadoreshoy.com\\\/#organization\",\"name\":\"Contadores P\\u00fablicos\",\"description\":\"Portal para Contadores P\\u00fablicos y empresarios\",\"url\":\"https:\\\/\\\/contadoreshoy.com\\\/\",\"logo\":{\"@type\":\"ImageObject\",\"url\":\"https:\\\/\\\/contadoreshoy.com\\\/wp-content\\\/uploads\\\/2024\\\/01\\\/cropped-cropped-Copia-de-M-1.jpg\",\"@id\":\"https:\\\/\\\/contadoreshoy.com\\\/?p=6350\\\/#organizationLogo\",\"width\":499,\"height\":500},\"image\":{\"@id\":\"https:\\\/\\\/contadoreshoy.com\\\/?p=6350\\\/#organizationLogo\"}},{\"@type\":\"Person\",\"@id\":\"https:\\\/\\\/contadoreshoy.com\\\/?author=1#author\",\"url\":\"https:\\\/\\\/contadoreshoy.com\\\/?author=1\",\"name\":\"Miguel Antonio M\\u00e1rquez Monta\\u00f1ez\"},{\"@type\":\"WebPage\",\"@id\":\"https:\\\/\\\/contadoreshoy.com\\\/?p=6350#webpage\",\"url\":\"https:\\\/\\\/contadoreshoy.com\\\/?p=6350\",\"name\":\"Resoluci\\u00f3n 84295 octubre 28 de 2015 \\u2013 Ampl\\u00eda plazo para adoptar programa de gesti\\u00f3n documental. - Contadores P\\u00fablicos\",\"description\":\"Plazo hasta el 31 de marzo de 2016, para que las empresas e instituciones privadas elaboren sus tablas de retenci\\u00f3n documental y adopten el programa de gesti\\u00f3n documental .\",\"inLanguage\":\"es-ES\",\"isPartOf\":{\"@id\":\"https:\\\/\\\/contadoreshoy.com\\\/#website\"},\"breadcrumb\":{\"@id\":\"https:\\\/\\\/contadoreshoy.com\\\/?p=6350#breadcrumblist\"},\"author\":{\"@id\":\"https:\\\/\\\/contadoreshoy.com\\\/?author=1#author\"},\"creator\":{\"@id\":\"https:\\\/\\\/contadoreshoy.com\\\/?author=1#author\"},\"datePublished\":\"2015-11-13T21:39:41-05:00\",\"dateModified\":\"2017-02-04T21:59:57-05:00\"},{\"@type\":\"WebSite\",\"@id\":\"https:\\\/\\\/contadoreshoy.com\\\/#website\",\"url\":\"https:\\\/\\\/contadoreshoy.com\\\/\",\"name\":\"Contadores P\\u00fablicos\",\"description\":\"Portal para Contadores P\\u00fablicos y empresarios\",\"inLanguage\":\"es-ES\",\"publisher\":{\"@id\":\"https:\\\/\\\/contadoreshoy.com\\\/#organization\"}}]}\n\t\t<\/script>\n\t\t<!-- All in One SEO -->\n\n","aioseo_head_json":{"title":"Resoluci\u00f3n 84295 octubre 28 de 2015 \u2013 Ampl\u00eda plazo para adoptar programa de gesti\u00f3n documental. - Contadores P\u00fablicos","description":"Plazo hasta el 31 de marzo de 2016, para que las empresas e instituciones privadas elaboren sus tablas de retenci\u00f3n documental y adopten el programa de gesti\u00f3n documental .","canonical_url":"https:\/\/contadoreshoy.com\/?p=6350","robots":"max-image-preview:large","keywords":"","webmasterTools":{"miscellaneous":""},"schema":{"@context":"https:\/\/schema.org","@graph":[{"@type":"BlogPosting","@id":"https:\/\/contadoreshoy.com\/?p=6350#blogposting","name":"Resoluci\u00f3n 84295 octubre 28 de 2015 \u2013 Ampl\u00eda plazo para adoptar programa de gesti\u00f3n documental. - Contadores P\u00fablicos","headline":"Resoluci\u00f3n 84295 octubre 28 de 2015 &#8211; Ampl\u00eda plazo para adoptar programa de gesti\u00f3n documental.","author":{"@id":"https:\/\/contadoreshoy.com\/?author=1#author"},"publisher":{"@id":"https:\/\/contadoreshoy.com\/#organization"},"image":{"@type":"ImageObject","url":"https:\/\/contadoreshoy.com\/wp-content\/uploads\/2024\/01\/cropped-cropped-Copia-de-M-1.jpg","@id":"https:\/\/contadoreshoy.com\/#articleImage","width":499,"height":500},"datePublished":"2015-11-13T21:39:41-05:00","dateModified":"2017-02-04T21:59:57-05:00","inLanguage":"es-ES","mainEntityOfPage":{"@id":"https:\/\/contadoreshoy.com\/?p=6350#webpage"},"isPartOf":{"@id":"https:\/\/contadoreshoy.com\/?p=6350#webpage"},"articleSection":"Sin categor\u00eda"},{"@type":"BreadcrumbList","@id":"https:\/\/contadoreshoy.com\/?p=6350#breadcrumblist","itemListElement":[{"@type":"ListItem","@id":"https:\/\/contadoreshoy.com#listItem","position":1,"name":"Home","item":"https:\/\/contadoreshoy.com","nextItem":{"@type":"ListItem","@id":"https:\/\/contadoreshoy.com\/?cat=454#listItem","name":"Sin categor\u00eda"}},{"@type":"ListItem","@id":"https:\/\/contadoreshoy.com\/?cat=454#listItem","position":2,"name":"Sin categor\u00eda","item":"https:\/\/contadoreshoy.com\/?cat=454","nextItem":{"@type":"ListItem","@id":"https:\/\/contadoreshoy.com\/?p=6350#listItem","name":"Resoluci\u00f3n 84295 octubre 28 de 2015 &#8211; Ampl\u00eda plazo para adoptar programa de gesti\u00f3n documental."},"previousItem":{"@type":"ListItem","@id":"https:\/\/contadoreshoy.com#listItem","name":"Home"}},{"@type":"ListItem","@id":"https:\/\/contadoreshoy.com\/?p=6350#listItem","position":3,"name":"Resoluci\u00f3n 84295 octubre 28 de 2015 &#8211; Ampl\u00eda plazo para adoptar programa de gesti\u00f3n documental.","previousItem":{"@type":"ListItem","@id":"https:\/\/contadoreshoy.com\/?cat=454#listItem","name":"Sin categor\u00eda"}}]},{"@type":"Organization","@id":"https:\/\/contadoreshoy.com\/#organization","name":"Contadores P\u00fablicos","description":"Portal para Contadores P\u00fablicos y empresarios","url":"https:\/\/contadoreshoy.com\/","logo":{"@type":"ImageObject","url":"https:\/\/contadoreshoy.com\/wp-content\/uploads\/2024\/01\/cropped-cropped-Copia-de-M-1.jpg","@id":"https:\/\/contadoreshoy.com\/?p=6350\/#organizationLogo","width":499,"height":500},"image":{"@id":"https:\/\/contadoreshoy.com\/?p=6350\/#organizationLogo"}},{"@type":"Person","@id":"https:\/\/contadoreshoy.com\/?author=1#author","url":"https:\/\/contadoreshoy.com\/?author=1","name":"Miguel Antonio M\u00e1rquez Monta\u00f1ez"},{"@type":"WebPage","@id":"https:\/\/contadoreshoy.com\/?p=6350#webpage","url":"https:\/\/contadoreshoy.com\/?p=6350","name":"Resoluci\u00f3n 84295 octubre 28 de 2015 \u2013 Ampl\u00eda plazo para adoptar programa de gesti\u00f3n documental. - Contadores P\u00fablicos","description":"Plazo hasta el 31 de marzo de 2016, para que las empresas e instituciones privadas elaboren sus tablas de retenci\u00f3n documental y adopten el programa de gesti\u00f3n documental .","inLanguage":"es-ES","isPartOf":{"@id":"https:\/\/contadoreshoy.com\/#website"},"breadcrumb":{"@id":"https:\/\/contadoreshoy.com\/?p=6350#breadcrumblist"},"author":{"@id":"https:\/\/contadoreshoy.com\/?author=1#author"},"creator":{"@id":"https:\/\/contadoreshoy.com\/?author=1#author"},"datePublished":"2015-11-13T21:39:41-05:00","dateModified":"2017-02-04T21:59:57-05:00"},{"@type":"WebSite","@id":"https:\/\/contadoreshoy.com\/#website","url":"https:\/\/contadoreshoy.com\/","name":"Contadores P\u00fablicos","description":"Portal para Contadores P\u00fablicos y empresarios","inLanguage":"es-ES","publisher":{"@id":"https:\/\/contadoreshoy.com\/#organization"}}]},"og:locale":"es_ES","og:site_name":"Contadores P\u00fablicos - Portal para Contadores P\u00fablicos y empresarios","og:type":"article","og:title":"Resoluci\u00f3n 84295 octubre 28 de 2015 \u2013 Ampl\u00eda plazo para adoptar programa de gesti\u00f3n documental. - Contadores P\u00fablicos","og:description":"Plazo hasta el 31 de marzo de 2016, para que las empresas e instituciones privadas elaboren sus tablas de retenci\u00f3n documental y adopten el programa de gesti\u00f3n documental .","og:url":"https:\/\/contadoreshoy.com\/?p=6350","og:image":"https:\/\/contadoreshoy.com\/wp-content\/uploads\/2024\/01\/cropped-cropped-cropped-Copia-de-M.jpg","og:image:secure_url":"https:\/\/contadoreshoy.com\/wp-content\/uploads\/2024\/01\/cropped-cropped-cropped-Copia-de-M.jpg","og:image:width":512,"og:image:height":371,"article:published_time":"2015-11-14T02:39:41+00:00","article:modified_time":"2017-02-05T02:59:57+00:00","twitter:card":"summary_large_image","twitter:title":"Resoluci\u00f3n 84295 octubre 28 de 2015 \u2013 Ampl\u00eda plazo para adoptar programa de gesti\u00f3n documental. - Contadores P\u00fablicos","twitter:description":"Plazo hasta el 31 de marzo de 2016, para que las empresas e instituciones privadas elaboren sus tablas de retenci\u00f3n documental y adopten el programa de gesti\u00f3n documental .","twitter:image":"https:\/\/contadoreshoy.com\/wp-content\/uploads\/2024\/01\/cropped-cropped-cropped-Copia-de-M.jpg"},"aioseo_meta_data":{"post_id":"6350","title":null,"description":null,"keywords":null,"keyphrases":null,"primary_term":null,"canonical_url":null,"og_title":null,"og_description":null,"og_object_type":"default","og_image_type":"default","og_image_url":null,"og_image_width":null,"og_image_height":null,"og_image_custom_url":null,"og_image_custom_fields":null,"og_video":null,"og_custom_url":null,"og_article_section":null,"og_article_tags":null,"twitter_use_og":false,"twitter_card":"default","twitter_image_type":"default","twitter_image_url":null,"twitter_image_custom_url":null,"twitter_image_custom_fields":null,"twitter_title":null,"twitter_description":null,"schema":{"blockGraphs":[],"customGraphs":[],"default":{"data":{"Article":[],"Course":[],"Dataset":[],"FAQPage":[],"Movie":[],"Person":[],"Product":[],"ProductReview":[],"Car":[],"Recipe":[],"Service":[],"SoftwareApplication":[],"WebPage":[]},"graphName":"","isEnabled":true},"graphs":[]},"schema_type":"default","schema_type_options":null,"pillar_content":false,"robots_default":true,"robots_noindex":false,"robots_noarchive":false,"robots_nosnippet":false,"robots_nofollow":false,"robots_noimageindex":false,"robots_noodp":false,"robots_notranslate":false,"robots_max_snippet":null,"robots_max_videopreview":null,"robots_max_imagepreview":"large","priority":null,"frequency":null,"local_seo":null,"breadcrumb_settings":null,"limit_modified_date":false,"ai":null,"created":"2024-03-05 01:24:16","updated":"2026-03-03 04:42:42","seo_analyzer_scan_date":null,"focus_keyword":null,"additional_keywords":null,"truseo_locale":null},"aioseo_breadcrumb":"<div class=\"aioseo-breadcrumbs\"><span class=\"aioseo-breadcrumb\">\n\t\t\t<a href=\"https:\/\/contadoreshoy.com\" title=\"Home\">Home<\/a>\n\t\t<\/span><span class=\"aioseo-breadcrumb-separator\">&raquo;<\/span><span class=\"aioseo-breadcrumb\">\n\t\t\t<a href=\"https:\/\/contadoreshoy.com\/?cat=454\" title=\"Sin categor\u00eda\">Sin categor\u00eda<\/a>\n\t\t<\/span><span class=\"aioseo-breadcrumb-separator\">&raquo;<\/span><span class=\"aioseo-breadcrumb\">\n\t\t\tResoluci\u00f3n 84295 octubre 28 de 2015 \u2013 Ampl\u00eda plazo para adoptar programa de gesti\u00f3n documental.\n\t\t<\/span><\/div>","aioseo_breadcrumb_json":[{"label":"Home","link":"https:\/\/contadoreshoy.com"},{"label":"Sin categor\u00eda","link":"https:\/\/contadoreshoy.com\/?cat=454"},{"label":"Resoluci\u00f3n 84295 octubre 28 de 2015 &#8211; Ampl\u00eda plazo para adoptar programa de gesti\u00f3n documental.","link":"https:\/\/contadoreshoy.com\/?p=6350"}],"yoast_head":"<!-- This site is optimized with the Yoast SEO plugin v28.4 - https:\/\/yoast.com\/product\/yoast-seo-wordpress\/ -->\n<title>Resoluci\u00f3n 84295 octubre 28 de 2015 - Ampl\u00eda plazo para adoptar programa de gesti\u00f3n documental. - Contadores P\u00fablicos<\/title>\n<meta name=\"robots\" content=\"index, follow, max-snippet:-1, max-image-preview:large, max-video-preview:-1\" \/>\n<link rel=\"canonical\" href=\"https:\/\/contadoreshoy.com\/?p=6350\" \/>\n<meta property=\"og:locale\" content=\"es_ES\" \/>\n<meta property=\"og:type\" content=\"article\" \/>\n<meta property=\"og:title\" content=\"Resoluci\u00f3n 84295 octubre 28 de 2015 - Ampl\u00eda plazo para adoptar programa de gesti\u00f3n documental. - Contadores P\u00fablicos\" \/>\n<meta property=\"og:description\" content=\"Plazo hasta el 31 de marzo de 2016, para que las empresas e instituciones privadas elaboren sus tablas de retenci\u00f3n documental y adopten el programa de gesti\u00f3n documental .\" \/>\n<meta property=\"og:url\" content=\"https:\/\/contadoreshoy.com\/?p=6350\" \/>\n<meta property=\"og:site_name\" content=\"Contadores P\u00fablicos\" \/>\n<meta property=\"article:publisher\" content=\"https:\/\/www.facebook.com\/CCCPBucaramanga\/\" \/>\n<meta property=\"article:published_time\" content=\"2015-11-14T02:39:41+00:00\" \/>\n<meta property=\"article:modified_time\" content=\"2017-02-05T02:59:57+00:00\" \/>\n<meta name=\"author\" content=\"Miguel Antonio M\u00e1rquez Monta\u00f1ez\" \/>\n<meta name=\"twitter:card\" content=\"summary_large_image\" \/>\n<meta name=\"twitter:label1\" content=\"Escrito por\" \/>\n\t<meta name=\"twitter:data1\" content=\"Miguel Antonio M\u00e1rquez Monta\u00f1ez\" \/>\n\t<meta name=\"twitter:label2\" content=\"Tiempo de lectura\" \/>\n\t<meta name=\"twitter:data2\" content=\"3 minutos\" \/>\n<script type=\"application\/ld+json\" class=\"yoast-schema-graph\">{\"@context\":\"https:\\\/\\\/schema.org\",\"@graph\":[{\"@type\":\"Article\",\"@id\":\"https:\\\/\\\/contadoreshoy.com\\\/?p=6350#article\",\"isPartOf\":{\"@id\":\"https:\\\/\\\/contadoreshoy.com\\\/?p=6350\"},\"author\":{\"name\":\"Miguel Antonio M\u00e1rquez Monta\u00f1ez\",\"@id\":\"https:\\\/\\\/contadoreshoy.com\\\/#\\\/schema\\\/person\\\/96d8979cb865537c5dc9345e40089fc5\"},\"headline\":\"Resoluci\u00f3n 84295 octubre 28 de 2015 &#8211; Ampl\u00eda plazo para adoptar programa de gesti\u00f3n documental.\",\"datePublished\":\"2015-11-14T02:39:41+00:00\",\"dateModified\":\"2017-02-05T02:59:57+00:00\",\"mainEntityOfPage\":{\"@id\":\"https:\\\/\\\/contadoreshoy.com\\\/?p=6350\"},\"wordCount\":672,\"commentCount\":0,\"publisher\":{\"@id\":\"https:\\\/\\\/contadoreshoy.com\\\/#organization\"},\"inLanguage\":\"es\",\"potentialAction\":[{\"@type\":\"CommentAction\",\"name\":\"Comment\",\"target\":[\"https:\\\/\\\/contadoreshoy.com\\\/?p=6350#respond\"]}]},{\"@type\":\"WebPage\",\"@id\":\"https:\\\/\\\/contadoreshoy.com\\\/?p=6350\",\"url\":\"https:\\\/\\\/contadoreshoy.com\\\/?p=6350\",\"name\":\"Resoluci\u00f3n 84295 octubre 28 de 2015 - Ampl\u00eda plazo para adoptar programa de gesti\u00f3n documental. - Contadores P\u00fablicos\",\"isPartOf\":{\"@id\":\"https:\\\/\\\/contadoreshoy.com\\\/#website\"},\"datePublished\":\"2015-11-14T02:39:41+00:00\",\"dateModified\":\"2017-02-05T02:59:57+00:00\",\"breadcrumb\":{\"@id\":\"https:\\\/\\\/contadoreshoy.com\\\/?p=6350#breadcrumb\"},\"inLanguage\":\"es\",\"potentialAction\":[{\"@type\":\"ReadAction\",\"target\":[\"https:\\\/\\\/contadoreshoy.com\\\/?p=6350\"]}]},{\"@type\":\"BreadcrumbList\",\"@id\":\"https:\\\/\\\/contadoreshoy.com\\\/?p=6350#breadcrumb\",\"itemListElement\":[{\"@type\":\"ListItem\",\"position\":1,\"name\":\"Portada\",\"item\":\"https:\\\/\\\/contadoreshoy.com\\\/\"},{\"@type\":\"ListItem\",\"position\":2,\"name\":\"Resoluci\u00f3n 84295 octubre 28 de 2015 &#8211; Ampl\u00eda plazo para adoptar programa de gesti\u00f3n documental.\"}]},{\"@type\":\"WebSite\",\"@id\":\"https:\\\/\\\/contadoreshoy.com\\\/#website\",\"url\":\"https:\\\/\\\/contadoreshoy.com\\\/\",\"name\":\"Contadorespublicossantander\",\"description\":\"Portal para Contadores P\u00fablicos y empresarios\",\"publisher\":{\"@id\":\"https:\\\/\\\/contadoreshoy.com\\\/#organization\"},\"potentialAction\":[{\"@type\":\"SearchAction\",\"target\":{\"@type\":\"EntryPoint\",\"urlTemplate\":\"https:\\\/\\\/contadoreshoy.com\\\/?s={search_term_string}\"},\"query-input\":{\"@type\":\"PropertyValueSpecification\",\"valueRequired\":true,\"valueName\":\"search_term_string\"}}],\"inLanguage\":\"es\"},{\"@type\":\"Organization\",\"@id\":\"https:\\\/\\\/contadoreshoy.com\\\/#organization\",\"name\":\"Contadores P\u00fablicos de Santander\",\"url\":\"https:\\\/\\\/contadoreshoy.com\\\/\",\"logo\":{\"@type\":\"ImageObject\",\"inLanguage\":\"es\",\"@id\":\"https:\\\/\\\/contadoreshoy.com\\\/#\\\/schema\\\/logo\\\/image\\\/\",\"url\":\"https:\\\/\\\/contadoreshoy.com\\\/wp-content\\\/uploads\\\/2024\\\/01\\\/cropped-cropped-Copia-de-M-1.jpg\",\"contentUrl\":\"https:\\\/\\\/contadoreshoy.com\\\/wp-content\\\/uploads\\\/2024\\\/01\\\/cropped-cropped-Copia-de-M-1.jpg\",\"width\":499,\"height\":500,\"caption\":\"Contadores P\u00fablicos de Santander\"},\"image\":{\"@id\":\"https:\\\/\\\/contadoreshoy.com\\\/#\\\/schema\\\/logo\\\/image\\\/\"},\"sameAs\":[\"https:\\\/\\\/www.facebook.com\\\/CCCPBucaramanga\\\/\"]},{\"@type\":\"Person\",\"@id\":\"https:\\\/\\\/contadoreshoy.com\\\/#\\\/schema\\\/person\\\/96d8979cb865537c5dc9345e40089fc5\",\"name\":\"Miguel Antonio M\u00e1rquez Monta\u00f1ez\",\"description\":\"Contador P\u00fablico egresado de la Universidad Aut\u00f3noma de Bucaramanga - Asesor contable tributario con m\u00e1s de 25 a\u00f1os de experiencia - Conferencista en temas contables y tributarios - T\u00e9cnico en Hardware y Dise\u00f1o Web - Creador y director Grupo de Estudio Colegio Colombiano de Contadores P\u00fablicos de Bucaramanga - Creador y Master Web p\u00e1gina www.contadoresp\u00fablicossantander.com - Expresidente Colegio Colombiano de Contadores P\u00fablicos Bucaramanga\",\"url\":\"https:\\\/\\\/contadoreshoy.com\\\/?author=1\"}]}<\/script>\n<!-- \/ Yoast SEO plugin. -->","yoast_head_json":{"title":"Resoluci\u00f3n 84295 octubre 28 de 2015 - Ampl\u00eda plazo para adoptar programa de gesti\u00f3n documental. - Contadores P\u00fablicos","robots":{"index":"index","follow":"follow","max-snippet":"max-snippet:-1","max-image-preview":"max-image-preview:large","max-video-preview":"max-video-preview:-1"},"canonical":"https:\/\/contadoreshoy.com\/?p=6350","og_locale":"es_ES","og_type":"article","og_title":"Resoluci\u00f3n 84295 octubre 28 de 2015 - Ampl\u00eda plazo para adoptar programa de gesti\u00f3n documental. - Contadores P\u00fablicos","og_description":"Plazo hasta el 31 de marzo de 2016, para que las empresas e instituciones privadas elaboren sus tablas de retenci\u00f3n documental y adopten el programa de gesti\u00f3n documental .","og_url":"https:\/\/contadoreshoy.com\/?p=6350","og_site_name":"Contadores P\u00fablicos","article_publisher":"https:\/\/www.facebook.com\/CCCPBucaramanga\/","article_published_time":"2015-11-14T02:39:41+00:00","article_modified_time":"2017-02-05T02:59:57+00:00","author":"Miguel Antonio M\u00e1rquez Monta\u00f1ez","twitter_card":"summary_large_image","twitter_misc":{"Escrito por":"Miguel Antonio M\u00e1rquez Monta\u00f1ez","Tiempo de lectura":"3 minutos"},"schema":{"@context":"https:\/\/schema.org","@graph":[{"@type":"Article","@id":"https:\/\/contadoreshoy.com\/?p=6350#article","isPartOf":{"@id":"https:\/\/contadoreshoy.com\/?p=6350"},"author":{"name":"Miguel Antonio M\u00e1rquez Monta\u00f1ez","@id":"https:\/\/contadoreshoy.com\/#\/schema\/person\/96d8979cb865537c5dc9345e40089fc5"},"headline":"Resoluci\u00f3n 84295 octubre 28 de 2015 &#8211; Ampl\u00eda plazo para adoptar programa de gesti\u00f3n documental.","datePublished":"2015-11-14T02:39:41+00:00","dateModified":"2017-02-05T02:59:57+00:00","mainEntityOfPage":{"@id":"https:\/\/contadoreshoy.com\/?p=6350"},"wordCount":672,"commentCount":0,"publisher":{"@id":"https:\/\/contadoreshoy.com\/#organization"},"inLanguage":"es","potentialAction":[{"@type":"CommentAction","name":"Comment","target":["https:\/\/contadoreshoy.com\/?p=6350#respond"]}]},{"@type":"WebPage","@id":"https:\/\/contadoreshoy.com\/?p=6350","url":"https:\/\/contadoreshoy.com\/?p=6350","name":"Resoluci\u00f3n 84295 octubre 28 de 2015 - Ampl\u00eda plazo para adoptar programa de gesti\u00f3n documental. - Contadores P\u00fablicos","isPartOf":{"@id":"https:\/\/contadoreshoy.com\/#website"},"datePublished":"2015-11-14T02:39:41+00:00","dateModified":"2017-02-05T02:59:57+00:00","breadcrumb":{"@id":"https:\/\/contadoreshoy.com\/?p=6350#breadcrumb"},"inLanguage":"es","potentialAction":[{"@type":"ReadAction","target":["https:\/\/contadoreshoy.com\/?p=6350"]}]},{"@type":"BreadcrumbList","@id":"https:\/\/contadoreshoy.com\/?p=6350#breadcrumb","itemListElement":[{"@type":"ListItem","position":1,"name":"Portada","item":"https:\/\/contadoreshoy.com\/"},{"@type":"ListItem","position":2,"name":"Resoluci\u00f3n 84295 octubre 28 de 2015 &#8211; Ampl\u00eda plazo para adoptar programa de gesti\u00f3n documental."}]},{"@type":"WebSite","@id":"https:\/\/contadoreshoy.com\/#website","url":"https:\/\/contadoreshoy.com\/","name":"Contadorespublicossantander","description":"Portal para Contadores P\u00fablicos y empresarios","publisher":{"@id":"https:\/\/contadoreshoy.com\/#organization"},"potentialAction":[{"@type":"SearchAction","target":{"@type":"EntryPoint","urlTemplate":"https:\/\/contadoreshoy.com\/?s={search_term_string}"},"query-input":{"@type":"PropertyValueSpecification","valueRequired":true,"valueName":"search_term_string"}}],"inLanguage":"es"},{"@type":"Organization","@id":"https:\/\/contadoreshoy.com\/#organization","name":"Contadores P\u00fablicos de Santander","url":"https:\/\/contadoreshoy.com\/","logo":{"@type":"ImageObject","inLanguage":"es","@id":"https:\/\/contadoreshoy.com\/#\/schema\/logo\/image\/","url":"https:\/\/contadoreshoy.com\/wp-content\/uploads\/2024\/01\/cropped-cropped-Copia-de-M-1.jpg","contentUrl":"https:\/\/contadoreshoy.com\/wp-content\/uploads\/2024\/01\/cropped-cropped-Copia-de-M-1.jpg","width":499,"height":500,"caption":"Contadores P\u00fablicos de Santander"},"image":{"@id":"https:\/\/contadoreshoy.com\/#\/schema\/logo\/image\/"},"sameAs":["https:\/\/www.facebook.com\/CCCPBucaramanga\/"]},{"@type":"Person","@id":"https:\/\/contadoreshoy.com\/#\/schema\/person\/96d8979cb865537c5dc9345e40089fc5","name":"Miguel Antonio M\u00e1rquez Monta\u00f1ez","description":"Contador P\u00fablico egresado de la Universidad Aut\u00f3noma de Bucaramanga - Asesor contable tributario con m\u00e1s de 25 a\u00f1os de experiencia - Conferencista en temas contables y tributarios - T\u00e9cnico en Hardware y Dise\u00f1o Web - Creador y director Grupo de Estudio Colegio Colombiano de Contadores P\u00fablicos de Bucaramanga - Creador y Master Web p\u00e1gina www.contadoresp\u00fablicossantander.com - Expresidente Colegio Colombiano de Contadores P\u00fablicos Bucaramanga","url":"https:\/\/contadoreshoy.com\/?author=1"}]}},"_links":{"self":[{"href":"https:\/\/contadoreshoy.com\/index.php?rest_route=\/wp\/v2\/posts\/6350","targetHints":{"allow":["GET"]}}],"collection":[{"href":"https:\/\/contadoreshoy.com\/index.php?rest_route=\/wp\/v2\/posts"}],"about":[{"href":"https:\/\/contadoreshoy.com\/index.php?rest_route=\/wp\/v2\/types\/post"}],"author":[{"embeddable":true,"href":"https:\/\/contadoreshoy.com\/index.php?rest_route=\/wp\/v2\/users\/1"}],"replies":[{"embeddable":true,"href":"https:\/\/contadoreshoy.com\/index.php?rest_route=%2Fwp%2Fv2%2Fcomments&post=6350"}],"version-history":[{"count":1,"href":"https:\/\/contadoreshoy.com\/index.php?rest_route=\/wp\/v2\/posts\/6350\/revisions"}],"predecessor-version":[{"id":7990,"href":"https:\/\/contadoreshoy.com\/index.php?rest_route=\/wp\/v2\/posts\/6350\/revisions\/7990"}],"wp:attachment":[{"href":"https:\/\/contadoreshoy.com\/index.php?rest_route=%2Fwp%2Fv2%2Fmedia&parent=6350"}],"wp:term":[{"taxonomy":"category","embeddable":true,"href":"https:\/\/contadoreshoy.com\/index.php?rest_route=%2Fwp%2Fv2%2Fcategories&post=6350"},{"taxonomy":"post_tag","embeddable":true,"href":"https:\/\/contadoreshoy.com\/index.php?rest_route=%2Fwp%2Fv2%2Ftags&post=6350"}],"curies":[{"name":"wp","href":"https:\/\/api.w.org\/{rel}","templated":true}]}}