{"id":6365,"date":"2015-11-17T20:14:30","date_gmt":"2015-11-18T01:14:30","guid":{"rendered":"http:\/\/colegiocolombianodecontadores.com\/?p=6365"},"modified":"2017-02-04T21:59:56","modified_gmt":"2017-02-05T02:59:56","slug":"unidad-de-valor-tributario-uvt-ano-2016","status":"publish","type":"post","link":"https:\/\/contadoreshoy.com\/?p=6365","title":{"rendered":"Unidad de Valor Tributario (UVT) a\u00f1o 2016"},"content":{"rendered":"<p style=\"text-align: center;\"><strong>RESOLUCI\u00d3N N\u00daMERO 000115 DE 2015 &#8211; DIAN<\/strong><\/p>\n<p style=\"text-align: center;\">(noviembre 6 de 2015)<\/p>\n<p><span style=\"color: #0000ff;\"><em>por la cual se fija el valor de la Unidad de Valor Tributario (UVT)\u00a0 aplicable para el a\u00f1o 2016.<\/em><\/span><\/p>\n<p>El Director General de Impuestos y Aduanas Nacionales, en uso de sus facultades legales, en especial de las consagradas en el art\u00edculo 868 del Estatuto Tributario, y<\/p>\n<p>CONSIDERANDO:<\/p>\n<p>Que el art\u00edculo 868 del Estatuto Tributario establece la Unidad de Valor Tributario (UVT), como la medida de valor que permite ajustar los valores contenidos en las disposiciones relativas a los impuestos y obligaciones administrados por la Direcci\u00f3n de Impuestos y Aduanas Nacionales, la cual se reajustar\u00e1 anualmente en la variaci\u00f3n del \u00edndice de precios al consumidor para ingresos medios, certificada por el Departamento Administrativo Nacional de Estad\u00edstica, en el periodo comprendido entre el primero (1\u00ba) de octubre del a\u00f1o anterior al gravable y la misma fecha del a\u00f1o inmediatamente anterior a este.<\/p>\n<p>Que de acuerdo con la certificaci\u00f3n suscrita por el Coordinador del Banco de Datos de la Direcci\u00f3n de Difusi\u00f3n Mercadeo y Cultura Estad\u00edstica del Departamento Administrativo Nacional de Estad\u00edstica (DANE),<span style=\"color: #ff9900;\"> la variaci\u00f3n acumulada del \u00edndice de precios al consumidor para ingresos medios, entre el 1\u00ba de octubre de 2014 y el 1\u00ba de octubre de 2015, fue de 5,21%.<\/span><\/p>\n<p>Que el inciso tercero del art\u00edculo 868 del Estatuto Tributario establece que le corresponde al Director General de la Direcci\u00f3n de Impuestos y Aduanas Nacionales, publicar mediante Resoluci\u00f3n antes del 1\u00ba de enero de cada a\u00f1o, el valor de la Unidad de Valor Tributario (UVT), aplicable para el a\u00f1o gravable siguiente.<\/p>\n<p>Que por lo anterior, se hace necesario establecer el valor de la Unidad de Valor Tributario (UVT), que regir\u00e1 para el a\u00f1o gravable 2016.<\/p>\n<p>En m\u00e9rito de lo expuesto, el Director General de la Direcci\u00f3n de Impuestos y Aduanas Nacionales,<\/p>\n<p style=\"text-align: center;\">RESUELVE:<\/p>\n<p><span style=\"color: #ff6600;\"><strong>Art\u00edculo 1\u00b0. <em>Valor de la Unidad de Valor Tributario (UVT).<\/em> Fijase en veintinueve mil setecientos cincuenta y tres pesos ($29.753) el valor de la Unidad de Valor Tributario (UVT), que regir\u00e1 durante el a\u00f1o 2016.<\/strong><\/span><\/p>\n<p>Art\u00edculo 2\u00b0. Para efectos de convertir en valores absolutos las cifras y valores expresados en UVT; aplicables a las disposiciones relativas a los impuestos y obligaciones administrados por la Direcci\u00f3n de Impuestos y Aduanas Nacionales de que trata el art\u00edculo 868-1 del Estatuto Tributario,<span style=\"color: #ff9900;\"> se multiplica el n\u00famero de las Unidades de Valor Tributario (UVT) por el valor de la UVT y su resultado se aproxima de acuerdo con el procedimiento de aproximaciones<\/span> de que trata el inciso sexto del art\u00edculo 868 del Estatuto Tributario.<\/p>\n<p>Art\u00edculo 3\u00b0. <em>Vigencia.<\/em> La presente resoluci\u00f3n rige a partir de la fecha de su publicaci\u00f3n.<\/p>\n<p>Publ\u00edquese y c\u00famplase.<\/p>\n<p>Dada en Bogot\u00e1, D. C., a 6 de noviembre de 2015.<\/p>\n<p>El Director General,<\/p>\n<p><em>Santiago Rojas Arroyo. <\/em><strong>(C. F.).<\/strong><\/p>\n","protected":false},"excerpt":{"rendered":"<p>Valor de la Unidad de Valor Tributario (UVT). Fijase en veintinueve mil setecientos cincuenta y tres pesos ($29.753) el valor de la Unidad de Valor Tributario (UVT), que regir\u00e1 durante el a\u00f1o 2016.<\/p>\n","protected":false},"author":1,"featured_media":6366,"comment_status":"open","ping_status":"open","sticky":false,"template":"","format":"standard","meta":{"_monsterinsights_skip_tracking":false,"ngg_post_thumbnail":0,"footnotes":"","_links_to":"","_links_to_target":""},"categories":[454],"tags":[],"class_list":["post-6365","post","type-post","status-publish","format-standard","has-post-thumbnail","hentry","category-sin-categoria"],"aioseo_notices":[],"aioseo_head":"\n\t\t<!-- All in One SEO 5.0.1.1 - aioseo.com -->\n\t<meta name=\"description\" content=\"Valor de la Unidad de Valor Tributario (UVT). Fijase en veintinueve mil setecientos cincuenta y tres pesos ($29.753) el valor de la Unidad de Valor Tributario (UVT), que regir\u00e1 durante el a\u00f1o 2016.\" \/>\n\t<meta name=\"robots\" content=\"max-image-preview:large\" \/>\n\t<meta name=\"author\" content=\"Miguel Antonio M\u00e1rquez Monta\u00f1ez\"\/>\n\t<link rel=\"canonical\" href=\"https:\/\/contadoreshoy.com\/?p=6365\" \/>\n\t<meta name=\"generator\" content=\"All in One SEO (AIOSEO) 5.0.1.1\" \/>\n\t\t<meta property=\"og:locale\" content=\"es_ES\" \/>\n\t\t<meta property=\"og:site_name\" content=\"Contadores P\u00fablicos - Portal para Contadores P\u00fablicos y empresarios\" \/>\n\t\t<meta property=\"og:type\" content=\"article\" \/>\n\t\t<meta property=\"og:title\" content=\"Unidad de Valor Tributario (UVT) a\u00f1o 2016 - Contadores P\u00fablicos\" \/>\n\t\t<meta property=\"og:description\" content=\"Valor de la Unidad de Valor Tributario (UVT). Fijase en veintinueve mil setecientos cincuenta y tres pesos ($29.753) el valor de la Unidad de Valor Tributario (UVT), que regir\u00e1 durante el a\u00f1o 2016.\" \/>\n\t\t<meta property=\"og:url\" content=\"https:\/\/contadoreshoy.com\/?p=6365\" \/>\n\t\t<meta property=\"og:image\" content=\"https:\/\/contadoreshoy.com\/wp-content\/uploads\/2024\/01\/cropped-cropped-cropped-Copia-de-M.jpg\" \/>\n\t\t<meta property=\"og:image:secure_url\" content=\"https:\/\/contadoreshoy.com\/wp-content\/uploads\/2024\/01\/cropped-cropped-cropped-Copia-de-M.jpg\" \/>\n\t\t<meta property=\"og:image:width\" content=\"512\" \/>\n\t\t<meta property=\"og:image:height\" content=\"371\" \/>\n\t\t<meta property=\"article:published_time\" content=\"2015-11-18T01:14:30+00:00\" \/>\n\t\t<meta property=\"article:modified_time\" content=\"2017-02-05T02:59:56+00:00\" \/>\n\t\t<meta name=\"twitter:card\" content=\"summary_large_image\" \/>\n\t\t<meta name=\"twitter:title\" content=\"Unidad de Valor Tributario (UVT) a\u00f1o 2016 - Contadores P\u00fablicos\" \/>\n\t\t<meta name=\"twitter:description\" content=\"Valor de la Unidad de Valor Tributario (UVT). Fijase en veintinueve mil setecientos cincuenta y tres pesos ($29.753) el valor de la Unidad de Valor Tributario (UVT), que regir\u00e1 durante el a\u00f1o 2016.\" \/>\n\t\t<meta name=\"twitter:image\" content=\"https:\/\/contadoreshoy.com\/wp-content\/uploads\/2024\/01\/cropped-cropped-cropped-Copia-de-M.jpg\" \/>\n\t\t<script type=\"application\/ld+json\" class=\"aioseo-schema\">\n\t\t\t{\"@context\":\"https:\\\/\\\/schema.org\",\"@graph\":[{\"@type\":\"BlogPosting\",\"@id\":\"https:\\\/\\\/contadoreshoy.com\\\/?p=6365#blogposting\",\"name\":\"Unidad de Valor Tributario (UVT) a\\u00f1o 2016 - Contadores P\\u00fablicos\",\"headline\":\"Unidad de Valor Tributario (UVT) a\\u00f1o 2016\",\"author\":{\"@id\":\"https:\\\/\\\/contadoreshoy.com\\\/?author=1#author\"},\"publisher\":{\"@id\":\"https:\\\/\\\/contadoreshoy.com\\\/#organization\"},\"image\":{\"@type\":\"ImageObject\",\"url\":\"https:\\\/\\\/contadoreshoy.com\\\/wp-content\\\/uploads\\\/2015\\\/11\\\/UVT-A\\u00d1O-2016.png\",\"width\":600,\"height\":399},\"datePublished\":\"2015-11-17T20:14:30-05:00\",\"dateModified\":\"2017-02-04T21:59:56-05:00\",\"inLanguage\":\"es-ES\",\"mainEntityOfPage\":{\"@id\":\"https:\\\/\\\/contadoreshoy.com\\\/?p=6365#webpage\"},\"isPartOf\":{\"@id\":\"https:\\\/\\\/contadoreshoy.com\\\/?p=6365#webpage\"},\"articleSection\":\"Sin categor\\u00eda\"},{\"@type\":\"BreadcrumbList\",\"@id\":\"https:\\\/\\\/contadoreshoy.com\\\/?p=6365#breadcrumblist\",\"itemListElement\":[{\"@type\":\"ListItem\",\"@id\":\"https:\\\/\\\/contadoreshoy.com#listItem\",\"position\":1,\"name\":\"Home\",\"item\":\"https:\\\/\\\/contadoreshoy.com\",\"nextItem\":{\"@type\":\"ListItem\",\"@id\":\"https:\\\/\\\/contadoreshoy.com\\\/?cat=454#listItem\",\"name\":\"Sin categor\\u00eda\"}},{\"@type\":\"ListItem\",\"@id\":\"https:\\\/\\\/contadoreshoy.com\\\/?cat=454#listItem\",\"position\":2,\"name\":\"Sin categor\\u00eda\",\"item\":\"https:\\\/\\\/contadoreshoy.com\\\/?cat=454\",\"nextItem\":{\"@type\":\"ListItem\",\"@id\":\"https:\\\/\\\/contadoreshoy.com\\\/?p=6365#listItem\",\"name\":\"Unidad de Valor Tributario (UVT) a\\u00f1o 2016\"},\"previousItem\":{\"@type\":\"ListItem\",\"@id\":\"https:\\\/\\\/contadoreshoy.com#listItem\",\"name\":\"Home\"}},{\"@type\":\"ListItem\",\"@id\":\"https:\\\/\\\/contadoreshoy.com\\\/?p=6365#listItem\",\"position\":3,\"name\":\"Unidad de Valor Tributario (UVT) a\\u00f1o 2016\",\"previousItem\":{\"@type\":\"ListItem\",\"@id\":\"https:\\\/\\\/contadoreshoy.com\\\/?cat=454#listItem\",\"name\":\"Sin categor\\u00eda\"}}]},{\"@type\":\"Organization\",\"@id\":\"https:\\\/\\\/contadoreshoy.com\\\/#organization\",\"name\":\"Contadores P\\u00fablicos\",\"description\":\"Portal para Contadores P\\u00fablicos y empresarios\",\"url\":\"https:\\\/\\\/contadoreshoy.com\\\/\",\"logo\":{\"@type\":\"ImageObject\",\"url\":\"https:\\\/\\\/contadoreshoy.com\\\/wp-content\\\/uploads\\\/2024\\\/01\\\/cropped-cropped-Copia-de-M-1.jpg\",\"@id\":\"https:\\\/\\\/contadoreshoy.com\\\/?p=6365\\\/#organizationLogo\",\"width\":499,\"height\":500},\"image\":{\"@id\":\"https:\\\/\\\/contadoreshoy.com\\\/?p=6365\\\/#organizationLogo\"}},{\"@type\":\"Person\",\"@id\":\"https:\\\/\\\/contadoreshoy.com\\\/?author=1#author\",\"url\":\"https:\\\/\\\/contadoreshoy.com\\\/?author=1\",\"name\":\"Miguel Antonio M\\u00e1rquez Monta\\u00f1ez\"},{\"@type\":\"WebPage\",\"@id\":\"https:\\\/\\\/contadoreshoy.com\\\/?p=6365#webpage\",\"url\":\"https:\\\/\\\/contadoreshoy.com\\\/?p=6365\",\"name\":\"Unidad de Valor Tributario (UVT) a\\u00f1o 2016 - Contadores P\\u00fablicos\",\"description\":\"Valor de la Unidad de Valor Tributario (UVT). Fijase en veintinueve mil setecientos cincuenta y tres pesos ($29.753) el valor de la Unidad de Valor Tributario (UVT), que regir\\u00e1 durante el a\\u00f1o 2016.\",\"inLanguage\":\"es-ES\",\"isPartOf\":{\"@id\":\"https:\\\/\\\/contadoreshoy.com\\\/#website\"},\"breadcrumb\":{\"@id\":\"https:\\\/\\\/contadoreshoy.com\\\/?p=6365#breadcrumblist\"},\"author\":{\"@id\":\"https:\\\/\\\/contadoreshoy.com\\\/?author=1#author\"},\"creator\":{\"@id\":\"https:\\\/\\\/contadoreshoy.com\\\/?author=1#author\"},\"image\":{\"@type\":\"ImageObject\",\"url\":\"https:\\\/\\\/contadoreshoy.com\\\/wp-content\\\/uploads\\\/2015\\\/11\\\/UVT-A\\u00d1O-2016.png\",\"@id\":\"https:\\\/\\\/contadoreshoy.com\\\/?p=6365\\\/#mainImage\",\"width\":600,\"height\":399},\"primaryImageOfPage\":{\"@id\":\"https:\\\/\\\/contadoreshoy.com\\\/?p=6365#mainImage\"},\"datePublished\":\"2015-11-17T20:14:30-05:00\",\"dateModified\":\"2017-02-04T21:59:56-05:00\"},{\"@type\":\"WebSite\",\"@id\":\"https:\\\/\\\/contadoreshoy.com\\\/#website\",\"url\":\"https:\\\/\\\/contadoreshoy.com\\\/\",\"name\":\"Contadores P\\u00fablicos\",\"description\":\"Portal para Contadores P\\u00fablicos y empresarios\",\"inLanguage\":\"es-ES\",\"publisher\":{\"@id\":\"https:\\\/\\\/contadoreshoy.com\\\/#organization\"}}]}\n\t\t<\/script>\n\t\t<!-- All in One SEO -->\n\n","aioseo_head_json":{"title":"Unidad de Valor Tributario (UVT) a\u00f1o 2016 - Contadores P\u00fablicos","description":"Valor de la Unidad de Valor Tributario (UVT). Fijase en veintinueve mil setecientos cincuenta y tres pesos ($29.753) el valor de la Unidad de Valor Tributario (UVT), que regir\u00e1 durante el a\u00f1o 2016.","canonical_url":"https:\/\/contadoreshoy.com\/?p=6365","robots":"max-image-preview:large","keywords":"","webmasterTools":{"miscellaneous":""},"schema":{"@context":"https:\/\/schema.org","@graph":[{"@type":"BlogPosting","@id":"https:\/\/contadoreshoy.com\/?p=6365#blogposting","name":"Unidad de Valor Tributario (UVT) a\u00f1o 2016 - Contadores P\u00fablicos","headline":"Unidad de Valor Tributario (UVT) a\u00f1o 2016","author":{"@id":"https:\/\/contadoreshoy.com\/?author=1#author"},"publisher":{"@id":"https:\/\/contadoreshoy.com\/#organization"},"image":{"@type":"ImageObject","url":"https:\/\/contadoreshoy.com\/wp-content\/uploads\/2015\/11\/UVT-A\u00d1O-2016.png","width":600,"height":399},"datePublished":"2015-11-17T20:14:30-05:00","dateModified":"2017-02-04T21:59:56-05:00","inLanguage":"es-ES","mainEntityOfPage":{"@id":"https:\/\/contadoreshoy.com\/?p=6365#webpage"},"isPartOf":{"@id":"https:\/\/contadoreshoy.com\/?p=6365#webpage"},"articleSection":"Sin categor\u00eda"},{"@type":"BreadcrumbList","@id":"https:\/\/contadoreshoy.com\/?p=6365#breadcrumblist","itemListElement":[{"@type":"ListItem","@id":"https:\/\/contadoreshoy.com#listItem","position":1,"name":"Home","item":"https:\/\/contadoreshoy.com","nextItem":{"@type":"ListItem","@id":"https:\/\/contadoreshoy.com\/?cat=454#listItem","name":"Sin categor\u00eda"}},{"@type":"ListItem","@id":"https:\/\/contadoreshoy.com\/?cat=454#listItem","position":2,"name":"Sin categor\u00eda","item":"https:\/\/contadoreshoy.com\/?cat=454","nextItem":{"@type":"ListItem","@id":"https:\/\/contadoreshoy.com\/?p=6365#listItem","name":"Unidad de Valor Tributario (UVT) a\u00f1o 2016"},"previousItem":{"@type":"ListItem","@id":"https:\/\/contadoreshoy.com#listItem","name":"Home"}},{"@type":"ListItem","@id":"https:\/\/contadoreshoy.com\/?p=6365#listItem","position":3,"name":"Unidad de Valor Tributario (UVT) a\u00f1o 2016","previousItem":{"@type":"ListItem","@id":"https:\/\/contadoreshoy.com\/?cat=454#listItem","name":"Sin categor\u00eda"}}]},{"@type":"Organization","@id":"https:\/\/contadoreshoy.com\/#organization","name":"Contadores P\u00fablicos","description":"Portal para Contadores P\u00fablicos y empresarios","url":"https:\/\/contadoreshoy.com\/","logo":{"@type":"ImageObject","url":"https:\/\/contadoreshoy.com\/wp-content\/uploads\/2024\/01\/cropped-cropped-Copia-de-M-1.jpg","@id":"https:\/\/contadoreshoy.com\/?p=6365\/#organizationLogo","width":499,"height":500},"image":{"@id":"https:\/\/contadoreshoy.com\/?p=6365\/#organizationLogo"}},{"@type":"Person","@id":"https:\/\/contadoreshoy.com\/?author=1#author","url":"https:\/\/contadoreshoy.com\/?author=1","name":"Miguel Antonio M\u00e1rquez Monta\u00f1ez"},{"@type":"WebPage","@id":"https:\/\/contadoreshoy.com\/?p=6365#webpage","url":"https:\/\/contadoreshoy.com\/?p=6365","name":"Unidad de Valor Tributario (UVT) a\u00f1o 2016 - Contadores P\u00fablicos","description":"Valor de la Unidad de Valor Tributario (UVT). Fijase en veintinueve mil setecientos cincuenta y tres pesos ($29.753) el valor de la Unidad de Valor Tributario (UVT), que regir\u00e1 durante el a\u00f1o 2016.","inLanguage":"es-ES","isPartOf":{"@id":"https:\/\/contadoreshoy.com\/#website"},"breadcrumb":{"@id":"https:\/\/contadoreshoy.com\/?p=6365#breadcrumblist"},"author":{"@id":"https:\/\/contadoreshoy.com\/?author=1#author"},"creator":{"@id":"https:\/\/contadoreshoy.com\/?author=1#author"},"image":{"@type":"ImageObject","url":"https:\/\/contadoreshoy.com\/wp-content\/uploads\/2015\/11\/UVT-A\u00d1O-2016.png","@id":"https:\/\/contadoreshoy.com\/?p=6365\/#mainImage","width":600,"height":399},"primaryImageOfPage":{"@id":"https:\/\/contadoreshoy.com\/?p=6365#mainImage"},"datePublished":"2015-11-17T20:14:30-05:00","dateModified":"2017-02-04T21:59:56-05:00"},{"@type":"WebSite","@id":"https:\/\/contadoreshoy.com\/#website","url":"https:\/\/contadoreshoy.com\/","name":"Contadores P\u00fablicos","description":"Portal para Contadores P\u00fablicos y empresarios","inLanguage":"es-ES","publisher":{"@id":"https:\/\/contadoreshoy.com\/#organization"}}]},"og:locale":"es_ES","og:site_name":"Contadores P\u00fablicos - Portal para Contadores P\u00fablicos y empresarios","og:type":"article","og:title":"Unidad de Valor Tributario (UVT) a\u00f1o 2016 - Contadores P\u00fablicos","og:description":"Valor de la Unidad de Valor Tributario (UVT). Fijase en veintinueve mil setecientos cincuenta y tres pesos ($29.753) el valor de la Unidad de Valor Tributario (UVT), que regir\u00e1 durante el a\u00f1o 2016.","og:url":"https:\/\/contadoreshoy.com\/?p=6365","og:image":"https:\/\/contadoreshoy.com\/wp-content\/uploads\/2024\/01\/cropped-cropped-cropped-Copia-de-M.jpg","og:image:secure_url":"https:\/\/contadoreshoy.com\/wp-content\/uploads\/2024\/01\/cropped-cropped-cropped-Copia-de-M.jpg","og:image:width":512,"og:image:height":371,"article:published_time":"2015-11-18T01:14:30+00:00","article:modified_time":"2017-02-05T02:59:56+00:00","twitter:card":"summary_large_image","twitter:title":"Unidad de Valor Tributario (UVT) a\u00f1o 2016 - Contadores P\u00fablicos","twitter:description":"Valor de la Unidad de Valor Tributario (UVT). Fijase en veintinueve mil setecientos cincuenta y tres pesos ($29.753) el valor de la Unidad de Valor Tributario (UVT), que regir\u00e1 durante el a\u00f1o 2016.","twitter:image":"https:\/\/contadoreshoy.com\/wp-content\/uploads\/2024\/01\/cropped-cropped-cropped-Copia-de-M.jpg"},"aioseo_meta_data":{"post_id":"6365","title":null,"description":null,"keywords":null,"keyphrases":null,"primary_term":null,"canonical_url":null,"og_title":null,"og_description":null,"og_object_type":"default","og_image_type":"default","og_image_url":null,"og_image_width":null,"og_image_height":null,"og_image_custom_url":null,"og_image_custom_fields":null,"og_video":null,"og_custom_url":null,"og_article_section":null,"og_article_tags":null,"twitter_use_og":false,"twitter_card":"default","twitter_image_type":"default","twitter_image_url":null,"twitter_image_custom_url":null,"twitter_image_custom_fields":null,"twitter_title":null,"twitter_description":null,"schema":{"blockGraphs":[],"customGraphs":[],"default":{"data":{"Article":[],"Course":[],"Dataset":[],"FAQPage":[],"Movie":[],"Person":[],"Product":[],"ProductReview":[],"Car":[],"Recipe":[],"Service":[],"SoftwareApplication":[],"WebPage":[]},"graphName":"","isEnabled":true},"graphs":[]},"schema_type":"default","schema_type_options":null,"pillar_content":false,"robots_default":true,"robots_noindex":false,"robots_noarchive":false,"robots_nosnippet":false,"robots_nofollow":false,"robots_noimageindex":false,"robots_noodp":false,"robots_notranslate":false,"robots_max_snippet":null,"robots_max_videopreview":null,"robots_max_imagepreview":"large","priority":null,"frequency":null,"local_seo":null,"breadcrumb_settings":null,"limit_modified_date":false,"ai":null,"created":"2024-03-05 01:25:02","updated":"2026-03-03 04:42:42","seo_analyzer_scan_date":null,"focus_keyword":null,"additional_keywords":null,"truseo_locale":null},"aioseo_breadcrumb":"<div class=\"aioseo-breadcrumbs\"><span class=\"aioseo-breadcrumb\">\n\t\t\t<a href=\"https:\/\/contadoreshoy.com\" title=\"Home\">Home<\/a>\n\t\t<\/span><span class=\"aioseo-breadcrumb-separator\">&raquo;<\/span><span class=\"aioseo-breadcrumb\">\n\t\t\t<a href=\"https:\/\/contadoreshoy.com\/?cat=454\" title=\"Sin categor\u00eda\">Sin categor\u00eda<\/a>\n\t\t<\/span><span class=\"aioseo-breadcrumb-separator\">&raquo;<\/span><span class=\"aioseo-breadcrumb\">\n\t\t\tUnidad de Valor Tributario (UVT) a\u00f1o 2016\n\t\t<\/span><\/div>","aioseo_breadcrumb_json":[{"label":"Home","link":"https:\/\/contadoreshoy.com"},{"label":"Sin categor\u00eda","link":"https:\/\/contadoreshoy.com\/?cat=454"},{"label":"Unidad de Valor Tributario (UVT) a\u00f1o 2016","link":"https:\/\/contadoreshoy.com\/?p=6365"}],"yoast_head":"<!-- This site is optimized with the Yoast SEO plugin v28.4 - https:\/\/yoast.com\/product\/yoast-seo-wordpress\/ -->\n<title>Unidad de Valor Tributario (UVT) a\u00f1o 2016 - Contadores P\u00fablicos<\/title>\n<meta name=\"robots\" content=\"index, follow, max-snippet:-1, max-image-preview:large, max-video-preview:-1\" \/>\n<link rel=\"canonical\" href=\"https:\/\/contadoreshoy.com\/?p=6365\" \/>\n<meta property=\"og:locale\" content=\"es_ES\" \/>\n<meta property=\"og:type\" content=\"article\" \/>\n<meta property=\"og:title\" content=\"Unidad de Valor Tributario (UVT) a\u00f1o 2016 - Contadores P\u00fablicos\" \/>\n<meta property=\"og:description\" content=\"Valor de la Unidad de Valor Tributario (UVT). Fijase en veintinueve mil setecientos cincuenta y tres pesos ($29.753) el valor de la Unidad de Valor Tributario (UVT), que regir\u00e1 durante el a\u00f1o 2016.\" \/>\n<meta property=\"og:url\" content=\"https:\/\/contadoreshoy.com\/?p=6365\" \/>\n<meta property=\"og:site_name\" content=\"Contadores P\u00fablicos\" \/>\n<meta property=\"article:publisher\" content=\"https:\/\/www.facebook.com\/CCCPBucaramanga\/\" \/>\n<meta property=\"article:published_time\" content=\"2015-11-18T01:14:30+00:00\" \/>\n<meta property=\"article:modified_time\" content=\"2017-02-05T02:59:56+00:00\" \/>\n<meta property=\"og:image\" content=\"https:\/\/contadoreshoy.com\/wp-content\/uploads\/2015\/11\/UVT-A\u00d1O-2016.png\" \/>\n\t<meta property=\"og:image:width\" content=\"600\" \/>\n\t<meta property=\"og:image:height\" content=\"399\" \/>\n\t<meta property=\"og:image:type\" content=\"image\/png\" \/>\n<meta name=\"author\" content=\"Miguel Antonio M\u00e1rquez Monta\u00f1ez\" \/>\n<meta name=\"twitter:card\" content=\"summary_large_image\" \/>\n<meta name=\"twitter:label1\" content=\"Escrito por\" \/>\n\t<meta name=\"twitter:data1\" content=\"Miguel Antonio M\u00e1rquez Monta\u00f1ez\" \/>\n\t<meta name=\"twitter:label2\" content=\"Tiempo de lectura\" \/>\n\t<meta name=\"twitter:data2\" content=\"2 minutos\" \/>\n<script type=\"application\/ld+json\" class=\"yoast-schema-graph\">{\"@context\":\"https:\\\/\\\/schema.org\",\"@graph\":[{\"@type\":\"Article\",\"@id\":\"https:\\\/\\\/contadoreshoy.com\\\/?p=6365#article\",\"isPartOf\":{\"@id\":\"https:\\\/\\\/contadoreshoy.com\\\/?p=6365\"},\"author\":{\"name\":\"Miguel Antonio M\u00e1rquez Monta\u00f1ez\",\"@id\":\"https:\\\/\\\/contadoreshoy.com\\\/#\\\/schema\\\/person\\\/96d8979cb865537c5dc9345e40089fc5\"},\"headline\":\"Unidad de Valor Tributario (UVT) a\u00f1o 2016\",\"datePublished\":\"2015-11-18T01:14:30+00:00\",\"dateModified\":\"2017-02-05T02:59:56+00:00\",\"mainEntityOfPage\":{\"@id\":\"https:\\\/\\\/contadoreshoy.com\\\/?p=6365\"},\"wordCount\":478,\"commentCount\":0,\"publisher\":{\"@id\":\"https:\\\/\\\/contadoreshoy.com\\\/#organization\"},\"image\":{\"@id\":\"https:\\\/\\\/contadoreshoy.com\\\/?p=6365#primaryimage\"},\"thumbnailUrl\":\"https:\\\/\\\/contadoreshoy.com\\\/wp-content\\\/uploads\\\/2015\\\/11\\\/UVT-A\u00d1O-2016.png\",\"inLanguage\":\"es\",\"potentialAction\":[{\"@type\":\"CommentAction\",\"name\":\"Comment\",\"target\":[\"https:\\\/\\\/contadoreshoy.com\\\/?p=6365#respond\"]}]},{\"@type\":\"WebPage\",\"@id\":\"https:\\\/\\\/contadoreshoy.com\\\/?p=6365\",\"url\":\"https:\\\/\\\/contadoreshoy.com\\\/?p=6365\",\"name\":\"Unidad de Valor Tributario (UVT) a\u00f1o 2016 - Contadores P\u00fablicos\",\"isPartOf\":{\"@id\":\"https:\\\/\\\/contadoreshoy.com\\\/#website\"},\"primaryImageOfPage\":{\"@id\":\"https:\\\/\\\/contadoreshoy.com\\\/?p=6365#primaryimage\"},\"image\":{\"@id\":\"https:\\\/\\\/contadoreshoy.com\\\/?p=6365#primaryimage\"},\"thumbnailUrl\":\"https:\\\/\\\/contadoreshoy.com\\\/wp-content\\\/uploads\\\/2015\\\/11\\\/UVT-A\u00d1O-2016.png\",\"datePublished\":\"2015-11-18T01:14:30+00:00\",\"dateModified\":\"2017-02-05T02:59:56+00:00\",\"breadcrumb\":{\"@id\":\"https:\\\/\\\/contadoreshoy.com\\\/?p=6365#breadcrumb\"},\"inLanguage\":\"es\",\"potentialAction\":[{\"@type\":\"ReadAction\",\"target\":[\"https:\\\/\\\/contadoreshoy.com\\\/?p=6365\"]}]},{\"@type\":\"ImageObject\",\"inLanguage\":\"es\",\"@id\":\"https:\\\/\\\/contadoreshoy.com\\\/?p=6365#primaryimage\",\"url\":\"https:\\\/\\\/contadoreshoy.com\\\/wp-content\\\/uploads\\\/2015\\\/11\\\/UVT-A\u00d1O-2016.png\",\"contentUrl\":\"https:\\\/\\\/contadoreshoy.com\\\/wp-content\\\/uploads\\\/2015\\\/11\\\/UVT-A\u00d1O-2016.png\",\"width\":600,\"height\":399},{\"@type\":\"BreadcrumbList\",\"@id\":\"https:\\\/\\\/contadoreshoy.com\\\/?p=6365#breadcrumb\",\"itemListElement\":[{\"@type\":\"ListItem\",\"position\":1,\"name\":\"Portada\",\"item\":\"https:\\\/\\\/contadoreshoy.com\\\/\"},{\"@type\":\"ListItem\",\"position\":2,\"name\":\"Unidad de Valor Tributario (UVT) a\u00f1o 2016\"}]},{\"@type\":\"WebSite\",\"@id\":\"https:\\\/\\\/contadoreshoy.com\\\/#website\",\"url\":\"https:\\\/\\\/contadoreshoy.com\\\/\",\"name\":\"Contadorespublicossantander\",\"description\":\"Portal para Contadores P\u00fablicos y empresarios\",\"publisher\":{\"@id\":\"https:\\\/\\\/contadoreshoy.com\\\/#organization\"},\"potentialAction\":[{\"@type\":\"SearchAction\",\"target\":{\"@type\":\"EntryPoint\",\"urlTemplate\":\"https:\\\/\\\/contadoreshoy.com\\\/?s={search_term_string}\"},\"query-input\":{\"@type\":\"PropertyValueSpecification\",\"valueRequired\":true,\"valueName\":\"search_term_string\"}}],\"inLanguage\":\"es\"},{\"@type\":\"Organization\",\"@id\":\"https:\\\/\\\/contadoreshoy.com\\\/#organization\",\"name\":\"Contadores P\u00fablicos de Santander\",\"url\":\"https:\\\/\\\/contadoreshoy.com\\\/\",\"logo\":{\"@type\":\"ImageObject\",\"inLanguage\":\"es\",\"@id\":\"https:\\\/\\\/contadoreshoy.com\\\/#\\\/schema\\\/logo\\\/image\\\/\",\"url\":\"https:\\\/\\\/contadoreshoy.com\\\/wp-content\\\/uploads\\\/2024\\\/01\\\/cropped-cropped-Copia-de-M-1.jpg\",\"contentUrl\":\"https:\\\/\\\/contadoreshoy.com\\\/wp-content\\\/uploads\\\/2024\\\/01\\\/cropped-cropped-Copia-de-M-1.jpg\",\"width\":499,\"height\":500,\"caption\":\"Contadores P\u00fablicos de Santander\"},\"image\":{\"@id\":\"https:\\\/\\\/contadoreshoy.com\\\/#\\\/schema\\\/logo\\\/image\\\/\"},\"sameAs\":[\"https:\\\/\\\/www.facebook.com\\\/CCCPBucaramanga\\\/\"]},{\"@type\":\"Person\",\"@id\":\"https:\\\/\\\/contadoreshoy.com\\\/#\\\/schema\\\/person\\\/96d8979cb865537c5dc9345e40089fc5\",\"name\":\"Miguel Antonio M\u00e1rquez Monta\u00f1ez\",\"description\":\"Contador P\u00fablico egresado de la Universidad Aut\u00f3noma de Bucaramanga - Asesor contable tributario con m\u00e1s de 25 a\u00f1os de experiencia - Conferencista en temas contables y tributarios - T\u00e9cnico en Hardware y Dise\u00f1o Web - Creador y director Grupo de Estudio Colegio Colombiano de Contadores P\u00fablicos de Bucaramanga - Creador y Master Web p\u00e1gina www.contadoresp\u00fablicossantander.com - Expresidente Colegio Colombiano de Contadores P\u00fablicos Bucaramanga\",\"url\":\"https:\\\/\\\/contadoreshoy.com\\\/?author=1\"}]}<\/script>\n<!-- \/ Yoast SEO plugin. -->","yoast_head_json":{"title":"Unidad de Valor Tributario (UVT) a\u00f1o 2016 - Contadores P\u00fablicos","robots":{"index":"index","follow":"follow","max-snippet":"max-snippet:-1","max-image-preview":"max-image-preview:large","max-video-preview":"max-video-preview:-1"},"canonical":"https:\/\/contadoreshoy.com\/?p=6365","og_locale":"es_ES","og_type":"article","og_title":"Unidad de Valor Tributario (UVT) a\u00f1o 2016 - Contadores P\u00fablicos","og_description":"Valor de la Unidad de Valor Tributario (UVT). Fijase en veintinueve mil setecientos cincuenta y tres pesos ($29.753) el valor de la Unidad de Valor Tributario (UVT), que regir\u00e1 durante el a\u00f1o 2016.","og_url":"https:\/\/contadoreshoy.com\/?p=6365","og_site_name":"Contadores P\u00fablicos","article_publisher":"https:\/\/www.facebook.com\/CCCPBucaramanga\/","article_published_time":"2015-11-18T01:14:30+00:00","article_modified_time":"2017-02-05T02:59:56+00:00","og_image":[{"width":600,"height":399,"url":"https:\/\/contadoreshoy.com\/wp-content\/uploads\/2015\/11\/UVT-A\u00d1O-2016.png","type":"image\/png"}],"author":"Miguel Antonio M\u00e1rquez Monta\u00f1ez","twitter_card":"summary_large_image","twitter_misc":{"Escrito por":"Miguel Antonio M\u00e1rquez Monta\u00f1ez","Tiempo de lectura":"2 minutos"},"schema":{"@context":"https:\/\/schema.org","@graph":[{"@type":"Article","@id":"https:\/\/contadoreshoy.com\/?p=6365#article","isPartOf":{"@id":"https:\/\/contadoreshoy.com\/?p=6365"},"author":{"name":"Miguel Antonio M\u00e1rquez Monta\u00f1ez","@id":"https:\/\/contadoreshoy.com\/#\/schema\/person\/96d8979cb865537c5dc9345e40089fc5"},"headline":"Unidad de Valor Tributario (UVT) a\u00f1o 2016","datePublished":"2015-11-18T01:14:30+00:00","dateModified":"2017-02-05T02:59:56+00:00","mainEntityOfPage":{"@id":"https:\/\/contadoreshoy.com\/?p=6365"},"wordCount":478,"commentCount":0,"publisher":{"@id":"https:\/\/contadoreshoy.com\/#organization"},"image":{"@id":"https:\/\/contadoreshoy.com\/?p=6365#primaryimage"},"thumbnailUrl":"https:\/\/contadoreshoy.com\/wp-content\/uploads\/2015\/11\/UVT-A\u00d1O-2016.png","inLanguage":"es","potentialAction":[{"@type":"CommentAction","name":"Comment","target":["https:\/\/contadoreshoy.com\/?p=6365#respond"]}]},{"@type":"WebPage","@id":"https:\/\/contadoreshoy.com\/?p=6365","url":"https:\/\/contadoreshoy.com\/?p=6365","name":"Unidad de Valor Tributario (UVT) a\u00f1o 2016 - Contadores P\u00fablicos","isPartOf":{"@id":"https:\/\/contadoreshoy.com\/#website"},"primaryImageOfPage":{"@id":"https:\/\/contadoreshoy.com\/?p=6365#primaryimage"},"image":{"@id":"https:\/\/contadoreshoy.com\/?p=6365#primaryimage"},"thumbnailUrl":"https:\/\/contadoreshoy.com\/wp-content\/uploads\/2015\/11\/UVT-A\u00d1O-2016.png","datePublished":"2015-11-18T01:14:30+00:00","dateModified":"2017-02-05T02:59:56+00:00","breadcrumb":{"@id":"https:\/\/contadoreshoy.com\/?p=6365#breadcrumb"},"inLanguage":"es","potentialAction":[{"@type":"ReadAction","target":["https:\/\/contadoreshoy.com\/?p=6365"]}]},{"@type":"ImageObject","inLanguage":"es","@id":"https:\/\/contadoreshoy.com\/?p=6365#primaryimage","url":"https:\/\/contadoreshoy.com\/wp-content\/uploads\/2015\/11\/UVT-A\u00d1O-2016.png","contentUrl":"https:\/\/contadoreshoy.com\/wp-content\/uploads\/2015\/11\/UVT-A\u00d1O-2016.png","width":600,"height":399},{"@type":"BreadcrumbList","@id":"https:\/\/contadoreshoy.com\/?p=6365#breadcrumb","itemListElement":[{"@type":"ListItem","position":1,"name":"Portada","item":"https:\/\/contadoreshoy.com\/"},{"@type":"ListItem","position":2,"name":"Unidad de Valor Tributario (UVT) a\u00f1o 2016"}]},{"@type":"WebSite","@id":"https:\/\/contadoreshoy.com\/#website","url":"https:\/\/contadoreshoy.com\/","name":"Contadorespublicossantander","description":"Portal para Contadores P\u00fablicos y empresarios","publisher":{"@id":"https:\/\/contadoreshoy.com\/#organization"},"potentialAction":[{"@type":"SearchAction","target":{"@type":"EntryPoint","urlTemplate":"https:\/\/contadoreshoy.com\/?s={search_term_string}"},"query-input":{"@type":"PropertyValueSpecification","valueRequired":true,"valueName":"search_term_string"}}],"inLanguage":"es"},{"@type":"Organization","@id":"https:\/\/contadoreshoy.com\/#organization","name":"Contadores P\u00fablicos de Santander","url":"https:\/\/contadoreshoy.com\/","logo":{"@type":"ImageObject","inLanguage":"es","@id":"https:\/\/contadoreshoy.com\/#\/schema\/logo\/image\/","url":"https:\/\/contadoreshoy.com\/wp-content\/uploads\/2024\/01\/cropped-cropped-Copia-de-M-1.jpg","contentUrl":"https:\/\/contadoreshoy.com\/wp-content\/uploads\/2024\/01\/cropped-cropped-Copia-de-M-1.jpg","width":499,"height":500,"caption":"Contadores P\u00fablicos de Santander"},"image":{"@id":"https:\/\/contadoreshoy.com\/#\/schema\/logo\/image\/"},"sameAs":["https:\/\/www.facebook.com\/CCCPBucaramanga\/"]},{"@type":"Person","@id":"https:\/\/contadoreshoy.com\/#\/schema\/person\/96d8979cb865537c5dc9345e40089fc5","name":"Miguel Antonio M\u00e1rquez Monta\u00f1ez","description":"Contador P\u00fablico egresado de la Universidad Aut\u00f3noma de Bucaramanga - Asesor contable tributario con m\u00e1s de 25 a\u00f1os de experiencia - Conferencista en temas contables y tributarios - T\u00e9cnico en Hardware y Dise\u00f1o Web - Creador y director Grupo de Estudio Colegio Colombiano de Contadores P\u00fablicos de Bucaramanga - Creador y Master Web p\u00e1gina www.contadoresp\u00fablicossantander.com - Expresidente Colegio Colombiano de Contadores P\u00fablicos Bucaramanga","url":"https:\/\/contadoreshoy.com\/?author=1"}]}},"_links":{"self":[{"href":"https:\/\/contadoreshoy.com\/index.php?rest_route=\/wp\/v2\/posts\/6365","targetHints":{"allow":["GET"]}}],"collection":[{"href":"https:\/\/contadoreshoy.com\/index.php?rest_route=\/wp\/v2\/posts"}],"about":[{"href":"https:\/\/contadoreshoy.com\/index.php?rest_route=\/wp\/v2\/types\/post"}],"author":[{"embeddable":true,"href":"https:\/\/contadoreshoy.com\/index.php?rest_route=\/wp\/v2\/users\/1"}],"replies":[{"embeddable":true,"href":"https:\/\/contadoreshoy.com\/index.php?rest_route=%2Fwp%2Fv2%2Fcomments&post=6365"}],"version-history":[{"count":1,"href":"https:\/\/contadoreshoy.com\/index.php?rest_route=\/wp\/v2\/posts\/6365\/revisions"}],"predecessor-version":[{"id":7984,"href":"https:\/\/contadoreshoy.com\/index.php?rest_route=\/wp\/v2\/posts\/6365\/revisions\/7984"}],"wp:featuredmedia":[{"embeddable":true,"href":"https:\/\/contadoreshoy.com\/index.php?rest_route=\/wp\/v2\/media\/6366"}],"wp:attachment":[{"href":"https:\/\/contadoreshoy.com\/index.php?rest_route=%2Fwp%2Fv2%2Fmedia&parent=6365"}],"wp:term":[{"taxonomy":"category","embeddable":true,"href":"https:\/\/contadoreshoy.com\/index.php?rest_route=%2Fwp%2Fv2%2Fcategories&post=6365"},{"taxonomy":"post_tag","embeddable":true,"href":"https:\/\/contadoreshoy.com\/index.php?rest_route=%2Fwp%2Fv2%2Ftags&post=6365"}],"curies":[{"name":"wp","href":"https:\/\/api.w.org\/{rel}","templated":true}]}}