{"id":6387,"date":"2015-11-22T16:55:07","date_gmt":"2015-11-22T21:55:07","guid":{"rendered":"http:\/\/colegiocolombianodecontadores.com\/?p=6387"},"modified":"2017-02-04T21:59:56","modified_gmt":"2017-02-05T02:59:56","slug":"causacion-de-iva-sobre-facturas-emitidas-antes-del-decreto-1818-de-2015","status":"publish","type":"post","link":"https:\/\/contadoreshoy.com\/?p=6387","title":{"rendered":"Causaci\u00f3n de IVA sobre facturas emitidas antes del decreto 1818 de 2015"},"content":{"rendered":"<p style=\"text-align: center;\"><strong>CONCEPTO N\u00daMERO 029351 DE 2015 &#8211; DIAN<\/strong><\/p>\n<p style=\"text-align: center;\">(octubre 9)<\/p>\n<p>Subdirecci\u00f3n de Gesti\u00f3n Normativa y Doctrina<\/p>\n<p>Bogot\u00e1, D. C., 8 de octubre de 2015<\/p>\n<p>100208221-001343<\/p>\n<p>Doctora<\/p>\n<p>MARIANA LINARES PATI\u00d1O<\/p>\n<p>Direcci\u00f3n General<\/p>\n<p>Servicio Nacional de Aprendizaje (SENA)<\/p>\n<p>Calle 57 N\u00b0 8-69 Bogot\u00e1, D. C.<\/p>\n<p><strong>Referencia:<\/strong> Radicado 000440 del 07\/10\/2015 Cordial saludo se\u00f1ora Linares:<\/p>\n<p style=\"text-align: justify;\">De conformidad con el art\u00edculo 20 del Decreto 4048 de 2008 es funci\u00f3n de esta Subdirecci\u00f3n absolver las consultas escritas que se formulen sobre la interpretaci\u00f3n y aplicaci\u00f3n de las normas tributarias de car\u00e1cter nacional, aduaneras y cambiarias en lo de competencia de la Entidad.<\/p>\n<p style=\"text-align: justify;\"><strong>Problema Jur\u00eddico:<\/strong><\/p>\n<p style=\"text-align: justify;\"><span style=\"color: #0000ff;\">\u00bfLos contratos de compraventa suscritos con anterioridad a la expedici\u00f3n del Decreto 1818 de 2015, pero cuyos bienes se entregan junto con la presentaci\u00f3n de la factura dentro del plazo se\u00f1alado en el decreto, gozan de la exenci\u00f3n temporal del impuesto sobre las ventas?<\/span> <strong>Tesis Jur\u00eddica:<\/strong><\/p>\n<p style=\"text-align: justify;\"><span style=\"color: #ff9900;\">Las facturas y\/o documentos equivalentes <u>emitidos<\/u> o expedidos con anterioridad a la vigencia del Decreto 1818 de 2015, como soporte de un contrato suscrito previamente, configura el hecho generador, y por lo tanto, ha nacido la obligaci\u00f3n de causar, liquidar y recaudar el impuesto sobre las ventas.<\/span><\/p>\n<h3 style=\"text-align: justify;\">Interpretaci\u00f3n Jur\u00eddica<\/h3>\n<p style=\"text-align: justify;\">Al respecto, el art\u00edculo 429 del Estatuto Tributario, se\u00f1ala:<\/p>\n<p style=\"text-align: justify;\"><em>(\u2026)<\/em><\/p>\n<p style=\"text-align: justify;\"><em>T\u00cdTULO II<\/em><\/p>\n<p style=\"text-align: justify;\"><em>CAUSACI\u00d3N DEL IMPUESTO<\/em><\/p>\n<p style=\"text-align: justify;\"><strong><em>Art\u00edculo 429. Momento de causaci\u00f3n<\/em><\/strong><em>. El impuesto se causa: <\/em><\/p>\n<ol style=\"text-align: justify;\">\n<li><em>a) En las ventas, <u>en la fecha de emisi\u00f3n de la factura o documento equivalente y a falta<\/u> <u>de estos, en el momento de la entrega,<\/u> aunque se haya pactado reserva de dominio, pacto de retroventa o condici\u00f3n resolutoria.<\/em><\/li>\n<\/ol>\n<p style=\"text-align: justify;\"><em>(\u2026) Subrayado y negrilla fuera del texto. <\/em><\/p>\n<p style=\"text-align: justify;\">Ahora bien, este despacho se pronunci\u00f3 en Concepto Unificado 001 de 2003 del 25 de junio de 2003, el cual por constituir doctrina vigente, se evoca el ac\u00e1pite correspondiente para su conocimiento:<\/p>\n<p style=\"text-align: justify;\"><em>(\u2026).<\/em><\/p>\n<p style=\"text-align: justify;\"><em>CAUSACI\u00d3N EN LA VENTA DE BIENES, EN LA PRESTACI\u00d3N DE SERVICIOS Y EN LA IMPORTACI\u00d3N<\/em><\/p>\n<p style=\"text-align: justify;\"><em>Desde la \u00f3ptica del hecho generador, el impuesto sobre las ventas es de car\u00e1cter instant\u00e1neo y se causa por cada operaci\u00f3n sujeta al impuesto, pero para efectos de una adecuada y eficiente administraci\u00f3n del impuesto se consagra un per\u00edodo bimestral para presentar las declaraciones tributarias correspondientes.<\/em><\/p>\n<p style=\"text-align: justify;\"><strong><em>La causaci\u00f3n del impuesto hace referencia al hecho jur\u00eddico material que da lugar al nacimiento de la obligaci\u00f3n tributaria.<\/em><\/strong><\/p>\n<p style=\"text-align: justify;\"><em><u>En tal sentido la ley tributaria establece el momento a partir del cual se entiende configurado el hecho generador.<\/u> En consecuencia es a partir de dicho momento que el mismo debe ser registrado en la contabilidad y declarado. <\/em><\/p>\n<p style=\"text-align: justify;\"><em>\u2026 La causaci\u00f3n del IVA establece el momento en que surge la obligaci\u00f3n del afectado econ\u00f3mico de cancelar el valor del impuesto conjuntamente con el precio de la transacci\u00f3n. Es de recordar que dentro del precio del bien o del servicio sujeto al IVA, se entiende incluido el impuesto.<\/em><\/p>\n<p style=\"text-align: justify;\"><em>1.1. <span style=\"color: #ff9900;\">CAUSACI\u00d3N EN LA VENTA DE BIENES<\/span><\/em><\/p>\n<p style=\"text-align: justify;\"><span style=\"color: #ff9900;\"><em>De acuerdo con el literal a) del art\u00edculo 429 del Estatuto Tributario, salvo los momentos de causaci\u00f3n especial consagrados para determinados bienes, por regla general en las ventas el impuesto se causa en la fecha de emisi\u00f3n de la factura o documento equivalente, y a falta de estos, en el momento de la entrega, aunque se haya pactado reserva de dominio, pacto de retroventa o condici\u00f3n resolutoria.<\/em><\/span><\/p>\n<p style=\"text-align: justify;\"><em>El C\u00f3digo Civil, art\u00edculo 1849, define el <strong>contrato de compraventa<\/strong>, as\u00ed: \u201cLa compraventa es un contrato en que una de las partes se obliga a dar una cosa y la otra a pagarla en dinero. <\/em><\/p>\n<p style=\"text-align: justify;\"><em>Aquella se dice vender y esta comprar. El dinero que el comprador da por la cosa vendida se llama precio\u201d. En igual forma, el art\u00edculo 1857 del mismo C\u00f3digo precept\u00faa que la venta se perfecciona en el momento en que las partes han convenido en la cosa y en el precio.<\/em><\/p>\n<p style=\"text-align: justify;\"><em>Por otra parte, el C\u00f3digo de Comercio en el art\u00edculo 905 se\u00f1ala en t\u00e9rminos similares que la compraventa es un contrato en el cual una de las partes se obliga a transmitir la propiedad de una cosa y la otra a pagarla en dinero.<\/em><\/p>\n<p style=\"text-align: justify;\"><span style=\"color: #ff9900;\"><strong><em>Por lo tanto, si como consecuencia de la operaci\u00f3n sujeta al IVA se expide la factura correspondiente, al momento de facturar se causa el impuesto, independientemente de que la entrega del bien se realice con posterioridad; <u>si por el contrario<\/u>, la entrega se hace previamente a la expedici\u00f3n de dicho documento, este hecho determina el momento de causaci\u00f3n.<\/em><\/strong><\/span><\/p>\n<p style=\"text-align: justify;\"><span style=\"color: #0000ff;\"><strong><em>Lo anterior indica que, una vez emitida la factura, nacen las obligaciones de causar, liquidar y recaudar el impuesto, que recaen en cabeza del responsable del impuesto sobre las ventas, sin que en modo alguno, a causa del no pago del impuesto o la no entrega del bien por parte del adquirente, se deba o pueda reversar la operaci\u00f3n; pues el incumplimiento de las obligaciones de una de las partes no debe trascender a la obligaci\u00f3n que la ley impone al responsable del impuesto.<\/em><\/strong><\/span><\/p>\n<p style=\"text-align: justify;\"><em>(\u2026) Subrayado y negrilla fuera del texto <\/em><\/p>\n<p style=\"text-align: justify;\"><span style=\"color: #ff9900;\">Con fundamento en lo anterior, aquellas facturas y\/o documentos equivalentes emitidos con ocasi\u00f3n de una operaci\u00f3n de venta que se realiz\u00f3 con anterioridad a la vigencia del Decreto 1818 de 2015, independientemente que la entrega se realice con posterioridad, se ha configurado el hecho generador del impuesto- y ha nacido la obligaci\u00f3n de causar, liquidar y recaudar, que recae sobre el responsable al Impuesto sobre las Ventas (IVA).<\/span><\/p>\n<p style=\"text-align: justify;\">As\u00ed las cosas, hechas las observaciones anteriores, resulta inadmisible y no propio de la finalidad del decreto 1818 de 2015, aplicar de forma retroactiva la exenci\u00f3n temporal del Impuesto sobre las Ventas (IVA) a operaciones que se causaron y se encuentran consolidadas bajo el imperio de la norma jur\u00eddica.<\/p>\n<p style=\"text-align: justify;\"><span style=\"text-decoration: underline;\"><strong><span style=\"color: #ff9900; text-decoration: underline;\">Por consiguiente, la causaci\u00f3n del impuesto sobre las ventas se produce al momento de la emisi\u00f3n de la factura y\/o documento equivalente, o a falta de alguno de estos, con la entrega del bien, el supuesto que ocurra primero. As\u00ed las cosas, aunque la presentaci\u00f3n de la factura se aporte al momento de la entrega del bien, dentro de los t\u00e9rminos se\u00f1alados en el Decreto 1818 de 2015, si la factura se expidi\u00f3 antes de entrar en vigencia el decreto, esas operaciones no gozar\u00e1n de la exenci\u00f3n temporal del IVA.<\/span><\/strong><\/span><\/p>\n<p style=\"text-align: justify;\">Atentamente,<\/p>\n<p style=\"text-align: justify;\">El Subdirector de Gesti\u00f3n Normativa y Doctrina (e),<\/p>\n<p style=\"text-align: justify;\"><em>Pedro Pablo Contreras Camargo.<\/em><\/p>\n<p style=\"text-align: justify;\">Anexo: Concepto Unificado n\u00famero 027030 del 29 de septiembre de 2015.<\/p>\n<p style=\"text-align: justify;\"><strong>(C. F.).<\/strong><\/p>\n","protected":false},"excerpt":{"rendered":"<p>Anque la presentaci\u00f3n de la factura se aporte al momento de la entrega del bien, dentro de los t\u00e9rminos se\u00f1alados en el Decreto 1818 de 2015, si la factura se expidi\u00f3 antes de entrar en vigencia el decreto, esas operaciones no gozar\u00e1n de la exenci\u00f3n temporal del IVA.<\/p>\n","protected":false},"author":1,"featured_media":5931,"comment_status":"open","ping_status":"open","sticky":false,"template":"","format":"standard","meta":{"_monsterinsights_skip_tracking":false,"ngg_post_thumbnail":0,"footnotes":"","_links_to":"","_links_to_target":""},"categories":[454],"tags":[],"class_list":["post-6387","post","type-post","status-publish","format-standard","has-post-thumbnail","hentry","category-sin-categoria"],"aioseo_notices":[],"aioseo_head":"\n\t\t<!-- All in One SEO 5.0.1.1 - aioseo.com -->\n\t<meta name=\"description\" content=\"Anque la presentaci\u00f3n de la factura se aporte al momento de la entrega del bien, dentro de los t\u00e9rminos se\u00f1alados en el Decreto 1818 de 2015, si la factura se expidi\u00f3 antes de entrar en vigencia el decreto, esas operaciones no gozar\u00e1n de la exenci\u00f3n temporal del IVA.\" \/>\n\t<meta name=\"robots\" content=\"max-image-preview:large\" \/>\n\t<meta name=\"author\" content=\"Miguel Antonio M\u00e1rquez Monta\u00f1ez\"\/>\n\t<link rel=\"canonical\" href=\"https:\/\/contadoreshoy.com\/?p=6387\" \/>\n\t<meta name=\"generator\" content=\"All in One SEO (AIOSEO) 5.0.1.1\" \/>\n\t\t<meta property=\"og:locale\" content=\"es_ES\" \/>\n\t\t<meta property=\"og:site_name\" content=\"Contadores P\u00fablicos - Portal para Contadores P\u00fablicos y empresarios\" \/>\n\t\t<meta property=\"og:type\" content=\"article\" \/>\n\t\t<meta property=\"og:title\" content=\"Causaci\u00f3n de IVA sobre facturas emitidas antes del decreto 1818 de 2015 - Contadores P\u00fablicos\" \/>\n\t\t<meta property=\"og:description\" content=\"Anque la presentaci\u00f3n de la factura se aporte al momento de la entrega del bien, dentro de los t\u00e9rminos se\u00f1alados en el Decreto 1818 de 2015, si la factura se expidi\u00f3 antes de entrar en vigencia el decreto, esas operaciones no gozar\u00e1n de la exenci\u00f3n temporal del IVA.\" \/>\n\t\t<meta property=\"og:url\" content=\"https:\/\/contadoreshoy.com\/?p=6387\" \/>\n\t\t<meta property=\"og:image\" content=\"https:\/\/contadoreshoy.com\/wp-content\/uploads\/2024\/01\/cropped-cropped-cropped-Copia-de-M.jpg\" \/>\n\t\t<meta property=\"og:image:secure_url\" content=\"https:\/\/contadoreshoy.com\/wp-content\/uploads\/2024\/01\/cropped-cropped-cropped-Copia-de-M.jpg\" \/>\n\t\t<meta property=\"og:image:width\" content=\"512\" \/>\n\t\t<meta property=\"og:image:height\" content=\"371\" \/>\n\t\t<meta property=\"article:published_time\" content=\"2015-11-22T21:55:07+00:00\" \/>\n\t\t<meta property=\"article:modified_time\" content=\"2017-02-05T02:59:56+00:00\" \/>\n\t\t<meta name=\"twitter:card\" content=\"summary_large_image\" \/>\n\t\t<meta name=\"twitter:title\" content=\"Causaci\u00f3n de IVA sobre facturas emitidas antes del decreto 1818 de 2015 - Contadores P\u00fablicos\" \/>\n\t\t<meta name=\"twitter:description\" content=\"Anque la presentaci\u00f3n de la factura se aporte al momento de la entrega del bien, dentro de los t\u00e9rminos se\u00f1alados en el Decreto 1818 de 2015, si la factura se expidi\u00f3 antes de entrar en vigencia el decreto, esas operaciones no gozar\u00e1n de la exenci\u00f3n temporal del IVA.\" \/>\n\t\t<meta name=\"twitter:image\" content=\"https:\/\/contadoreshoy.com\/wp-content\/uploads\/2024\/01\/cropped-cropped-cropped-Copia-de-M.jpg\" \/>\n\t\t<script type=\"application\/ld+json\" class=\"aioseo-schema\">\n\t\t\t{\"@context\":\"https:\\\/\\\/schema.org\",\"@graph\":[{\"@type\":\"BlogPosting\",\"@id\":\"https:\\\/\\\/contadoreshoy.com\\\/?p=6387#blogposting\",\"name\":\"Causaci\\u00f3n de IVA sobre facturas emitidas antes del decreto 1818 de 2015 - Contadores P\\u00fablicos\",\"headline\":\"Causaci\\u00f3n de IVA sobre facturas emitidas antes del decreto 1818 de 2015\",\"author\":{\"@id\":\"https:\\\/\\\/contadoreshoy.com\\\/?author=1#author\"},\"publisher\":{\"@id\":\"https:\\\/\\\/contadoreshoy.com\\\/#organization\"},\"image\":{\"@type\":\"ImageObject\",\"url\":\"https:\\\/\\\/contadoreshoy.com\\\/wp-content\\\/uploads\\\/2015\\\/09\\\/frontera-venezuela-colombia-644x362.jpg\",\"width\":600,\"height\":400},\"datePublished\":\"2015-11-22T16:55:07-05:00\",\"dateModified\":\"2017-02-04T21:59:56-05:00\",\"inLanguage\":\"es-ES\",\"mainEntityOfPage\":{\"@id\":\"https:\\\/\\\/contadoreshoy.com\\\/?p=6387#webpage\"},\"isPartOf\":{\"@id\":\"https:\\\/\\\/contadoreshoy.com\\\/?p=6387#webpage\"},\"articleSection\":\"Sin categor\\u00eda\"},{\"@type\":\"BreadcrumbList\",\"@id\":\"https:\\\/\\\/contadoreshoy.com\\\/?p=6387#breadcrumblist\",\"itemListElement\":[{\"@type\":\"ListItem\",\"@id\":\"https:\\\/\\\/contadoreshoy.com#listItem\",\"position\":1,\"name\":\"Home\",\"item\":\"https:\\\/\\\/contadoreshoy.com\",\"nextItem\":{\"@type\":\"ListItem\",\"@id\":\"https:\\\/\\\/contadoreshoy.com\\\/?cat=454#listItem\",\"name\":\"Sin categor\\u00eda\"}},{\"@type\":\"ListItem\",\"@id\":\"https:\\\/\\\/contadoreshoy.com\\\/?cat=454#listItem\",\"position\":2,\"name\":\"Sin categor\\u00eda\",\"item\":\"https:\\\/\\\/contadoreshoy.com\\\/?cat=454\",\"nextItem\":{\"@type\":\"ListItem\",\"@id\":\"https:\\\/\\\/contadoreshoy.com\\\/?p=6387#listItem\",\"name\":\"Causaci\\u00f3n de IVA sobre facturas emitidas antes del decreto 1818 de 2015\"},\"previousItem\":{\"@type\":\"ListItem\",\"@id\":\"https:\\\/\\\/contadoreshoy.com#listItem\",\"name\":\"Home\"}},{\"@type\":\"ListItem\",\"@id\":\"https:\\\/\\\/contadoreshoy.com\\\/?p=6387#listItem\",\"position\":3,\"name\":\"Causaci\\u00f3n de IVA sobre facturas emitidas antes del decreto 1818 de 2015\",\"previousItem\":{\"@type\":\"ListItem\",\"@id\":\"https:\\\/\\\/contadoreshoy.com\\\/?cat=454#listItem\",\"name\":\"Sin categor\\u00eda\"}}]},{\"@type\":\"Organization\",\"@id\":\"https:\\\/\\\/contadoreshoy.com\\\/#organization\",\"name\":\"Contadores P\\u00fablicos\",\"description\":\"Portal para Contadores P\\u00fablicos y empresarios\",\"url\":\"https:\\\/\\\/contadoreshoy.com\\\/\",\"logo\":{\"@type\":\"ImageObject\",\"url\":\"https:\\\/\\\/contadoreshoy.com\\\/wp-content\\\/uploads\\\/2024\\\/01\\\/cropped-cropped-Copia-de-M-1.jpg\",\"@id\":\"https:\\\/\\\/contadoreshoy.com\\\/?p=6387\\\/#organizationLogo\",\"width\":499,\"height\":500},\"image\":{\"@id\":\"https:\\\/\\\/contadoreshoy.com\\\/?p=6387\\\/#organizationLogo\"}},{\"@type\":\"Person\",\"@id\":\"https:\\\/\\\/contadoreshoy.com\\\/?author=1#author\",\"url\":\"https:\\\/\\\/contadoreshoy.com\\\/?author=1\",\"name\":\"Miguel Antonio M\\u00e1rquez Monta\\u00f1ez\"},{\"@type\":\"WebPage\",\"@id\":\"https:\\\/\\\/contadoreshoy.com\\\/?p=6387#webpage\",\"url\":\"https:\\\/\\\/contadoreshoy.com\\\/?p=6387\",\"name\":\"Causaci\\u00f3n de IVA sobre facturas emitidas antes del decreto 1818 de 2015 - Contadores P\\u00fablicos\",\"description\":\"Anque la presentaci\\u00f3n de la factura se aporte al momento de la entrega del bien, dentro de los t\\u00e9rminos se\\u00f1alados en el Decreto 1818 de 2015, si la factura se expidi\\u00f3 antes de entrar en vigencia el decreto, esas operaciones no gozar\\u00e1n de la exenci\\u00f3n temporal del IVA.\",\"inLanguage\":\"es-ES\",\"isPartOf\":{\"@id\":\"https:\\\/\\\/contadoreshoy.com\\\/#website\"},\"breadcrumb\":{\"@id\":\"https:\\\/\\\/contadoreshoy.com\\\/?p=6387#breadcrumblist\"},\"author\":{\"@id\":\"https:\\\/\\\/contadoreshoy.com\\\/?author=1#author\"},\"creator\":{\"@id\":\"https:\\\/\\\/contadoreshoy.com\\\/?author=1#author\"},\"image\":{\"@type\":\"ImageObject\",\"url\":\"https:\\\/\\\/contadoreshoy.com\\\/wp-content\\\/uploads\\\/2015\\\/09\\\/frontera-venezuela-colombia-644x362.jpg\",\"@id\":\"https:\\\/\\\/contadoreshoy.com\\\/?p=6387\\\/#mainImage\",\"width\":600,\"height\":400},\"primaryImageOfPage\":{\"@id\":\"https:\\\/\\\/contadoreshoy.com\\\/?p=6387#mainImage\"},\"datePublished\":\"2015-11-22T16:55:07-05:00\",\"dateModified\":\"2017-02-04T21:59:56-05:00\"},{\"@type\":\"WebSite\",\"@id\":\"https:\\\/\\\/contadoreshoy.com\\\/#website\",\"url\":\"https:\\\/\\\/contadoreshoy.com\\\/\",\"name\":\"Contadores P\\u00fablicos\",\"description\":\"Portal para Contadores P\\u00fablicos y empresarios\",\"inLanguage\":\"es-ES\",\"publisher\":{\"@id\":\"https:\\\/\\\/contadoreshoy.com\\\/#organization\"}}]}\n\t\t<\/script>\n\t\t<!-- All in One SEO -->\n\n","aioseo_head_json":{"title":"Causaci\u00f3n de IVA sobre facturas emitidas antes del decreto 1818 de 2015 - Contadores P\u00fablicos","description":"Anque la presentaci\u00f3n de la factura se aporte al momento de la entrega del bien, dentro de los t\u00e9rminos se\u00f1alados en el Decreto 1818 de 2015, si la factura se expidi\u00f3 antes de entrar en vigencia el decreto, esas operaciones no gozar\u00e1n de la exenci\u00f3n temporal del IVA.","canonical_url":"https:\/\/contadoreshoy.com\/?p=6387","robots":"max-image-preview:large","keywords":"","webmasterTools":{"miscellaneous":""},"schema":{"@context":"https:\/\/schema.org","@graph":[{"@type":"BlogPosting","@id":"https:\/\/contadoreshoy.com\/?p=6387#blogposting","name":"Causaci\u00f3n de IVA sobre facturas emitidas antes del decreto 1818 de 2015 - Contadores P\u00fablicos","headline":"Causaci\u00f3n de IVA sobre facturas emitidas antes del decreto 1818 de 2015","author":{"@id":"https:\/\/contadoreshoy.com\/?author=1#author"},"publisher":{"@id":"https:\/\/contadoreshoy.com\/#organization"},"image":{"@type":"ImageObject","url":"https:\/\/contadoreshoy.com\/wp-content\/uploads\/2015\/09\/frontera-venezuela-colombia-644x362.jpg","width":600,"height":400},"datePublished":"2015-11-22T16:55:07-05:00","dateModified":"2017-02-04T21:59:56-05:00","inLanguage":"es-ES","mainEntityOfPage":{"@id":"https:\/\/contadoreshoy.com\/?p=6387#webpage"},"isPartOf":{"@id":"https:\/\/contadoreshoy.com\/?p=6387#webpage"},"articleSection":"Sin categor\u00eda"},{"@type":"BreadcrumbList","@id":"https:\/\/contadoreshoy.com\/?p=6387#breadcrumblist","itemListElement":[{"@type":"ListItem","@id":"https:\/\/contadoreshoy.com#listItem","position":1,"name":"Home","item":"https:\/\/contadoreshoy.com","nextItem":{"@type":"ListItem","@id":"https:\/\/contadoreshoy.com\/?cat=454#listItem","name":"Sin categor\u00eda"}},{"@type":"ListItem","@id":"https:\/\/contadoreshoy.com\/?cat=454#listItem","position":2,"name":"Sin categor\u00eda","item":"https:\/\/contadoreshoy.com\/?cat=454","nextItem":{"@type":"ListItem","@id":"https:\/\/contadoreshoy.com\/?p=6387#listItem","name":"Causaci\u00f3n de IVA sobre facturas emitidas antes del decreto 1818 de 2015"},"previousItem":{"@type":"ListItem","@id":"https:\/\/contadoreshoy.com#listItem","name":"Home"}},{"@type":"ListItem","@id":"https:\/\/contadoreshoy.com\/?p=6387#listItem","position":3,"name":"Causaci\u00f3n de IVA sobre facturas emitidas antes del decreto 1818 de 2015","previousItem":{"@type":"ListItem","@id":"https:\/\/contadoreshoy.com\/?cat=454#listItem","name":"Sin categor\u00eda"}}]},{"@type":"Organization","@id":"https:\/\/contadoreshoy.com\/#organization","name":"Contadores P\u00fablicos","description":"Portal para Contadores P\u00fablicos y empresarios","url":"https:\/\/contadoreshoy.com\/","logo":{"@type":"ImageObject","url":"https:\/\/contadoreshoy.com\/wp-content\/uploads\/2024\/01\/cropped-cropped-Copia-de-M-1.jpg","@id":"https:\/\/contadoreshoy.com\/?p=6387\/#organizationLogo","width":499,"height":500},"image":{"@id":"https:\/\/contadoreshoy.com\/?p=6387\/#organizationLogo"}},{"@type":"Person","@id":"https:\/\/contadoreshoy.com\/?author=1#author","url":"https:\/\/contadoreshoy.com\/?author=1","name":"Miguel Antonio M\u00e1rquez Monta\u00f1ez"},{"@type":"WebPage","@id":"https:\/\/contadoreshoy.com\/?p=6387#webpage","url":"https:\/\/contadoreshoy.com\/?p=6387","name":"Causaci\u00f3n de IVA sobre facturas emitidas antes del decreto 1818 de 2015 - Contadores P\u00fablicos","description":"Anque la presentaci\u00f3n de la factura se aporte al momento de la entrega del bien, dentro de los t\u00e9rminos se\u00f1alados en el Decreto 1818 de 2015, si la factura se expidi\u00f3 antes de entrar en vigencia el decreto, esas operaciones no gozar\u00e1n de la exenci\u00f3n temporal del IVA.","inLanguage":"es-ES","isPartOf":{"@id":"https:\/\/contadoreshoy.com\/#website"},"breadcrumb":{"@id":"https:\/\/contadoreshoy.com\/?p=6387#breadcrumblist"},"author":{"@id":"https:\/\/contadoreshoy.com\/?author=1#author"},"creator":{"@id":"https:\/\/contadoreshoy.com\/?author=1#author"},"image":{"@type":"ImageObject","url":"https:\/\/contadoreshoy.com\/wp-content\/uploads\/2015\/09\/frontera-venezuela-colombia-644x362.jpg","@id":"https:\/\/contadoreshoy.com\/?p=6387\/#mainImage","width":600,"height":400},"primaryImageOfPage":{"@id":"https:\/\/contadoreshoy.com\/?p=6387#mainImage"},"datePublished":"2015-11-22T16:55:07-05:00","dateModified":"2017-02-04T21:59:56-05:00"},{"@type":"WebSite","@id":"https:\/\/contadoreshoy.com\/#website","url":"https:\/\/contadoreshoy.com\/","name":"Contadores P\u00fablicos","description":"Portal para Contadores P\u00fablicos y empresarios","inLanguage":"es-ES","publisher":{"@id":"https:\/\/contadoreshoy.com\/#organization"}}]},"og:locale":"es_ES","og:site_name":"Contadores P\u00fablicos - Portal para Contadores P\u00fablicos y empresarios","og:type":"article","og:title":"Causaci\u00f3n de IVA sobre facturas emitidas antes del decreto 1818 de 2015 - Contadores P\u00fablicos","og:description":"Anque la presentaci\u00f3n de la factura se aporte al momento de la entrega del bien, dentro de los t\u00e9rminos se\u00f1alados en el Decreto 1818 de 2015, si la factura se expidi\u00f3 antes de entrar en vigencia el decreto, esas operaciones no gozar\u00e1n de la exenci\u00f3n temporal del IVA.","og:url":"https:\/\/contadoreshoy.com\/?p=6387","og:image":"https:\/\/contadoreshoy.com\/wp-content\/uploads\/2024\/01\/cropped-cropped-cropped-Copia-de-M.jpg","og:image:secure_url":"https:\/\/contadoreshoy.com\/wp-content\/uploads\/2024\/01\/cropped-cropped-cropped-Copia-de-M.jpg","og:image:width":512,"og:image:height":371,"article:published_time":"2015-11-22T21:55:07+00:00","article:modified_time":"2017-02-05T02:59:56+00:00","twitter:card":"summary_large_image","twitter:title":"Causaci\u00f3n de IVA sobre facturas emitidas antes del decreto 1818 de 2015 - Contadores P\u00fablicos","twitter:description":"Anque la presentaci\u00f3n de la factura se aporte al momento de la entrega del bien, dentro de los t\u00e9rminos se\u00f1alados en el Decreto 1818 de 2015, si la factura se expidi\u00f3 antes de entrar en vigencia el decreto, esas operaciones no gozar\u00e1n de la exenci\u00f3n temporal del IVA.","twitter:image":"https:\/\/contadoreshoy.com\/wp-content\/uploads\/2024\/01\/cropped-cropped-cropped-Copia-de-M.jpg"},"aioseo_meta_data":{"post_id":"6387","title":null,"description":null,"keywords":null,"keyphrases":null,"primary_term":null,"canonical_url":null,"og_title":null,"og_description":null,"og_object_type":"default","og_image_type":"default","og_image_url":null,"og_image_width":null,"og_image_height":null,"og_image_custom_url":null,"og_image_custom_fields":null,"og_video":null,"og_custom_url":null,"og_article_section":null,"og_article_tags":null,"twitter_use_og":false,"twitter_card":"default","twitter_image_type":"default","twitter_image_url":null,"twitter_image_custom_url":null,"twitter_image_custom_fields":null,"twitter_title":null,"twitter_description":null,"schema":{"blockGraphs":[],"customGraphs":[],"default":{"data":{"Article":[],"Course":[],"Dataset":[],"FAQPage":[],"Movie":[],"Person":[],"Product":[],"ProductReview":[],"Car":[],"Recipe":[],"Service":[],"SoftwareApplication":[],"WebPage":[]},"graphName":"","isEnabled":true},"graphs":[]},"schema_type":"default","schema_type_options":null,"pillar_content":false,"robots_default":true,"robots_noindex":false,"robots_noarchive":false,"robots_nosnippet":false,"robots_nofollow":false,"robots_noimageindex":false,"robots_noodp":false,"robots_notranslate":false,"robots_max_snippet":null,"robots_max_videopreview":null,"robots_max_imagepreview":"large","priority":null,"frequency":null,"local_seo":null,"breadcrumb_settings":null,"limit_modified_date":false,"ai":null,"created":"2024-03-05 01:25:02","updated":"2026-03-03 04:44:23","seo_analyzer_scan_date":null,"focus_keyword":null,"additional_keywords":null,"truseo_locale":null},"aioseo_breadcrumb":"<div class=\"aioseo-breadcrumbs\"><span class=\"aioseo-breadcrumb\">\n\t\t\t<a href=\"https:\/\/contadoreshoy.com\" title=\"Home\">Home<\/a>\n\t\t<\/span><span class=\"aioseo-breadcrumb-separator\">&raquo;<\/span><span class=\"aioseo-breadcrumb\">\n\t\t\t<a href=\"https:\/\/contadoreshoy.com\/?cat=454\" title=\"Sin categor\u00eda\">Sin categor\u00eda<\/a>\n\t\t<\/span><span class=\"aioseo-breadcrumb-separator\">&raquo;<\/span><span class=\"aioseo-breadcrumb\">\n\t\t\tCausaci\u00f3n de IVA sobre facturas emitidas antes del decreto 1818 de 2015\n\t\t<\/span><\/div>","aioseo_breadcrumb_json":[{"label":"Home","link":"https:\/\/contadoreshoy.com"},{"label":"Sin categor\u00eda","link":"https:\/\/contadoreshoy.com\/?cat=454"},{"label":"Causaci\u00f3n de IVA sobre facturas emitidas antes del decreto 1818 de 2015","link":"https:\/\/contadoreshoy.com\/?p=6387"}],"yoast_head":"<!-- This site is optimized with the Yoast SEO plugin v28.4 - https:\/\/yoast.com\/product\/yoast-seo-wordpress\/ -->\n<title>Causaci\u00f3n de IVA sobre facturas emitidas antes del decreto 1818 de 2015 - Contadores P\u00fablicos<\/title>\n<meta name=\"robots\" content=\"index, follow, max-snippet:-1, max-image-preview:large, max-video-preview:-1\" \/>\n<link rel=\"canonical\" href=\"https:\/\/contadoreshoy.com\/?p=6387\" \/>\n<meta property=\"og:locale\" content=\"es_ES\" \/>\n<meta property=\"og:type\" content=\"article\" \/>\n<meta property=\"og:title\" content=\"Causaci\u00f3n de IVA sobre facturas emitidas antes del decreto 1818 de 2015 - Contadores P\u00fablicos\" \/>\n<meta property=\"og:description\" content=\"Anque la presentaci\u00f3n de la factura se aporte al momento de la entrega del bien, dentro de los t\u00e9rminos se\u00f1alados en el Decreto 1818 de 2015, si la factura se expidi\u00f3 antes de entrar en vigencia el decreto, esas operaciones no gozar\u00e1n de la exenci\u00f3n temporal del IVA.\" \/>\n<meta property=\"og:url\" content=\"https:\/\/contadoreshoy.com\/?p=6387\" \/>\n<meta property=\"og:site_name\" content=\"Contadores P\u00fablicos\" \/>\n<meta property=\"article:publisher\" content=\"https:\/\/www.facebook.com\/CCCPBucaramanga\/\" \/>\n<meta property=\"article:published_time\" content=\"2015-11-22T21:55:07+00:00\" \/>\n<meta property=\"article:modified_time\" content=\"2017-02-05T02:59:56+00:00\" \/>\n<meta property=\"og:image\" content=\"https:\/\/contadoreshoy.com\/wp-content\/uploads\/2015\/09\/frontera-venezuela-colombia-644x362.jpg\" \/>\n\t<meta property=\"og:image:width\" content=\"600\" \/>\n\t<meta property=\"og:image:height\" content=\"400\" \/>\n\t<meta property=\"og:image:type\" content=\"image\/jpeg\" \/>\n<meta name=\"author\" content=\"Miguel Antonio M\u00e1rquez Monta\u00f1ez\" \/>\n<meta name=\"twitter:card\" content=\"summary_large_image\" \/>\n<meta name=\"twitter:label1\" content=\"Escrito por\" \/>\n\t<meta name=\"twitter:data1\" content=\"Miguel Antonio M\u00e1rquez Monta\u00f1ez\" \/>\n\t<meta name=\"twitter:label2\" content=\"Tiempo de lectura\" \/>\n\t<meta name=\"twitter:data2\" content=\"5 minutos\" \/>\n<script type=\"application\/ld+json\" class=\"yoast-schema-graph\">{\"@context\":\"https:\\\/\\\/schema.org\",\"@graph\":[{\"@type\":\"Article\",\"@id\":\"https:\\\/\\\/contadoreshoy.com\\\/?p=6387#article\",\"isPartOf\":{\"@id\":\"https:\\\/\\\/contadoreshoy.com\\\/?p=6387\"},\"author\":{\"name\":\"Miguel Antonio M\u00e1rquez Monta\u00f1ez\",\"@id\":\"https:\\\/\\\/contadoreshoy.com\\\/#\\\/schema\\\/person\\\/96d8979cb865537c5dc9345e40089fc5\"},\"headline\":\"Causaci\u00f3n de IVA sobre facturas emitidas antes del decreto 1818 de 2015\",\"datePublished\":\"2015-11-22T21:55:07+00:00\",\"dateModified\":\"2017-02-05T02:59:56+00:00\",\"mainEntityOfPage\":{\"@id\":\"https:\\\/\\\/contadoreshoy.com\\\/?p=6387\"},\"wordCount\":1101,\"commentCount\":0,\"publisher\":{\"@id\":\"https:\\\/\\\/contadoreshoy.com\\\/#organization\"},\"image\":{\"@id\":\"https:\\\/\\\/contadoreshoy.com\\\/?p=6387#primaryimage\"},\"thumbnailUrl\":\"https:\\\/\\\/contadoreshoy.com\\\/wp-content\\\/uploads\\\/2015\\\/09\\\/frontera-venezuela-colombia-644x362.jpg\",\"inLanguage\":\"es\",\"potentialAction\":[{\"@type\":\"CommentAction\",\"name\":\"Comment\",\"target\":[\"https:\\\/\\\/contadoreshoy.com\\\/?p=6387#respond\"]}]},{\"@type\":\"WebPage\",\"@id\":\"https:\\\/\\\/contadoreshoy.com\\\/?p=6387\",\"url\":\"https:\\\/\\\/contadoreshoy.com\\\/?p=6387\",\"name\":\"Causaci\u00f3n de IVA sobre facturas emitidas antes del decreto 1818 de 2015 - Contadores P\u00fablicos\",\"isPartOf\":{\"@id\":\"https:\\\/\\\/contadoreshoy.com\\\/#website\"},\"primaryImageOfPage\":{\"@id\":\"https:\\\/\\\/contadoreshoy.com\\\/?p=6387#primaryimage\"},\"image\":{\"@id\":\"https:\\\/\\\/contadoreshoy.com\\\/?p=6387#primaryimage\"},\"thumbnailUrl\":\"https:\\\/\\\/contadoreshoy.com\\\/wp-content\\\/uploads\\\/2015\\\/09\\\/frontera-venezuela-colombia-644x362.jpg\",\"datePublished\":\"2015-11-22T21:55:07+00:00\",\"dateModified\":\"2017-02-05T02:59:56+00:00\",\"breadcrumb\":{\"@id\":\"https:\\\/\\\/contadoreshoy.com\\\/?p=6387#breadcrumb\"},\"inLanguage\":\"es\",\"potentialAction\":[{\"@type\":\"ReadAction\",\"target\":[\"https:\\\/\\\/contadoreshoy.com\\\/?p=6387\"]}]},{\"@type\":\"ImageObject\",\"inLanguage\":\"es\",\"@id\":\"https:\\\/\\\/contadoreshoy.com\\\/?p=6387#primaryimage\",\"url\":\"https:\\\/\\\/contadoreshoy.com\\\/wp-content\\\/uploads\\\/2015\\\/09\\\/frontera-venezuela-colombia-644x362.jpg\",\"contentUrl\":\"https:\\\/\\\/contadoreshoy.com\\\/wp-content\\\/uploads\\\/2015\\\/09\\\/frontera-venezuela-colombia-644x362.jpg\",\"width\":600,\"height\":400},{\"@type\":\"BreadcrumbList\",\"@id\":\"https:\\\/\\\/contadoreshoy.com\\\/?p=6387#breadcrumb\",\"itemListElement\":[{\"@type\":\"ListItem\",\"position\":1,\"name\":\"Portada\",\"item\":\"https:\\\/\\\/contadoreshoy.com\\\/\"},{\"@type\":\"ListItem\",\"position\":2,\"name\":\"Causaci\u00f3n de IVA sobre facturas emitidas antes del decreto 1818 de 2015\"}]},{\"@type\":\"WebSite\",\"@id\":\"https:\\\/\\\/contadoreshoy.com\\\/#website\",\"url\":\"https:\\\/\\\/contadoreshoy.com\\\/\",\"name\":\"Contadorespublicossantander\",\"description\":\"Portal para Contadores P\u00fablicos y empresarios\",\"publisher\":{\"@id\":\"https:\\\/\\\/contadoreshoy.com\\\/#organization\"},\"potentialAction\":[{\"@type\":\"SearchAction\",\"target\":{\"@type\":\"EntryPoint\",\"urlTemplate\":\"https:\\\/\\\/contadoreshoy.com\\\/?s={search_term_string}\"},\"query-input\":{\"@type\":\"PropertyValueSpecification\",\"valueRequired\":true,\"valueName\":\"search_term_string\"}}],\"inLanguage\":\"es\"},{\"@type\":\"Organization\",\"@id\":\"https:\\\/\\\/contadoreshoy.com\\\/#organization\",\"name\":\"Contadores P\u00fablicos de Santander\",\"url\":\"https:\\\/\\\/contadoreshoy.com\\\/\",\"logo\":{\"@type\":\"ImageObject\",\"inLanguage\":\"es\",\"@id\":\"https:\\\/\\\/contadoreshoy.com\\\/#\\\/schema\\\/logo\\\/image\\\/\",\"url\":\"https:\\\/\\\/contadoreshoy.com\\\/wp-content\\\/uploads\\\/2024\\\/01\\\/cropped-cropped-Copia-de-M-1.jpg\",\"contentUrl\":\"https:\\\/\\\/contadoreshoy.com\\\/wp-content\\\/uploads\\\/2024\\\/01\\\/cropped-cropped-Copia-de-M-1.jpg\",\"width\":499,\"height\":500,\"caption\":\"Contadores P\u00fablicos de Santander\"},\"image\":{\"@id\":\"https:\\\/\\\/contadoreshoy.com\\\/#\\\/schema\\\/logo\\\/image\\\/\"},\"sameAs\":[\"https:\\\/\\\/www.facebook.com\\\/CCCPBucaramanga\\\/\"]},{\"@type\":\"Person\",\"@id\":\"https:\\\/\\\/contadoreshoy.com\\\/#\\\/schema\\\/person\\\/96d8979cb865537c5dc9345e40089fc5\",\"name\":\"Miguel Antonio M\u00e1rquez Monta\u00f1ez\",\"description\":\"Contador P\u00fablico egresado de la Universidad Aut\u00f3noma de Bucaramanga - Asesor contable tributario con m\u00e1s de 25 a\u00f1os de experiencia - Conferencista en temas contables y tributarios - T\u00e9cnico en Hardware y Dise\u00f1o Web - Creador y director Grupo de Estudio Colegio Colombiano de Contadores P\u00fablicos de Bucaramanga - Creador y Master Web p\u00e1gina www.contadoresp\u00fablicossantander.com - Expresidente Colegio Colombiano de Contadores P\u00fablicos Bucaramanga\",\"url\":\"https:\\\/\\\/contadoreshoy.com\\\/?author=1\"}]}<\/script>\n<!-- \/ Yoast SEO plugin. -->","yoast_head_json":{"title":"Causaci\u00f3n de IVA sobre facturas emitidas antes del decreto 1818 de 2015 - Contadores P\u00fablicos","robots":{"index":"index","follow":"follow","max-snippet":"max-snippet:-1","max-image-preview":"max-image-preview:large","max-video-preview":"max-video-preview:-1"},"canonical":"https:\/\/contadoreshoy.com\/?p=6387","og_locale":"es_ES","og_type":"article","og_title":"Causaci\u00f3n de IVA sobre facturas emitidas antes del decreto 1818 de 2015 - Contadores P\u00fablicos","og_description":"Anque la presentaci\u00f3n de la factura se aporte al momento de la entrega del bien, dentro de los t\u00e9rminos se\u00f1alados en el Decreto 1818 de 2015, si la factura se expidi\u00f3 antes de entrar en vigencia el decreto, esas operaciones no gozar\u00e1n de la exenci\u00f3n temporal del IVA.","og_url":"https:\/\/contadoreshoy.com\/?p=6387","og_site_name":"Contadores P\u00fablicos","article_publisher":"https:\/\/www.facebook.com\/CCCPBucaramanga\/","article_published_time":"2015-11-22T21:55:07+00:00","article_modified_time":"2017-02-05T02:59:56+00:00","og_image":[{"width":600,"height":400,"url":"https:\/\/contadoreshoy.com\/wp-content\/uploads\/2015\/09\/frontera-venezuela-colombia-644x362.jpg","type":"image\/jpeg"}],"author":"Miguel Antonio M\u00e1rquez Monta\u00f1ez","twitter_card":"summary_large_image","twitter_misc":{"Escrito por":"Miguel Antonio M\u00e1rquez Monta\u00f1ez","Tiempo de lectura":"5 minutos"},"schema":{"@context":"https:\/\/schema.org","@graph":[{"@type":"Article","@id":"https:\/\/contadoreshoy.com\/?p=6387#article","isPartOf":{"@id":"https:\/\/contadoreshoy.com\/?p=6387"},"author":{"name":"Miguel Antonio M\u00e1rquez Monta\u00f1ez","@id":"https:\/\/contadoreshoy.com\/#\/schema\/person\/96d8979cb865537c5dc9345e40089fc5"},"headline":"Causaci\u00f3n de IVA sobre facturas emitidas antes del decreto 1818 de 2015","datePublished":"2015-11-22T21:55:07+00:00","dateModified":"2017-02-05T02:59:56+00:00","mainEntityOfPage":{"@id":"https:\/\/contadoreshoy.com\/?p=6387"},"wordCount":1101,"commentCount":0,"publisher":{"@id":"https:\/\/contadoreshoy.com\/#organization"},"image":{"@id":"https:\/\/contadoreshoy.com\/?p=6387#primaryimage"},"thumbnailUrl":"https:\/\/contadoreshoy.com\/wp-content\/uploads\/2015\/09\/frontera-venezuela-colombia-644x362.jpg","inLanguage":"es","potentialAction":[{"@type":"CommentAction","name":"Comment","target":["https:\/\/contadoreshoy.com\/?p=6387#respond"]}]},{"@type":"WebPage","@id":"https:\/\/contadoreshoy.com\/?p=6387","url":"https:\/\/contadoreshoy.com\/?p=6387","name":"Causaci\u00f3n de IVA sobre facturas emitidas antes del decreto 1818 de 2015 - Contadores P\u00fablicos","isPartOf":{"@id":"https:\/\/contadoreshoy.com\/#website"},"primaryImageOfPage":{"@id":"https:\/\/contadoreshoy.com\/?p=6387#primaryimage"},"image":{"@id":"https:\/\/contadoreshoy.com\/?p=6387#primaryimage"},"thumbnailUrl":"https:\/\/contadoreshoy.com\/wp-content\/uploads\/2015\/09\/frontera-venezuela-colombia-644x362.jpg","datePublished":"2015-11-22T21:55:07+00:00","dateModified":"2017-02-05T02:59:56+00:00","breadcrumb":{"@id":"https:\/\/contadoreshoy.com\/?p=6387#breadcrumb"},"inLanguage":"es","potentialAction":[{"@type":"ReadAction","target":["https:\/\/contadoreshoy.com\/?p=6387"]}]},{"@type":"ImageObject","inLanguage":"es","@id":"https:\/\/contadoreshoy.com\/?p=6387#primaryimage","url":"https:\/\/contadoreshoy.com\/wp-content\/uploads\/2015\/09\/frontera-venezuela-colombia-644x362.jpg","contentUrl":"https:\/\/contadoreshoy.com\/wp-content\/uploads\/2015\/09\/frontera-venezuela-colombia-644x362.jpg","width":600,"height":400},{"@type":"BreadcrumbList","@id":"https:\/\/contadoreshoy.com\/?p=6387#breadcrumb","itemListElement":[{"@type":"ListItem","position":1,"name":"Portada","item":"https:\/\/contadoreshoy.com\/"},{"@type":"ListItem","position":2,"name":"Causaci\u00f3n de IVA sobre facturas emitidas antes del decreto 1818 de 2015"}]},{"@type":"WebSite","@id":"https:\/\/contadoreshoy.com\/#website","url":"https:\/\/contadoreshoy.com\/","name":"Contadorespublicossantander","description":"Portal para Contadores P\u00fablicos y empresarios","publisher":{"@id":"https:\/\/contadoreshoy.com\/#organization"},"potentialAction":[{"@type":"SearchAction","target":{"@type":"EntryPoint","urlTemplate":"https:\/\/contadoreshoy.com\/?s={search_term_string}"},"query-input":{"@type":"PropertyValueSpecification","valueRequired":true,"valueName":"search_term_string"}}],"inLanguage":"es"},{"@type":"Organization","@id":"https:\/\/contadoreshoy.com\/#organization","name":"Contadores P\u00fablicos de Santander","url":"https:\/\/contadoreshoy.com\/","logo":{"@type":"ImageObject","inLanguage":"es","@id":"https:\/\/contadoreshoy.com\/#\/schema\/logo\/image\/","url":"https:\/\/contadoreshoy.com\/wp-content\/uploads\/2024\/01\/cropped-cropped-Copia-de-M-1.jpg","contentUrl":"https:\/\/contadoreshoy.com\/wp-content\/uploads\/2024\/01\/cropped-cropped-Copia-de-M-1.jpg","width":499,"height":500,"caption":"Contadores P\u00fablicos de Santander"},"image":{"@id":"https:\/\/contadoreshoy.com\/#\/schema\/logo\/image\/"},"sameAs":["https:\/\/www.facebook.com\/CCCPBucaramanga\/"]},{"@type":"Person","@id":"https:\/\/contadoreshoy.com\/#\/schema\/person\/96d8979cb865537c5dc9345e40089fc5","name":"Miguel Antonio M\u00e1rquez Monta\u00f1ez","description":"Contador P\u00fablico egresado de la Universidad Aut\u00f3noma de Bucaramanga - Asesor contable tributario con m\u00e1s de 25 a\u00f1os de experiencia - Conferencista en temas contables y tributarios - T\u00e9cnico en Hardware y Dise\u00f1o Web - Creador y director Grupo de Estudio Colegio Colombiano de Contadores P\u00fablicos de Bucaramanga - Creador y Master Web p\u00e1gina www.contadoresp\u00fablicossantander.com - Expresidente Colegio Colombiano de Contadores P\u00fablicos Bucaramanga","url":"https:\/\/contadoreshoy.com\/?author=1"}]}},"_links":{"self":[{"href":"https:\/\/contadoreshoy.com\/index.php?rest_route=\/wp\/v2\/posts\/6387","targetHints":{"allow":["GET"]}}],"collection":[{"href":"https:\/\/contadoreshoy.com\/index.php?rest_route=\/wp\/v2\/posts"}],"about":[{"href":"https:\/\/contadoreshoy.com\/index.php?rest_route=\/wp\/v2\/types\/post"}],"author":[{"embeddable":true,"href":"https:\/\/contadoreshoy.com\/index.php?rest_route=\/wp\/v2\/users\/1"}],"replies":[{"embeddable":true,"href":"https:\/\/contadoreshoy.com\/index.php?rest_route=%2Fwp%2Fv2%2Fcomments&post=6387"}],"version-history":[{"count":1,"href":"https:\/\/contadoreshoy.com\/index.php?rest_route=\/wp\/v2\/posts\/6387\/revisions"}],"predecessor-version":[{"id":7981,"href":"https:\/\/contadoreshoy.com\/index.php?rest_route=\/wp\/v2\/posts\/6387\/revisions\/7981"}],"wp:featuredmedia":[{"embeddable":true,"href":"https:\/\/contadoreshoy.com\/index.php?rest_route=\/wp\/v2\/media\/5931"}],"wp:attachment":[{"href":"https:\/\/contadoreshoy.com\/index.php?rest_route=%2Fwp%2Fv2%2Fmedia&parent=6387"}],"wp:term":[{"taxonomy":"category","embeddable":true,"href":"https:\/\/contadoreshoy.com\/index.php?rest_route=%2Fwp%2Fv2%2Fcategories&post=6387"},{"taxonomy":"post_tag","embeddable":true,"href":"https:\/\/contadoreshoy.com\/index.php?rest_route=%2Fwp%2Fv2%2Ftags&post=6387"}],"curies":[{"name":"wp","href":"https:\/\/api.w.org\/{rel}","templated":true}]}}