{"id":6404,"date":"2015-11-23T20:57:14","date_gmt":"2015-11-24T01:57:14","guid":{"rendered":"http:\/\/colegiocolombianodecontadores.com\/?p=6404"},"modified":"2017-02-04T21:59:56","modified_gmt":"2017-02-05T02:59:56","slug":"registros-fiscales-obligatorios-y-libro-tributario","status":"publish","type":"post","link":"https:\/\/contadoreshoy.com\/?p=6404","title":{"rendered":"Registros fiscales obligatorios y Libro Tributario"},"content":{"rendered":"<p style=\"text-align: center;\">REGISTROS FISCALES OBLIGATORIOS Y LIBRO TRIBUTARIO<\/p>\n<p>&nbsp;<\/p>\n<p>El <a href=\"http:\/\/www.andi.com.co\/RelNor\/Documents\/Decreto%202548%20de%202014%20-%20%20Convergencia%20NIIF.pdf\" target=\"_blank\">decreto 2548 de diciembre 12 de 2014<\/a> reglamenta el art\u00edculo 165 de la<a href=\"http:\/\/www.alcaldiabogota.gov.co\/sisjur\/normas\/Norma1.jsp?i=51040\" target=\"_blank\"> ley 1607 de 2012<\/a>, para brindar seguridad jur\u00eddica a los contribuyentes obligados a llevar contabilidad, en la preparaci\u00f3n de sus declaraciones tributarias y dotar a la UAE- Direcci\u00f3n de Impuestos y Aduanas Nacionales &#8211; DIAN con las herramientas necesarias, para que pueda adelantar la medici\u00f3n del impacto tributario de la implementaci\u00f3n de las NIIF en Colombia, lo cual comprende, adicionalmente, la ejecuci\u00f3n de planes piloto y la recolecci\u00f3n de informaci\u00f3n comparativa entre los est\u00e1ndares locales y los nuevos marcos t\u00e9cnicos normativos.<\/p>\n<p><span style=\"text-decoration: underline;\"><span style=\"color: #0000ff; text-decoration: underline;\"><strong>Las remisiones contenidas en las normas tributarias a las normas contables, continuar\u00e1n vigentes durante cuatro (4) a\u00f1os as\u00ed<\/strong>:<\/span><\/span><\/p>\n<ol>\n<li>Para los grupos 1 y 3, el per\u00edodo de 4 a\u00f1os inicia el 1 de enero de 2015 y culmina el 31 de diciembre de 2018;<\/li>\n<li>Para el grupo 2, el per\u00edodo de 4 a\u00f1os inicia el 1 de enero de 2016 y culmina el 31 de diciembre de 2019.<\/li>\n<\/ol>\n<p>Las bases fiscales son aquellas determinadas con base en las disposiciones fiscales y todas las remisiones a las normas contables. <span style=\"color: #0000ff;\"><strong>Durante los plazos se\u00f1alados anteriormente, todas las remisiones contenidas en las normas tributarias a las normas contables, se entender\u00e1n hechas para efectos tributarios a los <a href=\"http:\/\/www.alcaldiabogota.gov.co\/sisjur\/normas\/Norma1.jsp?i=9863\" target=\"_blank\">decretos 2649 de 1993<\/a> y <a href=\"http:\/\/incp.org.co\/Site\/2012\/legislativa\/2650.pdf\" target=\"_blank\">2650 de 1993<\/a><\/strong><\/span>, los planes de cuentas seg\u00fan corresponda a cada Superintendencia o a la Contadur\u00eda General de la Naci\u00f3n,<strong><span style=\"color: #0000ff;\"> las normas t\u00e9cnicas establecidas por las superintendencias vigentes y aplicables a 31 de diciembre de 2014<\/span><\/strong> o aquellas normas t\u00e9cnicas expedidas por la contadur\u00eda general de la Naci\u00f3n vigentes y aplicables a 31 de diciembre de 2014, seg\u00fan sea el caso, de tal manera que durante dichos per\u00edodos,\u00a0 las normas expedidas con ocasi\u00f3n de la <a href=\"http:\/\/www.alcaldiabogota.gov.co\/sisjur\/normas\/Norma1.jsp?i=36833\" target=\"_blank\">ley 1314 de 2009<\/a> no tendran efectos tributario.<\/p>\n<p><strong><span style=\"text-decoration: underline; color: #0000ff;\">Registros obligatorios<\/span><\/strong><\/p>\n<p>Los contribuyentes obligados a llevar contabilidad deber\u00e1n llevar adicionalmente un sistema de registro de todas las diferencias que surjan entre los nuevos marcos t\u00e9cnicos normativos y las bases fiscales (art\u00edculo 2<a href=\"http:\/\/En su contabilidad y en sus estados financieros, los entes econ\u00f3micos har\u00e1n los reconocimientos, las revelaciones y conciliaciones previstas en las normas de contabilidad y de informaci\u00f3n financiera\" target=\"_blank\"> decreto 2548 de 2014<\/a>).<\/p>\n<p>Los contribuyentes obligados a llevar contabilidad, en sus registros y estados financieros, har\u00e1n los reconocimientos, las revelaciones y conciliaciones previstas en las normas de contabilidad y de informaci\u00f3n financiera.<\/p>\n<p><span style=\"font-family: Arial;\"><span style=\"text-decoration: underline;\"><strong><span style=\"color: #0000ff; text-decoration: underline;\">Libro Tributario<\/span><\/strong><\/span><br \/>\n<\/span><\/p>\n<p>Los contribuyentes obligados a llevar contabilidad, podr\u00e1n llevar el libro tributario teniendo en cuenta las bases fiscales (art\u00edculo 2 <a href=\"http:\/\/En su contabilidad y en sus estados financieros, los entes econ\u00f3micos har\u00e1n los reconocimientos, las revelaciones y conciliaciones previstas en las normas de contabilidad y de informaci\u00f3n financiera\" target=\"_blank\">decreto 2548 de 2014<\/a>). Todos los hechos econ\u00f3micos deber\u00e1n ser registrados en este libro.<\/p>\n<p>Los contribuyentes que opten por llevar el libro tributario no estar\u00e1n obligados a llevar el sistema de registro de todas las diferencias que surjan entre los nuevos marcos t\u00e9cnicos normativos y las bases fiscales.<\/p>\n<p><span style=\"text-decoration: underline;\"><strong><span style=\"color: #0000ff; text-decoration: underline;\">Soportes de las declaraciones Tributarias<\/span><\/strong><\/span><\/p>\n<p>Las declaraciones tributarias de los contribuyentes obligados a llevar contabilidad deber\u00e1n estar soportadas, seg\u00fan sea el caso, por el sistema de registro de diferencias, o por el libro tributario; as\u00ed como todos los documentos, externos e internos, y comprobantes que evidencien la realidad de las operaciones desarrolladas por el contribuyente.<\/p>\n<p>&nbsp;<\/p>\n<p><strong><a href=\"http:\/\/www.dian.gov.co\/descargas\/normatividad\/2015\/Conceptos\/Concepto_016442_Normas_Internacionales_de_Informacion_Financiera_NIIF.pdf\" target=\"_blank\">CONCEPTO 016442 JUNIO 05 DE 2015 DIAN<\/a><\/strong><\/p>\n<p>&nbsp;<\/p>\n<p style=\"text-align: center;\"><strong><span style=\"color: #0000ff;\">DECRETO 2548 DE DICIEMBRE 12 DE 2014<\/span><\/strong><\/p>\n<p style=\"text-align: center;\">Por el cual se reglamentan los art\u00edculos de la ley 1314 de 2009, 165 de la ley 1607 de 2012, 773 y 774 del Estatuto Tributario<\/p>\n<p style=\"text-align: center;\">EL PRESIDENTE DE LA REP\u00daBLICA DE COLOMBIA<br \/>\nEn ejercicio de sus facultades constitucionales en especial las que le confieren los<br \/>\nnumerales 11 y 20 del art\u00edculo 189 de la Constituci\u00f3n Pol\u00edtica<\/p>\n<p style=\"text-align: center;\">CONSIDERANDO<\/p>\n<p style=\"text-align: justify;\">Que la Ley 1314 de 2009 regula los principios y normas de contabilidad e informaci\u00f3n financiera y de aseguramiento de la informaci\u00f3n.<\/p>\n<p style=\"text-align: justify;\">Que en desarrollo de lo establecido en la Ley 1314 de 2009 el Gobierno Nacional expidi\u00f3:<\/p>\n<p style=\"text-align: justify;\">&#8211; El Decreto 2784 de 2012 y sus modificaciones, por medio del cual se expide el marco t\u00e9cnico normativo para los preparadores de informaci\u00f3n financiera que conforman el Grupo 1.<br \/>\n&#8211; El Decreto 3022 de 2013 y sus modificaciones, por medio del cual se expide el marco t\u00e9cnico normativo para los preparadores de informaci\u00f3n financiera que conforman el Grupo 2.<br \/>\n&#8211; El Decreto 2706 de 2012 y sus modificaciones, por medio del cual se expide el marco t\u00e9cnico normativo de informaci\u00f3n financiera para los preparadores de informaci\u00f3n financiera que conforman el Grupo 3.<\/p>\n<p style=\"text-align: justify;\">Que el marco t\u00e9cnico normativo para los preparadores de informaci\u00f3n financiera queconforman el Grupo 1, contenido en el Anexo al Decreto 2784 de 2012, es conocidocomo las Normas Internacionales de Informaci\u00f3n Financiera -NIIF, emitidas al 1 deenero de 2012 por el Consejo de Normas Internacionales de Contabilidad (IASB porsu sigla en ingl\u00e9s).<\/p>\n<p style=\"text-align: justify;\">Que el marco t\u00e9cnico normativo para los preparadores de informaci\u00f3n financiera que conforman el Grupo 2, contenido en el Anexo al Decreto 3022 de 2013, es conocido como las Normas Internacionales de Informaci\u00f3n Financiera para Peque\u00f1as y Medianas Empresas -NIIF para PYMES, en su versi\u00f3n a\u00f1o 2009, autorizada por el IASB en espa\u00f1ol.<\/p>\n<p style=\"text-align: justify;\">Que de conformidad con lo establecido en el numeral 7 del art\u00edculo 3 del Decreto2784 de 2012, el primer per\u00edodo de aplicaci\u00f3n de las NIIF es el per\u00edodo comprendido entre el 1 de enero de 2015 y el 31 de diciembre de 2015. Que a diferencia de lo quesucede con las empresas de los Grupos 1 y 3, el primer per\u00edodo de aplicaci\u00f3n de las NIIF para PYMES es el per\u00edodo comprendido entre el 1 de enero de 2016 y el 31 de diciembre de 2016.<\/p>\n<p style=\"text-align: justify;\">Que el periodo de aplicaci\u00f3n reci\u00e9n citado-los integrantes del Grupo 1-corresponde con el primer per\u00edodo de aplicaci\u00f3n del nuevo marco normativo para microempresasde acuerdo con el art\u00edculo 3 del Decreto 2706 de 2012.<\/p>\n<p style=\"text-align: justify;\">Que de acuerdo con lo establecido en el art\u00edculo 4 de la Ley 1314 de 2009, las normas tributarias son aut\u00f3nomas e independientes de las de contabilidad e informaci\u00f3n financiera. As\u00ed, de acuerdo con el art\u00edculo 4 citado, las normas expedidas en desarrollo de la Ley 1314 de 2009, \u00ab\u00fanicamente tendr\u00e1n efecto impositivo cuando las leyes tributarias remitan expresamente a el\/as o cuando estas no regulen la materia.\u00bb<\/p>\n<p style=\"text-align: justify;\">Que de conformidad con lo establecido en el art\u00edculo 165 de la Ley 1607 de 2012, durante los cuatro (4) a\u00f1os siguientes a la entrada en vigencia de las NIIF, esto es, a partir de la fecha en la cual los estados financieros se preparan con base en el nuevo marco t\u00e9cnico normativo, las bases fiscales de las partidas que se incluyan en las declaraciones tributarias continuar\u00e1n inalteradas con el fin de permitirle a la UAE Direcci\u00f3n de Impuestos y Aduanas Nacionales -DIAN medir los impactos tributarios de la implementaci\u00f3n de las NIIF y proponer la adopci\u00f3n de medidas legislativas que correspondan.<\/p>\n<p style=\"text-align: justify;\">Que en consecuencia, se hace necesario reglamentar el art\u00edculo 165 de la Ley 1607 de 2012 para brindar seguridad jur\u00eddica a los contribuyentes obligados a llevar contabilidad en la preparaci\u00f3n de sus declaraciones tributarias y dotar a la UAE Direcci\u00f3n de Impuestos y Aduanas Nacionales -DIAN con las herramientas necesarias para que pueda adelantar la medici\u00f3n del impacto tributario de la implementaci\u00f3n de las NIIF en Colombia, lo cual comprende, adicionalmente, la ejecuci\u00f3n de planes piloto y la recolecci\u00f3n de informaci\u00f3n comparativa entre los est\u00e1ndares locales y los nuevos marcos t\u00e9cnicos normativos.<\/p>\n<p style=\"text-align: justify;\">Que de conformidad con el art\u00edculo 773 del Estatuto Tributario, para efectos fiscales el Gobierno Nacional puede exigir requisitos relacionados con la contabilidad de tal forma que \u00e9ste pueda ejercer un control efectivo sobre las empresas.<\/p>\n<p style=\"text-align: justify;\">Que son los contribuyentes obligados a llevar contabilidad quienes determinar\u00e1n la mejor forma en la que administrar\u00e1n las diferencias que surjan entre el reconocimiento de los hechos econ\u00f3micos bajo los nuevos marcos t\u00e9cnicos normativos y las bases fiscales; bien sea a trav\u00e9s del sistema de registros obligatorios u optativamente mediante la adopci\u00f3n del libro tributario.<\/p>\n<p style=\"text-align: justify;\">Que el presente reglamento se limita a asuntos tributarios por lo que no se requiere observar los procedimientos descritos en los art\u00edculos 7 y 8 de la Ley 1314 de 2009, ya que dichas disposiciones s\u00f3lo son aplicables a las normas de contabilidad y de informaci\u00f3n financiera y de aseguramiento de la informaci\u00f3n que expidan los Ministerios de Hacienda y Cr\u00e9dito P\u00fablico y de Comercio, Industria y Turismo.<\/p>\n<p style=\"text-align: justify;\">Que se encuentra cumplido el requisito de que trata el numeral 8 del art\u00edculo 8 de la Ley 1437 de 2011 en relaci\u00f3n con el texto del presente Decreto.<\/p>\n<p style=\"text-align: center;\">DECRETA<\/p>\n<p style=\"text-align: justify;\">Art\u00edculo 1. Implementaci\u00f3n. Para efectos de lo dispuesto en el art\u00edculo 165 de la Ley 1607 de 2012, las remisiones contenidas en las normas tributarias a las normas contables continuar\u00e1n vigentes durante los cuatro (4) a\u00f1os siguientes as\u00ed:<\/p>\n<p style=\"text-align: justify;\">1. Para los preparadores de informaci\u00f3n pertenecientes al Grupo 1 en los t\u00e9rminos del art\u00edculo 1 del Decreto 2784 de 2012 y las normas que lo modifiquen, el per\u00edodo de cuatro (4) a\u00f1os inicia 1 de enero 2015 y culmina el 31 diciembre 2018.<\/p>\n<p style=\"text-align: justify;\">2. Para los preparadores de informaci\u00f3n pertenecientes al Grupo 2 en los t\u00e9rminos del art\u00edculo 1 del Decreto 3022 2013 Y las normas que lo modifiquen, per\u00edodo cuatro (4) a\u00f1os inicia el 1 de enero de 2016 y culmina el 31 de diciembre 2019.<\/p>\n<p style=\"text-align: justify;\">3. Para los preparadores informaci\u00f3n pertenecientes al Grupo 3 en los t\u00e9rminos del art\u00edculo 1 del Decreto 2706 2012 Y las normas que lo modifiquen, el per\u00edodo de cuatro (4) a\u00f1os inicia 1 enero de 2015 y culmina el 31 de diciembre de 2018.<\/p>\n<p style=\"text-align: justify;\">Par\u00e1grafo. Durante el per\u00edodo aqu\u00ed mencionado UAE Direcci\u00f3n Impuestos y Aduanas Nacionales, en conjunto con Consejo T\u00e9cnico la Contadur\u00eda P\u00fablica y Ministerios de Hacienda y Cr\u00e9dito P\u00fablico y de Comercia, Industria y Turismo, dar\u00e1n aplicaci\u00f3n al cronograma contenido en el Anexo 1 que hace parte integral del presente Decreto para medir los impactos tributarios del proceso de convergencia a los nuevos marcos t\u00e9cnicos normativos y proponer medidas legislativas correspondan.<\/p>\n<p style=\"text-align: justify;\">Art\u00edculo Bases fiscales. Las bases fiscales son aquellas determinadas con base en las disposiciones fiscales y todas las remisiones a las normas contables. As\u00ed, para efectos de lo dispuesto en el art\u00edculo 165 de la Ley 1607 de 2012 y durante los plazos se\u00f1alados en el art\u00edculo anterior, todas las remisiones contenidas en las normas tributarias a las normas contables, se entender\u00e1n hechas efectos para tributarios a los Decretos 2649 de 1993 Y 2650 de 1993, los planes \u00fanicos de cuentas seg\u00fan corresponda a cada Superintendencia o a la Contadur\u00eda General de la Naci\u00f3n, las normas t\u00e9cnicas establecidas por las superintendencias vigentes y aplicables a 31 de diciembre de 2014 o aquellas normas t\u00e9cnicas expedidas por la Contadur\u00eda General de la Naci\u00f3n vigentes y aplicables a 31 de diciembre de 2014, seg\u00fan sea el caso.<\/p>\n<p style=\"text-align: justify;\">Par\u00e1grafo 1. En desarrollo de los art\u00edculos 4 de la Ley 1314 de 2009 y 165 de la Ley 1607 de 2012, las normas expedidas con ocasi\u00f3n de la Ley 1314 de 2009 no tendr\u00e1n efectos tributarios, durante los plazos de que trata el art\u00edculo 1 del presente Decreto.<\/p>\n<p style=\"text-align: justify;\">Par\u00e1grafo 2. Los cambios en los valores patrimoniales que surjan con ocasi\u00f3n del\u00a0 proceso de convergencia al nuevo marco t\u00e9cnico de\u00a0 las normas de informaci\u00f3n financiera expedidas en Colombia, no tendr\u00e1n efectos tributarios durante los plazos se\u00f1alados en el art\u00edculo 1 del presente Decreto.<\/p>\n<p style=\"text-align: justify;\">Par\u00e1grafo 3. Para efectos tributarios y de lo dispuesto en este Decreto, las disposiciones fiscales priman sobre aquellas contenidas en las normas de que trata este art\u00edculo. En consecuencia, en caso de incompatibilidad entre unas y otras se preferir\u00e1n las primeras.<\/p>\n<p style=\"text-align: justify;\">Art\u00edculo 3. Registros obligatorios. Los contribuyentes obligados a llevar contabilidad deber\u00e1n llevar adicionalmente un sistema de registro de todas las diferencias que surjan entre los nuevos marcos t\u00e9cnicos normativos y la informaci\u00f3n preparada con base en lo previsto en el art\u00edculo 2 del presente Decreto; es decir las bases fiscales.<\/p>\n<p style=\"text-align: justify;\">Par\u00e1grafo 1. El sistema de registro deber\u00e1 garantizar la autenticidad. la veracidad y la integridad de la informaci\u00f3n que all\u00ed se consigne.<\/p>\n<p style=\"text-align: justify;\">Par\u00e1grafo 2. Las diferencias de que trata el presente articulo son aquellas originadas, entre otras, por diferencias entre el reconocimiento, la medici\u00f3n, la din\u00e1mica contable y la valuaci\u00f3n de activos, pasivos, patrimonio, ingresos, costos y gastos de acuerdo con los nuevos marcos t\u00e9cnicos normativos y lo dispuesto en el art\u00edculo 2 del presente Decreto.<\/p>\n<p style=\"text-align: justify;\">Par\u00e1grafo 3. Cuando las diferencias de que trata este art\u00edculo sean originadas por exigencias fiscales y no hubiere lugar a la aplicaci\u00f3n del sistema de partida doble, el registro se har\u00e1 sin atender a este sistema.<\/p>\n<p style=\"text-align: justify;\">Par\u00e1grafo 4. Los contribuyentes obligados a llevar contabilidad deber\u00e1n dar cumplimiento a lo dispuesto en el inciso 4 del art\u00edculo 4 de la Ley 1314 de 2009.<\/p>\n<p style=\"text-align: justify;\">Art\u00edculo 4. Libro Tributario. Los contribuyentes obligados a llevar contabilidad, podr\u00e1n llevar el Libro Tributario con base en las disposiciones del art\u00edculo 2 del presente Decreto. As\u00ed, todos los hechos econ\u00f3micos deber\u00e1n ser registrados en este libro.<\/p>\n<p style=\"text-align: justify;\">Par\u00e1grafo 1. Para efectos de este art\u00edculo, el Libro Tributario es aquel libro auxiliar en el cual se registran los hechos econ\u00f3micos de acuerdo con el art\u00edculo 2 del presente Decreto, los cuales deber\u00e1n estar debidamente soportados por documentos, comprobantes internos y\/o externos. El Libro Tributario y la informaci\u00f3n all\u00ed registrada, debe permitir la identificaci\u00f3n del tercero con el cual se realiza la transacci\u00f3n, el conocimiento completo, claro y fidedigno de la operaci\u00f3n y la determinaci\u00f3n de los tributos.<\/p>\n<p style=\"text-align: justify;\">Par\u00e1grafo 2. Los contribuyentes que opten por llevar el Libro Tributario no estar\u00e1n obligados a llevar el sistema de registro de que trata el art\u00edculo 3 del presente Decreto.<\/p>\n<p style=\"text-align: justify;\">Par\u00e1grafo 3. Los contribuyentes obligados a llevar contabilidad deber\u00e1n dar cumplimiento a lo dispuesto en el inciso 4 del art\u00edculo 4 de la Ley 1314 de 2009.<\/p>\n<p style=\"text-align: justify;\">Art\u00edculo 5. Soportes de las declaraciones tributarias. Las declaraciones tributarias de los contribuyentes obligados a llevar contabilidad deber\u00e1n estar soportadas, seg\u00fan sea el caso, por el sistema de registro de diferencias de que trata el art\u00edculo 3 de este Decreto y la contabilidad, o por el Libro Tributario previsto en el art\u00edculo 4 de este Decreto y la contabilidad; as\u00ed como todos los documentos, externos e internos, y comprobantes que evidencien la realidad de las operaciones desarrolladas por el contribuyente.<\/p>\n<p style=\"text-align: justify;\">Art\u00edculo 6. Otros requisitos. El cumplimiento de lo previsto en el presente Decreto no exime a los contribuyentes obligados a llevar contabilidad del cumplimiento de las obligaciones previstas en el Estatuto Tributario y otras normas sobre la materia; en particular, aquellas relacionadas con el suministro de informaci\u00f3n a la UAE Direcci\u00f3n de Impuestos y Aduanas Nacionales -DIAN. De igual manera, el cumplimiento de lo previsto en este Decreto no implica llevar doble contabilidad para efectos sancionatorios.<\/p>\n<p style=\"text-align: justify;\">Art\u00edculo 7. Pruebas. El sistema de registro de las diferencias de que trata el art\u00edculo 3 de este Decreto y el Libro Tributario previsto en el art\u00edculo 4 del presente Decreto, los documentos y dem\u00e1s soportes con incidencia tributaria, tendr\u00e1n pleno valor probatorio en los t\u00e9rminos de los art\u00edculos 772 a 775 del Estatuto Tributario y dem\u00e1s normas concordantes, en el marco del proceso de determinaci\u00f3n del tributo y los asuntos contenciosos que del mismo puedan derivarse, durante los t\u00e9rminos de implementaci\u00f3n de que tratan los art\u00edculos 1 del presente Decreto y 165 de la Ley 1607 de 2012.<\/p>\n<p style=\"text-align: justify;\">Art\u00edculo 8. Nuevos obligados a llevar contabilidad y quienes lleven contabilidad voluntariamente. Las personas jur\u00eddicas y dem\u00e1s obligados a llevar contabilidad que se constituyan o adquieran la obligaci\u00f3n de llevar contabilidad con posterioridad a la fecha de entrada en vigencia de la Ley 1607 de 2012 deber\u00e1n aplicar lo dispuesto en este Decreto para todos los efectos tributarios.<\/p>\n<p style=\"text-align: justify;\">Par\u00e1grafo. Las personas que opten por llevar contabilidad deber\u00e1n dar cumplimiento a lo dispuesto en este Decreto para todos los efectos tributarios.<\/p>\n<p style=\"text-align: justify;\">Art\u00edculo 9. Planes Piloto. La UAE Direcci\u00f3n de Impuestos y Aduanas Nacionales DIAN en desarrollo del art\u00edculo 631-3 del Estatuto Tributario, dispondr\u00e1, mediante resoluci\u00f3n, aquellos contribuyentes que deber\u00e1n suministrar informaci\u00f3n preparada con base en\u00b7 los nuevos marcos t\u00e9cnicos normativos, para que la primera pueda adelantar la medici\u00f3n de impacto y proponer las medidas legislativas a que haya lugar.<\/p>\n<p style=\"text-align: justify;\">Par\u00e1grafo 1. La UAE Direcci\u00f3n de Impuestos y Aduanas Nacionales -DIAN deber\u00e1 implementar los formatos correspondientes para el suministro de la informaci\u00f3n de que trata este art\u00edculo.<br \/>\nArt\u00edculo 10. Vigencia y derogatorias. El presente Decreto rige a partir de la fecha de su publicaci\u00f3n.<\/p>\n<p style=\"text-align: justify;\">PUBL\u00edQUESE y C\u00daMPLASE.<br \/>\n12 Die 2014<\/p>\n<p style=\"text-align: justify;\">Dado en Bogot\u00e1 D. C.,<\/p>\n<p style=\"text-align: justify;\">EL MINISTRO DE HACIENDA Y CREDITO P\u00daBLICO<br \/>\nMAURICIO C\u00c1RDENAS SANTAMAR\u00cdA<\/p>\n<p style=\"text-align: justify;\"><strong><span style=\"color: #0000ff;\"><a href=\"http:\/\/www.dian.gov.co\/descargas\/normatividad\/2015\/Conceptos\/Concepto_016442_Normas_Internacionales_de_Informacion_Financiera_NIIF.pdf\" target=\"_blank\">CONCEPTO 016442 JUNIO 05 DE 2015 DIAN<\/a><\/span><\/strong><\/p>\n","protected":false},"excerpt":{"rendered":"<p>Seg\u00fan  el decreto 2548 de 2014,  las remisiones contenidas en las normas tributarias a las normas contables continuar\u00e1n vigentes durante los cuatro (4) a\u00f1os siguientes as\u00ed: para los clasificados en los grupos 1 y 3: de enero 01 de 2015 hasta diciembre 31 de 2018 y; para los clasificados en el grupo 2: de enero 01 de 2016 a diciembre 31 de 2019.<\/p>\n","protected":false},"author":1,"featured_media":6405,"comment_status":"open","ping_status":"open","sticky":false,"template":"","format":"standard","meta":{"_monsterinsights_skip_tracking":false,"ngg_post_thumbnail":0,"footnotes":"","_links_to":"","_links_to_target":""},"categories":[459,454],"tags":[],"class_list":["post-6404","post","type-post","status-publish","format-standard","has-post-thumbnail","hentry","category-obligaciones","category-sin-categoria"],"aioseo_notices":[],"aioseo_head":"\n\t\t<!-- All in One SEO 5.0.1.1 - aioseo.com -->\n\t<meta name=\"description\" content=\"Seg\u00fan el decreto 2548 de 2014, las remisiones contenidas en las normas tributarias a las normas contables continuar\u00e1n vigentes durante los cuatro (4) a\u00f1os siguientes as\u00ed: para los clasificados en los grupos 1 y 3: de enero 01 de 2015 hasta diciembre 31 de 2018 y; para los clasificados en el grupo 2: de enero 01 de 2016 a diciembre 31 de 2019.\" \/>\n\t<meta name=\"robots\" content=\"max-image-preview:large\" \/>\n\t<meta name=\"author\" content=\"Miguel Antonio M\u00e1rquez Monta\u00f1ez\"\/>\n\t<link rel=\"canonical\" href=\"https:\/\/contadoreshoy.com\/?p=6404\" \/>\n\t<meta name=\"generator\" content=\"All in One SEO (AIOSEO) 5.0.1.1\" \/>\n\t\t<meta property=\"og:locale\" content=\"es_ES\" \/>\n\t\t<meta property=\"og:site_name\" content=\"Contadores P\u00fablicos - Portal para Contadores P\u00fablicos y empresarios\" \/>\n\t\t<meta property=\"og:type\" content=\"article\" \/>\n\t\t<meta property=\"og:title\" content=\"Registros fiscales obligatorios y Libro Tributario - Contadores P\u00fablicos\" \/>\n\t\t<meta property=\"og:description\" content=\"Seg\u00fan el decreto 2548 de 2014, las remisiones contenidas en las normas tributarias a las normas contables continuar\u00e1n vigentes durante los cuatro (4) a\u00f1os siguientes as\u00ed: para los clasificados en los grupos 1 y 3: de enero 01 de 2015 hasta diciembre 31 de 2018 y; para los clasificados en el grupo 2: de enero 01 de 2016 a diciembre 31 de 2019.\" \/>\n\t\t<meta property=\"og:url\" content=\"https:\/\/contadoreshoy.com\/?p=6404\" \/>\n\t\t<meta property=\"og:image\" content=\"https:\/\/contadoreshoy.com\/wp-content\/uploads\/2024\/01\/cropped-cropped-cropped-Copia-de-M.jpg\" \/>\n\t\t<meta property=\"og:image:secure_url\" content=\"https:\/\/contadoreshoy.com\/wp-content\/uploads\/2024\/01\/cropped-cropped-cropped-Copia-de-M.jpg\" \/>\n\t\t<meta property=\"og:image:width\" content=\"512\" \/>\n\t\t<meta property=\"og:image:height\" content=\"371\" \/>\n\t\t<meta property=\"article:published_time\" content=\"2015-11-24T01:57:14+00:00\" \/>\n\t\t<meta property=\"article:modified_time\" content=\"2017-02-05T02:59:56+00:00\" \/>\n\t\t<meta name=\"twitter:card\" content=\"summary_large_image\" \/>\n\t\t<meta name=\"twitter:title\" content=\"Registros fiscales obligatorios y Libro Tributario - Contadores P\u00fablicos\" \/>\n\t\t<meta name=\"twitter:description\" content=\"Seg\u00fan el decreto 2548 de 2014, las remisiones contenidas en las normas tributarias a las normas contables continuar\u00e1n vigentes durante los cuatro (4) a\u00f1os siguientes as\u00ed: para los clasificados en los grupos 1 y 3: de enero 01 de 2015 hasta diciembre 31 de 2018 y; para los clasificados en el grupo 2: de enero 01 de 2016 a diciembre 31 de 2019.\" \/>\n\t\t<meta name=\"twitter:image\" content=\"https:\/\/contadoreshoy.com\/wp-content\/uploads\/2024\/01\/cropped-cropped-cropped-Copia-de-M.jpg\" \/>\n\t\t<script type=\"application\/ld+json\" class=\"aioseo-schema\">\n\t\t\t{\"@context\":\"https:\\\/\\\/schema.org\",\"@graph\":[{\"@type\":\"BlogPosting\",\"@id\":\"https:\\\/\\\/contadoreshoy.com\\\/?p=6404#blogposting\",\"name\":\"Registros fiscales obligatorios y Libro Tributario - Contadores P\\u00fablicos\",\"headline\":\"Registros fiscales obligatorios y Libro Tributario\",\"author\":{\"@id\":\"https:\\\/\\\/contadoreshoy.com\\\/?author=1#author\"},\"publisher\":{\"@id\":\"https:\\\/\\\/contadoreshoy.com\\\/#organization\"},\"image\":{\"@type\":\"ImageObject\",\"url\":\"https:\\\/\\\/contadoreshoy.com\\\/wp-content\\\/uploads\\\/2015\\\/11\\\/LIBRO-TRIBUTARIO.png\",\"width\":600,\"height\":400},\"datePublished\":\"2015-11-23T20:57:14-05:00\",\"dateModified\":\"2017-02-04T21:59:56-05:00\",\"inLanguage\":\"es-ES\",\"mainEntityOfPage\":{\"@id\":\"https:\\\/\\\/contadoreshoy.com\\\/?p=6404#webpage\"},\"isPartOf\":{\"@id\":\"https:\\\/\\\/contadoreshoy.com\\\/?p=6404#webpage\"},\"articleSection\":\"Obligaciones, Sin categor\\u00eda\"},{\"@type\":\"BreadcrumbList\",\"@id\":\"https:\\\/\\\/contadoreshoy.com\\\/?p=6404#breadcrumblist\",\"itemListElement\":[{\"@type\":\"ListItem\",\"@id\":\"https:\\\/\\\/contadoreshoy.com#listItem\",\"position\":1,\"name\":\"Home\",\"item\":\"https:\\\/\\\/contadoreshoy.com\",\"nextItem\":{\"@type\":\"ListItem\",\"@id\":\"https:\\\/\\\/contadoreshoy.com\\\/?cat=454#listItem\",\"name\":\"Sin categor\\u00eda\"}},{\"@type\":\"ListItem\",\"@id\":\"https:\\\/\\\/contadoreshoy.com\\\/?cat=454#listItem\",\"position\":2,\"name\":\"Sin categor\\u00eda\",\"item\":\"https:\\\/\\\/contadoreshoy.com\\\/?cat=454\",\"nextItem\":{\"@type\":\"ListItem\",\"@id\":\"https:\\\/\\\/contadoreshoy.com\\\/?p=6404#listItem\",\"name\":\"Registros fiscales obligatorios y Libro Tributario\"},\"previousItem\":{\"@type\":\"ListItem\",\"@id\":\"https:\\\/\\\/contadoreshoy.com#listItem\",\"name\":\"Home\"}},{\"@type\":\"ListItem\",\"@id\":\"https:\\\/\\\/contadoreshoy.com\\\/?p=6404#listItem\",\"position\":3,\"name\":\"Registros fiscales obligatorios y Libro Tributario\",\"previousItem\":{\"@type\":\"ListItem\",\"@id\":\"https:\\\/\\\/contadoreshoy.com\\\/?cat=454#listItem\",\"name\":\"Sin categor\\u00eda\"}}]},{\"@type\":\"Organization\",\"@id\":\"https:\\\/\\\/contadoreshoy.com\\\/#organization\",\"name\":\"Contadores P\\u00fablicos\",\"description\":\"Portal para Contadores P\\u00fablicos y empresarios\",\"url\":\"https:\\\/\\\/contadoreshoy.com\\\/\",\"logo\":{\"@type\":\"ImageObject\",\"url\":\"https:\\\/\\\/contadoreshoy.com\\\/wp-content\\\/uploads\\\/2024\\\/01\\\/cropped-cropped-Copia-de-M-1.jpg\",\"@id\":\"https:\\\/\\\/contadoreshoy.com\\\/?p=6404\\\/#organizationLogo\",\"width\":499,\"height\":500},\"image\":{\"@id\":\"https:\\\/\\\/contadoreshoy.com\\\/?p=6404\\\/#organizationLogo\"}},{\"@type\":\"Person\",\"@id\":\"https:\\\/\\\/contadoreshoy.com\\\/?author=1#author\",\"url\":\"https:\\\/\\\/contadoreshoy.com\\\/?author=1\",\"name\":\"Miguel Antonio M\\u00e1rquez Monta\\u00f1ez\"},{\"@type\":\"WebPage\",\"@id\":\"https:\\\/\\\/contadoreshoy.com\\\/?p=6404#webpage\",\"url\":\"https:\\\/\\\/contadoreshoy.com\\\/?p=6404\",\"name\":\"Registros fiscales obligatorios y Libro Tributario - Contadores P\\u00fablicos\",\"description\":\"Seg\\u00fan el decreto 2548 de 2014, las remisiones contenidas en las normas tributarias a las normas contables continuar\\u00e1n vigentes durante los cuatro (4) a\\u00f1os siguientes as\\u00ed: para los clasificados en los grupos 1 y 3: de enero 01 de 2015 hasta diciembre 31 de 2018 y; para los clasificados en el grupo 2: de enero 01 de 2016 a diciembre 31 de 2019.\",\"inLanguage\":\"es-ES\",\"isPartOf\":{\"@id\":\"https:\\\/\\\/contadoreshoy.com\\\/#website\"},\"breadcrumb\":{\"@id\":\"https:\\\/\\\/contadoreshoy.com\\\/?p=6404#breadcrumblist\"},\"author\":{\"@id\":\"https:\\\/\\\/contadoreshoy.com\\\/?author=1#author\"},\"creator\":{\"@id\":\"https:\\\/\\\/contadoreshoy.com\\\/?author=1#author\"},\"image\":{\"@type\":\"ImageObject\",\"url\":\"https:\\\/\\\/contadoreshoy.com\\\/wp-content\\\/uploads\\\/2015\\\/11\\\/LIBRO-TRIBUTARIO.png\",\"@id\":\"https:\\\/\\\/contadoreshoy.com\\\/?p=6404\\\/#mainImage\",\"width\":600,\"height\":400},\"primaryImageOfPage\":{\"@id\":\"https:\\\/\\\/contadoreshoy.com\\\/?p=6404#mainImage\"},\"datePublished\":\"2015-11-23T20:57:14-05:00\",\"dateModified\":\"2017-02-04T21:59:56-05:00\"},{\"@type\":\"WebSite\",\"@id\":\"https:\\\/\\\/contadoreshoy.com\\\/#website\",\"url\":\"https:\\\/\\\/contadoreshoy.com\\\/\",\"name\":\"Contadores P\\u00fablicos\",\"description\":\"Portal para Contadores P\\u00fablicos y empresarios\",\"inLanguage\":\"es-ES\",\"publisher\":{\"@id\":\"https:\\\/\\\/contadoreshoy.com\\\/#organization\"}}]}\n\t\t<\/script>\n\t\t<!-- All in One SEO -->\n\n","aioseo_head_json":{"title":"Registros fiscales obligatorios y Libro Tributario - Contadores P\u00fablicos","description":"Seg\u00fan el decreto 2548 de 2014, las remisiones contenidas en las normas tributarias a las normas contables continuar\u00e1n vigentes durante los cuatro (4) a\u00f1os siguientes as\u00ed: para los clasificados en los grupos 1 y 3: de enero 01 de 2015 hasta diciembre 31 de 2018 y; para los clasificados en el grupo 2: de enero 01 de 2016 a diciembre 31 de 2019.","canonical_url":"https:\/\/contadoreshoy.com\/?p=6404","robots":"max-image-preview:large","keywords":"","webmasterTools":{"miscellaneous":""},"schema":{"@context":"https:\/\/schema.org","@graph":[{"@type":"BlogPosting","@id":"https:\/\/contadoreshoy.com\/?p=6404#blogposting","name":"Registros fiscales obligatorios y Libro Tributario - Contadores P\u00fablicos","headline":"Registros fiscales obligatorios y Libro Tributario","author":{"@id":"https:\/\/contadoreshoy.com\/?author=1#author"},"publisher":{"@id":"https:\/\/contadoreshoy.com\/#organization"},"image":{"@type":"ImageObject","url":"https:\/\/contadoreshoy.com\/wp-content\/uploads\/2015\/11\/LIBRO-TRIBUTARIO.png","width":600,"height":400},"datePublished":"2015-11-23T20:57:14-05:00","dateModified":"2017-02-04T21:59:56-05:00","inLanguage":"es-ES","mainEntityOfPage":{"@id":"https:\/\/contadoreshoy.com\/?p=6404#webpage"},"isPartOf":{"@id":"https:\/\/contadoreshoy.com\/?p=6404#webpage"},"articleSection":"Obligaciones, Sin categor\u00eda"},{"@type":"BreadcrumbList","@id":"https:\/\/contadoreshoy.com\/?p=6404#breadcrumblist","itemListElement":[{"@type":"ListItem","@id":"https:\/\/contadoreshoy.com#listItem","position":1,"name":"Home","item":"https:\/\/contadoreshoy.com","nextItem":{"@type":"ListItem","@id":"https:\/\/contadoreshoy.com\/?cat=454#listItem","name":"Sin categor\u00eda"}},{"@type":"ListItem","@id":"https:\/\/contadoreshoy.com\/?cat=454#listItem","position":2,"name":"Sin categor\u00eda","item":"https:\/\/contadoreshoy.com\/?cat=454","nextItem":{"@type":"ListItem","@id":"https:\/\/contadoreshoy.com\/?p=6404#listItem","name":"Registros fiscales obligatorios y Libro Tributario"},"previousItem":{"@type":"ListItem","@id":"https:\/\/contadoreshoy.com#listItem","name":"Home"}},{"@type":"ListItem","@id":"https:\/\/contadoreshoy.com\/?p=6404#listItem","position":3,"name":"Registros fiscales obligatorios y Libro Tributario","previousItem":{"@type":"ListItem","@id":"https:\/\/contadoreshoy.com\/?cat=454#listItem","name":"Sin categor\u00eda"}}]},{"@type":"Organization","@id":"https:\/\/contadoreshoy.com\/#organization","name":"Contadores P\u00fablicos","description":"Portal para Contadores P\u00fablicos y empresarios","url":"https:\/\/contadoreshoy.com\/","logo":{"@type":"ImageObject","url":"https:\/\/contadoreshoy.com\/wp-content\/uploads\/2024\/01\/cropped-cropped-Copia-de-M-1.jpg","@id":"https:\/\/contadoreshoy.com\/?p=6404\/#organizationLogo","width":499,"height":500},"image":{"@id":"https:\/\/contadoreshoy.com\/?p=6404\/#organizationLogo"}},{"@type":"Person","@id":"https:\/\/contadoreshoy.com\/?author=1#author","url":"https:\/\/contadoreshoy.com\/?author=1","name":"Miguel Antonio M\u00e1rquez Monta\u00f1ez"},{"@type":"WebPage","@id":"https:\/\/contadoreshoy.com\/?p=6404#webpage","url":"https:\/\/contadoreshoy.com\/?p=6404","name":"Registros fiscales obligatorios y Libro Tributario - Contadores P\u00fablicos","description":"Seg\u00fan el decreto 2548 de 2014, las remisiones contenidas en las normas tributarias a las normas contables continuar\u00e1n vigentes durante los cuatro (4) a\u00f1os siguientes as\u00ed: para los clasificados en los grupos 1 y 3: de enero 01 de 2015 hasta diciembre 31 de 2018 y; para los clasificados en el grupo 2: de enero 01 de 2016 a diciembre 31 de 2019.","inLanguage":"es-ES","isPartOf":{"@id":"https:\/\/contadoreshoy.com\/#website"},"breadcrumb":{"@id":"https:\/\/contadoreshoy.com\/?p=6404#breadcrumblist"},"author":{"@id":"https:\/\/contadoreshoy.com\/?author=1#author"},"creator":{"@id":"https:\/\/contadoreshoy.com\/?author=1#author"},"image":{"@type":"ImageObject","url":"https:\/\/contadoreshoy.com\/wp-content\/uploads\/2015\/11\/LIBRO-TRIBUTARIO.png","@id":"https:\/\/contadoreshoy.com\/?p=6404\/#mainImage","width":600,"height":400},"primaryImageOfPage":{"@id":"https:\/\/contadoreshoy.com\/?p=6404#mainImage"},"datePublished":"2015-11-23T20:57:14-05:00","dateModified":"2017-02-04T21:59:56-05:00"},{"@type":"WebSite","@id":"https:\/\/contadoreshoy.com\/#website","url":"https:\/\/contadoreshoy.com\/","name":"Contadores P\u00fablicos","description":"Portal para Contadores P\u00fablicos y empresarios","inLanguage":"es-ES","publisher":{"@id":"https:\/\/contadoreshoy.com\/#organization"}}]},"og:locale":"es_ES","og:site_name":"Contadores P\u00fablicos - Portal para Contadores P\u00fablicos y empresarios","og:type":"article","og:title":"Registros fiscales obligatorios y Libro Tributario - Contadores P\u00fablicos","og:description":"Seg\u00fan el decreto 2548 de 2014, las remisiones contenidas en las normas tributarias a las normas contables continuar\u00e1n vigentes durante los cuatro (4) a\u00f1os siguientes as\u00ed: para los clasificados en los grupos 1 y 3: de enero 01 de 2015 hasta diciembre 31 de 2018 y; para los clasificados en el grupo 2: de enero 01 de 2016 a diciembre 31 de 2019.","og:url":"https:\/\/contadoreshoy.com\/?p=6404","og:image":"https:\/\/contadoreshoy.com\/wp-content\/uploads\/2024\/01\/cropped-cropped-cropped-Copia-de-M.jpg","og:image:secure_url":"https:\/\/contadoreshoy.com\/wp-content\/uploads\/2024\/01\/cropped-cropped-cropped-Copia-de-M.jpg","og:image:width":512,"og:image:height":371,"article:published_time":"2015-11-24T01:57:14+00:00","article:modified_time":"2017-02-05T02:59:56+00:00","twitter:card":"summary_large_image","twitter:title":"Registros fiscales obligatorios y Libro Tributario - Contadores P\u00fablicos","twitter:description":"Seg\u00fan el decreto 2548 de 2014, las remisiones contenidas en las normas tributarias a las normas contables continuar\u00e1n vigentes durante los cuatro (4) a\u00f1os siguientes as\u00ed: para los clasificados en los grupos 1 y 3: de enero 01 de 2015 hasta diciembre 31 de 2018 y; para los clasificados en el grupo 2: de enero 01 de 2016 a diciembre 31 de 2019.","twitter:image":"https:\/\/contadoreshoy.com\/wp-content\/uploads\/2024\/01\/cropped-cropped-cropped-Copia-de-M.jpg"},"aioseo_meta_data":{"post_id":"6404","title":null,"description":null,"keywords":null,"keyphrases":null,"primary_term":null,"canonical_url":null,"og_title":null,"og_description":null,"og_object_type":"default","og_image_type":"default","og_image_url":null,"og_image_width":null,"og_image_height":null,"og_image_custom_url":null,"og_image_custom_fields":null,"og_video":null,"og_custom_url":null,"og_article_section":null,"og_article_tags":null,"twitter_use_og":false,"twitter_card":"default","twitter_image_type":"default","twitter_image_url":null,"twitter_image_custom_url":null,"twitter_image_custom_fields":null,"twitter_title":null,"twitter_description":null,"schema":{"blockGraphs":[],"customGraphs":[],"default":{"data":{"Article":[],"Course":[],"Dataset":[],"FAQPage":[],"Movie":[],"Person":[],"Product":[],"ProductReview":[],"Car":[],"Recipe":[],"Service":[],"SoftwareApplication":[],"WebPage":[]},"graphName":"","isEnabled":true},"graphs":[]},"schema_type":"default","schema_type_options":null,"pillar_content":false,"robots_default":true,"robots_noindex":false,"robots_noarchive":false,"robots_nosnippet":false,"robots_nofollow":false,"robots_noimageindex":false,"robots_noodp":false,"robots_notranslate":false,"robots_max_snippet":null,"robots_max_videopreview":null,"robots_max_imagepreview":"large","priority":null,"frequency":null,"local_seo":null,"breadcrumb_settings":null,"limit_modified_date":false,"ai":null,"created":"2024-03-05 01:25:03","updated":"2026-03-03 04:44:23","seo_analyzer_scan_date":null,"focus_keyword":null,"additional_keywords":null,"truseo_locale":null},"aioseo_breadcrumb":"<div class=\"aioseo-breadcrumbs\"><span class=\"aioseo-breadcrumb\">\n\t\t\t<a href=\"https:\/\/contadoreshoy.com\" title=\"Home\">Home<\/a>\n\t\t<\/span><span class=\"aioseo-breadcrumb-separator\">&raquo;<\/span><span class=\"aioseo-breadcrumb\">\n\t\t\t<a href=\"https:\/\/contadoreshoy.com\/?cat=454\" title=\"Sin categor\u00eda\">Sin categor\u00eda<\/a>\n\t\t<\/span><span class=\"aioseo-breadcrumb-separator\">&raquo;<\/span><span class=\"aioseo-breadcrumb\">\n\t\t\tRegistros fiscales obligatorios y Libro Tributario\n\t\t<\/span><\/div>","aioseo_breadcrumb_json":[{"label":"Home","link":"https:\/\/contadoreshoy.com"},{"label":"Sin categor\u00eda","link":"https:\/\/contadoreshoy.com\/?cat=454"},{"label":"Registros fiscales obligatorios y Libro Tributario","link":"https:\/\/contadoreshoy.com\/?p=6404"}],"yoast_head":"<!-- This site is optimized with the Yoast SEO plugin v28.4 - https:\/\/yoast.com\/product\/yoast-seo-wordpress\/ -->\n<title>Registros fiscales obligatorios y Libro Tributario - Contadores P\u00fablicos<\/title>\n<meta name=\"robots\" content=\"index, follow, max-snippet:-1, max-image-preview:large, max-video-preview:-1\" \/>\n<link rel=\"canonical\" href=\"https:\/\/contadoreshoy.com\/?p=6404\" \/>\n<meta property=\"og:locale\" content=\"es_ES\" \/>\n<meta property=\"og:type\" content=\"article\" \/>\n<meta property=\"og:title\" content=\"Registros fiscales obligatorios y Libro Tributario - Contadores P\u00fablicos\" \/>\n<meta property=\"og:description\" content=\"Seg\u00fan el decreto 2548 de 2014, las remisiones contenidas en las normas tributarias a las normas contables continuar\u00e1n vigentes durante los cuatro (4) a\u00f1os siguientes as\u00ed: para los clasificados en los grupos 1 y 3: de enero 01 de 2015 hasta diciembre 31 de 2018 y; para los clasificados en el grupo 2: de enero 01 de 2016 a diciembre 31 de 2019.\" \/>\n<meta property=\"og:url\" content=\"https:\/\/contadoreshoy.com\/?p=6404\" \/>\n<meta property=\"og:site_name\" content=\"Contadores P\u00fablicos\" \/>\n<meta property=\"article:publisher\" content=\"https:\/\/www.facebook.com\/CCCPBucaramanga\/\" \/>\n<meta property=\"article:published_time\" content=\"2015-11-24T01:57:14+00:00\" \/>\n<meta property=\"article:modified_time\" content=\"2017-02-05T02:59:56+00:00\" \/>\n<meta property=\"og:image\" content=\"https:\/\/contadoreshoy.com\/wp-content\/uploads\/2015\/11\/LIBRO-TRIBUTARIO.png\" \/>\n\t<meta property=\"og:image:width\" content=\"600\" \/>\n\t<meta property=\"og:image:height\" content=\"400\" \/>\n\t<meta property=\"og:image:type\" content=\"image\/png\" \/>\n<meta name=\"author\" content=\"Miguel Antonio M\u00e1rquez Monta\u00f1ez\" \/>\n<meta name=\"twitter:card\" content=\"summary_large_image\" \/>\n<meta name=\"twitter:label1\" content=\"Escrito por\" \/>\n\t<meta name=\"twitter:data1\" content=\"Miguel Antonio M\u00e1rquez Monta\u00f1ez\" \/>\n\t<meta name=\"twitter:label2\" content=\"Tiempo de lectura\" \/>\n\t<meta name=\"twitter:data2\" content=\"14 minutos\" \/>\n<script type=\"application\/ld+json\" class=\"yoast-schema-graph\">{\"@context\":\"https:\\\/\\\/schema.org\",\"@graph\":[{\"@type\":\"Article\",\"@id\":\"https:\\\/\\\/contadoreshoy.com\\\/?p=6404#article\",\"isPartOf\":{\"@id\":\"https:\\\/\\\/contadoreshoy.com\\\/?p=6404\"},\"author\":{\"name\":\"Miguel Antonio M\u00e1rquez Monta\u00f1ez\",\"@id\":\"https:\\\/\\\/contadoreshoy.com\\\/#\\\/schema\\\/person\\\/96d8979cb865537c5dc9345e40089fc5\"},\"headline\":\"Registros fiscales obligatorios y Libro Tributario\",\"datePublished\":\"2015-11-24T01:57:14+00:00\",\"dateModified\":\"2017-02-05T02:59:56+00:00\",\"mainEntityOfPage\":{\"@id\":\"https:\\\/\\\/contadoreshoy.com\\\/?p=6404\"},\"wordCount\":2759,\"commentCount\":0,\"publisher\":{\"@id\":\"https:\\\/\\\/contadoreshoy.com\\\/#organization\"},\"image\":{\"@id\":\"https:\\\/\\\/contadoreshoy.com\\\/?p=6404#primaryimage\"},\"thumbnailUrl\":\"https:\\\/\\\/contadoreshoy.com\\\/wp-content\\\/uploads\\\/2015\\\/11\\\/LIBRO-TRIBUTARIO.png\",\"articleSection\":[\"Obligaciones\"],\"inLanguage\":\"es\",\"potentialAction\":[{\"@type\":\"CommentAction\",\"name\":\"Comment\",\"target\":[\"https:\\\/\\\/contadoreshoy.com\\\/?p=6404#respond\"]}]},{\"@type\":\"WebPage\",\"@id\":\"https:\\\/\\\/contadoreshoy.com\\\/?p=6404\",\"url\":\"https:\\\/\\\/contadoreshoy.com\\\/?p=6404\",\"name\":\"Registros fiscales obligatorios y Libro Tributario - Contadores P\u00fablicos\",\"isPartOf\":{\"@id\":\"https:\\\/\\\/contadoreshoy.com\\\/#website\"},\"primaryImageOfPage\":{\"@id\":\"https:\\\/\\\/contadoreshoy.com\\\/?p=6404#primaryimage\"},\"image\":{\"@id\":\"https:\\\/\\\/contadoreshoy.com\\\/?p=6404#primaryimage\"},\"thumbnailUrl\":\"https:\\\/\\\/contadoreshoy.com\\\/wp-content\\\/uploads\\\/2015\\\/11\\\/LIBRO-TRIBUTARIO.png\",\"datePublished\":\"2015-11-24T01:57:14+00:00\",\"dateModified\":\"2017-02-05T02:59:56+00:00\",\"breadcrumb\":{\"@id\":\"https:\\\/\\\/contadoreshoy.com\\\/?p=6404#breadcrumb\"},\"inLanguage\":\"es\",\"potentialAction\":[{\"@type\":\"ReadAction\",\"target\":[\"https:\\\/\\\/contadoreshoy.com\\\/?p=6404\"]}]},{\"@type\":\"ImageObject\",\"inLanguage\":\"es\",\"@id\":\"https:\\\/\\\/contadoreshoy.com\\\/?p=6404#primaryimage\",\"url\":\"https:\\\/\\\/contadoreshoy.com\\\/wp-content\\\/uploads\\\/2015\\\/11\\\/LIBRO-TRIBUTARIO.png\",\"contentUrl\":\"https:\\\/\\\/contadoreshoy.com\\\/wp-content\\\/uploads\\\/2015\\\/11\\\/LIBRO-TRIBUTARIO.png\",\"width\":600,\"height\":400},{\"@type\":\"BreadcrumbList\",\"@id\":\"https:\\\/\\\/contadoreshoy.com\\\/?p=6404#breadcrumb\",\"itemListElement\":[{\"@type\":\"ListItem\",\"position\":1,\"name\":\"Portada\",\"item\":\"https:\\\/\\\/contadoreshoy.com\\\/\"},{\"@type\":\"ListItem\",\"position\":2,\"name\":\"Registros fiscales obligatorios y Libro Tributario\"}]},{\"@type\":\"WebSite\",\"@id\":\"https:\\\/\\\/contadoreshoy.com\\\/#website\",\"url\":\"https:\\\/\\\/contadoreshoy.com\\\/\",\"name\":\"Contadorespublicossantander\",\"description\":\"Portal para Contadores P\u00fablicos y empresarios\",\"publisher\":{\"@id\":\"https:\\\/\\\/contadoreshoy.com\\\/#organization\"},\"potentialAction\":[{\"@type\":\"SearchAction\",\"target\":{\"@type\":\"EntryPoint\",\"urlTemplate\":\"https:\\\/\\\/contadoreshoy.com\\\/?s={search_term_string}\"},\"query-input\":{\"@type\":\"PropertyValueSpecification\",\"valueRequired\":true,\"valueName\":\"search_term_string\"}}],\"inLanguage\":\"es\"},{\"@type\":\"Organization\",\"@id\":\"https:\\\/\\\/contadoreshoy.com\\\/#organization\",\"name\":\"Contadores P\u00fablicos de Santander\",\"url\":\"https:\\\/\\\/contadoreshoy.com\\\/\",\"logo\":{\"@type\":\"ImageObject\",\"inLanguage\":\"es\",\"@id\":\"https:\\\/\\\/contadoreshoy.com\\\/#\\\/schema\\\/logo\\\/image\\\/\",\"url\":\"https:\\\/\\\/contadoreshoy.com\\\/wp-content\\\/uploads\\\/2024\\\/01\\\/cropped-cropped-Copia-de-M-1.jpg\",\"contentUrl\":\"https:\\\/\\\/contadoreshoy.com\\\/wp-content\\\/uploads\\\/2024\\\/01\\\/cropped-cropped-Copia-de-M-1.jpg\",\"width\":499,\"height\":500,\"caption\":\"Contadores P\u00fablicos de Santander\"},\"image\":{\"@id\":\"https:\\\/\\\/contadoreshoy.com\\\/#\\\/schema\\\/logo\\\/image\\\/\"},\"sameAs\":[\"https:\\\/\\\/www.facebook.com\\\/CCCPBucaramanga\\\/\"]},{\"@type\":\"Person\",\"@id\":\"https:\\\/\\\/contadoreshoy.com\\\/#\\\/schema\\\/person\\\/96d8979cb865537c5dc9345e40089fc5\",\"name\":\"Miguel Antonio M\u00e1rquez Monta\u00f1ez\",\"description\":\"Contador P\u00fablico egresado de la Universidad Aut\u00f3noma de Bucaramanga - Asesor contable tributario con m\u00e1s de 25 a\u00f1os de experiencia - Conferencista en temas contables y tributarios - T\u00e9cnico en Hardware y Dise\u00f1o Web - Creador y director Grupo de Estudio Colegio Colombiano de Contadores P\u00fablicos de Bucaramanga - Creador y Master Web p\u00e1gina www.contadoresp\u00fablicossantander.com - Expresidente Colegio Colombiano de Contadores P\u00fablicos Bucaramanga\",\"url\":\"https:\\\/\\\/contadoreshoy.com\\\/?author=1\"}]}<\/script>\n<!-- \/ Yoast SEO plugin. -->","yoast_head_json":{"title":"Registros fiscales obligatorios y Libro Tributario - Contadores P\u00fablicos","robots":{"index":"index","follow":"follow","max-snippet":"max-snippet:-1","max-image-preview":"max-image-preview:large","max-video-preview":"max-video-preview:-1"},"canonical":"https:\/\/contadoreshoy.com\/?p=6404","og_locale":"es_ES","og_type":"article","og_title":"Registros fiscales obligatorios y Libro Tributario - Contadores P\u00fablicos","og_description":"Seg\u00fan el decreto 2548 de 2014, las remisiones contenidas en las normas tributarias a las normas contables continuar\u00e1n vigentes durante los cuatro (4) a\u00f1os siguientes as\u00ed: para los clasificados en los grupos 1 y 3: de enero 01 de 2015 hasta diciembre 31 de 2018 y; para los clasificados en el grupo 2: de enero 01 de 2016 a diciembre 31 de 2019.","og_url":"https:\/\/contadoreshoy.com\/?p=6404","og_site_name":"Contadores P\u00fablicos","article_publisher":"https:\/\/www.facebook.com\/CCCPBucaramanga\/","article_published_time":"2015-11-24T01:57:14+00:00","article_modified_time":"2017-02-05T02:59:56+00:00","og_image":[{"width":600,"height":400,"url":"https:\/\/contadoreshoy.com\/wp-content\/uploads\/2015\/11\/LIBRO-TRIBUTARIO.png","type":"image\/png"}],"author":"Miguel Antonio M\u00e1rquez Monta\u00f1ez","twitter_card":"summary_large_image","twitter_misc":{"Escrito por":"Miguel Antonio M\u00e1rquez Monta\u00f1ez","Tiempo de lectura":"14 minutos"},"schema":{"@context":"https:\/\/schema.org","@graph":[{"@type":"Article","@id":"https:\/\/contadoreshoy.com\/?p=6404#article","isPartOf":{"@id":"https:\/\/contadoreshoy.com\/?p=6404"},"author":{"name":"Miguel Antonio M\u00e1rquez Monta\u00f1ez","@id":"https:\/\/contadoreshoy.com\/#\/schema\/person\/96d8979cb865537c5dc9345e40089fc5"},"headline":"Registros fiscales obligatorios y Libro Tributario","datePublished":"2015-11-24T01:57:14+00:00","dateModified":"2017-02-05T02:59:56+00:00","mainEntityOfPage":{"@id":"https:\/\/contadoreshoy.com\/?p=6404"},"wordCount":2759,"commentCount":0,"publisher":{"@id":"https:\/\/contadoreshoy.com\/#organization"},"image":{"@id":"https:\/\/contadoreshoy.com\/?p=6404#primaryimage"},"thumbnailUrl":"https:\/\/contadoreshoy.com\/wp-content\/uploads\/2015\/11\/LIBRO-TRIBUTARIO.png","articleSection":["Obligaciones"],"inLanguage":"es","potentialAction":[{"@type":"CommentAction","name":"Comment","target":["https:\/\/contadoreshoy.com\/?p=6404#respond"]}]},{"@type":"WebPage","@id":"https:\/\/contadoreshoy.com\/?p=6404","url":"https:\/\/contadoreshoy.com\/?p=6404","name":"Registros fiscales obligatorios y Libro Tributario - Contadores P\u00fablicos","isPartOf":{"@id":"https:\/\/contadoreshoy.com\/#website"},"primaryImageOfPage":{"@id":"https:\/\/contadoreshoy.com\/?p=6404#primaryimage"},"image":{"@id":"https:\/\/contadoreshoy.com\/?p=6404#primaryimage"},"thumbnailUrl":"https:\/\/contadoreshoy.com\/wp-content\/uploads\/2015\/11\/LIBRO-TRIBUTARIO.png","datePublished":"2015-11-24T01:57:14+00:00","dateModified":"2017-02-05T02:59:56+00:00","breadcrumb":{"@id":"https:\/\/contadoreshoy.com\/?p=6404#breadcrumb"},"inLanguage":"es","potentialAction":[{"@type":"ReadAction","target":["https:\/\/contadoreshoy.com\/?p=6404"]}]},{"@type":"ImageObject","inLanguage":"es","@id":"https:\/\/contadoreshoy.com\/?p=6404#primaryimage","url":"https:\/\/contadoreshoy.com\/wp-content\/uploads\/2015\/11\/LIBRO-TRIBUTARIO.png","contentUrl":"https:\/\/contadoreshoy.com\/wp-content\/uploads\/2015\/11\/LIBRO-TRIBUTARIO.png","width":600,"height":400},{"@type":"BreadcrumbList","@id":"https:\/\/contadoreshoy.com\/?p=6404#breadcrumb","itemListElement":[{"@type":"ListItem","position":1,"name":"Portada","item":"https:\/\/contadoreshoy.com\/"},{"@type":"ListItem","position":2,"name":"Registros fiscales obligatorios y Libro Tributario"}]},{"@type":"WebSite","@id":"https:\/\/contadoreshoy.com\/#website","url":"https:\/\/contadoreshoy.com\/","name":"Contadorespublicossantander","description":"Portal para Contadores P\u00fablicos y empresarios","publisher":{"@id":"https:\/\/contadoreshoy.com\/#organization"},"potentialAction":[{"@type":"SearchAction","target":{"@type":"EntryPoint","urlTemplate":"https:\/\/contadoreshoy.com\/?s={search_term_string}"},"query-input":{"@type":"PropertyValueSpecification","valueRequired":true,"valueName":"search_term_string"}}],"inLanguage":"es"},{"@type":"Organization","@id":"https:\/\/contadoreshoy.com\/#organization","name":"Contadores P\u00fablicos de Santander","url":"https:\/\/contadoreshoy.com\/","logo":{"@type":"ImageObject","inLanguage":"es","@id":"https:\/\/contadoreshoy.com\/#\/schema\/logo\/image\/","url":"https:\/\/contadoreshoy.com\/wp-content\/uploads\/2024\/01\/cropped-cropped-Copia-de-M-1.jpg","contentUrl":"https:\/\/contadoreshoy.com\/wp-content\/uploads\/2024\/01\/cropped-cropped-Copia-de-M-1.jpg","width":499,"height":500,"caption":"Contadores P\u00fablicos de Santander"},"image":{"@id":"https:\/\/contadoreshoy.com\/#\/schema\/logo\/image\/"},"sameAs":["https:\/\/www.facebook.com\/CCCPBucaramanga\/"]},{"@type":"Person","@id":"https:\/\/contadoreshoy.com\/#\/schema\/person\/96d8979cb865537c5dc9345e40089fc5","name":"Miguel Antonio M\u00e1rquez Monta\u00f1ez","description":"Contador P\u00fablico egresado de la Universidad Aut\u00f3noma de Bucaramanga - Asesor contable tributario con m\u00e1s de 25 a\u00f1os de experiencia - Conferencista en temas contables y tributarios - T\u00e9cnico en Hardware y Dise\u00f1o Web - Creador y director Grupo de Estudio Colegio Colombiano de Contadores P\u00fablicos de Bucaramanga - Creador y Master Web p\u00e1gina www.contadoresp\u00fablicossantander.com - Expresidente Colegio Colombiano de Contadores P\u00fablicos Bucaramanga","url":"https:\/\/contadoreshoy.com\/?author=1"}]}},"_links":{"self":[{"href":"https:\/\/contadoreshoy.com\/index.php?rest_route=\/wp\/v2\/posts\/6404","targetHints":{"allow":["GET"]}}],"collection":[{"href":"https:\/\/contadoreshoy.com\/index.php?rest_route=\/wp\/v2\/posts"}],"about":[{"href":"https:\/\/contadoreshoy.com\/index.php?rest_route=\/wp\/v2\/types\/post"}],"author":[{"embeddable":true,"href":"https:\/\/contadoreshoy.com\/index.php?rest_route=\/wp\/v2\/users\/1"}],"replies":[{"embeddable":true,"href":"https:\/\/contadoreshoy.com\/index.php?rest_route=%2Fwp%2Fv2%2Fcomments&post=6404"}],"version-history":[{"count":1,"href":"https:\/\/contadoreshoy.com\/index.php?rest_route=\/wp\/v2\/posts\/6404\/revisions"}],"predecessor-version":[{"id":7980,"href":"https:\/\/contadoreshoy.com\/index.php?rest_route=\/wp\/v2\/posts\/6404\/revisions\/7980"}],"wp:featuredmedia":[{"embeddable":true,"href":"https:\/\/contadoreshoy.com\/index.php?rest_route=\/wp\/v2\/media\/6405"}],"wp:attachment":[{"href":"https:\/\/contadoreshoy.com\/index.php?rest_route=%2Fwp%2Fv2%2Fmedia&parent=6404"}],"wp:term":[{"taxonomy":"category","embeddable":true,"href":"https:\/\/contadoreshoy.com\/index.php?rest_route=%2Fwp%2Fv2%2Fcategories&post=6404"},{"taxonomy":"post_tag","embeddable":true,"href":"https:\/\/contadoreshoy.com\/index.php?rest_route=%2Fwp%2Fv2%2Ftags&post=6404"}],"curies":[{"name":"wp","href":"https:\/\/api.w.org\/{rel}","templated":true}]}}