{"id":6442,"date":"2015-12-04T11:05:55","date_gmt":"2015-12-04T16:05:55","guid":{"rendered":"http:\/\/colegiocolombianodecontadores.com\/?p=6442"},"modified":"2017-02-04T21:59:42","modified_gmt":"2017-02-05T02:59:42","slug":"retencion-publicidad-a-traves-de-radio-y-prensa","status":"publish","type":"post","link":"https:\/\/contadoreshoy.com\/?p=6442","title":{"rendered":"Retenci\u00f3n publicidad a trav\u00e9s de radio y prensa"},"content":{"rendered":"<p style=\"text-align: center;\"><strong>OFICIO N\u00daMERO 032123 DE 2015 &#8211; DIAN<\/strong><\/p>\n<p style=\"text-align: center;\">(noviembre 6)<\/p>\n<p>Subdirecci\u00f3n de Gesti\u00f3n Normativa y Doctrina<\/p>\n<p>Bogot\u00e1, D. C., 6 de noviembre de 2015<\/p>\n<p>100208221-001455<\/p>\n<p>Se\u00f1or<\/p>\n<p>V\u00cdCTOR RAM\u00d3N SU\u00c1REZ CASTA\u00d1EDA<\/p>\n<p>Calle 103 N\u00b0 13b-09 Apartamento 1101, Barrio Coaviconsa<\/p>\n<p>Bucaramanga (Santander)<\/p>\n<p><strong>Referencia:<\/strong> Radicado n\u00famero 013575-A de 05\/11\/2015<\/p>\n<p>TEMA:\u00a0\u00a0\u00a0\u00a0\u00a0\u00a0\u00a0\u00a0\u00a0\u00a0\u00a0\u00a0\u00a0\u00a0\u00a0\u00a0\u00a0\u00a0\u00a0\u00a0\u00a0\u00a0\u00a0\u00a0\u00a0\u00a0\u00a0\u00a0\u00a0\u00a0\u00a0\u00a0\u00a0\u00a0 Retenci\u00f3n en la Fuente<\/p>\n<p>DESCRIPTORES:\u00a0\u00a0\u00a0\u00a0\u00a0\u00a0\u00a0\u00a0\u00a0\u00a0\u00a0\u00a0\u00a0\u00a0\u00a0\u00a0 Servicios de radio, prensa y televisi\u00f3n<\/p>\n<p>FUENTES FORMALES Art\u00edculos 4\u00b0 del Decreto n\u00famero 2775 de 1983 y 8\u00b0 del Decreto 1512 de 1985<\/p>\n<p style=\"text-align: justify;\">De conformidad con el art\u00edculo 20 del Decreto n\u00famero 4048 de 2008, es funci\u00f3n de este Despacho absolver las consultas escritas que se formulen sobre interpretaci\u00f3n y aplicaci\u00f3n de las normas tributarias de car\u00e1cter nacional, aduaneras y cambiarias en lo de competencia de esta entidad.<\/p>\n<p style=\"text-align: justify;\">Este Despacho mediante Oficio n\u00famero 023341, al <span style=\"color: #0000ff;\">atender su consulta relacionada con la tarifa de retenci\u00f3n en la fuente a t\u00edtulo del impuesto sobre la renta, por el concepto de servicio de publicidad,<\/span> se\u00f1al\u00f3 que acorde con el art\u00edculo 1\u00b0 del Decreto Reglamentario n\u00famero 260 de 2001, dicho servicio est\u00e1 gravado en las condiciones y tarifas fijadas en la mencionada norma.<\/p>\n<p style=\"text-align: justify;\"><span style=\"text-decoration: underline;\"><span style=\"color: #ff9900; text-decoration: underline;\">Pronunciamiento con plena validez, dado que respecto de servicio de publicidad, no existe norma alguna que lo excluya de la retenci\u00f3n en la fuente, y por tanto sobre el valor total de los pagos o abonos en cuenta que se realicen por dicho concepto debe practicarse retenci\u00f3n en la fuente a la tarifa del 10% (hoy 10% u 11% seg\u00fan el caso) toda vez que este servicio es un servicio calificado en el cual el factor intelectual predomina.<\/span><\/span><\/p>\n<p style=\"text-align: justify;\"><strong><span style=\"color: #ff9900;\">Sin embargo, en atenci\u00f3n a dar alcance al oficio referido, <u>es importante precisar<\/u> <u>que existe norma vigente sobre la exclusi\u00f3n de retenci\u00f3n en la fuente para los servicios<\/u> <u>de radio, prensa y televisi\u00f3n<\/u> prevista en los art\u00edculos 4\u00b0 del Decreto n\u00famero 2775 de 1983 y 8\u00b0 del Decreto n\u00famero 1512 de 1985 en cuanto a lo que se trata con el alquiler del espacio correspondiente y no al concepto de publicidad que se realice a trav\u00e9s de aquellos. (Oficio n\u00famero 14191 de 2010).<\/span><\/strong><\/p>\n<p style=\"text-align: justify;\">As\u00ed mismo, en cuanto a la doctrina vigente cuando se trate de los servicios de radio, prensa y televisi\u00f3n, es necesario traer a colaci\u00f3n apartes del Oficio n\u00famero 7920 de 2007, en el que se expresa:<\/p>\n<p style=\"text-align: justify;\"><span style=\"color: #0000ff;\"><em>\u201cDe acuerdo a lo preceptuado en los art\u00edculos <u>4\u00b0<\/u> del Decreto n\u00famero 2775 de 1983 y <u>8\u00b0<\/u> del Decreto n\u00famero 1512 de 1985, se consulta si los pagos efectuados a los periodistas que celebren contratos de cu\u00f1as publicitarias que tramiten en espacios comprados o arrendados por determinado tiempo en la radio \u00bfest\u00e1n sujetos a retenci\u00f3n en la fuente?<\/em><\/span><\/p>\n<p style=\"text-align: justify;\"><span style=\"color: #ff9900;\"><em>En este evento debemos distinguir dos situaciones diferentes:<\/em><\/span><\/p>\n<p style=\"text-align: justify;\"><em>a). El pago que efect\u00faa la persona o entidad al periodista para que este le transmita <\/em><em>una cu\u00f1a publicitaria;<\/em><\/p>\n<p style=\"text-align: justify;\"><em>b). El pago que realiza el periodista a la radio, por la venta o arriendo del espacio <\/em><em>publicitario que le permita transmitir el mensaje publicitario.<\/em><\/p>\n<p style=\"text-align: justify;\"><span style=\"color: #ff9900;\"><em>En el primer caso, el pago que se le hace al periodista, estar\u00e1 sometido a retenci\u00f3n en la fuente a la tarifa del 10% por concepto de honorarios, por tratarse de un servicio donde prima el factor intelectual del periodista sobre el puramente material o mec\u00e1nico.<\/em><\/span><\/p>\n<p style=\"text-align: justify;\"><span style=\"color: #ff9900;\"><em>En el segundo evento no habr\u00e1 retenci\u00f3n en la fuente ya que por expresa disposici\u00f3n legal, los servicios de radio, prensa y televisi\u00f3n, etc., no est\u00e1n sometidos a retenci\u00f3n en la fuente\u201d. \u2026<\/em><\/span><\/p>\n<p style=\"text-align: justify;\"><span style=\"color: #0000ff;\"><em>Como vemos, este Despacho ha se\u00f1alado que lo que se excluye de la retenci\u00f3n en la fuente son los servicios de radio, prensa y televisi\u00f3n, es decir, los que se relacionan concretamente con los medios de comunicaci\u00f3n que venden o suministran el espacio correspondiente para las trasmisiones pero no desde luego el servicio que prestan los periodistas de divulgar ya sean cu\u00f1as publicitarias o cualquier otra informaci\u00f3n como las acciones de gesti\u00f3n de la Administraci\u00f3n.<\/em><\/span><\/p>\n<p style=\"text-align: justify;\"><em>En cuanto a cu\u00e1l es el alcance del art\u00edculo 4\u00b0 del Decreto n\u00famero 2775 de 1983, del art\u00edculo 14 del Decreto n\u00famero 2026 de 1983 y del art\u00edculo 8\u00b0 del Decreto n\u00famero 1512 de 1985, si en el fondo ninguno de ellos manifiesta la exclusi\u00f3n de la retenci\u00f3n en la fuente para los servicios de radio, prensa y televisi\u00f3n, debemos se\u00f1alar que efectivamente aunque de manera expresa los citados art\u00edculos no consagran la exenci\u00f3n a la retenci\u00f3n en la fuente para los mencionados servicios del an\u00e1lisis sistem\u00e1tico de las disposiciones citadas se concluye claramente que no son objeto de retenci\u00f3n en la fuente.<\/em><\/p>\n<p style=\"text-align: justify;\"><em>En efecto al se\u00f1alar el art\u00edculo <u>4\u00b0<\/u> del Decreto n\u00famero 2775 de 1983 que la retenci\u00f3n por servicios de radio, prensa y televisi\u00f3n no se regir\u00e1 por lo previsto en el Decreto n\u00famero 2026 de 1983, lo que quiso significar con ello es que como en este \u00faltimo decreto se regulaba el tema de la retenci\u00f3n en la fuente al no quedar cobijados por ella se coleg\u00eda que dichos servicios no quedaban sometidos a retenci\u00f3n y adem\u00e1s como el Decreto n\u00famero 1512 de 1985 reglament\u00f3 la retenci\u00f3n en la fuente por otros ingresos y de esta normatividad tambi\u00e9n fueron expresamente excluidos, <span style=\"color: #ff9900;\">se concluye que los servicios de radio, prensa y televisi\u00f3n prestados por los medios de comunicaci\u00f3n no se encuentran sometidos a dicho mecanismo\u201d.<\/span><\/em><\/p>\n<p style=\"text-align: justify;\"><strong><span style=\"color: #ff6600;\">Con lo expuesto, se ilustra y da cobertura o alcance a la respuesta inicial, en cuanto a que los servicios de radio, prensa y televisi\u00f3n, es decir, los que se relacionan concretamente con los medios de comunicaci\u00f3n que venden o suministran el espacio correspondiente para las transmisiones, no se les aplica retenci\u00f3n en la fuente, no siendo extensivo el beneficio a otros servicios como el de publicidad o elaboraci\u00f3n de mensajes publicitarios. (Concepto n\u00famero 005469 de 2007).<\/span><\/strong><\/p>\n<p style=\"text-align: justify;\">En los anteriores t\u00e9rminos se complementa su consulta y de manera cordial le informamos que la Direcci\u00f3n de Impuestos y Aduanas Nacionales, con el fin de facilitar a los contribuyentes, usuarios y p\u00fablico en general el acceso directo a sus pronunciamientos doctrinarios ha publicado en su p\u00e1gina de Internet www.dian.gov.co,http:\/\/www.dian. gov.co la base de conceptos en materia tributaria, aduanera y cambiaria expedidos desde el a\u00f1o 2001, a la cual se puede ingresar por el icono de \u201cNormatividad\u201d_-\u201dt\u00e9cnica\u201d- dando click en el link \u201cDoctrina\u201d \u2013 \u201cDirecci\u00f3n de Gesti\u00f3n Jur\u00eddica.\u201d<\/p>\n<p style=\"text-align: justify;\">Atentamente,<\/p>\n<p style=\"text-align: justify;\">El Subdirector de Gesti\u00f3n Normativa y Doctrina (e),<\/p>\n<p style=\"text-align: justify;\"><em>Pedro Pablo Contreras Camargo.<\/em><\/p>\n<p style=\"text-align: justify;\"><strong>(C. F.).<\/strong><\/p>\n","protected":false},"excerpt":{"rendered":"<p>Los servicios de radio, prensa y televisi\u00f3n, es decir, los que se relacionan concretamente con los medios de comunicaci\u00f3n que venden o suministran el espacio correspondiente para las transmisiones, no se les aplica retenci\u00f3n en la fuente, no siendo extensivo el beneficio a otros servicios como el de publicidad o elaboraci\u00f3n de mensajes publicitarios. (Concepto n\u00famero 005469 de 2007).<\/p>\n","protected":false},"author":1,"featured_media":6443,"comment_status":"open","ping_status":"open","sticky":false,"template":"","format":"standard","meta":{"_monsterinsights_skip_tracking":false,"ngg_post_thumbnail":0,"footnotes":"","_links_to":"","_links_to_target":""},"categories":[456],"tags":[],"class_list":["post-6442","post","type-post","status-publish","format-standard","has-post-thumbnail","hentry","category-conceptos-y-oficios-dian"],"aioseo_notices":[],"aioseo_head":"\n\t\t<!-- All in One SEO 5.0.1.1 - aioseo.com -->\n\t<meta name=\"description\" content=\"Los servicios de radio, prensa y televisi\u00f3n, es decir, los que se relacionan concretamente con los medios de comunicaci\u00f3n que venden o suministran el espacio correspondiente para las transmisiones, no se les aplica retenci\u00f3n en la fuente, no siendo extensivo el beneficio a otros servicios como el de publicidad o elaboraci\u00f3n de mensajes publicitarios. (Concepto n\u00famero 005469 de 2007).\" \/>\n\t<meta name=\"robots\" content=\"max-image-preview:large\" \/>\n\t<meta name=\"author\" content=\"Miguel Antonio M\u00e1rquez Monta\u00f1ez\"\/>\n\t<link rel=\"canonical\" href=\"https:\/\/contadoreshoy.com\/?p=6442\" \/>\n\t<meta name=\"generator\" content=\"All in One SEO (AIOSEO) 5.0.1.1\" \/>\n\t\t<meta property=\"og:locale\" content=\"es_ES\" \/>\n\t\t<meta property=\"og:site_name\" content=\"Contadores P\u00fablicos - Portal para Contadores P\u00fablicos y empresarios\" \/>\n\t\t<meta property=\"og:type\" content=\"article\" \/>\n\t\t<meta property=\"og:title\" content=\"Retenci\u00f3n publicidad a trav\u00e9s de radio y prensa - Contadores P\u00fablicos\" \/>\n\t\t<meta property=\"og:description\" content=\"Los servicios de radio, prensa y televisi\u00f3n, es decir, los que se relacionan concretamente con los medios de comunicaci\u00f3n que venden o suministran el espacio correspondiente para las transmisiones, no se les aplica retenci\u00f3n en la fuente, no siendo extensivo el beneficio a otros servicios como el de publicidad o elaboraci\u00f3n de mensajes publicitarios. (Concepto n\u00famero 005469 de 2007).\" \/>\n\t\t<meta property=\"og:url\" content=\"https:\/\/contadoreshoy.com\/?p=6442\" \/>\n\t\t<meta property=\"og:image\" content=\"https:\/\/contadoreshoy.com\/wp-content\/uploads\/2024\/01\/cropped-cropped-cropped-Copia-de-M.jpg\" \/>\n\t\t<meta property=\"og:image:secure_url\" content=\"https:\/\/contadoreshoy.com\/wp-content\/uploads\/2024\/01\/cropped-cropped-cropped-Copia-de-M.jpg\" \/>\n\t\t<meta property=\"og:image:width\" content=\"512\" \/>\n\t\t<meta property=\"og:image:height\" content=\"371\" \/>\n\t\t<meta property=\"article:published_time\" content=\"2015-12-04T16:05:55+00:00\" \/>\n\t\t<meta property=\"article:modified_time\" content=\"2017-02-05T02:59:42+00:00\" \/>\n\t\t<meta name=\"twitter:card\" content=\"summary_large_image\" \/>\n\t\t<meta name=\"twitter:title\" content=\"Retenci\u00f3n publicidad a trav\u00e9s de radio y prensa - Contadores P\u00fablicos\" \/>\n\t\t<meta name=\"twitter:description\" content=\"Los servicios de radio, prensa y televisi\u00f3n, es decir, los que se relacionan concretamente con los medios de comunicaci\u00f3n que venden o suministran el espacio correspondiente para las transmisiones, no se les aplica retenci\u00f3n en la fuente, no siendo extensivo el beneficio a otros servicios como el de publicidad o elaboraci\u00f3n de mensajes publicitarios. (Concepto n\u00famero 005469 de 2007).\" \/>\n\t\t<meta name=\"twitter:image\" content=\"https:\/\/contadoreshoy.com\/wp-content\/uploads\/2024\/01\/cropped-cropped-cropped-Copia-de-M.jpg\" \/>\n\t\t<script type=\"application\/ld+json\" class=\"aioseo-schema\">\n\t\t\t{\"@context\":\"https:\\\/\\\/schema.org\",\"@graph\":[{\"@type\":\"BlogPosting\",\"@id\":\"https:\\\/\\\/contadoreshoy.com\\\/?p=6442#blogposting\",\"name\":\"Retenci\\u00f3n publicidad a trav\\u00e9s de radio y prensa - Contadores P\\u00fablicos\",\"headline\":\"Retenci\\u00f3n publicidad a trav\\u00e9s de radio y prensa\",\"author\":{\"@id\":\"https:\\\/\\\/contadoreshoy.com\\\/?author=1#author\"},\"publisher\":{\"@id\":\"https:\\\/\\\/contadoreshoy.com\\\/#organization\"},\"image\":{\"@type\":\"ImageObject\",\"url\":\"https:\\\/\\\/contadoreshoy.com\\\/wp-content\\\/uploads\\\/2015\\\/12\\\/periodistas.jpg\",\"width\":600,\"height\":400},\"datePublished\":\"2015-12-04T11:05:55-05:00\",\"dateModified\":\"2017-02-04T21:59:42-05:00\",\"inLanguage\":\"es-ES\",\"mainEntityOfPage\":{\"@id\":\"https:\\\/\\\/contadoreshoy.com\\\/?p=6442#webpage\"},\"isPartOf\":{\"@id\":\"https:\\\/\\\/contadoreshoy.com\\\/?p=6442#webpage\"},\"articleSection\":\"Conceptos y Oficios DIAN\"},{\"@type\":\"BreadcrumbList\",\"@id\":\"https:\\\/\\\/contadoreshoy.com\\\/?p=6442#breadcrumblist\",\"itemListElement\":[{\"@type\":\"ListItem\",\"@id\":\"https:\\\/\\\/contadoreshoy.com#listItem\",\"position\":1,\"name\":\"Home\",\"item\":\"https:\\\/\\\/contadoreshoy.com\",\"nextItem\":{\"@type\":\"ListItem\",\"@id\":\"https:\\\/\\\/contadoreshoy.com\\\/?cat=456#listItem\",\"name\":\"Conceptos y Oficios DIAN\"}},{\"@type\":\"ListItem\",\"@id\":\"https:\\\/\\\/contadoreshoy.com\\\/?cat=456#listItem\",\"position\":2,\"name\":\"Conceptos y Oficios DIAN\",\"item\":\"https:\\\/\\\/contadoreshoy.com\\\/?cat=456\",\"nextItem\":{\"@type\":\"ListItem\",\"@id\":\"https:\\\/\\\/contadoreshoy.com\\\/?p=6442#listItem\",\"name\":\"Retenci\\u00f3n publicidad a trav\\u00e9s de radio y prensa\"},\"previousItem\":{\"@type\":\"ListItem\",\"@id\":\"https:\\\/\\\/contadoreshoy.com#listItem\",\"name\":\"Home\"}},{\"@type\":\"ListItem\",\"@id\":\"https:\\\/\\\/contadoreshoy.com\\\/?p=6442#listItem\",\"position\":3,\"name\":\"Retenci\\u00f3n publicidad a trav\\u00e9s de radio y prensa\",\"previousItem\":{\"@type\":\"ListItem\",\"@id\":\"https:\\\/\\\/contadoreshoy.com\\\/?cat=456#listItem\",\"name\":\"Conceptos y Oficios DIAN\"}}]},{\"@type\":\"Organization\",\"@id\":\"https:\\\/\\\/contadoreshoy.com\\\/#organization\",\"name\":\"Contadores P\\u00fablicos\",\"description\":\"Portal para Contadores P\\u00fablicos y empresarios\",\"url\":\"https:\\\/\\\/contadoreshoy.com\\\/\",\"logo\":{\"@type\":\"ImageObject\",\"url\":\"https:\\\/\\\/contadoreshoy.com\\\/wp-content\\\/uploads\\\/2024\\\/01\\\/cropped-cropped-Copia-de-M-1.jpg\",\"@id\":\"https:\\\/\\\/contadoreshoy.com\\\/?p=6442\\\/#organizationLogo\",\"width\":499,\"height\":500},\"image\":{\"@id\":\"https:\\\/\\\/contadoreshoy.com\\\/?p=6442\\\/#organizationLogo\"}},{\"@type\":\"Person\",\"@id\":\"https:\\\/\\\/contadoreshoy.com\\\/?author=1#author\",\"url\":\"https:\\\/\\\/contadoreshoy.com\\\/?author=1\",\"name\":\"Miguel Antonio M\\u00e1rquez Monta\\u00f1ez\"},{\"@type\":\"WebPage\",\"@id\":\"https:\\\/\\\/contadoreshoy.com\\\/?p=6442#webpage\",\"url\":\"https:\\\/\\\/contadoreshoy.com\\\/?p=6442\",\"name\":\"Retenci\\u00f3n publicidad a trav\\u00e9s de radio y prensa - Contadores P\\u00fablicos\",\"description\":\"Los servicios de radio, prensa y televisi\\u00f3n, es decir, los que se relacionan concretamente con los medios de comunicaci\\u00f3n que venden o suministran el espacio correspondiente para las transmisiones, no se les aplica retenci\\u00f3n en la fuente, no siendo extensivo el beneficio a otros servicios como el de publicidad o elaboraci\\u00f3n de mensajes publicitarios. (Concepto n\\u00famero 005469 de 2007).\",\"inLanguage\":\"es-ES\",\"isPartOf\":{\"@id\":\"https:\\\/\\\/contadoreshoy.com\\\/#website\"},\"breadcrumb\":{\"@id\":\"https:\\\/\\\/contadoreshoy.com\\\/?p=6442#breadcrumblist\"},\"author\":{\"@id\":\"https:\\\/\\\/contadoreshoy.com\\\/?author=1#author\"},\"creator\":{\"@id\":\"https:\\\/\\\/contadoreshoy.com\\\/?author=1#author\"},\"image\":{\"@type\":\"ImageObject\",\"url\":\"https:\\\/\\\/contadoreshoy.com\\\/wp-content\\\/uploads\\\/2015\\\/12\\\/periodistas.jpg\",\"@id\":\"https:\\\/\\\/contadoreshoy.com\\\/?p=6442\\\/#mainImage\",\"width\":600,\"height\":400},\"primaryImageOfPage\":{\"@id\":\"https:\\\/\\\/contadoreshoy.com\\\/?p=6442#mainImage\"},\"datePublished\":\"2015-12-04T11:05:55-05:00\",\"dateModified\":\"2017-02-04T21:59:42-05:00\"},{\"@type\":\"WebSite\",\"@id\":\"https:\\\/\\\/contadoreshoy.com\\\/#website\",\"url\":\"https:\\\/\\\/contadoreshoy.com\\\/\",\"name\":\"Contadores P\\u00fablicos\",\"description\":\"Portal para Contadores P\\u00fablicos y empresarios\",\"inLanguage\":\"es-ES\",\"publisher\":{\"@id\":\"https:\\\/\\\/contadoreshoy.com\\\/#organization\"}}]}\n\t\t<\/script>\n\t\t<!-- All in One SEO -->\n\n","aioseo_head_json":{"title":"Retenci\u00f3n publicidad a trav\u00e9s de radio y prensa - Contadores P\u00fablicos","description":"Los servicios de radio, prensa y televisi\u00f3n, es decir, los que se relacionan concretamente con los medios de comunicaci\u00f3n que venden o suministran el espacio correspondiente para las transmisiones, no se les aplica retenci\u00f3n en la fuente, no siendo extensivo el beneficio a otros servicios como el de publicidad o elaboraci\u00f3n de mensajes publicitarios. (Concepto n\u00famero 005469 de 2007).","canonical_url":"https:\/\/contadoreshoy.com\/?p=6442","robots":"max-image-preview:large","keywords":"","webmasterTools":{"miscellaneous":""},"schema":{"@context":"https:\/\/schema.org","@graph":[{"@type":"BlogPosting","@id":"https:\/\/contadoreshoy.com\/?p=6442#blogposting","name":"Retenci\u00f3n publicidad a trav\u00e9s de radio y prensa - Contadores P\u00fablicos","headline":"Retenci\u00f3n publicidad a trav\u00e9s de radio y prensa","author":{"@id":"https:\/\/contadoreshoy.com\/?author=1#author"},"publisher":{"@id":"https:\/\/contadoreshoy.com\/#organization"},"image":{"@type":"ImageObject","url":"https:\/\/contadoreshoy.com\/wp-content\/uploads\/2015\/12\/periodistas.jpg","width":600,"height":400},"datePublished":"2015-12-04T11:05:55-05:00","dateModified":"2017-02-04T21:59:42-05:00","inLanguage":"es-ES","mainEntityOfPage":{"@id":"https:\/\/contadoreshoy.com\/?p=6442#webpage"},"isPartOf":{"@id":"https:\/\/contadoreshoy.com\/?p=6442#webpage"},"articleSection":"Conceptos y Oficios DIAN"},{"@type":"BreadcrumbList","@id":"https:\/\/contadoreshoy.com\/?p=6442#breadcrumblist","itemListElement":[{"@type":"ListItem","@id":"https:\/\/contadoreshoy.com#listItem","position":1,"name":"Home","item":"https:\/\/contadoreshoy.com","nextItem":{"@type":"ListItem","@id":"https:\/\/contadoreshoy.com\/?cat=456#listItem","name":"Conceptos y Oficios DIAN"}},{"@type":"ListItem","@id":"https:\/\/contadoreshoy.com\/?cat=456#listItem","position":2,"name":"Conceptos y Oficios DIAN","item":"https:\/\/contadoreshoy.com\/?cat=456","nextItem":{"@type":"ListItem","@id":"https:\/\/contadoreshoy.com\/?p=6442#listItem","name":"Retenci\u00f3n publicidad a trav\u00e9s de radio y prensa"},"previousItem":{"@type":"ListItem","@id":"https:\/\/contadoreshoy.com#listItem","name":"Home"}},{"@type":"ListItem","@id":"https:\/\/contadoreshoy.com\/?p=6442#listItem","position":3,"name":"Retenci\u00f3n publicidad a trav\u00e9s de radio y prensa","previousItem":{"@type":"ListItem","@id":"https:\/\/contadoreshoy.com\/?cat=456#listItem","name":"Conceptos y Oficios DIAN"}}]},{"@type":"Organization","@id":"https:\/\/contadoreshoy.com\/#organization","name":"Contadores P\u00fablicos","description":"Portal para Contadores P\u00fablicos y empresarios","url":"https:\/\/contadoreshoy.com\/","logo":{"@type":"ImageObject","url":"https:\/\/contadoreshoy.com\/wp-content\/uploads\/2024\/01\/cropped-cropped-Copia-de-M-1.jpg","@id":"https:\/\/contadoreshoy.com\/?p=6442\/#organizationLogo","width":499,"height":500},"image":{"@id":"https:\/\/contadoreshoy.com\/?p=6442\/#organizationLogo"}},{"@type":"Person","@id":"https:\/\/contadoreshoy.com\/?author=1#author","url":"https:\/\/contadoreshoy.com\/?author=1","name":"Miguel Antonio M\u00e1rquez Monta\u00f1ez"},{"@type":"WebPage","@id":"https:\/\/contadoreshoy.com\/?p=6442#webpage","url":"https:\/\/contadoreshoy.com\/?p=6442","name":"Retenci\u00f3n publicidad a trav\u00e9s de radio y prensa - Contadores P\u00fablicos","description":"Los servicios de radio, prensa y televisi\u00f3n, es decir, los que se relacionan concretamente con los medios de comunicaci\u00f3n que venden o suministran el espacio correspondiente para las transmisiones, no se les aplica retenci\u00f3n en la fuente, no siendo extensivo el beneficio a otros servicios como el de publicidad o elaboraci\u00f3n de mensajes publicitarios. (Concepto n\u00famero 005469 de 2007).","inLanguage":"es-ES","isPartOf":{"@id":"https:\/\/contadoreshoy.com\/#website"},"breadcrumb":{"@id":"https:\/\/contadoreshoy.com\/?p=6442#breadcrumblist"},"author":{"@id":"https:\/\/contadoreshoy.com\/?author=1#author"},"creator":{"@id":"https:\/\/contadoreshoy.com\/?author=1#author"},"image":{"@type":"ImageObject","url":"https:\/\/contadoreshoy.com\/wp-content\/uploads\/2015\/12\/periodistas.jpg","@id":"https:\/\/contadoreshoy.com\/?p=6442\/#mainImage","width":600,"height":400},"primaryImageOfPage":{"@id":"https:\/\/contadoreshoy.com\/?p=6442#mainImage"},"datePublished":"2015-12-04T11:05:55-05:00","dateModified":"2017-02-04T21:59:42-05:00"},{"@type":"WebSite","@id":"https:\/\/contadoreshoy.com\/#website","url":"https:\/\/contadoreshoy.com\/","name":"Contadores P\u00fablicos","description":"Portal para Contadores P\u00fablicos y empresarios","inLanguage":"es-ES","publisher":{"@id":"https:\/\/contadoreshoy.com\/#organization"}}]},"og:locale":"es_ES","og:site_name":"Contadores P\u00fablicos - Portal para Contadores P\u00fablicos y empresarios","og:type":"article","og:title":"Retenci\u00f3n publicidad a trav\u00e9s de radio y prensa - Contadores P\u00fablicos","og:description":"Los servicios de radio, prensa y televisi\u00f3n, es decir, los que se relacionan concretamente con los medios de comunicaci\u00f3n que venden o suministran el espacio correspondiente para las transmisiones, no se les aplica retenci\u00f3n en la fuente, no siendo extensivo el beneficio a otros servicios como el de publicidad o elaboraci\u00f3n de mensajes publicitarios. (Concepto n\u00famero 005469 de 2007).","og:url":"https:\/\/contadoreshoy.com\/?p=6442","og:image":"https:\/\/contadoreshoy.com\/wp-content\/uploads\/2024\/01\/cropped-cropped-cropped-Copia-de-M.jpg","og:image:secure_url":"https:\/\/contadoreshoy.com\/wp-content\/uploads\/2024\/01\/cropped-cropped-cropped-Copia-de-M.jpg","og:image:width":512,"og:image:height":371,"article:published_time":"2015-12-04T16:05:55+00:00","article:modified_time":"2017-02-05T02:59:42+00:00","twitter:card":"summary_large_image","twitter:title":"Retenci\u00f3n publicidad a trav\u00e9s de radio y prensa - Contadores P\u00fablicos","twitter:description":"Los servicios de radio, prensa y televisi\u00f3n, es decir, los que se relacionan concretamente con los medios de comunicaci\u00f3n que venden o suministran el espacio correspondiente para las transmisiones, no se les aplica retenci\u00f3n en la fuente, no siendo extensivo el beneficio a otros servicios como el de publicidad o elaboraci\u00f3n de mensajes publicitarios. (Concepto n\u00famero 005469 de 2007).","twitter:image":"https:\/\/contadoreshoy.com\/wp-content\/uploads\/2024\/01\/cropped-cropped-cropped-Copia-de-M.jpg"},"aioseo_meta_data":{"post_id":"6442","title":null,"description":null,"keywords":null,"keyphrases":null,"primary_term":null,"canonical_url":null,"og_title":null,"og_description":null,"og_object_type":"default","og_image_type":"default","og_image_url":null,"og_image_width":null,"og_image_height":null,"og_image_custom_url":null,"og_image_custom_fields":null,"og_video":null,"og_custom_url":null,"og_article_section":null,"og_article_tags":null,"twitter_use_og":false,"twitter_card":"default","twitter_image_type":"default","twitter_image_url":null,"twitter_image_custom_url":null,"twitter_image_custom_fields":null,"twitter_title":null,"twitter_description":null,"schema":{"blockGraphs":[],"customGraphs":[],"default":{"data":{"Article":[],"Course":[],"Dataset":[],"FAQPage":[],"Movie":[],"Person":[],"Product":[],"ProductReview":[],"Car":[],"Recipe":[],"Service":[],"SoftwareApplication":[],"WebPage":[]},"graphName":"","isEnabled":true},"graphs":[]},"schema_type":"default","schema_type_options":null,"pillar_content":false,"robots_default":true,"robots_noindex":false,"robots_noarchive":false,"robots_nosnippet":false,"robots_nofollow":false,"robots_noimageindex":false,"robots_noodp":false,"robots_notranslate":false,"robots_max_snippet":null,"robots_max_videopreview":null,"robots_max_imagepreview":"large","priority":null,"frequency":null,"local_seo":null,"breadcrumb_settings":null,"limit_modified_date":false,"ai":null,"created":"2024-03-05 01:26:57","updated":"2026-03-03 04:45:08","seo_analyzer_scan_date":null,"focus_keyword":null,"additional_keywords":null,"truseo_locale":null},"aioseo_breadcrumb":"<div class=\"aioseo-breadcrumbs\"><span class=\"aioseo-breadcrumb\">\n\t\t\t<a href=\"https:\/\/contadoreshoy.com\" title=\"Home\">Home<\/a>\n\t\t<\/span><span class=\"aioseo-breadcrumb-separator\">&raquo;<\/span><span class=\"aioseo-breadcrumb\">\n\t\t\t<a href=\"https:\/\/contadoreshoy.com\/?cat=456\" title=\"Conceptos y Oficios DIAN\">Conceptos y Oficios DIAN<\/a>\n\t\t<\/span><span class=\"aioseo-breadcrumb-separator\">&raquo;<\/span><span class=\"aioseo-breadcrumb\">\n\t\t\tRetenci\u00f3n publicidad a trav\u00e9s de radio y prensa\n\t\t<\/span><\/div>","aioseo_breadcrumb_json":[{"label":"Home","link":"https:\/\/contadoreshoy.com"},{"label":"Conceptos y Oficios DIAN","link":"https:\/\/contadoreshoy.com\/?cat=456"},{"label":"Retenci\u00f3n publicidad a trav\u00e9s de radio y prensa","link":"https:\/\/contadoreshoy.com\/?p=6442"}],"yoast_head":"<!-- This site is optimized with the Yoast SEO plugin v28.4 - https:\/\/yoast.com\/product\/yoast-seo-wordpress\/ -->\n<title>Retenci\u00f3n publicidad a trav\u00e9s de radio y prensa - Contadores P\u00fablicos<\/title>\n<meta name=\"robots\" content=\"index, follow, max-snippet:-1, max-image-preview:large, max-video-preview:-1\" \/>\n<link rel=\"canonical\" href=\"https:\/\/contadoreshoy.com\/?p=6442\" \/>\n<meta property=\"og:locale\" content=\"es_ES\" \/>\n<meta property=\"og:type\" content=\"article\" \/>\n<meta property=\"og:title\" content=\"Retenci\u00f3n publicidad a trav\u00e9s de radio y prensa - Contadores P\u00fablicos\" \/>\n<meta property=\"og:description\" content=\"Los servicios de radio, prensa y televisi\u00f3n, es decir, los que se relacionan concretamente con los medios de comunicaci\u00f3n que venden o suministran el espacio correspondiente para las transmisiones, no se les aplica retenci\u00f3n en la fuente, no siendo extensivo el beneficio a otros servicios como el de publicidad o elaboraci\u00f3n de mensajes publicitarios. (Concepto n\u00famero 005469 de 2007).\" \/>\n<meta property=\"og:url\" content=\"https:\/\/contadoreshoy.com\/?p=6442\" \/>\n<meta property=\"og:site_name\" content=\"Contadores P\u00fablicos\" \/>\n<meta property=\"article:publisher\" content=\"https:\/\/www.facebook.com\/CCCPBucaramanga\/\" \/>\n<meta property=\"article:published_time\" content=\"2015-12-04T16:05:55+00:00\" \/>\n<meta property=\"article:modified_time\" content=\"2017-02-05T02:59:42+00:00\" \/>\n<meta property=\"og:image\" content=\"https:\/\/contadoreshoy.com\/wp-content\/uploads\/2015\/12\/periodistas.jpg\" \/>\n\t<meta property=\"og:image:width\" content=\"600\" \/>\n\t<meta property=\"og:image:height\" content=\"400\" \/>\n\t<meta property=\"og:image:type\" content=\"image\/jpeg\" \/>\n<meta name=\"author\" content=\"Miguel Antonio M\u00e1rquez Monta\u00f1ez\" \/>\n<meta name=\"twitter:card\" content=\"summary_large_image\" \/>\n<meta name=\"twitter:label1\" content=\"Escrito por\" \/>\n\t<meta name=\"twitter:data1\" content=\"Miguel Antonio M\u00e1rquez Monta\u00f1ez\" \/>\n\t<meta name=\"twitter:label2\" content=\"Tiempo de lectura\" \/>\n\t<meta name=\"twitter:data2\" content=\"6 minutos\" \/>\n<script type=\"application\/ld+json\" class=\"yoast-schema-graph\">{\"@context\":\"https:\\\/\\\/schema.org\",\"@graph\":[{\"@type\":\"Article\",\"@id\":\"https:\\\/\\\/contadoreshoy.com\\\/?p=6442#article\",\"isPartOf\":{\"@id\":\"https:\\\/\\\/contadoreshoy.com\\\/?p=6442\"},\"author\":{\"name\":\"Miguel Antonio M\u00e1rquez Monta\u00f1ez\",\"@id\":\"https:\\\/\\\/contadoreshoy.com\\\/#\\\/schema\\\/person\\\/96d8979cb865537c5dc9345e40089fc5\"},\"headline\":\"Retenci\u00f3n publicidad a trav\u00e9s de radio y prensa\",\"datePublished\":\"2015-12-04T16:05:55+00:00\",\"dateModified\":\"2017-02-05T02:59:42+00:00\",\"mainEntityOfPage\":{\"@id\":\"https:\\\/\\\/contadoreshoy.com\\\/?p=6442\"},\"wordCount\":1116,\"commentCount\":0,\"publisher\":{\"@id\":\"https:\\\/\\\/contadoreshoy.com\\\/#organization\"},\"image\":{\"@id\":\"https:\\\/\\\/contadoreshoy.com\\\/?p=6442#primaryimage\"},\"thumbnailUrl\":\"https:\\\/\\\/contadoreshoy.com\\\/wp-content\\\/uploads\\\/2015\\\/12\\\/periodistas.jpg\",\"articleSection\":[\"Conceptos y Oficios DIAN\"],\"inLanguage\":\"es\",\"potentialAction\":[{\"@type\":\"CommentAction\",\"name\":\"Comment\",\"target\":[\"https:\\\/\\\/contadoreshoy.com\\\/?p=6442#respond\"]}]},{\"@type\":\"WebPage\",\"@id\":\"https:\\\/\\\/contadoreshoy.com\\\/?p=6442\",\"url\":\"https:\\\/\\\/contadoreshoy.com\\\/?p=6442\",\"name\":\"Retenci\u00f3n publicidad a trav\u00e9s de radio y prensa - Contadores P\u00fablicos\",\"isPartOf\":{\"@id\":\"https:\\\/\\\/contadoreshoy.com\\\/#website\"},\"primaryImageOfPage\":{\"@id\":\"https:\\\/\\\/contadoreshoy.com\\\/?p=6442#primaryimage\"},\"image\":{\"@id\":\"https:\\\/\\\/contadoreshoy.com\\\/?p=6442#primaryimage\"},\"thumbnailUrl\":\"https:\\\/\\\/contadoreshoy.com\\\/wp-content\\\/uploads\\\/2015\\\/12\\\/periodistas.jpg\",\"datePublished\":\"2015-12-04T16:05:55+00:00\",\"dateModified\":\"2017-02-05T02:59:42+00:00\",\"breadcrumb\":{\"@id\":\"https:\\\/\\\/contadoreshoy.com\\\/?p=6442#breadcrumb\"},\"inLanguage\":\"es\",\"potentialAction\":[{\"@type\":\"ReadAction\",\"target\":[\"https:\\\/\\\/contadoreshoy.com\\\/?p=6442\"]}]},{\"@type\":\"ImageObject\",\"inLanguage\":\"es\",\"@id\":\"https:\\\/\\\/contadoreshoy.com\\\/?p=6442#primaryimage\",\"url\":\"https:\\\/\\\/contadoreshoy.com\\\/wp-content\\\/uploads\\\/2015\\\/12\\\/periodistas.jpg\",\"contentUrl\":\"https:\\\/\\\/contadoreshoy.com\\\/wp-content\\\/uploads\\\/2015\\\/12\\\/periodistas.jpg\",\"width\":600,\"height\":400},{\"@type\":\"BreadcrumbList\",\"@id\":\"https:\\\/\\\/contadoreshoy.com\\\/?p=6442#breadcrumb\",\"itemListElement\":[{\"@type\":\"ListItem\",\"position\":1,\"name\":\"Portada\",\"item\":\"https:\\\/\\\/contadoreshoy.com\\\/\"},{\"@type\":\"ListItem\",\"position\":2,\"name\":\"Retenci\u00f3n publicidad a trav\u00e9s de radio y prensa\"}]},{\"@type\":\"WebSite\",\"@id\":\"https:\\\/\\\/contadoreshoy.com\\\/#website\",\"url\":\"https:\\\/\\\/contadoreshoy.com\\\/\",\"name\":\"Contadorespublicossantander\",\"description\":\"Portal para Contadores P\u00fablicos y empresarios\",\"publisher\":{\"@id\":\"https:\\\/\\\/contadoreshoy.com\\\/#organization\"},\"potentialAction\":[{\"@type\":\"SearchAction\",\"target\":{\"@type\":\"EntryPoint\",\"urlTemplate\":\"https:\\\/\\\/contadoreshoy.com\\\/?s={search_term_string}\"},\"query-input\":{\"@type\":\"PropertyValueSpecification\",\"valueRequired\":true,\"valueName\":\"search_term_string\"}}],\"inLanguage\":\"es\"},{\"@type\":\"Organization\",\"@id\":\"https:\\\/\\\/contadoreshoy.com\\\/#organization\",\"name\":\"Contadores P\u00fablicos de Santander\",\"url\":\"https:\\\/\\\/contadoreshoy.com\\\/\",\"logo\":{\"@type\":\"ImageObject\",\"inLanguage\":\"es\",\"@id\":\"https:\\\/\\\/contadoreshoy.com\\\/#\\\/schema\\\/logo\\\/image\\\/\",\"url\":\"https:\\\/\\\/contadoreshoy.com\\\/wp-content\\\/uploads\\\/2024\\\/01\\\/cropped-cropped-Copia-de-M-1.jpg\",\"contentUrl\":\"https:\\\/\\\/contadoreshoy.com\\\/wp-content\\\/uploads\\\/2024\\\/01\\\/cropped-cropped-Copia-de-M-1.jpg\",\"width\":499,\"height\":500,\"caption\":\"Contadores P\u00fablicos de Santander\"},\"image\":{\"@id\":\"https:\\\/\\\/contadoreshoy.com\\\/#\\\/schema\\\/logo\\\/image\\\/\"},\"sameAs\":[\"https:\\\/\\\/www.facebook.com\\\/CCCPBucaramanga\\\/\"]},{\"@type\":\"Person\",\"@id\":\"https:\\\/\\\/contadoreshoy.com\\\/#\\\/schema\\\/person\\\/96d8979cb865537c5dc9345e40089fc5\",\"name\":\"Miguel Antonio M\u00e1rquez Monta\u00f1ez\",\"description\":\"Contador P\u00fablico egresado de la Universidad Aut\u00f3noma de Bucaramanga - Asesor contable tributario con m\u00e1s de 25 a\u00f1os de experiencia - Conferencista en temas contables y tributarios - T\u00e9cnico en Hardware y Dise\u00f1o Web - Creador y director Grupo de Estudio Colegio Colombiano de Contadores P\u00fablicos de Bucaramanga - Creador y Master Web p\u00e1gina www.contadoresp\u00fablicossantander.com - Expresidente Colegio Colombiano de Contadores P\u00fablicos Bucaramanga\",\"url\":\"https:\\\/\\\/contadoreshoy.com\\\/?author=1\"}]}<\/script>\n<!-- \/ Yoast SEO plugin. -->","yoast_head_json":{"title":"Retenci\u00f3n publicidad a trav\u00e9s de radio y prensa - Contadores P\u00fablicos","robots":{"index":"index","follow":"follow","max-snippet":"max-snippet:-1","max-image-preview":"max-image-preview:large","max-video-preview":"max-video-preview:-1"},"canonical":"https:\/\/contadoreshoy.com\/?p=6442","og_locale":"es_ES","og_type":"article","og_title":"Retenci\u00f3n publicidad a trav\u00e9s de radio y prensa - Contadores P\u00fablicos","og_description":"Los servicios de radio, prensa y televisi\u00f3n, es decir, los que se relacionan concretamente con los medios de comunicaci\u00f3n que venden o suministran el espacio correspondiente para las transmisiones, no se les aplica retenci\u00f3n en la fuente, no siendo extensivo el beneficio a otros servicios como el de publicidad o elaboraci\u00f3n de mensajes publicitarios. (Concepto n\u00famero 005469 de 2007).","og_url":"https:\/\/contadoreshoy.com\/?p=6442","og_site_name":"Contadores P\u00fablicos","article_publisher":"https:\/\/www.facebook.com\/CCCPBucaramanga\/","article_published_time":"2015-12-04T16:05:55+00:00","article_modified_time":"2017-02-05T02:59:42+00:00","og_image":[{"width":600,"height":400,"url":"https:\/\/contadoreshoy.com\/wp-content\/uploads\/2015\/12\/periodistas.jpg","type":"image\/jpeg"}],"author":"Miguel Antonio M\u00e1rquez Monta\u00f1ez","twitter_card":"summary_large_image","twitter_misc":{"Escrito por":"Miguel Antonio M\u00e1rquez Monta\u00f1ez","Tiempo de lectura":"6 minutos"},"schema":{"@context":"https:\/\/schema.org","@graph":[{"@type":"Article","@id":"https:\/\/contadoreshoy.com\/?p=6442#article","isPartOf":{"@id":"https:\/\/contadoreshoy.com\/?p=6442"},"author":{"name":"Miguel Antonio M\u00e1rquez Monta\u00f1ez","@id":"https:\/\/contadoreshoy.com\/#\/schema\/person\/96d8979cb865537c5dc9345e40089fc5"},"headline":"Retenci\u00f3n publicidad a trav\u00e9s de radio y prensa","datePublished":"2015-12-04T16:05:55+00:00","dateModified":"2017-02-05T02:59:42+00:00","mainEntityOfPage":{"@id":"https:\/\/contadoreshoy.com\/?p=6442"},"wordCount":1116,"commentCount":0,"publisher":{"@id":"https:\/\/contadoreshoy.com\/#organization"},"image":{"@id":"https:\/\/contadoreshoy.com\/?p=6442#primaryimage"},"thumbnailUrl":"https:\/\/contadoreshoy.com\/wp-content\/uploads\/2015\/12\/periodistas.jpg","articleSection":["Conceptos y Oficios DIAN"],"inLanguage":"es","potentialAction":[{"@type":"CommentAction","name":"Comment","target":["https:\/\/contadoreshoy.com\/?p=6442#respond"]}]},{"@type":"WebPage","@id":"https:\/\/contadoreshoy.com\/?p=6442","url":"https:\/\/contadoreshoy.com\/?p=6442","name":"Retenci\u00f3n publicidad a trav\u00e9s de radio y prensa - Contadores P\u00fablicos","isPartOf":{"@id":"https:\/\/contadoreshoy.com\/#website"},"primaryImageOfPage":{"@id":"https:\/\/contadoreshoy.com\/?p=6442#primaryimage"},"image":{"@id":"https:\/\/contadoreshoy.com\/?p=6442#primaryimage"},"thumbnailUrl":"https:\/\/contadoreshoy.com\/wp-content\/uploads\/2015\/12\/periodistas.jpg","datePublished":"2015-12-04T16:05:55+00:00","dateModified":"2017-02-05T02:59:42+00:00","breadcrumb":{"@id":"https:\/\/contadoreshoy.com\/?p=6442#breadcrumb"},"inLanguage":"es","potentialAction":[{"@type":"ReadAction","target":["https:\/\/contadoreshoy.com\/?p=6442"]}]},{"@type":"ImageObject","inLanguage":"es","@id":"https:\/\/contadoreshoy.com\/?p=6442#primaryimage","url":"https:\/\/contadoreshoy.com\/wp-content\/uploads\/2015\/12\/periodistas.jpg","contentUrl":"https:\/\/contadoreshoy.com\/wp-content\/uploads\/2015\/12\/periodistas.jpg","width":600,"height":400},{"@type":"BreadcrumbList","@id":"https:\/\/contadoreshoy.com\/?p=6442#breadcrumb","itemListElement":[{"@type":"ListItem","position":1,"name":"Portada","item":"https:\/\/contadoreshoy.com\/"},{"@type":"ListItem","position":2,"name":"Retenci\u00f3n publicidad a trav\u00e9s de radio y prensa"}]},{"@type":"WebSite","@id":"https:\/\/contadoreshoy.com\/#website","url":"https:\/\/contadoreshoy.com\/","name":"Contadorespublicossantander","description":"Portal para Contadores P\u00fablicos y empresarios","publisher":{"@id":"https:\/\/contadoreshoy.com\/#organization"},"potentialAction":[{"@type":"SearchAction","target":{"@type":"EntryPoint","urlTemplate":"https:\/\/contadoreshoy.com\/?s={search_term_string}"},"query-input":{"@type":"PropertyValueSpecification","valueRequired":true,"valueName":"search_term_string"}}],"inLanguage":"es"},{"@type":"Organization","@id":"https:\/\/contadoreshoy.com\/#organization","name":"Contadores P\u00fablicos de Santander","url":"https:\/\/contadoreshoy.com\/","logo":{"@type":"ImageObject","inLanguage":"es","@id":"https:\/\/contadoreshoy.com\/#\/schema\/logo\/image\/","url":"https:\/\/contadoreshoy.com\/wp-content\/uploads\/2024\/01\/cropped-cropped-Copia-de-M-1.jpg","contentUrl":"https:\/\/contadoreshoy.com\/wp-content\/uploads\/2024\/01\/cropped-cropped-Copia-de-M-1.jpg","width":499,"height":500,"caption":"Contadores P\u00fablicos de Santander"},"image":{"@id":"https:\/\/contadoreshoy.com\/#\/schema\/logo\/image\/"},"sameAs":["https:\/\/www.facebook.com\/CCCPBucaramanga\/"]},{"@type":"Person","@id":"https:\/\/contadoreshoy.com\/#\/schema\/person\/96d8979cb865537c5dc9345e40089fc5","name":"Miguel Antonio M\u00e1rquez Monta\u00f1ez","description":"Contador P\u00fablico egresado de la Universidad Aut\u00f3noma de Bucaramanga - Asesor contable tributario con m\u00e1s de 25 a\u00f1os de experiencia - Conferencista en temas contables y tributarios - T\u00e9cnico en Hardware y Dise\u00f1o Web - Creador y director Grupo de Estudio Colegio Colombiano de Contadores P\u00fablicos de Bucaramanga - Creador y Master Web p\u00e1gina www.contadoresp\u00fablicossantander.com - Expresidente Colegio Colombiano de Contadores P\u00fablicos Bucaramanga","url":"https:\/\/contadoreshoy.com\/?author=1"}]}},"_links":{"self":[{"href":"https:\/\/contadoreshoy.com\/index.php?rest_route=\/wp\/v2\/posts\/6442","targetHints":{"allow":["GET"]}}],"collection":[{"href":"https:\/\/contadoreshoy.com\/index.php?rest_route=\/wp\/v2\/posts"}],"about":[{"href":"https:\/\/contadoreshoy.com\/index.php?rest_route=\/wp\/v2\/types\/post"}],"author":[{"embeddable":true,"href":"https:\/\/contadoreshoy.com\/index.php?rest_route=\/wp\/v2\/users\/1"}],"replies":[{"embeddable":true,"href":"https:\/\/contadoreshoy.com\/index.php?rest_route=%2Fwp%2Fv2%2Fcomments&post=6442"}],"version-history":[{"count":1,"href":"https:\/\/contadoreshoy.com\/index.php?rest_route=\/wp\/v2\/posts\/6442\/revisions"}],"predecessor-version":[{"id":7968,"href":"https:\/\/contadoreshoy.com\/index.php?rest_route=\/wp\/v2\/posts\/6442\/revisions\/7968"}],"wp:featuredmedia":[{"embeddable":true,"href":"https:\/\/contadoreshoy.com\/index.php?rest_route=\/wp\/v2\/media\/6443"}],"wp:attachment":[{"href":"https:\/\/contadoreshoy.com\/index.php?rest_route=%2Fwp%2Fv2%2Fmedia&parent=6442"}],"wp:term":[{"taxonomy":"category","embeddable":true,"href":"https:\/\/contadoreshoy.com\/index.php?rest_route=%2Fwp%2Fv2%2Fcategories&post=6442"},{"taxonomy":"post_tag","embeddable":true,"href":"https:\/\/contadoreshoy.com\/index.php?rest_route=%2Fwp%2Fv2%2Ftags&post=6442"}],"curies":[{"name":"wp","href":"https:\/\/api.w.org\/{rel}","templated":true}]}}